{"id":196884,"date":"2026-08-30T17:53:40","date_gmt":"2026-08-30T15:53:40","guid":{"rendered":"https:\/\/tourtravelandmore.com\/?p=196884"},"modified":"2026-08-30T17:53:43","modified_gmt":"2026-08-30T15:53:43","slug":"les-3-lieux-incontournables-de-madrid","status":"publish","type":"post","link":"https:\/\/tourtravelandmore.com\/fr\/les-3-lieux-incontournables-de-madrid\/","title":{"rendered":"Les 3 lieux incontournables de Madrid"},"content":{"rendered":"\n<p>Marc est arriv\u00e9 \u00e0 Madrid un jeudi apr\u00e8s-midi avec une liste de trente-sept endroits enregistr\u00e9e sur son t\u00e9l\u00e9phone et une heure et demie de libre avant le d\u00eener. Il a ouvert la carte, vu trente-sept points \u00e9parpill\u00e9s sur la moiti\u00e9 de la ville, et referm\u00e9 son t\u00e9l\u00e9phone sans quitter l&#8217;h\u00f4tel.<\/p>\n\n\n\n<p>Le probl\u00e8me des listes d&#8217;incontournables de Madrid n&#8217;est pas qu&#8217;elles soient mal faites : c&#8217;est qu&#8217;elles ne choisissent pas. Quand tout est incontournable, plus rien ne l&#8217;est. Voici donc trois lieux, trois seulement, avec le crit\u00e8re affich\u00e9 d&#8217;avance pour que vous puissiez le contester.<\/p>\n\n\n\n<h2 class=\"wp-block-heading\" id=\"h-les-3-incontournables-de-madrid-en-un-coup-d-oeil\">Les 3 incontournables de Madrid en un coup d&#8217;\u0153il<\/h2>\n\n\n\n\n<style>\n#tableau-3-incontournables-madrid { --c: #D3AF37; }\n#tableau-3-incontournables-madrid .ttable-wrap { border-radius: 14px; overflow: hidden; border: 1px solid color-mix(in srgb, var(--c) 20%, #fff); margin-bottom: 1.75rem; }\n#tableau-3-incontournables-madrid table { all: unset; display: table; width: 100%; border-collapse: collapse; }\n#tableau-3-incontournables-madrid colgroup col:first-child { width: 26%; }\n#tableau-3-incontournables-madrid colgroup col:nth-child(2) { width: 56%; }\n#tableau-3-incontournables-madrid colgroup col:nth-child(3) { width: 18%; }\n#tableau-3-incontournables-madrid thead { display: table-header-group; }\n#tableau-3-incontournables-madrid thead th { all: unset; display: table-cell; padding: .75rem 1.1rem; background: color-mix(in srgb, var(--c) 16%, #fff); text-transform: uppercase; font-size: .82rem; letter-spacing: .04em; font-weight: 700; color: #0f172a; border-bottom: 2px solid color-mix(in srgb, var(--c) 30%, #fff); }\n#tableau-3-incontournables-madrid tbody { display: table-row-group; }\n#tableau-3-incontournables-madrid tbody tr:nth-child(odd) td { background: color-mix(in srgb, var(--c) 7%, #fff); }\n#tableau-3-incontournables-madrid tbody tr:nth-child(even) td { background: color-mix(in srgb, var(--c) 3%, #fff); }\n#tableau-3-incontournables-madrid tbody tr:hover td { background: color-mix(in srgb, var(--c) 12%, #fff); }\n#tableau-3-incontournables-madrid td { all: unset; display: table-cell; padding: 1rem 1.1rem; font-size: .92rem; color: #374151; border-bottom: 1px solid color-mix(in srgb, var(--c) 10%, #fff); }\n#tableau-3-incontournables-madrid td:first-child { color: #0f172a; font-weight: 600; }\n#tableau-3-incontournables-madrid tbody tr:last-child td { border-bottom: 0; }\n@media (max-width: 640px) {\n  #tableau-3-incontournables-madrid thead { display: none; }\n  #tableau-3-incontournables-madrid table, #tableau-3-incontournables-madrid tbody { display: block; }\n  #tableau-3-incontournables-madrid tr { display: block; margin-bottom: 10px; border-radius: 10px; overflow: hidden; border: 1px solid color-mix(in srgb, var(--c) 22%, #fff); }\n  #tableau-3-incontournables-madrid td { display: flex !important; flex-direction: column !important; align-items: flex-start !important; width: auto !important; box-sizing: border-box; gap: 4px; padding: .65rem .9rem; font-size: .88rem; color: #374151; background: color-mix(in srgb, var(--c) 4%, #fff) !important; border-bottom: 1px solid color-mix(in srgb, var(--c) 10%, #fff); }\n  #tableau-3-incontournables-madrid td::before { content: attr(data-label); font-size: .74rem; font-weight: 700; text-transform: uppercase; letter-spacing: .05em; color: #6b4f00; }\n  #tableau-3-incontournables-madrid td:first-child { background: color-mix(in srgb, var(--c) 16%, #fff) !important; color: #0f172a !important; font-weight: 700 !important; font-size: .92rem; border-bottom: 2px solid color-mix(in srgb, var(--c) 28%, #fff); }\n  #tableau-3-incontournables-madrid td:first-child::before { display: none; }\n  #tableau-3-incontournables-madrid tbody tr:last-child td:last-child { border-bottom: none; }\n}\n<\/style>\n<div id=\"tableau-3-incontournables-madrid\">\n  <div class=\"ttable-wrap\" role=\"region\" aria-label=\"Les 3 lieux incontournables de Madrid\" tabindex=\"0\">\n    <table role=\"table\">\n      <colgroup><col><col><col><\/colgroup>\n      <thead><tr><th role=\"columnheader\">Lieu<\/th><th role=\"columnheader\">Pourquoi il figure dans la liste<\/th><th role=\"columnheader\">Temps minimum<\/th><\/tr><\/thead>\n      <tbody role=\"rowgroup\">\n        <tr><td>Palais royal<\/td> <td data-label=\"Pourquoi il figure dans la liste\">R\u00e9sidence officielle visitable, avec des salons et une Armurerie royale sans \u00e9quivalent en Espagne<\/td> <td data-label=\"Temps minimum\">1 h 30<\/td><\/tr>\n        <tr><td>Mus\u00e9e du Prado<\/td> <td data-label=\"Pourquoi il figure dans la liste\">V\u00e9lasquez, Goya et Bosch dans le m\u00eame b\u00e2timent ; cette combinaison n&#8217;existe nulle part ailleurs<\/td> <td data-label=\"Temps minimum\">1 h 30<\/td><\/tr>\n        <tr><td>Parc du Retiro et Paseo del Prado<\/td> <td data-label=\"Pourquoi il figure dans la liste\">Patrimoine mondial de l&#8217;UNESCO depuis 2021 ; entr\u00e9e libre<\/td> <td data-label=\"Temps minimum\">1 h<\/td><\/tr>\n      <\/tbody>\n    <\/table>\n  <\/div>\n<\/div>\n\n\n\n\n<h2 class=\"wp-block-heading\" id=\"h-le-critere-ce-qui-rend-un-lieu-vraiment-incontournable\">Le crit\u00e8re : ce qui rend un lieu vraiment incontournable<\/h2>\n\n\n\n<p>Presque toutes les listes m\u00e9langent trois choses diff\u00e9rentes : les lieux qu&#8217;il faut visiter de l&#8217;int\u00e9rieur, ceux devant lesquels on passe, et ceux qui font de belles photos. Ce sont trois cat\u00e9gories distinctes et elles m\u00e9ritent des d\u00e9cisions distinctes.<\/p>\n\n\n\n<p>Trois filtres ont \u00e9t\u00e9 appliqu\u00e9s ici.&nbsp;<strong>Premier : que le lieu soit introuvable ailleurs.<\/strong>&nbsp;Des belles places, il y en a \u00e0 Salamanque, \u00e0 Bruxelles et \u00e0 Cracovie ;&nbsp;<em>Les M\u00e9nines<\/em>&nbsp;ne sont qu&#8217;\u00e0 Madrid.&nbsp;<strong>Deuxi\u00e8me : qu&#8217;il gagne \u00e0 \u00eatre visit\u00e9 de l&#8217;int\u00e9rieur<\/strong>, et pas seulement long\u00e9.&nbsp;<strong>Troisi\u00e8me : qu&#8217;il tienne une heure et demie sans s&#8217;\u00e9puiser<\/strong>, car un lieu qui se r\u00e8gle en quinze minutes est une halte sur le chemin, pas un incontournable.<\/p>\n\n\n\n<p>Avec ces trois filtres, la liste de trente-sept se r\u00e9duit \u00e0 trois. Et ces trois-l\u00e0 sont align\u00e9s sur le m\u00eame axe est-ouest du centre, ce qui permet de les encha\u00eener sans perdre la matin\u00e9e en d\u00e9placements.<\/p>\n\n\n\n<h2 class=\"wp-block-heading\" id=\"h-palais-royal-l-incontournable-qu-il-faut-reserver-a-l-avance\">Palais royal : l&#8217;incontournable qu&#8217;il faut r\u00e9server \u00e0 l&#8217;avance<\/h2>\n\n\n\n<p>C&#8217;est celui que les visiteurs sautent le plus souvent de l&#8217;int\u00e9rieur, et celui qu&#8217;ils regrettent le plus d&#8217;avoir saut\u00e9. De l&#8217;ext\u00e9rieur, la Plaza de Oriente et la fa\u00e7ade donnent d\u00e9j\u00e0 l&#8217;\u00e9chelle du b\u00e2timent. \u00c0 l&#8217;int\u00e9rieur, la salle du Tr\u00f4ne, l&#8217;Armurerie royale et l&#8217;escalier principal constituent une visite enti\u00e8rement diff\u00e9rente.<\/p>\n\n\n\n<p>Deux d\u00e9tails pratiques que presque aucun guide ne donne avec pr\u00e9cision :<\/p>\n\n\n\n<ul class=\"wp-block-list\">\n<li><strong>La rel\u00e8ve de la garde a lieu le mercredi et le samedi<\/strong>, si le temps le permet, et la\u00a0<strong>rel\u00e8ve solennelle le premier mercredi de chaque mois<\/strong>, sauf en janvier, ao\u00fbt et septembre. Si les dates tombent bien, int\u00e9grez-la au programme et arrivez en avance : c&#8217;est gratuit et \u00e7a se remplit.<\/li>\n\n\n\n<li><strong>La derni\u00e8re entr\u00e9e se fait une heure avant la fermeture.<\/strong>\u00a0Se pr\u00e9senter \u00e0 17h45 en hiver, c&#8217;est rester dehors, m\u00eame si le palais ferme \u00e0 18h00.<\/li>\n<\/ul>\n\n\n\n<p>La file sans r\u00e9servation est l&#8217;une des pires du centre de Madrid en haute saison. Avec un billet horodat\u00e9, on entre presque directement.<\/p>\n\n\n\n<h2 class=\"wp-block-heading\" id=\"h-musee-du-prado-une-heure-et-demie-bien-choisie-vaut-mieux-que-trois-heures-mal-employees\">Mus\u00e9e du Prado : une heure et demie bien choisie vaut mieux que trois heures mal employ\u00e9es<\/h2>\n\n\n\n<p>L&#8217;erreur classique consiste \u00e0 vouloir faire le Triangle d&#8217;or de l&#8217;art au complet \u2014 le Prado, le Reina Sof\u00eda et le Thyssen \u2014 pendant le m\u00eame s\u00e9jour. Le r\u00e9sultat, le plus souvent : traverser les trois au pas de course et n&#8217;en retenir aucun.<\/p>\n\n\n\n<p>Pour une premi\u00e8re visite, le Prado suffit largement.&nbsp;<em>Les M\u00e9nines<\/em>&nbsp;de V\u00e9lasquez, les Peintures noires de Goya,&nbsp;<em>Le Jardin des d\u00e9lices<\/em>&nbsp;de Bosch et&nbsp;<em>Le Trois Mai 1808<\/em>&nbsp;justifient \u00e0 eux seuls le b\u00e2timent. Ces quatre \u0153uvres se trouvent \u00e0 quelques minutes les unes des autres \u00e0 l&#8217;int\u00e9rieur du mus\u00e9e, et une heure et demie suffit pour les voir sans se presser, avec de la marge pour la salle qui vous retiendra en chemin.<\/p>\n\n\n\n<p>Une pr\u00e9cision d&#8217;horaire qui fait \u00e9conomiser :&nbsp;<strong>le mus\u00e9e est gratuit les deux derni\u00e8res heures, de 18h00 \u00e0 20h00 du lundi au samedi et de 17h00 \u00e0 19h00 les dimanches et jours f\u00e9ri\u00e9s<\/strong>. Contrairement au palais, cette gratuit\u00e9 s&#8217;applique \u00e0 tous les visiteurs, quelle que soit leur nationalit\u00e9. Deux r\u00e9serves : \u00e7a se remplit, et ce n&#8217;est pas le moment de tenter le mus\u00e9e entier. Si vous y allez pendant le cr\u00e9neau gratuit, visez quatre salles et tenez-vous-y.<\/p>\n\n\n\n<h2 class=\"wp-block-heading\" id=\"h-parc-du-retiro-le-seul-des-trois-classe-au-patrimoine-mondial\">Parc du Retiro : le seul des trois class\u00e9 au patrimoine mondial<\/h2>\n\n\n\n<p>C&#8217;est ici que cette liste se s\u00e9pare des autres. Beaucoup de guides rangent le Retiro dans la case \u00ab poumon vert de la ville \u00bb, un endroit agr\u00e9able pour se promener. C&#8217;est tr\u00e8s en dessous de la r\u00e9alit\u00e9.<\/p>\n\n\n\n<p>Le&nbsp;<strong>25 juillet 2021<\/strong>, le Comit\u00e9 du patrimoine mondial de l&#8217;UNESCO a inscrit l&#8217;ensemble form\u00e9 par le&nbsp;<strong>Paseo del Prado et le Buen Retiro, sous le nom de \u00ab Paysage de lumi\u00e8re \u00bb<\/strong>. C&#8217;est le&nbsp;<strong>premier bien de la ville de Madrid<\/strong>&nbsp;inscrit sur la liste, dans la cat\u00e9gorie paysage culturel : environ 200 hectares comptant 109 \u00e9l\u00e9ments prot\u00e9g\u00e9s, dont 41 monuments, 48 b\u00e2timents et 20 arbres remarquables.<\/p>\n\n\n\n<p>Cela change la fa\u00e7on de le visiter. Ce n&#8217;est pas un parc o\u00f9 l&#8217;on entre pour s&#8217;asseoir : c&#8217;est la moiti\u00e9 est d&#8217;un paysage dessin\u00e9 qui commence \u00e0 Cibeles, remonte le Paseo del Prado avec le mus\u00e9e et le Jardin botanique sur le c\u00f4t\u00e9, et se termine au bassin et au Palais de Cristal. Parcouru dans cet ordre et avec cette logique, une heure passe vite.<\/p>\n\n\n\n<p>Et c&#8217;est&nbsp;<strong>gratuit<\/strong>. Des trois incontournables, c&#8217;est celui qui ne co\u00fbte rien et celui que la plupart des visiteurs exp\u00e9dient en vingt minutes.<\/p>\n\n\n\n<h2 class=\"wp-block-heading\" id=\"h-pourquoi-sol-gran-via-et-plaza-mayor-ne-figurent-pas-dans-la-liste\">Pourquoi Sol, Gran V\u00eda et Plaza Mayor ne figurent pas dans la liste<\/h2>\n\n\n\n<p>Ce n&#8217;est pas qu&#8217;ils ne valent pas le d\u00e9tour. C&#8217;est qu&#8217;ils appartiennent \u00e0 l&#8217;autre cat\u00e9gorie : les lieux devant lesquels on passe, pas ceux que l&#8217;on visite.<\/p>\n\n\n\n<ul class=\"wp-block-list\">\n<li><strong>Puerta del Sol<\/strong>\u00a0\u2014 Un point symbolique, le kilom\u00e8tre z\u00e9ro et la Casa de Correos, mais l&#8217;affaire est r\u00e9gl\u00e9e en 15 minutes. On la traverse de toute fa\u00e7on entre la Plaza Mayor et le Paseo del Prado.<\/li>\n\n\n\n<li><strong>Plaza Mayor<\/strong>\u00a0\u2014 Spectaculaire et gratuite, mais vite \u00e9puis\u00e9e, et il existe des grand-places comparables ailleurs en Espagne. Une halte de 20 minutes avec le Mercado de San Miguel juste \u00e0 c\u00f4t\u00e9.<\/li>\n\n\n\n<li><strong>Gran V\u00eda<\/strong>\u00a0\u2014 C&#8217;est une rue : elle se savoure en la parcourant, pas en la visitant. On la remonte de Cibeles \u00e0 la Plaza de Espa\u00f1a en allant ailleurs.<\/li>\n\n\n\n<li><strong>Temple de Debod<\/strong>\u00a0\u2014 Magnifique au coucher du soleil, mais c&#8217;est un temple \u00e9gyptien, pas un incontournable madril\u00e8ne. Une fin de journ\u00e9e s&#8217;il reste du temps et que le ciel s&#8217;y pr\u00eate.<\/li>\n<\/ul>\n\n\n\n<p>La distinction compte quand le temps presse. Sol, Gran V\u00eda et Plaza Mayor tiennent dans le trajet entre les trois incontournables sans voler une minute de visite. Le Retiro, le Prado et le Palais royal, non : soit vous leur r\u00e9servez du temps, soit vous ne les voyez pas.<\/p>\n\n\n\n<h2 class=\"wp-block-heading\" id=\"h-comment-caser-les-trois-dans-la-meme-matinee\">Comment caser les trois dans la m\u00eame matin\u00e9e<\/h2>\n\n\n\n<p>Les trois sont align\u00e9s sur le m\u00eame axe du centre. Du Palais royal au mus\u00e9e du Prado, il y a un peu plus de 2 km \u00e0 pied, environ 25 \u00e0 30 minutes par le centre historique. Du Prado au Retiro, en passant par la porte des Jer\u00f3nimos, \u00e0 peine 5 minutes.<\/p>\n\n\n\n<link rel=\"stylesheet\" href=\"https:\/\/unpkg.com\/leaflet@1.9.4\/dist\/leaflet.css\">\n<script src=\"https:\/\/unpkg.com\/leaflet@1.9.4\/dist\/leaflet.js\"><\/script>\n\n<style>\n.mapa-wrapper{max-width:960px;margin:0 auto;margin-bottom:20px}\n.mapa-leyenda{display:flex;flex-wrap:wrap;gap:.6rem .75rem;align-items:center;padding:.85rem 1.1rem;margin-bottom:.6rem;background:#fffdf4;border:1.5px solid #e8d88a;border-radius:10px 10px 0 0;border-bottom:none}\n.mapa-leyenda-titulo{width:100%;font-size:.78rem;font-weight:700;text-transform:uppercase;letter-spacing:.06em;color:#8a6800;margin-bottom:.1rem}\n.leyenda-item{display:flex;align-items:center;gap:.45rem;font-size:.83rem;color:#374151;white-space:nowrap}\n.leyenda-dot{width:13px;height:13px;border-radius:50%;flex-shrink:0;border:2px solid rgba(0,0,0,.15)}\n.mapa-contenedor{width:100%;aspect-ratio:16\/9;border:1.5px solid #e8d88a;border-radius:0 0 10px 10px;overflow:hidden}\n#carte-3-incontournables-madrid{width:100%;height:100%}\n.leaflet-popup-content-wrapper{border-radius:10px;box-shadow:0 4px 16px rgba(0,0,0,.15);border-top:3px solid #D3AF37;padding:0}\n.leaflet-popup-content{margin:12px 15px;font-size:.88rem;line-height:1.5;color:#1f2937}\n.popup-nombre{font-weight:700;font-size:.95rem;color:#6b4f00;margin-bottom:.2rem}\n.popup-cat{font-size:.75rem;text-transform:uppercase;letter-spacing:.05em;color:#6b4f00;margin-bottom:.35rem}\n.popup-desc{color:#4b5563;font-size:.83rem}\n@media(max-width:640px){.mapa-contenedor{aspect-ratio:1\/1}.leyenda-item{font-size:.79rem}}\n<\/style>\n\n<div class=\"mapa-wrapper\">\n  <div class=\"mapa-leyenda\" role=\"complementary\" aria-label=\"L\u00e9gende de la carte\">\n    <div class=\"mapa-leyenda-titulo\">Les 3 incontournables de Madrid et ce que l&#8217;on traverse en chemin<\/div>\n    <span class=\"leyenda-item\"><span class=\"leyenda-dot\" style=\"background:#D3AF37;\"><\/span>Les 3 incontournables<\/span>\n    <span class=\"leyenda-item\"><span class=\"leyenda-dot\" style=\"background:#94a3b8;\"><\/span>Travers\u00e9s en chemin<\/span>\n  <\/div>\n  <div class=\"mapa-contenedor\">\n    <div id=\"carte-3-incontournables-madrid\" class=\"leaflet-container leaflet-touch leaflet-fade-anim leaflet-grab leaflet-touch-drag leaflet-touch-zoom\" tabindex=\"0\" style=\"position: relative;\"><div class=\"leaflet-pane leaflet-map-pane\" style=\"transform: translate3d(0px, 0px, 0px);\"><div class=\"leaflet-pane leaflet-tile-pane\"><div class=\"leaflet-layer \" style=\"z-index: 1; opacity: 1;\"><div class=\"leaflet-tile-container leaflet-zoom-animated\" style=\"z-index: 19; transform: translate3d(0px, 0px, 0px) scale(1);\"><img decoding=\"async\" alt=\"\" src=\"https:\/\/b.tile.openstreetmap.org\/14\/8023\/6177.png\" class=\"leaflet-tile leaflet-tile-loaded\" style=\"width: 256px; height: 256px; transform: translate3d(324px, 60px, 0px); opacity: 1;\"><img decoding=\"async\" alt=\"\" src=\"https:\/\/a.tile.openstreetmap.org\/14\/8023\/6176.png\" class=\"leaflet-tile leaflet-tile-loaded\" style=\"width: 256px; height: 256px; transform: translate3d(324px, -196px, 0px); opacity: 1;\"><img decoding=\"async\" alt=\"\" src=\"https:\/\/a.tile.openstreetmap.org\/14\/8022\/6177.png\" class=\"leaflet-tile leaflet-tile-loaded\" style=\"width: 256px; height: 256px; transform: translate3d(68px, 60px, 0px); opacity: 1;\"><img decoding=\"async\" alt=\"\" src=\"https:\/\/c.tile.openstreetmap.org\/14\/8024\/6177.png\" class=\"leaflet-tile leaflet-tile-loaded\" style=\"width: 256px; height: 256px; transform: translate3d(580px, 60px, 0px); opacity: 1;\"><img decoding=\"async\" alt=\"\" src=\"https:\/\/c.tile.openstreetmap.org\/14\/8023\/6178.png\" class=\"leaflet-tile leaflet-tile-loaded\" style=\"width: 256px; height: 256px; transform: translate3d(324px, 316px, 0px); opacity: 1;\"><img decoding=\"async\" alt=\"\" src=\"https:\/\/c.tile.openstreetmap.org\/14\/8022\/6176.png\" class=\"leaflet-tile leaflet-tile-loaded\" style=\"width: 256px; height: 256px; transform: translate3d(68px, -196px, 0px); opacity: 1;\"><img decoding=\"async\" alt=\"\" src=\"https:\/\/b.tile.openstreetmap.org\/14\/8024\/6176.png\" class=\"leaflet-tile leaflet-tile-loaded\" style=\"width: 256px; height: 256px; transform: translate3d(580px, -196px, 0px); opacity: 1;\"><img decoding=\"async\" alt=\"\" src=\"https:\/\/b.tile.openstreetmap.org\/14\/8022\/6178.png\" class=\"leaflet-tile leaflet-tile-loaded\" style=\"width: 256px; height: 256px; transform: translate3d(68px, 316px, 0px); opacity: 1;\"><img decoding=\"async\" alt=\"\" src=\"https:\/\/a.tile.openstreetmap.org\/14\/8024\/6178.png\" class=\"leaflet-tile leaflet-tile-loaded\" style=\"width: 256px; height: 256px; transform: translate3d(580px, 316px, 0px); opacity: 1;\"><img decoding=\"async\" alt=\"\" src=\"https:\/\/c.tile.openstreetmap.org\/14\/8021\/6177.png\" class=\"leaflet-tile leaflet-tile-loaded\" style=\"width: 256px; height: 256px; transform: translate3d(-188px, 60px, 0px); opacity: 1;\"><img decoding=\"async\" alt=\"\" src=\"https:\/\/a.tile.openstreetmap.org\/14\/8025\/6177.png\" class=\"leaflet-tile leaflet-tile-loaded\" style=\"width: 256px; height: 256px; transform: translate3d(836px, 60px, 0px); opacity: 1;\"><img decoding=\"async\" alt=\"\" src=\"https:\/\/b.tile.openstreetmap.org\/14\/8021\/6176.png\" class=\"leaflet-tile leaflet-tile-loaded\" style=\"width: 256px; height: 256px; transform: translate3d(-188px, -196px, 0px); opacity: 1;\"><img decoding=\"async\" alt=\"\" src=\"https:\/\/c.tile.openstreetmap.org\/14\/8025\/6176.png\" class=\"leaflet-tile leaflet-tile-loaded\" style=\"width: 256px; height: 256px; transform: translate3d(836px, -196px, 0px); opacity: 1;\"><img decoding=\"async\" alt=\"\" src=\"https:\/\/a.tile.openstreetmap.org\/14\/8021\/6178.png\" class=\"leaflet-tile leaflet-tile-loaded\" style=\"width: 256px; height: 256px; transform: translate3d(-188px, 316px, 0px); opacity: 1;\"><img decoding=\"async\" alt=\"\" src=\"https:\/\/b.tile.openstreetmap.org\/14\/8025\/6178.png\" class=\"leaflet-tile leaflet-tile-loaded\" style=\"width: 256px; height: 256px; transform: translate3d(836px, 316px, 0px); opacity: 1;\"><\/div><\/div><\/div><div class=\"leaflet-pane leaflet-overlay-pane\"><svg pointer-events=\"none\" class=\"leaflet-zoom-animated\" width=\"1152\" height=\"648\" viewBox=\"-96 -54 1152 648\" style=\"transform: translate3d(-96px, -54px, 0px);\"><g><path class=\"leaflet-interactive\" stroke=\"#D3AF37\" stroke-opacity=\"0.75\" stroke-width=\"4\" stroke-linecap=\"round\" stroke-linejoin=\"round\" stroke-dasharray=\"8, 8\" fill=\"none\" d=\"M313 249L394 285L436 264L572 311L662 288\"><\/path><\/g><\/svg><\/div><div class=\"leaflet-pane leaflet-shadow-pane\"><\/div><div class=\"leaflet-pane leaflet-marker-pane\"><div class=\"leaflet-marker-icon leaflet-zoom-animated leaflet-interactive\" tabindex=\"0\" role=\"button\" style=\"margin-left: -17px; margin-top: -34px; width: 34px; height: 34px; transform: translate3d(313px, 249px, 0px); z-index: 249;\"><div style=\"width:34px;height:34px;background:#D3AF37;border:3px solid rgba(255,255,255,.9);border-radius:50% 50% 50% 0;transform:rotate(-45deg);box-shadow:0 2px 8px rgba(0,0,0,.3);display:flex;align-items:center;justify-content:center;\"><span style=\"transform:rotate(45deg);font-size:15px;line-height:1;\">\u2b50<\/span><\/div><\/div><div class=\"leaflet-marker-icon leaflet-zoom-animated leaflet-interactive\" tabindex=\"0\" role=\"button\" style=\"margin-left: -17px; margin-top: -34px; width: 34px; height: 34px; transform: translate3d(572px, 311px, 0px); z-index: 311;\"><div style=\"width:34px;height:34px;background:#D3AF37;border:3px solid rgba(255,255,255,.9);border-radius:50% 50% 50% 0;transform:rotate(-45deg);box-shadow:0 2px 8px rgba(0,0,0,.3);display:flex;align-items:center;justify-content:center;\"><span style=\"transform:rotate(45deg);font-size:15px;line-height:1;\">\u2b50<\/span><\/div><\/div><div class=\"leaflet-marker-icon leaflet-zoom-animated leaflet-interactive\" tabindex=\"0\" role=\"button\" style=\"margin-left: -17px; margin-top: -34px; width: 34px; height: 34px; transform: translate3d(662px, 288px, 0px); z-index: 288;\"><div style=\"width:34px;height:34px;background:#D3AF37;border:3px solid rgba(255,255,255,.9);border-radius:50% 50% 50% 0;transform:rotate(-45deg);box-shadow:0 2px 8px rgba(0,0,0,.3);display:flex;align-items:center;justify-content:center;\"><span style=\"transform:rotate(45deg);font-size:15px;line-height:1;\">\u2b50<\/span><\/div><\/div><div class=\"leaflet-marker-icon leaflet-zoom-animated leaflet-interactive\" tabindex=\"0\" role=\"button\" style=\"margin-left: -17px; margin-top: -34px; width: 34px; height: 34px; transform: translate3d(436px, 264px, 0px); z-index: 264;\"><div style=\"width:34px;height:34px;background:#94a3b8;border:3px solid rgba(255,255,255,.9);border-radius:50% 50% 50% 0;transform:rotate(-45deg);box-shadow:0 2px 8px rgba(0,0,0,.3);display:flex;align-items:center;justify-content:center;\"><span style=\"transform:rotate(45deg);font-size:15px;line-height:1;\">\ud83d\udeb6<\/span><\/div><\/div><div class=\"leaflet-marker-icon leaflet-zoom-animated leaflet-interactive\" tabindex=\"0\" role=\"button\" style=\"margin-left: -17px; margin-top: -34px; width: 34px; height: 34px; transform: translate3d(394px, 285px, 0px); z-index: 285;\"><div style=\"width:34px;height:34px;background:#94a3b8;border:3px solid rgba(255,255,255,.9);border-radius:50% 50% 50% 0;transform:rotate(-45deg);box-shadow:0 2px 8px rgba(0,0,0,.3);display:flex;align-items:center;justify-content:center;\"><span style=\"transform:rotate(45deg);font-size:15px;line-height:1;\">\ud83d\udeb6<\/span><\/div><\/div><div class=\"leaflet-marker-icon leaflet-zoom-animated leaflet-interactive\" tabindex=\"0\" role=\"button\" style=\"margin-left: -17px; margin-top: -34px; width: 34px; height: 34px; transform: translate3d(422px, 216px, 0px); z-index: 216;\"><div style=\"width:34px;height:34px;background:#94a3b8;border:3px solid rgba(255,255,255,.9);border-radius:50% 50% 50% 0;transform:rotate(-45deg);box-shadow:0 2px 8px rgba(0,0,0,.3);display:flex;align-items:center;justify-content:center;\"><span style=\"transform:rotate(45deg);font-size:15px;line-height:1;\">\ud83d\udeb6<\/span><\/div><\/div><div class=\"leaflet-marker-icon leaflet-zoom-animated leaflet-interactive\" tabindex=\"0\" role=\"button\" style=\"margin-left: -17px; margin-top: -34px; width: 34px; height: 34px; transform: translate3d(272px, 158px, 0px); z-index: 158;\"><div style=\"width:34px;height:34px;background:#94a3b8;border:3px solid rgba(255,255,255,.9);border-radius:50% 50% 50% 0;transform:rotate(-45deg);box-shadow:0 2px 8px rgba(0,0,0,.3);display:flex;align-items:center;justify-content:center;\"><span style=\"transform:rotate(45deg);font-size:15px;line-height:1;\">\ud83d\udeb6<\/span><\/div><\/div><\/div><div class=\"leaflet-pane leaflet-tooltip-pane\"><\/div><div class=\"leaflet-pane leaflet-popup-pane\"><\/div><div class=\"leaflet-proxy leaflet-zoom-animated\"><\/div><\/div><div class=\"leaflet-control-container\"><div class=\"leaflet-top leaflet-left\"><div class=\"leaflet-control-zoom leaflet-bar leaflet-control\"><a class=\"leaflet-control-zoom-in\" href=\"#\" title=\"Zoom in\" role=\"button\" aria-label=\"Zoom in\" aria-disabled=\"false\"><span aria-hidden=\"true\">+<\/span><\/a><a class=\"leaflet-control-zoom-out\" href=\"#\" title=\"Zoom out\" role=\"button\" aria-label=\"Zoom out\" aria-disabled=\"false\"><span aria-hidden=\"true\">\u2212<\/span><\/a><\/div><\/div><div class=\"leaflet-top leaflet-right\"><\/div><div class=\"leaflet-bottom leaflet-left\"><\/div><div class=\"leaflet-bottom leaflet-right\"><div class=\"leaflet-control-attribution leaflet-control\">Leaflet <span aria-hidden=\"true\">|<\/span> \u00a9 OpenStreetMap<\/div><\/div><\/div><\/div>\n  <\/div>\n<\/div>\n\n<script>\n(function(){\n  const mapa=L.map('carte-3-incontournables-madrid',{center:[40.4165,-3.7000],zoom:14,zoomControl:true,scrollWheelZoom:false});\n  mapa.attributionControl.setPrefix('Leaflet');\n  L.tileLayer('https:\/\/{s}.tile.openstreetmap.org\/{z}\/{x}\/{y}.png',{attribution:'\u00a9 OpenStreetMap',maxZoom:19}).addTo(mapa);\n\n  function crearIcono(color,emoji){\n    return L.divIcon({className:'',html:'<div style=\"width:34px;height:34px;background:'+color+';border:3px solid rgba(255,255,255,.9);border-radius:50% 50% 50% 0;transform:rotate(-45deg);box-shadow:0 2px 8px rgba(0,0,0,.3);display:flex;align-items:center;justify-content:center;\"><span style=\"transform:rotate(45deg);font-size:15px;line-height:1;\">'+emoji+'<\/span><\/div>',iconSize:[34,34],iconAnchor:[17,34],popupAnchor:[0,-36]});\n  }\n\n  const cat={incontournable:{color:'#D3AF37',emoji:'\u2b50'},passage:{color:'#94a3b8',emoji:'\ud83d\udeb6'}};\n  const catLabel={incontournable:'Incontournable',passage:'Travers\u00e9 en chemin'};\n\n  const lugares=[\n    {nombre:'Palais royal',cat:'incontournable',lat:40.4179,lng:-3.7143,desc:'Premi\u00e8re \u00e9tape \u00e0 10h00 avec un billet horodat\u00e9. 18 \u20ac plein tarif, gratuit du lundi au jeudi de 17h00 \u00e0 19h00 (16h00 \u00e0 18h00 en hiver) pour les citoyens de l\\'UE et ib\u00e9ro-am\u00e9ricains. Derni\u00e8re entr\u00e9e une heure avant la fermeture.'},\n    {nombre:'Mus\u00e9e du Prado',cat:'incontournable',lat:40.4138,lng:-3.6921,desc:'\u00c0 2 km du palais, environ 25 \u00e0 30 min \u00e0 pied. 15 \u20ac plein tarif et gratuit les deux derni\u00e8res heures du lundi au samedi, pour tous les visiteurs. Une heure et demie centr\u00e9e sur V\u00e9lasquez, Goya et Bosch.'},\n    {nombre:'Parc du Retiro',cat:'incontournable',lat:40.4153,lng:-3.6844,desc:'\u00c0 5 min du Prado par la porte des Jer\u00f3nimos. Patrimoine mondial de l\\'UNESCO depuis 2021 avec le Paseo del Prado. Entr\u00e9e libre, sans r\u00e9servation.'},\n    {nombre:'Puerta del Sol',cat:'passage',lat:40.4169,lng:-3.7038,desc:'Kilom\u00e8tre z\u00e9ro et Casa de Correos. Elle se trouve pile sur le trajet entre le Palais royal et le Prado : 15 minutes et on continue.'},\n    {nombre:'Plaza Mayor',cat:'passage',lat:40.4155,lng:-3.7074,desc:'\u00c0 15 min du Palais royal et sur le chemin de Sol. Gratuite et spectaculaire, mais \u00e9puis\u00e9e en 20 min. Mercado de San Miguel juste \u00e0 c\u00f4t\u00e9.'},\n    {nombre:'Gran V\u00eda',cat:'passage',lat:40.4200,lng:-3.7050,desc:'C\\'est une rue : elle se savoure en la parcourant, pas en la visitant. On la remonte de Cibeles \u00e0 la Plaza de Espa\u00f1a en allant ailleurs.'},\n    {nombre:'Temple de Debod',cat:'passage',lat:40.4238,lng:-3.7178,desc:'Magnifique au coucher du soleil, mais c\\'est un temple \u00e9gyptien et il se trouve de l\\'autre c\u00f4t\u00e9 de la Gran V\u00eda. Fin de journ\u00e9e seulement s\\'il reste du temps.'}\n  ];\n\n  lugares.forEach(function(l){\n    var c=cat[l.cat];\n    L.marker([l.lat,l.lng],{icon:crearIcono(c.color,c.emoji)}).addTo(mapa)\n      .bindPopup('<div class=\"popup-nombre\">'+l.nombre+'<\/div><div class=\"popup-cat\">'+catLabel[l.cat]+'<\/div><div class=\"popup-desc\">'+l.desc+'<\/div>',{maxWidth:240});\n  });\n\n  L.polyline([[40.4179,-3.7143],[40.4155,-3.7074],[40.4169,-3.7038],[40.4138,-3.6921],[40.4153,-3.6844]],{color:'#D3AF37',weight:4,opacity:.75,dashArray:'8, 8'}).addTo(mapa);\n\n  window.addEventListener('resize',function(){mapa.invalidateSize()});\n})();\n<\/script>\n\n\n\n<div style=\"height:26px\" aria-hidden=\"true\" class=\"wp-block-spacer\"><\/div>\n\n\n\n\n<style>\n#tableau-matinee-madrid { --c: #D3AF37; }\n#tableau-matinee-madrid .ttable-wrap { border-radius: 14px; overflow: hidden; border: 1px solid color-mix(in srgb, var(--c) 20%, #fff); margin-bottom: 1.75rem; }\n#tableau-matinee-madrid table { all: unset; display: table; width: 100%; border-collapse: collapse; }\n#tableau-matinee-madrid colgroup col:first-child { width: 14%; }\n#tableau-matinee-madrid colgroup col:nth-child(2) { width: 30%; }\n#tableau-matinee-madrid colgroup col:nth-child(3) { width: 56%; }\n#tableau-matinee-madrid thead { display: table-header-group; }\n#tableau-matinee-madrid thead th { all: unset; display: table-cell; padding: .75rem 1.1rem; background: color-mix(in srgb, var(--c) 16%, #fff); text-transform: uppercase; font-size: .82rem; letter-spacing: .04em; font-weight: 700; color: #0f172a; border-bottom: 2px solid color-mix(in srgb, var(--c) 30%, #fff); }\n#tableau-matinee-madrid tbody { display: table-row-group; }\n#tableau-matinee-madrid tbody tr:nth-child(odd) td { background: color-mix(in srgb, var(--c) 7%, #fff); }\n#tableau-matinee-madrid tbody tr:nth-child(even) td { background: color-mix(in srgb, var(--c) 3%, #fff); }\n#tableau-matinee-madrid tbody tr:hover td { background: color-mix(in srgb, var(--c) 12%, #fff); }\n#tableau-matinee-madrid td { all: unset; display: table-cell; padding: 1rem 1.1rem; font-size: .92rem; color: #374151; border-bottom: 1px solid color-mix(in srgb, var(--c) 10%, #fff); }\n#tableau-matinee-madrid td:first-child { color: #0f172a; font-weight: 600; }\n#tableau-matinee-madrid tbody tr:last-child td { border-bottom: 0; }\n@media (max-width: 640px) {\n  #tableau-matinee-madrid thead { display: none; }\n  #tableau-matinee-madrid table, #tableau-matinee-madrid tbody { display: block; }\n  #tableau-matinee-madrid tr { display: block; margin-bottom: 10px; border-radius: 10px; overflow: hidden; border: 1px solid color-mix(in srgb, var(--c) 22%, #fff); }\n  #tableau-matinee-madrid td { display: flex !important; flex-direction: column !important; align-items: flex-start !important; width: auto !important; box-sizing: border-box; gap: 4px; padding: .65rem .9rem; font-size: .88rem; color: #374151; background: color-mix(in srgb, var(--c) 4%, #fff) !important; border-bottom: 1px solid color-mix(in srgb, var(--c) 10%, #fff); }\n  #tableau-matinee-madrid td::before { content: attr(data-label); font-size: .74rem; font-weight: 700; text-transform: uppercase; letter-spacing: .05em; color: #6b4f00; }\n  #tableau-matinee-madrid td:first-child { background: color-mix(in srgb, var(--c) 16%, #fff) !important; color: #0f172a !important; font-weight: 700 !important; font-size: .92rem; border-bottom: 2px solid color-mix(in srgb, var(--c) 28%, #fff); }\n  #tableau-matinee-madrid td:first-child::before { display: none; }\n  #tableau-matinee-madrid tbody tr:last-child td:last-child { border-bottom: none; }\n}\n<\/style>\n<div id=\"tableau-matinee-madrid\">\n  <div class=\"ttable-wrap\" role=\"region\" aria-label=\"Itin\u00e9raire pour voir les 3 incontournables de Madrid en une matin\u00e9e\" tabindex=\"0\">\n    <table role=\"table\">\n      <colgroup><col><col><col><\/colgroup>\n      <thead><tr><th role=\"columnheader\">Heure<\/th><th role=\"columnheader\">\u00c9tape<\/th><th role=\"columnheader\">Remarque<\/th><\/tr><\/thead>\n      <tbody role=\"rowgroup\">\n        <tr><td>10h00<\/td> <td data-label=\"\u00c9tape\">Palais royal<\/td> <td data-label=\"Remarque\">Billet horodat\u00e9 r\u00e9serv\u00e9 \u00e0 l&#8217;avance ; le mercredi ou le samedi, arriver plus t\u00f4t pour la rel\u00e8ve de la garde<\/td><\/tr>\n        <tr><td>11h45<\/td> <td data-label=\"\u00c9tape\">Trajet vers le Prado<\/td> <td data-label=\"Remarque\">25 \u00e0 30 min \u00e0 pied par la Plaza Mayor et Sol, ou le m\u00e9tro si les jambes p\u00e8sent d\u00e9j\u00e0<\/td><\/tr>\n        <tr><td>12h30<\/td> <td data-label=\"\u00c9tape\">Mus\u00e9e du Prado<\/td> <td data-label=\"Remarque\">Billet horodat\u00e9 r\u00e9serv\u00e9 \u00e0 l&#8217;avance ; 1 h 30 centr\u00e9e sur V\u00e9lasquez, Goya et Bosch<\/td><\/tr>\n        <tr><td>14h15<\/td> <td data-label=\"\u00c9tape\">D\u00e9jeuner<\/td> <td data-label=\"Remarque\">Barrio de las Letras, en \u00e9vitant les rues coll\u00e9es au mus\u00e9e<\/td><\/tr>\n        <tr><td>15h30<\/td> <td data-label=\"\u00c9tape\">Retiro et Paseo del Prado<\/td> <td data-label=\"Remarque\">Le bassin et le Palais de Cristal ; entr\u00e9e libre, sans r\u00e9servation<\/td><\/tr>\n      <\/tbody>\n    <\/table>\n  <\/div>\n<\/div>\n\n\n\n\n<p>Si vous pr\u00e9f\u00e9rez faire le Prado gratuitement, inversez l&#8217;ordre : le Retiro le matin, le Palais royal \u00e0 midi et le Prado \u00e0 partir de 18h00. Vous perdez le calme dans le mus\u00e9e, mais vous \u00e9conomisez l&#8217;entr\u00e9e.<\/p>\n\n\n\n<p>Si vous disposez d&#8217;une journ\u00e9e enti\u00e8re et souhaitez ajouter des \u00e9tapes autour de ces trois lieux, l&#8217;itin\u00e9raire \u00e9largi se trouve dans\u00a0<a href=\"https:\/\/tourtravelandmore.com\/fr\/madrid-en-un-jour-itineraire-realiste-a-pied\/\" target=\"_blank\" rel=\"noreferrer noopener\">Madrid en un jour : un itin\u00e9raire r\u00e9aliste \u00e0 pied<\/a>.<\/p>\n\n\n\n<h2 class=\"wp-block-heading\" id=\"h-combien-coute-la-visite-des-trois\">Combien co\u00fbte la visite des trois<\/h2>\n\n\n\n<p>Voici les horaires et tarifs officiels en vigueur. Il vaut mieux les confirmer sur le site de chaque institution avant de r\u00e9server, car ils changent selon la saison.<\/p>\n\n\n\n\n<style>\n#tableau-tarifs-madrid { --c: #D3AF37; }\n#tableau-tarifs-madrid .ttable-wrap { border-radius: 14px; overflow: hidden; border: 1px solid color-mix(in srgb, var(--c) 20%, #fff); margin-bottom: 1.75rem; }\n#tableau-tarifs-madrid table { all: unset; display: table; width: 100%; border-collapse: collapse; }\n#tableau-tarifs-madrid colgroup col:first-child { width: 20%; }\n#tableau-tarifs-madrid colgroup col:nth-child(2) { width: 42%; }\n#tableau-tarifs-madrid colgroup col:nth-child(3) { width: 38%; }\n#tableau-tarifs-madrid thead { display: table-header-group; }\n#tableau-tarifs-madrid thead th { all: unset; display: table-cell; padding: .75rem 1.1rem; background: color-mix(in srgb, var(--c) 16%, #fff); text-transform: uppercase; font-size: .82rem; letter-spacing: .04em; font-weight: 700; color: #0f172a; border-bottom: 2px solid color-mix(in srgb, var(--c) 30%, #fff); }\n#tableau-tarifs-madrid tbody { display: table-row-group; }\n#tableau-tarifs-madrid tbody tr:nth-child(odd) td { background: color-mix(in srgb, var(--c) 7%, #fff); }\n#tableau-tarifs-madrid tbody tr:nth-child(even) td { background: color-mix(in srgb, var(--c) 3%, #fff); }\n#tableau-tarifs-madrid tbody tr:hover td { background: color-mix(in srgb, var(--c) 12%, #fff); }\n#tableau-tarifs-madrid td { all: unset; display: table-cell; padding: 1rem 1.1rem; font-size: .92rem; color: #374151; border-bottom: 1px solid color-mix(in srgb, var(--c) 10%, #fff); }\n#tableau-tarifs-madrid td:first-child { color: #0f172a; font-weight: 600; }\n#tableau-tarifs-madrid tbody tr:last-child td { border-bottom: 0; }\n@media (max-width: 640px) {\n  #tableau-tarifs-madrid thead { display: none; }\n  #tableau-tarifs-madrid table, #tableau-tarifs-madrid tbody { display: block; }\n  #tableau-tarifs-madrid tr { display: block; margin-bottom: 10px; border-radius: 10px; overflow: hidden; border: 1px solid color-mix(in srgb, var(--c) 22%, #fff); }\n  #tableau-tarifs-madrid td { display: flex !important; flex-direction: column !important; align-items: flex-start !important; width: auto !important; box-sizing: border-box; gap: 4px; padding: .65rem .9rem; font-size: .88rem; color: #374151; background: color-mix(in srgb, var(--c) 4%, #fff) !important; border-bottom: 1px solid color-mix(in srgb, var(--c) 10%, #fff); }\n  #tableau-tarifs-madrid td::before { content: attr(data-label); font-size: .74rem; font-weight: 700; text-transform: uppercase; letter-spacing: .05em; color: #6b4f00; }\n  #tableau-tarifs-madrid td:first-child { background: color-mix(in srgb, var(--c) 16%, #fff) !important; color: #0f172a !important; font-weight: 700 !important; font-size: .92rem; border-bottom: 2px solid color-mix(in srgb, var(--c) 28%, #fff); }\n  #tableau-tarifs-madrid td:first-child::before { display: none; }\n  #tableau-tarifs-madrid tbody tr:last-child td:last-child { border-bottom: none; }\n}\n<\/style>\n<div id=\"tableau-tarifs-madrid\">\n  <div class=\"ttable-wrap\" role=\"region\" aria-label=\"Horaires et tarifs du Palais royal, du mus\u00e9e du Prado et du parc du Retiro\" tabindex=\"0\">\n    <table role=\"table\">\n      <colgroup><col><col><col><\/colgroup>\n      <thead><tr><th role=\"columnheader\">Lieu<\/th><th role=\"columnheader\">Horaires<\/th><th role=\"columnheader\">Entr\u00e9e<\/th><\/tr><\/thead>\n      <tbody role=\"rowgroup\">\n        <tr><td>Palais royal<\/td> <td data-label=\"Horaires\">10h00-18h00 lun-sam oct-mars \u00b7 10h00-19h00 lun-sam avr-sept \u00b7 10h00-16h00 dim et jours f\u00e9ri\u00e9s<\/td> <td data-label=\"Entr\u00e9e\">18 \u20ac plein tarif \u00b7 9 \u20ac tarif r\u00e9duit \u00b7 Gratuit lun-jeu 17h00-19h00 (16h00-18h00 en hiver)<\/td><\/tr>\n        <tr><td>Mus\u00e9e du Prado<\/td> <td data-label=\"Horaires\">10h00-20h00 lun-sam \u00b7 10h00-19h00 dim et jours f\u00e9ri\u00e9s<\/td> <td data-label=\"Entr\u00e9e\">15 \u20ac plein tarif \u00b7 Gratuit lun-sam 18h00-20h00 et dim et jours f\u00e9ri\u00e9s 17h00-19h00<\/td><\/tr>\n        <tr><td>Parc du Retiro<\/td> <td data-label=\"Horaires\">Acc\u00e8s libre toute la journ\u00e9e<\/td> <td data-label=\"Entr\u00e9e\">Gratuite<\/td><\/tr>\n      <\/tbody>\n    <\/table>\n  <\/div>\n<\/div>\n\n\n\n\n<p>Le cr\u00e9neau gratuit du Palais royal est r\u00e9serv\u00e9 aux citoyens de l&#8217;Union europ\u00e9enne, aux r\u00e9sidents et titulaires d&#8217;un permis de travail dans l&#8217;UE, ainsi qu&#8217;aux citoyens des pays ib\u00e9ro-am\u00e9ricains, uniquement en visite libre et sur pr\u00e9sentation d&#8217;un justificatif au guichet. Au total :&nbsp;<strong>33 \u20ac par personne<\/strong>&nbsp;en payant les deux entr\u00e9es,&nbsp;<strong>15 \u20ac<\/strong>&nbsp;en profitant du cr\u00e9neau gratuit du palais, ou&nbsp;<strong>0 \u20ac<\/strong>&nbsp;en encha\u00eenant les deux cr\u00e9neaux gratuits le m\u00eame apr\u00e8s-midi.<\/p>\n\n\n\n<h2 class=\"wp-block-heading\" id=\"h-les-3-incontournables-de-madrid-avec-tour-travel-amp-more\">Les 3 incontournables de Madrid avec Tour Travel &amp; More<\/h2>\n\n\n\n<p>Avec trois lieux au lieu de trente-sept, l&#8217;organisation para\u00eet simple. Et elle l&#8217;est, jusqu&#8217;au moment o\u00f9 le Prado est complet trois semaines \u00e0 l&#8217;avance en haute saison, o\u00f9 le cr\u00e9neau gratuit du Palais royal tombe le seul jour o\u00f9 vous n&#8217;\u00eates pas \u00e0 Madrid, ou bien o\u00f9 vous arrivez au palais \u00e0 17h50 en hiver pour d\u00e9couvrir que la derni\u00e8re entr\u00e9e \u00e9tait \u00e0 17h00.<\/p>\n\n\n\n<p><strong>Avec Tour Travel &amp; More, cette friction dispara\u00eet :<\/strong><\/p>\n\n\n\n<ul class=\"wp-block-list\">\n<li><strong>Visite 100 % priv\u00e9e<\/strong>\u00a0\u2014 Votre rythme, pas celui de vingt inconnus derri\u00e8re un parapluie lev\u00e9.<\/li>\n\n\n\n<li><strong>Guide officiel dipl\u00f4m\u00e9<\/strong>\u00a0\u2014 Il sait quels salons du Palais royal et quelles salles du Prado privil\u00e9gier selon les heures dont vous disposez r\u00e9ellement, et r\u00e9organise la visite en cours de route.<\/li>\n\n\n\n<li><strong>Acc\u00e8s prioritaire au Palais royal et au mus\u00e9e du Prado<\/strong>\u00a0\u2014 Sans la file qui peut engloutir toute une matin\u00e9e.<\/li>\n\n\n\n<li><strong>V\u00e9hicule de luxe avec chauffeur priv\u00e9<\/strong>, si vous souhaitez combiner Madrid avec Tol\u00e8de, S\u00e9govie ou l&#8217;Escurial.<\/li>\n\n\n\n<li><strong>Guardian Angel Service 24\/7<\/strong>\u00a0\u2014 Une coordination humaine avant, pendant et apr\u00e8s la visite.<\/li>\n<\/ul>\n\n\n\n<div class=\"wp-block-buttons is-content-justification-center is-layout-flex wp-container-core-buttons-is-layout-16018d1d wp-block-buttons-is-layout-flex\">\n<div class=\"wp-block-button\"><a class=\"wp-block-button__link has-background wp-element-button\" href=\"https:\/\/tourtravelandmore.com\/fr\/city\/espagne-fr\/madrid-fr\/\" style=\"border-radius:14px;background-color:#d3af37\"><strong>Planifiez votre visite \u00e0 Madrid<\/strong><\/a><\/div>\n<\/div>\n\n\n\n<div style=\"height:25px\" aria-hidden=\"true\" class=\"wp-block-spacer\"><\/div>\n\n\n\n<h2 class=\"wp-block-heading\" id=\"h-trois-lieux-bien-vus-valent-mieux-que-trente-sept-coches\">Trois lieux bien vus valent mieux que trente-sept coch\u00e9s<\/h2>\n\n\n\n<p>Marc a fini par r\u00e9server le Palais royal pour le vendredi \u00e0 dix heures et le Prado pour midi et demi, et il a laiss\u00e9 le Retiro sans horaire, pour y \u00e9chouer apr\u00e8s le d\u00e9jeuner et y rester le temps qu&#8217;il voudrait. Sol, la Plaza Mayor et la Gran V\u00eda, il les a travers\u00e9es en chemin, sans leur consacrer une minute \u00e0 part.<\/p>\n\n\n\n<p>Il est rentr\u00e9 chez lui apr\u00e8s avoir vraiment vu trois lieux au lieu d&#8217;en entrevoir trente-sept. C&#8217;est toute la diff\u00e9rence entre une liste d&#8217;incontournables et une visite.<\/p>\n\n\n\n<p><\/p>\n","protected":false},"excerpt":{"rendered":"<p>Marc est arriv\u00e9 \u00e0 Madrid un jeudi apr\u00e8s-midi avec une liste de trente-sept endroits enregistr\u00e9e sur son t\u00e9l\u00e9phone et une heure et demie de libre avant le d\u00eener. Il a ouvert la carte, vu trente-sept points \u00e9parpill\u00e9s sur la moiti\u00e9 de la ville, et referm\u00e9 son t\u00e9l\u00e9phone sans quitter l&#8217;h\u00f4tel. Le probl\u00e8me des listes d&#8217;incontournables [&hellip;]<\/p>\n","protected":false},"author":2,"featured_media":196885,"comment_status":"open","ping_status":"open","sticky":false,"template":"","format":"standard","meta":{"_acf_changed":false,"footnotes":""},"categories":[3962,3915],"tags":[],"class_list":["post-196884","post","type-post","status-publish","format-standard","has-post-thumbnail","hentry","category-espagne","category-madrid-fr"],"acf":[],"yoast_head":"<!-- This site is optimized with the Yoast SEO Premium plugin v25.3.1 (Yoast SEO v25.3.1) - https:\/\/yoast.com\/wordpress\/plugins\/seo\/ -->\n<title>Les 3 lieux incontournables de Madrid : horaires et prix<\/title>\n<meta name=\"description\" content=\"Seulement 3, choisis avec un vrai crit\u00e8re : Palais royal, mus\u00e9e du Prado et Retiro. Horaires, tarifs d\u00e8s 15 \u20ac et les cr\u00e9neaux gratuits en une matin\u00e9e\" \/>\n<meta name=\"robots\" content=\"index, follow, max-snippet:-1, max-image-preview:large, max-video-preview:-1\" \/>\n<link rel=\"canonical\" href=\"https:\/\/tourtravelandmore.com\/fr\/les-3-lieux-incontournables-de-madrid\/\" \/>\n<meta property=\"og:locale\" content=\"fr_FR\" \/>\n<meta property=\"og:type\" content=\"article\" \/>\n<meta property=\"og:title\" content=\"Les 3 lieux incontournables de Madrid\" \/>\n<meta property=\"og:description\" content=\"Seulement 3, choisis avec un vrai crit\u00e8re : Palais royal, mus\u00e9e du Prado et Retiro. Horaires, tarifs d\u00e8s 15 \u20ac et les cr\u00e9neaux gratuits en une matin\u00e9e\" \/>\n<meta property=\"og:url\" content=\"https:\/\/tourtravelandmore.com\/fr\/les-3-lieux-incontournables-de-madrid\/\" \/>\n<meta property=\"og:site_name\" content=\"Tour Travel And More\" \/>\n<meta property=\"article:publisher\" content=\"https:\/\/www.facebook.com\/tourtravelandmore\/\" \/>\n<meta property=\"article:published_time\" content=\"2026-08-30T15:53:40+00:00\" \/>\n<meta property=\"article:modified_time\" content=\"2026-08-30T15:53:43+00:00\" \/>\n<meta property=\"og:image\" content=\"https:\/\/tourtravelandmore.com\/wp-content\/uploads\/2026\/08\/les-3-lieux-incontournables-de-madrid-couverture.webp\" \/>\n\t<meta property=\"og:image:width\" content=\"1920\" \/>\n\t<meta property=\"og:image:height\" content=\"1080\" \/>\n\t<meta property=\"og:image:type\" content=\"image\/webp\" \/>\n<meta name=\"author\" content=\"Maya Nader Harati\" \/>\n<meta name=\"twitter:card\" content=\"summary_large_image\" \/>\n<meta name=\"twitter:creator\" content=\"@TourTravel_More\" \/>\n<meta name=\"twitter:site\" content=\"@TourTravel_More\" \/>\n<meta name=\"twitter:label1\" content=\"\u00c9crit par\" \/>\n\t<meta name=\"twitter:data1\" content=\"Maya Nader Harati\" \/>\n\t<meta name=\"twitter:label2\" content=\"Dur\u00e9e de lecture estim\u00e9e\" \/>\n\t<meta name=\"twitter:data2\" content=\"12 minutes\" \/>\n<script type=\"application\/ld+json\" class=\"yoast-schema-graph\">{\"@context\":\"https:\/\/schema.org\",\"@graph\":[{\"@type\":\"Article\",\"@id\":\"https:\/\/tourtravelandmore.com\/fr\/les-3-lieux-incontournables-de-madrid\/#article\",\"isPartOf\":{\"@id\":\"https:\/\/tourtravelandmore.com\/fr\/les-3-lieux-incontournables-de-madrid\/\"},\"author\":{\"name\":\"Maya Nader Harati\",\"@id\":\"https:\/\/tourtravelandmore.com\/fr\/#\/schema\/person\/2a1c66d76ae9290a394e8efb4af12e1e\"},\"headline\":\"Les 3 lieux incontournables de Madrid\",\"datePublished\":\"2026-08-30T15:53:40+00:00\",\"dateModified\":\"2026-08-30T15:53:43+00:00\",\"mainEntityOfPage\":{\"@id\":\"https:\/\/tourtravelandmore.com\/fr\/les-3-lieux-incontournables-de-madrid\/\"},\"wordCount\":2047,\"commentCount\":0,\"publisher\":{\"@id\":\"https:\/\/tourtravelandmore.com\/fr\/#organization\"},\"image\":{\"@id\":\"https:\/\/tourtravelandmore.com\/fr\/les-3-lieux-incontournables-de-madrid\/#primaryimage\"},\"thumbnailUrl\":\"https:\/\/tourtravelandmore.com\/wp-content\/uploads\/2026\/08\/les-3-lieux-incontournables-de-madrid-couverture.webp\",\"articleSection\":[\"Espagne\",\"Madrid\"],\"inLanguage\":\"fr-FR\",\"potentialAction\":[{\"@type\":\"CommentAction\",\"name\":\"Comment\",\"target\":[\"https:\/\/tourtravelandmore.com\/fr\/les-3-lieux-incontournables-de-madrid\/#respond\"]}]},{\"@type\":\"WebPage\",\"@id\":\"https:\/\/tourtravelandmore.com\/fr\/les-3-lieux-incontournables-de-madrid\/\",\"url\":\"https:\/\/tourtravelandmore.com\/fr\/les-3-lieux-incontournables-de-madrid\/\",\"name\":\"Les 3 lieux incontournables de Madrid : horaires et prix\",\"isPartOf\":{\"@id\":\"https:\/\/tourtravelandmore.com\/fr\/#website\"},\"primaryImageOfPage\":{\"@id\":\"https:\/\/tourtravelandmore.com\/fr\/les-3-lieux-incontournables-de-madrid\/#primaryimage\"},\"image\":{\"@id\":\"https:\/\/tourtravelandmore.com\/fr\/les-3-lieux-incontournables-de-madrid\/#primaryimage\"},\"thumbnailUrl\":\"https:\/\/tourtravelandmore.com\/wp-content\/uploads\/2026\/08\/les-3-lieux-incontournables-de-madrid-couverture.webp\",\"datePublished\":\"2026-08-30T15:53:40+00:00\",\"dateModified\":\"2026-08-30T15:53:43+00:00\",\"description\":\"Seulement 3, choisis avec un vrai crit\u00e8re : Palais royal, mus\u00e9e du Prado et Retiro. Horaires, tarifs d\u00e8s 15 \u20ac et les cr\u00e9neaux gratuits en une matin\u00e9e\",\"breadcrumb\":{\"@id\":\"https:\/\/tourtravelandmore.com\/fr\/les-3-lieux-incontournables-de-madrid\/#breadcrumb\"},\"inLanguage\":\"fr-FR\",\"potentialAction\":[{\"@type\":\"ReadAction\",\"target\":[\"https:\/\/tourtravelandmore.com\/fr\/les-3-lieux-incontournables-de-madrid\/\"]}]},{\"@type\":\"ImageObject\",\"inLanguage\":\"fr-FR\",\"@id\":\"https:\/\/tourtravelandmore.com\/fr\/les-3-lieux-incontournables-de-madrid\/#primaryimage\",\"url\":\"https:\/\/tourtravelandmore.com\/wp-content\/uploads\/2026\/08\/les-3-lieux-incontournables-de-madrid-couverture.webp\",\"contentUrl\":\"https:\/\/tourtravelandmore.com\/wp-content\/uploads\/2026\/08\/les-3-lieux-incontournables-de-madrid-couverture.webp\",\"width\":1920,\"height\":1080,\"caption\":\"Palais de Cristal du parc du Retiro, l'un des 3 lieux incontournables de Madrid\"},{\"@type\":\"BreadcrumbList\",\"@id\":\"https:\/\/tourtravelandmore.com\/fr\/les-3-lieux-incontournables-de-madrid\/#breadcrumb\",\"itemListElement\":[{\"@type\":\"ListItem\",\"position\":1,\"name\":\"Home\",\"item\":\"https:\/\/tourtravelandmore.com\/fr\/\"},{\"@type\":\"ListItem\",\"position\":2,\"name\":\"Les 3 lieux incontournables de Madrid\"}]},{\"@type\":\"WebSite\",\"@id\":\"https:\/\/tourtravelandmore.com\/fr\/#website\",\"url\":\"https:\/\/tourtravelandmore.com\/fr\/\",\"name\":\"Tour Travel And More\",\"description\":\"Private sightseeing tours and luxury transfers in Spain\",\"publisher\":{\"@id\":\"https:\/\/tourtravelandmore.com\/fr\/#organization\"},\"potentialAction\":[{\"@type\":\"SearchAction\",\"target\":{\"@type\":\"EntryPoint\",\"urlTemplate\":\"https:\/\/tourtravelandmore.com\/fr\/?s={search_term_string}\"},\"query-input\":{\"@type\":\"PropertyValueSpecification\",\"valueRequired\":true,\"valueName\":\"search_term_string\"}}],\"inLanguage\":\"fr-FR\"},{\"@type\":\"Organization\",\"@id\":\"https:\/\/tourtravelandmore.com\/fr\/#organization\",\"name\":\"Tour Travel And More\",\"url\":\"https:\/\/tourtravelandmore.com\/fr\/\",\"logo\":{\"@type\":\"ImageObject\",\"inLanguage\":\"fr-FR\",\"@id\":\"https:\/\/tourtravelandmore.com\/fr\/#\/schema\/logo\/image\/\",\"url\":\"https:\/\/tourtravelandmore.com\/wp-content\/uploads\/2022\/12\/cropped-logo-cabecera-new.png\",\"contentUrl\":\"https:\/\/tourtravelandmore.com\/wp-content\/uploads\/2022\/12\/cropped-logo-cabecera-new.png\",\"width\":430,\"height\":61,\"caption\":\"Tour Travel And More\"},\"image\":{\"@id\":\"https:\/\/tourtravelandmore.com\/fr\/#\/schema\/logo\/image\/\"},\"sameAs\":[\"https:\/\/www.facebook.com\/tourtravelandmore\/\",\"https:\/\/x.com\/TourTravel_More\"]},{\"@type\":\"Person\",\"@id\":\"https:\/\/tourtravelandmore.com\/fr\/#\/schema\/person\/2a1c66d76ae9290a394e8efb4af12e1e\",\"name\":\"Maya Nader Harati\",\"image\":{\"@type\":\"ImageObject\",\"inLanguage\":\"fr-FR\",\"@id\":\"https:\/\/tourtravelandmore.com\/fr\/#\/schema\/person\/image\/\",\"url\":\"https:\/\/secure.gravatar.com\/avatar\/adc2305883b6f86a616354c0c4516fcd9a333d5f5a0806d9d1ae9b30f898fa1f?s=96&d=mm&r=g\",\"contentUrl\":\"https:\/\/secure.gravatar.com\/avatar\/adc2305883b6f86a616354c0c4516fcd9a333d5f5a0806d9d1ae9b30f898fa1f?s=96&d=mm&r=g\",\"caption\":\"Maya Nader Harati\"},\"description\":\"Cultural Destination Specialist & Travel Chronicler. Maya doesn\u2019t just travel the world; she translates it.\",\"sameAs\":[\"https:\/\/tourtravelandmore.com\/author-profile-maya-nader-harati\/\"]}]}<\/script>\n<!-- \/ Yoast SEO Premium plugin. -->","yoast_head_json":{"title":"Les 3 lieux incontournables de Madrid : horaires et prix","description":"Seulement 3, choisis avec un vrai crit\u00e8re : Palais royal, mus\u00e9e du Prado et Retiro. Horaires, tarifs d\u00e8s 15 \u20ac et les cr\u00e9neaux gratuits en une matin\u00e9e","robots":{"index":"index","follow":"follow","max-snippet":"max-snippet:-1","max-image-preview":"max-image-preview:large","max-video-preview":"max-video-preview:-1"},"canonical":"https:\/\/tourtravelandmore.com\/fr\/les-3-lieux-incontournables-de-madrid\/","og_locale":"fr_FR","og_type":"article","og_title":"Les 3 lieux incontournables de Madrid","og_description":"Seulement 3, choisis avec un vrai crit\u00e8re : Palais royal, mus\u00e9e du Prado et Retiro. Horaires, tarifs d\u00e8s 15 \u20ac et les cr\u00e9neaux gratuits en une matin\u00e9e","og_url":"https:\/\/tourtravelandmore.com\/fr\/les-3-lieux-incontournables-de-madrid\/","og_site_name":"Tour Travel And More","article_publisher":"https:\/\/www.facebook.com\/tourtravelandmore\/","article_published_time":"2026-08-30T15:53:40+00:00","article_modified_time":"2026-08-30T15:53:43+00:00","og_image":[{"width":1920,"height":1080,"url":"https:\/\/tourtravelandmore.com\/wp-content\/uploads\/2026\/08\/les-3-lieux-incontournables-de-madrid-couverture.webp","type":"image\/webp"}],"author":"Maya Nader Harati","twitter_card":"summary_large_image","twitter_creator":"@TourTravel_More","twitter_site":"@TourTravel_More","twitter_misc":{"\u00c9crit par":"Maya Nader Harati","Dur\u00e9e de lecture estim\u00e9e":"12 minutes"},"schema":{"@context":"https:\/\/schema.org","@graph":[{"@type":"Article","@id":"https:\/\/tourtravelandmore.com\/fr\/les-3-lieux-incontournables-de-madrid\/#article","isPartOf":{"@id":"https:\/\/tourtravelandmore.com\/fr\/les-3-lieux-incontournables-de-madrid\/"},"author":{"name":"Maya Nader Harati","@id":"https:\/\/tourtravelandmore.com\/fr\/#\/schema\/person\/2a1c66d76ae9290a394e8efb4af12e1e"},"headline":"Les 3 lieux incontournables de Madrid","datePublished":"2026-08-30T15:53:40+00:00","dateModified":"2026-08-30T15:53:43+00:00","mainEntityOfPage":{"@id":"https:\/\/tourtravelandmore.com\/fr\/les-3-lieux-incontournables-de-madrid\/"},"wordCount":2047,"commentCount":0,"publisher":{"@id":"https:\/\/tourtravelandmore.com\/fr\/#organization"},"image":{"@id":"https:\/\/tourtravelandmore.com\/fr\/les-3-lieux-incontournables-de-madrid\/#primaryimage"},"thumbnailUrl":"https:\/\/tourtravelandmore.com\/wp-content\/uploads\/2026\/08\/les-3-lieux-incontournables-de-madrid-couverture.webp","articleSection":["Espagne","Madrid"],"inLanguage":"fr-FR","potentialAction":[{"@type":"CommentAction","name":"Comment","target":["https:\/\/tourtravelandmore.com\/fr\/les-3-lieux-incontournables-de-madrid\/#respond"]}]},{"@type":"WebPage","@id":"https:\/\/tourtravelandmore.com\/fr\/les-3-lieux-incontournables-de-madrid\/","url":"https:\/\/tourtravelandmore.com\/fr\/les-3-lieux-incontournables-de-madrid\/","name":"Les 3 lieux incontournables de Madrid : horaires et prix","isPartOf":{"@id":"https:\/\/tourtravelandmore.com\/fr\/#website"},"primaryImageOfPage":{"@id":"https:\/\/tourtravelandmore.com\/fr\/les-3-lieux-incontournables-de-madrid\/#primaryimage"},"image":{"@id":"https:\/\/tourtravelandmore.com\/fr\/les-3-lieux-incontournables-de-madrid\/#primaryimage"},"thumbnailUrl":"https:\/\/tourtravelandmore.com\/wp-content\/uploads\/2026\/08\/les-3-lieux-incontournables-de-madrid-couverture.webp","datePublished":"2026-08-30T15:53:40+00:00","dateModified":"2026-08-30T15:53:43+00:00","description":"Seulement 3, choisis avec un vrai crit\u00e8re : Palais royal, mus\u00e9e du Prado et Retiro. Horaires, tarifs d\u00e8s 15 \u20ac et les cr\u00e9neaux gratuits en une matin\u00e9e","breadcrumb":{"@id":"https:\/\/tourtravelandmore.com\/fr\/les-3-lieux-incontournables-de-madrid\/#breadcrumb"},"inLanguage":"fr-FR","potentialAction":[{"@type":"ReadAction","target":["https:\/\/tourtravelandmore.com\/fr\/les-3-lieux-incontournables-de-madrid\/"]}]},{"@type":"ImageObject","inLanguage":"fr-FR","@id":"https:\/\/tourtravelandmore.com\/fr\/les-3-lieux-incontournables-de-madrid\/#primaryimage","url":"https:\/\/tourtravelandmore.com\/wp-content\/uploads\/2026\/08\/les-3-lieux-incontournables-de-madrid-couverture.webp","contentUrl":"https:\/\/tourtravelandmore.com\/wp-content\/uploads\/2026\/08\/les-3-lieux-incontournables-de-madrid-couverture.webp","width":1920,"height":1080,"caption":"Palais de Cristal du parc du Retiro, l'un des 3 lieux incontournables de Madrid"},{"@type":"BreadcrumbList","@id":"https:\/\/tourtravelandmore.com\/fr\/les-3-lieux-incontournables-de-madrid\/#breadcrumb","itemListElement":[{"@type":"ListItem","position":1,"name":"Home","item":"https:\/\/tourtravelandmore.com\/fr\/"},{"@type":"ListItem","position":2,"name":"Les 3 lieux incontournables de Madrid"}]},{"@type":"WebSite","@id":"https:\/\/tourtravelandmore.com\/fr\/#website","url":"https:\/\/tourtravelandmore.com\/fr\/","name":"Tour Travel And More","description":"Private sightseeing tours and luxury transfers in Spain","publisher":{"@id":"https:\/\/tourtravelandmore.com\/fr\/#organization"},"potentialAction":[{"@type":"SearchAction","target":{"@type":"EntryPoint","urlTemplate":"https:\/\/tourtravelandmore.com\/fr\/?s={search_term_string}"},"query-input":{"@type":"PropertyValueSpecification","valueRequired":true,"valueName":"search_term_string"}}],"inLanguage":"fr-FR"},{"@type":"Organization","@id":"https:\/\/tourtravelandmore.com\/fr\/#organization","name":"Tour Travel And More","url":"https:\/\/tourtravelandmore.com\/fr\/","logo":{"@type":"ImageObject","inLanguage":"fr-FR","@id":"https:\/\/tourtravelandmore.com\/fr\/#\/schema\/logo\/image\/","url":"https:\/\/tourtravelandmore.com\/wp-content\/uploads\/2022\/12\/cropped-logo-cabecera-new.png","contentUrl":"https:\/\/tourtravelandmore.com\/wp-content\/uploads\/2022\/12\/cropped-logo-cabecera-new.png","width":430,"height":61,"caption":"Tour Travel And More"},"image":{"@id":"https:\/\/tourtravelandmore.com\/fr\/#\/schema\/logo\/image\/"},"sameAs":["https:\/\/www.facebook.com\/tourtravelandmore\/","https:\/\/x.com\/TourTravel_More"]},{"@type":"Person","@id":"https:\/\/tourtravelandmore.com\/fr\/#\/schema\/person\/2a1c66d76ae9290a394e8efb4af12e1e","name":"Maya Nader Harati","image":{"@type":"ImageObject","inLanguage":"fr-FR","@id":"https:\/\/tourtravelandmore.com\/fr\/#\/schema\/person\/image\/","url":"https:\/\/secure.gravatar.com\/avatar\/adc2305883b6f86a616354c0c4516fcd9a333d5f5a0806d9d1ae9b30f898fa1f?s=96&d=mm&r=g","contentUrl":"https:\/\/secure.gravatar.com\/avatar\/adc2305883b6f86a616354c0c4516fcd9a333d5f5a0806d9d1ae9b30f898fa1f?s=96&d=mm&r=g","caption":"Maya Nader Harati"},"description":"Cultural Destination Specialist & Travel Chronicler. Maya doesn\u2019t just travel the world; she translates it.","sameAs":["https:\/\/tourtravelandmore.com\/author-profile-maya-nader-harati\/"]}]}},"_links":{"self":[{"href":"https:\/\/tourtravelandmore.com\/fr\/wp-json\/wp\/v2\/posts\/196884","targetHints":{"allow":["GET"]}}],"collection":[{"href":"https:\/\/tourtravelandmore.com\/fr\/wp-json\/wp\/v2\/posts"}],"about":[{"href":"https:\/\/tourtravelandmore.com\/fr\/wp-json\/wp\/v2\/types\/post"}],"author":[{"embeddable":true,"href":"https:\/\/tourtravelandmore.com\/fr\/wp-json\/wp\/v2\/users\/2"}],"replies":[{"embeddable":true,"href":"https:\/\/tourtravelandmore.com\/fr\/wp-json\/wp\/v2\/comments?post=196884"}],"version-history":[{"count":1,"href":"https:\/\/tourtravelandmore.com\/fr\/wp-json\/wp\/v2\/posts\/196884\/revisions"}],"predecessor-version":[{"id":196888,"href":"https:\/\/tourtravelandmore.com\/fr\/wp-json\/wp\/v2\/posts\/196884\/revisions\/196888"}],"wp:featuredmedia":[{"embeddable":true,"href":"https:\/\/tourtravelandmore.com\/fr\/wp-json\/wp\/v2\/media\/196885"}],"wp:attachment":[{"href":"https:\/\/tourtravelandmore.com\/fr\/wp-json\/wp\/v2\/media?parent=196884"}],"wp:term":[{"taxonomy":"category","embeddable":true,"href":"https:\/\/tourtravelandmore.com\/fr\/wp-json\/wp\/v2\/categories?post=196884"},{"taxonomy":"post_tag","embeddable":true,"href":"https:\/\/tourtravelandmore.com\/fr\/wp-json\/wp\/v2\/tags?post=196884"}],"curies":[{"name":"wp","href":"https:\/\/api.w.org\/{rel}","templated":true}]}}