{"id":181078,"date":"2025-02-28T09:22:06","date_gmt":"2025-02-28T08:22:06","guid":{"rendered":"https:\/\/tourtravelandmore.com\/?p=181078"},"modified":"2025-05-15T21:33:17","modified_gmt":"2025-05-15T19:33:17","slug":"que-faire-a-madrid-en-juin","status":"publish","type":"post","link":"https:\/\/tourtravelandmore.com\/fr\/que-faire-a-madrid-en-juin\/","title":{"rendered":"Que faire \u00e0 Madrid en juin ?"},"content":{"rendered":"\n<p>Le mois de juin est un mois dynamique \u00e0 Madrid. Avec l&#8217;arriv\u00e9e de l&#8217;\u00e9t\u00e9, la ville se remplit de lumi\u00e8re, d&#8217;activit\u00e9s en plein air et d&#8217;\u00e9v\u00e9nements uniques. Que vous soyez amateur de culture, de gastronomie, de musique ou de nature, Madrid a quelque chose de sp\u00e9cial \u00e0 vous offrir en juin. <a href=\"https:\/\/tourtravelandmore.com\/fr\/\">D\u00e9couvrez nos visites priv\u00e9es ici !<\/a><\/p>\n\n\n\n<p>Nous avons rassembl\u00e9 <strong>plus de 20 activit\u00e9s \u00e0 faire \u00e0 Madrid en juin<\/strong>, r\u00e9parties en quatre cat\u00e9gories : <strong>f\u00eates et \u00e9v\u00e9nements<\/strong>, <strong>terrasses et gastronomie<\/strong>, <strong>culture et concerts<\/strong>, nature<strong> et activit\u00e9s de plein air<\/strong>.<\/p>\n\n\n\n<h2 class=\"wp-block-heading\" id=\"h-fetes-et-evenements-juin-festif-a-madrid\"><strong>F\u00eates et \u00e9v\u00e9nements : juin festif \u00e0 Madrid<\/strong><\/h2>\n\n\n\n<p><strong>\ud83c\udf1e San Juan \u00e0 Madrid R\u00edo<\/strong><\/p>\n\n\n\n<p>Feux de joie, musique et tradition pour accueillir l&#8217;\u00e9t\u00e9.<\/p>\n\n\n\n<p><strong>\ud83c\udfb5 Festival Mad Cool (avant-\u00e9v\u00e9nements)<\/strong><\/p>\n\n\n\n<p>Avant-go\u00fbt de l&#8217;un des festivals les plus attendus.<\/p>\n\n\n\n<p><strong>\ud83c\udf7b BeerMad : Foire de la bi\u00e8re artisanale<\/strong><\/p>\n\n\n\n<p>Parfait pour les amateurs de bi\u00e8re.<\/p>\n\n\n\n<p><strong>\ud83c\udfad Veranos de la Villa (avant-premi\u00e8re)<\/strong><\/p>\n\n\n\n<p>Certaines activit\u00e9s culturelles commencent en juin.<\/p>\n\n\n\n<p><strong>\ud83c\udfa8 Open House Madrid<\/strong><\/p>\n\n\n\n<p>Visites exclusives de b\u00e2timents embl\u00e9matiques.<\/p>\n\n\n\n<h2 class=\"wp-block-heading\" id=\"h-\"><\/h2>\n\n\n\n<h2 class=\"wp-block-heading\" id=\"h-terrasses-et-gastronomie-juin-pour-savourer-en-plein-air\"><strong>Terrasses et gastronomie : juin pour savourer en plein air<\/strong><\/h2>\n\n\n\n<p><strong>\ud83c\udf79 Terrasses d&#8217;\u00e9t\u00e9 : Florida Retiro ou Do\u00f1aluz<\/strong><\/p>\n\n\n\n<p>Cocktails et vues spectaculaires.<\/p>\n\n\n\n<p><strong>\ud83c\udf74 Route des tapas \u00e0 Ponzano ou Chamber\u00ed<\/strong><\/p>\n\n\n\n<p>Les quartiers branch\u00e9s pour les tapas.<\/p>\n\n\n\n<p><strong>\ud83c\udf67 Glaces chez Lolo Polos ou Sani Sapori<\/strong><\/p>\n\n\n\n<p>Les premi\u00e8res chaleurs appellent les glaces.<\/p>\n\n\n\n<p><strong>\ud83c\udf77 D\u00e9gustations de vin \u00e0 la Vinoteca Morat\u00edn<\/strong><\/p>\n\n\n\n<p>Un plan parfait au coucher du soleil.<\/p>\n\n\n\n<p><strong>\ud83c\udf7d\ufe0f D\u00eeners en plein air \u00e0 El Jard\u00edn de Alma<\/strong><\/p>\n\n\n\n<p>Gastronomie et nature.<\/p>\n\n\n\n<h2 class=\"wp-block-heading\" id=\"h-\"><\/h2>\n\n\n\n<h2 class=\"wp-block-heading\" id=\"h-culture-et-concerts-juin-d-art-et-de-musique\"><strong>Culture et concerts : juin d&#8217;art et de musique<\/strong><\/h2>\n\n\n\n<p><strong>\ud83d\uddbc\ufe0f Expositions \u00e0 la CaixaForum ou au Reina Sof\u00eda<\/strong><\/p>\n\n\n\n<p>Nouvelles expositions temporaires.<\/p>\n\n\n\n<p><strong>\ud83c\udfb6 Concerts \u00e0 l&#8217;IFEMA ou \u00e0 La Riviera<\/strong><\/p>\n\n\n\n<p>De grands artistes nationaux et internationaux.<\/p>\n\n\n\n<p><strong>\ud83d\udcd6 Foire du livre de Madrid \u00e0 El Retiro<\/strong><\/p>\n\n\n\n<p>Un classique incontournable du mois de juin.<\/p>\n\n\n\n<p><strong>\ud83c\udfa4 Nuits de flamenco \u00e0 Casa Patas<\/strong><\/p>\n\n\n\n<p>L&#8217;art flamenco dans toute sa splendeur.<\/p>\n\n\n\n<p><strong>\ud83c\udfac Cin\u00e9ma d&#8217;\u00e9t\u00e9 \u00e0 Conde Duque ou La Bombilla<\/strong><\/p>\n\n\n\n<p>Des films en plein air.<\/p>\n\n\n\n<figure class=\"wp-block-image\"><img decoding=\"async\" src=\"https:\/\/lh7-rt.googleusercontent.com\/docsz\/AD_4nXeVhJJJjlBpXz5XOiFqk36vShTot2jG9DQaMcYOBhjC4Al2knqUTiUesjxA9PoaSAe5cmcokYoJXRWggY89OWvitcav08b2l3CjFZi1tRVkUrZJFI2ZRWpBtl4YVw2yx7N6HALoug?key=9TFCNfyPkbmntaKJAJXgYKza\" alt=\"\"\/><\/figure>\n\n\n\n<h2 class=\"wp-block-heading\" id=\"h-nature-et-activites-de-plein-air-juin-pour-profiter-du-beau-temps\"><strong>Nature et activit\u00e9s de plein air : juin pour profiter du beau temps<\/strong><\/h2>\n\n\n\n<p><strong>\ud83c\udf33 Pique-nique \u00e0 El Capricho ou au Parque Lineal del Manzanares<\/strong><\/p>\n\n\n\n<p>Des espaces verts <strong>pour se <\/strong>d\u00e9tendre.<\/p>\n\n\n\n<p><strong>\ud83d\udeb4\u200d\u2642\ufe0f Balades \u00e0 v\u00e9lo \u00e0 Madrid R\u00edo ou \u00e0 Casa de Campo<\/strong><\/p>\n\n\n\n<p>Des itin\u00e9raires id\u00e9aux pour les cyclistes.<\/p>\n\n\n\n<p><strong>\ud83d\udea3\u200d\u2640\ufe0f Bateaux \u00e0 Retiro ou au lac de Casa de Campo<\/strong><\/p>\n\n\n\n<p>Un classique pour le beau temps.<\/p>\n\n\n\n<p><strong>\ud83c\udfde\ufe0f Excursion \u00e0 Cercedilla ou Navacerrada<\/strong><\/p>\n\n\n\n<p>Escapades d&#8217;une journ\u00e9e.<\/p>\n\n\n\n<p><strong>\ud83c\udf3a March\u00e9 aux fleurs sur la Plaza de Espa\u00f1a<\/strong><\/p>\n\n\n\n<p>Couleurs et ar\u00f4mes de l&#8217;\u00e9t\u00e9.<\/p>\n\n\n\n<figure class=\"wp-block-image\"><img decoding=\"async\" src=\"https:\/\/lh7-rt.googleusercontent.com\/docsz\/AD_4nXcT8aqwUvNczCizbDP9dj9Uj_kU6g3OD0BZK3DjVTEN6XGmn111draxtifcUkPEJ80rR2kXcXQzVqavcIrROJ61jMOpzi83Yv0ieTEr51H175BvKW7lGH1TquJCLkvH6ar-TWf3zA?key=9TFCNfyPkbmntaKJAJXgYKza\" alt=\"\"\/><\/figure>\n\n\n\n<h2 class=\"wp-block-heading\" id=\"h-madrid-en-juin-un-ete-plein-de-projets\"><strong>Madrid en juin, un \u00e9t\u00e9 plein de projets<\/strong><\/h2>\n\n\n\n<p>Le mois de juin est id\u00e9al pour profiter pleinement de Madrid. Que ce soit lors de f\u00eates, sur les terrasses, lors de concerts ou en plein air, la ville offre des exp\u00e9riences inoubliables.<\/p>\n\n\n\n<p><strong>Vivez Madrid en juin et profitez de tout ce qu&#8217;elle a \u00e0 vous offrir !<\/strong><\/p>\n","protected":false},"excerpt":{"rendered":"<p>Le mois de juin est un mois dynamique \u00e0 Madrid. Avec l&#8217;arriv\u00e9e de l&#8217;\u00e9t\u00e9, la ville se remplit de lumi\u00e8re, d&#8217;activit\u00e9s en plein air et d&#8217;\u00e9v\u00e9nements uniques. Que vous soyez amateur de culture, de gastronomie, de musique ou de nature, Madrid a quelque chose de sp\u00e9cial \u00e0 vous offrir en juin. D\u00e9couvrez nos visites priv\u00e9es [&hellip;]<\/p>\n","protected":false},"author":2,"featured_media":181079,"comment_status":"open","ping_status":"open","sticky":false,"template":"","format":"standard","meta":{"_acf_changed":false,"footnotes":""},"categories":[],"tags":[],"class_list":["post-181078","post","type-post","status-publish","format-standard","has-post-thumbnail","hentry"],"acf":[],"yoast_head":"<!-- This site is optimized with the Yoast SEO Premium plugin v25.3.1 (Yoast SEO v25.3.1) - https:\/\/yoast.com\/wordpress\/plugins\/seo\/ -->\n<title>Que faire \u00e0 Madrid en juin ? &#8212; Tour Travel And More<\/title>\n<meta name=\"description\" content=\"Que faire \u00e0 Madrid en juin ? &#8212; Tour Travel And More\" \/>\n<meta name=\"robots\" content=\"index, follow, max-snippet:-1, max-image-preview:large, max-video-preview:-1\" \/>\n<link rel=\"canonical\" href=\"https:\/\/tourtravelandmore.com\/fr\/que-faire-a-madrid-en-juin\/\" \/>\n<meta property=\"og:locale\" content=\"fr_FR\" \/>\n<meta property=\"og:type\" content=\"article\" \/>\n<meta property=\"og:title\" content=\"Que faire \u00e0 Madrid en juin ?\" \/>\n<meta property=\"og:description\" content=\"Que faire \u00e0 Madrid en juin ? &#8212; Tour Travel And More\" \/>\n<meta property=\"og:url\" content=\"https:\/\/tourtravelandmore.com\/fr\/que-faire-a-madrid-en-juin\/\" \/>\n<meta property=\"og:site_name\" content=\"Tour Travel And More\" \/>\n<meta property=\"article:publisher\" content=\"https:\/\/www.facebook.com\/tourtravelandmore\/\" \/>\n<meta property=\"article:published_time\" content=\"2025-02-28T08:22:06+00:00\" \/>\n<meta property=\"article:modified_time\" content=\"2025-05-15T19:33:17+00:00\" \/>\n<meta property=\"og:image\" content=\"https:\/\/tourtravelandmore.com\/wp-content\/uploads\/2025\/03\/Que-faire-a-Madrid-en-juin-.jpg\" \/>\n\t<meta property=\"og:image:width\" content=\"1280\" \/>\n\t<meta property=\"og:image:height\" content=\"851\" \/>\n\t<meta property=\"og:image:type\" content=\"image\/jpeg\" \/>\n<meta name=\"author\" content=\"Maya Nader Harati\" \/>\n<meta name=\"twitter:card\" content=\"summary_large_image\" \/>\n<meta name=\"twitter:creator\" content=\"@TourTravel_More\" \/>\n<meta name=\"twitter:site\" content=\"@TourTravel_More\" \/>\n<meta name=\"twitter:label1\" content=\"\u00c9crit par\" \/>\n\t<meta name=\"twitter:data1\" content=\"Maya Nader Harati\" \/>\n\t<meta name=\"twitter:label2\" content=\"Dur\u00e9e de lecture estim\u00e9e\" \/>\n\t<meta name=\"twitter:data2\" content=\"3 minutes\" \/>\n<script type=\"application\/ld+json\" class=\"yoast-schema-graph\">{\"@context\":\"https:\/\/schema.org\",\"@graph\":[{\"@type\":\"Article\",\"@id\":\"https:\/\/tourtravelandmore.com\/fr\/que-faire-a-madrid-en-juin\/#article\",\"isPartOf\":{\"@id\":\"https:\/\/tourtravelandmore.com\/fr\/que-faire-a-madrid-en-juin\/\"},\"author\":{\"name\":\"Maya Nader Harati\",\"@id\":\"https:\/\/tourtravelandmore.com\/fr\/#\/schema\/person\/2a1c66d76ae9290a394e8efb4af12e1e\"},\"headline\":\"Que faire \u00e0 Madrid en juin ?\",\"datePublished\":\"2025-02-28T08:22:06+00:00\",\"dateModified\":\"2025-05-15T19:33:17+00:00\",\"mainEntityOfPage\":{\"@id\":\"https:\/\/tourtravelandmore.com\/fr\/que-faire-a-madrid-en-juin\/\"},\"wordCount\":474,\"commentCount\":0,\"publisher\":{\"@id\":\"https:\/\/tourtravelandmore.com\/fr\/#organization\"},\"image\":{\"@id\":\"https:\/\/tourtravelandmore.com\/fr\/que-faire-a-madrid-en-juin\/#primaryimage\"},\"thumbnailUrl\":\"https:\/\/tourtravelandmore.com\/wp-content\/uploads\/2025\/03\/Que-faire-a-Madrid-en-juin-.jpg\",\"inLanguage\":\"fr-FR\",\"potentialAction\":[{\"@type\":\"CommentAction\",\"name\":\"Comment\",\"target\":[\"https:\/\/tourtravelandmore.com\/fr\/que-faire-a-madrid-en-juin\/#respond\"]}]},{\"@type\":\"WebPage\",\"@id\":\"https:\/\/tourtravelandmore.com\/fr\/que-faire-a-madrid-en-juin\/\",\"url\":\"https:\/\/tourtravelandmore.com\/fr\/que-faire-a-madrid-en-juin\/\",\"name\":\"Que faire \u00e0 Madrid en juin ? &#8212; Tour Travel And More\",\"isPartOf\":{\"@id\":\"https:\/\/tourtravelandmore.com\/fr\/#website\"},\"primaryImageOfPage\":{\"@id\":\"https:\/\/tourtravelandmore.com\/fr\/que-faire-a-madrid-en-juin\/#primaryimage\"},\"image\":{\"@id\":\"https:\/\/tourtravelandmore.com\/fr\/que-faire-a-madrid-en-juin\/#primaryimage\"},\"thumbnailUrl\":\"https:\/\/tourtravelandmore.com\/wp-content\/uploads\/2025\/03\/Que-faire-a-Madrid-en-juin-.jpg\",\"datePublished\":\"2025-02-28T08:22:06+00:00\",\"dateModified\":\"2025-05-15T19:33:17+00:00\",\"description\":\"Que faire \u00e0 Madrid en juin ? &#8212; Tour Travel And More\",\"breadcrumb\":{\"@id\":\"https:\/\/tourtravelandmore.com\/fr\/que-faire-a-madrid-en-juin\/#breadcrumb\"},\"inLanguage\":\"fr-FR\",\"potentialAction\":[{\"@type\":\"ReadAction\",\"target\":[\"https:\/\/tourtravelandmore.com\/fr\/que-faire-a-madrid-en-juin\/\"]}]},{\"@type\":\"ImageObject\",\"inLanguage\":\"fr-FR\",\"@id\":\"https:\/\/tourtravelandmore.com\/fr\/que-faire-a-madrid-en-juin\/#primaryimage\",\"url\":\"https:\/\/tourtravelandmore.com\/wp-content\/uploads\/2025\/03\/Que-faire-a-Madrid-en-juin-.jpg\",\"contentUrl\":\"https:\/\/tourtravelandmore.com\/wp-content\/uploads\/2025\/03\/Que-faire-a-Madrid-en-juin-.jpg\",\"width\":1280,\"height\":851},{\"@type\":\"BreadcrumbList\",\"@id\":\"https:\/\/tourtravelandmore.com\/fr\/que-faire-a-madrid-en-juin\/#breadcrumb\",\"itemListElement\":[{\"@type\":\"ListItem\",\"position\":1,\"name\":\"Home\",\"item\":\"https:\/\/tourtravelandmore.com\/fr\/\"},{\"@type\":\"ListItem\",\"position\":2,\"name\":\"Que faire \u00e0 Madrid en juin ?\"}]},{\"@type\":\"WebSite\",\"@id\":\"https:\/\/tourtravelandmore.com\/fr\/#website\",\"url\":\"https:\/\/tourtravelandmore.com\/fr\/\",\"name\":\"Tour Travel And More\",\"description\":\"Private sightseeing tours and luxury transfers in Spain\",\"publisher\":{\"@id\":\"https:\/\/tourtravelandmore.com\/fr\/#organization\"},\"potentialAction\":[{\"@type\":\"SearchAction\",\"target\":{\"@type\":\"EntryPoint\",\"urlTemplate\":\"https:\/\/tourtravelandmore.com\/fr\/?s={search_term_string}\"},\"query-input\":{\"@type\":\"PropertyValueSpecification\",\"valueRequired\":true,\"valueName\":\"search_term_string\"}}],\"inLanguage\":\"fr-FR\"},{\"@type\":\"Organization\",\"@id\":\"https:\/\/tourtravelandmore.com\/fr\/#organization\",\"name\":\"Tour Travel And More\",\"url\":\"https:\/\/tourtravelandmore.com\/fr\/\",\"logo\":{\"@type\":\"ImageObject\",\"inLanguage\":\"fr-FR\",\"@id\":\"https:\/\/tourtravelandmore.com\/fr\/#\/schema\/logo\/image\/\",\"url\":\"https:\/\/tourtravelandmore.com\/wp-content\/uploads\/2022\/12\/cropped-logo-cabecera-new.png\",\"contentUrl\":\"https:\/\/tourtravelandmore.com\/wp-content\/uploads\/2022\/12\/cropped-logo-cabecera-new.png\",\"width\":430,\"height\":61,\"caption\":\"Tour Travel And More\"},\"image\":{\"@id\":\"https:\/\/tourtravelandmore.com\/fr\/#\/schema\/logo\/image\/\"},\"sameAs\":[\"https:\/\/www.facebook.com\/tourtravelandmore\/\",\"https:\/\/x.com\/TourTravel_More\"]},{\"@type\":\"Person\",\"@id\":\"https:\/\/tourtravelandmore.com\/fr\/#\/schema\/person\/2a1c66d76ae9290a394e8efb4af12e1e\",\"name\":\"Maya Nader Harati\",\"image\":{\"@type\":\"ImageObject\",\"inLanguage\":\"fr-FR\",\"@id\":\"https:\/\/tourtravelandmore.com\/fr\/#\/schema\/person\/image\/\",\"url\":\"https:\/\/secure.gravatar.com\/avatar\/adc2305883b6f86a616354c0c4516fcd9a333d5f5a0806d9d1ae9b30f898fa1f?s=96&d=mm&r=g\",\"contentUrl\":\"https:\/\/secure.gravatar.com\/avatar\/adc2305883b6f86a616354c0c4516fcd9a333d5f5a0806d9d1ae9b30f898fa1f?s=96&d=mm&r=g\",\"caption\":\"Maya Nader Harati\"},\"description\":\"Cultural Destination Specialist & Travel Chronicler. Maya doesn\u2019t just travel the world; she translates it.\",\"sameAs\":[\"https:\/\/tourtravelandmore.com\/author-profile-maya-nader-harati\/\"]}]}<\/script>\n<!-- \/ Yoast SEO Premium plugin. -->","yoast_head_json":{"title":"Que faire \u00e0 Madrid en juin ? &#8212; Tour Travel And More","description":"Que faire \u00e0 Madrid en juin ? &#8212; Tour Travel And More","robots":{"index":"index","follow":"follow","max-snippet":"max-snippet:-1","max-image-preview":"max-image-preview:large","max-video-preview":"max-video-preview:-1"},"canonical":"https:\/\/tourtravelandmore.com\/fr\/que-faire-a-madrid-en-juin\/","og_locale":"fr_FR","og_type":"article","og_title":"Que faire \u00e0 Madrid en juin ?","og_description":"Que faire \u00e0 Madrid en juin ? &#8212; Tour Travel And More","og_url":"https:\/\/tourtravelandmore.com\/fr\/que-faire-a-madrid-en-juin\/","og_site_name":"Tour Travel And More","article_publisher":"https:\/\/www.facebook.com\/tourtravelandmore\/","article_published_time":"2025-02-28T08:22:06+00:00","article_modified_time":"2025-05-15T19:33:17+00:00","og_image":[{"width":1280,"height":851,"url":"https:\/\/tourtravelandmore.com\/wp-content\/uploads\/2025\/03\/Que-faire-a-Madrid-en-juin-.jpg","type":"image\/jpeg"}],"author":"Maya Nader Harati","twitter_card":"summary_large_image","twitter_creator":"@TourTravel_More","twitter_site":"@TourTravel_More","twitter_misc":{"\u00c9crit par":"Maya Nader Harati","Dur\u00e9e de lecture estim\u00e9e":"3 minutes"},"schema":{"@context":"https:\/\/schema.org","@graph":[{"@type":"Article","@id":"https:\/\/tourtravelandmore.com\/fr\/que-faire-a-madrid-en-juin\/#article","isPartOf":{"@id":"https:\/\/tourtravelandmore.com\/fr\/que-faire-a-madrid-en-juin\/"},"author":{"name":"Maya Nader Harati","@id":"https:\/\/tourtravelandmore.com\/fr\/#\/schema\/person\/2a1c66d76ae9290a394e8efb4af12e1e"},"headline":"Que faire \u00e0 Madrid en juin ?","datePublished":"2025-02-28T08:22:06+00:00","dateModified":"2025-05-15T19:33:17+00:00","mainEntityOfPage":{"@id":"https:\/\/tourtravelandmore.com\/fr\/que-faire-a-madrid-en-juin\/"},"wordCount":474,"commentCount":0,"publisher":{"@id":"https:\/\/tourtravelandmore.com\/fr\/#organization"},"image":{"@id":"https:\/\/tourtravelandmore.com\/fr\/que-faire-a-madrid-en-juin\/#primaryimage"},"thumbnailUrl":"https:\/\/tourtravelandmore.com\/wp-content\/uploads\/2025\/03\/Que-faire-a-Madrid-en-juin-.jpg","inLanguage":"fr-FR","potentialAction":[{"@type":"CommentAction","name":"Comment","target":["https:\/\/tourtravelandmore.com\/fr\/que-faire-a-madrid-en-juin\/#respond"]}]},{"@type":"WebPage","@id":"https:\/\/tourtravelandmore.com\/fr\/que-faire-a-madrid-en-juin\/","url":"https:\/\/tourtravelandmore.com\/fr\/que-faire-a-madrid-en-juin\/","name":"Que faire \u00e0 Madrid en juin ? &#8212; Tour Travel And More","isPartOf":{"@id":"https:\/\/tourtravelandmore.com\/fr\/#website"},"primaryImageOfPage":{"@id":"https:\/\/tourtravelandmore.com\/fr\/que-faire-a-madrid-en-juin\/#primaryimage"},"image":{"@id":"https:\/\/tourtravelandmore.com\/fr\/que-faire-a-madrid-en-juin\/#primaryimage"},"thumbnailUrl":"https:\/\/tourtravelandmore.com\/wp-content\/uploads\/2025\/03\/Que-faire-a-Madrid-en-juin-.jpg","datePublished":"2025-02-28T08:22:06+00:00","dateModified":"2025-05-15T19:33:17+00:00","description":"Que faire \u00e0 Madrid en juin ? &#8212; Tour Travel And More","breadcrumb":{"@id":"https:\/\/tourtravelandmore.com\/fr\/que-faire-a-madrid-en-juin\/#breadcrumb"},"inLanguage":"fr-FR","potentialAction":[{"@type":"ReadAction","target":["https:\/\/tourtravelandmore.com\/fr\/que-faire-a-madrid-en-juin\/"]}]},{"@type":"ImageObject","inLanguage":"fr-FR","@id":"https:\/\/tourtravelandmore.com\/fr\/que-faire-a-madrid-en-juin\/#primaryimage","url":"https:\/\/tourtravelandmore.com\/wp-content\/uploads\/2025\/03\/Que-faire-a-Madrid-en-juin-.jpg","contentUrl":"https:\/\/tourtravelandmore.com\/wp-content\/uploads\/2025\/03\/Que-faire-a-Madrid-en-juin-.jpg","width":1280,"height":851},{"@type":"BreadcrumbList","@id":"https:\/\/tourtravelandmore.com\/fr\/que-faire-a-madrid-en-juin\/#breadcrumb","itemListElement":[{"@type":"ListItem","position":1,"name":"Home","item":"https:\/\/tourtravelandmore.com\/fr\/"},{"@type":"ListItem","position":2,"name":"Que faire \u00e0 Madrid en juin ?"}]},{"@type":"WebSite","@id":"https:\/\/tourtravelandmore.com\/fr\/#website","url":"https:\/\/tourtravelandmore.com\/fr\/","name":"Tour Travel And More","description":"Private sightseeing tours and luxury transfers in Spain","publisher":{"@id":"https:\/\/tourtravelandmore.com\/fr\/#organization"},"potentialAction":[{"@type":"SearchAction","target":{"@type":"EntryPoint","urlTemplate":"https:\/\/tourtravelandmore.com\/fr\/?s={search_term_string}"},"query-input":{"@type":"PropertyValueSpecification","valueRequired":true,"valueName":"search_term_string"}}],"inLanguage":"fr-FR"},{"@type":"Organization","@id":"https:\/\/tourtravelandmore.com\/fr\/#organization","name":"Tour Travel And More","url":"https:\/\/tourtravelandmore.com\/fr\/","logo":{"@type":"ImageObject","inLanguage":"fr-FR","@id":"https:\/\/tourtravelandmore.com\/fr\/#\/schema\/logo\/image\/","url":"https:\/\/tourtravelandmore.com\/wp-content\/uploads\/2022\/12\/cropped-logo-cabecera-new.png","contentUrl":"https:\/\/tourtravelandmore.com\/wp-content\/uploads\/2022\/12\/cropped-logo-cabecera-new.png","width":430,"height":61,"caption":"Tour Travel And More"},"image":{"@id":"https:\/\/tourtravelandmore.com\/fr\/#\/schema\/logo\/image\/"},"sameAs":["https:\/\/www.facebook.com\/tourtravelandmore\/","https:\/\/x.com\/TourTravel_More"]},{"@type":"Person","@id":"https:\/\/tourtravelandmore.com\/fr\/#\/schema\/person\/2a1c66d76ae9290a394e8efb4af12e1e","name":"Maya Nader Harati","image":{"@type":"ImageObject","inLanguage":"fr-FR","@id":"https:\/\/tourtravelandmore.com\/fr\/#\/schema\/person\/image\/","url":"https:\/\/secure.gravatar.com\/avatar\/adc2305883b6f86a616354c0c4516fcd9a333d5f5a0806d9d1ae9b30f898fa1f?s=96&d=mm&r=g","contentUrl":"https:\/\/secure.gravatar.com\/avatar\/adc2305883b6f86a616354c0c4516fcd9a333d5f5a0806d9d1ae9b30f898fa1f?s=96&d=mm&r=g","caption":"Maya Nader Harati"},"description":"Cultural Destination Specialist & Travel Chronicler. Maya doesn\u2019t just travel the world; she translates it.","sameAs":["https:\/\/tourtravelandmore.com\/author-profile-maya-nader-harati\/"]}]}},"_links":{"self":[{"href":"https:\/\/tourtravelandmore.com\/fr\/wp-json\/wp\/v2\/posts\/181078","targetHints":{"allow":["GET"]}}],"collection":[{"href":"https:\/\/tourtravelandmore.com\/fr\/wp-json\/wp\/v2\/posts"}],"about":[{"href":"https:\/\/tourtravelandmore.com\/fr\/wp-json\/wp\/v2\/types\/post"}],"author":[{"embeddable":true,"href":"https:\/\/tourtravelandmore.com\/fr\/wp-json\/wp\/v2\/users\/2"}],"replies":[{"embeddable":true,"href":"https:\/\/tourtravelandmore.com\/fr\/wp-json\/wp\/v2\/comments?post=181078"}],"version-history":[{"count":1,"href":"https:\/\/tourtravelandmore.com\/fr\/wp-json\/wp\/v2\/posts\/181078\/revisions"}],"predecessor-version":[{"id":181082,"href":"https:\/\/tourtravelandmore.com\/fr\/wp-json\/wp\/v2\/posts\/181078\/revisions\/181082"}],"wp:featuredmedia":[{"embeddable":true,"href":"https:\/\/tourtravelandmore.com\/fr\/wp-json\/wp\/v2\/media\/181079"}],"wp:attachment":[{"href":"https:\/\/tourtravelandmore.com\/fr\/wp-json\/wp\/v2\/media?parent=181078"}],"wp:term":[{"taxonomy":"category","embeddable":true,"href":"https:\/\/tourtravelandmore.com\/fr\/wp-json\/wp\/v2\/categories?post=181078"},{"taxonomy":"post_tag","embeddable":true,"href":"https:\/\/tourtravelandmore.com\/fr\/wp-json\/wp\/v2\/tags?post=181078"}],"curies":[{"name":"wp","href":"https:\/\/api.w.org\/{rel}","templated":true}]}}