{"id":178441,"date":"2024-11-04T13:37:54","date_gmt":"2024-11-04T12:37:54","guid":{"rendered":"https:\/\/tourtravelandmore.com\/?p=178441"},"modified":"2025-05-16T15:17:53","modified_gmt":"2025-05-16T13:17:53","slug":"tor-la-montagne-maudite-des-pyrenees","status":"publish","type":"post","link":"https:\/\/tourtravelandmore.com\/fr\/tor-la-montagne-maudite-des-pyrenees\/","title":{"rendered":"Tor, la montagne maudite des Pyr\u00e9n\u00e9es"},"content":{"rendered":"\n<div class=\"wp-block-yoast-seo-table-of-contents yoast-table-of-contents\"><h2>Table of contents<\/h2><ul><li><a href=\"#h-l-histoire-de-tor-un-peuple-et-une-montagne-en-conflit\" data-level=\"2\">L&#8217;histoire de Tor : un peuple et une montagne en conflit<\/a><\/li><li><a href=\"#h-les-legendes-de-la-montagne-maudite-entre-realite-et-mythe\" data-level=\"2\">Les l\u00e9gendes de la montagne maudite : entre r\u00e9alit\u00e9 et mythe<\/a><\/li><li><a href=\"#h-nature-et-aventure-le-cote-sauvage-de-tor\" data-level=\"2\">Nature et aventure : le c\u00f4t\u00e9 sauvage de Tor<\/a><\/li><li><a href=\"#h-conseils-pour-visiter-tor-precautions-et-recommandations\" data-level=\"2\">Conseils pour visiter Tor : pr\u00e9cautions et recommandations<\/a><\/li><\/ul><\/div>\n\n\n\n<p>Situ\u00e9e au c\u0153ur des Pyr\u00e9n\u00e9es, la montagne de Tor est bien plus qu&#8217;une simple destination naturelle. Ce coin recul\u00e9 de la fronti\u00e8re entre l&#8217;Espagne et l&#8217;Andorre s&#8217;est fait conna\u00eetre non seulement pour ses paysages grandioses, mais aussi pour son aura de myst\u00e8re, de l\u00e9gendes et de conflits. Au fil des ans, Tor a \u00e9t\u00e9 au centre de nombreuses histoires de mal\u00e9dictions et de conflits territoriaux, attirant des voyageurs intr\u00e9pides \u00e0 la recherche d&#8217;une exp\u00e9rience authentique. Dans cet article, nous explorons ce qui rend Tor si fascinant, depuis son histoire et ses l\u00e9gendes jusqu&#8217;\u00e0 la beaut\u00e9 naturelle qu&#8217;il offre \u00e0 ceux qui s&#8217;y aventurent. <a href=\"https:\/\/tourtravelandmore.com\/fr\/\">D\u00e9couvrez nos visites priv\u00e9es ici !<\/a><\/p>\n\n\n\n<h2 class=\"wp-block-heading\" id=\"h-l-histoire-de-tor-un-peuple-et-une-montagne-en-conflit\"><strong>L&#8217;histoire de Tor : un peuple et une montagne en conflit<\/strong><\/h2>\n\n\n\n<p>Tor n&#8217;est pas seulement une montagne, c&#8217;est aussi le nom du petit village qui se trouve \u00e0 ses pieds. Ce village d&#8217;\u00e0 peine vingt habitants a \u00e9t\u00e9 au centre de l&#8217;un des conflits de propri\u00e9t\u00e9 les plus singuliers de la p\u00e9ninsule. L&#8217;histoire de Tor est marqu\u00e9e par des conflits entre voisins cherchant \u00e0 contr\u00f4ler les p\u00e2turages de la montagne. Pendant des ann\u00e9es, les habitants se sont livr\u00e9s \u00e0 des conflits tendus qui ont atteint leur paroxysme dans les ann\u00e9es 1980, lorsqu&#8217;une s\u00e9rie de morts et de meurtres a plac\u00e9 la r\u00e9gion sous les feux de la rampe m\u00e9diatique.<\/p>\n\n\n\n<p>La r\u00e9putation de Tor en tant que \u00ab montagne maudite \u00bb est n\u00e9e de ces luttes pour le contr\u00f4le de ses terres. Nombreux sont ceux qui pensent que la montagne est maudite en raison des morts violentes qui se sont produites dans la r\u00e9gion et de l&#8217;atmosph\u00e8re sinistre qui l&#8217;entoure. Une visite \u00e0 Tor n&#8217;est pas seulement l&#8217;occasion d&#8217;appr\u00e9cier les paysages spectaculaires, mais aussi de se rapprocher d&#8217;une histoire qui semble tout droit sortie d&#8217;un thriller \u00e0 suspense.<\/p>\n\n\n\n<figure class=\"wp-block-image\"><img decoding=\"async\" src=\"https:\/\/lh7-rt.googleusercontent.com\/docsz\/AD_4nXe43rzJmOntoBKP46INwS7BwnVOJaf-P5-rXmdyoMNcAFlFy5TfzLNLTP0oLPbxQoLQXkkd8kzao__wawQZgRWMaJg_LFfkuP5jD97Hl20p5qoBX6fD5r5DKlSdJZB4rcbmd7b01acty6E4HbVAOKWgIniK?key=vWx3ICo5h_c_w4DBO62WrdIN\" alt=\"\"\/><\/figure>\n\n\n\n<h2 class=\"wp-block-heading\" id=\"h-les-legendes-de-la-montagne-maudite-entre-realite-et-mythe\"><strong>Les l\u00e9gendes de la montagne maudite : entre r\u00e9alit\u00e9 et mythe<\/strong><\/h2>\n\n\n\n<p>La r\u00e9putation maudite de Tor ne repose pas uniquement sur des faits historiques. Comme dans beaucoup d&#8217;endroits recul\u00e9s et myst\u00e9rieux, des l\u00e9gendes ont fleuri autour de cette montagne. On raconte que les premiers colons avaient d\u00e9j\u00e0 signal\u00e9 la pr\u00e9sence de forces \u00e9tranges et d&#8217;\u00e9nergies sombres dans la r\u00e9gion. On parle de mal\u00e9dictions qui affectent ceux qui tentent de tirer profit de l&#8217;endroit, une id\u00e9e qui s&#8217;est transmise de g\u00e9n\u00e9ration en g\u00e9n\u00e9ration, renforc\u00e9e par les \u00e9v\u00e9nements violents de ces derni\u00e8res ann\u00e9es.<\/p>\n\n\n\n<p>L&#8217;une des l\u00e9gendes les plus connues est celle d&#8217;un \u00ab gardien fant\u00f4me \u00bb qui prot\u00e8ge la montagne de ceux qui cherchent \u00e0 la poss\u00e9der. Cet esprit serait \u00e0 l&#8217;origine des malheurs qui ont frapp\u00e9 les anciens propri\u00e9taires. On parle \u00e9galement de lumi\u00e8res \u00e9tranges et de bruits inexpliqu\u00e9s la nuit, que beaucoup associent \u00e0 la pr\u00e9sence de ce gardien. Pour les visiteurs, ces l\u00e9gendes conf\u00e8rent \u00e0 l&#8217;endroit un air mystique, une dose d&#8217;intrigue qui fait de Tor une destination unique dans les Pyr\u00e9n\u00e9es.<\/p>\n\n\n\n<figure class=\"wp-block-image\"><img decoding=\"async\" src=\"https:\/\/lh7-rt.googleusercontent.com\/docsz\/AD_4nXdJZO0RJrn0F_yCzChyLWBxSp5rR8JELV8j949RONoMn7itOgCYrPbZh4-UuNKfEchRXcV1zQ5UyhKl8z76vw96NPAuD2PbVWVN0HWEWSjSpCcvi1IVI5CI50FnG4lqAZWvdE8t9toosf5-6tloDaUSSnk?key=vWx3ICo5h_c_w4DBO62WrdIN\" alt=\"\"\/><\/figure>\n\n\n\n<h2 class=\"wp-block-heading\" id=\"h-nature-et-aventure-le-cote-sauvage-de-tor\"><strong>Nature et aventure : le c\u00f4t\u00e9 sauvage de Tor<\/strong><\/h2>\n\n\n\n<p>Au-del\u00e0 des l\u00e9gendes et du myst\u00e8re, Tor est un site naturel d&#8217;une beaut\u00e9 ind\u00e9niable. La montagne et ses environs offrent un paysage sauvage, intact et presque imp\u00e9n\u00e9trable, id\u00e9al pour les amoureux de la nature qui cherchent \u00e0 s&#8217;\u00e9loigner des itin\u00e9raires touristiques conventionnels. Les for\u00eats denses et les pentes abruptes des montagnes cr\u00e9ent un environnement stimulant, id\u00e9al pour la randonn\u00e9e et l&#8217;escalade.<\/p>\n\n\n\n<p>Tor abrite \u00e9galement une riche biodiversit\u00e9. Ses for\u00eats et ses prairies abritent des esp\u00e8ces indig\u00e8nes telles que l&#8217;ours brun et l&#8217;aigle royal, ce qui en fait un paradis pour les observateurs de la faune et de la flore. La montagne vous invite \u00e0 l&#8217;explorer et \u00e0 d\u00e9couvrir des coins cach\u00e9s, mais toujours avec la pr\u00e9caution de p\u00e9n\u00e9trer dans un endroit sauvage o\u00f9 l&#8217;intervention humaine est limit\u00e9e.<\/p>\n\n\n\n<p>Ceux qui choisissent de braver la rudesse de cette montagne maudite y trouveront, \u00e0 la fois, une r\u00e9compense visuelle et spirituelle difficile \u00e0 \u00e9galer.<\/p>\n\n\n\n<figure class=\"wp-block-image\"><img decoding=\"async\" src=\"https:\/\/lh7-rt.googleusercontent.com\/docsz\/AD_4nXc1o889ttbDLx8NMyejiuiK4L9ImFlnW38lKHCqAGMpxdkw0ekgJKwLzpsHCK_LR4BXryFDryh7m6Vtt77NXBHf1XGUZ91rbG2Ep6Mv0Zj8Gcv3yAd06T6iehl6qlJAUQ3PR081kK4A_B0oS1jvWrMrlFf4?key=vWx3ICo5h_c_w4DBO62WrdIN\" alt=\"\"\/><\/figure>\n\n\n\n<h2 class=\"wp-block-heading\" id=\"h-conseils-pour-visiter-tor-precautions-et-recommandations\"><strong>Conseils pour visiter Tor : pr\u00e9cautions et recommandations<\/strong><\/h2>\n\n\n\n<p>Visiter Tor demande plus que la pr\u00e9paration habituelle pour une randonn\u00e9e en montagne. La r\u00e9gion, de par sa renomm\u00e9e et les myst\u00e8res qui l&#8217;entourent, attire les voyageurs curieux, mais il est important de se rappeler que le site exige respect et prudence. Voici quelques conseils pour vivre l&#8217;exp\u00e9rience en toute s\u00e9curit\u00e9 :<\/p>\n\n\n\n<ul class=\"wp-block-list\">\n<li><strong>Un \u00e9quipement ad\u00e9quat<\/strong>: le mont Tor ne dispose d&#8217;aucune infrastructure touristique. Il est donc essentiel d&#8217;emporter un \u00e9quipement de randonn\u00e9e ad\u00e9quat, de l&#8217;eau, de la nourriture et une lampe de poche.<\/li>\n\n\n\n<li><strong>Respectez la tranquillit\u00e9 du lieu<\/strong>: Tor abrite peu d&#8217;habitants et une faune tr\u00e8s particuli\u00e8re. \u00c9vitez de faire trop de bruit et respectez les panneaux de signalisation pour pr\u00e9server la s\u00e9r\u00e9nit\u00e9 de l&#8217;environnement.<\/li>\n\n\n\n<li><strong>\u00c9vitez les itin\u00e9raires non balis\u00e9s<\/strong>: bien que l&#8217;aventure fasse partie de l&#8217;attrait de ce lieu, sortir des sentiers battus peut s&#8217;av\u00e9rer dangereux. Il est conseill\u00e9 de suivre les itin\u00e9raires connus ou d&#8217;\u00eatre accompagn\u00e9 d&#8217;un guide local si vous souhaitez explorer davantage.<\/li>\n\n\n\n<li><strong>Ne sous-estimez pas la montagne<\/strong>: malgr\u00e9 son altitude relative, le temps peut changer rapidement dans les Pyr\u00e9n\u00e9es. Il est important d&#8217;avoir des v\u00eatements adapt\u00e9s aux diff\u00e9rentes conditions m\u00e9t\u00e9orologiques.<\/li>\n<\/ul>\n\n\n\n<p>Le Tor, montagne maudite des Pyr\u00e9n\u00e9es, offre une exp\u00e9rience hors du commun, un voyage qui allie la nature, l&#8217;histoire et une touche de mysticisme. Pour ceux qui recherchent une exp\u00e9rience authentique et des histoires inoubliables, cette destination est id\u00e9ale. Entre les l\u00e9gendes de gardiens fant\u00f4mes et la nature imposante des Pyr\u00e9n\u00e9es, Tor se r\u00e9v\u00e8le comme un coin o\u00f9 l&#8217;aventure et le myst\u00e8re se rencontrent en parfaite harmonie.<\/p>\n","protected":false},"excerpt":{"rendered":"<p>D\u00e9couvrez la l\u00e9gende de Tor, la myst\u00e9rieuse montagne des Pyr\u00e9n\u00e9es, un lieu o\u00f9 la nature et le mysticisme se rencontrent. Id\u00e9al pour les aventuriers en qu\u00eate d&#8217;inconnu.<\/p>\n","protected":false},"author":2,"featured_media":178435,"comment_status":"open","ping_status":"open","sticky":false,"template":"","format":"standard","meta":{"_acf_changed":false,"footnotes":""},"categories":[3962,3914,2395],"tags":[],"class_list":["post-178441","post","type-post","status-publish","format-standard","has-post-thumbnail","hentry","category-espagne","category-europe-fr","category-non-classifiee"],"acf":[],"yoast_head":"<!-- This site is optimized with the Yoast SEO Premium plugin v25.3.1 (Yoast SEO v25.3.1) - https:\/\/yoast.com\/wordpress\/plugins\/seo\/ -->\n<title>Tor, la montagne maudite des Pyr\u00e9n\u00e9es - Tour Travel and More<\/title>\n<meta name=\"description\" content=\"Explorez Tor, l&#039;\u00e9nigmatique montagne des Pyr\u00e9n\u00e9es, entour\u00e9e de l\u00e9gendes et de mal\u00e9dictions. D\u00e9couvrez son histoire, ses secrets et la nature fascinante qui entoure cet endroit isol\u00e9, r\u00e9serv\u00e9 aux plus courageux.\" \/>\n<meta name=\"robots\" content=\"index, follow, max-snippet:-1, max-image-preview:large, max-video-preview:-1\" \/>\n<link rel=\"canonical\" href=\"https:\/\/tourtravelandmore.com\/fr\/tor-la-montagne-maudite-des-pyrenees\/\" \/>\n<meta property=\"og:locale\" content=\"fr_FR\" \/>\n<meta property=\"og:type\" content=\"article\" \/>\n<meta property=\"og:title\" content=\"Tor, la montagne maudite des Pyr\u00e9n\u00e9es\" \/>\n<meta property=\"og:description\" content=\"Explorez Tor, l&#039;\u00e9nigmatique montagne des Pyr\u00e9n\u00e9es, entour\u00e9e de l\u00e9gendes et de mal\u00e9dictions. D\u00e9couvrez son histoire, ses secrets et la nature fascinante qui entoure cet endroit isol\u00e9, r\u00e9serv\u00e9 aux plus courageux.\" \/>\n<meta property=\"og:url\" content=\"https:\/\/tourtravelandmore.com\/fr\/tor-la-montagne-maudite-des-pyrenees\/\" \/>\n<meta property=\"og:site_name\" content=\"Tour Travel And More\" \/>\n<meta property=\"article:publisher\" content=\"https:\/\/www.facebook.com\/tourtravelandmore\/\" \/>\n<meta property=\"article:published_time\" content=\"2024-11-04T12:37:54+00:00\" \/>\n<meta property=\"article:modified_time\" content=\"2025-05-16T13:17:53+00:00\" \/>\n<meta property=\"og:image\" content=\"https:\/\/tourtravelandmore.com\/wp-content\/uploads\/2024\/11\/image-1.jpeg\" \/>\n\t<meta property=\"og:image:width\" content=\"1125\" \/>\n\t<meta property=\"og:image:height\" content=\"750\" \/>\n\t<meta property=\"og:image:type\" content=\"image\/jpeg\" \/>\n<meta name=\"author\" content=\"Maya Nader Harati\" \/>\n<meta name=\"twitter:card\" content=\"summary_large_image\" \/>\n<meta name=\"twitter:creator\" content=\"@TourTravel_More\" \/>\n<meta name=\"twitter:site\" content=\"@TourTravel_More\" \/>\n<meta name=\"twitter:label1\" content=\"\u00c9crit par\" \/>\n\t<meta name=\"twitter:data1\" content=\"Maya Nader Harati\" \/>\n\t<meta name=\"twitter:label2\" content=\"Dur\u00e9e de lecture estim\u00e9e\" \/>\n\t<meta name=\"twitter:data2\" content=\"5 minutes\" \/>\n<script type=\"application\/ld+json\" class=\"yoast-schema-graph\">{\"@context\":\"https:\/\/schema.org\",\"@graph\":[{\"@type\":\"Article\",\"@id\":\"https:\/\/tourtravelandmore.com\/fr\/tor-la-montagne-maudite-des-pyrenees\/#article\",\"isPartOf\":{\"@id\":\"https:\/\/tourtravelandmore.com\/fr\/tor-la-montagne-maudite-des-pyrenees\/\"},\"author\":{\"name\":\"Maya Nader Harati\",\"@id\":\"https:\/\/tourtravelandmore.com\/fr\/#\/schema\/person\/2a1c66d76ae9290a394e8efb4af12e1e\"},\"headline\":\"Tor, la montagne maudite des Pyr\u00e9n\u00e9es\",\"datePublished\":\"2024-11-04T12:37:54+00:00\",\"dateModified\":\"2025-05-16T13:17:53+00:00\",\"mainEntityOfPage\":{\"@id\":\"https:\/\/tourtravelandmore.com\/fr\/tor-la-montagne-maudite-des-pyrenees\/\"},\"wordCount\":1086,\"commentCount\":0,\"publisher\":{\"@id\":\"https:\/\/tourtravelandmore.com\/fr\/#organization\"},\"image\":{\"@id\":\"https:\/\/tourtravelandmore.com\/fr\/tor-la-montagne-maudite-des-pyrenees\/#primaryimage\"},\"thumbnailUrl\":\"https:\/\/tourtravelandmore.com\/wp-content\/uploads\/2024\/11\/image-1.jpeg\",\"articleSection\":[\"Espagne\",\"Europe\",\"Non classifi\u00e9(e)\"],\"inLanguage\":\"fr-FR\",\"potentialAction\":[{\"@type\":\"CommentAction\",\"name\":\"Comment\",\"target\":[\"https:\/\/tourtravelandmore.com\/fr\/tor-la-montagne-maudite-des-pyrenees\/#respond\"]}],\"accessibilityFeature\":[\"tableOfContents\"]},{\"@type\":\"WebPage\",\"@id\":\"https:\/\/tourtravelandmore.com\/fr\/tor-la-montagne-maudite-des-pyrenees\/\",\"url\":\"https:\/\/tourtravelandmore.com\/fr\/tor-la-montagne-maudite-des-pyrenees\/\",\"name\":\"Tor, la montagne maudite des Pyr\u00e9n\u00e9es - Tour Travel and More\",\"isPartOf\":{\"@id\":\"https:\/\/tourtravelandmore.com\/fr\/#website\"},\"primaryImageOfPage\":{\"@id\":\"https:\/\/tourtravelandmore.com\/fr\/tor-la-montagne-maudite-des-pyrenees\/#primaryimage\"},\"image\":{\"@id\":\"https:\/\/tourtravelandmore.com\/fr\/tor-la-montagne-maudite-des-pyrenees\/#primaryimage\"},\"thumbnailUrl\":\"https:\/\/tourtravelandmore.com\/wp-content\/uploads\/2024\/11\/image-1.jpeg\",\"datePublished\":\"2024-11-04T12:37:54+00:00\",\"dateModified\":\"2025-05-16T13:17:53+00:00\",\"description\":\"Explorez Tor, l'\u00e9nigmatique montagne des Pyr\u00e9n\u00e9es, entour\u00e9e de l\u00e9gendes et de mal\u00e9dictions. D\u00e9couvrez son histoire, ses secrets et la nature fascinante qui entoure cet endroit isol\u00e9, r\u00e9serv\u00e9 aux plus courageux.\",\"breadcrumb\":{\"@id\":\"https:\/\/tourtravelandmore.com\/fr\/tor-la-montagne-maudite-des-pyrenees\/#breadcrumb\"},\"inLanguage\":\"fr-FR\",\"potentialAction\":[{\"@type\":\"ReadAction\",\"target\":[\"https:\/\/tourtravelandmore.com\/fr\/tor-la-montagne-maudite-des-pyrenees\/\"]}]},{\"@type\":\"ImageObject\",\"inLanguage\":\"fr-FR\",\"@id\":\"https:\/\/tourtravelandmore.com\/fr\/tor-la-montagne-maudite-des-pyrenees\/#primaryimage\",\"url\":\"https:\/\/tourtravelandmore.com\/wp-content\/uploads\/2024\/11\/image-1.jpeg\",\"contentUrl\":\"https:\/\/tourtravelandmore.com\/wp-content\/uploads\/2024\/11\/image-1.jpeg\",\"width\":1125,\"height\":750},{\"@type\":\"BreadcrumbList\",\"@id\":\"https:\/\/tourtravelandmore.com\/fr\/tor-la-montagne-maudite-des-pyrenees\/#breadcrumb\",\"itemListElement\":[{\"@type\":\"ListItem\",\"position\":1,\"name\":\"Home\",\"item\":\"https:\/\/tourtravelandmore.com\/fr\/\"},{\"@type\":\"ListItem\",\"position\":2,\"name\":\"Tor, la montagne maudite des Pyr\u00e9n\u00e9es\"}]},{\"@type\":\"WebSite\",\"@id\":\"https:\/\/tourtravelandmore.com\/fr\/#website\",\"url\":\"https:\/\/tourtravelandmore.com\/fr\/\",\"name\":\"Tour Travel And More\",\"description\":\"Private sightseeing tours and luxury transfers in Spain\",\"publisher\":{\"@id\":\"https:\/\/tourtravelandmore.com\/fr\/#organization\"},\"potentialAction\":[{\"@type\":\"SearchAction\",\"target\":{\"@type\":\"EntryPoint\",\"urlTemplate\":\"https:\/\/tourtravelandmore.com\/fr\/?s={search_term_string}\"},\"query-input\":{\"@type\":\"PropertyValueSpecification\",\"valueRequired\":true,\"valueName\":\"search_term_string\"}}],\"inLanguage\":\"fr-FR\"},{\"@type\":\"Organization\",\"@id\":\"https:\/\/tourtravelandmore.com\/fr\/#organization\",\"name\":\"Tour Travel And More\",\"url\":\"https:\/\/tourtravelandmore.com\/fr\/\",\"logo\":{\"@type\":\"ImageObject\",\"inLanguage\":\"fr-FR\",\"@id\":\"https:\/\/tourtravelandmore.com\/fr\/#\/schema\/logo\/image\/\",\"url\":\"https:\/\/tourtravelandmore.com\/wp-content\/uploads\/2022\/12\/cropped-logo-cabecera-new.png\",\"contentUrl\":\"https:\/\/tourtravelandmore.com\/wp-content\/uploads\/2022\/12\/cropped-logo-cabecera-new.png\",\"width\":430,\"height\":61,\"caption\":\"Tour Travel And More\"},\"image\":{\"@id\":\"https:\/\/tourtravelandmore.com\/fr\/#\/schema\/logo\/image\/\"},\"sameAs\":[\"https:\/\/www.facebook.com\/tourtravelandmore\/\",\"https:\/\/x.com\/TourTravel_More\"]},{\"@type\":\"Person\",\"@id\":\"https:\/\/tourtravelandmore.com\/fr\/#\/schema\/person\/2a1c66d76ae9290a394e8efb4af12e1e\",\"name\":\"Maya Nader Harati\",\"image\":{\"@type\":\"ImageObject\",\"inLanguage\":\"fr-FR\",\"@id\":\"https:\/\/tourtravelandmore.com\/fr\/#\/schema\/person\/image\/\",\"url\":\"https:\/\/secure.gravatar.com\/avatar\/adc2305883b6f86a616354c0c4516fcd9a333d5f5a0806d9d1ae9b30f898fa1f?s=96&d=mm&r=g\",\"contentUrl\":\"https:\/\/secure.gravatar.com\/avatar\/adc2305883b6f86a616354c0c4516fcd9a333d5f5a0806d9d1ae9b30f898fa1f?s=96&d=mm&r=g\",\"caption\":\"Maya Nader Harati\"},\"description\":\"Cultural Destination Specialist & Travel Chronicler. Maya doesn\u2019t just travel the world; she translates it.\",\"sameAs\":[\"https:\/\/tourtravelandmore.com\/author-profile-maya-nader-harati\/\"]}]}<\/script>\n<!-- \/ Yoast SEO Premium plugin. -->","yoast_head_json":{"title":"Tor, la montagne maudite des Pyr\u00e9n\u00e9es - Tour Travel and More","description":"Explorez Tor, l'\u00e9nigmatique montagne des Pyr\u00e9n\u00e9es, entour\u00e9e de l\u00e9gendes et de mal\u00e9dictions. D\u00e9couvrez son histoire, ses secrets et la nature fascinante qui entoure cet endroit isol\u00e9, r\u00e9serv\u00e9 aux plus courageux.","robots":{"index":"index","follow":"follow","max-snippet":"max-snippet:-1","max-image-preview":"max-image-preview:large","max-video-preview":"max-video-preview:-1"},"canonical":"https:\/\/tourtravelandmore.com\/fr\/tor-la-montagne-maudite-des-pyrenees\/","og_locale":"fr_FR","og_type":"article","og_title":"Tor, la montagne maudite des Pyr\u00e9n\u00e9es","og_description":"Explorez Tor, l'\u00e9nigmatique montagne des Pyr\u00e9n\u00e9es, entour\u00e9e de l\u00e9gendes et de mal\u00e9dictions. D\u00e9couvrez son histoire, ses secrets et la nature fascinante qui entoure cet endroit isol\u00e9, r\u00e9serv\u00e9 aux plus courageux.","og_url":"https:\/\/tourtravelandmore.com\/fr\/tor-la-montagne-maudite-des-pyrenees\/","og_site_name":"Tour Travel And More","article_publisher":"https:\/\/www.facebook.com\/tourtravelandmore\/","article_published_time":"2024-11-04T12:37:54+00:00","article_modified_time":"2025-05-16T13:17:53+00:00","og_image":[{"width":1125,"height":750,"url":"https:\/\/tourtravelandmore.com\/wp-content\/uploads\/2024\/11\/image-1.jpeg","type":"image\/jpeg"}],"author":"Maya Nader Harati","twitter_card":"summary_large_image","twitter_creator":"@TourTravel_More","twitter_site":"@TourTravel_More","twitter_misc":{"\u00c9crit par":"Maya Nader Harati","Dur\u00e9e de lecture estim\u00e9e":"5 minutes"},"schema":{"@context":"https:\/\/schema.org","@graph":[{"@type":"Article","@id":"https:\/\/tourtravelandmore.com\/fr\/tor-la-montagne-maudite-des-pyrenees\/#article","isPartOf":{"@id":"https:\/\/tourtravelandmore.com\/fr\/tor-la-montagne-maudite-des-pyrenees\/"},"author":{"name":"Maya Nader Harati","@id":"https:\/\/tourtravelandmore.com\/fr\/#\/schema\/person\/2a1c66d76ae9290a394e8efb4af12e1e"},"headline":"Tor, la montagne maudite des Pyr\u00e9n\u00e9es","datePublished":"2024-11-04T12:37:54+00:00","dateModified":"2025-05-16T13:17:53+00:00","mainEntityOfPage":{"@id":"https:\/\/tourtravelandmore.com\/fr\/tor-la-montagne-maudite-des-pyrenees\/"},"wordCount":1086,"commentCount":0,"publisher":{"@id":"https:\/\/tourtravelandmore.com\/fr\/#organization"},"image":{"@id":"https:\/\/tourtravelandmore.com\/fr\/tor-la-montagne-maudite-des-pyrenees\/#primaryimage"},"thumbnailUrl":"https:\/\/tourtravelandmore.com\/wp-content\/uploads\/2024\/11\/image-1.jpeg","articleSection":["Espagne","Europe","Non classifi\u00e9(e)"],"inLanguage":"fr-FR","potentialAction":[{"@type":"CommentAction","name":"Comment","target":["https:\/\/tourtravelandmore.com\/fr\/tor-la-montagne-maudite-des-pyrenees\/#respond"]}],"accessibilityFeature":["tableOfContents"]},{"@type":"WebPage","@id":"https:\/\/tourtravelandmore.com\/fr\/tor-la-montagne-maudite-des-pyrenees\/","url":"https:\/\/tourtravelandmore.com\/fr\/tor-la-montagne-maudite-des-pyrenees\/","name":"Tor, la montagne maudite des Pyr\u00e9n\u00e9es - Tour Travel and More","isPartOf":{"@id":"https:\/\/tourtravelandmore.com\/fr\/#website"},"primaryImageOfPage":{"@id":"https:\/\/tourtravelandmore.com\/fr\/tor-la-montagne-maudite-des-pyrenees\/#primaryimage"},"image":{"@id":"https:\/\/tourtravelandmore.com\/fr\/tor-la-montagne-maudite-des-pyrenees\/#primaryimage"},"thumbnailUrl":"https:\/\/tourtravelandmore.com\/wp-content\/uploads\/2024\/11\/image-1.jpeg","datePublished":"2024-11-04T12:37:54+00:00","dateModified":"2025-05-16T13:17:53+00:00","description":"Explorez Tor, l'\u00e9nigmatique montagne des Pyr\u00e9n\u00e9es, entour\u00e9e de l\u00e9gendes et de mal\u00e9dictions. D\u00e9couvrez son histoire, ses secrets et la nature fascinante qui entoure cet endroit isol\u00e9, r\u00e9serv\u00e9 aux plus courageux.","breadcrumb":{"@id":"https:\/\/tourtravelandmore.com\/fr\/tor-la-montagne-maudite-des-pyrenees\/#breadcrumb"},"inLanguage":"fr-FR","potentialAction":[{"@type":"ReadAction","target":["https:\/\/tourtravelandmore.com\/fr\/tor-la-montagne-maudite-des-pyrenees\/"]}]},{"@type":"ImageObject","inLanguage":"fr-FR","@id":"https:\/\/tourtravelandmore.com\/fr\/tor-la-montagne-maudite-des-pyrenees\/#primaryimage","url":"https:\/\/tourtravelandmore.com\/wp-content\/uploads\/2024\/11\/image-1.jpeg","contentUrl":"https:\/\/tourtravelandmore.com\/wp-content\/uploads\/2024\/11\/image-1.jpeg","width":1125,"height":750},{"@type":"BreadcrumbList","@id":"https:\/\/tourtravelandmore.com\/fr\/tor-la-montagne-maudite-des-pyrenees\/#breadcrumb","itemListElement":[{"@type":"ListItem","position":1,"name":"Home","item":"https:\/\/tourtravelandmore.com\/fr\/"},{"@type":"ListItem","position":2,"name":"Tor, la montagne maudite des Pyr\u00e9n\u00e9es"}]},{"@type":"WebSite","@id":"https:\/\/tourtravelandmore.com\/fr\/#website","url":"https:\/\/tourtravelandmore.com\/fr\/","name":"Tour Travel And More","description":"Private sightseeing tours and luxury transfers in Spain","publisher":{"@id":"https:\/\/tourtravelandmore.com\/fr\/#organization"},"potentialAction":[{"@type":"SearchAction","target":{"@type":"EntryPoint","urlTemplate":"https:\/\/tourtravelandmore.com\/fr\/?s={search_term_string}"},"query-input":{"@type":"PropertyValueSpecification","valueRequired":true,"valueName":"search_term_string"}}],"inLanguage":"fr-FR"},{"@type":"Organization","@id":"https:\/\/tourtravelandmore.com\/fr\/#organization","name":"Tour Travel And More","url":"https:\/\/tourtravelandmore.com\/fr\/","logo":{"@type":"ImageObject","inLanguage":"fr-FR","@id":"https:\/\/tourtravelandmore.com\/fr\/#\/schema\/logo\/image\/","url":"https:\/\/tourtravelandmore.com\/wp-content\/uploads\/2022\/12\/cropped-logo-cabecera-new.png","contentUrl":"https:\/\/tourtravelandmore.com\/wp-content\/uploads\/2022\/12\/cropped-logo-cabecera-new.png","width":430,"height":61,"caption":"Tour Travel And More"},"image":{"@id":"https:\/\/tourtravelandmore.com\/fr\/#\/schema\/logo\/image\/"},"sameAs":["https:\/\/www.facebook.com\/tourtravelandmore\/","https:\/\/x.com\/TourTravel_More"]},{"@type":"Person","@id":"https:\/\/tourtravelandmore.com\/fr\/#\/schema\/person\/2a1c66d76ae9290a394e8efb4af12e1e","name":"Maya Nader Harati","image":{"@type":"ImageObject","inLanguage":"fr-FR","@id":"https:\/\/tourtravelandmore.com\/fr\/#\/schema\/person\/image\/","url":"https:\/\/secure.gravatar.com\/avatar\/adc2305883b6f86a616354c0c4516fcd9a333d5f5a0806d9d1ae9b30f898fa1f?s=96&d=mm&r=g","contentUrl":"https:\/\/secure.gravatar.com\/avatar\/adc2305883b6f86a616354c0c4516fcd9a333d5f5a0806d9d1ae9b30f898fa1f?s=96&d=mm&r=g","caption":"Maya Nader Harati"},"description":"Cultural Destination Specialist & Travel Chronicler. Maya doesn\u2019t just travel the world; she translates it.","sameAs":["https:\/\/tourtravelandmore.com\/author-profile-maya-nader-harati\/"]}]}},"_links":{"self":[{"href":"https:\/\/tourtravelandmore.com\/fr\/wp-json\/wp\/v2\/posts\/178441","targetHints":{"allow":["GET"]}}],"collection":[{"href":"https:\/\/tourtravelandmore.com\/fr\/wp-json\/wp\/v2\/posts"}],"about":[{"href":"https:\/\/tourtravelandmore.com\/fr\/wp-json\/wp\/v2\/types\/post"}],"author":[{"embeddable":true,"href":"https:\/\/tourtravelandmore.com\/fr\/wp-json\/wp\/v2\/users\/2"}],"replies":[{"embeddable":true,"href":"https:\/\/tourtravelandmore.com\/fr\/wp-json\/wp\/v2\/comments?post=178441"}],"version-history":[{"count":1,"href":"https:\/\/tourtravelandmore.com\/fr\/wp-json\/wp\/v2\/posts\/178441\/revisions"}],"predecessor-version":[{"id":178442,"href":"https:\/\/tourtravelandmore.com\/fr\/wp-json\/wp\/v2\/posts\/178441\/revisions\/178442"}],"wp:featuredmedia":[{"embeddable":true,"href":"https:\/\/tourtravelandmore.com\/fr\/wp-json\/wp\/v2\/media\/178435"}],"wp:attachment":[{"href":"https:\/\/tourtravelandmore.com\/fr\/wp-json\/wp\/v2\/media?parent=178441"}],"wp:term":[{"taxonomy":"category","embeddable":true,"href":"https:\/\/tourtravelandmore.com\/fr\/wp-json\/wp\/v2\/categories?post=178441"},{"taxonomy":"post_tag","embeddable":true,"href":"https:\/\/tourtravelandmore.com\/fr\/wp-json\/wp\/v2\/tags?post=178441"}],"curies":[{"name":"wp","href":"https:\/\/api.w.org\/{rel}","templated":true}]}}