{"id":178100,"date":"2024-10-14T15:05:16","date_gmt":"2024-10-14T13:05:16","guid":{"rendered":"https:\/\/tourtravelandmore.com\/?p=178100"},"modified":"2025-05-16T15:18:22","modified_gmt":"2025-05-16T13:18:22","slug":"guide-de-paros-lile-grecque-ideale-a-decouvrir-en-automne","status":"publish","type":"post","link":"https:\/\/tourtravelandmore.com\/fr\/guide-de-paros-lile-grecque-ideale-a-decouvrir-en-automne\/","title":{"rendered":"Guide de Paros : l&#8217;\u00eele grecque id\u00e9ale \u00e0 d\u00e9couvrir en automne"},"content":{"rendered":"\n<div class=\"wp-block-yoast-seo-table-of-contents yoast-table-of-contents\"><h2>Table of contents<\/h2><ul><li><a href=\"#h-1-un-temps-ideal-pour-explorer-l-ile\" data-level=\"2\">1. Un temps id\u00e9al pour explorer l&#8217;\u00eele<\/a><\/li><li><a href=\"#h-2-des-villages-charmants-avec-moins-de-touristes\" data-level=\"2\">2. Des villages charmants avec moins de touristes<\/a><\/li><li><a href=\"#h-3-l-automne-la-periode-ideale-pour-la-nature-et-la-randonnee\" data-level=\"2\">3. L&#8217;automne &#8211; la p\u00e9riode id\u00e9ale pour la nature et la randonn\u00e9e<\/a><\/li><li><a href=\"#h-4-les-saveurs-de-l-automne-la-gastronomie-locale-a-son-meilleur\" data-level=\"2\">4. Les saveurs de l&#8217;automne : la gastronomie locale \u00e0 son meilleur<\/a><\/li><\/ul><\/div>\n\n\n\n<p>Paros, l&#8217;un des joyaux cach\u00e9s des Cyclades, est une destination qui rev\u00eat une beaut\u00e9 particuli\u00e8re en automne. Loin de l&#8217;agitation de l&#8217;\u00e9t\u00e9, cette \u00eele grecque se transforme en un lieu id\u00e9al pour ceux qui cherchent \u00e0 se d\u00e9tendre et \u00e0 se rapprocher de leur environnement. Avec des temp\u00e9ratures douces, des paysages de carte postale et une atmosph\u00e8re sereine, Paros offre une exp\u00e9rience authentique que de nombreux touristes manquent en se concentrant sur la haute saison. Dans cet article, nous vous expliquons pourquoi Paros est la destination id\u00e9ale \u00e0 d\u00e9couvrir en automne, et ce que vous pouvez faire \u00e0 cette p\u00e9riode de l&#8217;ann\u00e9e &#8211; <a href=\"https:\/\/tourtravelandmore.com\/fr\/\">d\u00e9couvrez nos circuits priv\u00e9s ici !<\/a><\/p>\n\n\n\n<h2 class=\"wp-block-heading\" id=\"h-1-un-temps-ideal-pour-explorer-l-ile\"><strong>1. Un temps id\u00e9al pour explorer l&#8217;\u00eele<\/strong><\/h2>\n\n\n\n<p>L&#8217;automne \u00e0 Paros s&#8217;accompagne d&#8217;un temps doux et agr\u00e9able, parfait pour explorer l&#8217;\u00eele sans les temp\u00e9ratures \u00e9touffantes de l&#8217;\u00e9t\u00e9. Pendant les mois de septembre et d&#8217;octobre, les journ\u00e9es sont encore ensoleill\u00e9es et les temp\u00e9ratures oscillent entre 20 et 25 degr\u00e9s Celsius, ce qui vous permet de vous promener le long des plages, de faire des randonn\u00e9es et de visiter les villages pittoresques sans ressentir une chaleur accablante.<\/p>\n\n\n\n<p>L&#8217;eau de mer est encore assez chaude pour s&#8217;y baigner, ce qui fait de Paros un endroit id\u00e9al pour ceux qui veulent profiter de la mer sans les foules de touristes. Des plages comme Kolymbithres ou Santa Maria deviennent des oasis de paix, id\u00e9ales pour se d\u00e9tendre ou pratiquer des sports nautiques comme la planche \u00e0 voile ou le kitesurf.<\/p>\n\n\n\n<figure class=\"wp-block-image\"><img decoding=\"async\" src=\"https:\/\/lh7-rt.googleusercontent.com\/docsz\/AD_4nXcr5mpdQM1TVOQg_58asulL-xpLRsoYhoNHJRJuL57YTvWhIrtXWLxso0NcWywKxiJBPP4Maxn29T3Qgn963zUfSDMEqX_AI2_dQjKrp7Tq4Tp8YuxXFBbiXorn3jHZOxoe4jtqfSqLmgSwSbY3uqNkAFYS?key=JX7mBz4zbDwfy1KC1d7_Jg\" alt=\"\"\/><\/figure>\n\n\n\n<h2 class=\"wp-block-heading\" id=\"h-2-des-villages-charmants-avec-moins-de-touristes\"><strong>2. Des villages charmants avec moins de touristes<\/strong><\/h2>\n\n\n\n<p>L&#8217;un des principaux attraits de Paros en automne est la tranquillit\u00e9 de ses villages. Parikia, la capitale de l&#8217;\u00eele, et Naoussa, sa ville la plus pittoresque, offrent une exp\u00e9rience beaucoup plus d\u00e9tendue \u00e0 cette \u00e9poque de l&#8217;ann\u00e9e. Les ruelles pav\u00e9es, les maisons blanchies \u00e0 la chaux et les bougainvilliers en fleurs cr\u00e9ent un cadre idyllique pour des promenades tranquilles, des arr\u00eats pour d\u00e9guster un repas en plein air ou un caf\u00e9 sur une terrasse.<\/p>\n\n\n\n<p>Naoussa, en particulier, est c\u00e9l\u00e8bre pour son port v\u00e9nitien et ses tavernes traditionnelles servant des fruits de mer frais. En automne, vous pouvez profiter d&#8217;un d\u00eener en bord de mer tout en regardant le coucher du soleil, sans l&#8217;agitation des touristes qui remplissent g\u00e9n\u00e9ralement l&#8217;endroit en \u00e9t\u00e9. C&#8217;est le moment id\u00e9al pour go\u00fbter \u00e0 la vie authentique des \u00eeles grecques.<\/p>\n\n\n\n<figure class=\"wp-block-image\"><img decoding=\"async\" src=\"https:\/\/lh7-rt.googleusercontent.com\/docsz\/AD_4nXc0YFvFsQKW5eGTaEP0aNWHv3pCMvwPyqYOkyEG53NWdgk-x-KEBh1dihWE8WiqNxXchXez8XljJC7dVniirEdqd8dwfUBa0RR9id0KxrnDfbitMBApSOictKOKiowuF86I4u7tqnMSq6kNSZxdtlUPrqg?key=JX7mBz4zbDwfy1KC1d7_Jg\" alt=\"\"\/><\/figure>\n\n\n\n<h2 class=\"wp-block-heading\" id=\"h-3-l-automne-la-periode-ideale-pour-la-nature-et-la-randonnee\"><strong>3. L&#8217;automne &#8211; la p\u00e9riode id\u00e9ale pour la nature et la randonn\u00e9e<\/strong><\/h2>\n\n\n\n<p>Si vous aimez la nature, l&#8217;automne \u00e0 Paros est la saison id\u00e9ale pour profiter des sentiers de randonn\u00e9e. L&#8217;\u00eele regorge de sentiers qui serpentent \u00e0 travers ses collines et ses vall\u00e9es, offrant des vues \u00e0 couper le souffle sur la mer \u00c9g\u00e9e et les \u00eeles voisines. L&#8217;un des itin\u00e9raires les plus populaires est celui qui relie les villages de Lefkes et de Prodromos, o\u00f9 les voyageurs peuvent marcher sur d&#8217;anciens chemins byzantins entour\u00e9s d&#8217;oliviers et de cypr\u00e8s.<\/p>\n\n\n\n<p>Lefkes, le plus haut village de Paros, est un endroit charmant pour commencer ou terminer une randonn\u00e9e. Ses rues pav\u00e9es, ses petites places et son \u00e9glise dominent le paysage et offrent une vue panoramique qui vous donnera l&#8217;impression d&#8217;\u00eatre \u00e0 une autre \u00e9poque. En automne, la v\u00e9g\u00e9tation prend des tons dor\u00e9s et ocre, cr\u00e9ant un paysage encore plus spectaculaire pour les randonneurs.<\/p>\n\n\n\n<figure class=\"wp-block-image\"><img decoding=\"async\" src=\"https:\/\/lh7-rt.googleusercontent.com\/docsz\/AD_4nXfeTifur2Vh3cmGGNvEnLGQImWbOHixolju_y9BzPfV0XARHu8zPZ-sYW1W31MqPv191RnRFkmqJ00prtDtt7Z4NcAF8MhCkBq_tuQEckLirgEghFQRIE1fNljcP6dyOBZiXwttueoafQBYYlDbnfOtszXi?key=JX7mBz4zbDwfy1KC1d7_Jg\" alt=\"\"\/><\/figure>\n\n\n\n<h2 class=\"wp-block-heading\" id=\"h-4-les-saveurs-de-l-automne-la-gastronomie-locale-a-son-meilleur\"><strong>4. Les saveurs de l&#8217;automne : la gastronomie locale \u00e0 son meilleur<\/strong><\/h2>\n\n\n\n<p>Un autre grand int\u00e9r\u00eat de visiter Paros en automne est la possibilit\u00e9 d&#8217;appr\u00e9cier la cuisine locale dans toute son authenticit\u00e9. Avec l&#8217;arriv\u00e9e de l&#8217;automne, les produits frais de l&#8217;\u00eele, tels que le raisin, les figues et les olives, sont \u00e0 leur meilleur. En outre, de nombreuses caves locales ouvrent leurs portes aux visiteurs, leur offrant la possibilit\u00e9 de go\u00fbter des vins grecs uniques, tels que l&#8217;Assyrtiko ou le Malvasia.<\/p>\n\n\n\n<p>Les tavernes de Paros adaptent \u00e9galement leurs menus \u00e0 la saison, proposant des plats traditionnels tels que le stifado, un rago\u00fbt de viande cuit lentement avec des oignons et des \u00e9pices, ou la fava, une pur\u00e9e de f\u00e8ves typique des Cyclades. Accompagn\u00e9s d&#8217;un bon vin local, ces plats r\u00e9confortants sont parfaits pour terminer une journ\u00e9e d&#8217;exploration de l&#8217;\u00eele.<\/p>\n","protected":false},"excerpt":{"rendered":"<p>Explorez Paros en automne, l&#8217;\u00eele grecque o\u00f9 la tranquillit\u00e9 et la beaut\u00e9 se conjuguent pour offrir une exp\u00e9rience unique. Parfait pour ceux qui souhaitent profiter de la Gr\u00e8ce sans l&#8217;agitation de l&#8217;\u00e9t\u00e9.<\/p>\n","protected":false},"author":2,"featured_media":178095,"comment_status":"open","ping_status":"open","sticky":false,"template":"","format":"standard","meta":{"_acf_changed":false,"footnotes":""},"categories":[3914,4323],"tags":[],"class_list":["post-178100","post","type-post","status-publish","format-standard","has-post-thumbnail","hentry","category-europe-fr","category-grece"],"acf":[],"yoast_head":"<!-- This site is optimized with the Yoast SEO Premium plugin v25.3.1 (Yoast SEO v25.3.1) - https:\/\/yoast.com\/wordpress\/plugins\/seo\/ -->\n<title>Guide to Paros : The perfect island in Greece ideal for autumn experience | Tour Travel &amp; More<\/title>\n<meta name=\"description\" content=\"D\u00e9couvrez Paros, l&#039;\u00eele grecque id\u00e9ale \u00e0 d\u00e9couvrir en automne. Avec moins de monde, des temp\u00e9ratures agr\u00e9ables et des paysages spectaculaires, Paros est la destination id\u00e9ale pour les amoureux de la tranquillit\u00e9 et de la nature.\" \/>\n<meta name=\"robots\" content=\"index, follow, max-snippet:-1, max-image-preview:large, max-video-preview:-1\" \/>\n<link rel=\"canonical\" href=\"https:\/\/tourtravelandmore.com\/fr\/guide-de-paros-lile-grecque-ideale-a-decouvrir-en-automne\/\" \/>\n<meta property=\"og:locale\" content=\"fr_FR\" \/>\n<meta property=\"og:type\" content=\"article\" \/>\n<meta property=\"og:title\" content=\"Guide de Paros : l&#039;\u00eele grecque id\u00e9ale \u00e0 d\u00e9couvrir en automne\" \/>\n<meta property=\"og:description\" content=\"D\u00e9couvrez Paros, l&#039;\u00eele grecque id\u00e9ale \u00e0 d\u00e9couvrir en automne. Avec moins de monde, des temp\u00e9ratures agr\u00e9ables et des paysages spectaculaires, Paros est la destination id\u00e9ale pour les amoureux de la tranquillit\u00e9 et de la nature.\" \/>\n<meta property=\"og:url\" content=\"https:\/\/tourtravelandmore.com\/fr\/guide-de-paros-lile-grecque-ideale-a-decouvrir-en-automne\/\" \/>\n<meta property=\"og:site_name\" content=\"Tour Travel And More\" \/>\n<meta property=\"article:publisher\" content=\"https:\/\/www.facebook.com\/tourtravelandmore\/\" \/>\n<meta property=\"article:published_time\" content=\"2024-10-14T13:05:16+00:00\" \/>\n<meta property=\"article:modified_time\" content=\"2025-05-16T13:18:22+00:00\" \/>\n<meta property=\"og:image\" content=\"https:\/\/tourtravelandmore.com\/wp-content\/uploads\/2024\/10\/image-3.jpeg\" \/>\n\t<meta property=\"og:image:width\" content=\"1280\" \/>\n\t<meta property=\"og:image:height\" content=\"844\" \/>\n\t<meta property=\"og:image:type\" content=\"image\/jpeg\" \/>\n<meta name=\"author\" content=\"Maya Nader Harati\" \/>\n<meta name=\"twitter:card\" content=\"summary_large_image\" \/>\n<meta name=\"twitter:creator\" content=\"@TourTravel_More\" \/>\n<meta name=\"twitter:site\" content=\"@TourTravel_More\" \/>\n<meta name=\"twitter:label1\" content=\"\u00c9crit par\" \/>\n\t<meta name=\"twitter:data1\" content=\"Maya Nader Harati\" \/>\n\t<meta name=\"twitter:label2\" content=\"Dur\u00e9e de lecture estim\u00e9e\" \/>\n\t<meta name=\"twitter:data2\" content=\"4 minutes\" \/>\n<script type=\"application\/ld+json\" class=\"yoast-schema-graph\">{\"@context\":\"https:\/\/schema.org\",\"@graph\":[{\"@type\":\"Article\",\"@id\":\"https:\/\/tourtravelandmore.com\/fr\/guide-de-paros-lile-grecque-ideale-a-decouvrir-en-automne\/#article\",\"isPartOf\":{\"@id\":\"https:\/\/tourtravelandmore.com\/fr\/guide-de-paros-lile-grecque-ideale-a-decouvrir-en-automne\/\"},\"author\":{\"name\":\"Maya Nader Harati\",\"@id\":\"https:\/\/tourtravelandmore.com\/fr\/#\/schema\/person\/2a1c66d76ae9290a394e8efb4af12e1e\"},\"headline\":\"Guide de Paros : l&#8217;\u00eele grecque id\u00e9ale \u00e0 d\u00e9couvrir en automne\",\"datePublished\":\"2024-10-14T13:05:16+00:00\",\"dateModified\":\"2025-05-16T13:18:22+00:00\",\"mainEntityOfPage\":{\"@id\":\"https:\/\/tourtravelandmore.com\/fr\/guide-de-paros-lile-grecque-ideale-a-decouvrir-en-automne\/\"},\"wordCount\":810,\"commentCount\":0,\"publisher\":{\"@id\":\"https:\/\/tourtravelandmore.com\/fr\/#organization\"},\"image\":{\"@id\":\"https:\/\/tourtravelandmore.com\/fr\/guide-de-paros-lile-grecque-ideale-a-decouvrir-en-automne\/#primaryimage\"},\"thumbnailUrl\":\"https:\/\/tourtravelandmore.com\/wp-content\/uploads\/2024\/10\/image-3.jpeg\",\"articleSection\":[\"Europe\",\"Gr\u00e8ce\"],\"inLanguage\":\"fr-FR\",\"potentialAction\":[{\"@type\":\"CommentAction\",\"name\":\"Comment\",\"target\":[\"https:\/\/tourtravelandmore.com\/fr\/guide-de-paros-lile-grecque-ideale-a-decouvrir-en-automne\/#respond\"]}],\"accessibilityFeature\":[\"tableOfContents\"]},{\"@type\":\"WebPage\",\"@id\":\"https:\/\/tourtravelandmore.com\/fr\/guide-de-paros-lile-grecque-ideale-a-decouvrir-en-automne\/\",\"url\":\"https:\/\/tourtravelandmore.com\/fr\/guide-de-paros-lile-grecque-ideale-a-decouvrir-en-automne\/\",\"name\":\"Guide to Paros : The perfect island in Greece ideal for autumn experience | Tour Travel & More\",\"isPartOf\":{\"@id\":\"https:\/\/tourtravelandmore.com\/fr\/#website\"},\"primaryImageOfPage\":{\"@id\":\"https:\/\/tourtravelandmore.com\/fr\/guide-de-paros-lile-grecque-ideale-a-decouvrir-en-automne\/#primaryimage\"},\"image\":{\"@id\":\"https:\/\/tourtravelandmore.com\/fr\/guide-de-paros-lile-grecque-ideale-a-decouvrir-en-automne\/#primaryimage\"},\"thumbnailUrl\":\"https:\/\/tourtravelandmore.com\/wp-content\/uploads\/2024\/10\/image-3.jpeg\",\"datePublished\":\"2024-10-14T13:05:16+00:00\",\"dateModified\":\"2025-05-16T13:18:22+00:00\",\"description\":\"D\u00e9couvrez Paros, l'\u00eele grecque id\u00e9ale \u00e0 d\u00e9couvrir en automne. Avec moins de monde, des temp\u00e9ratures agr\u00e9ables et des paysages spectaculaires, Paros est la destination id\u00e9ale pour les amoureux de la tranquillit\u00e9 et de la nature.\",\"breadcrumb\":{\"@id\":\"https:\/\/tourtravelandmore.com\/fr\/guide-de-paros-lile-grecque-ideale-a-decouvrir-en-automne\/#breadcrumb\"},\"inLanguage\":\"fr-FR\",\"potentialAction\":[{\"@type\":\"ReadAction\",\"target\":[\"https:\/\/tourtravelandmore.com\/fr\/guide-de-paros-lile-grecque-ideale-a-decouvrir-en-automne\/\"]}]},{\"@type\":\"ImageObject\",\"inLanguage\":\"fr-FR\",\"@id\":\"https:\/\/tourtravelandmore.com\/fr\/guide-de-paros-lile-grecque-ideale-a-decouvrir-en-automne\/#primaryimage\",\"url\":\"https:\/\/tourtravelandmore.com\/wp-content\/uploads\/2024\/10\/image-3.jpeg\",\"contentUrl\":\"https:\/\/tourtravelandmore.com\/wp-content\/uploads\/2024\/10\/image-3.jpeg\",\"width\":1280,\"height\":844},{\"@type\":\"BreadcrumbList\",\"@id\":\"https:\/\/tourtravelandmore.com\/fr\/guide-de-paros-lile-grecque-ideale-a-decouvrir-en-automne\/#breadcrumb\",\"itemListElement\":[{\"@type\":\"ListItem\",\"position\":1,\"name\":\"Home\",\"item\":\"https:\/\/tourtravelandmore.com\/fr\/\"},{\"@type\":\"ListItem\",\"position\":2,\"name\":\"Guide de Paros : l&#8217;\u00eele grecque id\u00e9ale \u00e0 d\u00e9couvrir en automne\"}]},{\"@type\":\"WebSite\",\"@id\":\"https:\/\/tourtravelandmore.com\/fr\/#website\",\"url\":\"https:\/\/tourtravelandmore.com\/fr\/\",\"name\":\"Tour Travel And More\",\"description\":\"Private sightseeing tours and luxury transfers in Spain\",\"publisher\":{\"@id\":\"https:\/\/tourtravelandmore.com\/fr\/#organization\"},\"potentialAction\":[{\"@type\":\"SearchAction\",\"target\":{\"@type\":\"EntryPoint\",\"urlTemplate\":\"https:\/\/tourtravelandmore.com\/fr\/?s={search_term_string}\"},\"query-input\":{\"@type\":\"PropertyValueSpecification\",\"valueRequired\":true,\"valueName\":\"search_term_string\"}}],\"inLanguage\":\"fr-FR\"},{\"@type\":\"Organization\",\"@id\":\"https:\/\/tourtravelandmore.com\/fr\/#organization\",\"name\":\"Tour Travel And More\",\"url\":\"https:\/\/tourtravelandmore.com\/fr\/\",\"logo\":{\"@type\":\"ImageObject\",\"inLanguage\":\"fr-FR\",\"@id\":\"https:\/\/tourtravelandmore.com\/fr\/#\/schema\/logo\/image\/\",\"url\":\"https:\/\/tourtravelandmore.com\/wp-content\/uploads\/2022\/12\/cropped-logo-cabecera-new.png\",\"contentUrl\":\"https:\/\/tourtravelandmore.com\/wp-content\/uploads\/2022\/12\/cropped-logo-cabecera-new.png\",\"width\":430,\"height\":61,\"caption\":\"Tour Travel And More\"},\"image\":{\"@id\":\"https:\/\/tourtravelandmore.com\/fr\/#\/schema\/logo\/image\/\"},\"sameAs\":[\"https:\/\/www.facebook.com\/tourtravelandmore\/\",\"https:\/\/x.com\/TourTravel_More\"]},{\"@type\":\"Person\",\"@id\":\"https:\/\/tourtravelandmore.com\/fr\/#\/schema\/person\/2a1c66d76ae9290a394e8efb4af12e1e\",\"name\":\"Maya Nader Harati\",\"image\":{\"@type\":\"ImageObject\",\"inLanguage\":\"fr-FR\",\"@id\":\"https:\/\/tourtravelandmore.com\/fr\/#\/schema\/person\/image\/\",\"url\":\"https:\/\/secure.gravatar.com\/avatar\/adc2305883b6f86a616354c0c4516fcd9a333d5f5a0806d9d1ae9b30f898fa1f?s=96&d=mm&r=g\",\"contentUrl\":\"https:\/\/secure.gravatar.com\/avatar\/adc2305883b6f86a616354c0c4516fcd9a333d5f5a0806d9d1ae9b30f898fa1f?s=96&d=mm&r=g\",\"caption\":\"Maya Nader Harati\"},\"description\":\"Cultural Destination Specialist & Travel Chronicler. Maya doesn\u2019t just travel the world; she translates it.\",\"sameAs\":[\"https:\/\/tourtravelandmore.com\/author-profile-maya-nader-harati\/\"]}]}<\/script>\n<!-- \/ Yoast SEO Premium plugin. -->","yoast_head_json":{"title":"Guide to Paros : The perfect island in Greece ideal for autumn experience | Tour Travel & More","description":"D\u00e9couvrez Paros, l'\u00eele grecque id\u00e9ale \u00e0 d\u00e9couvrir en automne. Avec moins de monde, des temp\u00e9ratures agr\u00e9ables et des paysages spectaculaires, Paros est la destination id\u00e9ale pour les amoureux de la tranquillit\u00e9 et de la nature.","robots":{"index":"index","follow":"follow","max-snippet":"max-snippet:-1","max-image-preview":"max-image-preview:large","max-video-preview":"max-video-preview:-1"},"canonical":"https:\/\/tourtravelandmore.com\/fr\/guide-de-paros-lile-grecque-ideale-a-decouvrir-en-automne\/","og_locale":"fr_FR","og_type":"article","og_title":"Guide de Paros : l'\u00eele grecque id\u00e9ale \u00e0 d\u00e9couvrir en automne","og_description":"D\u00e9couvrez Paros, l'\u00eele grecque id\u00e9ale \u00e0 d\u00e9couvrir en automne. Avec moins de monde, des temp\u00e9ratures agr\u00e9ables et des paysages spectaculaires, Paros est la destination id\u00e9ale pour les amoureux de la tranquillit\u00e9 et de la nature.","og_url":"https:\/\/tourtravelandmore.com\/fr\/guide-de-paros-lile-grecque-ideale-a-decouvrir-en-automne\/","og_site_name":"Tour Travel And More","article_publisher":"https:\/\/www.facebook.com\/tourtravelandmore\/","article_published_time":"2024-10-14T13:05:16+00:00","article_modified_time":"2025-05-16T13:18:22+00:00","og_image":[{"width":1280,"height":844,"url":"https:\/\/tourtravelandmore.com\/wp-content\/uploads\/2024\/10\/image-3.jpeg","type":"image\/jpeg"}],"author":"Maya Nader Harati","twitter_card":"summary_large_image","twitter_creator":"@TourTravel_More","twitter_site":"@TourTravel_More","twitter_misc":{"\u00c9crit par":"Maya Nader Harati","Dur\u00e9e de lecture estim\u00e9e":"4 minutes"},"schema":{"@context":"https:\/\/schema.org","@graph":[{"@type":"Article","@id":"https:\/\/tourtravelandmore.com\/fr\/guide-de-paros-lile-grecque-ideale-a-decouvrir-en-automne\/#article","isPartOf":{"@id":"https:\/\/tourtravelandmore.com\/fr\/guide-de-paros-lile-grecque-ideale-a-decouvrir-en-automne\/"},"author":{"name":"Maya Nader Harati","@id":"https:\/\/tourtravelandmore.com\/fr\/#\/schema\/person\/2a1c66d76ae9290a394e8efb4af12e1e"},"headline":"Guide de Paros : l&#8217;\u00eele grecque id\u00e9ale \u00e0 d\u00e9couvrir en automne","datePublished":"2024-10-14T13:05:16+00:00","dateModified":"2025-05-16T13:18:22+00:00","mainEntityOfPage":{"@id":"https:\/\/tourtravelandmore.com\/fr\/guide-de-paros-lile-grecque-ideale-a-decouvrir-en-automne\/"},"wordCount":810,"commentCount":0,"publisher":{"@id":"https:\/\/tourtravelandmore.com\/fr\/#organization"},"image":{"@id":"https:\/\/tourtravelandmore.com\/fr\/guide-de-paros-lile-grecque-ideale-a-decouvrir-en-automne\/#primaryimage"},"thumbnailUrl":"https:\/\/tourtravelandmore.com\/wp-content\/uploads\/2024\/10\/image-3.jpeg","articleSection":["Europe","Gr\u00e8ce"],"inLanguage":"fr-FR","potentialAction":[{"@type":"CommentAction","name":"Comment","target":["https:\/\/tourtravelandmore.com\/fr\/guide-de-paros-lile-grecque-ideale-a-decouvrir-en-automne\/#respond"]}],"accessibilityFeature":["tableOfContents"]},{"@type":"WebPage","@id":"https:\/\/tourtravelandmore.com\/fr\/guide-de-paros-lile-grecque-ideale-a-decouvrir-en-automne\/","url":"https:\/\/tourtravelandmore.com\/fr\/guide-de-paros-lile-grecque-ideale-a-decouvrir-en-automne\/","name":"Guide to Paros : The perfect island in Greece ideal for autumn experience | Tour Travel & More","isPartOf":{"@id":"https:\/\/tourtravelandmore.com\/fr\/#website"},"primaryImageOfPage":{"@id":"https:\/\/tourtravelandmore.com\/fr\/guide-de-paros-lile-grecque-ideale-a-decouvrir-en-automne\/#primaryimage"},"image":{"@id":"https:\/\/tourtravelandmore.com\/fr\/guide-de-paros-lile-grecque-ideale-a-decouvrir-en-automne\/#primaryimage"},"thumbnailUrl":"https:\/\/tourtravelandmore.com\/wp-content\/uploads\/2024\/10\/image-3.jpeg","datePublished":"2024-10-14T13:05:16+00:00","dateModified":"2025-05-16T13:18:22+00:00","description":"D\u00e9couvrez Paros, l'\u00eele grecque id\u00e9ale \u00e0 d\u00e9couvrir en automne. Avec moins de monde, des temp\u00e9ratures agr\u00e9ables et des paysages spectaculaires, Paros est la destination id\u00e9ale pour les amoureux de la tranquillit\u00e9 et de la nature.","breadcrumb":{"@id":"https:\/\/tourtravelandmore.com\/fr\/guide-de-paros-lile-grecque-ideale-a-decouvrir-en-automne\/#breadcrumb"},"inLanguage":"fr-FR","potentialAction":[{"@type":"ReadAction","target":["https:\/\/tourtravelandmore.com\/fr\/guide-de-paros-lile-grecque-ideale-a-decouvrir-en-automne\/"]}]},{"@type":"ImageObject","inLanguage":"fr-FR","@id":"https:\/\/tourtravelandmore.com\/fr\/guide-de-paros-lile-grecque-ideale-a-decouvrir-en-automne\/#primaryimage","url":"https:\/\/tourtravelandmore.com\/wp-content\/uploads\/2024\/10\/image-3.jpeg","contentUrl":"https:\/\/tourtravelandmore.com\/wp-content\/uploads\/2024\/10\/image-3.jpeg","width":1280,"height":844},{"@type":"BreadcrumbList","@id":"https:\/\/tourtravelandmore.com\/fr\/guide-de-paros-lile-grecque-ideale-a-decouvrir-en-automne\/#breadcrumb","itemListElement":[{"@type":"ListItem","position":1,"name":"Home","item":"https:\/\/tourtravelandmore.com\/fr\/"},{"@type":"ListItem","position":2,"name":"Guide de Paros : l&#8217;\u00eele grecque id\u00e9ale \u00e0 d\u00e9couvrir en automne"}]},{"@type":"WebSite","@id":"https:\/\/tourtravelandmore.com\/fr\/#website","url":"https:\/\/tourtravelandmore.com\/fr\/","name":"Tour Travel And More","description":"Private sightseeing tours and luxury transfers in Spain","publisher":{"@id":"https:\/\/tourtravelandmore.com\/fr\/#organization"},"potentialAction":[{"@type":"SearchAction","target":{"@type":"EntryPoint","urlTemplate":"https:\/\/tourtravelandmore.com\/fr\/?s={search_term_string}"},"query-input":{"@type":"PropertyValueSpecification","valueRequired":true,"valueName":"search_term_string"}}],"inLanguage":"fr-FR"},{"@type":"Organization","@id":"https:\/\/tourtravelandmore.com\/fr\/#organization","name":"Tour Travel And More","url":"https:\/\/tourtravelandmore.com\/fr\/","logo":{"@type":"ImageObject","inLanguage":"fr-FR","@id":"https:\/\/tourtravelandmore.com\/fr\/#\/schema\/logo\/image\/","url":"https:\/\/tourtravelandmore.com\/wp-content\/uploads\/2022\/12\/cropped-logo-cabecera-new.png","contentUrl":"https:\/\/tourtravelandmore.com\/wp-content\/uploads\/2022\/12\/cropped-logo-cabecera-new.png","width":430,"height":61,"caption":"Tour Travel And More"},"image":{"@id":"https:\/\/tourtravelandmore.com\/fr\/#\/schema\/logo\/image\/"},"sameAs":["https:\/\/www.facebook.com\/tourtravelandmore\/","https:\/\/x.com\/TourTravel_More"]},{"@type":"Person","@id":"https:\/\/tourtravelandmore.com\/fr\/#\/schema\/person\/2a1c66d76ae9290a394e8efb4af12e1e","name":"Maya Nader Harati","image":{"@type":"ImageObject","inLanguage":"fr-FR","@id":"https:\/\/tourtravelandmore.com\/fr\/#\/schema\/person\/image\/","url":"https:\/\/secure.gravatar.com\/avatar\/adc2305883b6f86a616354c0c4516fcd9a333d5f5a0806d9d1ae9b30f898fa1f?s=96&d=mm&r=g","contentUrl":"https:\/\/secure.gravatar.com\/avatar\/adc2305883b6f86a616354c0c4516fcd9a333d5f5a0806d9d1ae9b30f898fa1f?s=96&d=mm&r=g","caption":"Maya Nader Harati"},"description":"Cultural Destination Specialist & Travel Chronicler. Maya doesn\u2019t just travel the world; she translates it.","sameAs":["https:\/\/tourtravelandmore.com\/author-profile-maya-nader-harati\/"]}]}},"_links":{"self":[{"href":"https:\/\/tourtravelandmore.com\/fr\/wp-json\/wp\/v2\/posts\/178100","targetHints":{"allow":["GET"]}}],"collection":[{"href":"https:\/\/tourtravelandmore.com\/fr\/wp-json\/wp\/v2\/posts"}],"about":[{"href":"https:\/\/tourtravelandmore.com\/fr\/wp-json\/wp\/v2\/types\/post"}],"author":[{"embeddable":true,"href":"https:\/\/tourtravelandmore.com\/fr\/wp-json\/wp\/v2\/users\/2"}],"replies":[{"embeddable":true,"href":"https:\/\/tourtravelandmore.com\/fr\/wp-json\/wp\/v2\/comments?post=178100"}],"version-history":[{"count":1,"href":"https:\/\/tourtravelandmore.com\/fr\/wp-json\/wp\/v2\/posts\/178100\/revisions"}],"predecessor-version":[{"id":178101,"href":"https:\/\/tourtravelandmore.com\/fr\/wp-json\/wp\/v2\/posts\/178100\/revisions\/178101"}],"wp:featuredmedia":[{"embeddable":true,"href":"https:\/\/tourtravelandmore.com\/fr\/wp-json\/wp\/v2\/media\/178095"}],"wp:attachment":[{"href":"https:\/\/tourtravelandmore.com\/fr\/wp-json\/wp\/v2\/media?parent=178100"}],"wp:term":[{"taxonomy":"category","embeddable":true,"href":"https:\/\/tourtravelandmore.com\/fr\/wp-json\/wp\/v2\/categories?post=178100"},{"taxonomy":"post_tag","embeddable":true,"href":"https:\/\/tourtravelandmore.com\/fr\/wp-json\/wp\/v2\/tags?post=178100"}],"curies":[{"name":"wp","href":"https:\/\/api.w.org\/{rel}","templated":true}]}}