{"id":178028,"date":"2024-09-30T16:06:42","date_gmt":"2024-09-30T14:06:42","guid":{"rendered":"https:\/\/tourtravelandmore.com\/?p=178028"},"modified":"2025-05-16T15:19:54","modified_gmt":"2025-05-16T13:19:54","slug":"la-mort-en-galice-un-voyage-a-travers-lhistoire-la-tradition-et-le-mystere","status":"publish","type":"post","link":"https:\/\/tourtravelandmore.com\/fr\/la-mort-en-galice-un-voyage-a-travers-lhistoire-la-tradition-et-le-mystere\/","title":{"rendered":"La mort en Galice : Un voyage \u00e0 travers l&#8217;histoire, la tradition et le myst\u00e8re"},"content":{"rendered":"\n<div class=\"wp-block-yoast-seo-table-of-contents yoast-table-of-contents\"><h2>Table of contents<\/h2><ul><li><a href=\"#h-1-un-lien-profond-avec-l-au-dela\" data-level=\"2\">1. Un lien profond avec l&#8217;au-del\u00e0<\/a><\/li><li><a href=\"#h-2-les-rituels-et-les-fetes-une-celebration-de-la-vie-et-de-la-mort\" data-level=\"2\">2. Les rituels et les f\u00eates : Une c\u00e9l\u00e9bration de la vie et de la mort<\/a><\/li><li><a href=\"#h-3-espaces-sacres-les-cimetieres-comme-reperes-culturels\" data-level=\"2\">3. Espaces sacr\u00e9s : Les cimeti\u00e8res comme rep\u00e8res culturels<\/a><\/li><li><a href=\"#h-4-pelerinage-au-bout-du-monde-finisterre\" data-level=\"2\">4. P\u00e8lerinage au bout du monde : Finisterre<\/a><\/li><\/ul><\/div>\n\n\n\n<p>La Galice, terre mystique situ\u00e9e au nord-ouest de l&#8217;Espagne, est souvent associ\u00e9e \u00e0 des paysages verdoyants, \u00e0 des traditions anciennes et au bleu profond de l&#8217;oc\u00e9an Atlantique. Cependant, il existe une autre facette de cette r\u00e9gion qui capte l&#8217;imagination de nombreux voyageurs : sa relation avec la mort. Le point de vue unique de la Galice sur la mort n&#8217;est pas morbide, mais fait partie int\u00e9grante de son tissu culturel, tiss\u00e9 \u00e0 travers des si\u00e8cles de folklore, de religion et d&#8217;histoire. Ce voyage vous fera d\u00e9couvrir l&#8217;approche fascinante de la mort en Galice, en explorant comment elle a fa\u00e7onn\u00e9 l&#8217;identit\u00e9 de la r\u00e9gion et ce qui en fait une destination intrigante pour ceux qui recherchent plus que des paysages pittoresques. <a href=\"https:\/\/tourtravelandmore.com\/fr\/\">Consultez nos visites priv\u00e9es ici !<\/a><\/p>\n\n\n\n<h2 class=\"wp-block-heading\" id=\"h-1-un-lien-profond-avec-l-au-dela\"><strong>1. Un lien profond avec l&#8217;au-del\u00e0<\/strong><\/h2>\n\n\n\n<p>La relation de la Galice avec la mort est profond\u00e9ment enracin\u00e9e dans son h\u00e9ritage celtique, o\u00f9 la mort n&#8217;est pas consid\u00e9r\u00e9e comme une fin mais comme une transition. Le lien des Galiciens avec l&#8217;au-del\u00e0 se refl\u00e8te dans leurs traditions, l\u00e9gendes et rituels, dont beaucoup ont \u00e9t\u00e9 transmis de g\u00e9n\u00e9ration en g\u00e9n\u00e9ration. La r\u00e9gion est parsem\u00e9e de tumulus pr\u00e9chr\u00e9tiens appel\u00e9s \u00ab m\u00e1moas \u00bb et d&#8217;anciens dolmens, qui t\u00e9moignent d&#8217;une \u00e9poque o\u00f9 la fronti\u00e8re entre les vivants et les morts \u00e9tait floue. Aujourd&#8217;hui encore, ces sites sont visit\u00e9s par les habitants et les touristes, qui viennent se recueillir et ressentir l&#8217;\u00e9nergie ancienne qui perdure.<\/p>\n\n\n\n<p>L&#8217;un des symboles les plus embl\u00e9matiques du lien entre la Galice et la mort est la Santa Compa\u00f1a, une procession fantomatique d&#8217;\u00e2mes men\u00e9e par une personne vivante qui porte une croix. Selon la l\u00e9gende, ce sinistre d\u00e9fil\u00e9 d&#8217;esprits parcourt la campagne la nuit, annon\u00e7ant la mort et le malheur. Loin d&#8217;\u00eatre une histoire effrayante, la Santa Compa\u00f1a fait partie int\u00e9grante du folklore galicien, soulignant que la r\u00e9gion accepte et respecte la mort comme un \u00e9l\u00e9ment naturel et in\u00e9vitable de la vie.<\/p>\n\n\n\n<figure class=\"wp-block-image\"><img decoding=\"async\" src=\"https:\/\/lh7-rt.googleusercontent.com\/docsz\/AD_4nXdkfDqC1uLTs-Lp2mTLdV6QNsdcsvRfwrWWo4Xkq-I0r2JF3652GfUfpV82p6p47hGisfbd8JKp9lGtDXK-z-r6xbQtquALmbh0x8CauavyyV9gacRAI3-MbKxfAjNM4F83Cfzi0a7JzLhubnDfSCmudR8?key=U9e_jPHX9sTJhsM5eC2d2Q\" alt=\"\"\/><\/figure>\n\n\n\n<h2 class=\"wp-block-heading\" id=\"h-2-les-rituels-et-les-fetes-une-celebration-de-la-vie-et-de-la-mort\"><strong>2. Les rituels et les f\u00eates : Une c\u00e9l\u00e9bration de la vie et de la mort<\/strong><\/h2>\n\n\n\n<p>Le point de vue unique de la Galice sur la mort se refl\u00e8te \u00e9galement dans ses rituels et ses festivals, qui c\u00e9l\u00e8brent la coexistence de la vie et de l&#8217;au-del\u00e0. Le plus connu est sans doute le jour des morts, ou \u00ab D\u00eda de Difuntos \u00bb, c\u00e9l\u00e9br\u00e9 le 2 novembre. Contrairement \u00e0 d&#8217;autres r\u00e9gions d&#8217;Espagne, o\u00f9 ce jour est marqu\u00e9 par la solennit\u00e9, les Galiciens l&#8217;abordent souvent avec un m\u00e9lange de r\u00e9v\u00e9rence et de c\u00e9l\u00e9bration. Les familles se r\u00e9unissent pour nettoyer et d\u00e9corer les tombes, en y d\u00e9posant des offrandes de nourriture, de fleurs et de bougies en l&#8217;honneur de leurs proches disparus. Cette journ\u00e9e n&#8217;est pas seulement l&#8217;occasion de pleurer, mais aussi de c\u00e9l\u00e9brer la vie de ceux qui ont disparu, renfor\u00e7ant ainsi le lien entre les vivants et les morts.<\/p>\n\n\n\n<p>Une autre tradition fascinante est la \u00ab Noite Meiga \u00bb (nuit des sorci\u00e8res), c\u00e9l\u00e9br\u00e9e dans diverses r\u00e9gions de Galice. Cette nuit est ponctu\u00e9e de feux de joie, de sortil\u00e8ges et du c\u00e9l\u00e8bre rituel de la queimada, au cours duquel une puissante boisson alcoolis\u00e9e \u00e0 base d&#8217;orujo est enflamm\u00e9e pendant qu&#8217;une incantation sp\u00e9ciale est r\u00e9cit\u00e9e pour \u00e9loigner les mauvais esprits. Ce rituel n&#8217;est pas seulement un clin d&#8217;\u0153il au pass\u00e9 celtique de la Galice, mais aussi une incarnation de sa croyance dans le mystique et le surnaturel. C&#8217;est une expression vibrante de la fa\u00e7on dont les Galiciens embrassent l&#8217;inconnu, faisant de la mort et du surnaturel une partie de leur vie quotidienne.<\/p>\n\n\n\n<figure class=\"wp-block-image\"><img decoding=\"async\" src=\"https:\/\/lh7-rt.googleusercontent.com\/docsz\/AD_4nXe1bm6WLFtQFN9qhYVV4WWdSzF__dMnQ3-ZZ-nozkSaoqHdv10_jpZCEvqPEujAF7UvaKutqHyFksswOyhDAYHACC25MEDz2jtcFmXAWWmg0lSpmPqNTP1pv_fBKWd71uJYYjr77Bw_EIZBcbOi8Rty2KE?key=U9e_jPHX9sTJhsM5eC2d2Q\" alt=\"\"\/><\/figure>\n\n\n\n<h2 class=\"wp-block-heading\" id=\"h-3-espaces-sacres-les-cimetieres-comme-reperes-culturels\"><strong>3. Espaces sacr\u00e9s : Les cimeti\u00e8res comme rep\u00e8res culturels<\/strong><\/h2>\n\n\n\n<p>En Galice, les cimeti\u00e8res ne sont pas seulement des lieux de deuil ; ce sont aussi des rep\u00e8res culturels qui refl\u00e8tent la richesse de l&#8217;histoire et du patrimoine artistique de la r\u00e9gion. Des cimeti\u00e8res grandioses de Saint-Jacques-de-Compostelle aux petits cimeti\u00e8res intimes des villages ruraux, chacun d&#8217;entre eux raconte l&#8217;histoire de la communaut\u00e9 qu&#8217;il dessert. Nombre de ces cimeti\u00e8res sont construits au sommet de collines ou de falaises, offrant une vue imprenable sur le paysage environnant, comme pour symboliser le voyage de l&#8217;\u00e2me de la terre vers les cieux.<\/p>\n\n\n\n<p>L&#8217;un des cimeti\u00e8res les plus remarquables est celui de Noia, connu sous le nom de \u00ab cimeti\u00e8re de l&#8217;\u00e9trange \u00bb. Ici, des pierres tombales sculpt\u00e9es de mani\u00e8re complexe, datant de l&#8217;\u00e9poque m\u00e9di\u00e9vale, sont les t\u00e9moins silencieux de si\u00e8cles d&#8217;histoire. Certaines de ces pierres tombales sont orn\u00e9es de cr\u00e2nes, de croix et d&#8217;autres symboles qui refl\u00e8tent la mentalit\u00e9 m\u00e9di\u00e9vale selon laquelle la mort est une r\u00e9alit\u00e9 omnipr\u00e9sente. L&#8217;exploration de ces espaces sacr\u00e9s offre un aper\u00e7u unique de la relation de la Galice avec la mortalit\u00e9, o\u00f9 la mort n&#8217;est pas cach\u00e9e mais affich\u00e9e dans l&#8217;art, l&#8217;architecture et la vie quotidienne.<\/p>\n\n\n\n<figure class=\"wp-block-image\"><img decoding=\"async\" src=\"https:\/\/lh7-rt.googleusercontent.com\/docsz\/AD_4nXeV49UY3uwb5ETvOLi28oHPvrord-fHj9JQk1OCtcIOqcJv1E0pmEY9whxHTc6DaB4Tpu361okywLSCg-1fBULAemhwav828tjtWyyhL9BPK6iM-czhV6y99PwwSQ-SGQOXoNx6yy1DT-Ps0wbUFFexB48?key=U9e_jPHX9sTJhsM5eC2d2Q\" alt=\"\"\/><\/figure>\n\n\n\n<h2 class=\"wp-block-heading\" id=\"h-4-pelerinage-au-bout-du-monde-finisterre\"><strong>4. P\u00e8lerinage au bout du monde : Finisterre<\/strong><\/h2>\n\n\n\n<p>Pour beaucoup, un voyage \u00e0 travers la relation de la Galice avec la mort ne serait pas complet sans une visite \u00e0 Finisterre, qui signifie litt\u00e9ralement \u00ab la fin du monde \u00bb. Cette ville c\u00f4ti\u00e8re accident\u00e9e \u00e9tait autrefois consid\u00e9r\u00e9e comme le point le plus \u00e0 l&#8217;ouest du monde connu, l\u00e0 o\u00f9 la terre se termine et o\u00f9 l&#8217;oc\u00e9an, vaste et inconnu, commence. C&#8217;\u00e9tait un lieu de p\u00e8lerinage bien avant l&#8217;\u00e8re chr\u00e9tienne et, aujourd&#8217;hui encore, de nombreux p\u00e8lerins prolongent leur voyage sur le Camino de Santiago jusqu&#8217;\u00e0 Finisterre, \u00e0 la recherche d&#8217;une fin, d&#8217;une r\u00e9flexion ou d&#8217;une fin symbolique \u00e0 leur propre voyage.<\/p>\n\n\n\n<p>Les falaises spectaculaires du cap et le bruit obs\u00e9dant des vagues qui se brisent contre les rochers cr\u00e9ent une atmosph\u00e8re \u00e0 la fois belle et contemplative. \u00c0 la fin du chemin, de nombreux p\u00e8lerins laissent derri\u00e8re eux un symbole &#8211; une pierre, un mot ou m\u00eame un v\u00eatement &#8211; afin de se d\u00e9faire du pass\u00e9 et d&#8217;embrasser un nouveau d\u00e9part. Cet acte est profond\u00e9ment symbolique de la fa\u00e7on dont la Galice envisage la mort : non pas comme une fin, mais comme une \u00e9tape dans un voyage plus vaste et continu.<\/p>\n\n\n\n<p>L&#8217;approche de la mort en Galice t\u00e9moigne de l&#8217;identit\u00e9 culturelle unique de la r\u00e9gion. C&#8217;est un endroit o\u00f9 les fronti\u00e8res entre la vie et la mort sont c\u00e9l\u00e9br\u00e9es plut\u00f4t que redout\u00e9es, o\u00f9 le pass\u00e9 se perp\u00e9tue \u00e0 travers des rituels, des festivals et des espaces sacr\u00e9s. Un voyage en Galice n&#8217;est pas seulement un voyage \u00e0 travers des paysages magnifiques, mais une exploration d&#8217;une r\u00e9gion qui vous invite \u00e0 r\u00e9fl\u00e9chir \u00e0 la vie, \u00e0 la mort et \u00e0 tout ce qui se trouve entre les deux. Ainsi, que vous veniez pour assister \u00e0 la mystique Santa Compa\u00f1a, pour c\u00e9l\u00e9brer avec les vivants et les morts ou pour trouver la paix au bout du monde, la Galice vous offre une exp\u00e9rience profonde et inoubliable qui va bien au-del\u00e0 des sentiers touristiques habituels.<\/p>\n","protected":false},"excerpt":{"rendered":"<p>Plongez dans la perspective unique de la Galice sur la mort, o\u00f9 les anciennes traditions celtiques, les l\u00e9gendes fantomatiques et les espaces sacr\u00e9s r\u00e9v\u00e8lent un lien profond avec l&#8217;au-del\u00e0. Faites l&#8217;exp\u00e9rience d&#8217;un voyage qui c\u00e9l\u00e8bre la vie, la mort et le myst\u00e8re dans ce coin enchanteur de l&#8217;Espagne.<\/p>\n","protected":false},"author":2,"featured_media":178023,"comment_status":"open","ping_status":"open","sticky":false,"template":"","format":"standard","meta":{"_acf_changed":false,"footnotes":""},"categories":[3962,3914,3966,2395],"tags":[],"class_list":["post-178028","post","type-post","status-publish","format-standard","has-post-thumbnail","hentry","category-espagne","category-europe-fr","category-galice","category-non-classifiee"],"acf":[],"yoast_head":"<!-- This site is optimized with the Yoast SEO Premium plugin v25.3.1 (Yoast SEO v25.3.1) - https:\/\/yoast.com\/wordpress\/plugins\/seo\/ -->\n<title>La mort en Galice : Un voyage \u00e0 travers l&#039;histoire, la tradition et le myst\u00e8re - Tour Travel and More<\/title>\n<meta name=\"description\" content=\"Explorez la relation unique de la Galice avec la mort \u00e0 travers son h\u00e9ritage celtique, ses rituels, ses espaces sacr\u00e9s et le l\u00e9gendaire Finisterre. D\u00e9couvrez comment cette r\u00e9gion mystique embrasse l&#039;au-del\u00e0, transformant la mort en une c\u00e9l\u00e9bration de la vie et de la tradition.\" \/>\n<meta name=\"robots\" content=\"index, follow, max-snippet:-1, max-image-preview:large, max-video-preview:-1\" \/>\n<link rel=\"canonical\" href=\"https:\/\/tourtravelandmore.com\/fr\/la-mort-en-galice-un-voyage-a-travers-lhistoire-la-tradition-et-le-mystere\/\" \/>\n<meta property=\"og:locale\" content=\"fr_FR\" \/>\n<meta property=\"og:type\" content=\"article\" \/>\n<meta property=\"og:title\" content=\"La mort en Galice : Un voyage \u00e0 travers l&#039;histoire, la tradition et le myst\u00e8re\" \/>\n<meta property=\"og:description\" content=\"Explorez la relation unique de la Galice avec la mort \u00e0 travers son h\u00e9ritage celtique, ses rituels, ses espaces sacr\u00e9s et le l\u00e9gendaire Finisterre. D\u00e9couvrez comment cette r\u00e9gion mystique embrasse l&#039;au-del\u00e0, transformant la mort en une c\u00e9l\u00e9bration de la vie et de la tradition.\" \/>\n<meta property=\"og:url\" content=\"https:\/\/tourtravelandmore.com\/fr\/la-mort-en-galice-un-voyage-a-travers-lhistoire-la-tradition-et-le-mystere\/\" \/>\n<meta property=\"og:site_name\" content=\"Tour Travel And More\" \/>\n<meta property=\"article:publisher\" content=\"https:\/\/www.facebook.com\/tourtravelandmore\/\" \/>\n<meta property=\"article:published_time\" content=\"2024-09-30T14:06:42+00:00\" \/>\n<meta property=\"article:modified_time\" content=\"2025-05-16T13:19:54+00:00\" \/>\n<meta property=\"og:image\" content=\"https:\/\/tourtravelandmore.com\/wp-content\/uploads\/2024\/09\/image-11.jpeg\" \/>\n\t<meta property=\"og:image:width\" content=\"1132\" \/>\n\t<meta property=\"og:image:height\" content=\"750\" \/>\n\t<meta property=\"og:image:type\" content=\"image\/jpeg\" \/>\n<meta name=\"author\" content=\"Maya Nader Harati\" \/>\n<meta name=\"twitter:card\" content=\"summary_large_image\" \/>\n<meta name=\"twitter:creator\" content=\"@TourTravel_More\" \/>\n<meta name=\"twitter:site\" content=\"@TourTravel_More\" \/>\n<meta name=\"twitter:label1\" content=\"\u00c9crit par\" \/>\n\t<meta name=\"twitter:data1\" content=\"Maya Nader Harati\" \/>\n\t<meta name=\"twitter:label2\" content=\"Dur\u00e9e de lecture estim\u00e9e\" \/>\n\t<meta name=\"twitter:data2\" content=\"6 minutes\" \/>\n<script type=\"application\/ld+json\" class=\"yoast-schema-graph\">{\"@context\":\"https:\/\/schema.org\",\"@graph\":[{\"@type\":\"Article\",\"@id\":\"https:\/\/tourtravelandmore.com\/fr\/la-mort-en-galice-un-voyage-a-travers-lhistoire-la-tradition-et-le-mystere\/#article\",\"isPartOf\":{\"@id\":\"https:\/\/tourtravelandmore.com\/fr\/la-mort-en-galice-un-voyage-a-travers-lhistoire-la-tradition-et-le-mystere\/\"},\"author\":{\"name\":\"Maya Nader Harati\",\"@id\":\"https:\/\/tourtravelandmore.com\/fr\/#\/schema\/person\/2a1c66d76ae9290a394e8efb4af12e1e\"},\"headline\":\"La mort en Galice : Un voyage \u00e0 travers l&#8217;histoire, la tradition et le myst\u00e8re\",\"datePublished\":\"2024-09-30T14:06:42+00:00\",\"dateModified\":\"2025-05-16T13:19:54+00:00\",\"mainEntityOfPage\":{\"@id\":\"https:\/\/tourtravelandmore.com\/fr\/la-mort-en-galice-un-voyage-a-travers-lhistoire-la-tradition-et-le-mystere\/\"},\"wordCount\":1325,\"commentCount\":0,\"publisher\":{\"@id\":\"https:\/\/tourtravelandmore.com\/fr\/#organization\"},\"image\":{\"@id\":\"https:\/\/tourtravelandmore.com\/fr\/la-mort-en-galice-un-voyage-a-travers-lhistoire-la-tradition-et-le-mystere\/#primaryimage\"},\"thumbnailUrl\":\"https:\/\/tourtravelandmore.com\/wp-content\/uploads\/2024\/09\/image-11.jpeg\",\"articleSection\":[\"Espagne\",\"Europe\",\"Galice\",\"Non classifi\u00e9(e)\"],\"inLanguage\":\"fr-FR\",\"potentialAction\":[{\"@type\":\"CommentAction\",\"name\":\"Comment\",\"target\":[\"https:\/\/tourtravelandmore.com\/fr\/la-mort-en-galice-un-voyage-a-travers-lhistoire-la-tradition-et-le-mystere\/#respond\"]}],\"accessibilityFeature\":[\"tableOfContents\"]},{\"@type\":\"WebPage\",\"@id\":\"https:\/\/tourtravelandmore.com\/fr\/la-mort-en-galice-un-voyage-a-travers-lhistoire-la-tradition-et-le-mystere\/\",\"url\":\"https:\/\/tourtravelandmore.com\/fr\/la-mort-en-galice-un-voyage-a-travers-lhistoire-la-tradition-et-le-mystere\/\",\"name\":\"La mort en Galice : Un voyage \u00e0 travers l'histoire, la tradition et le myst\u00e8re - Tour Travel and More\",\"isPartOf\":{\"@id\":\"https:\/\/tourtravelandmore.com\/fr\/#website\"},\"primaryImageOfPage\":{\"@id\":\"https:\/\/tourtravelandmore.com\/fr\/la-mort-en-galice-un-voyage-a-travers-lhistoire-la-tradition-et-le-mystere\/#primaryimage\"},\"image\":{\"@id\":\"https:\/\/tourtravelandmore.com\/fr\/la-mort-en-galice-un-voyage-a-travers-lhistoire-la-tradition-et-le-mystere\/#primaryimage\"},\"thumbnailUrl\":\"https:\/\/tourtravelandmore.com\/wp-content\/uploads\/2024\/09\/image-11.jpeg\",\"datePublished\":\"2024-09-30T14:06:42+00:00\",\"dateModified\":\"2025-05-16T13:19:54+00:00\",\"description\":\"Explorez la relation unique de la Galice avec la mort \u00e0 travers son h\u00e9ritage celtique, ses rituels, ses espaces sacr\u00e9s et le l\u00e9gendaire Finisterre. D\u00e9couvrez comment cette r\u00e9gion mystique embrasse l'au-del\u00e0, transformant la mort en une c\u00e9l\u00e9bration de la vie et de la tradition.\",\"breadcrumb\":{\"@id\":\"https:\/\/tourtravelandmore.com\/fr\/la-mort-en-galice-un-voyage-a-travers-lhistoire-la-tradition-et-le-mystere\/#breadcrumb\"},\"inLanguage\":\"fr-FR\",\"potentialAction\":[{\"@type\":\"ReadAction\",\"target\":[\"https:\/\/tourtravelandmore.com\/fr\/la-mort-en-galice-un-voyage-a-travers-lhistoire-la-tradition-et-le-mystere\/\"]}]},{\"@type\":\"ImageObject\",\"inLanguage\":\"fr-FR\",\"@id\":\"https:\/\/tourtravelandmore.com\/fr\/la-mort-en-galice-un-voyage-a-travers-lhistoire-la-tradition-et-le-mystere\/#primaryimage\",\"url\":\"https:\/\/tourtravelandmore.com\/wp-content\/uploads\/2024\/09\/image-11.jpeg\",\"contentUrl\":\"https:\/\/tourtravelandmore.com\/wp-content\/uploads\/2024\/09\/image-11.jpeg\",\"width\":1132,\"height\":750},{\"@type\":\"BreadcrumbList\",\"@id\":\"https:\/\/tourtravelandmore.com\/fr\/la-mort-en-galice-un-voyage-a-travers-lhistoire-la-tradition-et-le-mystere\/#breadcrumb\",\"itemListElement\":[{\"@type\":\"ListItem\",\"position\":1,\"name\":\"Home\",\"item\":\"https:\/\/tourtravelandmore.com\/fr\/\"},{\"@type\":\"ListItem\",\"position\":2,\"name\":\"La mort en Galice : Un voyage \u00e0 travers l&#8217;histoire, la tradition et le myst\u00e8re\"}]},{\"@type\":\"WebSite\",\"@id\":\"https:\/\/tourtravelandmore.com\/fr\/#website\",\"url\":\"https:\/\/tourtravelandmore.com\/fr\/\",\"name\":\"Tour Travel And More\",\"description\":\"Private sightseeing tours and luxury transfers in Spain\",\"publisher\":{\"@id\":\"https:\/\/tourtravelandmore.com\/fr\/#organization\"},\"potentialAction\":[{\"@type\":\"SearchAction\",\"target\":{\"@type\":\"EntryPoint\",\"urlTemplate\":\"https:\/\/tourtravelandmore.com\/fr\/?s={search_term_string}\"},\"query-input\":{\"@type\":\"PropertyValueSpecification\",\"valueRequired\":true,\"valueName\":\"search_term_string\"}}],\"inLanguage\":\"fr-FR\"},{\"@type\":\"Organization\",\"@id\":\"https:\/\/tourtravelandmore.com\/fr\/#organization\",\"name\":\"Tour Travel And More\",\"url\":\"https:\/\/tourtravelandmore.com\/fr\/\",\"logo\":{\"@type\":\"ImageObject\",\"inLanguage\":\"fr-FR\",\"@id\":\"https:\/\/tourtravelandmore.com\/fr\/#\/schema\/logo\/image\/\",\"url\":\"https:\/\/tourtravelandmore.com\/wp-content\/uploads\/2022\/12\/cropped-logo-cabecera-new.png\",\"contentUrl\":\"https:\/\/tourtravelandmore.com\/wp-content\/uploads\/2022\/12\/cropped-logo-cabecera-new.png\",\"width\":430,\"height\":61,\"caption\":\"Tour Travel And More\"},\"image\":{\"@id\":\"https:\/\/tourtravelandmore.com\/fr\/#\/schema\/logo\/image\/\"},\"sameAs\":[\"https:\/\/www.facebook.com\/tourtravelandmore\/\",\"https:\/\/x.com\/TourTravel_More\"]},{\"@type\":\"Person\",\"@id\":\"https:\/\/tourtravelandmore.com\/fr\/#\/schema\/person\/2a1c66d76ae9290a394e8efb4af12e1e\",\"name\":\"Maya Nader Harati\",\"image\":{\"@type\":\"ImageObject\",\"inLanguage\":\"fr-FR\",\"@id\":\"https:\/\/tourtravelandmore.com\/fr\/#\/schema\/person\/image\/\",\"url\":\"https:\/\/secure.gravatar.com\/avatar\/adc2305883b6f86a616354c0c4516fcd9a333d5f5a0806d9d1ae9b30f898fa1f?s=96&d=mm&r=g\",\"contentUrl\":\"https:\/\/secure.gravatar.com\/avatar\/adc2305883b6f86a616354c0c4516fcd9a333d5f5a0806d9d1ae9b30f898fa1f?s=96&d=mm&r=g\",\"caption\":\"Maya Nader Harati\"},\"description\":\"Cultural Destination Specialist & Travel Chronicler. Maya doesn\u2019t just travel the world; she translates it.\",\"sameAs\":[\"https:\/\/tourtravelandmore.com\/author-profile-maya-nader-harati\/\"]}]}<\/script>\n<!-- \/ Yoast SEO Premium plugin. -->","yoast_head_json":{"title":"La mort en Galice : Un voyage \u00e0 travers l'histoire, la tradition et le myst\u00e8re - Tour Travel and More","description":"Explorez la relation unique de la Galice avec la mort \u00e0 travers son h\u00e9ritage celtique, ses rituels, ses espaces sacr\u00e9s et le l\u00e9gendaire Finisterre. D\u00e9couvrez comment cette r\u00e9gion mystique embrasse l'au-del\u00e0, transformant la mort en une c\u00e9l\u00e9bration de la vie et de la tradition.","robots":{"index":"index","follow":"follow","max-snippet":"max-snippet:-1","max-image-preview":"max-image-preview:large","max-video-preview":"max-video-preview:-1"},"canonical":"https:\/\/tourtravelandmore.com\/fr\/la-mort-en-galice-un-voyage-a-travers-lhistoire-la-tradition-et-le-mystere\/","og_locale":"fr_FR","og_type":"article","og_title":"La mort en Galice : Un voyage \u00e0 travers l'histoire, la tradition et le myst\u00e8re","og_description":"Explorez la relation unique de la Galice avec la mort \u00e0 travers son h\u00e9ritage celtique, ses rituels, ses espaces sacr\u00e9s et le l\u00e9gendaire Finisterre. D\u00e9couvrez comment cette r\u00e9gion mystique embrasse l'au-del\u00e0, transformant la mort en une c\u00e9l\u00e9bration de la vie et de la tradition.","og_url":"https:\/\/tourtravelandmore.com\/fr\/la-mort-en-galice-un-voyage-a-travers-lhistoire-la-tradition-et-le-mystere\/","og_site_name":"Tour Travel And More","article_publisher":"https:\/\/www.facebook.com\/tourtravelandmore\/","article_published_time":"2024-09-30T14:06:42+00:00","article_modified_time":"2025-05-16T13:19:54+00:00","og_image":[{"width":1132,"height":750,"url":"https:\/\/tourtravelandmore.com\/wp-content\/uploads\/2024\/09\/image-11.jpeg","type":"image\/jpeg"}],"author":"Maya Nader Harati","twitter_card":"summary_large_image","twitter_creator":"@TourTravel_More","twitter_site":"@TourTravel_More","twitter_misc":{"\u00c9crit par":"Maya Nader Harati","Dur\u00e9e de lecture estim\u00e9e":"6 minutes"},"schema":{"@context":"https:\/\/schema.org","@graph":[{"@type":"Article","@id":"https:\/\/tourtravelandmore.com\/fr\/la-mort-en-galice-un-voyage-a-travers-lhistoire-la-tradition-et-le-mystere\/#article","isPartOf":{"@id":"https:\/\/tourtravelandmore.com\/fr\/la-mort-en-galice-un-voyage-a-travers-lhistoire-la-tradition-et-le-mystere\/"},"author":{"name":"Maya Nader Harati","@id":"https:\/\/tourtravelandmore.com\/fr\/#\/schema\/person\/2a1c66d76ae9290a394e8efb4af12e1e"},"headline":"La mort en Galice : Un voyage \u00e0 travers l&#8217;histoire, la tradition et le myst\u00e8re","datePublished":"2024-09-30T14:06:42+00:00","dateModified":"2025-05-16T13:19:54+00:00","mainEntityOfPage":{"@id":"https:\/\/tourtravelandmore.com\/fr\/la-mort-en-galice-un-voyage-a-travers-lhistoire-la-tradition-et-le-mystere\/"},"wordCount":1325,"commentCount":0,"publisher":{"@id":"https:\/\/tourtravelandmore.com\/fr\/#organization"},"image":{"@id":"https:\/\/tourtravelandmore.com\/fr\/la-mort-en-galice-un-voyage-a-travers-lhistoire-la-tradition-et-le-mystere\/#primaryimage"},"thumbnailUrl":"https:\/\/tourtravelandmore.com\/wp-content\/uploads\/2024\/09\/image-11.jpeg","articleSection":["Espagne","Europe","Galice","Non classifi\u00e9(e)"],"inLanguage":"fr-FR","potentialAction":[{"@type":"CommentAction","name":"Comment","target":["https:\/\/tourtravelandmore.com\/fr\/la-mort-en-galice-un-voyage-a-travers-lhistoire-la-tradition-et-le-mystere\/#respond"]}],"accessibilityFeature":["tableOfContents"]},{"@type":"WebPage","@id":"https:\/\/tourtravelandmore.com\/fr\/la-mort-en-galice-un-voyage-a-travers-lhistoire-la-tradition-et-le-mystere\/","url":"https:\/\/tourtravelandmore.com\/fr\/la-mort-en-galice-un-voyage-a-travers-lhistoire-la-tradition-et-le-mystere\/","name":"La mort en Galice : Un voyage \u00e0 travers l'histoire, la tradition et le myst\u00e8re - Tour Travel and More","isPartOf":{"@id":"https:\/\/tourtravelandmore.com\/fr\/#website"},"primaryImageOfPage":{"@id":"https:\/\/tourtravelandmore.com\/fr\/la-mort-en-galice-un-voyage-a-travers-lhistoire-la-tradition-et-le-mystere\/#primaryimage"},"image":{"@id":"https:\/\/tourtravelandmore.com\/fr\/la-mort-en-galice-un-voyage-a-travers-lhistoire-la-tradition-et-le-mystere\/#primaryimage"},"thumbnailUrl":"https:\/\/tourtravelandmore.com\/wp-content\/uploads\/2024\/09\/image-11.jpeg","datePublished":"2024-09-30T14:06:42+00:00","dateModified":"2025-05-16T13:19:54+00:00","description":"Explorez la relation unique de la Galice avec la mort \u00e0 travers son h\u00e9ritage celtique, ses rituels, ses espaces sacr\u00e9s et le l\u00e9gendaire Finisterre. D\u00e9couvrez comment cette r\u00e9gion mystique embrasse l'au-del\u00e0, transformant la mort en une c\u00e9l\u00e9bration de la vie et de la tradition.","breadcrumb":{"@id":"https:\/\/tourtravelandmore.com\/fr\/la-mort-en-galice-un-voyage-a-travers-lhistoire-la-tradition-et-le-mystere\/#breadcrumb"},"inLanguage":"fr-FR","potentialAction":[{"@type":"ReadAction","target":["https:\/\/tourtravelandmore.com\/fr\/la-mort-en-galice-un-voyage-a-travers-lhistoire-la-tradition-et-le-mystere\/"]}]},{"@type":"ImageObject","inLanguage":"fr-FR","@id":"https:\/\/tourtravelandmore.com\/fr\/la-mort-en-galice-un-voyage-a-travers-lhistoire-la-tradition-et-le-mystere\/#primaryimage","url":"https:\/\/tourtravelandmore.com\/wp-content\/uploads\/2024\/09\/image-11.jpeg","contentUrl":"https:\/\/tourtravelandmore.com\/wp-content\/uploads\/2024\/09\/image-11.jpeg","width":1132,"height":750},{"@type":"BreadcrumbList","@id":"https:\/\/tourtravelandmore.com\/fr\/la-mort-en-galice-un-voyage-a-travers-lhistoire-la-tradition-et-le-mystere\/#breadcrumb","itemListElement":[{"@type":"ListItem","position":1,"name":"Home","item":"https:\/\/tourtravelandmore.com\/fr\/"},{"@type":"ListItem","position":2,"name":"La mort en Galice : Un voyage \u00e0 travers l&#8217;histoire, la tradition et le myst\u00e8re"}]},{"@type":"WebSite","@id":"https:\/\/tourtravelandmore.com\/fr\/#website","url":"https:\/\/tourtravelandmore.com\/fr\/","name":"Tour Travel And More","description":"Private sightseeing tours and luxury transfers in Spain","publisher":{"@id":"https:\/\/tourtravelandmore.com\/fr\/#organization"},"potentialAction":[{"@type":"SearchAction","target":{"@type":"EntryPoint","urlTemplate":"https:\/\/tourtravelandmore.com\/fr\/?s={search_term_string}"},"query-input":{"@type":"PropertyValueSpecification","valueRequired":true,"valueName":"search_term_string"}}],"inLanguage":"fr-FR"},{"@type":"Organization","@id":"https:\/\/tourtravelandmore.com\/fr\/#organization","name":"Tour Travel And More","url":"https:\/\/tourtravelandmore.com\/fr\/","logo":{"@type":"ImageObject","inLanguage":"fr-FR","@id":"https:\/\/tourtravelandmore.com\/fr\/#\/schema\/logo\/image\/","url":"https:\/\/tourtravelandmore.com\/wp-content\/uploads\/2022\/12\/cropped-logo-cabecera-new.png","contentUrl":"https:\/\/tourtravelandmore.com\/wp-content\/uploads\/2022\/12\/cropped-logo-cabecera-new.png","width":430,"height":61,"caption":"Tour Travel And More"},"image":{"@id":"https:\/\/tourtravelandmore.com\/fr\/#\/schema\/logo\/image\/"},"sameAs":["https:\/\/www.facebook.com\/tourtravelandmore\/","https:\/\/x.com\/TourTravel_More"]},{"@type":"Person","@id":"https:\/\/tourtravelandmore.com\/fr\/#\/schema\/person\/2a1c66d76ae9290a394e8efb4af12e1e","name":"Maya Nader Harati","image":{"@type":"ImageObject","inLanguage":"fr-FR","@id":"https:\/\/tourtravelandmore.com\/fr\/#\/schema\/person\/image\/","url":"https:\/\/secure.gravatar.com\/avatar\/adc2305883b6f86a616354c0c4516fcd9a333d5f5a0806d9d1ae9b30f898fa1f?s=96&d=mm&r=g","contentUrl":"https:\/\/secure.gravatar.com\/avatar\/adc2305883b6f86a616354c0c4516fcd9a333d5f5a0806d9d1ae9b30f898fa1f?s=96&d=mm&r=g","caption":"Maya Nader Harati"},"description":"Cultural Destination Specialist & Travel Chronicler. Maya doesn\u2019t just travel the world; she translates it.","sameAs":["https:\/\/tourtravelandmore.com\/author-profile-maya-nader-harati\/"]}]}},"_links":{"self":[{"href":"https:\/\/tourtravelandmore.com\/fr\/wp-json\/wp\/v2\/posts\/178028","targetHints":{"allow":["GET"]}}],"collection":[{"href":"https:\/\/tourtravelandmore.com\/fr\/wp-json\/wp\/v2\/posts"}],"about":[{"href":"https:\/\/tourtravelandmore.com\/fr\/wp-json\/wp\/v2\/types\/post"}],"author":[{"embeddable":true,"href":"https:\/\/tourtravelandmore.com\/fr\/wp-json\/wp\/v2\/users\/2"}],"replies":[{"embeddable":true,"href":"https:\/\/tourtravelandmore.com\/fr\/wp-json\/wp\/v2\/comments?post=178028"}],"version-history":[{"count":1,"href":"https:\/\/tourtravelandmore.com\/fr\/wp-json\/wp\/v2\/posts\/178028\/revisions"}],"predecessor-version":[{"id":178029,"href":"https:\/\/tourtravelandmore.com\/fr\/wp-json\/wp\/v2\/posts\/178028\/revisions\/178029"}],"wp:featuredmedia":[{"embeddable":true,"href":"https:\/\/tourtravelandmore.com\/fr\/wp-json\/wp\/v2\/media\/178023"}],"wp:attachment":[{"href":"https:\/\/tourtravelandmore.com\/fr\/wp-json\/wp\/v2\/media?parent=178028"}],"wp:term":[{"taxonomy":"category","embeddable":true,"href":"https:\/\/tourtravelandmore.com\/fr\/wp-json\/wp\/v2\/categories?post=178028"},{"taxonomy":"post_tag","embeddable":true,"href":"https:\/\/tourtravelandmore.com\/fr\/wp-json\/wp\/v2\/tags?post=178028"}],"curies":[{"name":"wp","href":"https:\/\/api.w.org\/{rel}","templated":true}]}}