{"id":177964,"date":"2024-09-16T14:58:44","date_gmt":"2024-09-16T12:58:44","guid":{"rendered":"https:\/\/tourtravelandmore.com\/?p=177964"},"modified":"2025-05-16T15:20:10","modified_gmt":"2025-05-16T13:20:10","slug":"nouvelle-reglementation-sur-les-bagages-a-main-dans-lunion-europeenne","status":"publish","type":"post","link":"https:\/\/tourtravelandmore.com\/fr\/nouvelle-reglementation-sur-les-bagages-a-main-dans-lunion-europeenne\/","title":{"rendered":"Nouvelle r\u00e9glementation sur les bagages \u00e0 main dans l&#8217;Union europ\u00e9enne"},"content":{"rendered":"\n<div class=\"wp-block-yoast-seo-table-of-contents yoast-table-of-contents\"><h2>Table of contents<\/h2><ul><li><a href=\"#h-comprendre-les-nouvelles-regles-relatives-aux-bagages-a-main\" data-level=\"2\">Comprendre les nouvelles r\u00e8gles relatives aux bagages \u00e0 main<\/a><\/li><li><a href=\"#h-exceptions-et-considerations-particulieres\" data-level=\"2\">Exceptions et consid\u00e9rations particuli\u00e8res<\/a><\/li><li><a href=\"#h-comment-faire-ses-valises-intelligemment-et-eviter-les-frais-supplementaires\" data-level=\"2\">Comment faire ses valises intelligemment et \u00e9viter les frais suppl\u00e9mentaires<\/a><\/li><li><a href=\"#h-se-preparer-a-une-experience-de-voyage-sans-faille\" data-level=\"2\">Se pr\u00e9parer \u00e0 une exp\u00e9rience de voyage sans faille<\/a><\/li><\/ul><\/div>\n\n\n\n<p>Voyager a toujours \u00e9t\u00e9 une exp\u00e9rience passionnante, pleine d&#8217;anticipation et d&#8217;excitation \u00e0 l&#8217;id\u00e9e de d\u00e9couvrir de nouvelles destinations. Toutefois, les r\u00e9centes modifications apport\u00e9es \u00e0 la r\u00e9glementation de l&#8217;Union europ\u00e9enne (UE) concernant les bagages \u00e0 main peuvent avoir une incidence sur vos projets de voyage. \u00c0 partir de septembre, ces nouvelles r\u00e8gles s&#8217;appliqueront \u00e0 tous les passagers voyageant \u00e0 l&#8217;int\u00e9rieur ou au d\u00e9part des pays de l&#8217;UE. Chez Tour Travel &amp; More, nous nous engageons \u00e0 tenir nos voyageurs inform\u00e9s des derniers d\u00e9veloppements dans l&#8217;industrie du voyage. Ce blog vous donnera une vue d&#8217;ensemble des nouvelles r\u00e9glementations, afin que votre voyage se d\u00e9roule dans les meilleures conditions possibles. <a href=\"https:\/\/tourtravelandmore.com\/fr\/\">D\u00e9couvrez nos visites priv\u00e9es ici !<\/a><\/p>\n\n\n\n<h2 class=\"wp-block-heading\" id=\"h-comprendre-les-nouvelles-regles-relatives-aux-bagages-a-main\"><strong>Comprendre les nouvelles r\u00e8gles relatives aux bagages \u00e0 main<\/strong><\/h2>\n\n\n\n<p>Depuis le mois de septembre, l&#8217;Union europ\u00e9enne a mis en place de nouvelles directives qui normalisent la taille et le poids des bagages \u00e0 main pour toutes les compagnies a\u00e9riennes op\u00e9rant dans sa juridiction. Ce changement vise \u00e0 assurer la coh\u00e9rence et \u00e0 r\u00e9duire la confusion pour les passagers voyageant sur diff\u00e9rents transporteurs. La nouvelle r\u00e9glementation stipule que les dimensions maximales des bagages \u00e0 main sont de 55 cm x 40 cm x 20 cm (21,6 pouces x 15,7 pouces x 7,8 pouces). En outre, le poids maximal autoris\u00e9 est fix\u00e9 \u00e0 8 kg (17,6 livres).<\/p>\n\n\n\n<p>Bien que ces r\u00e8gles puissent sembler restrictives \u00e0 premi\u00e8re vue, elles sont con\u00e7ues pour am\u00e9liorer l&#8217;efficacit\u00e9 de l&#8217;embarquement et garantir que tous les passagers disposent de suffisamment d&#8217;espace pour leurs effets personnels dans les compartiments sup\u00e9rieurs. Les compagnies a\u00e9riennes sont d\u00e9sormais tenues d&#8217;appliquer strictement ces r\u00e8gles, et les passagers peuvent se voir demander d&#8217;enregistrer des bagages d\u00e9passant les limites de taille ou de poids stipul\u00e9es, souvent moyennant un co\u00fbt suppl\u00e9mentaire.<\/p>\n\n\n\n<figure class=\"wp-block-image\"><img decoding=\"async\" src=\"https:\/\/lh7-rt.googleusercontent.com\/docsz\/AD_4nXfCgjSDEkQdUjtqgPkz_tzKtZvo4zWxBVSER1Zn5HI1FpS5-k8-L1UH-morerX25omi4MU6jd_qjCpNHp-zuoInvUskOcPNRAv3Zt10QsKTndFbuXDo0_1uJHmHt-NUCeAqmmxdPZEec0TPsosAis_i_sU?key=JFPnwVNzz7eyOl071T-Lqg\" alt=\"\"\/><\/figure>\n\n\n\n<h2 class=\"wp-block-heading\" id=\"h-exceptions-et-considerations-particulieres\"><strong>Exceptions et consid\u00e9rations particuli\u00e8res<\/strong><\/h2>\n\n\n\n<p>Malgr\u00e9 la normalisation de ces r\u00e8gles, il existe quelques exceptions et consid\u00e9rations particuli\u00e8res dont il faut tenir compte. Par exemple, de nombreuses compagnies a\u00e9riennes continueront \u00e0 autoriser un article personnel suppl\u00e9mentaire, tel qu&#8217;un sac \u00e0 main, une sacoche d&#8217;ordinateur portable ou un petit sac \u00e0 dos, qui doit \u00eatre plac\u00e9 sous le si\u00e8ge devant vous. Les dimensions de ces objets personnels ne peuvent g\u00e9n\u00e9ralement pas d\u00e9passer 40 cm x 30 cm x 15 cm (15,7 pouces x 11,8 pouces x 5,9 pouces).<\/p>\n\n\n\n<p>En outre, les passagers qui voyagent avec des enfants en bas \u00e2ge ou qui ont besoin d&#8217;un \u00e9quipement m\u00e9dical seront toujours autoris\u00e9s \u00e0 apporter des articles suppl\u00e9mentaires \u00e0 bord, \u00e0 condition d&#8217;en informer la compagnie a\u00e9rienne \u00e0 l&#8217;avance. Il est essentiel que les voyageurs se renseignent aupr\u00e8s de leur compagnie a\u00e9rienne avant de prendre l&#8217;avion, car les politiques peuvent varier l\u00e9g\u00e8rement en fonction du transporteur.<\/p>\n\n\n\n<p>Pour les personnes voyageant en classe affaires ou en premi\u00e8re classe, certaines compagnies a\u00e9riennes peuvent offrir des autorisations plus souples pour les bagages \u00e0 main, que ce soit en termes de poids ou de nombre d&#8217;objets autoris\u00e9s. Toutefois, ces dispositions ne sont pas universellement appliqu\u00e9es, et il est donc toujours conseill\u00e9 de v\u00e9rifier aupr\u00e8s de la compagnie a\u00e9rienne avant le d\u00e9part.<\/p>\n\n\n\n<figure class=\"wp-block-image\"><img decoding=\"async\" src=\"https:\/\/lh7-rt.googleusercontent.com\/docsz\/AD_4nXct9nX15wS3NN7G4UloN7MCEJLPzAvWJ5UWVkJsdmuewkxRB-UCtCDRp4cMU5CMGemRpx2EbUpMULQCakAUomZXQg8jbp4-NIBBKgFo098C4cb6NncRa1aVlL0msZ1kGESiwAQ3Dky8OhCCmsPne-CCjCmz?key=JFPnwVNzz7eyOl071T-Lqg\" alt=\"\"\/><\/figure>\n\n\n\n<h2 class=\"wp-block-heading\" id=\"h-comment-faire-ses-valises-intelligemment-et-eviter-les-frais-supplementaires\"><strong>Comment faire ses valises intelligemment et \u00e9viter les frais suppl\u00e9mentaires<\/strong><\/h2>\n\n\n\n<p>Avec les nouvelles r\u00e9glementations en vigueur, il est plus important que jamais de faire ses valises de mani\u00e8re intelligente et efficace. Chez Tour Travel &amp; More, nous encourageons nos clients \u00e0 faire preuve de strat\u00e9gie lorsqu&#8217;ils choisissent leurs articles de voyage essentiels. Voici quelques conseils pour vous aider \u00e0 maximiser l&#8217;espace de votre bagage \u00e0 main et \u00e0 \u00e9viter les frais inutiles :<\/p>\n\n\n\n<p>Investissez dans un bagage l\u00e9ger : Envisagez d&#8217;acheter un bagage \u00e0 main l\u00e9ger qui maximise les dimensions autoris\u00e9es. Cela vous donnera plus de souplesse pour faire vos bagages et vous aidera \u00e0 respecter les limites de poids.<\/p>\n\n\n\n<p>Planifiez vos tenues : Plut\u00f4t que d&#8217;emporter une tenue diff\u00e9rente pour chaque jour, privil\u00e9giez les v\u00eatements polyvalents qui peuvent \u00eatre m\u00e9lang\u00e9s et assortis. Optez pour des couches de v\u00eatements qui peuvent \u00eatre adapt\u00e9es aux diff\u00e9rentes conditions m\u00e9t\u00e9orologiques.<\/p>\n\n\n\n<p>Utilisez des cubes de rangement : Les cubes d&#8217;emballage peuvent vous aider \u00e0 organiser efficacement vos affaires et \u00e0 tirer le meilleur parti de l&#8217;espace disponible. Ils permettent \u00e9galement de retrouver plus facilement les objets dans votre sac sans avoir \u00e0 tout d\u00e9baller.<\/p>\n\n\n\n<p>Portez vos articles les plus lourds : Pour gagner de la place et r\u00e9duire le poids de votre bagage \u00e0 main, pensez \u00e0 porter vos v\u00eatements les plus lourds, comme les vestes ou les bottes, dans l&#8217;avion.<\/p>\n\n\n\n<p>Limitez les articles de toilette : N&#8217;oubliez pas que les restrictions concernant les liquides s&#8217;appliquent toujours aux bagages \u00e0 main. Limitez-vous \u00e0 des articles de toilette de format voyage ou achetez-les apr\u00e8s votre arriv\u00e9e \u00e0 destination pour \u00e9viter de vous encombrer inutilement.<\/p>\n\n\n\n<figure class=\"wp-block-image\"><img decoding=\"async\" src=\"https:\/\/lh7-rt.googleusercontent.com\/docsz\/AD_4nXdo11mdbGBLQZTXlRdUe63MEYrJmKFdOJrF5NT5mOvOxDGNa5Ux_eVs-ekN2PtWHD88t-T1rlIB3WLf9XOX-GZzuV5Js9lCUaZZ1J9v-c0rygiUGQ-JPgfAt0a5E9FWJ2i8OYtlCr5oikOGsaUcl24-fp0?key=JFPnwVNzz7eyOl071T-Lqg\" alt=\"\"\/><\/figure>\n\n\n\n<h2 class=\"wp-block-heading\" id=\"h-se-preparer-a-une-experience-de-voyage-sans-faille\"><strong>Se pr\u00e9parer \u00e0 une exp\u00e9rience de voyage sans faille<\/strong><\/h2>\n\n\n\n<p>L&#8217;introduction de ces nouvelles r\u00e9glementations sur les bagages \u00e0 main peut sembler g\u00eanante au premier abord, mais avec une planification et une pr\u00e9paration ad\u00e9quates, elles ne doivent pas perturber vos projets de voyage. Chez Tour Travel &amp; More, nous pensons que des voyageurs inform\u00e9s sont des voyageurs heureux. En comprenant les nouvelles r\u00e8gles, vous \u00e9viterez les surprises de derni\u00e8re minute \u00e0 l&#8217;a\u00e9roport et pourrez commencer votre voyage en douceur.<\/p>\n\n\n\n<p>Nous vous recommandons \u00e9galement d&#8217;arriver \u00e0 l&#8217;a\u00e9roport plus t\u00f4t que d&#8217;habitude, surtout si vous voyagez avec une compagnie a\u00e9rienne nouvelle ou inconnue. Vous aurez ainsi le temps de vous enregistrer, de passer les contr\u00f4les de s\u00e9curit\u00e9 et de r\u00e9gler les \u00e9ventuels probl\u00e8mes li\u00e9s \u00e0 vos bagages \u00e0 main. N&#8217;oubliez pas que la cl\u00e9 d&#8217;un voyage sans stress r\u00e9side dans la pr\u00e9paration et la flexibilit\u00e9.<\/p>\n\n\n\n<p>En conclusion, si la nouvelle r\u00e9glementation europ\u00e9enne sur les bagages \u00e0 main peut n\u00e9cessiter quelques ajustements, elle vise en fin de compte \u00e0 am\u00e9liorer l&#8217;exp\u00e9rience de voyage de chacun. En restant inform\u00e9 et en pr\u00e9parant judicieusement vos bagages, vous pourrez continuer \u00e0 profiter des joies du voyage sans stress inutile. Chez Tour Travel &amp; More, nous sommes l\u00e0 pour vous aider \u00e0 chaque \u00e9tape de votre voyage, en veillant \u00e0 ce que votre prochaine aventure soit tout simplement extraordinaire.<\/p>\n","protected":false},"excerpt":{"rendered":"<p>D\u00e9couvrez les derni\u00e8res r\u00e9glementations de l&#8217;Union europ\u00e9enne en mati\u00e8re de bagages \u00e0 main, qui entreront en vigueur en septembre. Apprenez les nouvelles limites de taille et de poids, les exceptions et les conseils d&#8217;emballage pour \u00e9viter les frais suppl\u00e9mentaires et garantir une exp\u00e9rience de voyage sans tracas avec Tour Travel &#038; More.<\/p>\n","protected":false},"author":2,"featured_media":177959,"comment_status":"open","ping_status":"open","sticky":false,"template":"","format":"standard","meta":{"_acf_changed":false,"footnotes":""},"categories":[3914],"tags":[],"class_list":["post-177964","post","type-post","status-publish","format-standard","has-post-thumbnail","hentry","category-europe-fr"],"acf":[],"yoast_head":"<!-- This site is optimized with the Yoast SEO Premium plugin v25.3.1 (Yoast SEO v25.3.1) - https:\/\/yoast.com\/wordpress\/plugins\/seo\/ -->\n<title>Nouvelles r\u00e9glementations sur les bagages \u00e0 main dans l&#039;Union europ\u00e9enne | Tour Travel &amp; More<\/title>\n<meta name=\"description\" content=\"Restez inform\u00e9 des nouvelles r\u00e9glementations sur les bagages \u00e0 main dans l&#039;Union europ\u00e9enne \u00e0 partir de septembre. Renseignez-vous sur la taille, les limites de poids, les exceptions et les conseils d&#039;emballage pour \u00e9viter les frais suppl\u00e9mentaires et garantir une exp\u00e9rience de voyage sans heurts.\" \/>\n<meta name=\"robots\" content=\"index, follow, max-snippet:-1, max-image-preview:large, max-video-preview:-1\" \/>\n<link rel=\"canonical\" href=\"https:\/\/tourtravelandmore.com\/fr\/nouvelle-reglementation-sur-les-bagages-a-main-dans-lunion-europeenne\/\" \/>\n<meta property=\"og:locale\" content=\"fr_FR\" \/>\n<meta property=\"og:type\" content=\"article\" \/>\n<meta property=\"og:title\" content=\"Nouvelle r\u00e9glementation sur les bagages \u00e0 main dans l&#039;Union europ\u00e9enne\" \/>\n<meta property=\"og:description\" content=\"Restez inform\u00e9 des nouvelles r\u00e9glementations sur les bagages \u00e0 main dans l&#039;Union europ\u00e9enne \u00e0 partir de septembre. Renseignez-vous sur la taille, les limites de poids, les exceptions et les conseils d&#039;emballage pour \u00e9viter les frais suppl\u00e9mentaires et garantir une exp\u00e9rience de voyage sans heurts.\" \/>\n<meta property=\"og:url\" content=\"https:\/\/tourtravelandmore.com\/fr\/nouvelle-reglementation-sur-les-bagages-a-main-dans-lunion-europeenne\/\" \/>\n<meta property=\"og:site_name\" content=\"Tour Travel And More\" \/>\n<meta property=\"article:publisher\" content=\"https:\/\/www.facebook.com\/tourtravelandmore\/\" \/>\n<meta property=\"article:published_time\" content=\"2024-09-16T12:58:44+00:00\" \/>\n<meta property=\"article:modified_time\" content=\"2025-05-16T13:20:10+00:00\" \/>\n<meta property=\"og:image\" content=\"https:\/\/tourtravelandmore.com\/wp-content\/uploads\/2024\/09\/image-6.jpeg\" \/>\n\t<meta property=\"og:image:width\" content=\"1125\" \/>\n\t<meta property=\"og:image:height\" content=\"750\" \/>\n\t<meta property=\"og:image:type\" content=\"image\/jpeg\" \/>\n<meta name=\"author\" content=\"Maya Nader Harati\" \/>\n<meta name=\"twitter:card\" content=\"summary_large_image\" \/>\n<meta name=\"twitter:creator\" content=\"@TourTravel_More\" \/>\n<meta name=\"twitter:site\" content=\"@TourTravel_More\" \/>\n<meta name=\"twitter:label1\" content=\"\u00c9crit par\" \/>\n\t<meta name=\"twitter:data1\" content=\"Maya Nader Harati\" \/>\n\t<meta name=\"twitter:label2\" content=\"Dur\u00e9e de lecture estim\u00e9e\" \/>\n\t<meta name=\"twitter:data2\" content=\"5 minutes\" \/>\n<script type=\"application\/ld+json\" class=\"yoast-schema-graph\">{\"@context\":\"https:\/\/schema.org\",\"@graph\":[{\"@type\":\"Article\",\"@id\":\"https:\/\/tourtravelandmore.com\/fr\/nouvelle-reglementation-sur-les-bagages-a-main-dans-lunion-europeenne\/#article\",\"isPartOf\":{\"@id\":\"https:\/\/tourtravelandmore.com\/fr\/nouvelle-reglementation-sur-les-bagages-a-main-dans-lunion-europeenne\/\"},\"author\":{\"name\":\"Maya Nader Harati\",\"@id\":\"https:\/\/tourtravelandmore.com\/fr\/#\/schema\/person\/2a1c66d76ae9290a394e8efb4af12e1e\"},\"headline\":\"Nouvelle r\u00e9glementation sur les bagages \u00e0 main dans l&#8217;Union europ\u00e9enne\",\"datePublished\":\"2024-09-16T12:58:44+00:00\",\"dateModified\":\"2025-05-16T13:20:10+00:00\",\"mainEntityOfPage\":{\"@id\":\"https:\/\/tourtravelandmore.com\/fr\/nouvelle-reglementation-sur-les-bagages-a-main-dans-lunion-europeenne\/\"},\"wordCount\":1124,\"commentCount\":0,\"publisher\":{\"@id\":\"https:\/\/tourtravelandmore.com\/fr\/#organization\"},\"image\":{\"@id\":\"https:\/\/tourtravelandmore.com\/fr\/nouvelle-reglementation-sur-les-bagages-a-main-dans-lunion-europeenne\/#primaryimage\"},\"thumbnailUrl\":\"https:\/\/tourtravelandmore.com\/wp-content\/uploads\/2024\/09\/image-6.jpeg\",\"articleSection\":[\"Europe\"],\"inLanguage\":\"fr-FR\",\"potentialAction\":[{\"@type\":\"CommentAction\",\"name\":\"Comment\",\"target\":[\"https:\/\/tourtravelandmore.com\/fr\/nouvelle-reglementation-sur-les-bagages-a-main-dans-lunion-europeenne\/#respond\"]}],\"accessibilityFeature\":[\"tableOfContents\"]},{\"@type\":\"WebPage\",\"@id\":\"https:\/\/tourtravelandmore.com\/fr\/nouvelle-reglementation-sur-les-bagages-a-main-dans-lunion-europeenne\/\",\"url\":\"https:\/\/tourtravelandmore.com\/fr\/nouvelle-reglementation-sur-les-bagages-a-main-dans-lunion-europeenne\/\",\"name\":\"Nouvelles r\u00e9glementations sur les bagages \u00e0 main dans l'Union europ\u00e9enne | Tour Travel & More\",\"isPartOf\":{\"@id\":\"https:\/\/tourtravelandmore.com\/fr\/#website\"},\"primaryImageOfPage\":{\"@id\":\"https:\/\/tourtravelandmore.com\/fr\/nouvelle-reglementation-sur-les-bagages-a-main-dans-lunion-europeenne\/#primaryimage\"},\"image\":{\"@id\":\"https:\/\/tourtravelandmore.com\/fr\/nouvelle-reglementation-sur-les-bagages-a-main-dans-lunion-europeenne\/#primaryimage\"},\"thumbnailUrl\":\"https:\/\/tourtravelandmore.com\/wp-content\/uploads\/2024\/09\/image-6.jpeg\",\"datePublished\":\"2024-09-16T12:58:44+00:00\",\"dateModified\":\"2025-05-16T13:20:10+00:00\",\"description\":\"Restez inform\u00e9 des nouvelles r\u00e9glementations sur les bagages \u00e0 main dans l'Union europ\u00e9enne \u00e0 partir de septembre. Renseignez-vous sur la taille, les limites de poids, les exceptions et les conseils d'emballage pour \u00e9viter les frais suppl\u00e9mentaires et garantir une exp\u00e9rience de voyage sans heurts.\",\"breadcrumb\":{\"@id\":\"https:\/\/tourtravelandmore.com\/fr\/nouvelle-reglementation-sur-les-bagages-a-main-dans-lunion-europeenne\/#breadcrumb\"},\"inLanguage\":\"fr-FR\",\"potentialAction\":[{\"@type\":\"ReadAction\",\"target\":[\"https:\/\/tourtravelandmore.com\/fr\/nouvelle-reglementation-sur-les-bagages-a-main-dans-lunion-europeenne\/\"]}]},{\"@type\":\"ImageObject\",\"inLanguage\":\"fr-FR\",\"@id\":\"https:\/\/tourtravelandmore.com\/fr\/nouvelle-reglementation-sur-les-bagages-a-main-dans-lunion-europeenne\/#primaryimage\",\"url\":\"https:\/\/tourtravelandmore.com\/wp-content\/uploads\/2024\/09\/image-6.jpeg\",\"contentUrl\":\"https:\/\/tourtravelandmore.com\/wp-content\/uploads\/2024\/09\/image-6.jpeg\",\"width\":1125,\"height\":750},{\"@type\":\"BreadcrumbList\",\"@id\":\"https:\/\/tourtravelandmore.com\/fr\/nouvelle-reglementation-sur-les-bagages-a-main-dans-lunion-europeenne\/#breadcrumb\",\"itemListElement\":[{\"@type\":\"ListItem\",\"position\":1,\"name\":\"Home\",\"item\":\"https:\/\/tourtravelandmore.com\/fr\/\"},{\"@type\":\"ListItem\",\"position\":2,\"name\":\"Nouvelle r\u00e9glementation sur les bagages \u00e0 main dans l&#8217;Union europ\u00e9enne\"}]},{\"@type\":\"WebSite\",\"@id\":\"https:\/\/tourtravelandmore.com\/fr\/#website\",\"url\":\"https:\/\/tourtravelandmore.com\/fr\/\",\"name\":\"Tour Travel And More\",\"description\":\"Private sightseeing tours and luxury transfers in Spain\",\"publisher\":{\"@id\":\"https:\/\/tourtravelandmore.com\/fr\/#organization\"},\"potentialAction\":[{\"@type\":\"SearchAction\",\"target\":{\"@type\":\"EntryPoint\",\"urlTemplate\":\"https:\/\/tourtravelandmore.com\/fr\/?s={search_term_string}\"},\"query-input\":{\"@type\":\"PropertyValueSpecification\",\"valueRequired\":true,\"valueName\":\"search_term_string\"}}],\"inLanguage\":\"fr-FR\"},{\"@type\":\"Organization\",\"@id\":\"https:\/\/tourtravelandmore.com\/fr\/#organization\",\"name\":\"Tour Travel And More\",\"url\":\"https:\/\/tourtravelandmore.com\/fr\/\",\"logo\":{\"@type\":\"ImageObject\",\"inLanguage\":\"fr-FR\",\"@id\":\"https:\/\/tourtravelandmore.com\/fr\/#\/schema\/logo\/image\/\",\"url\":\"https:\/\/tourtravelandmore.com\/wp-content\/uploads\/2022\/12\/cropped-logo-cabecera-new.png\",\"contentUrl\":\"https:\/\/tourtravelandmore.com\/wp-content\/uploads\/2022\/12\/cropped-logo-cabecera-new.png\",\"width\":430,\"height\":61,\"caption\":\"Tour Travel And More\"},\"image\":{\"@id\":\"https:\/\/tourtravelandmore.com\/fr\/#\/schema\/logo\/image\/\"},\"sameAs\":[\"https:\/\/www.facebook.com\/tourtravelandmore\/\",\"https:\/\/x.com\/TourTravel_More\"]},{\"@type\":\"Person\",\"@id\":\"https:\/\/tourtravelandmore.com\/fr\/#\/schema\/person\/2a1c66d76ae9290a394e8efb4af12e1e\",\"name\":\"Maya Nader Harati\",\"image\":{\"@type\":\"ImageObject\",\"inLanguage\":\"fr-FR\",\"@id\":\"https:\/\/tourtravelandmore.com\/fr\/#\/schema\/person\/image\/\",\"url\":\"https:\/\/secure.gravatar.com\/avatar\/adc2305883b6f86a616354c0c4516fcd9a333d5f5a0806d9d1ae9b30f898fa1f?s=96&d=mm&r=g\",\"contentUrl\":\"https:\/\/secure.gravatar.com\/avatar\/adc2305883b6f86a616354c0c4516fcd9a333d5f5a0806d9d1ae9b30f898fa1f?s=96&d=mm&r=g\",\"caption\":\"Maya Nader Harati\"},\"description\":\"Cultural Destination Specialist & Travel Chronicler. Maya doesn\u2019t just travel the world; she translates it.\",\"sameAs\":[\"https:\/\/tourtravelandmore.com\/author-profile-maya-nader-harati\/\"]}]}<\/script>\n<!-- \/ Yoast SEO Premium plugin. -->","yoast_head_json":{"title":"Nouvelles r\u00e9glementations sur les bagages \u00e0 main dans l'Union europ\u00e9enne | Tour Travel & More","description":"Restez inform\u00e9 des nouvelles r\u00e9glementations sur les bagages \u00e0 main dans l'Union europ\u00e9enne \u00e0 partir de septembre. Renseignez-vous sur la taille, les limites de poids, les exceptions et les conseils d'emballage pour \u00e9viter les frais suppl\u00e9mentaires et garantir une exp\u00e9rience de voyage sans heurts.","robots":{"index":"index","follow":"follow","max-snippet":"max-snippet:-1","max-image-preview":"max-image-preview:large","max-video-preview":"max-video-preview:-1"},"canonical":"https:\/\/tourtravelandmore.com\/fr\/nouvelle-reglementation-sur-les-bagages-a-main-dans-lunion-europeenne\/","og_locale":"fr_FR","og_type":"article","og_title":"Nouvelle r\u00e9glementation sur les bagages \u00e0 main dans l'Union europ\u00e9enne","og_description":"Restez inform\u00e9 des nouvelles r\u00e9glementations sur les bagages \u00e0 main dans l'Union europ\u00e9enne \u00e0 partir de septembre. Renseignez-vous sur la taille, les limites de poids, les exceptions et les conseils d'emballage pour \u00e9viter les frais suppl\u00e9mentaires et garantir une exp\u00e9rience de voyage sans heurts.","og_url":"https:\/\/tourtravelandmore.com\/fr\/nouvelle-reglementation-sur-les-bagages-a-main-dans-lunion-europeenne\/","og_site_name":"Tour Travel And More","article_publisher":"https:\/\/www.facebook.com\/tourtravelandmore\/","article_published_time":"2024-09-16T12:58:44+00:00","article_modified_time":"2025-05-16T13:20:10+00:00","og_image":[{"width":1125,"height":750,"url":"https:\/\/tourtravelandmore.com\/wp-content\/uploads\/2024\/09\/image-6.jpeg","type":"image\/jpeg"}],"author":"Maya Nader Harati","twitter_card":"summary_large_image","twitter_creator":"@TourTravel_More","twitter_site":"@TourTravel_More","twitter_misc":{"\u00c9crit par":"Maya Nader Harati","Dur\u00e9e de lecture estim\u00e9e":"5 minutes"},"schema":{"@context":"https:\/\/schema.org","@graph":[{"@type":"Article","@id":"https:\/\/tourtravelandmore.com\/fr\/nouvelle-reglementation-sur-les-bagages-a-main-dans-lunion-europeenne\/#article","isPartOf":{"@id":"https:\/\/tourtravelandmore.com\/fr\/nouvelle-reglementation-sur-les-bagages-a-main-dans-lunion-europeenne\/"},"author":{"name":"Maya Nader Harati","@id":"https:\/\/tourtravelandmore.com\/fr\/#\/schema\/person\/2a1c66d76ae9290a394e8efb4af12e1e"},"headline":"Nouvelle r\u00e9glementation sur les bagages \u00e0 main dans l&#8217;Union europ\u00e9enne","datePublished":"2024-09-16T12:58:44+00:00","dateModified":"2025-05-16T13:20:10+00:00","mainEntityOfPage":{"@id":"https:\/\/tourtravelandmore.com\/fr\/nouvelle-reglementation-sur-les-bagages-a-main-dans-lunion-europeenne\/"},"wordCount":1124,"commentCount":0,"publisher":{"@id":"https:\/\/tourtravelandmore.com\/fr\/#organization"},"image":{"@id":"https:\/\/tourtravelandmore.com\/fr\/nouvelle-reglementation-sur-les-bagages-a-main-dans-lunion-europeenne\/#primaryimage"},"thumbnailUrl":"https:\/\/tourtravelandmore.com\/wp-content\/uploads\/2024\/09\/image-6.jpeg","articleSection":["Europe"],"inLanguage":"fr-FR","potentialAction":[{"@type":"CommentAction","name":"Comment","target":["https:\/\/tourtravelandmore.com\/fr\/nouvelle-reglementation-sur-les-bagages-a-main-dans-lunion-europeenne\/#respond"]}],"accessibilityFeature":["tableOfContents"]},{"@type":"WebPage","@id":"https:\/\/tourtravelandmore.com\/fr\/nouvelle-reglementation-sur-les-bagages-a-main-dans-lunion-europeenne\/","url":"https:\/\/tourtravelandmore.com\/fr\/nouvelle-reglementation-sur-les-bagages-a-main-dans-lunion-europeenne\/","name":"Nouvelles r\u00e9glementations sur les bagages \u00e0 main dans l'Union europ\u00e9enne | Tour Travel & More","isPartOf":{"@id":"https:\/\/tourtravelandmore.com\/fr\/#website"},"primaryImageOfPage":{"@id":"https:\/\/tourtravelandmore.com\/fr\/nouvelle-reglementation-sur-les-bagages-a-main-dans-lunion-europeenne\/#primaryimage"},"image":{"@id":"https:\/\/tourtravelandmore.com\/fr\/nouvelle-reglementation-sur-les-bagages-a-main-dans-lunion-europeenne\/#primaryimage"},"thumbnailUrl":"https:\/\/tourtravelandmore.com\/wp-content\/uploads\/2024\/09\/image-6.jpeg","datePublished":"2024-09-16T12:58:44+00:00","dateModified":"2025-05-16T13:20:10+00:00","description":"Restez inform\u00e9 des nouvelles r\u00e9glementations sur les bagages \u00e0 main dans l'Union europ\u00e9enne \u00e0 partir de septembre. Renseignez-vous sur la taille, les limites de poids, les exceptions et les conseils d'emballage pour \u00e9viter les frais suppl\u00e9mentaires et garantir une exp\u00e9rience de voyage sans heurts.","breadcrumb":{"@id":"https:\/\/tourtravelandmore.com\/fr\/nouvelle-reglementation-sur-les-bagages-a-main-dans-lunion-europeenne\/#breadcrumb"},"inLanguage":"fr-FR","potentialAction":[{"@type":"ReadAction","target":["https:\/\/tourtravelandmore.com\/fr\/nouvelle-reglementation-sur-les-bagages-a-main-dans-lunion-europeenne\/"]}]},{"@type":"ImageObject","inLanguage":"fr-FR","@id":"https:\/\/tourtravelandmore.com\/fr\/nouvelle-reglementation-sur-les-bagages-a-main-dans-lunion-europeenne\/#primaryimage","url":"https:\/\/tourtravelandmore.com\/wp-content\/uploads\/2024\/09\/image-6.jpeg","contentUrl":"https:\/\/tourtravelandmore.com\/wp-content\/uploads\/2024\/09\/image-6.jpeg","width":1125,"height":750},{"@type":"BreadcrumbList","@id":"https:\/\/tourtravelandmore.com\/fr\/nouvelle-reglementation-sur-les-bagages-a-main-dans-lunion-europeenne\/#breadcrumb","itemListElement":[{"@type":"ListItem","position":1,"name":"Home","item":"https:\/\/tourtravelandmore.com\/fr\/"},{"@type":"ListItem","position":2,"name":"Nouvelle r\u00e9glementation sur les bagages \u00e0 main dans l&#8217;Union europ\u00e9enne"}]},{"@type":"WebSite","@id":"https:\/\/tourtravelandmore.com\/fr\/#website","url":"https:\/\/tourtravelandmore.com\/fr\/","name":"Tour Travel And More","description":"Private sightseeing tours and luxury transfers in Spain","publisher":{"@id":"https:\/\/tourtravelandmore.com\/fr\/#organization"},"potentialAction":[{"@type":"SearchAction","target":{"@type":"EntryPoint","urlTemplate":"https:\/\/tourtravelandmore.com\/fr\/?s={search_term_string}"},"query-input":{"@type":"PropertyValueSpecification","valueRequired":true,"valueName":"search_term_string"}}],"inLanguage":"fr-FR"},{"@type":"Organization","@id":"https:\/\/tourtravelandmore.com\/fr\/#organization","name":"Tour Travel And More","url":"https:\/\/tourtravelandmore.com\/fr\/","logo":{"@type":"ImageObject","inLanguage":"fr-FR","@id":"https:\/\/tourtravelandmore.com\/fr\/#\/schema\/logo\/image\/","url":"https:\/\/tourtravelandmore.com\/wp-content\/uploads\/2022\/12\/cropped-logo-cabecera-new.png","contentUrl":"https:\/\/tourtravelandmore.com\/wp-content\/uploads\/2022\/12\/cropped-logo-cabecera-new.png","width":430,"height":61,"caption":"Tour Travel And More"},"image":{"@id":"https:\/\/tourtravelandmore.com\/fr\/#\/schema\/logo\/image\/"},"sameAs":["https:\/\/www.facebook.com\/tourtravelandmore\/","https:\/\/x.com\/TourTravel_More"]},{"@type":"Person","@id":"https:\/\/tourtravelandmore.com\/fr\/#\/schema\/person\/2a1c66d76ae9290a394e8efb4af12e1e","name":"Maya Nader Harati","image":{"@type":"ImageObject","inLanguage":"fr-FR","@id":"https:\/\/tourtravelandmore.com\/fr\/#\/schema\/person\/image\/","url":"https:\/\/secure.gravatar.com\/avatar\/adc2305883b6f86a616354c0c4516fcd9a333d5f5a0806d9d1ae9b30f898fa1f?s=96&d=mm&r=g","contentUrl":"https:\/\/secure.gravatar.com\/avatar\/adc2305883b6f86a616354c0c4516fcd9a333d5f5a0806d9d1ae9b30f898fa1f?s=96&d=mm&r=g","caption":"Maya Nader Harati"},"description":"Cultural Destination Specialist & Travel Chronicler. Maya doesn\u2019t just travel the world; she translates it.","sameAs":["https:\/\/tourtravelandmore.com\/author-profile-maya-nader-harati\/"]}]}},"_links":{"self":[{"href":"https:\/\/tourtravelandmore.com\/fr\/wp-json\/wp\/v2\/posts\/177964","targetHints":{"allow":["GET"]}}],"collection":[{"href":"https:\/\/tourtravelandmore.com\/fr\/wp-json\/wp\/v2\/posts"}],"about":[{"href":"https:\/\/tourtravelandmore.com\/fr\/wp-json\/wp\/v2\/types\/post"}],"author":[{"embeddable":true,"href":"https:\/\/tourtravelandmore.com\/fr\/wp-json\/wp\/v2\/users\/2"}],"replies":[{"embeddable":true,"href":"https:\/\/tourtravelandmore.com\/fr\/wp-json\/wp\/v2\/comments?post=177964"}],"version-history":[{"count":1,"href":"https:\/\/tourtravelandmore.com\/fr\/wp-json\/wp\/v2\/posts\/177964\/revisions"}],"predecessor-version":[{"id":177965,"href":"https:\/\/tourtravelandmore.com\/fr\/wp-json\/wp\/v2\/posts\/177964\/revisions\/177965"}],"wp:featuredmedia":[{"embeddable":true,"href":"https:\/\/tourtravelandmore.com\/fr\/wp-json\/wp\/v2\/media\/177959"}],"wp:attachment":[{"href":"https:\/\/tourtravelandmore.com\/fr\/wp-json\/wp\/v2\/media?parent=177964"}],"wp:term":[{"taxonomy":"category","embeddable":true,"href":"https:\/\/tourtravelandmore.com\/fr\/wp-json\/wp\/v2\/categories?post=177964"},{"taxonomy":"post_tag","embeddable":true,"href":"https:\/\/tourtravelandmore.com\/fr\/wp-json\/wp\/v2\/tags?post=177964"}],"curies":[{"name":"wp","href":"https:\/\/api.w.org\/{rel}","templated":true}]}}