{"id":176063,"date":"2024-08-12T14:43:52","date_gmt":"2024-08-12T12:43:52","guid":{"rendered":"https:\/\/tourtravelandmore.com\/?p=176063"},"modified":"2025-05-16T15:21:57","modified_gmt":"2025-05-16T13:21:57","slug":"le-nord-cest-aussi-lete","status":"publish","type":"post","link":"https:\/\/tourtravelandmore.com\/fr\/le-nord-cest-aussi-lete\/","title":{"rendered":"Le nord, c&#8217;est aussi l&#8217;\u00e9t\u00e9"},"content":{"rendered":"\n<div class=\"wp-block-yoast-seo-table-of-contents yoast-table-of-contents\"><h2>Table of contents<\/h2><ul><li><a href=\"#h-des-plages-eblouissantes\" data-level=\"2\">Des plages \u00e9blouissantes<\/a><\/li><li><a href=\"#h-paysages-verts-et-randonnees\" data-level=\"2\">Paysages verts et randonn\u00e9es<\/a><\/li><li><a href=\"#h-culture-et-traditions-authentiques\" data-level=\"2\">Culture et traditions authentiques<\/a><\/li><li><a href=\"#h-un-climat-parfait-pour-echapper-a-la-chaleur\" data-level=\"2\">Un climat parfait pour \u00e9chapper \u00e0 la chaleur<\/a><\/li><\/ul><\/div>\n\n\n\n<p>Quand on pense \u00e0 l&#8217;\u00e9t\u00e9, on pense souvent aux c\u00f4tes ensoleill\u00e9es du sud, aux plages interminables et aux journ\u00e9es interminables sous un soleil de plomb. Cependant, le nord de l&#8217;Espagne offre une exp\u00e9rience estivale diff\u00e9rente, o\u00f9 la nature, la culture et la gastronomie se combinent pour cr\u00e9er des vacances inoubliables. Chez Tour Travel &amp; More, nous vous invitons \u00e0 d\u00e9couvrir pourquoi le nord est aussi un lieu d&#8217;\u00e9t\u00e9 &#8211;<a href=\"https:\/\/tourtravelandmore.com\/fr\/\"> consultez nos circuits priv\u00e9s ici !<\/a><\/p>\n\n\n\n<h2 class=\"wp-block-heading\" id=\"h-des-plages-eblouissantes\"><strong>Des plages \u00e9blouissantes<\/strong><\/h2>\n\n\n\n<p>Le nord de l&#8217;Espagne poss\u00e8de certaines des plages les plus spectaculaires et les moins fr\u00e9quent\u00e9es du pays. De la Galice au Pays basque, les c\u00f4tes du nord offrent du sable dor\u00e9, des eaux cristallines et des paysages naturels \u00e0 couper le souffle.<\/p>\n\n\n\n<p>En Galice, la Playa de las Catedrales est un spectacle naturel unique, o\u00f9 les arches de pierre sculpt\u00e9es par le vent et la mer forment une cath\u00e9drale naturelle que l&#8217;on peut explorer \u00e0 mar\u00e9e basse. Dans les Asturies, la Playa del Silencio porte bien son nom, offrant un coin de paix et de beaut\u00e9 in\u00e9gal\u00e9, entour\u00e9 de falaises et d&#8217;une v\u00e9g\u00e9tation luxuriante. Au Pays basque, la plage de la Concha, \u00e0 Saint-S\u00e9bastien, allie beaut\u00e9 naturelle et charme urbain, ce qui en fait l&#8217;endroit id\u00e9al pour profiter de la mer sans renoncer au confort de la ville.<\/p>\n\n\n\n<figure class=\"wp-block-image\"><img decoding=\"async\" src=\"https:\/\/lh7-rt.googleusercontent.com\/docsz\/AD_4nXc4i4GOeQw6vSv6YW-QizyJZlPL4CaHcx3P804BKmBkf31Lg1CKtnPrRSlphvvZDPJXCQIAQapnIzP9uafE1nrH2N5IxQtEWF2ht1_XoaJsd_34UqjQc_fKHLtIpQFfXlBW16Ijs43L74nsFzTzza48MT8?key=ikFLS2VSSWiyF2DL469obw\" alt=\"\"\/><\/figure>\n\n\n\n<h2 class=\"wp-block-heading\" id=\"h-paysages-verts-et-randonnees\"><strong>Paysages verts et randonn\u00e9es<\/strong><\/h2>\n\n\n\n<p>Le nord de l&#8217;Espagne est connu pour ses paysages verdoyants et montagneux, un paradis pour les randonneurs et les amoureux de la nature. Les montagnes des Pics d&#8217;Europe offrent des itin\u00e9raires pour tous les niveaux, des promenades douces \u00e0 travers les prairies et les for\u00eats aux ascensions difficiles qui vous r\u00e9compensent par des vues panoramiques \u00e0 couper le souffle.<\/p>\n\n\n\n<p>En Cantabrie, la r\u00e9serve naturelle des Collados del As\u00f3n est un tr\u00e9sor cach\u00e9 qui offre des itin\u00e9raires de randonn\u00e9e \u00e0 travers des vall\u00e9es profondes, des cascades et des formations rocheuses spectaculaires. En outre, le Camino de Santiago, l&#8217;un des chemins de p\u00e8lerinage les plus anciens et les plus c\u00e9l\u00e8bres au monde, traverse le nord de l&#8217;Espagne, offrant non seulement une exp\u00e9rience spirituelle, mais aussi l&#8217;occasion de d\u00e9couvrir des villages pittoresques et des paysages de r\u00eave.<\/p>\n\n\n\n<figure class=\"wp-block-image\"><img decoding=\"async\" src=\"https:\/\/lh7-rt.googleusercontent.com\/docsz\/AD_4nXeVZ-EQ0II-d1QyBaJdr3H-qsoxRgECvfNKkB-Dns61XADJ6olCekLY5KBDItvOhtvqwFtWYyQeU0RmYo-Zw5auGnNQqXCF8UlFpC1ykaNud166JD6nrlKZEM_-cZwsfzs6WnCrKmdanmSWkDc6p3sA_Aw?key=ikFLS2VSSWiyF2DL469obw\" alt=\"\"\/><\/figure>\n\n\n\n<h2 class=\"wp-block-heading\" id=\"h-culture-et-traditions-authentiques\"><strong>Culture et traditions authentiques<\/strong><\/h2>\n\n\n\n<p>Le nord de l&#8217;Espagne est une r\u00e9gion riche en culture et en traditions, o\u00f9 chaque village et chaque ville poss\u00e8de sa propre identit\u00e9 et son propre charme. Les festivals traditionnels, tels que la Semana Grande de Bilbao ou la Fiesta de San Ferm\u00edn de Pampelune, sont des exemples de la fa\u00e7on dont la culture locale est v\u00e9cue avec intensit\u00e9 et passion.<\/p>\n\n\n\n<p>Visiter le nord de l&#8217;Espagne en \u00e9t\u00e9, c&#8217;est aussi l&#8217;occasion de s&#8217;immerger dans son patrimoine historique et architectural. Des cath\u00e9drales gothiques de Le\u00f3n et de Burgos aux vieux quartiers de villes comme Oviedo et Saint-Jacques-de-Compostelle, le nord est un v\u00e9ritable mus\u00e9e \u00e0 ciel ouvert. Sans oublier la gastronomie, avec des plats embl\u00e9matiques comme le poulpe galicien, la fabada asturienne ou les pintxos basques, qui sont un v\u00e9ritable r\u00e9gal pour le palais.<\/p>\n\n\n\n<figure class=\"wp-block-image\"><img decoding=\"async\" src=\"https:\/\/lh7-rt.googleusercontent.com\/docsz\/AD_4nXfiCsKPJGrTBxiKmA7KRBDYA6pJ2otL7CUivMjVDMjBS0ugHg_RVGTf_PRzBrsruaTOgGj93VOcDHlj73ALDHjY0EoMNDj-qteHjwtwxPwzm_ZLZz7A56cQ_fpP5wv2Dxx8iwbXaOq580c8Lv4z23GZRUhq?key=ikFLS2VSSWiyF2DL469obw\" alt=\"\"\/><\/figure>\n\n\n\n<h2 class=\"wp-block-heading\" id=\"h-un-climat-parfait-pour-echapper-a-la-chaleur\"><strong>Un climat parfait pour \u00e9chapper \u00e0 la chaleur<\/strong><\/h2>\n\n\n\n<p>Contrairement aux temp\u00e9ratures \u00e9lev\u00e9es qui dominent le sud de l&#8217;Espagne en \u00e9t\u00e9, le nord offre un climat beaucoup plus doux et agr\u00e9able. Les temp\u00e9ratures dans cette r\u00e9gion d\u00e9passent rarement les 30 degr\u00e9s Celsius, ce qui vous permet de profiter des activit\u00e9s de plein air sans souffrir de la chaleur extr\u00eame.<\/p>\n\n\n\n<p>Ce climat plus frais fait \u00e9galement du nord une destination id\u00e9ale pour ceux qui cherchent \u00e0 \u00e9chapper aux foules touristiques. Des villes comme Santander, La Corogne et Saint-S\u00e9bastien offrent une atmosph\u00e8re d\u00e9tendue et accueillante, o\u00f9 vous pourrez profiter de l&#8217;\u00e9t\u00e9 en toute tranquillit\u00e9.<\/p>\n\n\n\n<p>En r\u00e9sum\u00e9, le nord de l&#8217;Espagne est une destination estivale id\u00e9ale, offrant une alternative rafra\u00eechissante et enrichissante aux traditionnelles vacances au soleil et sur le sable du sud. Avec ses paysages spectaculaires, ses plages magnifiques, sa culture riche et sa gastronomie exceptionnelle, le nord de l&#8217;Espagne a tout ce qu&#8217;il faut pour des vacances inoubliables. Chez Tour Travel &amp; More, nous sommes pr\u00eats \u00e0 vous aider \u00e0 le d\u00e9couvrir &#8211; le nord, c&#8217;est aussi pour l&#8217;\u00e9t\u00e9 !<\/p>\n","protected":false},"excerpt":{"rendered":"<p>Le nord de l&#8217;Espagne offre un \u00e9t\u00e9 unique avec des plages spectaculaires, des paysages verdoyants et une gastronomie exceptionnelle. D\u00e9couvrez pourquoi cette r\u00e9gion est la destination id\u00e9ale pour profiter du soleil dans un environnement naturel incomparable.<\/p>\n","protected":false},"author":2,"featured_media":176058,"comment_status":"open","ping_status":"open","sticky":false,"template":"","format":"standard","meta":{"_acf_changed":false,"footnotes":""},"categories":[3914],"tags":[],"class_list":["post-176063","post","type-post","status-publish","format-standard","has-post-thumbnail","hentry","category-europe-fr"],"acf":[],"yoast_head":"<!-- This site is optimized with the Yoast SEO Premium plugin v25.3.1 (Yoast SEO v25.3.1) - https:\/\/yoast.com\/wordpress\/plugins\/seo\/ -->\n<title>Le Nord, c&#039;est aussi pour l&#039;\u00e9t\u00e9 - Tour Travel and More<\/title>\n<meta name=\"description\" content=\"Explorez le nord de l&#039;Espagne en \u00e9t\u00e9 avec Tour Travel &amp; More. Des plages immacul\u00e9es aux paysages montagneux, d\u00e9couvrez pourquoi le nord est une destination parfaite pour vos vacances d&#039;\u00e9t\u00e9.\" \/>\n<meta name=\"robots\" content=\"index, follow, max-snippet:-1, max-image-preview:large, max-video-preview:-1\" \/>\n<link rel=\"canonical\" href=\"https:\/\/tourtravelandmore.com\/fr\/le-nord-cest-aussi-lete\/\" \/>\n<meta property=\"og:locale\" content=\"fr_FR\" \/>\n<meta property=\"og:type\" content=\"article\" \/>\n<meta property=\"og:title\" content=\"Le nord, c&#039;est aussi l&#039;\u00e9t\u00e9\" \/>\n<meta property=\"og:description\" content=\"Explorez le nord de l&#039;Espagne en \u00e9t\u00e9 avec Tour Travel &amp; More. Des plages immacul\u00e9es aux paysages montagneux, d\u00e9couvrez pourquoi le nord est une destination parfaite pour vos vacances d&#039;\u00e9t\u00e9.\" \/>\n<meta property=\"og:url\" content=\"https:\/\/tourtravelandmore.com\/fr\/le-nord-cest-aussi-lete\/\" \/>\n<meta property=\"og:site_name\" content=\"Tour Travel And More\" \/>\n<meta property=\"article:publisher\" content=\"https:\/\/www.facebook.com\/tourtravelandmore\/\" \/>\n<meta property=\"article:published_time\" content=\"2024-08-12T12:43:52+00:00\" \/>\n<meta property=\"article:modified_time\" content=\"2025-05-16T13:21:57+00:00\" \/>\n<meta property=\"og:image\" content=\"https:\/\/tourtravelandmore.com\/wp-content\/uploads\/2024\/08\/image-4.jpeg\" \/>\n\t<meta property=\"og:image:width\" content=\"1125\" \/>\n\t<meta property=\"og:image:height\" content=\"750\" \/>\n\t<meta property=\"og:image:type\" content=\"image\/jpeg\" \/>\n<meta name=\"author\" content=\"Maya Nader Harati\" \/>\n<meta name=\"twitter:card\" content=\"summary_large_image\" \/>\n<meta name=\"twitter:creator\" content=\"@TourTravel_More\" \/>\n<meta name=\"twitter:site\" content=\"@TourTravel_More\" \/>\n<meta name=\"twitter:label1\" content=\"\u00c9crit par\" \/>\n\t<meta name=\"twitter:data1\" content=\"Maya Nader Harati\" \/>\n\t<meta name=\"twitter:label2\" content=\"Dur\u00e9e de lecture estim\u00e9e\" \/>\n\t<meta name=\"twitter:data2\" content=\"4 minutes\" \/>\n<script type=\"application\/ld+json\" class=\"yoast-schema-graph\">{\"@context\":\"https:\/\/schema.org\",\"@graph\":[{\"@type\":\"Article\",\"@id\":\"https:\/\/tourtravelandmore.com\/fr\/le-nord-cest-aussi-lete\/#article\",\"isPartOf\":{\"@id\":\"https:\/\/tourtravelandmore.com\/fr\/le-nord-cest-aussi-lete\/\"},\"author\":{\"name\":\"Maya Nader Harati\",\"@id\":\"https:\/\/tourtravelandmore.com\/fr\/#\/schema\/person\/2a1c66d76ae9290a394e8efb4af12e1e\"},\"headline\":\"Le nord, c&#8217;est aussi l&#8217;\u00e9t\u00e9\",\"datePublished\":\"2024-08-12T12:43:52+00:00\",\"dateModified\":\"2025-05-16T13:21:57+00:00\",\"mainEntityOfPage\":{\"@id\":\"https:\/\/tourtravelandmore.com\/fr\/le-nord-cest-aussi-lete\/\"},\"wordCount\":771,\"commentCount\":0,\"publisher\":{\"@id\":\"https:\/\/tourtravelandmore.com\/fr\/#organization\"},\"image\":{\"@id\":\"https:\/\/tourtravelandmore.com\/fr\/le-nord-cest-aussi-lete\/#primaryimage\"},\"thumbnailUrl\":\"https:\/\/tourtravelandmore.com\/wp-content\/uploads\/2024\/08\/image-4.jpeg\",\"articleSection\":[\"Europe\"],\"inLanguage\":\"fr-FR\",\"potentialAction\":[{\"@type\":\"CommentAction\",\"name\":\"Comment\",\"target\":[\"https:\/\/tourtravelandmore.com\/fr\/le-nord-cest-aussi-lete\/#respond\"]}],\"accessibilityFeature\":[\"tableOfContents\"]},{\"@type\":\"WebPage\",\"@id\":\"https:\/\/tourtravelandmore.com\/fr\/le-nord-cest-aussi-lete\/\",\"url\":\"https:\/\/tourtravelandmore.com\/fr\/le-nord-cest-aussi-lete\/\",\"name\":\"Le Nord, c'est aussi pour l'\u00e9t\u00e9 - Tour Travel and More\",\"isPartOf\":{\"@id\":\"https:\/\/tourtravelandmore.com\/fr\/#website\"},\"primaryImageOfPage\":{\"@id\":\"https:\/\/tourtravelandmore.com\/fr\/le-nord-cest-aussi-lete\/#primaryimage\"},\"image\":{\"@id\":\"https:\/\/tourtravelandmore.com\/fr\/le-nord-cest-aussi-lete\/#primaryimage\"},\"thumbnailUrl\":\"https:\/\/tourtravelandmore.com\/wp-content\/uploads\/2024\/08\/image-4.jpeg\",\"datePublished\":\"2024-08-12T12:43:52+00:00\",\"dateModified\":\"2025-05-16T13:21:57+00:00\",\"description\":\"Explorez le nord de l'Espagne en \u00e9t\u00e9 avec Tour Travel & More. Des plages immacul\u00e9es aux paysages montagneux, d\u00e9couvrez pourquoi le nord est une destination parfaite pour vos vacances d'\u00e9t\u00e9.\",\"breadcrumb\":{\"@id\":\"https:\/\/tourtravelandmore.com\/fr\/le-nord-cest-aussi-lete\/#breadcrumb\"},\"inLanguage\":\"fr-FR\",\"potentialAction\":[{\"@type\":\"ReadAction\",\"target\":[\"https:\/\/tourtravelandmore.com\/fr\/le-nord-cest-aussi-lete\/\"]}]},{\"@type\":\"ImageObject\",\"inLanguage\":\"fr-FR\",\"@id\":\"https:\/\/tourtravelandmore.com\/fr\/le-nord-cest-aussi-lete\/#primaryimage\",\"url\":\"https:\/\/tourtravelandmore.com\/wp-content\/uploads\/2024\/08\/image-4.jpeg\",\"contentUrl\":\"https:\/\/tourtravelandmore.com\/wp-content\/uploads\/2024\/08\/image-4.jpeg\",\"width\":1125,\"height\":750},{\"@type\":\"BreadcrumbList\",\"@id\":\"https:\/\/tourtravelandmore.com\/fr\/le-nord-cest-aussi-lete\/#breadcrumb\",\"itemListElement\":[{\"@type\":\"ListItem\",\"position\":1,\"name\":\"Home\",\"item\":\"https:\/\/tourtravelandmore.com\/fr\/\"},{\"@type\":\"ListItem\",\"position\":2,\"name\":\"Le nord, c&#8217;est aussi l&#8217;\u00e9t\u00e9\"}]},{\"@type\":\"WebSite\",\"@id\":\"https:\/\/tourtravelandmore.com\/fr\/#website\",\"url\":\"https:\/\/tourtravelandmore.com\/fr\/\",\"name\":\"Tour Travel And More\",\"description\":\"Private sightseeing tours and luxury transfers in Spain\",\"publisher\":{\"@id\":\"https:\/\/tourtravelandmore.com\/fr\/#organization\"},\"potentialAction\":[{\"@type\":\"SearchAction\",\"target\":{\"@type\":\"EntryPoint\",\"urlTemplate\":\"https:\/\/tourtravelandmore.com\/fr\/?s={search_term_string}\"},\"query-input\":{\"@type\":\"PropertyValueSpecification\",\"valueRequired\":true,\"valueName\":\"search_term_string\"}}],\"inLanguage\":\"fr-FR\"},{\"@type\":\"Organization\",\"@id\":\"https:\/\/tourtravelandmore.com\/fr\/#organization\",\"name\":\"Tour Travel And More\",\"url\":\"https:\/\/tourtravelandmore.com\/fr\/\",\"logo\":{\"@type\":\"ImageObject\",\"inLanguage\":\"fr-FR\",\"@id\":\"https:\/\/tourtravelandmore.com\/fr\/#\/schema\/logo\/image\/\",\"url\":\"https:\/\/tourtravelandmore.com\/wp-content\/uploads\/2022\/12\/cropped-logo-cabecera-new.png\",\"contentUrl\":\"https:\/\/tourtravelandmore.com\/wp-content\/uploads\/2022\/12\/cropped-logo-cabecera-new.png\",\"width\":430,\"height\":61,\"caption\":\"Tour Travel And More\"},\"image\":{\"@id\":\"https:\/\/tourtravelandmore.com\/fr\/#\/schema\/logo\/image\/\"},\"sameAs\":[\"https:\/\/www.facebook.com\/tourtravelandmore\/\",\"https:\/\/x.com\/TourTravel_More\"]},{\"@type\":\"Person\",\"@id\":\"https:\/\/tourtravelandmore.com\/fr\/#\/schema\/person\/2a1c66d76ae9290a394e8efb4af12e1e\",\"name\":\"Maya Nader Harati\",\"image\":{\"@type\":\"ImageObject\",\"inLanguage\":\"fr-FR\",\"@id\":\"https:\/\/tourtravelandmore.com\/fr\/#\/schema\/person\/image\/\",\"url\":\"https:\/\/secure.gravatar.com\/avatar\/adc2305883b6f86a616354c0c4516fcd9a333d5f5a0806d9d1ae9b30f898fa1f?s=96&d=mm&r=g\",\"contentUrl\":\"https:\/\/secure.gravatar.com\/avatar\/adc2305883b6f86a616354c0c4516fcd9a333d5f5a0806d9d1ae9b30f898fa1f?s=96&d=mm&r=g\",\"caption\":\"Maya Nader Harati\"},\"description\":\"Cultural Destination Specialist & Travel Chronicler. Maya doesn\u2019t just travel the world; she translates it.\",\"sameAs\":[\"https:\/\/tourtravelandmore.com\/author-profile-maya-nader-harati\/\"]}]}<\/script>\n<!-- \/ Yoast SEO Premium plugin. -->","yoast_head_json":{"title":"Le Nord, c'est aussi pour l'\u00e9t\u00e9 - Tour Travel and More","description":"Explorez le nord de l'Espagne en \u00e9t\u00e9 avec Tour Travel & More. Des plages immacul\u00e9es aux paysages montagneux, d\u00e9couvrez pourquoi le nord est une destination parfaite pour vos vacances d'\u00e9t\u00e9.","robots":{"index":"index","follow":"follow","max-snippet":"max-snippet:-1","max-image-preview":"max-image-preview:large","max-video-preview":"max-video-preview:-1"},"canonical":"https:\/\/tourtravelandmore.com\/fr\/le-nord-cest-aussi-lete\/","og_locale":"fr_FR","og_type":"article","og_title":"Le nord, c'est aussi l'\u00e9t\u00e9","og_description":"Explorez le nord de l'Espagne en \u00e9t\u00e9 avec Tour Travel & More. Des plages immacul\u00e9es aux paysages montagneux, d\u00e9couvrez pourquoi le nord est une destination parfaite pour vos vacances d'\u00e9t\u00e9.","og_url":"https:\/\/tourtravelandmore.com\/fr\/le-nord-cest-aussi-lete\/","og_site_name":"Tour Travel And More","article_publisher":"https:\/\/www.facebook.com\/tourtravelandmore\/","article_published_time":"2024-08-12T12:43:52+00:00","article_modified_time":"2025-05-16T13:21:57+00:00","og_image":[{"width":1125,"height":750,"url":"https:\/\/tourtravelandmore.com\/wp-content\/uploads\/2024\/08\/image-4.jpeg","type":"image\/jpeg"}],"author":"Maya Nader Harati","twitter_card":"summary_large_image","twitter_creator":"@TourTravel_More","twitter_site":"@TourTravel_More","twitter_misc":{"\u00c9crit par":"Maya Nader Harati","Dur\u00e9e de lecture estim\u00e9e":"4 minutes"},"schema":{"@context":"https:\/\/schema.org","@graph":[{"@type":"Article","@id":"https:\/\/tourtravelandmore.com\/fr\/le-nord-cest-aussi-lete\/#article","isPartOf":{"@id":"https:\/\/tourtravelandmore.com\/fr\/le-nord-cest-aussi-lete\/"},"author":{"name":"Maya Nader Harati","@id":"https:\/\/tourtravelandmore.com\/fr\/#\/schema\/person\/2a1c66d76ae9290a394e8efb4af12e1e"},"headline":"Le nord, c&#8217;est aussi l&#8217;\u00e9t\u00e9","datePublished":"2024-08-12T12:43:52+00:00","dateModified":"2025-05-16T13:21:57+00:00","mainEntityOfPage":{"@id":"https:\/\/tourtravelandmore.com\/fr\/le-nord-cest-aussi-lete\/"},"wordCount":771,"commentCount":0,"publisher":{"@id":"https:\/\/tourtravelandmore.com\/fr\/#organization"},"image":{"@id":"https:\/\/tourtravelandmore.com\/fr\/le-nord-cest-aussi-lete\/#primaryimage"},"thumbnailUrl":"https:\/\/tourtravelandmore.com\/wp-content\/uploads\/2024\/08\/image-4.jpeg","articleSection":["Europe"],"inLanguage":"fr-FR","potentialAction":[{"@type":"CommentAction","name":"Comment","target":["https:\/\/tourtravelandmore.com\/fr\/le-nord-cest-aussi-lete\/#respond"]}],"accessibilityFeature":["tableOfContents"]},{"@type":"WebPage","@id":"https:\/\/tourtravelandmore.com\/fr\/le-nord-cest-aussi-lete\/","url":"https:\/\/tourtravelandmore.com\/fr\/le-nord-cest-aussi-lete\/","name":"Le Nord, c'est aussi pour l'\u00e9t\u00e9 - Tour Travel and More","isPartOf":{"@id":"https:\/\/tourtravelandmore.com\/fr\/#website"},"primaryImageOfPage":{"@id":"https:\/\/tourtravelandmore.com\/fr\/le-nord-cest-aussi-lete\/#primaryimage"},"image":{"@id":"https:\/\/tourtravelandmore.com\/fr\/le-nord-cest-aussi-lete\/#primaryimage"},"thumbnailUrl":"https:\/\/tourtravelandmore.com\/wp-content\/uploads\/2024\/08\/image-4.jpeg","datePublished":"2024-08-12T12:43:52+00:00","dateModified":"2025-05-16T13:21:57+00:00","description":"Explorez le nord de l'Espagne en \u00e9t\u00e9 avec Tour Travel & More. Des plages immacul\u00e9es aux paysages montagneux, d\u00e9couvrez pourquoi le nord est une destination parfaite pour vos vacances d'\u00e9t\u00e9.","breadcrumb":{"@id":"https:\/\/tourtravelandmore.com\/fr\/le-nord-cest-aussi-lete\/#breadcrumb"},"inLanguage":"fr-FR","potentialAction":[{"@type":"ReadAction","target":["https:\/\/tourtravelandmore.com\/fr\/le-nord-cest-aussi-lete\/"]}]},{"@type":"ImageObject","inLanguage":"fr-FR","@id":"https:\/\/tourtravelandmore.com\/fr\/le-nord-cest-aussi-lete\/#primaryimage","url":"https:\/\/tourtravelandmore.com\/wp-content\/uploads\/2024\/08\/image-4.jpeg","contentUrl":"https:\/\/tourtravelandmore.com\/wp-content\/uploads\/2024\/08\/image-4.jpeg","width":1125,"height":750},{"@type":"BreadcrumbList","@id":"https:\/\/tourtravelandmore.com\/fr\/le-nord-cest-aussi-lete\/#breadcrumb","itemListElement":[{"@type":"ListItem","position":1,"name":"Home","item":"https:\/\/tourtravelandmore.com\/fr\/"},{"@type":"ListItem","position":2,"name":"Le nord, c&#8217;est aussi l&#8217;\u00e9t\u00e9"}]},{"@type":"WebSite","@id":"https:\/\/tourtravelandmore.com\/fr\/#website","url":"https:\/\/tourtravelandmore.com\/fr\/","name":"Tour Travel And More","description":"Private sightseeing tours and luxury transfers in Spain","publisher":{"@id":"https:\/\/tourtravelandmore.com\/fr\/#organization"},"potentialAction":[{"@type":"SearchAction","target":{"@type":"EntryPoint","urlTemplate":"https:\/\/tourtravelandmore.com\/fr\/?s={search_term_string}"},"query-input":{"@type":"PropertyValueSpecification","valueRequired":true,"valueName":"search_term_string"}}],"inLanguage":"fr-FR"},{"@type":"Organization","@id":"https:\/\/tourtravelandmore.com\/fr\/#organization","name":"Tour Travel And More","url":"https:\/\/tourtravelandmore.com\/fr\/","logo":{"@type":"ImageObject","inLanguage":"fr-FR","@id":"https:\/\/tourtravelandmore.com\/fr\/#\/schema\/logo\/image\/","url":"https:\/\/tourtravelandmore.com\/wp-content\/uploads\/2022\/12\/cropped-logo-cabecera-new.png","contentUrl":"https:\/\/tourtravelandmore.com\/wp-content\/uploads\/2022\/12\/cropped-logo-cabecera-new.png","width":430,"height":61,"caption":"Tour Travel And More"},"image":{"@id":"https:\/\/tourtravelandmore.com\/fr\/#\/schema\/logo\/image\/"},"sameAs":["https:\/\/www.facebook.com\/tourtravelandmore\/","https:\/\/x.com\/TourTravel_More"]},{"@type":"Person","@id":"https:\/\/tourtravelandmore.com\/fr\/#\/schema\/person\/2a1c66d76ae9290a394e8efb4af12e1e","name":"Maya Nader Harati","image":{"@type":"ImageObject","inLanguage":"fr-FR","@id":"https:\/\/tourtravelandmore.com\/fr\/#\/schema\/person\/image\/","url":"https:\/\/secure.gravatar.com\/avatar\/adc2305883b6f86a616354c0c4516fcd9a333d5f5a0806d9d1ae9b30f898fa1f?s=96&d=mm&r=g","contentUrl":"https:\/\/secure.gravatar.com\/avatar\/adc2305883b6f86a616354c0c4516fcd9a333d5f5a0806d9d1ae9b30f898fa1f?s=96&d=mm&r=g","caption":"Maya Nader Harati"},"description":"Cultural Destination Specialist & Travel Chronicler. Maya doesn\u2019t just travel the world; she translates it.","sameAs":["https:\/\/tourtravelandmore.com\/author-profile-maya-nader-harati\/"]}]}},"_links":{"self":[{"href":"https:\/\/tourtravelandmore.com\/fr\/wp-json\/wp\/v2\/posts\/176063","targetHints":{"allow":["GET"]}}],"collection":[{"href":"https:\/\/tourtravelandmore.com\/fr\/wp-json\/wp\/v2\/posts"}],"about":[{"href":"https:\/\/tourtravelandmore.com\/fr\/wp-json\/wp\/v2\/types\/post"}],"author":[{"embeddable":true,"href":"https:\/\/tourtravelandmore.com\/fr\/wp-json\/wp\/v2\/users\/2"}],"replies":[{"embeddable":true,"href":"https:\/\/tourtravelandmore.com\/fr\/wp-json\/wp\/v2\/comments?post=176063"}],"version-history":[{"count":1,"href":"https:\/\/tourtravelandmore.com\/fr\/wp-json\/wp\/v2\/posts\/176063\/revisions"}],"predecessor-version":[{"id":176064,"href":"https:\/\/tourtravelandmore.com\/fr\/wp-json\/wp\/v2\/posts\/176063\/revisions\/176064"}],"wp:featuredmedia":[{"embeddable":true,"href":"https:\/\/tourtravelandmore.com\/fr\/wp-json\/wp\/v2\/media\/176058"}],"wp:attachment":[{"href":"https:\/\/tourtravelandmore.com\/fr\/wp-json\/wp\/v2\/media?parent=176063"}],"wp:term":[{"taxonomy":"category","embeddable":true,"href":"https:\/\/tourtravelandmore.com\/fr\/wp-json\/wp\/v2\/categories?post=176063"},{"taxonomy":"post_tag","embeddable":true,"href":"https:\/\/tourtravelandmore.com\/fr\/wp-json\/wp\/v2\/tags?post=176063"}],"curies":[{"name":"wp","href":"https:\/\/api.w.org\/{rel}","templated":true}]}}