{"id":175389,"date":"2024-06-17T15:54:51","date_gmt":"2024-06-17T13:54:51","guid":{"rendered":"https:\/\/tourtravelandmore.com\/?p=175389"},"modified":"2025-05-16T15:25:54","modified_gmt":"2025-05-16T13:25:54","slug":"decouvrez-escorca-en-trois-dimensions","status":"publish","type":"post","link":"https:\/\/tourtravelandmore.com\/fr\/decouvrez-escorca-en-trois-dimensions\/","title":{"rendered":"D\u00e9couvrez Escorca en trois dimensions"},"content":{"rendered":"\n<div class=\"wp-block-yoast-seo-table-of-contents yoast-table-of-contents\"><h2>Table of contents<\/h2><ul><li><a href=\"#h-premiere-dimension-la-nature-incomparable-de-l-escorque\" data-level=\"2\">Premi\u00e8re dimension : la nature incomparable de l&#8217;Escorque<\/a><\/li><li><a href=\"#h-deuxieme-dimension-la-culture-vivante-d-escorca\" data-level=\"2\">Deuxi\u00e8me dimension : la culture vivante d&#8217;Escorca<\/a><\/li><li><a href=\"#h-troisieme-dimension-l-histoire-profonde-d-escorca\" data-level=\"2\">Troisi\u00e8me dimension : l&#8217;histoire profonde d&#8217;Escorca<\/a><\/li><li><a href=\"#h-conclusion-l-escorque-en-trois-dimensions\" data-level=\"2\">Conclusion : l&#8217;Escorque en trois dimensions<\/a><\/li><\/ul><\/div>\n\n\n\n<p>Bienvenue sur le site de Tour Travel &amp; More, votre partenaire de confiance pour l&#8217;organisation de voyages extraordinaires. Aujourd&#8217;hui, nous partons \u00e0 l&#8217;aventure dans l&#8217;un des coins les plus fascinants de Majorque : l&#8217;\u00eele d&#8217;Escorque. \u00c0 travers un regard tridimensionnel, nous explorerons la g\u00e9ographie, la culture et l&#8217;histoire de ce lieu magique. Pr\u00e9parez-vous \u00e0 un voyage o\u00f9 chaque dimension r\u00e9v\u00e8le des secrets et des merveilles uniques. <a href=\"https:\/\/tourtravelandmore.com\/fr\/\">D\u00e9couvrez nos visites priv\u00e9es ici !<\/a><\/p>\n\n\n\n<h2 class=\"wp-block-heading\" id=\"h-premiere-dimension-la-nature-incomparable-de-l-escorque\"><strong>Premi\u00e8re dimension : la nature incomparable de l&#8217;Escorque<\/strong><\/h2>\n\n\n\n<p>L&#8217;\u00eele d&#8217;Escorque, situ\u00e9e au nord-ouest de Majorque, est un paradis naturel qui captive tous ses visiteurs. La premi\u00e8re dimension de notre circuit se concentre sur la g\u00e9ographie \u00e9poustouflante de la r\u00e9gion, domin\u00e9e par la Serra de Tramuntana, une cha\u00eene de montagnes class\u00e9e au patrimoine mondial de l&#8217;UNESCO.<\/p>\n\n\n\n<p>Les pics escarp\u00e9s, les vall\u00e9es profondes et les ravins spectaculaires cr\u00e9ent un paysage de r\u00eave. L&#8217;itin\u00e9raire de randonn\u00e9e le plus c\u00e9l\u00e8bre, le Torrent de Pareis, est un d\u00e9fi pour les aventuriers, avec sa gorge \u00e9troite qui serpente entre des rochers g\u00e9ants. N&#8217;oublions pas le r\u00e9servoir de Gorg Blau, dont les eaux turquoise offrent un contraste vibrant avec le vert luxuriant de la v\u00e9g\u00e9tation environnante.<\/p>\n\n\n\n<p>Le monast\u00e8re de Lluc, lieu de p\u00e8lerinage spirituel, est nich\u00e9 dans ce paysage. Les visiteurs peuvent y appr\u00e9cier la tranquillit\u00e9 et la beaut\u00e9 de ses jardins ainsi que l&#8217;impressionnante basilique. La nature de l&#8217;Escorca n&#8217;est pas seulement un plaisir visuel, mais aussi un havre de paix et de s\u00e9r\u00e9nit\u00e9.<\/p>\n\n\n\n<figure class=\"wp-block-image\"><img decoding=\"async\" src=\"https:\/\/lh7-us.googleusercontent.com\/docsz\/AD_4nXdhau4ZXfW33tY3ZdSQCoknWMSrVmiYg0K3e3-b6PeiEvDexJlvp2Y8zlXYOPSXU3A2IGhU1UtoF5Bdl9L5Kq7kYx1lS1QyQXCeJtE4drcHKoTDsxwGLgpt76SFmu2HwYhbQMctAEBlYe-2AQ2dLd4zIVuU?key=T1Ad1tN8df1T_nt6L90b4Q\" alt=\"\"\/><\/figure>\n\n\n\n<h2 class=\"wp-block-heading\" id=\"h-deuxieme-dimension-la-culture-vivante-d-escorca\"><strong>Deuxi\u00e8me dimension : la culture vivante d&#8217;Escorca<\/strong><\/h2>\n\n\n\n<p>La deuxi\u00e8me dimension de notre voyage nous emm\u00e8ne \u00e0 la d\u00e9couverte de la culture vivante de l&#8217;\u00eele d&#8217;Escorque. Cette municipalit\u00e9 est un bastion des traditions majorquines, avec un riche patrimoine qui se manifeste \u00e0 chaque coin de rue.<\/p>\n\n\n\n<p>Les f\u00eates locales, comme la traditionnelle &#8220;Festa de Lluc&#8221;, sont une fen\u00eatre sur les coutumes et le folklore de l&#8217;\u00eele. Au cours de ces c\u00e9l\u00e9brations, les visiteurs peuvent appr\u00e9cier la musique, la danse et la gastronomie typique, le tout dans une atmosph\u00e8re festive et accueillante.<\/p>\n\n\n\n<p>L&#8217;artisanat joue \u00e9galement un r\u00f4le essentiel dans la culture d&#8217;Escorca. Les ateliers d&#8217;artisans locaux proposent des produits uniques, de la c\u00e9ramique au textile, qui refl\u00e8tent l&#8217;identit\u00e9 et le talent de la r\u00e9gion. Chaque pi\u00e8ce t\u00e9moigne de l&#8217;h\u00e9ritage culturel transmis de g\u00e9n\u00e9ration en g\u00e9n\u00e9ration.<\/p>\n\n\n\n<p>En outre, la gastronomie d&#8217;Escorca est une v\u00e9ritable f\u00eate des sens. Des plats comme le &#8220;tumbet&#8221;, un m\u00e9lange de l\u00e9gumes cuits lentement, ou le &#8220;pa amb oli&#8221;, une combinaison simple mais d\u00e9licieuse de pain avec de l&#8217;huile d&#8217;olive et de la tomate, sont incontournables pour tout visiteur. Les restaurants locaux, dont beaucoup ont une vue panoramique, offrent une exp\u00e9rience culinaire inoubliable.<\/p>\n\n\n\n<figure class=\"wp-block-image\"><img decoding=\"async\" src=\"https:\/\/lh7-us.googleusercontent.com\/docsz\/AD_4nXekC-1muGEn1af8u-PrxrwuuPPL5xNkIdGnsU9exc199WkCPMfM0pO-p-qAC82csOfTtMAFAsmRa7Ot8iT6rXtWKSy165y3CpHAJlurS_PiC2evTGTRHUzcPAR3U8-xlcGrRuIZL8zUEduHTrsRyvnDjPpv?key=T1Ad1tN8df1T_nt6L90b4Q\" alt=\"\"\/><\/figure>\n\n\n\n<h2 class=\"wp-block-heading\" id=\"h-troisieme-dimension-l-histoire-profonde-d-escorca\"><strong>Troisi\u00e8me dimension : l&#8217;histoire profonde d&#8217;Escorca<\/strong><\/h2>\n\n\n\n<p>La troisi\u00e8me dimension de notre voyage tridimensionnel porte sur la riche histoire de l&#8217;Escorque. Cette r\u00e9gion a \u00e9t\u00e9 le t\u00e9moin d&#8217;innombrables \u00e9v\u00e9nements historiques qui ont laiss\u00e9 une empreinte ind\u00e9l\u00e9bile sur son paysage et ses habitants.<\/p>\n\n\n\n<p>Les premiers \u00e9tablissements humains dans la r\u00e9gion remontent \u00e0 la p\u00e9riode talayotique et les vestiges arch\u00e9ologiques trouv\u00e9s dans les environs t\u00e9moignent d&#8217;une civilisation ancienne et sophistiqu\u00e9e. Au Moyen \u00c2ge, l&#8217;Escorque \u00e9tait un point strat\u00e9gique dans la d\u00e9fense de Majorque contre les raids de pirates, et les tours de guet qui pars\u00e8ment le littoral rappellent cette \u00e9poque turbulente.<\/p>\n\n\n\n<p>Le monast\u00e8re de Lluc, fond\u00e9 au XIIIe si\u00e8cle, est un joyau historique qui a \u00e9t\u00e9 un centre de spiritualit\u00e9 et de culture pendant des si\u00e8cles. La figure de la Vierge de Lluc, affectueusement appel\u00e9e &#8220;La Moreneta&#8221;, est un objet de d\u00e9votion et de p\u00e8lerinage qui attire chaque ann\u00e9e des milliers de fid\u00e8les. Les histoires et les l\u00e9gendes qui entourent ce sanctuaire ajoutent une couche de myst\u00e8re et de charme au r\u00e9cit historique d\u00e9j\u00e0 riche de l&#8217;Escorque.<\/p>\n\n\n\n<figure class=\"wp-block-image\"><img decoding=\"async\" src=\"https:\/\/lh7-us.googleusercontent.com\/docsz\/AD_4nXcoW3zkLp18lnsx0brvcXbDZhULIDkJDiXcHFvE13242rSiaNjpZtvLfGWb3dnSI52PyOT88aTH-uXWMI5jAKezqkRi49iVmzjisqtiPWGshjlcxuzyaOc5Ern88JYoD8M7Yug9p46DIgf4WUfC6r56pUeU?key=T1Ad1tN8df1T_nt6L90b4Q\" alt=\"\"\/><\/figure>\n\n\n\n<h2 class=\"wp-block-heading\" id=\"h-conclusion-l-escorque-en-trois-dimensions\"><strong>Conclusion : l&#8217;Escorque en trois dimensions<\/strong><\/h2>\n\n\n\n<p>Chez Tour Travel &amp; More, nous pensons qu&#8217;une destination doit \u00eatre v\u00e9cue dans toutes ses dimensions pour \u00eatre vraiment comprise et appr\u00e9ci\u00e9e. L&#8217;Escorque, avec sa nature sublime, sa culture vibrante et son histoire profonde, offre une exp\u00e9rience tridimensionnelle qui laisse une impression durable dans le c\u0153ur de chaque visiteur.<\/p>\n\n\n\n<p>Explorer l&#8217;Escorque, c&#8217;est comme ouvrir un livre d&#8217;histoires o\u00f9 chaque page r\u00e9v\u00e8le un nouveau paysage, une tradition vibrante ou un chapitre historique fascinant. Nous vous invitons \u00e0 nous rejoindre dans ce voyage et \u00e0 d\u00e9couvrir par vous-m\u00eame les merveilles que ce coin de Majorque a \u00e0 offrir. Votre prochaine aventure commence ici, avec Tour Travel &amp; More.<\/p>\n\n\n\n<p>\u00c0 bient\u00f4t, et que votre voyage soit aussi merveilleux que l&#8217;Escorque elle-m\u00eame !<\/p>\n","protected":false},"excerpt":{"rendered":"<p>Explorez l&#8217;\u00eele d&#8217;Escorque, Majorque, avec Tour Travel &#038; More et immergez-vous dans sa nature sublime, sa culture vibrante et son histoire profonde. D\u00e9couvrez les paysages, les traditions et les l\u00e9gendes au cours d&#8217;un voyage tridimensionnel inoubliable.<\/p>\n","protected":false},"author":2,"featured_media":175384,"comment_status":"open","ping_status":"open","sticky":false,"template":"","format":"standard","meta":{"_acf_changed":false,"footnotes":""},"categories":[3962,3914,4407,2395],"tags":[],"class_list":["post-175389","post","type-post","status-publish","format-standard","has-post-thumbnail","hentry","category-espagne","category-europe-fr","category-majorque","category-non-classifiee"],"acf":[],"yoast_head":"<!-- This site is optimized with the Yoast SEO Premium plugin v25.3.1 (Yoast SEO v25.3.1) - https:\/\/yoast.com\/wordpress\/plugins\/seo\/ -->\n<title>D\u00e9couvrez l&#039;\u00eele de Majorque en trois dimensions | Tour Travel &amp; More<\/title>\n<meta name=\"description\" content=\"Explorez l&#039;\u00eele d&#039;Escorque, Majorque, \u00e0 travers sa nature, sa culture et son histoire avec Tour Travel &amp; More. D\u00e9couvrez des paysages \u00e0 couper le souffle, des traditions vivantes et un riche patrimoine historique - votre prochaine aventure vous attend !\" \/>\n<meta name=\"robots\" content=\"index, follow, max-snippet:-1, max-image-preview:large, max-video-preview:-1\" \/>\n<link rel=\"canonical\" href=\"https:\/\/tourtravelandmore.com\/fr\/decouvrez-escorca-en-trois-dimensions\/\" \/>\n<meta property=\"og:locale\" content=\"fr_FR\" \/>\n<meta property=\"og:type\" content=\"article\" \/>\n<meta property=\"og:title\" content=\"D\u00e9couvrez Escorca en trois dimensions\" \/>\n<meta property=\"og:description\" content=\"Explorez l&#039;\u00eele d&#039;Escorque, Majorque, \u00e0 travers sa nature, sa culture et son histoire avec Tour Travel &amp; More. D\u00e9couvrez des paysages \u00e0 couper le souffle, des traditions vivantes et un riche patrimoine historique - votre prochaine aventure vous attend !\" \/>\n<meta property=\"og:url\" content=\"https:\/\/tourtravelandmore.com\/fr\/decouvrez-escorca-en-trois-dimensions\/\" \/>\n<meta property=\"og:site_name\" content=\"Tour Travel And More\" \/>\n<meta property=\"article:publisher\" content=\"https:\/\/www.facebook.com\/tourtravelandmore\/\" \/>\n<meta property=\"article:published_time\" content=\"2024-06-17T13:54:51+00:00\" \/>\n<meta property=\"article:modified_time\" content=\"2025-05-16T13:25:54+00:00\" \/>\n<meta property=\"og:image\" content=\"https:\/\/tourtravelandmore.com\/wp-content\/uploads\/2024\/06\/image-7.jpeg\" \/>\n\t<meta property=\"og:image:width\" content=\"1200\" \/>\n\t<meta property=\"og:image:height\" content=\"625\" \/>\n\t<meta property=\"og:image:type\" content=\"image\/jpeg\" \/>\n<meta name=\"author\" content=\"Maya Nader Harati\" \/>\n<meta name=\"twitter:card\" content=\"summary_large_image\" \/>\n<meta name=\"twitter:creator\" content=\"@TourTravel_More\" \/>\n<meta name=\"twitter:site\" content=\"@TourTravel_More\" \/>\n<meta name=\"twitter:label1\" content=\"\u00c9crit par\" \/>\n\t<meta name=\"twitter:data1\" content=\"Maya Nader Harati\" \/>\n\t<meta name=\"twitter:label2\" content=\"Dur\u00e9e de lecture estim\u00e9e\" \/>\n\t<meta name=\"twitter:data2\" content=\"4 minutes\" \/>\n<script type=\"application\/ld+json\" class=\"yoast-schema-graph\">{\"@context\":\"https:\/\/schema.org\",\"@graph\":[{\"@type\":\"Article\",\"@id\":\"https:\/\/tourtravelandmore.com\/fr\/decouvrez-escorca-en-trois-dimensions\/#article\",\"isPartOf\":{\"@id\":\"https:\/\/tourtravelandmore.com\/fr\/decouvrez-escorca-en-trois-dimensions\/\"},\"author\":{\"name\":\"Maya Nader Harati\",\"@id\":\"https:\/\/tourtravelandmore.com\/fr\/#\/schema\/person\/2a1c66d76ae9290a394e8efb4af12e1e\"},\"headline\":\"D\u00e9couvrez Escorca en trois dimensions\",\"datePublished\":\"2024-06-17T13:54:51+00:00\",\"dateModified\":\"2025-05-16T13:25:54+00:00\",\"mainEntityOfPage\":{\"@id\":\"https:\/\/tourtravelandmore.com\/fr\/decouvrez-escorca-en-trois-dimensions\/\"},\"wordCount\":896,\"commentCount\":0,\"publisher\":{\"@id\":\"https:\/\/tourtravelandmore.com\/fr\/#organization\"},\"image\":{\"@id\":\"https:\/\/tourtravelandmore.com\/fr\/decouvrez-escorca-en-trois-dimensions\/#primaryimage\"},\"thumbnailUrl\":\"https:\/\/tourtravelandmore.com\/wp-content\/uploads\/2024\/06\/image-7.jpeg\",\"articleSection\":[\"Espagne\",\"Europe\",\"Majorque\",\"Non classifi\u00e9(e)\"],\"inLanguage\":\"fr-FR\",\"potentialAction\":[{\"@type\":\"CommentAction\",\"name\":\"Comment\",\"target\":[\"https:\/\/tourtravelandmore.com\/fr\/decouvrez-escorca-en-trois-dimensions\/#respond\"]}],\"accessibilityFeature\":[\"tableOfContents\"]},{\"@type\":\"WebPage\",\"@id\":\"https:\/\/tourtravelandmore.com\/fr\/decouvrez-escorca-en-trois-dimensions\/\",\"url\":\"https:\/\/tourtravelandmore.com\/fr\/decouvrez-escorca-en-trois-dimensions\/\",\"name\":\"D\u00e9couvrez l'\u00eele de Majorque en trois dimensions | Tour Travel & More\",\"isPartOf\":{\"@id\":\"https:\/\/tourtravelandmore.com\/fr\/#website\"},\"primaryImageOfPage\":{\"@id\":\"https:\/\/tourtravelandmore.com\/fr\/decouvrez-escorca-en-trois-dimensions\/#primaryimage\"},\"image\":{\"@id\":\"https:\/\/tourtravelandmore.com\/fr\/decouvrez-escorca-en-trois-dimensions\/#primaryimage\"},\"thumbnailUrl\":\"https:\/\/tourtravelandmore.com\/wp-content\/uploads\/2024\/06\/image-7.jpeg\",\"datePublished\":\"2024-06-17T13:54:51+00:00\",\"dateModified\":\"2025-05-16T13:25:54+00:00\",\"description\":\"Explorez l'\u00eele d'Escorque, Majorque, \u00e0 travers sa nature, sa culture et son histoire avec Tour Travel & More. D\u00e9couvrez des paysages \u00e0 couper le souffle, des traditions vivantes et un riche patrimoine historique - votre prochaine aventure vous attend !\",\"breadcrumb\":{\"@id\":\"https:\/\/tourtravelandmore.com\/fr\/decouvrez-escorca-en-trois-dimensions\/#breadcrumb\"},\"inLanguage\":\"fr-FR\",\"potentialAction\":[{\"@type\":\"ReadAction\",\"target\":[\"https:\/\/tourtravelandmore.com\/fr\/decouvrez-escorca-en-trois-dimensions\/\"]}]},{\"@type\":\"ImageObject\",\"inLanguage\":\"fr-FR\",\"@id\":\"https:\/\/tourtravelandmore.com\/fr\/decouvrez-escorca-en-trois-dimensions\/#primaryimage\",\"url\":\"https:\/\/tourtravelandmore.com\/wp-content\/uploads\/2024\/06\/image-7.jpeg\",\"contentUrl\":\"https:\/\/tourtravelandmore.com\/wp-content\/uploads\/2024\/06\/image-7.jpeg\",\"width\":1200,\"height\":625},{\"@type\":\"BreadcrumbList\",\"@id\":\"https:\/\/tourtravelandmore.com\/fr\/decouvrez-escorca-en-trois-dimensions\/#breadcrumb\",\"itemListElement\":[{\"@type\":\"ListItem\",\"position\":1,\"name\":\"Home\",\"item\":\"https:\/\/tourtravelandmore.com\/fr\/\"},{\"@type\":\"ListItem\",\"position\":2,\"name\":\"D\u00e9couvrez Escorca en trois dimensions\"}]},{\"@type\":\"WebSite\",\"@id\":\"https:\/\/tourtravelandmore.com\/fr\/#website\",\"url\":\"https:\/\/tourtravelandmore.com\/fr\/\",\"name\":\"Tour Travel And More\",\"description\":\"Private sightseeing tours and luxury transfers in Spain\",\"publisher\":{\"@id\":\"https:\/\/tourtravelandmore.com\/fr\/#organization\"},\"potentialAction\":[{\"@type\":\"SearchAction\",\"target\":{\"@type\":\"EntryPoint\",\"urlTemplate\":\"https:\/\/tourtravelandmore.com\/fr\/?s={search_term_string}\"},\"query-input\":{\"@type\":\"PropertyValueSpecification\",\"valueRequired\":true,\"valueName\":\"search_term_string\"}}],\"inLanguage\":\"fr-FR\"},{\"@type\":\"Organization\",\"@id\":\"https:\/\/tourtravelandmore.com\/fr\/#organization\",\"name\":\"Tour Travel And More\",\"url\":\"https:\/\/tourtravelandmore.com\/fr\/\",\"logo\":{\"@type\":\"ImageObject\",\"inLanguage\":\"fr-FR\",\"@id\":\"https:\/\/tourtravelandmore.com\/fr\/#\/schema\/logo\/image\/\",\"url\":\"https:\/\/tourtravelandmore.com\/wp-content\/uploads\/2022\/12\/cropped-logo-cabecera-new.png\",\"contentUrl\":\"https:\/\/tourtravelandmore.com\/wp-content\/uploads\/2022\/12\/cropped-logo-cabecera-new.png\",\"width\":430,\"height\":61,\"caption\":\"Tour Travel And More\"},\"image\":{\"@id\":\"https:\/\/tourtravelandmore.com\/fr\/#\/schema\/logo\/image\/\"},\"sameAs\":[\"https:\/\/www.facebook.com\/tourtravelandmore\/\",\"https:\/\/x.com\/TourTravel_More\"]},{\"@type\":\"Person\",\"@id\":\"https:\/\/tourtravelandmore.com\/fr\/#\/schema\/person\/2a1c66d76ae9290a394e8efb4af12e1e\",\"name\":\"Maya Nader Harati\",\"image\":{\"@type\":\"ImageObject\",\"inLanguage\":\"fr-FR\",\"@id\":\"https:\/\/tourtravelandmore.com\/fr\/#\/schema\/person\/image\/\",\"url\":\"https:\/\/secure.gravatar.com\/avatar\/adc2305883b6f86a616354c0c4516fcd9a333d5f5a0806d9d1ae9b30f898fa1f?s=96&d=mm&r=g\",\"contentUrl\":\"https:\/\/secure.gravatar.com\/avatar\/adc2305883b6f86a616354c0c4516fcd9a333d5f5a0806d9d1ae9b30f898fa1f?s=96&d=mm&r=g\",\"caption\":\"Maya Nader Harati\"},\"description\":\"Cultural Destination Specialist & Travel Chronicler. Maya doesn\u2019t just travel the world; she translates it.\",\"sameAs\":[\"https:\/\/tourtravelandmore.com\/author-profile-maya-nader-harati\/\"]}]}<\/script>\n<!-- \/ Yoast SEO Premium plugin. -->","yoast_head_json":{"title":"D\u00e9couvrez l'\u00eele de Majorque en trois dimensions | Tour Travel & More","description":"Explorez l'\u00eele d'Escorque, Majorque, \u00e0 travers sa nature, sa culture et son histoire avec Tour Travel & More. D\u00e9couvrez des paysages \u00e0 couper le souffle, des traditions vivantes et un riche patrimoine historique - votre prochaine aventure vous attend !","robots":{"index":"index","follow":"follow","max-snippet":"max-snippet:-1","max-image-preview":"max-image-preview:large","max-video-preview":"max-video-preview:-1"},"canonical":"https:\/\/tourtravelandmore.com\/fr\/decouvrez-escorca-en-trois-dimensions\/","og_locale":"fr_FR","og_type":"article","og_title":"D\u00e9couvrez Escorca en trois dimensions","og_description":"Explorez l'\u00eele d'Escorque, Majorque, \u00e0 travers sa nature, sa culture et son histoire avec Tour Travel & More. D\u00e9couvrez des paysages \u00e0 couper le souffle, des traditions vivantes et un riche patrimoine historique - votre prochaine aventure vous attend !","og_url":"https:\/\/tourtravelandmore.com\/fr\/decouvrez-escorca-en-trois-dimensions\/","og_site_name":"Tour Travel And More","article_publisher":"https:\/\/www.facebook.com\/tourtravelandmore\/","article_published_time":"2024-06-17T13:54:51+00:00","article_modified_time":"2025-05-16T13:25:54+00:00","og_image":[{"width":1200,"height":625,"url":"https:\/\/tourtravelandmore.com\/wp-content\/uploads\/2024\/06\/image-7.jpeg","type":"image\/jpeg"}],"author":"Maya Nader Harati","twitter_card":"summary_large_image","twitter_creator":"@TourTravel_More","twitter_site":"@TourTravel_More","twitter_misc":{"\u00c9crit par":"Maya Nader Harati","Dur\u00e9e de lecture estim\u00e9e":"4 minutes"},"schema":{"@context":"https:\/\/schema.org","@graph":[{"@type":"Article","@id":"https:\/\/tourtravelandmore.com\/fr\/decouvrez-escorca-en-trois-dimensions\/#article","isPartOf":{"@id":"https:\/\/tourtravelandmore.com\/fr\/decouvrez-escorca-en-trois-dimensions\/"},"author":{"name":"Maya Nader Harati","@id":"https:\/\/tourtravelandmore.com\/fr\/#\/schema\/person\/2a1c66d76ae9290a394e8efb4af12e1e"},"headline":"D\u00e9couvrez Escorca en trois dimensions","datePublished":"2024-06-17T13:54:51+00:00","dateModified":"2025-05-16T13:25:54+00:00","mainEntityOfPage":{"@id":"https:\/\/tourtravelandmore.com\/fr\/decouvrez-escorca-en-trois-dimensions\/"},"wordCount":896,"commentCount":0,"publisher":{"@id":"https:\/\/tourtravelandmore.com\/fr\/#organization"},"image":{"@id":"https:\/\/tourtravelandmore.com\/fr\/decouvrez-escorca-en-trois-dimensions\/#primaryimage"},"thumbnailUrl":"https:\/\/tourtravelandmore.com\/wp-content\/uploads\/2024\/06\/image-7.jpeg","articleSection":["Espagne","Europe","Majorque","Non classifi\u00e9(e)"],"inLanguage":"fr-FR","potentialAction":[{"@type":"CommentAction","name":"Comment","target":["https:\/\/tourtravelandmore.com\/fr\/decouvrez-escorca-en-trois-dimensions\/#respond"]}],"accessibilityFeature":["tableOfContents"]},{"@type":"WebPage","@id":"https:\/\/tourtravelandmore.com\/fr\/decouvrez-escorca-en-trois-dimensions\/","url":"https:\/\/tourtravelandmore.com\/fr\/decouvrez-escorca-en-trois-dimensions\/","name":"D\u00e9couvrez l'\u00eele de Majorque en trois dimensions | Tour Travel & More","isPartOf":{"@id":"https:\/\/tourtravelandmore.com\/fr\/#website"},"primaryImageOfPage":{"@id":"https:\/\/tourtravelandmore.com\/fr\/decouvrez-escorca-en-trois-dimensions\/#primaryimage"},"image":{"@id":"https:\/\/tourtravelandmore.com\/fr\/decouvrez-escorca-en-trois-dimensions\/#primaryimage"},"thumbnailUrl":"https:\/\/tourtravelandmore.com\/wp-content\/uploads\/2024\/06\/image-7.jpeg","datePublished":"2024-06-17T13:54:51+00:00","dateModified":"2025-05-16T13:25:54+00:00","description":"Explorez l'\u00eele d'Escorque, Majorque, \u00e0 travers sa nature, sa culture et son histoire avec Tour Travel & More. D\u00e9couvrez des paysages \u00e0 couper le souffle, des traditions vivantes et un riche patrimoine historique - votre prochaine aventure vous attend !","breadcrumb":{"@id":"https:\/\/tourtravelandmore.com\/fr\/decouvrez-escorca-en-trois-dimensions\/#breadcrumb"},"inLanguage":"fr-FR","potentialAction":[{"@type":"ReadAction","target":["https:\/\/tourtravelandmore.com\/fr\/decouvrez-escorca-en-trois-dimensions\/"]}]},{"@type":"ImageObject","inLanguage":"fr-FR","@id":"https:\/\/tourtravelandmore.com\/fr\/decouvrez-escorca-en-trois-dimensions\/#primaryimage","url":"https:\/\/tourtravelandmore.com\/wp-content\/uploads\/2024\/06\/image-7.jpeg","contentUrl":"https:\/\/tourtravelandmore.com\/wp-content\/uploads\/2024\/06\/image-7.jpeg","width":1200,"height":625},{"@type":"BreadcrumbList","@id":"https:\/\/tourtravelandmore.com\/fr\/decouvrez-escorca-en-trois-dimensions\/#breadcrumb","itemListElement":[{"@type":"ListItem","position":1,"name":"Home","item":"https:\/\/tourtravelandmore.com\/fr\/"},{"@type":"ListItem","position":2,"name":"D\u00e9couvrez Escorca en trois dimensions"}]},{"@type":"WebSite","@id":"https:\/\/tourtravelandmore.com\/fr\/#website","url":"https:\/\/tourtravelandmore.com\/fr\/","name":"Tour Travel And More","description":"Private sightseeing tours and luxury transfers in Spain","publisher":{"@id":"https:\/\/tourtravelandmore.com\/fr\/#organization"},"potentialAction":[{"@type":"SearchAction","target":{"@type":"EntryPoint","urlTemplate":"https:\/\/tourtravelandmore.com\/fr\/?s={search_term_string}"},"query-input":{"@type":"PropertyValueSpecification","valueRequired":true,"valueName":"search_term_string"}}],"inLanguage":"fr-FR"},{"@type":"Organization","@id":"https:\/\/tourtravelandmore.com\/fr\/#organization","name":"Tour Travel And More","url":"https:\/\/tourtravelandmore.com\/fr\/","logo":{"@type":"ImageObject","inLanguage":"fr-FR","@id":"https:\/\/tourtravelandmore.com\/fr\/#\/schema\/logo\/image\/","url":"https:\/\/tourtravelandmore.com\/wp-content\/uploads\/2022\/12\/cropped-logo-cabecera-new.png","contentUrl":"https:\/\/tourtravelandmore.com\/wp-content\/uploads\/2022\/12\/cropped-logo-cabecera-new.png","width":430,"height":61,"caption":"Tour Travel And More"},"image":{"@id":"https:\/\/tourtravelandmore.com\/fr\/#\/schema\/logo\/image\/"},"sameAs":["https:\/\/www.facebook.com\/tourtravelandmore\/","https:\/\/x.com\/TourTravel_More"]},{"@type":"Person","@id":"https:\/\/tourtravelandmore.com\/fr\/#\/schema\/person\/2a1c66d76ae9290a394e8efb4af12e1e","name":"Maya Nader Harati","image":{"@type":"ImageObject","inLanguage":"fr-FR","@id":"https:\/\/tourtravelandmore.com\/fr\/#\/schema\/person\/image\/","url":"https:\/\/secure.gravatar.com\/avatar\/adc2305883b6f86a616354c0c4516fcd9a333d5f5a0806d9d1ae9b30f898fa1f?s=96&d=mm&r=g","contentUrl":"https:\/\/secure.gravatar.com\/avatar\/adc2305883b6f86a616354c0c4516fcd9a333d5f5a0806d9d1ae9b30f898fa1f?s=96&d=mm&r=g","caption":"Maya Nader Harati"},"description":"Cultural Destination Specialist & Travel Chronicler. Maya doesn\u2019t just travel the world; she translates it.","sameAs":["https:\/\/tourtravelandmore.com\/author-profile-maya-nader-harati\/"]}]}},"_links":{"self":[{"href":"https:\/\/tourtravelandmore.com\/fr\/wp-json\/wp\/v2\/posts\/175389","targetHints":{"allow":["GET"]}}],"collection":[{"href":"https:\/\/tourtravelandmore.com\/fr\/wp-json\/wp\/v2\/posts"}],"about":[{"href":"https:\/\/tourtravelandmore.com\/fr\/wp-json\/wp\/v2\/types\/post"}],"author":[{"embeddable":true,"href":"https:\/\/tourtravelandmore.com\/fr\/wp-json\/wp\/v2\/users\/2"}],"replies":[{"embeddable":true,"href":"https:\/\/tourtravelandmore.com\/fr\/wp-json\/wp\/v2\/comments?post=175389"}],"version-history":[{"count":1,"href":"https:\/\/tourtravelandmore.com\/fr\/wp-json\/wp\/v2\/posts\/175389\/revisions"}],"predecessor-version":[{"id":175390,"href":"https:\/\/tourtravelandmore.com\/fr\/wp-json\/wp\/v2\/posts\/175389\/revisions\/175390"}],"wp:featuredmedia":[{"embeddable":true,"href":"https:\/\/tourtravelandmore.com\/fr\/wp-json\/wp\/v2\/media\/175384"}],"wp:attachment":[{"href":"https:\/\/tourtravelandmore.com\/fr\/wp-json\/wp\/v2\/media?parent=175389"}],"wp:term":[{"taxonomy":"category","embeddable":true,"href":"https:\/\/tourtravelandmore.com\/fr\/wp-json\/wp\/v2\/categories?post=175389"},{"taxonomy":"post_tag","embeddable":true,"href":"https:\/\/tourtravelandmore.com\/fr\/wp-json\/wp\/v2\/tags?post=175389"}],"curies":[{"name":"wp","href":"https:\/\/api.w.org\/{rel}","templated":true}]}}