{"id":172633,"date":"2024-02-23T11:34:22","date_gmt":"2024-02-23T10:34:22","guid":{"rendered":"https:\/\/tourtravelandmore.com\/?p=172633"},"modified":"2025-05-16T15:31:20","modified_gmt":"2025-05-16T13:31:20","slug":"decouvrez-la-flore-espagnole-en-2024","status":"publish","type":"post","link":"https:\/\/tourtravelandmore.com\/fr\/decouvrez-la-flore-espagnole-en-2024\/","title":{"rendered":"D\u00e9couvrez la flore espagnole en 2024"},"content":{"rendered":"\n<div class=\"wp-block-yoast-seo-table-of-contents yoast-table-of-contents\"><h2>Table of contents<\/h2><ul><li><a href=\"#h-1-la-route-des-amandiers-en-fleurs-nbsp\" data-level=\"2\">1. La route des amandiers en fleurs\u00a0<\/a><\/li><li><a href=\"#h-2-la-vallee-du-jerte\" data-level=\"2\">2. La vall\u00e9e du Jerte<\/a><\/li><li><a href=\"#h-3-champs-de-lavande-en-provence-espagnole\" data-level=\"2\">3. Champs de lavande en Provence espagnole<\/a><\/li><li><a href=\"#h-4-parc-national-de-donana-nbsp\" data-level=\"2\">4. Parc national de Do\u00f1ana\u00a0<\/a><\/li><li><a href=\"#h-5-la-route-des-azalees-en-galice\" data-level=\"2\">5. La route des azal\u00e9es en Galice<\/a><\/li><\/ul><\/div>\n\n\n\n<p>Bienvenue, voyageurs avides de beaut\u00e9 naturelle et d&#8217;aventure, dans notre dernier article de Tour Travel &amp; More. Aujourd&#8217;hui, nous nous plongeons dans le monde merveilleux de la floraison en Espagne, un spectacle de couleurs et de parfums qui ravit les sens et nourrit l&#8217;\u00e2me. \u00cates-vous pr\u00eat \u00e0 embarquer pour un voyage inoubliable \u00e0 travers les itin\u00e9raires de floraison les plus fascinants en 2024 ? Pr\u00e9parez-vous \u00e0 \u00eatre \u00e9merveill\u00e9 ! <a href=\"https:\/\/tourtravelandmore.com\/fr\/\">D\u00e9couvrez nos circuits priv\u00e9s ici !<\/a><\/p>\n\n\n\n<h2 class=\"wp-block-heading\" id=\"h-1-la-route-des-amandiers-en-fleurs-nbsp\"><strong>1. La route des amandiers en fleurs&nbsp;<\/strong><\/h2>\n\n\n\n<p>Nous commen\u00e7ons notre voyage dans la r\u00e9gion ensoleill\u00e9e d&#8217;Andalousie, o\u00f9 les amandiers se parent de blanc et de rose pour c\u00e9l\u00e9brer le printemps. La route des amandiers en fleurs vous fera traverser des villages blancs pittoresques tels que Ronda et Frigiliana, o\u00f9 chaque coin de rue semble sorti d&#8217;un conte de f\u00e9es. Ne manquez pas l&#8217;occasion de go\u00fbter aux d\u00e9lices locaux tels que le gazpacho et le salmorejo, tout en vous impr\u00e9gnant de l&#8217;atmosph\u00e8re magique de cette r\u00e9gion.<\/p>\n\n\n\n<figure class=\"wp-block-image\"><img decoding=\"async\" src=\"https:\/\/lh7-us.googleusercontent.com\/MijGQkMrxWohcy1_EGIc8_8TpuT6kGDsoKm0X_hs72c8_KzaKbygMlSC-Sqoew4dIOwKkhtCuuWaVZVNRN5GufbHF1KqBzWQf8NZK5PdNcSb1veT3z650WZBmRlB1kTf4LxjGUFM7BOSNj0yUCnSx6g\" alt=\"\"\/><\/figure>\n\n\n\n<h2 class=\"wp-block-heading\" id=\"h-2-la-vallee-du-jerte\"><strong>2. La vall\u00e9e du Jerte<\/strong><\/h2>\n\n\n\n<p>Nous poursuivons notre voyage vers le nord, o\u00f9 nous attend le spectacle naturel le plus impressionnant du printemps : la floraison des cerisiers dans la vall\u00e9e de Jerte. Chaque ann\u00e9e, des milliers de visiteurs affluent dans cette r\u00e9gion d&#8217;Estr\u00e9madure pour contempler la mer de fleurs blanches qui recouvre les champs et les montagnes. Il n&#8217;y a pas de mots pour d\u00e9crire la sensation que l&#8217;on \u00e9prouve en marchant parmi les arbres en fleurs, tandis que le doux parfum des fleurs emplit l&#8217;air.<\/p>\n\n\n\n<figure class=\"wp-block-image\"><img decoding=\"async\" src=\"https:\/\/lh7-us.googleusercontent.com\/UBj1enREKjKCFylirB-vU7Zvljq1Bw8jM3Q5lBxtPYjNY45CzbORUugzNgbG5oVsWmIoGnK5fxHT1qXL2qhz3FaRzEz-SCAK3-ycm-dOP4nGJ2977KhhRFYsunfKrgX3Np2bgKyPPuC8r-TecaeCFd0\" alt=\"\"\/><\/figure>\n\n\n\n<h2 class=\"wp-block-heading\" id=\"h-3-champs-de-lavande-en-provence-espagnole\"><strong>3. Champs de lavande en Provence espagnole<\/strong><\/h2>\n\n\n\n<p>Notre prochaine \u00e9tape nous emm\u00e8ne en Provence espagnole, dans la r\u00e9gion de Castille-La Manche, o\u00f9 les champs de lavande peignent le paysage d&#8217;un violet \u00e9clatant. Le parfum enivrant de cette plante aromatique vous enveloppera lorsque vous vous prom\u00e8nerez dans les champs vallonn\u00e9s \u00e0 perte de vue. N&#8217;oubliez pas d&#8217;apporter votre appareil photo pour immortaliser la beaut\u00e9 onirique de cet endroit.<\/p>\n\n\n\n<figure class=\"wp-block-image\"><img decoding=\"async\" src=\"https:\/\/lh7-us.googleusercontent.com\/kDdULLZk0OM2UfjpG10WkFDUiXVM8LrsdA9u-jqnOiczObxQYwo2A_kAq2FYXwa1ybayCtCTIYJO5N9LXmKHSwCwxdnDIfHctuv_E5lGeBQ0U4oMTCgqqVzsq53dlCqOeoVlKft8RLDXdDGQsrVcrsk\" alt=\"\"\/><\/figure>\n\n\n\n<h2 class=\"wp-block-heading\" id=\"h-4-parc-national-de-donana-nbsp\"><strong>4. Parc national de Do\u00f1ana&nbsp;<\/strong><\/h2>\n\n\n\n<p>Pour les amoureux de la nature et de la vie sauvage, il n&#8217;y a pas de meilleure destination que le parc national de Do\u00f1ana, en Andalousie. Au printemps, cette oasis de biodiversit\u00e9 se transforme en un paradis de fleurs sauvages et d&#8217;oiseaux migrateurs. Embarquez pour un safari photo et pr\u00e9parez-vous \u00e0 apercevoir des flamants roses, des aigles majestueux et une incroyable vari\u00e9t\u00e9 de flore indig\u00e8ne.<\/p>\n\n\n\n<figure class=\"wp-block-image\"><img decoding=\"async\" src=\"https:\/\/lh7-us.googleusercontent.com\/INMWlod-EsuUrLU31I_h2yMQqKfU0trN500e9Ie0y94ZHgYG9T5zXsNcdNiv8DR1dOPqxah7wxrajfxBwnASJetfue7uKzQl6RjyFryVEtRJfsZugXA0ipIK3BSpkVNUTzmnqVGI7ZX9WNzPzdSgQ-8\" alt=\"\"\/><\/figure>\n\n\n\n<h2 class=\"wp-block-heading\" id=\"h-5-la-route-des-azalees-en-galice\"><strong>5. La route des azal\u00e9es en Galice<\/strong><\/h2>\n\n\n\n<p>Nous terminons notre voyage en beaut\u00e9 dans la r\u00e9gion pittoresque de Galice, o\u00f9 la route des azal\u00e9es vous attend avec ses paysages de r\u00eave. Les jardins et les parcs de la r\u00e9gion se remplissent de couleurs gr\u00e2ce \u00e0 l&#8217;\u00e9closion de ces magnifiques fleurs, cr\u00e9ant une atmosph\u00e8re de paix et de s\u00e9r\u00e9nit\u00e9 qui vous invitera \u00e0 vous d\u00e9tendre et \u00e0 profiter de l&#8217;instant pr\u00e9sent.<\/p>\n\n\n\n<p>En conclusion, la floraison en Espagne en 2024 promet d&#8217;\u00eatre un spectacle inoubliable pour tous ceux qui s&#8217;aventureront sur ses routes. Des amandiers en fleurs d&#8217;Andalousie aux champs de lavande de Castille-La Manche, chaque destination offre une exp\u00e9rience unique qui captivera vos sens et vous laissera un souvenir ind\u00e9l\u00e9bile. Qu&#8217;attendez-vous pour faire vos valises et nous rejoindre dans cette aventure passionnante \u00e0 travers la campagne espagnole !<\/p>\n\n\n\n<p>Bon voyage, voyageurs intr\u00e9pides, et que la beaut\u00e9 des fleurs espagnoles illumine votre chemin !<\/p>\n","protected":false},"excerpt":{"rendered":"<p>Rejoignez-nous pour un voyage inoubliable \u00e0 travers les routes de la fleur les plus impressionnantes d&#8217;Espagne en 2024. De la floraison des amandiers en Andalousie aux champs de lavande en Castille-La Manche, chaque destination offre une exp\u00e9rience unique aux amoureux de la nature &#8211; pr\u00e9parez-vous \u00e0 \u00eatre \u00e9merveill\u00e9s !<\/p>\n","protected":false},"author":2,"featured_media":172628,"comment_status":"open","ping_status":"open","sticky":false,"template":"","format":"standard","meta":{"_acf_changed":false,"footnotes":""},"categories":[3962,3914,2395],"tags":[],"class_list":["post-172633","post","type-post","status-publish","format-standard","has-post-thumbnail","hentry","category-espagne","category-europe-fr","category-non-classifiee"],"acf":[],"yoast_head":"<!-- This site is optimized with the Yoast SEO Premium plugin v25.3.1 (Yoast SEO v25.3.1) - https:\/\/yoast.com\/wordpress\/plugins\/seo\/ -->\n<title>D\u00e9couvrez la flore de l&#039;Espagne en 2024 | Tour Travel &amp; More<\/title>\n<meta name=\"description\" content=\"D\u00e9couvrez les itin\u00e9raires de floraison les plus fascinants d&#039;Espagne en 2024 avec Tour Travel &amp; More. De la fleur d&#039;amandier en Andalousie aux champs de lavande en Castille-La Manche, plongez dans un voyage inoubliable \u00e0 travers la nature luxuriante de l&#039;Espagne.\" \/>\n<meta name=\"robots\" content=\"index, follow, max-snippet:-1, max-image-preview:large, max-video-preview:-1\" \/>\n<link rel=\"canonical\" href=\"https:\/\/tourtravelandmore.com\/fr\/decouvrez-la-flore-espagnole-en-2024\/\" \/>\n<meta property=\"og:locale\" content=\"fr_FR\" \/>\n<meta property=\"og:type\" content=\"article\" \/>\n<meta property=\"og:title\" content=\"D\u00e9couvrez la flore espagnole en 2024\" \/>\n<meta property=\"og:description\" content=\"D\u00e9couvrez les itin\u00e9raires de floraison les plus fascinants d&#039;Espagne en 2024 avec Tour Travel &amp; More. De la fleur d&#039;amandier en Andalousie aux champs de lavande en Castille-La Manche, plongez dans un voyage inoubliable \u00e0 travers la nature luxuriante de l&#039;Espagne.\" \/>\n<meta property=\"og:url\" content=\"https:\/\/tourtravelandmore.com\/fr\/decouvrez-la-flore-espagnole-en-2024\/\" \/>\n<meta property=\"og:site_name\" content=\"Tour Travel And More\" \/>\n<meta property=\"article:publisher\" content=\"https:\/\/www.facebook.com\/tourtravelandmore\/\" \/>\n<meta property=\"article:published_time\" content=\"2024-02-23T10:34:22+00:00\" \/>\n<meta property=\"article:modified_time\" content=\"2025-05-16T13:31:20+00:00\" \/>\n<meta property=\"og:image\" content=\"https:\/\/tourtravelandmore.com\/wp-content\/uploads\/2024\/02\/image-10.jpeg\" \/>\n\t<meta property=\"og:image:width\" content=\"1001\" \/>\n\t<meta property=\"og:image:height\" content=\"750\" \/>\n\t<meta property=\"og:image:type\" content=\"image\/jpeg\" \/>\n<meta name=\"author\" content=\"Maya Nader Harati\" \/>\n<meta name=\"twitter:card\" content=\"summary_large_image\" \/>\n<meta name=\"twitter:creator\" content=\"@TourTravel_More\" \/>\n<meta name=\"twitter:site\" content=\"@TourTravel_More\" \/>\n<meta name=\"twitter:label1\" content=\"\u00c9crit par\" \/>\n\t<meta name=\"twitter:data1\" content=\"Maya Nader Harati\" \/>\n\t<meta name=\"twitter:label2\" content=\"Dur\u00e9e de lecture estim\u00e9e\" \/>\n\t<meta name=\"twitter:data2\" content=\"4 minutes\" \/>\n<script type=\"application\/ld+json\" class=\"yoast-schema-graph\">{\"@context\":\"https:\/\/schema.org\",\"@graph\":[{\"@type\":\"Article\",\"@id\":\"https:\/\/tourtravelandmore.com\/fr\/decouvrez-la-flore-espagnole-en-2024\/#article\",\"isPartOf\":{\"@id\":\"https:\/\/tourtravelandmore.com\/fr\/decouvrez-la-flore-espagnole-en-2024\/\"},\"author\":{\"name\":\"Maya Nader Harati\",\"@id\":\"https:\/\/tourtravelandmore.com\/fr\/#\/schema\/person\/2a1c66d76ae9290a394e8efb4af12e1e\"},\"headline\":\"D\u00e9couvrez la flore espagnole en 2024\",\"datePublished\":\"2024-02-23T10:34:22+00:00\",\"dateModified\":\"2025-05-16T13:31:20+00:00\",\"mainEntityOfPage\":{\"@id\":\"https:\/\/tourtravelandmore.com\/fr\/decouvrez-la-flore-espagnole-en-2024\/\"},\"wordCount\":623,\"commentCount\":0,\"publisher\":{\"@id\":\"https:\/\/tourtravelandmore.com\/fr\/#organization\"},\"image\":{\"@id\":\"https:\/\/tourtravelandmore.com\/fr\/decouvrez-la-flore-espagnole-en-2024\/#primaryimage\"},\"thumbnailUrl\":\"https:\/\/tourtravelandmore.com\/wp-content\/uploads\/2024\/02\/image-10.jpeg\",\"articleSection\":[\"Espagne\",\"Europe\",\"Non classifi\u00e9(e)\"],\"inLanguage\":\"fr-FR\",\"potentialAction\":[{\"@type\":\"CommentAction\",\"name\":\"Comment\",\"target\":[\"https:\/\/tourtravelandmore.com\/fr\/decouvrez-la-flore-espagnole-en-2024\/#respond\"]}],\"accessibilityFeature\":[\"tableOfContents\"]},{\"@type\":\"WebPage\",\"@id\":\"https:\/\/tourtravelandmore.com\/fr\/decouvrez-la-flore-espagnole-en-2024\/\",\"url\":\"https:\/\/tourtravelandmore.com\/fr\/decouvrez-la-flore-espagnole-en-2024\/\",\"name\":\"D\u00e9couvrez la flore de l'Espagne en 2024 | Tour Travel & More\",\"isPartOf\":{\"@id\":\"https:\/\/tourtravelandmore.com\/fr\/#website\"},\"primaryImageOfPage\":{\"@id\":\"https:\/\/tourtravelandmore.com\/fr\/decouvrez-la-flore-espagnole-en-2024\/#primaryimage\"},\"image\":{\"@id\":\"https:\/\/tourtravelandmore.com\/fr\/decouvrez-la-flore-espagnole-en-2024\/#primaryimage\"},\"thumbnailUrl\":\"https:\/\/tourtravelandmore.com\/wp-content\/uploads\/2024\/02\/image-10.jpeg\",\"datePublished\":\"2024-02-23T10:34:22+00:00\",\"dateModified\":\"2025-05-16T13:31:20+00:00\",\"description\":\"D\u00e9couvrez les itin\u00e9raires de floraison les plus fascinants d'Espagne en 2024 avec Tour Travel & More. De la fleur d'amandier en Andalousie aux champs de lavande en Castille-La Manche, plongez dans un voyage inoubliable \u00e0 travers la nature luxuriante de l'Espagne.\",\"breadcrumb\":{\"@id\":\"https:\/\/tourtravelandmore.com\/fr\/decouvrez-la-flore-espagnole-en-2024\/#breadcrumb\"},\"inLanguage\":\"fr-FR\",\"potentialAction\":[{\"@type\":\"ReadAction\",\"target\":[\"https:\/\/tourtravelandmore.com\/fr\/decouvrez-la-flore-espagnole-en-2024\/\"]}]},{\"@type\":\"ImageObject\",\"inLanguage\":\"fr-FR\",\"@id\":\"https:\/\/tourtravelandmore.com\/fr\/decouvrez-la-flore-espagnole-en-2024\/#primaryimage\",\"url\":\"https:\/\/tourtravelandmore.com\/wp-content\/uploads\/2024\/02\/image-10.jpeg\",\"contentUrl\":\"https:\/\/tourtravelandmore.com\/wp-content\/uploads\/2024\/02\/image-10.jpeg\",\"width\":1001,\"height\":750},{\"@type\":\"BreadcrumbList\",\"@id\":\"https:\/\/tourtravelandmore.com\/fr\/decouvrez-la-flore-espagnole-en-2024\/#breadcrumb\",\"itemListElement\":[{\"@type\":\"ListItem\",\"position\":1,\"name\":\"Home\",\"item\":\"https:\/\/tourtravelandmore.com\/fr\/\"},{\"@type\":\"ListItem\",\"position\":2,\"name\":\"D\u00e9couvrez la flore espagnole en 2024\"}]},{\"@type\":\"WebSite\",\"@id\":\"https:\/\/tourtravelandmore.com\/fr\/#website\",\"url\":\"https:\/\/tourtravelandmore.com\/fr\/\",\"name\":\"Tour Travel And More\",\"description\":\"Private sightseeing tours and luxury transfers in Spain\",\"publisher\":{\"@id\":\"https:\/\/tourtravelandmore.com\/fr\/#organization\"},\"potentialAction\":[{\"@type\":\"SearchAction\",\"target\":{\"@type\":\"EntryPoint\",\"urlTemplate\":\"https:\/\/tourtravelandmore.com\/fr\/?s={search_term_string}\"},\"query-input\":{\"@type\":\"PropertyValueSpecification\",\"valueRequired\":true,\"valueName\":\"search_term_string\"}}],\"inLanguage\":\"fr-FR\"},{\"@type\":\"Organization\",\"@id\":\"https:\/\/tourtravelandmore.com\/fr\/#organization\",\"name\":\"Tour Travel And More\",\"url\":\"https:\/\/tourtravelandmore.com\/fr\/\",\"logo\":{\"@type\":\"ImageObject\",\"inLanguage\":\"fr-FR\",\"@id\":\"https:\/\/tourtravelandmore.com\/fr\/#\/schema\/logo\/image\/\",\"url\":\"https:\/\/tourtravelandmore.com\/wp-content\/uploads\/2022\/12\/cropped-logo-cabecera-new.png\",\"contentUrl\":\"https:\/\/tourtravelandmore.com\/wp-content\/uploads\/2022\/12\/cropped-logo-cabecera-new.png\",\"width\":430,\"height\":61,\"caption\":\"Tour Travel And More\"},\"image\":{\"@id\":\"https:\/\/tourtravelandmore.com\/fr\/#\/schema\/logo\/image\/\"},\"sameAs\":[\"https:\/\/www.facebook.com\/tourtravelandmore\/\",\"https:\/\/x.com\/TourTravel_More\"]},{\"@type\":\"Person\",\"@id\":\"https:\/\/tourtravelandmore.com\/fr\/#\/schema\/person\/2a1c66d76ae9290a394e8efb4af12e1e\",\"name\":\"Maya Nader Harati\",\"image\":{\"@type\":\"ImageObject\",\"inLanguage\":\"fr-FR\",\"@id\":\"https:\/\/tourtravelandmore.com\/fr\/#\/schema\/person\/image\/\",\"url\":\"https:\/\/secure.gravatar.com\/avatar\/adc2305883b6f86a616354c0c4516fcd9a333d5f5a0806d9d1ae9b30f898fa1f?s=96&d=mm&r=g\",\"contentUrl\":\"https:\/\/secure.gravatar.com\/avatar\/adc2305883b6f86a616354c0c4516fcd9a333d5f5a0806d9d1ae9b30f898fa1f?s=96&d=mm&r=g\",\"caption\":\"Maya Nader Harati\"},\"description\":\"Cultural Destination Specialist & Travel Chronicler. Maya doesn\u2019t just travel the world; she translates it.\",\"sameAs\":[\"https:\/\/tourtravelandmore.com\/author-profile-maya-nader-harati\/\"]}]}<\/script>\n<!-- \/ Yoast SEO Premium plugin. -->","yoast_head_json":{"title":"D\u00e9couvrez la flore de l'Espagne en 2024 | Tour Travel & More","description":"D\u00e9couvrez les itin\u00e9raires de floraison les plus fascinants d'Espagne en 2024 avec Tour Travel & More. De la fleur d'amandier en Andalousie aux champs de lavande en Castille-La Manche, plongez dans un voyage inoubliable \u00e0 travers la nature luxuriante de l'Espagne.","robots":{"index":"index","follow":"follow","max-snippet":"max-snippet:-1","max-image-preview":"max-image-preview:large","max-video-preview":"max-video-preview:-1"},"canonical":"https:\/\/tourtravelandmore.com\/fr\/decouvrez-la-flore-espagnole-en-2024\/","og_locale":"fr_FR","og_type":"article","og_title":"D\u00e9couvrez la flore espagnole en 2024","og_description":"D\u00e9couvrez les itin\u00e9raires de floraison les plus fascinants d'Espagne en 2024 avec Tour Travel & More. De la fleur d'amandier en Andalousie aux champs de lavande en Castille-La Manche, plongez dans un voyage inoubliable \u00e0 travers la nature luxuriante de l'Espagne.","og_url":"https:\/\/tourtravelandmore.com\/fr\/decouvrez-la-flore-espagnole-en-2024\/","og_site_name":"Tour Travel And More","article_publisher":"https:\/\/www.facebook.com\/tourtravelandmore\/","article_published_time":"2024-02-23T10:34:22+00:00","article_modified_time":"2025-05-16T13:31:20+00:00","og_image":[{"width":1001,"height":750,"url":"https:\/\/tourtravelandmore.com\/wp-content\/uploads\/2024\/02\/image-10.jpeg","type":"image\/jpeg"}],"author":"Maya Nader Harati","twitter_card":"summary_large_image","twitter_creator":"@TourTravel_More","twitter_site":"@TourTravel_More","twitter_misc":{"\u00c9crit par":"Maya Nader Harati","Dur\u00e9e de lecture estim\u00e9e":"4 minutes"},"schema":{"@context":"https:\/\/schema.org","@graph":[{"@type":"Article","@id":"https:\/\/tourtravelandmore.com\/fr\/decouvrez-la-flore-espagnole-en-2024\/#article","isPartOf":{"@id":"https:\/\/tourtravelandmore.com\/fr\/decouvrez-la-flore-espagnole-en-2024\/"},"author":{"name":"Maya Nader Harati","@id":"https:\/\/tourtravelandmore.com\/fr\/#\/schema\/person\/2a1c66d76ae9290a394e8efb4af12e1e"},"headline":"D\u00e9couvrez la flore espagnole en 2024","datePublished":"2024-02-23T10:34:22+00:00","dateModified":"2025-05-16T13:31:20+00:00","mainEntityOfPage":{"@id":"https:\/\/tourtravelandmore.com\/fr\/decouvrez-la-flore-espagnole-en-2024\/"},"wordCount":623,"commentCount":0,"publisher":{"@id":"https:\/\/tourtravelandmore.com\/fr\/#organization"},"image":{"@id":"https:\/\/tourtravelandmore.com\/fr\/decouvrez-la-flore-espagnole-en-2024\/#primaryimage"},"thumbnailUrl":"https:\/\/tourtravelandmore.com\/wp-content\/uploads\/2024\/02\/image-10.jpeg","articleSection":["Espagne","Europe","Non classifi\u00e9(e)"],"inLanguage":"fr-FR","potentialAction":[{"@type":"CommentAction","name":"Comment","target":["https:\/\/tourtravelandmore.com\/fr\/decouvrez-la-flore-espagnole-en-2024\/#respond"]}],"accessibilityFeature":["tableOfContents"]},{"@type":"WebPage","@id":"https:\/\/tourtravelandmore.com\/fr\/decouvrez-la-flore-espagnole-en-2024\/","url":"https:\/\/tourtravelandmore.com\/fr\/decouvrez-la-flore-espagnole-en-2024\/","name":"D\u00e9couvrez la flore de l'Espagne en 2024 | Tour Travel & More","isPartOf":{"@id":"https:\/\/tourtravelandmore.com\/fr\/#website"},"primaryImageOfPage":{"@id":"https:\/\/tourtravelandmore.com\/fr\/decouvrez-la-flore-espagnole-en-2024\/#primaryimage"},"image":{"@id":"https:\/\/tourtravelandmore.com\/fr\/decouvrez-la-flore-espagnole-en-2024\/#primaryimage"},"thumbnailUrl":"https:\/\/tourtravelandmore.com\/wp-content\/uploads\/2024\/02\/image-10.jpeg","datePublished":"2024-02-23T10:34:22+00:00","dateModified":"2025-05-16T13:31:20+00:00","description":"D\u00e9couvrez les itin\u00e9raires de floraison les plus fascinants d'Espagne en 2024 avec Tour Travel & More. De la fleur d'amandier en Andalousie aux champs de lavande en Castille-La Manche, plongez dans un voyage inoubliable \u00e0 travers la nature luxuriante de l'Espagne.","breadcrumb":{"@id":"https:\/\/tourtravelandmore.com\/fr\/decouvrez-la-flore-espagnole-en-2024\/#breadcrumb"},"inLanguage":"fr-FR","potentialAction":[{"@type":"ReadAction","target":["https:\/\/tourtravelandmore.com\/fr\/decouvrez-la-flore-espagnole-en-2024\/"]}]},{"@type":"ImageObject","inLanguage":"fr-FR","@id":"https:\/\/tourtravelandmore.com\/fr\/decouvrez-la-flore-espagnole-en-2024\/#primaryimage","url":"https:\/\/tourtravelandmore.com\/wp-content\/uploads\/2024\/02\/image-10.jpeg","contentUrl":"https:\/\/tourtravelandmore.com\/wp-content\/uploads\/2024\/02\/image-10.jpeg","width":1001,"height":750},{"@type":"BreadcrumbList","@id":"https:\/\/tourtravelandmore.com\/fr\/decouvrez-la-flore-espagnole-en-2024\/#breadcrumb","itemListElement":[{"@type":"ListItem","position":1,"name":"Home","item":"https:\/\/tourtravelandmore.com\/fr\/"},{"@type":"ListItem","position":2,"name":"D\u00e9couvrez la flore espagnole en 2024"}]},{"@type":"WebSite","@id":"https:\/\/tourtravelandmore.com\/fr\/#website","url":"https:\/\/tourtravelandmore.com\/fr\/","name":"Tour Travel And More","description":"Private sightseeing tours and luxury transfers in Spain","publisher":{"@id":"https:\/\/tourtravelandmore.com\/fr\/#organization"},"potentialAction":[{"@type":"SearchAction","target":{"@type":"EntryPoint","urlTemplate":"https:\/\/tourtravelandmore.com\/fr\/?s={search_term_string}"},"query-input":{"@type":"PropertyValueSpecification","valueRequired":true,"valueName":"search_term_string"}}],"inLanguage":"fr-FR"},{"@type":"Organization","@id":"https:\/\/tourtravelandmore.com\/fr\/#organization","name":"Tour Travel And More","url":"https:\/\/tourtravelandmore.com\/fr\/","logo":{"@type":"ImageObject","inLanguage":"fr-FR","@id":"https:\/\/tourtravelandmore.com\/fr\/#\/schema\/logo\/image\/","url":"https:\/\/tourtravelandmore.com\/wp-content\/uploads\/2022\/12\/cropped-logo-cabecera-new.png","contentUrl":"https:\/\/tourtravelandmore.com\/wp-content\/uploads\/2022\/12\/cropped-logo-cabecera-new.png","width":430,"height":61,"caption":"Tour Travel And More"},"image":{"@id":"https:\/\/tourtravelandmore.com\/fr\/#\/schema\/logo\/image\/"},"sameAs":["https:\/\/www.facebook.com\/tourtravelandmore\/","https:\/\/x.com\/TourTravel_More"]},{"@type":"Person","@id":"https:\/\/tourtravelandmore.com\/fr\/#\/schema\/person\/2a1c66d76ae9290a394e8efb4af12e1e","name":"Maya Nader Harati","image":{"@type":"ImageObject","inLanguage":"fr-FR","@id":"https:\/\/tourtravelandmore.com\/fr\/#\/schema\/person\/image\/","url":"https:\/\/secure.gravatar.com\/avatar\/adc2305883b6f86a616354c0c4516fcd9a333d5f5a0806d9d1ae9b30f898fa1f?s=96&d=mm&r=g","contentUrl":"https:\/\/secure.gravatar.com\/avatar\/adc2305883b6f86a616354c0c4516fcd9a333d5f5a0806d9d1ae9b30f898fa1f?s=96&d=mm&r=g","caption":"Maya Nader Harati"},"description":"Cultural Destination Specialist & Travel Chronicler. Maya doesn\u2019t just travel the world; she translates it.","sameAs":["https:\/\/tourtravelandmore.com\/author-profile-maya-nader-harati\/"]}]}},"_links":{"self":[{"href":"https:\/\/tourtravelandmore.com\/fr\/wp-json\/wp\/v2\/posts\/172633","targetHints":{"allow":["GET"]}}],"collection":[{"href":"https:\/\/tourtravelandmore.com\/fr\/wp-json\/wp\/v2\/posts"}],"about":[{"href":"https:\/\/tourtravelandmore.com\/fr\/wp-json\/wp\/v2\/types\/post"}],"author":[{"embeddable":true,"href":"https:\/\/tourtravelandmore.com\/fr\/wp-json\/wp\/v2\/users\/2"}],"replies":[{"embeddable":true,"href":"https:\/\/tourtravelandmore.com\/fr\/wp-json\/wp\/v2\/comments?post=172633"}],"version-history":[{"count":1,"href":"https:\/\/tourtravelandmore.com\/fr\/wp-json\/wp\/v2\/posts\/172633\/revisions"}],"predecessor-version":[{"id":172634,"href":"https:\/\/tourtravelandmore.com\/fr\/wp-json\/wp\/v2\/posts\/172633\/revisions\/172634"}],"wp:featuredmedia":[{"embeddable":true,"href":"https:\/\/tourtravelandmore.com\/fr\/wp-json\/wp\/v2\/media\/172628"}],"wp:attachment":[{"href":"https:\/\/tourtravelandmore.com\/fr\/wp-json\/wp\/v2\/media?parent=172633"}],"wp:term":[{"taxonomy":"category","embeddable":true,"href":"https:\/\/tourtravelandmore.com\/fr\/wp-json\/wp\/v2\/categories?post=172633"},{"taxonomy":"post_tag","embeddable":true,"href":"https:\/\/tourtravelandmore.com\/fr\/wp-json\/wp\/v2\/tags?post=172633"}],"curies":[{"name":"wp","href":"https:\/\/api.w.org\/{rel}","templated":true}]}}