{"id":171501,"date":"2023-12-15T10:20:58","date_gmt":"2023-12-15T09:20:58","guid":{"rendered":"https:\/\/tourtravelandmore.com\/?p=171501"},"modified":"2025-05-16T15:34:02","modified_gmt":"2025-05-16T13:34:02","slug":"les-marches-de-noel-les-plus-etonnants-deurope","status":"publish","type":"post","link":"https:\/\/tourtravelandmore.com\/fr\/les-marches-de-noel-les-plus-etonnants-deurope\/","title":{"rendered":"Les march\u00e9s de No\u00ebl les plus \u00e9tonnants d&#8217;Europe"},"content":{"rendered":"\n<div class=\"wp-block-yoast-seo-table-of-contents yoast-table-of-contents\"><h2>Table of contents<\/h2><ul><li><a href=\"#h-1-marche-de-noel-de-strasbourg-france\" data-level=\"2\">1. March\u00e9 de No\u00ebl de Strasbourg, France<\/a><\/li><li><a href=\"#h-2-marche-de-noel-de-nuremberg-allemagne\" data-level=\"2\">2. March\u00e9 de No\u00ebl de Nuremberg, Allemagne<\/a><\/li><li><a href=\"#h-3-plaza-mayor-a-madrid-espagne\" data-level=\"2\">3. Plaza Mayor \u00e0 Madrid, Espagne<\/a><\/li><li><a href=\"#h-4-le-marche-de-noel-a-vienne-en-autriche\" data-level=\"2\">4. Le march\u00e9 de No\u00ebl \u00e0 Vienne, en Autriche<\/a><\/li><li><a href=\"#h-5-marche-de-la-vieille-ville-de-prague-republique-tcheque\" data-level=\"2\">5. March\u00e9 de la vieille ville de Prague, R\u00e9publique tch\u00e8que<\/a><\/li><\/ul><\/div>\n\n\n\n<p>\u00c0 cette \u00e9poque de l&#8217;ann\u00e9e, l&#8217;Europe s&#8217;anime de lumi\u00e8res scintillantes, de d\u00e9corations \u00e9blouissantes et d&#8217;un esprit de No\u00ebl contagieux. Au milieu des cadeaux soigneusement emball\u00e9s et des chants joyeux, les march\u00e9s de No\u00ebl sont de v\u00e9ritables joyaux festifs qui attirent des visiteurs du monde entier. Aujourd&#8217;hui, nous nous immergerons dans le charme unique des march\u00e9s de No\u00ebl les plus remarquables d&#8217;Europe, o\u00f9 tradition et joie se m\u00ealent pour cr\u00e9er des exp\u00e9riences inoubliables. <a href=\"https:\/\/tourtravelandmore.com\/fr\/\">D\u00e9couvrez nos visites priv\u00e9es ici !&nbsp;<\/a><\/p>\n\n\n\n<h2 class=\"wp-block-heading\" id=\"h-1-marche-de-noel-de-strasbourg-france\"><strong>1. March\u00e9 de No\u00ebl de Strasbourg, France<\/strong><\/h2>\n\n\n\n<p>Nous commen\u00e7ons notre voyage dans la capitale de la r\u00e9gion Alsace, o\u00f9 le march\u00e9 de No\u00ebl de Strasbourg \u00e9blouit par son charme historique. Fond\u00e9 en 1570, ce march\u00e9 est l&#8217;un des plus anciens d&#8217;Europe et a perfectionn\u00e9 l&#8217;art de cr\u00e9er une atmosph\u00e8re magique. Les lumi\u00e8res scintillantes se refl\u00e8tent sur l&#8217;architecture m\u00e9di\u00e9vale, tandis que les ar\u00f4mes d&#8217;\u00e9pices et de vin chaud emplissent l&#8217;air. Vous d\u00e9couvrirez des objets artisanaux uniques, des ornements aux jouets faits \u00e0 la main, avec pour toile de fond la majestueuse cath\u00e9drale Notre-Dame.<\/p>\n\n\n\n<figure class=\"wp-block-image\"><img decoding=\"async\" src=\"https:\/\/lh7-us.googleusercontent.com\/lqlAKkdCWvl0Keie3Tvtep7bzAbhwOipmHaQY-FrAMJz04giO3NPalAkib9KqDhNM7WQS4JoZI2YYqQddgBCWcRa2HNmMj-4y3_nk-Pf8KnClnJOPTJh95sSLciUyi1jtI0Kbmsnz5YqdET2uyFOsN4\" alt=\"\"\/><\/figure>\n\n\n\n<h2 class=\"wp-block-heading\" id=\"h-2-marche-de-noel-de-nuremberg-allemagne\"><strong>2. March\u00e9 de No\u00ebl de Nuremberg, Allemagne<\/strong><\/h2>\n\n\n\n<p>Nous quittons la France pour le c\u0153ur de l&#8217;Allemagne, o\u00f9 le march\u00e9 de No\u00ebl de Nuremberg offre une exp\u00e9rience v\u00e9ritablement traditionnelle. Avec plus de 400 ans d&#8217;histoire, ce march\u00e9 est connu pour son Rigorosum, une c\u00e9r\u00e9monie d&#8217;ouverture qui transporte les visiteurs dans un conte de f\u00e9es. Les \u00e9tals en bois pr\u00e9sentent des jouets sculpt\u00e9s \u00e0 la main, des ornements scintillants et des d\u00e9lices culinaires allemands, tels que les c\u00e9l\u00e8bres saucisses N\u00fcrnberger Bratwurst. Se promener dans ses ruelles pav\u00e9es, c&#8217;est entrer dans un tableau d&#8217;\u00e9poque, o\u00f9 la nostalgie et la joie s&#8217;entrem\u00ealent.<\/p>\n\n\n\n<figure class=\"wp-block-image\"><img decoding=\"async\" src=\"https:\/\/lh7-us.googleusercontent.com\/BND1afOPBQKl6ANzSfvkV-Aef-S_DmrWEGWbogmGY9UwDYKGnZwmxnUw-g_Kh9ZX0BsfhqOHCuNrUYe3AkrejJlPKAYlS2VGcsxGywKuUOR4PwvYIjMmOzOKT7bCd7_SCqIz86YCKF8c9aIQu9HPLU0\" alt=\"\"\/><\/figure>\n\n\n\n<h2 class=\"wp-block-heading\" id=\"h-3-plaza-mayor-a-madrid-espagne\"><strong>3. Plaza Mayor \u00e0 Madrid, Espagne<\/strong><\/h2>\n\n\n\n<p>Nous nous rendons dans le sud de l&#8217;Europe, o\u00f9 la Plaza Mayor de Madrid se transforme en un v\u00e9ritable paradis hivernal pendant la p\u00e9riode de No\u00ebl. Des couleurs vives et des d\u00e9corations exub\u00e9rantes illuminent la place, o\u00f9 les \u00e9tals proposent tout, de l&#8217;artisanat local aux sucreries traditionnelles telles que les turrones et la p\u00e2te d&#8217;amande. L&#8217;esprit festif de la capitale espagnole d\u00e9borde \u00e0 chaque coin de rue, avec des activit\u00e9s pour toute la famille, y compris des spectacles de rue et des promenades en cal\u00e8che.<\/p>\n\n\n\n<figure class=\"wp-block-image\"><img decoding=\"async\" src=\"https:\/\/lh7-us.googleusercontent.com\/8oJX1qsYqr982uI4Dsd4E1hR1OTiMiTrD51oU_00IFYFXUSptSX-z7jMFhzcL5zWjt7cf0sZ7tRJ94RjRR5nZCdRslq3APVYQrkoVzABU1ugRvPh71IEG3g7BLMm9HE_lcZoNlicbamr3SllZRSXHjE\" alt=\"\"\/><\/figure>\n\n\n\n<h2 class=\"wp-block-heading\" id=\"h-4-le-marche-de-noel-a-vienne-en-autriche\"><strong>4. Le march\u00e9 de No\u00ebl \u00e0 Vienne, en Autriche<\/strong><\/h2>\n\n\n\n<p>Notre prochaine destination nous emm\u00e8ne dans l&#8217;\u00e9l\u00e9gante Vienne, o\u00f9 se trouve le Christkindlesmarkt. Ce march\u00e9 de No\u00ebl autrichien se distingue par son artisanat exquis et son atmosph\u00e8re raffin\u00e9e. Sur la place de l&#8217;h\u00f4tel de ville, vous d\u00e9couvrirez des ornements en cristal de Boh\u00eame, des poup\u00e9es en bois et des sp\u00e9cialit\u00e9s viennoises. La pr\u00e9sence du Christkind, la figure ang\u00e9lique qui ouvre le march\u00e9, ajoute une touche c\u00e9leste \u00e0 cette exp\u00e9rience unique de No\u00ebl.<\/p>\n\n\n\n<figure class=\"wp-block-image\"><img decoding=\"async\" src=\"https:\/\/lh7-us.googleusercontent.com\/wmNt28_iAbDnh8Dycv1nxxSO08XHDBFLzJ-u0CZMcRfhqLtbiKQh-c6sAs8aJDSreSTxfdEsfsYs8eqiQIHONkvsaXqXtP1CPBThPhEGTZqmIG_DQC8-wmulw7Gi-kgWvtIJWZrdjLdQJ9fvFEshuAs\" alt=\"\"\/><\/figure>\n\n\n\n<h2 class=\"wp-block-heading\" id=\"h-5-marche-de-la-vieille-ville-de-prague-republique-tcheque\"><strong>5. March\u00e9 de la vieille ville de Prague, R\u00e9publique tch\u00e8que<\/strong><\/h2>\n\n\n\n<p>Nous terminons notre visite dans la belle ville de Prague, o\u00f9 le march\u00e9 de la vieille ville \u00e9blouit par son architecture m\u00e9di\u00e9vale et son atmosph\u00e8re festive. Des lumi\u00e8res scintillantes encadrent la place de la Vieille Ville, o\u00f9 les \u00e9tals proposent de tout, de la poterie aux jouets tch\u00e8ques traditionnels. Les visiteurs peuvent \u00e9couter de la musique en direct, admirer l&#8217;arbre de No\u00ebl illumin\u00e9 et d\u00e9guster des sp\u00e9cialit\u00e9s locales telles que le trdeln\u00edk, une p\u00e2tisserie grill\u00e9e.<\/p>\n\n\n\n<p>En conclusion, les march\u00e9s de No\u00ebl en Europe offrent un voyage enchanteur \u00e0 travers l&#8217;histoire et les traditions festives. Chaque march\u00e9 a son propre caract\u00e8re, mais ils partagent tous la m\u00eame magie qui rend la saison de No\u00ebl vraiment sp\u00e9ciale. Alors, si vous pr\u00e9voyez une escapade hivernale, plongez-vous dans l&#8217;\u00e9merveillement de ces march\u00e9s o\u00f9 l&#8217;esprit de No\u00ebl s&#8217;\u00e9veille \u00e0 chaque coin de rue. Joyeuses f\u00eates et que votre voyage soit rempli de joie et de d\u00e9couvertes inoubliables !<\/p>\n","protected":false},"excerpt":{"rendered":"<p>Explorez l&#8217;essence festive de l&#8217;Europe \u00e0 travers nos yeux en vous immergeant dans les march\u00e9s de No\u00ebl les plus \u00e9blouissants de la r\u00e9gion. De l&#8217;historique Strasbourg \u00e0 l&#8217;\u00e9l\u00e9gante Vienne, chaque march\u00e9 est une porte d&#8217;entr\u00e9e vers la magie, la tradition et la joie qui d\u00e9finissent la saison de No\u00ebl sur le continent. Laissez l&#8217;aventure commencer et d\u00e9couvrez la v\u00e9ritable essence des festivit\u00e9s europ\u00e9ennes !<\/p>\n","protected":false},"author":2,"featured_media":171495,"comment_status":"open","ping_status":"open","sticky":false,"template":"","format":"standard","meta":{"_acf_changed":false,"footnotes":""},"categories":[3914],"tags":[],"class_list":["post-171501","post","type-post","status-publish","format-standard","has-post-thumbnail","hentry","category-europe-fr"],"acf":[],"yoast_head":"<!-- This site is optimized with the Yoast SEO Premium plugin v25.3.1 (Yoast SEO v25.3.1) - https:\/\/yoast.com\/wordpress\/plugins\/seo\/ -->\n<title>Les plus beaux march\u00e9s de No\u00ebl d&#039;Europe - Tour Travel &amp; More<\/title>\n<meta name=\"description\" content=\"Embarquez pour un voyage festif \u00e0 travers l&#039;Europe et plongez dans la magie de la saison de No\u00ebl. Du charme m\u00e9di\u00e9val de Strasbourg \u00e0 l&#039;\u00e9l\u00e9gance viennoise de l&#039;Autriche, nous explorons les march\u00e9s de No\u00ebl les plus \u00e9tonnants qui rendront vos vacances inoubliables.\" \/>\n<meta name=\"robots\" content=\"index, follow, max-snippet:-1, max-image-preview:large, max-video-preview:-1\" \/>\n<link rel=\"canonical\" href=\"https:\/\/tourtravelandmore.com\/fr\/les-marches-de-noel-les-plus-etonnants-deurope\/\" \/>\n<meta property=\"og:locale\" content=\"fr_FR\" \/>\n<meta property=\"og:type\" content=\"article\" \/>\n<meta property=\"og:title\" content=\"Les march\u00e9s de No\u00ebl les plus \u00e9tonnants d&#039;Europe\" \/>\n<meta property=\"og:description\" content=\"Embarquez pour un voyage festif \u00e0 travers l&#039;Europe et plongez dans la magie de la saison de No\u00ebl. Du charme m\u00e9di\u00e9val de Strasbourg \u00e0 l&#039;\u00e9l\u00e9gance viennoise de l&#039;Autriche, nous explorons les march\u00e9s de No\u00ebl les plus \u00e9tonnants qui rendront vos vacances inoubliables.\" \/>\n<meta property=\"og:url\" content=\"https:\/\/tourtravelandmore.com\/fr\/les-marches-de-noel-les-plus-etonnants-deurope\/\" \/>\n<meta property=\"og:site_name\" content=\"Tour Travel And More\" \/>\n<meta property=\"article:publisher\" content=\"https:\/\/www.facebook.com\/tourtravelandmore\/\" \/>\n<meta property=\"article:published_time\" content=\"2023-12-15T09:20:58+00:00\" \/>\n<meta property=\"article:modified_time\" content=\"2025-05-16T13:34:02+00:00\" \/>\n<meta property=\"og:image\" content=\"https:\/\/tourtravelandmore.com\/wp-content\/uploads\/2023\/12\/image-8.jpeg\" \/>\n\t<meta property=\"og:image:width\" content=\"1260\" \/>\n\t<meta property=\"og:image:height\" content=\"709\" \/>\n\t<meta property=\"og:image:type\" content=\"image\/jpeg\" \/>\n<meta name=\"author\" content=\"Maya Nader Harati\" \/>\n<meta name=\"twitter:card\" content=\"summary_large_image\" \/>\n<meta name=\"twitter:creator\" content=\"@TourTravel_More\" \/>\n<meta name=\"twitter:site\" content=\"@TourTravel_More\" \/>\n<meta name=\"twitter:label1\" content=\"\u00c9crit par\" \/>\n\t<meta name=\"twitter:data1\" content=\"Maya Nader Harati\" \/>\n\t<meta name=\"twitter:label2\" content=\"Dur\u00e9e de lecture estim\u00e9e\" \/>\n\t<meta name=\"twitter:data2\" content=\"4 minutes\" \/>\n<script type=\"application\/ld+json\" class=\"yoast-schema-graph\">{\"@context\":\"https:\/\/schema.org\",\"@graph\":[{\"@type\":\"Article\",\"@id\":\"https:\/\/tourtravelandmore.com\/fr\/les-marches-de-noel-les-plus-etonnants-deurope\/#article\",\"isPartOf\":{\"@id\":\"https:\/\/tourtravelandmore.com\/fr\/les-marches-de-noel-les-plus-etonnants-deurope\/\"},\"author\":{\"name\":\"Maya Nader Harati\",\"@id\":\"https:\/\/tourtravelandmore.com\/fr\/#\/schema\/person\/2a1c66d76ae9290a394e8efb4af12e1e\"},\"headline\":\"Les march\u00e9s de No\u00ebl les plus \u00e9tonnants d&#8217;Europe\",\"datePublished\":\"2023-12-15T09:20:58+00:00\",\"dateModified\":\"2025-05-16T13:34:02+00:00\",\"mainEntityOfPage\":{\"@id\":\"https:\/\/tourtravelandmore.com\/fr\/les-marches-de-noel-les-plus-etonnants-deurope\/\"},\"wordCount\":761,\"commentCount\":0,\"publisher\":{\"@id\":\"https:\/\/tourtravelandmore.com\/fr\/#organization\"},\"image\":{\"@id\":\"https:\/\/tourtravelandmore.com\/fr\/les-marches-de-noel-les-plus-etonnants-deurope\/#primaryimage\"},\"thumbnailUrl\":\"https:\/\/tourtravelandmore.com\/wp-content\/uploads\/2023\/12\/image-8.jpeg\",\"articleSection\":[\"Europe\"],\"inLanguage\":\"fr-FR\",\"potentialAction\":[{\"@type\":\"CommentAction\",\"name\":\"Comment\",\"target\":[\"https:\/\/tourtravelandmore.com\/fr\/les-marches-de-noel-les-plus-etonnants-deurope\/#respond\"]}],\"accessibilityFeature\":[\"tableOfContents\"]},{\"@type\":\"WebPage\",\"@id\":\"https:\/\/tourtravelandmore.com\/fr\/les-marches-de-noel-les-plus-etonnants-deurope\/\",\"url\":\"https:\/\/tourtravelandmore.com\/fr\/les-marches-de-noel-les-plus-etonnants-deurope\/\",\"name\":\"Les plus beaux march\u00e9s de No\u00ebl d'Europe - Tour Travel & More\",\"isPartOf\":{\"@id\":\"https:\/\/tourtravelandmore.com\/fr\/#website\"},\"primaryImageOfPage\":{\"@id\":\"https:\/\/tourtravelandmore.com\/fr\/les-marches-de-noel-les-plus-etonnants-deurope\/#primaryimage\"},\"image\":{\"@id\":\"https:\/\/tourtravelandmore.com\/fr\/les-marches-de-noel-les-plus-etonnants-deurope\/#primaryimage\"},\"thumbnailUrl\":\"https:\/\/tourtravelandmore.com\/wp-content\/uploads\/2023\/12\/image-8.jpeg\",\"datePublished\":\"2023-12-15T09:20:58+00:00\",\"dateModified\":\"2025-05-16T13:34:02+00:00\",\"description\":\"Embarquez pour un voyage festif \u00e0 travers l'Europe et plongez dans la magie de la saison de No\u00ebl. Du charme m\u00e9di\u00e9val de Strasbourg \u00e0 l'\u00e9l\u00e9gance viennoise de l'Autriche, nous explorons les march\u00e9s de No\u00ebl les plus \u00e9tonnants qui rendront vos vacances inoubliables.\",\"breadcrumb\":{\"@id\":\"https:\/\/tourtravelandmore.com\/fr\/les-marches-de-noel-les-plus-etonnants-deurope\/#breadcrumb\"},\"inLanguage\":\"fr-FR\",\"potentialAction\":[{\"@type\":\"ReadAction\",\"target\":[\"https:\/\/tourtravelandmore.com\/fr\/les-marches-de-noel-les-plus-etonnants-deurope\/\"]}]},{\"@type\":\"ImageObject\",\"inLanguage\":\"fr-FR\",\"@id\":\"https:\/\/tourtravelandmore.com\/fr\/les-marches-de-noel-les-plus-etonnants-deurope\/#primaryimage\",\"url\":\"https:\/\/tourtravelandmore.com\/wp-content\/uploads\/2023\/12\/image-8.jpeg\",\"contentUrl\":\"https:\/\/tourtravelandmore.com\/wp-content\/uploads\/2023\/12\/image-8.jpeg\",\"width\":1260,\"height\":709},{\"@type\":\"BreadcrumbList\",\"@id\":\"https:\/\/tourtravelandmore.com\/fr\/les-marches-de-noel-les-plus-etonnants-deurope\/#breadcrumb\",\"itemListElement\":[{\"@type\":\"ListItem\",\"position\":1,\"name\":\"Home\",\"item\":\"https:\/\/tourtravelandmore.com\/fr\/\"},{\"@type\":\"ListItem\",\"position\":2,\"name\":\"Les march\u00e9s de No\u00ebl les plus \u00e9tonnants d&#8217;Europe\"}]},{\"@type\":\"WebSite\",\"@id\":\"https:\/\/tourtravelandmore.com\/fr\/#website\",\"url\":\"https:\/\/tourtravelandmore.com\/fr\/\",\"name\":\"Tour Travel And More\",\"description\":\"Private sightseeing tours and luxury transfers in Spain\",\"publisher\":{\"@id\":\"https:\/\/tourtravelandmore.com\/fr\/#organization\"},\"potentialAction\":[{\"@type\":\"SearchAction\",\"target\":{\"@type\":\"EntryPoint\",\"urlTemplate\":\"https:\/\/tourtravelandmore.com\/fr\/?s={search_term_string}\"},\"query-input\":{\"@type\":\"PropertyValueSpecification\",\"valueRequired\":true,\"valueName\":\"search_term_string\"}}],\"inLanguage\":\"fr-FR\"},{\"@type\":\"Organization\",\"@id\":\"https:\/\/tourtravelandmore.com\/fr\/#organization\",\"name\":\"Tour Travel And More\",\"url\":\"https:\/\/tourtravelandmore.com\/fr\/\",\"logo\":{\"@type\":\"ImageObject\",\"inLanguage\":\"fr-FR\",\"@id\":\"https:\/\/tourtravelandmore.com\/fr\/#\/schema\/logo\/image\/\",\"url\":\"https:\/\/tourtravelandmore.com\/wp-content\/uploads\/2022\/12\/cropped-logo-cabecera-new.png\",\"contentUrl\":\"https:\/\/tourtravelandmore.com\/wp-content\/uploads\/2022\/12\/cropped-logo-cabecera-new.png\",\"width\":430,\"height\":61,\"caption\":\"Tour Travel And More\"},\"image\":{\"@id\":\"https:\/\/tourtravelandmore.com\/fr\/#\/schema\/logo\/image\/\"},\"sameAs\":[\"https:\/\/www.facebook.com\/tourtravelandmore\/\",\"https:\/\/x.com\/TourTravel_More\"]},{\"@type\":\"Person\",\"@id\":\"https:\/\/tourtravelandmore.com\/fr\/#\/schema\/person\/2a1c66d76ae9290a394e8efb4af12e1e\",\"name\":\"Maya Nader Harati\",\"image\":{\"@type\":\"ImageObject\",\"inLanguage\":\"fr-FR\",\"@id\":\"https:\/\/tourtravelandmore.com\/fr\/#\/schema\/person\/image\/\",\"url\":\"https:\/\/secure.gravatar.com\/avatar\/adc2305883b6f86a616354c0c4516fcd9a333d5f5a0806d9d1ae9b30f898fa1f?s=96&d=mm&r=g\",\"contentUrl\":\"https:\/\/secure.gravatar.com\/avatar\/adc2305883b6f86a616354c0c4516fcd9a333d5f5a0806d9d1ae9b30f898fa1f?s=96&d=mm&r=g\",\"caption\":\"Maya Nader Harati\"},\"description\":\"Cultural Destination Specialist & Travel Chronicler. Maya doesn\u2019t just travel the world; she translates it.\",\"sameAs\":[\"https:\/\/tourtravelandmore.com\/author-profile-maya-nader-harati\/\"]}]}<\/script>\n<!-- \/ Yoast SEO Premium plugin. -->","yoast_head_json":{"title":"Les plus beaux march\u00e9s de No\u00ebl d'Europe - Tour Travel & More","description":"Embarquez pour un voyage festif \u00e0 travers l'Europe et plongez dans la magie de la saison de No\u00ebl. Du charme m\u00e9di\u00e9val de Strasbourg \u00e0 l'\u00e9l\u00e9gance viennoise de l'Autriche, nous explorons les march\u00e9s de No\u00ebl les plus \u00e9tonnants qui rendront vos vacances inoubliables.","robots":{"index":"index","follow":"follow","max-snippet":"max-snippet:-1","max-image-preview":"max-image-preview:large","max-video-preview":"max-video-preview:-1"},"canonical":"https:\/\/tourtravelandmore.com\/fr\/les-marches-de-noel-les-plus-etonnants-deurope\/","og_locale":"fr_FR","og_type":"article","og_title":"Les march\u00e9s de No\u00ebl les plus \u00e9tonnants d'Europe","og_description":"Embarquez pour un voyage festif \u00e0 travers l'Europe et plongez dans la magie de la saison de No\u00ebl. Du charme m\u00e9di\u00e9val de Strasbourg \u00e0 l'\u00e9l\u00e9gance viennoise de l'Autriche, nous explorons les march\u00e9s de No\u00ebl les plus \u00e9tonnants qui rendront vos vacances inoubliables.","og_url":"https:\/\/tourtravelandmore.com\/fr\/les-marches-de-noel-les-plus-etonnants-deurope\/","og_site_name":"Tour Travel And More","article_publisher":"https:\/\/www.facebook.com\/tourtravelandmore\/","article_published_time":"2023-12-15T09:20:58+00:00","article_modified_time":"2025-05-16T13:34:02+00:00","og_image":[{"width":1260,"height":709,"url":"https:\/\/tourtravelandmore.com\/wp-content\/uploads\/2023\/12\/image-8.jpeg","type":"image\/jpeg"}],"author":"Maya Nader Harati","twitter_card":"summary_large_image","twitter_creator":"@TourTravel_More","twitter_site":"@TourTravel_More","twitter_misc":{"\u00c9crit par":"Maya Nader Harati","Dur\u00e9e de lecture estim\u00e9e":"4 minutes"},"schema":{"@context":"https:\/\/schema.org","@graph":[{"@type":"Article","@id":"https:\/\/tourtravelandmore.com\/fr\/les-marches-de-noel-les-plus-etonnants-deurope\/#article","isPartOf":{"@id":"https:\/\/tourtravelandmore.com\/fr\/les-marches-de-noel-les-plus-etonnants-deurope\/"},"author":{"name":"Maya Nader Harati","@id":"https:\/\/tourtravelandmore.com\/fr\/#\/schema\/person\/2a1c66d76ae9290a394e8efb4af12e1e"},"headline":"Les march\u00e9s de No\u00ebl les plus \u00e9tonnants d&#8217;Europe","datePublished":"2023-12-15T09:20:58+00:00","dateModified":"2025-05-16T13:34:02+00:00","mainEntityOfPage":{"@id":"https:\/\/tourtravelandmore.com\/fr\/les-marches-de-noel-les-plus-etonnants-deurope\/"},"wordCount":761,"commentCount":0,"publisher":{"@id":"https:\/\/tourtravelandmore.com\/fr\/#organization"},"image":{"@id":"https:\/\/tourtravelandmore.com\/fr\/les-marches-de-noel-les-plus-etonnants-deurope\/#primaryimage"},"thumbnailUrl":"https:\/\/tourtravelandmore.com\/wp-content\/uploads\/2023\/12\/image-8.jpeg","articleSection":["Europe"],"inLanguage":"fr-FR","potentialAction":[{"@type":"CommentAction","name":"Comment","target":["https:\/\/tourtravelandmore.com\/fr\/les-marches-de-noel-les-plus-etonnants-deurope\/#respond"]}],"accessibilityFeature":["tableOfContents"]},{"@type":"WebPage","@id":"https:\/\/tourtravelandmore.com\/fr\/les-marches-de-noel-les-plus-etonnants-deurope\/","url":"https:\/\/tourtravelandmore.com\/fr\/les-marches-de-noel-les-plus-etonnants-deurope\/","name":"Les plus beaux march\u00e9s de No\u00ebl d'Europe - Tour Travel & More","isPartOf":{"@id":"https:\/\/tourtravelandmore.com\/fr\/#website"},"primaryImageOfPage":{"@id":"https:\/\/tourtravelandmore.com\/fr\/les-marches-de-noel-les-plus-etonnants-deurope\/#primaryimage"},"image":{"@id":"https:\/\/tourtravelandmore.com\/fr\/les-marches-de-noel-les-plus-etonnants-deurope\/#primaryimage"},"thumbnailUrl":"https:\/\/tourtravelandmore.com\/wp-content\/uploads\/2023\/12\/image-8.jpeg","datePublished":"2023-12-15T09:20:58+00:00","dateModified":"2025-05-16T13:34:02+00:00","description":"Embarquez pour un voyage festif \u00e0 travers l'Europe et plongez dans la magie de la saison de No\u00ebl. Du charme m\u00e9di\u00e9val de Strasbourg \u00e0 l'\u00e9l\u00e9gance viennoise de l'Autriche, nous explorons les march\u00e9s de No\u00ebl les plus \u00e9tonnants qui rendront vos vacances inoubliables.","breadcrumb":{"@id":"https:\/\/tourtravelandmore.com\/fr\/les-marches-de-noel-les-plus-etonnants-deurope\/#breadcrumb"},"inLanguage":"fr-FR","potentialAction":[{"@type":"ReadAction","target":["https:\/\/tourtravelandmore.com\/fr\/les-marches-de-noel-les-plus-etonnants-deurope\/"]}]},{"@type":"ImageObject","inLanguage":"fr-FR","@id":"https:\/\/tourtravelandmore.com\/fr\/les-marches-de-noel-les-plus-etonnants-deurope\/#primaryimage","url":"https:\/\/tourtravelandmore.com\/wp-content\/uploads\/2023\/12\/image-8.jpeg","contentUrl":"https:\/\/tourtravelandmore.com\/wp-content\/uploads\/2023\/12\/image-8.jpeg","width":1260,"height":709},{"@type":"BreadcrumbList","@id":"https:\/\/tourtravelandmore.com\/fr\/les-marches-de-noel-les-plus-etonnants-deurope\/#breadcrumb","itemListElement":[{"@type":"ListItem","position":1,"name":"Home","item":"https:\/\/tourtravelandmore.com\/fr\/"},{"@type":"ListItem","position":2,"name":"Les march\u00e9s de No\u00ebl les plus \u00e9tonnants d&#8217;Europe"}]},{"@type":"WebSite","@id":"https:\/\/tourtravelandmore.com\/fr\/#website","url":"https:\/\/tourtravelandmore.com\/fr\/","name":"Tour Travel And More","description":"Private sightseeing tours and luxury transfers in Spain","publisher":{"@id":"https:\/\/tourtravelandmore.com\/fr\/#organization"},"potentialAction":[{"@type":"SearchAction","target":{"@type":"EntryPoint","urlTemplate":"https:\/\/tourtravelandmore.com\/fr\/?s={search_term_string}"},"query-input":{"@type":"PropertyValueSpecification","valueRequired":true,"valueName":"search_term_string"}}],"inLanguage":"fr-FR"},{"@type":"Organization","@id":"https:\/\/tourtravelandmore.com\/fr\/#organization","name":"Tour Travel And More","url":"https:\/\/tourtravelandmore.com\/fr\/","logo":{"@type":"ImageObject","inLanguage":"fr-FR","@id":"https:\/\/tourtravelandmore.com\/fr\/#\/schema\/logo\/image\/","url":"https:\/\/tourtravelandmore.com\/wp-content\/uploads\/2022\/12\/cropped-logo-cabecera-new.png","contentUrl":"https:\/\/tourtravelandmore.com\/wp-content\/uploads\/2022\/12\/cropped-logo-cabecera-new.png","width":430,"height":61,"caption":"Tour Travel And More"},"image":{"@id":"https:\/\/tourtravelandmore.com\/fr\/#\/schema\/logo\/image\/"},"sameAs":["https:\/\/www.facebook.com\/tourtravelandmore\/","https:\/\/x.com\/TourTravel_More"]},{"@type":"Person","@id":"https:\/\/tourtravelandmore.com\/fr\/#\/schema\/person\/2a1c66d76ae9290a394e8efb4af12e1e","name":"Maya Nader Harati","image":{"@type":"ImageObject","inLanguage":"fr-FR","@id":"https:\/\/tourtravelandmore.com\/fr\/#\/schema\/person\/image\/","url":"https:\/\/secure.gravatar.com\/avatar\/adc2305883b6f86a616354c0c4516fcd9a333d5f5a0806d9d1ae9b30f898fa1f?s=96&d=mm&r=g","contentUrl":"https:\/\/secure.gravatar.com\/avatar\/adc2305883b6f86a616354c0c4516fcd9a333d5f5a0806d9d1ae9b30f898fa1f?s=96&d=mm&r=g","caption":"Maya Nader Harati"},"description":"Cultural Destination Specialist & Travel Chronicler. Maya doesn\u2019t just travel the world; she translates it.","sameAs":["https:\/\/tourtravelandmore.com\/author-profile-maya-nader-harati\/"]}]}},"_links":{"self":[{"href":"https:\/\/tourtravelandmore.com\/fr\/wp-json\/wp\/v2\/posts\/171501","targetHints":{"allow":["GET"]}}],"collection":[{"href":"https:\/\/tourtravelandmore.com\/fr\/wp-json\/wp\/v2\/posts"}],"about":[{"href":"https:\/\/tourtravelandmore.com\/fr\/wp-json\/wp\/v2\/types\/post"}],"author":[{"embeddable":true,"href":"https:\/\/tourtravelandmore.com\/fr\/wp-json\/wp\/v2\/users\/2"}],"replies":[{"embeddable":true,"href":"https:\/\/tourtravelandmore.com\/fr\/wp-json\/wp\/v2\/comments?post=171501"}],"version-history":[{"count":1,"href":"https:\/\/tourtravelandmore.com\/fr\/wp-json\/wp\/v2\/posts\/171501\/revisions"}],"predecessor-version":[{"id":171502,"href":"https:\/\/tourtravelandmore.com\/fr\/wp-json\/wp\/v2\/posts\/171501\/revisions\/171502"}],"wp:featuredmedia":[{"embeddable":true,"href":"https:\/\/tourtravelandmore.com\/fr\/wp-json\/wp\/v2\/media\/171495"}],"wp:attachment":[{"href":"https:\/\/tourtravelandmore.com\/fr\/wp-json\/wp\/v2\/media?parent=171501"}],"wp:term":[{"taxonomy":"category","embeddable":true,"href":"https:\/\/tourtravelandmore.com\/fr\/wp-json\/wp\/v2\/categories?post=171501"},{"taxonomy":"post_tag","embeddable":true,"href":"https:\/\/tourtravelandmore.com\/fr\/wp-json\/wp\/v2\/tags?post=171501"}],"curies":[{"name":"wp","href":"https:\/\/api.w.org\/{rel}","templated":true}]}}