{"id":170816,"date":"2023-11-03T09:29:45","date_gmt":"2023-11-03T08:29:45","guid":{"rendered":"https:\/\/tourtravelandmore.com\/?p=170816"},"modified":"2025-05-16T15:35:42","modified_gmt":"2025-05-16T13:35:42","slug":"decouvrir-le-charme-de-la-vallee-darroyo-le-bed-breakfast-de-sierra-de-aracena","status":"publish","type":"post","link":"https:\/\/tourtravelandmore.com\/fr\/decouvrir-le-charme-de-la-vallee-darroyo-le-bed-breakfast-de-sierra-de-aracena\/","title":{"rendered":"D\u00e9couvrir le charme de la vall\u00e9e d&#8217;Arroyo : le Bed &#038; Breakfast de Sierra de Aracena"},"content":{"rendered":"\n<div class=\"wp-block-yoast-seo-table-of-contents yoast-table-of-contents\"><h2>Table of contents<\/h2><ul><li><a href=\"#h-une-oasis-de-tranquillit\" data-level=\"2\">Une oasis de tranquillit\u00e9<\/a><\/li><li><a href=\"#h-le-charme-d-un-s-jour-dans-la-vall-e-de-l-arroyo\" data-level=\"2\">Le charme d&#8217;un s\u00e9jour dans la vall\u00e9e de l&#8217;Arroyo<\/a><\/li><li><a href=\"#h-la-nature-l-tat-pur\" data-level=\"2\">La nature \u00e0 l&#8217;\u00e9tat pur<\/a><\/li><li><a href=\"#h-un-voyage-dans-le-temps\" data-level=\"2\">Un voyage dans le temps<\/a><\/li><li><a href=\"#h-des-activit-s-pour-tous-les-go-ts\" data-level=\"2\">Des activit\u00e9s pour tous les go\u00fbts<\/a><\/li><li><a href=\"#h-une-escapade-de-r-ve\" data-level=\"2\">Une escapade de r\u00eave<\/a><\/li><\/ul><\/div>\n\n\n\n<p>Bienvenue dans une nouvelle aventure de Tour Travel &amp; More, l&#8217;entreprise leader en mati\u00e8re d&#8217;exp\u00e9riences de voyage qui vous emm\u00e8ne \u00e0 la d\u00e9couverte des destinations les plus belles et les plus exclusives. Aujourd&#8217;hui, nous voulons vous emmener dans un coin magique au c\u0153ur de la Sierra de Aracena, un endroit o\u00f9 la nature rencontre le confort et la tradition : le Valle del Arroyo Bed &amp; Breakfast. C<a href=\"https:\/\/tourtravelandmore.com\/fr\/\">onsultez nos visites priv\u00e9es ici !&nbsp;<\/a><\/p>\n\n\n\n<h2 class=\"wp-block-heading\" id=\"h-une-oasis-de-tranquillit\"><strong>Une oasis de tranquillit\u00e9<\/strong><\/h2>\n\n\n\n<p>Si vous souhaitez \u00e9chapper \u00e0 l&#8217;agitation de la vie quotidienne et vous immerger dans un environnement de paix et de s\u00e9r\u00e9nit\u00e9, Valle del Arroyo est la destination id\u00e9ale pour vous. Ce charmant bed &amp; breakfast se trouve au c\u0153ur de la Sierra de Aracena, une r\u00e9gion qui \u00e9blouit par ses for\u00eats luxuriantes, ses rivi\u00e8res cristallines et son air frais qui revitalise l&#8217;esprit.<\/p>\n\n\n\n<p>Situ\u00e9e \u00e0 deux heures de route de S\u00e9ville, la vall\u00e9e d&#8217;Arroyo est une oasis de tranquillit\u00e9 en pleine nature. La paix et la tranquillit\u00e9 qui y r\u00e8gnent sont incomparables, et vous \u00eates assur\u00e9 de sentir le stress et les soucis s&#8217;\u00e9vanouir d\u00e8s votre arriv\u00e9e.<\/p>\n\n\n\n<figure class=\"wp-block-image\"><img decoding=\"async\" src=\"https:\/\/lh7-us.googleusercontent.com\/8EbKn1HIATM_fkRftyiUVKsW_dRLBTGorFw9y6C8v3g4OgboHyoTIj_5upqCQkBFhLxbi9fVyeSRbeVskWyhmR5pmPDPlDNUmmGOPdMDcCQL0-x65eTmFo_BfAooO95A3gZYqOm6wXYrLPcdzsozCcs\" alt=\"\"\/><\/figure>\n\n\n\n<h2 class=\"wp-block-heading\" id=\"h-le-charme-d-un-s-jour-dans-la-vall-e-de-l-arroyo\"><strong>Le charme d&#8217;un s\u00e9jour dans la vall\u00e9e de l&#8217;Arroyo<\/strong><\/h2>\n\n\n\n<p>Le Bed &amp; Breakfast El Valle del Arroyo est bien plus qu&#8217;un simple lieu de s\u00e9jour ; c&#8217;est une exp\u00e9rience compl\u00e8te qui allie luxe, confort et hospitalit\u00e9 andalouse dans ce qu&#8217;elle a de meilleur. Les chambres sont spacieuses et accueillantes, avec des d\u00e9tails rustiques qui vous transporteront dans un monde de charme et de calme. Depuis votre fen\u00eatre, vous pourrez profiter de vues \u00e9poustouflantes sur la campagne environnante, o\u00f9 les couleurs de la nature se d\u00e9ploient dans toute leur splendeur.<\/p>\n\n\n\n<p>Chaque matin, vous vous r\u00e9veillerez avec l&#8217;ar\u00f4me d&#8217;un petit d\u00e9jeuner fra\u00eechement pr\u00e9par\u00e9, qui comprend des produits locaux frais et d\u00e9licieux. Le personnel du Valle del Arroyo se met en quatre pour que votre s\u00e9jour soit inoubliable et se fait un plaisir de r\u00e9pondre \u00e0 tous vos besoins, qu&#8217;il s&#8217;agisse de vous recommander des randonn\u00e9es ou d&#8217;organiser des activit\u00e9s locales.<\/p>\n\n\n\n<h2 class=\"wp-block-heading\" id=\"h-la-nature-l-tat-pur\"><strong>La nature \u00e0 l&#8217;\u00e9tat pur<\/strong><\/h2>\n\n\n\n<p>La Sierra de Aracena est un paradis naturel qui n&#8217;attend que vous pour \u00eatre explor\u00e9. Les environs de la vall\u00e9e d&#8217;Arroyo offrent une grande vari\u00e9t\u00e9 de sentiers de randonn\u00e9e qui vous permettront de d\u00e9couvrir la beaut\u00e9 de la r\u00e9gion. Vous pourrez vous promener dans des for\u00eats de ch\u00e2taigniers centenaires, traverser des ponts sur des rivi\u00e8res cristallines et vous \u00e9merveiller devant la flore et la faune indig\u00e8nes.<\/p>\n\n\n\n<p>L&#8217;une des destinations les plus impressionnantes de la r\u00e9gion est la r\u00e9serve naturelle de la Sierra de Aracena et des Pics d&#8217;Aroche, o\u00f9 vous pourrez admirer la biodiversit\u00e9 de la r\u00e9gion et profiter de vues panoramiques \u00e0 couper le souffle. Et si vous \u00eates amateur de gastronomie, vous ne pouvez pas manquer les produits locaux, comme le jambon ib\u00e9rique nourri au gland et les fromages artisanaux qui sont un d\u00e9lice pour le palais.<\/p>\n\n\n\n<figure class=\"wp-block-image\"><img decoding=\"async\" src=\"https:\/\/lh7-us.googleusercontent.com\/mstGPYO2nDxePkheyz0_fVuS8R7LzXVTjPKUJxV-0d_0IEYYgPXnnT8PD0AA72apIPiXLbxcC9BblgEvUyBvrB15HxhIXyrP6BC3ACka00McCFv7jP13rIYW_fym--GqlH0l0lr0cr3NmJkIkM3Onf8\" alt=\"\"\/><\/figure>\n\n\n\n<h2 class=\"wp-block-heading\" id=\"h-un-voyage-dans-le-temps\"><strong>Un voyage dans le temps<\/strong><\/h2>\n\n\n\n<p>La vall\u00e9e d&#8217;Arroyo est bien plus qu&#8217;une retraite dans la nature, c&#8217;est aussi un voyage dans le temps. La r\u00e9gion de la Sierra de Aracena est riche en histoire et en culture, et vous trouverez \u00e0 chaque tournant les traces d&#8217;un pass\u00e9 fascinant. Vous pourrez visiter de charmants villages blancs qui semblent fig\u00e9s dans le temps, avec des rues pav\u00e9es et des maisons \u00e0 l&#8217;architecture traditionnelle.<\/p>\n\n\n\n<p>L&#8217;un des lieux les plus embl\u00e9matiques est le ch\u00e2teau d&#8217;Aracena, une forteresse m\u00e9di\u00e9vale qui s&#8217;\u00e9l\u00e8ve majestueusement au-dessus du village. Depuis ses murs, vous pourrez profiter de vues spectaculaires sur la Sierra et vous plonger dans l&#8217;histoire de la r\u00e9gion.<\/p>\n\n\n\n<h2 class=\"wp-block-heading\" id=\"h-des-activit-s-pour-tous-les-go-ts\"><strong>Des activit\u00e9s pour tous les go\u00fbts<\/strong><\/h2>\n\n\n\n<p>\u00c0 Valle del Arroyo, le plaisir et la d\u00e9tente sont garantis. Si vous aimez la nature, vous pouvez participer \u00e0 des randonn\u00e9es passionnantes, observer les oiseaux ou faire de l&#8217;\u00e9quitation. Pour ceux qui recherchent une exp\u00e9rience plus relaxante, vous pouvez profiter de journ\u00e9es de lecture au bord de la piscine ou d&#8217;un massage au spa du bed &amp; breakfast.<\/p>\n\n\n\n<p>Pour les gourmands, la r\u00e9gion offre la possibilit\u00e9 de d\u00e9guster des plats andalous traditionnels dans les restaurants locaux. Et n&#8217;oubliez pas de go\u00fbter au c\u00e9l\u00e8bre jambon ib\u00e9rique de la r\u00e9gion, un d\u00e9lice qui fond sur le palais.<\/p>\n\n\n\n<figure class=\"wp-block-image\"><img decoding=\"async\" src=\"https:\/\/lh7-us.googleusercontent.com\/4aLK-YqKnOKJytCWGKL0z2Lse03v7KwgK2kIzBqLn-s-JMNaVoFrOO3ZOmUuRvtozu2mR9DtGHt6EAnodM2Ku5hSRNf2BrQ5NDmLTnByj4rzbMQ2zPCX9jM8FVHREfPMaiqlPSnpRy2X_SzXE5wFk14\" alt=\"\"\/><\/figure>\n\n\n\n<h2 class=\"wp-block-heading\" id=\"h-une-escapade-de-r-ve\"><strong>Une escapade de r\u00eave<\/strong><\/h2>\n\n\n\n<p>Valle del Arroyo Bed &amp; Breakfast est l&#8217;endroit id\u00e9al pour se d\u00e9tendre, se ressourcer et renouer avec la nature. Que vous soyez \u00e0 la recherche d&#8217;aventures en plein air ou d&#8217;une retraite romantique, ce coin de la Sierra de Aracena a tout ce qu&#8217;il faut pour vous faire vivre une exp\u00e9rience unique.<\/p>\n\n\n\n<p>Chez Tour Travel &amp; More, nous sommes fiers de vous offrir des exp\u00e9riences de voyage exceptionnelles, et la vall\u00e9e d&#8217;Arroyo est une destination qui r\u00e9pond largement \u00e0 nos attentes. Nous vous invitons \u00e0 explorer ce coin magique de l&#8217;Espagne et \u00e0 vous laisser porter par la beaut\u00e9 de la Sierra de Aracena &#8211; vous ne le regretterez pas !<\/p>\n\n\n\n<p>Alors, qu&#8217;attendez-vous ? R\u00e9servez d\u00e8s aujourd&#8217;hui votre escapade \u00e0 Valle del Arroyo Bed &amp; Breakfast et pr\u00e9parez-vous \u00e0 vivre une aventure inoubliable dans un paradis naturel qui volera votre c\u0153ur, nous vous attendons dans la Sierra de Aracena !<\/p>\n","protected":false},"excerpt":{"rendered":"<p>D\u00e9couvrez la s\u00e9r\u00e9nit\u00e9 de la Sierra de Aracena au Valle del Arroyo Bed &#038; Breakfast &#8211; r\u00e9servez d\u00e8s aujourd&#8217;hui et d\u00e9couvrez la combinaison parfaite du luxe et de la nature !<\/p>\n","protected":false},"author":2,"featured_media":170813,"comment_status":"open","ping_status":"open","sticky":false,"template":"","format":"standard","meta":{"_acf_changed":false,"footnotes":""},"categories":[3962,3914,2395],"tags":[],"class_list":["post-170816","post","type-post","status-publish","format-standard","has-post-thumbnail","hentry","category-espagne","category-europe-fr","category-non-classifiee"],"acf":[],"yoast_head":"<!-- This site is optimized with the Yoast SEO Premium plugin v25.3.1 (Yoast SEO v25.3.1) - https:\/\/yoast.com\/wordpress\/plugins\/seo\/ -->\n<title>D\u00e9couvrir le charme de la vall\u00e9e de l&#039;Arroyo : le Bed &amp; Breakfast dans la Sierra de Aracena - Tour Travel and More<\/title>\n<meta name=\"description\" content=\"Plongez dans la tranquillit\u00e9 de la Sierra de Aracena avec le Bed &amp; Breakfast Valle del Arroyo. D\u00e9couvrez une oasis de nature et de confort dans ce coin magique de l&#039;Andalousie.\" \/>\n<meta name=\"robots\" content=\"index, follow, max-snippet:-1, max-image-preview:large, max-video-preview:-1\" \/>\n<link rel=\"canonical\" href=\"https:\/\/tourtravelandmore.com\/fr\/decouvrir-le-charme-de-la-vallee-darroyo-le-bed-breakfast-de-sierra-de-aracena\/\" \/>\n<meta property=\"og:locale\" content=\"fr_FR\" \/>\n<meta property=\"og:type\" content=\"article\" \/>\n<meta property=\"og:title\" content=\"D\u00e9couvrir le charme de la vall\u00e9e d&#039;Arroyo : le Bed &amp; Breakfast de Sierra de Aracena\" \/>\n<meta property=\"og:description\" content=\"Plongez dans la tranquillit\u00e9 de la Sierra de Aracena avec le Bed &amp; Breakfast Valle del Arroyo. D\u00e9couvrez une oasis de nature et de confort dans ce coin magique de l&#039;Andalousie.\" \/>\n<meta property=\"og:url\" content=\"https:\/\/tourtravelandmore.com\/fr\/decouvrir-le-charme-de-la-vallee-darroyo-le-bed-breakfast-de-sierra-de-aracena\/\" \/>\n<meta property=\"og:site_name\" content=\"Tour Travel And More\" \/>\n<meta property=\"article:publisher\" content=\"https:\/\/www.facebook.com\/tourtravelandmore\/\" \/>\n<meta property=\"article:published_time\" content=\"2023-11-03T08:29:45+00:00\" \/>\n<meta property=\"article:modified_time\" content=\"2025-05-16T13:35:42+00:00\" \/>\n<meta property=\"og:image\" content=\"https:\/\/tourtravelandmore.com\/wp-content\/uploads\/2023\/11\/image.jpeg\" \/>\n\t<meta property=\"og:image:width\" content=\"800\" \/>\n\t<meta property=\"og:image:height\" content=\"533\" \/>\n\t<meta property=\"og:image:type\" content=\"image\/jpeg\" \/>\n<meta name=\"author\" content=\"Maya Nader Harati\" \/>\n<meta name=\"twitter:card\" content=\"summary_large_image\" \/>\n<meta name=\"twitter:creator\" content=\"@TourTravel_More\" \/>\n<meta name=\"twitter:site\" content=\"@TourTravel_More\" \/>\n<meta name=\"twitter:label1\" content=\"\u00c9crit par\" \/>\n\t<meta name=\"twitter:data1\" content=\"Maya Nader Harati\" \/>\n\t<meta name=\"twitter:label2\" content=\"Dur\u00e9e de lecture estim\u00e9e\" \/>\n\t<meta name=\"twitter:data2\" content=\"5 minutes\" \/>\n<script type=\"application\/ld+json\" class=\"yoast-schema-graph\">{\"@context\":\"https:\/\/schema.org\",\"@graph\":[{\"@type\":\"Article\",\"@id\":\"https:\/\/tourtravelandmore.com\/fr\/decouvrir-le-charme-de-la-vallee-darroyo-le-bed-breakfast-de-sierra-de-aracena\/#article\",\"isPartOf\":{\"@id\":\"https:\/\/tourtravelandmore.com\/fr\/decouvrir-le-charme-de-la-vallee-darroyo-le-bed-breakfast-de-sierra-de-aracena\/\"},\"author\":{\"name\":\"Maya Nader Harati\",\"@id\":\"https:\/\/tourtravelandmore.com\/fr\/#\/schema\/person\/2a1c66d76ae9290a394e8efb4af12e1e\"},\"headline\":\"D\u00e9couvrir le charme de la vall\u00e9e d&#8217;Arroyo : le Bed &#038; Breakfast de Sierra de Aracena\",\"datePublished\":\"2023-11-03T08:29:45+00:00\",\"dateModified\":\"2025-05-16T13:35:42+00:00\",\"mainEntityOfPage\":{\"@id\":\"https:\/\/tourtravelandmore.com\/fr\/decouvrir-le-charme-de-la-vallee-darroyo-le-bed-breakfast-de-sierra-de-aracena\/\"},\"wordCount\":1008,\"commentCount\":0,\"publisher\":{\"@id\":\"https:\/\/tourtravelandmore.com\/fr\/#organization\"},\"image\":{\"@id\":\"https:\/\/tourtravelandmore.com\/fr\/decouvrir-le-charme-de-la-vallee-darroyo-le-bed-breakfast-de-sierra-de-aracena\/#primaryimage\"},\"thumbnailUrl\":\"https:\/\/tourtravelandmore.com\/wp-content\/uploads\/2023\/11\/image.jpeg\",\"articleSection\":[\"Espagne\",\"Europe\",\"Non classifi\u00e9(e)\"],\"inLanguage\":\"fr-FR\",\"potentialAction\":[{\"@type\":\"CommentAction\",\"name\":\"Comment\",\"target\":[\"https:\/\/tourtravelandmore.com\/fr\/decouvrir-le-charme-de-la-vallee-darroyo-le-bed-breakfast-de-sierra-de-aracena\/#respond\"]}],\"accessibilityFeature\":[\"tableOfContents\"]},{\"@type\":\"WebPage\",\"@id\":\"https:\/\/tourtravelandmore.com\/fr\/decouvrir-le-charme-de-la-vallee-darroyo-le-bed-breakfast-de-sierra-de-aracena\/\",\"url\":\"https:\/\/tourtravelandmore.com\/fr\/decouvrir-le-charme-de-la-vallee-darroyo-le-bed-breakfast-de-sierra-de-aracena\/\",\"name\":\"D\u00e9couvrir le charme de la vall\u00e9e de l'Arroyo : le Bed & Breakfast dans la Sierra de Aracena - Tour Travel and More\",\"isPartOf\":{\"@id\":\"https:\/\/tourtravelandmore.com\/fr\/#website\"},\"primaryImageOfPage\":{\"@id\":\"https:\/\/tourtravelandmore.com\/fr\/decouvrir-le-charme-de-la-vallee-darroyo-le-bed-breakfast-de-sierra-de-aracena\/#primaryimage\"},\"image\":{\"@id\":\"https:\/\/tourtravelandmore.com\/fr\/decouvrir-le-charme-de-la-vallee-darroyo-le-bed-breakfast-de-sierra-de-aracena\/#primaryimage\"},\"thumbnailUrl\":\"https:\/\/tourtravelandmore.com\/wp-content\/uploads\/2023\/11\/image.jpeg\",\"datePublished\":\"2023-11-03T08:29:45+00:00\",\"dateModified\":\"2025-05-16T13:35:42+00:00\",\"description\":\"Plongez dans la tranquillit\u00e9 de la Sierra de Aracena avec le Bed & Breakfast Valle del Arroyo. D\u00e9couvrez une oasis de nature et de confort dans ce coin magique de l'Andalousie.\",\"breadcrumb\":{\"@id\":\"https:\/\/tourtravelandmore.com\/fr\/decouvrir-le-charme-de-la-vallee-darroyo-le-bed-breakfast-de-sierra-de-aracena\/#breadcrumb\"},\"inLanguage\":\"fr-FR\",\"potentialAction\":[{\"@type\":\"ReadAction\",\"target\":[\"https:\/\/tourtravelandmore.com\/fr\/decouvrir-le-charme-de-la-vallee-darroyo-le-bed-breakfast-de-sierra-de-aracena\/\"]}]},{\"@type\":\"ImageObject\",\"inLanguage\":\"fr-FR\",\"@id\":\"https:\/\/tourtravelandmore.com\/fr\/decouvrir-le-charme-de-la-vallee-darroyo-le-bed-breakfast-de-sierra-de-aracena\/#primaryimage\",\"url\":\"https:\/\/tourtravelandmore.com\/wp-content\/uploads\/2023\/11\/image.jpeg\",\"contentUrl\":\"https:\/\/tourtravelandmore.com\/wp-content\/uploads\/2023\/11\/image.jpeg\",\"width\":800,\"height\":533},{\"@type\":\"BreadcrumbList\",\"@id\":\"https:\/\/tourtravelandmore.com\/fr\/decouvrir-le-charme-de-la-vallee-darroyo-le-bed-breakfast-de-sierra-de-aracena\/#breadcrumb\",\"itemListElement\":[{\"@type\":\"ListItem\",\"position\":1,\"name\":\"Home\",\"item\":\"https:\/\/tourtravelandmore.com\/fr\/\"},{\"@type\":\"ListItem\",\"position\":2,\"name\":\"D\u00e9couvrir le charme de la vall\u00e9e d&#8217;Arroyo : le Bed &#038; Breakfast de Sierra de Aracena\"}]},{\"@type\":\"WebSite\",\"@id\":\"https:\/\/tourtravelandmore.com\/fr\/#website\",\"url\":\"https:\/\/tourtravelandmore.com\/fr\/\",\"name\":\"Tour Travel And More\",\"description\":\"Private sightseeing tours and luxury transfers in Spain\",\"publisher\":{\"@id\":\"https:\/\/tourtravelandmore.com\/fr\/#organization\"},\"potentialAction\":[{\"@type\":\"SearchAction\",\"target\":{\"@type\":\"EntryPoint\",\"urlTemplate\":\"https:\/\/tourtravelandmore.com\/fr\/?s={search_term_string}\"},\"query-input\":{\"@type\":\"PropertyValueSpecification\",\"valueRequired\":true,\"valueName\":\"search_term_string\"}}],\"inLanguage\":\"fr-FR\"},{\"@type\":\"Organization\",\"@id\":\"https:\/\/tourtravelandmore.com\/fr\/#organization\",\"name\":\"Tour Travel And More\",\"url\":\"https:\/\/tourtravelandmore.com\/fr\/\",\"logo\":{\"@type\":\"ImageObject\",\"inLanguage\":\"fr-FR\",\"@id\":\"https:\/\/tourtravelandmore.com\/fr\/#\/schema\/logo\/image\/\",\"url\":\"https:\/\/tourtravelandmore.com\/wp-content\/uploads\/2022\/12\/cropped-logo-cabecera-new.png\",\"contentUrl\":\"https:\/\/tourtravelandmore.com\/wp-content\/uploads\/2022\/12\/cropped-logo-cabecera-new.png\",\"width\":430,\"height\":61,\"caption\":\"Tour Travel And More\"},\"image\":{\"@id\":\"https:\/\/tourtravelandmore.com\/fr\/#\/schema\/logo\/image\/\"},\"sameAs\":[\"https:\/\/www.facebook.com\/tourtravelandmore\/\",\"https:\/\/x.com\/TourTravel_More\"]},{\"@type\":\"Person\",\"@id\":\"https:\/\/tourtravelandmore.com\/fr\/#\/schema\/person\/2a1c66d76ae9290a394e8efb4af12e1e\",\"name\":\"Maya Nader Harati\",\"image\":{\"@type\":\"ImageObject\",\"inLanguage\":\"fr-FR\",\"@id\":\"https:\/\/tourtravelandmore.com\/fr\/#\/schema\/person\/image\/\",\"url\":\"https:\/\/secure.gravatar.com\/avatar\/adc2305883b6f86a616354c0c4516fcd9a333d5f5a0806d9d1ae9b30f898fa1f?s=96&d=mm&r=g\",\"contentUrl\":\"https:\/\/secure.gravatar.com\/avatar\/adc2305883b6f86a616354c0c4516fcd9a333d5f5a0806d9d1ae9b30f898fa1f?s=96&d=mm&r=g\",\"caption\":\"Maya Nader Harati\"},\"description\":\"Cultural Destination Specialist & Travel Chronicler. Maya doesn\u2019t just travel the world; she translates it.\",\"sameAs\":[\"https:\/\/tourtravelandmore.com\/author-profile-maya-nader-harati\/\"]}]}<\/script>\n<!-- \/ Yoast SEO Premium plugin. -->","yoast_head_json":{"title":"D\u00e9couvrir le charme de la vall\u00e9e de l'Arroyo : le Bed & Breakfast dans la Sierra de Aracena - Tour Travel and More","description":"Plongez dans la tranquillit\u00e9 de la Sierra de Aracena avec le Bed & Breakfast Valle del Arroyo. D\u00e9couvrez une oasis de nature et de confort dans ce coin magique de l'Andalousie.","robots":{"index":"index","follow":"follow","max-snippet":"max-snippet:-1","max-image-preview":"max-image-preview:large","max-video-preview":"max-video-preview:-1"},"canonical":"https:\/\/tourtravelandmore.com\/fr\/decouvrir-le-charme-de-la-vallee-darroyo-le-bed-breakfast-de-sierra-de-aracena\/","og_locale":"fr_FR","og_type":"article","og_title":"D\u00e9couvrir le charme de la vall\u00e9e d'Arroyo : le Bed & Breakfast de Sierra de Aracena","og_description":"Plongez dans la tranquillit\u00e9 de la Sierra de Aracena avec le Bed & Breakfast Valle del Arroyo. D\u00e9couvrez une oasis de nature et de confort dans ce coin magique de l'Andalousie.","og_url":"https:\/\/tourtravelandmore.com\/fr\/decouvrir-le-charme-de-la-vallee-darroyo-le-bed-breakfast-de-sierra-de-aracena\/","og_site_name":"Tour Travel And More","article_publisher":"https:\/\/www.facebook.com\/tourtravelandmore\/","article_published_time":"2023-11-03T08:29:45+00:00","article_modified_time":"2025-05-16T13:35:42+00:00","og_image":[{"width":800,"height":533,"url":"https:\/\/tourtravelandmore.com\/wp-content\/uploads\/2023\/11\/image.jpeg","type":"image\/jpeg"}],"author":"Maya Nader Harati","twitter_card":"summary_large_image","twitter_creator":"@TourTravel_More","twitter_site":"@TourTravel_More","twitter_misc":{"\u00c9crit par":"Maya Nader Harati","Dur\u00e9e de lecture estim\u00e9e":"5 minutes"},"schema":{"@context":"https:\/\/schema.org","@graph":[{"@type":"Article","@id":"https:\/\/tourtravelandmore.com\/fr\/decouvrir-le-charme-de-la-vallee-darroyo-le-bed-breakfast-de-sierra-de-aracena\/#article","isPartOf":{"@id":"https:\/\/tourtravelandmore.com\/fr\/decouvrir-le-charme-de-la-vallee-darroyo-le-bed-breakfast-de-sierra-de-aracena\/"},"author":{"name":"Maya Nader Harati","@id":"https:\/\/tourtravelandmore.com\/fr\/#\/schema\/person\/2a1c66d76ae9290a394e8efb4af12e1e"},"headline":"D\u00e9couvrir le charme de la vall\u00e9e d&#8217;Arroyo : le Bed &#038; Breakfast de Sierra de Aracena","datePublished":"2023-11-03T08:29:45+00:00","dateModified":"2025-05-16T13:35:42+00:00","mainEntityOfPage":{"@id":"https:\/\/tourtravelandmore.com\/fr\/decouvrir-le-charme-de-la-vallee-darroyo-le-bed-breakfast-de-sierra-de-aracena\/"},"wordCount":1008,"commentCount":0,"publisher":{"@id":"https:\/\/tourtravelandmore.com\/fr\/#organization"},"image":{"@id":"https:\/\/tourtravelandmore.com\/fr\/decouvrir-le-charme-de-la-vallee-darroyo-le-bed-breakfast-de-sierra-de-aracena\/#primaryimage"},"thumbnailUrl":"https:\/\/tourtravelandmore.com\/wp-content\/uploads\/2023\/11\/image.jpeg","articleSection":["Espagne","Europe","Non classifi\u00e9(e)"],"inLanguage":"fr-FR","potentialAction":[{"@type":"CommentAction","name":"Comment","target":["https:\/\/tourtravelandmore.com\/fr\/decouvrir-le-charme-de-la-vallee-darroyo-le-bed-breakfast-de-sierra-de-aracena\/#respond"]}],"accessibilityFeature":["tableOfContents"]},{"@type":"WebPage","@id":"https:\/\/tourtravelandmore.com\/fr\/decouvrir-le-charme-de-la-vallee-darroyo-le-bed-breakfast-de-sierra-de-aracena\/","url":"https:\/\/tourtravelandmore.com\/fr\/decouvrir-le-charme-de-la-vallee-darroyo-le-bed-breakfast-de-sierra-de-aracena\/","name":"D\u00e9couvrir le charme de la vall\u00e9e de l'Arroyo : le Bed & Breakfast dans la Sierra de Aracena - Tour Travel and More","isPartOf":{"@id":"https:\/\/tourtravelandmore.com\/fr\/#website"},"primaryImageOfPage":{"@id":"https:\/\/tourtravelandmore.com\/fr\/decouvrir-le-charme-de-la-vallee-darroyo-le-bed-breakfast-de-sierra-de-aracena\/#primaryimage"},"image":{"@id":"https:\/\/tourtravelandmore.com\/fr\/decouvrir-le-charme-de-la-vallee-darroyo-le-bed-breakfast-de-sierra-de-aracena\/#primaryimage"},"thumbnailUrl":"https:\/\/tourtravelandmore.com\/wp-content\/uploads\/2023\/11\/image.jpeg","datePublished":"2023-11-03T08:29:45+00:00","dateModified":"2025-05-16T13:35:42+00:00","description":"Plongez dans la tranquillit\u00e9 de la Sierra de Aracena avec le Bed & Breakfast Valle del Arroyo. D\u00e9couvrez une oasis de nature et de confort dans ce coin magique de l'Andalousie.","breadcrumb":{"@id":"https:\/\/tourtravelandmore.com\/fr\/decouvrir-le-charme-de-la-vallee-darroyo-le-bed-breakfast-de-sierra-de-aracena\/#breadcrumb"},"inLanguage":"fr-FR","potentialAction":[{"@type":"ReadAction","target":["https:\/\/tourtravelandmore.com\/fr\/decouvrir-le-charme-de-la-vallee-darroyo-le-bed-breakfast-de-sierra-de-aracena\/"]}]},{"@type":"ImageObject","inLanguage":"fr-FR","@id":"https:\/\/tourtravelandmore.com\/fr\/decouvrir-le-charme-de-la-vallee-darroyo-le-bed-breakfast-de-sierra-de-aracena\/#primaryimage","url":"https:\/\/tourtravelandmore.com\/wp-content\/uploads\/2023\/11\/image.jpeg","contentUrl":"https:\/\/tourtravelandmore.com\/wp-content\/uploads\/2023\/11\/image.jpeg","width":800,"height":533},{"@type":"BreadcrumbList","@id":"https:\/\/tourtravelandmore.com\/fr\/decouvrir-le-charme-de-la-vallee-darroyo-le-bed-breakfast-de-sierra-de-aracena\/#breadcrumb","itemListElement":[{"@type":"ListItem","position":1,"name":"Home","item":"https:\/\/tourtravelandmore.com\/fr\/"},{"@type":"ListItem","position":2,"name":"D\u00e9couvrir le charme de la vall\u00e9e d&#8217;Arroyo : le Bed &#038; Breakfast de Sierra de Aracena"}]},{"@type":"WebSite","@id":"https:\/\/tourtravelandmore.com\/fr\/#website","url":"https:\/\/tourtravelandmore.com\/fr\/","name":"Tour Travel And More","description":"Private sightseeing tours and luxury transfers in Spain","publisher":{"@id":"https:\/\/tourtravelandmore.com\/fr\/#organization"},"potentialAction":[{"@type":"SearchAction","target":{"@type":"EntryPoint","urlTemplate":"https:\/\/tourtravelandmore.com\/fr\/?s={search_term_string}"},"query-input":{"@type":"PropertyValueSpecification","valueRequired":true,"valueName":"search_term_string"}}],"inLanguage":"fr-FR"},{"@type":"Organization","@id":"https:\/\/tourtravelandmore.com\/fr\/#organization","name":"Tour Travel And More","url":"https:\/\/tourtravelandmore.com\/fr\/","logo":{"@type":"ImageObject","inLanguage":"fr-FR","@id":"https:\/\/tourtravelandmore.com\/fr\/#\/schema\/logo\/image\/","url":"https:\/\/tourtravelandmore.com\/wp-content\/uploads\/2022\/12\/cropped-logo-cabecera-new.png","contentUrl":"https:\/\/tourtravelandmore.com\/wp-content\/uploads\/2022\/12\/cropped-logo-cabecera-new.png","width":430,"height":61,"caption":"Tour Travel And More"},"image":{"@id":"https:\/\/tourtravelandmore.com\/fr\/#\/schema\/logo\/image\/"},"sameAs":["https:\/\/www.facebook.com\/tourtravelandmore\/","https:\/\/x.com\/TourTravel_More"]},{"@type":"Person","@id":"https:\/\/tourtravelandmore.com\/fr\/#\/schema\/person\/2a1c66d76ae9290a394e8efb4af12e1e","name":"Maya Nader Harati","image":{"@type":"ImageObject","inLanguage":"fr-FR","@id":"https:\/\/tourtravelandmore.com\/fr\/#\/schema\/person\/image\/","url":"https:\/\/secure.gravatar.com\/avatar\/adc2305883b6f86a616354c0c4516fcd9a333d5f5a0806d9d1ae9b30f898fa1f?s=96&d=mm&r=g","contentUrl":"https:\/\/secure.gravatar.com\/avatar\/adc2305883b6f86a616354c0c4516fcd9a333d5f5a0806d9d1ae9b30f898fa1f?s=96&d=mm&r=g","caption":"Maya Nader Harati"},"description":"Cultural Destination Specialist & Travel Chronicler. Maya doesn\u2019t just travel the world; she translates it.","sameAs":["https:\/\/tourtravelandmore.com\/author-profile-maya-nader-harati\/"]}]}},"_links":{"self":[{"href":"https:\/\/tourtravelandmore.com\/fr\/wp-json\/wp\/v2\/posts\/170816","targetHints":{"allow":["GET"]}}],"collection":[{"href":"https:\/\/tourtravelandmore.com\/fr\/wp-json\/wp\/v2\/posts"}],"about":[{"href":"https:\/\/tourtravelandmore.com\/fr\/wp-json\/wp\/v2\/types\/post"}],"author":[{"embeddable":true,"href":"https:\/\/tourtravelandmore.com\/fr\/wp-json\/wp\/v2\/users\/2"}],"replies":[{"embeddable":true,"href":"https:\/\/tourtravelandmore.com\/fr\/wp-json\/wp\/v2\/comments?post=170816"}],"version-history":[{"count":1,"href":"https:\/\/tourtravelandmore.com\/fr\/wp-json\/wp\/v2\/posts\/170816\/revisions"}],"predecessor-version":[{"id":183306,"href":"https:\/\/tourtravelandmore.com\/fr\/wp-json\/wp\/v2\/posts\/170816\/revisions\/183306"}],"wp:featuredmedia":[{"embeddable":true,"href":"https:\/\/tourtravelandmore.com\/fr\/wp-json\/wp\/v2\/media\/170813"}],"wp:attachment":[{"href":"https:\/\/tourtravelandmore.com\/fr\/wp-json\/wp\/v2\/media?parent=170816"}],"wp:term":[{"taxonomy":"category","embeddable":true,"href":"https:\/\/tourtravelandmore.com\/fr\/wp-json\/wp\/v2\/categories?post=170816"},{"taxonomy":"post_tag","embeddable":true,"href":"https:\/\/tourtravelandmore.com\/fr\/wp-json\/wp\/v2\/tags?post=170816"}],"curies":[{"name":"wp","href":"https:\/\/api.w.org\/{rel}","templated":true}]}}