{"id":170571,"date":"2023-10-06T10:18:56","date_gmt":"2023-10-06T08:18:56","guid":{"rendered":"https:\/\/tourtravelandmore.com\/?p=170571"},"modified":"2025-05-16T15:36:47","modified_gmt":"2025-05-16T13:36:47","slug":"grindelwald-le-plus-beau-village-de-suisse-un-voyage-feerique","status":"publish","type":"post","link":"https:\/\/tourtravelandmore.com\/fr\/grindelwald-le-plus-beau-village-de-suisse-un-voyage-feerique\/","title":{"rendered":"Grindelwald, le plus beau village de Suisse : un voyage f\u00e9erique"},"content":{"rendered":"\n<p>Le monde regorge d&#8217;endroits fascinants, mais s&#8217;il en est un qui m\u00e9rite d&#8217;\u00eatre qualifi\u00e9 de &#8220;conte de f\u00e9es devenu r\u00e9alit\u00e9&#8221;, c&#8217;est bien Grindelwald, en Suisse. Nich\u00e9 au c\u0153ur des Alpes suisses, ce village alpin pittoresque est un r\u00eave pour les amoureux de la nature et de la beaut\u00e9 des paysages. Dans cet article, nous vous invitons \u00e0 d\u00e9couvrir pourquoi Grindelwald est le plus beau village de Suisse et pourquoi il devrait \u00eatre votre prochaine destination de r\u00eave &#8211; <a href=\"https:\/\/tourtravelandmore.com\/fr\/\">d\u00e9couvrez nos visites priv\u00e9es ici !&nbsp;<\/a><\/p>\n\n\n\n<h2 class=\"wp-block-heading\" id=\"h-bienvenue-grindelwald\"><strong>Bienvenue \u00e0 Grindelwald<\/strong><\/h2>\n\n\n\n<p>Grindelwald, avec son charme alpin et ses vues panoramiques \u00e0 couper le souffle, sort tout droit d&#8217;un conte de f\u00e9es suisse. Situ\u00e9 dans le canton de Berne, ce coin de paradis est un joyau cach\u00e9 qui m\u00e9rite d&#8217;\u00eatre explor\u00e9.<\/p>\n\n\n\n<p>D\u00e8s votre arriv\u00e9e, vous serez envelopp\u00e9 dans une atmosph\u00e8re magique. Les rues pav\u00e9es et les maisons traditionnelles \u00e0 colombages vous transporteront dans le pass\u00e9. Il n&#8217;est pas difficile d&#8217;imaginer Heidi gambadant dans les prairies environnantes ou des personnages de contes de f\u00e9es apparaissant \u00e0 chaque coin de rue.<\/p>\n\n\n\n<figure class=\"wp-block-image\"><img decoding=\"async\" src=\"https:\/\/lh6.googleusercontent.com\/X4WTo_pn1vnBt2HrGKHxGfdjEQ7WOLYk9FG_Sj8bucZmtZ6h01hAtmm4tQDRgGlcXeAX6M9v9TEWw1H9u44ROTwK1CHBcdkgHo2T5Nf0YhWcBakG6ugAX0v2yZEY-_hc44W-I7NamcE2mU8NpzLI5co\" alt=\"\"\/><\/figure>\n\n\n\n<h2 class=\"wp-block-heading\" id=\"h-la-beaut-de-la-nature\"><strong>La beaut\u00e9 de la nature<\/strong><\/h2>\n\n\n\n<p>L&#8217;une des principales raisons pour lesquelles Grindelwald est consid\u00e9r\u00e9 comme le plus beau village de Suisse est son environnement naturel \u00e9poustouflant. Cette destination est le point de d\u00e9part id\u00e9al pour explorer la r\u00e9gion Jungfrau-Aletsch, un site class\u00e9 au patrimoine mondial de l&#8217;UNESCO qui abrite certains des glaciers les plus impressionnants d&#8217;Europe. Les majestueux Eiger, M\u00f6nch et Jungfrau sont les gardiens de ce coin de paradis.<\/p>\n\n\n\n<p>Les amateurs d&#8217;aventure trouveront leur paradis \u00e0 Grindelwald. De la randonn\u00e9e au ski en passant par le parapente et le snowboard, il y a une activit\u00e9 pour chaque saison. Le t\u00e9l\u00e9ph\u00e9rique de First vous emm\u00e8nera dans les hauteurs pour des vues panoramiques \u00e0 couper le souffle, litt\u00e9ralement. Les sensations de glisse sur les pentes enneig\u00e9es ou de randonn\u00e9e sur les sentiers alpins sont incomparables.<\/p>\n\n\n\n<figure class=\"wp-block-image\"><img decoding=\"async\" src=\"https:\/\/lh3.googleusercontent.com\/mUZ1Tw6rBN06z1xsUgerH_kA6PTFeSSn_TWPv4spkeJHdxS4G3n6vUqGsdH5_2KfExGl9XCHvqgs9zwMXsaJWV_sVHMgZ6ZrjaFCTWLebla4AuYqVJl2Aw-bRk13YqmRsFW1OGN7DbkHMaWwk5kqfIg\" alt=\"\"\/><\/figure>\n\n\n\n<h2 class=\"wp-block-heading\" id=\"h-d-couvrir-la-culture-suisse\"><strong>D\u00e9couvrir la culture suisse<\/strong><\/h2>\n\n\n\n<p>Grindelwald offre non seulement des beaut\u00e9s naturelles, mais aussi une riche culture suisse qui vous plongera dans l&#8217;authenticit\u00e9 de ce pays. Au c\u0153ur du village, vous trouverez des chocolateries suisses, des horlogers de qualit\u00e9 et des boutiques de souvenirs uniques.<\/p>\n\n\n\n<p>La gastronomie suisse est \u00e9galement \u00e0 l&#8217;honneur. Vous ne pouvez pas visiter Grindelwald sans go\u00fbter \u00e0 la fondue au fromage suisse ou aux r\u00f6sti, une d\u00e9licieuse sp\u00e9cialit\u00e9 \u00e0 base de pommes de terre. En outre, les restaurants locaux proposent une s\u00e9lection de plats traditionnels qui vous donneront l&#8217;impression d&#8217;\u00eatre un habitant de la r\u00e9gion.<\/p>\n\n\n\n<figure class=\"wp-block-image\"><img decoding=\"async\" src=\"https:\/\/lh4.googleusercontent.com\/RbXM51XPdCMpcxC06Nui5YAE2dCdJ2jo9QadbjxQLGLh9GfwqnNGthLJgdmcWQB0CXM8lWtLVt5K9OW0C9dQLoq96jHuv-NfzWnewNXwObLznwWBXlj9CkTrOcd_SqhzCI58tA48V-oNpeTuWHXsv7Y\" alt=\"\"\/><\/figure>\n\n\n\n<h2 class=\"wp-block-heading\" id=\"h-vivre-un-conte-de-f-es\"><strong>Vivre un conte de f\u00e9es<\/strong><\/h2>\n\n\n\n<p>Pour une exp\u00e9rience vraiment magique, vous pouvez choisir de s\u00e9journer dans un chalet alpin traditionnel. Ces chalets confortables sont parfaits pour les couples en qu\u00eate de romantisme ou les familles \u00e0 la recherche d&#8217;une exp\u00e9rience unique. Se r\u00e9veiller avec des vues alpines et l&#8217;air frais de la montagne est un r\u00eave devenu r\u00e9alit\u00e9.<\/p>\n\n\n\n<p>Bien entendu, vous trouverez \u00e9galement des options d&#8217;h\u00e9bergement de luxe offrant un confort moderne et des services de premi\u00e8re classe. Grindelwald s&#8217;enorgueillit d&#8217;\u00eatre une destination qui peut convenir \u00e0 tout type de voyageur.<\/p>\n\n\n\n<figure class=\"wp-block-image\"><img decoding=\"async\" src=\"https:\/\/lh6.googleusercontent.com\/pjd6gC1gbyvWvDtjSYKyD9sPU83bywgYPoTT7JNlUAekBc59CKeDkwtYRlqKV2zBPCO9j51s0N0k9-hRYJTDqAZ0ct0jaBVba6TSDk1OcANejr9ZmWiLdII4aCzZfao9lEui6kcUtiiaUuWu2-WY56o\" alt=\"\"\/><\/figure>\n\n\n\n<h2 class=\"wp-block-heading\" id=\"h-explorer-les-environs\"><strong>Explorer les environs<\/strong><\/h2>\n\n\n\n<p>Grindelwald est un point de d\u00e9part id\u00e9al pour explorer la r\u00e9gion de Berne et l&#8217;Oberland bernois. Des lieux tels que Lauterbrunnen, Interlaken et le majestueux lac de Thoune ne sont qu&#8217;\u00e0 un court trajet en train ou en voiture. Ne manquez pas de visiter ces lieux enchanteurs et de profiter au maximum de votre voyage.<\/p>\n\n\n\n<p>Si vous \u00eates pr\u00eat \u00e0 vivre un v\u00e9ritable conte de f\u00e9es, Grindelwald, le plus beau village de Suisse, est l&#8217;endroit id\u00e9al pour vous. Avec sa beaut\u00e9 naturelle, sa riche culture et son atmosph\u00e8re magique, cette destination alpine est une exp\u00e9rience que vous n&#8217;oublierez jamais.<\/p>\n\n\n\n<p>Chez Tour Travel &amp; More, nous sommes pr\u00eats \u00e0 vous aider \u00e0 planifier votre voyage \u00e0 Grindelwald et \u00e0 r\u00e9aliser votre r\u00eave de vivre un conte de f\u00e9es. Contactez-nous d\u00e8s aujourd&#8217;hui et commencez \u00e0 pr\u00e9parer votre prochaine aventure dans ce paradis alpin &#8211; nous nous r\u00e9jouissons de vous voir \u00e0 Grindelwald, l\u00e0 o\u00f9 les r\u00eaves deviennent r\u00e9alit\u00e9 !<\/p>\n","protected":false},"excerpt":{"rendered":"<p>Plongez dans la beaut\u00e9 naturelle et la culture suisse de Grindelwald, le plus beau village de Suisse, avec Tour Travel &#038; More. Un voyage f\u00e9erique vous attend<\/p>\n","protected":false},"author":2,"featured_media":170568,"comment_status":"open","ping_status":"open","sticky":false,"template":"","format":"standard","meta":{"_acf_changed":false,"footnotes":""},"categories":[3914,3994],"tags":[],"class_list":["post-170571","post","type-post","status-publish","format-standard","has-post-thumbnail","hentry","category-europe-fr","category-suisse"],"acf":[],"yoast_head":"<!-- This site is optimized with the Yoast SEO Premium plugin v25.3.1 (Yoast SEO v25.3.1) - https:\/\/yoast.com\/wordpress\/plugins\/seo\/ -->\n<title>Grindelwald, le plus beau village de Suisse : un voyage de conte de f\u00e9es - Tour Travel &amp; More<\/title>\n<meta name=\"description\" content=\"D\u00e9couvrez pourquoi Grindelwald est consid\u00e9r\u00e9 comme le plus beau village de Suisse. Plongez dans sa beaut\u00e9 naturelle, sa culture suisse et ses exp\u00e9riences magiques avec Tour Travel &amp; More.\" \/>\n<meta name=\"robots\" content=\"index, follow, max-snippet:-1, max-image-preview:large, max-video-preview:-1\" \/>\n<link rel=\"canonical\" href=\"https:\/\/tourtravelandmore.com\/fr\/grindelwald-le-plus-beau-village-de-suisse-un-voyage-feerique\/\" \/>\n<meta property=\"og:locale\" content=\"fr_FR\" \/>\n<meta property=\"og:type\" content=\"article\" \/>\n<meta property=\"og:title\" content=\"Grindelwald, le plus beau village de Suisse : un voyage f\u00e9erique\" \/>\n<meta property=\"og:description\" content=\"D\u00e9couvrez pourquoi Grindelwald est consid\u00e9r\u00e9 comme le plus beau village de Suisse. Plongez dans sa beaut\u00e9 naturelle, sa culture suisse et ses exp\u00e9riences magiques avec Tour Travel &amp; More.\" \/>\n<meta property=\"og:url\" content=\"https:\/\/tourtravelandmore.com\/fr\/grindelwald-le-plus-beau-village-de-suisse-un-voyage-feerique\/\" \/>\n<meta property=\"og:site_name\" content=\"Tour Travel And More\" \/>\n<meta property=\"article:publisher\" content=\"https:\/\/www.facebook.com\/tourtravelandmore\/\" \/>\n<meta property=\"article:published_time\" content=\"2023-10-06T08:18:56+00:00\" \/>\n<meta property=\"article:modified_time\" content=\"2025-05-16T13:36:47+00:00\" \/>\n<meta property=\"og:image\" content=\"https:\/\/tourtravelandmore.com\/wp-content\/uploads\/2023\/10\/image-2.jpeg\" \/>\n\t<meta property=\"og:image:width\" content=\"1600\" \/>\n\t<meta property=\"og:image:height\" content=\"901\" \/>\n\t<meta property=\"og:image:type\" content=\"image\/jpeg\" \/>\n<meta name=\"author\" content=\"Maya Nader Harati\" \/>\n<meta name=\"twitter:card\" content=\"summary_large_image\" \/>\n<meta name=\"twitter:creator\" content=\"@TourTravel_More\" \/>\n<meta name=\"twitter:site\" content=\"@TourTravel_More\" \/>\n<meta name=\"twitter:label1\" content=\"\u00c9crit par\" \/>\n\t<meta name=\"twitter:data1\" content=\"Maya Nader Harati\" \/>\n\t<meta name=\"twitter:label2\" content=\"Dur\u00e9e de lecture estim\u00e9e\" \/>\n\t<meta name=\"twitter:data2\" content=\"4 minutes\" \/>\n<script type=\"application\/ld+json\" class=\"yoast-schema-graph\">{\"@context\":\"https:\/\/schema.org\",\"@graph\":[{\"@type\":\"Article\",\"@id\":\"https:\/\/tourtravelandmore.com\/fr\/grindelwald-le-plus-beau-village-de-suisse-un-voyage-feerique\/#article\",\"isPartOf\":{\"@id\":\"https:\/\/tourtravelandmore.com\/fr\/grindelwald-le-plus-beau-village-de-suisse-un-voyage-feerique\/\"},\"author\":{\"name\":\"Maya Nader Harati\",\"@id\":\"https:\/\/tourtravelandmore.com\/fr\/#\/schema\/person\/2a1c66d76ae9290a394e8efb4af12e1e\"},\"headline\":\"Grindelwald, le plus beau village de Suisse : un voyage f\u00e9erique\",\"datePublished\":\"2023-10-06T08:18:56+00:00\",\"dateModified\":\"2025-05-16T13:36:47+00:00\",\"mainEntityOfPage\":{\"@id\":\"https:\/\/tourtravelandmore.com\/fr\/grindelwald-le-plus-beau-village-de-suisse-un-voyage-feerique\/\"},\"wordCount\":739,\"commentCount\":0,\"publisher\":{\"@id\":\"https:\/\/tourtravelandmore.com\/fr\/#organization\"},\"image\":{\"@id\":\"https:\/\/tourtravelandmore.com\/fr\/grindelwald-le-plus-beau-village-de-suisse-un-voyage-feerique\/#primaryimage\"},\"thumbnailUrl\":\"https:\/\/tourtravelandmore.com\/wp-content\/uploads\/2023\/10\/image-2.jpeg\",\"articleSection\":[\"Europe\",\"Suisse\"],\"inLanguage\":\"fr-FR\",\"potentialAction\":[{\"@type\":\"CommentAction\",\"name\":\"Comment\",\"target\":[\"https:\/\/tourtravelandmore.com\/fr\/grindelwald-le-plus-beau-village-de-suisse-un-voyage-feerique\/#respond\"]}]},{\"@type\":\"WebPage\",\"@id\":\"https:\/\/tourtravelandmore.com\/fr\/grindelwald-le-plus-beau-village-de-suisse-un-voyage-feerique\/\",\"url\":\"https:\/\/tourtravelandmore.com\/fr\/grindelwald-le-plus-beau-village-de-suisse-un-voyage-feerique\/\",\"name\":\"Grindelwald, le plus beau village de Suisse : un voyage de conte de f\u00e9es - Tour Travel & More\",\"isPartOf\":{\"@id\":\"https:\/\/tourtravelandmore.com\/fr\/#website\"},\"primaryImageOfPage\":{\"@id\":\"https:\/\/tourtravelandmore.com\/fr\/grindelwald-le-plus-beau-village-de-suisse-un-voyage-feerique\/#primaryimage\"},\"image\":{\"@id\":\"https:\/\/tourtravelandmore.com\/fr\/grindelwald-le-plus-beau-village-de-suisse-un-voyage-feerique\/#primaryimage\"},\"thumbnailUrl\":\"https:\/\/tourtravelandmore.com\/wp-content\/uploads\/2023\/10\/image-2.jpeg\",\"datePublished\":\"2023-10-06T08:18:56+00:00\",\"dateModified\":\"2025-05-16T13:36:47+00:00\",\"description\":\"D\u00e9couvrez pourquoi Grindelwald est consid\u00e9r\u00e9 comme le plus beau village de Suisse. Plongez dans sa beaut\u00e9 naturelle, sa culture suisse et ses exp\u00e9riences magiques avec Tour Travel & More.\",\"breadcrumb\":{\"@id\":\"https:\/\/tourtravelandmore.com\/fr\/grindelwald-le-plus-beau-village-de-suisse-un-voyage-feerique\/#breadcrumb\"},\"inLanguage\":\"fr-FR\",\"potentialAction\":[{\"@type\":\"ReadAction\",\"target\":[\"https:\/\/tourtravelandmore.com\/fr\/grindelwald-le-plus-beau-village-de-suisse-un-voyage-feerique\/\"]}]},{\"@type\":\"ImageObject\",\"inLanguage\":\"fr-FR\",\"@id\":\"https:\/\/tourtravelandmore.com\/fr\/grindelwald-le-plus-beau-village-de-suisse-un-voyage-feerique\/#primaryimage\",\"url\":\"https:\/\/tourtravelandmore.com\/wp-content\/uploads\/2023\/10\/image-2.jpeg\",\"contentUrl\":\"https:\/\/tourtravelandmore.com\/wp-content\/uploads\/2023\/10\/image-2.jpeg\",\"width\":1600,\"height\":901},{\"@type\":\"BreadcrumbList\",\"@id\":\"https:\/\/tourtravelandmore.com\/fr\/grindelwald-le-plus-beau-village-de-suisse-un-voyage-feerique\/#breadcrumb\",\"itemListElement\":[{\"@type\":\"ListItem\",\"position\":1,\"name\":\"Home\",\"item\":\"https:\/\/tourtravelandmore.com\/fr\/\"},{\"@type\":\"ListItem\",\"position\":2,\"name\":\"Grindelwald, le plus beau village de Suisse : un voyage f\u00e9erique\"}]},{\"@type\":\"WebSite\",\"@id\":\"https:\/\/tourtravelandmore.com\/fr\/#website\",\"url\":\"https:\/\/tourtravelandmore.com\/fr\/\",\"name\":\"Tour Travel And More\",\"description\":\"Private sightseeing tours and luxury transfers in Spain\",\"publisher\":{\"@id\":\"https:\/\/tourtravelandmore.com\/fr\/#organization\"},\"potentialAction\":[{\"@type\":\"SearchAction\",\"target\":{\"@type\":\"EntryPoint\",\"urlTemplate\":\"https:\/\/tourtravelandmore.com\/fr\/?s={search_term_string}\"},\"query-input\":{\"@type\":\"PropertyValueSpecification\",\"valueRequired\":true,\"valueName\":\"search_term_string\"}}],\"inLanguage\":\"fr-FR\"},{\"@type\":\"Organization\",\"@id\":\"https:\/\/tourtravelandmore.com\/fr\/#organization\",\"name\":\"Tour Travel And More\",\"url\":\"https:\/\/tourtravelandmore.com\/fr\/\",\"logo\":{\"@type\":\"ImageObject\",\"inLanguage\":\"fr-FR\",\"@id\":\"https:\/\/tourtravelandmore.com\/fr\/#\/schema\/logo\/image\/\",\"url\":\"https:\/\/tourtravelandmore.com\/wp-content\/uploads\/2022\/12\/cropped-logo-cabecera-new.png\",\"contentUrl\":\"https:\/\/tourtravelandmore.com\/wp-content\/uploads\/2022\/12\/cropped-logo-cabecera-new.png\",\"width\":430,\"height\":61,\"caption\":\"Tour Travel And More\"},\"image\":{\"@id\":\"https:\/\/tourtravelandmore.com\/fr\/#\/schema\/logo\/image\/\"},\"sameAs\":[\"https:\/\/www.facebook.com\/tourtravelandmore\/\",\"https:\/\/x.com\/TourTravel_More\"]},{\"@type\":\"Person\",\"@id\":\"https:\/\/tourtravelandmore.com\/fr\/#\/schema\/person\/2a1c66d76ae9290a394e8efb4af12e1e\",\"name\":\"Maya Nader Harati\",\"image\":{\"@type\":\"ImageObject\",\"inLanguage\":\"fr-FR\",\"@id\":\"https:\/\/tourtravelandmore.com\/fr\/#\/schema\/person\/image\/\",\"url\":\"https:\/\/secure.gravatar.com\/avatar\/adc2305883b6f86a616354c0c4516fcd9a333d5f5a0806d9d1ae9b30f898fa1f?s=96&d=mm&r=g\",\"contentUrl\":\"https:\/\/secure.gravatar.com\/avatar\/adc2305883b6f86a616354c0c4516fcd9a333d5f5a0806d9d1ae9b30f898fa1f?s=96&d=mm&r=g\",\"caption\":\"Maya Nader Harati\"},\"description\":\"Cultural Destination Specialist & Travel Chronicler. Maya doesn\u2019t just travel the world; she translates it.\",\"sameAs\":[\"https:\/\/tourtravelandmore.com\/author-profile-maya-nader-harati\/\"]}]}<\/script>\n<!-- \/ Yoast SEO Premium plugin. -->","yoast_head_json":{"title":"Grindelwald, le plus beau village de Suisse : un voyage de conte de f\u00e9es - Tour Travel & More","description":"D\u00e9couvrez pourquoi Grindelwald est consid\u00e9r\u00e9 comme le plus beau village de Suisse. Plongez dans sa beaut\u00e9 naturelle, sa culture suisse et ses exp\u00e9riences magiques avec Tour Travel & More.","robots":{"index":"index","follow":"follow","max-snippet":"max-snippet:-1","max-image-preview":"max-image-preview:large","max-video-preview":"max-video-preview:-1"},"canonical":"https:\/\/tourtravelandmore.com\/fr\/grindelwald-le-plus-beau-village-de-suisse-un-voyage-feerique\/","og_locale":"fr_FR","og_type":"article","og_title":"Grindelwald, le plus beau village de Suisse : un voyage f\u00e9erique","og_description":"D\u00e9couvrez pourquoi Grindelwald est consid\u00e9r\u00e9 comme le plus beau village de Suisse. Plongez dans sa beaut\u00e9 naturelle, sa culture suisse et ses exp\u00e9riences magiques avec Tour Travel & More.","og_url":"https:\/\/tourtravelandmore.com\/fr\/grindelwald-le-plus-beau-village-de-suisse-un-voyage-feerique\/","og_site_name":"Tour Travel And More","article_publisher":"https:\/\/www.facebook.com\/tourtravelandmore\/","article_published_time":"2023-10-06T08:18:56+00:00","article_modified_time":"2025-05-16T13:36:47+00:00","og_image":[{"width":1600,"height":901,"url":"https:\/\/tourtravelandmore.com\/wp-content\/uploads\/2023\/10\/image-2.jpeg","type":"image\/jpeg"}],"author":"Maya Nader Harati","twitter_card":"summary_large_image","twitter_creator":"@TourTravel_More","twitter_site":"@TourTravel_More","twitter_misc":{"\u00c9crit par":"Maya Nader Harati","Dur\u00e9e de lecture estim\u00e9e":"4 minutes"},"schema":{"@context":"https:\/\/schema.org","@graph":[{"@type":"Article","@id":"https:\/\/tourtravelandmore.com\/fr\/grindelwald-le-plus-beau-village-de-suisse-un-voyage-feerique\/#article","isPartOf":{"@id":"https:\/\/tourtravelandmore.com\/fr\/grindelwald-le-plus-beau-village-de-suisse-un-voyage-feerique\/"},"author":{"name":"Maya Nader Harati","@id":"https:\/\/tourtravelandmore.com\/fr\/#\/schema\/person\/2a1c66d76ae9290a394e8efb4af12e1e"},"headline":"Grindelwald, le plus beau village de Suisse : un voyage f\u00e9erique","datePublished":"2023-10-06T08:18:56+00:00","dateModified":"2025-05-16T13:36:47+00:00","mainEntityOfPage":{"@id":"https:\/\/tourtravelandmore.com\/fr\/grindelwald-le-plus-beau-village-de-suisse-un-voyage-feerique\/"},"wordCount":739,"commentCount":0,"publisher":{"@id":"https:\/\/tourtravelandmore.com\/fr\/#organization"},"image":{"@id":"https:\/\/tourtravelandmore.com\/fr\/grindelwald-le-plus-beau-village-de-suisse-un-voyage-feerique\/#primaryimage"},"thumbnailUrl":"https:\/\/tourtravelandmore.com\/wp-content\/uploads\/2023\/10\/image-2.jpeg","articleSection":["Europe","Suisse"],"inLanguage":"fr-FR","potentialAction":[{"@type":"CommentAction","name":"Comment","target":["https:\/\/tourtravelandmore.com\/fr\/grindelwald-le-plus-beau-village-de-suisse-un-voyage-feerique\/#respond"]}]},{"@type":"WebPage","@id":"https:\/\/tourtravelandmore.com\/fr\/grindelwald-le-plus-beau-village-de-suisse-un-voyage-feerique\/","url":"https:\/\/tourtravelandmore.com\/fr\/grindelwald-le-plus-beau-village-de-suisse-un-voyage-feerique\/","name":"Grindelwald, le plus beau village de Suisse : un voyage de conte de f\u00e9es - Tour Travel & More","isPartOf":{"@id":"https:\/\/tourtravelandmore.com\/fr\/#website"},"primaryImageOfPage":{"@id":"https:\/\/tourtravelandmore.com\/fr\/grindelwald-le-plus-beau-village-de-suisse-un-voyage-feerique\/#primaryimage"},"image":{"@id":"https:\/\/tourtravelandmore.com\/fr\/grindelwald-le-plus-beau-village-de-suisse-un-voyage-feerique\/#primaryimage"},"thumbnailUrl":"https:\/\/tourtravelandmore.com\/wp-content\/uploads\/2023\/10\/image-2.jpeg","datePublished":"2023-10-06T08:18:56+00:00","dateModified":"2025-05-16T13:36:47+00:00","description":"D\u00e9couvrez pourquoi Grindelwald est consid\u00e9r\u00e9 comme le plus beau village de Suisse. Plongez dans sa beaut\u00e9 naturelle, sa culture suisse et ses exp\u00e9riences magiques avec Tour Travel & More.","breadcrumb":{"@id":"https:\/\/tourtravelandmore.com\/fr\/grindelwald-le-plus-beau-village-de-suisse-un-voyage-feerique\/#breadcrumb"},"inLanguage":"fr-FR","potentialAction":[{"@type":"ReadAction","target":["https:\/\/tourtravelandmore.com\/fr\/grindelwald-le-plus-beau-village-de-suisse-un-voyage-feerique\/"]}]},{"@type":"ImageObject","inLanguage":"fr-FR","@id":"https:\/\/tourtravelandmore.com\/fr\/grindelwald-le-plus-beau-village-de-suisse-un-voyage-feerique\/#primaryimage","url":"https:\/\/tourtravelandmore.com\/wp-content\/uploads\/2023\/10\/image-2.jpeg","contentUrl":"https:\/\/tourtravelandmore.com\/wp-content\/uploads\/2023\/10\/image-2.jpeg","width":1600,"height":901},{"@type":"BreadcrumbList","@id":"https:\/\/tourtravelandmore.com\/fr\/grindelwald-le-plus-beau-village-de-suisse-un-voyage-feerique\/#breadcrumb","itemListElement":[{"@type":"ListItem","position":1,"name":"Home","item":"https:\/\/tourtravelandmore.com\/fr\/"},{"@type":"ListItem","position":2,"name":"Grindelwald, le plus beau village de Suisse : un voyage f\u00e9erique"}]},{"@type":"WebSite","@id":"https:\/\/tourtravelandmore.com\/fr\/#website","url":"https:\/\/tourtravelandmore.com\/fr\/","name":"Tour Travel And More","description":"Private sightseeing tours and luxury transfers in Spain","publisher":{"@id":"https:\/\/tourtravelandmore.com\/fr\/#organization"},"potentialAction":[{"@type":"SearchAction","target":{"@type":"EntryPoint","urlTemplate":"https:\/\/tourtravelandmore.com\/fr\/?s={search_term_string}"},"query-input":{"@type":"PropertyValueSpecification","valueRequired":true,"valueName":"search_term_string"}}],"inLanguage":"fr-FR"},{"@type":"Organization","@id":"https:\/\/tourtravelandmore.com\/fr\/#organization","name":"Tour Travel And More","url":"https:\/\/tourtravelandmore.com\/fr\/","logo":{"@type":"ImageObject","inLanguage":"fr-FR","@id":"https:\/\/tourtravelandmore.com\/fr\/#\/schema\/logo\/image\/","url":"https:\/\/tourtravelandmore.com\/wp-content\/uploads\/2022\/12\/cropped-logo-cabecera-new.png","contentUrl":"https:\/\/tourtravelandmore.com\/wp-content\/uploads\/2022\/12\/cropped-logo-cabecera-new.png","width":430,"height":61,"caption":"Tour Travel And More"},"image":{"@id":"https:\/\/tourtravelandmore.com\/fr\/#\/schema\/logo\/image\/"},"sameAs":["https:\/\/www.facebook.com\/tourtravelandmore\/","https:\/\/x.com\/TourTravel_More"]},{"@type":"Person","@id":"https:\/\/tourtravelandmore.com\/fr\/#\/schema\/person\/2a1c66d76ae9290a394e8efb4af12e1e","name":"Maya Nader Harati","image":{"@type":"ImageObject","inLanguage":"fr-FR","@id":"https:\/\/tourtravelandmore.com\/fr\/#\/schema\/person\/image\/","url":"https:\/\/secure.gravatar.com\/avatar\/adc2305883b6f86a616354c0c4516fcd9a333d5f5a0806d9d1ae9b30f898fa1f?s=96&d=mm&r=g","contentUrl":"https:\/\/secure.gravatar.com\/avatar\/adc2305883b6f86a616354c0c4516fcd9a333d5f5a0806d9d1ae9b30f898fa1f?s=96&d=mm&r=g","caption":"Maya Nader Harati"},"description":"Cultural Destination Specialist & Travel Chronicler. Maya doesn\u2019t just travel the world; she translates it.","sameAs":["https:\/\/tourtravelandmore.com\/author-profile-maya-nader-harati\/"]}]}},"_links":{"self":[{"href":"https:\/\/tourtravelandmore.com\/fr\/wp-json\/wp\/v2\/posts\/170571","targetHints":{"allow":["GET"]}}],"collection":[{"href":"https:\/\/tourtravelandmore.com\/fr\/wp-json\/wp\/v2\/posts"}],"about":[{"href":"https:\/\/tourtravelandmore.com\/fr\/wp-json\/wp\/v2\/types\/post"}],"author":[{"embeddable":true,"href":"https:\/\/tourtravelandmore.com\/fr\/wp-json\/wp\/v2\/users\/2"}],"replies":[{"embeddable":true,"href":"https:\/\/tourtravelandmore.com\/fr\/wp-json\/wp\/v2\/comments?post=170571"}],"version-history":[{"count":1,"href":"https:\/\/tourtravelandmore.com\/fr\/wp-json\/wp\/v2\/posts\/170571\/revisions"}],"predecessor-version":[{"id":183336,"href":"https:\/\/tourtravelandmore.com\/fr\/wp-json\/wp\/v2\/posts\/170571\/revisions\/183336"}],"wp:featuredmedia":[{"embeddable":true,"href":"https:\/\/tourtravelandmore.com\/fr\/wp-json\/wp\/v2\/media\/170568"}],"wp:attachment":[{"href":"https:\/\/tourtravelandmore.com\/fr\/wp-json\/wp\/v2\/media?parent=170571"}],"wp:term":[{"taxonomy":"category","embeddable":true,"href":"https:\/\/tourtravelandmore.com\/fr\/wp-json\/wp\/v2\/categories?post=170571"},{"taxonomy":"post_tag","embeddable":true,"href":"https:\/\/tourtravelandmore.com\/fr\/wp-json\/wp\/v2\/tags?post=170571"}],"curies":[{"name":"wp","href":"https:\/\/api.w.org\/{rel}","templated":true}]}}