{"id":170147,"date":"2023-09-22T09:32:51","date_gmt":"2023-09-22T07:32:51","guid":{"rendered":"https:\/\/tourtravelandmore.com\/?p=170147"},"modified":"2025-05-16T15:37:05","modified_gmt":"2025-05-16T13:37:05","slug":"la-ville-medievale-ou-sevader-pour-lamour-de-lart","status":"publish","type":"post","link":"https:\/\/tourtravelandmore.com\/fr\/la-ville-medievale-ou-sevader-pour-lamour-de-lart\/","title":{"rendered":"La ville m\u00e9di\u00e9vale o\u00f9 s&#8217;\u00e9vader pour l&#8217;amour de l&#8217;art"},"content":{"rendered":"\n<div class=\"wp-block-yoast-seo-table-of-contents yoast-table-of-contents\"><h2>Table of contents<\/h2><ul><li><a href=\"#h-un-aper-u-de-l-histoire\" data-level=\"2\">Un aper\u00e7u de l&#8217;histoire<\/a><\/li><li><a href=\"#h-une-visite-artistique\" data-level=\"2\">Une visite artistique<\/a><\/li><li><a href=\"#h-gastronomie-de-la-r-gion\" data-level=\"2\">Gastronomie de la r\u00e9gion<\/a><\/li><li><a href=\"#h-v-nements-culturels\" data-level=\"2\">\u00c9v\u00e9nements culturels<\/a><\/li><li><a href=\"#h-planifier-votre-visite\" data-level=\"2\">Planifier votre visite<\/a><\/li><\/ul><\/div>\n\n\n\n<p>Bienvenue aux amateurs de beaut\u00e9 historique et de charme m\u00e9di\u00e9val. Aujourd&#8217;hui, nous embarquons pour un voyage dans le temps \u00e0 la d\u00e9couverte d&#8217;une destination qui semble tout droit sortie des pages d&#8217;un conte de f\u00e9es : Santar\u00e9m, au Portugal. Dans cette ville, l&#8217;histoire et l&#8217;art sont si intimement li\u00e9s que vous aurez le coup de foudre. Pr\u00e9parez-vous donc \u00e0 explorer les rues pav\u00e9es de ce joyau m\u00e9di\u00e9val lors de notre voyage avec Tour Travel &amp; More. <a href=\"https:\/\/tourtravelandmore.com\/fr\/\">D\u00e9couvrez nos visites priv\u00e9es ici !&nbsp;<\/a><\/p>\n\n\n\n<h2 class=\"wp-block-heading\" id=\"h-un-aper-u-de-l-histoire\"><strong>Un aper\u00e7u de l&#8217;histoire<\/strong><\/h2>\n\n\n\n<p>Santar\u00e9m, situ\u00e9e sur les rives du majestueux Tage, est une ville qui a l&#8217;histoire dans la peau. Fond\u00e9e par les Romains, cette perle portugaise est devenue une enclave importante au Moyen \u00c2ge, une \u00e9poque o\u00f9 chevaliers errants et demoiselles en d\u00e9tresse arpentaient ses rues pav\u00e9es.<\/p>\n\n\n\n<p>L&#8217;un des points forts de Santar\u00e9m est son centre historique bien pr\u00e9serv\u00e9, qui vous fera remonter le temps. Ses remparts m\u00e9di\u00e9vaux, ses \u00e9glises gothiques et ses places pav\u00e9es vous donneront l&#8217;impression de remonter le temps.<\/p>\n\n\n\n<figure class=\"wp-block-image\"><img decoding=\"async\" src=\"https:\/\/lh5.googleusercontent.com\/n2Ljdw6t5T-gO9_kZ6RawsvVrxa29SkFtk5KbKFvYHeIzJMUXwM9rWlYzQeMA82_YjyQyTkPtiLnAdgZNUuUxLV0CGs_NNkfgAXfMBO5NkJCLptPsbojRGfKzFbpe82xQ80IbQR8gb8jecB7DoHibDg\" alt=\"\"\/><\/figure>\n\n\n\n<h2 class=\"wp-block-heading\" id=\"h-une-visite-artistique\"><strong>Une visite artistique<\/strong><\/h2>\n\n\n\n<p>Santar\u00e9m est bien plus qu&#8217;une ville historique, c&#8217;est une oasis d&#8217;art sous toutes ses formes. De l&#8217;architecture gothique aux sculptures de la Renaissance, la ville respire la cr\u00e9ativit\u00e9.<\/p>\n\n\n\n<p><strong>Clare&#8217;s Church : <\/strong>nous commen\u00e7ons notre voyage par cette impressionnante \u00e9glise gothique datant du XIIIe si\u00e8cle. Son int\u00e9rieur est orn\u00e9 de d\u00e9tails complexes qui vous couperont le souffle. La chapelle principale, avec son impressionnant autel sculpt\u00e9 en bois dor\u00e9, t\u00e9moigne du g\u00e9nie artistique de l&#8217;\u00e9poque.<\/p>\n\n\n\n<p><strong>Couvent de San Francisco :<\/strong> ce monast\u00e8re du XIIIe si\u00e8cle est un parfait exemple de l&#8217;architecture gothique portugaise. Explorez ses couloirs et d\u00e9couvrez les fresques et les carreaux qui racontent l&#8217;histoire de la ville et son lien avec les d\u00e9couvertes maritimes du Portugal.<\/p>\n\n\n\n<p><strong>Belv\u00e9d\u00e8re de Portas do Sol : <\/strong>Ne manquez pas les vues panoramiques \u00e0 couper le souffle sur la ville et le Tage depuis ce belv\u00e9d\u00e8re. C&#8217;est l&#8217;endroit id\u00e9al pour contempler la beaut\u00e9 de Santar\u00e9m et se laisser inspirer.<\/p>\n\n\n\n<h2 class=\"wp-block-heading\" id=\"h-gastronomie-de-la-r-gion\"><strong>Gastronomie de la r\u00e9gion<\/strong><\/h2>\n\n\n\n<p>L&#8217;art de Santar\u00e9m se retrouve \u00e9galement dans sa cuisine. La r\u00e9gion est connue pour sa d\u00e9licieuse cuisine portugaise traditionnelle. Ne manquez pas de go\u00fbter \u00e0 la sopa da pedra, un rago\u00fbt de viande et de haricots dont l&#8217;origine remonterait \u00e0 un moine mendiant qui aurait fait cuire une pierre pour attirer la g\u00e9n\u00e9rosit\u00e9 des habitants. Go\u00fbtez \u00e9galement au fromage frais de la r\u00e9gion, l&#8217;Azeit\u00e3o, et, bien s\u00fbr, aux c\u00e9l\u00e8bres pastel de nata (g\u00e2teaux \u00e0 la cr\u00e8me).<\/p>\n\n\n\n<figure class=\"wp-block-image\"><img decoding=\"async\" src=\"https:\/\/lh3.googleusercontent.com\/4C1RMaPPnlSPGIjAJ-7ZSVaWXJeEUNqLCngU93sR_oR7OsGnToXWafqpBiKoUZRCijOOO0U5bZ5Ae8xRmbVwPSBLkUdRNFllcSiNZcJ6CKQHJXpvi-6Z0SR9u_PuLmiPrkEEKUW9nuZEYLh4d4KAuQk\" alt=\"\"\/><\/figure>\n\n\n\n<h2 class=\"wp-block-heading\" id=\"h-v-nements-culturels\"><strong>\u00c9v\u00e9nements culturels<\/strong><\/h2>\n\n\n\n<p>Si vous avez la chance de visiter Santar\u00e9m pendant l&#8217;un de ses \u00e9v\u00e9nements culturels, vous d\u00e9couvrirez l&#8217;art et la tradition sous leur meilleur jour. La Semaine sainte est particuli\u00e8rement spectaculaire, avec des processions et des spectacles religieux qui vous plongeront dans la d\u00e9votion et l&#8217;art de la ville.<\/p>\n\n\n\n<h2 class=\"wp-block-heading\" id=\"h-planifier-votre-visite\"><strong>Planifier votre visite<\/strong><\/h2>\n\n\n\n<p>Pour profiter pleinement de la magie de Santar\u00e9m, nous vous recommandons de planifier votre visite au printemps ou \u00e0 l&#8217;automne, lorsque le temps est agr\u00e9able et que les foules sont moins nombreuses. La ville est facilement accessible depuis Lisbonne, \u00e0 seulement 65 kilom\u00e8tres au nord, ce qui en fait une excursion parfaite depuis la capitale portugaise.<\/p>\n\n\n\n<p>En s\u00e9journant au c\u0153ur de la vieille ville, vous pourrez vous immerger dans l&#8217;atmosph\u00e8re unique de la ville. Les charmants h\u00f4tels de charme et les maisons d&#8217;h\u00f4tes offrent une exp\u00e9rience authentique que vous n&#8217;\u00eates pas pr\u00e8s d&#8217;oublier.<\/p>\n\n\n\n<p>Santar\u00e9m, au Portugal, est une destination qui vous fera v\u00e9ritablement tomber amoureux de l&#8217;art et de l&#8217;histoire. Ses rues m\u00e9di\u00e9vales vous invitent \u00e0 vous perdre dans le pass\u00e9, tandis que ses \u0153uvres d&#8217;art vous incitent \u00e0 explorer la cr\u00e9ativit\u00e9 sous toutes ses formes. Avec sa d\u00e9licieuse gastronomie et ses \u00e9v\u00e9nements culturels passionnants, ce lieu captivant devrait figurer sur la liste de tous les amateurs de voyages culturels.<\/p>\n\n\n\n<p>Alors, \u00eates-vous pr\u00eat \u00e0 perdre votre c\u0153ur \u00e0 Santar\u00e9m ? Tour Travel &amp; More est pr\u00eat \u00e0 vous aider \u00e0 planifier l&#8217;aventure de votre vie dans cette ville m\u00e9di\u00e9vale pleine d&#8217;art et de charme. N&#8217;h\u00e9sitez pas \u00e0 nous contacter pour commencer \u00e0 planifier votre prochain voyage dans ce joyau portugais &#8211; \u00e0 bient\u00f4t, voyageurs passionn\u00e9s d&#8217;art et de culture !<\/p>\n","protected":false},"excerpt":{"rendered":"<p>Explorez Santar\u00e9m, au Portugal, avec Tour Travel &#038; More : art, histoire et gastronomie dans une ville m\u00e9di\u00e9vale qui vole les c\u0153urs.<\/p>\n","protected":false},"author":2,"featured_media":170144,"comment_status":"open","ping_status":"open","sticky":false,"template":"","format":"standard","meta":{"_acf_changed":false,"footnotes":""},"categories":[3914,3986],"tags":[],"class_list":["post-170147","post","type-post","status-publish","format-standard","has-post-thumbnail","hentry","category-europe-fr","category-le-portugal"],"acf":[],"yoast_head":"<!-- This site is optimized with the Yoast SEO Premium plugin v25.3.1 (Yoast SEO v25.3.1) - https:\/\/yoast.com\/wordpress\/plugins\/seo\/ -->\n<title>Santar\u00e9m (Portugal) : D\u00e9couvrez la ville m\u00e9di\u00e9vale o\u00f9 l&#039;art devient amour.<\/title>\n<meta name=\"description\" content=\"Plongez dans la beaut\u00e9 historique de Santar\u00e9m, au Portugal, avec Tour Travel &amp; More. Explorez ses rues m\u00e9di\u00e9vales, ses \u0153uvres d&#039;art et sa gastronomie unique et tombez amoureux de ce joyau portugais.\" \/>\n<meta name=\"robots\" content=\"index, follow, max-snippet:-1, max-image-preview:large, max-video-preview:-1\" \/>\n<link rel=\"canonical\" href=\"https:\/\/tourtravelandmore.com\/fr\/la-ville-medievale-ou-sevader-pour-lamour-de-lart\/\" \/>\n<meta property=\"og:locale\" content=\"fr_FR\" \/>\n<meta property=\"og:type\" content=\"article\" \/>\n<meta property=\"og:title\" content=\"La ville m\u00e9di\u00e9vale o\u00f9 s&#039;\u00e9vader pour l&#039;amour de l&#039;art\" \/>\n<meta property=\"og:description\" content=\"Plongez dans la beaut\u00e9 historique de Santar\u00e9m, au Portugal, avec Tour Travel &amp; More. Explorez ses rues m\u00e9di\u00e9vales, ses \u0153uvres d&#039;art et sa gastronomie unique et tombez amoureux de ce joyau portugais.\" \/>\n<meta property=\"og:url\" content=\"https:\/\/tourtravelandmore.com\/fr\/la-ville-medievale-ou-sevader-pour-lamour-de-lart\/\" \/>\n<meta property=\"og:site_name\" content=\"Tour Travel And More\" \/>\n<meta property=\"article:publisher\" content=\"https:\/\/www.facebook.com\/tourtravelandmore\/\" \/>\n<meta property=\"article:published_time\" content=\"2023-09-22T07:32:51+00:00\" \/>\n<meta property=\"article:modified_time\" content=\"2025-05-16T13:37:05+00:00\" \/>\n<meta property=\"og:image\" content=\"https:\/\/tourtravelandmore.com\/wp-content\/uploads\/2023\/09\/image-11.jpeg\" \/>\n\t<meta property=\"og:image:width\" content=\"1600\" \/>\n\t<meta property=\"og:image:height\" content=\"898\" \/>\n\t<meta property=\"og:image:type\" content=\"image\/jpeg\" \/>\n<meta name=\"author\" content=\"Maya Nader Harati\" \/>\n<meta name=\"twitter:card\" content=\"summary_large_image\" \/>\n<meta name=\"twitter:creator\" content=\"@TourTravel_More\" \/>\n<meta name=\"twitter:site\" content=\"@TourTravel_More\" \/>\n<meta name=\"twitter:label1\" content=\"\u00c9crit par\" \/>\n\t<meta name=\"twitter:data1\" content=\"Maya Nader Harati\" \/>\n\t<meta name=\"twitter:label2\" content=\"Dur\u00e9e de lecture estim\u00e9e\" \/>\n\t<meta name=\"twitter:data2\" content=\"4 minutes\" \/>\n<script type=\"application\/ld+json\" class=\"yoast-schema-graph\">{\"@context\":\"https:\/\/schema.org\",\"@graph\":[{\"@type\":\"Article\",\"@id\":\"https:\/\/tourtravelandmore.com\/fr\/la-ville-medievale-ou-sevader-pour-lamour-de-lart\/#article\",\"isPartOf\":{\"@id\":\"https:\/\/tourtravelandmore.com\/fr\/la-ville-medievale-ou-sevader-pour-lamour-de-lart\/\"},\"author\":{\"name\":\"Maya Nader Harati\",\"@id\":\"https:\/\/tourtravelandmore.com\/fr\/#\/schema\/person\/2a1c66d76ae9290a394e8efb4af12e1e\"},\"headline\":\"La ville m\u00e9di\u00e9vale o\u00f9 s&#8217;\u00e9vader pour l&#8217;amour de l&#8217;art\",\"datePublished\":\"2023-09-22T07:32:51+00:00\",\"dateModified\":\"2025-05-16T13:37:05+00:00\",\"mainEntityOfPage\":{\"@id\":\"https:\/\/tourtravelandmore.com\/fr\/la-ville-medievale-ou-sevader-pour-lamour-de-lart\/\"},\"wordCount\":815,\"commentCount\":0,\"publisher\":{\"@id\":\"https:\/\/tourtravelandmore.com\/fr\/#organization\"},\"image\":{\"@id\":\"https:\/\/tourtravelandmore.com\/fr\/la-ville-medievale-ou-sevader-pour-lamour-de-lart\/#primaryimage\"},\"thumbnailUrl\":\"https:\/\/tourtravelandmore.com\/wp-content\/uploads\/2023\/09\/image-11.jpeg\",\"articleSection\":[\"Europe\",\"le Portugal\"],\"inLanguage\":\"fr-FR\",\"potentialAction\":[{\"@type\":\"CommentAction\",\"name\":\"Comment\",\"target\":[\"https:\/\/tourtravelandmore.com\/fr\/la-ville-medievale-ou-sevader-pour-lamour-de-lart\/#respond\"]}],\"accessibilityFeature\":[\"tableOfContents\"]},{\"@type\":\"WebPage\",\"@id\":\"https:\/\/tourtravelandmore.com\/fr\/la-ville-medievale-ou-sevader-pour-lamour-de-lart\/\",\"url\":\"https:\/\/tourtravelandmore.com\/fr\/la-ville-medievale-ou-sevader-pour-lamour-de-lart\/\",\"name\":\"Santar\u00e9m (Portugal) : D\u00e9couvrez la ville m\u00e9di\u00e9vale o\u00f9 l'art devient amour.\",\"isPartOf\":{\"@id\":\"https:\/\/tourtravelandmore.com\/fr\/#website\"},\"primaryImageOfPage\":{\"@id\":\"https:\/\/tourtravelandmore.com\/fr\/la-ville-medievale-ou-sevader-pour-lamour-de-lart\/#primaryimage\"},\"image\":{\"@id\":\"https:\/\/tourtravelandmore.com\/fr\/la-ville-medievale-ou-sevader-pour-lamour-de-lart\/#primaryimage\"},\"thumbnailUrl\":\"https:\/\/tourtravelandmore.com\/wp-content\/uploads\/2023\/09\/image-11.jpeg\",\"datePublished\":\"2023-09-22T07:32:51+00:00\",\"dateModified\":\"2025-05-16T13:37:05+00:00\",\"description\":\"Plongez dans la beaut\u00e9 historique de Santar\u00e9m, au Portugal, avec Tour Travel & More. Explorez ses rues m\u00e9di\u00e9vales, ses \u0153uvres d'art et sa gastronomie unique et tombez amoureux de ce joyau portugais.\",\"breadcrumb\":{\"@id\":\"https:\/\/tourtravelandmore.com\/fr\/la-ville-medievale-ou-sevader-pour-lamour-de-lart\/#breadcrumb\"},\"inLanguage\":\"fr-FR\",\"potentialAction\":[{\"@type\":\"ReadAction\",\"target\":[\"https:\/\/tourtravelandmore.com\/fr\/la-ville-medievale-ou-sevader-pour-lamour-de-lart\/\"]}]},{\"@type\":\"ImageObject\",\"inLanguage\":\"fr-FR\",\"@id\":\"https:\/\/tourtravelandmore.com\/fr\/la-ville-medievale-ou-sevader-pour-lamour-de-lart\/#primaryimage\",\"url\":\"https:\/\/tourtravelandmore.com\/wp-content\/uploads\/2023\/09\/image-11.jpeg\",\"contentUrl\":\"https:\/\/tourtravelandmore.com\/wp-content\/uploads\/2023\/09\/image-11.jpeg\",\"width\":1600,\"height\":898},{\"@type\":\"BreadcrumbList\",\"@id\":\"https:\/\/tourtravelandmore.com\/fr\/la-ville-medievale-ou-sevader-pour-lamour-de-lart\/#breadcrumb\",\"itemListElement\":[{\"@type\":\"ListItem\",\"position\":1,\"name\":\"Home\",\"item\":\"https:\/\/tourtravelandmore.com\/fr\/\"},{\"@type\":\"ListItem\",\"position\":2,\"name\":\"La ville m\u00e9di\u00e9vale o\u00f9 s&#8217;\u00e9vader pour l&#8217;amour de l&#8217;art\"}]},{\"@type\":\"WebSite\",\"@id\":\"https:\/\/tourtravelandmore.com\/fr\/#website\",\"url\":\"https:\/\/tourtravelandmore.com\/fr\/\",\"name\":\"Tour Travel And More\",\"description\":\"Private sightseeing tours and luxury transfers in Spain\",\"publisher\":{\"@id\":\"https:\/\/tourtravelandmore.com\/fr\/#organization\"},\"potentialAction\":[{\"@type\":\"SearchAction\",\"target\":{\"@type\":\"EntryPoint\",\"urlTemplate\":\"https:\/\/tourtravelandmore.com\/fr\/?s={search_term_string}\"},\"query-input\":{\"@type\":\"PropertyValueSpecification\",\"valueRequired\":true,\"valueName\":\"search_term_string\"}}],\"inLanguage\":\"fr-FR\"},{\"@type\":\"Organization\",\"@id\":\"https:\/\/tourtravelandmore.com\/fr\/#organization\",\"name\":\"Tour Travel And More\",\"url\":\"https:\/\/tourtravelandmore.com\/fr\/\",\"logo\":{\"@type\":\"ImageObject\",\"inLanguage\":\"fr-FR\",\"@id\":\"https:\/\/tourtravelandmore.com\/fr\/#\/schema\/logo\/image\/\",\"url\":\"https:\/\/tourtravelandmore.com\/wp-content\/uploads\/2022\/12\/cropped-logo-cabecera-new.png\",\"contentUrl\":\"https:\/\/tourtravelandmore.com\/wp-content\/uploads\/2022\/12\/cropped-logo-cabecera-new.png\",\"width\":430,\"height\":61,\"caption\":\"Tour Travel And More\"},\"image\":{\"@id\":\"https:\/\/tourtravelandmore.com\/fr\/#\/schema\/logo\/image\/\"},\"sameAs\":[\"https:\/\/www.facebook.com\/tourtravelandmore\/\",\"https:\/\/x.com\/TourTravel_More\"]},{\"@type\":\"Person\",\"@id\":\"https:\/\/tourtravelandmore.com\/fr\/#\/schema\/person\/2a1c66d76ae9290a394e8efb4af12e1e\",\"name\":\"Maya Nader Harati\",\"image\":{\"@type\":\"ImageObject\",\"inLanguage\":\"fr-FR\",\"@id\":\"https:\/\/tourtravelandmore.com\/fr\/#\/schema\/person\/image\/\",\"url\":\"https:\/\/secure.gravatar.com\/avatar\/adc2305883b6f86a616354c0c4516fcd9a333d5f5a0806d9d1ae9b30f898fa1f?s=96&d=mm&r=g\",\"contentUrl\":\"https:\/\/secure.gravatar.com\/avatar\/adc2305883b6f86a616354c0c4516fcd9a333d5f5a0806d9d1ae9b30f898fa1f?s=96&d=mm&r=g\",\"caption\":\"Maya Nader Harati\"},\"description\":\"Cultural Destination Specialist & Travel Chronicler. Maya doesn\u2019t just travel the world; she translates it.\",\"sameAs\":[\"https:\/\/tourtravelandmore.com\/author-profile-maya-nader-harati\/\"]}]}<\/script>\n<!-- \/ Yoast SEO Premium plugin. -->","yoast_head_json":{"title":"Santar\u00e9m (Portugal) : D\u00e9couvrez la ville m\u00e9di\u00e9vale o\u00f9 l'art devient amour.","description":"Plongez dans la beaut\u00e9 historique de Santar\u00e9m, au Portugal, avec Tour Travel & More. Explorez ses rues m\u00e9di\u00e9vales, ses \u0153uvres d'art et sa gastronomie unique et tombez amoureux de ce joyau portugais.","robots":{"index":"index","follow":"follow","max-snippet":"max-snippet:-1","max-image-preview":"max-image-preview:large","max-video-preview":"max-video-preview:-1"},"canonical":"https:\/\/tourtravelandmore.com\/fr\/la-ville-medievale-ou-sevader-pour-lamour-de-lart\/","og_locale":"fr_FR","og_type":"article","og_title":"La ville m\u00e9di\u00e9vale o\u00f9 s'\u00e9vader pour l'amour de l'art","og_description":"Plongez dans la beaut\u00e9 historique de Santar\u00e9m, au Portugal, avec Tour Travel & More. Explorez ses rues m\u00e9di\u00e9vales, ses \u0153uvres d'art et sa gastronomie unique et tombez amoureux de ce joyau portugais.","og_url":"https:\/\/tourtravelandmore.com\/fr\/la-ville-medievale-ou-sevader-pour-lamour-de-lart\/","og_site_name":"Tour Travel And More","article_publisher":"https:\/\/www.facebook.com\/tourtravelandmore\/","article_published_time":"2023-09-22T07:32:51+00:00","article_modified_time":"2025-05-16T13:37:05+00:00","og_image":[{"width":1600,"height":898,"url":"https:\/\/tourtravelandmore.com\/wp-content\/uploads\/2023\/09\/image-11.jpeg","type":"image\/jpeg"}],"author":"Maya Nader Harati","twitter_card":"summary_large_image","twitter_creator":"@TourTravel_More","twitter_site":"@TourTravel_More","twitter_misc":{"\u00c9crit par":"Maya Nader Harati","Dur\u00e9e de lecture estim\u00e9e":"4 minutes"},"schema":{"@context":"https:\/\/schema.org","@graph":[{"@type":"Article","@id":"https:\/\/tourtravelandmore.com\/fr\/la-ville-medievale-ou-sevader-pour-lamour-de-lart\/#article","isPartOf":{"@id":"https:\/\/tourtravelandmore.com\/fr\/la-ville-medievale-ou-sevader-pour-lamour-de-lart\/"},"author":{"name":"Maya Nader Harati","@id":"https:\/\/tourtravelandmore.com\/fr\/#\/schema\/person\/2a1c66d76ae9290a394e8efb4af12e1e"},"headline":"La ville m\u00e9di\u00e9vale o\u00f9 s&#8217;\u00e9vader pour l&#8217;amour de l&#8217;art","datePublished":"2023-09-22T07:32:51+00:00","dateModified":"2025-05-16T13:37:05+00:00","mainEntityOfPage":{"@id":"https:\/\/tourtravelandmore.com\/fr\/la-ville-medievale-ou-sevader-pour-lamour-de-lart\/"},"wordCount":815,"commentCount":0,"publisher":{"@id":"https:\/\/tourtravelandmore.com\/fr\/#organization"},"image":{"@id":"https:\/\/tourtravelandmore.com\/fr\/la-ville-medievale-ou-sevader-pour-lamour-de-lart\/#primaryimage"},"thumbnailUrl":"https:\/\/tourtravelandmore.com\/wp-content\/uploads\/2023\/09\/image-11.jpeg","articleSection":["Europe","le Portugal"],"inLanguage":"fr-FR","potentialAction":[{"@type":"CommentAction","name":"Comment","target":["https:\/\/tourtravelandmore.com\/fr\/la-ville-medievale-ou-sevader-pour-lamour-de-lart\/#respond"]}],"accessibilityFeature":["tableOfContents"]},{"@type":"WebPage","@id":"https:\/\/tourtravelandmore.com\/fr\/la-ville-medievale-ou-sevader-pour-lamour-de-lart\/","url":"https:\/\/tourtravelandmore.com\/fr\/la-ville-medievale-ou-sevader-pour-lamour-de-lart\/","name":"Santar\u00e9m (Portugal) : D\u00e9couvrez la ville m\u00e9di\u00e9vale o\u00f9 l'art devient amour.","isPartOf":{"@id":"https:\/\/tourtravelandmore.com\/fr\/#website"},"primaryImageOfPage":{"@id":"https:\/\/tourtravelandmore.com\/fr\/la-ville-medievale-ou-sevader-pour-lamour-de-lart\/#primaryimage"},"image":{"@id":"https:\/\/tourtravelandmore.com\/fr\/la-ville-medievale-ou-sevader-pour-lamour-de-lart\/#primaryimage"},"thumbnailUrl":"https:\/\/tourtravelandmore.com\/wp-content\/uploads\/2023\/09\/image-11.jpeg","datePublished":"2023-09-22T07:32:51+00:00","dateModified":"2025-05-16T13:37:05+00:00","description":"Plongez dans la beaut\u00e9 historique de Santar\u00e9m, au Portugal, avec Tour Travel & More. Explorez ses rues m\u00e9di\u00e9vales, ses \u0153uvres d'art et sa gastronomie unique et tombez amoureux de ce joyau portugais.","breadcrumb":{"@id":"https:\/\/tourtravelandmore.com\/fr\/la-ville-medievale-ou-sevader-pour-lamour-de-lart\/#breadcrumb"},"inLanguage":"fr-FR","potentialAction":[{"@type":"ReadAction","target":["https:\/\/tourtravelandmore.com\/fr\/la-ville-medievale-ou-sevader-pour-lamour-de-lart\/"]}]},{"@type":"ImageObject","inLanguage":"fr-FR","@id":"https:\/\/tourtravelandmore.com\/fr\/la-ville-medievale-ou-sevader-pour-lamour-de-lart\/#primaryimage","url":"https:\/\/tourtravelandmore.com\/wp-content\/uploads\/2023\/09\/image-11.jpeg","contentUrl":"https:\/\/tourtravelandmore.com\/wp-content\/uploads\/2023\/09\/image-11.jpeg","width":1600,"height":898},{"@type":"BreadcrumbList","@id":"https:\/\/tourtravelandmore.com\/fr\/la-ville-medievale-ou-sevader-pour-lamour-de-lart\/#breadcrumb","itemListElement":[{"@type":"ListItem","position":1,"name":"Home","item":"https:\/\/tourtravelandmore.com\/fr\/"},{"@type":"ListItem","position":2,"name":"La ville m\u00e9di\u00e9vale o\u00f9 s&#8217;\u00e9vader pour l&#8217;amour de l&#8217;art"}]},{"@type":"WebSite","@id":"https:\/\/tourtravelandmore.com\/fr\/#website","url":"https:\/\/tourtravelandmore.com\/fr\/","name":"Tour Travel And More","description":"Private sightseeing tours and luxury transfers in Spain","publisher":{"@id":"https:\/\/tourtravelandmore.com\/fr\/#organization"},"potentialAction":[{"@type":"SearchAction","target":{"@type":"EntryPoint","urlTemplate":"https:\/\/tourtravelandmore.com\/fr\/?s={search_term_string}"},"query-input":{"@type":"PropertyValueSpecification","valueRequired":true,"valueName":"search_term_string"}}],"inLanguage":"fr-FR"},{"@type":"Organization","@id":"https:\/\/tourtravelandmore.com\/fr\/#organization","name":"Tour Travel And More","url":"https:\/\/tourtravelandmore.com\/fr\/","logo":{"@type":"ImageObject","inLanguage":"fr-FR","@id":"https:\/\/tourtravelandmore.com\/fr\/#\/schema\/logo\/image\/","url":"https:\/\/tourtravelandmore.com\/wp-content\/uploads\/2022\/12\/cropped-logo-cabecera-new.png","contentUrl":"https:\/\/tourtravelandmore.com\/wp-content\/uploads\/2022\/12\/cropped-logo-cabecera-new.png","width":430,"height":61,"caption":"Tour Travel And More"},"image":{"@id":"https:\/\/tourtravelandmore.com\/fr\/#\/schema\/logo\/image\/"},"sameAs":["https:\/\/www.facebook.com\/tourtravelandmore\/","https:\/\/x.com\/TourTravel_More"]},{"@type":"Person","@id":"https:\/\/tourtravelandmore.com\/fr\/#\/schema\/person\/2a1c66d76ae9290a394e8efb4af12e1e","name":"Maya Nader Harati","image":{"@type":"ImageObject","inLanguage":"fr-FR","@id":"https:\/\/tourtravelandmore.com\/fr\/#\/schema\/person\/image\/","url":"https:\/\/secure.gravatar.com\/avatar\/adc2305883b6f86a616354c0c4516fcd9a333d5f5a0806d9d1ae9b30f898fa1f?s=96&d=mm&r=g","contentUrl":"https:\/\/secure.gravatar.com\/avatar\/adc2305883b6f86a616354c0c4516fcd9a333d5f5a0806d9d1ae9b30f898fa1f?s=96&d=mm&r=g","caption":"Maya Nader Harati"},"description":"Cultural Destination Specialist & Travel Chronicler. Maya doesn\u2019t just travel the world; she translates it.","sameAs":["https:\/\/tourtravelandmore.com\/author-profile-maya-nader-harati\/"]}]}},"_links":{"self":[{"href":"https:\/\/tourtravelandmore.com\/fr\/wp-json\/wp\/v2\/posts\/170147","targetHints":{"allow":["GET"]}}],"collection":[{"href":"https:\/\/tourtravelandmore.com\/fr\/wp-json\/wp\/v2\/posts"}],"about":[{"href":"https:\/\/tourtravelandmore.com\/fr\/wp-json\/wp\/v2\/types\/post"}],"author":[{"embeddable":true,"href":"https:\/\/tourtravelandmore.com\/fr\/wp-json\/wp\/v2\/users\/2"}],"replies":[{"embeddable":true,"href":"https:\/\/tourtravelandmore.com\/fr\/wp-json\/wp\/v2\/comments?post=170147"}],"version-history":[{"count":1,"href":"https:\/\/tourtravelandmore.com\/fr\/wp-json\/wp\/v2\/posts\/170147\/revisions"}],"predecessor-version":[{"id":183354,"href":"https:\/\/tourtravelandmore.com\/fr\/wp-json\/wp\/v2\/posts\/170147\/revisions\/183354"}],"wp:featuredmedia":[{"embeddable":true,"href":"https:\/\/tourtravelandmore.com\/fr\/wp-json\/wp\/v2\/media\/170144"}],"wp:attachment":[{"href":"https:\/\/tourtravelandmore.com\/fr\/wp-json\/wp\/v2\/media?parent=170147"}],"wp:term":[{"taxonomy":"category","embeddable":true,"href":"https:\/\/tourtravelandmore.com\/fr\/wp-json\/wp\/v2\/categories?post=170147"},{"taxonomy":"post_tag","embeddable":true,"href":"https:\/\/tourtravelandmore.com\/fr\/wp-json\/wp\/v2\/tags?post=170147"}],"curies":[{"name":"wp","href":"https:\/\/api.w.org\/{rel}","templated":true}]}}