{"id":169649,"date":"2023-08-11T10:49:57","date_gmt":"2023-08-11T08:49:57","guid":{"rendered":"https:\/\/tourtravelandmore.com\/?p=169649"},"modified":"2025-05-16T15:39:49","modified_gmt":"2025-05-16T13:39:49","slug":"cala-sonreiras-le-coin-de-paradis-de-la-galice","status":"publish","type":"post","link":"https:\/\/tourtravelandmore.com\/fr\/cala-sonreiras-le-coin-de-paradis-de-la-galice\/","title":{"rendered":"Cala Sonreiras, le coin de paradis de la Galice"},"content":{"rendered":"\n<div class=\"wp-block-yoast-seo-table-of-contents yoast-table-of-contents\"><h2>Table of contents<\/h2><ul><li><a href=\"#h-le-charme-serein-de-la-crique-de-sonreiras\" data-level=\"2\">Le charme serein de la crique de Sonreiras<\/a><\/li><li><a href=\"#h-la-danse-de-la-mer-et-de-la-terre\" data-level=\"2\">La danse de la mer et de la terre<\/a><\/li><li><a href=\"#h-un-havre-pour-les-amoureux-de-la-nature\" data-level=\"2\">Un havre pour les amoureux de la nature<\/a><\/li><li><a href=\"#h-un-d-lice-pour-les-palais-curieux\" data-level=\"2\">Un d\u00e9lice pour les palais curieux<\/a><\/li><li><a href=\"#h-pr-parer-votre-voyage-cala-sonreiras\" data-level=\"2\">Pr\u00e9parer votre voyage \u00e0 Cala Sonreiras<\/a><\/li><li><a href=\"#h-d-couvrez-cala-sonreiras-et-marquez-votre-voyage-vie\" data-level=\"2\">D\u00e9couvrez Cala Sonreiras et marquez votre voyage \u00e0 vie<\/a><\/li><\/ul><\/div>\n\n\n\n<p>Nich\u00e9e sur la c\u00f4te nord de l&#8217;Espagne, la Galice a m\u00e9rit\u00e9 sa r\u00e9putation de destination \u00e0 la beaut\u00e9 naturelle stup\u00e9fiante et aux paysages \u00e0 couper le souffle. Des falaises majestueuses aux for\u00eats verdoyantes qui serpentent jusqu&#8217;\u00e0 la mer, cette r\u00e9gion s\u00e9duit les voyageurs en qu\u00eate d&#8217;aventure.&nbsp;<\/p>\n\n\n\n<p>Parmi ses tr\u00e9sors c\u00f4tiers se trouve un v\u00e9ritable paradis cach\u00e9 : Cala Sonreiras, un coin de Galice qui vous coupera le souffle. Dans cet article, nous vous proposons une visite virtuelle de cette oasis c\u00f4ti\u00e8re et vous expliquons pourquoi Cala Sonreiras devrait figurer sur votre liste de lieux \u00e0 explorer. <a href=\"https:\/\/tourtravelandmore.com\/fr\/\">D\u00e9couvrez nos visites priv\u00e9es ici !&nbsp;<\/a><\/p>\n\n\n\n<h2 class=\"wp-block-heading\" id=\"h-le-charme-serein-de-la-crique-de-sonreiras\"><strong>Le charme serein de la crique de Sonreiras<\/strong><\/h2>\n\n\n\n<p>Situ\u00e9e sur la c\u00f4te nord-ouest de la Galice, Cala Sonreiras est un joyau cach\u00e9 qui allie la tranquillit\u00e9 d&#8217;une retraite naturelle \u00e0 la majest\u00e9 de l&#8217;oc\u00e9an Atlantique. Son nom, qui signifie &#8220;crique du sourire&#8221;, n&#8217;est pas une co\u00efncidence : l&#8217;endroit d\u00e9gage une atmosph\u00e8re sereine qui invite les visiteurs \u00e0 se d\u00e9tendre et \u00e0 sourire \u00e0 la beaut\u00e9 qui les entoure.<\/p>\n\n\n\n<h2 class=\"wp-block-heading\" id=\"h-la-danse-de-la-mer-et-de-la-terre\"><strong>La danse de la mer et de la terre<\/strong><\/h2>\n\n\n\n<p>La caract\u00e9ristique la plus frappante de Cala Sonreiras est la danse parfaite entre la mer et la terre. Les plages de sable dor\u00e9 s&#8217;\u00e9tendent doucement le long du rivage, tandis que les eaux cristallines de l&#8217;Atlantique caressent le littoral dans leur \u00e9ternelle chor\u00e9graphie. Il est difficile de ne pas se laisser emporter par la symphonie des vagues et la brise marine en explorant les environs.<\/p>\n\n\n\n<h2 class=\"wp-block-heading\" id=\"h-un-havre-pour-les-amoureux-de-la-nature\"><strong>Un havre pour les amoureux de la nature<\/strong><\/h2>\n\n\n\n<p>Pour les amoureux de la nature, Cala Sonreiras est un vrai r\u00e9gal. Entour\u00e9e de falaises couvertes d&#8217;une v\u00e9g\u00e9tation luxuriante, cette crique offre la possibilit\u00e9 d&#8217;explorer des sentiers qui serpentent \u00e0 travers les for\u00eats et les prairies, r\u00e9v\u00e9lant \u00e0 chaque instant des vues panoramiques \u00e0 couper le souffle. La biodiversit\u00e9 y est \u00e9tonnante, avec des oiseaux marins dans le ciel et des plantes indig\u00e8nes sur la terre ferme. Les amateurs d&#8217;ornithologie et de photographie de la nature trouveront \u00e0 Cala Sonreiras un paradis inexplor\u00e9.<\/p>\n\n\n\n<figure class=\"wp-block-image\"><img decoding=\"async\" src=\"https:\/\/lh4.googleusercontent.com\/JfiI0NZB71WoPKz2Z-5Y9lD1frviZnSXmuKX3YEy5etcUGCkw7pHtFrdUEge2TsZL-OFqKgSg167kVY97MOBjXhm6FmenWk_PNcdZIVtxx4Z5L8BhJOR2j_yS-URyicjRSOhFLS5yTmebWgMSbciqVw\" alt=\"\"\/><\/figure>\n\n\n\n<h2 class=\"wp-block-heading\" id=\"h-un-d-lice-pour-les-palais-curieux\"><strong>Un d\u00e9lice pour les palais curieux<\/strong><\/h2>\n\n\n\n<p>L&#8217;exp\u00e9rience de Cala Sonreiras ne serait pas compl\u00e8te sans une d\u00e9gustation de la d\u00e9licieuse gastronomie galicienne. Dans les villages pittoresques des environs, vous aurez l&#8217;occasion de d\u00e9guster des plats de fruits de mer frais, p\u00each\u00e9s localement. Du poulpe \u00e0 la galicienne aux balanes fra\u00eeches, chaque bouch\u00e9e est un voyage culinaire qui vous relie \u00e0 la tradition et au go\u00fbt authentique de la Galice.<\/p>\n\n\n\n<h2 class=\"wp-block-heading\" id=\"h-pr-parer-votre-voyage-cala-sonreiras\"><strong>Pr\u00e9parer votre voyage \u00e0 Cala Sonreiras<\/strong><\/h2>\n\n\n\n<p>Avant de vous lancer dans cette aventure passionnante, il est essentiel de bien pr\u00e9parer votre voyage. Renseignez-vous sur les horaires des mar\u00e9es, car certaines parties de la plage peuvent \u00eatre recouvertes \u00e0 mar\u00e9e haute. Des chaussures confortables pour explorer les sentiers et une protection solaire sont \u00e9galement indispensables pour profiter pleinement de ce paradis c\u00f4tier.<\/p>\n\n\n\n<figure class=\"wp-block-image\"><img decoding=\"async\" src=\"https:\/\/lh4.googleusercontent.com\/ge5wCff4ixZFyYH3_CJs1d_irqTyRY7IzUTugej5Y8uZyh2CsxtCxIMW0T5rK8llCALDwTYgfiXVY9kVDFYi3Lgge6NeoujhE95wyxdVkDCwuvFmWJQVBM6-jbMX3lH1Te05G7uJiPTFs8CeJ9ZG6jA\" alt=\"\"\/><\/figure>\n\n\n\n<h2 class=\"wp-block-heading\" id=\"h-d-couvrez-cala-sonreiras-et-marquez-votre-voyage-vie\"><strong>D\u00e9couvrez Cala Sonreiras et marquez votre voyage \u00e0 vie<\/strong><\/h2>\n\n\n\n<p>Cala Sonreiras est bien plus qu&#8217;une destination touristique ; c&#8217;est une exp\u00e9rience qui vous met en contact avec la nature dans sa forme la plus pure et vous donne l&#8217;occasion de vous d\u00e9connecter de l&#8217;agitation de la vie quotidienne. De la s\u00e9r\u00e9nit\u00e9 de ses plages \u00e0 la majest\u00e9 de ses falaises, ce coin paradisiaque de la Galice ne manquera pas de vous s\u00e9duire et de vous laisser des souvenirs ind\u00e9l\u00e9biles. Que vous soyez un amoureux de la nature, un explorateur passionn\u00e9 ou simplement quelqu&#8217;un qui cherche un endroit pour se d\u00e9tendre et se ressourcer, Cala Sonreiras a quelque chose de sp\u00e9cial pour chaque type de voyageur. Alors pourquoi attendre ? Cochez Cala Sonreiras sur votre liste de destinations de voyage et pr\u00e9parez-vous \u00e0 d\u00e9couvrir un coin de paradis dans la belle Galice &#8211; votre prochaine aventure vous attend \u00e0 Cala Sonreiras !<\/p>\n","protected":false},"excerpt":{"rendered":"<p>Embarquez pour un voyage \u00e0 Cala Sonreiras, le refuge paradisiaque de Galice. Des plages dor\u00e9es, des sentiers naturels et l&#8217;essence de la gastronomie locale vous attendent dans ce coin serein au bord de l&#8217;Atlantique. D\u00e9couvrez la magie de Cala Sonreiras d\u00e8s maintenant !<\/p>\n","protected":false},"author":2,"featured_media":169646,"comment_status":"open","ping_status":"open","sticky":false,"template":"","format":"standard","meta":{"_acf_changed":false,"footnotes":""},"categories":[3962,3914,3966,2395],"tags":[],"class_list":["post-169649","post","type-post","status-publish","format-standard","has-post-thumbnail","hentry","category-espagne","category-europe-fr","category-galice","category-non-classifiee"],"acf":[],"yoast_head":"<!-- This site is optimized with the Yoast SEO Premium plugin v25.3.1 (Yoast SEO v25.3.1) - https:\/\/yoast.com\/wordpress\/plugins\/seo\/ -->\n<title>Cala Sonreiras, le coin paradisiaque de la Galice - Tour Travel &amp; More<\/title>\n<meta name=\"description\" content=\"Plongez dans la beaut\u00e9 sereine de Cala Sonreiras, un joyau de la c\u00f4te galicienne. Explorez les plages dor\u00e9es, les sentiers naturels et savourez la gastronomie locale\" \/>\n<meta name=\"robots\" content=\"index, follow, max-snippet:-1, max-image-preview:large, max-video-preview:-1\" \/>\n<link rel=\"canonical\" href=\"https:\/\/tourtravelandmore.com\/fr\/cala-sonreiras-le-coin-de-paradis-de-la-galice\/\" \/>\n<meta property=\"og:locale\" content=\"fr_FR\" \/>\n<meta property=\"og:type\" content=\"article\" \/>\n<meta property=\"og:title\" content=\"Cala Sonreiras, le coin de paradis de la Galice\" \/>\n<meta property=\"og:description\" content=\"Plongez dans la beaut\u00e9 sereine de Cala Sonreiras, un joyau de la c\u00f4te galicienne. Explorez les plages dor\u00e9es, les sentiers naturels et savourez la gastronomie locale\" \/>\n<meta property=\"og:url\" content=\"https:\/\/tourtravelandmore.com\/fr\/cala-sonreiras-le-coin-de-paradis-de-la-galice\/\" \/>\n<meta property=\"og:site_name\" content=\"Tour Travel And More\" \/>\n<meta property=\"article:publisher\" content=\"https:\/\/www.facebook.com\/tourtravelandmore\/\" \/>\n<meta property=\"article:published_time\" content=\"2023-08-11T08:49:57+00:00\" \/>\n<meta property=\"article:modified_time\" content=\"2025-05-16T13:39:49+00:00\" \/>\n<meta property=\"og:image\" content=\"https:\/\/tourtravelandmore.com\/wp-content\/uploads\/2023\/08\/image-1.jpeg\" \/>\n\t<meta property=\"og:image:width\" content=\"1200\" \/>\n\t<meta property=\"og:image:height\" content=\"675\" \/>\n\t<meta property=\"og:image:type\" content=\"image\/jpeg\" \/>\n<meta name=\"author\" content=\"Maya Nader Harati\" \/>\n<meta name=\"twitter:card\" content=\"summary_large_image\" \/>\n<meta name=\"twitter:creator\" content=\"@TourTravel_More\" \/>\n<meta name=\"twitter:site\" content=\"@TourTravel_More\" \/>\n<meta name=\"twitter:label1\" content=\"\u00c9crit par\" \/>\n\t<meta name=\"twitter:data1\" content=\"Maya Nader Harati\" \/>\n\t<meta name=\"twitter:label2\" content=\"Dur\u00e9e de lecture estim\u00e9e\" \/>\n\t<meta name=\"twitter:data2\" content=\"3 minutes\" \/>\n<script type=\"application\/ld+json\" class=\"yoast-schema-graph\">{\"@context\":\"https:\/\/schema.org\",\"@graph\":[{\"@type\":\"Article\",\"@id\":\"https:\/\/tourtravelandmore.com\/fr\/cala-sonreiras-le-coin-de-paradis-de-la-galice\/#article\",\"isPartOf\":{\"@id\":\"https:\/\/tourtravelandmore.com\/fr\/cala-sonreiras-le-coin-de-paradis-de-la-galice\/\"},\"author\":{\"name\":\"Maya Nader Harati\",\"@id\":\"https:\/\/tourtravelandmore.com\/fr\/#\/schema\/person\/2a1c66d76ae9290a394e8efb4af12e1e\"},\"headline\":\"Cala Sonreiras, le coin de paradis de la Galice\",\"datePublished\":\"2023-08-11T08:49:57+00:00\",\"dateModified\":\"2025-05-16T13:39:49+00:00\",\"mainEntityOfPage\":{\"@id\":\"https:\/\/tourtravelandmore.com\/fr\/cala-sonreiras-le-coin-de-paradis-de-la-galice\/\"},\"wordCount\":731,\"commentCount\":0,\"publisher\":{\"@id\":\"https:\/\/tourtravelandmore.com\/fr\/#organization\"},\"image\":{\"@id\":\"https:\/\/tourtravelandmore.com\/fr\/cala-sonreiras-le-coin-de-paradis-de-la-galice\/#primaryimage\"},\"thumbnailUrl\":\"https:\/\/tourtravelandmore.com\/wp-content\/uploads\/2023\/08\/image-1.jpeg\",\"articleSection\":[\"Espagne\",\"Europe\",\"Galice\",\"Non classifi\u00e9(e)\"],\"inLanguage\":\"fr-FR\",\"potentialAction\":[{\"@type\":\"CommentAction\",\"name\":\"Comment\",\"target\":[\"https:\/\/tourtravelandmore.com\/fr\/cala-sonreiras-le-coin-de-paradis-de-la-galice\/#respond\"]}],\"accessibilityFeature\":[\"tableOfContents\"]},{\"@type\":\"WebPage\",\"@id\":\"https:\/\/tourtravelandmore.com\/fr\/cala-sonreiras-le-coin-de-paradis-de-la-galice\/\",\"url\":\"https:\/\/tourtravelandmore.com\/fr\/cala-sonreiras-le-coin-de-paradis-de-la-galice\/\",\"name\":\"Cala Sonreiras, le coin paradisiaque de la Galice - Tour Travel & More\",\"isPartOf\":{\"@id\":\"https:\/\/tourtravelandmore.com\/fr\/#website\"},\"primaryImageOfPage\":{\"@id\":\"https:\/\/tourtravelandmore.com\/fr\/cala-sonreiras-le-coin-de-paradis-de-la-galice\/#primaryimage\"},\"image\":{\"@id\":\"https:\/\/tourtravelandmore.com\/fr\/cala-sonreiras-le-coin-de-paradis-de-la-galice\/#primaryimage\"},\"thumbnailUrl\":\"https:\/\/tourtravelandmore.com\/wp-content\/uploads\/2023\/08\/image-1.jpeg\",\"datePublished\":\"2023-08-11T08:49:57+00:00\",\"dateModified\":\"2025-05-16T13:39:49+00:00\",\"description\":\"Plongez dans la beaut\u00e9 sereine de Cala Sonreiras, un joyau de la c\u00f4te galicienne. Explorez les plages dor\u00e9es, les sentiers naturels et savourez la gastronomie locale\",\"breadcrumb\":{\"@id\":\"https:\/\/tourtravelandmore.com\/fr\/cala-sonreiras-le-coin-de-paradis-de-la-galice\/#breadcrumb\"},\"inLanguage\":\"fr-FR\",\"potentialAction\":[{\"@type\":\"ReadAction\",\"target\":[\"https:\/\/tourtravelandmore.com\/fr\/cala-sonreiras-le-coin-de-paradis-de-la-galice\/\"]}]},{\"@type\":\"ImageObject\",\"inLanguage\":\"fr-FR\",\"@id\":\"https:\/\/tourtravelandmore.com\/fr\/cala-sonreiras-le-coin-de-paradis-de-la-galice\/#primaryimage\",\"url\":\"https:\/\/tourtravelandmore.com\/wp-content\/uploads\/2023\/08\/image-1.jpeg\",\"contentUrl\":\"https:\/\/tourtravelandmore.com\/wp-content\/uploads\/2023\/08\/image-1.jpeg\",\"width\":1200,\"height\":675},{\"@type\":\"BreadcrumbList\",\"@id\":\"https:\/\/tourtravelandmore.com\/fr\/cala-sonreiras-le-coin-de-paradis-de-la-galice\/#breadcrumb\",\"itemListElement\":[{\"@type\":\"ListItem\",\"position\":1,\"name\":\"Home\",\"item\":\"https:\/\/tourtravelandmore.com\/fr\/\"},{\"@type\":\"ListItem\",\"position\":2,\"name\":\"Cala Sonreiras, le coin de paradis de la Galice\"}]},{\"@type\":\"WebSite\",\"@id\":\"https:\/\/tourtravelandmore.com\/fr\/#website\",\"url\":\"https:\/\/tourtravelandmore.com\/fr\/\",\"name\":\"Tour Travel And More\",\"description\":\"Private sightseeing tours and luxury transfers in Spain\",\"publisher\":{\"@id\":\"https:\/\/tourtravelandmore.com\/fr\/#organization\"},\"potentialAction\":[{\"@type\":\"SearchAction\",\"target\":{\"@type\":\"EntryPoint\",\"urlTemplate\":\"https:\/\/tourtravelandmore.com\/fr\/?s={search_term_string}\"},\"query-input\":{\"@type\":\"PropertyValueSpecification\",\"valueRequired\":true,\"valueName\":\"search_term_string\"}}],\"inLanguage\":\"fr-FR\"},{\"@type\":\"Organization\",\"@id\":\"https:\/\/tourtravelandmore.com\/fr\/#organization\",\"name\":\"Tour Travel And More\",\"url\":\"https:\/\/tourtravelandmore.com\/fr\/\",\"logo\":{\"@type\":\"ImageObject\",\"inLanguage\":\"fr-FR\",\"@id\":\"https:\/\/tourtravelandmore.com\/fr\/#\/schema\/logo\/image\/\",\"url\":\"https:\/\/tourtravelandmore.com\/wp-content\/uploads\/2022\/12\/cropped-logo-cabecera-new.png\",\"contentUrl\":\"https:\/\/tourtravelandmore.com\/wp-content\/uploads\/2022\/12\/cropped-logo-cabecera-new.png\",\"width\":430,\"height\":61,\"caption\":\"Tour Travel And More\"},\"image\":{\"@id\":\"https:\/\/tourtravelandmore.com\/fr\/#\/schema\/logo\/image\/\"},\"sameAs\":[\"https:\/\/www.facebook.com\/tourtravelandmore\/\",\"https:\/\/x.com\/TourTravel_More\"]},{\"@type\":\"Person\",\"@id\":\"https:\/\/tourtravelandmore.com\/fr\/#\/schema\/person\/2a1c66d76ae9290a394e8efb4af12e1e\",\"name\":\"Maya Nader Harati\",\"image\":{\"@type\":\"ImageObject\",\"inLanguage\":\"fr-FR\",\"@id\":\"https:\/\/tourtravelandmore.com\/fr\/#\/schema\/person\/image\/\",\"url\":\"https:\/\/secure.gravatar.com\/avatar\/adc2305883b6f86a616354c0c4516fcd9a333d5f5a0806d9d1ae9b30f898fa1f?s=96&d=mm&r=g\",\"contentUrl\":\"https:\/\/secure.gravatar.com\/avatar\/adc2305883b6f86a616354c0c4516fcd9a333d5f5a0806d9d1ae9b30f898fa1f?s=96&d=mm&r=g\",\"caption\":\"Maya Nader Harati\"},\"description\":\"Cultural Destination Specialist & Travel Chronicler. Maya doesn\u2019t just travel the world; she translates it.\",\"sameAs\":[\"https:\/\/tourtravelandmore.com\/author-profile-maya-nader-harati\/\"]}]}<\/script>\n<!-- \/ Yoast SEO Premium plugin. -->","yoast_head_json":{"title":"Cala Sonreiras, le coin paradisiaque de la Galice - Tour Travel & More","description":"Plongez dans la beaut\u00e9 sereine de Cala Sonreiras, un joyau de la c\u00f4te galicienne. Explorez les plages dor\u00e9es, les sentiers naturels et savourez la gastronomie locale","robots":{"index":"index","follow":"follow","max-snippet":"max-snippet:-1","max-image-preview":"max-image-preview:large","max-video-preview":"max-video-preview:-1"},"canonical":"https:\/\/tourtravelandmore.com\/fr\/cala-sonreiras-le-coin-de-paradis-de-la-galice\/","og_locale":"fr_FR","og_type":"article","og_title":"Cala Sonreiras, le coin de paradis de la Galice","og_description":"Plongez dans la beaut\u00e9 sereine de Cala Sonreiras, un joyau de la c\u00f4te galicienne. Explorez les plages dor\u00e9es, les sentiers naturels et savourez la gastronomie locale","og_url":"https:\/\/tourtravelandmore.com\/fr\/cala-sonreiras-le-coin-de-paradis-de-la-galice\/","og_site_name":"Tour Travel And More","article_publisher":"https:\/\/www.facebook.com\/tourtravelandmore\/","article_published_time":"2023-08-11T08:49:57+00:00","article_modified_time":"2025-05-16T13:39:49+00:00","og_image":[{"width":1200,"height":675,"url":"https:\/\/tourtravelandmore.com\/wp-content\/uploads\/2023\/08\/image-1.jpeg","type":"image\/jpeg"}],"author":"Maya Nader Harati","twitter_card":"summary_large_image","twitter_creator":"@TourTravel_More","twitter_site":"@TourTravel_More","twitter_misc":{"\u00c9crit par":"Maya Nader Harati","Dur\u00e9e de lecture estim\u00e9e":"3 minutes"},"schema":{"@context":"https:\/\/schema.org","@graph":[{"@type":"Article","@id":"https:\/\/tourtravelandmore.com\/fr\/cala-sonreiras-le-coin-de-paradis-de-la-galice\/#article","isPartOf":{"@id":"https:\/\/tourtravelandmore.com\/fr\/cala-sonreiras-le-coin-de-paradis-de-la-galice\/"},"author":{"name":"Maya Nader Harati","@id":"https:\/\/tourtravelandmore.com\/fr\/#\/schema\/person\/2a1c66d76ae9290a394e8efb4af12e1e"},"headline":"Cala Sonreiras, le coin de paradis de la Galice","datePublished":"2023-08-11T08:49:57+00:00","dateModified":"2025-05-16T13:39:49+00:00","mainEntityOfPage":{"@id":"https:\/\/tourtravelandmore.com\/fr\/cala-sonreiras-le-coin-de-paradis-de-la-galice\/"},"wordCount":731,"commentCount":0,"publisher":{"@id":"https:\/\/tourtravelandmore.com\/fr\/#organization"},"image":{"@id":"https:\/\/tourtravelandmore.com\/fr\/cala-sonreiras-le-coin-de-paradis-de-la-galice\/#primaryimage"},"thumbnailUrl":"https:\/\/tourtravelandmore.com\/wp-content\/uploads\/2023\/08\/image-1.jpeg","articleSection":["Espagne","Europe","Galice","Non classifi\u00e9(e)"],"inLanguage":"fr-FR","potentialAction":[{"@type":"CommentAction","name":"Comment","target":["https:\/\/tourtravelandmore.com\/fr\/cala-sonreiras-le-coin-de-paradis-de-la-galice\/#respond"]}],"accessibilityFeature":["tableOfContents"]},{"@type":"WebPage","@id":"https:\/\/tourtravelandmore.com\/fr\/cala-sonreiras-le-coin-de-paradis-de-la-galice\/","url":"https:\/\/tourtravelandmore.com\/fr\/cala-sonreiras-le-coin-de-paradis-de-la-galice\/","name":"Cala Sonreiras, le coin paradisiaque de la Galice - Tour Travel & More","isPartOf":{"@id":"https:\/\/tourtravelandmore.com\/fr\/#website"},"primaryImageOfPage":{"@id":"https:\/\/tourtravelandmore.com\/fr\/cala-sonreiras-le-coin-de-paradis-de-la-galice\/#primaryimage"},"image":{"@id":"https:\/\/tourtravelandmore.com\/fr\/cala-sonreiras-le-coin-de-paradis-de-la-galice\/#primaryimage"},"thumbnailUrl":"https:\/\/tourtravelandmore.com\/wp-content\/uploads\/2023\/08\/image-1.jpeg","datePublished":"2023-08-11T08:49:57+00:00","dateModified":"2025-05-16T13:39:49+00:00","description":"Plongez dans la beaut\u00e9 sereine de Cala Sonreiras, un joyau de la c\u00f4te galicienne. Explorez les plages dor\u00e9es, les sentiers naturels et savourez la gastronomie locale","breadcrumb":{"@id":"https:\/\/tourtravelandmore.com\/fr\/cala-sonreiras-le-coin-de-paradis-de-la-galice\/#breadcrumb"},"inLanguage":"fr-FR","potentialAction":[{"@type":"ReadAction","target":["https:\/\/tourtravelandmore.com\/fr\/cala-sonreiras-le-coin-de-paradis-de-la-galice\/"]}]},{"@type":"ImageObject","inLanguage":"fr-FR","@id":"https:\/\/tourtravelandmore.com\/fr\/cala-sonreiras-le-coin-de-paradis-de-la-galice\/#primaryimage","url":"https:\/\/tourtravelandmore.com\/wp-content\/uploads\/2023\/08\/image-1.jpeg","contentUrl":"https:\/\/tourtravelandmore.com\/wp-content\/uploads\/2023\/08\/image-1.jpeg","width":1200,"height":675},{"@type":"BreadcrumbList","@id":"https:\/\/tourtravelandmore.com\/fr\/cala-sonreiras-le-coin-de-paradis-de-la-galice\/#breadcrumb","itemListElement":[{"@type":"ListItem","position":1,"name":"Home","item":"https:\/\/tourtravelandmore.com\/fr\/"},{"@type":"ListItem","position":2,"name":"Cala Sonreiras, le coin de paradis de la Galice"}]},{"@type":"WebSite","@id":"https:\/\/tourtravelandmore.com\/fr\/#website","url":"https:\/\/tourtravelandmore.com\/fr\/","name":"Tour Travel And More","description":"Private sightseeing tours and luxury transfers in Spain","publisher":{"@id":"https:\/\/tourtravelandmore.com\/fr\/#organization"},"potentialAction":[{"@type":"SearchAction","target":{"@type":"EntryPoint","urlTemplate":"https:\/\/tourtravelandmore.com\/fr\/?s={search_term_string}"},"query-input":{"@type":"PropertyValueSpecification","valueRequired":true,"valueName":"search_term_string"}}],"inLanguage":"fr-FR"},{"@type":"Organization","@id":"https:\/\/tourtravelandmore.com\/fr\/#organization","name":"Tour Travel And More","url":"https:\/\/tourtravelandmore.com\/fr\/","logo":{"@type":"ImageObject","inLanguage":"fr-FR","@id":"https:\/\/tourtravelandmore.com\/fr\/#\/schema\/logo\/image\/","url":"https:\/\/tourtravelandmore.com\/wp-content\/uploads\/2022\/12\/cropped-logo-cabecera-new.png","contentUrl":"https:\/\/tourtravelandmore.com\/wp-content\/uploads\/2022\/12\/cropped-logo-cabecera-new.png","width":430,"height":61,"caption":"Tour Travel And More"},"image":{"@id":"https:\/\/tourtravelandmore.com\/fr\/#\/schema\/logo\/image\/"},"sameAs":["https:\/\/www.facebook.com\/tourtravelandmore\/","https:\/\/x.com\/TourTravel_More"]},{"@type":"Person","@id":"https:\/\/tourtravelandmore.com\/fr\/#\/schema\/person\/2a1c66d76ae9290a394e8efb4af12e1e","name":"Maya Nader Harati","image":{"@type":"ImageObject","inLanguage":"fr-FR","@id":"https:\/\/tourtravelandmore.com\/fr\/#\/schema\/person\/image\/","url":"https:\/\/secure.gravatar.com\/avatar\/adc2305883b6f86a616354c0c4516fcd9a333d5f5a0806d9d1ae9b30f898fa1f?s=96&d=mm&r=g","contentUrl":"https:\/\/secure.gravatar.com\/avatar\/adc2305883b6f86a616354c0c4516fcd9a333d5f5a0806d9d1ae9b30f898fa1f?s=96&d=mm&r=g","caption":"Maya Nader Harati"},"description":"Cultural Destination Specialist & Travel Chronicler. Maya doesn\u2019t just travel the world; she translates it.","sameAs":["https:\/\/tourtravelandmore.com\/author-profile-maya-nader-harati\/"]}]}},"_links":{"self":[{"href":"https:\/\/tourtravelandmore.com\/fr\/wp-json\/wp\/v2\/posts\/169649","targetHints":{"allow":["GET"]}}],"collection":[{"href":"https:\/\/tourtravelandmore.com\/fr\/wp-json\/wp\/v2\/posts"}],"about":[{"href":"https:\/\/tourtravelandmore.com\/fr\/wp-json\/wp\/v2\/types\/post"}],"author":[{"embeddable":true,"href":"https:\/\/tourtravelandmore.com\/fr\/wp-json\/wp\/v2\/users\/2"}],"replies":[{"embeddable":true,"href":"https:\/\/tourtravelandmore.com\/fr\/wp-json\/wp\/v2\/comments?post=169649"}],"version-history":[{"count":1,"href":"https:\/\/tourtravelandmore.com\/fr\/wp-json\/wp\/v2\/posts\/169649\/revisions"}],"predecessor-version":[{"id":183414,"href":"https:\/\/tourtravelandmore.com\/fr\/wp-json\/wp\/v2\/posts\/169649\/revisions\/183414"}],"wp:featuredmedia":[{"embeddable":true,"href":"https:\/\/tourtravelandmore.com\/fr\/wp-json\/wp\/v2\/media\/169646"}],"wp:attachment":[{"href":"https:\/\/tourtravelandmore.com\/fr\/wp-json\/wp\/v2\/media?parent=169649"}],"wp:term":[{"taxonomy":"category","embeddable":true,"href":"https:\/\/tourtravelandmore.com\/fr\/wp-json\/wp\/v2\/categories?post=169649"},{"taxonomy":"post_tag","embeddable":true,"href":"https:\/\/tourtravelandmore.com\/fr\/wp-json\/wp\/v2\/tags?post=169649"}],"curies":[{"name":"wp","href":"https:\/\/api.w.org\/{rel}","templated":true}]}}