{"id":167916,"date":"2023-05-20T01:03:48","date_gmt":"2023-05-19T23:03:48","guid":{"rendered":"https:\/\/tourtravelandmore.com\/?p=167916"},"modified":"2025-05-16T15:45:28","modified_gmt":"2025-05-16T13:45:28","slug":"can-feliu-majorque-la-ou-la-lune-parle-aux-vignobles","status":"publish","type":"post","link":"https:\/\/tourtravelandmore.com\/fr\/can-feliu-majorque-la-ou-la-lune-parle-aux-vignobles\/","title":{"rendered":"<strong>Can Feliu, Majorque : l\u00e0 o\u00f9 la lune parle aux vignobles<\/strong>"},"content":{"rendered":"\n<div class=\"wp-block-yoast-seo-table-of-contents yoast-table-of-contents\"><h2>Table of contents<\/h2><ul><li><a href=\"#h-un-toast-l-histoire\" data-level=\"2\">Un toast \u00e0 l&#8217;histoire<\/a><\/li><li><a href=\"#h-la-rencontre-magique-entre-la-lune-et-les-vignobles\" data-level=\"2\">La rencontre magique entre la lune et les vignobles<\/a><\/li><li><a href=\"#h-la-passion-dans-chaque-verre\" data-level=\"2\">La passion dans chaque verre<\/a><\/li><li><a href=\"#h-d-tente-et-gastronomie\" data-level=\"2\">D\u00e9tente et gastronomie<\/a><\/li><\/ul><\/div>\n\n\n\n<p>Bienvenue \u00e0 tous les voyageurs passionn\u00e9s \u00e0 la recherche d&#8217;une exp\u00e9rience inoubliable sur la belle \u00eele de Majorque ! \u00c0 cette occasion, Tour Travel &amp; More a le plaisir de vous pr\u00e9senter un lieu magique o\u00f9 la lune rencontre les vignobles : Can Feliu. Si vous \u00eates amateur de bon vin, de nature exub\u00e9rante et de tranquillit\u00e9, cet endroit vous conquerra d\u00e8s le premier instant. Pr\u00e9parez-vous \u00e0 vous immerger dans un voyage sensoriel unique au sein d&#8217;un domaine viticole qui vous laissera bouche b\u00e9e. Rejoignez-nous pour d\u00e9couvrir Can Feliu et ses secrets les mieux gard\u00e9s ! <a href=\"https:\/\/tourtravelandmore.com\/fr\/\">Consultez nos visites priv\u00e9es ici !&nbsp;<\/a><\/p>\n\n\n\n<h2 class=\"wp-block-heading\" id=\"h-un-toast-l-histoire\"><strong>Un toast \u00e0 l&#8217;histoire<\/strong><\/h2>\n\n\n\n<p>Avant de se lancer dans cette aventure viticole, il est essentiel de conna\u00eetre la riche histoire qui entoure Can Feliu. Ce domaine s&#8217;enorgueillit d&#8217;une tradition viticole vieille de plusieurs si\u00e8cles, o\u00f9 chaque verre de vin est une fusion parfaite entre le pass\u00e9 et le pr\u00e9sent. Les vignobles qui s&#8217;\u00e9tendent sur ses terres ont vu des g\u00e9n\u00e9rations de vignerons passionn\u00e9s perfectionner l&#8217;art de la vinification. \u00c0 Can Feliu, les racines de la tradition se m\u00ealent aux techniques les plus innovantes pour cr\u00e9er des vins de renomm\u00e9e mondiale.<\/p>\n\n\n\n<h2 class=\"wp-block-heading\" id=\"h-la-rencontre-magique-entre-la-lune-et-les-vignobles\"><strong>La rencontre magique entre la lune et les vignobles<\/strong><\/h2>\n\n\n\n<p>Can Feliu poss\u00e8de un charme particulier qui s&#8217;intensifie sous la lueur nocturne de la lune. La combinaison de sols fertiles et de climat m\u00e9diterran\u00e9en offre les conditions id\u00e9ales pour la culture des raisins les plus exquis. Au cours de la visite des vignobles, vous pourrez vous d\u00e9lecter de l&#8217;ar\u00f4me enivrant des raisins m\u00fbrs et admirer la danse d\u00e9licate des vignes dans le vent. Mais la v\u00e9ritable magie op\u00e8re lorsque le soleil se couche et que la lune illumine les champs, cr\u00e9ant un d\u00e9cor de r\u00eave o\u00f9 la nature et la nuit se rencontrent en parfaite harmonie.<\/p>\n\n\n\n<h2 class=\"wp-block-heading\" id=\"h-la-passion-dans-chaque-verre\"><strong>La passion dans chaque verre<\/strong><\/h2>\n\n\n\n<figure class=\"wp-block-image size-large\"><img fetchpriority=\"high\" decoding=\"async\" width=\"1024\" height=\"568\" src=\"https:\/\/tourtravelandmore.com\/wp-content\/uploads\/2023\/05\/image-72-1024x568.png\" alt=\"\" class=\"wp-image-167923\" srcset=\"https:\/\/tourtravelandmore.com\/wp-content\/uploads\/2023\/05\/image-72-1024x568.png 1024w, https:\/\/tourtravelandmore.com\/wp-content\/uploads\/2023\/05\/image-72-300x166.png 300w, https:\/\/tourtravelandmore.com\/wp-content\/uploads\/2023\/05\/image-72-768x426.png 768w, https:\/\/tourtravelandmore.com\/wp-content\/uploads\/2023\/05\/image-72-680x377.png 680w, https:\/\/tourtravelandmore.com\/wp-content\/uploads\/2023\/05\/image-72-595x330.png 595w, https:\/\/tourtravelandmore.com\/wp-content\/uploads\/2023\/05\/image-72.png 1050w\" sizes=\"(max-width: 1024px) 100vw, 1024px\" \/><\/figure>\n\n\n\n<p>Une visite \u00e0 Can Feliu ne serait pas compl\u00e8te sans une d\u00e9gustation de ses vins s\u00e9lectionn\u00e9s. Accompagn\u00e9 d&#8217;\u0153nologues experts, vous d\u00e9couvrirez la passion et le soin apport\u00e9s \u00e0 chaque bouteille qui sort de cette cave. Vous pourrez go\u00fbter des vari\u00e9t\u00e9s telles que le Tempranillo, doux et fruit\u00e9, le Cabernet Sauvignon, \u00e9l\u00e9gant et complexe, ou le Chardonnay, rafra\u00eechissant et vibrant. Chaque gorg\u00e9e vous transportera dans un monde de sensations, o\u00f9 les saveurs se m\u00ealent aux souvenirs et aux \u00e9motions. Portons un toast \u00e0 la vie et \u00e0 Can Feliu !<\/p>\n\n\n\n<h2 class=\"wp-block-heading\" id=\"h-d-tente-et-gastronomie\"><strong>D\u00e9tente et gastronomie<\/strong><\/h2>\n\n\n\n<p>En plus d&#8217;\u00eatre un paradis pour les amateurs de vin, Can Feliu offre une oasis de tranquillit\u00e9 et de beaut\u00e9 naturelle. Apr\u00e8s la d\u00e9gustation, vous pourrez vous d\u00e9tendre dans les jardins luxuriants, admirer les vues panoramiques et vous rapprocher de l&#8217;essence de Majorque tout en savourant un d\u00e9licieux accord de vin et de gastronomie locale. Le restaurant du domaine offre une exp\u00e9rience culinaire unique, o\u00f9 des ingr\u00e9dients frais et de saison sont associ\u00e9s aux techniques les plus innovantes. Des plats traditionnels majorquins aux cr\u00e9ations contemporaines, chaque bouch\u00e9e est un hommage \u00e0 la terre et \u00e0 la mer.<\/p>\n\n\n\n<figure class=\"wp-block-image size-large\"><img decoding=\"async\" width=\"1024\" height=\"567\" src=\"https:\/\/tourtravelandmore.com\/wp-content\/uploads\/2023\/05\/image-70-1024x567.png\" alt=\"\" class=\"wp-image-167917\" srcset=\"https:\/\/tourtravelandmore.com\/wp-content\/uploads\/2023\/05\/image-70-1024x567.png 1024w, https:\/\/tourtravelandmore.com\/wp-content\/uploads\/2023\/05\/image-70-300x166.png 300w, https:\/\/tourtravelandmore.com\/wp-content\/uploads\/2023\/05\/image-70-768x425.png 768w, https:\/\/tourtravelandmore.com\/wp-content\/uploads\/2023\/05\/image-70-680x377.png 680w, https:\/\/tourtravelandmore.com\/wp-content\/uploads\/2023\/05\/image-70-595x330.png 595w, https:\/\/tourtravelandmore.com\/wp-content\/uploads\/2023\/05\/image-70.png 1170w\" sizes=\"(max-width: 1024px) 100vw, 1024px\" \/><\/figure>\n\n\n\n<p>Le Can Feliu vous invite \u00e9galement \u00e0 d\u00e9couvrir ses activit\u00e9s compl\u00e9mentaires. Vous pouvez participer \u00e0 des d\u00e9gustations \u00e0 th\u00e8me, o\u00f9 vous apprendrez la diversit\u00e9 des vins et comment les associer \u00e0 diff\u00e9rents plats. Vous pouvez \u00e9galement vous immerger dans l&#8217;art de la vinification gr\u00e2ce \u00e0 des ateliers pratiques, au cours desquels vous pourrez fouler le raisin et d\u00e9couvrir le processus de vinification de premi\u00e8re main. Et si vous souhaitez emporter un petit morceau de Can Feliu avec vous, son magasin de vins propose une gamme de vins soigneusement s\u00e9lectionn\u00e9s que vous pourrez d\u00e9guster chez vous ou offrir \u00e0 vos proches.<\/p>\n\n\n\n<p>Can Feliu est bien plus qu&#8217;un simple domaine viticole ; c&#8217;est un lieu o\u00f9 la passion, la nature et l&#8217;histoire se m\u00ealent pour cr\u00e9er une exp\u00e9rience inoubliable. Si vous souhaitez \u00e9chapper \u00e0 la routine, vous immerger dans la culture du vin et \u00eatre captiv\u00e9 par la beaut\u00e9 de Majorque, Can Feliu est la destination id\u00e9ale. Laissez-vous emporter par la magie de la lune qui parle aux vignes et d\u00e9couvrez un univers de saveurs et d&#8217;\u00e9motions.<\/p>\n\n\n\n<figure class=\"wp-block-image size-large\"><img decoding=\"async\" width=\"1024\" height=\"568\" src=\"https:\/\/tourtravelandmore.com\/wp-content\/uploads\/2023\/05\/image-71-1024x568.png\" alt=\"\" class=\"wp-image-167920\" srcset=\"https:\/\/tourtravelandmore.com\/wp-content\/uploads\/2023\/05\/image-71-1024x568.png 1024w, https:\/\/tourtravelandmore.com\/wp-content\/uploads\/2023\/05\/image-71-300x166.png 300w, https:\/\/tourtravelandmore.com\/wp-content\/uploads\/2023\/05\/image-71-768x426.png 768w, https:\/\/tourtravelandmore.com\/wp-content\/uploads\/2023\/05\/image-71-680x377.png 680w, https:\/\/tourtravelandmore.com\/wp-content\/uploads\/2023\/05\/image-71-595x330.png 595w, https:\/\/tourtravelandmore.com\/wp-content\/uploads\/2023\/05\/image-71.png 1170w\" sizes=\"(max-width: 1024px) 100vw, 1024px\" \/><\/figure>\n\n\n\n<p>Chez Tour Travel &amp; More, nous sommes ravis de vous offrir la possibilit\u00e9 de d\u00e9couvrir ce tr\u00e9sor cach\u00e9 de l&#8217;\u00eele de Majorque. Nos experts en voyages seront ravis de vous aider \u00e0 planifier votre visite \u00e0 Can Feliu, en vous garantissant une exp\u00e9rience inoubliable, pleine d&#8217;authenticit\u00e9 et de charme. Ne manquez pas l&#8217;occasion de vous immerger dans ce paradis du vin et de d\u00e9couvrir l&#8217;histoire et la passion qui se cachent dans chaque bouteille de Can Feliu.<\/p>\n\n\n\n<p>Pr\u00e9parez-vous \u00e0 une aventure \u0153nologique qui \u00e9veillera vos sens et vous emm\u00e8nera dans un endroit o\u00f9 la lune parle aux vignes !<\/p>\n","protected":false},"excerpt":{"rendered":"<p>Can Feliu, \u00e0 Majorque, est la destination id\u00e9ale pour les amateurs de vin et de nature. D\u00e9couvrez un domaine viticole riche d&#8217;une tradition s\u00e9culaire, o\u00f9 la magie de la lune se m\u00eale \u00e0 celle des vignobles. Profitez de d\u00e9gustations, d&#8217;accords mets-vins et de moments de d\u00e9tente dans un cadre enchanteur. Planifiez votre visite \u00e0 Can Feliu avec Tour Travel &#038; More et vivez une exp\u00e9rience inoubliable sur la belle \u00eele de Majorque.<\/p>\n","protected":false},"author":2,"featured_media":167891,"comment_status":"open","ping_status":"open","sticky":false,"template":"","format":"standard","meta":{"_acf_changed":false,"footnotes":""},"categories":[3962,3914,4407,2395],"tags":[],"class_list":["post-167916","post","type-post","status-publish","format-standard","has-post-thumbnail","hentry","category-espagne","category-europe-fr","category-majorque","category-non-classifiee"],"acf":[],"yoast_head":"<!-- This site is optimized with the Yoast SEO Premium plugin v25.3.1 (Yoast SEO v25.3.1) - https:\/\/yoast.com\/wordpress\/plugins\/seo\/ -->\n<title>Can Feliu, \u00e0 Majorque : l\u00e0 o\u00f9 la lune parle aux vignes | Tour Travel &amp; More<\/title>\n<meta name=\"description\" content=\"D\u00e9couvrez Can Feliu, un domaine viticole de Majorque o\u00f9 la lune rencontre les vignobles. Plongez dans une exp\u00e9rience \u0153nologique unique, d\u00e9gustez des vins exquis et profitez de la tranquillit\u00e9 de ses paysages.\" \/>\n<meta name=\"robots\" content=\"index, follow, max-snippet:-1, max-image-preview:large, max-video-preview:-1\" \/>\n<link rel=\"canonical\" href=\"https:\/\/tourtravelandmore.com\/fr\/can-feliu-majorque-la-ou-la-lune-parle-aux-vignobles\/\" \/>\n<meta property=\"og:locale\" content=\"fr_FR\" \/>\n<meta property=\"og:type\" content=\"article\" \/>\n<meta property=\"og:title\" content=\"Can Feliu, Majorque : l\u00e0 o\u00f9 la lune parle aux vignobles\" \/>\n<meta property=\"og:description\" content=\"D\u00e9couvrez Can Feliu, un domaine viticole de Majorque o\u00f9 la lune rencontre les vignobles. Plongez dans une exp\u00e9rience \u0153nologique unique, d\u00e9gustez des vins exquis et profitez de la tranquillit\u00e9 de ses paysages.\" \/>\n<meta property=\"og:url\" content=\"https:\/\/tourtravelandmore.com\/fr\/can-feliu-majorque-la-ou-la-lune-parle-aux-vignobles\/\" \/>\n<meta property=\"og:site_name\" content=\"Tour Travel And More\" \/>\n<meta property=\"article:publisher\" content=\"https:\/\/www.facebook.com\/tourtravelandmore\/\" \/>\n<meta property=\"article:published_time\" content=\"2023-05-19T23:03:48+00:00\" \/>\n<meta property=\"article:modified_time\" content=\"2025-05-16T13:45:28+00:00\" \/>\n<meta property=\"og:image\" content=\"https:\/\/tourtravelandmore.com\/wp-content\/uploads\/2023\/05\/image-62.png\" \/>\n\t<meta property=\"og:image:width\" content=\"1050\" \/>\n\t<meta property=\"og:image:height\" content=\"582\" \/>\n\t<meta property=\"og:image:type\" content=\"image\/png\" \/>\n<meta name=\"author\" content=\"Maya Nader Harati\" \/>\n<meta name=\"twitter:card\" content=\"summary_large_image\" \/>\n<meta name=\"twitter:creator\" content=\"@TourTravel_More\" \/>\n<meta name=\"twitter:site\" content=\"@TourTravel_More\" \/>\n<meta name=\"twitter:label1\" content=\"\u00c9crit par\" \/>\n\t<meta name=\"twitter:data1\" content=\"Maya Nader Harati\" \/>\n\t<meta name=\"twitter:label2\" content=\"Dur\u00e9e de lecture estim\u00e9e\" \/>\n\t<meta name=\"twitter:data2\" content=\"4 minutes\" \/>\n<script type=\"application\/ld+json\" class=\"yoast-schema-graph\">{\"@context\":\"https:\/\/schema.org\",\"@graph\":[{\"@type\":\"Article\",\"@id\":\"https:\/\/tourtravelandmore.com\/fr\/can-feliu-majorque-la-ou-la-lune-parle-aux-vignobles\/#article\",\"isPartOf\":{\"@id\":\"https:\/\/tourtravelandmore.com\/fr\/can-feliu-majorque-la-ou-la-lune-parle-aux-vignobles\/\"},\"author\":{\"name\":\"Maya Nader Harati\",\"@id\":\"https:\/\/tourtravelandmore.com\/fr\/#\/schema\/person\/2a1c66d76ae9290a394e8efb4af12e1e\"},\"headline\":\"Can Feliu, Majorque : l\u00e0 o\u00f9 la lune parle aux vignobles\",\"datePublished\":\"2023-05-19T23:03:48+00:00\",\"dateModified\":\"2025-05-16T13:45:28+00:00\",\"mainEntityOfPage\":{\"@id\":\"https:\/\/tourtravelandmore.com\/fr\/can-feliu-majorque-la-ou-la-lune-parle-aux-vignobles\/\"},\"wordCount\":871,\"commentCount\":0,\"publisher\":{\"@id\":\"https:\/\/tourtravelandmore.com\/fr\/#organization\"},\"image\":{\"@id\":\"https:\/\/tourtravelandmore.com\/fr\/can-feliu-majorque-la-ou-la-lune-parle-aux-vignobles\/#primaryimage\"},\"thumbnailUrl\":\"https:\/\/tourtravelandmore.com\/wp-content\/uploads\/2023\/05\/image-62.png\",\"articleSection\":[\"Espagne\",\"Europe\",\"Majorque\",\"Non classifi\u00e9(e)\"],\"inLanguage\":\"fr-FR\",\"potentialAction\":[{\"@type\":\"CommentAction\",\"name\":\"Comment\",\"target\":[\"https:\/\/tourtravelandmore.com\/fr\/can-feliu-majorque-la-ou-la-lune-parle-aux-vignobles\/#respond\"]}],\"accessibilityFeature\":[\"tableOfContents\"]},{\"@type\":\"WebPage\",\"@id\":\"https:\/\/tourtravelandmore.com\/fr\/can-feliu-majorque-la-ou-la-lune-parle-aux-vignobles\/\",\"url\":\"https:\/\/tourtravelandmore.com\/fr\/can-feliu-majorque-la-ou-la-lune-parle-aux-vignobles\/\",\"name\":\"Can Feliu, \u00e0 Majorque : l\u00e0 o\u00f9 la lune parle aux vignes | Tour Travel & More\",\"isPartOf\":{\"@id\":\"https:\/\/tourtravelandmore.com\/fr\/#website\"},\"primaryImageOfPage\":{\"@id\":\"https:\/\/tourtravelandmore.com\/fr\/can-feliu-majorque-la-ou-la-lune-parle-aux-vignobles\/#primaryimage\"},\"image\":{\"@id\":\"https:\/\/tourtravelandmore.com\/fr\/can-feliu-majorque-la-ou-la-lune-parle-aux-vignobles\/#primaryimage\"},\"thumbnailUrl\":\"https:\/\/tourtravelandmore.com\/wp-content\/uploads\/2023\/05\/image-62.png\",\"datePublished\":\"2023-05-19T23:03:48+00:00\",\"dateModified\":\"2025-05-16T13:45:28+00:00\",\"description\":\"D\u00e9couvrez Can Feliu, un domaine viticole de Majorque o\u00f9 la lune rencontre les vignobles. Plongez dans une exp\u00e9rience \u0153nologique unique, d\u00e9gustez des vins exquis et profitez de la tranquillit\u00e9 de ses paysages.\",\"breadcrumb\":{\"@id\":\"https:\/\/tourtravelandmore.com\/fr\/can-feliu-majorque-la-ou-la-lune-parle-aux-vignobles\/#breadcrumb\"},\"inLanguage\":\"fr-FR\",\"potentialAction\":[{\"@type\":\"ReadAction\",\"target\":[\"https:\/\/tourtravelandmore.com\/fr\/can-feliu-majorque-la-ou-la-lune-parle-aux-vignobles\/\"]}]},{\"@type\":\"ImageObject\",\"inLanguage\":\"fr-FR\",\"@id\":\"https:\/\/tourtravelandmore.com\/fr\/can-feliu-majorque-la-ou-la-lune-parle-aux-vignobles\/#primaryimage\",\"url\":\"https:\/\/tourtravelandmore.com\/wp-content\/uploads\/2023\/05\/image-62.png\",\"contentUrl\":\"https:\/\/tourtravelandmore.com\/wp-content\/uploads\/2023\/05\/image-62.png\",\"width\":1050,\"height\":582},{\"@type\":\"BreadcrumbList\",\"@id\":\"https:\/\/tourtravelandmore.com\/fr\/can-feliu-majorque-la-ou-la-lune-parle-aux-vignobles\/#breadcrumb\",\"itemListElement\":[{\"@type\":\"ListItem\",\"position\":1,\"name\":\"Home\",\"item\":\"https:\/\/tourtravelandmore.com\/fr\/\"},{\"@type\":\"ListItem\",\"position\":2,\"name\":\"Can Feliu, Majorque : l\u00e0 o\u00f9 la lune parle aux vignobles\"}]},{\"@type\":\"WebSite\",\"@id\":\"https:\/\/tourtravelandmore.com\/fr\/#website\",\"url\":\"https:\/\/tourtravelandmore.com\/fr\/\",\"name\":\"Tour Travel And More\",\"description\":\"Private sightseeing tours and luxury transfers in Spain\",\"publisher\":{\"@id\":\"https:\/\/tourtravelandmore.com\/fr\/#organization\"},\"potentialAction\":[{\"@type\":\"SearchAction\",\"target\":{\"@type\":\"EntryPoint\",\"urlTemplate\":\"https:\/\/tourtravelandmore.com\/fr\/?s={search_term_string}\"},\"query-input\":{\"@type\":\"PropertyValueSpecification\",\"valueRequired\":true,\"valueName\":\"search_term_string\"}}],\"inLanguage\":\"fr-FR\"},{\"@type\":\"Organization\",\"@id\":\"https:\/\/tourtravelandmore.com\/fr\/#organization\",\"name\":\"Tour Travel And More\",\"url\":\"https:\/\/tourtravelandmore.com\/fr\/\",\"logo\":{\"@type\":\"ImageObject\",\"inLanguage\":\"fr-FR\",\"@id\":\"https:\/\/tourtravelandmore.com\/fr\/#\/schema\/logo\/image\/\",\"url\":\"https:\/\/tourtravelandmore.com\/wp-content\/uploads\/2022\/12\/cropped-logo-cabecera-new.png\",\"contentUrl\":\"https:\/\/tourtravelandmore.com\/wp-content\/uploads\/2022\/12\/cropped-logo-cabecera-new.png\",\"width\":430,\"height\":61,\"caption\":\"Tour Travel And More\"},\"image\":{\"@id\":\"https:\/\/tourtravelandmore.com\/fr\/#\/schema\/logo\/image\/\"},\"sameAs\":[\"https:\/\/www.facebook.com\/tourtravelandmore\/\",\"https:\/\/x.com\/TourTravel_More\"]},{\"@type\":\"Person\",\"@id\":\"https:\/\/tourtravelandmore.com\/fr\/#\/schema\/person\/2a1c66d76ae9290a394e8efb4af12e1e\",\"name\":\"Maya Nader Harati\",\"image\":{\"@type\":\"ImageObject\",\"inLanguage\":\"fr-FR\",\"@id\":\"https:\/\/tourtravelandmore.com\/fr\/#\/schema\/person\/image\/\",\"url\":\"https:\/\/secure.gravatar.com\/avatar\/adc2305883b6f86a616354c0c4516fcd9a333d5f5a0806d9d1ae9b30f898fa1f?s=96&d=mm&r=g\",\"contentUrl\":\"https:\/\/secure.gravatar.com\/avatar\/adc2305883b6f86a616354c0c4516fcd9a333d5f5a0806d9d1ae9b30f898fa1f?s=96&d=mm&r=g\",\"caption\":\"Maya Nader Harati\"},\"description\":\"Cultural Destination Specialist & Travel Chronicler. Maya doesn\u2019t just travel the world; she translates it.\",\"sameAs\":[\"https:\/\/tourtravelandmore.com\/author-profile-maya-nader-harati\/\"]}]}<\/script>\n<!-- \/ Yoast SEO Premium plugin. -->","yoast_head_json":{"title":"Can Feliu, \u00e0 Majorque : l\u00e0 o\u00f9 la lune parle aux vignes | Tour Travel & More","description":"D\u00e9couvrez Can Feliu, un domaine viticole de Majorque o\u00f9 la lune rencontre les vignobles. Plongez dans une exp\u00e9rience \u0153nologique unique, d\u00e9gustez des vins exquis et profitez de la tranquillit\u00e9 de ses paysages.","robots":{"index":"index","follow":"follow","max-snippet":"max-snippet:-1","max-image-preview":"max-image-preview:large","max-video-preview":"max-video-preview:-1"},"canonical":"https:\/\/tourtravelandmore.com\/fr\/can-feliu-majorque-la-ou-la-lune-parle-aux-vignobles\/","og_locale":"fr_FR","og_type":"article","og_title":"Can Feliu, Majorque : l\u00e0 o\u00f9 la lune parle aux vignobles","og_description":"D\u00e9couvrez Can Feliu, un domaine viticole de Majorque o\u00f9 la lune rencontre les vignobles. Plongez dans une exp\u00e9rience \u0153nologique unique, d\u00e9gustez des vins exquis et profitez de la tranquillit\u00e9 de ses paysages.","og_url":"https:\/\/tourtravelandmore.com\/fr\/can-feliu-majorque-la-ou-la-lune-parle-aux-vignobles\/","og_site_name":"Tour Travel And More","article_publisher":"https:\/\/www.facebook.com\/tourtravelandmore\/","article_published_time":"2023-05-19T23:03:48+00:00","article_modified_time":"2025-05-16T13:45:28+00:00","og_image":[{"width":1050,"height":582,"url":"https:\/\/tourtravelandmore.com\/wp-content\/uploads\/2023\/05\/image-62.png","type":"image\/png"}],"author":"Maya Nader Harati","twitter_card":"summary_large_image","twitter_creator":"@TourTravel_More","twitter_site":"@TourTravel_More","twitter_misc":{"\u00c9crit par":"Maya Nader Harati","Dur\u00e9e de lecture estim\u00e9e":"4 minutes"},"schema":{"@context":"https:\/\/schema.org","@graph":[{"@type":"Article","@id":"https:\/\/tourtravelandmore.com\/fr\/can-feliu-majorque-la-ou-la-lune-parle-aux-vignobles\/#article","isPartOf":{"@id":"https:\/\/tourtravelandmore.com\/fr\/can-feliu-majorque-la-ou-la-lune-parle-aux-vignobles\/"},"author":{"name":"Maya Nader Harati","@id":"https:\/\/tourtravelandmore.com\/fr\/#\/schema\/person\/2a1c66d76ae9290a394e8efb4af12e1e"},"headline":"Can Feliu, Majorque : l\u00e0 o\u00f9 la lune parle aux vignobles","datePublished":"2023-05-19T23:03:48+00:00","dateModified":"2025-05-16T13:45:28+00:00","mainEntityOfPage":{"@id":"https:\/\/tourtravelandmore.com\/fr\/can-feliu-majorque-la-ou-la-lune-parle-aux-vignobles\/"},"wordCount":871,"commentCount":0,"publisher":{"@id":"https:\/\/tourtravelandmore.com\/fr\/#organization"},"image":{"@id":"https:\/\/tourtravelandmore.com\/fr\/can-feliu-majorque-la-ou-la-lune-parle-aux-vignobles\/#primaryimage"},"thumbnailUrl":"https:\/\/tourtravelandmore.com\/wp-content\/uploads\/2023\/05\/image-62.png","articleSection":["Espagne","Europe","Majorque","Non classifi\u00e9(e)"],"inLanguage":"fr-FR","potentialAction":[{"@type":"CommentAction","name":"Comment","target":["https:\/\/tourtravelandmore.com\/fr\/can-feliu-majorque-la-ou-la-lune-parle-aux-vignobles\/#respond"]}],"accessibilityFeature":["tableOfContents"]},{"@type":"WebPage","@id":"https:\/\/tourtravelandmore.com\/fr\/can-feliu-majorque-la-ou-la-lune-parle-aux-vignobles\/","url":"https:\/\/tourtravelandmore.com\/fr\/can-feliu-majorque-la-ou-la-lune-parle-aux-vignobles\/","name":"Can Feliu, \u00e0 Majorque : l\u00e0 o\u00f9 la lune parle aux vignes | Tour Travel & More","isPartOf":{"@id":"https:\/\/tourtravelandmore.com\/fr\/#website"},"primaryImageOfPage":{"@id":"https:\/\/tourtravelandmore.com\/fr\/can-feliu-majorque-la-ou-la-lune-parle-aux-vignobles\/#primaryimage"},"image":{"@id":"https:\/\/tourtravelandmore.com\/fr\/can-feliu-majorque-la-ou-la-lune-parle-aux-vignobles\/#primaryimage"},"thumbnailUrl":"https:\/\/tourtravelandmore.com\/wp-content\/uploads\/2023\/05\/image-62.png","datePublished":"2023-05-19T23:03:48+00:00","dateModified":"2025-05-16T13:45:28+00:00","description":"D\u00e9couvrez Can Feliu, un domaine viticole de Majorque o\u00f9 la lune rencontre les vignobles. Plongez dans une exp\u00e9rience \u0153nologique unique, d\u00e9gustez des vins exquis et profitez de la tranquillit\u00e9 de ses paysages.","breadcrumb":{"@id":"https:\/\/tourtravelandmore.com\/fr\/can-feliu-majorque-la-ou-la-lune-parle-aux-vignobles\/#breadcrumb"},"inLanguage":"fr-FR","potentialAction":[{"@type":"ReadAction","target":["https:\/\/tourtravelandmore.com\/fr\/can-feliu-majorque-la-ou-la-lune-parle-aux-vignobles\/"]}]},{"@type":"ImageObject","inLanguage":"fr-FR","@id":"https:\/\/tourtravelandmore.com\/fr\/can-feliu-majorque-la-ou-la-lune-parle-aux-vignobles\/#primaryimage","url":"https:\/\/tourtravelandmore.com\/wp-content\/uploads\/2023\/05\/image-62.png","contentUrl":"https:\/\/tourtravelandmore.com\/wp-content\/uploads\/2023\/05\/image-62.png","width":1050,"height":582},{"@type":"BreadcrumbList","@id":"https:\/\/tourtravelandmore.com\/fr\/can-feliu-majorque-la-ou-la-lune-parle-aux-vignobles\/#breadcrumb","itemListElement":[{"@type":"ListItem","position":1,"name":"Home","item":"https:\/\/tourtravelandmore.com\/fr\/"},{"@type":"ListItem","position":2,"name":"Can Feliu, Majorque : l\u00e0 o\u00f9 la lune parle aux vignobles"}]},{"@type":"WebSite","@id":"https:\/\/tourtravelandmore.com\/fr\/#website","url":"https:\/\/tourtravelandmore.com\/fr\/","name":"Tour Travel And More","description":"Private sightseeing tours and luxury transfers in Spain","publisher":{"@id":"https:\/\/tourtravelandmore.com\/fr\/#organization"},"potentialAction":[{"@type":"SearchAction","target":{"@type":"EntryPoint","urlTemplate":"https:\/\/tourtravelandmore.com\/fr\/?s={search_term_string}"},"query-input":{"@type":"PropertyValueSpecification","valueRequired":true,"valueName":"search_term_string"}}],"inLanguage":"fr-FR"},{"@type":"Organization","@id":"https:\/\/tourtravelandmore.com\/fr\/#organization","name":"Tour Travel And More","url":"https:\/\/tourtravelandmore.com\/fr\/","logo":{"@type":"ImageObject","inLanguage":"fr-FR","@id":"https:\/\/tourtravelandmore.com\/fr\/#\/schema\/logo\/image\/","url":"https:\/\/tourtravelandmore.com\/wp-content\/uploads\/2022\/12\/cropped-logo-cabecera-new.png","contentUrl":"https:\/\/tourtravelandmore.com\/wp-content\/uploads\/2022\/12\/cropped-logo-cabecera-new.png","width":430,"height":61,"caption":"Tour Travel And More"},"image":{"@id":"https:\/\/tourtravelandmore.com\/fr\/#\/schema\/logo\/image\/"},"sameAs":["https:\/\/www.facebook.com\/tourtravelandmore\/","https:\/\/x.com\/TourTravel_More"]},{"@type":"Person","@id":"https:\/\/tourtravelandmore.com\/fr\/#\/schema\/person\/2a1c66d76ae9290a394e8efb4af12e1e","name":"Maya Nader Harati","image":{"@type":"ImageObject","inLanguage":"fr-FR","@id":"https:\/\/tourtravelandmore.com\/fr\/#\/schema\/person\/image\/","url":"https:\/\/secure.gravatar.com\/avatar\/adc2305883b6f86a616354c0c4516fcd9a333d5f5a0806d9d1ae9b30f898fa1f?s=96&d=mm&r=g","contentUrl":"https:\/\/secure.gravatar.com\/avatar\/adc2305883b6f86a616354c0c4516fcd9a333d5f5a0806d9d1ae9b30f898fa1f?s=96&d=mm&r=g","caption":"Maya Nader Harati"},"description":"Cultural Destination Specialist & Travel Chronicler. Maya doesn\u2019t just travel the world; she translates it.","sameAs":["https:\/\/tourtravelandmore.com\/author-profile-maya-nader-harati\/"]}]}},"_links":{"self":[{"href":"https:\/\/tourtravelandmore.com\/fr\/wp-json\/wp\/v2\/posts\/167916","targetHints":{"allow":["GET"]}}],"collection":[{"href":"https:\/\/tourtravelandmore.com\/fr\/wp-json\/wp\/v2\/posts"}],"about":[{"href":"https:\/\/tourtravelandmore.com\/fr\/wp-json\/wp\/v2\/types\/post"}],"author":[{"embeddable":true,"href":"https:\/\/tourtravelandmore.com\/fr\/wp-json\/wp\/v2\/users\/2"}],"replies":[{"embeddable":true,"href":"https:\/\/tourtravelandmore.com\/fr\/wp-json\/wp\/v2\/comments?post=167916"}],"version-history":[{"count":1,"href":"https:\/\/tourtravelandmore.com\/fr\/wp-json\/wp\/v2\/posts\/167916\/revisions"}],"predecessor-version":[{"id":183522,"href":"https:\/\/tourtravelandmore.com\/fr\/wp-json\/wp\/v2\/posts\/167916\/revisions\/183522"}],"wp:featuredmedia":[{"embeddable":true,"href":"https:\/\/tourtravelandmore.com\/fr\/wp-json\/wp\/v2\/media\/167891"}],"wp:attachment":[{"href":"https:\/\/tourtravelandmore.com\/fr\/wp-json\/wp\/v2\/media?parent=167916"}],"wp:term":[{"taxonomy":"category","embeddable":true,"href":"https:\/\/tourtravelandmore.com\/fr\/wp-json\/wp\/v2\/categories?post=167916"},{"taxonomy":"post_tag","embeddable":true,"href":"https:\/\/tourtravelandmore.com\/fr\/wp-json\/wp\/v2\/tags?post=167916"}],"curies":[{"name":"wp","href":"https:\/\/api.w.org\/{rel}","templated":true}]}}