{"id":151970,"date":"2023-02-04T05:25:22","date_gmt":"2023-02-04T04:25:22","guid":{"rendered":"https:\/\/tourtravelandmore.com\/?p=151970"},"modified":"2025-05-16T15:51:17","modified_gmt":"2025-05-16T13:51:17","slug":"une-retraite-de-yoga-pour-les-sens-en-sicile","status":"publish","type":"post","link":"https:\/\/tourtravelandmore.com\/fr\/une-retraite-de-yoga-pour-les-sens-en-sicile\/","title":{"rendered":"<strong>Une retraite de yoga pour les sens en Sicile<\/strong>"},"content":{"rendered":"\n<div class=\"wp-block-yoast-seo-table-of-contents yoast-table-of-contents\"><h2>Table of contents<\/h2><ul><li><a href=\"#h-sicile\" data-level=\"2\">Sicile<\/a><\/li><li><a href=\"#h-planeta\" data-level=\"2\">Planeta<\/a><\/li><li><a href=\"#h-ulm\" data-level=\"2\">Ulm<\/a><\/li><li><a href=\"#h-se-sentir-chez-soi\" data-level=\"2\">Se sentir chez soi<\/a><\/li><\/ul><\/div>\n\n\n\n<p>Une retraite de yoga et de vin ? Oui, c&#8217;est possible. En fait, c&#8217;est une exp\u00e9rience inoubliable. Destination suivante.<\/p>\n\n\n\n<p>Lorsque nous pensons \u00e0 une retraite de yoga, nous l&#8217;associons \u00e0 une pratique disciplin\u00e9e du yoga, ainsi qu&#8217;\u00e0 l&#8217;abstention de certains plaisirs afin de rester en forme et en mode &#8220;d\u00e9tox&#8221;.<\/p>\n\n\n\n<p>Alexandra Meffert, fondatrice du centre de mouvement Lichtraum (D\u00fcsseldorf) et experte en yoga Str\u00e4la, sugg\u00e8re quelque chose de diff\u00e9rent : une retraite de yoga sans renoncer aux grands plaisirs de la vie, comme la bonne nourriture et le vin. Nous pouvons dire qu&#8217;apr\u00e8s cinq jours en Sicile avec elle, nous \u00e9tions heureux : dans une sorte de nuage de joie d\u00e9culpabilis\u00e9e. Et certainement plus satisfait.<\/p>\n\n\n\n<h2 class=\"wp-block-heading\" id=\"h-sicile\"><strong>Sicile<\/strong><\/h2>\n\n\n\n<p>La beaut\u00e9 de la Sicile est ind\u00e9niable, et le magnifique domaine de la famille Planeta \u00e0 Menfi, La Foresteria, o\u00f9 Alexandra organise ses retraites &#8220;Yoga for the Senses&#8221;, en est la preuve. Situ\u00e9 \u00e0 100 km au sud de Palerme, La Foresteria est un lieu de s\u00e9jour tr\u00e8s sp\u00e9cial, entour\u00e9 de vignobles et surplombant la mer M\u00e9diterran\u00e9e. Francesca Planeta est responsable de ce projet d&#8217;\u0153notourisme haut de gamme.<\/p>\n\n\n\n<p>Avec ses 14 suites r\u00e9parties autour de magnifiques jardins parfum\u00e9s d&#8217;herbes et de fleurs, La Foresteria est une oasis dans le sud-ouest de la Sicile, \u00e0 proximit\u00e9 des temples de l&#8217;ancienne cit\u00e9 grecque de S\u00e9linonte, moins c\u00e9l\u00e8bre qu&#8217;Agrigente, mais tout aussi impressionnante.<\/p>\n\n\n\n<figure class=\"wp-block-image\"><img decoding=\"async\" src=\"https:\/\/lh6.googleusercontent.com\/rnCIWEkJQ8jz2XCTtmP5i2VsPTBKAGQQM7JRs7dh2Y_neiRFVnCjkqZ_SO-dVjq8zR_Xw92cfjtXc7vM7Po-_l2M-sKsf5yZRL2_istLPa8uqq2OfEXC7MGEQ3u-E26UAdr6coHIEepFbqJd1tUXsAc\" alt=\"\"\/><\/figure>\n\n\n\n<h2 class=\"wp-block-heading\" id=\"h-planeta\"><strong>Planeta<\/strong><\/h2>\n\n\n\n<p>Les Planeta sont les producteurs de vin les plus c\u00e9l\u00e8bres et les plus importants de Sicile. Avec 363 hectares de vignobles r\u00e9partis sur l&#8217;\u00eele, ils produisent une grande vari\u00e9t\u00e9 de vins sur cinq sites diff\u00e9rents : Etna, Noto, Menfi, Vitoria et Capo Milazzo. La famille, dont le nom de famille est d&#8217;origine espagnole, est \u00e9troitement li\u00e9e \u00e0 l&#8217;histoire, aux traditions et \u00e0 la promotion du vin sicilien.<\/p>\n\n\n\n<p>La derni\u00e8re saison de la s\u00e9rie HBO &#8220;The White Lotus&#8221; (qui nous a attir\u00e9s en Sicile) a m\u00eame tourn\u00e9 plusieurs sc\u00e8nes dans leur domaine, ce qui prouve que la famille Planeta est la meilleure r\u00e9f\u00e9rence en mati\u00e8re de vin et d&#8217;\u0153notourisme en Sicile.<\/p>\n\n\n\n<p>Alexandra, une bonne amie de la famille Planeta, propose deux retraites par an dans sa station, une au printemps et une en automne. Ses cours de yoga, ax\u00e9s sur la gestion du stress et la m\u00e9ditation, ont lieu deux fois par jour, le matin et l&#8217;apr\u00e8s-midi. Entre les deux, Alex propose un vaste programme culturel.<\/p>\n\n\n\n<p>La journ\u00e9e commence par une m\u00e9ditation avec Alex, suivie d&#8217;un excellent petit-d\u00e9jeuner \u00e0 la carte. Elle est suivie d&#8217;un cours de yoga le matin. Chaque jour est un peu diff\u00e9rent : si le temps le permet, il se d\u00e9roule sur la terrasse donnant sur la M\u00e9diterran\u00e9e, parfois dans la salle donnant sur les jardins et les vignobles.<\/p>\n\n\n\n<h2 class=\"wp-block-heading\" id=\"h-\"><strong><\/strong><\/h2>\n\n\n\n<h2 class=\"wp-block-heading\" id=\"h-ulm\"><strong>Ulm<\/strong><\/h2>\n\n\n\n<p>Tout aussi m\u00e9morable est la visite d&#8217;un autre domaine familial, Planeta, \u00e0 Ulm, pr\u00e8s de La Foresteria, dans une zone vallonn\u00e9e pleine de vignobles. Ici, apr\u00e8s une promenade dans les vignobles et la cave, nous pourrons d\u00e9guster les nombreuses vari\u00e9t\u00e9s de vin de Planeta : des vins blancs et min\u00e9raux de la r\u00e9gion de l&#8217;Etna aux rouges \u00e9tonnamment cors\u00e9s et complexes.<\/p>\n\n\n\n<p>Puis, \u00e0 une grande table, on nous propose un plat typique de la r\u00e9gion : le timbalo, une sorte de tarte au rag\u00f9, \u00e0 l&#8217;aubergine et \u00e0 la mozzarella. Un vrai d\u00e9lice.<\/p>\n\n\n\n<p>Les cours de cuisine propos\u00e9s par le chef de La Fortesteria, Angeli Pumilia, qui transforme les saveurs traditionnelles de l&#8217;\u00eele en quelque chose de moderne et d&#8217;\u00e9lev\u00e9, constituent une autre exp\u00e9rience amusante. Cette fois, elle nous a appris \u00e0 pr\u00e9parer l&#8217;un des plats les plus typiques : les arancini, une sorte de croquette dont l&#8217;int\u00e9rieur ressemble \u00e0 un risotto avec un centre de fromage fondu. Essayer d&#8217;imiter le chef vous fera rire.<\/p>\n\n\n\n<figure class=\"wp-block-image\"><img decoding=\"async\" src=\"https:\/\/lh3.googleusercontent.com\/GAMTbclqqT_msUvRe2wYplNBGh5cFzyTDip1EPfMbF6jqlVgYGDkBaj5ns7FpOVHPqF85Ts5Vykr8H79bHKJCTFIBQWuDpxUpNZBV4Hm6_SvV8PJLLxvJbg1W5DvHkVsdSWj95SFzWvpKmPHz_Wnv34\" alt=\"\"\/><\/figure>\n\n\n\n<h2 class=\"wp-block-heading\" id=\"h-se-sentir-chez-soi\"><strong>Se sentir chez soi<\/strong><\/h2>\n\n\n\n<p>L&#8217;hospitalit\u00e9 sicilienne vous fera vous sentir comme chez vous et vous appr\u00e9cierez les jardins, les vignobles et le verger avec l&#8217;ar\u00f4me de milliers d&#8217;herbes qui sont ensuite utilis\u00e9es dans la cuisine, les chambres tr\u00e8s confortables et le climat doux (vous permettant de profiter du soleil chaud et de nager dans la piscine, situ\u00e9e au sommet de la propri\u00e9t\u00e9 et offrant des vues panoramiques sur les environs).<\/p>\n\n\n\n<p>En fin d&#8217;apr\u00e8s-midi, Alex dirige toujours un cours de yoga plus doux que le matin, pour des raisons \u00e9videntes. Chaque journ\u00e9e se termine par un d\u00eener et tout le groupe se r\u00e9unit comme une grande famille sicilienne.<\/p>\n","protected":false},"excerpt":{"rendered":"<p>Lorsque nous pensons \u00e0 une retraite de yoga, nous l&#8217;associons \u00e0 une pratique disciplin\u00e9e du yoga, ainsi qu&#8217;\u00e0 l&#8217;abstention de certains plaisirs afin de rester en forme et en mode &#8220;d\u00e9tox&#8221;.<\/p>\n","protected":false},"author":2,"featured_media":151964,"comment_status":"open","ping_status":"open","sticky":false,"template":"","format":"standard","meta":{"_acf_changed":false,"footnotes":""},"categories":[3914,3981,4197],"tags":[],"class_list":["post-151970","post","type-post","status-publish","format-standard","has-post-thumbnail","hentry","category-europe-fr","category-italia-europe-fr","category-sicile"],"acf":[],"yoast_head":"<!-- This site is optimized with the Yoast SEO Premium plugin v25.3.1 (Yoast SEO v25.3.1) - https:\/\/yoast.com\/wordpress\/plugins\/seo\/ -->\n<title>Une retraite de yoga pour les sens en Sicile - Tourtravel &amp;more<\/title>\n<meta name=\"description\" content=\"\u226b Une retraite de yoga et de vin ? Oui, c&#039;est possible. En fait, c&#039;est une exp\u00e9rience inoubliable. Destination suivante. \u226b\" \/>\n<meta name=\"robots\" content=\"index, follow, max-snippet:-1, max-image-preview:large, max-video-preview:-1\" \/>\n<link rel=\"canonical\" href=\"https:\/\/tourtravelandmore.com\/fr\/une-retraite-de-yoga-pour-les-sens-en-sicile\/\" \/>\n<meta property=\"og:locale\" content=\"fr_FR\" \/>\n<meta property=\"og:type\" content=\"article\" \/>\n<meta property=\"og:title\" content=\"Une retraite de yoga pour les sens en Sicile\" \/>\n<meta property=\"og:description\" content=\"\u226b Une retraite de yoga et de vin ? Oui, c&#039;est possible. En fait, c&#039;est une exp\u00e9rience inoubliable. Destination suivante. \u226b\" \/>\n<meta property=\"og:url\" content=\"https:\/\/tourtravelandmore.com\/fr\/une-retraite-de-yoga-pour-les-sens-en-sicile\/\" \/>\n<meta property=\"og:site_name\" content=\"Tour Travel And More\" \/>\n<meta property=\"article:publisher\" content=\"https:\/\/www.facebook.com\/tourtravelandmore\/\" \/>\n<meta property=\"article:published_time\" content=\"2023-02-04T04:25:22+00:00\" \/>\n<meta property=\"article:modified_time\" content=\"2025-05-16T13:51:17+00:00\" \/>\n<meta property=\"og:image\" content=\"https:\/\/tourtravelandmore.com\/wp-content\/uploads\/2023\/02\/image-4.jpeg\" \/>\n\t<meta property=\"og:image:width\" content=\"1254\" \/>\n\t<meta property=\"og:image:height\" content=\"836\" \/>\n\t<meta property=\"og:image:type\" content=\"image\/jpeg\" \/>\n<meta name=\"author\" content=\"Maya Nader Harati\" \/>\n<meta name=\"twitter:card\" content=\"summary_large_image\" \/>\n<meta name=\"twitter:creator\" content=\"@TourTravel_More\" \/>\n<meta name=\"twitter:site\" content=\"@TourTravel_More\" \/>\n<meta name=\"twitter:label1\" content=\"\u00c9crit par\" \/>\n\t<meta name=\"twitter:data1\" content=\"Maya Nader Harati\" \/>\n\t<meta name=\"twitter:label2\" content=\"Dur\u00e9e de lecture estim\u00e9e\" \/>\n\t<meta name=\"twitter:data2\" content=\"4 minutes\" \/>\n<script type=\"application\/ld+json\" class=\"yoast-schema-graph\">{\"@context\":\"https:\/\/schema.org\",\"@graph\":[{\"@type\":\"Article\",\"@id\":\"https:\/\/tourtravelandmore.com\/fr\/une-retraite-de-yoga-pour-les-sens-en-sicile\/#article\",\"isPartOf\":{\"@id\":\"https:\/\/tourtravelandmore.com\/fr\/une-retraite-de-yoga-pour-les-sens-en-sicile\/\"},\"author\":{\"name\":\"Maya Nader Harati\",\"@id\":\"https:\/\/tourtravelandmore.com\/fr\/#\/schema\/person\/2a1c66d76ae9290a394e8efb4af12e1e\"},\"headline\":\"Une retraite de yoga pour les sens en Sicile\",\"datePublished\":\"2023-02-04T04:25:22+00:00\",\"dateModified\":\"2025-05-16T13:51:17+00:00\",\"mainEntityOfPage\":{\"@id\":\"https:\/\/tourtravelandmore.com\/fr\/une-retraite-de-yoga-pour-les-sens-en-sicile\/\"},\"wordCount\":815,\"commentCount\":0,\"publisher\":{\"@id\":\"https:\/\/tourtravelandmore.com\/fr\/#organization\"},\"image\":{\"@id\":\"https:\/\/tourtravelandmore.com\/fr\/une-retraite-de-yoga-pour-les-sens-en-sicile\/#primaryimage\"},\"thumbnailUrl\":\"https:\/\/tourtravelandmore.com\/wp-content\/uploads\/2023\/02\/image-4.jpeg\",\"articleSection\":[\"Europe\",\"Italia\",\"Sicile\"],\"inLanguage\":\"fr-FR\",\"potentialAction\":[{\"@type\":\"CommentAction\",\"name\":\"Comment\",\"target\":[\"https:\/\/tourtravelandmore.com\/fr\/une-retraite-de-yoga-pour-les-sens-en-sicile\/#respond\"]}],\"accessibilityFeature\":[\"tableOfContents\"]},{\"@type\":\"WebPage\",\"@id\":\"https:\/\/tourtravelandmore.com\/fr\/une-retraite-de-yoga-pour-les-sens-en-sicile\/\",\"url\":\"https:\/\/tourtravelandmore.com\/fr\/une-retraite-de-yoga-pour-les-sens-en-sicile\/\",\"name\":\"Une retraite de yoga pour les sens en Sicile - Tourtravel &more\",\"isPartOf\":{\"@id\":\"https:\/\/tourtravelandmore.com\/fr\/#website\"},\"primaryImageOfPage\":{\"@id\":\"https:\/\/tourtravelandmore.com\/fr\/une-retraite-de-yoga-pour-les-sens-en-sicile\/#primaryimage\"},\"image\":{\"@id\":\"https:\/\/tourtravelandmore.com\/fr\/une-retraite-de-yoga-pour-les-sens-en-sicile\/#primaryimage\"},\"thumbnailUrl\":\"https:\/\/tourtravelandmore.com\/wp-content\/uploads\/2023\/02\/image-4.jpeg\",\"datePublished\":\"2023-02-04T04:25:22+00:00\",\"dateModified\":\"2025-05-16T13:51:17+00:00\",\"description\":\"\u226b Une retraite de yoga et de vin ? Oui, c'est possible. En fait, c'est une exp\u00e9rience inoubliable. Destination suivante. \u226b\",\"breadcrumb\":{\"@id\":\"https:\/\/tourtravelandmore.com\/fr\/une-retraite-de-yoga-pour-les-sens-en-sicile\/#breadcrumb\"},\"inLanguage\":\"fr-FR\",\"potentialAction\":[{\"@type\":\"ReadAction\",\"target\":[\"https:\/\/tourtravelandmore.com\/fr\/une-retraite-de-yoga-pour-les-sens-en-sicile\/\"]}]},{\"@type\":\"ImageObject\",\"inLanguage\":\"fr-FR\",\"@id\":\"https:\/\/tourtravelandmore.com\/fr\/une-retraite-de-yoga-pour-les-sens-en-sicile\/#primaryimage\",\"url\":\"https:\/\/tourtravelandmore.com\/wp-content\/uploads\/2023\/02\/image-4.jpeg\",\"contentUrl\":\"https:\/\/tourtravelandmore.com\/wp-content\/uploads\/2023\/02\/image-4.jpeg\",\"width\":1254,\"height\":836},{\"@type\":\"BreadcrumbList\",\"@id\":\"https:\/\/tourtravelandmore.com\/fr\/une-retraite-de-yoga-pour-les-sens-en-sicile\/#breadcrumb\",\"itemListElement\":[{\"@type\":\"ListItem\",\"position\":1,\"name\":\"Home\",\"item\":\"https:\/\/tourtravelandmore.com\/fr\/\"},{\"@type\":\"ListItem\",\"position\":2,\"name\":\"Une retraite de yoga pour les sens en Sicile\"}]},{\"@type\":\"WebSite\",\"@id\":\"https:\/\/tourtravelandmore.com\/fr\/#website\",\"url\":\"https:\/\/tourtravelandmore.com\/fr\/\",\"name\":\"Tour Travel And More\",\"description\":\"Private sightseeing tours and luxury transfers in Spain\",\"publisher\":{\"@id\":\"https:\/\/tourtravelandmore.com\/fr\/#organization\"},\"potentialAction\":[{\"@type\":\"SearchAction\",\"target\":{\"@type\":\"EntryPoint\",\"urlTemplate\":\"https:\/\/tourtravelandmore.com\/fr\/?s={search_term_string}\"},\"query-input\":{\"@type\":\"PropertyValueSpecification\",\"valueRequired\":true,\"valueName\":\"search_term_string\"}}],\"inLanguage\":\"fr-FR\"},{\"@type\":\"Organization\",\"@id\":\"https:\/\/tourtravelandmore.com\/fr\/#organization\",\"name\":\"Tour Travel And More\",\"url\":\"https:\/\/tourtravelandmore.com\/fr\/\",\"logo\":{\"@type\":\"ImageObject\",\"inLanguage\":\"fr-FR\",\"@id\":\"https:\/\/tourtravelandmore.com\/fr\/#\/schema\/logo\/image\/\",\"url\":\"https:\/\/tourtravelandmore.com\/wp-content\/uploads\/2022\/12\/cropped-logo-cabecera-new.png\",\"contentUrl\":\"https:\/\/tourtravelandmore.com\/wp-content\/uploads\/2022\/12\/cropped-logo-cabecera-new.png\",\"width\":430,\"height\":61,\"caption\":\"Tour Travel And More\"},\"image\":{\"@id\":\"https:\/\/tourtravelandmore.com\/fr\/#\/schema\/logo\/image\/\"},\"sameAs\":[\"https:\/\/www.facebook.com\/tourtravelandmore\/\",\"https:\/\/x.com\/TourTravel_More\"]},{\"@type\":\"Person\",\"@id\":\"https:\/\/tourtravelandmore.com\/fr\/#\/schema\/person\/2a1c66d76ae9290a394e8efb4af12e1e\",\"name\":\"Maya Nader Harati\",\"image\":{\"@type\":\"ImageObject\",\"inLanguage\":\"fr-FR\",\"@id\":\"https:\/\/tourtravelandmore.com\/fr\/#\/schema\/person\/image\/\",\"url\":\"https:\/\/secure.gravatar.com\/avatar\/adc2305883b6f86a616354c0c4516fcd9a333d5f5a0806d9d1ae9b30f898fa1f?s=96&d=mm&r=g\",\"contentUrl\":\"https:\/\/secure.gravatar.com\/avatar\/adc2305883b6f86a616354c0c4516fcd9a333d5f5a0806d9d1ae9b30f898fa1f?s=96&d=mm&r=g\",\"caption\":\"Maya Nader Harati\"},\"description\":\"Cultural Destination Specialist & Travel Chronicler. Maya doesn\u2019t just travel the world; she translates it.\",\"sameAs\":[\"https:\/\/tourtravelandmore.com\/author-profile-maya-nader-harati\/\"]}]}<\/script>\n<!-- \/ Yoast SEO Premium plugin. -->","yoast_head_json":{"title":"Une retraite de yoga pour les sens en Sicile - Tourtravel &more","description":"\u226b Une retraite de yoga et de vin ? Oui, c'est possible. En fait, c'est une exp\u00e9rience inoubliable. Destination suivante. \u226b","robots":{"index":"index","follow":"follow","max-snippet":"max-snippet:-1","max-image-preview":"max-image-preview:large","max-video-preview":"max-video-preview:-1"},"canonical":"https:\/\/tourtravelandmore.com\/fr\/une-retraite-de-yoga-pour-les-sens-en-sicile\/","og_locale":"fr_FR","og_type":"article","og_title":"Une retraite de yoga pour les sens en Sicile","og_description":"\u226b Une retraite de yoga et de vin ? Oui, c'est possible. En fait, c'est une exp\u00e9rience inoubliable. Destination suivante. \u226b","og_url":"https:\/\/tourtravelandmore.com\/fr\/une-retraite-de-yoga-pour-les-sens-en-sicile\/","og_site_name":"Tour Travel And More","article_publisher":"https:\/\/www.facebook.com\/tourtravelandmore\/","article_published_time":"2023-02-04T04:25:22+00:00","article_modified_time":"2025-05-16T13:51:17+00:00","og_image":[{"width":1254,"height":836,"url":"https:\/\/tourtravelandmore.com\/wp-content\/uploads\/2023\/02\/image-4.jpeg","type":"image\/jpeg"}],"author":"Maya Nader Harati","twitter_card":"summary_large_image","twitter_creator":"@TourTravel_More","twitter_site":"@TourTravel_More","twitter_misc":{"\u00c9crit par":"Maya Nader Harati","Dur\u00e9e de lecture estim\u00e9e":"4 minutes"},"schema":{"@context":"https:\/\/schema.org","@graph":[{"@type":"Article","@id":"https:\/\/tourtravelandmore.com\/fr\/une-retraite-de-yoga-pour-les-sens-en-sicile\/#article","isPartOf":{"@id":"https:\/\/tourtravelandmore.com\/fr\/une-retraite-de-yoga-pour-les-sens-en-sicile\/"},"author":{"name":"Maya Nader Harati","@id":"https:\/\/tourtravelandmore.com\/fr\/#\/schema\/person\/2a1c66d76ae9290a394e8efb4af12e1e"},"headline":"Une retraite de yoga pour les sens en Sicile","datePublished":"2023-02-04T04:25:22+00:00","dateModified":"2025-05-16T13:51:17+00:00","mainEntityOfPage":{"@id":"https:\/\/tourtravelandmore.com\/fr\/une-retraite-de-yoga-pour-les-sens-en-sicile\/"},"wordCount":815,"commentCount":0,"publisher":{"@id":"https:\/\/tourtravelandmore.com\/fr\/#organization"},"image":{"@id":"https:\/\/tourtravelandmore.com\/fr\/une-retraite-de-yoga-pour-les-sens-en-sicile\/#primaryimage"},"thumbnailUrl":"https:\/\/tourtravelandmore.com\/wp-content\/uploads\/2023\/02\/image-4.jpeg","articleSection":["Europe","Italia","Sicile"],"inLanguage":"fr-FR","potentialAction":[{"@type":"CommentAction","name":"Comment","target":["https:\/\/tourtravelandmore.com\/fr\/une-retraite-de-yoga-pour-les-sens-en-sicile\/#respond"]}],"accessibilityFeature":["tableOfContents"]},{"@type":"WebPage","@id":"https:\/\/tourtravelandmore.com\/fr\/une-retraite-de-yoga-pour-les-sens-en-sicile\/","url":"https:\/\/tourtravelandmore.com\/fr\/une-retraite-de-yoga-pour-les-sens-en-sicile\/","name":"Une retraite de yoga pour les sens en Sicile - Tourtravel &more","isPartOf":{"@id":"https:\/\/tourtravelandmore.com\/fr\/#website"},"primaryImageOfPage":{"@id":"https:\/\/tourtravelandmore.com\/fr\/une-retraite-de-yoga-pour-les-sens-en-sicile\/#primaryimage"},"image":{"@id":"https:\/\/tourtravelandmore.com\/fr\/une-retraite-de-yoga-pour-les-sens-en-sicile\/#primaryimage"},"thumbnailUrl":"https:\/\/tourtravelandmore.com\/wp-content\/uploads\/2023\/02\/image-4.jpeg","datePublished":"2023-02-04T04:25:22+00:00","dateModified":"2025-05-16T13:51:17+00:00","description":"\u226b Une retraite de yoga et de vin ? Oui, c'est possible. En fait, c'est une exp\u00e9rience inoubliable. Destination suivante. \u226b","breadcrumb":{"@id":"https:\/\/tourtravelandmore.com\/fr\/une-retraite-de-yoga-pour-les-sens-en-sicile\/#breadcrumb"},"inLanguage":"fr-FR","potentialAction":[{"@type":"ReadAction","target":["https:\/\/tourtravelandmore.com\/fr\/une-retraite-de-yoga-pour-les-sens-en-sicile\/"]}]},{"@type":"ImageObject","inLanguage":"fr-FR","@id":"https:\/\/tourtravelandmore.com\/fr\/une-retraite-de-yoga-pour-les-sens-en-sicile\/#primaryimage","url":"https:\/\/tourtravelandmore.com\/wp-content\/uploads\/2023\/02\/image-4.jpeg","contentUrl":"https:\/\/tourtravelandmore.com\/wp-content\/uploads\/2023\/02\/image-4.jpeg","width":1254,"height":836},{"@type":"BreadcrumbList","@id":"https:\/\/tourtravelandmore.com\/fr\/une-retraite-de-yoga-pour-les-sens-en-sicile\/#breadcrumb","itemListElement":[{"@type":"ListItem","position":1,"name":"Home","item":"https:\/\/tourtravelandmore.com\/fr\/"},{"@type":"ListItem","position":2,"name":"Une retraite de yoga pour les sens en Sicile"}]},{"@type":"WebSite","@id":"https:\/\/tourtravelandmore.com\/fr\/#website","url":"https:\/\/tourtravelandmore.com\/fr\/","name":"Tour Travel And More","description":"Private sightseeing tours and luxury transfers in Spain","publisher":{"@id":"https:\/\/tourtravelandmore.com\/fr\/#organization"},"potentialAction":[{"@type":"SearchAction","target":{"@type":"EntryPoint","urlTemplate":"https:\/\/tourtravelandmore.com\/fr\/?s={search_term_string}"},"query-input":{"@type":"PropertyValueSpecification","valueRequired":true,"valueName":"search_term_string"}}],"inLanguage":"fr-FR"},{"@type":"Organization","@id":"https:\/\/tourtravelandmore.com\/fr\/#organization","name":"Tour Travel And More","url":"https:\/\/tourtravelandmore.com\/fr\/","logo":{"@type":"ImageObject","inLanguage":"fr-FR","@id":"https:\/\/tourtravelandmore.com\/fr\/#\/schema\/logo\/image\/","url":"https:\/\/tourtravelandmore.com\/wp-content\/uploads\/2022\/12\/cropped-logo-cabecera-new.png","contentUrl":"https:\/\/tourtravelandmore.com\/wp-content\/uploads\/2022\/12\/cropped-logo-cabecera-new.png","width":430,"height":61,"caption":"Tour Travel And More"},"image":{"@id":"https:\/\/tourtravelandmore.com\/fr\/#\/schema\/logo\/image\/"},"sameAs":["https:\/\/www.facebook.com\/tourtravelandmore\/","https:\/\/x.com\/TourTravel_More"]},{"@type":"Person","@id":"https:\/\/tourtravelandmore.com\/fr\/#\/schema\/person\/2a1c66d76ae9290a394e8efb4af12e1e","name":"Maya Nader Harati","image":{"@type":"ImageObject","inLanguage":"fr-FR","@id":"https:\/\/tourtravelandmore.com\/fr\/#\/schema\/person\/image\/","url":"https:\/\/secure.gravatar.com\/avatar\/adc2305883b6f86a616354c0c4516fcd9a333d5f5a0806d9d1ae9b30f898fa1f?s=96&d=mm&r=g","contentUrl":"https:\/\/secure.gravatar.com\/avatar\/adc2305883b6f86a616354c0c4516fcd9a333d5f5a0806d9d1ae9b30f898fa1f?s=96&d=mm&r=g","caption":"Maya Nader Harati"},"description":"Cultural Destination Specialist & Travel Chronicler. Maya doesn\u2019t just travel the world; she translates it.","sameAs":["https:\/\/tourtravelandmore.com\/author-profile-maya-nader-harati\/"]}]}},"_links":{"self":[{"href":"https:\/\/tourtravelandmore.com\/fr\/wp-json\/wp\/v2\/posts\/151970","targetHints":{"allow":["GET"]}}],"collection":[{"href":"https:\/\/tourtravelandmore.com\/fr\/wp-json\/wp\/v2\/posts"}],"about":[{"href":"https:\/\/tourtravelandmore.com\/fr\/wp-json\/wp\/v2\/types\/post"}],"author":[{"embeddable":true,"href":"https:\/\/tourtravelandmore.com\/fr\/wp-json\/wp\/v2\/users\/2"}],"replies":[{"embeddable":true,"href":"https:\/\/tourtravelandmore.com\/fr\/wp-json\/wp\/v2\/comments?post=151970"}],"version-history":[{"count":1,"href":"https:\/\/tourtravelandmore.com\/fr\/wp-json\/wp\/v2\/posts\/151970\/revisions"}],"predecessor-version":[{"id":183612,"href":"https:\/\/tourtravelandmore.com\/fr\/wp-json\/wp\/v2\/posts\/151970\/revisions\/183612"}],"wp:featuredmedia":[{"embeddable":true,"href":"https:\/\/tourtravelandmore.com\/fr\/wp-json\/wp\/v2\/media\/151964"}],"wp:attachment":[{"href":"https:\/\/tourtravelandmore.com\/fr\/wp-json\/wp\/v2\/media?parent=151970"}],"wp:term":[{"taxonomy":"category","embeddable":true,"href":"https:\/\/tourtravelandmore.com\/fr\/wp-json\/wp\/v2\/categories?post=151970"},{"taxonomy":"post_tag","embeddable":true,"href":"https:\/\/tourtravelandmore.com\/fr\/wp-json\/wp\/v2\/tags?post=151970"}],"curies":[{"name":"wp","href":"https:\/\/api.w.org\/{rel}","templated":true}]}}