{"id":151948,"date":"2023-02-04T04:56:08","date_gmt":"2023-02-04T03:56:08","guid":{"rendered":"https:\/\/tourtravelandmore.com\/?p=151948"},"modified":"2025-05-16T15:51:27","modified_gmt":"2025-05-16T13:51:27","slug":"plans-dhiver-tout-ce-que-nous-voulons-faire-manger-boire-et-acheter","status":"publish","type":"post","link":"https:\/\/tourtravelandmore.com\/fr\/plans-dhiver-tout-ce-que-nous-voulons-faire-manger-boire-et-acheter\/","title":{"rendered":"<strong>Plans d&#8217;hiver : tout ce que nous voulons faire, manger, boire et acheter.<\/strong>"},"content":{"rendered":"\n<div class=\"wp-block-yoast-seo-table-of-contents yoast-table-of-contents\"><h2>Table of contents<\/h2><ul><li><a href=\"#h-60-balcons-comme-la-maison-mais-madrid\" data-level=\"2\">60 BALCONS : COMME \u00c0 LA MAISON, MAIS \u00c0 MADRID !<\/a><\/li><li><a href=\"#h-ann-e-sorolla\" data-level=\"2\">ANN\u00c9E SOROLLA<\/a><\/li><li><a href=\"#h-des-cosm-tiques-en-accord-avec-la-plan-te\" data-level=\"2\">DES COSM\u00c9TIQUES EN ACCORD AVEC LA PLAN\u00c8TE<\/a><\/li><li><a href=\"#h-amour-pour-les-mocassins-personnalis-s\" data-level=\"2\">AMOUR POUR LES MOCASSINS PERSONNALIS\u00c9S !<\/a><\/li><li><a href=\"#h-des-environnements-inspirants\" data-level=\"2\">DES ENVIRONNEMENTS INSPIRANTS<\/a><\/li><li><a href=\"#h-une-retraite-pour-renouer-avec-les-a-ores\" data-level=\"2\">UNE RETRAITE POUR RENOUER AVEC LES A\u00c7ORES<\/a><\/li><li><a href=\"#h-la-nouvelle-collection-awaveawake\" data-level=\"2\">LA NOUVELLE COLLECTION AWAVEAWAKE<\/a><\/li><\/ul><\/div>\n\n\n\n<p>L&#8217;hiver est l\u00e0, accueillons-le avec tous ces plans app\u00e9tissants.<\/p>\n\n\n\n<p>Le froid est l\u00e0 et pour combattre ces jours gris, voici quelques plans d&#8217;hiver pour vous accueillir avec le meilleur visage. Parce qu&#8217;il n&#8217;y a rien de mieux que de se faire plaisir. De nouveaux v\u00eatements pour votre garde-robe, des friandises \u00e0 essayer et, bien s\u00fbr, prendre soin de votre bien-\u00eatre&#8230;..<\/p>\n\n\n\n<h2 class=\"wp-block-heading\" id=\"h-60-balcons-comme-la-maison-mais-madrid\"><strong>60 BALCONS : COMME \u00c0 LA MAISON, MAIS \u00c0 MADRID !<\/strong><\/h2>\n\n\n\n<p>Avec plus de dix ans d&#8217;exp\u00e9rience, 60 Balcons est l&#8217;une des r\u00e9f\u00e9rences de l&#8217;h\u00e9bergement touristique dans la capitale et vient d&#8217;int\u00e9grer son troisi\u00e8me b\u00e2timent. La marque dispose de 57 appartements touristiques dans les quartiers d&#8217;Atocha, Justicia et Cedaceros.<\/p>\n\n\n\n<p>Dans tous ses logements, le confort est associ\u00e9 \u00e0 un design int\u00e9rieur et \u00e0 une architecture repr\u00e9sentatifs de l&#8217;esprit de l&#8217;Europe.<\/p>\n\n\n\n<p>l&#8217;architecture dont le Studio 3 1 1 est responsable.<\/p>\n\n\n\n<p>Sa carri\u00e8re a d\u00e9but\u00e9 en 2010 avec 60 Balconies Art, suivi de 60 Balconies Design en 2014. Son dernier projet est situ\u00e9 \u00e0 Calle Cedaceros 6 et tire son nom de 60 Balconies.<\/p>\n\n\n\n<p>Ic\u00f4ne, les ic\u00f4nes les plus importantes de la ville, y compris le b\u00e2timent.<\/p>\n\n\n\n<p>Au rez-de-chauss\u00e9e du 60 Balconies Iconic se trouve le restaurant Ticui du groupe mexicain Puntarena, qui a \u00e9galement d\u00e9m\u00e9nag\u00e9 au septi\u00e8me \u00e9tage o\u00f9, en plus de la piscine, se trouve un bar o\u00f9 vous pourrez d\u00e9guster les meilleurs cocktails de style mexicain.<\/p>\n\n\n\n<figure class=\"wp-block-image\"><img decoding=\"async\" src=\"https:\/\/lh3.googleusercontent.com\/cBrkPU0ZvEosusM32AtqUkqfRXqfRd4d6wI5wQ1cIfd5vhqrK3XP7y-iJxP8GY7etQ_VdkNDmWw1P5oIKcCcMoXhwPOK2zyczSwgkIni5nEcOLyZvyRAfCrE794xNbWXmsIr0xvzovTJ-fd0IGCMiSQ\" alt=\"\"\/><\/figure>\n\n\n\n<h2 class=\"wp-block-heading\" id=\"h-ann-e-sorolla\"><strong>ANN\u00c9E SOROLLA<\/strong><\/h2>\n\n\n\n<p>Le 12 janvier, co\u00efncidant avec le d\u00e9but de l&#8217;Ann\u00e9e Sorolla &#8211; 2023 marque le 100e anniversaire de la mort de Sorolla et le 160e anniversaire de sa naissance -, sera publi\u00e9 Comment changer sa vie avec Sorolla, un ouvrage unique dans lequel C\u00e9sar Su\u00e1rez combine biographie, essai et fiction pour offrir une vision audacieuse de Joaqu\u00edn Sorolla et de son \u00e9poque. Un voyage \u00e0 travers des sc\u00e8nes de la vie de l&#8217;artiste qui r\u00e9pond \u00e0 des questions telles que : d&#8217;o\u00f9 lui est venu son talent ? comment s&#8217;est form\u00e9 son caract\u00e8re ? \u00e0 quoi ressemblait l&#8217;Espagne qu&#8217;il voyait et capturait dans ses tableaux ? comment a-t-il r\u00e9ussi \u00e0 maintenir l&#8217;amour qu&#8217;il portait \u00e0 sa femme depuis sa jeunesse ?<\/p>\n\n\n\n<p><strong><img fetchpriority=\"high\" decoding=\"async\" src=\"https:\/\/lh3.googleusercontent.com\/fTIRvpvTTRSsP8KjfGHUczPIGYeWNkOJhkDszGyEYAw3iLscY8_u1usvjj3cuhb6VL8znvdbd1bLn8bNUG20per-Jo0Auxh-52EohR2rEUWkGgTUDHKW6ygbp7fjISVW1CH_b30-6xlewDEeQG3Bl2E\" width=\"602\" height=\"803\"><\/strong><\/p>\n\n\n\n<h2 class=\"wp-block-heading\" id=\"h-des-cosm-tiques-en-accord-avec-la-plan-te\"><strong>DES COSM\u00c9TIQUES EN ACCORD AVEC LA PLAN\u00c8TE<\/strong><\/h2>\n\n\n\n<p>Rowse, la soci\u00e9t\u00e9 de cosm\u00e9tiques fond\u00e9e par Nuria Val &#8211; photographe, voyageuse infatigable et collaboratrice de Cond\u00e9 Nast Traveler &#8211; et Gabriela Salord &#8211; experte en marketing cosm\u00e9tique &#8211; est un hommage \u00e0 la nature.<\/p>\n\n\n\n<p>&#8220;Nous pensons que le respect de notre plan\u00e8te et de toutes les personnes qui l&#8217;habitent passe par un processus d&#8217;am\u00e9lioration continue. C&#8217;est pourquoi notre vocation \u00e9cologique fait l&#8217;objet de changements et de r\u00e9ajustements constants afin de consolider notre position en tant que choix de beaut\u00e9 le plus \u00e9thique et le plus conscient. Notre objectif est de minimiser notre impact sur l&#8217;environnement&#8221;, expliquent les cr\u00e9ateurs de Rowse, accompagn\u00e9s de la pharmacienne Lamia El Kadiri, pour concr\u00e9tiser leurs ambitions.<\/p>\n\n\n\n<p>Tous les ingr\u00e9dients proviennent directement de la nature et sont trait\u00e9s le moins possible. Ils sont biologiques, v\u00e9g\u00e9taliens et sans cruaut\u00e9.<\/p>\n\n\n\n<p><strong><img decoding=\"async\" src=\"https:\/\/lh6.googleusercontent.com\/i5b7w64igd2AP5Xck1FUBmzzQEzYJPpU382okZUX5SAdqByrcG1HPzYExYwaeCDhYuRjEQxjiJMIgl2wfDfkDghtnKwWkhXIGWB-vaeDhZoZGhd6kiFle5cT53O0YSGT2LIduBS6nq3D5bkv7FF5ua0\" width=\"602\" height=\"401\"><\/strong><\/p>\n\n\n\n<h2 class=\"wp-block-heading\" id=\"h-amour-pour-les-mocassins-personnalis-s\"><strong>AMOUR POUR LES MOCASSINS PERSONNALIS\u00c9S !<\/strong><\/h2>\n\n\n\n<p>Confortable, \u00e9l\u00e9gant, fabriqu\u00e9 en Espagne et personnalis\u00e9. Les mocassins Sumissura sont fabriqu\u00e9s avec du cuir italien et espagnol de haute qualit\u00e9. Ils peuvent \u00eatre facilement personnalis\u00e9s en fonction des besoins stylistiques du client gr\u00e2ce au concepteur 3D en ligne de la marque.<\/p>\n\n\n\n<p>Apr\u00e8s le grand succ\u00e8s de sa collection de textiles personnalis\u00e9s, Sumissura s&#8217;est aventur\u00e9e dans le monde de la chaussure et nous sommes tomb\u00e9s amoureux de ses mocassins. Confortable, \u00e9l\u00e9gant, fabriqu\u00e9 en Espagne et pour tous les go\u00fbts ! Les mocassins peuvent \u00eatre facilement personnalis\u00e9s en fonction des besoins stylistiques du client, gr\u00e2ce au concepteur 3D en ligne de la marque.<\/p>\n\n\n\n<p>En plus des mocassins, vous pouvez cr\u00e9er vos propres chaussures oxford et m\u00eame des bottes, et chaque pi\u00e8ce peut \u00eatre fabriqu\u00e9e dans un mat\u00e9riau diff\u00e9rent !<\/p>\n\n\n\n<h2 class=\"wp-block-heading\" id=\"h-des-environnements-inspirants\"><strong>DES ENVIRONNEMENTS INSPIRANTS<\/strong><\/h2>\n\n\n\n<p>Veluto est une boutique conceptuelle de Saint-S\u00e9bastien qui se concentre sur le monde de l&#8217;am\u00e9nagement int\u00e9rieur et de la d\u00e9coration. Le designer I\u00f1igo Iriarte cr\u00e9e des atmosph\u00e8res o\u00f9 le temps semble s&#8217;arr\u00eater et o\u00f9 les id\u00e9es du pass\u00e9 sont projet\u00e9es dans l&#8217;avenir.<\/p>\n\n\n\n<p>Des cuisines ad hoc pour chaque projet, des meubles de caract\u00e8re, des espaces qui coexistent entre pass\u00e9 et futur, une parfumerie de niche&#8230; Veluto est l&#8217;\u00e9clectisme dans la distinction, o\u00f9 la simplicit\u00e9 et le luxe, le quotidien et l&#8217;exclusif se combinent harmonieusement pour faciliter la cr\u00e9ation d&#8217;espaces uniques et singuliers.<\/p>\n\n\n\n<figure class=\"wp-block-image\"><img decoding=\"async\" src=\"https:\/\/lh6.googleusercontent.com\/PJjO2vKCYUOBOuTx7KLDneKcEeP9oHpugktYAaLruF0ONmtZ8kNpmWSyppXYMwdvAYwDxNYQtLEI4P4waifmxYKHdr2DNclaNZf09KqBh0tnvjgSOivca_Ei9OWKZ6EyOizjlSHw-i6M4H8HQpECDGw\" alt=\"\"\/><\/figure>\n\n\n\n<h2 class=\"wp-block-heading\" id=\"h-une-retraite-pour-renouer-avec-les-a-ores\"><strong>UNE RETRAITE POUR RENOUER AVEC LES A\u00c7ORES<\/strong><\/h2>\n\n\n\n<p>Les amateurs de bien-\u00eatre trouveront la retraite parfaite \u00e0 Lava Homes, un complexe de 14 luxueuses maisons en pierre volcanique sur la paisible \u00eele de Pico, qui a pr\u00e9par\u00e9 sa premi\u00e8re \u00e9dition de programmes hebdomadaires d\u00e9di\u00e9s au soin absolu de l&#8217;esprit de janvier \u00e0 mai 2023.<\/p>\n\n\n\n<p>Les stations de bien-\u00eatre de Lava Homes vont de la m\u00e9ditation aux voyages chamaniques, du yoga \u00e0 l&#8217;ost\u00e9opathie, de la gyrokin\u00e9sie au tai-chi, de la gu\u00e9rison par le son \u00e0 l&#8217;ayurveda, des promenades dans la nature \u00e0 la th\u00e9rapie par le chocolat&#8230;. en bref, 15 programmes diff\u00e9rents de cinq jours cr\u00e9\u00e9s sp\u00e9cialement pour l&#8217;occasion avec des professionnels qui seront toujours en communion avec une \u00eele o\u00f9 r\u00e8gne le silence.<\/p>\n\n\n\n<h2 class=\"wp-block-heading\" id=\"h-la-nouvelle-collection-awaveawake\"><strong>LA NOUVELLE COLLECTION AWAVEAWAKE<\/strong><\/h2>\n\n\n\n<p>AWAVEAWAKE n&#8217;est pas seulement un hommage \u00e0 la nature, mais une d\u00e9claration d&#8217;amour cri\u00e9e sur les toits. Fond\u00e9e en 2012 par la directrice de la cr\u00e9ation Jaclyn Hodes, la marque a ouvert la porte \u00e0 la mode de luxe teint\u00e9e par les plantes.&nbsp;<\/p>\n\n\n\n<p>Il est enti\u00e8rement produit \u00e0 Bali et utilise des plantes tropicales locales pour cr\u00e9er des couleurs douces et chaudes. Les formes sont inspir\u00e9es du minimalisme, des lignes fluides et d\u00e9tendues qui nous \u00e9loignent de la rigidit\u00e9 et des tissus l\u00e9gers et frais qui nous transportent directement sur l&#8217;\u00eele d&#8217;Indon\u00e9sie au printemps \u00e9ternel. Une bouff\u00e9e d&#8217;air frais transform\u00e9e en mode.&nbsp;<\/p>\n","protected":false},"excerpt":{"rendered":"<p>Le froid est l\u00e0 et pour combattre ces jours gris, voici quelques plans d&#8217;hiver pour vous accueillir avec le meilleur visage. Parce qu&#8217;il n&#8217;y a rien de mieux que de se faire plaisir. De nouveaux v\u00eatements pour votre garde-robe, des friandises \u00e0 essayer et, bien s\u00fbr, prendre soin de votre bien-\u00eatre&#8230;..<\/p>\n","protected":false},"author":2,"featured_media":151944,"comment_status":"open","ping_status":"open","sticky":false,"template":"","format":"standard","meta":{"_acf_changed":false,"footnotes":""},"categories":[3962,3914,3915,2395],"tags":[],"class_list":["post-151948","post","type-post","status-publish","format-standard","has-post-thumbnail","hentry","category-espagne","category-europe-fr","category-madrid-fr","category-non-classifiee"],"acf":[],"yoast_head":"<!-- This site is optimized with the Yoast SEO Premium plugin v25.3.1 (Yoast SEO v25.3.1) - https:\/\/yoast.com\/wordpress\/plugins\/seo\/ -->\n<title>Plans d&#039;hiver : tout ce que nous voulons faire, manger, boire et acheter. - Tourtravel &amp;more<\/title>\n<meta name=\"description\" content=\"\u226b L&#039;hiver est l\u00e0, accueillons-le avec tous ces plans app\u00e9tissants.\u226b\" \/>\n<meta name=\"robots\" content=\"index, follow, max-snippet:-1, max-image-preview:large, max-video-preview:-1\" \/>\n<link rel=\"canonical\" href=\"https:\/\/tourtravelandmore.com\/fr\/plans-dhiver-tout-ce-que-nous-voulons-faire-manger-boire-et-acheter\/\" \/>\n<meta property=\"og:locale\" content=\"fr_FR\" \/>\n<meta property=\"og:type\" content=\"article\" \/>\n<meta property=\"og:title\" content=\"Plans d&#039;hiver : tout ce que nous voulons faire, manger, boire et acheter.\" \/>\n<meta property=\"og:description\" content=\"\u226b L&#039;hiver est l\u00e0, accueillons-le avec tous ces plans app\u00e9tissants.\u226b\" \/>\n<meta property=\"og:url\" content=\"https:\/\/tourtravelandmore.com\/fr\/plans-dhiver-tout-ce-que-nous-voulons-faire-manger-boire-et-acheter\/\" \/>\n<meta property=\"og:site_name\" content=\"Tour Travel And More\" \/>\n<meta property=\"article:publisher\" content=\"https:\/\/www.facebook.com\/tourtravelandmore\/\" \/>\n<meta property=\"article:published_time\" content=\"2023-02-04T03:56:08+00:00\" \/>\n<meta property=\"article:modified_time\" content=\"2025-05-16T13:51:27+00:00\" \/>\n<meta property=\"og:image\" content=\"https:\/\/tourtravelandmore.com\/wp-content\/uploads\/2023\/02\/image.png\" \/>\n\t<meta property=\"og:image:width\" content=\"1600\" \/>\n\t<meta property=\"og:image:height\" content=\"1067\" \/>\n\t<meta property=\"og:image:type\" content=\"image\/png\" \/>\n<meta name=\"author\" content=\"Maya Nader Harati\" \/>\n<meta name=\"twitter:card\" content=\"summary_large_image\" \/>\n<meta name=\"twitter:creator\" content=\"@TourTravel_More\" \/>\n<meta name=\"twitter:site\" content=\"@TourTravel_More\" \/>\n<meta name=\"twitter:label1\" content=\"\u00c9crit par\" \/>\n\t<meta name=\"twitter:data1\" content=\"Maya Nader Harati\" \/>\n\t<meta name=\"twitter:label2\" content=\"Dur\u00e9e de lecture estim\u00e9e\" \/>\n\t<meta name=\"twitter:data2\" content=\"5 minutes\" \/>\n<script type=\"application\/ld+json\" class=\"yoast-schema-graph\">{\"@context\":\"https:\/\/schema.org\",\"@graph\":[{\"@type\":\"Article\",\"@id\":\"https:\/\/tourtravelandmore.com\/fr\/plans-dhiver-tout-ce-que-nous-voulons-faire-manger-boire-et-acheter\/#article\",\"isPartOf\":{\"@id\":\"https:\/\/tourtravelandmore.com\/fr\/plans-dhiver-tout-ce-que-nous-voulons-faire-manger-boire-et-acheter\/\"},\"author\":{\"name\":\"Maya Nader Harati\",\"@id\":\"https:\/\/tourtravelandmore.com\/fr\/#\/schema\/person\/2a1c66d76ae9290a394e8efb4af12e1e\"},\"headline\":\"Plans d&#8217;hiver : tout ce que nous voulons faire, manger, boire et acheter.\",\"datePublished\":\"2023-02-04T03:56:08+00:00\",\"dateModified\":\"2025-05-16T13:51:27+00:00\",\"mainEntityOfPage\":{\"@id\":\"https:\/\/tourtravelandmore.com\/fr\/plans-dhiver-tout-ce-que-nous-voulons-faire-manger-boire-et-acheter\/\"},\"wordCount\":1106,\"commentCount\":0,\"publisher\":{\"@id\":\"https:\/\/tourtravelandmore.com\/fr\/#organization\"},\"image\":{\"@id\":\"https:\/\/tourtravelandmore.com\/fr\/plans-dhiver-tout-ce-que-nous-voulons-faire-manger-boire-et-acheter\/#primaryimage\"},\"thumbnailUrl\":\"https:\/\/tourtravelandmore.com\/wp-content\/uploads\/2023\/02\/image.png\",\"articleSection\":[\"Espagne\",\"Europe\",\"Madrid\",\"Non classifi\u00e9(e)\"],\"inLanguage\":\"fr-FR\",\"potentialAction\":[{\"@type\":\"CommentAction\",\"name\":\"Comment\",\"target\":[\"https:\/\/tourtravelandmore.com\/fr\/plans-dhiver-tout-ce-que-nous-voulons-faire-manger-boire-et-acheter\/#respond\"]}],\"accessibilityFeature\":[\"tableOfContents\"]},{\"@type\":\"WebPage\",\"@id\":\"https:\/\/tourtravelandmore.com\/fr\/plans-dhiver-tout-ce-que-nous-voulons-faire-manger-boire-et-acheter\/\",\"url\":\"https:\/\/tourtravelandmore.com\/fr\/plans-dhiver-tout-ce-que-nous-voulons-faire-manger-boire-et-acheter\/\",\"name\":\"Plans d'hiver : tout ce que nous voulons faire, manger, boire et acheter. - Tourtravel &more\",\"isPartOf\":{\"@id\":\"https:\/\/tourtravelandmore.com\/fr\/#website\"},\"primaryImageOfPage\":{\"@id\":\"https:\/\/tourtravelandmore.com\/fr\/plans-dhiver-tout-ce-que-nous-voulons-faire-manger-boire-et-acheter\/#primaryimage\"},\"image\":{\"@id\":\"https:\/\/tourtravelandmore.com\/fr\/plans-dhiver-tout-ce-que-nous-voulons-faire-manger-boire-et-acheter\/#primaryimage\"},\"thumbnailUrl\":\"https:\/\/tourtravelandmore.com\/wp-content\/uploads\/2023\/02\/image.png\",\"datePublished\":\"2023-02-04T03:56:08+00:00\",\"dateModified\":\"2025-05-16T13:51:27+00:00\",\"description\":\"\u226b L'hiver est l\u00e0, accueillons-le avec tous ces plans app\u00e9tissants.\u226b\",\"breadcrumb\":{\"@id\":\"https:\/\/tourtravelandmore.com\/fr\/plans-dhiver-tout-ce-que-nous-voulons-faire-manger-boire-et-acheter\/#breadcrumb\"},\"inLanguage\":\"fr-FR\",\"potentialAction\":[{\"@type\":\"ReadAction\",\"target\":[\"https:\/\/tourtravelandmore.com\/fr\/plans-dhiver-tout-ce-que-nous-voulons-faire-manger-boire-et-acheter\/\"]}]},{\"@type\":\"ImageObject\",\"inLanguage\":\"fr-FR\",\"@id\":\"https:\/\/tourtravelandmore.com\/fr\/plans-dhiver-tout-ce-que-nous-voulons-faire-manger-boire-et-acheter\/#primaryimage\",\"url\":\"https:\/\/tourtravelandmore.com\/wp-content\/uploads\/2023\/02\/image.png\",\"contentUrl\":\"https:\/\/tourtravelandmore.com\/wp-content\/uploads\/2023\/02\/image.png\",\"width\":1600,\"height\":1067},{\"@type\":\"BreadcrumbList\",\"@id\":\"https:\/\/tourtravelandmore.com\/fr\/plans-dhiver-tout-ce-que-nous-voulons-faire-manger-boire-et-acheter\/#breadcrumb\",\"itemListElement\":[{\"@type\":\"ListItem\",\"position\":1,\"name\":\"Home\",\"item\":\"https:\/\/tourtravelandmore.com\/fr\/\"},{\"@type\":\"ListItem\",\"position\":2,\"name\":\"Plans d&#8217;hiver : tout ce que nous voulons faire, manger, boire et acheter.\"}]},{\"@type\":\"WebSite\",\"@id\":\"https:\/\/tourtravelandmore.com\/fr\/#website\",\"url\":\"https:\/\/tourtravelandmore.com\/fr\/\",\"name\":\"Tour Travel And More\",\"description\":\"Private sightseeing tours and luxury transfers in Spain\",\"publisher\":{\"@id\":\"https:\/\/tourtravelandmore.com\/fr\/#organization\"},\"potentialAction\":[{\"@type\":\"SearchAction\",\"target\":{\"@type\":\"EntryPoint\",\"urlTemplate\":\"https:\/\/tourtravelandmore.com\/fr\/?s={search_term_string}\"},\"query-input\":{\"@type\":\"PropertyValueSpecification\",\"valueRequired\":true,\"valueName\":\"search_term_string\"}}],\"inLanguage\":\"fr-FR\"},{\"@type\":\"Organization\",\"@id\":\"https:\/\/tourtravelandmore.com\/fr\/#organization\",\"name\":\"Tour Travel And More\",\"url\":\"https:\/\/tourtravelandmore.com\/fr\/\",\"logo\":{\"@type\":\"ImageObject\",\"inLanguage\":\"fr-FR\",\"@id\":\"https:\/\/tourtravelandmore.com\/fr\/#\/schema\/logo\/image\/\",\"url\":\"https:\/\/tourtravelandmore.com\/wp-content\/uploads\/2022\/12\/cropped-logo-cabecera-new.png\",\"contentUrl\":\"https:\/\/tourtravelandmore.com\/wp-content\/uploads\/2022\/12\/cropped-logo-cabecera-new.png\",\"width\":430,\"height\":61,\"caption\":\"Tour Travel And More\"},\"image\":{\"@id\":\"https:\/\/tourtravelandmore.com\/fr\/#\/schema\/logo\/image\/\"},\"sameAs\":[\"https:\/\/www.facebook.com\/tourtravelandmore\/\",\"https:\/\/x.com\/TourTravel_More\"]},{\"@type\":\"Person\",\"@id\":\"https:\/\/tourtravelandmore.com\/fr\/#\/schema\/person\/2a1c66d76ae9290a394e8efb4af12e1e\",\"name\":\"Maya Nader Harati\",\"image\":{\"@type\":\"ImageObject\",\"inLanguage\":\"fr-FR\",\"@id\":\"https:\/\/tourtravelandmore.com\/fr\/#\/schema\/person\/image\/\",\"url\":\"https:\/\/secure.gravatar.com\/avatar\/adc2305883b6f86a616354c0c4516fcd9a333d5f5a0806d9d1ae9b30f898fa1f?s=96&d=mm&r=g\",\"contentUrl\":\"https:\/\/secure.gravatar.com\/avatar\/adc2305883b6f86a616354c0c4516fcd9a333d5f5a0806d9d1ae9b30f898fa1f?s=96&d=mm&r=g\",\"caption\":\"Maya Nader Harati\"},\"description\":\"Cultural Destination Specialist & Travel Chronicler. Maya doesn\u2019t just travel the world; she translates it.\",\"sameAs\":[\"https:\/\/tourtravelandmore.com\/author-profile-maya-nader-harati\/\"]}]}<\/script>\n<!-- \/ Yoast SEO Premium plugin. -->","yoast_head_json":{"title":"Plans d'hiver : tout ce que nous voulons faire, manger, boire et acheter. - Tourtravel &more","description":"\u226b L'hiver est l\u00e0, accueillons-le avec tous ces plans app\u00e9tissants.\u226b","robots":{"index":"index","follow":"follow","max-snippet":"max-snippet:-1","max-image-preview":"max-image-preview:large","max-video-preview":"max-video-preview:-1"},"canonical":"https:\/\/tourtravelandmore.com\/fr\/plans-dhiver-tout-ce-que-nous-voulons-faire-manger-boire-et-acheter\/","og_locale":"fr_FR","og_type":"article","og_title":"Plans d'hiver : tout ce que nous voulons faire, manger, boire et acheter.","og_description":"\u226b L'hiver est l\u00e0, accueillons-le avec tous ces plans app\u00e9tissants.\u226b","og_url":"https:\/\/tourtravelandmore.com\/fr\/plans-dhiver-tout-ce-que-nous-voulons-faire-manger-boire-et-acheter\/","og_site_name":"Tour Travel And More","article_publisher":"https:\/\/www.facebook.com\/tourtravelandmore\/","article_published_time":"2023-02-04T03:56:08+00:00","article_modified_time":"2025-05-16T13:51:27+00:00","og_image":[{"width":1600,"height":1067,"url":"https:\/\/tourtravelandmore.com\/wp-content\/uploads\/2023\/02\/image.png","type":"image\/png"}],"author":"Maya Nader Harati","twitter_card":"summary_large_image","twitter_creator":"@TourTravel_More","twitter_site":"@TourTravel_More","twitter_misc":{"\u00c9crit par":"Maya Nader Harati","Dur\u00e9e de lecture estim\u00e9e":"5 minutes"},"schema":{"@context":"https:\/\/schema.org","@graph":[{"@type":"Article","@id":"https:\/\/tourtravelandmore.com\/fr\/plans-dhiver-tout-ce-que-nous-voulons-faire-manger-boire-et-acheter\/#article","isPartOf":{"@id":"https:\/\/tourtravelandmore.com\/fr\/plans-dhiver-tout-ce-que-nous-voulons-faire-manger-boire-et-acheter\/"},"author":{"name":"Maya Nader Harati","@id":"https:\/\/tourtravelandmore.com\/fr\/#\/schema\/person\/2a1c66d76ae9290a394e8efb4af12e1e"},"headline":"Plans d&#8217;hiver : tout ce que nous voulons faire, manger, boire et acheter.","datePublished":"2023-02-04T03:56:08+00:00","dateModified":"2025-05-16T13:51:27+00:00","mainEntityOfPage":{"@id":"https:\/\/tourtravelandmore.com\/fr\/plans-dhiver-tout-ce-que-nous-voulons-faire-manger-boire-et-acheter\/"},"wordCount":1106,"commentCount":0,"publisher":{"@id":"https:\/\/tourtravelandmore.com\/fr\/#organization"},"image":{"@id":"https:\/\/tourtravelandmore.com\/fr\/plans-dhiver-tout-ce-que-nous-voulons-faire-manger-boire-et-acheter\/#primaryimage"},"thumbnailUrl":"https:\/\/tourtravelandmore.com\/wp-content\/uploads\/2023\/02\/image.png","articleSection":["Espagne","Europe","Madrid","Non classifi\u00e9(e)"],"inLanguage":"fr-FR","potentialAction":[{"@type":"CommentAction","name":"Comment","target":["https:\/\/tourtravelandmore.com\/fr\/plans-dhiver-tout-ce-que-nous-voulons-faire-manger-boire-et-acheter\/#respond"]}],"accessibilityFeature":["tableOfContents"]},{"@type":"WebPage","@id":"https:\/\/tourtravelandmore.com\/fr\/plans-dhiver-tout-ce-que-nous-voulons-faire-manger-boire-et-acheter\/","url":"https:\/\/tourtravelandmore.com\/fr\/plans-dhiver-tout-ce-que-nous-voulons-faire-manger-boire-et-acheter\/","name":"Plans d'hiver : tout ce que nous voulons faire, manger, boire et acheter. - Tourtravel &more","isPartOf":{"@id":"https:\/\/tourtravelandmore.com\/fr\/#website"},"primaryImageOfPage":{"@id":"https:\/\/tourtravelandmore.com\/fr\/plans-dhiver-tout-ce-que-nous-voulons-faire-manger-boire-et-acheter\/#primaryimage"},"image":{"@id":"https:\/\/tourtravelandmore.com\/fr\/plans-dhiver-tout-ce-que-nous-voulons-faire-manger-boire-et-acheter\/#primaryimage"},"thumbnailUrl":"https:\/\/tourtravelandmore.com\/wp-content\/uploads\/2023\/02\/image.png","datePublished":"2023-02-04T03:56:08+00:00","dateModified":"2025-05-16T13:51:27+00:00","description":"\u226b L'hiver est l\u00e0, accueillons-le avec tous ces plans app\u00e9tissants.\u226b","breadcrumb":{"@id":"https:\/\/tourtravelandmore.com\/fr\/plans-dhiver-tout-ce-que-nous-voulons-faire-manger-boire-et-acheter\/#breadcrumb"},"inLanguage":"fr-FR","potentialAction":[{"@type":"ReadAction","target":["https:\/\/tourtravelandmore.com\/fr\/plans-dhiver-tout-ce-que-nous-voulons-faire-manger-boire-et-acheter\/"]}]},{"@type":"ImageObject","inLanguage":"fr-FR","@id":"https:\/\/tourtravelandmore.com\/fr\/plans-dhiver-tout-ce-que-nous-voulons-faire-manger-boire-et-acheter\/#primaryimage","url":"https:\/\/tourtravelandmore.com\/wp-content\/uploads\/2023\/02\/image.png","contentUrl":"https:\/\/tourtravelandmore.com\/wp-content\/uploads\/2023\/02\/image.png","width":1600,"height":1067},{"@type":"BreadcrumbList","@id":"https:\/\/tourtravelandmore.com\/fr\/plans-dhiver-tout-ce-que-nous-voulons-faire-manger-boire-et-acheter\/#breadcrumb","itemListElement":[{"@type":"ListItem","position":1,"name":"Home","item":"https:\/\/tourtravelandmore.com\/fr\/"},{"@type":"ListItem","position":2,"name":"Plans d&#8217;hiver : tout ce que nous voulons faire, manger, boire et acheter."}]},{"@type":"WebSite","@id":"https:\/\/tourtravelandmore.com\/fr\/#website","url":"https:\/\/tourtravelandmore.com\/fr\/","name":"Tour Travel And More","description":"Private sightseeing tours and luxury transfers in Spain","publisher":{"@id":"https:\/\/tourtravelandmore.com\/fr\/#organization"},"potentialAction":[{"@type":"SearchAction","target":{"@type":"EntryPoint","urlTemplate":"https:\/\/tourtravelandmore.com\/fr\/?s={search_term_string}"},"query-input":{"@type":"PropertyValueSpecification","valueRequired":true,"valueName":"search_term_string"}}],"inLanguage":"fr-FR"},{"@type":"Organization","@id":"https:\/\/tourtravelandmore.com\/fr\/#organization","name":"Tour Travel And More","url":"https:\/\/tourtravelandmore.com\/fr\/","logo":{"@type":"ImageObject","inLanguage":"fr-FR","@id":"https:\/\/tourtravelandmore.com\/fr\/#\/schema\/logo\/image\/","url":"https:\/\/tourtravelandmore.com\/wp-content\/uploads\/2022\/12\/cropped-logo-cabecera-new.png","contentUrl":"https:\/\/tourtravelandmore.com\/wp-content\/uploads\/2022\/12\/cropped-logo-cabecera-new.png","width":430,"height":61,"caption":"Tour Travel And More"},"image":{"@id":"https:\/\/tourtravelandmore.com\/fr\/#\/schema\/logo\/image\/"},"sameAs":["https:\/\/www.facebook.com\/tourtravelandmore\/","https:\/\/x.com\/TourTravel_More"]},{"@type":"Person","@id":"https:\/\/tourtravelandmore.com\/fr\/#\/schema\/person\/2a1c66d76ae9290a394e8efb4af12e1e","name":"Maya Nader Harati","image":{"@type":"ImageObject","inLanguage":"fr-FR","@id":"https:\/\/tourtravelandmore.com\/fr\/#\/schema\/person\/image\/","url":"https:\/\/secure.gravatar.com\/avatar\/adc2305883b6f86a616354c0c4516fcd9a333d5f5a0806d9d1ae9b30f898fa1f?s=96&d=mm&r=g","contentUrl":"https:\/\/secure.gravatar.com\/avatar\/adc2305883b6f86a616354c0c4516fcd9a333d5f5a0806d9d1ae9b30f898fa1f?s=96&d=mm&r=g","caption":"Maya Nader Harati"},"description":"Cultural Destination Specialist & Travel Chronicler. Maya doesn\u2019t just travel the world; she translates it.","sameAs":["https:\/\/tourtravelandmore.com\/author-profile-maya-nader-harati\/"]}]}},"_links":{"self":[{"href":"https:\/\/tourtravelandmore.com\/fr\/wp-json\/wp\/v2\/posts\/151948","targetHints":{"allow":["GET"]}}],"collection":[{"href":"https:\/\/tourtravelandmore.com\/fr\/wp-json\/wp\/v2\/posts"}],"about":[{"href":"https:\/\/tourtravelandmore.com\/fr\/wp-json\/wp\/v2\/types\/post"}],"author":[{"embeddable":true,"href":"https:\/\/tourtravelandmore.com\/fr\/wp-json\/wp\/v2\/users\/2"}],"replies":[{"embeddable":true,"href":"https:\/\/tourtravelandmore.com\/fr\/wp-json\/wp\/v2\/comments?post=151948"}],"version-history":[{"count":1,"href":"https:\/\/tourtravelandmore.com\/fr\/wp-json\/wp\/v2\/posts\/151948\/revisions"}],"predecessor-version":[{"id":183621,"href":"https:\/\/tourtravelandmore.com\/fr\/wp-json\/wp\/v2\/posts\/151948\/revisions\/183621"}],"wp:featuredmedia":[{"embeddable":true,"href":"https:\/\/tourtravelandmore.com\/fr\/wp-json\/wp\/v2\/media\/151944"}],"wp:attachment":[{"href":"https:\/\/tourtravelandmore.com\/fr\/wp-json\/wp\/v2\/media?parent=151948"}],"wp:term":[{"taxonomy":"category","embeddable":true,"href":"https:\/\/tourtravelandmore.com\/fr\/wp-json\/wp\/v2\/categories?post=151948"},{"taxonomy":"post_tag","embeddable":true,"href":"https:\/\/tourtravelandmore.com\/fr\/wp-json\/wp\/v2\/tags?post=151948"}],"curies":[{"name":"wp","href":"https:\/\/api.w.org\/{rel}","templated":true}]}}