{"id":140656,"date":"2022-10-15T08:19:11","date_gmt":"2022-10-15T06:19:11","guid":{"rendered":"https:\/\/tourtravelandmore.com\/?p=140656"},"modified":"2025-05-16T15:58:00","modified_gmt":"2025-05-16T13:58:00","slug":"les-meilleures-fetes-des-vendanges-en-europe","status":"publish","type":"post","link":"https:\/\/tourtravelandmore.com\/fr\/les-meilleures-fetes-des-vendanges-en-europe\/","title":{"rendered":"<strong>Les meilleures f\u00eates des vendanges en Europe<\/strong>"},"content":{"rendered":"\n<div class=\"wp-block-yoast-seo-table-of-contents yoast-table-of-contents\"><h2>Table of contents<\/h2><ul><li><a href=\"#h-saint-milion-france\" data-level=\"4\">SAINT-\u00c9MILION, FRANCE<\/a><\/li><li><a href=\"#h-impruneta-toscane-italie\" data-level=\"4\">IMPRUNETA (TOSCANE), ITALIE<\/a><\/li><li><a href=\"#h-boppard-allemagne\" data-level=\"4\">BOPPARD, ALLEMAGNE<\/a><\/li><li><a href=\"#h-r-gion-de-duero-portugal\" data-level=\"4\">R\u00c9GION DE DUERO, PORTUGAL<\/a><\/li><li><a href=\"#h-la-rioja-et-jerez-de-la-frontera-espagne\" data-level=\"4\">LA RIOJA ET JEREZ DE LA FRONTERA, ESPAGNE<\/a><\/li><\/ul><\/div>\n\n\n\n<p>Quel meilleur moyen pour les gens de se r\u00e9unir que de passer du temps de qualit\u00e9 ensemble en d\u00e9gustant du vin de qualit\u00e9 ? Des moments comme celui-ci et bien d&#8217;autres que vous pourrez appr\u00e9cier, lorsque les vendanges envahiront le sud de l&#8217;Europe et feront du vin une excuse pour voyager. Si vous faites partie des personnes qui aiment ce genre de festivals, jetez un coup d&#8217;\u0153il aux MEILLEURES F\u00caTES DE LA R\u00c9COLTE DU VIN EN EUROPE ici.<\/p>\n\n\n\n<h4 class=\"wp-block-heading\" id=\"h-saint-milion-france\"><strong><em>SAINT-\u00c9MILION, FRANCE<\/em><\/strong><\/h4>\n\n\n\n<figure class=\"wp-block-image\"><img decoding=\"async\" src=\"https:\/\/lh4.googleusercontent.com\/vwmfu8VMdRgn3q4orFep71egsUCIi0wjYK9TpyDU0IffL9xTl-JduNV0NLrCaCS9wQMZ6I2nAKLy5IunIP9SMWmEsrz9TNneWrg2kOWtxfDJYuhaQzrvsHhnpmkbTBMC1Xz8e999MH7jq-os6L05ACOkMNUgL5SF2aCPfmWF3e8oeNvAt8VrGrhCgw\" alt=\"\"\/><\/figure>\n\n\n\n<p>Saint-\u00c9milion est un village pr\u00e8s de Bordeaux qui vit pour le vin. C&#8217;est ce que l&#8217;on constate en approchant de cette ville d&#8217;apparence m\u00e9di\u00e9vale, car la campagne environnante est enti\u00e8rement tapiss\u00e9e d&#8217;interminables rang\u00e9es de vignes et de vignobles.<\/p>\n\n\n\n<p>Toute cette ferveur pour le vin de Bacchus atteint son paroxysme en septembre, avec la f\u00eate des vendanges de Saint-\u00c9milion. Et nous avons raison de donner \u00e0 ce village le nom de Bacchus, car ce ne sont pas moins que les Romains qui ont plant\u00e9 les premi\u00e8res vignes ici.<\/p>\n\n\n\n<p>Cependant, les c\u00e9pages les plus c\u00e9l\u00e8bres de la r\u00e9gion ont \u00e9t\u00e9 r\u00e9colt\u00e9s par les moines qui vivaient \u00e0 Saint-\u00c9milion d\u00e8s le VIIIe si\u00e8cle.<\/p>\n\n\n\n<p>La f\u00eate des vendanges de Saint-\u00c9milion atteint son apog\u00e9e lors de la Nuit du Patrimoine. Cette nuit-l\u00e0, les membres de la corporation des vignerons, appel\u00e9e &#8220;Jurade&#8221;, v\u00eatus de tuniques rouges et de manteaux blancs, d\u00e9filent dans le village, montent sur le clocher de l&#8217;\u00e9glise et proclament le d\u00e9but des vendanges.<\/p>\n\n\n\n<p>Le village tout entier entre en liesse apr\u00e8s l&#8217;annonce et se r\u00e9gale d&#8217;agneau, de veau et de fruits de mer &#8211; accompagn\u00e9s, bien s\u00fbr, d&#8217;excellents vins &#8211; dans le large \u00e9ventail de restaurants de la r\u00e9gion. Plus tard, un spectaculaire feu d&#8217;artifice sera tir\u00e9.<\/p>\n\n\n\n<h4 class=\"wp-block-heading\" id=\"h-impruneta-toscane-italie\"><strong><em>IMPRUNETA (TOSCANE), ITALIE<\/em><\/strong><\/h4>\n\n\n\n<figure class=\"wp-block-image\"><img decoding=\"async\" src=\"https:\/\/lh4.googleusercontent.com\/RbJcx-CTbPlKIz2MhiUDtbR8Hz0NakZSvNE9b6-r6SuUUXtzpG5uwyDinaIaPX5TNtz9w3l_7DayZuv7dfjDAKejBzudNnt0PO_jfNQEr9fk2xSj6DpOAWEonkroPzcE9Pj2T4wxn5ryGNONGZhmbsSRS5i0NufWTImJaDDpNRQJFTwkZOEuoTnPNw\" alt=\"\"\/><\/figure>\n\n\n\n<p><a href=\"https:\/\/tourtravelandmore.com\/fr\/city\/italie-fr\/\">Dans la r\u00e9gion de Toscane,<\/a> les voyageurs appr\u00e9cient non seulement ses truffes savoureuses, mais aussi son vin. Les \u00c9trusques, il y a quelque trois mill\u00e9naires, ont commenc\u00e9 \u00e0 r\u00e9colter des truffes sur ces terres.<\/p>\n\n\n\n<p>Chaque ann\u00e9e, le dernier dimanche de septembre, un petit village de cette r\u00e9gion, Impruneta (qui se trouve au c\u0153ur de la zone historique du Chianti Classico), se pare de ses plus beaux atours pour c\u00e9l\u00e9brer les vendanges de mani\u00e8re color\u00e9e, vivante et enivrante.<\/p>\n\n\n\n<p>Le festival, qui a d\u00e9but\u00e9 en 1926, est connu sous le nom de Festa dell&#8217;Uva (f\u00eate du raisin) et c\u00e9l\u00e8bre le fruit qui a apport\u00e9 tant de joie et de prosp\u00e9rit\u00e9 \u00e0 la r\u00e9gion.<\/p>\n\n\n\n<p>L&#8217;\u00e9v\u00e9nement principal du festival est le d\u00e9fil\u00e9 de chars \u00e0 travers les quatre quartiers d&#8217;Impruneta. Elle commence \u00e0 15h30, mais si vous voulez la voir, vous devez arriver bien avant, car les \u00e9troites rues m\u00e9di\u00e9vales du village se remplissent de milliers de badauds, locaux et \u00e9trangers.<\/p>\n\n\n\n<p>En plus de la parade, il y a aussi des danses color\u00e9es, des spectacles de rue et des d\u00e9gustations de nourriture et de vin.<\/p>\n\n\n\n<h4 class=\"wp-block-heading\" id=\"h-boppard-allemagne\"><strong><em>BOPPARD, ALLEMAGNE<\/em><\/strong><\/h4>\n\n\n\n<h4 class=\"wp-block-heading\" id=\"h-\"><img fetchpriority=\"high\" decoding=\"async\" src=\"https:\/\/lh3.googleusercontent.com\/sQEI37rV9aZ_G73jrsitV7tNxGrjPIHaskBX3H6PyMFhCW0tGRY5B9laLM7Iriy7w9B7R6ys1usbHXdyevjWk7_QutC4lSP4x6jcpoPDbs549s2S_8AaEEN734rEsvpz2Tm4TbIDPJXpSw0-qLHsEc17ot_VEV02IpFgePS7aZhl38AwTb1zDwj2HA\" width=\"602\" height=\"401\"><\/h4>\n\n\n\n<p>Ceux qui pensent que les Allemands ne savent pas organiser des f\u00eates du vin se trompent lourdement. Pour se faire une fausse id\u00e9e, il suffit de se rendre \u00e0 Boppard, une ville situ\u00e9e sur la rive gauche du Rhin.<\/p>\n\n\n\n<p>Cette ville est class\u00e9e au patrimoine mondial de l&#8217;UNESCO, mais c&#8217;est aussi un important centre de production de vin, avec des c\u00e9pages comme le pinot noir, le spatburgunder et ceux qui produisent le c\u00e9l\u00e8bre &#8211; et bizarre &#8211; vin de glace. Ce vin unique est \u00e9labor\u00e9 \u00e0 partir de raisins qui ont \u00e9t\u00e9 expos\u00e9s aux premi\u00e8res gel\u00e9es des mois les plus froids.<\/p>\n\n\n\n<p>Le festival des r\u00e9coltes de Boppard a lieu pendant la derni\u00e8re semaine de septembre et la premi\u00e8re semaine d&#8217;octobre.<\/p>\n\n\n\n<p>Comme elle dure longtemps, elle est quelque peu d\u00e9tendue, sans grandes processions ni \u00e9v\u00e9nements uniques. Cependant, l&#8217;atmosph\u00e8re est tr\u00e8s festive dans le centre, avec des stands de nourriture et de boissons dispers\u00e9s autour de la belle place du march\u00e9.<\/p>\n\n\n\n<p>Le soir, de la musique live fait son apparition et certains vignerons discutent de ce que devrait \u00eatre le nouveau mill\u00e9sime. Des feux d&#8217;artifice sont \u00e9galement organis\u00e9s le week-end.<\/p>\n\n\n\n<h4 class=\"wp-block-heading\" id=\"h-r-gion-de-duero-portugal\"><strong><em>R\u00c9GION DE DUERO, PORTUGAL<\/em><\/strong><\/h4>\n\n\n\n<p><img decoding=\"async\" width=\"602\" height=\"401\" src=\"https:\/\/lh6.googleusercontent.com\/7zfcNH7tdG7PEODE5vf3gfIzv3BMuLgPHInFhHxn3L8pL_XkfjkpVE1bqNJpGxYSjUzseIeDY_TLXFPRsMLpYnSn_9Y0kvuJBE5-aVlYazN92CrEl9cJlEdKLJihPqk8THSgVVbrLZTXaBe_O-3TQ_XfWosLuqM8pLQV8SjG20WoTiZdAyTJdL1K4A\"><\/p>\n\n\n\n<p>L&#8217;une des f\u00eates des vendanges les plus personnalis\u00e9es et les plus cr\u00e9atives au monde se d\u00e9roule dans la r\u00e9gion de la vall\u00e9e du Douro, au Portugal.\u00a0<\/p>\n\n\n\n<p>Les meilleurs vins du Portugal sont cultiv\u00e9s depuis des si\u00e8cles dans les vignobles situ\u00e9s sur les rives du fleuve. Les raisins sont transform\u00e9s en vin de Porto et vieillis dans des f\u00fbts de ch\u00eane qui sont transport\u00e9s sur le fleuve dans des bateaux de marchandises en bois, appel\u00e9s rabelos.<\/p>\n\n\n\n<p>Le festival des vendanges de la vall\u00e9e du Douro a r\u00e9ussi \u00e0 fusionner la passion pour le vin et les vendanges, la gastronomie et le septi\u00e8me art, le cin\u00e9ma.<\/p>\n\n\n\n<p>Cette id\u00e9e a donn\u00e9 lieu \u00e0 une grande vari\u00e9t\u00e9 d&#8217;\u00e9v\u00e9nements li\u00e9s au monde du vin. Il s&#8217;agit de pr\u00e9sentations, de discussions, de projections de films et, bien s\u00fbr, de d\u00e9gustations de vins. Ces \u00e9v\u00e9nements se d\u00e9roulent dans diff\u00e9rentes parties de la r\u00e9gion et sont l&#8217;excuse parfaite pour faire une excursion dans la r\u00e9gion et apprendre \u00e0 conna\u00eetre ses beaux coins ruraux.<\/p>\n\n\n\n<h4 class=\"wp-block-heading\" id=\"h-la-rioja-et-jerez-de-la-frontera-espagne\"><strong><em>LA RIOJA ET JEREZ DE LA FRONTERA, ESPAGNE<\/em><\/strong><\/h4>\n\n\n\n<p><img decoding=\"async\" width=\"602\" height=\"400\" src=\"https:\/\/lh6.googleusercontent.com\/7zBKzDDytGeFpiUkwyggnbOdtbAgU_TrFJZ-ruLKEKU4zbvH-F3aQT015frjNHprOF2_aAkB8Ww3iVd1-kcGdx9WzoggPVqccBxu-8Rlme-KrfY8oAq26-2u2SfC4Oarg0hFG_JffxYM_jQNEuSsCny3cXEkpc0YOPse5klykvy7jmciIO0_jGTbnQ\"><\/p>\n\n\n\n<p>La f\u00eate des vendanges de La Rioja est l&#8217;une des meilleures f\u00eates des vendanges d&#8217;Europe. Entre les villages m\u00e9di\u00e9vaux, les montagnes cantabriques et les champs de la vall\u00e9e de l&#8217;Ebre, se trouve l&#8217;une des r\u00e9gions viticoles les plus anciennes et les plus importantes d&#8217;Europe.<\/p>\n\n\n\n<p>\u00c0 Logro\u00f1o, la capitale, se tient la foire de San Mateo, qui existe depuis 9 si\u00e8cles et qui est l&#8217;une des plus anciennes de toutes les foires. Elle commence le 21 septembre, qui est le jour de la San Mateo, et dure une semaine.<\/p>\n\n\n\n<p>Le foulage du vin est l&#8217;une des traditions les plus vivantes de La Rioja, o\u00f9 l&#8217;on peut voir les vendangeurs sauter dans de grands tonneaux remplis de raisins pour les fouler \u00e0 pieds nus et en extraire le jus.<\/p>\n\n\n\n<p>La plupart des \u00e9v\u00e9nements ont lieu \u00e0 El Espol\u00f3n, la place principale de Logro\u00f1o. Des processions, des feux d&#8217;artifice, des d\u00e9gustations de sp\u00e9cialit\u00e9s culinaires de Riojan &#8211; comme le poulet en sauce au vin blanc ou la perdrix r\u00f4tie &#8211; et des d\u00e9gustations de vins divertissent tout le monde pendant la grande semaine.<\/p>\n\n\n\n<p>Dans l&#8217;extr\u00eame sud de l&#8217;Espagne, \u00e0 Jerez de la Frontera, on produit des vins uniques dont la renomm\u00e9e d\u00e9passe les fronti\u00e8res. Chaque ann\u00e9e, le premier samedi de septembre est le signal de d\u00e9part des Fiestas de la Vendimia y Oto\u00f1o de Jerez de la Frontera.<\/p>\n\n\n\n<p>C&#8217;est le d\u00e9but d&#8217;une c\u00e9l\u00e9bration de trois semaines, avec des spectacles de flamenco, des d\u00e9fil\u00e9s, des concerts, des tapas et beaucoup de d\u00e9gustation de manzanilla.<\/p>\n\n\n\n<p>Le premier jour, la reine des fiestas et ses servantes traversent la ville sur un char magnifiquement d\u00e9cor\u00e9. Lorsqu&#8217;elle arrive \u00e0 la Plaza del Arenal, elle jette la premi\u00e8re grappe de raisin dans le pressoir, signalant ainsi le d\u00e9but du mois des vendanges. Le festival est \u00e9galement une occasion unique d&#8217;admirer la beaut\u00e9 des chevaux andalous et les robes de flamenco des femmes de Jerez.<\/p>\n\n\n\n<p>Sans aucun doute, le vin n&#8217;apporte que joie et spectacle \u00e0 ce monde qui en a tant besoin.<\/p>\n","protected":false},"excerpt":{"rendered":"<p>Quoi de mieux que de d\u00e9guster un bon vin accompagn\u00e9 d&#8217;un beau paysage ? Nous savons que la joie produite par le raisin dans toutes ses versions est in\u00e9gal\u00e9e, mais parfois celle que nous aimons le plus, c&#8217;est lorsqu&#8217;elle se pr\u00e9sente sous forme de vin, ha. Vous trouverez ici les meilleures f\u00eates des vendanges \u00e0 visiter.<\/p>\n","protected":false},"author":2,"featured_media":140653,"comment_status":"open","ping_status":"open","sticky":false,"template":"","format":"standard","meta":{"_acf_changed":false,"footnotes":""},"categories":[3914],"tags":[],"class_list":["post-140656","post","type-post","status-publish","format-standard","has-post-thumbnail","hentry","category-europe-fr"],"acf":[],"yoast_head":"<!-- This site is optimized with the Yoast SEO Premium plugin v25.3.1 (Yoast SEO v25.3.1) - https:\/\/yoast.com\/wordpress\/plugins\/seo\/ -->\n<title>Les meilleures f\u00eates des vendanges en Europe - Tourtravel &amp;more<\/title>\n<meta name=\"description\" content=\"\u226b Si vous n&#039;avez jamais assist\u00e9 \u00e0 une f\u00eate des vendanges et que vous avez envie de vous y essayer, nous vous invitons \u00e0 d\u00e9couvrir pourquoi ces endroits en Europe sont les meilleurs pour le faire.\u226b\" \/>\n<meta name=\"robots\" content=\"index, follow, max-snippet:-1, max-image-preview:large, max-video-preview:-1\" \/>\n<link rel=\"canonical\" href=\"https:\/\/tourtravelandmore.com\/fr\/les-meilleures-fetes-des-vendanges-en-europe\/\" \/>\n<meta property=\"og:locale\" content=\"fr_FR\" \/>\n<meta property=\"og:type\" content=\"article\" \/>\n<meta property=\"og:title\" content=\"Les meilleures f\u00eates des vendanges en Europe\" \/>\n<meta property=\"og:description\" content=\"\u226b Si vous n&#039;avez jamais assist\u00e9 \u00e0 une f\u00eate des vendanges et que vous avez envie de vous y essayer, nous vous invitons \u00e0 d\u00e9couvrir pourquoi ces endroits en Europe sont les meilleurs pour le faire.\u226b\" \/>\n<meta property=\"og:url\" content=\"https:\/\/tourtravelandmore.com\/fr\/les-meilleures-fetes-des-vendanges-en-europe\/\" \/>\n<meta property=\"og:site_name\" content=\"Tour Travel And More\" \/>\n<meta property=\"article:publisher\" content=\"https:\/\/www.facebook.com\/tourtravelandmore\/\" \/>\n<meta property=\"article:published_time\" content=\"2022-10-15T06:19:11+00:00\" \/>\n<meta property=\"article:modified_time\" content=\"2025-05-16T13:58:00+00:00\" \/>\n<meta property=\"og:image\" content=\"https:\/\/tourtravelandmore.com\/wp-content\/uploads\/2022\/10\/image-1.jpeg\" \/>\n\t<meta property=\"og:image:width\" content=\"1600\" \/>\n\t<meta property=\"og:image:height\" content=\"869\" \/>\n\t<meta property=\"og:image:type\" content=\"image\/jpeg\" \/>\n<meta name=\"author\" content=\"Maya Nader Harati\" \/>\n<meta name=\"twitter:card\" content=\"summary_large_image\" \/>\n<meta name=\"twitter:creator\" content=\"@TourTravel_More\" \/>\n<meta name=\"twitter:site\" content=\"@TourTravel_More\" \/>\n<meta name=\"twitter:label1\" content=\"\u00c9crit par\" \/>\n\t<meta name=\"twitter:data1\" content=\"Maya Nader Harati\" \/>\n\t<meta name=\"twitter:label2\" content=\"Dur\u00e9e de lecture estim\u00e9e\" \/>\n\t<meta name=\"twitter:data2\" content=\"7 minutes\" \/>\n<script type=\"application\/ld+json\" class=\"yoast-schema-graph\">{\"@context\":\"https:\/\/schema.org\",\"@graph\":[{\"@type\":\"Article\",\"@id\":\"https:\/\/tourtravelandmore.com\/fr\/les-meilleures-fetes-des-vendanges-en-europe\/#article\",\"isPartOf\":{\"@id\":\"https:\/\/tourtravelandmore.com\/fr\/les-meilleures-fetes-des-vendanges-en-europe\/\"},\"author\":{\"name\":\"Maya Nader Harati\",\"@id\":\"https:\/\/tourtravelandmore.com\/fr\/#\/schema\/person\/2a1c66d76ae9290a394e8efb4af12e1e\"},\"headline\":\"Les meilleures f\u00eates des vendanges en Europe\",\"datePublished\":\"2022-10-15T06:19:11+00:00\",\"dateModified\":\"2025-05-16T13:58:00+00:00\",\"mainEntityOfPage\":{\"@id\":\"https:\/\/tourtravelandmore.com\/fr\/les-meilleures-fetes-des-vendanges-en-europe\/\"},\"wordCount\":1363,\"commentCount\":0,\"publisher\":{\"@id\":\"https:\/\/tourtravelandmore.com\/fr\/#organization\"},\"image\":{\"@id\":\"https:\/\/tourtravelandmore.com\/fr\/les-meilleures-fetes-des-vendanges-en-europe\/#primaryimage\"},\"thumbnailUrl\":\"https:\/\/tourtravelandmore.com\/wp-content\/uploads\/2022\/10\/image-1.jpeg\",\"articleSection\":[\"Europe\"],\"inLanguage\":\"fr-FR\",\"potentialAction\":[{\"@type\":\"CommentAction\",\"name\":\"Comment\",\"target\":[\"https:\/\/tourtravelandmore.com\/fr\/les-meilleures-fetes-des-vendanges-en-europe\/#respond\"]}],\"accessibilityFeature\":[\"tableOfContents\"]},{\"@type\":\"WebPage\",\"@id\":\"https:\/\/tourtravelandmore.com\/fr\/les-meilleures-fetes-des-vendanges-en-europe\/\",\"url\":\"https:\/\/tourtravelandmore.com\/fr\/les-meilleures-fetes-des-vendanges-en-europe\/\",\"name\":\"Les meilleures f\u00eates des vendanges en Europe - Tourtravel &more\",\"isPartOf\":{\"@id\":\"https:\/\/tourtravelandmore.com\/fr\/#website\"},\"primaryImageOfPage\":{\"@id\":\"https:\/\/tourtravelandmore.com\/fr\/les-meilleures-fetes-des-vendanges-en-europe\/#primaryimage\"},\"image\":{\"@id\":\"https:\/\/tourtravelandmore.com\/fr\/les-meilleures-fetes-des-vendanges-en-europe\/#primaryimage\"},\"thumbnailUrl\":\"https:\/\/tourtravelandmore.com\/wp-content\/uploads\/2022\/10\/image-1.jpeg\",\"datePublished\":\"2022-10-15T06:19:11+00:00\",\"dateModified\":\"2025-05-16T13:58:00+00:00\",\"description\":\"\u226b Si vous n'avez jamais assist\u00e9 \u00e0 une f\u00eate des vendanges et que vous avez envie de vous y essayer, nous vous invitons \u00e0 d\u00e9couvrir pourquoi ces endroits en Europe sont les meilleurs pour le faire.\u226b\",\"breadcrumb\":{\"@id\":\"https:\/\/tourtravelandmore.com\/fr\/les-meilleures-fetes-des-vendanges-en-europe\/#breadcrumb\"},\"inLanguage\":\"fr-FR\",\"potentialAction\":[{\"@type\":\"ReadAction\",\"target\":[\"https:\/\/tourtravelandmore.com\/fr\/les-meilleures-fetes-des-vendanges-en-europe\/\"]}]},{\"@type\":\"ImageObject\",\"inLanguage\":\"fr-FR\",\"@id\":\"https:\/\/tourtravelandmore.com\/fr\/les-meilleures-fetes-des-vendanges-en-europe\/#primaryimage\",\"url\":\"https:\/\/tourtravelandmore.com\/wp-content\/uploads\/2022\/10\/image-1.jpeg\",\"contentUrl\":\"https:\/\/tourtravelandmore.com\/wp-content\/uploads\/2022\/10\/image-1.jpeg\",\"width\":1600,\"height\":869},{\"@type\":\"BreadcrumbList\",\"@id\":\"https:\/\/tourtravelandmore.com\/fr\/les-meilleures-fetes-des-vendanges-en-europe\/#breadcrumb\",\"itemListElement\":[{\"@type\":\"ListItem\",\"position\":1,\"name\":\"Home\",\"item\":\"https:\/\/tourtravelandmore.com\/fr\/\"},{\"@type\":\"ListItem\",\"position\":2,\"name\":\"Les meilleures f\u00eates des vendanges en Europe\"}]},{\"@type\":\"WebSite\",\"@id\":\"https:\/\/tourtravelandmore.com\/fr\/#website\",\"url\":\"https:\/\/tourtravelandmore.com\/fr\/\",\"name\":\"Tour Travel And More\",\"description\":\"Private sightseeing tours and luxury transfers in Spain\",\"publisher\":{\"@id\":\"https:\/\/tourtravelandmore.com\/fr\/#organization\"},\"potentialAction\":[{\"@type\":\"SearchAction\",\"target\":{\"@type\":\"EntryPoint\",\"urlTemplate\":\"https:\/\/tourtravelandmore.com\/fr\/?s={search_term_string}\"},\"query-input\":{\"@type\":\"PropertyValueSpecification\",\"valueRequired\":true,\"valueName\":\"search_term_string\"}}],\"inLanguage\":\"fr-FR\"},{\"@type\":\"Organization\",\"@id\":\"https:\/\/tourtravelandmore.com\/fr\/#organization\",\"name\":\"Tour Travel And More\",\"url\":\"https:\/\/tourtravelandmore.com\/fr\/\",\"logo\":{\"@type\":\"ImageObject\",\"inLanguage\":\"fr-FR\",\"@id\":\"https:\/\/tourtravelandmore.com\/fr\/#\/schema\/logo\/image\/\",\"url\":\"https:\/\/tourtravelandmore.com\/wp-content\/uploads\/2022\/12\/cropped-logo-cabecera-new.png\",\"contentUrl\":\"https:\/\/tourtravelandmore.com\/wp-content\/uploads\/2022\/12\/cropped-logo-cabecera-new.png\",\"width\":430,\"height\":61,\"caption\":\"Tour Travel And More\"},\"image\":{\"@id\":\"https:\/\/tourtravelandmore.com\/fr\/#\/schema\/logo\/image\/\"},\"sameAs\":[\"https:\/\/www.facebook.com\/tourtravelandmore\/\",\"https:\/\/x.com\/TourTravel_More\"]},{\"@type\":\"Person\",\"@id\":\"https:\/\/tourtravelandmore.com\/fr\/#\/schema\/person\/2a1c66d76ae9290a394e8efb4af12e1e\",\"name\":\"Maya Nader Harati\",\"image\":{\"@type\":\"ImageObject\",\"inLanguage\":\"fr-FR\",\"@id\":\"https:\/\/tourtravelandmore.com\/fr\/#\/schema\/person\/image\/\",\"url\":\"https:\/\/secure.gravatar.com\/avatar\/adc2305883b6f86a616354c0c4516fcd9a333d5f5a0806d9d1ae9b30f898fa1f?s=96&d=mm&r=g\",\"contentUrl\":\"https:\/\/secure.gravatar.com\/avatar\/adc2305883b6f86a616354c0c4516fcd9a333d5f5a0806d9d1ae9b30f898fa1f?s=96&d=mm&r=g\",\"caption\":\"Maya Nader Harati\"},\"description\":\"Cultural Destination Specialist & Travel Chronicler. Maya doesn\u2019t just travel the world; she translates it.\",\"sameAs\":[\"https:\/\/tourtravelandmore.com\/author-profile-maya-nader-harati\/\"]}]}<\/script>\n<!-- \/ Yoast SEO Premium plugin. -->","yoast_head_json":{"title":"Les meilleures f\u00eates des vendanges en Europe - Tourtravel &more","description":"\u226b Si vous n'avez jamais assist\u00e9 \u00e0 une f\u00eate des vendanges et que vous avez envie de vous y essayer, nous vous invitons \u00e0 d\u00e9couvrir pourquoi ces endroits en Europe sont les meilleurs pour le faire.\u226b","robots":{"index":"index","follow":"follow","max-snippet":"max-snippet:-1","max-image-preview":"max-image-preview:large","max-video-preview":"max-video-preview:-1"},"canonical":"https:\/\/tourtravelandmore.com\/fr\/les-meilleures-fetes-des-vendanges-en-europe\/","og_locale":"fr_FR","og_type":"article","og_title":"Les meilleures f\u00eates des vendanges en Europe","og_description":"\u226b Si vous n'avez jamais assist\u00e9 \u00e0 une f\u00eate des vendanges et que vous avez envie de vous y essayer, nous vous invitons \u00e0 d\u00e9couvrir pourquoi ces endroits en Europe sont les meilleurs pour le faire.\u226b","og_url":"https:\/\/tourtravelandmore.com\/fr\/les-meilleures-fetes-des-vendanges-en-europe\/","og_site_name":"Tour Travel And More","article_publisher":"https:\/\/www.facebook.com\/tourtravelandmore\/","article_published_time":"2022-10-15T06:19:11+00:00","article_modified_time":"2025-05-16T13:58:00+00:00","og_image":[{"width":1600,"height":869,"url":"https:\/\/tourtravelandmore.com\/wp-content\/uploads\/2022\/10\/image-1.jpeg","type":"image\/jpeg"}],"author":"Maya Nader Harati","twitter_card":"summary_large_image","twitter_creator":"@TourTravel_More","twitter_site":"@TourTravel_More","twitter_misc":{"\u00c9crit par":"Maya Nader Harati","Dur\u00e9e de lecture estim\u00e9e":"7 minutes"},"schema":{"@context":"https:\/\/schema.org","@graph":[{"@type":"Article","@id":"https:\/\/tourtravelandmore.com\/fr\/les-meilleures-fetes-des-vendanges-en-europe\/#article","isPartOf":{"@id":"https:\/\/tourtravelandmore.com\/fr\/les-meilleures-fetes-des-vendanges-en-europe\/"},"author":{"name":"Maya Nader Harati","@id":"https:\/\/tourtravelandmore.com\/fr\/#\/schema\/person\/2a1c66d76ae9290a394e8efb4af12e1e"},"headline":"Les meilleures f\u00eates des vendanges en Europe","datePublished":"2022-10-15T06:19:11+00:00","dateModified":"2025-05-16T13:58:00+00:00","mainEntityOfPage":{"@id":"https:\/\/tourtravelandmore.com\/fr\/les-meilleures-fetes-des-vendanges-en-europe\/"},"wordCount":1363,"commentCount":0,"publisher":{"@id":"https:\/\/tourtravelandmore.com\/fr\/#organization"},"image":{"@id":"https:\/\/tourtravelandmore.com\/fr\/les-meilleures-fetes-des-vendanges-en-europe\/#primaryimage"},"thumbnailUrl":"https:\/\/tourtravelandmore.com\/wp-content\/uploads\/2022\/10\/image-1.jpeg","articleSection":["Europe"],"inLanguage":"fr-FR","potentialAction":[{"@type":"CommentAction","name":"Comment","target":["https:\/\/tourtravelandmore.com\/fr\/les-meilleures-fetes-des-vendanges-en-europe\/#respond"]}],"accessibilityFeature":["tableOfContents"]},{"@type":"WebPage","@id":"https:\/\/tourtravelandmore.com\/fr\/les-meilleures-fetes-des-vendanges-en-europe\/","url":"https:\/\/tourtravelandmore.com\/fr\/les-meilleures-fetes-des-vendanges-en-europe\/","name":"Les meilleures f\u00eates des vendanges en Europe - Tourtravel &more","isPartOf":{"@id":"https:\/\/tourtravelandmore.com\/fr\/#website"},"primaryImageOfPage":{"@id":"https:\/\/tourtravelandmore.com\/fr\/les-meilleures-fetes-des-vendanges-en-europe\/#primaryimage"},"image":{"@id":"https:\/\/tourtravelandmore.com\/fr\/les-meilleures-fetes-des-vendanges-en-europe\/#primaryimage"},"thumbnailUrl":"https:\/\/tourtravelandmore.com\/wp-content\/uploads\/2022\/10\/image-1.jpeg","datePublished":"2022-10-15T06:19:11+00:00","dateModified":"2025-05-16T13:58:00+00:00","description":"\u226b Si vous n'avez jamais assist\u00e9 \u00e0 une f\u00eate des vendanges et que vous avez envie de vous y essayer, nous vous invitons \u00e0 d\u00e9couvrir pourquoi ces endroits en Europe sont les meilleurs pour le faire.\u226b","breadcrumb":{"@id":"https:\/\/tourtravelandmore.com\/fr\/les-meilleures-fetes-des-vendanges-en-europe\/#breadcrumb"},"inLanguage":"fr-FR","potentialAction":[{"@type":"ReadAction","target":["https:\/\/tourtravelandmore.com\/fr\/les-meilleures-fetes-des-vendanges-en-europe\/"]}]},{"@type":"ImageObject","inLanguage":"fr-FR","@id":"https:\/\/tourtravelandmore.com\/fr\/les-meilleures-fetes-des-vendanges-en-europe\/#primaryimage","url":"https:\/\/tourtravelandmore.com\/wp-content\/uploads\/2022\/10\/image-1.jpeg","contentUrl":"https:\/\/tourtravelandmore.com\/wp-content\/uploads\/2022\/10\/image-1.jpeg","width":1600,"height":869},{"@type":"BreadcrumbList","@id":"https:\/\/tourtravelandmore.com\/fr\/les-meilleures-fetes-des-vendanges-en-europe\/#breadcrumb","itemListElement":[{"@type":"ListItem","position":1,"name":"Home","item":"https:\/\/tourtravelandmore.com\/fr\/"},{"@type":"ListItem","position":2,"name":"Les meilleures f\u00eates des vendanges en Europe"}]},{"@type":"WebSite","@id":"https:\/\/tourtravelandmore.com\/fr\/#website","url":"https:\/\/tourtravelandmore.com\/fr\/","name":"Tour Travel And More","description":"Private sightseeing tours and luxury transfers in Spain","publisher":{"@id":"https:\/\/tourtravelandmore.com\/fr\/#organization"},"potentialAction":[{"@type":"SearchAction","target":{"@type":"EntryPoint","urlTemplate":"https:\/\/tourtravelandmore.com\/fr\/?s={search_term_string}"},"query-input":{"@type":"PropertyValueSpecification","valueRequired":true,"valueName":"search_term_string"}}],"inLanguage":"fr-FR"},{"@type":"Organization","@id":"https:\/\/tourtravelandmore.com\/fr\/#organization","name":"Tour Travel And More","url":"https:\/\/tourtravelandmore.com\/fr\/","logo":{"@type":"ImageObject","inLanguage":"fr-FR","@id":"https:\/\/tourtravelandmore.com\/fr\/#\/schema\/logo\/image\/","url":"https:\/\/tourtravelandmore.com\/wp-content\/uploads\/2022\/12\/cropped-logo-cabecera-new.png","contentUrl":"https:\/\/tourtravelandmore.com\/wp-content\/uploads\/2022\/12\/cropped-logo-cabecera-new.png","width":430,"height":61,"caption":"Tour Travel And More"},"image":{"@id":"https:\/\/tourtravelandmore.com\/fr\/#\/schema\/logo\/image\/"},"sameAs":["https:\/\/www.facebook.com\/tourtravelandmore\/","https:\/\/x.com\/TourTravel_More"]},{"@type":"Person","@id":"https:\/\/tourtravelandmore.com\/fr\/#\/schema\/person\/2a1c66d76ae9290a394e8efb4af12e1e","name":"Maya Nader Harati","image":{"@type":"ImageObject","inLanguage":"fr-FR","@id":"https:\/\/tourtravelandmore.com\/fr\/#\/schema\/person\/image\/","url":"https:\/\/secure.gravatar.com\/avatar\/adc2305883b6f86a616354c0c4516fcd9a333d5f5a0806d9d1ae9b30f898fa1f?s=96&d=mm&r=g","contentUrl":"https:\/\/secure.gravatar.com\/avatar\/adc2305883b6f86a616354c0c4516fcd9a333d5f5a0806d9d1ae9b30f898fa1f?s=96&d=mm&r=g","caption":"Maya Nader Harati"},"description":"Cultural Destination Specialist & Travel Chronicler. Maya doesn\u2019t just travel the world; she translates it.","sameAs":["https:\/\/tourtravelandmore.com\/author-profile-maya-nader-harati\/"]}]}},"_links":{"self":[{"href":"https:\/\/tourtravelandmore.com\/fr\/wp-json\/wp\/v2\/posts\/140656","targetHints":{"allow":["GET"]}}],"collection":[{"href":"https:\/\/tourtravelandmore.com\/fr\/wp-json\/wp\/v2\/posts"}],"about":[{"href":"https:\/\/tourtravelandmore.com\/fr\/wp-json\/wp\/v2\/types\/post"}],"author":[{"embeddable":true,"href":"https:\/\/tourtravelandmore.com\/fr\/wp-json\/wp\/v2\/users\/2"}],"replies":[{"embeddable":true,"href":"https:\/\/tourtravelandmore.com\/fr\/wp-json\/wp\/v2\/comments?post=140656"}],"version-history":[{"count":1,"href":"https:\/\/tourtravelandmore.com\/fr\/wp-json\/wp\/v2\/posts\/140656\/revisions"}],"predecessor-version":[{"id":183741,"href":"https:\/\/tourtravelandmore.com\/fr\/wp-json\/wp\/v2\/posts\/140656\/revisions\/183741"}],"wp:featuredmedia":[{"embeddable":true,"href":"https:\/\/tourtravelandmore.com\/fr\/wp-json\/wp\/v2\/media\/140653"}],"wp:attachment":[{"href":"https:\/\/tourtravelandmore.com\/fr\/wp-json\/wp\/v2\/media?parent=140656"}],"wp:term":[{"taxonomy":"category","embeddable":true,"href":"https:\/\/tourtravelandmore.com\/fr\/wp-json\/wp\/v2\/categories?post=140656"},{"taxonomy":"post_tag","embeddable":true,"href":"https:\/\/tourtravelandmore.com\/fr\/wp-json\/wp\/v2\/tags?post=140656"}],"curies":[{"name":"wp","href":"https:\/\/api.w.org\/{rel}","templated":true}]}}