{"id":140200,"date":"2022-10-11T22:28:28","date_gmt":"2022-10-11T20:28:28","guid":{"rendered":"https:\/\/tourtravelandmore.com\/?p=140200"},"modified":"2025-05-16T15:58:12","modified_gmt":"2025-05-16T13:58:12","slug":"lavenir-du-voyage-des-destinations-qui-rendent-le-monde-meilleur","status":"publish","type":"post","link":"https:\/\/tourtravelandmore.com\/fr\/lavenir-du-voyage-des-destinations-qui-rendent-le-monde-meilleur\/","title":{"rendered":"<strong>L&#8217;avenir du voyage : des destinations qui rendent le monde meilleur<\/strong>"},"content":{"rendered":"\n<div class=\"wp-block-yoast-seo-table-of-contents yoast-table-of-contents\"><h2>Table of contents<\/h2><ul><li><a href=\"#h-en-australie-le-mossman-gorge-centre\" data-level=\"2\">En Australie, le Mossman Gorge Centre :\u00a0<\/a><\/li><li><a href=\"#h-aux-pays-bas-rotterdam-la-ferme-flottante\" data-level=\"2\">Aux Pays-Bas, \u00e0 Rotterdam, la Ferme flottante :<\/a><\/li><li><a href=\"#h-au-canada-l-association-du-tourisme-indig-ne-itac\" data-level=\"2\">Au Canada, l&#8217;Association du tourisme indig\u00e8ne (ITAC) :<\/a><\/li><li><a href=\"#h-aux-tats-unis-san-francisco-le-parc-presidio-tunnel-tops\" data-level=\"2\">Aux \u00c9tats-Unis, \u00e0 San Francisco, le parc Presidio Tunnel Tops :\u00a0<\/a><\/li><\/ul><\/div>\n\n\n\n<p>Le monde change. De plus en plus de personnes et d&#8217;organisations prennent conscience de l&#8217;<strong>importance de la r\u00e9duction des polluants <\/strong>et de la protection et de la conservation de certains \u00e9cosyst\u00e8mes et communaut\u00e9s qui n&#8217;\u00e9taient pas pris en compte auparavant. De m\u00eame, les centres urbains ont \u00e9t\u00e9 r\u00e9invent\u00e9s, la fa\u00e7on de se d\u00e9placer a \u00e9t\u00e9 r\u00e9invent\u00e9e, et les populations autochtones sont \u00e9galement incluses dans les projets.&nbsp;<\/p>\n\n\n\n<p>Ces pionniers changent notre fa\u00e7on de vivre, mais aussi notre fa\u00e7on de voir les voyages. Ils rencontrent parfois des obstacles avec leurs id\u00e9es cr\u00e9atives, audacieuses et avant-gardistes, qui prennent en compte la technologie, les conceptions innovantes, la durabilit\u00e9, l&#8217;accessibilit\u00e9 et l&#8217;inclusion globale de la connaissance. Nous parlons de <strong>programmes qui n&#8217;ont jamais \u00e9t\u00e9 aussi importants qu<\/strong>&#8216;aujourd&#8217;hui.&nbsp;<\/p>\n\n\n\n<p>On pourrait penser que c&#8217;est d\u00fb \u00e0 la pand\u00e9mie, qui a eu un impact sur toute la plan\u00e8te, mais ce n&#8217;est pas la seule chose. Elle est \u00e9galement due \u00e0 un facteur de <strong>prise de conscience et \u00e0 l&#8217;\u00e9volution de l&#8217;\u00eatre humain.<\/strong> La n\u00e9cessit\u00e9 de prendre en compte les groupes minoritaires et d&#8217;\u00eatre inclus dans l&#8217;industrie du tourisme.<\/p>\n\n\n\n<p>Chaque jour, la crise climatique, les \u00e9missions de CO2 et l&#8217;effet de serre sont en hausse. Des organisations telles que Greenpeace ont promu des mod\u00e8les de mobilit\u00e9 durable qui incluent l&#8217;expansion des transports publics, y compris l&#8217;utilisation <strong>alternative des trains et l&#8217;utilisation des v\u00e9los <\/strong>dans les villes, \u00e9vitant ainsi de nouveaux dommages aux \u00e9cosyst\u00e8mes et \u00e0 la biodiversit\u00e9 de mani\u00e8re durable pour l&#8217;avenir.<\/p>\n\n\n\n<p>De m\u00eame, Earthwatch comprend la <strong>n\u00e9cessit\u00e9 de modifier les ressources qui n&#8217;ont pas \u00e9t\u00e9 utilis\u00e9es <\/strong>jusqu&#8217;\u00e0 pr\u00e9sent, qu&#8217;il s&#8217;agisse d&#8217;h\u00f4tels ou de centres de vill\u00e9giature ayant des programmes de replantation de coraux sur les plages ou de la participation aux recherches environnementales men\u00e9es par Earthwatch.<\/p>\n\n\n\n<p>Depuis quelque temps, plusieurs organisations travaillent sur un certain nombre de projets. Il est temps de <strong>commencer \u00e0 faire connaissance avec certaines d&#8217;entre elles<\/strong>, ce qui est l&#8217;objet de cet article.&nbsp;<\/p>\n\n\n\n<h2 class=\"wp-block-heading\" id=\"h-en-australie-le-mossman-gorge-centre\"><strong>En Australie, le Mossman Gorge Centre :&nbsp;<\/strong><\/h2>\n\n\n\n<p>Le Mossman Gorge Centre est situ\u00e9 dans la <a href=\"https:\/\/tourtravelandmore.com\/es\/ciudad\/australia-es\/\"><strong>partie nord-est du Queensland, en Australie,<\/strong><\/a> plus pr\u00e9cis\u00e9ment dans la for\u00eat tropicale du parc national de Daintre. Il couvre une superficie de 1200 kilom\u00e8tres carr\u00e9s et a \u00e9t\u00e9 d\u00e9clar\u00e9 site du patrimoine mondial de l&#8217;UNESCO. <strong>Une belle installation d&#8217;\u00e9cotourisme \u00e0 <\/strong>voir absolument pour tout voyageur visitant le pays.<\/p>\n\n\n\n<p>De 2012 \u00e0 2019, on a constat\u00e9 une augmentation d&#8217;environ 40 % de l&#8217;int\u00e9r\u00eat manifest\u00e9 par les voyageurs nationaux et internationaux pour un <strong>tourisme guid\u00e9 par les descendants des premiers colons <\/strong>de cette zone : la population indig\u00e8ne.&nbsp;<\/p>\n\n\n\n<p>Le projet en cours du Mossman Gorge Centre a \u00e9t\u00e9 important tant pour le tourisme que pour ces communaut\u00e9s, qui ont <strong>repris le contr\u00f4le de leurs terres <\/strong>anciennes et ancestrales. En cons\u00e9quence, ce parc de Daintre est d\u00e9sormais g\u00e9r\u00e9 par le peuple Kuku Yalanji, en collaboration avec le gouvernement de l&#8217;\u00c9tat du Queensland.&nbsp;<\/p>\n\n\n\n<p>Il convient de noter que <strong>73 % du personnel travaillant dans le parc est indig\u00e8ne, de sorte que <\/strong>ces descendants transmettent et enseignent aujourd&#8217;hui la mani\u00e8re de se rapporter \u00e0 ces terres, ce qui a permis de sensibiliser les voyageurs \u00e0 ne pas endommager la r\u00e9gion, comme c&#8217;\u00e9tait souvent le cas par le pass\u00e9.&nbsp;<\/p>\n\n\n\n<p>Apprendre \u00e0 conna\u00eetre ces terres avec un guide et un gardien permet d&#8217;en savoir plus sur la vie qui habite cette r\u00e9gion, sur son folklore, sur le respect que nous devons avoir pour la flore et la faune du parc et qui passaient auparavant inaper\u00e7ues. <strong>Ils proposent diff\u00e9rentes promenades \u00e0 travers <\/strong>la Daintre ; ou, si vous pr\u00e9f\u00e9rez, il y a une galerie o\u00f9 sont expos\u00e9s la culture et l&#8217;art des Kuku Yalanji. Vous pouvez \u00e9galement d\u00e9guster certains de leurs ingr\u00e9dients typiques au Mayi Caf\u00e9.&nbsp;<\/p>\n\n\n\n<h2 class=\"wp-block-heading\" id=\"h-aux-pays-bas-rotterdam-la-ferme-flottante\"><strong>Aux Pays-Bas, \u00e0 Rotterdam, la Ferme flottante <\/strong><strong>:<\/strong><\/h2>\n\n\n\n<p>Rotterdam est une ville n\u00e9erlandaise situ\u00e9e dans la partie occidentale du pays, au niveau de la province de Hollande m\u00e9ridionale, \u00e0 l&#8217;ouest des Pays-Bas, avec une population de 634 660 habitants ; c&#8217;est aussi la <strong>plus grande ville portuaire du continent europ\u00e9en aujourd&#8217;hui, <\/strong>apr\u00e8s avoir \u00e9t\u00e9 d\u00e9truite pendant la Seconde Guerre mondiale. Aujourd&#8217;hui, elle est consid\u00e9r\u00e9e comme une ville du futur.&nbsp;<\/p>\n\n\n\n<p>La ville de Rotterdam a beaucoup \u00e9volu\u00e9, surtout depuis 2007, lorsqu&#8217;elle a rejoint le C40 Cities ou Climate Leadership Group, un r\u00e9seau de 97 villes diff\u00e9rentes du monde entier et de tous les continents, dont l&#8217;objectif est de <strong>faire face au changement climatique alarmant sans ambigu\u00eft\u00e9 et avec diff\u00e9rentes actions.<\/strong><\/p>\n\n\n\n<p>Depuis lors, elle a renouvel\u00e9 son engagement \u00e0 r\u00e9duire au moins de moiti\u00e9 les \u00e9missions de CO2 et de gaz \u00e0 effet de serre <strong>par des actions environnementales <\/strong>d&#8217;ici 2029. Des initiatives se sont d\u00e9j\u00e0 concr\u00e9tis\u00e9es au niveau de la brasserie, l&#8217;utilisation de l&#8217;eau de pluie pour le brassage, ainsi que la ferme flottante au niveau du port.&nbsp;<\/p>\n\n\n\n<figure class=\"wp-block-image\"><img decoding=\"async\" src=\"https:\/\/lh3.googleusercontent.com\/izrseqiEbxXyvqfbyYQJ7YNsJDsennbReLIgTlnOyUz_EFWXL1duyARFeHi1D4H-yi_AjxX21CORv7vf0O-FlT_-_ULjC13JG6Wi7z3HEARBuVW0eaXMC_2yH36JnFUa7PzlW621oKIMzHlZoNBno-VoDnxe2NSpPD7tBWM_1V9xzo02IV9Ei4DTWVut\" alt=\"\"\/><\/figure>\n\n\n\n<p>Il s&#8217;agit d&#8217;une ferme durable au sein d&#8217;une ville, mais en m\u00eame temps \u00e9loign\u00e9e des habitations pour gagner de l&#8217;espace. Ces beaux animaux <strong>sont dans de meilleures conditions, calmes, <\/strong>avec suffisamment d&#8217;espace sur place, libres de se promener tant \u00e0 l&#8217;int\u00e9rieur de la ferme qu&#8217;\u00e0 l&#8217;ext\u00e9rieur, au niveau des espaces verts. Elle compte environ 40 vaches et des robots intelligents qui se chargent de les traire.&nbsp;<\/p>\n\n\n\n<p>Nous parlons d&#8217;une plateforme en verre et en acier compos\u00e9e de 3 \u00e9tages ou niveaux. <strong>Les vaches vivent ensemble \u00e0 l&#8217;\u00e9tage sup\u00e9rieur ; <\/strong>le fromage, le beurre et le yaourt sont produits \u00e0 l&#8217;\u00e9tage interm\u00e9diaire et le fromage est affin\u00e9 \u00e0 l&#8217;\u00e9tage inf\u00e9rieur. Cela montre l&#8217;avenir de l&#8217;\u00e9levage pour les autres pays int\u00e9ress\u00e9s.&nbsp;<\/p>\n\n\n\n<h2 class=\"wp-block-heading\" id=\"h-au-canada-l-association-du-tourisme-indig-ne-itac\"><strong>Au Canada, l&#8217;Association du tourisme indig\u00e8ne (ITAC) :<\/strong><\/h2>\n\n\n\n<p>Cette ONG a \u00e9t\u00e9 fond\u00e9e en 2015 et est bas\u00e9e \u00e0 Vancouver. Avec les organisations gouvernementales et les chefs d&#8217;entreprise, ils ont fait \u00e9quipe pour promouvoir le <strong>tourisme dans tout le <\/strong>pays <strong>par le biais de la communaut\u00e9 indig\u00e8ne<\/strong>. Il est clair qu&#8217;apr\u00e8s la pand\u00e9mie, le CIEM veut revenir aux niveaux d&#8217;avant la pand\u00e9mie d&#8217;ici 2025.<\/p>\n\n\n\n<p>\u00c0 cette fin, 1 900 entreprises sont g\u00e9r\u00e9es par la population autochtone ; en outre, 40 000 emplois seront cr\u00e9\u00e9s au niveau industriel. <strong>Tout cela sera g\u00e9r\u00e9 par les habitants, qui connaissent le mieux ces terres ; de cette fa\u00e7on, <\/strong>les communaut\u00e9s locales et le tourisme seront encourag\u00e9s.<\/p>\n\n\n\n<p>C&#8217;est une excellente occasion pour les futures visites de se rapprocher de cette population, de son mode de vie, de ses coutumes, de sa culture, de ses terres ancestrales, entre autres aspects. \u00c0 cette fin, <strong>1700 activit\u00e9s et exp\u00e9riences <\/strong>uniques ont \u00e9t\u00e9 <strong>s\u00e9lectionn\u00e9es pour que les <\/strong>touristes puissent les choisir et les int\u00e9grer dans leur itin\u00e9raire de voyage.&nbsp;<\/p>\n\n\n\n<p>Cette forme de <strong>tourisme apporte de nouvelles opportunit\u00e9s <\/strong>pour ces communaut\u00e9s, c&#8217;est-\u00e0-dire que leurs histoires deviennent connues du reste du monde, en plus de r\u00e9cup\u00e9rer leur culture, leur langue, leurs coutumes et, bien s\u00fbr, une activation \u00e9conomique pour le pays.&nbsp;<\/p>\n\n\n\n<h2 class=\"wp-block-heading\" id=\"h-aux-tats-unis-san-francisco-le-parc-presidio-tunnel-tops\"><strong>Aux \u00c9tats-Unis, \u00e0 San Francisco, le parc Presidio Tunnel Tops :&nbsp;<\/strong><\/h2>\n\n\n\n<p>R\u00e9cemment, au cours de l&#8217;\u00e9t\u00e9 2022, le projet Presidio Tunnel Tops Park a \u00e9t\u00e9 inaugur\u00e9 dans le parc national de San Francisco, en partenariat avec le Golden Gate National Parks Conservancy, et a \u00e9t\u00e9 rendu possible par la collecte de 98 millions de dollars, <strong>dans le but d&#8217;ajouter 5 hectares suppl\u00e9mentaires<\/strong>.&nbsp;<\/p>\n\n\n\n<p>Un lieu o\u00f9 <strong>les <\/strong>r\u00e9sidents et les touristes <strong>peuvent partager avec des jeux interactifs<\/strong>, profiter de la vue sur la baie, apprendre dans ses installations \u00e9ducatives destin\u00e9es \u00e0 tous les \u00e2ges et plus encore. En outre, il y a \u00e9galement une place communautaire, des aires de pique-nique, des sentiers de jardinage sinueux, des foyers communs et plus encore.<\/p>\n\n\n\n<figure class=\"wp-block-image\"><img decoding=\"async\" src=\"https:\/\/lh3.googleusercontent.com\/iiOIWfzdE8hFesuij53qTMhMG7aReUGTzuyC4r4B_6NcjmHCiiwvVdmY2uHcZHw6MftpNRAPdb7gFqJ0GtnxUsG0L-tXibjDzPZkwKulSIkCUhAL67XitehhaJwH_-DWtiKDIBcmnhUwYBC1DKFiyqbzezaite2uadIidt5-4lbU5Nbj-wUxqos_Gq9l\" alt=\"\"\/><\/figure>\n\n\n\n<p>Nous parlons d&#8217;un espace public, ouvert et libre dans la ville. Un programme con\u00e7u pour tous les \u00e2ges, mais durable. Par exemple, <strong>environ 200 000 plantes <\/strong>ont d\u00e9j\u00e0 \u00e9t\u00e9 <strong>plant\u00e9es, dans lesquelles des <\/strong>\u00e9conomies d&#8217;eau sont pratiqu\u00e9es gr\u00e2ce \u00e0 des pratiques d&#8217;\u00e9pandage d&#8217;eau, en particulier dans la partie la plus d\u00e9serte.<\/p>\n\n\n\n<p>De m\u00eame, <strong>3 b\u00e2timents ont \u00e9t\u00e9 r\u00e9nov\u00e9s <\/strong>o\u00f9 des centres de jeunesse fonctionnent avec l&#8217;int\u00e9gration de programmes de sensibilisation \u00e0 l&#8217;environnement et aux sciences sensorielles. Ces derniers mettent les sens en \u00e9veil, c&#8217;est-\u00e0-dire qu&#8217;ils activent la m\u00e9moire sensorielle des sens pour l&#8217;associer aux concepts, ce qui rend l&#8217;apprentissage plus facile et plus durable.<\/p>\n","protected":false},"excerpt":{"rendered":"<p>Le changement climatique alarmant nous a amen\u00e9s \u00e0 rechercher des alternatives durables dans le tourisme afin de r\u00e9duire la pollution par le CO2 et l&#8217;effet de serre, qui nuisent \u00e0 l&#8217;environnement et aux diff\u00e9rents \u00e9cosyst\u00e8mes de la plan\u00e8te.<\/p>\n","protected":false},"author":2,"featured_media":140195,"comment_status":"open","ping_status":"open","sticky":false,"template":"","format":"standard","meta":{"_acf_changed":false,"footnotes":""},"categories":[3932],"tags":[],"class_list":["post-140200","post","type-post","status-publish","format-standard","has-post-thumbnail","hentry","category-partout-dans-le-monde"],"acf":[],"yoast_head":"<!-- This site is optimized with the Yoast SEO Premium plugin v25.3.1 (Yoast SEO v25.3.1) - https:\/\/yoast.com\/wordpress\/plugins\/seo\/ -->\n<title>L&#039;avenir du voyage : des destinations qui rendent le monde meilleur - TourTravel &amp; More<\/title>\n<meta name=\"description\" content=\"\u229b Lorsque vous voyagerez \u00e0 nouveau, incluez dans vos visites des lieux qui promeuvent de nouvelles alternatives environnementales et durables dans le t\" \/>\n<meta name=\"robots\" content=\"index, follow, max-snippet:-1, max-image-preview:large, max-video-preview:-1\" \/>\n<link rel=\"canonical\" href=\"https:\/\/tourtravelandmore.com\/fr\/lavenir-du-voyage-des-destinations-qui-rendent-le-monde-meilleur\/\" \/>\n<meta property=\"og:locale\" content=\"fr_FR\" \/>\n<meta property=\"og:type\" content=\"article\" \/>\n<meta property=\"og:title\" content=\"L&#039;avenir du voyage : des destinations qui rendent le monde meilleur\" \/>\n<meta property=\"og:description\" content=\"\u229b Lorsque vous voyagerez \u00e0 nouveau, incluez dans vos visites des lieux qui promeuvent de nouvelles alternatives environnementales et durables dans le t\" \/>\n<meta property=\"og:url\" content=\"https:\/\/tourtravelandmore.com\/fr\/lavenir-du-voyage-des-destinations-qui-rendent-le-monde-meilleur\/\" \/>\n<meta property=\"og:site_name\" content=\"Tour Travel And More\" \/>\n<meta property=\"article:publisher\" content=\"https:\/\/www.facebook.com\/tourtravelandmore\/\" \/>\n<meta property=\"article:published_time\" content=\"2022-10-11T20:28:28+00:00\" \/>\n<meta property=\"article:modified_time\" content=\"2025-05-16T13:58:12+00:00\" \/>\n<meta property=\"og:image\" content=\"https:\/\/tourtravelandmore.com\/wp-content\/uploads\/2022\/10\/image-1.png\" \/>\n\t<meta property=\"og:image:width\" content=\"1024\" \/>\n\t<meta property=\"og:image:height\" content=\"682\" \/>\n\t<meta property=\"og:image:type\" content=\"image\/png\" \/>\n<meta name=\"author\" content=\"Maya Nader Harati\" \/>\n<meta name=\"twitter:card\" content=\"summary_large_image\" \/>\n<meta name=\"twitter:creator\" content=\"@TourTravel_More\" \/>\n<meta name=\"twitter:site\" content=\"@TourTravel_More\" \/>\n<meta name=\"twitter:label1\" content=\"\u00c9crit par\" \/>\n\t<meta name=\"twitter:data1\" content=\"Maya Nader Harati\" \/>\n\t<meta name=\"twitter:label2\" content=\"Dur\u00e9e de lecture estim\u00e9e\" \/>\n\t<meta name=\"twitter:data2\" content=\"7 minutes\" \/>\n<script type=\"application\/ld+json\" class=\"yoast-schema-graph\">{\"@context\":\"https:\/\/schema.org\",\"@graph\":[{\"@type\":\"Article\",\"@id\":\"https:\/\/tourtravelandmore.com\/fr\/lavenir-du-voyage-des-destinations-qui-rendent-le-monde-meilleur\/#article\",\"isPartOf\":{\"@id\":\"https:\/\/tourtravelandmore.com\/fr\/lavenir-du-voyage-des-destinations-qui-rendent-le-monde-meilleur\/\"},\"author\":{\"name\":\"Maya Nader Harati\",\"@id\":\"https:\/\/tourtravelandmore.com\/fr\/#\/schema\/person\/2a1c66d76ae9290a394e8efb4af12e1e\"},\"headline\":\"L&#8217;avenir du voyage : des destinations qui rendent le monde meilleur\",\"datePublished\":\"2022-10-11T20:28:28+00:00\",\"dateModified\":\"2025-05-16T13:58:12+00:00\",\"mainEntityOfPage\":{\"@id\":\"https:\/\/tourtravelandmore.com\/fr\/lavenir-du-voyage-des-destinations-qui-rendent-le-monde-meilleur\/\"},\"wordCount\":1537,\"commentCount\":0,\"publisher\":{\"@id\":\"https:\/\/tourtravelandmore.com\/fr\/#organization\"},\"image\":{\"@id\":\"https:\/\/tourtravelandmore.com\/fr\/lavenir-du-voyage-des-destinations-qui-rendent-le-monde-meilleur\/#primaryimage\"},\"thumbnailUrl\":\"https:\/\/tourtravelandmore.com\/wp-content\/uploads\/2022\/10\/image-1.png\",\"articleSection\":[\"partout dans le monde\"],\"inLanguage\":\"fr-FR\",\"potentialAction\":[{\"@type\":\"CommentAction\",\"name\":\"Comment\",\"target\":[\"https:\/\/tourtravelandmore.com\/fr\/lavenir-du-voyage-des-destinations-qui-rendent-le-monde-meilleur\/#respond\"]}],\"accessibilityFeature\":[\"tableOfContents\"]},{\"@type\":\"WebPage\",\"@id\":\"https:\/\/tourtravelandmore.com\/fr\/lavenir-du-voyage-des-destinations-qui-rendent-le-monde-meilleur\/\",\"url\":\"https:\/\/tourtravelandmore.com\/fr\/lavenir-du-voyage-des-destinations-qui-rendent-le-monde-meilleur\/\",\"name\":\"L'avenir du voyage : des destinations qui rendent le monde meilleur - TourTravel & More\",\"isPartOf\":{\"@id\":\"https:\/\/tourtravelandmore.com\/fr\/#website\"},\"primaryImageOfPage\":{\"@id\":\"https:\/\/tourtravelandmore.com\/fr\/lavenir-du-voyage-des-destinations-qui-rendent-le-monde-meilleur\/#primaryimage\"},\"image\":{\"@id\":\"https:\/\/tourtravelandmore.com\/fr\/lavenir-du-voyage-des-destinations-qui-rendent-le-monde-meilleur\/#primaryimage\"},\"thumbnailUrl\":\"https:\/\/tourtravelandmore.com\/wp-content\/uploads\/2022\/10\/image-1.png\",\"datePublished\":\"2022-10-11T20:28:28+00:00\",\"dateModified\":\"2025-05-16T13:58:12+00:00\",\"description\":\"\u229b Lorsque vous voyagerez \u00e0 nouveau, incluez dans vos visites des lieux qui promeuvent de nouvelles alternatives environnementales et durables dans le t\",\"breadcrumb\":{\"@id\":\"https:\/\/tourtravelandmore.com\/fr\/lavenir-du-voyage-des-destinations-qui-rendent-le-monde-meilleur\/#breadcrumb\"},\"inLanguage\":\"fr-FR\",\"potentialAction\":[{\"@type\":\"ReadAction\",\"target\":[\"https:\/\/tourtravelandmore.com\/fr\/lavenir-du-voyage-des-destinations-qui-rendent-le-monde-meilleur\/\"]}]},{\"@type\":\"ImageObject\",\"inLanguage\":\"fr-FR\",\"@id\":\"https:\/\/tourtravelandmore.com\/fr\/lavenir-du-voyage-des-destinations-qui-rendent-le-monde-meilleur\/#primaryimage\",\"url\":\"https:\/\/tourtravelandmore.com\/wp-content\/uploads\/2022\/10\/image-1.png\",\"contentUrl\":\"https:\/\/tourtravelandmore.com\/wp-content\/uploads\/2022\/10\/image-1.png\",\"width\":1024,\"height\":682},{\"@type\":\"BreadcrumbList\",\"@id\":\"https:\/\/tourtravelandmore.com\/fr\/lavenir-du-voyage-des-destinations-qui-rendent-le-monde-meilleur\/#breadcrumb\",\"itemListElement\":[{\"@type\":\"ListItem\",\"position\":1,\"name\":\"Home\",\"item\":\"https:\/\/tourtravelandmore.com\/fr\/\"},{\"@type\":\"ListItem\",\"position\":2,\"name\":\"L&#8217;avenir du voyage : des destinations qui rendent le monde meilleur\"}]},{\"@type\":\"WebSite\",\"@id\":\"https:\/\/tourtravelandmore.com\/fr\/#website\",\"url\":\"https:\/\/tourtravelandmore.com\/fr\/\",\"name\":\"Tour Travel And More\",\"description\":\"Private sightseeing tours and luxury transfers in Spain\",\"publisher\":{\"@id\":\"https:\/\/tourtravelandmore.com\/fr\/#organization\"},\"potentialAction\":[{\"@type\":\"SearchAction\",\"target\":{\"@type\":\"EntryPoint\",\"urlTemplate\":\"https:\/\/tourtravelandmore.com\/fr\/?s={search_term_string}\"},\"query-input\":{\"@type\":\"PropertyValueSpecification\",\"valueRequired\":true,\"valueName\":\"search_term_string\"}}],\"inLanguage\":\"fr-FR\"},{\"@type\":\"Organization\",\"@id\":\"https:\/\/tourtravelandmore.com\/fr\/#organization\",\"name\":\"Tour Travel And More\",\"url\":\"https:\/\/tourtravelandmore.com\/fr\/\",\"logo\":{\"@type\":\"ImageObject\",\"inLanguage\":\"fr-FR\",\"@id\":\"https:\/\/tourtravelandmore.com\/fr\/#\/schema\/logo\/image\/\",\"url\":\"https:\/\/tourtravelandmore.com\/wp-content\/uploads\/2022\/12\/cropped-logo-cabecera-new.png\",\"contentUrl\":\"https:\/\/tourtravelandmore.com\/wp-content\/uploads\/2022\/12\/cropped-logo-cabecera-new.png\",\"width\":430,\"height\":61,\"caption\":\"Tour Travel And More\"},\"image\":{\"@id\":\"https:\/\/tourtravelandmore.com\/fr\/#\/schema\/logo\/image\/\"},\"sameAs\":[\"https:\/\/www.facebook.com\/tourtravelandmore\/\",\"https:\/\/x.com\/TourTravel_More\"]},{\"@type\":\"Person\",\"@id\":\"https:\/\/tourtravelandmore.com\/fr\/#\/schema\/person\/2a1c66d76ae9290a394e8efb4af12e1e\",\"name\":\"Maya Nader Harati\",\"image\":{\"@type\":\"ImageObject\",\"inLanguage\":\"fr-FR\",\"@id\":\"https:\/\/tourtravelandmore.com\/fr\/#\/schema\/person\/image\/\",\"url\":\"https:\/\/secure.gravatar.com\/avatar\/adc2305883b6f86a616354c0c4516fcd9a333d5f5a0806d9d1ae9b30f898fa1f?s=96&d=mm&r=g\",\"contentUrl\":\"https:\/\/secure.gravatar.com\/avatar\/adc2305883b6f86a616354c0c4516fcd9a333d5f5a0806d9d1ae9b30f898fa1f?s=96&d=mm&r=g\",\"caption\":\"Maya Nader Harati\"},\"description\":\"Cultural Destination Specialist & Travel Chronicler. Maya doesn\u2019t just travel the world; she translates it.\",\"sameAs\":[\"https:\/\/tourtravelandmore.com\/author-profile-maya-nader-harati\/\"]}]}<\/script>\n<!-- \/ Yoast SEO Premium plugin. -->","yoast_head_json":{"title":"L'avenir du voyage : des destinations qui rendent le monde meilleur - TourTravel & More","description":"\u229b Lorsque vous voyagerez \u00e0 nouveau, incluez dans vos visites des lieux qui promeuvent de nouvelles alternatives environnementales et durables dans le t","robots":{"index":"index","follow":"follow","max-snippet":"max-snippet:-1","max-image-preview":"max-image-preview:large","max-video-preview":"max-video-preview:-1"},"canonical":"https:\/\/tourtravelandmore.com\/fr\/lavenir-du-voyage-des-destinations-qui-rendent-le-monde-meilleur\/","og_locale":"fr_FR","og_type":"article","og_title":"L'avenir du voyage : des destinations qui rendent le monde meilleur","og_description":"\u229b Lorsque vous voyagerez \u00e0 nouveau, incluez dans vos visites des lieux qui promeuvent de nouvelles alternatives environnementales et durables dans le t","og_url":"https:\/\/tourtravelandmore.com\/fr\/lavenir-du-voyage-des-destinations-qui-rendent-le-monde-meilleur\/","og_site_name":"Tour Travel And More","article_publisher":"https:\/\/www.facebook.com\/tourtravelandmore\/","article_published_time":"2022-10-11T20:28:28+00:00","article_modified_time":"2025-05-16T13:58:12+00:00","og_image":[{"width":1024,"height":682,"url":"https:\/\/tourtravelandmore.com\/wp-content\/uploads\/2022\/10\/image-1.png","type":"image\/png"}],"author":"Maya Nader Harati","twitter_card":"summary_large_image","twitter_creator":"@TourTravel_More","twitter_site":"@TourTravel_More","twitter_misc":{"\u00c9crit par":"Maya Nader Harati","Dur\u00e9e de lecture estim\u00e9e":"7 minutes"},"schema":{"@context":"https:\/\/schema.org","@graph":[{"@type":"Article","@id":"https:\/\/tourtravelandmore.com\/fr\/lavenir-du-voyage-des-destinations-qui-rendent-le-monde-meilleur\/#article","isPartOf":{"@id":"https:\/\/tourtravelandmore.com\/fr\/lavenir-du-voyage-des-destinations-qui-rendent-le-monde-meilleur\/"},"author":{"name":"Maya Nader Harati","@id":"https:\/\/tourtravelandmore.com\/fr\/#\/schema\/person\/2a1c66d76ae9290a394e8efb4af12e1e"},"headline":"L&#8217;avenir du voyage : des destinations qui rendent le monde meilleur","datePublished":"2022-10-11T20:28:28+00:00","dateModified":"2025-05-16T13:58:12+00:00","mainEntityOfPage":{"@id":"https:\/\/tourtravelandmore.com\/fr\/lavenir-du-voyage-des-destinations-qui-rendent-le-monde-meilleur\/"},"wordCount":1537,"commentCount":0,"publisher":{"@id":"https:\/\/tourtravelandmore.com\/fr\/#organization"},"image":{"@id":"https:\/\/tourtravelandmore.com\/fr\/lavenir-du-voyage-des-destinations-qui-rendent-le-monde-meilleur\/#primaryimage"},"thumbnailUrl":"https:\/\/tourtravelandmore.com\/wp-content\/uploads\/2022\/10\/image-1.png","articleSection":["partout dans le monde"],"inLanguage":"fr-FR","potentialAction":[{"@type":"CommentAction","name":"Comment","target":["https:\/\/tourtravelandmore.com\/fr\/lavenir-du-voyage-des-destinations-qui-rendent-le-monde-meilleur\/#respond"]}],"accessibilityFeature":["tableOfContents"]},{"@type":"WebPage","@id":"https:\/\/tourtravelandmore.com\/fr\/lavenir-du-voyage-des-destinations-qui-rendent-le-monde-meilleur\/","url":"https:\/\/tourtravelandmore.com\/fr\/lavenir-du-voyage-des-destinations-qui-rendent-le-monde-meilleur\/","name":"L'avenir du voyage : des destinations qui rendent le monde meilleur - TourTravel & More","isPartOf":{"@id":"https:\/\/tourtravelandmore.com\/fr\/#website"},"primaryImageOfPage":{"@id":"https:\/\/tourtravelandmore.com\/fr\/lavenir-du-voyage-des-destinations-qui-rendent-le-monde-meilleur\/#primaryimage"},"image":{"@id":"https:\/\/tourtravelandmore.com\/fr\/lavenir-du-voyage-des-destinations-qui-rendent-le-monde-meilleur\/#primaryimage"},"thumbnailUrl":"https:\/\/tourtravelandmore.com\/wp-content\/uploads\/2022\/10\/image-1.png","datePublished":"2022-10-11T20:28:28+00:00","dateModified":"2025-05-16T13:58:12+00:00","description":"\u229b Lorsque vous voyagerez \u00e0 nouveau, incluez dans vos visites des lieux qui promeuvent de nouvelles alternatives environnementales et durables dans le t","breadcrumb":{"@id":"https:\/\/tourtravelandmore.com\/fr\/lavenir-du-voyage-des-destinations-qui-rendent-le-monde-meilleur\/#breadcrumb"},"inLanguage":"fr-FR","potentialAction":[{"@type":"ReadAction","target":["https:\/\/tourtravelandmore.com\/fr\/lavenir-du-voyage-des-destinations-qui-rendent-le-monde-meilleur\/"]}]},{"@type":"ImageObject","inLanguage":"fr-FR","@id":"https:\/\/tourtravelandmore.com\/fr\/lavenir-du-voyage-des-destinations-qui-rendent-le-monde-meilleur\/#primaryimage","url":"https:\/\/tourtravelandmore.com\/wp-content\/uploads\/2022\/10\/image-1.png","contentUrl":"https:\/\/tourtravelandmore.com\/wp-content\/uploads\/2022\/10\/image-1.png","width":1024,"height":682},{"@type":"BreadcrumbList","@id":"https:\/\/tourtravelandmore.com\/fr\/lavenir-du-voyage-des-destinations-qui-rendent-le-monde-meilleur\/#breadcrumb","itemListElement":[{"@type":"ListItem","position":1,"name":"Home","item":"https:\/\/tourtravelandmore.com\/fr\/"},{"@type":"ListItem","position":2,"name":"L&#8217;avenir du voyage : des destinations qui rendent le monde meilleur"}]},{"@type":"WebSite","@id":"https:\/\/tourtravelandmore.com\/fr\/#website","url":"https:\/\/tourtravelandmore.com\/fr\/","name":"Tour Travel And More","description":"Private sightseeing tours and luxury transfers in Spain","publisher":{"@id":"https:\/\/tourtravelandmore.com\/fr\/#organization"},"potentialAction":[{"@type":"SearchAction","target":{"@type":"EntryPoint","urlTemplate":"https:\/\/tourtravelandmore.com\/fr\/?s={search_term_string}"},"query-input":{"@type":"PropertyValueSpecification","valueRequired":true,"valueName":"search_term_string"}}],"inLanguage":"fr-FR"},{"@type":"Organization","@id":"https:\/\/tourtravelandmore.com\/fr\/#organization","name":"Tour Travel And More","url":"https:\/\/tourtravelandmore.com\/fr\/","logo":{"@type":"ImageObject","inLanguage":"fr-FR","@id":"https:\/\/tourtravelandmore.com\/fr\/#\/schema\/logo\/image\/","url":"https:\/\/tourtravelandmore.com\/wp-content\/uploads\/2022\/12\/cropped-logo-cabecera-new.png","contentUrl":"https:\/\/tourtravelandmore.com\/wp-content\/uploads\/2022\/12\/cropped-logo-cabecera-new.png","width":430,"height":61,"caption":"Tour Travel And More"},"image":{"@id":"https:\/\/tourtravelandmore.com\/fr\/#\/schema\/logo\/image\/"},"sameAs":["https:\/\/www.facebook.com\/tourtravelandmore\/","https:\/\/x.com\/TourTravel_More"]},{"@type":"Person","@id":"https:\/\/tourtravelandmore.com\/fr\/#\/schema\/person\/2a1c66d76ae9290a394e8efb4af12e1e","name":"Maya Nader Harati","image":{"@type":"ImageObject","inLanguage":"fr-FR","@id":"https:\/\/tourtravelandmore.com\/fr\/#\/schema\/person\/image\/","url":"https:\/\/secure.gravatar.com\/avatar\/adc2305883b6f86a616354c0c4516fcd9a333d5f5a0806d9d1ae9b30f898fa1f?s=96&d=mm&r=g","contentUrl":"https:\/\/secure.gravatar.com\/avatar\/adc2305883b6f86a616354c0c4516fcd9a333d5f5a0806d9d1ae9b30f898fa1f?s=96&d=mm&r=g","caption":"Maya Nader Harati"},"description":"Cultural Destination Specialist & Travel Chronicler. Maya doesn\u2019t just travel the world; she translates it.","sameAs":["https:\/\/tourtravelandmore.com\/author-profile-maya-nader-harati\/"]}]}},"_links":{"self":[{"href":"https:\/\/tourtravelandmore.com\/fr\/wp-json\/wp\/v2\/posts\/140200","targetHints":{"allow":["GET"]}}],"collection":[{"href":"https:\/\/tourtravelandmore.com\/fr\/wp-json\/wp\/v2\/posts"}],"about":[{"href":"https:\/\/tourtravelandmore.com\/fr\/wp-json\/wp\/v2\/types\/post"}],"author":[{"embeddable":true,"href":"https:\/\/tourtravelandmore.com\/fr\/wp-json\/wp\/v2\/users\/2"}],"replies":[{"embeddable":true,"href":"https:\/\/tourtravelandmore.com\/fr\/wp-json\/wp\/v2\/comments?post=140200"}],"version-history":[{"count":1,"href":"https:\/\/tourtravelandmore.com\/fr\/wp-json\/wp\/v2\/posts\/140200\/revisions"}],"predecessor-version":[{"id":183754,"href":"https:\/\/tourtravelandmore.com\/fr\/wp-json\/wp\/v2\/posts\/140200\/revisions\/183754"}],"wp:featuredmedia":[{"embeddable":true,"href":"https:\/\/tourtravelandmore.com\/fr\/wp-json\/wp\/v2\/media\/140195"}],"wp:attachment":[{"href":"https:\/\/tourtravelandmore.com\/fr\/wp-json\/wp\/v2\/media?parent=140200"}],"wp:term":[{"taxonomy":"category","embeddable":true,"href":"https:\/\/tourtravelandmore.com\/fr\/wp-json\/wp\/v2\/categories?post=140200"},{"taxonomy":"post_tag","embeddable":true,"href":"https:\/\/tourtravelandmore.com\/fr\/wp-json\/wp\/v2\/tags?post=140200"}],"curies":[{"name":"wp","href":"https:\/\/api.w.org\/{rel}","templated":true}]}}