{"id":137537,"date":"2022-09-18T08:14:06","date_gmt":"2022-09-18T06:14:06","guid":{"rendered":"https:\/\/tourtravelandmore.com\/?p=137537"},"modified":"2025-05-16T16:00:41","modified_gmt":"2025-05-16T14:00:41","slug":"les-villes-les-plus-sous-estimees-deurope","status":"publish","type":"post","link":"https:\/\/tourtravelandmore.com\/fr\/les-villes-les-plus-sous-estimees-deurope\/","title":{"rendered":"<strong>Les villes les plus sous-estim\u00e9es d&#8217;Europe<\/strong>"},"content":{"rendered":"\n<div class=\"wp-block-yoast-seo-table-of-contents yoast-table-of-contents\"><h2>Table of contents<\/h2><ul><li><a href=\"#h-des-villes-sous-valu-es-vers-l-europe-occidentale\" data-level=\"2\">Des villes sous-\u00e9valu\u00e9es vers l&#8217;Europe occidentale :<\/a><ul><li><a href=\"#h-dans-la-province-de-castilla-y-le-n-zamora-en-espagne\" data-level=\"3\">Dans la province de Castilla y Le\u00f3n, \u00e0 Zamora, en Espagne :<\/a><\/li><li><a href=\"#h-dans-la-r-gion-occitanie-en-france-narbonne\" data-level=\"3\">Dans la r\u00e9gion Occitanie, en France, \u00e0 Narbonne :<\/a><\/li><\/ul><\/li><li><a href=\"#h-villes-sous-valu-es-vers-l-europe-centrale\" data-level=\"2\">Villes sous-\u00e9valu\u00e9es vers l&#8217;Europe centrale :<\/a><ul><li><a href=\"#h-berne-capitale-de-la-suisse\" data-level=\"3\">Berne, capitale de la Suisse :<\/a><\/li><li><a href=\"#h-sur-la-p-ninsule-d-istrie-opatija-en-croatie\" data-level=\"3\">Sur la p\u00e9ninsule d&#8217;Istrie, \u00e0 Opatija, en Croatie :<\/a><\/li><\/ul><\/li><li><a href=\"#h-villes-sous-valu-es-en-europe-de-l-est\" data-level=\"2\">Villes sous-\u00e9valu\u00e9es en Europe de l&#8217;Est :<\/a><ul><li><a href=\"#h-la-deuxi-me-plus-grande-ville-de-gr-ce-thessalonique\" data-level=\"3\">La deuxi\u00e8me plus grande ville de Gr\u00e8ce, Thessalonique :<\/a><\/li><li><a href=\"#h-sur-la-c-te-polonaise-gda-sk\" data-level=\"3\">Sur la c\u00f4te polonaise, Gda\u0144sk :<\/a><\/li><\/ul><\/li><\/ul><\/div>\n\n\n\n<p>Lorsque nous parlons de villes sous-\u00e9valu\u00e9es, nous voulons dire que le lieu est sous-reconnu en termes de valeur juste ou r\u00e9elle. Mais elle peut aussi \u00eatre d\u00e9finie comme une <strong>valeur inf\u00e9rieure \u00e0 ce qu&#8217;elle pourrait ou devrait \u00eatre<\/strong>. En g\u00e9n\u00e9ral, lorsqu&#8217;ils planifient un voyage, les voyageurs pensent aux villes qui sont r\u00e9put\u00e9es pour leur architecture, leur gastronomie, leurs mus\u00e9es, leur culture ou leurs activit\u00e9s.&nbsp;<\/p>\n\n\n\n<p>Cependant, il existe d&#8217;autres villes moins connues en Europe qui passent <strong>inaper\u00e7ues ou que l&#8217;on n&#8217;a pas envisag\u00e9 de visiter, <\/strong>peut-\u00eatre par manque d&#8217;information, de canaux de communication ou de propagande, mais qui poss\u00e8dent n\u00e9anmoins une beaut\u00e9 unique, parfois m\u00eame \u00e9blouissante, qui peut d\u00e9passer les attentes de beaucoup, tant au niveau de leurs monuments que de leur culture et de leur gastronomie.&nbsp;<\/p>\n\n\n\n<p>C&#8217;est pourquoi cet article pr\u00e9sente <strong>quelques-unes de ces villes sous-estim\u00e9es <\/strong>du continent europ\u00e9en, que vous pourrez envisager lors de vos prochaines vacances, que ce soit en couple, en famille ou en solo.&nbsp;<\/p>\n\n\n\n<h2 class=\"wp-block-heading\" id=\"h-des-villes-sous-valu-es-vers-l-europe-occidentale\"><strong>Des villes sous-\u00e9valu\u00e9es vers l&#8217;Europe occidentale :<\/strong><\/h2>\n\n\n\n<h3 class=\"wp-block-heading\" id=\"h-dans-la-province-de-castilla-y-le-n-zamora-en-espagne\"><strong><em>Dans la province de Castilla y Le\u00f3n, \u00e0 Zamora, en Espagne :<\/em><\/strong><\/h3>\n\n\n\n<p>Cette ville poss\u00e8de le plus grand nombre d&#8217;\u00e9glises romanes des 12e et 13e si\u00e8cles sur le continent europ\u00e9en, soit environ 24 d&#8217;entre elles. En m\u00eame temps, elle compte un bon nombre de <strong>b\u00e2timents modernes<\/strong>, apr\u00e8s Barcelone et Melilla. La Santa Iglesia Catedral, avec son d\u00f4me de style byzantin, sa tour romane et son clo\u00eetre, o\u00f9 se trouve le mus\u00e9e avec la collection de tapisseries de style flamand, est tr\u00e8s connue.&nbsp;<\/p>\n\n\n\n<p>Pendant la semaine sainte, Zamora se caract\u00e9rise par des c\u00e9l\u00e9brations impressionnantes. En plus de <strong>son excellente gastronomie<\/strong>, \u00e9galement tr\u00e8s peu connue, parmi elle se trouve le riz \u00e0 la Zamora, un plat qui combine porc et paprika, cuit au four ; mais ce n&#8217;est pas tout, ses tomates sont \u00e9galement tr\u00e8s c\u00e9l\u00e8bres.<\/p>\n\n\n\n<p>Un autre fait int\u00e9ressant est <strong>la production de vin des caves de Toro<\/strong>, sur les rives du fleuve Duero, au niveau du c\u00e9l\u00e8bre domaine Numanthia de LVMH. Une r\u00e9gion viticole que beaucoup pourront d\u00e9couvrir gr\u00e2ce aux trains \u00e0 grande vitesse AVE, qui partent de Madrid et ne mettent qu&#8217;une heure pour atteindre la province de Zamora.&nbsp;<\/p>\n\n\n\n<h3 class=\"wp-block-heading\" id=\"h-dans-la-r-gion-occitanie-en-france-narbonne\"><strong><em>Dans la r\u00e9gion Occitanie, en France, \u00e0 Narbonne :<\/em><\/strong><\/h3>\n\n\n\n<p>Situ\u00e9 vers le sud du pays fran\u00e7ais, pr\u00e8s des Pyr\u00e9n\u00e9es, avec <strong>un paysage, une gastronomie et une proximit\u00e9 de la plage <\/strong>qui, jusqu&#8217;\u00e0 pr\u00e9sent, sont pass\u00e9s inaper\u00e7us. Narbonne est une ville, mais aussi une commune du d\u00e9partement de l&#8217;Aude. Habituellement, lorsqu&#8217;on \u00e9voque le <a href=\"https:\/\/tourtravelandmore.com\/es\/ciudad\/francia\/toulouse-sp\/\"><strong>sud de la France, on pense imm\u00e9diatement \u00e0 Toulouse<\/strong><\/a>, Montpellier, Marseille, Arles ou la C\u00f4te d&#8217;Azur.&nbsp;<\/p>\n\n\n\n<p>Elle est connue pour sa zone touristique c\u00f4ti\u00e8re, ses c\u00e9l\u00e8bres plages, ses diff\u00e9rents paysages, dont des lagunes peu profondes et quelques plateaux bois\u00e9s. Elle est \u00e9galement connue pour la cath\u00e9drale de style gothique <strong>de San Pastor et San Justo, <\/strong>dont la construction a commenc\u00e9 au 13e si\u00e8cle mais n&#8217;a jamais \u00e9t\u00e9 achev\u00e9e. \u00c0 proximit\u00e9 se trouve \u00e9galement le palais des archev\u00eaques, qui abrite deux mus\u00e9es int\u00e9ressants : le mus\u00e9e d&#8217;art et le mus\u00e9e arch\u00e9ologique.<\/p>\n\n\n\n<p>Narbonne abrite \u00e9galement l&#8217;<strong>Horreum, un ensemble de labyrinthes souterrains, <\/strong>qui \u00e9taient utilis\u00e9s comme entrep\u00f4ts par les Romains lorsque la ville \u00e9tait un port ; ils datent du 1er si\u00e8cle avant J.-C. Il ne faut pas non plus manquer le mus\u00e9e romain Narbo Via, qui se concentre sur les antiquit\u00e9s du pass\u00e9 romain. Il y a aussi la r\u00e9serve naturelle de Narbonne, o\u00f9 vous pourrez voir des flamants roses ou faire de l&#8217;\u00e9quitation.&nbsp;<\/p>\n\n\n\n<h2 class=\"wp-block-heading\" id=\"h-villes-sous-valu-es-vers-l-europe-centrale\"><strong>Villes sous-\u00e9valu\u00e9es vers l&#8217;Europe centrale :<\/strong><\/h2>\n\n\n\n<h3 class=\"wp-block-heading\" id=\"h-berne-capitale-de-la-suisse\"><strong><em>Berne, capitale de la Suisse :<\/em><\/strong><\/h3>\n\n\n\n<p>La ville est travers\u00e9e par la rivi\u00e8re Aar, et sa <strong>vieille ville \u00e0 l&#8217;architecture m\u00e9di\u00e9vale est <\/strong>class\u00e9e au patrimoine mondial depuis 1983. La vieille ville est pleine de colonnades, de fontaines, de boutiques, d&#8217;ateliers, de bars, de restaurants, de caf\u00e9s et bien plus encore. En 2009, elle s&#8217;\u00e9tait hiss\u00e9e au 9e rang des villes offrant la meilleure qualit\u00e9 de vie de la plan\u00e8te. Berne est une ville g\u00e9rable, <strong>petite, ouverte et aux habitants sympathiques, <\/strong>appr\u00e9ciant l&#8217;eau de la rivi\u00e8re.<\/p>\n\n\n\n<p>Il n&#8217;y a pas d&#8217;a\u00e9roport international, mais les <strong>liaisons ferroviaires sont nombreuses<\/strong>. Une r\u00e9gion qui a beaucoup \u00e0 offrir, comme les montagnes M\u00f6nch, Eiger, Schilthorn et Jungfrau. Festivals traditionnels tels que le Ch\u00e1steilet et toutes sortes d&#8217;activit\u00e9s de plein air.&nbsp;<\/p>\n\n\n\n<p>En hiver, l&#8217;Oberland bernois est le th\u00e9\u00e2tre <strong>de comp\u00e9titions de ski<\/strong>. Il y a 350 km de pistes, 200 km pour les randonn\u00e9es hivernales et les raquettes \u00e0 neige, et une courte promenade vers la r\u00e9gion sup\u00e9rieure du canton de Berne, entre autres.&nbsp;<\/p>\n\n\n\n<h3 class=\"wp-block-heading\" id=\"h-sur-la-p-ninsule-d-istrie-opatija-en-croatie\"><strong><em>Sur la p\u00e9ninsule d&#8217;Istrie, \u00e0 Opatija, en Croatie :<\/em><\/strong><\/h3>\n\n\n\n<p>Opatija, connue sous le nom <strong>de Riviera adriatique<\/strong>, est consid\u00e9r\u00e9e comme <strong>le berceau du tourisme dans <\/strong>ce pays, non seulement en raison de sa belle architecture, mais aussi gr\u00e2ce \u00e0 ses 30 km de c\u00f4te entre le <strong>golfe de Kvarner et les <\/strong>pentes de la <strong>cha\u00eene de montagnes U\u010dka ; elle \u00e9tait autrefois <\/strong>tr\u00e8s populaire aupr\u00e8s de l&#8217;\u00e9lite austro-hongroise, surtout \u00e0 partir de la fin du XIXe si\u00e8cle, \u00e9tant le centre de sant\u00e9 jusqu&#8217;\u00e0 la 1\u00e8re guerre mondiale.&nbsp;<\/p>\n\n\n\n<p><strong>Opatija a beaucoup \u00e0 voir, <\/strong>comme l&#8217;\u00e9glise Saint-Jacques du 15e si\u00e8cle et son monast\u00e8re, et l&#8217;\u00e9glise de l&#8217;Annonciation, pour son architecture. Le parc St. James, o\u00f9 se trouvent le jardin botanique d&#8217;Opatija, le mus\u00e9e de l&#8217;art et de la culture et le mus\u00e9e de l&#8217;art et de la culture. Le parc James, o\u00f9 se trouve le jardin botanique d&#8217;Opatija, qui abrite plus de 150 esp\u00e8ces de plantes provenant de pays lointains. En plus de la fontaine Selena et Helios, repr\u00e9sentant la lune et le soleil.&nbsp;<\/p>\n\n\n\n<p><strong>La nature est le principal protagoniste <\/strong>de cette ville, et nous ne pouvons manquer de mentionner le parc naturel d&#8217;Ucka, c\u00e9l\u00e8bre pour sa flore et sa faune. \u00c0 une heure de route se trouve le parc national de Risnjaky, avec les for\u00eats de truffes de cette p\u00e9ninsule d&#8217;Istrie et les belles plages de l&#8217;\u00eele de Krk.&nbsp;<\/p>\n\n\n\n<figure class=\"wp-block-image\"><img decoding=\"async\" src=\"https:\/\/lh4.googleusercontent.com\/5MBLhWdzMSojYAYCt8jwq5bA4dghRYr455hIev3adOmRwSV2AXvf42gMTy1uPtmID0c6iNf56eIYpXXnr8n3y61MVioRQEYH1kxARex30KiMwDQFPNSL3AZBM4uguWYNmnCciROhCNz4_jD_ejElZD8mXJmQfDEaemCuML3_GAKsGymjH59gUIasOPfa\" alt=\"\"\/><\/figure>\n\n\n\n<p>Pour les <strong>amateurs d&#8217;art, il y a <\/strong>aussi la sculpture c\u00f4ti\u00e8re de la &#8220;Jeune femme \u00e0 la mouette&#8221; et \u00e0 Veprinac, des b\u00e2timents m\u00e9di\u00e9vaux et quelques ruines pr\u00e9historiques.&nbsp;<\/p>\n\n\n\n<h2 class=\"wp-block-heading\" id=\"h-villes-sous-valu-es-en-europe-de-l-est\"><strong>Villes sous-\u00e9valu\u00e9es en Europe de l&#8217;Est :<\/strong><\/h2>\n\n\n\n<h3 class=\"wp-block-heading\" id=\"h-la-deuxi-me-plus-grande-ville-de-gr-ce-thessalonique\"><strong><em>La deuxi\u00e8me plus grande ville de Gr\u00e8ce, Thessalonique :<\/em><\/strong><\/h3>\n\n\n\n<p>Thessalonique ou Thessaloniki est une ville portuaire du pays de la Gr\u00e8ce, situ\u00e9e dans le golfe de Thessalonique sur la mer \u00c9g\u00e9e. Son histoire conserve des traces des civilisations romaine, byzantine et ottomane, notamment autour de la ville d&#8217;Ano Poli. On peut y voir les ruines du palais de l&#8217;empereur romain Galerius, qui date du IVe si\u00e8cle, et la <strong>Rotonde, le <\/strong>plus ancien b\u00e2timent de la ville, qui a \u00e9t\u00e9 \u00e0 la fois une \u00e9glise et une mosqu\u00e9e.&nbsp;<\/p>\n\n\n\n<p>Thessalonique <strong>a suffisamment de culture et d&#8217;art \u00e0 voir pendant <\/strong>plusieurs jours. On y trouve des ruines antiques, des mus\u00e9es d&#8217;art classique et contemporain, d&#8217;imposants murs byzantins, des \u00e9glises majestueuses, mais aussi d&#8217;\u00e9l\u00e9gantes places, des boutiques, des promenades et bien d&#8217;autres choses encore.&nbsp;<\/p>\n\n\n\n<p>Elle n&#8217;a pas le charme d&#8217;Ath\u00e8nes, mais elle dispose de nombreux lieux de divertissement, d&#8217;\u00e9v\u00e9nements culturels tels que le festival international du film, de trajets en bus et en ferry vers les plages les plus proches. Apr\u00e8s l&#8217;incendie du centre-ville en 1917, il <strong>a \u00e9t\u00e9 reconstruit au XXe si\u00e8cle dans un <\/strong>style europ\u00e9en moderne. La population est \u00e9nergique, jeune et optimiste.&nbsp;<\/p>\n\n\n\n<h3 class=\"wp-block-heading\" id=\"h-sur-la-c-te-polonaise-gda-sk\"><strong><em>Sur la c\u00f4te polonaise, Gda\u0144sk :<\/em><\/strong><\/h3>\n\n\n\n<p>Gdansk est une <strong>ville portuaire polonaise situ\u00e9e sur la <\/strong>c\u00f4te baltique. Dans le centre, reconstruit apr\u00e8s la Seconde Guerre mondiale, se trouvent les fa\u00e7ades du Long March\u00e9, qui abrite aujourd&#8217;hui des restaurants et des boutiques.&nbsp;<\/p>\n\n\n\n<figure class=\"wp-block-image\"><img decoding=\"async\" src=\"https:\/\/lh4.googleusercontent.com\/8f1P7xXcW2fghwoHBPO_a8kS3th2LhL0DLqDC9mGzoFD57ls0tuLtcfmlVP8Mbn8LqlKHZUQM0ru-exc6glHDMj3Y_LQEJBpNjw_a2DRCvLw6uai9WWAU1OYqk6liOk_55S_MDI8qPJJ5oPyy8T1hHBwE05rbVu4bZNnxEca4r7IK80FFsobf3Nba2_u\" alt=\"\"\/><\/figure>\n\n\n\n<p>Pr\u00e8s de ce march\u00e9 se trouve la <strong>fontaine de Neptune<\/strong>, une statue en bronze du dieu de la mer, qui est un symbole depuis le 17e si\u00e8cle, faisant allusion \u00e0 la relation de la ville avec la mer Baltique. La ville a <strong>beaucoup d&#8217;histoire \u00e0 raconter, ainsi qu&#8217;une excellente cuisine. <\/strong>Par exemple, le mus\u00e9e de la Seconde Guerre mondiale est r\u00e9put\u00e9 \u00eatre le plus complet.<\/p>\n\n\n\n<p>Gdansk est le <strong>centre du commerce mondial de l&#8217;ambre<\/strong>, connu depuis l&#8217;\u00e9poque n\u00e9olithique, ce qui a permis la construction d&#8217;une enceinte fortifi\u00e9e au d\u00e9but du 11e si\u00e8cle, et les magasins de la ville vendent en permanence cette r\u00e9sine fossilis\u00e9e.<\/p>\n\n\n\n<p>Vous pouvez \u00e9galement visiter le m\u00e9morial de Westerplatte sur la p\u00e9ninsule du m\u00eame nom, o\u00f9 se trouvait une fortification militaire qui a servi de r\u00e9sistance \u00e0 la Pologne pendant la Seconde Guerre mondiale. \u00c9galement, <strong>le ch\u00e2teau de Malbork, <\/strong>le plus grand ch\u00e2teau de la plan\u00e8te par sa taille et le mieux conserv\u00e9 du continent europ\u00e9en.&nbsp;<\/p>\n\n\n\n<p>En ce qui concerne l&#8217;histoire plus contemporaine, il y a le mus\u00e9e Europejskie Centrum Solidarnosci, ou Centre europ\u00e9en de solidarit\u00e9, qui est <strong>\u00e9galement une biblioth\u00e8que et un centre de recherche <\/strong>pour l&#8217;exposition de la lutte syndicale et de l&#8217;opposition anticommuniste en Europe de l&#8217;Est. Enfin, si vous le pr\u00e9f\u00e9rez, vous pouvez faire une promenade en bateau sur la mer Baltique, ce qui constitue un v\u00e9ritable spectacle.&nbsp;<\/p>\n","protected":false},"excerpt":{"rendered":"<p>Lorsqu&#8217;on planifie un voyage, on pense g\u00e9n\u00e9ralement \u00e0 des villes r\u00e9put\u00e9es pour leur architecture, leur gastronomie ou leur culture. Mais il y a d&#8217;autres villes qui ne sont pas aussi connues en Europe, mais qui ont une beaut\u00e9 unique.<\/p>\n","protected":false},"author":2,"featured_media":137534,"comment_status":"open","ping_status":"open","sticky":false,"template":"","format":"standard","meta":{"_acf_changed":false,"footnotes":""},"categories":[3914],"tags":[],"class_list":["post-137537","post","type-post","status-publish","format-standard","has-post-thumbnail","hentry","category-europe-fr"],"acf":[],"yoast_head":"<!-- This site is optimized with the Yoast SEO Premium plugin v25.3.1 (Yoast SEO v25.3.1) - https:\/\/yoast.com\/wordpress\/plugins\/seo\/ -->\n<title>Les villes les plus sous-estim\u00e9es d&#039;Europe - Tour Travel &amp; More<\/title>\n<meta name=\"description\" content=\"\ud83e\udd47 Les villes europ\u00e9ennes sous-estim\u00e9es m\u00e9ritent qu&#039;on leur rende justice. Tenez-en compte lors de votre prochain voyage et vous serez \u00e9bloui \ud83e\udd47.\" \/>\n<meta name=\"robots\" content=\"index, follow, max-snippet:-1, max-image-preview:large, max-video-preview:-1\" \/>\n<link rel=\"canonical\" href=\"https:\/\/tourtravelandmore.com\/fr\/les-villes-les-plus-sous-estimees-deurope\/\" \/>\n<meta property=\"og:locale\" content=\"fr_FR\" \/>\n<meta property=\"og:type\" content=\"article\" \/>\n<meta property=\"og:title\" content=\"Les villes les plus sous-estim\u00e9es d&#039;Europe\" \/>\n<meta property=\"og:description\" content=\"\ud83e\udd47 Les villes europ\u00e9ennes sous-estim\u00e9es m\u00e9ritent qu&#039;on leur rende justice. Tenez-en compte lors de votre prochain voyage et vous serez \u00e9bloui \ud83e\udd47.\" \/>\n<meta property=\"og:url\" content=\"https:\/\/tourtravelandmore.com\/fr\/les-villes-les-plus-sous-estimees-deurope\/\" \/>\n<meta property=\"og:site_name\" content=\"Tour Travel And More\" \/>\n<meta property=\"article:publisher\" content=\"https:\/\/www.facebook.com\/tourtravelandmore\/\" \/>\n<meta property=\"article:published_time\" content=\"2022-09-18T06:14:06+00:00\" \/>\n<meta property=\"article:modified_time\" content=\"2025-05-16T14:00:41+00:00\" \/>\n<meta property=\"og:image\" content=\"https:\/\/tourtravelandmore.com\/wp-content\/uploads\/2022\/09\/image-4.png\" \/>\n\t<meta property=\"og:image:width\" content=\"1600\" \/>\n\t<meta property=\"og:image:height\" content=\"722\" \/>\n\t<meta property=\"og:image:type\" content=\"image\/png\" \/>\n<meta name=\"author\" content=\"Maya Nader Harati\" \/>\n<meta name=\"twitter:card\" content=\"summary_large_image\" \/>\n<meta name=\"twitter:creator\" content=\"@TourTravel_More\" \/>\n<meta name=\"twitter:site\" content=\"@TourTravel_More\" \/>\n<meta name=\"twitter:label1\" content=\"\u00c9crit par\" \/>\n\t<meta name=\"twitter:data1\" content=\"Maya Nader Harati\" \/>\n\t<meta name=\"twitter:label2\" content=\"Dur\u00e9e de lecture estim\u00e9e\" \/>\n\t<meta name=\"twitter:data2\" content=\"8 minutes\" \/>\n<script type=\"application\/ld+json\" class=\"yoast-schema-graph\">{\"@context\":\"https:\/\/schema.org\",\"@graph\":[{\"@type\":\"Article\",\"@id\":\"https:\/\/tourtravelandmore.com\/fr\/les-villes-les-plus-sous-estimees-deurope\/#article\",\"isPartOf\":{\"@id\":\"https:\/\/tourtravelandmore.com\/fr\/les-villes-les-plus-sous-estimees-deurope\/\"},\"author\":{\"name\":\"Maya Nader Harati\",\"@id\":\"https:\/\/tourtravelandmore.com\/fr\/#\/schema\/person\/2a1c66d76ae9290a394e8efb4af12e1e\"},\"headline\":\"Les villes les plus sous-estim\u00e9es d&#8217;Europe\",\"datePublished\":\"2022-09-18T06:14:06+00:00\",\"dateModified\":\"2025-05-16T14:00:41+00:00\",\"mainEntityOfPage\":{\"@id\":\"https:\/\/tourtravelandmore.com\/fr\/les-villes-les-plus-sous-estimees-deurope\/\"},\"wordCount\":1764,\"commentCount\":0,\"publisher\":{\"@id\":\"https:\/\/tourtravelandmore.com\/fr\/#organization\"},\"image\":{\"@id\":\"https:\/\/tourtravelandmore.com\/fr\/les-villes-les-plus-sous-estimees-deurope\/#primaryimage\"},\"thumbnailUrl\":\"https:\/\/tourtravelandmore.com\/wp-content\/uploads\/2022\/09\/image-4.png\",\"articleSection\":[\"Europe\"],\"inLanguage\":\"fr-FR\",\"potentialAction\":[{\"@type\":\"CommentAction\",\"name\":\"Comment\",\"target\":[\"https:\/\/tourtravelandmore.com\/fr\/les-villes-les-plus-sous-estimees-deurope\/#respond\"]}],\"accessibilityFeature\":[\"tableOfContents\"]},{\"@type\":\"WebPage\",\"@id\":\"https:\/\/tourtravelandmore.com\/fr\/les-villes-les-plus-sous-estimees-deurope\/\",\"url\":\"https:\/\/tourtravelandmore.com\/fr\/les-villes-les-plus-sous-estimees-deurope\/\",\"name\":\"Les villes les plus sous-estim\u00e9es d'Europe - Tour Travel & More\",\"isPartOf\":{\"@id\":\"https:\/\/tourtravelandmore.com\/fr\/#website\"},\"primaryImageOfPage\":{\"@id\":\"https:\/\/tourtravelandmore.com\/fr\/les-villes-les-plus-sous-estimees-deurope\/#primaryimage\"},\"image\":{\"@id\":\"https:\/\/tourtravelandmore.com\/fr\/les-villes-les-plus-sous-estimees-deurope\/#primaryimage\"},\"thumbnailUrl\":\"https:\/\/tourtravelandmore.com\/wp-content\/uploads\/2022\/09\/image-4.png\",\"datePublished\":\"2022-09-18T06:14:06+00:00\",\"dateModified\":\"2025-05-16T14:00:41+00:00\",\"description\":\"\ud83e\udd47 Les villes europ\u00e9ennes sous-estim\u00e9es m\u00e9ritent qu'on leur rende justice. Tenez-en compte lors de votre prochain voyage et vous serez \u00e9bloui \ud83e\udd47.\",\"breadcrumb\":{\"@id\":\"https:\/\/tourtravelandmore.com\/fr\/les-villes-les-plus-sous-estimees-deurope\/#breadcrumb\"},\"inLanguage\":\"fr-FR\",\"potentialAction\":[{\"@type\":\"ReadAction\",\"target\":[\"https:\/\/tourtravelandmore.com\/fr\/les-villes-les-plus-sous-estimees-deurope\/\"]}]},{\"@type\":\"ImageObject\",\"inLanguage\":\"fr-FR\",\"@id\":\"https:\/\/tourtravelandmore.com\/fr\/les-villes-les-plus-sous-estimees-deurope\/#primaryimage\",\"url\":\"https:\/\/tourtravelandmore.com\/wp-content\/uploads\/2022\/09\/image-4.png\",\"contentUrl\":\"https:\/\/tourtravelandmore.com\/wp-content\/uploads\/2022\/09\/image-4.png\",\"width\":1600,\"height\":722},{\"@type\":\"BreadcrumbList\",\"@id\":\"https:\/\/tourtravelandmore.com\/fr\/les-villes-les-plus-sous-estimees-deurope\/#breadcrumb\",\"itemListElement\":[{\"@type\":\"ListItem\",\"position\":1,\"name\":\"Home\",\"item\":\"https:\/\/tourtravelandmore.com\/fr\/\"},{\"@type\":\"ListItem\",\"position\":2,\"name\":\"Les villes les plus sous-estim\u00e9es d&#8217;Europe\"}]},{\"@type\":\"WebSite\",\"@id\":\"https:\/\/tourtravelandmore.com\/fr\/#website\",\"url\":\"https:\/\/tourtravelandmore.com\/fr\/\",\"name\":\"Tour Travel And More\",\"description\":\"Private sightseeing tours and luxury transfers in Spain\",\"publisher\":{\"@id\":\"https:\/\/tourtravelandmore.com\/fr\/#organization\"},\"potentialAction\":[{\"@type\":\"SearchAction\",\"target\":{\"@type\":\"EntryPoint\",\"urlTemplate\":\"https:\/\/tourtravelandmore.com\/fr\/?s={search_term_string}\"},\"query-input\":{\"@type\":\"PropertyValueSpecification\",\"valueRequired\":true,\"valueName\":\"search_term_string\"}}],\"inLanguage\":\"fr-FR\"},{\"@type\":\"Organization\",\"@id\":\"https:\/\/tourtravelandmore.com\/fr\/#organization\",\"name\":\"Tour Travel And More\",\"url\":\"https:\/\/tourtravelandmore.com\/fr\/\",\"logo\":{\"@type\":\"ImageObject\",\"inLanguage\":\"fr-FR\",\"@id\":\"https:\/\/tourtravelandmore.com\/fr\/#\/schema\/logo\/image\/\",\"url\":\"https:\/\/tourtravelandmore.com\/wp-content\/uploads\/2022\/12\/cropped-logo-cabecera-new.png\",\"contentUrl\":\"https:\/\/tourtravelandmore.com\/wp-content\/uploads\/2022\/12\/cropped-logo-cabecera-new.png\",\"width\":430,\"height\":61,\"caption\":\"Tour Travel And More\"},\"image\":{\"@id\":\"https:\/\/tourtravelandmore.com\/fr\/#\/schema\/logo\/image\/\"},\"sameAs\":[\"https:\/\/www.facebook.com\/tourtravelandmore\/\",\"https:\/\/x.com\/TourTravel_More\"]},{\"@type\":\"Person\",\"@id\":\"https:\/\/tourtravelandmore.com\/fr\/#\/schema\/person\/2a1c66d76ae9290a394e8efb4af12e1e\",\"name\":\"Maya Nader Harati\",\"image\":{\"@type\":\"ImageObject\",\"inLanguage\":\"fr-FR\",\"@id\":\"https:\/\/tourtravelandmore.com\/fr\/#\/schema\/person\/image\/\",\"url\":\"https:\/\/secure.gravatar.com\/avatar\/adc2305883b6f86a616354c0c4516fcd9a333d5f5a0806d9d1ae9b30f898fa1f?s=96&d=mm&r=g\",\"contentUrl\":\"https:\/\/secure.gravatar.com\/avatar\/adc2305883b6f86a616354c0c4516fcd9a333d5f5a0806d9d1ae9b30f898fa1f?s=96&d=mm&r=g\",\"caption\":\"Maya Nader Harati\"},\"description\":\"Cultural Destination Specialist & Travel Chronicler. Maya doesn\u2019t just travel the world; she translates it.\",\"sameAs\":[\"https:\/\/tourtravelandmore.com\/author-profile-maya-nader-harati\/\"]}]}<\/script>\n<!-- \/ Yoast SEO Premium plugin. -->","yoast_head_json":{"title":"Les villes les plus sous-estim\u00e9es d'Europe - Tour Travel & More","description":"\ud83e\udd47 Les villes europ\u00e9ennes sous-estim\u00e9es m\u00e9ritent qu'on leur rende justice. Tenez-en compte lors de votre prochain voyage et vous serez \u00e9bloui \ud83e\udd47.","robots":{"index":"index","follow":"follow","max-snippet":"max-snippet:-1","max-image-preview":"max-image-preview:large","max-video-preview":"max-video-preview:-1"},"canonical":"https:\/\/tourtravelandmore.com\/fr\/les-villes-les-plus-sous-estimees-deurope\/","og_locale":"fr_FR","og_type":"article","og_title":"Les villes les plus sous-estim\u00e9es d'Europe","og_description":"\ud83e\udd47 Les villes europ\u00e9ennes sous-estim\u00e9es m\u00e9ritent qu'on leur rende justice. Tenez-en compte lors de votre prochain voyage et vous serez \u00e9bloui \ud83e\udd47.","og_url":"https:\/\/tourtravelandmore.com\/fr\/les-villes-les-plus-sous-estimees-deurope\/","og_site_name":"Tour Travel And More","article_publisher":"https:\/\/www.facebook.com\/tourtravelandmore\/","article_published_time":"2022-09-18T06:14:06+00:00","article_modified_time":"2025-05-16T14:00:41+00:00","og_image":[{"width":1600,"height":722,"url":"https:\/\/tourtravelandmore.com\/wp-content\/uploads\/2022\/09\/image-4.png","type":"image\/png"}],"author":"Maya Nader Harati","twitter_card":"summary_large_image","twitter_creator":"@TourTravel_More","twitter_site":"@TourTravel_More","twitter_misc":{"\u00c9crit par":"Maya Nader Harati","Dur\u00e9e de lecture estim\u00e9e":"8 minutes"},"schema":{"@context":"https:\/\/schema.org","@graph":[{"@type":"Article","@id":"https:\/\/tourtravelandmore.com\/fr\/les-villes-les-plus-sous-estimees-deurope\/#article","isPartOf":{"@id":"https:\/\/tourtravelandmore.com\/fr\/les-villes-les-plus-sous-estimees-deurope\/"},"author":{"name":"Maya Nader Harati","@id":"https:\/\/tourtravelandmore.com\/fr\/#\/schema\/person\/2a1c66d76ae9290a394e8efb4af12e1e"},"headline":"Les villes les plus sous-estim\u00e9es d&#8217;Europe","datePublished":"2022-09-18T06:14:06+00:00","dateModified":"2025-05-16T14:00:41+00:00","mainEntityOfPage":{"@id":"https:\/\/tourtravelandmore.com\/fr\/les-villes-les-plus-sous-estimees-deurope\/"},"wordCount":1764,"commentCount":0,"publisher":{"@id":"https:\/\/tourtravelandmore.com\/fr\/#organization"},"image":{"@id":"https:\/\/tourtravelandmore.com\/fr\/les-villes-les-plus-sous-estimees-deurope\/#primaryimage"},"thumbnailUrl":"https:\/\/tourtravelandmore.com\/wp-content\/uploads\/2022\/09\/image-4.png","articleSection":["Europe"],"inLanguage":"fr-FR","potentialAction":[{"@type":"CommentAction","name":"Comment","target":["https:\/\/tourtravelandmore.com\/fr\/les-villes-les-plus-sous-estimees-deurope\/#respond"]}],"accessibilityFeature":["tableOfContents"]},{"@type":"WebPage","@id":"https:\/\/tourtravelandmore.com\/fr\/les-villes-les-plus-sous-estimees-deurope\/","url":"https:\/\/tourtravelandmore.com\/fr\/les-villes-les-plus-sous-estimees-deurope\/","name":"Les villes les plus sous-estim\u00e9es d'Europe - Tour Travel & More","isPartOf":{"@id":"https:\/\/tourtravelandmore.com\/fr\/#website"},"primaryImageOfPage":{"@id":"https:\/\/tourtravelandmore.com\/fr\/les-villes-les-plus-sous-estimees-deurope\/#primaryimage"},"image":{"@id":"https:\/\/tourtravelandmore.com\/fr\/les-villes-les-plus-sous-estimees-deurope\/#primaryimage"},"thumbnailUrl":"https:\/\/tourtravelandmore.com\/wp-content\/uploads\/2022\/09\/image-4.png","datePublished":"2022-09-18T06:14:06+00:00","dateModified":"2025-05-16T14:00:41+00:00","description":"\ud83e\udd47 Les villes europ\u00e9ennes sous-estim\u00e9es m\u00e9ritent qu'on leur rende justice. Tenez-en compte lors de votre prochain voyage et vous serez \u00e9bloui \ud83e\udd47.","breadcrumb":{"@id":"https:\/\/tourtravelandmore.com\/fr\/les-villes-les-plus-sous-estimees-deurope\/#breadcrumb"},"inLanguage":"fr-FR","potentialAction":[{"@type":"ReadAction","target":["https:\/\/tourtravelandmore.com\/fr\/les-villes-les-plus-sous-estimees-deurope\/"]}]},{"@type":"ImageObject","inLanguage":"fr-FR","@id":"https:\/\/tourtravelandmore.com\/fr\/les-villes-les-plus-sous-estimees-deurope\/#primaryimage","url":"https:\/\/tourtravelandmore.com\/wp-content\/uploads\/2022\/09\/image-4.png","contentUrl":"https:\/\/tourtravelandmore.com\/wp-content\/uploads\/2022\/09\/image-4.png","width":1600,"height":722},{"@type":"BreadcrumbList","@id":"https:\/\/tourtravelandmore.com\/fr\/les-villes-les-plus-sous-estimees-deurope\/#breadcrumb","itemListElement":[{"@type":"ListItem","position":1,"name":"Home","item":"https:\/\/tourtravelandmore.com\/fr\/"},{"@type":"ListItem","position":2,"name":"Les villes les plus sous-estim\u00e9es d&#8217;Europe"}]},{"@type":"WebSite","@id":"https:\/\/tourtravelandmore.com\/fr\/#website","url":"https:\/\/tourtravelandmore.com\/fr\/","name":"Tour Travel And More","description":"Private sightseeing tours and luxury transfers in Spain","publisher":{"@id":"https:\/\/tourtravelandmore.com\/fr\/#organization"},"potentialAction":[{"@type":"SearchAction","target":{"@type":"EntryPoint","urlTemplate":"https:\/\/tourtravelandmore.com\/fr\/?s={search_term_string}"},"query-input":{"@type":"PropertyValueSpecification","valueRequired":true,"valueName":"search_term_string"}}],"inLanguage":"fr-FR"},{"@type":"Organization","@id":"https:\/\/tourtravelandmore.com\/fr\/#organization","name":"Tour Travel And More","url":"https:\/\/tourtravelandmore.com\/fr\/","logo":{"@type":"ImageObject","inLanguage":"fr-FR","@id":"https:\/\/tourtravelandmore.com\/fr\/#\/schema\/logo\/image\/","url":"https:\/\/tourtravelandmore.com\/wp-content\/uploads\/2022\/12\/cropped-logo-cabecera-new.png","contentUrl":"https:\/\/tourtravelandmore.com\/wp-content\/uploads\/2022\/12\/cropped-logo-cabecera-new.png","width":430,"height":61,"caption":"Tour Travel And More"},"image":{"@id":"https:\/\/tourtravelandmore.com\/fr\/#\/schema\/logo\/image\/"},"sameAs":["https:\/\/www.facebook.com\/tourtravelandmore\/","https:\/\/x.com\/TourTravel_More"]},{"@type":"Person","@id":"https:\/\/tourtravelandmore.com\/fr\/#\/schema\/person\/2a1c66d76ae9290a394e8efb4af12e1e","name":"Maya Nader Harati","image":{"@type":"ImageObject","inLanguage":"fr-FR","@id":"https:\/\/tourtravelandmore.com\/fr\/#\/schema\/person\/image\/","url":"https:\/\/secure.gravatar.com\/avatar\/adc2305883b6f86a616354c0c4516fcd9a333d5f5a0806d9d1ae9b30f898fa1f?s=96&d=mm&r=g","contentUrl":"https:\/\/secure.gravatar.com\/avatar\/adc2305883b6f86a616354c0c4516fcd9a333d5f5a0806d9d1ae9b30f898fa1f?s=96&d=mm&r=g","caption":"Maya Nader Harati"},"description":"Cultural Destination Specialist & Travel Chronicler. Maya doesn\u2019t just travel the world; she translates it.","sameAs":["https:\/\/tourtravelandmore.com\/author-profile-maya-nader-harati\/"]}]}},"_links":{"self":[{"href":"https:\/\/tourtravelandmore.com\/fr\/wp-json\/wp\/v2\/posts\/137537","targetHints":{"allow":["GET"]}}],"collection":[{"href":"https:\/\/tourtravelandmore.com\/fr\/wp-json\/wp\/v2\/posts"}],"about":[{"href":"https:\/\/tourtravelandmore.com\/fr\/wp-json\/wp\/v2\/types\/post"}],"author":[{"embeddable":true,"href":"https:\/\/tourtravelandmore.com\/fr\/wp-json\/wp\/v2\/users\/2"}],"replies":[{"embeddable":true,"href":"https:\/\/tourtravelandmore.com\/fr\/wp-json\/wp\/v2\/comments?post=137537"}],"version-history":[{"count":1,"href":"https:\/\/tourtravelandmore.com\/fr\/wp-json\/wp\/v2\/posts\/137537\/revisions"}],"predecessor-version":[{"id":183769,"href":"https:\/\/tourtravelandmore.com\/fr\/wp-json\/wp\/v2\/posts\/137537\/revisions\/183769"}],"wp:featuredmedia":[{"embeddable":true,"href":"https:\/\/tourtravelandmore.com\/fr\/wp-json\/wp\/v2\/media\/137534"}],"wp:attachment":[{"href":"https:\/\/tourtravelandmore.com\/fr\/wp-json\/wp\/v2\/media?parent=137537"}],"wp:term":[{"taxonomy":"category","embeddable":true,"href":"https:\/\/tourtravelandmore.com\/fr\/wp-json\/wp\/v2\/categories?post=137537"},{"taxonomy":"post_tag","embeddable":true,"href":"https:\/\/tourtravelandmore.com\/fr\/wp-json\/wp\/v2\/tags?post=137537"}],"curies":[{"name":"wp","href":"https:\/\/api.w.org\/{rel}","templated":true}]}}