{"id":137447,"date":"2022-09-17T08:05:24","date_gmt":"2022-09-17T06:05:24","guid":{"rendered":"https:\/\/tourtravelandmore.com\/?p=137447"},"modified":"2025-05-16T16:00:44","modified_gmt":"2025-05-16T14:00:44","slug":"jardin-gucci-la-magie-du-chaos-sinvite-a-florence","status":"publish","type":"post","link":"https:\/\/tourtravelandmore.com\/fr\/jardin-gucci-la-magie-du-chaos-sinvite-a-florence\/","title":{"rendered":"<strong>Jardin Gucci : la magie du chaos s&#8217;invite \u00e0 Florence<\/strong>"},"content":{"rendered":"\n<div class=\"wp-block-yoast-seo-table-of-contents yoast-table-of-contents\"><h2>Table of contents<\/h2><ul><li><a href=\"#h-parlons-un-peu-des-d-buts-de-gucci-jusqu-aujourd-hui\" data-level=\"2\">Parlons un peu des d\u00e9buts de Gucci jusqu&#8217;\u00e0 aujourd&#8217;hui :<\/a><\/li><li><a href=\"#h-le-gucci-garden-shop-une-boutique-unique-en-son-genre\" data-level=\"2\">Le Gucci Garden Shop, une boutique unique en son genre :\u00a0<\/a><ul><li><a href=\"#h-au-rez-de-chauss-e-ou-l-entr-e-du-magasin\" data-level=\"3\">Au rez-de-chauss\u00e9e ou \u00e0 l&#8217;entr\u00e9e du magasin :<\/a><\/li><li><a href=\"#h-aux-tages-sup-rieurs\" data-level=\"3\">Aux \u00e9tages sup\u00e9rieurs :<\/a><\/li><\/ul><\/li><li><a href=\"#h-pourquoi-dit-on-que-le-jardin-gucci-est-un-jardin-de-diff-rents-arch-types\" data-level=\"2\">Pourquoi dit-on que le jardin Gucci est un jardin de diff\u00e9rents arch\u00e9types ?<\/a><\/li><li><a href=\"#h-quoi-de-neuf-pour-2022\" data-level=\"2\">Quoi de neuf pour 2022 :<\/a><\/li><\/ul><\/div>\n\n\n\n<p>Pour les amateurs de mode et des meilleures marques de v\u00eatements dans le monde, il est n\u00e9cessaire de rechercher attentivement les plus c\u00e9l\u00e8bres, qui peuvent avoir un <strong>style unique, des pi\u00e8ces diff\u00e9rentes, exclusives <\/strong>et uniques, provenant d&#8217;entreprises bien \u00e9tablies. C&#8217;est-\u00e0-dire des magasins de v\u00eatements connus o\u00f9 vous pouvez \u00e9galement mettre en valeur l&#8217;architecture et l&#8217;art dans la pr\u00e9sentation de ces v\u00eatements.<\/p>\n\n\n\n<p>Parmi elles, nous avons la marque bien connue de Gucci, qui s&#8217;est toujours distingu\u00e9e par son \u00e9l\u00e9gance, sa sophistication et qui, \u00e0 ses d\u00e9buts, en 1920, a connu des hauts et des bas, mais a r\u00e9ussi \u00e0 rester sur le march\u00e9 pendant 102 ans, avec son style de v\u00eatements et d&#8217;accessoires. Elle est pass\u00e9e par diff\u00e9rents personnages jusqu&#8217;\u00e0 son <strong>actuel directeur de la cr\u00e9ation, Alessandro Michele.<\/strong><\/p>\n\n\n\n<p>Ce personnage a marqu\u00e9 un style particulier de la marque Gucci, <strong>r\u00e9volutionnant la mode et les normes traditionnelles <\/strong>; brisant les moules qui avaient \u00e9t\u00e9 maintenus jusqu&#8217;\u00e0 son arriv\u00e9e. Sa premi\u00e8re collection a \u00e9t\u00e9 lanc\u00e9e en 2015, avec un style r\u00e9tro, en investissant<a href=\"https:\/\/tourtravelandmore.com\/es\/ciudad\/italia-es\/florencia-es\/\"> <strong>le Palazzo della Mercanzia \u00e0 Florence<\/strong><\/a> ; un palais historique, au niveau de la Piazza della Signoria.<\/p>\n\n\n\n<p><strong>C&#8217;est \u00e0 partir de ce moment-l\u00e0 qu&#8217;est n\u00e9 le Jardin Gucci<\/strong>, un espace diff\u00e9rent, tr\u00e8s \u00e9clectique et cr\u00e9atif, qui caract\u00e9rise aujourd&#8217;hui cette maison, avec ses diff\u00e9rentes salles, ses expositions et ses objets qui ont fascin\u00e9 de nombreux acteurs de la mode.<\/p>\n\n\n\n<h2 class=\"wp-block-heading\" id=\"h-parlons-un-peu-des-d-buts-de-gucci-jusqu-aujourd-hui\"><strong>Parlons un peu des d\u00e9buts de Gucci jusqu&#8217;\u00e0 aujourd&#8217;hui <\/strong><strong>:<\/strong><\/h2>\n\n\n\n<p>Guccio Gucci, un jeune Florentin, a ouvert une boutique \u00e0 Florence en 1920 sous le nom de Gucci, qui <strong>vendait des articles en cuir <\/strong>fabriqu\u00e9s \u00e0 la main, tels que des sacs \u00e0 main, des ceintures et des chaussures, mais avec des mati\u00e8res premi\u00e8res de haute qualit\u00e9. Cela a attir\u00e9 l&#8217;attention des personnes \u00e0 fort pouvoir d&#8217;achat de l&#8217;\u00e9poque.&nbsp;<\/p>\n\n\n\n<p>Puis, au fil du temps, Gucci a commenc\u00e9 \u00e0 se d\u00e9velopper en Italie, ouvrant de nouvelles boutiques \u00e0 Rome et \u00e0 Milan, gr\u00e2ce \u00e0 l&#8217;initiative de ses fils qui ont grandi et sont devenus adultes. Le succ\u00e8s est tel que, malgr\u00e9 la Seconde Guerre mondiale, ils d\u00e9cident de s&#8217;\u00e9tendre \u00e0 l&#8217;international, en <strong>ouvrant une succursale \u00e0 New York.<\/strong><\/p>\n\n\n\n<p>Dans les ann\u00e9es 1960, la marque \u00e9tait d\u00e9j\u00e0 en train de se faire conna\u00eetre aupr\u00e8s des c\u00e9l\u00e9brit\u00e9s et des personnalit\u00e9s, notamment \u00e0 Hollywood. Mais dans les ann\u00e9es 1980, il y a eu un important d\u00e9rapage de la famille, ce qui a fait baisser le prestige de la marque. Cela a dur\u00e9 jusqu&#8217;\u00e0 peu avant la mort du dernier fils de Gucci, <strong>qui avait vendu la marque \u00e0 Tom Ford.&nbsp;<\/strong><\/p>\n\n\n\n<p>Il a restaur\u00e9 le prestige de la marque avec ses nouveaux mod\u00e8les, inspir\u00e9s du style new-yorkais des ann\u00e9es 70, qui ont fait fureur aupr\u00e8s de la jet set. Mais cette fois, la direction ne s&#8217;est pas seulement concentr\u00e9e sur les nouveaux mod\u00e8les, mais aussi sur l&#8217;acquisition d&#8217;autres marques, comme McQueen et YSL, <strong>cr\u00e9ant ainsi un conglom\u00e9rat.&nbsp;<\/strong><\/p>\n\n\n\n<p>Par la suite, Tom Ford a quitt\u00e9 l&#8217;entreprise en 2004. La principale cr\u00e9atrice, Giannini Frida, reste \u00e0 la barre et op\u00e8re un nouveau changement : elle remplace la couleur noire (traditionnelle chez Tom Ford) <strong>par d&#8217;autres couleurs et imprim\u00e9s ; elle <\/strong>reste \u00e0 ce jour la repr\u00e9sentante de la marque. Giannini a \u00e9t\u00e9 \u00e0 la barre jusqu&#8217;en 2014, laissant la marque entre les mains du nouveau et actuel directeur cr\u00e9atif, Alessandro Michele. Son propri\u00e9taire actuel est Fran\u00e7ois-Henri Pinault.<\/p>\n\n\n\n<h2 class=\"wp-block-heading\" id=\"h-le-gucci-garden-shop-une-boutique-unique-en-son-genre\"><strong>Le Gucci Garden Shop, une boutique unique en son genre :&nbsp;<\/strong><\/h2>\n\n\n\n<p>Nous avons d\u00e9j\u00e0 mentionn\u00e9 que la boutique est situ\u00e9e au niveau de la Piazza della Signoria, dans le Palazzo della Mercanzia. Une <strong>boutique au d\u00e9cor tr\u00e8s original<\/strong>, avec des piliers en pierre, des meubles anciens et de nombreux d\u00e9tails particuliers tels que des tables et des meubles en bois, des vitrines, des tableaux, entre autres. Le nom Gucci Garden a \u00e9t\u00e9 choisi pour deux raisons.<\/p>\n\n\n\n<p>L&#8217;une des raisons est l&#8217;esth\u00e9tique bien connue qui domine la maison, avec de nombreuses r\u00e9f\u00e9rences \u00e0 la nature. Et l&#8217;autre raison pour son sens m\u00e9taphorique, avec un jardin de la vraie flore et de la vraie faune. Alessandro Michele <strong>a con\u00e7u un espace diff\u00e9rent <\/strong>dans une boutique o\u00f9, en plus des v\u00eatements, il vend des objets priv\u00e9s ; une galerie pour l&#8217;exposition de ses articles en g\u00e9n\u00e9ral, ainsi qu&#8217;un restaurant appel\u00e9 Gucci la Osteria.&nbsp;<\/p>\n\n\n\n<h3 class=\"wp-block-heading\" id=\"h-au-rez-de-chauss-e-ou-l-entr-e-du-magasin\"><strong><em>Au rez-de-chauss\u00e9e ou \u00e0 l&#8217;entr\u00e9e du magasin :<\/em><\/strong><\/h3>\n\n\n\n<p>\u00c0 ce niveau se trouve la <strong>boutique avec des articles exclusifs <\/strong>que l&#8217;on ne trouve dans aucune autre boutique Gucci, tels que des sacs \u00e0 main, des chaussures fabriqu\u00e9es dans des mat\u00e9riaux sp\u00e9ciaux, ainsi que des manteaux en brocart, des jupes, des bombers en soie, tous portant le cachet Gucci Garden Gothic. Il y a \u00e9galement un certain nombre de pi\u00e8ces de la collection Gucci D\u00e9cor.<\/p>\n\n\n\n<p>En outre, il y a des magazines, ainsi que des publications innovantes et, bien s\u00fbr, une collection de livres avec des ouvrages actuels et quelques volumes anciens. Tous proviennent de la <strong>vieille librairie de Rome <\/strong>appel\u00e9e Cascianelli.&nbsp;<\/p>\n\n\n\n<h3 class=\"wp-block-heading\" id=\"h-aux-tages-sup-rieurs\"><strong><em>Aux \u00e9tages sup\u00e9rieurs :<\/em><\/strong><\/h3>\n\n\n\n<p>Les 2e et 3e \u00e9tages sont consacr\u00e9s \u00e0 la galerie Gucci, o\u00f9 les visiteurs sont accompagn\u00e9s dans les couloirs par le son de doux oiseaux et de branches. Cette visite <strong>est divis\u00e9e en plusieurs salles <\/strong>aux noms particuliers, dont Guccification, Cosmorama (d\u00e9di\u00e9 aux sacs et bagages), Paraphernalia, De Rerum Natura et Ephemera.&nbsp;<\/p>\n\n\n\n<figure class=\"wp-block-image\"><img decoding=\"async\" src=\"https:\/\/lh6.googleusercontent.com\/HPQV50C9zvz1lCahtvkk86pY8kcDw7Kqcb0ZaI5GzVR9QWVg-A5S7iTiMo4eRujJD8SDaIsJLoCjMLMHFO8QjePnNcC2hFjG3ELahNoOJp3D8vaifiKkNF_IZPIoT_bG3X3mRIuYH4rxZOqOHlr7Nn2fd_c77qkoGjLzjVpwNwP8YgobFvpkbKJj2MPB\" alt=\"\"\/><\/figure>\n\n\n\n<p><em>Salle de Guccification, au Jardin Gucci<\/em><\/p>\n\n\n\n<p>Il y a aussi <strong>un petit auditorium de cin\u00e9ma, qui est <\/strong>tapiss\u00e9 de velours rouge. Il y a aussi diff\u00e9rentes pi\u00e8ces de style vintage et d&#8217;autres de type contemporain, toutes fusionnant dans le m\u00eame environnement. Tous les produits de la marque ne sont pas seulement vendus ici \u00e0 Florence, mais aussi virtuellement, gr\u00e2ce au Gucci Garden Virtual Tour.&nbsp;<\/p>\n\n\n\n<p>Vous pouvez vous promener dans toute la maison, avec un acc\u00e8s illimit\u00e9 \u00e0 chacun des niveaux, couloirs, escaliers, avec leurs sons. Il n&#8217;y a pas de parcours sp\u00e9cifique, le visiteur commence et finit simplement l\u00e0 o\u00f9 il est le plus int\u00e9ress\u00e9 par <strong>ce nouvel outil technologique<\/strong>.&nbsp;<\/p>\n\n\n\n<p>Enfin, <strong>la Gucci Osteria, dirig\u00e9e par le chef Massimo Bottura, <\/strong>est dot\u00e9e de 3 \u00e9toiles Michelin ; elle offre aux clients \u00e0 la fois des plats italiens embl\u00e9matiques et la possibilit\u00e9 de d\u00e9guster de nombreuses r\u00e9interpr\u00e9tations de plats classiques.<\/p>\n\n\n\n<h2 class=\"wp-block-heading\" id=\"h-pourquoi-dit-on-que-le-jardin-gucci-est-un-jardin-de-diff-rents-arch-types\"><strong>Pourquoi dit-on que le jardin Gucci est un jardin de diff\u00e9rents arch\u00e9types ?<\/strong><\/h2>\n\n\n\n<p>2020 a marqu\u00e9 le centenaire de la marque Gucci, et \u00e0 Florence, il a \u00e9t\u00e9 c\u00e9l\u00e9br\u00e9 avec les arch\u00e9types du jardin Gucci. En d&#8217;autres termes, il s&#8217;agit d&#8217;un <strong>espace multisensoriel et immersif <\/strong>o\u00f9 sont explor\u00e9es les 6 derni\u00e8res ann\u00e9es des campagnes d&#8217;Alessandro, qui ont \u00e9t\u00e9 uniques dans leur proposition, montrant diff\u00e9rents th\u00e8mes, comme son directeur cr\u00e9atif en a l&#8217;habitude.&nbsp;<\/p>\n\n\n\n<p>Nous parlons de sentiments et de sensations dans des sc\u00e9narios qui contiennent des arch\u00e9types tr\u00e8s vari\u00e9s issus de l&#8217;<strong>art, de la musique et des mondes fabuleux ; <\/strong>o\u00f9 il n&#8217;y a pas de limite entre les temps pass\u00e9s, pr\u00e9sents et futurs ou entre la mythologie et l&#8217;histoire, car ils sont toujours ensemble dans le m\u00eame environnement.&nbsp;<\/p>\n\n\n\n<p><strong>\u00c0 cet effet, une salle de contr\u00f4le <\/strong>a \u00e9t\u00e9 am\u00e9nag\u00e9e <strong>avec divers \u00e9crans<\/strong>, une trentaine environ, o\u00f9 les visiteurs peuvent s&#8217;informer sur les campagnes qui seront pr\u00e9sent\u00e9es dans les prochaines salles. Par exemple, des images de Tokyo, Berlin ou Los Angeles alternent avec des paysages intergalactiques ou des jardins enchant\u00e9s.&nbsp;<\/p>\n\n\n\n<p>De m\u00eame, vous pouvez voir des constructeurs d&#8217;arches c\u00f4toyer des danseurs, des anges et des extraterrestres, des pop stars, des sourires irr\u00e9v\u00e9rencieux, des chevaux attendant dans des stations de lavage, des jeunes en r\u00e9bellion et bien d&#8217;autres choses encore. <strong>C&#8217;est vraiment tout un monde parall\u00e8le<\/strong>, un kal\u00e9idoscope d&#8217;art, de musique et de voyages \u00e0 travers les diff\u00e9rentes campagnes de Gucci.<\/p>\n\n\n\n<h2 class=\"wp-block-heading\" id=\"h-quoi-de-neuf-pour-2022\"><strong>Quoi de neuf pour 2022 :<\/strong><\/h2>\n\n\n\n<p>La marque est toujours en constante r\u00e9novation, et cette fois-ci, elle a ouvert une proposition gastronomique, \u00e9galement dans le style multisensoriel du jardin Gucci, ici \u00e0 Florence, sur la Piazza della Signoria, <strong>appel\u00e9e Giardino 25. <\/strong>En italien, <em>Giordano <\/em>signifie jardin et le chiffre 25 parce que c&#8217;est le num\u00e9ro de pr\u00e9f\u00e9rence de ce directeur cr\u00e9atif, Alessandro Michele.<\/p>\n\n\n\n<p>Le restaurant, le caf\u00e9 et le bar \u00e0 cocktails ont \u00e9t\u00e9 <strong>inaugur\u00e9s le jour de la Saint-Valentin <\/strong>2022. Avant son ouverture, le manoir \u00e9tait un magasin de fleurs ; et, comme nous pouvons le voir, le lieu maintient toujours le lien de Gucci avec les fleurs, les jardins, la nature et ses ar\u00f4mes ; en gardant les contrastes harmonieux, comme Gucci Garden en a l&#8217;habitude.&nbsp;<\/p>\n\n\n\n<figure class=\"wp-block-image\"><img decoding=\"async\" src=\"https:\/\/lh4.googleusercontent.com\/khfzvvIsDBypLGkhfaY2khUvFKVbXJTb5o1fURIcNOUySvxGdmzB69Q3t725jf07yRFjY5SDL9vVyRg5Dr9p0WMYLAVNmqa2j2k5XjPhf4FZ6Limt0ExlC1pbPaHp--CjRkQqutRQZRYzp30sJTZXSd-Jym8TNaOuFBA4x2FdNCnvflbnDmhs-IZM9ub\" alt=\"\"\/><\/figure>\n","protected":false},"excerpt":{"rendered":"<p>Gucci s&#8217;est toujours distingu\u00e9 par son \u00e9l\u00e9gance et sa sophistication, ses d\u00e9buts remontant \u00e0 1920. Elle a r\u00e9ussi \u00e0 rester sur le march\u00e9 pendant 102 ans, passant par plusieurs directeurs jusqu&#8217;\u00e0 l&#8217;actuel : Alessandro Michele.<\/p>\n","protected":false},"author":2,"featured_media":137444,"comment_status":"open","ping_status":"open","sticky":false,"template":"","format":"standard","meta":{"_acf_changed":false,"footnotes":""},"categories":[3914,4194,3981],"tags":[],"class_list":["post-137447","post","type-post","status-publish","format-standard","has-post-thumbnail","hentry","category-europe-fr","category-florence-italia-europe-fr","category-italia-europe-fr"],"acf":[],"yoast_head":"<!-- This site is optimized with the Yoast SEO Premium plugin v25.3.1 (Yoast SEO v25.3.1) - https:\/\/yoast.com\/wordpress\/plugins\/seo\/ -->\n<title>Jardin Gucci : la magie du chaos s&#039;invite \u00e0 Florence - Tour Travel &amp; More<\/title>\n<meta name=\"description\" content=\"Si vous aimez la mode et les styles totalement novateurs, nous vous invitons \u00e0 visiter les boutiques Gucci, tant physiques que virtuelles. \u2713\" \/>\n<meta name=\"robots\" content=\"index, follow, max-snippet:-1, max-image-preview:large, max-video-preview:-1\" \/>\n<link rel=\"canonical\" href=\"https:\/\/tourtravelandmore.com\/fr\/jardin-gucci-la-magie-du-chaos-sinvite-a-florence\/\" \/>\n<meta property=\"og:locale\" content=\"fr_FR\" \/>\n<meta property=\"og:type\" content=\"article\" \/>\n<meta property=\"og:title\" content=\"Jardin Gucci : la magie du chaos s&#039;invite \u00e0 Florence\" \/>\n<meta property=\"og:description\" content=\"Si vous aimez la mode et les styles totalement novateurs, nous vous invitons \u00e0 visiter les boutiques Gucci, tant physiques que virtuelles. \u2713\" \/>\n<meta property=\"og:url\" content=\"https:\/\/tourtravelandmore.com\/fr\/jardin-gucci-la-magie-du-chaos-sinvite-a-florence\/\" \/>\n<meta property=\"og:site_name\" content=\"Tour Travel And More\" \/>\n<meta property=\"article:publisher\" content=\"https:\/\/www.facebook.com\/tourtravelandmore\/\" \/>\n<meta property=\"article:published_time\" content=\"2022-09-17T06:05:24+00:00\" \/>\n<meta property=\"article:modified_time\" content=\"2025-05-16T14:00:44+00:00\" \/>\n<meta property=\"og:image\" content=\"https:\/\/tourtravelandmore.com\/wp-content\/uploads\/2022\/09\/image-1.png\" \/>\n\t<meta property=\"og:image:width\" content=\"1024\" \/>\n\t<meta property=\"og:image:height\" content=\"600\" \/>\n\t<meta property=\"og:image:type\" content=\"image\/png\" \/>\n<meta name=\"author\" content=\"Maya Nader Harati\" \/>\n<meta name=\"twitter:card\" content=\"summary_large_image\" \/>\n<meta name=\"twitter:creator\" content=\"@TourTravel_More\" \/>\n<meta name=\"twitter:site\" content=\"@TourTravel_More\" \/>\n<meta name=\"twitter:label1\" content=\"\u00c9crit par\" \/>\n\t<meta name=\"twitter:data1\" content=\"Maya Nader Harati\" \/>\n\t<meta name=\"twitter:label2\" content=\"Dur\u00e9e de lecture estim\u00e9e\" \/>\n\t<meta name=\"twitter:data2\" content=\"8 minutes\" \/>\n<script type=\"application\/ld+json\" class=\"yoast-schema-graph\">{\"@context\":\"https:\/\/schema.org\",\"@graph\":[{\"@type\":\"Article\",\"@id\":\"https:\/\/tourtravelandmore.com\/fr\/jardin-gucci-la-magie-du-chaos-sinvite-a-florence\/#article\",\"isPartOf\":{\"@id\":\"https:\/\/tourtravelandmore.com\/fr\/jardin-gucci-la-magie-du-chaos-sinvite-a-florence\/\"},\"author\":{\"name\":\"Maya Nader Harati\",\"@id\":\"https:\/\/tourtravelandmore.com\/fr\/#\/schema\/person\/2a1c66d76ae9290a394e8efb4af12e1e\"},\"headline\":\"Jardin Gucci : la magie du chaos s&#8217;invite \u00e0 Florence\",\"datePublished\":\"2022-09-17T06:05:24+00:00\",\"dateModified\":\"2025-05-16T14:00:44+00:00\",\"mainEntityOfPage\":{\"@id\":\"https:\/\/tourtravelandmore.com\/fr\/jardin-gucci-la-magie-du-chaos-sinvite-a-florence\/\"},\"wordCount\":1594,\"commentCount\":0,\"publisher\":{\"@id\":\"https:\/\/tourtravelandmore.com\/fr\/#organization\"},\"image\":{\"@id\":\"https:\/\/tourtravelandmore.com\/fr\/jardin-gucci-la-magie-du-chaos-sinvite-a-florence\/#primaryimage\"},\"thumbnailUrl\":\"https:\/\/tourtravelandmore.com\/wp-content\/uploads\/2022\/09\/image-1.png\",\"articleSection\":[\"Europe\",\"Florence\",\"Italia\"],\"inLanguage\":\"fr-FR\",\"potentialAction\":[{\"@type\":\"CommentAction\",\"name\":\"Comment\",\"target\":[\"https:\/\/tourtravelandmore.com\/fr\/jardin-gucci-la-magie-du-chaos-sinvite-a-florence\/#respond\"]}],\"accessibilityFeature\":[\"tableOfContents\"]},{\"@type\":\"WebPage\",\"@id\":\"https:\/\/tourtravelandmore.com\/fr\/jardin-gucci-la-magie-du-chaos-sinvite-a-florence\/\",\"url\":\"https:\/\/tourtravelandmore.com\/fr\/jardin-gucci-la-magie-du-chaos-sinvite-a-florence\/\",\"name\":\"Jardin Gucci : la magie du chaos s'invite \u00e0 Florence - Tour Travel & More\",\"isPartOf\":{\"@id\":\"https:\/\/tourtravelandmore.com\/fr\/#website\"},\"primaryImageOfPage\":{\"@id\":\"https:\/\/tourtravelandmore.com\/fr\/jardin-gucci-la-magie-du-chaos-sinvite-a-florence\/#primaryimage\"},\"image\":{\"@id\":\"https:\/\/tourtravelandmore.com\/fr\/jardin-gucci-la-magie-du-chaos-sinvite-a-florence\/#primaryimage\"},\"thumbnailUrl\":\"https:\/\/tourtravelandmore.com\/wp-content\/uploads\/2022\/09\/image-1.png\",\"datePublished\":\"2022-09-17T06:05:24+00:00\",\"dateModified\":\"2025-05-16T14:00:44+00:00\",\"description\":\"Si vous aimez la mode et les styles totalement novateurs, nous vous invitons \u00e0 visiter les boutiques Gucci, tant physiques que virtuelles. \u2713\",\"breadcrumb\":{\"@id\":\"https:\/\/tourtravelandmore.com\/fr\/jardin-gucci-la-magie-du-chaos-sinvite-a-florence\/#breadcrumb\"},\"inLanguage\":\"fr-FR\",\"potentialAction\":[{\"@type\":\"ReadAction\",\"target\":[\"https:\/\/tourtravelandmore.com\/fr\/jardin-gucci-la-magie-du-chaos-sinvite-a-florence\/\"]}]},{\"@type\":\"ImageObject\",\"inLanguage\":\"fr-FR\",\"@id\":\"https:\/\/tourtravelandmore.com\/fr\/jardin-gucci-la-magie-du-chaos-sinvite-a-florence\/#primaryimage\",\"url\":\"https:\/\/tourtravelandmore.com\/wp-content\/uploads\/2022\/09\/image-1.png\",\"contentUrl\":\"https:\/\/tourtravelandmore.com\/wp-content\/uploads\/2022\/09\/image-1.png\",\"width\":1024,\"height\":600},{\"@type\":\"BreadcrumbList\",\"@id\":\"https:\/\/tourtravelandmore.com\/fr\/jardin-gucci-la-magie-du-chaos-sinvite-a-florence\/#breadcrumb\",\"itemListElement\":[{\"@type\":\"ListItem\",\"position\":1,\"name\":\"Home\",\"item\":\"https:\/\/tourtravelandmore.com\/fr\/\"},{\"@type\":\"ListItem\",\"position\":2,\"name\":\"Jardin Gucci : la magie du chaos s&#8217;invite \u00e0 Florence\"}]},{\"@type\":\"WebSite\",\"@id\":\"https:\/\/tourtravelandmore.com\/fr\/#website\",\"url\":\"https:\/\/tourtravelandmore.com\/fr\/\",\"name\":\"Tour Travel And More\",\"description\":\"Private sightseeing tours and luxury transfers in Spain\",\"publisher\":{\"@id\":\"https:\/\/tourtravelandmore.com\/fr\/#organization\"},\"potentialAction\":[{\"@type\":\"SearchAction\",\"target\":{\"@type\":\"EntryPoint\",\"urlTemplate\":\"https:\/\/tourtravelandmore.com\/fr\/?s={search_term_string}\"},\"query-input\":{\"@type\":\"PropertyValueSpecification\",\"valueRequired\":true,\"valueName\":\"search_term_string\"}}],\"inLanguage\":\"fr-FR\"},{\"@type\":\"Organization\",\"@id\":\"https:\/\/tourtravelandmore.com\/fr\/#organization\",\"name\":\"Tour Travel And More\",\"url\":\"https:\/\/tourtravelandmore.com\/fr\/\",\"logo\":{\"@type\":\"ImageObject\",\"inLanguage\":\"fr-FR\",\"@id\":\"https:\/\/tourtravelandmore.com\/fr\/#\/schema\/logo\/image\/\",\"url\":\"https:\/\/tourtravelandmore.com\/wp-content\/uploads\/2022\/12\/cropped-logo-cabecera-new.png\",\"contentUrl\":\"https:\/\/tourtravelandmore.com\/wp-content\/uploads\/2022\/12\/cropped-logo-cabecera-new.png\",\"width\":430,\"height\":61,\"caption\":\"Tour Travel And More\"},\"image\":{\"@id\":\"https:\/\/tourtravelandmore.com\/fr\/#\/schema\/logo\/image\/\"},\"sameAs\":[\"https:\/\/www.facebook.com\/tourtravelandmore\/\",\"https:\/\/x.com\/TourTravel_More\"]},{\"@type\":\"Person\",\"@id\":\"https:\/\/tourtravelandmore.com\/fr\/#\/schema\/person\/2a1c66d76ae9290a394e8efb4af12e1e\",\"name\":\"Maya Nader Harati\",\"image\":{\"@type\":\"ImageObject\",\"inLanguage\":\"fr-FR\",\"@id\":\"https:\/\/tourtravelandmore.com\/fr\/#\/schema\/person\/image\/\",\"url\":\"https:\/\/secure.gravatar.com\/avatar\/adc2305883b6f86a616354c0c4516fcd9a333d5f5a0806d9d1ae9b30f898fa1f?s=96&d=mm&r=g\",\"contentUrl\":\"https:\/\/secure.gravatar.com\/avatar\/adc2305883b6f86a616354c0c4516fcd9a333d5f5a0806d9d1ae9b30f898fa1f?s=96&d=mm&r=g\",\"caption\":\"Maya Nader Harati\"},\"description\":\"Cultural Destination Specialist & Travel Chronicler. Maya doesn\u2019t just travel the world; she translates it.\",\"sameAs\":[\"https:\/\/tourtravelandmore.com\/author-profile-maya-nader-harati\/\"]}]}<\/script>\n<!-- \/ Yoast SEO Premium plugin. -->","yoast_head_json":{"title":"Jardin Gucci : la magie du chaos s'invite \u00e0 Florence - Tour Travel & More","description":"Si vous aimez la mode et les styles totalement novateurs, nous vous invitons \u00e0 visiter les boutiques Gucci, tant physiques que virtuelles. \u2713","robots":{"index":"index","follow":"follow","max-snippet":"max-snippet:-1","max-image-preview":"max-image-preview:large","max-video-preview":"max-video-preview:-1"},"canonical":"https:\/\/tourtravelandmore.com\/fr\/jardin-gucci-la-magie-du-chaos-sinvite-a-florence\/","og_locale":"fr_FR","og_type":"article","og_title":"Jardin Gucci : la magie du chaos s'invite \u00e0 Florence","og_description":"Si vous aimez la mode et les styles totalement novateurs, nous vous invitons \u00e0 visiter les boutiques Gucci, tant physiques que virtuelles. \u2713","og_url":"https:\/\/tourtravelandmore.com\/fr\/jardin-gucci-la-magie-du-chaos-sinvite-a-florence\/","og_site_name":"Tour Travel And More","article_publisher":"https:\/\/www.facebook.com\/tourtravelandmore\/","article_published_time":"2022-09-17T06:05:24+00:00","article_modified_time":"2025-05-16T14:00:44+00:00","og_image":[{"width":1024,"height":600,"url":"https:\/\/tourtravelandmore.com\/wp-content\/uploads\/2022\/09\/image-1.png","type":"image\/png"}],"author":"Maya Nader Harati","twitter_card":"summary_large_image","twitter_creator":"@TourTravel_More","twitter_site":"@TourTravel_More","twitter_misc":{"\u00c9crit par":"Maya Nader Harati","Dur\u00e9e de lecture estim\u00e9e":"8 minutes"},"schema":{"@context":"https:\/\/schema.org","@graph":[{"@type":"Article","@id":"https:\/\/tourtravelandmore.com\/fr\/jardin-gucci-la-magie-du-chaos-sinvite-a-florence\/#article","isPartOf":{"@id":"https:\/\/tourtravelandmore.com\/fr\/jardin-gucci-la-magie-du-chaos-sinvite-a-florence\/"},"author":{"name":"Maya Nader Harati","@id":"https:\/\/tourtravelandmore.com\/fr\/#\/schema\/person\/2a1c66d76ae9290a394e8efb4af12e1e"},"headline":"Jardin Gucci : la magie du chaos s&#8217;invite \u00e0 Florence","datePublished":"2022-09-17T06:05:24+00:00","dateModified":"2025-05-16T14:00:44+00:00","mainEntityOfPage":{"@id":"https:\/\/tourtravelandmore.com\/fr\/jardin-gucci-la-magie-du-chaos-sinvite-a-florence\/"},"wordCount":1594,"commentCount":0,"publisher":{"@id":"https:\/\/tourtravelandmore.com\/fr\/#organization"},"image":{"@id":"https:\/\/tourtravelandmore.com\/fr\/jardin-gucci-la-magie-du-chaos-sinvite-a-florence\/#primaryimage"},"thumbnailUrl":"https:\/\/tourtravelandmore.com\/wp-content\/uploads\/2022\/09\/image-1.png","articleSection":["Europe","Florence","Italia"],"inLanguage":"fr-FR","potentialAction":[{"@type":"CommentAction","name":"Comment","target":["https:\/\/tourtravelandmore.com\/fr\/jardin-gucci-la-magie-du-chaos-sinvite-a-florence\/#respond"]}],"accessibilityFeature":["tableOfContents"]},{"@type":"WebPage","@id":"https:\/\/tourtravelandmore.com\/fr\/jardin-gucci-la-magie-du-chaos-sinvite-a-florence\/","url":"https:\/\/tourtravelandmore.com\/fr\/jardin-gucci-la-magie-du-chaos-sinvite-a-florence\/","name":"Jardin Gucci : la magie du chaos s'invite \u00e0 Florence - Tour Travel & More","isPartOf":{"@id":"https:\/\/tourtravelandmore.com\/fr\/#website"},"primaryImageOfPage":{"@id":"https:\/\/tourtravelandmore.com\/fr\/jardin-gucci-la-magie-du-chaos-sinvite-a-florence\/#primaryimage"},"image":{"@id":"https:\/\/tourtravelandmore.com\/fr\/jardin-gucci-la-magie-du-chaos-sinvite-a-florence\/#primaryimage"},"thumbnailUrl":"https:\/\/tourtravelandmore.com\/wp-content\/uploads\/2022\/09\/image-1.png","datePublished":"2022-09-17T06:05:24+00:00","dateModified":"2025-05-16T14:00:44+00:00","description":"Si vous aimez la mode et les styles totalement novateurs, nous vous invitons \u00e0 visiter les boutiques Gucci, tant physiques que virtuelles. \u2713","breadcrumb":{"@id":"https:\/\/tourtravelandmore.com\/fr\/jardin-gucci-la-magie-du-chaos-sinvite-a-florence\/#breadcrumb"},"inLanguage":"fr-FR","potentialAction":[{"@type":"ReadAction","target":["https:\/\/tourtravelandmore.com\/fr\/jardin-gucci-la-magie-du-chaos-sinvite-a-florence\/"]}]},{"@type":"ImageObject","inLanguage":"fr-FR","@id":"https:\/\/tourtravelandmore.com\/fr\/jardin-gucci-la-magie-du-chaos-sinvite-a-florence\/#primaryimage","url":"https:\/\/tourtravelandmore.com\/wp-content\/uploads\/2022\/09\/image-1.png","contentUrl":"https:\/\/tourtravelandmore.com\/wp-content\/uploads\/2022\/09\/image-1.png","width":1024,"height":600},{"@type":"BreadcrumbList","@id":"https:\/\/tourtravelandmore.com\/fr\/jardin-gucci-la-magie-du-chaos-sinvite-a-florence\/#breadcrumb","itemListElement":[{"@type":"ListItem","position":1,"name":"Home","item":"https:\/\/tourtravelandmore.com\/fr\/"},{"@type":"ListItem","position":2,"name":"Jardin Gucci : la magie du chaos s&#8217;invite \u00e0 Florence"}]},{"@type":"WebSite","@id":"https:\/\/tourtravelandmore.com\/fr\/#website","url":"https:\/\/tourtravelandmore.com\/fr\/","name":"Tour Travel And More","description":"Private sightseeing tours and luxury transfers in Spain","publisher":{"@id":"https:\/\/tourtravelandmore.com\/fr\/#organization"},"potentialAction":[{"@type":"SearchAction","target":{"@type":"EntryPoint","urlTemplate":"https:\/\/tourtravelandmore.com\/fr\/?s={search_term_string}"},"query-input":{"@type":"PropertyValueSpecification","valueRequired":true,"valueName":"search_term_string"}}],"inLanguage":"fr-FR"},{"@type":"Organization","@id":"https:\/\/tourtravelandmore.com\/fr\/#organization","name":"Tour Travel And More","url":"https:\/\/tourtravelandmore.com\/fr\/","logo":{"@type":"ImageObject","inLanguage":"fr-FR","@id":"https:\/\/tourtravelandmore.com\/fr\/#\/schema\/logo\/image\/","url":"https:\/\/tourtravelandmore.com\/wp-content\/uploads\/2022\/12\/cropped-logo-cabecera-new.png","contentUrl":"https:\/\/tourtravelandmore.com\/wp-content\/uploads\/2022\/12\/cropped-logo-cabecera-new.png","width":430,"height":61,"caption":"Tour Travel And More"},"image":{"@id":"https:\/\/tourtravelandmore.com\/fr\/#\/schema\/logo\/image\/"},"sameAs":["https:\/\/www.facebook.com\/tourtravelandmore\/","https:\/\/x.com\/TourTravel_More"]},{"@type":"Person","@id":"https:\/\/tourtravelandmore.com\/fr\/#\/schema\/person\/2a1c66d76ae9290a394e8efb4af12e1e","name":"Maya Nader Harati","image":{"@type":"ImageObject","inLanguage":"fr-FR","@id":"https:\/\/tourtravelandmore.com\/fr\/#\/schema\/person\/image\/","url":"https:\/\/secure.gravatar.com\/avatar\/adc2305883b6f86a616354c0c4516fcd9a333d5f5a0806d9d1ae9b30f898fa1f?s=96&d=mm&r=g","contentUrl":"https:\/\/secure.gravatar.com\/avatar\/adc2305883b6f86a616354c0c4516fcd9a333d5f5a0806d9d1ae9b30f898fa1f?s=96&d=mm&r=g","caption":"Maya Nader Harati"},"description":"Cultural Destination Specialist & Travel Chronicler. Maya doesn\u2019t just travel the world; she translates it.","sameAs":["https:\/\/tourtravelandmore.com\/author-profile-maya-nader-harati\/"]}]}},"_links":{"self":[{"href":"https:\/\/tourtravelandmore.com\/fr\/wp-json\/wp\/v2\/posts\/137447","targetHints":{"allow":["GET"]}}],"collection":[{"href":"https:\/\/tourtravelandmore.com\/fr\/wp-json\/wp\/v2\/posts"}],"about":[{"href":"https:\/\/tourtravelandmore.com\/fr\/wp-json\/wp\/v2\/types\/post"}],"author":[{"embeddable":true,"href":"https:\/\/tourtravelandmore.com\/fr\/wp-json\/wp\/v2\/users\/2"}],"replies":[{"embeddable":true,"href":"https:\/\/tourtravelandmore.com\/fr\/wp-json\/wp\/v2\/comments?post=137447"}],"version-history":[{"count":1,"href":"https:\/\/tourtravelandmore.com\/fr\/wp-json\/wp\/v2\/posts\/137447\/revisions"}],"predecessor-version":[{"id":183778,"href":"https:\/\/tourtravelandmore.com\/fr\/wp-json\/wp\/v2\/posts\/137447\/revisions\/183778"}],"wp:featuredmedia":[{"embeddable":true,"href":"https:\/\/tourtravelandmore.com\/fr\/wp-json\/wp\/v2\/media\/137444"}],"wp:attachment":[{"href":"https:\/\/tourtravelandmore.com\/fr\/wp-json\/wp\/v2\/media?parent=137447"}],"wp:term":[{"taxonomy":"category","embeddable":true,"href":"https:\/\/tourtravelandmore.com\/fr\/wp-json\/wp\/v2\/categories?post=137447"},{"taxonomy":"post_tag","embeddable":true,"href":"https:\/\/tourtravelandmore.com\/fr\/wp-json\/wp\/v2\/tags?post=137447"}],"curies":[{"name":"wp","href":"https:\/\/api.w.org\/{rel}","templated":true}]}}