{"id":134018,"date":"2022-08-08T12:06:56","date_gmt":"2022-08-08T10:06:56","guid":{"rendered":"https:\/\/tourtravelandmore.com\/?p=134018"},"modified":"2025-05-16T16:00:55","modified_gmt":"2025-05-16T14:00:55","slug":"hotel-de-pavie-se-reveiller-au-coeur-de-saint-emilion","status":"publish","type":"post","link":"https:\/\/tourtravelandmore.com\/fr\/hotel-de-pavie-se-reveiller-au-coeur-de-saint-emilion\/","title":{"rendered":"<strong>H\u00f4tel de Pavie : se r\u00e9veiller au c\u0153ur de Saint-\u00c9milion<\/strong>"},"content":{"rendered":"\n<div class=\"wp-block-yoast-seo-table-of-contents yoast-table-of-contents\"><h2>Table of contents<\/h2><ul><li><a href=\"#h-parlons-un-peu-de-l-histoire-et-de-la-r-novation-de-l-h-tel-de-pavie\" data-level=\"2\">Parlons un peu de l&#8217;histoire et de la r\u00e9novation de l&#8217;H\u00f4tel de Pavie :<\/a><\/li><li><a href=\"#h-parlons-maintenant-des-chambres-propos-es-par-l-h-tel-de-pavie\" data-level=\"2\">Parlons maintenant des chambres propos\u00e9es par l&#8217;H\u00f4tel de Pavie :<\/a><\/li><li><a href=\"#h-le-restaurant-la-table-de-pavie\" data-level=\"2\">Le restaurant La Table de Pavie :<\/a><\/li><li><a href=\"#h-quels-autres-services-l-h-tel-saint-milion-propose-t-il\" data-level=\"2\">Quels autres services l&#8217;H\u00f4tel Saint-\u00c9milion propose-t-il ?<\/a><\/li><\/ul><\/div>\n\n\n\n<p>Saint-\u00c9milion est <a href=\"https:\/\/tourtravelandmore.com\/fr\/city\/france-fr\/bordeaux-fr\/\"><strong>une petite ville proche de Bordeaux<\/strong><\/a><strong> ; \u00e0 <\/strong>exactement 35 km au nord-est de Bordeaux, entre Castillon-la-Bataille et Libourne, \u00e0 une altitude moyenne de 23 m\u00e8tres au-dessus du niveau de la mer. Administrativement, Saint-\u00c9milion appartient au d\u00e9partement de G\u00e9rone, en Nouvelle-Aquitaine.<\/p>\n\n\n\n<p>Il est inscrit au patrimoine mondial depuis 1999. Elle est <strong>c\u00e9l\u00e8bre pour son activit\u00e9 viticole <\/strong>et pour ses belles rues escarp\u00e9es et quelque peu \u00e9troites h\u00e9rit\u00e9es de l&#8217;\u00e9poque m\u00e9di\u00e9vale. On sait que les premiers \u00e0 avoir plant\u00e9 des vignes \u00e9taient les Romains.<\/p>\n\n\n\n<p>Plus tard, au VIIIe si\u00e8cle, arrive un moine qui s&#8217;installe dans un ermitage \u00e0 l&#8217;int\u00e9rieur d&#8217;un rocher, appel\u00e9 \u00c9milion, et ce sont les moines qui le suivent qui commencent la <strong>production commerciale de vin.<\/strong> C&#8217;est donc l&#8217;une des principales zones de vins rouges de Bordeaux, avec Pomerol, M\u00e9doc et Graves.<\/p>\n\n\n\n<p>Les plus importants \u00e9tant le Merlot, le Cabernet Franc et un peu de Cabernet Sauvignon dans certains ch\u00e2teaux. L<strong>&#8216;H\u00f4tel de Pavie est situ\u00e9 au c\u0153ur de <\/strong>Saint-\u00c9milion, \u00e0 proximit\u00e9 des incroyables grottes pr\u00e9historiques de la Dordogne. Depuis ses terrasses, vous pouvez d\u00e9couvrir le panorama viticole des vignobles ancestraux. Le lieu a fait l&#8217;objet d&#8217;une r\u00e9novation que nous vous expliquons ci-dessous.<\/p>\n\n\n\n<h2 class=\"wp-block-heading\" id=\"h-parlons-un-peu-de-l-histoire-et-de-la-r-novation-de-l-h-tel-de-pavie\"><strong>Parlons un peu de l&#8217;histoire et de la r\u00e9novation de l&#8217;H\u00f4tel de Pavie :<\/strong><\/h2>\n\n\n\n<p>L&#8217;h\u00f4tel de Pavie \u00e9tait autrefois un <strong>couvent, <\/strong>o\u00f9 les p\u00e8lerins se voyaient offrir protection et aide. Apr\u00e8s la r\u00e9volution, le b\u00e2timent est devenu un bureau de poste. Puis elle devient une auberge et un h\u00f4tel-restaurant, en 1927, baptis\u00e9 Hostellerie de Plaisance. Apr\u00e8s la Seconde Guerre mondiale, l&#8217;endroit a \u00e9t\u00e9 utilis\u00e9 comme taverne et a ferm\u00e9 ses portes en 1960 pour \u00eatre reconverti en h\u00f4tel-restaurant.<\/p>\n\n\n\n<p>En 2000, une famille du nom de Perse a commenc\u00e9 \u00e0 h\u00e9berger l&#8217;h\u00f4tel. En 2007, l&#8217;<strong>h\u00f4tel a commenc\u00e9 \u00e0 s&#8217;agrandir<\/strong>, gr\u00e2ce \u00e0 l&#8217;acquisition d&#8217;une maison tr\u00e8s proche et ancienne en tuiles romaines du 18\u00e8me si\u00e8cle, mais qui est reli\u00e9e \u00e0 la maison principale, \u00e0 travers le jardin.<\/p>\n\n\n\n<p>Comme il s&#8217;agit d&#8217;un site patrimonial, il a fallu demander l&#8217;autorisation de l&#8217;organisme charg\u00e9 de sa protection, et le projet de r\u00e9novation a ainsi pu \u00eatre men\u00e9 \u00e0 bien. Ce nouveau b\u00e2timent <strong>s&#8217;appelle d\u00e9sormais La <\/strong>Maison<strong> des Suites <\/strong>ou Maison des Suites, dans le respect de la pr\u00e9servation de ce patrimoine, avec comme protagoniste la pierre blanche typique de cette r\u00e9gion.&nbsp;<\/p>\n\n\n\n<p>Ces r\u00e9novations ont \u00e9t\u00e9 effectu\u00e9es par Jean Philippe Nuel ; le nouveau b\u00e2timent refl\u00e8te la valeur historique, mais en m\u00eame temps il a des touches modernes, <strong>m\u00e9langeant la sobri\u00e9t\u00e9 et l&#8217;\u00e9l\u00e9gance <\/strong>qui exprime la vie des Fran\u00e7ais. Un reflet parfait de la localit\u00e9 dans cet h\u00f4tel 5 \u00e9toiles.&nbsp;<\/p>\n\n\n\n<p>En 2020, il poursuivra l&#8217;acc\u00e9l\u00e9ration de son d\u00e9veloppement <strong>gr\u00e2ce au chef <\/strong>\u00e9toil\u00e9 <strong>Yannick All\u00e9no.<\/strong> L&#8217;Hostellerie de Plaisance devient l&#8217;H\u00f4tel de Pavie et La Table de Pavie, son restaurant.&nbsp;<\/p>\n\n\n\n<h2 class=\"wp-block-heading\" id=\"h-parlons-maintenant-des-chambres-propos-es-par-l-h-tel-de-pavie\"><strong>Parlons maintenant des chambres propos\u00e9es par l&#8217;H\u00f4tel de Pavie :<\/strong><\/h2>\n\n\n\n<p>L&#8217;h\u00f4tel compte environ 5 suites et 14 chambres au total. L&#8217;architecte charg\u00e9 de la conception \u00e9tait Alberto Pinto, qui les a con\u00e7us avec une bonne taille, allant <strong>de 80 \u00e0 130 m\u00e8tres carr\u00e9s<\/strong>. Quant \u00e0 la d\u00e9coration, les fauteuils ont \u00e9t\u00e9 r\u00e9alis\u00e9s par Jean Philippe Nurel, tandis que le Studio JMW a con\u00e7u les magnifiques lustres au plafond.&nbsp;<\/p>\n\n\n\n<p><strong>Les suites disposent d&#8217;un lit queen ou king size, d&#8217;un <\/strong>r\u00e9veil, de la climatisation, d&#8217;un t\u00e9l\u00e9phone, d&#8217;une cafeti\u00e8re, d&#8217;une t\u00e9l\u00e9vision, d&#8217;un mini-bar, d&#8217;une salle de bain avec baignoire et douche, d&#8217;une station de recharge pour iPhone, d&#8217;une connexion Internet sans fil, d&#8217;un s\u00e8che-cheveux, d&#8217;une connexion ADSL et plus encore.&nbsp;<\/p>\n\n\n\n<p>Dans la structure du <strong>b\u00e2timent principal se trouvent 9 chambres <\/strong>au style contemporain et \u00e9l\u00e9gant. Chacun d&#8217;entre eux permet une exp\u00e9rience tr\u00e8s tranquille, qui vous fait remonter le temps, et son emplacement vous permet d&#8217;\u00eatre suffisamment proche pour vous rendre \u00e0 pied de l&#8217;h\u00f4tel \u00e0 d&#8217;autres lieux importants de la ville. L&#8217;h\u00f4tel propose \u00e9galement des services de nettoyage \u00e0 sec, de blanchisserie et un parking priv\u00e9.&nbsp;<\/p>\n\n\n\n<figure class=\"wp-block-image\"><img decoding=\"async\" src=\"https:\/\/lh5.googleusercontent.com\/dFpNtk5A5ORgs_Z97BQNmxoudPvz5YjQuRWKPnfOmfoz9fivh5bkDR6jLWyIaFlLgug__hM-khBlEmfNXB9mMk2mNtIQV94rDRTfyUk9dA0i48TRhqTg_pGqpvIdhi5QAMTDKcE7Q2-x\" alt=\"\"\/><\/figure>\n\n\n\n<p>La Coll\u00e9giale de Saint-\u00c9milion, ainsi que le Beffroi et l&#8217;\u00c9glise monolithique de la ville, sont \u00e0 <strong>1 minute de marche.<\/strong> Mais un peu plus loin, \u00e0 2 minutes, on trouve le ch\u00e2teau de la Tour du Roi et la Porte de Cad\u00e8ne. Et \u00e0 seulement 3 minutes se trouve Le Donjon du Roy.&nbsp;<\/p>\n\n\n\n<h2 class=\"wp-block-heading\" id=\"h-le-restaurant-la-table-de-pavie\"><strong>Le restaurant La Table de Pavie :<\/strong><\/h2>\n\n\n\n<p>L&#8217;H\u00f4tel de Pavie vous propose des d\u00e9lices gastronomiques pr\u00e9par\u00e9s par Yannick All\u00e9no, dans le restaurant 2 \u00e9toiles Michelin <strong>&#8220;La Table de Pavie&#8221;. Le tout est associ\u00e9 \u00e0 un menu de vins <\/strong>fran\u00e7ais, dont bien s\u00fbr le Premier Grand Cru local. Le chef s&#8217;inspire des produits disponibles sur le march\u00e9 en fonction de la saison.<\/p>\n\n\n\n<p>Dans le restaurant, on <strong>peut d\u00e9guster, par exemple, des <\/strong>pommes en p\u00e2te feuillet\u00e9e avec de d\u00e9licieux artichauts et des morceaux de c\u00e9leri arros\u00e9s de cognac, ainsi que des cr\u00e9pinettes aux hu\u00eetres, qui sont son plat pr\u00e9f\u00e9r\u00e9. Les sauces en g\u00e9n\u00e9ral ont un lien avec la vigne, car ce type de cuisine est \u00e9troitement li\u00e9 au vin et aux vignerons en g\u00e9n\u00e9ral.<\/p>\n\n\n\n<p>Parmi les autres plats, citons le Koji Zoto, qui est \u00e9labor\u00e9 avec du vin de Graves, le foie gras au Verjus et le Sabayon avec un cognac spectaculaire. L&#8217;<strong>h\u00f4tel propose \u00e9galement un petit-d\u00e9jeuner, qui constitue le <\/strong>premier plat de la journ\u00e9e, avec une bonne vari\u00e9t\u00e9 de boissons chaudes et de fruits de saison, frais ou en jus. Ils peuvent \u00eatre servis en chambre, dans le salon ou sur la terrasse offrant une vue panoramique sur la ville.<\/p>\n\n\n\n<p><strong>Il peut s&#8217;agir d&#8217;un petit-d\u00e9jeuner traditionnel <\/strong>\u00e0 la fran\u00e7aise, qui comprend une vari\u00e9t\u00e9 de pains, fabriqu\u00e9s par le boulanger local et accompagn\u00e9s de friandises ou de sucreries fabriqu\u00e9es par les abeilles du Ch\u00e2teau Pavia. Mais si vous la pr\u00e9f\u00e9rez sal\u00e9e, la formule gourmande s&#8217;applique, avec une assiette de charcuterie, de fromages ou de truite fum\u00e9e et aussi des \u0153ufs.<\/p>\n\n\n\n<figure class=\"wp-block-image\"><img decoding=\"async\" src=\"https:\/\/lh4.googleusercontent.com\/jciEibP3KQbDIGNYu8XDfAT09fWkfYHnIl6UceK0pN3qfOekAYTXXArofNTAfe6TxZ6udUKdRnI_XqrgozUSpqQrvbb2mRai0Wy1PMHibS7fh7eqH6eRVspPukUfo-P31vnvnFYc-msw\" alt=\"\"\/><\/figure>\n\n\n\n<h2 class=\"wp-block-heading\" id=\"h-quels-autres-services-l-h-tel-saint-milion-propose-t-il\"><strong>Quels autres services l&#8217;H\u00f4tel Saint-\u00c9milion propose-t-il ?<\/strong><\/h2>\n\n\n\n<p>Depuis l&#8217;H\u00f4tel de Pavie, des <strong>visites des diff\u00e9rents vignobles <\/strong>sont \u00e9galement coordonn\u00e9es, par exemple au Ch\u00e2teau Pavie, qui est l&#8217;une des 3 caves de la famille Perse. Mais aussi, comme mentionn\u00e9 ci-dessus, tout pr\u00e8s de l&#8217;h\u00f4tel et \u00e0 pied, des groupes peuvent \u00eatre organis\u00e9s pour visiter l&#8217;\u00e9glise monolithique, qui serait la plus grande d&#8217;Europe, ou les monuments souterrains.Saint-\u00c9milion <strong>compte de nombreux <\/strong>vins class\u00e9s en tant que Grand Cru, d&#8217;autres dans les classes de Premiers Grands Crus A, Class\u00e9s B et Grands Crus. Cela signifie qu&#8217;il existe une grande vari\u00e9t\u00e9 de vignobles \u00e0 visiter.<\/p>\n","protected":false},"excerpt":{"rendered":"<p>Saint-\u00c9milion, petite ville proche de Bordeaux, est c\u00e9l\u00e8bre pour son activit\u00e9 viticole. L&#8217;H\u00f4tel de Pavie est situ\u00e9 au c\u0153ur de la ville et se trouve \u00e0 proximit\u00e9 de lieux importants accessibles \u00e0 pied.<\/p>\n","protected":false},"author":2,"featured_media":134015,"comment_status":"open","ping_status":"open","sticky":false,"template":"","format":"standard","meta":{"_acf_changed":false,"footnotes":""},"categories":[4193,3914,3955],"tags":[],"class_list":["post-134018","post","type-post","status-publish","format-standard","has-post-thumbnail","hentry","category-bordeaux-france-europe-fr","category-europe-fr","category-france-europe-fr"],"acf":[],"yoast_head":"<!-- This site is optimized with the Yoast SEO Premium plugin v25.3.1 (Yoast SEO v25.3.1) - https:\/\/yoast.com\/wordpress\/plugins\/seo\/ -->\n<title>H\u00f4tel de Pavie : se r\u00e9veiller au c\u0153ur de Saint-\u00c9milion - Tour Travel &amp; more<\/title>\n<meta name=\"description\" content=\"\u2714 Si vous souhaitez acc\u00e9der au confort et \u00e0 l&#039;\u00e9l\u00e9gance alli\u00e9s \u00e0 la sobri\u00e9t\u00e9 d&#039;un h\u00f4tel, nous vous recommandons l&#039;H\u00f4tel de Pavie \u00e0 Saint-\u00c9milion \u2714.\" \/>\n<meta name=\"robots\" content=\"index, follow, max-snippet:-1, max-image-preview:large, max-video-preview:-1\" \/>\n<link rel=\"canonical\" href=\"https:\/\/tourtravelandmore.com\/fr\/hotel-de-pavie-se-reveiller-au-coeur-de-saint-emilion\/\" \/>\n<meta property=\"og:locale\" content=\"fr_FR\" \/>\n<meta property=\"og:type\" content=\"article\" \/>\n<meta property=\"og:title\" content=\"H\u00f4tel de Pavie : se r\u00e9veiller au c\u0153ur de Saint-\u00c9milion\" \/>\n<meta property=\"og:description\" content=\"\u2714 Si vous souhaitez acc\u00e9der au confort et \u00e0 l&#039;\u00e9l\u00e9gance alli\u00e9s \u00e0 la sobri\u00e9t\u00e9 d&#039;un h\u00f4tel, nous vous recommandons l&#039;H\u00f4tel de Pavie \u00e0 Saint-\u00c9milion \u2714.\" \/>\n<meta property=\"og:url\" content=\"https:\/\/tourtravelandmore.com\/fr\/hotel-de-pavie-se-reveiller-au-coeur-de-saint-emilion\/\" \/>\n<meta property=\"og:site_name\" content=\"Tour Travel And More\" \/>\n<meta property=\"article:publisher\" content=\"https:\/\/www.facebook.com\/tourtravelandmore\/\" \/>\n<meta property=\"article:published_time\" content=\"2022-08-08T10:06:56+00:00\" \/>\n<meta property=\"article:modified_time\" content=\"2025-05-16T14:00:55+00:00\" \/>\n<meta property=\"og:image\" content=\"https:\/\/tourtravelandmore.com\/wp-content\/uploads\/2022\/08\/image-3-1024x576.png\" \/>\n\t<meta property=\"og:image:width\" content=\"1024\" \/>\n\t<meta property=\"og:image:height\" content=\"576\" \/>\n\t<meta property=\"og:image:type\" content=\"image\/png\" \/>\n<meta name=\"author\" content=\"Maya Nader Harati\" \/>\n<meta name=\"twitter:card\" content=\"summary_large_image\" \/>\n<meta name=\"twitter:creator\" content=\"@TourTravel_More\" \/>\n<meta name=\"twitter:site\" content=\"@TourTravel_More\" \/>\n<meta name=\"twitter:label1\" content=\"\u00c9crit par\" \/>\n\t<meta name=\"twitter:data1\" content=\"Maya Nader Harati\" \/>\n\t<meta name=\"twitter:label2\" content=\"Dur\u00e9e de lecture estim\u00e9e\" \/>\n\t<meta name=\"twitter:data2\" content=\"6 minutes\" \/>\n<script type=\"application\/ld+json\" class=\"yoast-schema-graph\">{\"@context\":\"https:\/\/schema.org\",\"@graph\":[{\"@type\":\"Article\",\"@id\":\"https:\/\/tourtravelandmore.com\/fr\/hotel-de-pavie-se-reveiller-au-coeur-de-saint-emilion\/#article\",\"isPartOf\":{\"@id\":\"https:\/\/tourtravelandmore.com\/fr\/hotel-de-pavie-se-reveiller-au-coeur-de-saint-emilion\/\"},\"author\":{\"name\":\"Maya Nader Harati\",\"@id\":\"https:\/\/tourtravelandmore.com\/fr\/#\/schema\/person\/2a1c66d76ae9290a394e8efb4af12e1e\"},\"headline\":\"H\u00f4tel de Pavie : se r\u00e9veiller au c\u0153ur de Saint-\u00c9milion\",\"datePublished\":\"2022-08-08T10:06:56+00:00\",\"dateModified\":\"2025-05-16T14:00:55+00:00\",\"mainEntityOfPage\":{\"@id\":\"https:\/\/tourtravelandmore.com\/fr\/hotel-de-pavie-se-reveiller-au-coeur-de-saint-emilion\/\"},\"wordCount\":1268,\"commentCount\":0,\"publisher\":{\"@id\":\"https:\/\/tourtravelandmore.com\/fr\/#organization\"},\"image\":{\"@id\":\"https:\/\/tourtravelandmore.com\/fr\/hotel-de-pavie-se-reveiller-au-coeur-de-saint-emilion\/#primaryimage\"},\"thumbnailUrl\":\"https:\/\/tourtravelandmore.com\/wp-content\/uploads\/2022\/08\/image-3.png\",\"articleSection\":[\"Bordeaux\",\"Europe\",\"France\"],\"inLanguage\":\"fr-FR\",\"potentialAction\":[{\"@type\":\"CommentAction\",\"name\":\"Comment\",\"target\":[\"https:\/\/tourtravelandmore.com\/fr\/hotel-de-pavie-se-reveiller-au-coeur-de-saint-emilion\/#respond\"]}],\"accessibilityFeature\":[\"tableOfContents\"]},{\"@type\":\"WebPage\",\"@id\":\"https:\/\/tourtravelandmore.com\/fr\/hotel-de-pavie-se-reveiller-au-coeur-de-saint-emilion\/\",\"url\":\"https:\/\/tourtravelandmore.com\/fr\/hotel-de-pavie-se-reveiller-au-coeur-de-saint-emilion\/\",\"name\":\"H\u00f4tel de Pavie : se r\u00e9veiller au c\u0153ur de Saint-\u00c9milion - Tour Travel & more\",\"isPartOf\":{\"@id\":\"https:\/\/tourtravelandmore.com\/fr\/#website\"},\"primaryImageOfPage\":{\"@id\":\"https:\/\/tourtravelandmore.com\/fr\/hotel-de-pavie-se-reveiller-au-coeur-de-saint-emilion\/#primaryimage\"},\"image\":{\"@id\":\"https:\/\/tourtravelandmore.com\/fr\/hotel-de-pavie-se-reveiller-au-coeur-de-saint-emilion\/#primaryimage\"},\"thumbnailUrl\":\"https:\/\/tourtravelandmore.com\/wp-content\/uploads\/2022\/08\/image-3.png\",\"datePublished\":\"2022-08-08T10:06:56+00:00\",\"dateModified\":\"2025-05-16T14:00:55+00:00\",\"description\":\"\u2714 Si vous souhaitez acc\u00e9der au confort et \u00e0 l'\u00e9l\u00e9gance alli\u00e9s \u00e0 la sobri\u00e9t\u00e9 d'un h\u00f4tel, nous vous recommandons l'H\u00f4tel de Pavie \u00e0 Saint-\u00c9milion \u2714.\",\"breadcrumb\":{\"@id\":\"https:\/\/tourtravelandmore.com\/fr\/hotel-de-pavie-se-reveiller-au-coeur-de-saint-emilion\/#breadcrumb\"},\"inLanguage\":\"fr-FR\",\"potentialAction\":[{\"@type\":\"ReadAction\",\"target\":[\"https:\/\/tourtravelandmore.com\/fr\/hotel-de-pavie-se-reveiller-au-coeur-de-saint-emilion\/\"]}]},{\"@type\":\"ImageObject\",\"inLanguage\":\"fr-FR\",\"@id\":\"https:\/\/tourtravelandmore.com\/fr\/hotel-de-pavie-se-reveiller-au-coeur-de-saint-emilion\/#primaryimage\",\"url\":\"https:\/\/tourtravelandmore.com\/wp-content\/uploads\/2022\/08\/image-3.png\",\"contentUrl\":\"https:\/\/tourtravelandmore.com\/wp-content\/uploads\/2022\/08\/image-3.png\",\"width\":1600,\"height\":900},{\"@type\":\"BreadcrumbList\",\"@id\":\"https:\/\/tourtravelandmore.com\/fr\/hotel-de-pavie-se-reveiller-au-coeur-de-saint-emilion\/#breadcrumb\",\"itemListElement\":[{\"@type\":\"ListItem\",\"position\":1,\"name\":\"Home\",\"item\":\"https:\/\/tourtravelandmore.com\/fr\/\"},{\"@type\":\"ListItem\",\"position\":2,\"name\":\"H\u00f4tel de Pavie : se r\u00e9veiller au c\u0153ur de Saint-\u00c9milion\"}]},{\"@type\":\"WebSite\",\"@id\":\"https:\/\/tourtravelandmore.com\/fr\/#website\",\"url\":\"https:\/\/tourtravelandmore.com\/fr\/\",\"name\":\"Tour Travel And More\",\"description\":\"Private sightseeing tours and luxury transfers in Spain\",\"publisher\":{\"@id\":\"https:\/\/tourtravelandmore.com\/fr\/#organization\"},\"potentialAction\":[{\"@type\":\"SearchAction\",\"target\":{\"@type\":\"EntryPoint\",\"urlTemplate\":\"https:\/\/tourtravelandmore.com\/fr\/?s={search_term_string}\"},\"query-input\":{\"@type\":\"PropertyValueSpecification\",\"valueRequired\":true,\"valueName\":\"search_term_string\"}}],\"inLanguage\":\"fr-FR\"},{\"@type\":\"Organization\",\"@id\":\"https:\/\/tourtravelandmore.com\/fr\/#organization\",\"name\":\"Tour Travel And More\",\"url\":\"https:\/\/tourtravelandmore.com\/fr\/\",\"logo\":{\"@type\":\"ImageObject\",\"inLanguage\":\"fr-FR\",\"@id\":\"https:\/\/tourtravelandmore.com\/fr\/#\/schema\/logo\/image\/\",\"url\":\"https:\/\/tourtravelandmore.com\/wp-content\/uploads\/2022\/12\/cropped-logo-cabecera-new.png\",\"contentUrl\":\"https:\/\/tourtravelandmore.com\/wp-content\/uploads\/2022\/12\/cropped-logo-cabecera-new.png\",\"width\":430,\"height\":61,\"caption\":\"Tour Travel And More\"},\"image\":{\"@id\":\"https:\/\/tourtravelandmore.com\/fr\/#\/schema\/logo\/image\/\"},\"sameAs\":[\"https:\/\/www.facebook.com\/tourtravelandmore\/\",\"https:\/\/x.com\/TourTravel_More\"]},{\"@type\":\"Person\",\"@id\":\"https:\/\/tourtravelandmore.com\/fr\/#\/schema\/person\/2a1c66d76ae9290a394e8efb4af12e1e\",\"name\":\"Maya Nader Harati\",\"image\":{\"@type\":\"ImageObject\",\"inLanguage\":\"fr-FR\",\"@id\":\"https:\/\/tourtravelandmore.com\/fr\/#\/schema\/person\/image\/\",\"url\":\"https:\/\/secure.gravatar.com\/avatar\/adc2305883b6f86a616354c0c4516fcd9a333d5f5a0806d9d1ae9b30f898fa1f?s=96&d=mm&r=g\",\"contentUrl\":\"https:\/\/secure.gravatar.com\/avatar\/adc2305883b6f86a616354c0c4516fcd9a333d5f5a0806d9d1ae9b30f898fa1f?s=96&d=mm&r=g\",\"caption\":\"Maya Nader Harati\"},\"description\":\"Cultural Destination Specialist & Travel Chronicler. Maya doesn\u2019t just travel the world; she translates it.\",\"sameAs\":[\"https:\/\/tourtravelandmore.com\/author-profile-maya-nader-harati\/\"]}]}<\/script>\n<!-- \/ Yoast SEO Premium plugin. -->","yoast_head_json":{"title":"H\u00f4tel de Pavie : se r\u00e9veiller au c\u0153ur de Saint-\u00c9milion - Tour Travel & more","description":"\u2714 Si vous souhaitez acc\u00e9der au confort et \u00e0 l'\u00e9l\u00e9gance alli\u00e9s \u00e0 la sobri\u00e9t\u00e9 d'un h\u00f4tel, nous vous recommandons l'H\u00f4tel de Pavie \u00e0 Saint-\u00c9milion \u2714.","robots":{"index":"index","follow":"follow","max-snippet":"max-snippet:-1","max-image-preview":"max-image-preview:large","max-video-preview":"max-video-preview:-1"},"canonical":"https:\/\/tourtravelandmore.com\/fr\/hotel-de-pavie-se-reveiller-au-coeur-de-saint-emilion\/","og_locale":"fr_FR","og_type":"article","og_title":"H\u00f4tel de Pavie : se r\u00e9veiller au c\u0153ur de Saint-\u00c9milion","og_description":"\u2714 Si vous souhaitez acc\u00e9der au confort et \u00e0 l'\u00e9l\u00e9gance alli\u00e9s \u00e0 la sobri\u00e9t\u00e9 d'un h\u00f4tel, nous vous recommandons l'H\u00f4tel de Pavie \u00e0 Saint-\u00c9milion \u2714.","og_url":"https:\/\/tourtravelandmore.com\/fr\/hotel-de-pavie-se-reveiller-au-coeur-de-saint-emilion\/","og_site_name":"Tour Travel And More","article_publisher":"https:\/\/www.facebook.com\/tourtravelandmore\/","article_published_time":"2022-08-08T10:06:56+00:00","article_modified_time":"2025-05-16T14:00:55+00:00","og_image":[{"width":1024,"height":576,"url":"https:\/\/tourtravelandmore.com\/wp-content\/uploads\/2022\/08\/image-3-1024x576.png","type":"image\/png"}],"author":"Maya Nader Harati","twitter_card":"summary_large_image","twitter_creator":"@TourTravel_More","twitter_site":"@TourTravel_More","twitter_misc":{"\u00c9crit par":"Maya Nader Harati","Dur\u00e9e de lecture estim\u00e9e":"6 minutes"},"schema":{"@context":"https:\/\/schema.org","@graph":[{"@type":"Article","@id":"https:\/\/tourtravelandmore.com\/fr\/hotel-de-pavie-se-reveiller-au-coeur-de-saint-emilion\/#article","isPartOf":{"@id":"https:\/\/tourtravelandmore.com\/fr\/hotel-de-pavie-se-reveiller-au-coeur-de-saint-emilion\/"},"author":{"name":"Maya Nader Harati","@id":"https:\/\/tourtravelandmore.com\/fr\/#\/schema\/person\/2a1c66d76ae9290a394e8efb4af12e1e"},"headline":"H\u00f4tel de Pavie : se r\u00e9veiller au c\u0153ur de Saint-\u00c9milion","datePublished":"2022-08-08T10:06:56+00:00","dateModified":"2025-05-16T14:00:55+00:00","mainEntityOfPage":{"@id":"https:\/\/tourtravelandmore.com\/fr\/hotel-de-pavie-se-reveiller-au-coeur-de-saint-emilion\/"},"wordCount":1268,"commentCount":0,"publisher":{"@id":"https:\/\/tourtravelandmore.com\/fr\/#organization"},"image":{"@id":"https:\/\/tourtravelandmore.com\/fr\/hotel-de-pavie-se-reveiller-au-coeur-de-saint-emilion\/#primaryimage"},"thumbnailUrl":"https:\/\/tourtravelandmore.com\/wp-content\/uploads\/2022\/08\/image-3.png","articleSection":["Bordeaux","Europe","France"],"inLanguage":"fr-FR","potentialAction":[{"@type":"CommentAction","name":"Comment","target":["https:\/\/tourtravelandmore.com\/fr\/hotel-de-pavie-se-reveiller-au-coeur-de-saint-emilion\/#respond"]}],"accessibilityFeature":["tableOfContents"]},{"@type":"WebPage","@id":"https:\/\/tourtravelandmore.com\/fr\/hotel-de-pavie-se-reveiller-au-coeur-de-saint-emilion\/","url":"https:\/\/tourtravelandmore.com\/fr\/hotel-de-pavie-se-reveiller-au-coeur-de-saint-emilion\/","name":"H\u00f4tel de Pavie : se r\u00e9veiller au c\u0153ur de Saint-\u00c9milion - Tour Travel & more","isPartOf":{"@id":"https:\/\/tourtravelandmore.com\/fr\/#website"},"primaryImageOfPage":{"@id":"https:\/\/tourtravelandmore.com\/fr\/hotel-de-pavie-se-reveiller-au-coeur-de-saint-emilion\/#primaryimage"},"image":{"@id":"https:\/\/tourtravelandmore.com\/fr\/hotel-de-pavie-se-reveiller-au-coeur-de-saint-emilion\/#primaryimage"},"thumbnailUrl":"https:\/\/tourtravelandmore.com\/wp-content\/uploads\/2022\/08\/image-3.png","datePublished":"2022-08-08T10:06:56+00:00","dateModified":"2025-05-16T14:00:55+00:00","description":"\u2714 Si vous souhaitez acc\u00e9der au confort et \u00e0 l'\u00e9l\u00e9gance alli\u00e9s \u00e0 la sobri\u00e9t\u00e9 d'un h\u00f4tel, nous vous recommandons l'H\u00f4tel de Pavie \u00e0 Saint-\u00c9milion \u2714.","breadcrumb":{"@id":"https:\/\/tourtravelandmore.com\/fr\/hotel-de-pavie-se-reveiller-au-coeur-de-saint-emilion\/#breadcrumb"},"inLanguage":"fr-FR","potentialAction":[{"@type":"ReadAction","target":["https:\/\/tourtravelandmore.com\/fr\/hotel-de-pavie-se-reveiller-au-coeur-de-saint-emilion\/"]}]},{"@type":"ImageObject","inLanguage":"fr-FR","@id":"https:\/\/tourtravelandmore.com\/fr\/hotel-de-pavie-se-reveiller-au-coeur-de-saint-emilion\/#primaryimage","url":"https:\/\/tourtravelandmore.com\/wp-content\/uploads\/2022\/08\/image-3.png","contentUrl":"https:\/\/tourtravelandmore.com\/wp-content\/uploads\/2022\/08\/image-3.png","width":1600,"height":900},{"@type":"BreadcrumbList","@id":"https:\/\/tourtravelandmore.com\/fr\/hotel-de-pavie-se-reveiller-au-coeur-de-saint-emilion\/#breadcrumb","itemListElement":[{"@type":"ListItem","position":1,"name":"Home","item":"https:\/\/tourtravelandmore.com\/fr\/"},{"@type":"ListItem","position":2,"name":"H\u00f4tel de Pavie : se r\u00e9veiller au c\u0153ur de Saint-\u00c9milion"}]},{"@type":"WebSite","@id":"https:\/\/tourtravelandmore.com\/fr\/#website","url":"https:\/\/tourtravelandmore.com\/fr\/","name":"Tour Travel And More","description":"Private sightseeing tours and luxury transfers in Spain","publisher":{"@id":"https:\/\/tourtravelandmore.com\/fr\/#organization"},"potentialAction":[{"@type":"SearchAction","target":{"@type":"EntryPoint","urlTemplate":"https:\/\/tourtravelandmore.com\/fr\/?s={search_term_string}"},"query-input":{"@type":"PropertyValueSpecification","valueRequired":true,"valueName":"search_term_string"}}],"inLanguage":"fr-FR"},{"@type":"Organization","@id":"https:\/\/tourtravelandmore.com\/fr\/#organization","name":"Tour Travel And More","url":"https:\/\/tourtravelandmore.com\/fr\/","logo":{"@type":"ImageObject","inLanguage":"fr-FR","@id":"https:\/\/tourtravelandmore.com\/fr\/#\/schema\/logo\/image\/","url":"https:\/\/tourtravelandmore.com\/wp-content\/uploads\/2022\/12\/cropped-logo-cabecera-new.png","contentUrl":"https:\/\/tourtravelandmore.com\/wp-content\/uploads\/2022\/12\/cropped-logo-cabecera-new.png","width":430,"height":61,"caption":"Tour Travel And More"},"image":{"@id":"https:\/\/tourtravelandmore.com\/fr\/#\/schema\/logo\/image\/"},"sameAs":["https:\/\/www.facebook.com\/tourtravelandmore\/","https:\/\/x.com\/TourTravel_More"]},{"@type":"Person","@id":"https:\/\/tourtravelandmore.com\/fr\/#\/schema\/person\/2a1c66d76ae9290a394e8efb4af12e1e","name":"Maya Nader Harati","image":{"@type":"ImageObject","inLanguage":"fr-FR","@id":"https:\/\/tourtravelandmore.com\/fr\/#\/schema\/person\/image\/","url":"https:\/\/secure.gravatar.com\/avatar\/adc2305883b6f86a616354c0c4516fcd9a333d5f5a0806d9d1ae9b30f898fa1f?s=96&d=mm&r=g","contentUrl":"https:\/\/secure.gravatar.com\/avatar\/adc2305883b6f86a616354c0c4516fcd9a333d5f5a0806d9d1ae9b30f898fa1f?s=96&d=mm&r=g","caption":"Maya Nader Harati"},"description":"Cultural Destination Specialist & Travel Chronicler. Maya doesn\u2019t just travel the world; she translates it.","sameAs":["https:\/\/tourtravelandmore.com\/author-profile-maya-nader-harati\/"]}]}},"_links":{"self":[{"href":"https:\/\/tourtravelandmore.com\/fr\/wp-json\/wp\/v2\/posts\/134018","targetHints":{"allow":["GET"]}}],"collection":[{"href":"https:\/\/tourtravelandmore.com\/fr\/wp-json\/wp\/v2\/posts"}],"about":[{"href":"https:\/\/tourtravelandmore.com\/fr\/wp-json\/wp\/v2\/types\/post"}],"author":[{"embeddable":true,"href":"https:\/\/tourtravelandmore.com\/fr\/wp-json\/wp\/v2\/users\/2"}],"replies":[{"embeddable":true,"href":"https:\/\/tourtravelandmore.com\/fr\/wp-json\/wp\/v2\/comments?post=134018"}],"version-history":[{"count":1,"href":"https:\/\/tourtravelandmore.com\/fr\/wp-json\/wp\/v2\/posts\/134018\/revisions"}],"predecessor-version":[{"id":183811,"href":"https:\/\/tourtravelandmore.com\/fr\/wp-json\/wp\/v2\/posts\/134018\/revisions\/183811"}],"wp:featuredmedia":[{"embeddable":true,"href":"https:\/\/tourtravelandmore.com\/fr\/wp-json\/wp\/v2\/media\/134015"}],"wp:attachment":[{"href":"https:\/\/tourtravelandmore.com\/fr\/wp-json\/wp\/v2\/media?parent=134018"}],"wp:term":[{"taxonomy":"category","embeddable":true,"href":"https:\/\/tourtravelandmore.com\/fr\/wp-json\/wp\/v2\/categories?post=134018"},{"taxonomy":"post_tag","embeddable":true,"href":"https:\/\/tourtravelandmore.com\/fr\/wp-json\/wp\/v2\/tags?post=134018"}],"curies":[{"name":"wp","href":"https:\/\/api.w.org\/{rel}","templated":true}]}}