{"id":126405,"date":"2022-05-20T12:30:13","date_gmt":"2022-05-20T10:30:13","guid":{"rendered":"https:\/\/tourtravelandmore.com\/?p=126405"},"modified":"2025-05-16T16:05:42","modified_gmt":"2025-05-16T14:05:42","slug":"une-plage-espagnole-parmi-les-meilleures-du-monde","status":"publish","type":"post","link":"https:\/\/tourtravelandmore.com\/fr\/une-plage-espagnole-parmi-les-meilleures-du-monde\/","title":{"rendered":"<strong>Une plage espagnole parmi les meilleures du monde<\/strong>"},"content":{"rendered":"\n<div class=\"wp-block-yoast-seo-table-of-contents yoast-table-of-contents\"><h2>Table of contents<\/h2><ul><li><a href=\"#h-la-plage-de-la-concha-tait-galement-pr-f-r-e-par-la-royaut\" data-level=\"2\">La plage de La Concha \u00e9tait \u00e9galement pr\u00e9f\u00e9r\u00e9e par la royaut\u00e9 :<\/a><\/li><li><a href=\"#h-quelles-sont-les-autres-caract-ristiques-de-cette-belle-plage-de-la-concha\" data-level=\"2\">Quelles sont les autres caract\u00e9ristiques de cette belle plage de La Concha ?<\/a><\/li><li><a href=\"#h-quels-autres-l-ments-peut-on-trouver-sur-la-plage-de-la-concha\" data-level=\"2\">Quels autres \u00e9l\u00e9ments peut-on trouver sur la plage de La Concha ?<\/a><\/li><\/ul><\/div>\n\n\n\n<p>Au nord de l&#8217;Espagne se trouve la r\u00e9gion autonome du Pays basque, et cette <a href=\"https:\/\/tourtravelandmore.com\/fr\/city\/espagne-fr\/san-sebastian-fr\/\">zone abrite plusieurs villes, dont Saint-S\u00e9bastien<\/a>, situ\u00e9e sur la c\u00f4te du golfe de Gascogne et capitale du Guipuzcoa. Elle est \u00e9galement tr\u00e8s proche de la fronti\u00e8re avec la France, \u00e0 environ 20 km.&nbsp;<\/p>\n\n\n\n<p>Saint-S\u00e9bastien, une ville bien connue pour ses 4 plages. Parmi elles, nous avons la plage d&#8217;Ondarreta, qui semble \u00eatre la plus connue ; il y a aussi la plage de Zurriola, avec une ambiance plus jeune et plus adapt\u00e9e aux surfeurs ; puis la plage de l&#8217;\u00eele Santa Clara, un peu petite ; et enfin la plage de La Concha, aux eaux calmes. Chacune a son propre charme et ses caract\u00e9ristiques particuli\u00e8res.<\/p>\n\n\n\n<p>Ce dernier est le plus c\u00e9l\u00e8bre, se classant 16e sur les 25 premiers, selon les commentaires des Espagnols eux-m\u00eames. De plus, il est situ\u00e9 en plein centre de la ville et au milieu de la baie du m\u00eame nom, ce qui le rend facile d&#8217;acc\u00e8s. Sa forme ressemble \u00e0 une coquille, ce qui est facile \u00e0 voir d&#8217;une vue a\u00e9rienne.<\/p>\n\n\n\n<h2 class=\"wp-block-heading\" id=\"h-la-plage-de-la-concha-tait-galement-pr-f-r-e-par-la-royaut\"><strong>La plage de La Concha \u00e9tait \u00e9galement pr\u00e9f\u00e9r\u00e9e par la royaut\u00e9 :<\/strong><\/h2>\n\n\n\n<p>Entre la plage de La Concha et la plage d&#8217;Ondarreta se trouve le palais municipal de Miramar ou \u00e9galement appel\u00e9 palais royal, qui pr\u00e9sente un style anglais. La reine Maria Cristina d&#8217;Autriche, qui \u00e9tait la m\u00e8re d&#8217;Alphonse XIII, passait ses \u00e9t\u00e9s \u00e0 Saint-S\u00e9bastien, et c&#8217;est \u00e0 la suite de ce fait qu&#8217;est n\u00e9e l&#8217;id\u00e9e de construire une maison royale \u00e0 cet effet. Ce palais a \u00e9t\u00e9 construit en 1893, \u00e0 la demande de la reine.&nbsp;<\/p>\n\n\n\n<p>Au XIXe si\u00e8cle, la ville de Saint-S\u00e9bastien \u00e9tait la r\u00e9sidence d&#8217;\u00e9t\u00e9 des membres des familles royales de certains pays europ\u00e9ens. Par exemple, c&#8217;est sur cette plage de La Concha que la reine Isabelle II, suite \u00e0 des indications m\u00e9dicales, a re\u00e7u ses bains th\u00e9rapeutiques. Cela a servi de point de d\u00e9part pour promouvoir, au d\u00e9but du XXe si\u00e8cle, la relation des rois d&#8217;Espagne avec Saint-S\u00e9bastien, jusque dans les ann\u00e9es 1930.<\/p>\n\n\n\n<p>Ce palais existe toujours aujourd&#8217;hui et constitue une grande attraction touristique. Vous pouvez visiter ses jardins et profiter de la vue magnifique sur toute la baie. Il sert \u00e9galement de lieu pour les cours d&#8217;\u00e9t\u00e9 de l&#8217;universit\u00e9.&nbsp;<\/p>\n\n\n\n<h2 class=\"wp-block-heading\" id=\"h-quelles-sont-les-autres-caract-ristiques-de-cette-belle-plage-de-la-concha\"><strong>Quelles sont les autres caract\u00e9ristiques de cette belle plage de La Concha ?<\/strong><\/h2>\n\n\n\n<p>Cette plage et baie c\u00f4ti\u00e8re borde la mer Cantabrique, avec une extension d&#8217;environ 1350 m et une largeur d&#8217;environ 40 m ; bien que ces mesures puissent varier un peu en fonction des diff\u00e9rentes mar\u00e9es de la mer Cantabrique. Ses eaux sont calmes et cristallines, avec un sable fin et dor\u00e9 ; il est recommand\u00e9 aux jeunes enfants et aux personnes \u00e2g\u00e9es.<\/p>\n\n\n\n<p>Au bout de la plage se trouve le Pico de Loro, qui est un groupe de rochers que l&#8217;on peut voir en fonction de la mar\u00e9e, qu&#8217;elle soit haute ou non, et qui s\u00e9pare cette plage de La Concha et Ondarreta ; id\u00e9al pour faire du bodyboard \u00e0 mar\u00e9e haute.<\/p>\n\n\n\n<p>C&#8217;est la plage la plus visit\u00e9e, non seulement en raison de sa beaut\u00e9 et de son acc\u00e8s, mais aussi parce qu&#8217;elle est parfaite pour se baigner, pagayer ou prendre un bain de soleil, gr\u00e2ce \u00e0 sa protection contre les vents violents et les vagues, car elle est entour\u00e9e du mont Urgull d&#8217;un c\u00f4t\u00e9. Le port et la mairie s&#8217;y trouvent, et sur le c\u00f4t\u00e9 oppos\u00e9 se trouve le mont Igueldo, qui marque la limite de l&#8217;autre plage de Saint-S\u00e9bastien, appel\u00e9e plage Ondarreta.&nbsp;<\/p>\n\n\n\n<p>Un aspect diff\u00e9rent de cette plage est que, au centre de la baie, il y a une \u00eele appel\u00e9e Santa Clara, qui peut \u00eatre atteinte par diff\u00e9rentes routes depuis la plage. Il a une superficie d&#8217;environ 5,6 hectares et une hauteur d&#8217;environ 48 m\u00e8tres. Il est habit\u00e9 par une sous-esp\u00e8ce de l\u00e9zard appel\u00e9e Podarcis Hispanicus Sebastiani.&nbsp;<\/p>\n\n\n\n<p>Il dispose \u00e9galement d&#8217;une plage, bien que petite, que l&#8217;on ne peut voir qu&#8217;\u00e0 mar\u00e9e basse, avec des douches et des sauveteurs. Elle dispose \u00e9galement d&#8217;une jet\u00e9e, d&#8217;un phare en haut de la plage et d&#8217;un campement avec de nombreuses tables. En \u00e9t\u00e9, elle est tr\u00e8s fr\u00e9quent\u00e9e car des bateaux partent toutes les demi-heures du port de San Sebasti\u00e1n. Dans l&#8217;Antiquit\u00e9, cette \u00eele \u00e9tait une p\u00e9ninsule qui \u00e9tait reli\u00e9e \u00e0 ce qui est aujourd&#8217;hui la promenade de la plage.<\/p>\n\n\n\n<p>En 1968, l&#8217;\u00c9tat espagnol a accord\u00e9 \u00e0 la municipalit\u00e9 de Saint-S\u00e9bastien la propri\u00e9t\u00e9 de cette \u00eele en tant que bien public. Il faut savoir qu&#8217;au XVIe si\u00e8cle, Guip\u00fazcoa a \u00e9t\u00e9 ravag\u00e9e par la fameuse peste ; \u00e0 cette \u00e9poque, les infect\u00e9s ont \u00e9t\u00e9 transf\u00e9r\u00e9s sur cette \u00eele de Santa Clara.&nbsp;<\/p>\n\n\n\n<figure class=\"wp-block-image\"><img decoding=\"async\" src=\"https:\/\/lh3.googleusercontent.com\/iU6jLYC0uAx4SsLBvTT-CW-uCadE93gL3Bd-Yvi-8nXRGUu3yK-gYcsVNPpH9R8PwIQsDEmL58KQGqy4IcGEeqcw-Oe6WL-xi8Oay2FKHJYsHL3komlCiRob27vGPoKOSdXJcEMb0yXg0jmspg\" alt=\"\"\/><\/figure>\n\n\n\n<h2 class=\"wp-block-heading\" id=\"h-quels-autres-l-ments-peut-on-trouver-sur-la-plage-de-la-concha\"><strong>Quels autres \u00e9l\u00e9ments peut-on trouver sur la plage de La Concha ?<\/strong><\/h2>\n\n\n\n<p>En basse saison, la plage est utilis\u00e9e pour jouer au football et il existe \u00e9galement des services de location de kayaks, tr\u00e8s utiles pour conna\u00eetre la baie et l&#8217;\u00eele de Santa Clara. L&#8217;eau est tr\u00e8s propre \u00e0 tout moment, car les f\u00eates nocturnes ne sont pas autoris\u00e9es sur la plage, des bars et des clubs \u00e9tant pr\u00e9vus \u00e0 cet effet le long de la promenade. Vous n&#8217;avez que des groupes de jeunes dans la nuit de San Juan, mais c&#8217;est toujours calme.<\/p>\n\n\n\n<p>En \u00e9t\u00e9, il y a des plateformes dans la mer avec des toboggans aquatiques pour plus d&#8217;amusement. De m\u00eame, la plage offre le service de parasols et de chaises longues de couleur blanche et bleue, pour vous prot\u00e9ger du soleil. Vous pouvez \u00e9galement pratiquer certains sports tels que la planche \u00e0 voile, le bodyboard, le cano\u00eb et le volley-ball.&nbsp;<\/p>\n\n\n\n<p>La plage offre g\u00e9n\u00e9ralement un service de s\u00e9curit\u00e9, des douches, le wifi, des fauteuils roulants, des casiers, des vestiaires, des toilettes, la location de p\u00e9dalos et de cano\u00ebs, des bars de plage, des cours de surf, la plong\u00e9e, le rangement des v\u00e9los, des chaises longues, la p\u00eache, un parking, entre autres. De plus, du d\u00e9but du mois de juin jusqu&#8217;\u00e0 plus ou moins le mois de septembre, les services de la Croix-Rouge sont offerts.<\/p>\n\n\n\n<p>&nbsp;Enfin, nous avons le Paseo Mar\u00edtimo, avec sa fameuse balustrade blanche et ses belles lanternes, si originales et aux figures diff\u00e9rentes. Celles-ci s\u00e9parent la promenade de la plage de La Concha, qui est devenue le symbole de la ville de Saint-S\u00e9bastien.&nbsp;<\/p>\n\n\n\n<figure class=\"wp-block-image\"><img decoding=\"async\" src=\"https:\/\/lh4.googleusercontent.com\/R7J-E-7Df8AMNYvvjj5JTiXR4_Z5-yRq_opfrPVVTXEbUIeCPIexnBriRePFvCnJLobZcpJ7VroudWthciKghtGMj4C69UIsWeo61s2jwYryWnUz2zzlaUu0Grr0Q4LlTuuOaStNRfEiLiSDqA\" alt=\"\"\/><\/figure>\n","protected":false},"excerpt":{"rendered":"<p>Dans la Communaut\u00e9 autonome du Pays basque se trouve la ville de San Sebastian, qui poss\u00e8de 4 belles plages. Parmi elles se trouve la plage de La Concha, aux eaux calmes et cristallines, avec beaucoup de nature \u00e0 offrir.<\/p>\n","protected":false},"author":2,"featured_media":126402,"comment_status":"open","ping_status":"open","sticky":false,"template":"","format":"standard","meta":{"_acf_changed":false,"footnotes":""},"categories":[3962,3914,2395],"tags":[],"class_list":["post-126405","post","type-post","status-publish","format-standard","has-post-thumbnail","hentry","category-espagne","category-europe-fr","category-non-classifiee"],"acf":[],"yoast_head":"<!-- This site is optimized with the Yoast SEO Premium plugin v25.3.1 (Yoast SEO v25.3.1) - https:\/\/yoast.com\/wordpress\/plugins\/seo\/ -->\n<title>Une plage espagnole parmi les meilleures du monde - Tour Travel &amp; More<\/title>\n<meta name=\"description\" content=\"\u25c1 La plage Playa La Concha vous offre des aspects naturels tr\u00e8s diff\u00e9rents, notamment une \u00eele dans toute sa partie centrale. Vous ne pouvez pas le manquer. \u25c1\" \/>\n<meta name=\"robots\" content=\"index, follow, max-snippet:-1, max-image-preview:large, max-video-preview:-1\" \/>\n<link rel=\"canonical\" href=\"https:\/\/tourtravelandmore.com\/fr\/une-plage-espagnole-parmi-les-meilleures-du-monde\/\" \/>\n<meta property=\"og:locale\" content=\"fr_FR\" \/>\n<meta property=\"og:type\" content=\"article\" \/>\n<meta property=\"og:title\" content=\"Une plage espagnole parmi les meilleures du monde\" \/>\n<meta property=\"og:description\" content=\"\u25c1 La plage Playa La Concha vous offre des aspects naturels tr\u00e8s diff\u00e9rents, notamment une \u00eele dans toute sa partie centrale. Vous ne pouvez pas le manquer. \u25c1\" \/>\n<meta property=\"og:url\" content=\"https:\/\/tourtravelandmore.com\/fr\/une-plage-espagnole-parmi-les-meilleures-du-monde\/\" \/>\n<meta property=\"og:site_name\" content=\"Tour Travel And More\" \/>\n<meta property=\"article:publisher\" content=\"https:\/\/www.facebook.com\/tourtravelandmore\/\" \/>\n<meta property=\"article:published_time\" content=\"2022-05-20T10:30:13+00:00\" \/>\n<meta property=\"article:modified_time\" content=\"2025-05-16T14:05:42+00:00\" \/>\n<meta property=\"og:image\" content=\"https:\/\/tourtravelandmore.com\/wp-content\/uploads\/2022\/05\/image-11-1024x768.png\" \/>\n\t<meta property=\"og:image:width\" content=\"1024\" \/>\n\t<meta property=\"og:image:height\" content=\"768\" \/>\n\t<meta property=\"og:image:type\" content=\"image\/png\" \/>\n<meta name=\"author\" content=\"Maya Nader Harati\" \/>\n<meta name=\"twitter:card\" content=\"summary_large_image\" \/>\n<meta name=\"twitter:creator\" content=\"@TourTravel_More\" \/>\n<meta name=\"twitter:site\" content=\"@TourTravel_More\" \/>\n<meta name=\"twitter:label1\" content=\"\u00c9crit par\" \/>\n\t<meta name=\"twitter:data1\" content=\"Maya Nader Harati\" \/>\n\t<meta name=\"twitter:label2\" content=\"Dur\u00e9e de lecture estim\u00e9e\" \/>\n\t<meta name=\"twitter:data2\" content=\"6 minutes\" \/>\n<script type=\"application\/ld+json\" class=\"yoast-schema-graph\">{\"@context\":\"https:\/\/schema.org\",\"@graph\":[{\"@type\":\"Article\",\"@id\":\"https:\/\/tourtravelandmore.com\/fr\/une-plage-espagnole-parmi-les-meilleures-du-monde\/#article\",\"isPartOf\":{\"@id\":\"https:\/\/tourtravelandmore.com\/fr\/une-plage-espagnole-parmi-les-meilleures-du-monde\/\"},\"author\":{\"name\":\"Maya Nader Harati\",\"@id\":\"https:\/\/tourtravelandmore.com\/fr\/#\/schema\/person\/2a1c66d76ae9290a394e8efb4af12e1e\"},\"headline\":\"Une plage espagnole parmi les meilleures du monde\",\"datePublished\":\"2022-05-20T10:30:13+00:00\",\"dateModified\":\"2025-05-16T14:05:42+00:00\",\"mainEntityOfPage\":{\"@id\":\"https:\/\/tourtravelandmore.com\/fr\/une-plage-espagnole-parmi-les-meilleures-du-monde\/\"},\"wordCount\":1199,\"commentCount\":0,\"publisher\":{\"@id\":\"https:\/\/tourtravelandmore.com\/fr\/#organization\"},\"image\":{\"@id\":\"https:\/\/tourtravelandmore.com\/fr\/une-plage-espagnole-parmi-les-meilleures-du-monde\/#primaryimage\"},\"thumbnailUrl\":\"https:\/\/tourtravelandmore.com\/wp-content\/uploads\/2022\/05\/image-11.png\",\"articleSection\":[\"Espagne\",\"Europe\",\"Non classifi\u00e9(e)\"],\"inLanguage\":\"fr-FR\",\"potentialAction\":[{\"@type\":\"CommentAction\",\"name\":\"Comment\",\"target\":[\"https:\/\/tourtravelandmore.com\/fr\/une-plage-espagnole-parmi-les-meilleures-du-monde\/#respond\"]}],\"accessibilityFeature\":[\"tableOfContents\"]},{\"@type\":\"WebPage\",\"@id\":\"https:\/\/tourtravelandmore.com\/fr\/une-plage-espagnole-parmi-les-meilleures-du-monde\/\",\"url\":\"https:\/\/tourtravelandmore.com\/fr\/une-plage-espagnole-parmi-les-meilleures-du-monde\/\",\"name\":\"Une plage espagnole parmi les meilleures du monde - Tour Travel & More\",\"isPartOf\":{\"@id\":\"https:\/\/tourtravelandmore.com\/fr\/#website\"},\"primaryImageOfPage\":{\"@id\":\"https:\/\/tourtravelandmore.com\/fr\/une-plage-espagnole-parmi-les-meilleures-du-monde\/#primaryimage\"},\"image\":{\"@id\":\"https:\/\/tourtravelandmore.com\/fr\/une-plage-espagnole-parmi-les-meilleures-du-monde\/#primaryimage\"},\"thumbnailUrl\":\"https:\/\/tourtravelandmore.com\/wp-content\/uploads\/2022\/05\/image-11.png\",\"datePublished\":\"2022-05-20T10:30:13+00:00\",\"dateModified\":\"2025-05-16T14:05:42+00:00\",\"description\":\"\u25c1 La plage Playa La Concha vous offre des aspects naturels tr\u00e8s diff\u00e9rents, notamment une \u00eele dans toute sa partie centrale. Vous ne pouvez pas le manquer. \u25c1\",\"breadcrumb\":{\"@id\":\"https:\/\/tourtravelandmore.com\/fr\/une-plage-espagnole-parmi-les-meilleures-du-monde\/#breadcrumb\"},\"inLanguage\":\"fr-FR\",\"potentialAction\":[{\"@type\":\"ReadAction\",\"target\":[\"https:\/\/tourtravelandmore.com\/fr\/une-plage-espagnole-parmi-les-meilleures-du-monde\/\"]}]},{\"@type\":\"ImageObject\",\"inLanguage\":\"fr-FR\",\"@id\":\"https:\/\/tourtravelandmore.com\/fr\/une-plage-espagnole-parmi-les-meilleures-du-monde\/#primaryimage\",\"url\":\"https:\/\/tourtravelandmore.com\/wp-content\/uploads\/2022\/05\/image-11.png\",\"contentUrl\":\"https:\/\/tourtravelandmore.com\/wp-content\/uploads\/2022\/05\/image-11.png\",\"width\":1600,\"height\":1200},{\"@type\":\"BreadcrumbList\",\"@id\":\"https:\/\/tourtravelandmore.com\/fr\/une-plage-espagnole-parmi-les-meilleures-du-monde\/#breadcrumb\",\"itemListElement\":[{\"@type\":\"ListItem\",\"position\":1,\"name\":\"Home\",\"item\":\"https:\/\/tourtravelandmore.com\/fr\/\"},{\"@type\":\"ListItem\",\"position\":2,\"name\":\"Une plage espagnole parmi les meilleures du monde\"}]},{\"@type\":\"WebSite\",\"@id\":\"https:\/\/tourtravelandmore.com\/fr\/#website\",\"url\":\"https:\/\/tourtravelandmore.com\/fr\/\",\"name\":\"Tour Travel And More\",\"description\":\"Private sightseeing tours and luxury transfers in Spain\",\"publisher\":{\"@id\":\"https:\/\/tourtravelandmore.com\/fr\/#organization\"},\"potentialAction\":[{\"@type\":\"SearchAction\",\"target\":{\"@type\":\"EntryPoint\",\"urlTemplate\":\"https:\/\/tourtravelandmore.com\/fr\/?s={search_term_string}\"},\"query-input\":{\"@type\":\"PropertyValueSpecification\",\"valueRequired\":true,\"valueName\":\"search_term_string\"}}],\"inLanguage\":\"fr-FR\"},{\"@type\":\"Organization\",\"@id\":\"https:\/\/tourtravelandmore.com\/fr\/#organization\",\"name\":\"Tour Travel And More\",\"url\":\"https:\/\/tourtravelandmore.com\/fr\/\",\"logo\":{\"@type\":\"ImageObject\",\"inLanguage\":\"fr-FR\",\"@id\":\"https:\/\/tourtravelandmore.com\/fr\/#\/schema\/logo\/image\/\",\"url\":\"https:\/\/tourtravelandmore.com\/wp-content\/uploads\/2022\/12\/cropped-logo-cabecera-new.png\",\"contentUrl\":\"https:\/\/tourtravelandmore.com\/wp-content\/uploads\/2022\/12\/cropped-logo-cabecera-new.png\",\"width\":430,\"height\":61,\"caption\":\"Tour Travel And More\"},\"image\":{\"@id\":\"https:\/\/tourtravelandmore.com\/fr\/#\/schema\/logo\/image\/\"},\"sameAs\":[\"https:\/\/www.facebook.com\/tourtravelandmore\/\",\"https:\/\/x.com\/TourTravel_More\"]},{\"@type\":\"Person\",\"@id\":\"https:\/\/tourtravelandmore.com\/fr\/#\/schema\/person\/2a1c66d76ae9290a394e8efb4af12e1e\",\"name\":\"Maya Nader Harati\",\"image\":{\"@type\":\"ImageObject\",\"inLanguage\":\"fr-FR\",\"@id\":\"https:\/\/tourtravelandmore.com\/fr\/#\/schema\/person\/image\/\",\"url\":\"https:\/\/secure.gravatar.com\/avatar\/adc2305883b6f86a616354c0c4516fcd9a333d5f5a0806d9d1ae9b30f898fa1f?s=96&d=mm&r=g\",\"contentUrl\":\"https:\/\/secure.gravatar.com\/avatar\/adc2305883b6f86a616354c0c4516fcd9a333d5f5a0806d9d1ae9b30f898fa1f?s=96&d=mm&r=g\",\"caption\":\"Maya Nader Harati\"},\"description\":\"Cultural Destination Specialist & Travel Chronicler. Maya doesn\u2019t just travel the world; she translates it.\",\"sameAs\":[\"https:\/\/tourtravelandmore.com\/author-profile-maya-nader-harati\/\"]}]}<\/script>\n<!-- \/ Yoast SEO Premium plugin. -->","yoast_head_json":{"title":"Une plage espagnole parmi les meilleures du monde - Tour Travel & More","description":"\u25c1 La plage Playa La Concha vous offre des aspects naturels tr\u00e8s diff\u00e9rents, notamment une \u00eele dans toute sa partie centrale. Vous ne pouvez pas le manquer. \u25c1","robots":{"index":"index","follow":"follow","max-snippet":"max-snippet:-1","max-image-preview":"max-image-preview:large","max-video-preview":"max-video-preview:-1"},"canonical":"https:\/\/tourtravelandmore.com\/fr\/une-plage-espagnole-parmi-les-meilleures-du-monde\/","og_locale":"fr_FR","og_type":"article","og_title":"Une plage espagnole parmi les meilleures du monde","og_description":"\u25c1 La plage Playa La Concha vous offre des aspects naturels tr\u00e8s diff\u00e9rents, notamment une \u00eele dans toute sa partie centrale. Vous ne pouvez pas le manquer. \u25c1","og_url":"https:\/\/tourtravelandmore.com\/fr\/une-plage-espagnole-parmi-les-meilleures-du-monde\/","og_site_name":"Tour Travel And More","article_publisher":"https:\/\/www.facebook.com\/tourtravelandmore\/","article_published_time":"2022-05-20T10:30:13+00:00","article_modified_time":"2025-05-16T14:05:42+00:00","og_image":[{"width":1024,"height":768,"url":"https:\/\/tourtravelandmore.com\/wp-content\/uploads\/2022\/05\/image-11-1024x768.png","type":"image\/png"}],"author":"Maya Nader Harati","twitter_card":"summary_large_image","twitter_creator":"@TourTravel_More","twitter_site":"@TourTravel_More","twitter_misc":{"\u00c9crit par":"Maya Nader Harati","Dur\u00e9e de lecture estim\u00e9e":"6 minutes"},"schema":{"@context":"https:\/\/schema.org","@graph":[{"@type":"Article","@id":"https:\/\/tourtravelandmore.com\/fr\/une-plage-espagnole-parmi-les-meilleures-du-monde\/#article","isPartOf":{"@id":"https:\/\/tourtravelandmore.com\/fr\/une-plage-espagnole-parmi-les-meilleures-du-monde\/"},"author":{"name":"Maya Nader Harati","@id":"https:\/\/tourtravelandmore.com\/fr\/#\/schema\/person\/2a1c66d76ae9290a394e8efb4af12e1e"},"headline":"Une plage espagnole parmi les meilleures du monde","datePublished":"2022-05-20T10:30:13+00:00","dateModified":"2025-05-16T14:05:42+00:00","mainEntityOfPage":{"@id":"https:\/\/tourtravelandmore.com\/fr\/une-plage-espagnole-parmi-les-meilleures-du-monde\/"},"wordCount":1199,"commentCount":0,"publisher":{"@id":"https:\/\/tourtravelandmore.com\/fr\/#organization"},"image":{"@id":"https:\/\/tourtravelandmore.com\/fr\/une-plage-espagnole-parmi-les-meilleures-du-monde\/#primaryimage"},"thumbnailUrl":"https:\/\/tourtravelandmore.com\/wp-content\/uploads\/2022\/05\/image-11.png","articleSection":["Espagne","Europe","Non classifi\u00e9(e)"],"inLanguage":"fr-FR","potentialAction":[{"@type":"CommentAction","name":"Comment","target":["https:\/\/tourtravelandmore.com\/fr\/une-plage-espagnole-parmi-les-meilleures-du-monde\/#respond"]}],"accessibilityFeature":["tableOfContents"]},{"@type":"WebPage","@id":"https:\/\/tourtravelandmore.com\/fr\/une-plage-espagnole-parmi-les-meilleures-du-monde\/","url":"https:\/\/tourtravelandmore.com\/fr\/une-plage-espagnole-parmi-les-meilleures-du-monde\/","name":"Une plage espagnole parmi les meilleures du monde - Tour Travel & More","isPartOf":{"@id":"https:\/\/tourtravelandmore.com\/fr\/#website"},"primaryImageOfPage":{"@id":"https:\/\/tourtravelandmore.com\/fr\/une-plage-espagnole-parmi-les-meilleures-du-monde\/#primaryimage"},"image":{"@id":"https:\/\/tourtravelandmore.com\/fr\/une-plage-espagnole-parmi-les-meilleures-du-monde\/#primaryimage"},"thumbnailUrl":"https:\/\/tourtravelandmore.com\/wp-content\/uploads\/2022\/05\/image-11.png","datePublished":"2022-05-20T10:30:13+00:00","dateModified":"2025-05-16T14:05:42+00:00","description":"\u25c1 La plage Playa La Concha vous offre des aspects naturels tr\u00e8s diff\u00e9rents, notamment une \u00eele dans toute sa partie centrale. Vous ne pouvez pas le manquer. \u25c1","breadcrumb":{"@id":"https:\/\/tourtravelandmore.com\/fr\/une-plage-espagnole-parmi-les-meilleures-du-monde\/#breadcrumb"},"inLanguage":"fr-FR","potentialAction":[{"@type":"ReadAction","target":["https:\/\/tourtravelandmore.com\/fr\/une-plage-espagnole-parmi-les-meilleures-du-monde\/"]}]},{"@type":"ImageObject","inLanguage":"fr-FR","@id":"https:\/\/tourtravelandmore.com\/fr\/une-plage-espagnole-parmi-les-meilleures-du-monde\/#primaryimage","url":"https:\/\/tourtravelandmore.com\/wp-content\/uploads\/2022\/05\/image-11.png","contentUrl":"https:\/\/tourtravelandmore.com\/wp-content\/uploads\/2022\/05\/image-11.png","width":1600,"height":1200},{"@type":"BreadcrumbList","@id":"https:\/\/tourtravelandmore.com\/fr\/une-plage-espagnole-parmi-les-meilleures-du-monde\/#breadcrumb","itemListElement":[{"@type":"ListItem","position":1,"name":"Home","item":"https:\/\/tourtravelandmore.com\/fr\/"},{"@type":"ListItem","position":2,"name":"Une plage espagnole parmi les meilleures du monde"}]},{"@type":"WebSite","@id":"https:\/\/tourtravelandmore.com\/fr\/#website","url":"https:\/\/tourtravelandmore.com\/fr\/","name":"Tour Travel And More","description":"Private sightseeing tours and luxury transfers in Spain","publisher":{"@id":"https:\/\/tourtravelandmore.com\/fr\/#organization"},"potentialAction":[{"@type":"SearchAction","target":{"@type":"EntryPoint","urlTemplate":"https:\/\/tourtravelandmore.com\/fr\/?s={search_term_string}"},"query-input":{"@type":"PropertyValueSpecification","valueRequired":true,"valueName":"search_term_string"}}],"inLanguage":"fr-FR"},{"@type":"Organization","@id":"https:\/\/tourtravelandmore.com\/fr\/#organization","name":"Tour Travel And More","url":"https:\/\/tourtravelandmore.com\/fr\/","logo":{"@type":"ImageObject","inLanguage":"fr-FR","@id":"https:\/\/tourtravelandmore.com\/fr\/#\/schema\/logo\/image\/","url":"https:\/\/tourtravelandmore.com\/wp-content\/uploads\/2022\/12\/cropped-logo-cabecera-new.png","contentUrl":"https:\/\/tourtravelandmore.com\/wp-content\/uploads\/2022\/12\/cropped-logo-cabecera-new.png","width":430,"height":61,"caption":"Tour Travel And More"},"image":{"@id":"https:\/\/tourtravelandmore.com\/fr\/#\/schema\/logo\/image\/"},"sameAs":["https:\/\/www.facebook.com\/tourtravelandmore\/","https:\/\/x.com\/TourTravel_More"]},{"@type":"Person","@id":"https:\/\/tourtravelandmore.com\/fr\/#\/schema\/person\/2a1c66d76ae9290a394e8efb4af12e1e","name":"Maya Nader Harati","image":{"@type":"ImageObject","inLanguage":"fr-FR","@id":"https:\/\/tourtravelandmore.com\/fr\/#\/schema\/person\/image\/","url":"https:\/\/secure.gravatar.com\/avatar\/adc2305883b6f86a616354c0c4516fcd9a333d5f5a0806d9d1ae9b30f898fa1f?s=96&d=mm&r=g","contentUrl":"https:\/\/secure.gravatar.com\/avatar\/adc2305883b6f86a616354c0c4516fcd9a333d5f5a0806d9d1ae9b30f898fa1f?s=96&d=mm&r=g","caption":"Maya Nader Harati"},"description":"Cultural Destination Specialist & Travel Chronicler. Maya doesn\u2019t just travel the world; she translates it.","sameAs":["https:\/\/tourtravelandmore.com\/author-profile-maya-nader-harati\/"]}]}},"_links":{"self":[{"href":"https:\/\/tourtravelandmore.com\/fr\/wp-json\/wp\/v2\/posts\/126405","targetHints":{"allow":["GET"]}}],"collection":[{"href":"https:\/\/tourtravelandmore.com\/fr\/wp-json\/wp\/v2\/posts"}],"about":[{"href":"https:\/\/tourtravelandmore.com\/fr\/wp-json\/wp\/v2\/types\/post"}],"author":[{"embeddable":true,"href":"https:\/\/tourtravelandmore.com\/fr\/wp-json\/wp\/v2\/users\/2"}],"replies":[{"embeddable":true,"href":"https:\/\/tourtravelandmore.com\/fr\/wp-json\/wp\/v2\/comments?post=126405"}],"version-history":[{"count":1,"href":"https:\/\/tourtravelandmore.com\/fr\/wp-json\/wp\/v2\/posts\/126405\/revisions"}],"predecessor-version":[{"id":183854,"href":"https:\/\/tourtravelandmore.com\/fr\/wp-json\/wp\/v2\/posts\/126405\/revisions\/183854"}],"wp:featuredmedia":[{"embeddable":true,"href":"https:\/\/tourtravelandmore.com\/fr\/wp-json\/wp\/v2\/media\/126402"}],"wp:attachment":[{"href":"https:\/\/tourtravelandmore.com\/fr\/wp-json\/wp\/v2\/media?parent=126405"}],"wp:term":[{"taxonomy":"category","embeddable":true,"href":"https:\/\/tourtravelandmore.com\/fr\/wp-json\/wp\/v2\/categories?post=126405"},{"taxonomy":"post_tag","embeddable":true,"href":"https:\/\/tourtravelandmore.com\/fr\/wp-json\/wp\/v2\/tags?post=126405"}],"curies":[{"name":"wp","href":"https:\/\/api.w.org\/{rel}","templated":true}]}}