{"id":122538,"date":"2022-04-08T12:33:47","date_gmt":"2022-04-08T10:33:47","guid":{"rendered":"https:\/\/tourtravelandmore.com\/?p=122538"},"modified":"2025-05-16T16:15:42","modified_gmt":"2025-05-16T14:15:42","slug":"les-10-plus-beaux-villages-medievaux-de-gerone","status":"publish","type":"post","link":"https:\/\/tourtravelandmore.com\/fr\/les-10-plus-beaux-villages-medievaux-de-gerone\/","title":{"rendered":"<strong>Les 10 plus beaux villages m\u00e9di\u00e9vaux de G\u00e9rone<\/strong>"},"content":{"rendered":"\n<div class=\"wp-block-yoast-seo-table-of-contents yoast-table-of-contents\"><h2>Table of contents<\/h2><ul><li><a href=\"#h-comment-est-divis-e-la-province-de-g-rone\" data-level=\"2\">Comment est divis\u00e9e la province de G\u00e9rone ?<\/a><\/li><li><a href=\"#h-quelques-villages-m-di-vaux-dans-le-comt-de-la-garrocha-g-rone\" data-level=\"2\">Quelques villages m\u00e9di\u00e9vaux dans le comt\u00e9 de La Garrocha \u00e0 G\u00e9rone :<\/a><\/li><li><a href=\"#h-quelques-villages-m-di-vaux-dans-la-r-gion-du-baix-empord-et-de-l-alt-empord-g-rone\" data-level=\"2\">Quelques villages m\u00e9di\u00e9vaux dans la r\u00e9gion du Baix Empord\u00e0 et de l&#8217;Alt Empord\u00e0 \u00e0 G\u00e9rone<\/a><\/li><li><a href=\"#h-quelques-villages-m-di-vaux-dans-les-r-gions-du-ripoll-s-et-du-giron-s\" data-level=\"2\">Quelques villages m\u00e9di\u00e9vaux dans les r\u00e9gions du Ripoll\u00e8s et du Giron\u00e8s&nbsp;<\/a><\/li><\/ul><\/div>\n\n\n\n<p>En langue catalane, G\u00e9rone est appel\u00e9e Girona, qui est \u00e0 la fois la ville et la municipalit\u00e9 de sa capitale appel\u00e9e la province de G\u00e9rone, situ\u00e9e dans la r\u00e9gion de Gir\u00f3n\u00e9s, une des communaut\u00e9s d&#8217;Espagne, en Catalogne. Elle est situ\u00e9e au nord-est de la m\u00eame et a une population d&#8217;environ 781 788 habitants, selon les statistiques de 2020 de l&#8217;INE ; elle est donc situ\u00e9e dans la 3\u00e8me plus grande population, apr\u00e8s Barcelone et Tarragone.<\/p>\n\n\n\n<p>En outre, la province de G\u00e9rone poss\u00e8de la plus grande zone foresti\u00e8re du pays. On estime qu&#8217;il y a 48 000 arbres par kilom\u00e8tre carr\u00e9, ce qui en fait la troisi\u00e8me province avec le plus grand nombre d&#8217;hectares de for\u00eat. Dans cette province de G\u00e9rone, comme dans les Pyr\u00e9n\u00e9es catalanes, il existe de nombreuses municipalit\u00e9s et r\u00e9gions qui ont laiss\u00e9 leur pass\u00e9 <a href=\"https:\/\/tourtravelandmore.com\/fr\/tours\/espagne-fr\/barcelone-fr\/route-privee-du-village-medieval-depuis-barcelone-besalu-espagne\/\">m\u00e9di\u00e9val dans les b\u00e2timents embl\u00e9matiques.<\/a><\/p>\n\n\n\n<h2 class=\"wp-block-heading\" id=\"h-comment-est-divis-e-la-province-de-g-rone\"><strong>Comment est divis\u00e9e la province de G\u00e9rone ?<\/strong><\/h2>\n\n\n\n<p>La province de G\u00e9rone est compos\u00e9e de 221 municipalit\u00e9s et de 9 districts administratifs, qui sont.. : Alt Empord\u00e0, Baix Empord\u00e0, Baixa Cerdanya, La Garroxa, Giron\u00e9s, Osana, Ripoll\u00e9s, Pla de l&#8217;Estany et enfin La Selva. Par comarca, on entend une zone qui se distingue des autres en raison de ses caract\u00e9ristiques culturelles, sociales, g\u00e9ographiques ou historiques.<\/p>\n\n\n\n<p>Toutefois, il convient de mentionner que trois de ces comarques partagent leur territoire avec une autre province, comme c&#8217;est le cas de la comarque d&#8217;Osana et de La Selva avec la province de Barcelone ; et celle de Baixa Cerdanya avec celle de Lleida.&nbsp;<\/p>\n\n\n\n<h2 class=\"wp-block-heading\" id=\"h-quelques-villages-m-di-vaux-dans-le-comt-de-la-garrocha-g-rone\"><strong>Quelques villages m\u00e9di\u00e9vaux dans le comt\u00e9 de La Garrocha \u00e0 G\u00e9rone :<\/strong><\/h2>\n\n\n\n<p><strong>Le village de Besal\u00fa :<\/strong> lorsque vous atteignez le pont roman sur la c\u00e9l\u00e8bre rivi\u00e8re Fluvi\u00e1 et que vous le traversez, c&#8217;est comme si vous achetiez un billet de retour au Moyen \u00c2ge. Une fois que vous l&#8217;avez travers\u00e9, vous atteignez le centre de ce village m\u00e9di\u00e9val, o\u00f9 chr\u00e9tiens, musulmans et juifs ont cohabit\u00e9 pendant de nombreux si\u00e8cles. Il a \u00e9t\u00e9 occup\u00e9 au 8e si\u00e8cle, bien qu&#8217;il ait \u00e9t\u00e9 nomm\u00e9 ville au 10e si\u00e8cle.<\/p>\n\n\n\n<p>Vous pourrez y visiter l&#8217;ancien quartier juif, o\u00f9 vous trouverez l&#8217;un des bains ou miqves, qui sont encore pr\u00e9serv\u00e9s. L&#8217;\u00e9glise de San Vicente et le monast\u00e8re b\u00e9n\u00e9dictin de San Pedro ne doivent pas \u00eatre n\u00e9glig\u00e9s.<\/p>\n\n\n\n<p><strong>Le village de Castellfollit de la Roca :<\/strong> ce beau village est situ\u00e9 \u00e0 environ 50 m au-dessus du niveau de la mer, sur une falaise connue sous le nom de cinglera de Castellfollit, ce qui lui vaut d&#8217;\u00eatre appel\u00e9 le village au-dessus de l&#8217;ab\u00eeme. De plus, cette municipalit\u00e9 fait partie des 11 qui sont situ\u00e9es dans le parc naturel de la zone volcanique de La Garrocha, qui compte 20 coul\u00e9es de lave et 40 volcans.<\/p>\n\n\n\n<p>Parmi les curiosit\u00e9s \u00e0 d\u00e9couvrir dans ce village figure l&#8217;\u00e9glise de San Salvador. En outre, \u00e0 c\u00f4t\u00e9 de cette \u00e9glise se trouve la Pla\u00e7a de Josep Pla, qui offre un point de vue sur la rivi\u00e8re Fluvi\u00e0 et de belles vues sur tout l&#8217;horizon.<\/p>\n\n\n\n<p>Le village de Santa Pau : il est situ\u00e9 dans une autre des municipalit\u00e9s qui font partie du parc naturel de la zone volcanique de La Garrocha, entre les cha\u00eenes de montagnes de Santa Maria de Finestres et Santa Julia del Mont. Ce qui est curieux, c&#8217;est que ses rues m\u00e8nent \u00e0 la Pla\u00e7a Major, en suivant le trac\u00e9 m\u00e9di\u00e9val.&nbsp;<\/p>\n\n\n\n<p>D&#8217;un c\u00f4t\u00e9 de la place se trouve le ch\u00e2teau de la baronnie datant du 13e si\u00e8cle. Une autre visite n\u00e9cessaire est celle de l&#8217;\u00e9glise de Santa Maria, et vous pouvez \u00e9galement vous rendre au Portal del Mar ; un beau point de vue qui offre des vues tr\u00e8s impressionnantes sur toute la vall\u00e9e.<\/p>\n\n\n\n<h2 class=\"wp-block-heading\" id=\"h-quelques-villages-m-di-vaux-dans-la-r-gion-du-baix-empord-et-de-l-alt-empord-g-rone\"><strong>Quelques villages m\u00e9di\u00e9vaux dans la r\u00e9gion du Baix Empord\u00e0 et de l&#8217;Alt Empord\u00e0 \u00e0 G\u00e9rone<\/strong><\/h2>\n\n\n\n<p><strong>Le village m\u00e9di\u00e9val de Pals :<\/strong> le village est c\u00e9l\u00e8bre pour le ch\u00e2teau de Montaspre, qui est mentionn\u00e9 pour la premi\u00e8re fois dans un pr\u00e9cepte du roi de France Odon, en l&#8217;an 889. Plus tard, au cours des si\u00e8cles, ce ch\u00e2teau a \u00e9t\u00e9 donn\u00e9 \u00e0 des \u00e9v\u00eaques, des familles nobles, des comtes, entre autres, mais c&#8217;est pendant la guerre civile catalane que le ch\u00e2teau a \u00e9t\u00e9 pratiquement d\u00e9truit.<\/p>\n\n\n\n<p>Aujourd&#8217;hui, il ne reste que les murs, la tour Torre de les Hores et un ou deux autres \u00e9l\u00e9ments de sa structure. Il vaut \u00e9galement la peine de visiter l&#8217;\u00e9glise de San Pedro et de fl\u00e2ner sur la Plaza Mayor, o\u00f9 vous pourrez d\u00e9guster la gastronomie de la r\u00e9gion, ainsi qu&#8217;un ap\u00e9ritif.<\/p>\n\n\n\n<p><strong>Le village m\u00e9di\u00e9val de Peratallada :<\/strong> ce village, avec son r\u00e9seau de rues et ses belles maisons en pierre couvertes de lianes et de bougainvilliers, enchantera tout le monde. C&#8217;est un village d&#8217;une grande importance pour sa localit\u00e9, au point qu&#8217;il a \u00e9t\u00e9 d\u00e9clar\u00e9 site historico-artistique et bien culturel d&#8217;int\u00e9r\u00eat national.<\/p>\n\n\n\n<p>C&#8217;est un village qui poss\u00e8de beaucoup d&#8217;artisanat de qualit\u00e9. De plus, elle est entour\u00e9e \u00e0 la fois d&#8217;un mur et de douves. Nous pouvons visiter l&#8217;\u00e9glise de Sant Esteve, qui date du XIIe si\u00e8cle, le Portal de la Virgen, la rue Roca, la Plaza de los Esquiladores et les Torres del Homenaje, entre autres.<\/p>\n\n\n\n<figure class=\"wp-block-image\"><img decoding=\"async\" src=\"https:\/\/lh4.googleusercontent.com\/nfj5iIwQbSoOMcCoTYPcpGYgMBC513WIwA1y9kxeEW2y58CIykM6iPt31VYzua4QkCE0pQRv3IfDq1Czg8KdHz9PBFKAqcQgreYtz8Cahx4WuZ8jnKdaL4bmFksZc5uAGpoGmoAi\" alt=\"\"\/><\/figure>\n\n\n\n<p><strong>Le village de Monells :<\/strong> une ville construite autour du ch\u00e2teau, dont il ne reste que les murs, avec son pass\u00e9 m\u00e9di\u00e9val de chevaliers, nobles, baronnes et barons, rois, march\u00e9s et, bien s\u00fbr, ch\u00e2teaux.&nbsp;<\/p>\n\n\n\n<p>Au d\u00e9but du XIIe si\u00e8cle, Monells \u00e9tait le si\u00e8ge d&#8217;un march\u00e9 hebdomadaire qui se tenait sur la Pla\u00e7a Major ou Pla\u00e7a Jaume I, qui est le c\u0153ur du village ; de l\u00e0, vous pouvez vous promener dans les diff\u00e9rentes villes et rues de Monells. Nous trouverons \u00e9galement l&#8217;\u00e9glise de San Gin\u00e9s.<\/p>\n\n\n\n<p>Le village de Peralada, dans l&#8217;Alt Empord\u00e0 : un village de seulement 2000 habitants, dont les attractions sont le Ch\u00e2teau de Peralada, qui date du 14\u00e8me si\u00e8cle et appartenait aux Comtes de Peralada ; depuis 1979 il contient un casino et de beaux jardins, habitat de belles cigognes.<\/p>\n\n\n\n<p>Un autre endroit \u00e0 visiter est le mus\u00e9e Castell, dans le couvent del Carme. Il s&#8217;agit d&#8217;un ensemble de 3 mus\u00e9es : le mus\u00e9e du verre et de la c\u00e9ramique, la biblioth\u00e8que, avec quelque 80 000 volumes, et \u00e9galement le mus\u00e9e du vin des Carm\u00e9lites. Dans le centre historique, nous avons le clo\u00eetre de Sant Domenech, l&#8217;\u00e9glise de Sant Mart\u00ed, la Plaza Ramon Muntaner et le quartier juif.<\/p>\n\n\n\n<h2 class=\"wp-block-heading\" id=\"h-quelques-villages-m-di-vaux-dans-les-r-gions-du-ripoll-s-et-du-giron-s\"><strong>Quelques villages m\u00e9di\u00e9vaux dans les r\u00e9gions du Ripoll\u00e8s et du Giron\u00e8s&nbsp;<\/strong><\/h2>\n\n\n\n<p><strong>Le village m\u00e9di\u00e9val de Beget :<\/strong> il s&#8217;agit d&#8217;un petit village de la r\u00e9gion de Ripoll\u00e9s. Il a \u00e9t\u00e9 une municipalit\u00e9 ind\u00e9pendante jusqu&#8217;en 1969, date \u00e0 laquelle la municipalit\u00e9 de Camprod\u00f3n lui a \u00e9t\u00e9 adjointe. Elle a \u00e9t\u00e9 pr\u00e9serv\u00e9e gr\u00e2ce \u00e0 son acc\u00e8s difficile, car elle est situ\u00e9e au pied des Pyr\u00e9n\u00e9es et \u00e0 quelques kilom\u00e8tres de la France.&nbsp;<\/p>\n\n\n\n<p>Elle est incluse dans l&#8217;inventaire du patrimoine architectural et des biens culturels d&#8217;int\u00e9r\u00eat national, et nous pouvons y trouver des monuments tels que l&#8217;\u00e9glise de San Crist\u00f3fol, qui date du Xe si\u00e8cle ; \u00e0 l&#8217;int\u00e9rieur, on y trouve le Christ Majest\u00e9, les fonts baptismaux du XIIe si\u00e8cle et la Vierge de la Sant\u00e9. Vous trouverez \u00e9galement la Plaza Mayor et la Tour de l&#8217;horloge.<\/p>\n\n\n\n<p><strong>Le village m\u00e9di\u00e9val de Madremanya :<\/strong> il est situ\u00e9 dans la r\u00e9gion d&#8217;El Giron\u00e9s. C&#8217;est un village qui est situ\u00e9 au niveau d&#8217;un pic, sur son plateau, \u00e0 une altitude de 117 m\u00e8tres. Ses environs sont caract\u00e9ris\u00e9s par la pr\u00e9sence des cha\u00eenes de montagnes Vall lloreda et Montnegre.&nbsp;<\/p>\n\n\n\n<p>Elle poss\u00e8de un quartier m\u00e9di\u00e9val d&#8217;une grande beaut\u00e9 qui vous emm\u00e8ne dans un voyage \u00e0 l&#8217;\u00e9poque m\u00e9di\u00e9vale. Nous vous recommandons une promenade pour visiter l&#8217;\u00e9glise paroissiale de Sant Esteve et la carrer de la Creu.&nbsp;<\/p>\n\n\n\n<p>La ville de G\u00e9rone capitale : le Barri Vell ou vieux quartier est d\u00e9limit\u00e9 par le trac\u00e9 des murailles carolingiennes du 9e si\u00e8cle et le bas Moyen \u00c2ge, des 14e et 15e si\u00e8cles. Les sites les plus remarquables sont : le quartier juif, les Maisons d&#8217;Onyar, au niveau du fleuve, la Cath\u00e9drale, avec son impressionnante nef gothique, la Basilique de San Felix et le beau Monast\u00e8re des Galligants.<\/p>\n\n\n\n<figure class=\"wp-block-image\"><img decoding=\"async\" src=\"https:\/\/lh6.googleusercontent.com\/FoVt1qGI2GyMUZiCHPuFj4-5PtT1z9S9OSj5zcxpIhHvWrHTcSUB-G4JFvUiNMDkYriyCX8HC6UG-wiaoMv7nk53W2CwxTbiEFjIM99ZO7Fykv_ZqS37o_KP-p1Zjo_wn4vxjuTP\" alt=\"\"\/><\/figure>\n","protected":false},"excerpt":{"rendered":"<p>La province de G\u00e9rone est situ\u00e9e au nord-est de l&#8217;Espagne, dans la communaut\u00e9 autonome de Catalogne. Elle a la troisi\u00e8me plus grande population, apr\u00e8s Barcelone et Tarragone. Elle poss\u00e8de \u00e9galement la plus grande zone foresti\u00e8re du pays.<\/p>\n","protected":false},"author":2,"featured_media":122534,"comment_status":"open","ping_status":"open","sticky":false,"template":"","format":"standard","meta":{"_acf_changed":false,"footnotes":""},"categories":[3962,3914,4115,2395],"tags":[],"class_list":["post-122538","post","type-post","status-publish","format-standard","has-post-thumbnail","hentry","category-espagne","category-europe-fr","category-gerone-espagne","category-non-classifiee"],"acf":[],"yoast_head":"<!-- This site is optimized with the Yoast SEO Premium plugin v25.3.1 (Yoast SEO v25.3.1) - https:\/\/yoast.com\/wordpress\/plugins\/seo\/ -->\n<title>Les 10 plus beaux villages m\u00e9di\u00e9vaux de G\u00e9rone - Tour Travel &amp; More<\/title>\n<meta name=\"description\" content=\"\u2714 La province de G\u00e9rone, ainsi que la r\u00e9gion des Pyr\u00e9n\u00e9es catalanes, ont laiss\u00e9 au cours de l&#039;histoire leur pass\u00e9 m\u00e9di\u00e9val, d&#039;une grande beaut\u00e9 et splendeur \u2714.\" \/>\n<meta name=\"robots\" content=\"index, follow, max-snippet:-1, max-image-preview:large, max-video-preview:-1\" \/>\n<link rel=\"canonical\" href=\"https:\/\/tourtravelandmore.com\/fr\/les-10-plus-beaux-villages-medievaux-de-gerone\/\" \/>\n<meta property=\"og:locale\" content=\"fr_FR\" \/>\n<meta property=\"og:type\" content=\"article\" \/>\n<meta property=\"og:title\" content=\"Les 10 plus beaux villages m\u00e9di\u00e9vaux de G\u00e9rone\" \/>\n<meta property=\"og:description\" content=\"\u2714 La province de G\u00e9rone, ainsi que la r\u00e9gion des Pyr\u00e9n\u00e9es catalanes, ont laiss\u00e9 au cours de l&#039;histoire leur pass\u00e9 m\u00e9di\u00e9val, d&#039;une grande beaut\u00e9 et splendeur \u2714.\" \/>\n<meta property=\"og:url\" content=\"https:\/\/tourtravelandmore.com\/fr\/les-10-plus-beaux-villages-medievaux-de-gerone\/\" \/>\n<meta property=\"og:site_name\" content=\"Tour Travel And More\" \/>\n<meta property=\"article:publisher\" content=\"https:\/\/www.facebook.com\/tourtravelandmore\/\" \/>\n<meta property=\"article:published_time\" content=\"2022-04-08T10:33:47+00:00\" \/>\n<meta property=\"article:modified_time\" content=\"2025-05-16T14:15:42+00:00\" \/>\n<meta property=\"og:image\" content=\"https:\/\/tourtravelandmore.com\/wp-content\/uploads\/2022\/04\/image-3.png\" \/>\n\t<meta property=\"og:image:width\" content=\"1170\" \/>\n\t<meta property=\"og:image:height\" content=\"450\" \/>\n\t<meta property=\"og:image:type\" content=\"image\/png\" \/>\n<meta name=\"author\" content=\"Maya Nader Harati\" \/>\n<meta name=\"twitter:card\" content=\"summary_large_image\" \/>\n<meta name=\"twitter:creator\" content=\"@TourTravel_More\" \/>\n<meta name=\"twitter:site\" content=\"@TourTravel_More\" \/>\n<meta name=\"twitter:label1\" content=\"\u00c9crit par\" \/>\n\t<meta name=\"twitter:data1\" content=\"Maya Nader Harati\" \/>\n\t<meta name=\"twitter:label2\" content=\"Dur\u00e9e de lecture estim\u00e9e\" \/>\n\t<meta name=\"twitter:data2\" content=\"8 minutes\" \/>\n<script type=\"application\/ld+json\" class=\"yoast-schema-graph\">{\"@context\":\"https:\/\/schema.org\",\"@graph\":[{\"@type\":\"Article\",\"@id\":\"https:\/\/tourtravelandmore.com\/fr\/les-10-plus-beaux-villages-medievaux-de-gerone\/#article\",\"isPartOf\":{\"@id\":\"https:\/\/tourtravelandmore.com\/fr\/les-10-plus-beaux-villages-medievaux-de-gerone\/\"},\"author\":{\"name\":\"Maya Nader Harati\",\"@id\":\"https:\/\/tourtravelandmore.com\/fr\/#\/schema\/person\/2a1c66d76ae9290a394e8efb4af12e1e\"},\"headline\":\"Les 10 plus beaux villages m\u00e9di\u00e9vaux de G\u00e9rone\",\"datePublished\":\"2022-04-08T10:33:47+00:00\",\"dateModified\":\"2025-05-16T14:15:42+00:00\",\"mainEntityOfPage\":{\"@id\":\"https:\/\/tourtravelandmore.com\/fr\/les-10-plus-beaux-villages-medievaux-de-gerone\/\"},\"wordCount\":1584,\"commentCount\":0,\"publisher\":{\"@id\":\"https:\/\/tourtravelandmore.com\/fr\/#organization\"},\"image\":{\"@id\":\"https:\/\/tourtravelandmore.com\/fr\/les-10-plus-beaux-villages-medievaux-de-gerone\/#primaryimage\"},\"thumbnailUrl\":\"https:\/\/tourtravelandmore.com\/wp-content\/uploads\/2022\/04\/image-3.png\",\"articleSection\":[\"Espagne\",\"Europe\",\"Gerone\",\"Non classifi\u00e9(e)\"],\"inLanguage\":\"fr-FR\",\"potentialAction\":[{\"@type\":\"CommentAction\",\"name\":\"Comment\",\"target\":[\"https:\/\/tourtravelandmore.com\/fr\/les-10-plus-beaux-villages-medievaux-de-gerone\/#respond\"]}],\"accessibilityFeature\":[\"tableOfContents\"]},{\"@type\":\"WebPage\",\"@id\":\"https:\/\/tourtravelandmore.com\/fr\/les-10-plus-beaux-villages-medievaux-de-gerone\/\",\"url\":\"https:\/\/tourtravelandmore.com\/fr\/les-10-plus-beaux-villages-medievaux-de-gerone\/\",\"name\":\"Les 10 plus beaux villages m\u00e9di\u00e9vaux de G\u00e9rone - Tour Travel & More\",\"isPartOf\":{\"@id\":\"https:\/\/tourtravelandmore.com\/fr\/#website\"},\"primaryImageOfPage\":{\"@id\":\"https:\/\/tourtravelandmore.com\/fr\/les-10-plus-beaux-villages-medievaux-de-gerone\/#primaryimage\"},\"image\":{\"@id\":\"https:\/\/tourtravelandmore.com\/fr\/les-10-plus-beaux-villages-medievaux-de-gerone\/#primaryimage\"},\"thumbnailUrl\":\"https:\/\/tourtravelandmore.com\/wp-content\/uploads\/2022\/04\/image-3.png\",\"datePublished\":\"2022-04-08T10:33:47+00:00\",\"dateModified\":\"2025-05-16T14:15:42+00:00\",\"description\":\"\u2714 La province de G\u00e9rone, ainsi que la r\u00e9gion des Pyr\u00e9n\u00e9es catalanes, ont laiss\u00e9 au cours de l'histoire leur pass\u00e9 m\u00e9di\u00e9val, d'une grande beaut\u00e9 et splendeur \u2714.\",\"breadcrumb\":{\"@id\":\"https:\/\/tourtravelandmore.com\/fr\/les-10-plus-beaux-villages-medievaux-de-gerone\/#breadcrumb\"},\"inLanguage\":\"fr-FR\",\"potentialAction\":[{\"@type\":\"ReadAction\",\"target\":[\"https:\/\/tourtravelandmore.com\/fr\/les-10-plus-beaux-villages-medievaux-de-gerone\/\"]}]},{\"@type\":\"ImageObject\",\"inLanguage\":\"fr-FR\",\"@id\":\"https:\/\/tourtravelandmore.com\/fr\/les-10-plus-beaux-villages-medievaux-de-gerone\/#primaryimage\",\"url\":\"https:\/\/tourtravelandmore.com\/wp-content\/uploads\/2022\/04\/image-3.png\",\"contentUrl\":\"https:\/\/tourtravelandmore.com\/wp-content\/uploads\/2022\/04\/image-3.png\",\"width\":1170,\"height\":450},{\"@type\":\"BreadcrumbList\",\"@id\":\"https:\/\/tourtravelandmore.com\/fr\/les-10-plus-beaux-villages-medievaux-de-gerone\/#breadcrumb\",\"itemListElement\":[{\"@type\":\"ListItem\",\"position\":1,\"name\":\"Home\",\"item\":\"https:\/\/tourtravelandmore.com\/fr\/\"},{\"@type\":\"ListItem\",\"position\":2,\"name\":\"Les 10 plus beaux villages m\u00e9di\u00e9vaux de G\u00e9rone\"}]},{\"@type\":\"WebSite\",\"@id\":\"https:\/\/tourtravelandmore.com\/fr\/#website\",\"url\":\"https:\/\/tourtravelandmore.com\/fr\/\",\"name\":\"Tour Travel And More\",\"description\":\"Private sightseeing tours and luxury transfers in Spain\",\"publisher\":{\"@id\":\"https:\/\/tourtravelandmore.com\/fr\/#organization\"},\"potentialAction\":[{\"@type\":\"SearchAction\",\"target\":{\"@type\":\"EntryPoint\",\"urlTemplate\":\"https:\/\/tourtravelandmore.com\/fr\/?s={search_term_string}\"},\"query-input\":{\"@type\":\"PropertyValueSpecification\",\"valueRequired\":true,\"valueName\":\"search_term_string\"}}],\"inLanguage\":\"fr-FR\"},{\"@type\":\"Organization\",\"@id\":\"https:\/\/tourtravelandmore.com\/fr\/#organization\",\"name\":\"Tour Travel And More\",\"url\":\"https:\/\/tourtravelandmore.com\/fr\/\",\"logo\":{\"@type\":\"ImageObject\",\"inLanguage\":\"fr-FR\",\"@id\":\"https:\/\/tourtravelandmore.com\/fr\/#\/schema\/logo\/image\/\",\"url\":\"https:\/\/tourtravelandmore.com\/wp-content\/uploads\/2022\/12\/cropped-logo-cabecera-new.png\",\"contentUrl\":\"https:\/\/tourtravelandmore.com\/wp-content\/uploads\/2022\/12\/cropped-logo-cabecera-new.png\",\"width\":430,\"height\":61,\"caption\":\"Tour Travel And More\"},\"image\":{\"@id\":\"https:\/\/tourtravelandmore.com\/fr\/#\/schema\/logo\/image\/\"},\"sameAs\":[\"https:\/\/www.facebook.com\/tourtravelandmore\/\",\"https:\/\/x.com\/TourTravel_More\"]},{\"@type\":\"Person\",\"@id\":\"https:\/\/tourtravelandmore.com\/fr\/#\/schema\/person\/2a1c66d76ae9290a394e8efb4af12e1e\",\"name\":\"Maya Nader Harati\",\"image\":{\"@type\":\"ImageObject\",\"inLanguage\":\"fr-FR\",\"@id\":\"https:\/\/tourtravelandmore.com\/fr\/#\/schema\/person\/image\/\",\"url\":\"https:\/\/secure.gravatar.com\/avatar\/adc2305883b6f86a616354c0c4516fcd9a333d5f5a0806d9d1ae9b30f898fa1f?s=96&d=mm&r=g\",\"contentUrl\":\"https:\/\/secure.gravatar.com\/avatar\/adc2305883b6f86a616354c0c4516fcd9a333d5f5a0806d9d1ae9b30f898fa1f?s=96&d=mm&r=g\",\"caption\":\"Maya Nader Harati\"},\"description\":\"Cultural Destination Specialist & Travel Chronicler. Maya doesn\u2019t just travel the world; she translates it.\",\"sameAs\":[\"https:\/\/tourtravelandmore.com\/author-profile-maya-nader-harati\/\"]}]}<\/script>\n<!-- \/ Yoast SEO Premium plugin. -->","yoast_head_json":{"title":"Les 10 plus beaux villages m\u00e9di\u00e9vaux de G\u00e9rone - Tour Travel & More","description":"\u2714 La province de G\u00e9rone, ainsi que la r\u00e9gion des Pyr\u00e9n\u00e9es catalanes, ont laiss\u00e9 au cours de l'histoire leur pass\u00e9 m\u00e9di\u00e9val, d'une grande beaut\u00e9 et splendeur \u2714.","robots":{"index":"index","follow":"follow","max-snippet":"max-snippet:-1","max-image-preview":"max-image-preview:large","max-video-preview":"max-video-preview:-1"},"canonical":"https:\/\/tourtravelandmore.com\/fr\/les-10-plus-beaux-villages-medievaux-de-gerone\/","og_locale":"fr_FR","og_type":"article","og_title":"Les 10 plus beaux villages m\u00e9di\u00e9vaux de G\u00e9rone","og_description":"\u2714 La province de G\u00e9rone, ainsi que la r\u00e9gion des Pyr\u00e9n\u00e9es catalanes, ont laiss\u00e9 au cours de l'histoire leur pass\u00e9 m\u00e9di\u00e9val, d'une grande beaut\u00e9 et splendeur \u2714.","og_url":"https:\/\/tourtravelandmore.com\/fr\/les-10-plus-beaux-villages-medievaux-de-gerone\/","og_site_name":"Tour Travel And More","article_publisher":"https:\/\/www.facebook.com\/tourtravelandmore\/","article_published_time":"2022-04-08T10:33:47+00:00","article_modified_time":"2025-05-16T14:15:42+00:00","og_image":[{"width":1170,"height":450,"url":"https:\/\/tourtravelandmore.com\/wp-content\/uploads\/2022\/04\/image-3.png","type":"image\/png"}],"author":"Maya Nader Harati","twitter_card":"summary_large_image","twitter_creator":"@TourTravel_More","twitter_site":"@TourTravel_More","twitter_misc":{"\u00c9crit par":"Maya Nader Harati","Dur\u00e9e de lecture estim\u00e9e":"8 minutes"},"schema":{"@context":"https:\/\/schema.org","@graph":[{"@type":"Article","@id":"https:\/\/tourtravelandmore.com\/fr\/les-10-plus-beaux-villages-medievaux-de-gerone\/#article","isPartOf":{"@id":"https:\/\/tourtravelandmore.com\/fr\/les-10-plus-beaux-villages-medievaux-de-gerone\/"},"author":{"name":"Maya Nader Harati","@id":"https:\/\/tourtravelandmore.com\/fr\/#\/schema\/person\/2a1c66d76ae9290a394e8efb4af12e1e"},"headline":"Les 10 plus beaux villages m\u00e9di\u00e9vaux de G\u00e9rone","datePublished":"2022-04-08T10:33:47+00:00","dateModified":"2025-05-16T14:15:42+00:00","mainEntityOfPage":{"@id":"https:\/\/tourtravelandmore.com\/fr\/les-10-plus-beaux-villages-medievaux-de-gerone\/"},"wordCount":1584,"commentCount":0,"publisher":{"@id":"https:\/\/tourtravelandmore.com\/fr\/#organization"},"image":{"@id":"https:\/\/tourtravelandmore.com\/fr\/les-10-plus-beaux-villages-medievaux-de-gerone\/#primaryimage"},"thumbnailUrl":"https:\/\/tourtravelandmore.com\/wp-content\/uploads\/2022\/04\/image-3.png","articleSection":["Espagne","Europe","Gerone","Non classifi\u00e9(e)"],"inLanguage":"fr-FR","potentialAction":[{"@type":"CommentAction","name":"Comment","target":["https:\/\/tourtravelandmore.com\/fr\/les-10-plus-beaux-villages-medievaux-de-gerone\/#respond"]}],"accessibilityFeature":["tableOfContents"]},{"@type":"WebPage","@id":"https:\/\/tourtravelandmore.com\/fr\/les-10-plus-beaux-villages-medievaux-de-gerone\/","url":"https:\/\/tourtravelandmore.com\/fr\/les-10-plus-beaux-villages-medievaux-de-gerone\/","name":"Les 10 plus beaux villages m\u00e9di\u00e9vaux de G\u00e9rone - Tour Travel & More","isPartOf":{"@id":"https:\/\/tourtravelandmore.com\/fr\/#website"},"primaryImageOfPage":{"@id":"https:\/\/tourtravelandmore.com\/fr\/les-10-plus-beaux-villages-medievaux-de-gerone\/#primaryimage"},"image":{"@id":"https:\/\/tourtravelandmore.com\/fr\/les-10-plus-beaux-villages-medievaux-de-gerone\/#primaryimage"},"thumbnailUrl":"https:\/\/tourtravelandmore.com\/wp-content\/uploads\/2022\/04\/image-3.png","datePublished":"2022-04-08T10:33:47+00:00","dateModified":"2025-05-16T14:15:42+00:00","description":"\u2714 La province de G\u00e9rone, ainsi que la r\u00e9gion des Pyr\u00e9n\u00e9es catalanes, ont laiss\u00e9 au cours de l'histoire leur pass\u00e9 m\u00e9di\u00e9val, d'une grande beaut\u00e9 et splendeur \u2714.","breadcrumb":{"@id":"https:\/\/tourtravelandmore.com\/fr\/les-10-plus-beaux-villages-medievaux-de-gerone\/#breadcrumb"},"inLanguage":"fr-FR","potentialAction":[{"@type":"ReadAction","target":["https:\/\/tourtravelandmore.com\/fr\/les-10-plus-beaux-villages-medievaux-de-gerone\/"]}]},{"@type":"ImageObject","inLanguage":"fr-FR","@id":"https:\/\/tourtravelandmore.com\/fr\/les-10-plus-beaux-villages-medievaux-de-gerone\/#primaryimage","url":"https:\/\/tourtravelandmore.com\/wp-content\/uploads\/2022\/04\/image-3.png","contentUrl":"https:\/\/tourtravelandmore.com\/wp-content\/uploads\/2022\/04\/image-3.png","width":1170,"height":450},{"@type":"BreadcrumbList","@id":"https:\/\/tourtravelandmore.com\/fr\/les-10-plus-beaux-villages-medievaux-de-gerone\/#breadcrumb","itemListElement":[{"@type":"ListItem","position":1,"name":"Home","item":"https:\/\/tourtravelandmore.com\/fr\/"},{"@type":"ListItem","position":2,"name":"Les 10 plus beaux villages m\u00e9di\u00e9vaux de G\u00e9rone"}]},{"@type":"WebSite","@id":"https:\/\/tourtravelandmore.com\/fr\/#website","url":"https:\/\/tourtravelandmore.com\/fr\/","name":"Tour Travel And More","description":"Private sightseeing tours and luxury transfers in Spain","publisher":{"@id":"https:\/\/tourtravelandmore.com\/fr\/#organization"},"potentialAction":[{"@type":"SearchAction","target":{"@type":"EntryPoint","urlTemplate":"https:\/\/tourtravelandmore.com\/fr\/?s={search_term_string}"},"query-input":{"@type":"PropertyValueSpecification","valueRequired":true,"valueName":"search_term_string"}}],"inLanguage":"fr-FR"},{"@type":"Organization","@id":"https:\/\/tourtravelandmore.com\/fr\/#organization","name":"Tour Travel And More","url":"https:\/\/tourtravelandmore.com\/fr\/","logo":{"@type":"ImageObject","inLanguage":"fr-FR","@id":"https:\/\/tourtravelandmore.com\/fr\/#\/schema\/logo\/image\/","url":"https:\/\/tourtravelandmore.com\/wp-content\/uploads\/2022\/12\/cropped-logo-cabecera-new.png","contentUrl":"https:\/\/tourtravelandmore.com\/wp-content\/uploads\/2022\/12\/cropped-logo-cabecera-new.png","width":430,"height":61,"caption":"Tour Travel And More"},"image":{"@id":"https:\/\/tourtravelandmore.com\/fr\/#\/schema\/logo\/image\/"},"sameAs":["https:\/\/www.facebook.com\/tourtravelandmore\/","https:\/\/x.com\/TourTravel_More"]},{"@type":"Person","@id":"https:\/\/tourtravelandmore.com\/fr\/#\/schema\/person\/2a1c66d76ae9290a394e8efb4af12e1e","name":"Maya Nader Harati","image":{"@type":"ImageObject","inLanguage":"fr-FR","@id":"https:\/\/tourtravelandmore.com\/fr\/#\/schema\/person\/image\/","url":"https:\/\/secure.gravatar.com\/avatar\/adc2305883b6f86a616354c0c4516fcd9a333d5f5a0806d9d1ae9b30f898fa1f?s=96&d=mm&r=g","contentUrl":"https:\/\/secure.gravatar.com\/avatar\/adc2305883b6f86a616354c0c4516fcd9a333d5f5a0806d9d1ae9b30f898fa1f?s=96&d=mm&r=g","caption":"Maya Nader Harati"},"description":"Cultural Destination Specialist & Travel Chronicler. Maya doesn\u2019t just travel the world; she translates it.","sameAs":["https:\/\/tourtravelandmore.com\/author-profile-maya-nader-harati\/"]}]}},"_links":{"self":[{"href":"https:\/\/tourtravelandmore.com\/fr\/wp-json\/wp\/v2\/posts\/122538","targetHints":{"allow":["GET"]}}],"collection":[{"href":"https:\/\/tourtravelandmore.com\/fr\/wp-json\/wp\/v2\/posts"}],"about":[{"href":"https:\/\/tourtravelandmore.com\/fr\/wp-json\/wp\/v2\/types\/post"}],"author":[{"embeddable":true,"href":"https:\/\/tourtravelandmore.com\/fr\/wp-json\/wp\/v2\/users\/2"}],"replies":[{"embeddable":true,"href":"https:\/\/tourtravelandmore.com\/fr\/wp-json\/wp\/v2\/comments?post=122538"}],"version-history":[{"count":1,"href":"https:\/\/tourtravelandmore.com\/fr\/wp-json\/wp\/v2\/posts\/122538\/revisions"}],"predecessor-version":[{"id":183914,"href":"https:\/\/tourtravelandmore.com\/fr\/wp-json\/wp\/v2\/posts\/122538\/revisions\/183914"}],"wp:featuredmedia":[{"embeddable":true,"href":"https:\/\/tourtravelandmore.com\/fr\/wp-json\/wp\/v2\/media\/122534"}],"wp:attachment":[{"href":"https:\/\/tourtravelandmore.com\/fr\/wp-json\/wp\/v2\/media?parent=122538"}],"wp:term":[{"taxonomy":"category","embeddable":true,"href":"https:\/\/tourtravelandmore.com\/fr\/wp-json\/wp\/v2\/categories?post=122538"},{"taxonomy":"post_tag","embeddable":true,"href":"https:\/\/tourtravelandmore.com\/fr\/wp-json\/wp\/v2\/tags?post=122538"}],"curies":[{"name":"wp","href":"https:\/\/api.w.org\/{rel}","templated":true}]}}