{"id":120018,"date":"2022-02-25T11:42:36","date_gmt":"2022-02-25T10:42:36","guid":{"rendered":"https:\/\/tourtravelandmore.com\/?p=120018"},"modified":"2025-05-16T16:21:41","modified_gmt":"2025-05-16T14:21:41","slug":"5-plans-pour-rever-de-fuerteventura","status":"publish","type":"post","link":"https:\/\/tourtravelandmore.com\/fr\/5-plans-pour-rever-de-fuerteventura\/","title":{"rendered":"<strong>5 plans pour r\u00eaver de Fuerteventura<\/strong>"},"content":{"rendered":"\n<div class=\"wp-block-yoast-seo-table-of-contents yoast-table-of-contents\"><h2>Table of contents<\/h2><ul><li><a href=\"#h-histoire-de-l-le-de-fuerteventura\" data-level=\"2\">Histoire de l&#8217;\u00eele de Fuerteventura<\/a><\/li><li><a href=\"#h-qu-est-ce-que-l-le-de-fuerteventura-a-offrir-selon-sa-g-ographie\" data-level=\"2\">Qu&#8217;est-ce que l&#8217;\u00eele de Fuerteventura a \u00e0 offrir selon sa g\u00e9ographie ?<\/a><\/li><li><a href=\"#h-5-plans-sur-l-le-de-fuerteventura\" data-level=\"2\">5 plans sur l&#8217;\u00eele de Fuerteventura<\/a><\/li><\/ul><\/div>\n\n\n\n<p>Fuerteventura <a href=\"https:\/\/tourtravelandmore.com\/es\/ciudad\/espana-es\/fuerteventura-es\/\"><strong>est la plus ancienne \u00eele de l&#8217;archipel des Canaries et la deuxi\u00e8me plus grande<\/strong><\/a> apr\u00e8s Tenerife. D&#8217;une superficie d&#8217;un peu plus de 1 600 kilom\u00e8tres carr\u00e9s, c&#8217;est aussi l&#8217;<strong>\u00eele la plus aride et la plus \u00e9rod\u00e9e de l&#8217;archipel <\/strong>; elle est \u00e9galement situ\u00e9e \u00e0 une centaine de kilom\u00e8tres de l&#8217;Afrique, au milieu de l&#8217;oc\u00e9an M\u00e9diterran\u00e9e.<\/p>\n\n\n\n<p>Au nord-ouest de Fuerteventura se trouve l&#8217;\u00eele de Lobos, un petit \u00eelot qui fait partie de son territoire. Fuerteventura poss\u00e8de \u00e9galement des zones qui ont \u00e9t\u00e9 recouvertes de lave dans le pass\u00e9 en raison de l&#8217;activit\u00e9 volcanique. Elle poss\u00e8de environ 100 km de belles <strong>falaises et de plages aux eaux cristallines<\/strong>, qui conservent une temp\u00e9rature chaude toute l&#8217;ann\u00e9e, favorisant ainsi le tourisme.&nbsp;<\/p>\n\n\n\n<h2 class=\"wp-block-heading\" id=\"h-histoire-de-l-le-de-fuerteventura\"><strong>Histoire de l&#8217;\u00eele de Fuerteventura<\/strong><\/h2>\n\n\n\n<p>On dit qu&#8217;aux alentours de l&#8217;an 1000 avant J.-C., les premiers habitants sont arriv\u00e9s sur l&#8217;\u00eele, une population qui se consacrait \u00e0 l&#8217;agriculture, \u00e0 l&#8217;\u00e9levage, \u00e0 la p\u00eache et \u00e0 la garde des troupeaux. Ils \u00e9taient <strong>appel\u00e9s les &#8220;majos&#8221;<\/strong>, un mot qui venait des habitants des tribus berb\u00e8res du nord du pays africain, en r\u00e9f\u00e9rence aux chaussures qu&#8217;ils utilisaient, faites de peau de ch\u00e8vre.&nbsp;<\/p>\n\n\n\n<p>\u00c0 cette \u00e9poque, l&#8217;\u00eele s&#8217;appelait Herbania et \u00e9tait s\u00e9par\u00e9e par un mur et 2 royaumes, l&#8217;un au <strong>nord appel\u00e9 Maxorata et l&#8217;autre au sud, Jandia<\/strong>. Plus tard, l&#8217;\u00eele a \u00e9t\u00e9 fortement occup\u00e9e par des colons venus des autres \u00eeles Canaries. Puis, en 1402, un changement a commenc\u00e9, \u00e0 travers les exp\u00e9ditions et les disputes de quelques Normands, pour obtenir ce territoire ; en entrant par le Puerto de la Pe\u00f1a.<\/p>\n\n\n\n<p>Mais ils se sont ensuite battus et, sans le soutien du roi de Castille, ils n&#8217;ont pas pu d\u00e9fendre l&#8217;\u00eele et, en 1405, elle a \u00e9t\u00e9 int\u00e9gr\u00e9e \u00e0 ce royaume. Au fil du temps, la population a augment\u00e9 dans une paix saine et s&#8217;est install\u00e9e principalement <strong>\u00e0 Betancuria et dans le Valle de la Vega<\/strong>. Par la suite, il y a eu des attaques de pirates et de barbares, et il a \u00e9t\u00e9 d\u00e9cid\u00e9 de construire des points de d\u00e9fense sur toute l&#8217;\u00eele.<\/p>\n\n\n\n<p>Plus tard, la population a d\u00fb \u00e9migrer vers les autres \u00eeles Canaries et vers l&#8217;Am\u00e9rique, en raison des <strong>s\u00e9cheresses et d&#8217;une grande p\u00e9nurie de denr\u00e9es alimentaires<\/strong>. C&#8217;est \u00e0 partir du 20\u00e8me si\u00e8cle que l&#8217;\u00eele a entam\u00e9 un nouveau changement, en traitant les terres de l&#8217;\u00e9rosion, afin de pouvoir cultiver toutes sortes d&#8217;aliments.&nbsp;<\/p>\n\n\n\n<p>Les \u00e9changes \u00e9conomiques <strong>et culturels ont <\/strong>\u00e9galement donn\u00e9 un \u00e9lan commercial. Le port commercial et sa capitale, Puerto de Cabras, sont cr\u00e9\u00e9s. \u00c0 partir des ann\u00e9es 1970, elle a commenc\u00e9 \u00e0 se d\u00e9velopper, avec un afflux assez important de touristes. Aujourd&#8217;hui, sa capitale est Puerto del Rosario.&nbsp;<\/p>\n\n\n\n<h2 class=\"wp-block-heading\" id=\"h-qu-est-ce-que-l-le-de-fuerteventura-a-offrir-selon-sa-g-ographie\"><strong>Qu&#8217;est-ce que l&#8217;\u00eele de Fuerteventura a \u00e0 offrir selon sa g\u00e9ographie ?<\/strong><\/h2>\n\n\n\n<p>Fuerteventura se caract\u00e9rise par le fait qu&#8217;il s&#8217;agit d&#8217;une <strong>\u00eele aux contrastes vari\u00e9s<\/strong>, entre ses zones volcaniques, ses plages et les diff\u00e9rentes zones cultiv\u00e9es qui s&#8217;\u00e9tendent sur toute l&#8217;\u00e9tendue du territoire. Ses c\u00f4tes pr\u00e9sentent de grandes \u00e9tendues de sable blanc et fin, ainsi que des zones id\u00e9ales pour le repos des touristes.<\/p>\n\n\n\n<p>Les plages les plus populaires se trouvent dans la r\u00e9gion de Costa Calma, Morro Jable, Punta de Jand\u00eda et Sotavento. En outre, sur certaines plages, vous pouvez <strong>pratiquer des sports nautiques <\/strong>tels que la plong\u00e9e, le surf, la planche \u00e0 voile, entre autres. De plus, dans la partie int\u00e9rieure de l&#8217;\u00eele, il existe de nombreuses activit\u00e9s de tourisme et de divertissement pour ses visiteurs, telles que la randonn\u00e9e, la montagne, la gastronomie, les safaris, les promenades en buggy et bien d&#8217;autres encore.&nbsp;<\/p>\n\n\n\n<p><strong>Le mont Tindaya <\/strong>est \u00e9galement tr\u00e8s populaire, car c&#8217;est le lieu de culte et le lieu sacr\u00e9 des &#8220;majos&#8221;, qui se trouve \u00e0 une altitude de 700m. Le point culminant de Fuerteventura, \u00e0 environ 807 m, est le Pico de la Zarza.<\/p>\n\n\n\n<h2 class=\"wp-block-heading\" id=\"h-5-plans-sur-l-le-de-fuerteventura\"><strong>5 plans sur l&#8217;\u00eele de Fuerteventura<\/strong><\/h2>\n\n\n\n<ul class=\"wp-block-list\"><li>Marchez jusqu&#8217;\u00e0 La Oliva, le parc rural de Betancuria et les dunes de Corralejo :<\/li><li>LA OLIVA : elle fait partie de la province de Las Palmas et se trouve au <strong>nord de Fuerteventura<\/strong>, une <strong>zone <\/strong>tr\u00e8s attractive pour les touristes, o\u00f9 l&#8217;on peut visiter la Casa de Arte de Man\u00e9 et la Casa de los Coroneles. Elle poss\u00e8de \u00e9galement le parc naturel Isla de Lobos, la montagne de Tindaya, lieu sacr\u00e9 des Majos.<\/li><\/ul>\n\n\n\n<p>Le point de vue de Morro Velosa, les plages de Cotillo et le parc naturel de Dunas de Corralejo sont \u00e9galement situ\u00e9s dans cette zone. En outre, La Oliva est la zone qui compte le <strong>plus grand nombre de caf\u00e9s, restaurants<\/strong>, p\u00e2tisseries et glaciers de l&#8217;\u00eele de Fuerteventura.<\/p>\n\n\n\n<ul class=\"wp-block-list\"><li>La municipalit\u00e9 de Betancuria : nous nous rendons maintenant sur la <strong>c\u00f4te ouest de l&#8217;\u00eele, <\/strong>qui appartient \u00e9galement \u00e0 la province de Las Palmas et \u00e9tait autrefois la capitale de Fuerteventura.&nbsp;<\/li><\/ul>\n\n\n\n<p>Il y a plusieurs <strong>endroits \u00e0 visiter dans cette ville<\/strong>, comme le mus\u00e9e arch\u00e9ologique de Betancuria, le couvent de Buenaventura, l&#8217;\u00e9glise de Santa Mar\u00eda, l&#8217;ermitage de la Virgen de la Pe\u00f1a et, bien s\u00fbr, la vieille ville de Betancuria.<\/p>\n\n\n\n<ul class=\"wp-block-list\"><li>La r\u00e9gion de Corralejo : \u00e9galement situ\u00e9e au nord de Fuerteventura, \u00e9tait autrefois un village de p\u00eacheurs. Elle poss\u00e8de de nombreuses plages, comme El Bajo Negro, Playa M\u00e9dano, Playa El Viejo, Playa del Burro, avec du sable blanc et une eau cristalline, un volcan int\u00e9ressant, la Monta\u00f1a Roja et le c\u00e9l\u00e8bre <strong>Parque Natural de Dunas ou petit d\u00e9sert<\/strong>.&nbsp;<\/li><\/ul>\n\n\n\n<figure class=\"wp-block-image\"><img decoding=\"async\" src=\"https:\/\/lh5.googleusercontent.com\/-ec-M-yrivAySSGk1OcNUOZ9NSoAImjKd-YhVjYqrlY-YSB4n7zKqr3z7Ji6vu0rpNLoburyzn4sQYTLfd_uB-3pi8UpkCCN9Tm2DSM8NZMKpKMxVyek9ijw7ZHrZQN668arwUCf\" alt=\"\"\/><\/figure>\n\n\n\n<ul class=\"wp-block-list\"><li>Profiter des activit\u00e9s nautiques <strong>: <\/strong>l&#8217;option la plus recommand\u00e9e est de se rendre dans la partie sud de l&#8217;\u00eele. Fuerteventura a l&#8217;avantage d&#8217;avoir une diversit\u00e9 parmi ses plages. Par exemple, pour les <strong>activit\u00e9s de plong\u00e9e en apn\u00e9e, nous vous recommandons <\/strong>le parc naturel de Jand\u00eda, qui dispose de tout l&#8217;\u00e9quipement n\u00e9cessaire \u00e0 cette activit\u00e9 et qui permet de profiter de la faune et de la flore marines. Vous pouvez \u00e9galement vous y rendre en kayak.<\/li><\/ul>\n\n\n\n<p>Un autre endroit pour profiter de la plong\u00e9e en apn\u00e9e est l&#8217;\u00eele de Lobos, au nord, avec ses eaux transparentes et turquoise, un v\u00e9ritable spectacle. Le <strong>kayak peut \u00e9galement se <\/strong>faire dans le sud de l&#8217;\u00eele, mais \u00e0 partir du village de La Lajita, il faut pagayer jusqu&#8217;au village d&#8217;El Puertito.<\/p>\n\n\n\n<p>Si vous aimez la planche \u00e0 voile, ne manquez pas l&#8217;occasion de vous rendre \u00e0 Matas Bay. Au nord de Fuerteventura, il y a \u00e9galement des <strong>activit\u00e9s de planche \u00e0 voile, de plong\u00e9e et de surf ; <\/strong>nous parlons de Corralejo.&nbsp;<\/p>\n\n\n\n<ul class=\"wp-block-list\"><li>Marche c\u00f4ti\u00e8re de Fuerteventura pour la randonn\u00e9e <strong>: les <\/strong>activit\u00e9s de plein air et, en m\u00eame temps, la possibilit\u00e9 de profiter de la <strong>nature <\/strong>et de s<strong>&#8216;y connecter <\/strong>sont des choses que nous aimons tous. Certaines de ces activit\u00e9s sont, par exemple, la visite des grottes d&#8217;Ajuy, du volcan Calder\u00f3n Hondo et de la route Barranco de las Pe\u00f1itas. Il ne faut pas non plus oublier la Caldera de Gair\u00eda, le Pico de la Zarza, la Playa de Cofete et El Card\u00f3n-El Tunquito.<\/li><\/ul>\n\n\n\n<figure class=\"wp-block-image\"><img decoding=\"async\" src=\"https:\/\/lh4.googleusercontent.com\/eTjDLuDDrWI5-wVNarAMMMp7EaM3giuHc7rKqge-vVV-58wPWrfTbna8V5Vqt6-JYYERgUdpUJVhq3sv9gFtYubI09sjr-PQO5zub3QZDrVifri8zmOVMzqWHnGSdGUYEFsiipHL\" alt=\"\"\/><\/figure>\n\n\n\n<ul class=\"wp-block-list\"><li>Excursion en buggy \u00e0 travers le d\u00e9sert et les terres volcaniques : cette excursion se d\u00e9roule dans la partie nord de l&#8217;\u00eele, mais l&#8217;int\u00e9r\u00eat de cette activit\u00e9 est que <strong>vous allez la conduire vous-m\u00eame<\/strong>. Une exp\u00e9rience int\u00e9ressante pour voir de plus pr\u00e8s toute la flore et la faune typiques de la r\u00e9gion, ses diff\u00e9rents points de vue, ainsi que la sensation de conduire sur le sable du d\u00e9sert et les terres volcaniques.<\/li><li>Un voyage pour faire connaissance avec les produits traditionnels de la gastronomie de l&#8217;\u00eele : bien s\u00fbr, il ne faut pas manquer de go\u00fbter les produits typiques de l&#8217;\u00eele, <strong>comme le jus de cactus, <\/strong>qui est fait \u00e0 partir de ce qu&#8217;ils appellent le tuno indien, un type de fruit de cactus qui contient beaucoup de jus et de vitamines. M\u00eame les sauces et les confitures sont fabriqu\u00e9es \u00e0 partir de ce fruit.<\/li><\/ul>\n\n\n\n<p>Vous pouvez visiter la ferme o\u00f9 ce produit est fabriqu\u00e9. Vous <strong>ne pouvez pas manquer le fromage Majorero<\/strong>, qui est fabriqu\u00e9 \u00e0 partir de lait de ch\u00e8vre et d&#8217;autres ingr\u00e9dients, en visitant une fromagerie appel\u00e9e La Gambuesa, o\u00f9 vous pourrez le d\u00e9guster ; c\u00e9l\u00e8bre pour avoir remport\u00e9 le World Cheese Award gr\u00e2ce \u00e0 sa technique traditionnelle et son bon go\u00fbt.<\/p>\n\n\n\n<p><\/p>\n","protected":false},"excerpt":{"rendered":"<p>Fuerteventura est l&#8217;\u00eele la plus ancienne et la plus aride de l&#8217;archipel des Canaries. Cependant, elle offre de nombreuses activit\u00e9s de grand int\u00e9r\u00eat pour les touristes. Gr\u00e2ce \u00e0 ses plages spectaculaires aux eaux cristallines, vous pourrez pratiquer de nombreux sports nautiques, faire des randonn\u00e9es et bien plus encore.<\/p>\n","protected":false},"author":2,"featured_media":120014,"comment_status":"open","ping_status":"open","sticky":false,"template":"","format":"standard","meta":{"_acf_changed":false,"footnotes":""},"categories":[3962,3914,4088,2395],"tags":[],"class_list":["post-120018","post","type-post","status-publish","format-standard","has-post-thumbnail","hentry","category-espagne","category-europe-fr","category-granada-espagne","category-non-classifiee"],"acf":[],"yoast_head":"<!-- This site is optimized with the Yoast SEO Premium plugin v25.3.1 (Yoast SEO v25.3.1) - https:\/\/yoast.com\/wordpress\/plugins\/seo\/ -->\n<title>5 plans pour r\u00eaver de Fuerteventura - Tour Travel &amp; More<\/title>\n<meta name=\"description\" content=\"Fuerteventura, une \u00eele des Canaries qui vous offre de planifier tous vos r\u00eaves dans des vacances bien m\u00e9rit\u00e9es ; id\u00e9ale pour pratiquer diff\u00e9rentes activit\u00e9s. \u21e8\" \/>\n<meta name=\"robots\" content=\"index, follow, max-snippet:-1, max-image-preview:large, max-video-preview:-1\" \/>\n<link rel=\"canonical\" href=\"https:\/\/tourtravelandmore.com\/fr\/5-plans-pour-rever-de-fuerteventura\/\" \/>\n<meta property=\"og:locale\" content=\"fr_FR\" \/>\n<meta property=\"og:type\" content=\"article\" \/>\n<meta property=\"og:title\" content=\"5 plans pour r\u00eaver de Fuerteventura\" \/>\n<meta property=\"og:description\" content=\"Fuerteventura, une \u00eele des Canaries qui vous offre de planifier tous vos r\u00eaves dans des vacances bien m\u00e9rit\u00e9es ; id\u00e9ale pour pratiquer diff\u00e9rentes activit\u00e9s. \u21e8\" \/>\n<meta property=\"og:url\" content=\"https:\/\/tourtravelandmore.com\/fr\/5-plans-pour-rever-de-fuerteventura\/\" \/>\n<meta property=\"og:site_name\" content=\"Tour Travel And More\" \/>\n<meta property=\"article:publisher\" content=\"https:\/\/www.facebook.com\/tourtravelandmore\/\" \/>\n<meta property=\"article:published_time\" content=\"2022-02-25T10:42:36+00:00\" \/>\n<meta property=\"article:modified_time\" content=\"2025-05-16T14:21:41+00:00\" \/>\n<meta property=\"og:image\" content=\"https:\/\/tourtravelandmore.com\/wp-content\/uploads\/2022\/02\/image-10.jpeg\" \/>\n\t<meta property=\"og:image:width\" content=\"918\" \/>\n\t<meta property=\"og:image:height\" content=\"612\" \/>\n\t<meta property=\"og:image:type\" content=\"image\/jpeg\" \/>\n<meta name=\"author\" content=\"Maya Nader Harati\" \/>\n<meta name=\"twitter:card\" content=\"summary_large_image\" \/>\n<meta name=\"twitter:creator\" content=\"@TourTravel_More\" \/>\n<meta name=\"twitter:site\" content=\"@TourTravel_More\" \/>\n<meta name=\"twitter:label1\" content=\"\u00c9crit par\" \/>\n\t<meta name=\"twitter:data1\" content=\"Maya Nader Harati\" \/>\n\t<meta name=\"twitter:label2\" content=\"Dur\u00e9e de lecture estim\u00e9e\" \/>\n\t<meta name=\"twitter:data2\" content=\"7 minutes\" \/>\n<script type=\"application\/ld+json\" class=\"yoast-schema-graph\">{\"@context\":\"https:\/\/schema.org\",\"@graph\":[{\"@type\":\"Article\",\"@id\":\"https:\/\/tourtravelandmore.com\/fr\/5-plans-pour-rever-de-fuerteventura\/#article\",\"isPartOf\":{\"@id\":\"https:\/\/tourtravelandmore.com\/fr\/5-plans-pour-rever-de-fuerteventura\/\"},\"author\":{\"name\":\"Maya Nader Harati\",\"@id\":\"https:\/\/tourtravelandmore.com\/fr\/#\/schema\/person\/2a1c66d76ae9290a394e8efb4af12e1e\"},\"headline\":\"5 plans pour r\u00eaver de Fuerteventura\",\"datePublished\":\"2022-02-25T10:42:36+00:00\",\"dateModified\":\"2025-05-16T14:21:41+00:00\",\"mainEntityOfPage\":{\"@id\":\"https:\/\/tourtravelandmore.com\/fr\/5-plans-pour-rever-de-fuerteventura\/\"},\"wordCount\":1519,\"commentCount\":0,\"publisher\":{\"@id\":\"https:\/\/tourtravelandmore.com\/fr\/#organization\"},\"image\":{\"@id\":\"https:\/\/tourtravelandmore.com\/fr\/5-plans-pour-rever-de-fuerteventura\/#primaryimage\"},\"thumbnailUrl\":\"https:\/\/tourtravelandmore.com\/wp-content\/uploads\/2022\/02\/image-10.jpeg\",\"articleSection\":[\"Espagne\",\"Europe\",\"Granada\",\"Non classifi\u00e9(e)\"],\"inLanguage\":\"fr-FR\",\"potentialAction\":[{\"@type\":\"CommentAction\",\"name\":\"Comment\",\"target\":[\"https:\/\/tourtravelandmore.com\/fr\/5-plans-pour-rever-de-fuerteventura\/#respond\"]}],\"accessibilityFeature\":[\"tableOfContents\"]},{\"@type\":\"WebPage\",\"@id\":\"https:\/\/tourtravelandmore.com\/fr\/5-plans-pour-rever-de-fuerteventura\/\",\"url\":\"https:\/\/tourtravelandmore.com\/fr\/5-plans-pour-rever-de-fuerteventura\/\",\"name\":\"5 plans pour r\u00eaver de Fuerteventura - Tour Travel & More\",\"isPartOf\":{\"@id\":\"https:\/\/tourtravelandmore.com\/fr\/#website\"},\"primaryImageOfPage\":{\"@id\":\"https:\/\/tourtravelandmore.com\/fr\/5-plans-pour-rever-de-fuerteventura\/#primaryimage\"},\"image\":{\"@id\":\"https:\/\/tourtravelandmore.com\/fr\/5-plans-pour-rever-de-fuerteventura\/#primaryimage\"},\"thumbnailUrl\":\"https:\/\/tourtravelandmore.com\/wp-content\/uploads\/2022\/02\/image-10.jpeg\",\"datePublished\":\"2022-02-25T10:42:36+00:00\",\"dateModified\":\"2025-05-16T14:21:41+00:00\",\"description\":\"Fuerteventura, une \u00eele des Canaries qui vous offre de planifier tous vos r\u00eaves dans des vacances bien m\u00e9rit\u00e9es ; id\u00e9ale pour pratiquer diff\u00e9rentes activit\u00e9s. \u21e8\",\"breadcrumb\":{\"@id\":\"https:\/\/tourtravelandmore.com\/fr\/5-plans-pour-rever-de-fuerteventura\/#breadcrumb\"},\"inLanguage\":\"fr-FR\",\"potentialAction\":[{\"@type\":\"ReadAction\",\"target\":[\"https:\/\/tourtravelandmore.com\/fr\/5-plans-pour-rever-de-fuerteventura\/\"]}]},{\"@type\":\"ImageObject\",\"inLanguage\":\"fr-FR\",\"@id\":\"https:\/\/tourtravelandmore.com\/fr\/5-plans-pour-rever-de-fuerteventura\/#primaryimage\",\"url\":\"https:\/\/tourtravelandmore.com\/wp-content\/uploads\/2022\/02\/image-10.jpeg\",\"contentUrl\":\"https:\/\/tourtravelandmore.com\/wp-content\/uploads\/2022\/02\/image-10.jpeg\",\"width\":918,\"height\":612},{\"@type\":\"BreadcrumbList\",\"@id\":\"https:\/\/tourtravelandmore.com\/fr\/5-plans-pour-rever-de-fuerteventura\/#breadcrumb\",\"itemListElement\":[{\"@type\":\"ListItem\",\"position\":1,\"name\":\"Home\",\"item\":\"https:\/\/tourtravelandmore.com\/fr\/\"},{\"@type\":\"ListItem\",\"position\":2,\"name\":\"5 plans pour r\u00eaver de Fuerteventura\"}]},{\"@type\":\"WebSite\",\"@id\":\"https:\/\/tourtravelandmore.com\/fr\/#website\",\"url\":\"https:\/\/tourtravelandmore.com\/fr\/\",\"name\":\"Tour Travel And More\",\"description\":\"Private sightseeing tours and luxury transfers in Spain\",\"publisher\":{\"@id\":\"https:\/\/tourtravelandmore.com\/fr\/#organization\"},\"potentialAction\":[{\"@type\":\"SearchAction\",\"target\":{\"@type\":\"EntryPoint\",\"urlTemplate\":\"https:\/\/tourtravelandmore.com\/fr\/?s={search_term_string}\"},\"query-input\":{\"@type\":\"PropertyValueSpecification\",\"valueRequired\":true,\"valueName\":\"search_term_string\"}}],\"inLanguage\":\"fr-FR\"},{\"@type\":\"Organization\",\"@id\":\"https:\/\/tourtravelandmore.com\/fr\/#organization\",\"name\":\"Tour Travel And More\",\"url\":\"https:\/\/tourtravelandmore.com\/fr\/\",\"logo\":{\"@type\":\"ImageObject\",\"inLanguage\":\"fr-FR\",\"@id\":\"https:\/\/tourtravelandmore.com\/fr\/#\/schema\/logo\/image\/\",\"url\":\"https:\/\/tourtravelandmore.com\/wp-content\/uploads\/2022\/12\/cropped-logo-cabecera-new.png\",\"contentUrl\":\"https:\/\/tourtravelandmore.com\/wp-content\/uploads\/2022\/12\/cropped-logo-cabecera-new.png\",\"width\":430,\"height\":61,\"caption\":\"Tour Travel And More\"},\"image\":{\"@id\":\"https:\/\/tourtravelandmore.com\/fr\/#\/schema\/logo\/image\/\"},\"sameAs\":[\"https:\/\/www.facebook.com\/tourtravelandmore\/\",\"https:\/\/x.com\/TourTravel_More\"]},{\"@type\":\"Person\",\"@id\":\"https:\/\/tourtravelandmore.com\/fr\/#\/schema\/person\/2a1c66d76ae9290a394e8efb4af12e1e\",\"name\":\"Maya Nader Harati\",\"image\":{\"@type\":\"ImageObject\",\"inLanguage\":\"fr-FR\",\"@id\":\"https:\/\/tourtravelandmore.com\/fr\/#\/schema\/person\/image\/\",\"url\":\"https:\/\/secure.gravatar.com\/avatar\/adc2305883b6f86a616354c0c4516fcd9a333d5f5a0806d9d1ae9b30f898fa1f?s=96&d=mm&r=g\",\"contentUrl\":\"https:\/\/secure.gravatar.com\/avatar\/adc2305883b6f86a616354c0c4516fcd9a333d5f5a0806d9d1ae9b30f898fa1f?s=96&d=mm&r=g\",\"caption\":\"Maya Nader Harati\"},\"description\":\"Cultural Destination Specialist & Travel Chronicler. Maya doesn\u2019t just travel the world; she translates it.\",\"sameAs\":[\"https:\/\/tourtravelandmore.com\/author-profile-maya-nader-harati\/\"]}]}<\/script>\n<!-- \/ Yoast SEO Premium plugin. -->","yoast_head_json":{"title":"5 plans pour r\u00eaver de Fuerteventura - Tour Travel & More","description":"Fuerteventura, une \u00eele des Canaries qui vous offre de planifier tous vos r\u00eaves dans des vacances bien m\u00e9rit\u00e9es ; id\u00e9ale pour pratiquer diff\u00e9rentes activit\u00e9s. \u21e8","robots":{"index":"index","follow":"follow","max-snippet":"max-snippet:-1","max-image-preview":"max-image-preview:large","max-video-preview":"max-video-preview:-1"},"canonical":"https:\/\/tourtravelandmore.com\/fr\/5-plans-pour-rever-de-fuerteventura\/","og_locale":"fr_FR","og_type":"article","og_title":"5 plans pour r\u00eaver de Fuerteventura","og_description":"Fuerteventura, une \u00eele des Canaries qui vous offre de planifier tous vos r\u00eaves dans des vacances bien m\u00e9rit\u00e9es ; id\u00e9ale pour pratiquer diff\u00e9rentes activit\u00e9s. \u21e8","og_url":"https:\/\/tourtravelandmore.com\/fr\/5-plans-pour-rever-de-fuerteventura\/","og_site_name":"Tour Travel And More","article_publisher":"https:\/\/www.facebook.com\/tourtravelandmore\/","article_published_time":"2022-02-25T10:42:36+00:00","article_modified_time":"2025-05-16T14:21:41+00:00","og_image":[{"width":918,"height":612,"url":"https:\/\/tourtravelandmore.com\/wp-content\/uploads\/2022\/02\/image-10.jpeg","type":"image\/jpeg"}],"author":"Maya Nader Harati","twitter_card":"summary_large_image","twitter_creator":"@TourTravel_More","twitter_site":"@TourTravel_More","twitter_misc":{"\u00c9crit par":"Maya Nader Harati","Dur\u00e9e de lecture estim\u00e9e":"7 minutes"},"schema":{"@context":"https:\/\/schema.org","@graph":[{"@type":"Article","@id":"https:\/\/tourtravelandmore.com\/fr\/5-plans-pour-rever-de-fuerteventura\/#article","isPartOf":{"@id":"https:\/\/tourtravelandmore.com\/fr\/5-plans-pour-rever-de-fuerteventura\/"},"author":{"name":"Maya Nader Harati","@id":"https:\/\/tourtravelandmore.com\/fr\/#\/schema\/person\/2a1c66d76ae9290a394e8efb4af12e1e"},"headline":"5 plans pour r\u00eaver de Fuerteventura","datePublished":"2022-02-25T10:42:36+00:00","dateModified":"2025-05-16T14:21:41+00:00","mainEntityOfPage":{"@id":"https:\/\/tourtravelandmore.com\/fr\/5-plans-pour-rever-de-fuerteventura\/"},"wordCount":1519,"commentCount":0,"publisher":{"@id":"https:\/\/tourtravelandmore.com\/fr\/#organization"},"image":{"@id":"https:\/\/tourtravelandmore.com\/fr\/5-plans-pour-rever-de-fuerteventura\/#primaryimage"},"thumbnailUrl":"https:\/\/tourtravelandmore.com\/wp-content\/uploads\/2022\/02\/image-10.jpeg","articleSection":["Espagne","Europe","Granada","Non classifi\u00e9(e)"],"inLanguage":"fr-FR","potentialAction":[{"@type":"CommentAction","name":"Comment","target":["https:\/\/tourtravelandmore.com\/fr\/5-plans-pour-rever-de-fuerteventura\/#respond"]}],"accessibilityFeature":["tableOfContents"]},{"@type":"WebPage","@id":"https:\/\/tourtravelandmore.com\/fr\/5-plans-pour-rever-de-fuerteventura\/","url":"https:\/\/tourtravelandmore.com\/fr\/5-plans-pour-rever-de-fuerteventura\/","name":"5 plans pour r\u00eaver de Fuerteventura - Tour Travel & More","isPartOf":{"@id":"https:\/\/tourtravelandmore.com\/fr\/#website"},"primaryImageOfPage":{"@id":"https:\/\/tourtravelandmore.com\/fr\/5-plans-pour-rever-de-fuerteventura\/#primaryimage"},"image":{"@id":"https:\/\/tourtravelandmore.com\/fr\/5-plans-pour-rever-de-fuerteventura\/#primaryimage"},"thumbnailUrl":"https:\/\/tourtravelandmore.com\/wp-content\/uploads\/2022\/02\/image-10.jpeg","datePublished":"2022-02-25T10:42:36+00:00","dateModified":"2025-05-16T14:21:41+00:00","description":"Fuerteventura, une \u00eele des Canaries qui vous offre de planifier tous vos r\u00eaves dans des vacances bien m\u00e9rit\u00e9es ; id\u00e9ale pour pratiquer diff\u00e9rentes activit\u00e9s. \u21e8","breadcrumb":{"@id":"https:\/\/tourtravelandmore.com\/fr\/5-plans-pour-rever-de-fuerteventura\/#breadcrumb"},"inLanguage":"fr-FR","potentialAction":[{"@type":"ReadAction","target":["https:\/\/tourtravelandmore.com\/fr\/5-plans-pour-rever-de-fuerteventura\/"]}]},{"@type":"ImageObject","inLanguage":"fr-FR","@id":"https:\/\/tourtravelandmore.com\/fr\/5-plans-pour-rever-de-fuerteventura\/#primaryimage","url":"https:\/\/tourtravelandmore.com\/wp-content\/uploads\/2022\/02\/image-10.jpeg","contentUrl":"https:\/\/tourtravelandmore.com\/wp-content\/uploads\/2022\/02\/image-10.jpeg","width":918,"height":612},{"@type":"BreadcrumbList","@id":"https:\/\/tourtravelandmore.com\/fr\/5-plans-pour-rever-de-fuerteventura\/#breadcrumb","itemListElement":[{"@type":"ListItem","position":1,"name":"Home","item":"https:\/\/tourtravelandmore.com\/fr\/"},{"@type":"ListItem","position":2,"name":"5 plans pour r\u00eaver de Fuerteventura"}]},{"@type":"WebSite","@id":"https:\/\/tourtravelandmore.com\/fr\/#website","url":"https:\/\/tourtravelandmore.com\/fr\/","name":"Tour Travel And More","description":"Private sightseeing tours and luxury transfers in Spain","publisher":{"@id":"https:\/\/tourtravelandmore.com\/fr\/#organization"},"potentialAction":[{"@type":"SearchAction","target":{"@type":"EntryPoint","urlTemplate":"https:\/\/tourtravelandmore.com\/fr\/?s={search_term_string}"},"query-input":{"@type":"PropertyValueSpecification","valueRequired":true,"valueName":"search_term_string"}}],"inLanguage":"fr-FR"},{"@type":"Organization","@id":"https:\/\/tourtravelandmore.com\/fr\/#organization","name":"Tour Travel And More","url":"https:\/\/tourtravelandmore.com\/fr\/","logo":{"@type":"ImageObject","inLanguage":"fr-FR","@id":"https:\/\/tourtravelandmore.com\/fr\/#\/schema\/logo\/image\/","url":"https:\/\/tourtravelandmore.com\/wp-content\/uploads\/2022\/12\/cropped-logo-cabecera-new.png","contentUrl":"https:\/\/tourtravelandmore.com\/wp-content\/uploads\/2022\/12\/cropped-logo-cabecera-new.png","width":430,"height":61,"caption":"Tour Travel And More"},"image":{"@id":"https:\/\/tourtravelandmore.com\/fr\/#\/schema\/logo\/image\/"},"sameAs":["https:\/\/www.facebook.com\/tourtravelandmore\/","https:\/\/x.com\/TourTravel_More"]},{"@type":"Person","@id":"https:\/\/tourtravelandmore.com\/fr\/#\/schema\/person\/2a1c66d76ae9290a394e8efb4af12e1e","name":"Maya Nader Harati","image":{"@type":"ImageObject","inLanguage":"fr-FR","@id":"https:\/\/tourtravelandmore.com\/fr\/#\/schema\/person\/image\/","url":"https:\/\/secure.gravatar.com\/avatar\/adc2305883b6f86a616354c0c4516fcd9a333d5f5a0806d9d1ae9b30f898fa1f?s=96&d=mm&r=g","contentUrl":"https:\/\/secure.gravatar.com\/avatar\/adc2305883b6f86a616354c0c4516fcd9a333d5f5a0806d9d1ae9b30f898fa1f?s=96&d=mm&r=g","caption":"Maya Nader Harati"},"description":"Cultural Destination Specialist & Travel Chronicler. Maya doesn\u2019t just travel the world; she translates it.","sameAs":["https:\/\/tourtravelandmore.com\/author-profile-maya-nader-harati\/"]}]}},"_links":{"self":[{"href":"https:\/\/tourtravelandmore.com\/fr\/wp-json\/wp\/v2\/posts\/120018","targetHints":{"allow":["GET"]}}],"collection":[{"href":"https:\/\/tourtravelandmore.com\/fr\/wp-json\/wp\/v2\/posts"}],"about":[{"href":"https:\/\/tourtravelandmore.com\/fr\/wp-json\/wp\/v2\/types\/post"}],"author":[{"embeddable":true,"href":"https:\/\/tourtravelandmore.com\/fr\/wp-json\/wp\/v2\/users\/2"}],"replies":[{"embeddable":true,"href":"https:\/\/tourtravelandmore.com\/fr\/wp-json\/wp\/v2\/comments?post=120018"}],"version-history":[{"count":1,"href":"https:\/\/tourtravelandmore.com\/fr\/wp-json\/wp\/v2\/posts\/120018\/revisions"}],"predecessor-version":[{"id":183961,"href":"https:\/\/tourtravelandmore.com\/fr\/wp-json\/wp\/v2\/posts\/120018\/revisions\/183961"}],"wp:featuredmedia":[{"embeddable":true,"href":"https:\/\/tourtravelandmore.com\/fr\/wp-json\/wp\/v2\/media\/120014"}],"wp:attachment":[{"href":"https:\/\/tourtravelandmore.com\/fr\/wp-json\/wp\/v2\/media?parent=120018"}],"wp:term":[{"taxonomy":"category","embeddable":true,"href":"https:\/\/tourtravelandmore.com\/fr\/wp-json\/wp\/v2\/categories?post=120018"},{"taxonomy":"post_tag","embeddable":true,"href":"https:\/\/tourtravelandmore.com\/fr\/wp-json\/wp\/v2\/tags?post=120018"}],"curies":[{"name":"wp","href":"https:\/\/api.w.org\/{rel}","templated":true}]}}