{"id":118220,"date":"2022-01-28T09:06:16","date_gmt":"2022-01-28T08:06:16","guid":{"rendered":"https:\/\/tourtravelandmore.com\/?p=118220"},"modified":"2025-05-16T16:22:12","modified_gmt":"2025-05-16T14:22:12","slug":"que-voir-a-grenade-en-3-jours","status":"publish","type":"post","link":"https:\/\/tourtravelandmore.com\/fr\/que-voir-a-grenade-en-3-jours\/","title":{"rendered":"<strong>Que voir \u00e0 Grenade en 3 jours ?<\/strong>"},"content":{"rendered":"\n<div class=\"wp-block-yoast-seo-table-of-contents yoast-table-of-contents\"><h2>Table of contents<\/h2><ul><li><a href=\"#h-parlons-un-peu-de-l-alhambra-et-du-quartier-de-l-albaic-n\" data-level=\"2\">Parlons un peu de l&#8217;Alhambra et du quartier de l&#8217;Albaic\u00edn :<\/a><\/li><li><a href=\"#h-el-mirador-de-san-nicol-s-et-el-ba-uelo\" data-level=\"2\">El Mirador de San Nicol\u00e1s et El Ba\u00f1uelo :<\/a><\/li><li><a href=\"#h-le-l-gendaire-quartier-du-sacromonte-et-le-paseo-de-los-tristes\" data-level=\"2\">Le l\u00e9gendaire quartier du Sacromonte et le Paseo de los Tristes :\u00a0<\/a><\/li><li><a href=\"#h-visitons-maintenant-la-cath-drale-de-grenade-et-le-parc-scientifique\" data-level=\"2\">Visitons maintenant la cath\u00e9drale de Grenade et le parc scientifique :<\/a><\/li><\/ul><\/div>\n\n\n\n<p>De nombreux touristes disent que Grenade est la plus belle ville d&#8217;Espagne, o\u00f9 l&#8217;on peut profiter non seulement des monuments, mais aussi de ses paysages et de sa gastronomie. <strong>En 3 jours, vous pouvez conna\u00eetre la plupart des <\/strong>\u00e9l\u00e9ments de la ville, un temps id\u00e9al o\u00f9 vous n&#8217;aurez pas le temps de vous ennuyer. Toutefois, si ce que vous aimez, c&#8217;est l&#8217;histoire, alors vous pouvez <a href=\"https:\/\/tourtravelandmore.com\/es\/tours\/espana-es\/granada-es\/tour-alhambra-granada-y-ciudad-tour-privado-a-pie-con-guia-oficial\/\"><strong>vous promener dans le centre historique de la ville, confortablement \u00e0 pied.<\/strong><\/a><\/p>\n\n\n\n<p>Au cours de ce circuit, vous pourrez visiter, par exemple, la chancellerie royale, l&#8217;\u00e9glise de Santa Ana, la Madraza, le monument aux Capitulations, l&#8217;Alcaicer\u00eda, la place de Bib-Rambla et, bien s\u00fbr, la cath\u00e9drale de Grenade et la chapelle royale ; autrement dit, vous trouverez dans chaque coin quelque chose de passionnant et de sp\u00e9cial \u00e0 voir.&nbsp;<\/p>\n\n\n\n<p>Mais il y a d&#8217;autres <strong>endroits que les voyageurs pr\u00e9f\u00e8rent aussi <\/strong>et que vous trouverez dans cette belle ville andalouse. Sans aucun doute, l&#8217;Alhambra est un monument qui re\u00e7oit de nombreuses visites, cependant, nous avons l&#8217;Albaicin, le Mirador de San Nicolas, le quartier du Sacromonte, le Parc des Sciences, le Ba\u00f1uelo, le Paseo de los Tristes, entre autres. Chacun choisira ce qui lui pla\u00eet le plus dans sa visite.<\/p>\n\n\n\n<h2 class=\"wp-block-heading\" id=\"h-parlons-un-peu-de-l-alhambra-et-du-quartier-de-l-albaic-n\"><strong>Parlons un peu de l&#8217;Alhambra et du quartier de l&#8217;Albaic\u00edn :<\/strong><\/h2>\n\n\n\n<ul class=\"wp-block-list\"><li>Le c\u00e9l\u00e8bre Alhambra et le Generalife ; l&#8217;Alhambra est le principal monument de la ville et il faut au <strong>moins une matin\u00e9e <\/strong>pour le visiter, car il est assez vaste. Nous d\u00e9couvrirons les palais nasrides, l&#8217;Alcazaba, le Patio de los Leones et le palais de Charles Quint. Monument d\u00e9clar\u00e9 patrimoine mondial de l&#8217;UNESCO.<\/li><\/ul>\n\n\n\n<p>Au m\u00eame endroit <strong>se trouve le Generalife, la villa rurale <\/strong>avec les beaux jardins o\u00f9 les rois Nasrides ont v\u00e9cu pour se reposer. Tout ceci peut \u00eatre visit\u00e9 par soi-m\u00eame ou en r\u00e9servant une visite guid\u00e9e, ce qui est recommand\u00e9 pour recevoir plus d&#8217;informations.&nbsp;<\/p>\n\n\n\n<figure class=\"wp-block-image\"><img decoding=\"async\" src=\"https:\/\/lh4.googleusercontent.com\/YX7AEOcQ58NiFYWG-iJM5o16m-xZFikjlc0zT-mPkD3F4CdURGy879MIVj4Ge3Z8ixmHMAJNjBcg8V1gNApTu0LnvV_cbzAzOx7nGnKsIK-i5EpRtqLDY6AT6GY7hVFNsHhJTQ32\" alt=\"\"\/><\/figure>\n\n\n\n<ul class=\"wp-block-list\"><li>Le quartier de l&#8217;Albaic\u00edn : ce quartier est l&#8217;endroit o\u00f9 les musulmans se sont install\u00e9s pour la premi\u00e8re fois dans la ville, et est situ\u00e9 s\u00e9par\u00e9 de l&#8217;Alhambra par la rivi\u00e8re Darro. Il est compos\u00e9 <strong>de nombreuses rues \u00e9troites <\/strong>et d&#8217;un bon r\u00e9seau de belles maisons, toutes de couleur blanche. Se promener dans ces rues \u00e9troites vous fait remonter le temps, bien que les pentes soient assez raides.<\/li><\/ul>\n\n\n\n<p>Dans cette zone se trouve <strong>le Mirador de San Nicolas <\/strong>et d&#8217;ici on obtient des vues d&#8217;autres lieux importants de la ville, particuli\u00e8rement recommand\u00e9 d&#8217;arriver au coucher du soleil, co\u00efncidant avec le coucher du soleil. En outre, en parcourant ces rues, nous trouvons la <strong>Casa del Castril<\/strong>, qui est un palais de style Renaissance et qui sert actuellement de mus\u00e9e arch\u00e9ologique.<\/p>\n\n\n\n<p><strong>Aussi El Ba\u00f1uelo, le Paseo de los Tristes<\/strong>, le Monast\u00e8re de Santa Isabel la Real et la Placeta de San Miguel Bajo et son \u00e9glise. Tout cela en montant les rues, mais maintenant il est temps de commencer \u00e0 descendre et vous pouvez profiter des terrasses et des environnements de tapas. Nous devons mentionner que l&#8217;Albaicin est un site du patrimoine mondial de l&#8217;UNESCO.<\/p>\n\n\n\n<h2 class=\"wp-block-heading\" id=\"h-el-mirador-de-san-nicol-s-et-el-ba-uelo\"><strong>El Mirador de San Nicol\u00e1s et El Ba\u00f1uelo :<\/strong><\/h2>\n\n\n\n<ul class=\"wp-block-list\"><li>El Mirador de San Nicol\u00e1s : il est situ\u00e9 \u00e0 c\u00f4t\u00e9 de l&#8217;\u00e9glise de San Nicol\u00e1s, dans la partie la plus haute de la forteresse de l&#8217;Alcazaba du XIIIe si\u00e8cle. \u00c0 l&#8217;origine, il <strong>y avait \u00e0 cet endroit une mosqu\u00e9e<\/strong>, dont il ne reste que la citerne ; c&#8217;\u00e9tait \u00e9galement une place d&#8217;armes et un lieu de rencontre. Au d\u00e9but, la zone \u00e9tait occup\u00e9e par des palais et des maisons arabes.&nbsp;<\/li><\/ul>\n\n\n\n<p>On dit que dans l&#8217;un d&#8217;eux, on a discut\u00e9 de la reddition de Grenade en 1942 aux Rois Catholiques. <strong>Actuellement, ce mirador est une <\/strong>place de forme carr\u00e9e, des bancs en pierre, des arbres dans ses environs et son sol avec le pav\u00e9 caract\u00e9ristique de la ville.<\/p>\n\n\n\n<ul class=\"wp-block-list\"><li>El Ba\u00f1uelo ou bain arabe : il est appel\u00e9 Hammam ou Ba\u00f1o de los Axares ou encore del Nogal, et date du XIe si\u00e8cle de l&#8217;\u00e9poque ziride. Il est situ\u00e9 au num\u00e9ro 31 \u00e0 la hauteur de la Carrera del Darro et en face d&#8217;un pont appel\u00e9 Cadi ; une structure qui a \u00e9t\u00e9 h\u00e9rit\u00e9e des bains romains, <strong>de mortier et de murs \u00e9pais, afin de maintenir <\/strong>la temp\u00e9rature et la distribution de l&#8217;eau \u00e0 l&#8217;int\u00e9rieur.<\/li><\/ul>\n\n\n\n<p>Ces constructions \u00e9taient de la plus haute importance pour les musulmans, car pour eux l&#8217;eau servait non seulement \u00e0 l&#8217;hygi\u00e8ne mais aussi \u00e0 la purification. <strong>Compos\u00e9es de plusieurs pi\u00e8ces, certaines \u00e9taient priv\u00e9es <\/strong>pour la population select et d&#8217;autres pour le public, o\u00f9 ils se lavaient, s&#8217;\u00e9pilaient, se coupaient les cheveux et recevaient des massages.&nbsp;<\/p>\n\n\n\n<p>Un centre de beaut\u00e9 social pour les hommes et les femmes, mais avec des horaires diff\u00e9rents ; on y pr\u00e9parait \u00e9galement les mari\u00e9es et leur futur mariage. En plus de ses int\u00e9ressantes salles thermales, on ne peut manquer d&#8217;<strong>admirer les lucarnes au niveau du plafond en <\/strong>forme d&#8217;\u00e9toiles et octogonales ; bien s\u00fbr, les chapiteaux de ses colonnes.<\/p>\n\n\n\n<figure class=\"wp-block-image\"><img decoding=\"async\" src=\"https:\/\/lh6.googleusercontent.com\/cDr9dst2wmgbxuSAICXeh-UC14pT8U6yA9UK3JJLwsLNhXmhGPVjaNrWhAFwtzOlVh9atS51oWNx5YVVKRXmyyuxMpy_YQuzNMUxQN67rMtcmk7LzPRmruULl6B8zxA84S_v5b5M\" alt=\"\"\/><\/figure>\n\n\n\n<h2 class=\"wp-block-heading\" id=\"h-le-l-gendaire-quartier-du-sacromonte-et-le-paseo-de-los-tristes\"><strong>Le l\u00e9gendaire quartier du Sacromonte et le Paseo de los Tristes :&nbsp;<\/strong><\/h2>\n\n\n\n<ul class=\"wp-block-list\"><li>Le quartier du Sacromonte : ce quartier l\u00e9gendaire est accessible par une extr\u00e9mit\u00e9 de l&#8217;Albaic\u00edn, et \u00e0 diff\u00e9rentes \u00e9poques ont cohabit\u00e9 Arabes, Juifs et gitans qui sont venus dans cette zone parce qu&#8217;ils ont accompagn\u00e9 les Rois Catholiques dans leur conqu\u00eate. Ils ont construit leurs <strong>propres maisons <\/strong>sur ces pentes au <strong>niveau des grottes<\/strong>, qui sont situ\u00e9es \u00e0 c\u00f4t\u00e9 des ravins.<\/li><\/ul>\n\n\n\n<p>Le plus c\u00e9l\u00e8bre \u00e9tant Las Zambras, o\u00f9 chaque nuit les gitans font la f\u00eate en chantant et en dansant le flamenco. Au bout de cette route se trouve une abbaye appel\u00e9e Sacromonte du XVIIe si\u00e8cle, qui <strong>sert aujourd&#8217;hui de mus\u00e9e de peintures et de reliques chr\u00e9tiennes<\/strong>, des premiers venus \u00e0 Grenade.<\/p>\n\n\n\n<ul class=\"wp-block-list\"><li>Le Paseo de los Tristes : depuis la place la plus centrale de Grenade, appel\u00e9e Plaza Nueva, commence la Carrera del Darro, au pied de l&#8217;Alhambra, et beaucoup disent que c&#8217;est la plus belle promenade de cette ville. \u00c0 la fin de la Carrera commence le c\u00e9l\u00e8bre Paseo de los Tristes, appel\u00e9 ainsi depuis le XIXe si\u00e8cle, bien que pas officiellement, car c<strong>&#8216;\u00e9tait le passage des cort\u00e8ges fun\u00e9raires vers le cimeti\u00e8re <\/strong>voisin<strong>.<\/strong><\/li><\/ul>\n\n\n\n<h2 class=\"wp-block-heading\" id=\"h-visitons-maintenant-la-cath-drale-de-grenade-et-le-parc-scientifique\"><strong>Visitons maintenant la cath\u00e9drale de Grenade et le parc scientifique :<\/strong><\/h2>\n\n\n\n<ul class=\"wp-block-list\"><li>La cath\u00e9drale et la chapelle royale : avec la conqu\u00eate de Grenade, la reine Isabel II a ordonn\u00e9 la construction d&#8217;une \u0153uvre d&#8217;art de type Renaissance, comme la cath\u00e9drale. \u00c0 l&#8217;int\u00e9rieur, on trouve plusieurs chapelles, comme celle de Nuestra Se\u00f1ora de la Antigua, et un beau retable ; \u00e0 l&#8217;ext\u00e9rieur, une fa\u00e7ade impressionnante et tr\u00e8s \u00e9labor\u00e9e. Il y a aussi la chapelle royale, o\u00f9 sont enterr\u00e9s les monarques catholiques.<\/li><\/ul>\n\n\n\n<figure class=\"wp-block-image\"><img decoding=\"async\" src=\"https:\/\/lh4.googleusercontent.com\/c-iIMc3Rli_PKiluhk9KLNrIR5NsWrTLZAKs5oAshqS38Gj4aR9bNOf8hoeInuCaa92E_xgdqixBR1HvWuceYTZiv73p5U38FCQBFbEbpLwzGgkCdR1NXJLaNDcp6WHzn3D_14CM\" alt=\"\"\/><\/figure>\n\n\n\n<p>Le parc scientifique : il a \u00e9t\u00e9 inaugur\u00e9 en 1995 et sert actuellement de centre de r\u00e9f\u00e9rence international pour la diffusion scientifique et de premier mus\u00e9e scientifique interactif de la ville. Il s&#8217;agit d&#8217;une visite tr\u00e8s int\u00e9ressante pour les enfants et les adultes, car il dispose d&#8217;un plan\u00e9tarium avec sa tour d&#8217;observation.<\/p>\n","protected":false},"excerpt":{"rendered":"<p>Grenade a des endroits spectaculaires \u00e0 visiter, des monuments historiques et des mus\u00e9es de grande valeur culturelle aux promenades et \u00e0 la grande gastronomie. En 3 jours, vous pouvez visiter la plupart de ces endroits et avoir une belle impression de la ville.<\/p>\n","protected":false},"author":2,"featured_media":118217,"comment_status":"open","ping_status":"open","sticky":false,"template":"","format":"standard","meta":{"_acf_changed":false,"footnotes":""},"categories":[3962,3914,3963,2395],"tags":[],"class_list":["post-118220","post","type-post","status-publish","format-standard","has-post-thumbnail","hentry","category-espagne","category-europe-fr","category-grenade","category-non-classifiee"],"acf":[],"yoast_head":"<!-- This site is optimized with the Yoast SEO Premium plugin v25.3.1 (Yoast SEO v25.3.1) - https:\/\/yoast.com\/wordpress\/plugins\/seo\/ -->\n<title>Que voir \u00e0 Grenade en 3 jours ? - Tour Travel &amp; More<\/title>\n<meta name=\"description\" content=\"\u2714 Si vous ne connaissez toujours pas Grenade et que vous avez peu de temps pour votre voyage, ne vous inqui\u00e9tez pas, ici nous vous montrons comment le faire en seulement 3 jours.... \u2714.\" \/>\n<meta name=\"robots\" content=\"index, follow, max-snippet:-1, max-image-preview:large, max-video-preview:-1\" \/>\n<link rel=\"canonical\" href=\"https:\/\/tourtravelandmore.com\/fr\/que-voir-a-grenade-en-3-jours\/\" \/>\n<meta property=\"og:locale\" content=\"fr_FR\" \/>\n<meta property=\"og:type\" content=\"article\" \/>\n<meta property=\"og:title\" content=\"Que voir \u00e0 Grenade en 3 jours ?\" \/>\n<meta property=\"og:description\" content=\"\u2714 Si vous ne connaissez toujours pas Grenade et que vous avez peu de temps pour votre voyage, ne vous inqui\u00e9tez pas, ici nous vous montrons comment le faire en seulement 3 jours.... \u2714.\" \/>\n<meta property=\"og:url\" content=\"https:\/\/tourtravelandmore.com\/fr\/que-voir-a-grenade-en-3-jours\/\" \/>\n<meta property=\"og:site_name\" content=\"Tour Travel And More\" \/>\n<meta property=\"article:publisher\" content=\"https:\/\/www.facebook.com\/tourtravelandmore\/\" \/>\n<meta property=\"article:published_time\" content=\"2022-01-28T08:06:16+00:00\" \/>\n<meta property=\"article:modified_time\" content=\"2025-05-16T14:22:12+00:00\" \/>\n<meta property=\"og:image\" content=\"https:\/\/tourtravelandmore.com\/wp-content\/uploads\/2022\/01\/image-15.jpeg\" \/>\n\t<meta property=\"og:image:width\" content=\"917\" \/>\n\t<meta property=\"og:image:height\" content=\"367\" \/>\n\t<meta property=\"og:image:type\" content=\"image\/jpeg\" \/>\n<meta name=\"author\" content=\"Maya Nader Harati\" \/>\n<meta name=\"twitter:card\" content=\"summary_large_image\" \/>\n<meta name=\"twitter:creator\" content=\"@TourTravel_More\" \/>\n<meta name=\"twitter:site\" content=\"@TourTravel_More\" \/>\n<meta name=\"twitter:label1\" content=\"\u00c9crit par\" \/>\n\t<meta name=\"twitter:data1\" content=\"Maya Nader Harati\" \/>\n\t<meta name=\"twitter:label2\" content=\"Dur\u00e9e de lecture estim\u00e9e\" \/>\n\t<meta name=\"twitter:data2\" content=\"6 minutes\" \/>\n<script type=\"application\/ld+json\" class=\"yoast-schema-graph\">{\"@context\":\"https:\/\/schema.org\",\"@graph\":[{\"@type\":\"Article\",\"@id\":\"https:\/\/tourtravelandmore.com\/fr\/que-voir-a-grenade-en-3-jours\/#article\",\"isPartOf\":{\"@id\":\"https:\/\/tourtravelandmore.com\/fr\/que-voir-a-grenade-en-3-jours\/\"},\"author\":{\"name\":\"Maya Nader Harati\",\"@id\":\"https:\/\/tourtravelandmore.com\/fr\/#\/schema\/person\/2a1c66d76ae9290a394e8efb4af12e1e\"},\"headline\":\"Que voir \u00e0 Grenade en 3 jours ?\",\"datePublished\":\"2022-01-28T08:06:16+00:00\",\"dateModified\":\"2025-05-16T14:22:12+00:00\",\"mainEntityOfPage\":{\"@id\":\"https:\/\/tourtravelandmore.com\/fr\/que-voir-a-grenade-en-3-jours\/\"},\"wordCount\":1325,\"commentCount\":0,\"publisher\":{\"@id\":\"https:\/\/tourtravelandmore.com\/fr\/#organization\"},\"image\":{\"@id\":\"https:\/\/tourtravelandmore.com\/fr\/que-voir-a-grenade-en-3-jours\/#primaryimage\"},\"thumbnailUrl\":\"https:\/\/tourtravelandmore.com\/wp-content\/uploads\/2022\/01\/image-15.jpeg\",\"articleSection\":[\"Espagne\",\"Europe\",\"Grenade\",\"Non classifi\u00e9(e)\"],\"inLanguage\":\"fr-FR\",\"potentialAction\":[{\"@type\":\"CommentAction\",\"name\":\"Comment\",\"target\":[\"https:\/\/tourtravelandmore.com\/fr\/que-voir-a-grenade-en-3-jours\/#respond\"]}],\"accessibilityFeature\":[\"tableOfContents\"]},{\"@type\":\"WebPage\",\"@id\":\"https:\/\/tourtravelandmore.com\/fr\/que-voir-a-grenade-en-3-jours\/\",\"url\":\"https:\/\/tourtravelandmore.com\/fr\/que-voir-a-grenade-en-3-jours\/\",\"name\":\"Que voir \u00e0 Grenade en 3 jours ? - Tour Travel & More\",\"isPartOf\":{\"@id\":\"https:\/\/tourtravelandmore.com\/fr\/#website\"},\"primaryImageOfPage\":{\"@id\":\"https:\/\/tourtravelandmore.com\/fr\/que-voir-a-grenade-en-3-jours\/#primaryimage\"},\"image\":{\"@id\":\"https:\/\/tourtravelandmore.com\/fr\/que-voir-a-grenade-en-3-jours\/#primaryimage\"},\"thumbnailUrl\":\"https:\/\/tourtravelandmore.com\/wp-content\/uploads\/2022\/01\/image-15.jpeg\",\"datePublished\":\"2022-01-28T08:06:16+00:00\",\"dateModified\":\"2025-05-16T14:22:12+00:00\",\"description\":\"\u2714 Si vous ne connaissez toujours pas Grenade et que vous avez peu de temps pour votre voyage, ne vous inqui\u00e9tez pas, ici nous vous montrons comment le faire en seulement 3 jours.... \u2714.\",\"breadcrumb\":{\"@id\":\"https:\/\/tourtravelandmore.com\/fr\/que-voir-a-grenade-en-3-jours\/#breadcrumb\"},\"inLanguage\":\"fr-FR\",\"potentialAction\":[{\"@type\":\"ReadAction\",\"target\":[\"https:\/\/tourtravelandmore.com\/fr\/que-voir-a-grenade-en-3-jours\/\"]}]},{\"@type\":\"ImageObject\",\"inLanguage\":\"fr-FR\",\"@id\":\"https:\/\/tourtravelandmore.com\/fr\/que-voir-a-grenade-en-3-jours\/#primaryimage\",\"url\":\"https:\/\/tourtravelandmore.com\/wp-content\/uploads\/2022\/01\/image-15.jpeg\",\"contentUrl\":\"https:\/\/tourtravelandmore.com\/wp-content\/uploads\/2022\/01\/image-15.jpeg\",\"width\":917,\"height\":367},{\"@type\":\"BreadcrumbList\",\"@id\":\"https:\/\/tourtravelandmore.com\/fr\/que-voir-a-grenade-en-3-jours\/#breadcrumb\",\"itemListElement\":[{\"@type\":\"ListItem\",\"position\":1,\"name\":\"Home\",\"item\":\"https:\/\/tourtravelandmore.com\/fr\/\"},{\"@type\":\"ListItem\",\"position\":2,\"name\":\"Que voir \u00e0 Grenade en 3 jours ?\"}]},{\"@type\":\"WebSite\",\"@id\":\"https:\/\/tourtravelandmore.com\/fr\/#website\",\"url\":\"https:\/\/tourtravelandmore.com\/fr\/\",\"name\":\"Tour Travel And More\",\"description\":\"Private sightseeing tours and luxury transfers in Spain\",\"publisher\":{\"@id\":\"https:\/\/tourtravelandmore.com\/fr\/#organization\"},\"potentialAction\":[{\"@type\":\"SearchAction\",\"target\":{\"@type\":\"EntryPoint\",\"urlTemplate\":\"https:\/\/tourtravelandmore.com\/fr\/?s={search_term_string}\"},\"query-input\":{\"@type\":\"PropertyValueSpecification\",\"valueRequired\":true,\"valueName\":\"search_term_string\"}}],\"inLanguage\":\"fr-FR\"},{\"@type\":\"Organization\",\"@id\":\"https:\/\/tourtravelandmore.com\/fr\/#organization\",\"name\":\"Tour Travel And More\",\"url\":\"https:\/\/tourtravelandmore.com\/fr\/\",\"logo\":{\"@type\":\"ImageObject\",\"inLanguage\":\"fr-FR\",\"@id\":\"https:\/\/tourtravelandmore.com\/fr\/#\/schema\/logo\/image\/\",\"url\":\"https:\/\/tourtravelandmore.com\/wp-content\/uploads\/2022\/12\/cropped-logo-cabecera-new.png\",\"contentUrl\":\"https:\/\/tourtravelandmore.com\/wp-content\/uploads\/2022\/12\/cropped-logo-cabecera-new.png\",\"width\":430,\"height\":61,\"caption\":\"Tour Travel And More\"},\"image\":{\"@id\":\"https:\/\/tourtravelandmore.com\/fr\/#\/schema\/logo\/image\/\"},\"sameAs\":[\"https:\/\/www.facebook.com\/tourtravelandmore\/\",\"https:\/\/x.com\/TourTravel_More\"]},{\"@type\":\"Person\",\"@id\":\"https:\/\/tourtravelandmore.com\/fr\/#\/schema\/person\/2a1c66d76ae9290a394e8efb4af12e1e\",\"name\":\"Maya Nader Harati\",\"image\":{\"@type\":\"ImageObject\",\"inLanguage\":\"fr-FR\",\"@id\":\"https:\/\/tourtravelandmore.com\/fr\/#\/schema\/person\/image\/\",\"url\":\"https:\/\/secure.gravatar.com\/avatar\/adc2305883b6f86a616354c0c4516fcd9a333d5f5a0806d9d1ae9b30f898fa1f?s=96&d=mm&r=g\",\"contentUrl\":\"https:\/\/secure.gravatar.com\/avatar\/adc2305883b6f86a616354c0c4516fcd9a333d5f5a0806d9d1ae9b30f898fa1f?s=96&d=mm&r=g\",\"caption\":\"Maya Nader Harati\"},\"description\":\"Cultural Destination Specialist & Travel Chronicler. Maya doesn\u2019t just travel the world; she translates it.\",\"sameAs\":[\"https:\/\/tourtravelandmore.com\/author-profile-maya-nader-harati\/\"]}]}<\/script>\n<!-- \/ Yoast SEO Premium plugin. -->","yoast_head_json":{"title":"Que voir \u00e0 Grenade en 3 jours ? - Tour Travel & More","description":"\u2714 Si vous ne connaissez toujours pas Grenade et que vous avez peu de temps pour votre voyage, ne vous inqui\u00e9tez pas, ici nous vous montrons comment le faire en seulement 3 jours.... \u2714.","robots":{"index":"index","follow":"follow","max-snippet":"max-snippet:-1","max-image-preview":"max-image-preview:large","max-video-preview":"max-video-preview:-1"},"canonical":"https:\/\/tourtravelandmore.com\/fr\/que-voir-a-grenade-en-3-jours\/","og_locale":"fr_FR","og_type":"article","og_title":"Que voir \u00e0 Grenade en 3 jours ?","og_description":"\u2714 Si vous ne connaissez toujours pas Grenade et que vous avez peu de temps pour votre voyage, ne vous inqui\u00e9tez pas, ici nous vous montrons comment le faire en seulement 3 jours.... \u2714.","og_url":"https:\/\/tourtravelandmore.com\/fr\/que-voir-a-grenade-en-3-jours\/","og_site_name":"Tour Travel And More","article_publisher":"https:\/\/www.facebook.com\/tourtravelandmore\/","article_published_time":"2022-01-28T08:06:16+00:00","article_modified_time":"2025-05-16T14:22:12+00:00","og_image":[{"width":917,"height":367,"url":"https:\/\/tourtravelandmore.com\/wp-content\/uploads\/2022\/01\/image-15.jpeg","type":"image\/jpeg"}],"author":"Maya Nader Harati","twitter_card":"summary_large_image","twitter_creator":"@TourTravel_More","twitter_site":"@TourTravel_More","twitter_misc":{"\u00c9crit par":"Maya Nader Harati","Dur\u00e9e de lecture estim\u00e9e":"6 minutes"},"schema":{"@context":"https:\/\/schema.org","@graph":[{"@type":"Article","@id":"https:\/\/tourtravelandmore.com\/fr\/que-voir-a-grenade-en-3-jours\/#article","isPartOf":{"@id":"https:\/\/tourtravelandmore.com\/fr\/que-voir-a-grenade-en-3-jours\/"},"author":{"name":"Maya Nader Harati","@id":"https:\/\/tourtravelandmore.com\/fr\/#\/schema\/person\/2a1c66d76ae9290a394e8efb4af12e1e"},"headline":"Que voir \u00e0 Grenade en 3 jours ?","datePublished":"2022-01-28T08:06:16+00:00","dateModified":"2025-05-16T14:22:12+00:00","mainEntityOfPage":{"@id":"https:\/\/tourtravelandmore.com\/fr\/que-voir-a-grenade-en-3-jours\/"},"wordCount":1325,"commentCount":0,"publisher":{"@id":"https:\/\/tourtravelandmore.com\/fr\/#organization"},"image":{"@id":"https:\/\/tourtravelandmore.com\/fr\/que-voir-a-grenade-en-3-jours\/#primaryimage"},"thumbnailUrl":"https:\/\/tourtravelandmore.com\/wp-content\/uploads\/2022\/01\/image-15.jpeg","articleSection":["Espagne","Europe","Grenade","Non classifi\u00e9(e)"],"inLanguage":"fr-FR","potentialAction":[{"@type":"CommentAction","name":"Comment","target":["https:\/\/tourtravelandmore.com\/fr\/que-voir-a-grenade-en-3-jours\/#respond"]}],"accessibilityFeature":["tableOfContents"]},{"@type":"WebPage","@id":"https:\/\/tourtravelandmore.com\/fr\/que-voir-a-grenade-en-3-jours\/","url":"https:\/\/tourtravelandmore.com\/fr\/que-voir-a-grenade-en-3-jours\/","name":"Que voir \u00e0 Grenade en 3 jours ? - Tour Travel & More","isPartOf":{"@id":"https:\/\/tourtravelandmore.com\/fr\/#website"},"primaryImageOfPage":{"@id":"https:\/\/tourtravelandmore.com\/fr\/que-voir-a-grenade-en-3-jours\/#primaryimage"},"image":{"@id":"https:\/\/tourtravelandmore.com\/fr\/que-voir-a-grenade-en-3-jours\/#primaryimage"},"thumbnailUrl":"https:\/\/tourtravelandmore.com\/wp-content\/uploads\/2022\/01\/image-15.jpeg","datePublished":"2022-01-28T08:06:16+00:00","dateModified":"2025-05-16T14:22:12+00:00","description":"\u2714 Si vous ne connaissez toujours pas Grenade et que vous avez peu de temps pour votre voyage, ne vous inqui\u00e9tez pas, ici nous vous montrons comment le faire en seulement 3 jours.... \u2714.","breadcrumb":{"@id":"https:\/\/tourtravelandmore.com\/fr\/que-voir-a-grenade-en-3-jours\/#breadcrumb"},"inLanguage":"fr-FR","potentialAction":[{"@type":"ReadAction","target":["https:\/\/tourtravelandmore.com\/fr\/que-voir-a-grenade-en-3-jours\/"]}]},{"@type":"ImageObject","inLanguage":"fr-FR","@id":"https:\/\/tourtravelandmore.com\/fr\/que-voir-a-grenade-en-3-jours\/#primaryimage","url":"https:\/\/tourtravelandmore.com\/wp-content\/uploads\/2022\/01\/image-15.jpeg","contentUrl":"https:\/\/tourtravelandmore.com\/wp-content\/uploads\/2022\/01\/image-15.jpeg","width":917,"height":367},{"@type":"BreadcrumbList","@id":"https:\/\/tourtravelandmore.com\/fr\/que-voir-a-grenade-en-3-jours\/#breadcrumb","itemListElement":[{"@type":"ListItem","position":1,"name":"Home","item":"https:\/\/tourtravelandmore.com\/fr\/"},{"@type":"ListItem","position":2,"name":"Que voir \u00e0 Grenade en 3 jours ?"}]},{"@type":"WebSite","@id":"https:\/\/tourtravelandmore.com\/fr\/#website","url":"https:\/\/tourtravelandmore.com\/fr\/","name":"Tour Travel And More","description":"Private sightseeing tours and luxury transfers in Spain","publisher":{"@id":"https:\/\/tourtravelandmore.com\/fr\/#organization"},"potentialAction":[{"@type":"SearchAction","target":{"@type":"EntryPoint","urlTemplate":"https:\/\/tourtravelandmore.com\/fr\/?s={search_term_string}"},"query-input":{"@type":"PropertyValueSpecification","valueRequired":true,"valueName":"search_term_string"}}],"inLanguage":"fr-FR"},{"@type":"Organization","@id":"https:\/\/tourtravelandmore.com\/fr\/#organization","name":"Tour Travel And More","url":"https:\/\/tourtravelandmore.com\/fr\/","logo":{"@type":"ImageObject","inLanguage":"fr-FR","@id":"https:\/\/tourtravelandmore.com\/fr\/#\/schema\/logo\/image\/","url":"https:\/\/tourtravelandmore.com\/wp-content\/uploads\/2022\/12\/cropped-logo-cabecera-new.png","contentUrl":"https:\/\/tourtravelandmore.com\/wp-content\/uploads\/2022\/12\/cropped-logo-cabecera-new.png","width":430,"height":61,"caption":"Tour Travel And More"},"image":{"@id":"https:\/\/tourtravelandmore.com\/fr\/#\/schema\/logo\/image\/"},"sameAs":["https:\/\/www.facebook.com\/tourtravelandmore\/","https:\/\/x.com\/TourTravel_More"]},{"@type":"Person","@id":"https:\/\/tourtravelandmore.com\/fr\/#\/schema\/person\/2a1c66d76ae9290a394e8efb4af12e1e","name":"Maya Nader Harati","image":{"@type":"ImageObject","inLanguage":"fr-FR","@id":"https:\/\/tourtravelandmore.com\/fr\/#\/schema\/person\/image\/","url":"https:\/\/secure.gravatar.com\/avatar\/adc2305883b6f86a616354c0c4516fcd9a333d5f5a0806d9d1ae9b30f898fa1f?s=96&d=mm&r=g","contentUrl":"https:\/\/secure.gravatar.com\/avatar\/adc2305883b6f86a616354c0c4516fcd9a333d5f5a0806d9d1ae9b30f898fa1f?s=96&d=mm&r=g","caption":"Maya Nader Harati"},"description":"Cultural Destination Specialist & Travel Chronicler. Maya doesn\u2019t just travel the world; she translates it.","sameAs":["https:\/\/tourtravelandmore.com\/author-profile-maya-nader-harati\/"]}]}},"_links":{"self":[{"href":"https:\/\/tourtravelandmore.com\/fr\/wp-json\/wp\/v2\/posts\/118220","targetHints":{"allow":["GET"]}}],"collection":[{"href":"https:\/\/tourtravelandmore.com\/fr\/wp-json\/wp\/v2\/posts"}],"about":[{"href":"https:\/\/tourtravelandmore.com\/fr\/wp-json\/wp\/v2\/types\/post"}],"author":[{"embeddable":true,"href":"https:\/\/tourtravelandmore.com\/fr\/wp-json\/wp\/v2\/users\/2"}],"replies":[{"embeddable":true,"href":"https:\/\/tourtravelandmore.com\/fr\/wp-json\/wp\/v2\/comments?post=118220"}],"version-history":[{"count":1,"href":"https:\/\/tourtravelandmore.com\/fr\/wp-json\/wp\/v2\/posts\/118220\/revisions"}],"predecessor-version":[{"id":183993,"href":"https:\/\/tourtravelandmore.com\/fr\/wp-json\/wp\/v2\/posts\/118220\/revisions\/183993"}],"wp:featuredmedia":[{"embeddable":true,"href":"https:\/\/tourtravelandmore.com\/fr\/wp-json\/wp\/v2\/media\/118217"}],"wp:attachment":[{"href":"https:\/\/tourtravelandmore.com\/fr\/wp-json\/wp\/v2\/media?parent=118220"}],"wp:term":[{"taxonomy":"category","embeddable":true,"href":"https:\/\/tourtravelandmore.com\/fr\/wp-json\/wp\/v2\/categories?post=118220"},{"taxonomy":"post_tag","embeddable":true,"href":"https:\/\/tourtravelandmore.com\/fr\/wp-json\/wp\/v2\/tags?post=118220"}],"curies":[{"name":"wp","href":"https:\/\/api.w.org\/{rel}","templated":true}]}}