{"id":112849,"date":"2021-10-29T10:08:09","date_gmt":"2021-10-29T08:08:09","guid":{"rendered":"https:\/\/tourtravelandmore.com\/?p=112849"},"modified":"2021-10-29T10:08:13","modified_gmt":"2021-10-29T08:08:13","slug":"la-route-de-lart-roman-de-palencia-un-voyage-au-moyen-age","status":"publish","type":"post","link":"https:\/\/tourtravelandmore.com\/fr\/la-route-de-lart-roman-de-palencia-un-voyage-au-moyen-age\/","title":{"rendered":"La Route de l&#8217;art roman de Palencia : un voyage au Moyen \u00c2ge"},"content":{"rendered":"\n<div class=\"wp-block-yoast-seo-table-of-contents yoast-table-of-contents\"><h2>Table of contents<\/h2><ul><li><a href=\"#h-caract-ristiques-de-la-route-romaine-de-palencia\" data-level=\"2\">Caract\u00e9ristiques de la route romaine de Palencia<\/a><\/li><li><a href=\"#h-une-visite-de-la-route-romane-de-palencia\" data-level=\"2\">Une visite de la route romane de Palencia\u00a0<\/a><ul><li><a href=\"#h-cath-drale-de-palencia\" data-level=\"3\">Cath\u00e9drale de Palencia<\/a><\/li><li><a href=\"#h-moarves-de-ojeda\" data-level=\"3\">Moarves de Ojeda<\/a><\/li><li><a href=\"#h-parc-naturel-de-fuentes-carrionas-et-fuente-cobre\" data-level=\"3\">Parc naturel de Fuentes Carrionas et Fuente Cobre\u00a0<\/a><\/li><li><a href=\"#h-glise-de-saint-martin-de-tours\" data-level=\"3\">\u00c9glise de Saint Martin de Tours<\/a><\/li><li><a href=\"#h-monast-re-de-santa-mar-a-de-mave\" data-level=\"3\">Monast\u00e8re de Santa Mar\u00eda de Mave<\/a><\/li><\/ul><\/li><\/ul><\/div>\n\n\n\n<p>La <strong>route romane de Palencia <\/strong>est l&#8217;un des secrets les plus importants de la province de Palencia. Cette ville se caract\u00e9rise par ses tr\u00e9sors naturels, gastronomiques, historiques et culturels. Dans ce billet, vous d\u00e9couvrirez plus particuli\u00e8rement sa richesse culturelle et historique \u00e0 travers cet itin\u00e9raire. Il est consid\u00e9r\u00e9 comme l&#8217;une des destinations architecturales les plus remarquables de Castilla y Le\u00f3n.&nbsp;<\/p>\n\n\n\n<h2 class=\"wp-block-heading\" id=\"h-caract-ristiques-de-la-route-romaine-de-palencia\"><strong>Caract\u00e9ristiques de la route romaine de Palencia<\/strong><\/h2>\n\n\n\n<p>Cet itin\u00e9raire <strong>traverse la capitale provinciale<\/strong>. Il passe \u00e9galement par Fr\u00f3mista, Carri\u00f3n de los Condes, Mave, Aguilar de Campoo et San Salvador de Cantamuda. Pour certains touristes, cette route peut \u00eatre une exp\u00e9rience totalement diff\u00e9rente. Surtout si l&#8217;on compare avec d&#8217;autres <a href=\"https:\/\/tourtravelandmore.com\/fr\/city\/espagne-fr\/\">sites touristiques en Espagne.<\/a><\/p>\n\n\n\n<p>Cependant, la route romaine palestinienne est une exp\u00e9rience \u00e9tonnante et compl\u00e8tement diff\u00e9rente. Malgr\u00e9 ses villages d\u00e9sol\u00e9s et son silence accablant, cette route poss\u00e8de les <strong>plus importants monuments romans d&#8217;Europe<\/strong>. Les \u00e9glises sont con\u00e7ues avec un art pur et on peut y voir des fonts baptismaux du 13\u00e8me si\u00e8cle.<\/p>\n\n\n\n<p>Il existe \u00e9galement des fouilles exceptionnelles dans les montagnes de Palencia qui ont r\u00e9ussi \u00e0 \u00eatre pr\u00e9serv\u00e9es au fil du temps. Un autre spectacle que vous pouvez appr\u00e9cier sur cette route se produit pendant la saison d&#8217;automne. C&#8217;est \u00e0 ce moment que <strong>les cerfs <\/strong>sont en p\u00e9riode de rut et que le rut a lieu.<\/p>\n\n\n\n<figure class=\"wp-block-image\"><img decoding=\"async\" src=\"https:\/\/lh3.googleusercontent.com\/fR2O2Jsq9lTXfPM2EodUNqSvju2zgDZrBH9RLfTowTFve432NWTi9nAiHjymDYUJ5Y0EeQ-eUo_r2GUYObHHTjEtEhCM87Fro7JtN-pVhUumX8aiVpDcrsPe6OV4XQ\" alt=\"\"\/><\/figure>\n\n\n\n<p>Sur cette route, il y a des <strong>montagnes de plus de 2 000 m\u00e8tres de haut<\/strong>. Ils renferment une nature sauvage. Il y a des parcs naturels avec une vari\u00e9t\u00e9 de flore et de faune. Une exp\u00e9rience unique sur cette montagne est d&#8217;atteindre les points de vue au-dessus des nuages. C&#8217;est exactement ce que ceux qui ont visit\u00e9 cette route aiment le plus.&nbsp;<\/p>\n\n\n\n<h2 class=\"wp-block-heading\" id=\"h-une-visite-de-la-route-romane-de-palencia\"><strong>Une visite de la route romane de Palencia&nbsp;<\/strong><\/h2>\n\n\n\n<p>Ci-dessous, vous pouvez d\u00e9couvrir l&#8217;itin\u00e9raire de la Route romane de Palencia. D\u00e9couvrez les endroits les plus \u00e9tonnants de cet itin\u00e9raire :&nbsp;<\/p>\n\n\n\n<h3 class=\"wp-block-heading\" id=\"h-cath-drale-de-palencia\"><strong>Cath\u00e9drale de Palencia<\/strong><\/h3>\n\n\n\n<figure class=\"wp-block-image\"><img decoding=\"async\" src=\"https:\/\/lh4.googleusercontent.com\/wvEYaQQsd4wLIioAiIKrYuI28v8CiRGCy4BjdoDgqnn5Er4tOZ81VhILR-1plRtBrNmcqCTLYB79tBfZZ75VGHcxrPDKH7ni5HeQvvkx67mw_38g4w1OZd-3fSeGTg\" alt=\"\"\/><\/figure>\n\n\n\n<p>Comme il s&#8217;agit d&#8217;un parcours \u00e0 travers les montagnes de Palencia, l&#8217;itin\u00e9raire commence \u00e0 Palencia. C&#8217;est la capitale de la province. L&#8217;un des sites les plus remarquables de la ville est <strong>la Santa Iglesia Catedral de San Antol\u00edn<\/strong>. Elle est \u00e9galement connue sous le nom de &#8220;belle inconnue&#8221;. Cette \u00e9glise pr\u00e9sente diff\u00e9rents styles architecturaux tels que le roman, le wisigothique et le gothique.&nbsp;<\/p>\n\n\n\n<p>Les chapelles de <strong>Nuestra Se\u00f1ora de la Blanca<\/strong>, Nuestra Se\u00f1ora <strong>de la Inmaculada et San Sebasti\u00e1n <\/strong>se distinguent dans cette \u00e9glise. Comme les autres chapelles, chacune a un aspect unique et incomparable. Un autre arr\u00eat obligatoire est le clo\u00eetre et la salle capitulaire. Vous pouvez y acc\u00e9der lors d&#8217;une visite guid\u00e9e de la cath\u00e9drale de San Antolin de Palencia.<\/p>\n\n\n\n<h3 class=\"wp-block-heading\" id=\"h-moarves-de-ojeda\"><strong>Moarves de Ojeda<\/strong><\/h3>\n\n\n\n<figure class=\"wp-block-image\"><img decoding=\"async\" src=\"https:\/\/lh3.googleusercontent.com\/NOvs4jeQVkHpPzCo-V61e6z1Bbw-D0upV2sCE1Nta5o9OvbHl9d1glYz5rYaoNo_gEUzo1D1uUoAD2KydRtM6aHVU_f9ndT9wbH9KGPPmuOsnT5DE4XChfRg1lJqIA\" alt=\"\"\/><\/figure>\n\n\n\n<p>C&#8217;est l&#8217;une des zones les plus embl\u00e9matiques de l&#8217;itin\u00e9raire. L&#8217;\u00e9glise de Moarves de Ojeda est majestueuse et impressionnante. Moarves est une r\u00e9gion qui a \u00e9t\u00e9 repeupl\u00e9e par les Mozarabes au 10e si\u00e8cle. L&#8217;\u00e9glise romane de San Jaun Bautista se distingue dans ce village. Il a \u00e9t\u00e9 d\u00e9clar\u00e9 <strong>monument historique-artistique en 1931<\/strong>.<\/p>\n\n\n\n<p>Le plan de l&#8217;\u00e9difice est rectangulaire et pr\u00e9sente une abside carr\u00e9e avec une vo\u00fbte \u00e0 nervures. Le beffroi est une paroi verticale qui fait \u00e9galement office de clocher. Il s&#8217;agit de la structure typique que l&#8217;on trouve dans le nord de Palencia. La <strong>frise avec les Ap\u00f4tres \u00e0 c\u00f4t\u00e9 du Christ <\/strong>se distingue dans cette \u00e9glise.&nbsp;<\/p>\n\n\n\n<p>\u00c0 l&#8217;int\u00e9rieur, vous pouvez voir <strong>les fonts baptismaux romans<\/strong>. Si vous souhaitez voir l&#8217;int\u00e9rieur, il vous suffit de demander \u00e0 un voisin d&#8217;ouvrir la porte. Ils vous permettront aimablement de faire la visite pour profiter pleinement de l&#8217;architecture.&nbsp;<\/p>\n\n\n\n<h3 class=\"wp-block-heading\" id=\"h-parc-naturel-de-fuentes-carrionas-et-fuente-cobre\"><strong>Parc naturel de Fuentes Carrionas et Fuente Cobre&nbsp;<\/strong><\/h3>\n\n\n\n<h3 class=\"wp-block-heading\" id=\"h-\"><img fetchpriority=\"high\" decoding=\"async\" src=\"https:\/\/lh6.googleusercontent.com\/YSBha1wEJMuuFgxMRwkmxkQiW_qqdCs8m1eZUpqZOAq2fCJwBPm93v7OyZq9O69upOvTS2nCepznilOrNomn-BMKiIY-jFzoXJIuyfZiI26qGGhQXAJFslFaK51ZaA\" width=\"602\" height=\"339\"><\/h3>\n\n\n\n<p>Il s&#8217;agit d&#8217;un parc naturel que vous ne pouvez pas manquer sur votre parcours dans le roman de Palencia. Il comporte des <strong>pics et des cr\u00eates <\/strong>qui peuvent atteindre plus de 2 500 m\u00e8tres de haut. Cela permet la formation de falaises impressionnantes et de vall\u00e9es profondes.&nbsp;<\/p>\n\n\n\n<p>Les deux rivi\u00e8res qui traversent le parc, le <strong>Carri\u00f3n et le Pisuerga, <\/strong>sont \u00e9galement remarquables. Dans le parc, vous pouvez \u00e9galement voir plusieurs lacs d&#8217;origine glaciaire. Vous pourrez \u00e9galement profiter de la v\u00e9g\u00e9tation exub\u00e9rante compos\u00e9e de pins, de houx, de ch\u00eanes, de h\u00eatres, etc.&nbsp;<\/p>\n\n\n\n<p>Depuis le parc, vous pouvez avoir la <strong>meilleure vue pour observer le rut des cerfs<\/strong>. Les cerfs vivent en libert\u00e9 dans cette zone. Si vous ne pouvez pas le voir, vous pouvez entendre le mugissement, car il est assez bruyant. En plus des cerfs, vous pouvez trouver divers animaux tels que des hiboux, des loirs gris, des grands t\u00e9tras, des ours bruns, des loutres, des aigles royaux, etc. Certains d&#8217;entre eux sont en voie d&#8217;extinction.&nbsp;<\/p>\n\n\n\n<h3 class=\"wp-block-heading\" id=\"h-glise-de-saint-martin-de-tours\"><strong>\u00c9glise de Saint Martin de Tours<\/strong><\/h3>\n\n\n\n<figure class=\"wp-block-image\"><img decoding=\"async\" src=\"https:\/\/lh4.googleusercontent.com\/9fLfpZ5NMCK-4UQm2XoRICHBRKggdqf7xgpWvwHfxsJwuyS5fe4Az-ka8XusNW_BXiwLzA6U6MDbc659IDI60zhJnvtDy4SjH4rklm0Ep_Dw6kgHgxmzoBlsB5J29Q\" alt=\"\"\/><\/figure>\n\n\n\n<p>C&#8217;est l&#8217;un des joyaux de l&#8217;architecture romane de Palencia. Il est situ\u00e9 \u00e0 Fr\u00f3mista, un beau village que vous devriez visiter sur votre route. L&#8217;\u00e9glise romane de San Mart\u00edn de Tours se distingue dans le village. Cette \u00e9glise <strong>a \u00e9t\u00e9 construite \u00e0 la fin du 11e si\u00e8cle<\/strong>. Il a \u00e9t\u00e9 d\u00e9clar\u00e9 site du patrimoine mondial par l&#8217;Unesco.&nbsp;<\/p>\n\n\n\n<p>Dans cette \u00e9glise, vous trouverez un plan de basilique caract\u00e9ris\u00e9 par son style sobre. Sont \u00e9galement remarquables des aspects tels que <strong>le Christ du XIIIe si\u00e8cle<\/strong>, la coupole, les absides et les arcs en plein cintre. Il s&#8217;agit sans aucun doute d&#8217;une architecture romane typique.&nbsp;<\/p>\n\n\n\n<h3 class=\"wp-block-heading\" id=\"h-monast-re-de-santa-mar-a-de-mave\"><strong>Monast\u00e8re de Santa Mar\u00eda de Mave<\/strong><\/h3>\n\n\n\n<figure class=\"wp-block-image\"><img decoding=\"async\" src=\"https:\/\/lh4.googleusercontent.com\/3ZuYEigFjDpMdIKbjJpMtorvyb7_xuwvSVterOCmEB3qNyxZY62WI3jNAuJWh7t26T_2cOWKpAkmhjSApYX20KCGhyTOgM2AqkZ8838QXAlpClAszZIcOWdGK4KJpg\" alt=\"\"\/><\/figure>\n\n\n\n<p>Il s&#8217;agit d&#8217;un v\u00e9ritable tr\u00e9sor de la route romane de Palencia. Il est situ\u00e9 dans la zone la plus septentrionale de Palencia. Vous pourrez y admirer le monast\u00e8re de Santa Mar\u00eda de Mave. Dans la partie int\u00e9rieure, il pr\u00e9sente une <strong>vo\u00fbte de four tr\u00e8s particuli\u00e8re<\/strong>. Il est repr\u00e9sentatif de l&#8217;architecture romane. D&#8217;autres vo\u00fbtes en berceau sont \u00e9galement visibles.<\/p>\n\n\n\n<p>Ce ne sont l\u00e0 que quelques-uns des sites les plus importants de la route de l&#8217;<strong>art roman de Palencia<\/strong>. Une fois que vous vous serez immerg\u00e9 dans cet itin\u00e9raire, vous aurez envie d&#8217;y revenir encore et encore. Vous \u00eates s\u00fbr de l&#8217;inclure dans votre destination de vacances pr\u00e9f\u00e9r\u00e9e.&nbsp;<\/p>\n","protected":false},"excerpt":{"rendered":"<p>La route romane de Palencia est un lieu magique, incomparable et impressionnant. Vous pourrez y appr\u00e9cier le meilleur de l&#8217;architecture romane, ainsi que diverses attractions naturelles. Il offre les meilleures vues pour profiter de paysages \u00e0 couper le souffle. <\/p>\n","protected":false},"author":2,"featured_media":112846,"comment_status":"open","ping_status":"open","sticky":false,"template":"","format":"standard","meta":{"_acf_changed":false,"footnotes":""},"categories":[3962,3914],"tags":[],"class_list":["post-112849","post","type-post","status-publish","format-standard","has-post-thumbnail","hentry","category-espagne","category-europe-fr"],"acf":[],"yoast_head":"<!-- This site is optimized with the Yoast SEO Premium plugin v25.3.1 (Yoast SEO v25.3.1) - https:\/\/yoast.com\/wordpress\/plugins\/seo\/ -->\n<title>D\u00e9couvrez la route romaine de Palencia et ses principales attractions et caract\u00e9ristiques - Tour travel &amp; more<\/title>\n<meta name=\"description\" content=\"\u2705 Profitez des lieux les plus \u00e9tonnants de la route romaine de Palencia. Plongez dans cette exp\u00e9rience unique et incomparable.\" \/>\n<meta name=\"robots\" content=\"index, follow, max-snippet:-1, max-image-preview:large, max-video-preview:-1\" \/>\n<link rel=\"canonical\" href=\"https:\/\/tourtravelandmore.com\/fr\/la-route-de-lart-roman-de-palencia-un-voyage-au-moyen-age\/\" \/>\n<meta property=\"og:locale\" content=\"fr_FR\" \/>\n<meta property=\"og:type\" content=\"article\" \/>\n<meta property=\"og:title\" content=\"La Route de l&#039;art roman de Palencia : un voyage au Moyen \u00c2ge\" \/>\n<meta property=\"og:description\" content=\"\u2705 Profitez des lieux les plus \u00e9tonnants de la route romaine de Palencia. Plongez dans cette exp\u00e9rience unique et incomparable.\" \/>\n<meta property=\"og:url\" content=\"https:\/\/tourtravelandmore.com\/fr\/la-route-de-lart-roman-de-palencia-un-voyage-au-moyen-age\/\" \/>\n<meta property=\"og:site_name\" content=\"Tour Travel And More\" \/>\n<meta property=\"article:publisher\" content=\"https:\/\/www.facebook.com\/tourtravelandmore\/\" \/>\n<meta property=\"article:published_time\" content=\"2021-10-29T08:08:09+00:00\" \/>\n<meta property=\"article:modified_time\" content=\"2021-10-29T08:08:13+00:00\" \/>\n<meta property=\"og:image\" content=\"https:\/\/tourtravelandmore.com\/wp-content\/uploads\/2021\/10\/image-7.png\" \/>\n\t<meta property=\"og:image:width\" content=\"860\" \/>\n\t<meta property=\"og:image:height\" content=\"500\" \/>\n\t<meta property=\"og:image:type\" content=\"image\/png\" \/>\n<meta name=\"author\" content=\"Maya Nader Harati\" \/>\n<meta name=\"twitter:card\" content=\"summary_large_image\" \/>\n<meta name=\"twitter:creator\" content=\"@TourTravel_More\" \/>\n<meta name=\"twitter:site\" content=\"@TourTravel_More\" \/>\n<meta name=\"twitter:label1\" content=\"\u00c9crit par\" \/>\n\t<meta name=\"twitter:data1\" content=\"Maya Nader Harati\" \/>\n\t<meta name=\"twitter:label2\" content=\"Dur\u00e9e de lecture estim\u00e9e\" \/>\n\t<meta name=\"twitter:data2\" content=\"6 minutes\" \/>\n<script type=\"application\/ld+json\" class=\"yoast-schema-graph\">{\"@context\":\"https:\/\/schema.org\",\"@graph\":[{\"@type\":\"Article\",\"@id\":\"https:\/\/tourtravelandmore.com\/fr\/la-route-de-lart-roman-de-palencia-un-voyage-au-moyen-age\/#article\",\"isPartOf\":{\"@id\":\"https:\/\/tourtravelandmore.com\/fr\/la-route-de-lart-roman-de-palencia-un-voyage-au-moyen-age\/\"},\"author\":{\"name\":\"Maya Nader Harati\",\"@id\":\"https:\/\/tourtravelandmore.com\/fr\/#\/schema\/person\/2a1c66d76ae9290a394e8efb4af12e1e\"},\"headline\":\"La Route de l&#8217;art roman de Palencia : un voyage au Moyen \u00c2ge\",\"datePublished\":\"2021-10-29T08:08:09+00:00\",\"dateModified\":\"2021-10-29T08:08:13+00:00\",\"mainEntityOfPage\":{\"@id\":\"https:\/\/tourtravelandmore.com\/fr\/la-route-de-lart-roman-de-palencia-un-voyage-au-moyen-age\/\"},\"wordCount\":1174,\"commentCount\":0,\"publisher\":{\"@id\":\"https:\/\/tourtravelandmore.com\/fr\/#organization\"},\"image\":{\"@id\":\"https:\/\/tourtravelandmore.com\/fr\/la-route-de-lart-roman-de-palencia-un-voyage-au-moyen-age\/#primaryimage\"},\"thumbnailUrl\":\"https:\/\/tourtravelandmore.com\/wp-content\/uploads\/2021\/10\/image-7.png\",\"articleSection\":[\"Espagne\",\"Europe\"],\"inLanguage\":\"fr-FR\",\"potentialAction\":[{\"@type\":\"CommentAction\",\"name\":\"Comment\",\"target\":[\"https:\/\/tourtravelandmore.com\/fr\/la-route-de-lart-roman-de-palencia-un-voyage-au-moyen-age\/#respond\"]}],\"accessibilityFeature\":[\"tableOfContents\"]},{\"@type\":\"WebPage\",\"@id\":\"https:\/\/tourtravelandmore.com\/fr\/la-route-de-lart-roman-de-palencia-un-voyage-au-moyen-age\/\",\"url\":\"https:\/\/tourtravelandmore.com\/fr\/la-route-de-lart-roman-de-palencia-un-voyage-au-moyen-age\/\",\"name\":\"D\u00e9couvrez la route romaine de Palencia et ses principales attractions et caract\u00e9ristiques - Tour travel & more\",\"isPartOf\":{\"@id\":\"https:\/\/tourtravelandmore.com\/fr\/#website\"},\"primaryImageOfPage\":{\"@id\":\"https:\/\/tourtravelandmore.com\/fr\/la-route-de-lart-roman-de-palencia-un-voyage-au-moyen-age\/#primaryimage\"},\"image\":{\"@id\":\"https:\/\/tourtravelandmore.com\/fr\/la-route-de-lart-roman-de-palencia-un-voyage-au-moyen-age\/#primaryimage\"},\"thumbnailUrl\":\"https:\/\/tourtravelandmore.com\/wp-content\/uploads\/2021\/10\/image-7.png\",\"datePublished\":\"2021-10-29T08:08:09+00:00\",\"dateModified\":\"2021-10-29T08:08:13+00:00\",\"description\":\"\u2705 Profitez des lieux les plus \u00e9tonnants de la route romaine de Palencia. Plongez dans cette exp\u00e9rience unique et incomparable.\",\"breadcrumb\":{\"@id\":\"https:\/\/tourtravelandmore.com\/fr\/la-route-de-lart-roman-de-palencia-un-voyage-au-moyen-age\/#breadcrumb\"},\"inLanguage\":\"fr-FR\",\"potentialAction\":[{\"@type\":\"ReadAction\",\"target\":[\"https:\/\/tourtravelandmore.com\/fr\/la-route-de-lart-roman-de-palencia-un-voyage-au-moyen-age\/\"]}]},{\"@type\":\"ImageObject\",\"inLanguage\":\"fr-FR\",\"@id\":\"https:\/\/tourtravelandmore.com\/fr\/la-route-de-lart-roman-de-palencia-un-voyage-au-moyen-age\/#primaryimage\",\"url\":\"https:\/\/tourtravelandmore.com\/wp-content\/uploads\/2021\/10\/image-7.png\",\"contentUrl\":\"https:\/\/tourtravelandmore.com\/wp-content\/uploads\/2021\/10\/image-7.png\",\"width\":860,\"height\":500},{\"@type\":\"BreadcrumbList\",\"@id\":\"https:\/\/tourtravelandmore.com\/fr\/la-route-de-lart-roman-de-palencia-un-voyage-au-moyen-age\/#breadcrumb\",\"itemListElement\":[{\"@type\":\"ListItem\",\"position\":1,\"name\":\"Home\",\"item\":\"https:\/\/tourtravelandmore.com\/fr\/\"},{\"@type\":\"ListItem\",\"position\":2,\"name\":\"La Route de l&#8217;art roman de Palencia : un voyage au Moyen \u00c2ge\"}]},{\"@type\":\"WebSite\",\"@id\":\"https:\/\/tourtravelandmore.com\/fr\/#website\",\"url\":\"https:\/\/tourtravelandmore.com\/fr\/\",\"name\":\"Tour Travel And More\",\"description\":\"Private sightseeing tours and luxury transfers in Spain\",\"publisher\":{\"@id\":\"https:\/\/tourtravelandmore.com\/fr\/#organization\"},\"potentialAction\":[{\"@type\":\"SearchAction\",\"target\":{\"@type\":\"EntryPoint\",\"urlTemplate\":\"https:\/\/tourtravelandmore.com\/fr\/?s={search_term_string}\"},\"query-input\":{\"@type\":\"PropertyValueSpecification\",\"valueRequired\":true,\"valueName\":\"search_term_string\"}}],\"inLanguage\":\"fr-FR\"},{\"@type\":\"Organization\",\"@id\":\"https:\/\/tourtravelandmore.com\/fr\/#organization\",\"name\":\"Tour Travel And More\",\"url\":\"https:\/\/tourtravelandmore.com\/fr\/\",\"logo\":{\"@type\":\"ImageObject\",\"inLanguage\":\"fr-FR\",\"@id\":\"https:\/\/tourtravelandmore.com\/fr\/#\/schema\/logo\/image\/\",\"url\":\"https:\/\/tourtravelandmore.com\/wp-content\/uploads\/2022\/12\/cropped-logo-cabecera-new.png\",\"contentUrl\":\"https:\/\/tourtravelandmore.com\/wp-content\/uploads\/2022\/12\/cropped-logo-cabecera-new.png\",\"width\":430,\"height\":61,\"caption\":\"Tour Travel And More\"},\"image\":{\"@id\":\"https:\/\/tourtravelandmore.com\/fr\/#\/schema\/logo\/image\/\"},\"sameAs\":[\"https:\/\/www.facebook.com\/tourtravelandmore\/\",\"https:\/\/x.com\/TourTravel_More\"]},{\"@type\":\"Person\",\"@id\":\"https:\/\/tourtravelandmore.com\/fr\/#\/schema\/person\/2a1c66d76ae9290a394e8efb4af12e1e\",\"name\":\"Maya Nader Harati\",\"image\":{\"@type\":\"ImageObject\",\"inLanguage\":\"fr-FR\",\"@id\":\"https:\/\/tourtravelandmore.com\/fr\/#\/schema\/person\/image\/\",\"url\":\"https:\/\/secure.gravatar.com\/avatar\/adc2305883b6f86a616354c0c4516fcd9a333d5f5a0806d9d1ae9b30f898fa1f?s=96&d=mm&r=g\",\"contentUrl\":\"https:\/\/secure.gravatar.com\/avatar\/adc2305883b6f86a616354c0c4516fcd9a333d5f5a0806d9d1ae9b30f898fa1f?s=96&d=mm&r=g\",\"caption\":\"Maya Nader Harati\"},\"description\":\"Cultural Destination Specialist & Travel Chronicler. Maya doesn\u2019t just travel the world; she translates it.\",\"sameAs\":[\"https:\/\/tourtravelandmore.com\/author-profile-maya-nader-harati\/\"]}]}<\/script>\n<!-- \/ Yoast SEO Premium plugin. -->","yoast_head_json":{"title":"D\u00e9couvrez la route romaine de Palencia et ses principales attractions et caract\u00e9ristiques - Tour travel & more","description":"\u2705 Profitez des lieux les plus \u00e9tonnants de la route romaine de Palencia. Plongez dans cette exp\u00e9rience unique et incomparable.","robots":{"index":"index","follow":"follow","max-snippet":"max-snippet:-1","max-image-preview":"max-image-preview:large","max-video-preview":"max-video-preview:-1"},"canonical":"https:\/\/tourtravelandmore.com\/fr\/la-route-de-lart-roman-de-palencia-un-voyage-au-moyen-age\/","og_locale":"fr_FR","og_type":"article","og_title":"La Route de l'art roman de Palencia : un voyage au Moyen \u00c2ge","og_description":"\u2705 Profitez des lieux les plus \u00e9tonnants de la route romaine de Palencia. Plongez dans cette exp\u00e9rience unique et incomparable.","og_url":"https:\/\/tourtravelandmore.com\/fr\/la-route-de-lart-roman-de-palencia-un-voyage-au-moyen-age\/","og_site_name":"Tour Travel And More","article_publisher":"https:\/\/www.facebook.com\/tourtravelandmore\/","article_published_time":"2021-10-29T08:08:09+00:00","article_modified_time":"2021-10-29T08:08:13+00:00","og_image":[{"width":860,"height":500,"url":"https:\/\/tourtravelandmore.com\/wp-content\/uploads\/2021\/10\/image-7.png","type":"image\/png"}],"author":"Maya Nader Harati","twitter_card":"summary_large_image","twitter_creator":"@TourTravel_More","twitter_site":"@TourTravel_More","twitter_misc":{"\u00c9crit par":"Maya Nader Harati","Dur\u00e9e de lecture estim\u00e9e":"6 minutes"},"schema":{"@context":"https:\/\/schema.org","@graph":[{"@type":"Article","@id":"https:\/\/tourtravelandmore.com\/fr\/la-route-de-lart-roman-de-palencia-un-voyage-au-moyen-age\/#article","isPartOf":{"@id":"https:\/\/tourtravelandmore.com\/fr\/la-route-de-lart-roman-de-palencia-un-voyage-au-moyen-age\/"},"author":{"name":"Maya Nader Harati","@id":"https:\/\/tourtravelandmore.com\/fr\/#\/schema\/person\/2a1c66d76ae9290a394e8efb4af12e1e"},"headline":"La Route de l&#8217;art roman de Palencia : un voyage au Moyen \u00c2ge","datePublished":"2021-10-29T08:08:09+00:00","dateModified":"2021-10-29T08:08:13+00:00","mainEntityOfPage":{"@id":"https:\/\/tourtravelandmore.com\/fr\/la-route-de-lart-roman-de-palencia-un-voyage-au-moyen-age\/"},"wordCount":1174,"commentCount":0,"publisher":{"@id":"https:\/\/tourtravelandmore.com\/fr\/#organization"},"image":{"@id":"https:\/\/tourtravelandmore.com\/fr\/la-route-de-lart-roman-de-palencia-un-voyage-au-moyen-age\/#primaryimage"},"thumbnailUrl":"https:\/\/tourtravelandmore.com\/wp-content\/uploads\/2021\/10\/image-7.png","articleSection":["Espagne","Europe"],"inLanguage":"fr-FR","potentialAction":[{"@type":"CommentAction","name":"Comment","target":["https:\/\/tourtravelandmore.com\/fr\/la-route-de-lart-roman-de-palencia-un-voyage-au-moyen-age\/#respond"]}],"accessibilityFeature":["tableOfContents"]},{"@type":"WebPage","@id":"https:\/\/tourtravelandmore.com\/fr\/la-route-de-lart-roman-de-palencia-un-voyage-au-moyen-age\/","url":"https:\/\/tourtravelandmore.com\/fr\/la-route-de-lart-roman-de-palencia-un-voyage-au-moyen-age\/","name":"D\u00e9couvrez la route romaine de Palencia et ses principales attractions et caract\u00e9ristiques - Tour travel & more","isPartOf":{"@id":"https:\/\/tourtravelandmore.com\/fr\/#website"},"primaryImageOfPage":{"@id":"https:\/\/tourtravelandmore.com\/fr\/la-route-de-lart-roman-de-palencia-un-voyage-au-moyen-age\/#primaryimage"},"image":{"@id":"https:\/\/tourtravelandmore.com\/fr\/la-route-de-lart-roman-de-palencia-un-voyage-au-moyen-age\/#primaryimage"},"thumbnailUrl":"https:\/\/tourtravelandmore.com\/wp-content\/uploads\/2021\/10\/image-7.png","datePublished":"2021-10-29T08:08:09+00:00","dateModified":"2021-10-29T08:08:13+00:00","description":"\u2705 Profitez des lieux les plus \u00e9tonnants de la route romaine de Palencia. Plongez dans cette exp\u00e9rience unique et incomparable.","breadcrumb":{"@id":"https:\/\/tourtravelandmore.com\/fr\/la-route-de-lart-roman-de-palencia-un-voyage-au-moyen-age\/#breadcrumb"},"inLanguage":"fr-FR","potentialAction":[{"@type":"ReadAction","target":["https:\/\/tourtravelandmore.com\/fr\/la-route-de-lart-roman-de-palencia-un-voyage-au-moyen-age\/"]}]},{"@type":"ImageObject","inLanguage":"fr-FR","@id":"https:\/\/tourtravelandmore.com\/fr\/la-route-de-lart-roman-de-palencia-un-voyage-au-moyen-age\/#primaryimage","url":"https:\/\/tourtravelandmore.com\/wp-content\/uploads\/2021\/10\/image-7.png","contentUrl":"https:\/\/tourtravelandmore.com\/wp-content\/uploads\/2021\/10\/image-7.png","width":860,"height":500},{"@type":"BreadcrumbList","@id":"https:\/\/tourtravelandmore.com\/fr\/la-route-de-lart-roman-de-palencia-un-voyage-au-moyen-age\/#breadcrumb","itemListElement":[{"@type":"ListItem","position":1,"name":"Home","item":"https:\/\/tourtravelandmore.com\/fr\/"},{"@type":"ListItem","position":2,"name":"La Route de l&#8217;art roman de Palencia : un voyage au Moyen \u00c2ge"}]},{"@type":"WebSite","@id":"https:\/\/tourtravelandmore.com\/fr\/#website","url":"https:\/\/tourtravelandmore.com\/fr\/","name":"Tour Travel And More","description":"Private sightseeing tours and luxury transfers in Spain","publisher":{"@id":"https:\/\/tourtravelandmore.com\/fr\/#organization"},"potentialAction":[{"@type":"SearchAction","target":{"@type":"EntryPoint","urlTemplate":"https:\/\/tourtravelandmore.com\/fr\/?s={search_term_string}"},"query-input":{"@type":"PropertyValueSpecification","valueRequired":true,"valueName":"search_term_string"}}],"inLanguage":"fr-FR"},{"@type":"Organization","@id":"https:\/\/tourtravelandmore.com\/fr\/#organization","name":"Tour Travel And More","url":"https:\/\/tourtravelandmore.com\/fr\/","logo":{"@type":"ImageObject","inLanguage":"fr-FR","@id":"https:\/\/tourtravelandmore.com\/fr\/#\/schema\/logo\/image\/","url":"https:\/\/tourtravelandmore.com\/wp-content\/uploads\/2022\/12\/cropped-logo-cabecera-new.png","contentUrl":"https:\/\/tourtravelandmore.com\/wp-content\/uploads\/2022\/12\/cropped-logo-cabecera-new.png","width":430,"height":61,"caption":"Tour Travel And More"},"image":{"@id":"https:\/\/tourtravelandmore.com\/fr\/#\/schema\/logo\/image\/"},"sameAs":["https:\/\/www.facebook.com\/tourtravelandmore\/","https:\/\/x.com\/TourTravel_More"]},{"@type":"Person","@id":"https:\/\/tourtravelandmore.com\/fr\/#\/schema\/person\/2a1c66d76ae9290a394e8efb4af12e1e","name":"Maya Nader Harati","image":{"@type":"ImageObject","inLanguage":"fr-FR","@id":"https:\/\/tourtravelandmore.com\/fr\/#\/schema\/person\/image\/","url":"https:\/\/secure.gravatar.com\/avatar\/adc2305883b6f86a616354c0c4516fcd9a333d5f5a0806d9d1ae9b30f898fa1f?s=96&d=mm&r=g","contentUrl":"https:\/\/secure.gravatar.com\/avatar\/adc2305883b6f86a616354c0c4516fcd9a333d5f5a0806d9d1ae9b30f898fa1f?s=96&d=mm&r=g","caption":"Maya Nader Harati"},"description":"Cultural Destination Specialist & Travel Chronicler. Maya doesn\u2019t just travel the world; she translates it.","sameAs":["https:\/\/tourtravelandmore.com\/author-profile-maya-nader-harati\/"]}]}},"_links":{"self":[{"href":"https:\/\/tourtravelandmore.com\/fr\/wp-json\/wp\/v2\/posts\/112849","targetHints":{"allow":["GET"]}}],"collection":[{"href":"https:\/\/tourtravelandmore.com\/fr\/wp-json\/wp\/v2\/posts"}],"about":[{"href":"https:\/\/tourtravelandmore.com\/fr\/wp-json\/wp\/v2\/types\/post"}],"author":[{"embeddable":true,"href":"https:\/\/tourtravelandmore.com\/fr\/wp-json\/wp\/v2\/users\/2"}],"replies":[{"embeddable":true,"href":"https:\/\/tourtravelandmore.com\/fr\/wp-json\/wp\/v2\/comments?post=112849"}],"version-history":[{"count":0,"href":"https:\/\/tourtravelandmore.com\/fr\/wp-json\/wp\/v2\/posts\/112849\/revisions"}],"wp:featuredmedia":[{"embeddable":true,"href":"https:\/\/tourtravelandmore.com\/fr\/wp-json\/wp\/v2\/media\/112846"}],"wp:attachment":[{"href":"https:\/\/tourtravelandmore.com\/fr\/wp-json\/wp\/v2\/media?parent=112849"}],"wp:term":[{"taxonomy":"category","embeddable":true,"href":"https:\/\/tourtravelandmore.com\/fr\/wp-json\/wp\/v2\/categories?post=112849"},{"taxonomy":"post_tag","embeddable":true,"href":"https:\/\/tourtravelandmore.com\/fr\/wp-json\/wp\/v2\/tags?post=112849"}],"curies":[{"name":"wp","href":"https:\/\/api.w.org\/{rel}","templated":true}]}}