{"id":109660,"date":"2021-08-02T17:46:48","date_gmt":"2021-08-02T15:46:48","guid":{"rendered":"https:\/\/tourtravelandmore.com\/?p=109660"},"modified":"2021-08-02T17:46:51","modified_gmt":"2021-08-02T15:46:51","slug":"la-plaza-de-espana-a-seville-a-ete-le-theatre-de-star-wars","status":"publish","type":"post","link":"https:\/\/tourtravelandmore.com\/fr\/la-plaza-de-espana-a-seville-a-ete-le-theatre-de-star-wars\/","title":{"rendered":"La Plaza de Espa\u00f1a \u00e0 S\u00e9ville a \u00e9t\u00e9 le th\u00e9\u00e2tre de Star Wars"},"content":{"rendered":"\n<div class=\"wp-block-yoast-seo-table-of-contents yoast-table-of-contents\"><h2>Table of contents<\/h2><ul><li><a href=\"#h-la-saga-star-wars-a-utilis-l-utilisation-de-plusieurs-endroits-travers-le-monde\" data-level=\"2\">La saga Star Wars a utilis\u00e9 l&#8217;utilisation de plusieurs endroits \u00e0 travers le monde<\/a><\/li><li><a href=\"#h-la-plaza-de-espa-a-de-s-ville-un-cadre-parfait-pour-star-wars\" data-level=\"2\">La Plaza de Espa\u00f1a de S\u00e9ville, un cadre parfait pour Star Wars<\/a><\/li><li><a href=\"#h-la-sc-ne-du-film-star-wars-s-ville\" data-level=\"2\">La sc\u00e8ne du film Star Wars \u00e0 S\u00e9ville<\/a><\/li><li><a href=\"#h-histoire-et-architecture-sur-la-plaza-de-espa-a\" data-level=\"2\">Histoire et architecture sur la Plaza de Espa\u00f1a<\/a><\/li><li><a href=\"#h-la-plaza-de-espa-a-dans-d-autres-productions\" data-level=\"2\">La Plaza de Espa\u00f1a dans d&#8217;autres productions<\/a><\/li><\/ul><\/div>\n\n\n\n<div style=\"height:100px\" aria-hidden=\"true\" class=\"wp-block-spacer\"><\/div>\n\n\n\n<figure class=\"wp-block-image\"><img decoding=\"async\" src=\"https:\/\/lh4.googleusercontent.com\/iVun5gndSvSWceE8VsVYlgDLnwQJZRmiAbkkoD95xgU3vruHnKZSxevHOuRVJ1FIr9UA5Fd_WTGl6mKs5MPli1wc39XATaKmkFTImvdeErA1WxMnoBDvR5yz6qn7Qg\" alt=\"La Plaza de Espa\u00f1a de Sevilla, escenario de Star Wars - Civitatis Magazine\"\/><\/figure>\n\n\n\n<p>L&#8217;une des sagas les plus embl\u00e9matiques du monde du divertissement a \u00e9t\u00e9 Star Wars. Bien que la premi\u00e8re de son premier film remonte \u00e0 plusieurs d\u00e9cennies, cette saga continue dans le c\u0153ur de ses fans ; M\u00eame le 4 mai est connu dans le monde entier comme le jour de la guerre des \u00e9toiles. Aujourd&#8217;hui, de nombreux quartiers sont devenus le d\u00e9cor th\u00e9matique de bon nombre de ces films, et l&#8217;un d&#8217;eux est la Plaza de Espa\u00f1a \u00e0 S\u00e9ville.<\/p>\n\n\n\n<h2 class=\"wp-block-heading\" id=\"h-la-saga-star-wars-a-utilis-l-utilisation-de-plusieurs-endroits-travers-le-monde\">La saga Star Wars a utilis\u00e9 l&#8217;utilisation de plusieurs endroits \u00e0 travers le monde<\/h2>\n\n\n\n<p>Au fil des ans, les productions de Star Wars ont utilis\u00e9 plusieurs sites majeurs \u00e0 travers le monde pour tourner des sc\u00e8nes de leurs films. Par exemple, pour recr\u00e9er la plan\u00e8te Tatooine, la Tunisie a \u00e9t\u00e9 choisie comme zone d&#8217;enregistrement ; \u00e0 son tour, une \u00eele en Irlande \u00e9tait l&#8217;endroit id\u00e9al pour enregistrer la retraite de Luke Skywalker.<\/p>\n\n\n\n<p>D&#8217;autre part, l&#8217;utilisation du parc national de Sequoia a \u00e9t\u00e9 utilis\u00e9e pour filmer la s\u00e9rie Star Wars : Ewoks. Dans ce document, ces personnages, qui ont d\u00e9j\u00e0 \u00e9t\u00e9 montr\u00e9s dans Star Wars : Episode VI &#8211; Le retour du Jedi, sont explor\u00e9s en profondeur. Maintenant, en Espagne, en particulier \u00e0 S\u00e9ville, il y avait l&#8217;opportunit\u00e9 d&#8217;enregistrer l&#8217;une des sc\u00e8nes les plus m\u00e9morables et appr\u00e9ci\u00e9es de toute la saga.<\/p>\n\n\n\n<h2 class=\"wp-block-heading\" id=\"h-la-plaza-de-espa-a-de-s-ville-un-cadre-parfait-pour-star-wars\">La Plaza de Espa\u00f1a de S\u00e9ville, un cadre parfait pour Star Wars<\/h2>\n\n\n\n<p>Le r\u00f4le le plus important de la Plaza de Espa\u00f1a \u00e0 S\u00e9ville est sans doute dans un fragment qui constitue la deuxi\u00e8me partie de la trilogie qui sert de pr\u00e9quelle. En septembre 2000, George Lucas et toute son \u00e9quipe ont pu p\u00e9n\u00e9trer dans la capitale andalouse avec l&#8217;intention d&#8217;enregistrer la sc\u00e8ne de l&#8217;arriv\u00e9e de la s\u00e9natrice Amidala \u00e0 Naboo.<\/p>\n\n\n\n<p>Depuis que la Plaza de Espa\u00f1a a \u00e9t\u00e9 choisie, certains des principaux acteurs \u00e9taient de passage dans la r\u00e9gion, dont Natalie Portman et Hayden Christiansen. Il a fallu 48 heures pour enregistrer ce qui \u00e9tait plus tard deux minutes de s\u00e9quences. Cependant, ces deux jours ont \u00e9t\u00e9 tr\u00e8s agit\u00e9s dans la r\u00e9gion. Environ 7 000 personnes ont tent\u00e9 de d\u00e9crocher un r\u00f4le de soutien, mais seulement 50 ont eu la chance.<\/p>\n\n\n\n<p>Il est vrai que cette sc\u00e8ne n&#8217;est pas l&#8217;un des moments les plus excitants du film ; Cependant, le fait que la Plaza de Espa\u00f1a apparaisse est une caract\u00e9ristique qui aide le spectateur \u00e0 voyager et \u00e0 se sentir comme sur une autre plan\u00e8te. De plus, dans la sc\u00e8ne, l&#8217;ensemble <a href=\"https:\/\/tourtravelandmore.com\/fr\/city\/espagne-fr\/seville-fr\/\">architectural qui distingue la ville peut \u00eatre appr\u00e9ci\u00e9.<\/a><\/p>\n\n\n\n<figure class=\"wp-block-image\"><img decoding=\"async\" src=\"https:\/\/lh3.googleusercontent.com\/VaHw2TsH-VVfascfN2uM_aqw2J4C1NmeaGzxk_EgbUeyoAsrIchAIZigypJ0zPFA7fOg7gskTA0awyytFCCBWXqTOzH8e_sRQdT6wQLu8bV-QlpJfmjM8ZjIigTICQ\" alt=\"\"\/><\/figure>\n\n\n\n<h2 class=\"wp-block-heading\" id=\"h-la-sc-ne-du-film-star-wars-s-ville\">La sc\u00e8ne du film Star Wars \u00e0 S\u00e9ville<\/h2>\n\n\n\n<p>Pour ceux qui ne se souviennent pas tr\u00e8s bien de la sc\u00e8ne, cela commence par un navire qui atterrit sur la plan\u00e8te Naboo (qui, dans ce cas, serait la Plaza de Espa\u00f1a). Ensuite, l&#8217;image du lieu est vue, avec la source comme \u00e9l\u00e9ment pr\u00e9pond\u00e9rant. Imm\u00e9diatement, Anakin, Padme et R2D2 sont vus se promener, tandis qu&#8217;Anakin parle de ses r\u00e9flexions sur le palais et Padme mentionne \u00e0 quel point ce serait beau d&#8217;y vivre.<\/p>\n\n\n\n<p>Ensuite, ils sont vus dans la sc\u00e8ne suivante alors qu&#8217;ils montent les escaliers de l&#8217;un des ponts de la place. De plus, la fontaine peut continuer \u00e0 \u00eatre consid\u00e9r\u00e9e comme l&#8217;image de fond, tandis que dans la conversation, Padme continue de parler de son exp\u00e9rience en tant que plus jeune reine de Naboo.<\/p>\n\n\n\n<p>Enfin, la derni\u00e8re sc\u00e8ne nous montre comment ils marchent dans les couloirs qui se trouvent \u00e0 l&#8217;int\u00e9rieur du b\u00e2timent. Padme continue de parler de son enfance, de ses parents et de l&#8217;exp\u00e9rience de la politique dans ses jeunes ann\u00e9es. La sc\u00e8ne se termine par quelques mots d&#8217;Anakin disant que la R\u00e9publique a besoin de Padm\u00e9.<\/p>\n\n\n\n<p>Cela ne dure que quelques minutes, et m\u00eame ainsi, vous pourrez profiter de la beaut\u00e9 de la Plaza de Espa\u00f1a \u00e0 S\u00e9ville. Il est \u00e9galement vrai que les conversations ne sont pas pertinentes pour l&#8217;intrigue du film. Pourtant, George Lucas a veill\u00e9 \u00e0 ce qu&#8217;un d\u00e9cor comme le Naboo Palace soit film\u00e9 dans un endroit unique, tout comme le d\u00e9cor de la Place d&#8217;Espagne.<\/p>\n\n\n\n<h2 class=\"wp-block-heading\" id=\"h-histoire-et-architecture-sur-la-plaza-de-espa-a\">Histoire et architecture sur la Plaza de Espa\u00f1a<\/h2>\n\n\n\n<p>La place est situ\u00e9e pr\u00e9cis\u00e9ment dans le Parque de Mar\u00eda Luisa, \u00e0 S\u00e9ville. Il a \u00e9t\u00e9 con\u00e7u par An\u00edbal Gonz\u00e1lez depuis 1914 et a \u00e9t\u00e9 \u00e9rig\u00e9 comme b\u00e2timent principal de l&#8217;Exposition ib\u00e9ro-am\u00e9ricaine, sa construction a pris fin en 1929. Il a environ 170 m\u00e8tres de diam\u00e8tre, en plus d&#8217;une superficie de 50 000 m2.<\/p>\n\n\n\n<p>Il a une forme semi-elliptique, qui repr\u00e9sente l&#8217;\u00e9treinte que l&#8217;Espagne donne \u00e0 ses anciens territoires qui se trouvent en Am\u00e9rique. \u00c0 son tour, il dispose de 4 ponts, il y a un b\u00e2timent central, plusieurs tours aux extr\u00e9mit\u00e9s et une fontaine dans la zone centrale.<\/p>\n\n\n\n<p>Maintenant, on pourrait dire que l&#8217;\u00e9l\u00e9ment le plus unique et le plus attrayant sont les murs de la place. Celles-ci ont 48 bancs d\u00e9cor\u00e9s de tuiles, qui symbolisent les 48 provinces que compte l&#8217;Espagne (\u00e0 l&#8217;exception des \u00eeles Bal\u00e9ares, des \u00eeles Canaries et de S\u00e9ville). Chacun d&#8217;eux a sa propre carte, son bouclier et sa tuile, et ils pr\u00e9sentent des faits marquants de l&#8217;histoire.<\/p>\n\n\n\n<figure class=\"wp-block-image\"><img decoding=\"async\" src=\"https:\/\/lh6.googleusercontent.com\/zt3JmeyR4hnpAHRVigKw2ZO6-8y_Q0YRQkB17-Q9w7yyRLi-iMKLqwbrZEPVGR36PfnOY3owOYQfu15OHZSUCvjwRlYBT5Viri5pHyIqDwePjYgYPr1ZuW4xIw2Plw\" alt=\"La Plaza de Espa\u00f1a de Sevilla, escenario de Star Wars - Civitatis Magazine\"\/><\/figure>\n\n\n\n<p>Un autre des \u00e9l\u00e9ments les plus remarquables et les plus attrayants de la place est son canal d&#8217;environ 500 m\u00e8tres de long. Ceci est couvert par plusieurs ponts, et vous pouvez m\u00eame faire une promenade en bateau \u00e0 travers ce canal.<\/p>\n\n\n\n<h2 class=\"wp-block-heading\" id=\"h-la-plaza-de-espa-a-dans-d-autres-productions\">La Plaza de Espa\u00f1a dans d&#8217;autres productions<\/h2>\n\n\n\n<p>Il convient de noter que Star Wars n&#8217;a pas \u00e9t\u00e9 le seul film \u00e0 avoir utilis\u00e9 cet endroit dans ses sc\u00e8nes. S\u00e9ville a \u00e9t\u00e9 le th\u00e9\u00e2tre de grands films \u00e0 plusieurs reprises. Parmi eux se trouvent Le Dictateur et Lawrence d&#8217;Arabie.<\/p>\n\n\n\n<p>Dans tous les cas, il ne fait aucun doute qu&#8217;en visitant la Plaza de Espa\u00f1a \u00e0 S\u00e9ville, vous pourrez vivre une exp\u00e9rience unique. De plus, quiconque est un fan de Star Wars s&#8217;imaginera non seulement qu&#8217;il est en Espagne, mais qu&#8217;il est rien de moins que la plan\u00e8te Naboo.<\/p>\n","protected":false},"excerpt":{"rendered":"<p>Si vous \u00eates un fan de la saga Star Wars, vous conviendrez que bon nombre de ses emplacements sont incroyables. Et l&#8217;une des sc\u00e8nes a \u00e9t\u00e9 enregistr\u00e9e sur la Plaza Espa\u00f1a \u00e0 S\u00e9ville. Apprenez \u00e0 conna\u00eetre certaines des caract\u00e9ristiques de cet endroit!<\/p>\n","protected":false},"author":2,"featured_media":109657,"comment_status":"open","ping_status":"open","sticky":false,"template":"","format":"standard","meta":{"_acf_changed":false,"footnotes":""},"categories":[3962,3914,3916],"tags":[],"class_list":["post-109660","post","type-post","status-publish","format-standard","has-post-thumbnail","hentry","category-espagne","category-europe-fr","category-seville-fr"],"acf":[],"yoast_head":"<!-- This site is optimized with the Yoast SEO Premium plugin v25.3.1 (Yoast SEO v25.3.1) - https:\/\/yoast.com\/wordpress\/plugins\/seo\/ -->\n<title>La Plaza de Espa\u00f1a de S\u00e9ville, le d\u00e9cor de Star Wars - TourTravel &amp; More<\/title>\n<meta name=\"description\" content=\"\u2714 D\u00e9couvrez certaines des caract\u00e9ristiques qui font de la Plaza de Espa\u00f1a \u00e0 S\u00e9ville un endroit incroyable. D\u00e9couvrez \u00e9galement la relation entre cet endroit et Star Wars.\" \/>\n<meta name=\"robots\" content=\"index, follow, max-snippet:-1, max-image-preview:large, max-video-preview:-1\" \/>\n<link rel=\"canonical\" href=\"https:\/\/tourtravelandmore.com\/fr\/la-plaza-de-espana-a-seville-a-ete-le-theatre-de-star-wars\/\" \/>\n<meta property=\"og:locale\" content=\"fr_FR\" \/>\n<meta property=\"og:type\" content=\"article\" \/>\n<meta property=\"og:title\" content=\"La Plaza de Espa\u00f1a \u00e0 S\u00e9ville a \u00e9t\u00e9 le th\u00e9\u00e2tre de Star Wars\" \/>\n<meta property=\"og:description\" content=\"\u2714 D\u00e9couvrez certaines des caract\u00e9ristiques qui font de la Plaza de Espa\u00f1a \u00e0 S\u00e9ville un endroit incroyable. D\u00e9couvrez \u00e9galement la relation entre cet endroit et Star Wars.\" \/>\n<meta property=\"og:url\" content=\"https:\/\/tourtravelandmore.com\/fr\/la-plaza-de-espana-a-seville-a-ete-le-theatre-de-star-wars\/\" \/>\n<meta property=\"og:site_name\" content=\"Tour Travel And More\" \/>\n<meta property=\"article:publisher\" content=\"https:\/\/www.facebook.com\/tourtravelandmore\/\" \/>\n<meta property=\"article:published_time\" content=\"2021-08-02T15:46:48+00:00\" \/>\n<meta property=\"article:modified_time\" content=\"2021-08-02T15:46:51+00:00\" \/>\n<meta property=\"og:image\" content=\"https:\/\/tourtravelandmore.com\/wp-content\/uploads\/2021\/08\/Untitled-design-3.jpg\" \/>\n\t<meta property=\"og:image:width\" content=\"1920\" \/>\n\t<meta property=\"og:image:height\" content=\"1080\" \/>\n\t<meta property=\"og:image:type\" content=\"image\/jpeg\" \/>\n<meta name=\"author\" content=\"Maya Nader Harati\" \/>\n<meta name=\"twitter:card\" content=\"summary_large_image\" \/>\n<meta name=\"twitter:creator\" content=\"@TourTravel_More\" \/>\n<meta name=\"twitter:site\" content=\"@TourTravel_More\" \/>\n<meta name=\"twitter:label1\" content=\"\u00c9crit par\" \/>\n\t<meta name=\"twitter:data1\" content=\"Maya Nader Harati\" \/>\n\t<meta name=\"twitter:label2\" content=\"Dur\u00e9e de lecture estim\u00e9e\" \/>\n\t<meta name=\"twitter:data2\" content=\"6 minutes\" \/>\n<script type=\"application\/ld+json\" class=\"yoast-schema-graph\">{\"@context\":\"https:\/\/schema.org\",\"@graph\":[{\"@type\":\"Article\",\"@id\":\"https:\/\/tourtravelandmore.com\/fr\/la-plaza-de-espana-a-seville-a-ete-le-theatre-de-star-wars\/#article\",\"isPartOf\":{\"@id\":\"https:\/\/tourtravelandmore.com\/fr\/la-plaza-de-espana-a-seville-a-ete-le-theatre-de-star-wars\/\"},\"author\":{\"name\":\"Maya Nader Harati\",\"@id\":\"https:\/\/tourtravelandmore.com\/fr\/#\/schema\/person\/2a1c66d76ae9290a394e8efb4af12e1e\"},\"headline\":\"La Plaza de Espa\u00f1a \u00e0 S\u00e9ville a \u00e9t\u00e9 le th\u00e9\u00e2tre de Star Wars\",\"datePublished\":\"2021-08-02T15:46:48+00:00\",\"dateModified\":\"2021-08-02T15:46:51+00:00\",\"mainEntityOfPage\":{\"@id\":\"https:\/\/tourtravelandmore.com\/fr\/la-plaza-de-espana-a-seville-a-ete-le-theatre-de-star-wars\/\"},\"wordCount\":1171,\"commentCount\":0,\"publisher\":{\"@id\":\"https:\/\/tourtravelandmore.com\/fr\/#organization\"},\"image\":{\"@id\":\"https:\/\/tourtravelandmore.com\/fr\/la-plaza-de-espana-a-seville-a-ete-le-theatre-de-star-wars\/#primaryimage\"},\"thumbnailUrl\":\"https:\/\/tourtravelandmore.com\/wp-content\/uploads\/2021\/08\/Untitled-design-3.jpg\",\"articleSection\":[\"Espagne\",\"Europe\",\"Seville\"],\"inLanguage\":\"fr-FR\",\"potentialAction\":[{\"@type\":\"CommentAction\",\"name\":\"Comment\",\"target\":[\"https:\/\/tourtravelandmore.com\/fr\/la-plaza-de-espana-a-seville-a-ete-le-theatre-de-star-wars\/#respond\"]}],\"accessibilityFeature\":[\"tableOfContents\"]},{\"@type\":\"WebPage\",\"@id\":\"https:\/\/tourtravelandmore.com\/fr\/la-plaza-de-espana-a-seville-a-ete-le-theatre-de-star-wars\/\",\"url\":\"https:\/\/tourtravelandmore.com\/fr\/la-plaza-de-espana-a-seville-a-ete-le-theatre-de-star-wars\/\",\"name\":\"La Plaza de Espa\u00f1a de S\u00e9ville, le d\u00e9cor de Star Wars - TourTravel & More\",\"isPartOf\":{\"@id\":\"https:\/\/tourtravelandmore.com\/fr\/#website\"},\"primaryImageOfPage\":{\"@id\":\"https:\/\/tourtravelandmore.com\/fr\/la-plaza-de-espana-a-seville-a-ete-le-theatre-de-star-wars\/#primaryimage\"},\"image\":{\"@id\":\"https:\/\/tourtravelandmore.com\/fr\/la-plaza-de-espana-a-seville-a-ete-le-theatre-de-star-wars\/#primaryimage\"},\"thumbnailUrl\":\"https:\/\/tourtravelandmore.com\/wp-content\/uploads\/2021\/08\/Untitled-design-3.jpg\",\"datePublished\":\"2021-08-02T15:46:48+00:00\",\"dateModified\":\"2021-08-02T15:46:51+00:00\",\"description\":\"\u2714 D\u00e9couvrez certaines des caract\u00e9ristiques qui font de la Plaza de Espa\u00f1a \u00e0 S\u00e9ville un endroit incroyable. D\u00e9couvrez \u00e9galement la relation entre cet endroit et Star Wars.\",\"breadcrumb\":{\"@id\":\"https:\/\/tourtravelandmore.com\/fr\/la-plaza-de-espana-a-seville-a-ete-le-theatre-de-star-wars\/#breadcrumb\"},\"inLanguage\":\"fr-FR\",\"potentialAction\":[{\"@type\":\"ReadAction\",\"target\":[\"https:\/\/tourtravelandmore.com\/fr\/la-plaza-de-espana-a-seville-a-ete-le-theatre-de-star-wars\/\"]}]},{\"@type\":\"ImageObject\",\"inLanguage\":\"fr-FR\",\"@id\":\"https:\/\/tourtravelandmore.com\/fr\/la-plaza-de-espana-a-seville-a-ete-le-theatre-de-star-wars\/#primaryimage\",\"url\":\"https:\/\/tourtravelandmore.com\/wp-content\/uploads\/2021\/08\/Untitled-design-3.jpg\",\"contentUrl\":\"https:\/\/tourtravelandmore.com\/wp-content\/uploads\/2021\/08\/Untitled-design-3.jpg\",\"width\":1920,\"height\":1080},{\"@type\":\"BreadcrumbList\",\"@id\":\"https:\/\/tourtravelandmore.com\/fr\/la-plaza-de-espana-a-seville-a-ete-le-theatre-de-star-wars\/#breadcrumb\",\"itemListElement\":[{\"@type\":\"ListItem\",\"position\":1,\"name\":\"Home\",\"item\":\"https:\/\/tourtravelandmore.com\/fr\/\"},{\"@type\":\"ListItem\",\"position\":2,\"name\":\"La Plaza de Espa\u00f1a \u00e0 S\u00e9ville a \u00e9t\u00e9 le th\u00e9\u00e2tre de Star Wars\"}]},{\"@type\":\"WebSite\",\"@id\":\"https:\/\/tourtravelandmore.com\/fr\/#website\",\"url\":\"https:\/\/tourtravelandmore.com\/fr\/\",\"name\":\"Tour Travel And More\",\"description\":\"Private sightseeing tours and luxury transfers in Spain\",\"publisher\":{\"@id\":\"https:\/\/tourtravelandmore.com\/fr\/#organization\"},\"potentialAction\":[{\"@type\":\"SearchAction\",\"target\":{\"@type\":\"EntryPoint\",\"urlTemplate\":\"https:\/\/tourtravelandmore.com\/fr\/?s={search_term_string}\"},\"query-input\":{\"@type\":\"PropertyValueSpecification\",\"valueRequired\":true,\"valueName\":\"search_term_string\"}}],\"inLanguage\":\"fr-FR\"},{\"@type\":\"Organization\",\"@id\":\"https:\/\/tourtravelandmore.com\/fr\/#organization\",\"name\":\"Tour Travel And More\",\"url\":\"https:\/\/tourtravelandmore.com\/fr\/\",\"logo\":{\"@type\":\"ImageObject\",\"inLanguage\":\"fr-FR\",\"@id\":\"https:\/\/tourtravelandmore.com\/fr\/#\/schema\/logo\/image\/\",\"url\":\"https:\/\/tourtravelandmore.com\/wp-content\/uploads\/2022\/12\/cropped-logo-cabecera-new.png\",\"contentUrl\":\"https:\/\/tourtravelandmore.com\/wp-content\/uploads\/2022\/12\/cropped-logo-cabecera-new.png\",\"width\":430,\"height\":61,\"caption\":\"Tour Travel And More\"},\"image\":{\"@id\":\"https:\/\/tourtravelandmore.com\/fr\/#\/schema\/logo\/image\/\"},\"sameAs\":[\"https:\/\/www.facebook.com\/tourtravelandmore\/\",\"https:\/\/x.com\/TourTravel_More\"]},{\"@type\":\"Person\",\"@id\":\"https:\/\/tourtravelandmore.com\/fr\/#\/schema\/person\/2a1c66d76ae9290a394e8efb4af12e1e\",\"name\":\"Maya Nader Harati\",\"image\":{\"@type\":\"ImageObject\",\"inLanguage\":\"fr-FR\",\"@id\":\"https:\/\/tourtravelandmore.com\/fr\/#\/schema\/person\/image\/\",\"url\":\"https:\/\/secure.gravatar.com\/avatar\/adc2305883b6f86a616354c0c4516fcd9a333d5f5a0806d9d1ae9b30f898fa1f?s=96&d=mm&r=g\",\"contentUrl\":\"https:\/\/secure.gravatar.com\/avatar\/adc2305883b6f86a616354c0c4516fcd9a333d5f5a0806d9d1ae9b30f898fa1f?s=96&d=mm&r=g\",\"caption\":\"Maya Nader Harati\"},\"description\":\"Cultural Destination Specialist & Travel Chronicler. Maya doesn\u2019t just travel the world; she translates it.\",\"sameAs\":[\"https:\/\/tourtravelandmore.com\/author-profile-maya-nader-harati\/\"]}]}<\/script>\n<!-- \/ Yoast SEO Premium plugin. -->","yoast_head_json":{"title":"La Plaza de Espa\u00f1a de S\u00e9ville, le d\u00e9cor de Star Wars - TourTravel & More","description":"\u2714 D\u00e9couvrez certaines des caract\u00e9ristiques qui font de la Plaza de Espa\u00f1a \u00e0 S\u00e9ville un endroit incroyable. D\u00e9couvrez \u00e9galement la relation entre cet endroit et Star Wars.","robots":{"index":"index","follow":"follow","max-snippet":"max-snippet:-1","max-image-preview":"max-image-preview:large","max-video-preview":"max-video-preview:-1"},"canonical":"https:\/\/tourtravelandmore.com\/fr\/la-plaza-de-espana-a-seville-a-ete-le-theatre-de-star-wars\/","og_locale":"fr_FR","og_type":"article","og_title":"La Plaza de Espa\u00f1a \u00e0 S\u00e9ville a \u00e9t\u00e9 le th\u00e9\u00e2tre de Star Wars","og_description":"\u2714 D\u00e9couvrez certaines des caract\u00e9ristiques qui font de la Plaza de Espa\u00f1a \u00e0 S\u00e9ville un endroit incroyable. D\u00e9couvrez \u00e9galement la relation entre cet endroit et Star Wars.","og_url":"https:\/\/tourtravelandmore.com\/fr\/la-plaza-de-espana-a-seville-a-ete-le-theatre-de-star-wars\/","og_site_name":"Tour Travel And More","article_publisher":"https:\/\/www.facebook.com\/tourtravelandmore\/","article_published_time":"2021-08-02T15:46:48+00:00","article_modified_time":"2021-08-02T15:46:51+00:00","og_image":[{"width":1920,"height":1080,"url":"https:\/\/tourtravelandmore.com\/wp-content\/uploads\/2021\/08\/Untitled-design-3.jpg","type":"image\/jpeg"}],"author":"Maya Nader Harati","twitter_card":"summary_large_image","twitter_creator":"@TourTravel_More","twitter_site":"@TourTravel_More","twitter_misc":{"\u00c9crit par":"Maya Nader Harati","Dur\u00e9e de lecture estim\u00e9e":"6 minutes"},"schema":{"@context":"https:\/\/schema.org","@graph":[{"@type":"Article","@id":"https:\/\/tourtravelandmore.com\/fr\/la-plaza-de-espana-a-seville-a-ete-le-theatre-de-star-wars\/#article","isPartOf":{"@id":"https:\/\/tourtravelandmore.com\/fr\/la-plaza-de-espana-a-seville-a-ete-le-theatre-de-star-wars\/"},"author":{"name":"Maya Nader Harati","@id":"https:\/\/tourtravelandmore.com\/fr\/#\/schema\/person\/2a1c66d76ae9290a394e8efb4af12e1e"},"headline":"La Plaza de Espa\u00f1a \u00e0 S\u00e9ville a \u00e9t\u00e9 le th\u00e9\u00e2tre de Star Wars","datePublished":"2021-08-02T15:46:48+00:00","dateModified":"2021-08-02T15:46:51+00:00","mainEntityOfPage":{"@id":"https:\/\/tourtravelandmore.com\/fr\/la-plaza-de-espana-a-seville-a-ete-le-theatre-de-star-wars\/"},"wordCount":1171,"commentCount":0,"publisher":{"@id":"https:\/\/tourtravelandmore.com\/fr\/#organization"},"image":{"@id":"https:\/\/tourtravelandmore.com\/fr\/la-plaza-de-espana-a-seville-a-ete-le-theatre-de-star-wars\/#primaryimage"},"thumbnailUrl":"https:\/\/tourtravelandmore.com\/wp-content\/uploads\/2021\/08\/Untitled-design-3.jpg","articleSection":["Espagne","Europe","Seville"],"inLanguage":"fr-FR","potentialAction":[{"@type":"CommentAction","name":"Comment","target":["https:\/\/tourtravelandmore.com\/fr\/la-plaza-de-espana-a-seville-a-ete-le-theatre-de-star-wars\/#respond"]}],"accessibilityFeature":["tableOfContents"]},{"@type":"WebPage","@id":"https:\/\/tourtravelandmore.com\/fr\/la-plaza-de-espana-a-seville-a-ete-le-theatre-de-star-wars\/","url":"https:\/\/tourtravelandmore.com\/fr\/la-plaza-de-espana-a-seville-a-ete-le-theatre-de-star-wars\/","name":"La Plaza de Espa\u00f1a de S\u00e9ville, le d\u00e9cor de Star Wars - TourTravel & More","isPartOf":{"@id":"https:\/\/tourtravelandmore.com\/fr\/#website"},"primaryImageOfPage":{"@id":"https:\/\/tourtravelandmore.com\/fr\/la-plaza-de-espana-a-seville-a-ete-le-theatre-de-star-wars\/#primaryimage"},"image":{"@id":"https:\/\/tourtravelandmore.com\/fr\/la-plaza-de-espana-a-seville-a-ete-le-theatre-de-star-wars\/#primaryimage"},"thumbnailUrl":"https:\/\/tourtravelandmore.com\/wp-content\/uploads\/2021\/08\/Untitled-design-3.jpg","datePublished":"2021-08-02T15:46:48+00:00","dateModified":"2021-08-02T15:46:51+00:00","description":"\u2714 D\u00e9couvrez certaines des caract\u00e9ristiques qui font de la Plaza de Espa\u00f1a \u00e0 S\u00e9ville un endroit incroyable. D\u00e9couvrez \u00e9galement la relation entre cet endroit et Star Wars.","breadcrumb":{"@id":"https:\/\/tourtravelandmore.com\/fr\/la-plaza-de-espana-a-seville-a-ete-le-theatre-de-star-wars\/#breadcrumb"},"inLanguage":"fr-FR","potentialAction":[{"@type":"ReadAction","target":["https:\/\/tourtravelandmore.com\/fr\/la-plaza-de-espana-a-seville-a-ete-le-theatre-de-star-wars\/"]}]},{"@type":"ImageObject","inLanguage":"fr-FR","@id":"https:\/\/tourtravelandmore.com\/fr\/la-plaza-de-espana-a-seville-a-ete-le-theatre-de-star-wars\/#primaryimage","url":"https:\/\/tourtravelandmore.com\/wp-content\/uploads\/2021\/08\/Untitled-design-3.jpg","contentUrl":"https:\/\/tourtravelandmore.com\/wp-content\/uploads\/2021\/08\/Untitled-design-3.jpg","width":1920,"height":1080},{"@type":"BreadcrumbList","@id":"https:\/\/tourtravelandmore.com\/fr\/la-plaza-de-espana-a-seville-a-ete-le-theatre-de-star-wars\/#breadcrumb","itemListElement":[{"@type":"ListItem","position":1,"name":"Home","item":"https:\/\/tourtravelandmore.com\/fr\/"},{"@type":"ListItem","position":2,"name":"La Plaza de Espa\u00f1a \u00e0 S\u00e9ville a \u00e9t\u00e9 le th\u00e9\u00e2tre de Star Wars"}]},{"@type":"WebSite","@id":"https:\/\/tourtravelandmore.com\/fr\/#website","url":"https:\/\/tourtravelandmore.com\/fr\/","name":"Tour Travel And More","description":"Private sightseeing tours and luxury transfers in Spain","publisher":{"@id":"https:\/\/tourtravelandmore.com\/fr\/#organization"},"potentialAction":[{"@type":"SearchAction","target":{"@type":"EntryPoint","urlTemplate":"https:\/\/tourtravelandmore.com\/fr\/?s={search_term_string}"},"query-input":{"@type":"PropertyValueSpecification","valueRequired":true,"valueName":"search_term_string"}}],"inLanguage":"fr-FR"},{"@type":"Organization","@id":"https:\/\/tourtravelandmore.com\/fr\/#organization","name":"Tour Travel And More","url":"https:\/\/tourtravelandmore.com\/fr\/","logo":{"@type":"ImageObject","inLanguage":"fr-FR","@id":"https:\/\/tourtravelandmore.com\/fr\/#\/schema\/logo\/image\/","url":"https:\/\/tourtravelandmore.com\/wp-content\/uploads\/2022\/12\/cropped-logo-cabecera-new.png","contentUrl":"https:\/\/tourtravelandmore.com\/wp-content\/uploads\/2022\/12\/cropped-logo-cabecera-new.png","width":430,"height":61,"caption":"Tour Travel And More"},"image":{"@id":"https:\/\/tourtravelandmore.com\/fr\/#\/schema\/logo\/image\/"},"sameAs":["https:\/\/www.facebook.com\/tourtravelandmore\/","https:\/\/x.com\/TourTravel_More"]},{"@type":"Person","@id":"https:\/\/tourtravelandmore.com\/fr\/#\/schema\/person\/2a1c66d76ae9290a394e8efb4af12e1e","name":"Maya Nader Harati","image":{"@type":"ImageObject","inLanguage":"fr-FR","@id":"https:\/\/tourtravelandmore.com\/fr\/#\/schema\/person\/image\/","url":"https:\/\/secure.gravatar.com\/avatar\/adc2305883b6f86a616354c0c4516fcd9a333d5f5a0806d9d1ae9b30f898fa1f?s=96&d=mm&r=g","contentUrl":"https:\/\/secure.gravatar.com\/avatar\/adc2305883b6f86a616354c0c4516fcd9a333d5f5a0806d9d1ae9b30f898fa1f?s=96&d=mm&r=g","caption":"Maya Nader Harati"},"description":"Cultural Destination Specialist & Travel Chronicler. Maya doesn\u2019t just travel the world; she translates it.","sameAs":["https:\/\/tourtravelandmore.com\/author-profile-maya-nader-harati\/"]}]}},"_links":{"self":[{"href":"https:\/\/tourtravelandmore.com\/fr\/wp-json\/wp\/v2\/posts\/109660","targetHints":{"allow":["GET"]}}],"collection":[{"href":"https:\/\/tourtravelandmore.com\/fr\/wp-json\/wp\/v2\/posts"}],"about":[{"href":"https:\/\/tourtravelandmore.com\/fr\/wp-json\/wp\/v2\/types\/post"}],"author":[{"embeddable":true,"href":"https:\/\/tourtravelandmore.com\/fr\/wp-json\/wp\/v2\/users\/2"}],"replies":[{"embeddable":true,"href":"https:\/\/tourtravelandmore.com\/fr\/wp-json\/wp\/v2\/comments?post=109660"}],"version-history":[{"count":0,"href":"https:\/\/tourtravelandmore.com\/fr\/wp-json\/wp\/v2\/posts\/109660\/revisions"}],"wp:featuredmedia":[{"embeddable":true,"href":"https:\/\/tourtravelandmore.com\/fr\/wp-json\/wp\/v2\/media\/109657"}],"wp:attachment":[{"href":"https:\/\/tourtravelandmore.com\/fr\/wp-json\/wp\/v2\/media?parent=109660"}],"wp:term":[{"taxonomy":"category","embeddable":true,"href":"https:\/\/tourtravelandmore.com\/fr\/wp-json\/wp\/v2\/categories?post=109660"},{"taxonomy":"post_tag","embeddable":true,"href":"https:\/\/tourtravelandmore.com\/fr\/wp-json\/wp\/v2\/tags?post=109660"}],"curies":[{"name":"wp","href":"https:\/\/api.w.org\/{rel}","templated":true}]}}