{"id":80550,"date":"2020-06-17T22:37:41","date_gmt":"2020-06-17T20:37:41","guid":{"rendered":"https:\/\/tourtravelandmore.com\/?p=80550"},"modified":"2025-02-24T10:37:49","modified_gmt":"2025-02-24T09:37:49","slug":"la-toscana-ruta-de-5-dias-por-la-toscana-desde-florencia","status":"publish","type":"post","link":"https:\/\/tourtravelandmore.com\/es\/la-toscana-ruta-de-5-dias-por-la-toscana-desde-florencia\/","title":{"rendered":"La Toscana &#8211; Ruta de 5 d\u00edas por la Toscana desde Florencia"},"content":{"rendered":"\n<figure class=\"wp-block-image size-large\"><img fetchpriority=\"high\" decoding=\"async\" width=\"729\" height=\"197\" src=\"https:\/\/tourtravelandmore.com\/wp-content\/uploads\/2020\/06\/iconos-espa\u00f1ol.png\" alt=\"\" class=\"wp-image-80552\" srcset=\"https:\/\/tourtravelandmore.com\/wp-content\/uploads\/2020\/06\/iconos-espa\u00f1ol.png 729w, https:\/\/tourtravelandmore.com\/wp-content\/uploads\/2020\/06\/iconos-espa\u00f1ol-300x81.png 300w, https:\/\/tourtravelandmore.com\/wp-content\/uploads\/2020\/06\/iconos-espa\u00f1ol-680x184.png 680w, https:\/\/tourtravelandmore.com\/wp-content\/uploads\/2020\/06\/iconos-espa\u00f1ol-595x161.png 595w\" sizes=\"(max-width: 729px) 100vw, 729px\" \/><\/figure>\n\n\n\n<h2 class=\"wp-block-heading has-text-align-center\"><strong>5 d\u00edas por La Toscana<\/strong><\/h2>\n\n\n\n<h3 class=\"wp-block-heading\"><em>Itinerarios privados numero 1 en La Toscana<\/em><\/h3>\n\n\n\n<figure class=\"wp-block-gallery has-nested-images columns-default is-cropped wp-block-gallery-1 is-layout-flex wp-block-gallery-is-layout-flex\">\n<figure class=\"wp-block-image size-large\"><img decoding=\"async\" width=\"1024\" height=\"788\" data-id=\"80546\" src=\"https:\/\/tourtravelandmore.com\/wp-content\/uploads\/2020\/06\/lucca-1.3-1024x788.jpg\" alt=\"\" class=\"wp-image-80546\" srcset=\"https:\/\/tourtravelandmore.com\/wp-content\/uploads\/2020\/06\/lucca-1.3-1024x788.jpg 1024w, https:\/\/tourtravelandmore.com\/wp-content\/uploads\/2020\/06\/lucca-1.3-300x231.jpg 300w, https:\/\/tourtravelandmore.com\/wp-content\/uploads\/2020\/06\/lucca-1.3-768x591.jpg 768w, https:\/\/tourtravelandmore.com\/wp-content\/uploads\/2020\/06\/lucca-1.3-1536x1182.jpg 1536w, https:\/\/tourtravelandmore.com\/wp-content\/uploads\/2020\/06\/lucca-1.3-2048x1576.jpg 2048w, https:\/\/tourtravelandmore.com\/wp-content\/uploads\/2020\/06\/lucca-1.3-680x523.jpg 680w, https:\/\/tourtravelandmore.com\/wp-content\/uploads\/2020\/06\/lucca-1.3-595x458.jpg 595w\" sizes=\"(max-width: 1024px) 100vw, 1024px\" \/><\/figure>\n\n\n\n<figure class=\"wp-block-image size-large\"><img decoding=\"async\" width=\"960\" height=\"638\" data-id=\"80525\" src=\"https:\/\/tourtravelandmore.com\/wp-content\/uploads\/2020\/06\/pisa-1.jpg\" alt=\"\" class=\"wp-image-80525\" srcset=\"https:\/\/tourtravelandmore.com\/wp-content\/uploads\/2020\/06\/pisa-1.jpg 960w, https:\/\/tourtravelandmore.com\/wp-content\/uploads\/2020\/06\/pisa-1-300x199.jpg 300w, https:\/\/tourtravelandmore.com\/wp-content\/uploads\/2020\/06\/pisa-1-768x510.jpg 768w, https:\/\/tourtravelandmore.com\/wp-content\/uploads\/2020\/06\/pisa-1-680x452.jpg 680w, https:\/\/tourtravelandmore.com\/wp-content\/uploads\/2020\/06\/pisa-1-460x305.jpg 460w, https:\/\/tourtravelandmore.com\/wp-content\/uploads\/2020\/06\/pisa-1-595x395.jpg 595w\" sizes=\"(max-width: 960px) 100vw, 960px\" \/><\/figure>\n\n\n\n<figure class=\"wp-block-image size-large\"><img loading=\"lazy\" decoding=\"async\" width=\"1024\" height=\"637\" data-id=\"80527\" src=\"https:\/\/tourtravelandmore.com\/wp-content\/uploads\/2020\/06\/siena-1-1-1024x637.jpg\" alt=\"\" class=\"wp-image-80527\" srcset=\"https:\/\/tourtravelandmore.com\/wp-content\/uploads\/2020\/06\/siena-1-1-1024x637.jpg 1024w, https:\/\/tourtravelandmore.com\/wp-content\/uploads\/2020\/06\/siena-1-1-300x187.jpg 300w, https:\/\/tourtravelandmore.com\/wp-content\/uploads\/2020\/06\/siena-1-1-768x478.jpg 768w, https:\/\/tourtravelandmore.com\/wp-content\/uploads\/2020\/06\/siena-1-1-680x423.jpg 680w, https:\/\/tourtravelandmore.com\/wp-content\/uploads\/2020\/06\/siena-1-1-595x370.jpg 595w, https:\/\/tourtravelandmore.com\/wp-content\/uploads\/2020\/06\/siena-1-1.jpg 1280w\" sizes=\"(max-width: 1024px) 100vw, 1024px\" \/><\/figure>\n<\/figure>\n\n\n\n<figure class=\"wp-block-image is-resized\"><img loading=\"lazy\" decoding=\"async\" width=\"566\" height=\"204\" src=\"https:\/\/tourtravelandmore.com\/wp-content\/uploads\/2020\/06\/Screenshot-2020-06-03-at-22.01.00.png\" alt=\"\" class=\"wp-image-80385\" style=\"width:244px;height:88px\" srcset=\"https:\/\/tourtravelandmore.com\/wp-content\/uploads\/2020\/06\/Screenshot-2020-06-03-at-22.01.00.png 566w, https:\/\/tourtravelandmore.com\/wp-content\/uploads\/2020\/06\/Screenshot-2020-06-03-at-22.01.00-300x108.png 300w\" sizes=\"(max-width: 566px) 100vw, 566px\" \/><\/figure>\n\n\n\n<p><strong>Ruta por La Toscana<\/strong>:<\/p>\n\n\n\n<p><a href=\"#D\u00eda 1: Llegada a Florencia\">Primer d\u00eda: Llegada a Florencia<\/a><\/p>\n\n\n\n<p><a href=\"#D\u00eda 2: Florencia\">Segundo d\u00eda: Florencia<\/a><\/p>\n\n\n\n<p><a href=\"#D\u00eda 3: Visita a Pisa y Lucca\">Tercer d\u00eda: Visita a Pisa y Lucca<\/a><\/p>\n\n\n\n<p><a href=\"#D\u00eda 4: Visita a Siena y San Gimignano\">Cuatro d\u00eda: Visita a Siena y San Gimignano<\/a><\/p>\n\n\n\n<p><a href=\"#D\u00eda 5: Traslado de Salida de Florencia\">Quinto d\u00eda: Traslado de Salida desde Florencia<\/a><\/p>\n\n\n\n<figure class=\"wp-block-image size-large is-resized\"><img loading=\"lazy\" decoding=\"async\" width=\"604\" height=\"228\" src=\"https:\/\/tourtravelandmore.com\/wp-content\/uploads\/2020\/06\/Screenshot-2020-06-03-at-22.01.16.png\" alt=\"\" class=\"wp-image-80387\" style=\"width:277px;height:104px\" srcset=\"https:\/\/tourtravelandmore.com\/wp-content\/uploads\/2020\/06\/Screenshot-2020-06-03-at-22.01.16.png 604w, https:\/\/tourtravelandmore.com\/wp-content\/uploads\/2020\/06\/Screenshot-2020-06-03-at-22.01.16-300x113.png 300w, https:\/\/tourtravelandmore.com\/wp-content\/uploads\/2020\/06\/Screenshot-2020-06-03-at-22.01.16-595x225.png 595w\" sizes=\"(max-width: 604px) 100vw, 604px\" \/><\/figure>\n\n\n\n<h3 class=\"wp-block-heading\" id=\"D\u00eda 1: Llegada a Florencia\">D\u00eda 1: Llegada a Florencia<\/h3>\n\n\n\n<p>Su ruta desde Florencia a La Toscana comienza una vez que llega al aeropuerto internacional de Florencia.<\/p>\n\n\n\n<p>Disfrutar\u00e1 de un traslado privado a su hotel en Florencia c\u00f3modo en su veh\u00edculo de lujo con chofer privado.<\/p>\n\n\n\n<p>En caso de que su arribo sea temprano por la ma\u00f1ana, podemos organizar un recorrido privado o actividad para usted por la tarde.<\/p>\n\n\n\n<figure class=\"wp-block-gallery has-nested-images columns-default is-cropped wp-block-gallery-2 is-layout-flex wp-block-gallery-is-layout-flex\">\n<figure class=\"wp-block-image size-large\"><img loading=\"lazy\" decoding=\"async\" width=\"960\" height=\"638\" data-id=\"80532\" src=\"https:\/\/tourtravelandmore.com\/wp-content\/uploads\/2020\/06\/florence-1.1.jpg\" alt=\"\" class=\"wp-image-80532\" srcset=\"https:\/\/tourtravelandmore.com\/wp-content\/uploads\/2020\/06\/florence-1.1.jpg 960w, https:\/\/tourtravelandmore.com\/wp-content\/uploads\/2020\/06\/florence-1.1-300x199.jpg 300w, https:\/\/tourtravelandmore.com\/wp-content\/uploads\/2020\/06\/florence-1.1-768x510.jpg 768w, https:\/\/tourtravelandmore.com\/wp-content\/uploads\/2020\/06\/florence-1.1-680x452.jpg 680w, https:\/\/tourtravelandmore.com\/wp-content\/uploads\/2020\/06\/florence-1.1-460x305.jpg 460w, https:\/\/tourtravelandmore.com\/wp-content\/uploads\/2020\/06\/florence-1.1-595x395.jpg 595w\" sizes=\"(max-width: 960px) 100vw, 960px\" \/><\/figure>\n<\/figure>\n\n\n\n<h3 class=\"wp-block-heading\" id=\"D\u00eda 2: Florencia\">D\u00eda 2: Florencia<\/h3>\n\n\n\n<p>Florencia es la capital de la regi\u00f3n de La Toscana y es conocida como la &#8220;cuna del Renacimiento&#8221;, ya que es una ciudad llena de arte, monumentos y edificios alucinantes.<\/p>\n\n\n\n<p>En este primer recorrido, tendr\u00e1 la oportunidad de descubrir y admirar Florencia acompa\u00f1ado de un gu\u00eda tur\u00edstico profesional que le mostrar\u00e1 cada rinc\u00f3n y monumento.<\/p>\n\n\n\n<p>Durante este recorrido podr\u00e1 visitar los siguientes lugares:<\/p>\n\n\n\n<ul class=\"wp-block-list\">\n<li>Ponte Vecchio: que significa &#8220;puente viejo&#8221;, es el \u00fanico puente que sobrevivi\u00f3 a la Segunda Guerra Mundial, por eso, se convirti\u00f3 en uno de los puentes m\u00e1s famosos del mundo.<\/li>\n\n\n\n<li>Catedral de Santa Mar\u00eda del Fiore (Duomo): la Catedral se encuentra en la Piazza del Duomo y es un complejo de tres edificios, la C\u00fapula de Brunelleschi, la nave y el Campanile de Giotto que forman parte del Patrimonio de la Humanidad de la UNESCO.<\/li>\n\n\n\n<li>Piazza della Repubblica: originalmente era el sitio del foro, pero hoy en d\u00eda es el teatro de artistas callejeros y exposiciones improvisadas.<\/li>\n\n\n\n<li>Palazzo Vecchio: el Palacio se encuentra en la Piazza della Signoria y es donde se encuentran las oficinas del ayuntamiento.<\/li>\n\n\n\n<li>Piazza della Signoria: es la sede del poder civil junto con el Palazzo Vecchio. Un dato curioso es que tiene forma de L.<\/li>\n<\/ul>\n\n\n\n<p>Dependiendo a qu\u00e9 hora llegue el primer d\u00eda, podemos organizar este recorrido privado por la tarde o simplemente dejarlo para el d\u00eda siguiente as\u00ed podr\u00e1 descansar y conocer la ciudad por su cuenta.<\/p>\n\n\n\n<p>Podemos incluir entradas sin colas a la Galer\u00eda de la Academia o la Galer\u00eda Uffizi si es que desea conocer m\u00e1s sobre el arte y cultura de Florencia.<\/p>\n\n\n\n<figure class=\"wp-block-gallery has-nested-images columns-default is-cropped wp-block-gallery-3 is-layout-flex wp-block-gallery-is-layout-flex\">\n<figure class=\"wp-block-image size-large\"><img loading=\"lazy\" decoding=\"async\" width=\"1024\" height=\"768\" data-id=\"80534\" src=\"https:\/\/tourtravelandmore.com\/wp-content\/uploads\/2020\/06\/florence-1.2-1024x768.jpg\" alt=\"\" class=\"wp-image-80534\" srcset=\"https:\/\/tourtravelandmore.com\/wp-content\/uploads\/2020\/06\/florence-1.2-1024x768.jpg 1024w, https:\/\/tourtravelandmore.com\/wp-content\/uploads\/2020\/06\/florence-1.2-300x225.jpg 300w, https:\/\/tourtravelandmore.com\/wp-content\/uploads\/2020\/06\/florence-1.2-768x576.jpg 768w, https:\/\/tourtravelandmore.com\/wp-content\/uploads\/2020\/06\/florence-1.2-680x510.jpg 680w, https:\/\/tourtravelandmore.com\/wp-content\/uploads\/2020\/06\/florence-1.2-595x446.jpg 595w, https:\/\/tourtravelandmore.com\/wp-content\/uploads\/2020\/06\/florence-1.2.jpg 1280w\" sizes=\"(max-width: 1024px) 100vw, 1024px\" \/><\/figure>\n<\/figure>\n\n\n\n<h3 class=\"wp-block-heading\" id=\"D\u00eda 3: Visita a Pisa y Lucca\">D\u00eda 3: Visita a Pisa y Lucca<\/h3>\n\n\n\n<p>Su conductor\/gu\u00eda privado lo recoger\u00e1 en su hotel en Florencia y lo llevara primero hacia Pisa.<\/p>\n\n\n\n<p>Una vez en Pisa, visitar\u00e1 la Piazza dei Miracoli, donde se encuentran la Torre de Pisa y el Baptisterio. Podemos incluir entradas sin cola a la Torre de Pisa si desea admirar la incre\u00edble vista de la ciudad desde las alturas.<\/p>\n\n\n\n<p>Luego, continuar\u00e1 hacia Lucca donde durante 2 horas podr\u00e1 conocer su casco antiguo, famoso por sus muros renacentistas bien conservados que rodean el centro hist\u00f3rico y sus calles adoquinadas.<\/p>\n\n\n\n<p>Finalmente, su conductor privado lo llevar\u00e1 de regreso a su hotel en Florencia.<\/p>\n\n\n\n<p>Si lo prefiere, tambi\u00e9n podemos incluir un gu\u00eda tur\u00edstico local privado durante 2,5 horas en Pisa.<\/p>\n\n\n\n<figure class=\"wp-block-gallery has-nested-images columns-default is-cropped wp-block-gallery-4 is-layout-flex wp-block-gallery-is-layout-flex\">\n<figure class=\"wp-block-image size-large\"><img loading=\"lazy\" decoding=\"async\" width=\"1024\" height=\"678\" data-id=\"80536\" src=\"https:\/\/tourtravelandmore.com\/wp-content\/uploads\/2020\/06\/pisa-2-1024x678.jpg\" alt=\"\" class=\"wp-image-80536\" srcset=\"https:\/\/tourtravelandmore.com\/wp-content\/uploads\/2020\/06\/pisa-2-1024x678.jpg 1024w, https:\/\/tourtravelandmore.com\/wp-content\/uploads\/2020\/06\/pisa-2-300x199.jpg 300w, https:\/\/tourtravelandmore.com\/wp-content\/uploads\/2020\/06\/pisa-2-768x508.jpg 768w, https:\/\/tourtravelandmore.com\/wp-content\/uploads\/2020\/06\/pisa-2-1536x1017.jpg 1536w, https:\/\/tourtravelandmore.com\/wp-content\/uploads\/2020\/06\/pisa-2-680x450.jpg 680w, https:\/\/tourtravelandmore.com\/wp-content\/uploads\/2020\/06\/pisa-2-460x305.jpg 460w, https:\/\/tourtravelandmore.com\/wp-content\/uploads\/2020\/06\/pisa-2-595x394.jpg 595w, https:\/\/tourtravelandmore.com\/wp-content\/uploads\/2020\/06\/pisa-2.jpg 1920w\" sizes=\"(max-width: 1024px) 100vw, 1024px\" \/><\/figure>\n<\/figure>\n\n\n\n<h3 class=\"wp-block-heading\" id=\"D\u00eda 4: Visita a Siena y San Gimignano\">D\u00eda 4: Visita a Siena y San Gimignano<\/h3>\n\n\n\n<p>En este recorrido por la Toscana, no puedes dejar de visitar Siena y San Gimignano. Disfrutar\u00e1 de un recorrido de 8 horas desde Florencia en un veh\u00edculo privado de lujo con conductor\/gu\u00eda.<\/p>\n\n\n\n<p>Primero visitar\u00e1s Siena, Siena es la ciudad monta\u00f1osa m\u00e1s grande y conocida de la Toscana. La ciudad fue fundada por los romanos en los a\u00f1os 62 a. C., se encuentra en la cima de tres colinas.<\/p>\n\n\n\n<p>Recomendamos almorzar en Siena, ya que tiene una gran variedad de restaurantes con hermosas vistas de su paisaje, en otras palabras, \u00a1disfrutar\u00e1 de una t\u00edpica comida de la Toscana!<\/p>\n\n\n\n<p>Seguidamente, seguir\u00e1n hasta San Gimignano, una de las ciudades medievales mejor conservadas de toda la Toscana, con sus rascacielos medievales.<\/p>\n\n\n\n<p>Finalmente, su conductor privado lo llevar\u00e1 de regreso a su punto de partida en Florencia.<\/p>\n\n\n\n<p>Tambi\u00e9n podemos incluir un gu\u00eda tur\u00edstico local en Siena para una visita de 2 horas si est\u00e1 interesado en aprender m\u00e1s sobre la ciudad y su historia.<\/p>\n\n\n\n<figure class=\"wp-block-gallery has-nested-images columns-default is-cropped wp-block-gallery-5 is-layout-flex wp-block-gallery-is-layout-flex\">\n<figure class=\"wp-block-image size-large\"><img loading=\"lazy\" decoding=\"async\" width=\"1024\" height=\"626\" data-id=\"80538\" src=\"https:\/\/tourtravelandmore.com\/wp-content\/uploads\/2020\/06\/sangi-1024x626.jpg\" alt=\"\" class=\"wp-image-80538\" srcset=\"https:\/\/tourtravelandmore.com\/wp-content\/uploads\/2020\/06\/sangi-1024x626.jpg 1024w, https:\/\/tourtravelandmore.com\/wp-content\/uploads\/2020\/06\/sangi-300x183.jpg 300w, https:\/\/tourtravelandmore.com\/wp-content\/uploads\/2020\/06\/sangi-768x470.jpg 768w, https:\/\/tourtravelandmore.com\/wp-content\/uploads\/2020\/06\/sangi-1536x939.jpg 1536w, https:\/\/tourtravelandmore.com\/wp-content\/uploads\/2020\/06\/sangi-2048x1252.jpg 2048w, https:\/\/tourtravelandmore.com\/wp-content\/uploads\/2020\/06\/sangi-680x416.jpg 680w, https:\/\/tourtravelandmore.com\/wp-content\/uploads\/2020\/06\/sangi-595x364.jpg 595w\" sizes=\"(max-width: 1024px) 100vw, 1024px\" \/><\/figure>\n<\/figure>\n\n\n\n<h3 class=\"wp-block-heading\" id=\"D\u00eda 5: Traslado de Salida de Florencia\"> D\u00eda 5: Traslado de Salida de Florencia <\/h3>\n\n\n\n<p>Aunque nunca queremos que llegue este d\u00eda, hay que despedirse de Florencia. Afortunadamente, dispondr\u00e1 de un traslado privado desde su hotel al aeropuerto de Florencia en un veh\u00edculo de lujo.<\/p>\n\n\n\n<p>En caso de que su estad\u00eda sea de menos o m\u00e1s d\u00edas en Florencia, podemos organizar su traslado cualquier otro d\u00eda sin ning\u00fan inconveniente.<\/p>\n\n\n\n<p>Este es solo un ejemplo de lo que ver\u00e1 durante su estad\u00eda en Florencia y, adem\u00e1s, podr\u00e1 visitar algunos pueblos t\u00edpicos de la regi\u00f3n de La Toscana. <\/p>\n\n\n\n<p>Estamos a su total disposici\u00f3n en caso de que quiera o necesite cambiar algo del itinerario. Esta es una experiencia de ruta privada personalizada a trav\u00e9s de la regi\u00f3n de La Toscana en Italia.<\/p>\n\n\n\n<p>\u00a1Contamos con un equipo multiling\u00fce y profesional que espera poder ayudarlo a organizar sus pr\u00f3ximas vacaciones!<\/p>\n\n\n\n<h3 class=\"wp-block-heading\">\u00bfComo reservar tu Ruta Privada desde Florencia a La Toscana con Tour Travel &amp; More?<\/h3>\n\n\n\n<p>Si est\u00e1 esperando tener una aventura \u00fanica en La Toscana, \u00a1esta es una gran oportunidad!. Reservar con nosotros en Tour Travel &amp; More su ruta desde Florencia a La Toscana es una forma segura de visitar Italia. <\/p>\n\n\n\n<p>Florencia es la ciudad m\u00e1s importante de la regi\u00f3n, tiene una gran variedad de hoteles y restaurantes que la convierten en el lugar especial desde donde comenzar su viaje.<\/p>\n\n\n\n<p><a href=\"https:\/\/tourtravelandmore.com\/contact\/\" target=\"_blank\" rel=\"noreferrer noopener\">Haga clic aqu\u00ed para contactarnos si necesita ayuda con su viaje, tenemos un equipo experto en viajes dispuesto a ayudarlo<\/a><\/p>\n\n\n\n<p>Somos especialistas solo en tours privados y estamos aqu\u00ed para organizar el mejor viaje o ruta para usted. <\/p>\n\n\n\n<p>Somos un equipo profesional y multilingue que estar\u00e1 a su entera disposici\u00f3n, es por eso, que adaptaremos nuestros tours para satisfacer sus necesidades y crear un tour a su medida.<\/p>\n\n\n\n<figure class=\"wp-block-gallery has-nested-images columns-default is-cropped wp-block-gallery-6 is-layout-flex wp-block-gallery-is-layout-flex\">\n<figure class=\"wp-block-image size-large\"><img loading=\"lazy\" decoding=\"async\" width=\"1024\" height=\"885\" data-id=\"80540\" src=\"https:\/\/tourtravelandmore.com\/wp-content\/uploads\/2020\/06\/siena-1.2-1024x885.jpg\" alt=\"\" class=\"wp-image-80540\" srcset=\"https:\/\/tourtravelandmore.com\/wp-content\/uploads\/2020\/06\/siena-1.2-1024x885.jpg 1024w, https:\/\/tourtravelandmore.com\/wp-content\/uploads\/2020\/06\/siena-1.2-300x259.jpg 300w, https:\/\/tourtravelandmore.com\/wp-content\/uploads\/2020\/06\/siena-1.2-768x664.jpg 768w, https:\/\/tourtravelandmore.com\/wp-content\/uploads\/2020\/06\/siena-1.2-1536x1328.jpg 1536w, https:\/\/tourtravelandmore.com\/wp-content\/uploads\/2020\/06\/siena-1.2-2048x1770.jpg 2048w, https:\/\/tourtravelandmore.com\/wp-content\/uploads\/2020\/06\/siena-1.2-680x588.jpg 680w, https:\/\/tourtravelandmore.com\/wp-content\/uploads\/2020\/06\/siena-1.2-595x514.jpg 595w\" sizes=\"(max-width: 1024px) 100vw, 1024px\" \/><figcaption class=\"wp-element-caption\">Duomo di Siena<\/figcaption><\/figure>\n\n\n\n<figure class=\"wp-block-image size-large\"><img loading=\"lazy\" decoding=\"async\" width=\"960\" height=\"640\" data-id=\"80544\" src=\"https:\/\/tourtravelandmore.com\/wp-content\/uploads\/2020\/06\/siena-1.3.jpg\" alt=\"\" class=\"wp-image-80544\" srcset=\"https:\/\/tourtravelandmore.com\/wp-content\/uploads\/2020\/06\/siena-1.3.jpg 960w, https:\/\/tourtravelandmore.com\/wp-content\/uploads\/2020\/06\/siena-1.3-300x200.jpg 300w, https:\/\/tourtravelandmore.com\/wp-content\/uploads\/2020\/06\/siena-1.3-768x512.jpg 768w, https:\/\/tourtravelandmore.com\/wp-content\/uploads\/2020\/06\/siena-1.3-680x453.jpg 680w, https:\/\/tourtravelandmore.com\/wp-content\/uploads\/2020\/06\/siena-1.3-595x397.jpg 595w\" sizes=\"(max-width: 960px) 100vw, 960px\" \/><\/figure>\n\n\n\n<figure class=\"wp-block-image size-large\"><img loading=\"lazy\" decoding=\"async\" width=\"261\" height=\"193\" data-id=\"80558\" src=\"https:\/\/tourtravelandmore.com\/wp-content\/uploads\/2020\/06\/florencia-1.5.jpg\" alt=\"\" class=\"wp-image-80558\"\/><\/figure>\n<\/figure>\n\n\n\n<p>Si quieren pueden contactar directamente con nosotros aqu\u00ed:<\/p>\n\n\n\n\n","protected":false},"excerpt":{"rendered":"<p>5 d\u00edas por La Toscana Itinerarios privados numero 1 en La Toscana Ruta por La Toscana: Primer d\u00eda: Llegada a Florencia Segundo d\u00eda: Florencia Tercer d\u00eda: Visita a Pisa y Lucca Cuatro d\u00eda: Visita a Siena y San Gimignano Quinto d\u00eda: Traslado de Salida desde Florencia D\u00eda 1: Llegada a Florencia Su ruta desde Florencia [&hellip;]<\/p>\n","protected":false},"author":2,"featured_media":80498,"comment_status":"open","ping_status":"open","sticky":false,"template":"","format":"standard","meta":{"_acf_changed":false,"footnotes":""},"categories":[2388,2384],"tags":[],"class_list":["post-80550","post","type-post","status-publish","format-standard","has-post-thumbnail","hentry","category-florencia","category-rutas"],"acf":[],"yoast_head":"<!-- This site is optimized with the Yoast SEO Premium plugin v25.3.1 (Yoast SEO v25.3.1) - https:\/\/yoast.com\/wordpress\/plugins\/seo\/ -->\n<title>La Toscana - Rutade 5 d\u00edas por La Toscana desde Florencia<\/title>\n<meta name=\"description\" content=\"Disfrute de este viaje privado desde Florencia a La Toscana. Tendr\u00e1 5 d\u00edas para admirar las ciudades y pueblos m\u00e1s importantes de esta regi\u00f3n en Italia.\" \/>\n<meta name=\"robots\" content=\"index, follow, max-snippet:-1, max-image-preview:large, max-video-preview:-1\" \/>\n<link rel=\"canonical\" href=\"https:\/\/tourtravelandmore.com\/es\/la-toscana-ruta-de-5-dias-por-la-toscana-desde-florencia\/\" \/>\n<meta property=\"og:locale\" content=\"es_ES\" \/>\n<meta property=\"og:type\" content=\"article\" \/>\n<meta property=\"og:title\" content=\"La Toscana - Ruta de 5 d\u00edas por la Toscana desde Florencia\" \/>\n<meta property=\"og:description\" content=\"Disfrute de este viaje privado desde Florencia a La Toscana. Tendr\u00e1 5 d\u00edas para admirar las ciudades y pueblos m\u00e1s importantes de esta regi\u00f3n en Italia.\" \/>\n<meta property=\"og:url\" content=\"https:\/\/tourtravelandmore.com\/es\/la-toscana-ruta-de-5-dias-por-la-toscana-desde-florencia\/\" \/>\n<meta property=\"og:site_name\" content=\"Tour Travel And More\" \/>\n<meta property=\"article:publisher\" content=\"https:\/\/www.facebook.com\/tourtravelandmore\/\" \/>\n<meta property=\"article:published_time\" content=\"2020-06-17T20:37:41+00:00\" \/>\n<meta property=\"article:modified_time\" content=\"2025-02-24T09:37:49+00:00\" \/>\n<meta property=\"og:image\" content=\"https:\/\/tourtravelandmore.com\/wp-content\/uploads\/2020\/06\/florencia-1-blog.jpg\" \/>\n\t<meta property=\"og:image:width\" content=\"960\" \/>\n\t<meta property=\"og:image:height\" content=\"633\" \/>\n\t<meta property=\"og:image:type\" content=\"image\/jpeg\" \/>\n<meta name=\"author\" content=\"Maya Nader Harati\" \/>\n<meta name=\"twitter:card\" content=\"summary_large_image\" \/>\n<meta name=\"twitter:creator\" content=\"@TourTravel_More\" \/>\n<meta name=\"twitter:site\" content=\"@TourTravel_More\" \/>\n<meta name=\"twitter:label1\" content=\"Escrito por\" \/>\n\t<meta name=\"twitter:data1\" content=\"Maya Nader Harati\" \/>\n\t<meta name=\"twitter:label2\" content=\"Tiempo de lectura\" \/>\n\t<meta name=\"twitter:data2\" content=\"8 minutos\" \/>\n<script type=\"application\/ld+json\" class=\"yoast-schema-graph\">{\"@context\":\"https:\/\/schema.org\",\"@graph\":[{\"@type\":\"Article\",\"@id\":\"https:\/\/tourtravelandmore.com\/es\/la-toscana-ruta-de-5-dias-por-la-toscana-desde-florencia\/#article\",\"isPartOf\":{\"@id\":\"https:\/\/tourtravelandmore.com\/es\/la-toscana-ruta-de-5-dias-por-la-toscana-desde-florencia\/\"},\"author\":{\"name\":\"Maya Nader Harati\",\"@id\":\"https:\/\/tourtravelandmore.com\/es\/#\/schema\/person\/2a1c66d76ae9290a394e8efb4af12e1e\"},\"headline\":\"La Toscana &#8211; Ruta de 5 d\u00edas por la Toscana desde Florencia\",\"datePublished\":\"2020-06-17T20:37:41+00:00\",\"dateModified\":\"2025-02-24T09:37:49+00:00\",\"mainEntityOfPage\":{\"@id\":\"https:\/\/tourtravelandmore.com\/es\/la-toscana-ruta-de-5-dias-por-la-toscana-desde-florencia\/\"},\"wordCount\":1033,\"commentCount\":0,\"publisher\":{\"@id\":\"https:\/\/tourtravelandmore.com\/es\/#organization\"},\"image\":{\"@id\":\"https:\/\/tourtravelandmore.com\/es\/la-toscana-ruta-de-5-dias-por-la-toscana-desde-florencia\/#primaryimage\"},\"thumbnailUrl\":\"https:\/\/tourtravelandmore.com\/wp-content\/uploads\/2020\/06\/florencia-1-blog.jpg\",\"articleSection\":[\"Florencia\",\"Rutas\"],\"inLanguage\":\"es\",\"potentialAction\":[{\"@type\":\"CommentAction\",\"name\":\"Comment\",\"target\":[\"https:\/\/tourtravelandmore.com\/es\/la-toscana-ruta-de-5-dias-por-la-toscana-desde-florencia\/#respond\"]}]},{\"@type\":\"WebPage\",\"@id\":\"https:\/\/tourtravelandmore.com\/es\/la-toscana-ruta-de-5-dias-por-la-toscana-desde-florencia\/\",\"url\":\"https:\/\/tourtravelandmore.com\/es\/la-toscana-ruta-de-5-dias-por-la-toscana-desde-florencia\/\",\"name\":\"La Toscana - Rutade 5 d\u00edas por La Toscana desde Florencia\",\"isPartOf\":{\"@id\":\"https:\/\/tourtravelandmore.com\/es\/#website\"},\"primaryImageOfPage\":{\"@id\":\"https:\/\/tourtravelandmore.com\/es\/la-toscana-ruta-de-5-dias-por-la-toscana-desde-florencia\/#primaryimage\"},\"image\":{\"@id\":\"https:\/\/tourtravelandmore.com\/es\/la-toscana-ruta-de-5-dias-por-la-toscana-desde-florencia\/#primaryimage\"},\"thumbnailUrl\":\"https:\/\/tourtravelandmore.com\/wp-content\/uploads\/2020\/06\/florencia-1-blog.jpg\",\"datePublished\":\"2020-06-17T20:37:41+00:00\",\"dateModified\":\"2025-02-24T09:37:49+00:00\",\"description\":\"Disfrute de este viaje privado desde Florencia a La Toscana. Tendr\u00e1 5 d\u00edas para admirar las ciudades y pueblos m\u00e1s importantes de esta regi\u00f3n en Italia.\",\"breadcrumb\":{\"@id\":\"https:\/\/tourtravelandmore.com\/es\/la-toscana-ruta-de-5-dias-por-la-toscana-desde-florencia\/#breadcrumb\"},\"inLanguage\":\"es\",\"potentialAction\":[{\"@type\":\"ReadAction\",\"target\":[\"https:\/\/tourtravelandmore.com\/es\/la-toscana-ruta-de-5-dias-por-la-toscana-desde-florencia\/\"]}]},{\"@type\":\"ImageObject\",\"inLanguage\":\"es\",\"@id\":\"https:\/\/tourtravelandmore.com\/es\/la-toscana-ruta-de-5-dias-por-la-toscana-desde-florencia\/#primaryimage\",\"url\":\"https:\/\/tourtravelandmore.com\/wp-content\/uploads\/2020\/06\/florencia-1-blog.jpg\",\"contentUrl\":\"https:\/\/tourtravelandmore.com\/wp-content\/uploads\/2020\/06\/florencia-1-blog.jpg\",\"width\":960,\"height\":633},{\"@type\":\"BreadcrumbList\",\"@id\":\"https:\/\/tourtravelandmore.com\/es\/la-toscana-ruta-de-5-dias-por-la-toscana-desde-florencia\/#breadcrumb\",\"itemListElement\":[{\"@type\":\"ListItem\",\"position\":1,\"name\":\"Home\",\"item\":\"https:\/\/tourtravelandmore.com\/es\/\"},{\"@type\":\"ListItem\",\"position\":2,\"name\":\"La Toscana &#8211; Ruta de 5 d\u00edas por la Toscana desde Florencia\"}]},{\"@type\":\"WebSite\",\"@id\":\"https:\/\/tourtravelandmore.com\/es\/#website\",\"url\":\"https:\/\/tourtravelandmore.com\/es\/\",\"name\":\"Tour Travel And More\",\"description\":\"Private sightseeing tours and luxury transfers in Spain\",\"publisher\":{\"@id\":\"https:\/\/tourtravelandmore.com\/es\/#organization\"},\"potentialAction\":[{\"@type\":\"SearchAction\",\"target\":{\"@type\":\"EntryPoint\",\"urlTemplate\":\"https:\/\/tourtravelandmore.com\/es\/?s={search_term_string}\"},\"query-input\":{\"@type\":\"PropertyValueSpecification\",\"valueRequired\":true,\"valueName\":\"search_term_string\"}}],\"inLanguage\":\"es\"},{\"@type\":\"Organization\",\"@id\":\"https:\/\/tourtravelandmore.com\/es\/#organization\",\"name\":\"Tour Travel And More\",\"url\":\"https:\/\/tourtravelandmore.com\/es\/\",\"logo\":{\"@type\":\"ImageObject\",\"inLanguage\":\"es\",\"@id\":\"https:\/\/tourtravelandmore.com\/es\/#\/schema\/logo\/image\/\",\"url\":\"https:\/\/tourtravelandmore.com\/wp-content\/uploads\/2022\/12\/cropped-logo-cabecera-new.png\",\"contentUrl\":\"https:\/\/tourtravelandmore.com\/wp-content\/uploads\/2022\/12\/cropped-logo-cabecera-new.png\",\"width\":430,\"height\":61,\"caption\":\"Tour Travel And More\"},\"image\":{\"@id\":\"https:\/\/tourtravelandmore.com\/es\/#\/schema\/logo\/image\/\"},\"sameAs\":[\"https:\/\/www.facebook.com\/tourtravelandmore\/\",\"https:\/\/x.com\/TourTravel_More\"]},{\"@type\":\"Person\",\"@id\":\"https:\/\/tourtravelandmore.com\/es\/#\/schema\/person\/2a1c66d76ae9290a394e8efb4af12e1e\",\"name\":\"Maya Nader Harati\",\"image\":{\"@type\":\"ImageObject\",\"inLanguage\":\"es\",\"@id\":\"https:\/\/tourtravelandmore.com\/es\/#\/schema\/person\/image\/\",\"url\":\"https:\/\/secure.gravatar.com\/avatar\/adc2305883b6f86a616354c0c4516fcd9a333d5f5a0806d9d1ae9b30f898fa1f?s=96&d=mm&r=g\",\"contentUrl\":\"https:\/\/secure.gravatar.com\/avatar\/adc2305883b6f86a616354c0c4516fcd9a333d5f5a0806d9d1ae9b30f898fa1f?s=96&d=mm&r=g\",\"caption\":\"Maya Nader Harati\"},\"description\":\"Cultural Destination Specialist & Travel Chronicler. Maya doesn\u2019t just travel the world; she translates it.\",\"sameAs\":[\"https:\/\/tourtravelandmore.com\/author-profile-maya-nader-harati\/\"]}]}<\/script>\n<!-- \/ Yoast SEO Premium plugin. -->","yoast_head_json":{"title":"La Toscana - Rutade 5 d\u00edas por La Toscana desde Florencia","description":"Disfrute de este viaje privado desde Florencia a La Toscana. Tendr\u00e1 5 d\u00edas para admirar las ciudades y pueblos m\u00e1s importantes de esta regi\u00f3n en Italia.","robots":{"index":"index","follow":"follow","max-snippet":"max-snippet:-1","max-image-preview":"max-image-preview:large","max-video-preview":"max-video-preview:-1"},"canonical":"https:\/\/tourtravelandmore.com\/es\/la-toscana-ruta-de-5-dias-por-la-toscana-desde-florencia\/","og_locale":"es_ES","og_type":"article","og_title":"La Toscana - Ruta de 5 d\u00edas por la Toscana desde Florencia","og_description":"Disfrute de este viaje privado desde Florencia a La Toscana. Tendr\u00e1 5 d\u00edas para admirar las ciudades y pueblos m\u00e1s importantes de esta regi\u00f3n en Italia.","og_url":"https:\/\/tourtravelandmore.com\/es\/la-toscana-ruta-de-5-dias-por-la-toscana-desde-florencia\/","og_site_name":"Tour Travel And More","article_publisher":"https:\/\/www.facebook.com\/tourtravelandmore\/","article_published_time":"2020-06-17T20:37:41+00:00","article_modified_time":"2025-02-24T09:37:49+00:00","og_image":[{"width":960,"height":633,"url":"https:\/\/tourtravelandmore.com\/wp-content\/uploads\/2020\/06\/florencia-1-blog.jpg","type":"image\/jpeg"}],"author":"Maya Nader Harati","twitter_card":"summary_large_image","twitter_creator":"@TourTravel_More","twitter_site":"@TourTravel_More","twitter_misc":{"Escrito por":"Maya Nader Harati","Tiempo de lectura":"8 minutos"},"schema":{"@context":"https:\/\/schema.org","@graph":[{"@type":"Article","@id":"https:\/\/tourtravelandmore.com\/es\/la-toscana-ruta-de-5-dias-por-la-toscana-desde-florencia\/#article","isPartOf":{"@id":"https:\/\/tourtravelandmore.com\/es\/la-toscana-ruta-de-5-dias-por-la-toscana-desde-florencia\/"},"author":{"name":"Maya Nader Harati","@id":"https:\/\/tourtravelandmore.com\/es\/#\/schema\/person\/2a1c66d76ae9290a394e8efb4af12e1e"},"headline":"La Toscana &#8211; Ruta de 5 d\u00edas por la Toscana desde Florencia","datePublished":"2020-06-17T20:37:41+00:00","dateModified":"2025-02-24T09:37:49+00:00","mainEntityOfPage":{"@id":"https:\/\/tourtravelandmore.com\/es\/la-toscana-ruta-de-5-dias-por-la-toscana-desde-florencia\/"},"wordCount":1033,"commentCount":0,"publisher":{"@id":"https:\/\/tourtravelandmore.com\/es\/#organization"},"image":{"@id":"https:\/\/tourtravelandmore.com\/es\/la-toscana-ruta-de-5-dias-por-la-toscana-desde-florencia\/#primaryimage"},"thumbnailUrl":"https:\/\/tourtravelandmore.com\/wp-content\/uploads\/2020\/06\/florencia-1-blog.jpg","articleSection":["Florencia","Rutas"],"inLanguage":"es","potentialAction":[{"@type":"CommentAction","name":"Comment","target":["https:\/\/tourtravelandmore.com\/es\/la-toscana-ruta-de-5-dias-por-la-toscana-desde-florencia\/#respond"]}]},{"@type":"WebPage","@id":"https:\/\/tourtravelandmore.com\/es\/la-toscana-ruta-de-5-dias-por-la-toscana-desde-florencia\/","url":"https:\/\/tourtravelandmore.com\/es\/la-toscana-ruta-de-5-dias-por-la-toscana-desde-florencia\/","name":"La Toscana - Rutade 5 d\u00edas por La Toscana desde Florencia","isPartOf":{"@id":"https:\/\/tourtravelandmore.com\/es\/#website"},"primaryImageOfPage":{"@id":"https:\/\/tourtravelandmore.com\/es\/la-toscana-ruta-de-5-dias-por-la-toscana-desde-florencia\/#primaryimage"},"image":{"@id":"https:\/\/tourtravelandmore.com\/es\/la-toscana-ruta-de-5-dias-por-la-toscana-desde-florencia\/#primaryimage"},"thumbnailUrl":"https:\/\/tourtravelandmore.com\/wp-content\/uploads\/2020\/06\/florencia-1-blog.jpg","datePublished":"2020-06-17T20:37:41+00:00","dateModified":"2025-02-24T09:37:49+00:00","description":"Disfrute de este viaje privado desde Florencia a La Toscana. Tendr\u00e1 5 d\u00edas para admirar las ciudades y pueblos m\u00e1s importantes de esta regi\u00f3n en Italia.","breadcrumb":{"@id":"https:\/\/tourtravelandmore.com\/es\/la-toscana-ruta-de-5-dias-por-la-toscana-desde-florencia\/#breadcrumb"},"inLanguage":"es","potentialAction":[{"@type":"ReadAction","target":["https:\/\/tourtravelandmore.com\/es\/la-toscana-ruta-de-5-dias-por-la-toscana-desde-florencia\/"]}]},{"@type":"ImageObject","inLanguage":"es","@id":"https:\/\/tourtravelandmore.com\/es\/la-toscana-ruta-de-5-dias-por-la-toscana-desde-florencia\/#primaryimage","url":"https:\/\/tourtravelandmore.com\/wp-content\/uploads\/2020\/06\/florencia-1-blog.jpg","contentUrl":"https:\/\/tourtravelandmore.com\/wp-content\/uploads\/2020\/06\/florencia-1-blog.jpg","width":960,"height":633},{"@type":"BreadcrumbList","@id":"https:\/\/tourtravelandmore.com\/es\/la-toscana-ruta-de-5-dias-por-la-toscana-desde-florencia\/#breadcrumb","itemListElement":[{"@type":"ListItem","position":1,"name":"Home","item":"https:\/\/tourtravelandmore.com\/es\/"},{"@type":"ListItem","position":2,"name":"La Toscana &#8211; Ruta de 5 d\u00edas por la Toscana desde Florencia"}]},{"@type":"WebSite","@id":"https:\/\/tourtravelandmore.com\/es\/#website","url":"https:\/\/tourtravelandmore.com\/es\/","name":"Tour Travel And More","description":"Private sightseeing tours and luxury transfers in Spain","publisher":{"@id":"https:\/\/tourtravelandmore.com\/es\/#organization"},"potentialAction":[{"@type":"SearchAction","target":{"@type":"EntryPoint","urlTemplate":"https:\/\/tourtravelandmore.com\/es\/?s={search_term_string}"},"query-input":{"@type":"PropertyValueSpecification","valueRequired":true,"valueName":"search_term_string"}}],"inLanguage":"es"},{"@type":"Organization","@id":"https:\/\/tourtravelandmore.com\/es\/#organization","name":"Tour Travel And More","url":"https:\/\/tourtravelandmore.com\/es\/","logo":{"@type":"ImageObject","inLanguage":"es","@id":"https:\/\/tourtravelandmore.com\/es\/#\/schema\/logo\/image\/","url":"https:\/\/tourtravelandmore.com\/wp-content\/uploads\/2022\/12\/cropped-logo-cabecera-new.png","contentUrl":"https:\/\/tourtravelandmore.com\/wp-content\/uploads\/2022\/12\/cropped-logo-cabecera-new.png","width":430,"height":61,"caption":"Tour Travel And More"},"image":{"@id":"https:\/\/tourtravelandmore.com\/es\/#\/schema\/logo\/image\/"},"sameAs":["https:\/\/www.facebook.com\/tourtravelandmore\/","https:\/\/x.com\/TourTravel_More"]},{"@type":"Person","@id":"https:\/\/tourtravelandmore.com\/es\/#\/schema\/person\/2a1c66d76ae9290a394e8efb4af12e1e","name":"Maya Nader Harati","image":{"@type":"ImageObject","inLanguage":"es","@id":"https:\/\/tourtravelandmore.com\/es\/#\/schema\/person\/image\/","url":"https:\/\/secure.gravatar.com\/avatar\/adc2305883b6f86a616354c0c4516fcd9a333d5f5a0806d9d1ae9b30f898fa1f?s=96&d=mm&r=g","contentUrl":"https:\/\/secure.gravatar.com\/avatar\/adc2305883b6f86a616354c0c4516fcd9a333d5f5a0806d9d1ae9b30f898fa1f?s=96&d=mm&r=g","caption":"Maya Nader Harati"},"description":"Cultural Destination Specialist & Travel Chronicler. Maya doesn\u2019t just travel the world; she translates it.","sameAs":["https:\/\/tourtravelandmore.com\/author-profile-maya-nader-harati\/"]}]}},"_links":{"self":[{"href":"https:\/\/tourtravelandmore.com\/es\/wp-json\/wp\/v2\/posts\/80550","targetHints":{"allow":["GET"]}}],"collection":[{"href":"https:\/\/tourtravelandmore.com\/es\/wp-json\/wp\/v2\/posts"}],"about":[{"href":"https:\/\/tourtravelandmore.com\/es\/wp-json\/wp\/v2\/types\/post"}],"author":[{"embeddable":true,"href":"https:\/\/tourtravelandmore.com\/es\/wp-json\/wp\/v2\/users\/2"}],"replies":[{"embeddable":true,"href":"https:\/\/tourtravelandmore.com\/es\/wp-json\/wp\/v2\/comments?post=80550"}],"version-history":[{"count":2,"href":"https:\/\/tourtravelandmore.com\/es\/wp-json\/wp\/v2\/posts\/80550\/revisions"}],"predecessor-version":[{"id":180641,"href":"https:\/\/tourtravelandmore.com\/es\/wp-json\/wp\/v2\/posts\/80550\/revisions\/180641"}],"wp:featuredmedia":[{"embeddable":true,"href":"https:\/\/tourtravelandmore.com\/es\/wp-json\/wp\/v2\/media\/80498"}],"wp:attachment":[{"href":"https:\/\/tourtravelandmore.com\/es\/wp-json\/wp\/v2\/media?parent=80550"}],"wp:term":[{"taxonomy":"category","embeddable":true,"href":"https:\/\/tourtravelandmore.com\/es\/wp-json\/wp\/v2\/categories?post=80550"},{"taxonomy":"post_tag","embeddable":true,"href":"https:\/\/tourtravelandmore.com\/es\/wp-json\/wp\/v2\/tags?post=80550"}],"curies":[{"name":"wp","href":"https:\/\/api.w.org\/{rel}","templated":true}]}}