{"id":80509,"date":"2020-06-17T13:06:38","date_gmt":"2020-06-17T11:06:38","guid":{"rendered":"https:\/\/tourtravelandmore.com\/?p=80509"},"modified":"2021-03-05T05:07:00","modified_gmt":"2021-03-05T04:07:00","slug":"ruta-por-espana-barcelona-y-madrid-en-7-dias","status":"publish","type":"post","link":"https:\/\/tourtravelandmore.com\/es\/ruta-por-espana-barcelona-y-madrid-en-7-dias\/","title":{"rendered":"Ruta por Espa\u00f1a \u2013 Barcelona y Madrid en 7 d\u00edas"},"content":{"rendered":"\n<h2 class=\"has-text-align-center wp-block-heading\" id=\"h-la-principal-ruta-por-espa-a-descrita-por-un-experto-viajero\">La principal ruta por Espa\u00f1a descrita por un experto viajero<\/h2>\n\n\n\n<p>Sino conoces Espa\u00f1a y dispone de pongo tiempo os recomendamos empezar y centraros en las principales ciudades de Espa\u00f1a con esta ruta por Espa\u00f1a, <strong>Madrid y Barcelona<\/strong>.<\/p>\n\n\n\n<p>En este post os vamos a explicar los principales lugares que hay que visitar y conocer para la ruta por Espa\u00f1a. Si por conexi\u00f3n \u00e1rea os va mejor empezar desde Barcelona, no hay problema, tambi\u00e9n pod\u00e9is realizar la ruta del rev\u00e9s. Nosotros vamos a escribirla empezando desde Madrid, ya que hay un mayor n\u00famero de vuelos internacionales.<\/p>\n\n\n\n<figure class=\"wp-block-gallery columns-1 is-cropped wp-block-gallery-1 is-layout-flex wp-block-gallery-is-layout-flex\"><ul class=\"blocks-gallery-grid\"><li class=\"blocks-gallery-item\"><figure><img fetchpriority=\"high\" decoding=\"async\" width=\"640\" height=\"427\" src=\"https:\/\/tourtravelandmore.com\/wp-content\/uploads\/2020\/06\/MadridTourtravel1.jpg\" alt=\"\" data-id=\"80510\" data-full-url=\"https:\/\/tourtravelandmore.com\/wp-content\/uploads\/2020\/06\/MadridTourtravel1.jpg\" data-link=\"https:\/\/tourtravelandmore.com\/es\/?attachment_id=80510\" class=\"wp-image-80510\" srcset=\"https:\/\/tourtravelandmore.com\/wp-content\/uploads\/2020\/06\/MadridTourtravel1.jpg 640w, https:\/\/tourtravelandmore.com\/wp-content\/uploads\/2020\/06\/MadridTourtravel1-300x200.jpg 300w, https:\/\/tourtravelandmore.com\/wp-content\/uploads\/2020\/06\/MadridTourtravel1-595x397.jpg 595w\" sizes=\"(max-width: 640px) 100vw, 640px\" \/><\/figure><\/li><\/ul><\/figure>\n\n\n\n<p><strong>Indice:<\/strong><\/p>\n\n\n\n<p><a href=\"#D\u00eda 1: Llegada a Madrid\">Dia 1: Llegada a Madrid<\/a><\/p>\n\n\n\n<p><a href=\"#D\u00eda 2: \u00bfQu\u00e9 ver en Madrid?\">D\u00eda 2: \u00bfQu\u00e9 ver en Madrid?<\/a><\/p>\n\n\n\n<p><a href=\"#D\u00eda 3: Toledo desde Madrid\">Dia 3: Toledo desde Madrid<\/a><\/p>\n\n\n\n<p><a href=\"#D\u00eda 4: Segovia desde Madrid\">Dia 4: Segovia desde Madrid<\/a><\/p>\n\n\n\n<p><a href=\"#D\u00eda 5: Llegada a Barcelona y visita a la ciudad\">Dia 5: Llegada a Barcelona y visita de la ciudad<\/a><\/p>\n\n\n\n<p><a href=\"#D\u00eda 6: Barcelona y la obra de Antonio Gaudi\">Dia 6: Barcelona y la Obra de Antonio Gaudi<\/a><\/p>\n\n\n\n<p><a href=\"#D\u00eda 7: Girona y la Costa Brava desde Barcelona\">Dia7: Girona y la Costa Brava desde Barcelona<\/a><\/p>\n\n\n\n<h3 id=\"D\u00eda 1: Llegada a Madrid\">D\u00eda 1: Llegada a Madrid<\/h3>\n\n\n\n<p>El aeropuerto de Madrid se llama aeropuerto de Adolfo Suarez, es uno de los aeropuertos de m\u00e1s Tr\u00e1fico de Espa\u00f1a y consta de 4 Terminales y est\u00e1 Ubicada a 30 minutos de la ciudad. Aqu\u00ed empieza vuestra ruta por Espa\u00f1a. <\/p>\n\n\n\n<p><strong>\u00bfC\u00f3mo llegar a Madrid desde el Aeropuerto?<\/strong><\/p>\n\n\n\n<p>Os recomendamos coger nuestra <strong><em><span class=\"has-inline-color has-vivid-red-color\"><a href=\"\/?p=8710\" target=\"_blank\" rel=\"noreferrer noopener\">Opci\u00f3n de Transfer Privado<\/a><\/span><\/em><\/strong>, nuestro conductor estar\u00e1 esperando con un cartel con vuestro nombre, en todo momento controlamos la hora de aterrizaje de tal forma que si llega tarde no tienes que preocuparte, nosotros estamos atentos y cuando aterrices ah\u00ed estar\u00e1 el conductor esperando.<\/p>\n\n\n\n<h3 id=\"D\u00eda 2: \u00bfQu\u00e9 ver en Madrid?\">D\u00eda 2: \u00bfQu\u00e9 ver en Madrid?<\/h3>\n\n\n\n<figure class=\"wp-block-image size-large\"><img decoding=\"async\" width=\"800\" height=\"514\" src=\"https:\/\/tourtravelandmore.com\/wp-content\/uploads\/2020\/06\/Museodelpradotourtravel.jpg\" alt=\"Museo del Prado\" class=\"wp-image-80514\" srcset=\"https:\/\/tourtravelandmore.com\/wp-content\/uploads\/2020\/06\/Museodelpradotourtravel.jpg 800w, https:\/\/tourtravelandmore.com\/wp-content\/uploads\/2020\/06\/Museodelpradotourtravel-300x193.jpg 300w, https:\/\/tourtravelandmore.com\/wp-content\/uploads\/2020\/06\/Museodelpradotourtravel-768x493.jpg 768w, https:\/\/tourtravelandmore.com\/wp-content\/uploads\/2020\/06\/Museodelpradotourtravel-680x437.jpg 680w, https:\/\/tourtravelandmore.com\/wp-content\/uploads\/2020\/06\/Museodelpradotourtravel-595x382.jpg 595w\" sizes=\"(max-width: 800px) 100vw, 800px\" \/><\/figure>\n\n\n\n<p>Despu\u00e9s del d\u00eda anterior, largas horas en el aeropuerto, cansancio, ya una vez recuperadas las fuerzas y con muchas ganas de empezar a conocer una nueva ciudad, os recomendamos madrugar y si pode\u00eds buscar un bar cerca de vuestro hotel para desayunar unos churros con chocolate (muy t\u00edpico desayuno en Madrid) y empezar a conocer la ciudad.<\/p>\n\n\n\n<ul class=\"wp-block-list\"><li><strong>Museo del Prado:<\/strong> Es considerado uno de los m\u00e1s importantes del mundo y los m\u00e1s visitados del mundo, Su principal atractivo radica en la amplia presencia de Velazquez, El Greco, Goya, Tiziano, Rubens y el Bosco, posee las mejores y m\u00e1s extensas colecciones que existen en el mundo, \u200b a lo que hay que tan importantes autores como Murillo, Ribera, Zurbar\u00e1n, Fra Angelico, Rafael, Veronese, hay muchos m\u00e1s, por esto consideramos una Visita obligatoria en Madrid.<\/li><li><strong>Puerta del sol: <\/strong>Es la plaza m\u00e1s famosa de Madrid y punto de encuentro de muchos madrile\u00f1os.<\/li><li><strong>Plaza Mayor: <\/strong>Est\u00e1 situado cerca del Palacio real y la puerta del sol.<\/li><li><strong>Gran V\u00eda: <\/strong>Es la calle m\u00e1s conocida y Transita de Madrid.<\/li><li><strong>El retiro: <\/strong>Es el parque m\u00e1s grande de Madrid, puedes ir a pasear, y disfrutar del un lago y un paseo en barca.<\/li><li><strong>Puerta de Alcal\u00e1: <\/strong>Es una de las 5 puertas reales de Madrid y uno de los monumentos m\u00e1s importantes de la ciudad.<\/li><li><strong>Plaza de Cibeles: <\/strong>D\u00f3nde el Real Madrid celebra las Victorias<\/li><li><strong>Plaza de Callao<\/strong><\/li><li><strong>Fuente de Neptura: <\/strong>D\u00f3nde el Atl\u00e9tico de Madrid celebra las Victorias<\/li><li><strong>Plaza de Oriente<\/strong><\/li><li><strong>Teatro Real<\/strong><\/li><li><strong>Palacio Real: <\/strong>Es la residencia, de la Familia real espa\u00f1ola. Se puede visitar los salones oficiales, armer\u00eda real y Farmacia real<\/li><li><strong>Plaza Espa\u00f1a<\/strong><\/li><li><strong>Catedral de la Almudena<\/strong>: Una de las primera Iglesias consagradas por el Papa fuera de Roma.<\/li><li><strong>Estadio Santiago Bernab\u00e9u<\/strong>: El campo del Equipo de Futb\u00f3l del Real Madrid.<\/li><li><strong>Plaza de Toros de las Ventas<\/strong><\/li><li><strong>Mercado San Miguel: <\/strong>Aunque es un lugar muy Tur\u00edstico, vale la pena ir a comer o cenar.<\/li><li><strong>Mucho mas!<\/strong><\/li><\/ul>\n\n\n\n<p><strong>Tours recomendados de Madrid<\/strong>:<\/p>\n\n\n\n<ul class=\"wp-block-list\"><li><span class=\"has-inline-color has-vivid-red-color\"><strong><a rel=\"noreferrer noopener\" href=\"https:\/\/tourtravelandmore.com\/es\/tours\/espana-es\/madrid-es\/tour-privado-madrid-ciudad\/\" target=\"_blank\">Tour Privado de la ciudad (Gu\u00eda y Veh\u00edculo)<\/a><\/strong><\/span><\/li><li><strong><span class=\"has-inline-color has-vivid-red-color\"><a href=\"https:\/\/tourtravelandmore.com\/es\/tours\/espana-es\/madrid-es\/experiencia-completa-museo-del-prado-madrid\/\" target=\"_blank\" rel=\"noreferrer noopener\">Tour Privado del Museo del Prado (Guia y Entradas)<\/a><\/span><\/strong><\/li><li><span class=\"has-inline-color has-vivid-red-color\"><a href=\"https:\/\/tourtravelandmore.com\/es\/ciudad\/espana-es\/madrid-es\/\" target=\"_blank\" rel=\"noreferrer noopener\">Mucho mas!<\/a><\/span><\/li><\/ul>\n\n\n\n<h3 id=\"D\u00eda 3: Toledo desde Madrid\">D\u00eda 3: Toledo desde Madrid<\/h3>\n\n\n\n<figure class=\"wp-block-gallery columns-1 is-cropped wp-block-gallery-2 is-layout-flex wp-block-gallery-is-layout-flex\"><ul class=\"blocks-gallery-grid\"><li class=\"blocks-gallery-item\"><figure><img decoding=\"async\" width=\"1024\" height=\"683\" src=\"https:\/\/tourtravelandmore.com\/wp-content\/uploads\/2020\/06\/Toledotourtravel-1024x683.jpg\" alt=\"\" data-id=\"80516\" data-full-url=\"https:\/\/tourtravelandmore.com\/wp-content\/uploads\/2020\/06\/Toledotourtravel-scaled.jpg\" data-link=\"https:\/\/tourtravelandmore.com\/es\/?attachment_id=80516\" class=\"wp-image-80516\" srcset=\"https:\/\/tourtravelandmore.com\/wp-content\/uploads\/2020\/06\/Toledotourtravel-1024x683.jpg 1024w, https:\/\/tourtravelandmore.com\/wp-content\/uploads\/2020\/06\/Toledotourtravel-300x200.jpg 300w, https:\/\/tourtravelandmore.com\/wp-content\/uploads\/2020\/06\/Toledotourtravel-768x512.jpg 768w, https:\/\/tourtravelandmore.com\/wp-content\/uploads\/2020\/06\/Toledotourtravel-1536x1024.jpg 1536w, https:\/\/tourtravelandmore.com\/wp-content\/uploads\/2020\/06\/Toledotourtravel-2048x1365.jpg 2048w, https:\/\/tourtravelandmore.com\/wp-content\/uploads\/2020\/06\/Toledotourtravel-680x453.jpg 680w, https:\/\/tourtravelandmore.com\/wp-content\/uploads\/2020\/06\/Toledotourtravel-595x397.jpg 595w\" sizes=\"(max-width: 1024px) 100vw, 1024px\" \/><\/figure><\/li><\/ul><\/figure>\n\n\n\n<p>Al llegar a Toledo no te puedes perder una de las panor\u00e1micas m\u00e1s espectaculares de una Ciudad Medieval Espa\u00f1ola. Por eso os recomiendo o ir en vuestro propio coche o reservar nuestro Tour a Toledo desde Madrid, as\u00ed poder realizar la panor\u00e1mica y despu\u00e9s el recorrido del centro, si vas con vuestro coche el gu\u00eda tambi\u00e9n os puede esperar directamente en Toledo y subirse a vuestro coche y empezar la Panor\u00e1mica.<\/p>\n\n\n\n<p>Situada en un entorno privilegiado y rodeada pr\u00e1cticamente en su totalidad por el r\u00edo Tajo, el m\u00e1s largo de Espa\u00f1a, que la envuelve como si la protegiera dentro de un arco de herradura, se nos muestra majestuosa, frente a nuestra mirada, enclavada en lo alto, la Ciudad de las Tres Culturas.<\/p>\n\n\n\n<p>Desde el Mirador del Valle del R\u00edo Tajo, podremos contemplar unas vistas magn\u00edficas de la Ciudad Imperial.<\/p>\n\n\n\n<p>A la derecha en el punto m\u00e1s alto, veremos el Alc\u00e1zar de Toledo, antigua fortificaci\u00f3n \u00e1rabe que sirvi\u00f3 de defensa a la entrada de la ciudad, Palacio de Reyes, edificio militar y actualmente Museo Nacional del Ej\u00e9rcito.<\/p>\n\n\n\n<p>En el centro se nos muestra imponente con su torre campanario de 92 metros de altura, la inconfundible Catedral de Toledo, considerada la Primada o primera, por residir justo en frente, en el Palacio Arzobispal, el Primer Arzobispo de Espa\u00f1a.<\/p>\n\n\n\n<p>La Catedral de Toledo es la segunda Catedral m\u00e1s grande de Espa\u00f1a y probablemente la que m\u00e1s riqueza alberga en su interior.<\/p>\n\n\n\n<p>Un edificio, que aparte de por su importancia religiosa, destaca por el inmenso Patrimonio arquitect\u00f3nico, escult\u00f3rico y pict\u00f3rico que alberga en su interior, como el peque\u00f1o Museo del Greco que se encuentra en la Sacrist\u00eda.<\/p>\n\n\n\n<p>El maravilloso Retablo mandado construir en el Siglo XVI, por el Cardenal Cisneros, confidente espiritual de su Majestad la Reina Isabel I de Castilla, la Reina Catolica, es una joya del Arte g\u00f3tico florido elaborado en madera de alerce, madera arom\u00e1tica y duradera cubierta de pan dorado, situado en el Altar Mayor.<\/p>\n\n\n\n<p>La m\u00e1s grande y espectacular Custodia de Espa\u00f1a, elaborada con 18 kilogramos de oro de 24 kilates y 183 kilogramos de plata dorada con 5.600 piedras preciosas, rub\u00edes, diamantes, zafiros, perlas y esmeraldas, propiedad la mayor parte de la Reina Isabel, la podremos encontrar en el tesoro y aqu\u00ed os contar\u00e9 con m\u00e1s detalle como la ense\u00f1an en procesi\u00f3n por las calles de Toledo, todas engalanadas y floreadas, a todos los ciudadanos una vez al a\u00f1o en el d\u00eda del Corpus Christi.&nbsp;<\/p>\n\n\n\n<p>A la izquierda, veremos las vistas del antiguo barrio jud\u00edo de la que fue capital de la antigua Sefarad, la peque\u00f1a Jerusal\u00e9n, como as\u00ed la conoc\u00edan los sefard\u00edes o sefarditas que habitaron sus calles durante ochocientos a\u00f1os, en perfecta convivencia con \u00e1rabes y cristianos en la conocida como Ciudad de las Tres Culturas, ejemplo de la convivencia y la tolerancia en el mundo.<\/p>\n\n\n\n<p>Nos despediremos con una foto para inmortalizar ese momento viendo frente a nosotros una ciudad Romana de m\u00e1s de 2.000 a\u00f1os, cuna de reyes y civilizaciones, con un Puente Romano a la entrada del R\u00edo a la ciudad y otro a la salida en el otro \u00e1ngulo, de estilo g\u00f3tico construido en el Siglo XIV, que da acceso a la antigua juder\u00eda de Toledo.<\/p>\n\n\n\n<p>Despu\u00e9s continuaremos nuestro recorrido en coche, para olvidarnos de \u00e9l hasta la vuelta a Madrid y comenzaremos a recorrer esas calles oscuras, tortuosas, muchas sin salida y todas empedradas y experimentaremos la sensaci\u00f3n de encontrarnos paseando por una ciudad medieval en la Espa\u00f1a del Siglo XVI.<\/p>\n\n\n\n<p>Pensaremos que en cualquier momento y por cualquier callej\u00f3n se nos va a parecer un Caballero Cristiano montado a caballo cubierto con su armadura, amenaz\u00e1ndonos con su inconfundible espada de fabricaci\u00f3n toledana.<\/p>\n\n\n\n<p>Pasear por una ciudad medieval magn\u00edficamente conservada, repleta de historia y de Arte, considerada Patrimonio de la Humanidad por la UNESCO desde 1986, con el segundo casco hist\u00f3rico m\u00e1s grande de Europa despu\u00e9s de Roma y con m\u00e1s de 100 lugares declarados Bien de Inter\u00e9s Cultural, es sencillamente un placer para los sentidos.<\/p>\n\n\n\n<h3 id=\"D\u00eda 4: Segovia desde Madrid\">D\u00eda 4: Segovia desde Madrid<\/h3>\n\n\n\n<figure class=\"wp-block-image size-large\"><img loading=\"lazy\" decoding=\"async\" width=\"1024\" height=\"678\" src=\"https:\/\/tourtravelandmore.com\/wp-content\/uploads\/2020\/06\/AlcazarSegoviaTourtravel-1024x678.jpg\" alt=\"Alcazar de Segovia\" class=\"wp-image-80518\" srcset=\"https:\/\/tourtravelandmore.com\/wp-content\/uploads\/2020\/06\/AlcazarSegoviaTourtravel-1024x678.jpg 1024w, https:\/\/tourtravelandmore.com\/wp-content\/uploads\/2020\/06\/AlcazarSegoviaTourtravel-300x199.jpg 300w, https:\/\/tourtravelandmore.com\/wp-content\/uploads\/2020\/06\/AlcazarSegoviaTourtravel-768x508.jpg 768w, https:\/\/tourtravelandmore.com\/wp-content\/uploads\/2020\/06\/AlcazarSegoviaTourtravel-1536x1017.jpg 1536w, https:\/\/tourtravelandmore.com\/wp-content\/uploads\/2020\/06\/AlcazarSegoviaTourtravel-680x450.jpg 680w, https:\/\/tourtravelandmore.com\/wp-content\/uploads\/2020\/06\/AlcazarSegoviaTourtravel-460x305.jpg 460w, https:\/\/tourtravelandmore.com\/wp-content\/uploads\/2020\/06\/AlcazarSegoviaTourtravel-595x394.jpg 595w, https:\/\/tourtravelandmore.com\/wp-content\/uploads\/2020\/06\/AlcazarSegoviaTourtravel.jpg 1920w\" sizes=\"(max-width: 1024px) 100vw, 1024px\" \/><\/figure>\n\n\n\n<p>El cuarto d\u00eda seguimos en Madrid y est\u00e1 vez nos vamos a Segovia. Otra ciudad que vale la pena Visitar y disfrutar de su gastronom\u00eda, lo mas conocido, es el Cochinillo de Segovia. Os recomiendo reservar con antelaci\u00f3n, ya que se suelen estar los restaurantes llenos y hay que encargar el cochinillo.<\/p>\n\n\n\n<p><strong>\u00bfQu\u00e9 ver en Segovia?<\/strong><\/p>\n\n\n\n<ul class=\"wp-block-list\"><li><strong>Acueducto: <\/strong>Uno de los principales monumentos de la ciudad y perfectamente conservado, es un acueducto romano construido en el siglo II.<\/li><li><strong>Alc\u00e1zar de Segovia:<\/strong> Est\u00e1 ubicado en la ciudad vieja de Segovia, declarada Patrimonio mundial de la Unesco.<\/li><li><strong>Catedral de Segovia:<\/strong> Conocida como la Dama de las Catedrales y situada en la Plaza Mayor<\/li><li><strong>Puerta de San Andr\u00e9s:<\/strong> Antigua muralla que rodea la ciudad.<\/li><li><strong>Barrio Jud\u00edo:<\/strong> La Antigua Juder\u00eda residi\u00f3 una gran comunidad hebrea, en la actualidad se ha convertido, en uno de los rincones con m\u00e1s encanto de la ciudad.<\/li><\/ul>\n\n\n\n<h3 id=\"D\u00eda 5: Llegada a Barcelona y visita a la ciudad\">D\u00eda 5: Llegada a Barcelona y visita a la ciudad<\/h3>\n\n\n\n<figure class=\"wp-block-image size-large\"><img loading=\"lazy\" decoding=\"async\" width=\"910\" height=\"607\" src=\"https:\/\/tourtravelandmore.com\/wp-content\/uploads\/2020\/06\/barcelonatourtravel.jpg\" alt=\"Barcelona City\" class=\"wp-image-80555\" srcset=\"https:\/\/tourtravelandmore.com\/wp-content\/uploads\/2020\/06\/barcelonatourtravel.jpg 910w, https:\/\/tourtravelandmore.com\/wp-content\/uploads\/2020\/06\/barcelonatourtravel-300x200.jpg 300w, https:\/\/tourtravelandmore.com\/wp-content\/uploads\/2020\/06\/barcelonatourtravel-768x512.jpg 768w, https:\/\/tourtravelandmore.com\/wp-content\/uploads\/2020\/06\/barcelonatourtravel-680x454.jpg 680w, https:\/\/tourtravelandmore.com\/wp-content\/uploads\/2020\/06\/barcelonatourtravel-595x397.jpg 595w\" sizes=\"(max-width: 910px) 100vw, 910px\" \/><\/figure>\n\n\n\n<p><strong>\u00bfC\u00f3mo llegar a Barcelona desde Madrid?<\/strong><\/p>\n\n\n\n<p>Para ir a Barcelona desde Madrid podemos ir en varios medios de Transporte: Coche, Avi\u00f3n o <a href=\"https:\/\/www.renfe.com\/\" target=\"_blank\" rel=\"noreferrer noopener nofollow\">AVE (Tren)<\/a>. El m\u00e1s r\u00e1pido es el AVE, es un tren de alta velocidad y podemos llegar a Barcelona en un m\u00e1ximo de 3 horas, adem\u00e1s no es necesario llegar a la estaci\u00f3n con dos horas de antelaci\u00f3n, podemos llegar 30 minutos antes de la salida del Tren. Seguiremos con nuestra ruta por Espa\u00f1a para conocer la ciudad de Barcelona. <\/p>\n\n\n\n<p>\u00bf<strong>Qu\u00e9 veremos <\/strong>?<\/p>\n\n\n\n<p>Una vez llegu\u00e9is a Barcelona, os recomendamos reservar un tour privado de la ciudad de 4 Horas desde la estaci\u00f3n, en vez de reservar un transfer para ir al hotel, el mismo conductor y gu\u00eda os recoger\u00e1n desde la Estaci\u00f3n y empezaremos el recorrido de la ciudad de Barcelona para conocer lo m\u00e1ximo posible de la ciudad. Hay que aprovechar el dia, as\u00ed que os recomendamos salir pronto de Madrid para llegar al medio d\u00eda a Barcelona.<\/p>\n\n\n\n<p>Este primer d\u00eda nos centraremos en la ciudad, dejando la historia y los monumentos de Gaud\u00ed para el siguiente d\u00eda, ya que GAUDI se merece un d\u00eda y tenemos que entrar en sus principales monumentos: Sagrada Familia y Park G\u00fcell.<\/p>\n\n\n\n<ul class=\"wp-block-list\"><li><strong>La Barcelona: <\/strong>Es uno de los d\u00edas Barrios m\u00e1s Famosos de la ciudad<\/li><li><strong>Puerto Ol\u00edmpico<\/strong><\/li><li><strong>Montjuic: excelente mirador para contemplar la ciudad <\/strong>y est\u00e1 repleto de lugares de inter\u00e9s tur\u00edstico <strong>(Fuente M\u00e1gica, Castillo de Montjuic, Pueblo Espa\u00f1ol, Anillo Ol\u00edmpico de Montjuic\u2026)<\/strong><\/li><li><strong>Monumentos Gaud\u00ed: <\/strong>Sagrada Familia, Park G\u00fcell, Casa Batll\u00f3, La Pedrera\u2026<\/li><li><strong>Barrio G\u00f3tico:<\/strong> Uno de los Barrios mas antiguos de la ciudad<\/li><li><strong>Las Ramblas: Principales arterias de Barcelona y uno de los lugares m\u00e1s conocidos de la ciudad<\/strong>. Se trata de un agradable paseo de 1,3 kil\u00f3metros que conecta la Plaza Catalunya, con el antiguo puerto de la ciudad.<\/li><li><strong>Camp Nou:<\/strong> Campo de Futbol Club Barcelona<\/li><li><strong>Mucho mas<\/strong><\/li><\/ul>\n\n\n\n<p><span class=\"has-inline-color has-vivid-red-color\"><a rel=\"noreferrer noopener\" href=\"https:\/\/tourtravelandmore.com\/es\/tours\/espana-es\/barcelona-es\/tour-privado-barcelona-ciudad\/\" target=\"_blank\">Tour Privado 4 Horas de la ciudad de Barcelona<\/a><\/span><\/p>\n\n\n\n<h3 id=\"D\u00eda 6: Barcelona y la obra de Antonio Gaudi\">D\u00eda 6: Barcelona y la obra de Antonio Gaudi<\/h3>\n\n\n\n<p>Antoni Gaud\u00ed posiblemente haya sido el arquitecto m\u00e1s revolucionario del modernismo y de la arquitectura en general. Nos vamos a centrar este dia en su Historia y sus 4 principales monumentos: Sagrada Familia, Park Guell, Casa Batllo y La Pedrera.<\/p>\n\n\n\n<figure class=\"wp-block-gallery columns-1 is-cropped wp-block-gallery-3 is-layout-flex wp-block-gallery-is-layout-flex\"><ul class=\"blocks-gallery-grid\"><li class=\"blocks-gallery-item\"><figure><img loading=\"lazy\" decoding=\"async\" width=\"1024\" height=\"856\" src=\"https:\/\/tourtravelandmore.com\/wp-content\/uploads\/2020\/06\/SagradaFamiliaTourtravel-1-1024x856.jpg\" alt=\"\" data-id=\"80561\" data-full-url=\"https:\/\/tourtravelandmore.com\/wp-content\/uploads\/2020\/06\/SagradaFamiliaTourtravel-1.jpg\" data-link=\"https:\/\/tourtravelandmore.com\/es\/?attachment_id=80561\" class=\"wp-image-80561\" srcset=\"https:\/\/tourtravelandmore.com\/wp-content\/uploads\/2020\/06\/SagradaFamiliaTourtravel-1-1024x856.jpg 1024w, https:\/\/tourtravelandmore.com\/wp-content\/uploads\/2020\/06\/SagradaFamiliaTourtravel-1-300x251.jpg 300w, https:\/\/tourtravelandmore.com\/wp-content\/uploads\/2020\/06\/SagradaFamiliaTourtravel-1-768x642.jpg 768w, https:\/\/tourtravelandmore.com\/wp-content\/uploads\/2020\/06\/SagradaFamiliaTourtravel-1-680x568.jpg 680w, https:\/\/tourtravelandmore.com\/wp-content\/uploads\/2020\/06\/SagradaFamiliaTourtravel-1-595x497.jpg 595w, https:\/\/tourtravelandmore.com\/wp-content\/uploads\/2020\/06\/SagradaFamiliaTourtravel-1.jpg 1280w\" sizes=\"(max-width: 1024px) 100vw, 1024px\" \/><\/figure><\/li><\/ul><\/figure>\n\n\n\n<p><strong>Obras m\u00e1s importantes de Antonio Gaudi:<\/strong><\/p>\n\n\n\n<ul class=\"wp-block-list\"><li><strong>Sagrada Familia: <\/strong>Bas\u00edlica cat\u00f3lica de Barcelona, dise\u00f1ada por el arquitecto Antoni Gaud\u00ed. Iniciada en 1882, todav\u00eda est\u00e1 en construcci\u00f3n. Es la obra maestra de Gaud\u00ed, y el m\u00e1ximo exponente de la arquitectura modernista catalana<\/li><li><strong>Park Guell: <\/strong>El Parque G\u00fcell es un enorme jard\u00edn con muchos elementos arquitect\u00f3nicos realizados por el arquitecto Antonio Gaud\u00ed.<\/li><li><strong>Casa Batll\u00f3:<\/strong> Es un edificio obra del arquitecto Antoni Gaud\u00ed, m\u00e1ximo representante del modernismo catal\u00e1n<\/li><li><strong>La Pedrera: <\/strong>Otra gran monumento del arquitecto Antonio Gaudi y su \u00faltima gran obra.<\/li><\/ul>\n\n\n\n<p><strong>Tours de Gaudi Recomendados:<\/strong><\/p>\n\n\n\n<p><span class=\"has-inline-color has-vivid-red-color\"><strong><a href=\"https:\/\/tourtravelandmore.com\/es\/tours\/espana-es\/barcelona-es\/tour-privado-gaudi-barcelona\/\" target=\"_blank\" rel=\"noreferrer noopener\">Tour privado de Gaudi 4 Horas<\/a><\/strong><\/span><\/p>\n\n\n\n<p><a href=\"https:\/\/tourtravelandmore.com\/es\/tours\/espana-es\/barcelona-es\/tour-privado-pie-con-visita-la-pedrera-y-casa-batllo-4-horas\/\" target=\"_blank\" rel=\"noreferrer noopener\"><span class=\"has-inline-color has-vivid-red-color\"><strong>Tour privado a pie de la Casa Batll\u00f3 y La Pedrera<\/strong><\/span> <\/a><\/p>\n\n\n\n<h3 id=\"D\u00eda 7: Girona y la Costa Brava desde Barcelona\">D\u00eda 7: Girona y la Costa Brava desde Barcelona<\/h3>\n\n\n\n<p>No podemos irnos de Barcelona y de esta ruta por Espa\u00f1a sin conocer Girona y su hermosa Costa, la mayor\u00eda de pueblos tienen un encanto especial, asi que si hemos de escoger por cercan\u00eda os recomendamos: Tamariu, LLafranc y Calella de Palafrugell.<\/p>\n\n\n\n<figure class=\"wp-block-gallery columns-1 is-cropped wp-block-gallery-4 is-layout-flex wp-block-gallery-is-layout-flex\"><ul class=\"blocks-gallery-grid\"><li class=\"blocks-gallery-item\"><figure><img loading=\"lazy\" decoding=\"async\" width=\"1023\" height=\"576\" src=\"https:\/\/tourtravelandmore.com\/wp-content\/uploads\/2020\/06\/CalellaTourtravel-1.jpeg\" alt=\"\" data-id=\"80565\" data-full-url=\"https:\/\/tourtravelandmore.com\/wp-content\/uploads\/2020\/06\/CalellaTourtravel-1.jpeg\" data-link=\"https:\/\/tourtravelandmore.com\/es\/?attachment_id=80565\" class=\"wp-image-80565\" srcset=\"https:\/\/tourtravelandmore.com\/wp-content\/uploads\/2020\/06\/CalellaTourtravel-1.jpeg 1023w, https:\/\/tourtravelandmore.com\/wp-content\/uploads\/2020\/06\/CalellaTourtravel-1-300x169.jpeg 300w, https:\/\/tourtravelandmore.com\/wp-content\/uploads\/2020\/06\/CalellaTourtravel-1-768x432.jpeg 768w, https:\/\/tourtravelandmore.com\/wp-content\/uploads\/2020\/06\/CalellaTourtravel-1-680x383.jpeg 680w, https:\/\/tourtravelandmore.com\/wp-content\/uploads\/2020\/06\/CalellaTourtravel-1-595x335.jpeg 595w\" sizes=\"(max-width: 1023px) 100vw, 1023px\" \/><\/figure><\/li><\/ul><\/figure>\n\n\n\n<p>Empezar\u00edamos el d\u00eda pronto por la ma\u00f1ana y por Girona, as\u00ed dejamos los hermosos pueblos blancos para el final para comer en un lugar Tipico y poder hacernos un ba\u00f1o por la tarde y relajarnos antes de volver a Barcelona.<\/p>\n\n\n\n<p><strong>\u00bfQu\u00e9 ver en Girona?<\/strong><\/p>\n\n\n\n<ul class=\"wp-block-list\"><li><strong>Casco Hist\u00f3rico de la ciudad: <\/strong>Los lugares m\u00e1s importantes del casco antiguo son la <strong>Rambla de la Libertad,<\/strong> la <strong>Plaza de la Independencia<\/strong> y el<strong> barrio jud\u00edo<\/strong> que se conoce como <strong>\u201cEl Call\u201d<\/strong> que es uno de los n\u00facleos medievales mejor conservados de toda Europa.<\/li><li>Catedral de Girona: Catedral fue construida entre los siglos XI y XVIII. Se pueden apreciar en su arquitectura tres estilos arquitect\u00f3nicos el rom\u00e1nico, el g\u00f3tico y el barroco.<\/li><li><strong>Ba\u00f1os \u00c1rabes<\/strong><\/li><li><strong>Murallas de Girona<\/strong><\/li><li><strong>Casas colgantes del r\u00edo O\u00f1ar<\/strong><\/li><li><strong>Mucho mas!!<\/strong><\/li><\/ul>\n\n\n\n<p>Una vez Finalicemos Girona, Nos vamos a ir a la Costa a LLafranc, Tamariu y Calella de Palafrugell.<\/p>\n\n\n\n<p><strong>Tour Costa Brava Recomendados:<\/strong><\/p>\n\n\n\n<p><strong><span class=\"has-inline-color has-vivid-red-color\"><a href=\"https:\/\/tourtravelandmore.com\/es\/tours\/espana-es\/barcelona-es\/tour-privado-costa-brava-girona-desde-barcelona\/\" target=\"_blank\" rel=\"noreferrer noopener\">Tour Privado de Girona y Costa Brava 10 Horas<\/a><\/span><\/strong><\/p>\n\n\n\n<p><strong><span class=\"has-inline-color has-vivid-red-color\"><a href=\"https:\/\/tourtravelandmore.com\/es\/tours\/espana-es\/barcelona-es\/barcelona-actividades-es\/tour-privado-museo-dali-y-cadaques-desde-barcelona-10-horas\/\" target=\"_blank\" rel=\"noreferrer noopener\">Tour Privado del Museo Dali y Costa Brava 10 Horas<\/a><\/span><\/strong> (Otra alternativa si no quere\u00eds ver Girona y os apetece conocer el Museo Dali y el pueblo pesquero de Cadaqu\u00e9s)<\/p>\n\n\n\n<p>Espero que os haya gustado el POST de la ruta por Espa\u00f1a, mi objetivo era explicar una de las rutas m\u00e1s importantes de Espa\u00f1a y la m\u00e1s recomendable si es la primera vez que viaja\u00eds a Espa\u00f1a, si os interesa contactar con nosotros para que os presupuestemos la ruta os dejamos abajo el Formulario de contacto, si quereis un Tour concreto os hemos puesto de enlace y si quere\u00eds visitar por vuestra cuenta tene\u00eds el recorrido que nosotros os recomendamos para la ruta por Espa\u00f1a.<\/p>\n\n\n\n\n","protected":false},"excerpt":{"rendered":"<p>La principal ruta por Espa\u00f1a descrita por un experto viajero Sino conoces Espa\u00f1a y dispone de pongo tiempo os recomendamos empezar y centraros en las principales ciudades de Espa\u00f1a con esta ruta por Espa\u00f1a, Madrid y Barcelona. En este post os vamos a explicar los principales lugares que hay que visitar y conocer para la [&hellip;]<\/p>\n","protected":false},"author":2,"featured_media":80570,"comment_status":"open","ping_status":"open","sticky":false,"template":"","format":"standard","meta":{"_acf_changed":false,"footnotes":""},"categories":[2294,2384],"tags":[2389,2390],"class_list":["post-80509","post","type-post","status-publish","format-standard","has-post-thumbnail","hentry","category-espana-2","category-rutas","tag-barcelona-2","tag-madrid-2"],"acf":[],"yoast_head":"<!-- This site is optimized with the Yoast SEO Premium plugin v25.3.1 (Yoast SEO v25.3.1) - https:\/\/yoast.com\/wordpress\/plugins\/seo\/ -->\n<title>Ruta por Espa\u00f1a \u2013 Barcelona y Madrid en 7 d\u00edas &#8212; Tour Travel And More<\/title>\n<meta name=\"description\" content=\"Conoce la principal ruta por Espa\u00f1a junto a uno de nuestros expertos viajeros! Descubrir\u00e1s ideas y lugares impresionantes para su viaje.\" \/>\n<meta name=\"robots\" content=\"index, follow, max-snippet:-1, max-image-preview:large, max-video-preview:-1\" \/>\n<link rel=\"canonical\" href=\"https:\/\/tourtravelandmore.com\/es\/ruta-por-espana-barcelona-y-madrid-en-7-dias\/\" \/>\n<meta property=\"og:locale\" content=\"es_ES\" \/>\n<meta property=\"og:type\" content=\"article\" \/>\n<meta property=\"og:title\" content=\"Ruta por Espa\u00f1a \u2013 Barcelona y Madrid en 7 d\u00edas\" \/>\n<meta property=\"og:description\" content=\"Conoce la principal ruta por Espa\u00f1a junto a uno de nuestros expertos viajeros! Descubrir\u00e1s ideas y lugares impresionantes para su viaje.\" \/>\n<meta property=\"og:url\" content=\"https:\/\/tourtravelandmore.com\/es\/ruta-por-espana-barcelona-y-madrid-en-7-dias\/\" \/>\n<meta property=\"og:site_name\" content=\"Tour Travel And More\" \/>\n<meta property=\"article:publisher\" content=\"https:\/\/www.facebook.com\/tourtravelandmore\/\" \/>\n<meta property=\"article:published_time\" content=\"2020-06-17T11:06:38+00:00\" \/>\n<meta property=\"article:modified_time\" content=\"2021-03-05T04:07:00+00:00\" \/>\n<meta property=\"og:image\" content=\"https:\/\/tourtravelandmore.com\/wp-content\/uploads\/2020\/06\/time-lapse-photography-of-vehicles-on-road-2954606-scaled.jpg\" \/>\n\t<meta property=\"og:image:width\" content=\"2560\" \/>\n\t<meta property=\"og:image:height\" content=\"1707\" \/>\n\t<meta property=\"og:image:type\" content=\"image\/jpeg\" \/>\n<meta name=\"author\" content=\"Maya Nader Harati\" \/>\n<meta name=\"twitter:card\" content=\"summary_large_image\" \/>\n<meta name=\"twitter:creator\" content=\"@TourTravel_More\" \/>\n<meta name=\"twitter:site\" content=\"@TourTravel_More\" \/>\n<meta name=\"twitter:label1\" content=\"Escrito por\" \/>\n\t<meta name=\"twitter:data1\" content=\"Maya Nader Harati\" \/>\n\t<meta name=\"twitter:label2\" content=\"Tiempo de lectura\" \/>\n\t<meta name=\"twitter:data2\" content=\"12 minutos\" \/>\n<script type=\"application\/ld+json\" class=\"yoast-schema-graph\">{\"@context\":\"https:\/\/schema.org\",\"@graph\":[{\"@type\":\"Article\",\"@id\":\"https:\/\/tourtravelandmore.com\/es\/ruta-por-espana-barcelona-y-madrid-en-7-dias\/#article\",\"isPartOf\":{\"@id\":\"https:\/\/tourtravelandmore.com\/es\/ruta-por-espana-barcelona-y-madrid-en-7-dias\/\"},\"author\":{\"name\":\"Maya Nader Harati\",\"@id\":\"https:\/\/tourtravelandmore.com\/es\/#\/schema\/person\/2a1c66d76ae9290a394e8efb4af12e1e\"},\"headline\":\"Ruta por Espa\u00f1a \u2013 Barcelona y Madrid en 7 d\u00edas\",\"datePublished\":\"2020-06-17T11:06:38+00:00\",\"dateModified\":\"2021-03-05T04:07:00+00:00\",\"mainEntityOfPage\":{\"@id\":\"https:\/\/tourtravelandmore.com\/es\/ruta-por-espana-barcelona-y-madrid-en-7-dias\/\"},\"wordCount\":2399,\"commentCount\":0,\"publisher\":{\"@id\":\"https:\/\/tourtravelandmore.com\/es\/#organization\"},\"image\":{\"@id\":\"https:\/\/tourtravelandmore.com\/es\/ruta-por-espana-barcelona-y-madrid-en-7-dias\/#primaryimage\"},\"thumbnailUrl\":\"https:\/\/tourtravelandmore.com\/wp-content\/uploads\/2020\/06\/time-lapse-photography-of-vehicles-on-road-2954606-scaled.jpg\",\"keywords\":[\"Barcelona\",\"Madrid\"],\"articleSection\":[\"Espa\u00f1a\",\"Rutas\"],\"inLanguage\":\"es\",\"potentialAction\":[{\"@type\":\"CommentAction\",\"name\":\"Comment\",\"target\":[\"https:\/\/tourtravelandmore.com\/es\/ruta-por-espana-barcelona-y-madrid-en-7-dias\/#respond\"]}]},{\"@type\":\"WebPage\",\"@id\":\"https:\/\/tourtravelandmore.com\/es\/ruta-por-espana-barcelona-y-madrid-en-7-dias\/\",\"url\":\"https:\/\/tourtravelandmore.com\/es\/ruta-por-espana-barcelona-y-madrid-en-7-dias\/\",\"name\":\"Ruta por Espa\u00f1a \u2013 Barcelona y Madrid en 7 d\u00edas &#8212; Tour Travel And More\",\"isPartOf\":{\"@id\":\"https:\/\/tourtravelandmore.com\/es\/#website\"},\"primaryImageOfPage\":{\"@id\":\"https:\/\/tourtravelandmore.com\/es\/ruta-por-espana-barcelona-y-madrid-en-7-dias\/#primaryimage\"},\"image\":{\"@id\":\"https:\/\/tourtravelandmore.com\/es\/ruta-por-espana-barcelona-y-madrid-en-7-dias\/#primaryimage\"},\"thumbnailUrl\":\"https:\/\/tourtravelandmore.com\/wp-content\/uploads\/2020\/06\/time-lapse-photography-of-vehicles-on-road-2954606-scaled.jpg\",\"datePublished\":\"2020-06-17T11:06:38+00:00\",\"dateModified\":\"2021-03-05T04:07:00+00:00\",\"description\":\"Conoce la principal ruta por Espa\u00f1a junto a uno de nuestros expertos viajeros! Descubrir\u00e1s ideas y lugares impresionantes para su viaje.\",\"breadcrumb\":{\"@id\":\"https:\/\/tourtravelandmore.com\/es\/ruta-por-espana-barcelona-y-madrid-en-7-dias\/#breadcrumb\"},\"inLanguage\":\"es\",\"potentialAction\":[{\"@type\":\"ReadAction\",\"target\":[\"https:\/\/tourtravelandmore.com\/es\/ruta-por-espana-barcelona-y-madrid-en-7-dias\/\"]}]},{\"@type\":\"ImageObject\",\"inLanguage\":\"es\",\"@id\":\"https:\/\/tourtravelandmore.com\/es\/ruta-por-espana-barcelona-y-madrid-en-7-dias\/#primaryimage\",\"url\":\"https:\/\/tourtravelandmore.com\/wp-content\/uploads\/2020\/06\/time-lapse-photography-of-vehicles-on-road-2954606-scaled.jpg\",\"contentUrl\":\"https:\/\/tourtravelandmore.com\/wp-content\/uploads\/2020\/06\/time-lapse-photography-of-vehicles-on-road-2954606-scaled.jpg\",\"width\":2560,\"height\":1707},{\"@type\":\"BreadcrumbList\",\"@id\":\"https:\/\/tourtravelandmore.com\/es\/ruta-por-espana-barcelona-y-madrid-en-7-dias\/#breadcrumb\",\"itemListElement\":[{\"@type\":\"ListItem\",\"position\":1,\"name\":\"Home\",\"item\":\"https:\/\/tourtravelandmore.com\/es\/\"},{\"@type\":\"ListItem\",\"position\":2,\"name\":\"Ruta por Espa\u00f1a \u2013 Barcelona y Madrid en 7 d\u00edas\"}]},{\"@type\":\"WebSite\",\"@id\":\"https:\/\/tourtravelandmore.com\/es\/#website\",\"url\":\"https:\/\/tourtravelandmore.com\/es\/\",\"name\":\"Tour Travel And More\",\"description\":\"Private sightseeing tours and luxury transfers in Spain\",\"publisher\":{\"@id\":\"https:\/\/tourtravelandmore.com\/es\/#organization\"},\"potentialAction\":[{\"@type\":\"SearchAction\",\"target\":{\"@type\":\"EntryPoint\",\"urlTemplate\":\"https:\/\/tourtravelandmore.com\/es\/?s={search_term_string}\"},\"query-input\":{\"@type\":\"PropertyValueSpecification\",\"valueRequired\":true,\"valueName\":\"search_term_string\"}}],\"inLanguage\":\"es\"},{\"@type\":\"Organization\",\"@id\":\"https:\/\/tourtravelandmore.com\/es\/#organization\",\"name\":\"Tour Travel And More\",\"url\":\"https:\/\/tourtravelandmore.com\/es\/\",\"logo\":{\"@type\":\"ImageObject\",\"inLanguage\":\"es\",\"@id\":\"https:\/\/tourtravelandmore.com\/es\/#\/schema\/logo\/image\/\",\"url\":\"https:\/\/tourtravelandmore.com\/wp-content\/uploads\/2022\/12\/cropped-logo-cabecera-new.png\",\"contentUrl\":\"https:\/\/tourtravelandmore.com\/wp-content\/uploads\/2022\/12\/cropped-logo-cabecera-new.png\",\"width\":430,\"height\":61,\"caption\":\"Tour Travel And More\"},\"image\":{\"@id\":\"https:\/\/tourtravelandmore.com\/es\/#\/schema\/logo\/image\/\"},\"sameAs\":[\"https:\/\/www.facebook.com\/tourtravelandmore\/\",\"https:\/\/x.com\/TourTravel_More\"]},{\"@type\":\"Person\",\"@id\":\"https:\/\/tourtravelandmore.com\/es\/#\/schema\/person\/2a1c66d76ae9290a394e8efb4af12e1e\",\"name\":\"Maya Nader Harati\",\"image\":{\"@type\":\"ImageObject\",\"inLanguage\":\"es\",\"@id\":\"https:\/\/tourtravelandmore.com\/es\/#\/schema\/person\/image\/\",\"url\":\"https:\/\/secure.gravatar.com\/avatar\/adc2305883b6f86a616354c0c4516fcd9a333d5f5a0806d9d1ae9b30f898fa1f?s=96&d=mm&r=g\",\"contentUrl\":\"https:\/\/secure.gravatar.com\/avatar\/adc2305883b6f86a616354c0c4516fcd9a333d5f5a0806d9d1ae9b30f898fa1f?s=96&d=mm&r=g\",\"caption\":\"Maya Nader Harati\"},\"description\":\"Cultural Destination Specialist & Travel Chronicler. Maya doesn\u2019t just travel the world; she translates it.\",\"sameAs\":[\"https:\/\/tourtravelandmore.com\/author-profile-maya-nader-harati\/\"]}]}<\/script>\n<!-- \/ Yoast SEO Premium plugin. -->","yoast_head_json":{"title":"Ruta por Espa\u00f1a \u2013 Barcelona y Madrid en 7 d\u00edas &#8212; Tour Travel And More","description":"Conoce la principal ruta por Espa\u00f1a junto a uno de nuestros expertos viajeros! Descubrir\u00e1s ideas y lugares impresionantes para su viaje.","robots":{"index":"index","follow":"follow","max-snippet":"max-snippet:-1","max-image-preview":"max-image-preview:large","max-video-preview":"max-video-preview:-1"},"canonical":"https:\/\/tourtravelandmore.com\/es\/ruta-por-espana-barcelona-y-madrid-en-7-dias\/","og_locale":"es_ES","og_type":"article","og_title":"Ruta por Espa\u00f1a \u2013 Barcelona y Madrid en 7 d\u00edas","og_description":"Conoce la principal ruta por Espa\u00f1a junto a uno de nuestros expertos viajeros! Descubrir\u00e1s ideas y lugares impresionantes para su viaje.","og_url":"https:\/\/tourtravelandmore.com\/es\/ruta-por-espana-barcelona-y-madrid-en-7-dias\/","og_site_name":"Tour Travel And More","article_publisher":"https:\/\/www.facebook.com\/tourtravelandmore\/","article_published_time":"2020-06-17T11:06:38+00:00","article_modified_time":"2021-03-05T04:07:00+00:00","og_image":[{"width":2560,"height":1707,"url":"https:\/\/tourtravelandmore.com\/wp-content\/uploads\/2020\/06\/time-lapse-photography-of-vehicles-on-road-2954606-scaled.jpg","type":"image\/jpeg"}],"author":"Maya Nader Harati","twitter_card":"summary_large_image","twitter_creator":"@TourTravel_More","twitter_site":"@TourTravel_More","twitter_misc":{"Escrito por":"Maya Nader Harati","Tiempo de lectura":"12 minutos"},"schema":{"@context":"https:\/\/schema.org","@graph":[{"@type":"Article","@id":"https:\/\/tourtravelandmore.com\/es\/ruta-por-espana-barcelona-y-madrid-en-7-dias\/#article","isPartOf":{"@id":"https:\/\/tourtravelandmore.com\/es\/ruta-por-espana-barcelona-y-madrid-en-7-dias\/"},"author":{"name":"Maya Nader Harati","@id":"https:\/\/tourtravelandmore.com\/es\/#\/schema\/person\/2a1c66d76ae9290a394e8efb4af12e1e"},"headline":"Ruta por Espa\u00f1a \u2013 Barcelona y Madrid en 7 d\u00edas","datePublished":"2020-06-17T11:06:38+00:00","dateModified":"2021-03-05T04:07:00+00:00","mainEntityOfPage":{"@id":"https:\/\/tourtravelandmore.com\/es\/ruta-por-espana-barcelona-y-madrid-en-7-dias\/"},"wordCount":2399,"commentCount":0,"publisher":{"@id":"https:\/\/tourtravelandmore.com\/es\/#organization"},"image":{"@id":"https:\/\/tourtravelandmore.com\/es\/ruta-por-espana-barcelona-y-madrid-en-7-dias\/#primaryimage"},"thumbnailUrl":"https:\/\/tourtravelandmore.com\/wp-content\/uploads\/2020\/06\/time-lapse-photography-of-vehicles-on-road-2954606-scaled.jpg","keywords":["Barcelona","Madrid"],"articleSection":["Espa\u00f1a","Rutas"],"inLanguage":"es","potentialAction":[{"@type":"CommentAction","name":"Comment","target":["https:\/\/tourtravelandmore.com\/es\/ruta-por-espana-barcelona-y-madrid-en-7-dias\/#respond"]}]},{"@type":"WebPage","@id":"https:\/\/tourtravelandmore.com\/es\/ruta-por-espana-barcelona-y-madrid-en-7-dias\/","url":"https:\/\/tourtravelandmore.com\/es\/ruta-por-espana-barcelona-y-madrid-en-7-dias\/","name":"Ruta por Espa\u00f1a \u2013 Barcelona y Madrid en 7 d\u00edas &#8212; Tour Travel And More","isPartOf":{"@id":"https:\/\/tourtravelandmore.com\/es\/#website"},"primaryImageOfPage":{"@id":"https:\/\/tourtravelandmore.com\/es\/ruta-por-espana-barcelona-y-madrid-en-7-dias\/#primaryimage"},"image":{"@id":"https:\/\/tourtravelandmore.com\/es\/ruta-por-espana-barcelona-y-madrid-en-7-dias\/#primaryimage"},"thumbnailUrl":"https:\/\/tourtravelandmore.com\/wp-content\/uploads\/2020\/06\/time-lapse-photography-of-vehicles-on-road-2954606-scaled.jpg","datePublished":"2020-06-17T11:06:38+00:00","dateModified":"2021-03-05T04:07:00+00:00","description":"Conoce la principal ruta por Espa\u00f1a junto a uno de nuestros expertos viajeros! Descubrir\u00e1s ideas y lugares impresionantes para su viaje.","breadcrumb":{"@id":"https:\/\/tourtravelandmore.com\/es\/ruta-por-espana-barcelona-y-madrid-en-7-dias\/#breadcrumb"},"inLanguage":"es","potentialAction":[{"@type":"ReadAction","target":["https:\/\/tourtravelandmore.com\/es\/ruta-por-espana-barcelona-y-madrid-en-7-dias\/"]}]},{"@type":"ImageObject","inLanguage":"es","@id":"https:\/\/tourtravelandmore.com\/es\/ruta-por-espana-barcelona-y-madrid-en-7-dias\/#primaryimage","url":"https:\/\/tourtravelandmore.com\/wp-content\/uploads\/2020\/06\/time-lapse-photography-of-vehicles-on-road-2954606-scaled.jpg","contentUrl":"https:\/\/tourtravelandmore.com\/wp-content\/uploads\/2020\/06\/time-lapse-photography-of-vehicles-on-road-2954606-scaled.jpg","width":2560,"height":1707},{"@type":"BreadcrumbList","@id":"https:\/\/tourtravelandmore.com\/es\/ruta-por-espana-barcelona-y-madrid-en-7-dias\/#breadcrumb","itemListElement":[{"@type":"ListItem","position":1,"name":"Home","item":"https:\/\/tourtravelandmore.com\/es\/"},{"@type":"ListItem","position":2,"name":"Ruta por Espa\u00f1a \u2013 Barcelona y Madrid en 7 d\u00edas"}]},{"@type":"WebSite","@id":"https:\/\/tourtravelandmore.com\/es\/#website","url":"https:\/\/tourtravelandmore.com\/es\/","name":"Tour Travel And More","description":"Private sightseeing tours and luxury transfers in Spain","publisher":{"@id":"https:\/\/tourtravelandmore.com\/es\/#organization"},"potentialAction":[{"@type":"SearchAction","target":{"@type":"EntryPoint","urlTemplate":"https:\/\/tourtravelandmore.com\/es\/?s={search_term_string}"},"query-input":{"@type":"PropertyValueSpecification","valueRequired":true,"valueName":"search_term_string"}}],"inLanguage":"es"},{"@type":"Organization","@id":"https:\/\/tourtravelandmore.com\/es\/#organization","name":"Tour Travel And More","url":"https:\/\/tourtravelandmore.com\/es\/","logo":{"@type":"ImageObject","inLanguage":"es","@id":"https:\/\/tourtravelandmore.com\/es\/#\/schema\/logo\/image\/","url":"https:\/\/tourtravelandmore.com\/wp-content\/uploads\/2022\/12\/cropped-logo-cabecera-new.png","contentUrl":"https:\/\/tourtravelandmore.com\/wp-content\/uploads\/2022\/12\/cropped-logo-cabecera-new.png","width":430,"height":61,"caption":"Tour Travel And More"},"image":{"@id":"https:\/\/tourtravelandmore.com\/es\/#\/schema\/logo\/image\/"},"sameAs":["https:\/\/www.facebook.com\/tourtravelandmore\/","https:\/\/x.com\/TourTravel_More"]},{"@type":"Person","@id":"https:\/\/tourtravelandmore.com\/es\/#\/schema\/person\/2a1c66d76ae9290a394e8efb4af12e1e","name":"Maya Nader Harati","image":{"@type":"ImageObject","inLanguage":"es","@id":"https:\/\/tourtravelandmore.com\/es\/#\/schema\/person\/image\/","url":"https:\/\/secure.gravatar.com\/avatar\/adc2305883b6f86a616354c0c4516fcd9a333d5f5a0806d9d1ae9b30f898fa1f?s=96&d=mm&r=g","contentUrl":"https:\/\/secure.gravatar.com\/avatar\/adc2305883b6f86a616354c0c4516fcd9a333d5f5a0806d9d1ae9b30f898fa1f?s=96&d=mm&r=g","caption":"Maya Nader Harati"},"description":"Cultural Destination Specialist & Travel Chronicler. Maya doesn\u2019t just travel the world; she translates it.","sameAs":["https:\/\/tourtravelandmore.com\/author-profile-maya-nader-harati\/"]}]}},"_links":{"self":[{"href":"https:\/\/tourtravelandmore.com\/es\/wp-json\/wp\/v2\/posts\/80509","targetHints":{"allow":["GET"]}}],"collection":[{"href":"https:\/\/tourtravelandmore.com\/es\/wp-json\/wp\/v2\/posts"}],"about":[{"href":"https:\/\/tourtravelandmore.com\/es\/wp-json\/wp\/v2\/types\/post"}],"author":[{"embeddable":true,"href":"https:\/\/tourtravelandmore.com\/es\/wp-json\/wp\/v2\/users\/2"}],"replies":[{"embeddable":true,"href":"https:\/\/tourtravelandmore.com\/es\/wp-json\/wp\/v2\/comments?post=80509"}],"version-history":[{"count":0,"href":"https:\/\/tourtravelandmore.com\/es\/wp-json\/wp\/v2\/posts\/80509\/revisions"}],"wp:featuredmedia":[{"embeddable":true,"href":"https:\/\/tourtravelandmore.com\/es\/wp-json\/wp\/v2\/media\/80570"}],"wp:attachment":[{"href":"https:\/\/tourtravelandmore.com\/es\/wp-json\/wp\/v2\/media?parent=80509"}],"wp:term":[{"taxonomy":"category","embeddable":true,"href":"https:\/\/tourtravelandmore.com\/es\/wp-json\/wp\/v2\/categories?post=80509"},{"taxonomy":"post_tag","embeddable":true,"href":"https:\/\/tourtravelandmore.com\/es\/wp-json\/wp\/v2\/tags?post=80509"}],"curies":[{"name":"wp","href":"https:\/\/api.w.org\/{rel}","templated":true}]}}