{"id":190844,"date":"2026-04-30T21:46:12","date_gmt":"2026-04-30T19:46:12","guid":{"rendered":"https:\/\/tourtravelandmore.com\/?p=190844"},"modified":"2026-04-30T21:46:18","modified_gmt":"2026-04-30T19:46:18","slug":"costa-amalfitana-en-coche-donde-parar","status":"publish","type":"post","link":"https:\/\/tourtravelandmore.com\/es\/costa-amalfitana-en-coche-donde-parar\/","title":{"rendered":"Costa Amalfitana en coche: d\u00f3nde parar y cu\u00e1ntos d\u00edas"},"content":{"rendered":"\n<p><strong>La Costa Amalfitana es uno de esos tramos de carretera que se quedan grabados para siempre.<\/strong> 50 kil\u00f3metros de acantilados, pueblos de colores apilados sobre el mar y curvas que piden atenci\u00f3n total. Ir en coche por la SS163 tiene algo de ritual: el volante en mano, el Mediterr\u00e1neo a la derecha, el mundo en pausa.<\/p>\n\n\n\n<p>Pero hay algo que las fotos no muestran. La doble cara de esta ruta. Por un lado, la libertad de parar cuando quieres, entrar a un pueblo que ni sab\u00edas que exist\u00eda, esperar ese instante de luz perfecta. Por otro, las nueve de la ma\u00f1ana de agosto atrapado en una cola de autobuses de l\u00ednea con un cami\u00f3n pegado al paragolpes trasero.<\/p>\n\n\n\n<p><strong>Este art\u00edculo te da los dos lados.<\/strong> Cu\u00e1ntos d\u00edas necesitas seg\u00fan lo que quieres vivir, d\u00f3nde parar m\u00e1s all\u00e1 de los tres pueblos que aparecen en todas las gu\u00edas, c\u00f3mo gestionar el parking sin perder la ma\u00f1ana y cu\u00e1ndo tiene sentido cambiar el volante por un asiento de atr\u00e1s.<\/p>\n\n\n\n\n<div id=\"tabla-resumen-amalfitana\" class=\"ttable\" style=\"--c:#D3AF37;\">\n  <style>\n    #tabla-resumen-amalfitana{margin:1rem auto 1.5rem;max-width:100%;isolation:isolate}\n    #tabla-resumen-amalfitana .ttable-wrap{border:1px solid color-mix(in srgb,var(--c) 22%,#e2e8f0);border-radius:14px;overflow:hidden;background:color-mix(in srgb,var(--c) 3%,#fff)}\n    #tabla-resumen-amalfitana table{all:unset;display:table;border-collapse:separate;border-spacing:0;width:100%;table-layout:fixed;font-size:.95rem;line-height:1.6}\n    #tabla-resumen-amalfitana thead,#tabla-resumen-amalfitana tbody,#tabla-resumen-amalfitana tr,#tabla-resumen-amalfitana th,#tabla-resumen-amalfitana td{all:unset}\n    #tabla-resumen-amalfitana thead{display:table-header-group}\n    #tabla-resumen-amalfitana tbody{display:table-row-group}\n    #tabla-resumen-amalfitana tr{display:table-row}\n    #tabla-resumen-amalfitana th,#tabla-resumen-amalfitana td{display:table-cell}\n    #tabla-resumen-amalfitana colgroup col:first-child{width:32%}\n    #tabla-resumen-amalfitana colgroup col:nth-child(2){width:68%}\n    #tabla-resumen-amalfitana thead th{text-align:left;text-transform:uppercase;letter-spacing:.03em;font-weight:700;font-size:.85rem;color:#1f2937;padding:1rem 1.1rem;background:color-mix(in srgb,var(--c) 16%,#fff);border-bottom:1px solid color-mix(in srgb,var(--c) 28%,#fff)}\n    #tabla-resumen-amalfitana tbody tr{transition:background-color .18s ease}\n    #tabla-resumen-amalfitana tbody tr:nth-child(odd){background:color-mix(in srgb,var(--c) 7%,#fff)}\n    #tabla-resumen-amalfitana tbody tr:nth-child(even){background:color-mix(in srgb,var(--c) 3%,#fff)}\n    #tabla-resumen-amalfitana tbody tr:hover{background:color-mix(in srgb,var(--c) 12%,#fff)}\n    #tabla-resumen-amalfitana td{padding:1rem 1.1rem;vertical-align:top;color:#374151;border-bottom:1px solid color-mix(in srgb,var(--c) 10%,#f1f5f9);overflow-wrap:anywhere;word-break:normal;hyphens:auto}\n    #tabla-resumen-amalfitana tbody tr:last-child td{border-bottom:0}\n    #tabla-resumen-amalfitana td:first-child{color:#0f172a;font-weight:600}\n    @media(max-width:640px){#tabla-resumen-amalfitana table{font-size:.9rem}#tabla-resumen-amalfitana td{padding:.85rem .9rem}#tabla-resumen-amalfitana thead th{font-size:.78rem;padding:.85rem .9rem}}\n    @media(prefers-reduced-motion:reduce){#tabla-resumen-amalfitana tbody tr{transition:none}}\n  <\/style>\n  <div class=\"ttable-wrap\" role=\"region\" aria-label=\"Resumen ruta Costa Amalfitana en coche\" tabindex=\"0\">\n    <table role=\"table\">\n      <colgroup><col><col><\/colgroup>\n      <thead role=\"rowgroup\">\n        <tr role=\"row\">\n          <th scope=\"col\" role=\"columnheader\">Aspecto<\/th>\n          <th scope=\"col\" role=\"columnheader\">Lo que necesitas saber<\/th>\n        <\/tr>\n      <\/thead>\n      <tbody role=\"rowgroup\">\n        <tr role=\"row\"><td role=\"cell\">Distancia total SS163<\/td><td role=\"cell\">~50 km entre Positano y Salerno<\/td><\/tr>\n        <tr role=\"row\"><td role=\"cell\">Tiempo de conducci\u00f3n directa<\/td><td role=\"cell\">2 h sin paradas; +6 h en temporada alta<\/td><\/tr>\n        <tr role=\"row\"><td role=\"cell\">D\u00edas recomendados<\/td><td role=\"cell\">3 d\u00edas m\u00ednimo, 5 d\u00edas ideal<\/td><\/tr>\n        <tr role=\"row\"><td role=\"cell\">Mejor \u00e9poca para conducir<\/td><td role=\"cell\">Abril\u2013junio y septiembre\u2013octubre<\/td><\/tr>\n        <tr role=\"row\"><td role=\"cell\">Precio medio del parking<\/td><td role=\"cell\">5\u20138 \u20ac\/hora en temporada alta<\/td><\/tr>\n        <tr role=\"row\"><td role=\"cell\">Pueblos imprescindibles<\/td><td role=\"cell\">Positano, Amalfi, Ravello, Atrani, Cetara<\/td><\/tr>\n        <tr role=\"row\"><td role=\"cell\">Restricciones de tr\u00e1fico<\/td><td role=\"cell\">ZTL en cascos hist\u00f3ricos + matr\u00edculas alternas en verano<\/td><\/tr>\n      <\/tbody>\n    <\/table>\n  <\/div>\n<\/div>\n\n\n\n\n\n<h2 class=\"wp-block-heading\" id=\"h-cuantos-dias-necesitas-para-la-costa-amalfitana-en-coche\">\u00bfCu\u00e1ntos d\u00edas necesitas para la Costa Amalfitana en coche?<\/h2>\n\n\n\n<p>La respuesta directa: <strong>3 d\u00edas es el m\u00ednimo para no arrepentirte, y 5 d\u00edas es donde el viaje empieza a tener ritmo real.<\/strong> Con 2 d\u00edas puedes ver los pueblos principales, pero lo har\u00e1s con la sensaci\u00f3n constante de que te dejas algo atr\u00e1s. Y tendr\u00e1s raz\u00f3n.<\/p>\n\n\n\n<p>La Costa Amalfitana no es un camino que se recorre. Es una docena de destinos distintos conectados por una carretera espectacular. Cada pueblo merece al menos 2 o 3 horas reales, no una foto y un helado.<\/p>\n\n\n\n<p>Con <strong>3 d\u00edas<\/strong> puedes dividir la ruta en tramos l\u00f3gicos: un d\u00eda para la parte occidental (Positano, Praiano, Furore), otro para la zona central (Amalfi, Atrani, Ravello) y un tercero para los pueblos del este que casi nadie visita (Cetara, Minori, Maiori). Este reparto elimina el error m\u00e1s habitual: intentar recorrer todo en un solo d\u00eda y llegar al tercer pueblo con la energ\u00eda al m\u00ednimo y el parking a precio de hotel.<\/p>\n\n\n\n<p>Con <strong>5 d\u00edas<\/strong> el viaje cambia de categor\u00eda. Puedes dedicar toda una tarde a Ravello sin mirar el reloj, bajar a nadar a una cala de Furore, tomar el ferry de Positano a Capri y volver por la tarde, o pasar una ma\u00f1ana en el mercado de Minori comprando limoncello artesanal a productores locales. El coche deja de ser un medio de transporte y se convierte en parte de la experiencia.<\/p>\n\n\n\n\n<div id=\"tabla-dias-amalfitana\" class=\"ttable\" style=\"--c:#D3AF37;\">\n  <style>\n    #tabla-dias-amalfitana{margin:1rem auto 1.5rem;max-width:100%;isolation:isolate}\n    #tabla-dias-amalfitana .ttable-wrap{border:1px solid color-mix(in srgb,var(--c) 22%,#e2e8f0);border-radius:14px;overflow:hidden;background:color-mix(in srgb,var(--c) 3%,#fff)}\n    #tabla-dias-amalfitana table{all:unset;display:table;border-collapse:separate;border-spacing:0;width:100%;table-layout:fixed;font-size:.95rem;line-height:1.6}\n    #tabla-dias-amalfitana thead,#tabla-dias-amalfitana tbody,#tabla-dias-amalfitana tr,#tabla-dias-amalfitana th,#tabla-dias-amalfitana td{all:unset}\n    #tabla-dias-amalfitana thead{display:table-header-group}\n    #tabla-dias-amalfitana tbody{display:table-row-group}\n    #tabla-dias-amalfitana tr{display:table-row}\n    #tabla-dias-amalfitana th,#tabla-dias-amalfitana td{display:table-cell}\n    #tabla-dias-amalfitana colgroup col:first-child{width:20%}\n    #tabla-dias-amalfitana colgroup col:nth-child(2){width:60%}\n    #tabla-dias-amalfitana colgroup col:nth-child(3){width:20%}\n    #tabla-dias-amalfitana thead th{text-align:left;text-transform:uppercase;letter-spacing:.03em;font-weight:700;font-size:.85rem;color:#1f2937;padding:1rem 1.1rem;background:color-mix(in srgb,var(--c) 16%,#fff);border-bottom:1px solid color-mix(in srgb,var(--c) 28%,#fff)}\n    #tabla-dias-amalfitana tbody tr{transition:background-color .18s ease}\n    #tabla-dias-amalfitana tbody tr:nth-child(odd){background:color-mix(in srgb,var(--c) 7%,#fff)}\n    #tabla-dias-amalfitana tbody tr:nth-child(even){background:color-mix(in srgb,var(--c) 3%,#fff)}\n    #tabla-dias-amalfitana tbody tr:hover{background:color-mix(in srgb,var(--c) 12%,#fff)}\n    #tabla-dias-amalfitana td{padding:1rem 1.1rem;vertical-align:top;color:#374151;border-bottom:1px solid color-mix(in srgb,var(--c) 10%,#f1f5f9);overflow-wrap:anywhere;word-break:normal;hyphens:auto}\n    #tabla-dias-amalfitana tbody tr:last-child td{border-bottom:0}\n    #tabla-dias-amalfitana td:first-child{color:#0f172a;font-weight:600}\n    @media(max-width:640px){#tabla-dias-amalfitana table{font-size:.9rem}#tabla-dias-amalfitana td{padding:.85rem .9rem}#tabla-dias-amalfitana thead th{font-size:.78rem;padding:.85rem .9rem}}\n    @media(prefers-reduced-motion:reduce){#tabla-dias-amalfitana tbody tr{transition:none}}\n  <\/style>\n  <div class=\"ttable-wrap\" role=\"region\" aria-label=\"D\u00edas recomendados Costa Amalfitana en coche\" tabindex=\"0\">\n    <table role=\"table\">\n      <colgroup><col><col><col><\/colgroup>\n      <thead role=\"rowgroup\">\n        <tr role=\"row\">\n          <th scope=\"col\" role=\"columnheader\">D\u00edas<\/th>\n          <th scope=\"col\" role=\"columnheader\">Qu\u00e9 puedes ver<\/th>\n          <th scope=\"col\" role=\"columnheader\">Estr\u00e9s<\/th>\n        <\/tr>\n      <\/thead>\n      <tbody role=\"rowgroup\">\n        <tr role=\"row\"><td role=\"cell\">2 d\u00edas<\/td><td role=\"cell\">Positano + Amalfi + Ravello<\/td><td role=\"cell\">Alto<\/td><\/tr>\n        <tr role=\"row\"><td role=\"cell\">3 d\u00edas<\/td><td role=\"cell\">Ruta completa con ritmo<\/td><td role=\"cell\">Medio<\/td><\/tr>\n        <tr role=\"row\"><td role=\"cell\">5 d\u00edas<\/td><td role=\"cell\">Ruta completa + Capri + senderismo<\/td><td role=\"cell\">Bajo<\/td><\/tr>\n        <tr role=\"row\"><td role=\"cell\">7 d\u00edas<\/td><td role=\"cell\">Todo lo anterior + pueblos del este + excursiones<\/td><td role=\"cell\">Muy bajo<\/td><\/tr>\n      <\/tbody>\n    <\/table>\n  <\/div>\n<\/div>\n\n\n\n\n\n<h2 class=\"wp-block-heading\">La SS163: el sentido de la ruta importa (y casi nadie lo explica)<\/h2>\n\n\n\n<p>La carretera principal es la <strong>SS163<\/strong>, oficialmente llamada Strada Statale Amalfitana, aunque los locales simplemente la llaman &#8220;la carretera&#8221;. Va desde Vietri sul Mare, en el extremo este, hasta Positano, en el oeste. Aproximadamente 50 kil\u00f3metros de curvas cerradas, vistas al mar y encuentros con autobuses SITA que no dan cuartel.<\/p>\n\n\n\n<p>Lo que ninguna gu\u00eda explica en detalle: <strong>el sentido en que conduces esta ruta afecta directamente a tu experiencia, y no es un detalle menor.<\/strong><\/p>\n\n\n\n<p>Si vas de <strong>este a oeste<\/strong> (de Salerno hacia Positano), el mar queda a tu izquierda. Tienes las mejores vistas desde el lado del conductor, pero los adelantamientos y los giros son m\u00e1s complicados porque te acercas a los acantilados desde el carril interior.<\/p>\n\n\n\n<p>Si vas de <strong>oeste a este<\/strong> (de Sorrento hacia Salerno), el mar queda a tu derecha. Los pasajeros tienen las mejores vistas, los adelantamientos son algo m\u00e1s sencillos, y la luz de la ma\u00f1ana ilumina las fachadas de los pueblos de frente si sales temprano. Para la mayor\u00eda de conductores, esta direcci\u00f3n resulta m\u00e1s c\u00f3moda.<\/p>\n\n\n\n<p><strong>La recomendaci\u00f3n pr\u00e1ctica: salir de Sorrento o Positano antes de las 8:30 h y avanzar hacia el este.<\/strong> Llegas a los pueblos antes de que se llenen, el mar queda a la derecha para los que van de copiloto, y el sol de la ma\u00f1ana cae sobre los fachadas en lugar de encegarte.<\/p>\n\n\n\n<p>Otro detalle que se pasa por alto: <strong>las gasolineras en la SS163 son muy escasas<\/strong>. Las hay cerca de Positano, Amalfi y Salerno. Si sales con el dep\u00f3sito a medias, ll\u00e9nalo antes de empezar la ruta. No hay ninguna se\u00f1alizaci\u00f3n que te avise de que la pr\u00f3xima est\u00e1 a 25 kil\u00f3metros.<\/p>\n\n\n\n<h2 class=\"wp-block-heading\">Los pueblos donde parar: los cinco que no se saltan y los que todos ignoran<\/h2>\n\n\n\n<h3 class=\"wp-block-heading\">Positano<\/h3>\n\n\n\n<p>Positano es la postal. Las casas de colores sobre el acantilado, las buganvillas, las escaleras que bajan a la playa. <strong>No se puede visitar la Costa Amalfitana sin parar aqu\u00ed<\/strong>, aunque solo sea para confirmarlo con tus propios ojos.<\/p>\n\n\n\n<p>El problema: es el pueblo con el parking m\u00e1s caro y escaso de toda la ruta. Espera pagar entre 6 y 8 \u20ac\/hora. Los aparcamientos principales son el Parcheggio Mandara y el Di Gennaro, ambos en la parte alta. Desde all\u00ed se baja andando \u2014muchas escaleras\u2014 hasta la Marina Grande. Tiempo recomendado: 2\u20133 horas.<\/p>\n\n\n\n<h3 class=\"wp-block-heading\">Amalfi<\/h3>\n\n\n\n<p>Amalfi fue una de las grandes rep\u00fablicas mar\u00edtimas medievales de Italia. Su <strong>Duomo de Sant&#8217;Andrea<\/strong>, con la escalinata de 62 pelda\u00f1os, es impresionante. El casco hist\u00f3rico est\u00e1 lleno de callejones y tiendas de papel artesanal: Amalfi tiene una tradici\u00f3n papelera desde el siglo XIII que a\u00fan tiene talleres activos.<\/p>\n\n\n\n<p>El aparcamiento principal es el de Piazza Flavio Gioia, junto al puerto. Desde all\u00ed al Duomo son 5 minutos a pie. Tiempo recomendado: 2\u20133 horas.<\/p>\n\n\n\n<h3 class=\"wp-block-heading\">Ravello<\/h3>\n\n\n\n<p>Ravello est\u00e1 en las alturas, a unos 350 metros sobre el nivel del mar, y desde sus jardines se domina toda la bah\u00eda. La <strong>Villa Rufolo<\/strong> (entrada 7 \u20ac) y la <strong>Villa Cimbrone<\/strong> (entrada 8 \u20ac) tienen dos de los jardines m\u00e1s impresionantes de Italia. La famosa <em>Terraza del Infinito<\/em> de Villa Cimbrone ofrece una de las mejores panor\u00e1micas del Mediterr\u00e1neo. Si puedes quedarte hasta el atardecer, hazlo. El parking es relativamente sencillo y barato comparado con los pueblos costeros.<\/p>\n\n\n\n<p>Tiempo recomendado: 3\u20134 horas.<\/p>\n\n\n\n<h3 class=\"wp-block-heading\">Atrani: el pueblo que la mayor\u00eda pasa de largo<\/h3>\n\n\n\n<p><strong>Atrani es el municipio m\u00e1s peque\u00f1o de Italia<\/strong> (menos de 1 km\u00b2) y est\u00e1 a literalmente 500 metros de Amalfi, separado por un promontorio. La mayor\u00eda de los coches lo cruzan sin parar porque no hay un gran aparcamiento visible desde la carretera.<\/p>\n\n\n\n<p>Error. Atrani es exactamente lo que Amalfi era hace treinta a\u00f1os: aut\u00e9ntico, tranquilo, con una peque\u00f1a playa de guijarros casi sin turistas y una piazza donde los vecinos toman el caf\u00e9 por la ma\u00f1ana. Aparca en Amalfi y llega andando. Son 10 minutos por el paseo mar\u00edtimo.<\/p>\n\n\n\n<h3 class=\"wp-block-heading\">Cetara: el pueblo que todos saltan y los gastr\u00f3nomos no<\/h3>\n\n\n\n<p>Cetara est\u00e1 en el extremo este de la ruta y la mayor\u00eda de los viajeros lo pasan de largo porque &#8220;queda lejos&#8221;. Es probablemente el error m\u00e1s repetido de toda la ruta.<\/p>\n\n\n\n<p><strong>Cetara es el pueblo pesquero m\u00e1s aut\u00e9ntico de la Costa Amalfitana<\/strong> y el \u00fanico productor de <em>colatura di alici<\/em>, una salsa de anchoas fermentadas que lleva elabor\u00e1ndose aqu\u00ed desde el siglo XIII. Es, literalmente, el heredero directo del garum romano. Los restaurantes del pueblo sirven espaguetis con colatura reci\u00e9n destilada que no tienen nada que ver con lo que encuentras embotellado en un supermercado. Si visitas en octubre, coincides con la Sagra del Tonno, uno de los eventos gastron\u00f3micos m\u00e1s aut\u00e9nticos de la regi\u00f3n. Parking relativamente sencillo para los est\u00e1ndares de la zona. Tiempo recomendado: 2 horas.<\/p>\n\n\n\n<h3 class=\"wp-block-heading\">Praiano y Furore<\/h3>\n\n\n\n<p><strong>Praiano<\/strong> est\u00e1 entre Positano y Amalfi y muchos viajeros la usan como base nocturna. Menos turismo, precios m\u00e1s bajos, y desde la Iglesia de San Gennaro uno de los mejores atardeceres de la costa. Es un dato que los locales reconocen pero que pocas gu\u00edas desarrollan.<\/p>\n\n\n\n<p><strong>Furore<\/strong> es diferente. El <em>fiordo di Furore<\/em> es una cala espectacular encajada entre acantilados, accesible bajando una escalera empinada o llegando en kayak. El propio pueblo de Furore est\u00e1 en las alturas y tiene muy pocos visitantes incluso en agosto.<\/p>\n\n\n\n\n<div id=\"tabla-pueblos-amalfitana\" class=\"ttable\" style=\"--c:#D3AF37;\">\n  <style>\n    #tabla-pueblos-amalfitana{margin:1rem auto 1.5rem;max-width:100%;isolation:isolate}\n    #tabla-pueblos-amalfitana .ttable-wrap{border:1px solid color-mix(in srgb,var(--c) 22%,#e2e8f0);border-radius:14px;overflow:hidden;background:color-mix(in srgb,var(--c) 3%,#fff)}\n    #tabla-pueblos-amalfitana table{all:unset;display:table;border-collapse:separate;border-spacing:0;width:100%;table-layout:fixed;font-size:.95rem;line-height:1.6}\n    #tabla-pueblos-amalfitana thead,#tabla-pueblos-amalfitana tbody,#tabla-pueblos-amalfitana tr,#tabla-pueblos-amalfitana th,#tabla-pueblos-amalfitana td{all:unset}\n    #tabla-pueblos-amalfitana thead{display:table-header-group}\n    #tabla-pueblos-amalfitana tbody{display:table-row-group}\n    #tabla-pueblos-amalfitana tr{display:table-row}\n    #tabla-pueblos-amalfitana th,#tabla-pueblos-amalfitana td{display:table-cell}\n    #tabla-pueblos-amalfitana colgroup col:first-child{width:18%}\n    #tabla-pueblos-amalfitana colgroup col:nth-child(2){width:27%}\n    #tabla-pueblos-amalfitana colgroup col:nth-child(3){width:15%}\n    #tabla-pueblos-amalfitana colgroup col:nth-child(4){width:40%}\n    #tabla-pueblos-amalfitana thead th{text-align:left;text-transform:uppercase;letter-spacing:.03em;font-weight:700;font-size:.85rem;color:#1f2937;padding:1rem 1.1rem;background:color-mix(in srgb,var(--c) 16%,#fff);border-bottom:1px solid color-mix(in srgb,var(--c) 28%,#fff)}\n    #tabla-pueblos-amalfitana tbody tr{transition:background-color .18s ease}\n    #tabla-pueblos-amalfitana tbody tr:nth-child(odd){background:color-mix(in srgb,var(--c) 7%,#fff)}\n    #tabla-pueblos-amalfitana tbody tr:nth-child(even){background:color-mix(in srgb,var(--c) 3%,#fff)}\n    #tabla-pueblos-amalfitana tbody tr:hover{background:color-mix(in srgb,var(--c) 12%,#fff)}\n    #tabla-pueblos-amalfitana td{padding:1rem 1.1rem;vertical-align:top;color:#374151;border-bottom:1px solid color-mix(in srgb,var(--c) 10%,#f1f5f9);overflow-wrap:anywhere;word-break:normal;hyphens:auto}\n    #tabla-pueblos-amalfitana tbody tr:last-child td{border-bottom:0}\n    #tabla-pueblos-amalfitana td:first-child{color:#0f172a;font-weight:600}\n    @media(max-width:640px){#tabla-pueblos-amalfitana table{font-size:.9rem}#tabla-pueblos-amalfitana td{padding:.85rem .9rem}#tabla-pueblos-amalfitana thead th{font-size:.78rem;padding:.85rem .9rem}}\n    @media(prefers-reduced-motion:reduce){#tabla-pueblos-amalfitana tbody tr{transition:none}}\n  <\/style>\n  <div class=\"ttable-wrap\" role=\"region\" aria-label=\"Pueblos donde parar en la Costa Amalfitana\" tabindex=\"0\">\n    <table role=\"table\">\n      <colgroup><col><col><col><col><\/colgroup>\n      <thead role=\"rowgroup\">\n        <tr role=\"row\">\n          <th scope=\"col\" role=\"columnheader\">Pueblo<\/th>\n          <th scope=\"col\" role=\"columnheader\">Tipo de parada<\/th>\n          <th scope=\"col\" role=\"columnheader\">Tiempo<\/th>\n          <th scope=\"col\" role=\"columnheader\">Parking<\/th>\n        <\/tr>\n      <\/thead>\n      <tbody role=\"rowgroup\">\n        <tr role=\"row\"><td role=\"cell\">Positano<\/td><td role=\"cell\">Imprescindible<\/td><td role=\"cell\">2\u20133 h<\/td><td role=\"cell\">Dif\u00edcil, 6\u20138 \u20ac\/h<\/td><\/tr>\n        <tr role=\"row\"><td role=\"cell\">Amalfi<\/td><td role=\"cell\">Imprescindible<\/td><td role=\"cell\">2\u20133 h<\/td><td role=\"cell\">Medio, 5\u20137 \u20ac\/h<\/td><\/tr>\n        <tr role=\"row\"><td role=\"cell\">Ravello<\/td><td role=\"cell\">Imprescindible<\/td><td role=\"cell\">3\u20134 h<\/td><td role=\"cell\">F\u00e1cil, 2\u20133 \u20ac\/h<\/td><\/tr>\n        <tr role=\"row\"><td role=\"cell\">Atrani<\/td><td role=\"cell\">No te la saltes<\/td><td role=\"cell\">1\u20131,5 h<\/td><td role=\"cell\">Aparcar en Amalfi<\/td><\/tr>\n        <tr role=\"row\"><td role=\"cell\">Cetara<\/td><td role=\"cell\">Para los que quieren m\u00e1s<\/td><td role=\"cell\">2 h<\/td><td role=\"cell\">Relativamente f\u00e1cil<\/td><\/tr>\n        <tr role=\"row\"><td role=\"cell\">Praiano<\/td><td role=\"cell\">Base o parada<\/td><td role=\"cell\">1 h<\/td><td role=\"cell\">Medio<\/td><\/tr>\n        <tr role=\"row\"><td role=\"cell\">Furore<\/td><td role=\"cell\">Opcional pero espectacular<\/td><td role=\"cell\">1,5 h<\/td><td role=\"cell\">Limitado<\/td><\/tr>\n      <\/tbody>\n    <\/table>\n  <\/div>\n<\/div>\n\n\n\n\n\n<h2 class=\"wp-block-heading\">Parking en la Costa Amalfitana: c\u00f3mo no perder la ma\u00f1ana buscando plaza<\/h2>\n\n\n\n<p>El parking es el tema que m\u00e1s estr\u00e9s genera. Y la raz\u00f3n es sencilla: la carretera es estrecha, los pueblos est\u00e1n construidos sobre acantilados, y no hay espacio f\u00edsico para a\u00f1adir m\u00e1s plazas. Lo que existe es caro y se llena r\u00e1pido.<\/p>\n\n\n\n<h3 class=\"wp-block-heading\">El sistema de matr\u00edculas alternas que nadie te avisa<\/h3>\n\n\n\n<p>Desde junio hasta septiembre, el Gobierno de Campania aplica una restricci\u00f3n de tr\u00e1fico en la SS163 conocida como <strong>sistema de matr\u00edculas alternas<\/strong>: los d\u00edas pares pueden circular coches con matr\u00edcula de n\u00famero par, y los d\u00edas impares, coches con matr\u00edcula impar. La restricci\u00f3n aplica en horas punta, generalmente de las 10:00 a las 18:00 h.<\/p>\n\n\n\n<p>Si alquilas un coche para la ruta, <strong>necesitas verificar la matr\u00edcula del veh\u00edculo antes de planificar tu itinerario<\/strong>. Es un detalle que muchos descubren demasiado tarde, ya en la carretera.<\/p>\n\n\n\n<p>La excepci\u00f3n: los coches matriculados en las provincias de Salerno o N\u00e1poles pueden circular todos los d\u00edas. Los veh\u00edculos de alquiler suelen tener matr\u00edculas de estas provincias, pero conviene confirmarlo en el mostrador de la agencia.<\/p>\n\n\n\n<h3 class=\"wp-block-heading\">Las reglas pr\u00e1cticas del parking<\/h3>\n\n\n\n<p><strong>Llega antes de las 9:00 h<\/strong>. En temporada alta, los aparcamientos de Positano y Amalfi empiezan a llenarse a partir de las 9:30. Si llegas antes, tienes opciones reales. Si llegas a las 11:00, empieza a dar vueltas.<\/p>\n\n\n\n<p><strong>Reserva alojamiento con parking incluido<\/strong>. Los hoteles con plaza de garaje te ahorran el problema principal. Usa ese ahorro de tiempo y dinero para el resto de la ruta.<\/p>\n\n\n\n<p><strong>ZTL \u2014 Zona de Tr\u00e1fico Limitado<\/strong>: varios centros hist\u00f3ricos tienen ZTL activas en temporada. Si entras sin permiso, la multa llega directamente por carta a la agencia de alquiler y te la cargan en la tarjeta. Las se\u00f1ales son peque\u00f1as y f\u00e1ciles de ignorar. <strong>Presta atenci\u00f3n a los carteles amarillos en la entrada de los pueblos.<\/strong><\/p>\n\n\n\n<p><strong>Apps \u00fatiles<\/strong>: Google Maps para orientarte, EasyPark para pagar sin efectivo en aparcamientos, Waze para ver el tr\u00e1fico en tiempo real en la SS163.<\/p>\n\n\n\n<h2 class=\"wp-block-heading\">Los itinerarios por d\u00edas: qu\u00e9 hacer seg\u00fan el tiempo que tienes<\/h2>\n\n\n\n<h3 class=\"wp-block-heading\">3 d\u00edas: la ruta que funciona<\/h3>\n\n\n\n<p><strong>D\u00eda 1 \u2014 Zona occidental:<\/strong> Sorrento (base de salida) \u2192 Positano \u2192 Praiano \u2192 Furore. Sal antes de las 8:30 h. Positano hasta mediod\u00eda, comida en Praiano, tarde en el fiordo di Furore. Vuelta a Sorrento o qu\u00e9date a dormir en Praiano.<\/p>\n\n\n\n<p><strong>D\u00eda 2 \u2014 Zona central:<\/strong> Amalfi \u2192 Atrani \u2192 Ravello. Llega a Amalfi antes de las 9:00 h, aparca en el parking del puerto y no muevas el coche hasta el final del d\u00eda. Visita Amalfi a pie, cruza andando a Atrani, sube a Ravello en coche desde Amalfi (12 km) o en autob\u00fas local. Qu\u00e9date al atardecer.<\/p>\n\n\n\n<p><strong>D\u00eda 3 \u2014 Zona oriental:<\/strong> Minori \u2192 Maiori \u2192 Cetara. La parte menos conocida y m\u00e1s aut\u00e9ntica. Las playas tranquilas de Minori y Maiori, el pueblo pesquero de Cetara, y si tienes margen, una tarde en Salerno: una ciudad real con vida propia, no solo un punto de llegada.<\/p>\n\n\n\n<h3 class=\"wp-block-heading\">5 d\u00edas: el itinerario con margen para perderse<\/h3>\n\n\n\n<p>Usa los tres d\u00edas anteriores y a\u00f1ade:<\/p>\n\n\n\n<p><strong>D\u00eda 4:<\/strong> Ferry de Positano o Amalfi a Capri. Un d\u00eda en Capri es suficiente para ver la Piazzetta, la Gruta Azul (si no hay cola) y las vistas desde el Monte Solaro.<\/p>\n\n\n\n<p><strong>D\u00eda 5:<\/strong> Senderismo en el <strong>Sentiero degli Dei<\/strong> (Sendero de los Dioses). El tramo cl\u00e1sico va de Bomerano a Positano: 9,4 km con vistas espectaculares al mar. Una de las mejores excursiones de toda la costa italiana. Deja el coche en Positano y toma el autob\u00fas hasta Bomerano para hacer el recorrido en bajada.<\/p>\n\n\n\n<h2 class=\"wp-block-heading\">D\u00f3nde alojarse para reducir el estr\u00e9s de conducir<\/h2>\n\n\n\n<p>La elecci\u00f3n de la base marca la diferencia entre un viaje c\u00f3modo y uno agotador. Hay una opci\u00f3n que muy pocos art\u00edculos mencionan y que cambia completamente la ecuaci\u00f3n del parking.<\/p>\n\n\n\n<p><strong>Sorrento<\/strong> es la base cl\u00e1sica. Tiene la mejor conexi\u00f3n en tren desde N\u00e1poles (Circumvesuviana, ~1 hora), m\u00e1s oferta de alojamiento a distintos precios y parking m\u00e1s accesible que en los pueblos de la costa. La contrapartida: cada d\u00eda de visita implica conducir hacia el interior de la ruta y volver.<\/p>\n\n\n\n<p><strong>Praiano<\/strong> es la base que los viajeros que repiten eligen. Est\u00e1 exactamente en el centro de la ruta \u2014a 9 km de Positano y a 11 km de Amalfi\u2014, aparcar es m\u00e1s sencillo que en sus vecinos, los precios son m\u00e1s bajos, y los restaurantes est\u00e1n orientados a residentes, no a turistas.<\/p>\n\n\n\n<p><strong>Ravello o Scala en las colinas: la opci\u00f3n que nadie considera y que lo cambia todo.<\/strong> Ravello y Scala est\u00e1n entre 300 y 600 metros de altura. Tienen parkings c\u00f3modos y baratos (o gratuitos en Scala por la noche), una calidad de vida muy distinta al frenes\u00ed de la costa, y desde all\u00ed puedes bajar a cualquier pueblo costero en 15\u201320 minutos sin cruzar toda la SS163 cada vez.<\/p>\n\n\n\n<p>El ahorro en parking es real: en lugar de pagar 40\u201360 \u20ac\/d\u00eda en Positano o Amalfi, dejas el coche en Ravello por 2\u20133 \u20ac\/hora y usas el autob\u00fas local o el ferry para moverte durante el d\u00eda. El \u00fanico matiz: Ravello no tiene playa propia. Si necesitas ba\u00f1o de mar todos los d\u00edas, esta base no es la ideal.<\/p>\n\n\n\n<h2 class=\"wp-block-heading\">Las claves para conducir la SS163 sin nervios<\/h2>\n\n\n\n<p>La SS163 no es peligrosa si vas preparado. Es estrecha, con curvas cerradas y mucho tr\u00e1fico en verano. Pero miles de personas la conducen cada a\u00f1o en coches normales sin ning\u00fan problema.<\/p>\n\n\n\n<p><strong>Lleva un coche compacto<\/strong>. Un utilitario tipo Fiat 500, Renault Clio o similar es lo m\u00e1s manejable. Evita SUVs grandes, furgonetas o cualquier veh\u00edculo de m\u00e1s de 1,80 m de ancho. En algunos tramos dos coches de frente se rozan literalmente los espejos.<\/p>\n\n\n\n<p><strong>Cede el paso siempre que tengas hueco de marcha atr\u00e1s<\/strong>. Cuando dos coches se encuentran en una curva estrecha, el que tenga m\u00e1s f\u00e1cil hacer marcha atr\u00e1s retrocede. Sin discusi\u00f3n, sin miradas. Es la norma no escrita de la carretera y todos la respetan.<\/p>\n\n\n\n<p><strong>Los autobuses SITA tienen prioridad de facto<\/strong>. Cuando ves uno acercarse, busca el hueco m\u00e1s pr\u00f3ximo, p\u00e9gate a la pared y d\u00e9jalo pasar. No hay cartel que lo diga, pero es as\u00ed.<\/p>\n\n\n\n<p><strong>Evita la carretera entre las 10:00 y las 18:00 h en julio y agosto<\/strong> si puedes elegir. Si no tienes otra opci\u00f3n, paciencia. Pero si sales antes de las 9:00 h y vuelves despu\u00e9s de las 19:00 h, el viaje es radicalmente distinto.<\/p>\n\n\n\n<p><strong>No sigas el GPS si te sugiere atajos por carreteras de monta\u00f1a<\/strong>. Hay rutas alternativas que los navegadores proponen por caminos que no est\u00e1n adaptados para turismos normales. Qu\u00e9date en la SS163.<\/p>\n\n\n\n<h2 class=\"wp-block-heading\">Cuando el volante es el problema: la alternativa del tour privado con ch\u00f3fer<\/h2>\n\n\n\n<p>Toda esta log\u00edstica \u2014el parking, las ZTL, las matr\u00edculas alternas, los horarios de salida\u2014 tiene una soluci\u00f3n limpia: dejar que otra persona conduzca mientras t\u00fa disfrutas del paisaje.<\/p>\n\n\n\n<p><strong>Tour Travel &amp; More<\/strong> lleva desde 2014 organizando tours privados por la Costa Amalfitana con un principio claro: el viaje es tuyo, no del operador.<\/p>\n\n\n\n<p>Lo que incluye un tour privado con TT&amp;M:<\/p>\n\n\n\n<ul class=\"wp-block-list\">\n<li><strong>Sin grupos ni desconocidos<\/strong> \u2014 el tour es exclusivamente para ti y las personas que eliges<\/li>\n\n\n\n<li><strong>Veh\u00edculo de lujo con ch\u00f3fer profesional<\/strong> \u2014 \u00e9l conoce los accesos, los aparcamientos reservados y los atajos que no aparecen en ninguna app<\/li>\n\n\n\n<li><strong>Gu\u00eda oficial licenciado<\/strong> \u2014 con permisos locales y conocimiento real de la zona, no un folleto le\u00eddo en voz alta<\/li>\n\n\n\n<li><strong>Recogida puerta a puerta<\/strong> \u2014 desde tu hotel en Sorrento o N\u00e1poles, sin transporte previo<\/li>\n\n\n\n<li><strong>Guardian Angel Service 24\/7<\/strong> \u2014 coordinador humano disponible antes, durante y despu\u00e9s del tour para cualquier cambio de \u00faltima hora<\/li>\n\n\n\n<li><strong>4,9 \u2b50 en m\u00e1s de 500 rese\u00f1as<\/strong> de viajeros verificados \u2014 el 99% recomienda<\/li>\n<\/ul>\n\n\n\n<p>El itinerario se ajusta a lo que t\u00fa quieres ver. Paras el tiempo que necesitas en cada pueblo. Llegas a Ravello a la hora del atardecer porque as\u00ed lo has decidido t\u00fa.<\/p>\n\n\n\n<p>Disponible desde Sorrento (8 horas, desde 160 \u20ac\/persona) y desde N\u00e1poles (8 horas, desde 150 \u20ac\/persona).<\/p>\n\n\n\n<div class=\"wp-block-buttons is-content-justification-center is-layout-flex wp-container-core-buttons-is-layout-16018d1d wp-block-buttons-is-layout-flex\">\n<div class=\"wp-block-button\"><a class=\"wp-block-button__link has-background wp-element-button\" href=\"https:\/\/tourtravelandmore.com\/tours\/italy\/sorrento\/all-private-tours-activities-sorrento\/amalfi-coast-private-tour-from-sorrento\/\" style=\"background-color:#d3af37\"><strong>Ver el tour privado de la Costa Amalfitana <\/strong><\/a><\/div>\n<\/div>\n\n\n\n<div style=\"height:20px\" aria-hidden=\"true\" class=\"wp-block-spacer\"><\/div>\n\n\n\n<h2 class=\"wp-block-heading\" id=\"h-preguntas-frecuentes\">Preguntas frecuentes<\/h2>\n\n\n\n<p><strong>\u00bfHay peajes en la ruta?<\/strong><br>La SS163 no tiene peajes. S\u00ed los hay en las autopistas de acceso desde N\u00e1poles o Roma (A3\/E45). Presupuesta entre 5 y 10 \u20ac en peajes dependiendo de tu punto de origen.<\/p>\n\n\n\n<p><strong>\u00bfSe puede hacer la ruta en furgoneta o autocaravana?<\/strong><br>T\u00e9cnicamente est\u00e1 permitido, pero no se recomienda. Los tramos m\u00e1s estrechos de la SS163, especialmente entre Positano y Amalfi, son muy complicados para veh\u00edculos de m\u00e1s de 2 metros de ancho. Existen restricciones de acceso en algunos pueblos para veh\u00edculos largos.<\/p>\n\n\n\n<p><strong>\u00bfVale la pena alquilar una moto en lugar de un coche?<\/strong><br>Las motos tienen ventaja en el parking y en los adelantamientos. Pero la carretera tiene gravilla suelta en algunas curvas, los autobuses SITA ocupan todo el carril, y con lluvia las condiciones se complican significativamente. Si tienes experiencia real en moto y no es tu primera vez en carreteras de monta\u00f1a italianas, puede ser una opci\u00f3n. Si no, coche.<\/p>\n\n\n\n<p><strong>\u00bfCu\u00e1l es el mejor mes para visitar la Costa Amalfitana en coche?<\/strong><br>Abril, mayo y la primera quincena de junio son los mejores meses: buen tiempo, carretera transitable y precios razonables. Septiembre y octubre tambi\u00e9n funcionan bien. Julio y agosto son posibles pero el estr\u00e9s del tr\u00e1fico y el parking multiplican el coste y restan disfrute.<\/p>\n\n\n\n<div class=\"wp-block-buttons is-content-justification-center is-layout-flex wp-container-core-buttons-is-layout-16018d1d wp-block-buttons-is-layout-flex\">\n<div class=\"wp-block-button\"><a class=\"wp-block-button__link has-background wp-element-button\" href=\"https:\/\/tourtravelandmore.com\/tours\/italy\/sorrento\/all-private-tours-activities-sorrento\/amalfi-coast-private-tour-from-sorrento\/\" style=\"background-color:#d3af37\"><strong>Planifica tu visita a la Costa Amalfitana con Tour Travel &amp; More<\/strong><\/a><\/div>\n<\/div>\n\n\n\n<p><\/p>\n","protected":false},"excerpt":{"rendered":"<p>La Costa Amalfitana es uno de esos tramos de carretera que se quedan grabados para siempre. 50 kil\u00f3metros de acantilados, pueblos de colores apilados sobre el mar y curvas que piden atenci\u00f3n total. Ir en coche por la SS163 tiene algo de ritual: el volante en mano, el Mediterr\u00e1neo a la derecha, el mundo en [&hellip;]<\/p>\n","protected":false},"author":2,"featured_media":190848,"comment_status":"open","ping_status":"open","sticky":false,"template":"","format":"standard","meta":{"_acf_changed":false,"footnotes":""},"categories":[2294,2358,5414],"tags":[],"class_list":["post-190844","post","type-post","status-publish","format-standard","has-post-thumbnail","hentry","category-espana-2","category-italy","category-napoles"],"acf":[],"yoast_head":"<!-- This site is optimized with the Yoast SEO Premium plugin v25.3.1 (Yoast SEO v25.3.1) - https:\/\/yoast.com\/wordpress\/plugins\/seo\/ -->\n<title>\u25ba Costa Amalfitana en coche: paradas y d\u00edas recomendados<\/title>\n<meta name=\"description\" content=\"Descubre las mejores paradas de la Costa Amalfitana en coche: Positano, Amalfi, Ravello y m\u00e1s. Gu\u00eda experta con rutas de 2 a 5 d\u00edas\" \/>\n<meta name=\"robots\" content=\"index, follow, max-snippet:-1, max-image-preview:large, max-video-preview:-1\" \/>\n<link rel=\"canonical\" href=\"https:\/\/tourtravelandmore.com\/es\/costa-amalfitana-en-coche-donde-parar\/\" \/>\n<meta property=\"og:locale\" content=\"es_ES\" \/>\n<meta property=\"og:type\" content=\"article\" \/>\n<meta property=\"og:title\" content=\"Costa Amalfitana en coche: d\u00f3nde parar y cu\u00e1ntos d\u00edas\" \/>\n<meta property=\"og:description\" content=\"Descubre las mejores paradas de la Costa Amalfitana en coche: Positano, Amalfi, Ravello y m\u00e1s. Gu\u00eda experta con rutas de 2 a 5 d\u00edas\" \/>\n<meta property=\"og:url\" content=\"https:\/\/tourtravelandmore.com\/es\/costa-amalfitana-en-coche-donde-parar\/\" \/>\n<meta property=\"og:site_name\" content=\"Tour Travel And More\" \/>\n<meta property=\"article:publisher\" content=\"https:\/\/www.facebook.com\/tourtravelandmore\/\" \/>\n<meta property=\"article:published_time\" content=\"2026-04-30T19:46:12+00:00\" \/>\n<meta property=\"article:modified_time\" content=\"2026-04-30T19:46:18+00:00\" \/>\n<meta property=\"og:image\" content=\"https:\/\/tourtravelandmore.com\/wp-content\/uploads\/2026\/04\/Atrani-Costa-Amalfitana.webp\" \/>\n\t<meta property=\"og:image:width\" content=\"1920\" \/>\n\t<meta property=\"og:image:height\" content=\"1080\" \/>\n\t<meta property=\"og:image:type\" content=\"image\/webp\" \/>\n<meta name=\"author\" content=\"Maya Nader Harati\" \/>\n<meta name=\"twitter:card\" content=\"summary_large_image\" \/>\n<meta name=\"twitter:creator\" content=\"@TourTravel_More\" \/>\n<meta name=\"twitter:site\" content=\"@TourTravel_More\" \/>\n<meta name=\"twitter:label1\" content=\"Escrito por\" \/>\n\t<meta name=\"twitter:data1\" content=\"Maya Nader Harati\" \/>\n\t<meta name=\"twitter:label2\" content=\"Tiempo de lectura\" \/>\n\t<meta name=\"twitter:data2\" content=\"15 minutos\" \/>\n<script type=\"application\/ld+json\" class=\"yoast-schema-graph\">{\"@context\":\"https:\/\/schema.org\",\"@graph\":[{\"@type\":\"Article\",\"@id\":\"https:\/\/tourtravelandmore.com\/es\/costa-amalfitana-en-coche-donde-parar\/#article\",\"isPartOf\":{\"@id\":\"https:\/\/tourtravelandmore.com\/es\/costa-amalfitana-en-coche-donde-parar\/\"},\"author\":{\"name\":\"Maya Nader Harati\",\"@id\":\"https:\/\/tourtravelandmore.com\/es\/#\/schema\/person\/2a1c66d76ae9290a394e8efb4af12e1e\"},\"headline\":\"Costa Amalfitana en coche: d\u00f3nde parar y cu\u00e1ntos d\u00edas\",\"datePublished\":\"2026-04-30T19:46:12+00:00\",\"dateModified\":\"2026-04-30T19:46:18+00:00\",\"mainEntityOfPage\":{\"@id\":\"https:\/\/tourtravelandmore.com\/es\/costa-amalfitana-en-coche-donde-parar\/\"},\"wordCount\":3175,\"commentCount\":0,\"publisher\":{\"@id\":\"https:\/\/tourtravelandmore.com\/es\/#organization\"},\"image\":{\"@id\":\"https:\/\/tourtravelandmore.com\/es\/costa-amalfitana-en-coche-donde-parar\/#primaryimage\"},\"thumbnailUrl\":\"https:\/\/tourtravelandmore.com\/wp-content\/uploads\/2026\/04\/Atrani-Costa-Amalfitana.webp\",\"articleSection\":[\"Espa\u00f1a\",\"Italia\",\"napoles\"],\"inLanguage\":\"es\",\"potentialAction\":[{\"@type\":\"CommentAction\",\"name\":\"Comment\",\"target\":[\"https:\/\/tourtravelandmore.com\/es\/costa-amalfitana-en-coche-donde-parar\/#respond\"]}]},{\"@type\":\"WebPage\",\"@id\":\"https:\/\/tourtravelandmore.com\/es\/costa-amalfitana-en-coche-donde-parar\/\",\"url\":\"https:\/\/tourtravelandmore.com\/es\/costa-amalfitana-en-coche-donde-parar\/\",\"name\":\"\u25ba Costa Amalfitana en coche: paradas y d\u00edas recomendados\",\"isPartOf\":{\"@id\":\"https:\/\/tourtravelandmore.com\/es\/#website\"},\"primaryImageOfPage\":{\"@id\":\"https:\/\/tourtravelandmore.com\/es\/costa-amalfitana-en-coche-donde-parar\/#primaryimage\"},\"image\":{\"@id\":\"https:\/\/tourtravelandmore.com\/es\/costa-amalfitana-en-coche-donde-parar\/#primaryimage\"},\"thumbnailUrl\":\"https:\/\/tourtravelandmore.com\/wp-content\/uploads\/2026\/04\/Atrani-Costa-Amalfitana.webp\",\"datePublished\":\"2026-04-30T19:46:12+00:00\",\"dateModified\":\"2026-04-30T19:46:18+00:00\",\"description\":\"Descubre las mejores paradas de la Costa Amalfitana en coche: Positano, Amalfi, Ravello y m\u00e1s. Gu\u00eda experta con rutas de 2 a 5 d\u00edas\",\"breadcrumb\":{\"@id\":\"https:\/\/tourtravelandmore.com\/es\/costa-amalfitana-en-coche-donde-parar\/#breadcrumb\"},\"inLanguage\":\"es\",\"potentialAction\":[{\"@type\":\"ReadAction\",\"target\":[\"https:\/\/tourtravelandmore.com\/es\/costa-amalfitana-en-coche-donde-parar\/\"]}]},{\"@type\":\"ImageObject\",\"inLanguage\":\"es\",\"@id\":\"https:\/\/tourtravelandmore.com\/es\/costa-amalfitana-en-coche-donde-parar\/#primaryimage\",\"url\":\"https:\/\/tourtravelandmore.com\/wp-content\/uploads\/2026\/04\/Atrani-Costa-Amalfitana.webp\",\"contentUrl\":\"https:\/\/tourtravelandmore.com\/wp-content\/uploads\/2026\/04\/Atrani-Costa-Amalfitana.webp\",\"width\":1920,\"height\":1080},{\"@type\":\"BreadcrumbList\",\"@id\":\"https:\/\/tourtravelandmore.com\/es\/costa-amalfitana-en-coche-donde-parar\/#breadcrumb\",\"itemListElement\":[{\"@type\":\"ListItem\",\"position\":1,\"name\":\"Home\",\"item\":\"https:\/\/tourtravelandmore.com\/es\/\"},{\"@type\":\"ListItem\",\"position\":2,\"name\":\"Costa Amalfitana en coche: d\u00f3nde parar y cu\u00e1ntos d\u00edas\"}]},{\"@type\":\"WebSite\",\"@id\":\"https:\/\/tourtravelandmore.com\/es\/#website\",\"url\":\"https:\/\/tourtravelandmore.com\/es\/\",\"name\":\"Tour Travel And More\",\"description\":\"Private sightseeing tours and luxury transfers in Spain\",\"publisher\":{\"@id\":\"https:\/\/tourtravelandmore.com\/es\/#organization\"},\"potentialAction\":[{\"@type\":\"SearchAction\",\"target\":{\"@type\":\"EntryPoint\",\"urlTemplate\":\"https:\/\/tourtravelandmore.com\/es\/?s={search_term_string}\"},\"query-input\":{\"@type\":\"PropertyValueSpecification\",\"valueRequired\":true,\"valueName\":\"search_term_string\"}}],\"inLanguage\":\"es\"},{\"@type\":\"Organization\",\"@id\":\"https:\/\/tourtravelandmore.com\/es\/#organization\",\"name\":\"Tour Travel And More\",\"url\":\"https:\/\/tourtravelandmore.com\/es\/\",\"logo\":{\"@type\":\"ImageObject\",\"inLanguage\":\"es\",\"@id\":\"https:\/\/tourtravelandmore.com\/es\/#\/schema\/logo\/image\/\",\"url\":\"https:\/\/tourtravelandmore.com\/wp-content\/uploads\/2022\/12\/cropped-logo-cabecera-new.png\",\"contentUrl\":\"https:\/\/tourtravelandmore.com\/wp-content\/uploads\/2022\/12\/cropped-logo-cabecera-new.png\",\"width\":430,\"height\":61,\"caption\":\"Tour Travel And More\"},\"image\":{\"@id\":\"https:\/\/tourtravelandmore.com\/es\/#\/schema\/logo\/image\/\"},\"sameAs\":[\"https:\/\/www.facebook.com\/tourtravelandmore\/\",\"https:\/\/x.com\/TourTravel_More\"]},{\"@type\":\"Person\",\"@id\":\"https:\/\/tourtravelandmore.com\/es\/#\/schema\/person\/2a1c66d76ae9290a394e8efb4af12e1e\",\"name\":\"Maya Nader Harati\",\"image\":{\"@type\":\"ImageObject\",\"inLanguage\":\"es\",\"@id\":\"https:\/\/tourtravelandmore.com\/es\/#\/schema\/person\/image\/\",\"url\":\"https:\/\/secure.gravatar.com\/avatar\/adc2305883b6f86a616354c0c4516fcd9a333d5f5a0806d9d1ae9b30f898fa1f?s=96&d=mm&r=g\",\"contentUrl\":\"https:\/\/secure.gravatar.com\/avatar\/adc2305883b6f86a616354c0c4516fcd9a333d5f5a0806d9d1ae9b30f898fa1f?s=96&d=mm&r=g\",\"caption\":\"Maya Nader Harati\"},\"description\":\"Cultural Destination Specialist & Travel Chronicler. Maya doesn\u2019t just travel the world; she translates it.\",\"sameAs\":[\"https:\/\/tourtravelandmore.com\/author-profile-maya-nader-harati\/\"]}]}<\/script>\n<!-- \/ Yoast SEO Premium plugin. -->","yoast_head_json":{"title":"\u25ba Costa Amalfitana en coche: paradas y d\u00edas recomendados","description":"Descubre las mejores paradas de la Costa Amalfitana en coche: Positano, Amalfi, Ravello y m\u00e1s. Gu\u00eda experta con rutas de 2 a 5 d\u00edas","robots":{"index":"index","follow":"follow","max-snippet":"max-snippet:-1","max-image-preview":"max-image-preview:large","max-video-preview":"max-video-preview:-1"},"canonical":"https:\/\/tourtravelandmore.com\/es\/costa-amalfitana-en-coche-donde-parar\/","og_locale":"es_ES","og_type":"article","og_title":"Costa Amalfitana en coche: d\u00f3nde parar y cu\u00e1ntos d\u00edas","og_description":"Descubre las mejores paradas de la Costa Amalfitana en coche: Positano, Amalfi, Ravello y m\u00e1s. Gu\u00eda experta con rutas de 2 a 5 d\u00edas","og_url":"https:\/\/tourtravelandmore.com\/es\/costa-amalfitana-en-coche-donde-parar\/","og_site_name":"Tour Travel And More","article_publisher":"https:\/\/www.facebook.com\/tourtravelandmore\/","article_published_time":"2026-04-30T19:46:12+00:00","article_modified_time":"2026-04-30T19:46:18+00:00","og_image":[{"width":1920,"height":1080,"url":"https:\/\/tourtravelandmore.com\/wp-content\/uploads\/2026\/04\/Atrani-Costa-Amalfitana.webp","type":"image\/webp"}],"author":"Maya Nader Harati","twitter_card":"summary_large_image","twitter_creator":"@TourTravel_More","twitter_site":"@TourTravel_More","twitter_misc":{"Escrito por":"Maya Nader Harati","Tiempo de lectura":"15 minutos"},"schema":{"@context":"https:\/\/schema.org","@graph":[{"@type":"Article","@id":"https:\/\/tourtravelandmore.com\/es\/costa-amalfitana-en-coche-donde-parar\/#article","isPartOf":{"@id":"https:\/\/tourtravelandmore.com\/es\/costa-amalfitana-en-coche-donde-parar\/"},"author":{"name":"Maya Nader Harati","@id":"https:\/\/tourtravelandmore.com\/es\/#\/schema\/person\/2a1c66d76ae9290a394e8efb4af12e1e"},"headline":"Costa Amalfitana en coche: d\u00f3nde parar y cu\u00e1ntos d\u00edas","datePublished":"2026-04-30T19:46:12+00:00","dateModified":"2026-04-30T19:46:18+00:00","mainEntityOfPage":{"@id":"https:\/\/tourtravelandmore.com\/es\/costa-amalfitana-en-coche-donde-parar\/"},"wordCount":3175,"commentCount":0,"publisher":{"@id":"https:\/\/tourtravelandmore.com\/es\/#organization"},"image":{"@id":"https:\/\/tourtravelandmore.com\/es\/costa-amalfitana-en-coche-donde-parar\/#primaryimage"},"thumbnailUrl":"https:\/\/tourtravelandmore.com\/wp-content\/uploads\/2026\/04\/Atrani-Costa-Amalfitana.webp","articleSection":["Espa\u00f1a","Italia","napoles"],"inLanguage":"es","potentialAction":[{"@type":"CommentAction","name":"Comment","target":["https:\/\/tourtravelandmore.com\/es\/costa-amalfitana-en-coche-donde-parar\/#respond"]}]},{"@type":"WebPage","@id":"https:\/\/tourtravelandmore.com\/es\/costa-amalfitana-en-coche-donde-parar\/","url":"https:\/\/tourtravelandmore.com\/es\/costa-amalfitana-en-coche-donde-parar\/","name":"\u25ba Costa Amalfitana en coche: paradas y d\u00edas recomendados","isPartOf":{"@id":"https:\/\/tourtravelandmore.com\/es\/#website"},"primaryImageOfPage":{"@id":"https:\/\/tourtravelandmore.com\/es\/costa-amalfitana-en-coche-donde-parar\/#primaryimage"},"image":{"@id":"https:\/\/tourtravelandmore.com\/es\/costa-amalfitana-en-coche-donde-parar\/#primaryimage"},"thumbnailUrl":"https:\/\/tourtravelandmore.com\/wp-content\/uploads\/2026\/04\/Atrani-Costa-Amalfitana.webp","datePublished":"2026-04-30T19:46:12+00:00","dateModified":"2026-04-30T19:46:18+00:00","description":"Descubre las mejores paradas de la Costa Amalfitana en coche: Positano, Amalfi, Ravello y m\u00e1s. Gu\u00eda experta con rutas de 2 a 5 d\u00edas","breadcrumb":{"@id":"https:\/\/tourtravelandmore.com\/es\/costa-amalfitana-en-coche-donde-parar\/#breadcrumb"},"inLanguage":"es","potentialAction":[{"@type":"ReadAction","target":["https:\/\/tourtravelandmore.com\/es\/costa-amalfitana-en-coche-donde-parar\/"]}]},{"@type":"ImageObject","inLanguage":"es","@id":"https:\/\/tourtravelandmore.com\/es\/costa-amalfitana-en-coche-donde-parar\/#primaryimage","url":"https:\/\/tourtravelandmore.com\/wp-content\/uploads\/2026\/04\/Atrani-Costa-Amalfitana.webp","contentUrl":"https:\/\/tourtravelandmore.com\/wp-content\/uploads\/2026\/04\/Atrani-Costa-Amalfitana.webp","width":1920,"height":1080},{"@type":"BreadcrumbList","@id":"https:\/\/tourtravelandmore.com\/es\/costa-amalfitana-en-coche-donde-parar\/#breadcrumb","itemListElement":[{"@type":"ListItem","position":1,"name":"Home","item":"https:\/\/tourtravelandmore.com\/es\/"},{"@type":"ListItem","position":2,"name":"Costa Amalfitana en coche: d\u00f3nde parar y cu\u00e1ntos d\u00edas"}]},{"@type":"WebSite","@id":"https:\/\/tourtravelandmore.com\/es\/#website","url":"https:\/\/tourtravelandmore.com\/es\/","name":"Tour Travel And More","description":"Private sightseeing tours and luxury transfers in Spain","publisher":{"@id":"https:\/\/tourtravelandmore.com\/es\/#organization"},"potentialAction":[{"@type":"SearchAction","target":{"@type":"EntryPoint","urlTemplate":"https:\/\/tourtravelandmore.com\/es\/?s={search_term_string}"},"query-input":{"@type":"PropertyValueSpecification","valueRequired":true,"valueName":"search_term_string"}}],"inLanguage":"es"},{"@type":"Organization","@id":"https:\/\/tourtravelandmore.com\/es\/#organization","name":"Tour Travel And More","url":"https:\/\/tourtravelandmore.com\/es\/","logo":{"@type":"ImageObject","inLanguage":"es","@id":"https:\/\/tourtravelandmore.com\/es\/#\/schema\/logo\/image\/","url":"https:\/\/tourtravelandmore.com\/wp-content\/uploads\/2022\/12\/cropped-logo-cabecera-new.png","contentUrl":"https:\/\/tourtravelandmore.com\/wp-content\/uploads\/2022\/12\/cropped-logo-cabecera-new.png","width":430,"height":61,"caption":"Tour Travel And More"},"image":{"@id":"https:\/\/tourtravelandmore.com\/es\/#\/schema\/logo\/image\/"},"sameAs":["https:\/\/www.facebook.com\/tourtravelandmore\/","https:\/\/x.com\/TourTravel_More"]},{"@type":"Person","@id":"https:\/\/tourtravelandmore.com\/es\/#\/schema\/person\/2a1c66d76ae9290a394e8efb4af12e1e","name":"Maya Nader Harati","image":{"@type":"ImageObject","inLanguage":"es","@id":"https:\/\/tourtravelandmore.com\/es\/#\/schema\/person\/image\/","url":"https:\/\/secure.gravatar.com\/avatar\/adc2305883b6f86a616354c0c4516fcd9a333d5f5a0806d9d1ae9b30f898fa1f?s=96&d=mm&r=g","contentUrl":"https:\/\/secure.gravatar.com\/avatar\/adc2305883b6f86a616354c0c4516fcd9a333d5f5a0806d9d1ae9b30f898fa1f?s=96&d=mm&r=g","caption":"Maya Nader Harati"},"description":"Cultural Destination Specialist & Travel Chronicler. Maya doesn\u2019t just travel the world; she translates it.","sameAs":["https:\/\/tourtravelandmore.com\/author-profile-maya-nader-harati\/"]}]}},"_links":{"self":[{"href":"https:\/\/tourtravelandmore.com\/es\/wp-json\/wp\/v2\/posts\/190844","targetHints":{"allow":["GET"]}}],"collection":[{"href":"https:\/\/tourtravelandmore.com\/es\/wp-json\/wp\/v2\/posts"}],"about":[{"href":"https:\/\/tourtravelandmore.com\/es\/wp-json\/wp\/v2\/types\/post"}],"author":[{"embeddable":true,"href":"https:\/\/tourtravelandmore.com\/es\/wp-json\/wp\/v2\/users\/2"}],"replies":[{"embeddable":true,"href":"https:\/\/tourtravelandmore.com\/es\/wp-json\/wp\/v2\/comments?post=190844"}],"version-history":[{"count":8,"href":"https:\/\/tourtravelandmore.com\/es\/wp-json\/wp\/v2\/posts\/190844\/revisions"}],"predecessor-version":[{"id":190860,"href":"https:\/\/tourtravelandmore.com\/es\/wp-json\/wp\/v2\/posts\/190844\/revisions\/190860"}],"wp:featuredmedia":[{"embeddable":true,"href":"https:\/\/tourtravelandmore.com\/es\/wp-json\/wp\/v2\/media\/190848"}],"wp:attachment":[{"href":"https:\/\/tourtravelandmore.com\/es\/wp-json\/wp\/v2\/media?parent=190844"}],"wp:term":[{"taxonomy":"category","embeddable":true,"href":"https:\/\/tourtravelandmore.com\/es\/wp-json\/wp\/v2\/categories?post=190844"},{"taxonomy":"post_tag","embeddable":true,"href":"https:\/\/tourtravelandmore.com\/es\/wp-json\/wp\/v2\/tags?post=190844"}],"curies":[{"name":"wp","href":"https:\/\/api.w.org\/{rel}","templated":true}]}}