{"id":177962,"date":"2024-09-16T14:57:11","date_gmt":"2024-09-16T12:57:11","guid":{"rendered":"https:\/\/tourtravelandmore.com\/?p=177962"},"modified":"2025-05-16T15:20:11","modified_gmt":"2025-05-16T13:20:11","slug":"nueva-normativa-sobre-equipaje-de-mano-en-la-union-europea","status":"publish","type":"post","link":"https:\/\/tourtravelandmore.com\/es\/nueva-normativa-sobre-equipaje-de-mano-en-la-union-europea\/","title":{"rendered":"Nueva normativa sobre equipaje de mano en la Uni\u00f3n Europea"},"content":{"rendered":"\n<div class=\"wp-block-yoast-seo-table-of-contents yoast-table-of-contents\"><h2>Tabla de contenidos<\/h2><ul><li><a href=\"#h-entender-las-nuevas-normas-sobre-equipaje-de-mano\" data-level=\"2\">Entender las nuevas normas sobre equipaje de mano<\/a><\/li><li><a href=\"#h-excepciones-y-consideraciones-especiales\" data-level=\"2\">Excepciones y consideraciones especiales<\/a><\/li><li><a href=\"#h-como-hacer-la-maleta-con-inteligencia-y-evitar-cargos-adicionales\" data-level=\"2\">C\u00f3mo hacer la maleta con inteligencia y evitar cargos adicionales<\/a><\/li><li><a href=\"#h-prepararse-para-una-experiencia-de-viaje-sin-contratiempos\" data-level=\"2\">Prepararse para una experiencia de viaje sin contratiempos<\/a><\/li><\/ul><\/div>\n\n\n\n<p>Viajar siempre ha sido una experiencia emocionante, llena de ilusi\u00f3n y de la emoci\u00f3n de descubrir nuevos destinos. Sin embargo, los recientes cambios en la normativa de la Uni\u00f3n Europea (UE) relativa al equipaje de mano pueden afectar a sus planes de viaje. A partir de septiembre, estas nuevas normas se aplicar\u00e1n a todos los pasajeros que vuelen dentro o desde pa\u00edses de la UE. En Tour Travel &amp; More, nos comprometemos a mantener informados a nuestros viajeros sobre las \u00faltimas novedades en el sector de los viajes. Este blog le proporcionar\u00e1 una visi\u00f3n global de la nueva normativa, garantizando que su viaje sea lo m\u00e1s tranquilo y libre de estr\u00e9s posible. <a href=\"https:\/\/tourtravelandmore.com\/es\/\">\u00a1Mira nuestros tours privados aqu\u00ed!<\/a><\/p>\n\n\n\n<h2 class=\"wp-block-heading\" id=\"h-entender-las-nuevas-normas-sobre-equipaje-de-mano\"><strong>Entender las nuevas normas sobre equipaje de mano<\/strong><\/h2>\n\n\n\n<p>A partir de septiembre, la Uni\u00f3n Europea ha puesto en marcha nuevas directrices que normalizan el tama\u00f1o y el peso del equipaje de mano para todas las compa\u00f1\u00edas a\u00e9reas que operan dentro de su jurisdicci\u00f3n. Este cambio pretende aportar coherencia y reducir la confusi\u00f3n de los pasajeros que viajan en diferentes compa\u00f1\u00edas. La nueva normativa estipula que las dimensiones m\u00e1ximas para el equipaje de mano son 55 cm x 40 cm x 20 cm (21,6 pulgadas x 15,7 pulgadas x 7,8 pulgadas). Adem\u00e1s, el peso m\u00e1ximo permitido se ha fijado en 8 kg (17,6 libras).<\/p>\n\n\n\n<p>Aunque estas normas puedan parecer restrictivas a primera vista, est\u00e1n dise\u00f1adas para mejorar la eficacia del embarque y garantizar que todos los pasajeros dispongan de espacio suficiente para sus pertenencias en los compartimentos superiores. En la actualidad, las compa\u00f1\u00edas a\u00e9reas est\u00e1n obligadas a aplicar estrictamente estas normas, y se puede pedir a los pasajeros que facturen maletas que superen los l\u00edmites de tama\u00f1o o peso estipulados, a menudo con un coste adicional.<\/p>\n\n\n\n<figure class=\"wp-block-image\"><img decoding=\"async\" src=\"https:\/\/lh7-rt.googleusercontent.com\/docsz\/AD_4nXfCgjSDEkQdUjtqgPkz_tzKtZvo4zWxBVSER1Zn5HI1FpS5-k8-L1UH-morerX25omi4MU6jd_qjCpNHp-zuoInvUskOcPNRAv3Zt10QsKTndFbuXDo0_1uJHmHt-NUCeAqmmxdPZEec0TPsosAis_i_sU?key=JFPnwVNzz7eyOl071T-Lqg\" alt=\"\"\/><\/figure>\n\n\n\n<h2 class=\"wp-block-heading\" id=\"h-excepciones-y-consideraciones-especiales\"><strong>Excepciones y consideraciones especiales<\/strong><\/h2>\n\n\n\n<p>A pesar de la normalizaci\u00f3n de estas normas, existen algunas excepciones y consideraciones especiales que hay que tener en cuenta. Por ejemplo, muchas compa\u00f1\u00edas a\u00e9reas seguir\u00e1n permitiendo un art\u00edculo personal adicional, como un bolso de mano, una bolsa para el port\u00e1til o una mochila peque\u00f1a, que deber\u00e1 caber debajo del asiento de delante. Normalmente, las dimensiones de estos objetos personales no pueden superar los 40 cm x 30 cm x 15 cm (15,7 pulgadas x 11,8 pulgadas x 5,9 pulgadas).<\/p>\n\n\n\n<p>Por otra parte, los pasajeros que viajen con beb\u00e9s o aquellos que necesiten equipos m\u00e9dicos seguir\u00e1n pudiendo llevar art\u00edculos adicionales a bordo, siempre que lo notifiquen a la compa\u00f1\u00eda a\u00e9rea con antelaci\u00f3n. Es crucial que los viajeros consulten con su aerol\u00ednea espec\u00edfica antes de volar, ya que las pol\u00edticas pueden variar ligeramente seg\u00fan la compa\u00f1\u00eda.<\/p>\n\n\n\n<p>Para quienes vuelen en clase preferente o primera clase, algunas aerol\u00edneas pueden ofrecer franquicias de equipaje de mano m\u00e1s indulgentes, ya sea en cuanto al peso o al n\u00famero de art\u00edculos permitidos. Sin embargo, esto no se aplica universalmente, por lo que siempre es aconsejable confirmarlo con la aerol\u00ednea antes de la salida.<\/p>\n\n\n\n<figure class=\"wp-block-image\"><img decoding=\"async\" src=\"https:\/\/lh7-rt.googleusercontent.com\/docsz\/AD_4nXct9nX15wS3NN7G4UloN7MCEJLPzAvWJ5UWVkJsdmuewkxRB-UCtCDRp4cMU5CMGemRpx2EbUpMULQCakAUomZXQg8jbp4-NIBBKgFo098C4cb6NncRa1aVlL0msZ1kGESiwAQ3Dky8OhCCmsPne-CCjCmz?key=JFPnwVNzz7eyOl071T-Lqg\" alt=\"\"\/><\/figure>\n\n\n\n<h2 class=\"wp-block-heading\" id=\"h-como-hacer-la-maleta-con-inteligencia-y-evitar-cargos-adicionales\"><strong>C\u00f3mo hacer la maleta con inteligencia y evitar cargos adicionales<\/strong><\/h2>\n\n\n\n<p>Con la nueva normativa en vigor, es m\u00e1s importante que nunca hacer la maleta de forma inteligente y eficiente. En Tour Travel &amp; More, animamos a nuestros clientes a ser estrat\u00e9gicos a la hora de seleccionar sus art\u00edculos esenciales de viaje. He aqu\u00ed algunos consejos que le ayudar\u00e1n a maximizar su espacio de equipaje de mano y a evitar tasas innecesarias:<\/p>\n\n\n\n<p>Invierta en equipaje ligero: Considere la posibilidad de comprar una maleta de mano ligera que maximice las dimensiones permitidas. Esto le dar\u00e1 m\u00e1s flexibilidad a la hora de hacer la maleta y le ayudar\u00e1 a mantenerse dentro de los l\u00edmites de peso.<\/p>\n\n\n\n<p>Planifique sus conjuntos: En lugar de meter en la maleta un conjunto distinto para cada d\u00eda, c\u00e9ntrese en prendas vers\u00e1tiles que pueda mezclar y combinar. Opte por capas que puedan ajustarse a las distintas condiciones meteorol\u00f3gicas.<\/p>\n\n\n\n<p>Utilice cubos de embalaje: Los cubos de embalaje pueden ayudarle a organizar sus pertenencias de forma eficaz y a aprovechar al m\u00e1ximo el espacio disponible. Tambi\u00e9n facilitan la b\u00fasqueda de objetos en su maleta sin tener que deshacerlo todo.<\/p>\n\n\n\n<p>Lleve sus art\u00edculos m\u00e1s pesados: Para ahorrar espacio y reducir el peso de su equipaje de mano, considere la posibilidad de llevar en el avi\u00f3n sus prendas m\u00e1s voluminosas, como chaquetas o botas.<\/p>\n\n\n\n<p>Limite los art\u00edculos de aseo: Recuerde que las restricciones de l\u00edquidos siguen aplic\u00e1ndose al equipaje de mano. Lim\u00edtese a los art\u00edculos de aseo de tama\u00f1o de viaje o compre los art\u00edculos despu\u00e9s de llegar a su destino para evitar cargar con peso innecesario.<\/p>\n\n\n\n<figure class=\"wp-block-image\"><img decoding=\"async\" src=\"https:\/\/lh7-rt.googleusercontent.com\/docsz\/AD_4nXdo11mdbGBLQZTXlRdUe63MEYrJmKFdOJrF5NT5mOvOxDGNa5Ux_eVs-ekN2PtWHD88t-T1rlIB3WLf9XOX-GZzuV5Js9lCUaZZ1J9v-c0rygiUGQ-JPgfAt0a5E9FWJ2i8OYtlCr5oikOGsaUcl24-fp0?key=JFPnwVNzz7eyOl071T-Lqg\" alt=\"\"\/><\/figure>\n\n\n\n<h2 class=\"wp-block-heading\" id=\"h-prepararse-para-una-experiencia-de-viaje-sin-contratiempos\"><strong>Prepararse para una experiencia de viaje sin contratiempos<\/strong><\/h2>\n\n\n\n<p>La introducci\u00f3n de estas nuevas normas sobre el equipaje de mano puede parecer una molestia al principio, pero con una planificaci\u00f3n y preparaci\u00f3n adecuadas, no tienen por qu\u00e9 alterar sus planes de viaje. En Tour Travel &amp; More, creemos que los viajeros informados son viajeros felices. Si conoce las nuevas normas, podr\u00e1 evitar sorpresas de \u00faltima hora en el aeropuerto y asegurarse un comienzo de viaje sin contratiempos.<\/p>\n\n\n\n<p>Tambi\u00e9n recomendamos llegar al aeropuerto antes de lo habitual, especialmente si vuela con una compa\u00f1\u00eda a\u00e9rea nueva o desconocida. Esto le dar\u00e1 tiempo suficiente para facturar, pasar el control de seguridad y solucionar cualquier posible problema con su equipaje de mano. Recuerde, la clave para un viaje sin estr\u00e9s es la preparaci\u00f3n y la flexibilidad.<\/p>\n\n\n\n<p>En conclusi\u00f3n, aunque la nueva normativa de la UE sobre el equipaje de mano puede requerir algunos ajustes, en \u00faltima instancia pretende mejorar la experiencia de viaje para todos. Manteni\u00e9ndose informado y haciendo la maleta con prudencia, podr\u00e1 seguir disfrutando de la emoci\u00f3n de viajar sin ning\u00fan estr\u00e9s innecesario. En Tour Travel &amp; More, estamos aqu\u00ed para apoyarle en cada paso del camino, asegur\u00e1ndonos de que su pr\u00f3xima aventura sea nada menos que extraordinaria.<\/p>\n\n\n\n<p><\/p>\n","protected":false},"excerpt":{"rendered":"<p>Descubra las \u00faltimas normativas de la Uni\u00f3n Europea sobre equipaje de mano, vigentes a partir de septiembre. Conozca los nuevos l\u00edmites de tama\u00f1o y peso, las excepciones y los consejos de embalaje para evitar tasas adicionales y garantizar una experiencia de viaje sin complicaciones con Tour Travel &#038; More.<\/p>\n","protected":false},"author":2,"featured_media":177960,"comment_status":"open","ping_status":"open","sticky":false,"template":"","format":"standard","meta":{"_acf_changed":false,"footnotes":""},"categories":[2349,2903],"tags":[],"class_list":["post-177962","post","type-post","status-publish","format-standard","has-post-thumbnail","hentry","category-europa","category-europe-es"],"acf":[],"yoast_head":"<!-- This site is optimized with the Yoast SEO Premium plugin v25.3.1 (Yoast SEO v25.3.1) - https:\/\/yoast.com\/wordpress\/plugins\/seo\/ -->\n<title>Nueva normativa sobre equipaje de mano en la Uni\u00f3n Europea | Tour Travel &amp; More<\/title>\n<meta name=\"description\" content=\"Mant\u00e9ngase informado sobre la nueva normativa sobre equipaje de mano en la Uni\u00f3n Europea vigente a partir de septiembre. Inf\u00f3rmese sobre el tama\u00f1o, los l\u00edmites de peso, las excepciones y los consejos de embalaje para evitar tasas adicionales y garantizar una experiencia de viaje sin contratiempos.\" \/>\n<meta name=\"robots\" content=\"index, follow, max-snippet:-1, max-image-preview:large, max-video-preview:-1\" \/>\n<link rel=\"canonical\" href=\"https:\/\/tourtravelandmore.com\/es\/nueva-normativa-sobre-equipaje-de-mano-en-la-union-europea\/\" \/>\n<meta property=\"og:locale\" content=\"es_ES\" \/>\n<meta property=\"og:type\" content=\"article\" \/>\n<meta property=\"og:title\" content=\"Nueva normativa sobre equipaje de mano en la Uni\u00f3n Europea\" \/>\n<meta property=\"og:description\" content=\"Mant\u00e9ngase informado sobre la nueva normativa sobre equipaje de mano en la Uni\u00f3n Europea vigente a partir de septiembre. Inf\u00f3rmese sobre el tama\u00f1o, los l\u00edmites de peso, las excepciones y los consejos de embalaje para evitar tasas adicionales y garantizar una experiencia de viaje sin contratiempos.\" \/>\n<meta property=\"og:url\" content=\"https:\/\/tourtravelandmore.com\/es\/nueva-normativa-sobre-equipaje-de-mano-en-la-union-europea\/\" \/>\n<meta property=\"og:site_name\" content=\"Tour Travel And More\" \/>\n<meta property=\"article:publisher\" content=\"https:\/\/www.facebook.com\/tourtravelandmore\/\" \/>\n<meta property=\"article:published_time\" content=\"2024-09-16T12:57:11+00:00\" \/>\n<meta property=\"article:modified_time\" content=\"2025-05-16T13:20:11+00:00\" \/>\n<meta property=\"og:image\" content=\"https:\/\/tourtravelandmore.com\/wp-content\/uploads\/2024\/09\/image-6.jpeg\" \/>\n\t<meta property=\"og:image:width\" content=\"1125\" \/>\n\t<meta property=\"og:image:height\" content=\"750\" \/>\n\t<meta property=\"og:image:type\" content=\"image\/jpeg\" \/>\n<meta name=\"author\" content=\"Maya Nader Harati\" \/>\n<meta name=\"twitter:card\" content=\"summary_large_image\" \/>\n<meta name=\"twitter:creator\" content=\"@TourTravel_More\" \/>\n<meta name=\"twitter:site\" content=\"@TourTravel_More\" \/>\n<meta name=\"twitter:label1\" content=\"Escrito por\" \/>\n\t<meta name=\"twitter:data1\" content=\"Maya Nader Harati\" \/>\n\t<meta name=\"twitter:label2\" content=\"Tiempo de lectura\" \/>\n\t<meta name=\"twitter:data2\" content=\"5 minutos\" \/>\n<script type=\"application\/ld+json\" class=\"yoast-schema-graph\">{\"@context\":\"https:\/\/schema.org\",\"@graph\":[{\"@type\":\"Article\",\"@id\":\"https:\/\/tourtravelandmore.com\/es\/nueva-normativa-sobre-equipaje-de-mano-en-la-union-europea\/#article\",\"isPartOf\":{\"@id\":\"https:\/\/tourtravelandmore.com\/es\/nueva-normativa-sobre-equipaje-de-mano-en-la-union-europea\/\"},\"author\":{\"name\":\"Maya Nader Harati\",\"@id\":\"https:\/\/tourtravelandmore.com\/es\/#\/schema\/person\/2a1c66d76ae9290a394e8efb4af12e1e\"},\"headline\":\"Nueva normativa sobre equipaje de mano en la Uni\u00f3n Europea\",\"datePublished\":\"2024-09-16T12:57:11+00:00\",\"dateModified\":\"2025-05-16T13:20:11+00:00\",\"mainEntityOfPage\":{\"@id\":\"https:\/\/tourtravelandmore.com\/es\/nueva-normativa-sobre-equipaje-de-mano-en-la-union-europea\/\"},\"wordCount\":1074,\"commentCount\":0,\"publisher\":{\"@id\":\"https:\/\/tourtravelandmore.com\/es\/#organization\"},\"image\":{\"@id\":\"https:\/\/tourtravelandmore.com\/es\/nueva-normativa-sobre-equipaje-de-mano-en-la-union-europea\/#primaryimage\"},\"thumbnailUrl\":\"https:\/\/tourtravelandmore.com\/wp-content\/uploads\/2024\/09\/image-6.jpeg\",\"articleSection\":[\"Europa\",\"Europe\"],\"inLanguage\":\"es\",\"potentialAction\":[{\"@type\":\"CommentAction\",\"name\":\"Comment\",\"target\":[\"https:\/\/tourtravelandmore.com\/es\/nueva-normativa-sobre-equipaje-de-mano-en-la-union-europea\/#respond\"]}],\"accessibilityFeature\":[\"tableOfContents\"]},{\"@type\":\"WebPage\",\"@id\":\"https:\/\/tourtravelandmore.com\/es\/nueva-normativa-sobre-equipaje-de-mano-en-la-union-europea\/\",\"url\":\"https:\/\/tourtravelandmore.com\/es\/nueva-normativa-sobre-equipaje-de-mano-en-la-union-europea\/\",\"name\":\"Nueva normativa sobre equipaje de mano en la Uni\u00f3n Europea | Tour Travel & More\",\"isPartOf\":{\"@id\":\"https:\/\/tourtravelandmore.com\/es\/#website\"},\"primaryImageOfPage\":{\"@id\":\"https:\/\/tourtravelandmore.com\/es\/nueva-normativa-sobre-equipaje-de-mano-en-la-union-europea\/#primaryimage\"},\"image\":{\"@id\":\"https:\/\/tourtravelandmore.com\/es\/nueva-normativa-sobre-equipaje-de-mano-en-la-union-europea\/#primaryimage\"},\"thumbnailUrl\":\"https:\/\/tourtravelandmore.com\/wp-content\/uploads\/2024\/09\/image-6.jpeg\",\"datePublished\":\"2024-09-16T12:57:11+00:00\",\"dateModified\":\"2025-05-16T13:20:11+00:00\",\"description\":\"Mant\u00e9ngase informado sobre la nueva normativa sobre equipaje de mano en la Uni\u00f3n Europea vigente a partir de septiembre. Inf\u00f3rmese sobre el tama\u00f1o, los l\u00edmites de peso, las excepciones y los consejos de embalaje para evitar tasas adicionales y garantizar una experiencia de viaje sin contratiempos.\",\"breadcrumb\":{\"@id\":\"https:\/\/tourtravelandmore.com\/es\/nueva-normativa-sobre-equipaje-de-mano-en-la-union-europea\/#breadcrumb\"},\"inLanguage\":\"es\",\"potentialAction\":[{\"@type\":\"ReadAction\",\"target\":[\"https:\/\/tourtravelandmore.com\/es\/nueva-normativa-sobre-equipaje-de-mano-en-la-union-europea\/\"]}]},{\"@type\":\"ImageObject\",\"inLanguage\":\"es\",\"@id\":\"https:\/\/tourtravelandmore.com\/es\/nueva-normativa-sobre-equipaje-de-mano-en-la-union-europea\/#primaryimage\",\"url\":\"https:\/\/tourtravelandmore.com\/wp-content\/uploads\/2024\/09\/image-6.jpeg\",\"contentUrl\":\"https:\/\/tourtravelandmore.com\/wp-content\/uploads\/2024\/09\/image-6.jpeg\",\"width\":1125,\"height\":750},{\"@type\":\"BreadcrumbList\",\"@id\":\"https:\/\/tourtravelandmore.com\/es\/nueva-normativa-sobre-equipaje-de-mano-en-la-union-europea\/#breadcrumb\",\"itemListElement\":[{\"@type\":\"ListItem\",\"position\":1,\"name\":\"Home\",\"item\":\"https:\/\/tourtravelandmore.com\/es\/\"},{\"@type\":\"ListItem\",\"position\":2,\"name\":\"Nueva normativa sobre equipaje de mano en la Uni\u00f3n Europea\"}]},{\"@type\":\"WebSite\",\"@id\":\"https:\/\/tourtravelandmore.com\/es\/#website\",\"url\":\"https:\/\/tourtravelandmore.com\/es\/\",\"name\":\"Tour Travel And More\",\"description\":\"Private sightseeing tours and luxury transfers in Spain\",\"publisher\":{\"@id\":\"https:\/\/tourtravelandmore.com\/es\/#organization\"},\"potentialAction\":[{\"@type\":\"SearchAction\",\"target\":{\"@type\":\"EntryPoint\",\"urlTemplate\":\"https:\/\/tourtravelandmore.com\/es\/?s={search_term_string}\"},\"query-input\":{\"@type\":\"PropertyValueSpecification\",\"valueRequired\":true,\"valueName\":\"search_term_string\"}}],\"inLanguage\":\"es\"},{\"@type\":\"Organization\",\"@id\":\"https:\/\/tourtravelandmore.com\/es\/#organization\",\"name\":\"Tour Travel And More\",\"url\":\"https:\/\/tourtravelandmore.com\/es\/\",\"logo\":{\"@type\":\"ImageObject\",\"inLanguage\":\"es\",\"@id\":\"https:\/\/tourtravelandmore.com\/es\/#\/schema\/logo\/image\/\",\"url\":\"https:\/\/tourtravelandmore.com\/wp-content\/uploads\/2022\/12\/cropped-logo-cabecera-new.png\",\"contentUrl\":\"https:\/\/tourtravelandmore.com\/wp-content\/uploads\/2022\/12\/cropped-logo-cabecera-new.png\",\"width\":430,\"height\":61,\"caption\":\"Tour Travel And More\"},\"image\":{\"@id\":\"https:\/\/tourtravelandmore.com\/es\/#\/schema\/logo\/image\/\"},\"sameAs\":[\"https:\/\/www.facebook.com\/tourtravelandmore\/\",\"https:\/\/x.com\/TourTravel_More\"]},{\"@type\":\"Person\",\"@id\":\"https:\/\/tourtravelandmore.com\/es\/#\/schema\/person\/2a1c66d76ae9290a394e8efb4af12e1e\",\"name\":\"Maya Nader Harati\",\"image\":{\"@type\":\"ImageObject\",\"inLanguage\":\"es\",\"@id\":\"https:\/\/tourtravelandmore.com\/es\/#\/schema\/person\/image\/\",\"url\":\"https:\/\/secure.gravatar.com\/avatar\/adc2305883b6f86a616354c0c4516fcd9a333d5f5a0806d9d1ae9b30f898fa1f?s=96&d=mm&r=g\",\"contentUrl\":\"https:\/\/secure.gravatar.com\/avatar\/adc2305883b6f86a616354c0c4516fcd9a333d5f5a0806d9d1ae9b30f898fa1f?s=96&d=mm&r=g\",\"caption\":\"Maya Nader Harati\"},\"description\":\"Cultural Destination Specialist & Travel Chronicler. Maya doesn\u2019t just travel the world; she translates it.\",\"sameAs\":[\"https:\/\/tourtravelandmore.com\/author-profile-maya-nader-harati\/\"]}]}<\/script>\n<!-- \/ Yoast SEO Premium plugin. -->","yoast_head_json":{"title":"Nueva normativa sobre equipaje de mano en la Uni\u00f3n Europea | Tour Travel & More","description":"Mant\u00e9ngase informado sobre la nueva normativa sobre equipaje de mano en la Uni\u00f3n Europea vigente a partir de septiembre. Inf\u00f3rmese sobre el tama\u00f1o, los l\u00edmites de peso, las excepciones y los consejos de embalaje para evitar tasas adicionales y garantizar una experiencia de viaje sin contratiempos.","robots":{"index":"index","follow":"follow","max-snippet":"max-snippet:-1","max-image-preview":"max-image-preview:large","max-video-preview":"max-video-preview:-1"},"canonical":"https:\/\/tourtravelandmore.com\/es\/nueva-normativa-sobre-equipaje-de-mano-en-la-union-europea\/","og_locale":"es_ES","og_type":"article","og_title":"Nueva normativa sobre equipaje de mano en la Uni\u00f3n Europea","og_description":"Mant\u00e9ngase informado sobre la nueva normativa sobre equipaje de mano en la Uni\u00f3n Europea vigente a partir de septiembre. Inf\u00f3rmese sobre el tama\u00f1o, los l\u00edmites de peso, las excepciones y los consejos de embalaje para evitar tasas adicionales y garantizar una experiencia de viaje sin contratiempos.","og_url":"https:\/\/tourtravelandmore.com\/es\/nueva-normativa-sobre-equipaje-de-mano-en-la-union-europea\/","og_site_name":"Tour Travel And More","article_publisher":"https:\/\/www.facebook.com\/tourtravelandmore\/","article_published_time":"2024-09-16T12:57:11+00:00","article_modified_time":"2025-05-16T13:20:11+00:00","og_image":[{"width":1125,"height":750,"url":"https:\/\/tourtravelandmore.com\/wp-content\/uploads\/2024\/09\/image-6.jpeg","type":"image\/jpeg"}],"author":"Maya Nader Harati","twitter_card":"summary_large_image","twitter_creator":"@TourTravel_More","twitter_site":"@TourTravel_More","twitter_misc":{"Escrito por":"Maya Nader Harati","Tiempo de lectura":"5 minutos"},"schema":{"@context":"https:\/\/schema.org","@graph":[{"@type":"Article","@id":"https:\/\/tourtravelandmore.com\/es\/nueva-normativa-sobre-equipaje-de-mano-en-la-union-europea\/#article","isPartOf":{"@id":"https:\/\/tourtravelandmore.com\/es\/nueva-normativa-sobre-equipaje-de-mano-en-la-union-europea\/"},"author":{"name":"Maya Nader Harati","@id":"https:\/\/tourtravelandmore.com\/es\/#\/schema\/person\/2a1c66d76ae9290a394e8efb4af12e1e"},"headline":"Nueva normativa sobre equipaje de mano en la Uni\u00f3n Europea","datePublished":"2024-09-16T12:57:11+00:00","dateModified":"2025-05-16T13:20:11+00:00","mainEntityOfPage":{"@id":"https:\/\/tourtravelandmore.com\/es\/nueva-normativa-sobre-equipaje-de-mano-en-la-union-europea\/"},"wordCount":1074,"commentCount":0,"publisher":{"@id":"https:\/\/tourtravelandmore.com\/es\/#organization"},"image":{"@id":"https:\/\/tourtravelandmore.com\/es\/nueva-normativa-sobre-equipaje-de-mano-en-la-union-europea\/#primaryimage"},"thumbnailUrl":"https:\/\/tourtravelandmore.com\/wp-content\/uploads\/2024\/09\/image-6.jpeg","articleSection":["Europa","Europe"],"inLanguage":"es","potentialAction":[{"@type":"CommentAction","name":"Comment","target":["https:\/\/tourtravelandmore.com\/es\/nueva-normativa-sobre-equipaje-de-mano-en-la-union-europea\/#respond"]}],"accessibilityFeature":["tableOfContents"]},{"@type":"WebPage","@id":"https:\/\/tourtravelandmore.com\/es\/nueva-normativa-sobre-equipaje-de-mano-en-la-union-europea\/","url":"https:\/\/tourtravelandmore.com\/es\/nueva-normativa-sobre-equipaje-de-mano-en-la-union-europea\/","name":"Nueva normativa sobre equipaje de mano en la Uni\u00f3n Europea | Tour Travel & More","isPartOf":{"@id":"https:\/\/tourtravelandmore.com\/es\/#website"},"primaryImageOfPage":{"@id":"https:\/\/tourtravelandmore.com\/es\/nueva-normativa-sobre-equipaje-de-mano-en-la-union-europea\/#primaryimage"},"image":{"@id":"https:\/\/tourtravelandmore.com\/es\/nueva-normativa-sobre-equipaje-de-mano-en-la-union-europea\/#primaryimage"},"thumbnailUrl":"https:\/\/tourtravelandmore.com\/wp-content\/uploads\/2024\/09\/image-6.jpeg","datePublished":"2024-09-16T12:57:11+00:00","dateModified":"2025-05-16T13:20:11+00:00","description":"Mant\u00e9ngase informado sobre la nueva normativa sobre equipaje de mano en la Uni\u00f3n Europea vigente a partir de septiembre. Inf\u00f3rmese sobre el tama\u00f1o, los l\u00edmites de peso, las excepciones y los consejos de embalaje para evitar tasas adicionales y garantizar una experiencia de viaje sin contratiempos.","breadcrumb":{"@id":"https:\/\/tourtravelandmore.com\/es\/nueva-normativa-sobre-equipaje-de-mano-en-la-union-europea\/#breadcrumb"},"inLanguage":"es","potentialAction":[{"@type":"ReadAction","target":["https:\/\/tourtravelandmore.com\/es\/nueva-normativa-sobre-equipaje-de-mano-en-la-union-europea\/"]}]},{"@type":"ImageObject","inLanguage":"es","@id":"https:\/\/tourtravelandmore.com\/es\/nueva-normativa-sobre-equipaje-de-mano-en-la-union-europea\/#primaryimage","url":"https:\/\/tourtravelandmore.com\/wp-content\/uploads\/2024\/09\/image-6.jpeg","contentUrl":"https:\/\/tourtravelandmore.com\/wp-content\/uploads\/2024\/09\/image-6.jpeg","width":1125,"height":750},{"@type":"BreadcrumbList","@id":"https:\/\/tourtravelandmore.com\/es\/nueva-normativa-sobre-equipaje-de-mano-en-la-union-europea\/#breadcrumb","itemListElement":[{"@type":"ListItem","position":1,"name":"Home","item":"https:\/\/tourtravelandmore.com\/es\/"},{"@type":"ListItem","position":2,"name":"Nueva normativa sobre equipaje de mano en la Uni\u00f3n Europea"}]},{"@type":"WebSite","@id":"https:\/\/tourtravelandmore.com\/es\/#website","url":"https:\/\/tourtravelandmore.com\/es\/","name":"Tour Travel And More","description":"Private sightseeing tours and luxury transfers in Spain","publisher":{"@id":"https:\/\/tourtravelandmore.com\/es\/#organization"},"potentialAction":[{"@type":"SearchAction","target":{"@type":"EntryPoint","urlTemplate":"https:\/\/tourtravelandmore.com\/es\/?s={search_term_string}"},"query-input":{"@type":"PropertyValueSpecification","valueRequired":true,"valueName":"search_term_string"}}],"inLanguage":"es"},{"@type":"Organization","@id":"https:\/\/tourtravelandmore.com\/es\/#organization","name":"Tour Travel And More","url":"https:\/\/tourtravelandmore.com\/es\/","logo":{"@type":"ImageObject","inLanguage":"es","@id":"https:\/\/tourtravelandmore.com\/es\/#\/schema\/logo\/image\/","url":"https:\/\/tourtravelandmore.com\/wp-content\/uploads\/2022\/12\/cropped-logo-cabecera-new.png","contentUrl":"https:\/\/tourtravelandmore.com\/wp-content\/uploads\/2022\/12\/cropped-logo-cabecera-new.png","width":430,"height":61,"caption":"Tour Travel And More"},"image":{"@id":"https:\/\/tourtravelandmore.com\/es\/#\/schema\/logo\/image\/"},"sameAs":["https:\/\/www.facebook.com\/tourtravelandmore\/","https:\/\/x.com\/TourTravel_More"]},{"@type":"Person","@id":"https:\/\/tourtravelandmore.com\/es\/#\/schema\/person\/2a1c66d76ae9290a394e8efb4af12e1e","name":"Maya Nader Harati","image":{"@type":"ImageObject","inLanguage":"es","@id":"https:\/\/tourtravelandmore.com\/es\/#\/schema\/person\/image\/","url":"https:\/\/secure.gravatar.com\/avatar\/adc2305883b6f86a616354c0c4516fcd9a333d5f5a0806d9d1ae9b30f898fa1f?s=96&d=mm&r=g","contentUrl":"https:\/\/secure.gravatar.com\/avatar\/adc2305883b6f86a616354c0c4516fcd9a333d5f5a0806d9d1ae9b30f898fa1f?s=96&d=mm&r=g","caption":"Maya Nader Harati"},"description":"Cultural Destination Specialist & Travel Chronicler. Maya doesn\u2019t just travel the world; she translates it.","sameAs":["https:\/\/tourtravelandmore.com\/author-profile-maya-nader-harati\/"]}]}},"_links":{"self":[{"href":"https:\/\/tourtravelandmore.com\/es\/wp-json\/wp\/v2\/posts\/177962","targetHints":{"allow":["GET"]}}],"collection":[{"href":"https:\/\/tourtravelandmore.com\/es\/wp-json\/wp\/v2\/posts"}],"about":[{"href":"https:\/\/tourtravelandmore.com\/es\/wp-json\/wp\/v2\/types\/post"}],"author":[{"embeddable":true,"href":"https:\/\/tourtravelandmore.com\/es\/wp-json\/wp\/v2\/users\/2"}],"replies":[{"embeddable":true,"href":"https:\/\/tourtravelandmore.com\/es\/wp-json\/wp\/v2\/comments?post=177962"}],"version-history":[{"count":1,"href":"https:\/\/tourtravelandmore.com\/es\/wp-json\/wp\/v2\/posts\/177962\/revisions"}],"predecessor-version":[{"id":177963,"href":"https:\/\/tourtravelandmore.com\/es\/wp-json\/wp\/v2\/posts\/177962\/revisions\/177963"}],"wp:featuredmedia":[{"embeddable":true,"href":"https:\/\/tourtravelandmore.com\/es\/wp-json\/wp\/v2\/media\/177960"}],"wp:attachment":[{"href":"https:\/\/tourtravelandmore.com\/es\/wp-json\/wp\/v2\/media?parent=177962"}],"wp:term":[{"taxonomy":"category","embeddable":true,"href":"https:\/\/tourtravelandmore.com\/es\/wp-json\/wp\/v2\/categories?post=177962"},{"taxonomy":"post_tag","embeddable":true,"href":"https:\/\/tourtravelandmore.com\/es\/wp-json\/wp\/v2\/tags?post=177962"}],"curies":[{"name":"wp","href":"https:\/\/api.w.org\/{rel}","templated":true}]}}