{"id":175692,"date":"2024-07-29T13:16:32","date_gmt":"2024-07-29T11:16:32","guid":{"rendered":"https:\/\/tourtravelandmore.com\/?p=175692"},"modified":"2025-05-16T15:22:15","modified_gmt":"2025-05-16T13:22:15","slug":"espacio-open-transformacion-de-una-fabrica-de-galletas","status":"publish","type":"post","link":"https:\/\/tourtravelandmore.com\/es\/espacio-open-transformacion-de-una-fabrica-de-galletas\/","title":{"rendered":"Espacio Open: Transformaci\u00f3n de una F\u00e1brica de Galletas\u00a0"},"content":{"rendered":"\n<div class=\"wp-block-yoast-seo-table-of-contents yoast-table-of-contents\"><h2>Tabla de contenidos<\/h2><ul><li><a href=\"#h-historia-y-origen-de-espacio-open\" data-level=\"2\">Historia y Origen de Espacio Open<\/a><\/li><li><a href=\"#h-transformacion-y-renovacion-del-espacio\" data-level=\"2\">Transformaci\u00f3n y Renovaci\u00f3n del Espacio<\/a><\/li><li><a href=\"#h-una-oferta-cultural-y-social-diversificada\" data-level=\"2\">Una Oferta Cultural y Social Diversificada<\/a><\/li><li><a href=\"#h-espacio-open-un-futuro-brillante\" data-level=\"2\">Espacio Open: Un Futuro Brillante<\/a><\/li><\/ul><\/div>\n\n\n\n<p>Bilbao, conocida por su rica historia industrial y su vibrante escena cultural, ha visto el renacimiento de numerosos espacios que han pasado de ser centros industriales a ser puntos de referencia cultural y social. Uno de estos espacios es Espacio Open, una antigua f\u00e1brica de galletas que ha sido reinventada para convertirse en uno de los lugares m\u00e1s din\u00e1micos y atractivos de la ciudad. A continuaci\u00f3n, exploramos la historia, la transformaci\u00f3n y la oferta actual de Espacio Open, que se ha posicionado como un destino imprescindible en Bilbao.<a href=\"https:\/\/tourtravelandmore.com\/es\/\"> \u00a1Mira nuestros tours privados aqu\u00ed!&nbsp;<\/a><\/p>\n\n\n\n<h2 class=\"wp-block-heading\" id=\"h-historia-y-origen-de-espacio-open\"><strong>Historia y Origen de Espacio Open<\/strong><\/h2>\n\n\n\n<p>Ubicada en el coraz\u00f3n de Bilbao, la f\u00e1brica de galletas Artiach fue en su d\u00eda uno de los pilares industriales de la regi\u00f3n. Fundada en 1907, la f\u00e1brica se especializaba en la producci\u00f3n de galletas, y durante d\u00e9cadas, fue una parte integral de la econom\u00eda local. Con el paso del tiempo y los cambios en la industria, la f\u00e1brica cerr\u00f3 sus puertas, dejando atr\u00e1s un imponente edificio lleno de historia y potencial.<\/p>\n\n\n\n<p>La transformaci\u00f3n del edificio comenz\u00f3 en 2009, cuando un grupo de emprendedores y creativos locales decidi\u00f3 darle una nueva vida. As\u00ed naci\u00f3 Espacio Open, un lugar destinado a fomentar la creatividad, la innovaci\u00f3n y la comunidad. Esta iniciativa no solo preserv\u00f3 la estructura hist\u00f3rica, sino que tambi\u00e9n la adapt\u00f3 a las necesidades modernas, convirti\u00e9ndola en un espacio vers\u00e1til y multifuncional.<\/p>\n\n\n\n<figure class=\"wp-block-image\"><img decoding=\"async\" src=\"https:\/\/lh7-rt.googleusercontent.com\/docsz\/AD_4nXcPpB2RJjrgzQ34au77kQfwgqrXM3elYMV2XUe2BjogLFE8MP9I3HCZATQC5LwFYU5K_T2fXBEdjqDKBEhxZp2H-bQKELlok8WciddqmlogLTP28fE4VZNu4XqrFLpTL9I3_eW2Rs_gPDxFHQx2AWJVb15c?key=vyALwhcLxhIIF7miGT2fxA\" alt=\"\"\/><\/figure>\n\n\n\n<h2 class=\"wp-block-heading\" id=\"h-transformacion-y-renovacion-del-espacio\"><strong>Transformaci\u00f3n y Renovaci\u00f3n del Espacio<\/strong><\/h2>\n\n\n\n<p>La renovaci\u00f3n de la f\u00e1brica de galletas no fue una tarea sencilla. El proceso implic\u00f3 la conservaci\u00f3n de elementos arquitect\u00f3nicos originales mientras se incorporaban nuevas tecnolog\u00edas y dise\u00f1os para crear un ambiente moderno y atractivo. Los amplios espacios, que en su d\u00eda albergaban maquinaria pesada y l\u00edneas de producci\u00f3n, fueron transformados en \u00e1reas abiertas y luminosas, ideales para eventos, exposiciones y talleres.<\/p>\n\n\n\n<p>Uno de los aspectos m\u00e1s destacados de la renovaci\u00f3n es el respeto por el pasado industrial del edificio. Las paredes de ladrillo visto, las vigas de acero y los grandes ventanales se han mantenido intactos, proporcionando un tel\u00f3n de fondo hist\u00f3rico a las actividades contempor\u00e1neas que tienen lugar en Espacio Open. Este enfoque ha permitido que el lugar conserve su identidad \u00fanica mientras se adapta a las demandas del presente.<\/p>\n\n\n\n<figure class=\"wp-block-image\"><img decoding=\"async\" src=\"https:\/\/lh7-rt.googleusercontent.com\/docsz\/AD_4nXdgkjV7IQhJKmW7NoKygvk-Ty2mnHg7-v6sLc5uuarSUtUfdwkZM1YUIj31znjCs274RLdXPB2crGz1hkSZGnWs0Am46elqHrpJdmr3wVT3JOHhdEUkUpkAT9nQPT4pPg7ls2WUeXQ--j-8jPMa7mOKFZU?key=vyALwhcLxhIIF7miGT2fxA\" alt=\"\"\/><\/figure>\n\n\n\n<h2 class=\"wp-block-heading\" id=\"h-una-oferta-cultural-y-social-diversificada\"><strong>Una Oferta Cultural y Social Diversificada<\/strong><\/h2>\n\n\n\n<p>Espacio Open se ha consolidado como un epicentro de la vida cultural y social en Bilbao. Ofrece una programaci\u00f3n variada que incluye desde mercados de artesan\u00eda hasta exposiciones de arte, pasando por conciertos y eventos gastron\u00f3micos. Esta diversidad de actividades ha convertido a Espacio Open en un lugar de encuentro para personas de todas las edades y procedencias.<\/p>\n\n\n\n<p>Uno de los eventos m\u00e1s populares es el Open Your Ganbara, un mercado de segunda mano y dise\u00f1o independiente que se celebra mensualmente. Este mercado no solo permite a los visitantes descubrir y adquirir piezas \u00fanicas, sino que tambi\u00e9n promueve el consumo sostenible y el apoyo a los creadores locales. Adem\u00e1s, Espacio Open alberga talleres de todo tipo, desde cer\u00e1mica hasta programaci\u00f3n, fomentando as\u00ed el aprendizaje y la creatividad en la comunidad.<\/p>\n\n\n\n<figure class=\"wp-block-image\"><img decoding=\"async\" src=\"https:\/\/lh7-rt.googleusercontent.com\/docsz\/AD_4nXfYumt6HN_hlG5mflO8bMKHbhzPpXQcHh91zZjuli9aArfvwZHPnQul3GBvmzMKOD0mG7hgw9x7GlaZDCoOmwa86w6zNdKrGZZRxy1OxjSKKFi4dfgSBHKe58MyiB8lHb7zwz8MlYhPaGCH-af1S7xw4_Ww?key=vyALwhcLxhIIF7miGT2fxA\" alt=\"\"\/><\/figure>\n\n\n\n<h2 class=\"wp-block-heading\" id=\"h-espacio-open-un-futuro-brillante\"><strong>Espacio Open: Un Futuro Brillante<\/strong><\/h2>\n\n\n\n<p>El \u00e9xito de Espacio Open es un testimonio del poder de la innovaci\u00f3n y la colaboraci\u00f3n. Al transformar una antigua f\u00e1brica de galletas en un espacio cultural y social vibrante, los fundadores de Espacio Open han demostrado c\u00f3mo es posible reutilizar y revitalizar el patrimonio industrial para el beneficio de la comunidad.<\/p>\n\n\n\n<p>Mirando hacia el futuro, Espacio Open contin\u00faa expandiendo su oferta y explorando nuevas formas de conectar a las personas y fomentar la creatividad. Con una programaci\u00f3n en constante evoluci\u00f3n y un compromiso con la sostenibilidad y la inclusi\u00f3n, Espacio Open est\u00e1 preparado para seguir siendo un referente en la escena cultural de Bilbao durante muchos a\u00f1os m\u00e1s.<\/p>\n\n\n\n<p>En conclusi\u00f3n, Espacio Open es un brillante ejemplo de c\u00f3mo la historia y la modernidad pueden coexistir armoniosamente. Este antiguo basti\u00f3n industrial ha encontrado una nueva vida como un centro cultural y social, atrayendo a visitantes y residentes por igual. Para aquellos que deseen explorar Bilbao m\u00e1s all\u00e1 de los caminos habituales, una visita a Espacio Open es imprescindible, ofreciendo una visi\u00f3n \u00fanica de la capacidad de la ciudad para reinventarse y prosperar.<\/p>\n","protected":false},"excerpt":{"rendered":"<p>Espacio Open, una antigua f\u00e1brica de galletas en Bilbao, se ha convertido en un din\u00e1mico centro cultural y social. Con una oferta variada que incluye mercados, talleres y eventos, Espacio Open es un ejemplo perfecto de c\u00f3mo reinventar el patrimonio industrial para el beneficio de la comunidad.<\/p>\n","protected":false},"author":2,"featured_media":175690,"comment_status":"open","ping_status":"open","sticky":false,"template":"","format":"standard","meta":{"_acf_changed":false,"footnotes":""},"categories":[2372,2294,2349,2903,3909],"tags":[],"class_list":["post-175692","post","type-post","status-publish","format-standard","has-post-thumbnail","hentry","category-bilbao-es","category-espana-2","category-europa","category-europe-es","category-spain-es"],"acf":[],"yoast_head":"<!-- This site is optimized with the Yoast SEO Premium plugin v25.3.1 (Yoast SEO v25.3.1) - https:\/\/yoast.com\/wordpress\/plugins\/seo\/ -->\n<title>Espacio Open: Transformaci\u00f3n de una F\u00e1brica de Galletas - Tour Travel and More<\/title>\n<meta name=\"description\" content=\"Descubre Espacio Open, la antigua f\u00e1brica de galletas en Bilbao transformada en un vibrante centro cultural y social. Eventos, exposiciones y talleres en un espacio hist\u00f3rico renovado.\" \/>\n<meta name=\"robots\" content=\"index, follow, max-snippet:-1, max-image-preview:large, max-video-preview:-1\" \/>\n<link rel=\"canonical\" href=\"https:\/\/tourtravelandmore.com\/es\/espacio-open-transformacion-de-una-fabrica-de-galletas\/\" \/>\n<meta property=\"og:locale\" content=\"es_ES\" \/>\n<meta property=\"og:type\" content=\"article\" \/>\n<meta property=\"og:title\" content=\"Espacio Open: Transformaci\u00f3n de una F\u00e1brica de Galletas\u00a0\" \/>\n<meta property=\"og:description\" content=\"Descubre Espacio Open, la antigua f\u00e1brica de galletas en Bilbao transformada en un vibrante centro cultural y social. Eventos, exposiciones y talleres en un espacio hist\u00f3rico renovado.\" \/>\n<meta property=\"og:url\" content=\"https:\/\/tourtravelandmore.com\/es\/espacio-open-transformacion-de-una-fabrica-de-galletas\/\" \/>\n<meta property=\"og:site_name\" content=\"Tour Travel And More\" \/>\n<meta property=\"article:publisher\" content=\"https:\/\/www.facebook.com\/tourtravelandmore\/\" \/>\n<meta property=\"article:published_time\" content=\"2024-07-29T11:16:32+00:00\" \/>\n<meta property=\"article:modified_time\" content=\"2025-05-16T13:22:15+00:00\" \/>\n<meta property=\"og:image\" content=\"https:\/\/tourtravelandmore.com\/wp-content\/uploads\/2024\/07\/image.png\" \/>\n\t<meta property=\"og:image:width\" content=\"1600\" \/>\n\t<meta property=\"og:image:height\" content=\"905\" \/>\n\t<meta property=\"og:image:type\" content=\"image\/png\" \/>\n<meta name=\"author\" content=\"Maya Nader Harati\" \/>\n<meta name=\"twitter:card\" content=\"summary_large_image\" \/>\n<meta name=\"twitter:creator\" content=\"@TourTravel_More\" \/>\n<meta name=\"twitter:site\" content=\"@TourTravel_More\" \/>\n<meta name=\"twitter:label1\" content=\"Escrito por\" \/>\n\t<meta name=\"twitter:data1\" content=\"Maya Nader Harati\" \/>\n\t<meta name=\"twitter:label2\" content=\"Tiempo de lectura\" \/>\n\t<meta name=\"twitter:data2\" content=\"4 minutos\" \/>\n<script type=\"application\/ld+json\" class=\"yoast-schema-graph\">{\"@context\":\"https:\/\/schema.org\",\"@graph\":[{\"@type\":\"Article\",\"@id\":\"https:\/\/tourtravelandmore.com\/es\/espacio-open-transformacion-de-una-fabrica-de-galletas\/#article\",\"isPartOf\":{\"@id\":\"https:\/\/tourtravelandmore.com\/es\/espacio-open-transformacion-de-una-fabrica-de-galletas\/\"},\"author\":{\"name\":\"Maya Nader Harati\",\"@id\":\"https:\/\/tourtravelandmore.com\/es\/#\/schema\/person\/2a1c66d76ae9290a394e8efb4af12e1e\"},\"headline\":\"Espacio Open: Transformaci\u00f3n de una F\u00e1brica de Galletas\u00a0\",\"datePublished\":\"2024-07-29T11:16:32+00:00\",\"dateModified\":\"2025-05-16T13:22:15+00:00\",\"mainEntityOfPage\":{\"@id\":\"https:\/\/tourtravelandmore.com\/es\/espacio-open-transformacion-de-una-fabrica-de-galletas\/\"},\"wordCount\":788,\"commentCount\":0,\"publisher\":{\"@id\":\"https:\/\/tourtravelandmore.com\/es\/#organization\"},\"image\":{\"@id\":\"https:\/\/tourtravelandmore.com\/es\/espacio-open-transformacion-de-una-fabrica-de-galletas\/#primaryimage\"},\"thumbnailUrl\":\"https:\/\/tourtravelandmore.com\/wp-content\/uploads\/2024\/07\/image.png\",\"articleSection\":[\"Bilbao\",\"Espa\u00f1a\",\"Europa\",\"Europe\",\"Spain\"],\"inLanguage\":\"es\",\"potentialAction\":[{\"@type\":\"CommentAction\",\"name\":\"Comment\",\"target\":[\"https:\/\/tourtravelandmore.com\/es\/espacio-open-transformacion-de-una-fabrica-de-galletas\/#respond\"]}],\"accessibilityFeature\":[\"tableOfContents\"]},{\"@type\":\"WebPage\",\"@id\":\"https:\/\/tourtravelandmore.com\/es\/espacio-open-transformacion-de-una-fabrica-de-galletas\/\",\"url\":\"https:\/\/tourtravelandmore.com\/es\/espacio-open-transformacion-de-una-fabrica-de-galletas\/\",\"name\":\"Espacio Open: Transformaci\u00f3n de una F\u00e1brica de Galletas - Tour Travel and More\",\"isPartOf\":{\"@id\":\"https:\/\/tourtravelandmore.com\/es\/#website\"},\"primaryImageOfPage\":{\"@id\":\"https:\/\/tourtravelandmore.com\/es\/espacio-open-transformacion-de-una-fabrica-de-galletas\/#primaryimage\"},\"image\":{\"@id\":\"https:\/\/tourtravelandmore.com\/es\/espacio-open-transformacion-de-una-fabrica-de-galletas\/#primaryimage\"},\"thumbnailUrl\":\"https:\/\/tourtravelandmore.com\/wp-content\/uploads\/2024\/07\/image.png\",\"datePublished\":\"2024-07-29T11:16:32+00:00\",\"dateModified\":\"2025-05-16T13:22:15+00:00\",\"description\":\"Descubre Espacio Open, la antigua f\u00e1brica de galletas en Bilbao transformada en un vibrante centro cultural y social. Eventos, exposiciones y talleres en un espacio hist\u00f3rico renovado.\",\"breadcrumb\":{\"@id\":\"https:\/\/tourtravelandmore.com\/es\/espacio-open-transformacion-de-una-fabrica-de-galletas\/#breadcrumb\"},\"inLanguage\":\"es\",\"potentialAction\":[{\"@type\":\"ReadAction\",\"target\":[\"https:\/\/tourtravelandmore.com\/es\/espacio-open-transformacion-de-una-fabrica-de-galletas\/\"]}]},{\"@type\":\"ImageObject\",\"inLanguage\":\"es\",\"@id\":\"https:\/\/tourtravelandmore.com\/es\/espacio-open-transformacion-de-una-fabrica-de-galletas\/#primaryimage\",\"url\":\"https:\/\/tourtravelandmore.com\/wp-content\/uploads\/2024\/07\/image.png\",\"contentUrl\":\"https:\/\/tourtravelandmore.com\/wp-content\/uploads\/2024\/07\/image.png\",\"width\":1600,\"height\":905},{\"@type\":\"BreadcrumbList\",\"@id\":\"https:\/\/tourtravelandmore.com\/es\/espacio-open-transformacion-de-una-fabrica-de-galletas\/#breadcrumb\",\"itemListElement\":[{\"@type\":\"ListItem\",\"position\":1,\"name\":\"Home\",\"item\":\"https:\/\/tourtravelandmore.com\/es\/\"},{\"@type\":\"ListItem\",\"position\":2,\"name\":\"Espacio Open: Transformaci\u00f3n de una F\u00e1brica de Galletas\u00a0\"}]},{\"@type\":\"WebSite\",\"@id\":\"https:\/\/tourtravelandmore.com\/es\/#website\",\"url\":\"https:\/\/tourtravelandmore.com\/es\/\",\"name\":\"Tour Travel And More\",\"description\":\"Private sightseeing tours and luxury transfers in Spain\",\"publisher\":{\"@id\":\"https:\/\/tourtravelandmore.com\/es\/#organization\"},\"potentialAction\":[{\"@type\":\"SearchAction\",\"target\":{\"@type\":\"EntryPoint\",\"urlTemplate\":\"https:\/\/tourtravelandmore.com\/es\/?s={search_term_string}\"},\"query-input\":{\"@type\":\"PropertyValueSpecification\",\"valueRequired\":true,\"valueName\":\"search_term_string\"}}],\"inLanguage\":\"es\"},{\"@type\":\"Organization\",\"@id\":\"https:\/\/tourtravelandmore.com\/es\/#organization\",\"name\":\"Tour Travel And More\",\"url\":\"https:\/\/tourtravelandmore.com\/es\/\",\"logo\":{\"@type\":\"ImageObject\",\"inLanguage\":\"es\",\"@id\":\"https:\/\/tourtravelandmore.com\/es\/#\/schema\/logo\/image\/\",\"url\":\"https:\/\/tourtravelandmore.com\/wp-content\/uploads\/2022\/12\/cropped-logo-cabecera-new.png\",\"contentUrl\":\"https:\/\/tourtravelandmore.com\/wp-content\/uploads\/2022\/12\/cropped-logo-cabecera-new.png\",\"width\":430,\"height\":61,\"caption\":\"Tour Travel And More\"},\"image\":{\"@id\":\"https:\/\/tourtravelandmore.com\/es\/#\/schema\/logo\/image\/\"},\"sameAs\":[\"https:\/\/www.facebook.com\/tourtravelandmore\/\",\"https:\/\/x.com\/TourTravel_More\"]},{\"@type\":\"Person\",\"@id\":\"https:\/\/tourtravelandmore.com\/es\/#\/schema\/person\/2a1c66d76ae9290a394e8efb4af12e1e\",\"name\":\"Maya Nader Harati\",\"image\":{\"@type\":\"ImageObject\",\"inLanguage\":\"es\",\"@id\":\"https:\/\/tourtravelandmore.com\/es\/#\/schema\/person\/image\/\",\"url\":\"https:\/\/secure.gravatar.com\/avatar\/adc2305883b6f86a616354c0c4516fcd9a333d5f5a0806d9d1ae9b30f898fa1f?s=96&d=mm&r=g\",\"contentUrl\":\"https:\/\/secure.gravatar.com\/avatar\/adc2305883b6f86a616354c0c4516fcd9a333d5f5a0806d9d1ae9b30f898fa1f?s=96&d=mm&r=g\",\"caption\":\"Maya Nader Harati\"},\"description\":\"Cultural Destination Specialist & Travel Chronicler. Maya doesn\u2019t just travel the world; she translates it.\",\"sameAs\":[\"https:\/\/tourtravelandmore.com\/author-profile-maya-nader-harati\/\"]}]}<\/script>\n<!-- \/ Yoast SEO Premium plugin. -->","yoast_head_json":{"title":"Espacio Open: Transformaci\u00f3n de una F\u00e1brica de Galletas - Tour Travel and More","description":"Descubre Espacio Open, la antigua f\u00e1brica de galletas en Bilbao transformada en un vibrante centro cultural y social. Eventos, exposiciones y talleres en un espacio hist\u00f3rico renovado.","robots":{"index":"index","follow":"follow","max-snippet":"max-snippet:-1","max-image-preview":"max-image-preview:large","max-video-preview":"max-video-preview:-1"},"canonical":"https:\/\/tourtravelandmore.com\/es\/espacio-open-transformacion-de-una-fabrica-de-galletas\/","og_locale":"es_ES","og_type":"article","og_title":"Espacio Open: Transformaci\u00f3n de una F\u00e1brica de Galletas\u00a0","og_description":"Descubre Espacio Open, la antigua f\u00e1brica de galletas en Bilbao transformada en un vibrante centro cultural y social. Eventos, exposiciones y talleres en un espacio hist\u00f3rico renovado.","og_url":"https:\/\/tourtravelandmore.com\/es\/espacio-open-transformacion-de-una-fabrica-de-galletas\/","og_site_name":"Tour Travel And More","article_publisher":"https:\/\/www.facebook.com\/tourtravelandmore\/","article_published_time":"2024-07-29T11:16:32+00:00","article_modified_time":"2025-05-16T13:22:15+00:00","og_image":[{"width":1600,"height":905,"url":"https:\/\/tourtravelandmore.com\/wp-content\/uploads\/2024\/07\/image.png","type":"image\/png"}],"author":"Maya Nader Harati","twitter_card":"summary_large_image","twitter_creator":"@TourTravel_More","twitter_site":"@TourTravel_More","twitter_misc":{"Escrito por":"Maya Nader Harati","Tiempo de lectura":"4 minutos"},"schema":{"@context":"https:\/\/schema.org","@graph":[{"@type":"Article","@id":"https:\/\/tourtravelandmore.com\/es\/espacio-open-transformacion-de-una-fabrica-de-galletas\/#article","isPartOf":{"@id":"https:\/\/tourtravelandmore.com\/es\/espacio-open-transformacion-de-una-fabrica-de-galletas\/"},"author":{"name":"Maya Nader Harati","@id":"https:\/\/tourtravelandmore.com\/es\/#\/schema\/person\/2a1c66d76ae9290a394e8efb4af12e1e"},"headline":"Espacio Open: Transformaci\u00f3n de una F\u00e1brica de Galletas\u00a0","datePublished":"2024-07-29T11:16:32+00:00","dateModified":"2025-05-16T13:22:15+00:00","mainEntityOfPage":{"@id":"https:\/\/tourtravelandmore.com\/es\/espacio-open-transformacion-de-una-fabrica-de-galletas\/"},"wordCount":788,"commentCount":0,"publisher":{"@id":"https:\/\/tourtravelandmore.com\/es\/#organization"},"image":{"@id":"https:\/\/tourtravelandmore.com\/es\/espacio-open-transformacion-de-una-fabrica-de-galletas\/#primaryimage"},"thumbnailUrl":"https:\/\/tourtravelandmore.com\/wp-content\/uploads\/2024\/07\/image.png","articleSection":["Bilbao","Espa\u00f1a","Europa","Europe","Spain"],"inLanguage":"es","potentialAction":[{"@type":"CommentAction","name":"Comment","target":["https:\/\/tourtravelandmore.com\/es\/espacio-open-transformacion-de-una-fabrica-de-galletas\/#respond"]}],"accessibilityFeature":["tableOfContents"]},{"@type":"WebPage","@id":"https:\/\/tourtravelandmore.com\/es\/espacio-open-transformacion-de-una-fabrica-de-galletas\/","url":"https:\/\/tourtravelandmore.com\/es\/espacio-open-transformacion-de-una-fabrica-de-galletas\/","name":"Espacio Open: Transformaci\u00f3n de una F\u00e1brica de Galletas - Tour Travel and More","isPartOf":{"@id":"https:\/\/tourtravelandmore.com\/es\/#website"},"primaryImageOfPage":{"@id":"https:\/\/tourtravelandmore.com\/es\/espacio-open-transformacion-de-una-fabrica-de-galletas\/#primaryimage"},"image":{"@id":"https:\/\/tourtravelandmore.com\/es\/espacio-open-transformacion-de-una-fabrica-de-galletas\/#primaryimage"},"thumbnailUrl":"https:\/\/tourtravelandmore.com\/wp-content\/uploads\/2024\/07\/image.png","datePublished":"2024-07-29T11:16:32+00:00","dateModified":"2025-05-16T13:22:15+00:00","description":"Descubre Espacio Open, la antigua f\u00e1brica de galletas en Bilbao transformada en un vibrante centro cultural y social. Eventos, exposiciones y talleres en un espacio hist\u00f3rico renovado.","breadcrumb":{"@id":"https:\/\/tourtravelandmore.com\/es\/espacio-open-transformacion-de-una-fabrica-de-galletas\/#breadcrumb"},"inLanguage":"es","potentialAction":[{"@type":"ReadAction","target":["https:\/\/tourtravelandmore.com\/es\/espacio-open-transformacion-de-una-fabrica-de-galletas\/"]}]},{"@type":"ImageObject","inLanguage":"es","@id":"https:\/\/tourtravelandmore.com\/es\/espacio-open-transformacion-de-una-fabrica-de-galletas\/#primaryimage","url":"https:\/\/tourtravelandmore.com\/wp-content\/uploads\/2024\/07\/image.png","contentUrl":"https:\/\/tourtravelandmore.com\/wp-content\/uploads\/2024\/07\/image.png","width":1600,"height":905},{"@type":"BreadcrumbList","@id":"https:\/\/tourtravelandmore.com\/es\/espacio-open-transformacion-de-una-fabrica-de-galletas\/#breadcrumb","itemListElement":[{"@type":"ListItem","position":1,"name":"Home","item":"https:\/\/tourtravelandmore.com\/es\/"},{"@type":"ListItem","position":2,"name":"Espacio Open: Transformaci\u00f3n de una F\u00e1brica de Galletas\u00a0"}]},{"@type":"WebSite","@id":"https:\/\/tourtravelandmore.com\/es\/#website","url":"https:\/\/tourtravelandmore.com\/es\/","name":"Tour Travel And More","description":"Private sightseeing tours and luxury transfers in Spain","publisher":{"@id":"https:\/\/tourtravelandmore.com\/es\/#organization"},"potentialAction":[{"@type":"SearchAction","target":{"@type":"EntryPoint","urlTemplate":"https:\/\/tourtravelandmore.com\/es\/?s={search_term_string}"},"query-input":{"@type":"PropertyValueSpecification","valueRequired":true,"valueName":"search_term_string"}}],"inLanguage":"es"},{"@type":"Organization","@id":"https:\/\/tourtravelandmore.com\/es\/#organization","name":"Tour Travel And More","url":"https:\/\/tourtravelandmore.com\/es\/","logo":{"@type":"ImageObject","inLanguage":"es","@id":"https:\/\/tourtravelandmore.com\/es\/#\/schema\/logo\/image\/","url":"https:\/\/tourtravelandmore.com\/wp-content\/uploads\/2022\/12\/cropped-logo-cabecera-new.png","contentUrl":"https:\/\/tourtravelandmore.com\/wp-content\/uploads\/2022\/12\/cropped-logo-cabecera-new.png","width":430,"height":61,"caption":"Tour Travel And More"},"image":{"@id":"https:\/\/tourtravelandmore.com\/es\/#\/schema\/logo\/image\/"},"sameAs":["https:\/\/www.facebook.com\/tourtravelandmore\/","https:\/\/x.com\/TourTravel_More"]},{"@type":"Person","@id":"https:\/\/tourtravelandmore.com\/es\/#\/schema\/person\/2a1c66d76ae9290a394e8efb4af12e1e","name":"Maya Nader Harati","image":{"@type":"ImageObject","inLanguage":"es","@id":"https:\/\/tourtravelandmore.com\/es\/#\/schema\/person\/image\/","url":"https:\/\/secure.gravatar.com\/avatar\/adc2305883b6f86a616354c0c4516fcd9a333d5f5a0806d9d1ae9b30f898fa1f?s=96&d=mm&r=g","contentUrl":"https:\/\/secure.gravatar.com\/avatar\/adc2305883b6f86a616354c0c4516fcd9a333d5f5a0806d9d1ae9b30f898fa1f?s=96&d=mm&r=g","caption":"Maya Nader Harati"},"description":"Cultural Destination Specialist & Travel Chronicler. Maya doesn\u2019t just travel the world; she translates it.","sameAs":["https:\/\/tourtravelandmore.com\/author-profile-maya-nader-harati\/"]}]}},"_links":{"self":[{"href":"https:\/\/tourtravelandmore.com\/es\/wp-json\/wp\/v2\/posts\/175692","targetHints":{"allow":["GET"]}}],"collection":[{"href":"https:\/\/tourtravelandmore.com\/es\/wp-json\/wp\/v2\/posts"}],"about":[{"href":"https:\/\/tourtravelandmore.com\/es\/wp-json\/wp\/v2\/types\/post"}],"author":[{"embeddable":true,"href":"https:\/\/tourtravelandmore.com\/es\/wp-json\/wp\/v2\/users\/2"}],"replies":[{"embeddable":true,"href":"https:\/\/tourtravelandmore.com\/es\/wp-json\/wp\/v2\/comments?post=175692"}],"version-history":[{"count":1,"href":"https:\/\/tourtravelandmore.com\/es\/wp-json\/wp\/v2\/posts\/175692\/revisions"}],"predecessor-version":[{"id":175693,"href":"https:\/\/tourtravelandmore.com\/es\/wp-json\/wp\/v2\/posts\/175692\/revisions\/175693"}],"wp:featuredmedia":[{"embeddable":true,"href":"https:\/\/tourtravelandmore.com\/es\/wp-json\/wp\/v2\/media\/175690"}],"wp:attachment":[{"href":"https:\/\/tourtravelandmore.com\/es\/wp-json\/wp\/v2\/media?parent=175692"}],"wp:term":[{"taxonomy":"category","embeddable":true,"href":"https:\/\/tourtravelandmore.com\/es\/wp-json\/wp\/v2\/categories?post=175692"},{"taxonomy":"post_tag","embeddable":true,"href":"https:\/\/tourtravelandmore.com\/es\/wp-json\/wp\/v2\/tags?post=175692"}],"curies":[{"name":"wp","href":"https:\/\/api.w.org\/{rel}","templated":true}]}}