{"id":175237,"date":"2024-05-27T14:37:39","date_gmt":"2024-05-27T12:37:39","guid":{"rendered":"https:\/\/tourtravelandmore.com\/?p=175237"},"modified":"2025-05-16T15:28:14","modified_gmt":"2025-05-16T13:28:14","slug":"espana-lider-mundial-en-banderas-azules","status":"publish","type":"post","link":"https:\/\/tourtravelandmore.com\/es\/espana-lider-mundial-en-banderas-azules\/","title":{"rendered":"Espa\u00f1a, L\u00edder Mundial en Banderas Azules"},"content":{"rendered":"\n<div class=\"wp-block-yoast-seo-table-of-contents yoast-table-of-contents\"><h2>Tabla de contenidos<\/h2><ul><li><a href=\"#h-el-prestigio-de-las-banderas-azules\" data-level=\"2\">El Prestigio de las Banderas Azules<\/a><\/li><li><a href=\"#h-un-verano-de-experiencias-inolvidables\" data-level=\"2\">Un Verano de Experiencias Inolvidables<\/a><\/li><li><a href=\"#h-explorando-la-diversidad-costera-de-espana\" data-level=\"2\">Explorando la Diversidad Costera de Espa\u00f1a<\/a><\/li><li><a href=\"#h-una-invitacion-a-descubrir-espana-desde-sus-costas\" data-level=\"2\">Una Invitaci\u00f3n a Descubrir Espa\u00f1a desde sus Costas<\/a><\/li><\/ul><\/div>\n\n\n\n<p>Bienvenidos a nuestro blog de Tour Travel &amp; More, donde exploramos las maravillas del mundo a trav\u00e9s de la lente del turismo. En esta ocasi\u00f3n, nos adentramos en un aspecto emblem\u00e1tico del verano espa\u00f1ol: sus playas galardonadas con banderas azules. Espa\u00f1a, conocida por su rica cultura, exquisita gastronom\u00eda y paisajes impresionantes, ostenta este a\u00f1o el t\u00edtulo de l\u00edder mundial en la concesi\u00f3n de este prestigioso reconocimiento. \u00a1Acomp\u00e1\u00f1anos mientras descubrimos por qu\u00e9 las costas espa\u00f1olas son un destino ineludible para los amantes del sol y la arena! <a href=\"https:\/\/tourtravelandmore.com\/es\/\">Mira nuestros tours privados aqu\u00ed.<\/a><\/p>\n\n\n\n<h2 class=\"wp-block-heading\" id=\"h-el-prestigio-de-las-banderas-azules\"><strong>El Prestigio de las Banderas Azules<\/strong><\/h2>\n\n\n\n<p>El primer punto que merece nuestra atenci\u00f3n es entender qu\u00e9 representa este distintivo. Las banderas azules son un reconocimiento internacional otorgado por la Fundaci\u00f3n para la Educaci\u00f3n Ambiental (FEE, por sus siglas en ingl\u00e9s) a aquellas playas y puertos que cumplen con rigurosos est\u00e1ndares de calidad en t\u00e9rminos de limpieza, seguridad, servicios e informaci\u00f3n ambiental. Para Espa\u00f1a, contar con un impresionante total de 638 banderas azules es un testimonio de su compromiso con la excelencia en el turismo costero.<\/p>\n\n\n\n<figure class=\"wp-block-image\"><img decoding=\"async\" src=\"https:\/\/lh7-us.googleusercontent.com\/jaENmia3OOsLcXkfEVLYloh-uy5prN0SLKnHX2VGI908CU1loWq7ZZCmUJcX6YVLCpUEvJym5P-Oo4rVG3_zmq3sYsET3r2eHca5QhL3VAPL3RLpOwgoktwZNy059O7Q2yKl81wDmafOq2oqpa0c9to\" alt=\"\"\/><\/figure>\n\n\n\n<h2 class=\"wp-block-heading\" id=\"h-un-verano-de-experiencias-inolvidables\"><strong>Un Verano de Experiencias Inolvidables<\/strong><\/h2>\n\n\n\n<p>Con el verano a la vuelta de la esquina, las playas espa\u00f1olas se preparan para recibir a millones de visitantes \u00e1vidos de sol y diversi\u00f3n. Desde la animada Costa del Sol hasta la pintoresca Costa Brava, cada rinc\u00f3n de la geograf\u00eda espa\u00f1ola ofrece una experiencia \u00fanica para disfrutar bajo el c\u00e1lido abrazo del Mediterr\u00e1neo y el Atl\u00e1ntico. \u00bfQu\u00e9 mejor manera de relajarse y recargar energ\u00edas que en una playa reconocida por su calidad y compromiso con el medio ambiente?<\/p>\n\n\n\n<figure class=\"wp-block-image\"><img decoding=\"async\" src=\"https:\/\/lh7-us.googleusercontent.com\/nwPqDSd2zXXpVzZRj6NTniaaLsux3SbvWNw1FYpIME6dUdQLsdVyDsrvLpTCpDdgF2z0lijLveXM7zQn1d97veM_DpV6x6zmV2qGGJ1_W5xj7nL2484Fp5Pb7gb9djP_mgTs0K4Djfowh8xrwvKuzTk\" alt=\"\"\/><\/figure>\n\n\n\n<h2 class=\"wp-block-heading\" id=\"h-explorando-la-diversidad-costera-de-espana\"><strong>Explorando la Diversidad Costera de Espa\u00f1a<\/strong><\/h2>\n\n\n\n<p>La diversidad es una de las se\u00f1as de identidad de Espa\u00f1a, y sus playas no son una excepci\u00f3n. Desde extensas extensiones de arena dorada hasta pintorescas calas escondidas entre acantilados, el litoral espa\u00f1ol tiene algo para todos los gustos. \u00bfPrefieres el bullicio de las playas urbanas con todos los servicios a tu alcance? No te pierdas la emblem\u00e1tica Playa de la Barceloneta en Barcelona. \u00bfO tal vez buscas la tranquilidad de un entorno natural? Descubre la belleza virgen de la Playa de Bolonia en Tarifa. Sea cual sea tu preferencia, encontrar\u00e1s un para\u00edso costero esper\u00e1ndote en Espa\u00f1a.<\/p>\n\n\n\n<figure class=\"wp-block-image\"><img decoding=\"async\" src=\"https:\/\/lh7-us.googleusercontent.com\/GUlV31CPInR7NJ_hACIK_Kx7_uHKR7aNGQcTRI7ZeL-joF9CFPEZMvkGfp2XpNE5r_U6RHEJcS2DToVPC-t4F_-180ywGP4DYdFvf2g6Mv5_fHRpwfA3NzGUlhEuPDUkaV_QMS6oFXLeB4azu_Bi4zo\" alt=\"\"\/><\/figure>\n\n\n\n<h2 class=\"wp-block-heading\" id=\"h-una-invitacion-a-descubrir-espana-desde-sus-costas\"><strong>Una Invitaci\u00f3n a Descubrir Espa\u00f1a desde sus Costas<\/strong><\/h2>\n\n\n\n<p>En conclusi\u00f3n, las 638 banderas azules que ondear\u00e1n en las playas espa\u00f1olas este verano son mucho m\u00e1s que un simple reconocimiento. Representan el compromiso de Espa\u00f1a con la calidad, la sostenibilidad y la excelencia en el turismo costero. Desde el norte al sur, desde el este al oeste, cada playa galardonada ofrece una experiencia inigualable que merece ser vivida. As\u00ed que, \u00bfa qu\u00e9 esperas para planificar tu pr\u00f3ximo viaje a las costas espa\u00f1olas? Sum\u00e9rgete en el encanto azul de Espa\u00f1a y descubre por qu\u00e9 es l\u00edder mundial en playas de calidad. \u00a1Te esperamos con los brazos abiertos y las olas del mar como testigos de esta inolvidable aventura!<\/p>\n","protected":false},"excerpt":{"rendered":"<p>Descubre por qu\u00e9 Espa\u00f1a es l\u00edder mundial en banderas azules este verano. Con 638 playas galardonadas, el encanto azul de las costas espa\u00f1olas te espera. \u00a1Planifica tu escapada con Tour Travel &#038; More!<\/p>\n","protected":false},"author":2,"featured_media":175235,"comment_status":"open","ping_status":"open","sticky":false,"template":"","format":"standard","meta":{"_acf_changed":false,"footnotes":""},"categories":[2294,2349,2903,3909],"tags":[],"class_list":["post-175237","post","type-post","status-publish","format-standard","has-post-thumbnail","hentry","category-espana-2","category-europa","category-europe-es","category-spain-es"],"acf":[],"yoast_head":"<!-- This site is optimized with the Yoast SEO Premium plugin v25.3.1 (Yoast SEO v25.3.1) - https:\/\/yoast.com\/wordpress\/plugins\/seo\/ -->\n<title>Espa\u00f1a, L\u00edder Mundial en Banderas Azules | Tour Travel &amp; More<\/title>\n<meta name=\"description\" content=\"Sum\u00e9rgete en el encanto azul de las costas espa\u00f1olas este verano. Conoce por qu\u00e9 Espa\u00f1a ostenta el t\u00edtulo de l\u00edder mundial en banderas azules y descubre sus 638 playas galardonadas. \u00a1Planifica tu pr\u00f3xima escapada con Tour Travel &amp; More!\" \/>\n<meta name=\"robots\" content=\"index, follow, max-snippet:-1, max-image-preview:large, max-video-preview:-1\" \/>\n<link rel=\"canonical\" href=\"https:\/\/tourtravelandmore.com\/es\/espana-lider-mundial-en-banderas-azules\/\" \/>\n<meta property=\"og:locale\" content=\"es_ES\" \/>\n<meta property=\"og:type\" content=\"article\" \/>\n<meta property=\"og:title\" content=\"Espa\u00f1a, L\u00edder Mundial en Banderas Azules\" \/>\n<meta property=\"og:description\" content=\"Sum\u00e9rgete en el encanto azul de las costas espa\u00f1olas este verano. Conoce por qu\u00e9 Espa\u00f1a ostenta el t\u00edtulo de l\u00edder mundial en banderas azules y descubre sus 638 playas galardonadas. \u00a1Planifica tu pr\u00f3xima escapada con Tour Travel &amp; More!\" \/>\n<meta property=\"og:url\" content=\"https:\/\/tourtravelandmore.com\/es\/espana-lider-mundial-en-banderas-azules\/\" \/>\n<meta property=\"og:site_name\" content=\"Tour Travel And More\" \/>\n<meta property=\"article:publisher\" content=\"https:\/\/www.facebook.com\/tourtravelandmore\/\" \/>\n<meta property=\"article:published_time\" content=\"2024-05-27T12:37:39+00:00\" \/>\n<meta property=\"article:modified_time\" content=\"2025-05-16T13:28:14+00:00\" \/>\n<meta property=\"og:image\" content=\"https:\/\/tourtravelandmore.com\/wp-content\/uploads\/2024\/05\/image-9.jpeg\" \/>\n\t<meta property=\"og:image:width\" content=\"1125\" \/>\n\t<meta property=\"og:image:height\" content=\"750\" \/>\n\t<meta property=\"og:image:type\" content=\"image\/jpeg\" \/>\n<meta name=\"author\" content=\"Maya Nader Harati\" \/>\n<meta name=\"twitter:card\" content=\"summary_large_image\" \/>\n<meta name=\"twitter:creator\" content=\"@TourTravel_More\" \/>\n<meta name=\"twitter:site\" content=\"@TourTravel_More\" \/>\n<meta name=\"twitter:label1\" content=\"Escrito por\" \/>\n\t<meta name=\"twitter:data1\" content=\"Maya Nader Harati\" \/>\n\t<meta name=\"twitter:label2\" content=\"Tiempo de lectura\" \/>\n\t<meta name=\"twitter:data2\" content=\"3 minutos\" \/>\n<script type=\"application\/ld+json\" class=\"yoast-schema-graph\">{\"@context\":\"https:\/\/schema.org\",\"@graph\":[{\"@type\":\"Article\",\"@id\":\"https:\/\/tourtravelandmore.com\/es\/espana-lider-mundial-en-banderas-azules\/#article\",\"isPartOf\":{\"@id\":\"https:\/\/tourtravelandmore.com\/es\/espana-lider-mundial-en-banderas-azules\/\"},\"author\":{\"name\":\"Maya Nader Harati\",\"@id\":\"https:\/\/tourtravelandmore.com\/es\/#\/schema\/person\/2a1c66d76ae9290a394e8efb4af12e1e\"},\"headline\":\"Espa\u00f1a, L\u00edder Mundial en Banderas Azules\",\"datePublished\":\"2024-05-27T12:37:39+00:00\",\"dateModified\":\"2025-05-16T13:28:14+00:00\",\"mainEntityOfPage\":{\"@id\":\"https:\/\/tourtravelandmore.com\/es\/espana-lider-mundial-en-banderas-azules\/\"},\"wordCount\":567,\"commentCount\":0,\"publisher\":{\"@id\":\"https:\/\/tourtravelandmore.com\/es\/#organization\"},\"image\":{\"@id\":\"https:\/\/tourtravelandmore.com\/es\/espana-lider-mundial-en-banderas-azules\/#primaryimage\"},\"thumbnailUrl\":\"https:\/\/tourtravelandmore.com\/wp-content\/uploads\/2024\/05\/image-9.jpeg\",\"articleSection\":[\"Espa\u00f1a\",\"Europa\",\"Europe\",\"Spain\"],\"inLanguage\":\"es\",\"potentialAction\":[{\"@type\":\"CommentAction\",\"name\":\"Comment\",\"target\":[\"https:\/\/tourtravelandmore.com\/es\/espana-lider-mundial-en-banderas-azules\/#respond\"]}],\"accessibilityFeature\":[\"tableOfContents\"]},{\"@type\":\"WebPage\",\"@id\":\"https:\/\/tourtravelandmore.com\/es\/espana-lider-mundial-en-banderas-azules\/\",\"url\":\"https:\/\/tourtravelandmore.com\/es\/espana-lider-mundial-en-banderas-azules\/\",\"name\":\"Espa\u00f1a, L\u00edder Mundial en Banderas Azules | Tour Travel & More\",\"isPartOf\":{\"@id\":\"https:\/\/tourtravelandmore.com\/es\/#website\"},\"primaryImageOfPage\":{\"@id\":\"https:\/\/tourtravelandmore.com\/es\/espana-lider-mundial-en-banderas-azules\/#primaryimage\"},\"image\":{\"@id\":\"https:\/\/tourtravelandmore.com\/es\/espana-lider-mundial-en-banderas-azules\/#primaryimage\"},\"thumbnailUrl\":\"https:\/\/tourtravelandmore.com\/wp-content\/uploads\/2024\/05\/image-9.jpeg\",\"datePublished\":\"2024-05-27T12:37:39+00:00\",\"dateModified\":\"2025-05-16T13:28:14+00:00\",\"description\":\"Sum\u00e9rgete en el encanto azul de las costas espa\u00f1olas este verano. Conoce por qu\u00e9 Espa\u00f1a ostenta el t\u00edtulo de l\u00edder mundial en banderas azules y descubre sus 638 playas galardonadas. \u00a1Planifica tu pr\u00f3xima escapada con Tour Travel & More!\",\"breadcrumb\":{\"@id\":\"https:\/\/tourtravelandmore.com\/es\/espana-lider-mundial-en-banderas-azules\/#breadcrumb\"},\"inLanguage\":\"es\",\"potentialAction\":[{\"@type\":\"ReadAction\",\"target\":[\"https:\/\/tourtravelandmore.com\/es\/espana-lider-mundial-en-banderas-azules\/\"]}]},{\"@type\":\"ImageObject\",\"inLanguage\":\"es\",\"@id\":\"https:\/\/tourtravelandmore.com\/es\/espana-lider-mundial-en-banderas-azules\/#primaryimage\",\"url\":\"https:\/\/tourtravelandmore.com\/wp-content\/uploads\/2024\/05\/image-9.jpeg\",\"contentUrl\":\"https:\/\/tourtravelandmore.com\/wp-content\/uploads\/2024\/05\/image-9.jpeg\",\"width\":1125,\"height\":750},{\"@type\":\"BreadcrumbList\",\"@id\":\"https:\/\/tourtravelandmore.com\/es\/espana-lider-mundial-en-banderas-azules\/#breadcrumb\",\"itemListElement\":[{\"@type\":\"ListItem\",\"position\":1,\"name\":\"Home\",\"item\":\"https:\/\/tourtravelandmore.com\/es\/\"},{\"@type\":\"ListItem\",\"position\":2,\"name\":\"Espa\u00f1a, L\u00edder Mundial en Banderas Azules\"}]},{\"@type\":\"WebSite\",\"@id\":\"https:\/\/tourtravelandmore.com\/es\/#website\",\"url\":\"https:\/\/tourtravelandmore.com\/es\/\",\"name\":\"Tour Travel And More\",\"description\":\"Private sightseeing tours and luxury transfers in Spain\",\"publisher\":{\"@id\":\"https:\/\/tourtravelandmore.com\/es\/#organization\"},\"potentialAction\":[{\"@type\":\"SearchAction\",\"target\":{\"@type\":\"EntryPoint\",\"urlTemplate\":\"https:\/\/tourtravelandmore.com\/es\/?s={search_term_string}\"},\"query-input\":{\"@type\":\"PropertyValueSpecification\",\"valueRequired\":true,\"valueName\":\"search_term_string\"}}],\"inLanguage\":\"es\"},{\"@type\":\"Organization\",\"@id\":\"https:\/\/tourtravelandmore.com\/es\/#organization\",\"name\":\"Tour Travel And More\",\"url\":\"https:\/\/tourtravelandmore.com\/es\/\",\"logo\":{\"@type\":\"ImageObject\",\"inLanguage\":\"es\",\"@id\":\"https:\/\/tourtravelandmore.com\/es\/#\/schema\/logo\/image\/\",\"url\":\"https:\/\/tourtravelandmore.com\/wp-content\/uploads\/2022\/12\/cropped-logo-cabecera-new.png\",\"contentUrl\":\"https:\/\/tourtravelandmore.com\/wp-content\/uploads\/2022\/12\/cropped-logo-cabecera-new.png\",\"width\":430,\"height\":61,\"caption\":\"Tour Travel And More\"},\"image\":{\"@id\":\"https:\/\/tourtravelandmore.com\/es\/#\/schema\/logo\/image\/\"},\"sameAs\":[\"https:\/\/www.facebook.com\/tourtravelandmore\/\",\"https:\/\/x.com\/TourTravel_More\"]},{\"@type\":\"Person\",\"@id\":\"https:\/\/tourtravelandmore.com\/es\/#\/schema\/person\/2a1c66d76ae9290a394e8efb4af12e1e\",\"name\":\"Maya Nader Harati\",\"image\":{\"@type\":\"ImageObject\",\"inLanguage\":\"es\",\"@id\":\"https:\/\/tourtravelandmore.com\/es\/#\/schema\/person\/image\/\",\"url\":\"https:\/\/secure.gravatar.com\/avatar\/adc2305883b6f86a616354c0c4516fcd9a333d5f5a0806d9d1ae9b30f898fa1f?s=96&d=mm&r=g\",\"contentUrl\":\"https:\/\/secure.gravatar.com\/avatar\/adc2305883b6f86a616354c0c4516fcd9a333d5f5a0806d9d1ae9b30f898fa1f?s=96&d=mm&r=g\",\"caption\":\"Maya Nader Harati\"},\"description\":\"Cultural Destination Specialist & Travel Chronicler. Maya doesn\u2019t just travel the world; she translates it.\",\"sameAs\":[\"https:\/\/tourtravelandmore.com\/author-profile-maya-nader-harati\/\"]}]}<\/script>\n<!-- \/ Yoast SEO Premium plugin. -->","yoast_head_json":{"title":"Espa\u00f1a, L\u00edder Mundial en Banderas Azules | Tour Travel & More","description":"Sum\u00e9rgete en el encanto azul de las costas espa\u00f1olas este verano. Conoce por qu\u00e9 Espa\u00f1a ostenta el t\u00edtulo de l\u00edder mundial en banderas azules y descubre sus 638 playas galardonadas. \u00a1Planifica tu pr\u00f3xima escapada con Tour Travel & More!","robots":{"index":"index","follow":"follow","max-snippet":"max-snippet:-1","max-image-preview":"max-image-preview:large","max-video-preview":"max-video-preview:-1"},"canonical":"https:\/\/tourtravelandmore.com\/es\/espana-lider-mundial-en-banderas-azules\/","og_locale":"es_ES","og_type":"article","og_title":"Espa\u00f1a, L\u00edder Mundial en Banderas Azules","og_description":"Sum\u00e9rgete en el encanto azul de las costas espa\u00f1olas este verano. Conoce por qu\u00e9 Espa\u00f1a ostenta el t\u00edtulo de l\u00edder mundial en banderas azules y descubre sus 638 playas galardonadas. \u00a1Planifica tu pr\u00f3xima escapada con Tour Travel & More!","og_url":"https:\/\/tourtravelandmore.com\/es\/espana-lider-mundial-en-banderas-azules\/","og_site_name":"Tour Travel And More","article_publisher":"https:\/\/www.facebook.com\/tourtravelandmore\/","article_published_time":"2024-05-27T12:37:39+00:00","article_modified_time":"2025-05-16T13:28:14+00:00","og_image":[{"width":1125,"height":750,"url":"https:\/\/tourtravelandmore.com\/wp-content\/uploads\/2024\/05\/image-9.jpeg","type":"image\/jpeg"}],"author":"Maya Nader Harati","twitter_card":"summary_large_image","twitter_creator":"@TourTravel_More","twitter_site":"@TourTravel_More","twitter_misc":{"Escrito por":"Maya Nader Harati","Tiempo de lectura":"3 minutos"},"schema":{"@context":"https:\/\/schema.org","@graph":[{"@type":"Article","@id":"https:\/\/tourtravelandmore.com\/es\/espana-lider-mundial-en-banderas-azules\/#article","isPartOf":{"@id":"https:\/\/tourtravelandmore.com\/es\/espana-lider-mundial-en-banderas-azules\/"},"author":{"name":"Maya Nader Harati","@id":"https:\/\/tourtravelandmore.com\/es\/#\/schema\/person\/2a1c66d76ae9290a394e8efb4af12e1e"},"headline":"Espa\u00f1a, L\u00edder Mundial en Banderas Azules","datePublished":"2024-05-27T12:37:39+00:00","dateModified":"2025-05-16T13:28:14+00:00","mainEntityOfPage":{"@id":"https:\/\/tourtravelandmore.com\/es\/espana-lider-mundial-en-banderas-azules\/"},"wordCount":567,"commentCount":0,"publisher":{"@id":"https:\/\/tourtravelandmore.com\/es\/#organization"},"image":{"@id":"https:\/\/tourtravelandmore.com\/es\/espana-lider-mundial-en-banderas-azules\/#primaryimage"},"thumbnailUrl":"https:\/\/tourtravelandmore.com\/wp-content\/uploads\/2024\/05\/image-9.jpeg","articleSection":["Espa\u00f1a","Europa","Europe","Spain"],"inLanguage":"es","potentialAction":[{"@type":"CommentAction","name":"Comment","target":["https:\/\/tourtravelandmore.com\/es\/espana-lider-mundial-en-banderas-azules\/#respond"]}],"accessibilityFeature":["tableOfContents"]},{"@type":"WebPage","@id":"https:\/\/tourtravelandmore.com\/es\/espana-lider-mundial-en-banderas-azules\/","url":"https:\/\/tourtravelandmore.com\/es\/espana-lider-mundial-en-banderas-azules\/","name":"Espa\u00f1a, L\u00edder Mundial en Banderas Azules | Tour Travel & More","isPartOf":{"@id":"https:\/\/tourtravelandmore.com\/es\/#website"},"primaryImageOfPage":{"@id":"https:\/\/tourtravelandmore.com\/es\/espana-lider-mundial-en-banderas-azules\/#primaryimage"},"image":{"@id":"https:\/\/tourtravelandmore.com\/es\/espana-lider-mundial-en-banderas-azules\/#primaryimage"},"thumbnailUrl":"https:\/\/tourtravelandmore.com\/wp-content\/uploads\/2024\/05\/image-9.jpeg","datePublished":"2024-05-27T12:37:39+00:00","dateModified":"2025-05-16T13:28:14+00:00","description":"Sum\u00e9rgete en el encanto azul de las costas espa\u00f1olas este verano. Conoce por qu\u00e9 Espa\u00f1a ostenta el t\u00edtulo de l\u00edder mundial en banderas azules y descubre sus 638 playas galardonadas. \u00a1Planifica tu pr\u00f3xima escapada con Tour Travel & More!","breadcrumb":{"@id":"https:\/\/tourtravelandmore.com\/es\/espana-lider-mundial-en-banderas-azules\/#breadcrumb"},"inLanguage":"es","potentialAction":[{"@type":"ReadAction","target":["https:\/\/tourtravelandmore.com\/es\/espana-lider-mundial-en-banderas-azules\/"]}]},{"@type":"ImageObject","inLanguage":"es","@id":"https:\/\/tourtravelandmore.com\/es\/espana-lider-mundial-en-banderas-azules\/#primaryimage","url":"https:\/\/tourtravelandmore.com\/wp-content\/uploads\/2024\/05\/image-9.jpeg","contentUrl":"https:\/\/tourtravelandmore.com\/wp-content\/uploads\/2024\/05\/image-9.jpeg","width":1125,"height":750},{"@type":"BreadcrumbList","@id":"https:\/\/tourtravelandmore.com\/es\/espana-lider-mundial-en-banderas-azules\/#breadcrumb","itemListElement":[{"@type":"ListItem","position":1,"name":"Home","item":"https:\/\/tourtravelandmore.com\/es\/"},{"@type":"ListItem","position":2,"name":"Espa\u00f1a, L\u00edder Mundial en Banderas Azules"}]},{"@type":"WebSite","@id":"https:\/\/tourtravelandmore.com\/es\/#website","url":"https:\/\/tourtravelandmore.com\/es\/","name":"Tour Travel And More","description":"Private sightseeing tours and luxury transfers in Spain","publisher":{"@id":"https:\/\/tourtravelandmore.com\/es\/#organization"},"potentialAction":[{"@type":"SearchAction","target":{"@type":"EntryPoint","urlTemplate":"https:\/\/tourtravelandmore.com\/es\/?s={search_term_string}"},"query-input":{"@type":"PropertyValueSpecification","valueRequired":true,"valueName":"search_term_string"}}],"inLanguage":"es"},{"@type":"Organization","@id":"https:\/\/tourtravelandmore.com\/es\/#organization","name":"Tour Travel And More","url":"https:\/\/tourtravelandmore.com\/es\/","logo":{"@type":"ImageObject","inLanguage":"es","@id":"https:\/\/tourtravelandmore.com\/es\/#\/schema\/logo\/image\/","url":"https:\/\/tourtravelandmore.com\/wp-content\/uploads\/2022\/12\/cropped-logo-cabecera-new.png","contentUrl":"https:\/\/tourtravelandmore.com\/wp-content\/uploads\/2022\/12\/cropped-logo-cabecera-new.png","width":430,"height":61,"caption":"Tour Travel And More"},"image":{"@id":"https:\/\/tourtravelandmore.com\/es\/#\/schema\/logo\/image\/"},"sameAs":["https:\/\/www.facebook.com\/tourtravelandmore\/","https:\/\/x.com\/TourTravel_More"]},{"@type":"Person","@id":"https:\/\/tourtravelandmore.com\/es\/#\/schema\/person\/2a1c66d76ae9290a394e8efb4af12e1e","name":"Maya Nader Harati","image":{"@type":"ImageObject","inLanguage":"es","@id":"https:\/\/tourtravelandmore.com\/es\/#\/schema\/person\/image\/","url":"https:\/\/secure.gravatar.com\/avatar\/adc2305883b6f86a616354c0c4516fcd9a333d5f5a0806d9d1ae9b30f898fa1f?s=96&d=mm&r=g","contentUrl":"https:\/\/secure.gravatar.com\/avatar\/adc2305883b6f86a616354c0c4516fcd9a333d5f5a0806d9d1ae9b30f898fa1f?s=96&d=mm&r=g","caption":"Maya Nader Harati"},"description":"Cultural Destination Specialist & Travel Chronicler. Maya doesn\u2019t just travel the world; she translates it.","sameAs":["https:\/\/tourtravelandmore.com\/author-profile-maya-nader-harati\/"]}]}},"_links":{"self":[{"href":"https:\/\/tourtravelandmore.com\/es\/wp-json\/wp\/v2\/posts\/175237","targetHints":{"allow":["GET"]}}],"collection":[{"href":"https:\/\/tourtravelandmore.com\/es\/wp-json\/wp\/v2\/posts"}],"about":[{"href":"https:\/\/tourtravelandmore.com\/es\/wp-json\/wp\/v2\/types\/post"}],"author":[{"embeddable":true,"href":"https:\/\/tourtravelandmore.com\/es\/wp-json\/wp\/v2\/users\/2"}],"replies":[{"embeddable":true,"href":"https:\/\/tourtravelandmore.com\/es\/wp-json\/wp\/v2\/comments?post=175237"}],"version-history":[{"count":1,"href":"https:\/\/tourtravelandmore.com\/es\/wp-json\/wp\/v2\/posts\/175237\/revisions"}],"predecessor-version":[{"id":175238,"href":"https:\/\/tourtravelandmore.com\/es\/wp-json\/wp\/v2\/posts\/175237\/revisions\/175238"}],"wp:featuredmedia":[{"embeddable":true,"href":"https:\/\/tourtravelandmore.com\/es\/wp-json\/wp\/v2\/media\/175235"}],"wp:attachment":[{"href":"https:\/\/tourtravelandmore.com\/es\/wp-json\/wp\/v2\/media?parent=175237"}],"wp:term":[{"taxonomy":"category","embeddable":true,"href":"https:\/\/tourtravelandmore.com\/es\/wp-json\/wp\/v2\/categories?post=175237"},{"taxonomy":"post_tag","embeddable":true,"href":"https:\/\/tourtravelandmore.com\/es\/wp-json\/wp\/v2\/tags?post=175237"}],"curies":[{"name":"wp","href":"https:\/\/api.w.org\/{rel}","templated":true}]}}