{"id":172197,"date":"2024-02-02T09:39:08","date_gmt":"2024-02-02T08:39:08","guid":{"rendered":"https:\/\/tourtravelandmore.com\/?p=172197"},"modified":"2025-05-16T15:33:32","modified_gmt":"2025-05-16T13:33:32","slug":"explora-la-peninsula-iberica-en-2024","status":"publish","type":"post","link":"https:\/\/tourtravelandmore.com\/es\/explora-la-peninsula-iberica-en-2024\/","title":{"rendered":"Explora la Pen\u00ednsula Ib\u00e9rica en 2024"},"content":{"rendered":"\n<div class=\"wp-block-yoast-seo-table-of-contents yoast-table-of-contents\"><h2>Tabla de contenidos<\/h2><ul><li><a href=\"#h-barcelona-espana\" data-level=\"2\">Barcelona, Espa\u00f1a:<\/a><\/li><li><a href=\"#h-lisboa-portugal\" data-level=\"2\">Lisboa, Portugal:<\/a><\/li><li><a href=\"#h-granada-espana\" data-level=\"2\">Granada, Espa\u00f1a:<\/a><\/li><li><a href=\"#h-oporto-portugal\" data-level=\"2\">Oporto, Portugal:<\/a><\/li><li><a href=\"#h-sevilla-espana\" data-level=\"2\">Sevilla, Espa\u00f1a:<\/a><\/li><li><a href=\"#h-faro-portugal\" data-level=\"2\">Faro, Portugal:<\/a><\/li><li><a href=\"#h-valencia-espana\" data-level=\"2\">Valencia, Espa\u00f1a:<\/a><\/li><li><a href=\"#h-porto-portugal\" data-level=\"2\">Porto, Portugal:<\/a><\/li><li><a href=\"#h-cordoba-espana\" data-level=\"2\">C\u00f3rdoba, Espa\u00f1a:<\/a><\/li><li><a href=\"#h-evora-portugal\" data-level=\"2\">\u00c9vora, Portugal:<\/a><\/li><li><a href=\"#h-san-sebastian-espana\" data-level=\"2\">San Sebasti\u00e1n, Espa\u00f1a:<\/a><\/li><li><a href=\"#h-sintra-portugal\" data-level=\"2\">Sintra, Portugal:<\/a><\/li><\/ul><\/div>\n\n\n\n<p>Bienvenidos a un nuevo a\u00f1o lleno de emocionantes oportunidades para explorar y descubrir. En Tour Travel &amp; More, estamos emocionados de presentarte los destinos m\u00e1s destacados de Espa\u00f1a y Portugal que no debes perderte en el 2024. Desde la rica historia hasta la impresionante belleza natural, estos destinos cautivar\u00e1n tus sentidos y te dejar\u00e1n con recuerdos inolvidables. As\u00ed que, sin m\u00e1s pre\u00e1mbulos, sum\u00e9rgete en esta lista de los 12 destinos que har\u00e1n que tu viaje sea extraordinario. <a href=\"https:\/\/tourtravelandmore.com\/es\/\">\u00a1Mira nuestros tours privados aqu\u00ed!&nbsp;<\/a><\/p>\n\n\n\n<h2 class=\"wp-block-heading\" id=\"h-barcelona-espana\"><strong>Barcelona, Espa\u00f1a:<\/strong><\/h2>\n\n\n\n<p>Comencemos con una joya arquitect\u00f3nica y cultural. Barcelona, la ciudad de Gaud\u00ed, te recibir\u00e1 con la majestuosidad de la Sagrada Familia y el encanto de Las Ramblas. Sum\u00e9rgete en la historia de la ciudad antigua y disfruta de la animada vida nocturna.<\/p>\n\n\n\n<h2 class=\"wp-block-heading\" id=\"h-lisboa-portugal\"><strong>Lisboa, Portugal:<\/strong><\/h2>\n\n\n\n<p>En Lisboa, cada calle cuenta una historia. Desde los estrechos callejones de Alfama hasta la vibrante escena art\u00edstica de LX Factory, la capital portuguesa te sorprender\u00e1 con su mezcla de tradici\u00f3n y modernidad.<\/p>\n\n\n\n<h2 class=\"wp-block-heading\" id=\"h-granada-espana\"><strong>Granada, Espa\u00f1a:<\/strong><\/h2>\n\n\n\n<p>\u00bfAlguna vez has so\u00f1ado con perder la noci\u00f3n del tiempo en la Alhambra? Granada te brinda esa oportunidad. Sum\u00e9rgete en la rica herencia morisca y disfruta de las vistas panor\u00e1micas de la ciudad desde la Alcazaba.<\/p>\n\n\n\n<figure class=\"wp-block-image\"><img decoding=\"async\" src=\"https:\/\/lh7-us.googleusercontent.com\/ycJzFycppNkdwf32UQDqKmVigspXN6w6vG5DJ7KRHz5srwJGSSXtKI_zZyR7jGBXNBTw25ufnrvSzJ-vd8ZYXYm_-HievsaVl3oSn1NbC0zNS5JcdUVWP8w0XGlnV88OmLU60sHRu6LSFTJqgN9xjjU\" alt=\"\"\/><\/figure>\n\n\n\n<h2 class=\"wp-block-heading\" id=\"h-oporto-portugal\"><strong>Oporto, Portugal:<\/strong><\/h2>\n\n\n\n<p>Para los amantes del vino de Oporto y la arquitectura encantadora, este destino es un imprescindible. Pasea por el puente Dom Lu\u00eds I y degusta los vinos locales en las bodegas a orillas del r\u00edo Duero.<\/p>\n\n\n\n<h2 class=\"wp-block-heading\" id=\"h-sevilla-espana\"><strong>Sevilla, Espa\u00f1a:<\/strong><\/h2>\n\n\n\n<p>La pasi\u00f3n flamenca, los patios llenos de flores y la Giralda dominando el horizonte: Sevilla es una ciudad que cautiva. No te pierdas la experiencia de la Semana Santa sevillana y descubre la aut\u00e9ntica cultura andaluza.<\/p>\n\n\n\n<h2 class=\"wp-block-heading\" id=\"h-faro-portugal\"><strong>Faro, Portugal:<\/strong><\/h2>\n\n\n\n<p>Para una escapada tranquila, Faro en el Algarve es la elecci\u00f3n perfecta. Descubre la belleza natural de la R\u00eda Formosa y rel\u00e1jate en las playas de arena dorada.<\/p>\n\n\n\n<figure class=\"wp-block-image\"><img decoding=\"async\" src=\"https:\/\/lh7-us.googleusercontent.com\/UfVTddlG5F2XhKiY2yGCZF6nlpBOSNmpX61Iz1Qza3b4rA8Jkwqn0SWMhI07zV52-8MlTglvJYG6sX5BgO3mCg5LQwhUuU0fr761wfnjEjNw3cQUf5UKgl8Qg2o8Qy5x6nlWeEma_Wr9UD6p74L_olw\" alt=\"\"\/><\/figure>\n\n\n\n<h2 class=\"wp-block-heading\" id=\"h-valencia-espana\"><strong>Valencia, Espa\u00f1a:<\/strong><\/h2>\n\n\n\n<p>Con su moderna Ciudad de las Artes y las Ciencias y la ecl\u00e9ctica arquitectura de Calatrava, Valencia es una ciudad que combina lo antiguo y lo nuevo de manera magistral. Disfruta de la paella valenciana en su lugar de origen.<\/p>\n\n\n\n<h2 class=\"wp-block-heading\" id=\"h-porto-portugal\"><strong>Porto, Portugal:<\/strong><\/h2>\n\n\n\n<p>S\u00ed, otro Porto en la lista, pero este es diferente. Descubre la isla de Porto Santo en Madeira, con sus playas de arena fina y aguas cristalinas. Una escapada paradis\u00edaca dentro de tu viaje.<\/p>\n\n\n\n<h2 class=\"wp-block-heading\" id=\"h-cordoba-espana\"><strong>C\u00f3rdoba, Espa\u00f1a:<\/strong><\/h2>\n\n\n\n<p>Sum\u00e9rgete en la historia andaluza en C\u00f3rdoba, donde la Mezquita-Catedral te dejar\u00e1 sin aliento. Pasea por los estrechos callejones del Barrio Jud\u00edo y descubre la esencia de esta ciudad llena de encanto.<\/p>\n\n\n\n<figure class=\"wp-block-image\"><img decoding=\"async\" src=\"https:\/\/lh7-us.googleusercontent.com\/7GuWHW5UbQNEAHCpzucQj7zRn-kH0OpPBqVK1pKJLBTYGpijPPU0XH91-63KIPUYXH3-RWvapGzG5W5Ihf2ZvkVeHilwxLa0XpR4PSHff5iGN0VvHd8_0zfMmCjF5AEIZKCduiRTafZePxaiQgTbGAs\" alt=\"\"\/><\/figure>\n\n\n\n<h2 class=\"wp-block-heading\" id=\"h-evora-portugal\"><strong>\u00c9vora, Portugal:<\/strong><\/h2>\n\n\n\n<p>En la regi\u00f3n de Alentejo, \u00c9vora es un tesoro lleno de historia y cultura. Explora el Templo de Diana y marav\u00edllate con la arquitectura medieval bien conservada.<\/p>\n\n\n\n<h2 class=\"wp-block-heading\" id=\"h-san-sebastian-espana\"><strong>San Sebasti\u00e1n, Espa\u00f1a:<\/strong><\/h2>\n\n\n\n<p>Para los amantes de la gastronom\u00eda, San Sebasti\u00e1n es el para\u00edso. Disfruta de los pintxos en la Parte Vieja y rel\u00e1jate en la hermosa playa de La Concha.<\/p>\n\n\n\n<h2 class=\"wp-block-heading\" id=\"h-sintra-portugal\"><strong>Sintra, Portugal:<\/strong><\/h2>\n\n\n\n<p>Cerramos esta lista con un destino de cuento de hadas. Sintra, con sus palacios y jardines exuberantes, te transportar\u00e1 a un mundo m\u00e1gico. No te pierdas el Palacio Nacional y el Palacio da Pena.<\/p>\n\n\n\n<p>Prep\u00e1rate para un a\u00f1o lleno de aventuras, descubrimientos y experiencias inolvidables en estos fascinantes destinos de Espa\u00f1a y Portugal. En Tour Travel &amp; More, estamos aqu\u00ed para hacer que tu viaje sea inolvidable. \u00a1Reserva ahora y deja que la exploraci\u00f3n comience!<\/p>\n","protected":false},"excerpt":{"rendered":"<p>En el 2024, Tour Travel &#038; More te invita a sumergirte en la fascinante Pen\u00ednsula Ib\u00e9rica con su lista exclusiva de los 12 destinos m\u00e1s emocionantes en Espa\u00f1a y Portugal. Desde la majestuosidad de Barcelona hasta la magia de Sintra, cada lugar te transportar\u00e1 a un mundo lleno de historia, cultura y belleza sin igual. Experimenta la pasi\u00f3n de Sevilla, degusta los vinos de Oporto y explora la autenticidad de ciudades como Granada y Lisboa. Prep\u00e1rate para un viaje lleno de descubrimientos y recuerdos inolvidables. Reserva ahora y deja que Tour Travel &#038; More te gu\u00ede en esta extraordinaria traves\u00eda por la Pen\u00ednsula Ib\u00e9rica.<\/p>\n","protected":false},"author":2,"featured_media":172195,"comment_status":"open","ping_status":"open","sticky":false,"template":"","format":"standard","meta":{"_acf_changed":false,"footnotes":""},"categories":[2294,2349,2903,2361,3909],"tags":[],"class_list":["post-172197","post","type-post","status-publish","format-standard","has-post-thumbnail","hentry","category-espana-2","category-europa","category-europe-es","category-portugal-es","category-spain-es"],"acf":[],"yoast_head":"<!-- This site is optimized with the Yoast SEO Premium plugin v25.3.1 (Yoast SEO v25.3.1) - https:\/\/yoast.com\/wordpress\/plugins\/seo\/ -->\n<title>Explora la Pen\u00ednsula Ib\u00e9rica en 2024 - Tour Travel &amp; More<\/title>\n<meta name=\"description\" content=\"Explora la riqueza cultural, la arquitectura asombrosa y los paisajes cautivadores de Espa\u00f1a y Portugal en el 2024. Descubre los destinos m\u00e1s destacados con Tour Travel &amp; More y haz que tu viaje sea inolvidable. Reserva ahora para vivir experiencias \u00fanicas.\" \/>\n<meta name=\"robots\" content=\"index, follow, max-snippet:-1, max-image-preview:large, max-video-preview:-1\" \/>\n<link rel=\"canonical\" href=\"https:\/\/tourtravelandmore.com\/es\/explora-la-peninsula-iberica-en-2024\/\" \/>\n<meta property=\"og:locale\" content=\"es_ES\" \/>\n<meta property=\"og:type\" content=\"article\" \/>\n<meta property=\"og:title\" content=\"Explora la Pen\u00ednsula Ib\u00e9rica en 2024\" \/>\n<meta property=\"og:description\" content=\"Explora la riqueza cultural, la arquitectura asombrosa y los paisajes cautivadores de Espa\u00f1a y Portugal en el 2024. Descubre los destinos m\u00e1s destacados con Tour Travel &amp; More y haz que tu viaje sea inolvidable. Reserva ahora para vivir experiencias \u00fanicas.\" \/>\n<meta property=\"og:url\" content=\"https:\/\/tourtravelandmore.com\/es\/explora-la-peninsula-iberica-en-2024\/\" \/>\n<meta property=\"og:site_name\" content=\"Tour Travel And More\" \/>\n<meta property=\"article:publisher\" content=\"https:\/\/www.facebook.com\/tourtravelandmore\/\" \/>\n<meta property=\"article:published_time\" content=\"2024-02-02T08:39:08+00:00\" \/>\n<meta property=\"article:modified_time\" content=\"2025-05-16T13:33:32+00:00\" \/>\n<meta property=\"og:image\" content=\"https:\/\/tourtravelandmore.com\/wp-content\/uploads\/2024\/02\/image.jpeg\" \/>\n\t<meta property=\"og:image:width\" content=\"1125\" \/>\n\t<meta property=\"og:image:height\" content=\"750\" \/>\n\t<meta property=\"og:image:type\" content=\"image\/jpeg\" \/>\n<meta name=\"author\" content=\"Maya Nader Harati\" \/>\n<meta name=\"twitter:card\" content=\"summary_large_image\" \/>\n<meta name=\"twitter:creator\" content=\"@TourTravel_More\" \/>\n<meta name=\"twitter:site\" content=\"@TourTravel_More\" \/>\n<meta name=\"twitter:label1\" content=\"Escrito por\" \/>\n\t<meta name=\"twitter:data1\" content=\"Maya Nader Harati\" \/>\n\t<meta name=\"twitter:label2\" content=\"Tiempo de lectura\" \/>\n\t<meta name=\"twitter:data2\" content=\"4 minutos\" \/>\n<script type=\"application\/ld+json\" class=\"yoast-schema-graph\">{\"@context\":\"https:\/\/schema.org\",\"@graph\":[{\"@type\":\"Article\",\"@id\":\"https:\/\/tourtravelandmore.com\/es\/explora-la-peninsula-iberica-en-2024\/#article\",\"isPartOf\":{\"@id\":\"https:\/\/tourtravelandmore.com\/es\/explora-la-peninsula-iberica-en-2024\/\"},\"author\":{\"name\":\"Maya Nader Harati\",\"@id\":\"https:\/\/tourtravelandmore.com\/es\/#\/schema\/person\/2a1c66d76ae9290a394e8efb4af12e1e\"},\"headline\":\"Explora la Pen\u00ednsula Ib\u00e9rica en 2024\",\"datePublished\":\"2024-02-02T08:39:08+00:00\",\"dateModified\":\"2025-05-16T13:33:32+00:00\",\"mainEntityOfPage\":{\"@id\":\"https:\/\/tourtravelandmore.com\/es\/explora-la-peninsula-iberica-en-2024\/\"},\"wordCount\":644,\"commentCount\":0,\"publisher\":{\"@id\":\"https:\/\/tourtravelandmore.com\/es\/#organization\"},\"image\":{\"@id\":\"https:\/\/tourtravelandmore.com\/es\/explora-la-peninsula-iberica-en-2024\/#primaryimage\"},\"thumbnailUrl\":\"https:\/\/tourtravelandmore.com\/wp-content\/uploads\/2024\/02\/image.jpeg\",\"articleSection\":[\"Espa\u00f1a\",\"Europa\",\"Europe\",\"Portugal\",\"Spain\"],\"inLanguage\":\"es\",\"potentialAction\":[{\"@type\":\"CommentAction\",\"name\":\"Comment\",\"target\":[\"https:\/\/tourtravelandmore.com\/es\/explora-la-peninsula-iberica-en-2024\/#respond\"]}],\"accessibilityFeature\":[\"tableOfContents\"]},{\"@type\":\"WebPage\",\"@id\":\"https:\/\/tourtravelandmore.com\/es\/explora-la-peninsula-iberica-en-2024\/\",\"url\":\"https:\/\/tourtravelandmore.com\/es\/explora-la-peninsula-iberica-en-2024\/\",\"name\":\"Explora la Pen\u00ednsula Ib\u00e9rica en 2024 - Tour Travel & More\",\"isPartOf\":{\"@id\":\"https:\/\/tourtravelandmore.com\/es\/#website\"},\"primaryImageOfPage\":{\"@id\":\"https:\/\/tourtravelandmore.com\/es\/explora-la-peninsula-iberica-en-2024\/#primaryimage\"},\"image\":{\"@id\":\"https:\/\/tourtravelandmore.com\/es\/explora-la-peninsula-iberica-en-2024\/#primaryimage\"},\"thumbnailUrl\":\"https:\/\/tourtravelandmore.com\/wp-content\/uploads\/2024\/02\/image.jpeg\",\"datePublished\":\"2024-02-02T08:39:08+00:00\",\"dateModified\":\"2025-05-16T13:33:32+00:00\",\"description\":\"Explora la riqueza cultural, la arquitectura asombrosa y los paisajes cautivadores de Espa\u00f1a y Portugal en el 2024. Descubre los destinos m\u00e1s destacados con Tour Travel & More y haz que tu viaje sea inolvidable. Reserva ahora para vivir experiencias \u00fanicas.\",\"breadcrumb\":{\"@id\":\"https:\/\/tourtravelandmore.com\/es\/explora-la-peninsula-iberica-en-2024\/#breadcrumb\"},\"inLanguage\":\"es\",\"potentialAction\":[{\"@type\":\"ReadAction\",\"target\":[\"https:\/\/tourtravelandmore.com\/es\/explora-la-peninsula-iberica-en-2024\/\"]}]},{\"@type\":\"ImageObject\",\"inLanguage\":\"es\",\"@id\":\"https:\/\/tourtravelandmore.com\/es\/explora-la-peninsula-iberica-en-2024\/#primaryimage\",\"url\":\"https:\/\/tourtravelandmore.com\/wp-content\/uploads\/2024\/02\/image.jpeg\",\"contentUrl\":\"https:\/\/tourtravelandmore.com\/wp-content\/uploads\/2024\/02\/image.jpeg\",\"width\":1125,\"height\":750},{\"@type\":\"BreadcrumbList\",\"@id\":\"https:\/\/tourtravelandmore.com\/es\/explora-la-peninsula-iberica-en-2024\/#breadcrumb\",\"itemListElement\":[{\"@type\":\"ListItem\",\"position\":1,\"name\":\"Home\",\"item\":\"https:\/\/tourtravelandmore.com\/es\/\"},{\"@type\":\"ListItem\",\"position\":2,\"name\":\"Explora la Pen\u00ednsula Ib\u00e9rica en 2024\"}]},{\"@type\":\"WebSite\",\"@id\":\"https:\/\/tourtravelandmore.com\/es\/#website\",\"url\":\"https:\/\/tourtravelandmore.com\/es\/\",\"name\":\"Tour Travel And More\",\"description\":\"Private sightseeing tours and luxury transfers in Spain\",\"publisher\":{\"@id\":\"https:\/\/tourtravelandmore.com\/es\/#organization\"},\"potentialAction\":[{\"@type\":\"SearchAction\",\"target\":{\"@type\":\"EntryPoint\",\"urlTemplate\":\"https:\/\/tourtravelandmore.com\/es\/?s={search_term_string}\"},\"query-input\":{\"@type\":\"PropertyValueSpecification\",\"valueRequired\":true,\"valueName\":\"search_term_string\"}}],\"inLanguage\":\"es\"},{\"@type\":\"Organization\",\"@id\":\"https:\/\/tourtravelandmore.com\/es\/#organization\",\"name\":\"Tour Travel And More\",\"url\":\"https:\/\/tourtravelandmore.com\/es\/\",\"logo\":{\"@type\":\"ImageObject\",\"inLanguage\":\"es\",\"@id\":\"https:\/\/tourtravelandmore.com\/es\/#\/schema\/logo\/image\/\",\"url\":\"https:\/\/tourtravelandmore.com\/wp-content\/uploads\/2022\/12\/cropped-logo-cabecera-new.png\",\"contentUrl\":\"https:\/\/tourtravelandmore.com\/wp-content\/uploads\/2022\/12\/cropped-logo-cabecera-new.png\",\"width\":430,\"height\":61,\"caption\":\"Tour Travel And More\"},\"image\":{\"@id\":\"https:\/\/tourtravelandmore.com\/es\/#\/schema\/logo\/image\/\"},\"sameAs\":[\"https:\/\/www.facebook.com\/tourtravelandmore\/\",\"https:\/\/x.com\/TourTravel_More\"]},{\"@type\":\"Person\",\"@id\":\"https:\/\/tourtravelandmore.com\/es\/#\/schema\/person\/2a1c66d76ae9290a394e8efb4af12e1e\",\"name\":\"Maya Nader Harati\",\"image\":{\"@type\":\"ImageObject\",\"inLanguage\":\"es\",\"@id\":\"https:\/\/tourtravelandmore.com\/es\/#\/schema\/person\/image\/\",\"url\":\"https:\/\/secure.gravatar.com\/avatar\/adc2305883b6f86a616354c0c4516fcd9a333d5f5a0806d9d1ae9b30f898fa1f?s=96&d=mm&r=g\",\"contentUrl\":\"https:\/\/secure.gravatar.com\/avatar\/adc2305883b6f86a616354c0c4516fcd9a333d5f5a0806d9d1ae9b30f898fa1f?s=96&d=mm&r=g\",\"caption\":\"Maya Nader Harati\"},\"description\":\"Cultural Destination Specialist & Travel Chronicler. Maya doesn\u2019t just travel the world; she translates it.\",\"sameAs\":[\"https:\/\/tourtravelandmore.com\/author-profile-maya-nader-harati\/\"]}]}<\/script>\n<!-- \/ Yoast SEO Premium plugin. -->","yoast_head_json":{"title":"Explora la Pen\u00ednsula Ib\u00e9rica en 2024 - Tour Travel & More","description":"Explora la riqueza cultural, la arquitectura asombrosa y los paisajes cautivadores de Espa\u00f1a y Portugal en el 2024. Descubre los destinos m\u00e1s destacados con Tour Travel & More y haz que tu viaje sea inolvidable. Reserva ahora para vivir experiencias \u00fanicas.","robots":{"index":"index","follow":"follow","max-snippet":"max-snippet:-1","max-image-preview":"max-image-preview:large","max-video-preview":"max-video-preview:-1"},"canonical":"https:\/\/tourtravelandmore.com\/es\/explora-la-peninsula-iberica-en-2024\/","og_locale":"es_ES","og_type":"article","og_title":"Explora la Pen\u00ednsula Ib\u00e9rica en 2024","og_description":"Explora la riqueza cultural, la arquitectura asombrosa y los paisajes cautivadores de Espa\u00f1a y Portugal en el 2024. Descubre los destinos m\u00e1s destacados con Tour Travel & More y haz que tu viaje sea inolvidable. Reserva ahora para vivir experiencias \u00fanicas.","og_url":"https:\/\/tourtravelandmore.com\/es\/explora-la-peninsula-iberica-en-2024\/","og_site_name":"Tour Travel And More","article_publisher":"https:\/\/www.facebook.com\/tourtravelandmore\/","article_published_time":"2024-02-02T08:39:08+00:00","article_modified_time":"2025-05-16T13:33:32+00:00","og_image":[{"width":1125,"height":750,"url":"https:\/\/tourtravelandmore.com\/wp-content\/uploads\/2024\/02\/image.jpeg","type":"image\/jpeg"}],"author":"Maya Nader Harati","twitter_card":"summary_large_image","twitter_creator":"@TourTravel_More","twitter_site":"@TourTravel_More","twitter_misc":{"Escrito por":"Maya Nader Harati","Tiempo de lectura":"4 minutos"},"schema":{"@context":"https:\/\/schema.org","@graph":[{"@type":"Article","@id":"https:\/\/tourtravelandmore.com\/es\/explora-la-peninsula-iberica-en-2024\/#article","isPartOf":{"@id":"https:\/\/tourtravelandmore.com\/es\/explora-la-peninsula-iberica-en-2024\/"},"author":{"name":"Maya Nader Harati","@id":"https:\/\/tourtravelandmore.com\/es\/#\/schema\/person\/2a1c66d76ae9290a394e8efb4af12e1e"},"headline":"Explora la Pen\u00ednsula Ib\u00e9rica en 2024","datePublished":"2024-02-02T08:39:08+00:00","dateModified":"2025-05-16T13:33:32+00:00","mainEntityOfPage":{"@id":"https:\/\/tourtravelandmore.com\/es\/explora-la-peninsula-iberica-en-2024\/"},"wordCount":644,"commentCount":0,"publisher":{"@id":"https:\/\/tourtravelandmore.com\/es\/#organization"},"image":{"@id":"https:\/\/tourtravelandmore.com\/es\/explora-la-peninsula-iberica-en-2024\/#primaryimage"},"thumbnailUrl":"https:\/\/tourtravelandmore.com\/wp-content\/uploads\/2024\/02\/image.jpeg","articleSection":["Espa\u00f1a","Europa","Europe","Portugal","Spain"],"inLanguage":"es","potentialAction":[{"@type":"CommentAction","name":"Comment","target":["https:\/\/tourtravelandmore.com\/es\/explora-la-peninsula-iberica-en-2024\/#respond"]}],"accessibilityFeature":["tableOfContents"]},{"@type":"WebPage","@id":"https:\/\/tourtravelandmore.com\/es\/explora-la-peninsula-iberica-en-2024\/","url":"https:\/\/tourtravelandmore.com\/es\/explora-la-peninsula-iberica-en-2024\/","name":"Explora la Pen\u00ednsula Ib\u00e9rica en 2024 - Tour Travel & More","isPartOf":{"@id":"https:\/\/tourtravelandmore.com\/es\/#website"},"primaryImageOfPage":{"@id":"https:\/\/tourtravelandmore.com\/es\/explora-la-peninsula-iberica-en-2024\/#primaryimage"},"image":{"@id":"https:\/\/tourtravelandmore.com\/es\/explora-la-peninsula-iberica-en-2024\/#primaryimage"},"thumbnailUrl":"https:\/\/tourtravelandmore.com\/wp-content\/uploads\/2024\/02\/image.jpeg","datePublished":"2024-02-02T08:39:08+00:00","dateModified":"2025-05-16T13:33:32+00:00","description":"Explora la riqueza cultural, la arquitectura asombrosa y los paisajes cautivadores de Espa\u00f1a y Portugal en el 2024. Descubre los destinos m\u00e1s destacados con Tour Travel & More y haz que tu viaje sea inolvidable. Reserva ahora para vivir experiencias \u00fanicas.","breadcrumb":{"@id":"https:\/\/tourtravelandmore.com\/es\/explora-la-peninsula-iberica-en-2024\/#breadcrumb"},"inLanguage":"es","potentialAction":[{"@type":"ReadAction","target":["https:\/\/tourtravelandmore.com\/es\/explora-la-peninsula-iberica-en-2024\/"]}]},{"@type":"ImageObject","inLanguage":"es","@id":"https:\/\/tourtravelandmore.com\/es\/explora-la-peninsula-iberica-en-2024\/#primaryimage","url":"https:\/\/tourtravelandmore.com\/wp-content\/uploads\/2024\/02\/image.jpeg","contentUrl":"https:\/\/tourtravelandmore.com\/wp-content\/uploads\/2024\/02\/image.jpeg","width":1125,"height":750},{"@type":"BreadcrumbList","@id":"https:\/\/tourtravelandmore.com\/es\/explora-la-peninsula-iberica-en-2024\/#breadcrumb","itemListElement":[{"@type":"ListItem","position":1,"name":"Home","item":"https:\/\/tourtravelandmore.com\/es\/"},{"@type":"ListItem","position":2,"name":"Explora la Pen\u00ednsula Ib\u00e9rica en 2024"}]},{"@type":"WebSite","@id":"https:\/\/tourtravelandmore.com\/es\/#website","url":"https:\/\/tourtravelandmore.com\/es\/","name":"Tour Travel And More","description":"Private sightseeing tours and luxury transfers in Spain","publisher":{"@id":"https:\/\/tourtravelandmore.com\/es\/#organization"},"potentialAction":[{"@type":"SearchAction","target":{"@type":"EntryPoint","urlTemplate":"https:\/\/tourtravelandmore.com\/es\/?s={search_term_string}"},"query-input":{"@type":"PropertyValueSpecification","valueRequired":true,"valueName":"search_term_string"}}],"inLanguage":"es"},{"@type":"Organization","@id":"https:\/\/tourtravelandmore.com\/es\/#organization","name":"Tour Travel And More","url":"https:\/\/tourtravelandmore.com\/es\/","logo":{"@type":"ImageObject","inLanguage":"es","@id":"https:\/\/tourtravelandmore.com\/es\/#\/schema\/logo\/image\/","url":"https:\/\/tourtravelandmore.com\/wp-content\/uploads\/2022\/12\/cropped-logo-cabecera-new.png","contentUrl":"https:\/\/tourtravelandmore.com\/wp-content\/uploads\/2022\/12\/cropped-logo-cabecera-new.png","width":430,"height":61,"caption":"Tour Travel And More"},"image":{"@id":"https:\/\/tourtravelandmore.com\/es\/#\/schema\/logo\/image\/"},"sameAs":["https:\/\/www.facebook.com\/tourtravelandmore\/","https:\/\/x.com\/TourTravel_More"]},{"@type":"Person","@id":"https:\/\/tourtravelandmore.com\/es\/#\/schema\/person\/2a1c66d76ae9290a394e8efb4af12e1e","name":"Maya Nader Harati","image":{"@type":"ImageObject","inLanguage":"es","@id":"https:\/\/tourtravelandmore.com\/es\/#\/schema\/person\/image\/","url":"https:\/\/secure.gravatar.com\/avatar\/adc2305883b6f86a616354c0c4516fcd9a333d5f5a0806d9d1ae9b30f898fa1f?s=96&d=mm&r=g","contentUrl":"https:\/\/secure.gravatar.com\/avatar\/adc2305883b6f86a616354c0c4516fcd9a333d5f5a0806d9d1ae9b30f898fa1f?s=96&d=mm&r=g","caption":"Maya Nader Harati"},"description":"Cultural Destination Specialist & Travel Chronicler. Maya doesn\u2019t just travel the world; she translates it.","sameAs":["https:\/\/tourtravelandmore.com\/author-profile-maya-nader-harati\/"]}]}},"_links":{"self":[{"href":"https:\/\/tourtravelandmore.com\/es\/wp-json\/wp\/v2\/posts\/172197","targetHints":{"allow":["GET"]}}],"collection":[{"href":"https:\/\/tourtravelandmore.com\/es\/wp-json\/wp\/v2\/posts"}],"about":[{"href":"https:\/\/tourtravelandmore.com\/es\/wp-json\/wp\/v2\/types\/post"}],"author":[{"embeddable":true,"href":"https:\/\/tourtravelandmore.com\/es\/wp-json\/wp\/v2\/users\/2"}],"replies":[{"embeddable":true,"href":"https:\/\/tourtravelandmore.com\/es\/wp-json\/wp\/v2\/comments?post=172197"}],"version-history":[{"count":1,"href":"https:\/\/tourtravelandmore.com\/es\/wp-json\/wp\/v2\/posts\/172197\/revisions"}],"predecessor-version":[{"id":172198,"href":"https:\/\/tourtravelandmore.com\/es\/wp-json\/wp\/v2\/posts\/172197\/revisions\/172198"}],"wp:featuredmedia":[{"embeddable":true,"href":"https:\/\/tourtravelandmore.com\/es\/wp-json\/wp\/v2\/media\/172195"}],"wp:attachment":[{"href":"https:\/\/tourtravelandmore.com\/es\/wp-json\/wp\/v2\/media?parent=172197"}],"wp:term":[{"taxonomy":"category","embeddable":true,"href":"https:\/\/tourtravelandmore.com\/es\/wp-json\/wp\/v2\/categories?post=172197"},{"taxonomy":"post_tag","embeddable":true,"href":"https:\/\/tourtravelandmore.com\/es\/wp-json\/wp\/v2\/tags?post=172197"}],"curies":[{"name":"wp","href":"https:\/\/api.w.org\/{rel}","templated":true}]}}