{"id":171499,"date":"2023-12-15T10:14:18","date_gmt":"2023-12-15T09:14:18","guid":{"rendered":"https:\/\/tourtravelandmore.com\/?p=171499"},"modified":"2025-05-16T15:34:03","modified_gmt":"2025-05-16T13:34:03","slug":"los-mercadillos-navidenos-mas-impactantes-de-europa","status":"publish","type":"post","link":"https:\/\/tourtravelandmore.com\/es\/los-mercadillos-navidenos-mas-impactantes-de-europa\/","title":{"rendered":"Los Mercadillos navide\u00f1os m\u00e1s Impactantes de Europa"},"content":{"rendered":"\n<div class=\"wp-block-yoast-seo-table-of-contents yoast-table-of-contents\"><h2>Tabla de contenidos<\/h2><ul><li><a href=\"#h-1-mercado-de-navidad-de-estrasburgo-francia\" data-level=\"2\">1. Mercado de Navidad de Estrasburgo, Francia<\/a><\/li><li><a href=\"#h-2-mercadillo-de-navidad-de-nuremberg-alemania\" data-level=\"2\">2. Mercadillo de Navidad de N\u00faremberg, Alemania<\/a><\/li><li><a href=\"#h-3-plaza-mayor-en-madrid-espana\" data-level=\"2\">3. Plaza Mayor en Madrid, Espa\u00f1a<\/a><\/li><li><a href=\"#h-4-christkindlesmarkt-en-viena-austria\" data-level=\"2\">4. Christkindlesmarkt en Viena, Austria<\/a><\/li><li><a href=\"#h-5-mercado-de-la-ciudad-vieja-en-praga-republica-checa\" data-level=\"2\">5. Mercado de la Ciudad Vieja en Praga, Rep\u00fablica Checa<\/a><\/li><\/ul><\/div>\n\n\n\n<p>En esta \u00e9poca del a\u00f1o, Europa se viste de gala con luces centelleantes, decoraciones deslumbrantes y un esp\u00edritu navide\u00f1o contagioso. Entre los regalos envueltos con esmero y los c\u00e1nticos alegres, los mercadillos de Navidad se erigen como verdaderas joyas festivas que atraen a visitantes de todo el mundo. Hoy, nos sumergiremos en el encanto \u00fanico de los mercadillos navide\u00f1os m\u00e1s impactantes de Europa, donde la tradici\u00f3n y la alegr\u00eda se entrelazan para crear experiencias inolvidables. <a href=\"https:\/\/tourtravelandmore.com\/es\/\">\u00a1Mira nuestros tours privados aqu\u00ed!&nbsp;<\/a><\/p>\n\n\n\n<h2 class=\"wp-block-heading\" id=\"h-1-mercado-de-navidad-de-estrasburgo-francia\"><strong>1. Mercado de Navidad de Estrasburgo, Francia<\/strong><\/h2>\n\n\n\n<p>Comenzamos nuestro viaje en la capital de la regi\u00f3n de Alsacia, donde el Mercado de Navidad de Estrasburgo deslumbra con su encanto hist\u00f3rico. Fundado en 1570, este mercado es uno de los m\u00e1s antiguos de Europa y ha perfeccionado el arte de crear una atm\u00f3sfera m\u00e1gica. Las luces parpadeantes se reflejan en la arquitectura medieval, mientras los aromas de especias y vino caliente llenan el aire. Descubrir\u00e1s artesan\u00edas \u00fanicas, desde adornos hasta juguetes hechos a mano, todo ello bajo el tel\u00f3n de fondo de la majestuosa catedral de Notre-Dame.<\/p>\n\n\n\n<figure class=\"wp-block-image\"><img decoding=\"async\" src=\"https:\/\/lh7-us.googleusercontent.com\/lqlAKkdCWvl0Keie3Tvtep7bzAbhwOipmHaQY-FrAMJz04giO3NPalAkib9KqDhNM7WQS4JoZI2YYqQddgBCWcRa2HNmMj-4y3_nk-Pf8KnClnJOPTJh95sSLciUyi1jtI0Kbmsnz5YqdET2uyFOsN4\" alt=\"\"\/><\/figure>\n\n\n\n<h2 class=\"wp-block-heading\" id=\"h-2-mercadillo-de-navidad-de-nuremberg-alemania\"><strong>2. Mercadillo de Navidad de N\u00faremberg, Alemania<\/strong><\/h2>\n\n\n\n<p>Dejamos Francia para adentrarnos en el coraz\u00f3n de Alemania, donde el Mercadillo de Navidad de N\u00faremberg ofrece una experiencia verdaderamente tradicional. Con m\u00e1s de 400 a\u00f1os de historia, este mercado es conocido por su Rigorosum, una ceremonia de apertura que transporta a los visitantes a un cuento de hadas. Las casetas de madera exhiben juguetes tallados a mano, adornos brillantes y delicias culinarias alemanas, como las famosas salchichas N\u00fcrnberger Bratwurst. Un paseo por sus callejuelas empedradas es como sumergirse en un cuadro de \u00e9poca, donde la nostalgia y la alegr\u00eda se entrelazan.<\/p>\n\n\n\n<figure class=\"wp-block-image\"><img decoding=\"async\" src=\"https:\/\/lh7-us.googleusercontent.com\/BND1afOPBQKl6ANzSfvkV-Aef-S_DmrWEGWbogmGY9UwDYKGnZwmxnUw-g_Kh9ZX0BsfhqOHCuNrUYe3AkrejJlPKAYlS2VGcsxGywKuUOR4PwvYIjMmOzOKT7bCd7_SCqIz86YCKF8c9aIQu9HPLU0\" alt=\"\"\/><\/figure>\n\n\n\n<h2 class=\"wp-block-heading\" id=\"h-3-plaza-mayor-en-madrid-espana\"><strong>3. Plaza Mayor en Madrid, Espa\u00f1a<\/strong><\/h2>\n\n\n\n<p>Mudamos nuestro enfoque al sur de Europa, donde la Plaza Mayor de Madrid se transforma en un para\u00edso invernal durante la temporada navide\u00f1a. Los colores vivos y las decoraciones exuberantes iluminan la plaza, donde los puestos ofrecen desde artesan\u00edas locales hasta dulces t\u00edpicos como los turrones y mazapanes. El esp\u00edritu festivo de la capital espa\u00f1ola se desborda en cada rinc\u00f3n, con actividades para toda la familia, incluyendo espect\u00e1culos callejeros y paseos en carruajes tirados por caballos.<\/p>\n\n\n\n<figure class=\"wp-block-image\"><img decoding=\"async\" src=\"https:\/\/lh7-us.googleusercontent.com\/8oJX1qsYqr982uI4Dsd4E1hR1OTiMiTrD51oU_00IFYFXUSptSX-z7jMFhzcL5zWjt7cf0sZ7tRJ94RjRR5nZCdRslq3APVYQrkoVzABU1ugRvPh71IEG3g7BLMm9HE_lcZoNlicbamr3SllZRSXHjE\" alt=\"\"\/><\/figure>\n\n\n\n<h2 class=\"wp-block-heading\" id=\"h-4-christkindlesmarkt-en-viena-austria\"><strong>4. Christkindlesmarkt en Viena, Austria<\/strong><\/h2>\n\n\n\n<p>Nuestro siguiente destino nos lleva a la elegante Viena, hogar del Christkindlesmarkt. Este mercado de Navidad austr\u00edaco se distingue por sus exquisitas artesan\u00edas y su ambiente refinado. En la plaza del Ayuntamiento, descubrir\u00e1s adornos de cristal de Bohemia, mu\u00f1ecas de madera y delicias vienesas. La presencia del Christkind, la figura angelical que inaugura el mercado, a\u00f1ade un toque celestial a esta experiencia navide\u00f1a \u00fanica.<\/p>\n\n\n\n<figure class=\"wp-block-image\"><img decoding=\"async\" src=\"https:\/\/lh7-us.googleusercontent.com\/wmNt28_iAbDnh8Dycv1nxxSO08XHDBFLzJ-u0CZMcRfhqLtbiKQh-c6sAs8aJDSreSTxfdEsfsYs8eqiQIHONkvsaXqXtP1CPBThPhEGTZqmIG_DQC8-wmulw7Gi-kgWvtIJWZrdjLdQJ9fvFEshuAs\" alt=\"\"\/><\/figure>\n\n\n\n<h2 class=\"wp-block-heading\" id=\"h-5-mercado-de-la-ciudad-vieja-en-praga-republica-checa\"><strong>5. Mercado de la Ciudad Vieja en Praga, Rep\u00fablica Checa<\/strong><\/h2>\n\n\n\n<p>Finalizamos nuestro recorrido en la hermosa Praga, donde el Mercado de la Ciudad Vieja deslumbra con su arquitectura medieval y su ambiente festivo. Las luces parpadeantes enmarcan la Plaza de la Ciudad Vieja, donde los puestos ofrecen desde art\u00edculos de cer\u00e1mica hasta juguetes tradicionales checos. Los visitantes pueden disfrutar de la m\u00fasica en vivo, admirar el \u00e1rbol de Navidad iluminado y degustar delicias locales como el trdeln\u00edk, un pastelillo asado a la parrilla.<\/p>\n\n\n\n<p>En conclusi\u00f3n, los mercadillos de Navidad en Europa ofrecen un viaje encantador a trav\u00e9s de la historia y las tradiciones festivas. Cada mercado tiene su propio car\u00e1cter distintivo, pero todos comparten la misma magia que hace que la temporada navide\u00f1a sea verdaderamente especial. As\u00ed que, si est\u00e1s planeando una escapada invernal, sum\u00e9rgete en la maravilla de estos mercadillos, donde el esp\u00edritu navide\u00f1o se despierta en cada rinc\u00f3n. \u00a1Felices fiestas y que tu viaje est\u00e9 lleno de alegr\u00eda y descubrimientos inolvidables!<\/p>\n","protected":false},"excerpt":{"rendered":"<p>Explora la esencia festiva de Europa a trav\u00e9s de nuestros ojos mientras te sumerges en los mercadillos navide\u00f1os m\u00e1s deslumbrantes de la regi\u00f3n. Desde la hist\u00f3rica Estrasburgo hasta la elegante Viena, cada mercado es una puerta de entrada a la magia, la tradici\u00f3n y la alegr\u00eda que definen la temporada de Navidad en el continente. \u00a1Deja que la aventura comience y descubre la aut\u00e9ntica esencia de las festividades europeas!<\/p>\n","protected":false},"author":2,"featured_media":171496,"comment_status":"open","ping_status":"open","sticky":false,"template":"","format":"standard","meta":{"_acf_changed":false,"footnotes":""},"categories":[2903],"tags":[],"class_list":["post-171499","post","type-post","status-publish","format-standard","has-post-thumbnail","hentry","category-europe-es"],"acf":[],"yoast_head":"<!-- This site is optimized with the Yoast SEO Premium plugin v25.3.1 (Yoast SEO v25.3.1) - https:\/\/yoast.com\/wordpress\/plugins\/seo\/ -->\n<title>Los Mercadillos navide\u00f1os m\u00e1s Impactantes de Europa - Tour Travel &amp; More<\/title>\n<meta name=\"description\" content=\"Emb\u00e1rcate en un viaje festivo a trav\u00e9s de Europa y sum\u00e9rgete en la magia de la temporada navide\u00f1a. Desde el encanto medieval de Estrasburgo hasta la elegancia vienesa en Austria, exploramos los mercadillos de Navidad m\u00e1s impactantes que har\u00e1n que tus vacaciones sean inolvidables.\" \/>\n<meta name=\"robots\" content=\"index, follow, max-snippet:-1, max-image-preview:large, max-video-preview:-1\" \/>\n<link rel=\"canonical\" href=\"https:\/\/tourtravelandmore.com\/es\/los-mercadillos-navidenos-mas-impactantes-de-europa\/\" \/>\n<meta property=\"og:locale\" content=\"es_ES\" \/>\n<meta property=\"og:type\" content=\"article\" \/>\n<meta property=\"og:title\" content=\"Los Mercadillos navide\u00f1os m\u00e1s Impactantes de Europa\" \/>\n<meta property=\"og:description\" content=\"Emb\u00e1rcate en un viaje festivo a trav\u00e9s de Europa y sum\u00e9rgete en la magia de la temporada navide\u00f1a. Desde el encanto medieval de Estrasburgo hasta la elegancia vienesa en Austria, exploramos los mercadillos de Navidad m\u00e1s impactantes que har\u00e1n que tus vacaciones sean inolvidables.\" \/>\n<meta property=\"og:url\" content=\"https:\/\/tourtravelandmore.com\/es\/los-mercadillos-navidenos-mas-impactantes-de-europa\/\" \/>\n<meta property=\"og:site_name\" content=\"Tour Travel And More\" \/>\n<meta property=\"article:publisher\" content=\"https:\/\/www.facebook.com\/tourtravelandmore\/\" \/>\n<meta property=\"article:published_time\" content=\"2023-12-15T09:14:18+00:00\" \/>\n<meta property=\"article:modified_time\" content=\"2025-05-16T13:34:03+00:00\" \/>\n<meta property=\"og:image\" content=\"https:\/\/tourtravelandmore.com\/wp-content\/uploads\/2023\/12\/image-8.jpeg\" \/>\n\t<meta property=\"og:image:width\" content=\"1260\" \/>\n\t<meta property=\"og:image:height\" content=\"709\" \/>\n\t<meta property=\"og:image:type\" content=\"image\/jpeg\" \/>\n<meta name=\"author\" content=\"Maya Nader Harati\" \/>\n<meta name=\"twitter:card\" content=\"summary_large_image\" \/>\n<meta name=\"twitter:creator\" content=\"@TourTravel_More\" \/>\n<meta name=\"twitter:site\" content=\"@TourTravel_More\" \/>\n<meta name=\"twitter:label1\" content=\"Escrito por\" \/>\n\t<meta name=\"twitter:data1\" content=\"Maya Nader Harati\" \/>\n\t<meta name=\"twitter:label2\" content=\"Tiempo de lectura\" \/>\n\t<meta name=\"twitter:data2\" content=\"4 minutos\" \/>\n<script type=\"application\/ld+json\" class=\"yoast-schema-graph\">{\"@context\":\"https:\/\/schema.org\",\"@graph\":[{\"@type\":\"Article\",\"@id\":\"https:\/\/tourtravelandmore.com\/es\/los-mercadillos-navidenos-mas-impactantes-de-europa\/#article\",\"isPartOf\":{\"@id\":\"https:\/\/tourtravelandmore.com\/es\/los-mercadillos-navidenos-mas-impactantes-de-europa\/\"},\"author\":{\"name\":\"Maya Nader Harati\",\"@id\":\"https:\/\/tourtravelandmore.com\/es\/#\/schema\/person\/2a1c66d76ae9290a394e8efb4af12e1e\"},\"headline\":\"Los Mercadillos navide\u00f1os m\u00e1s Impactantes de Europa\",\"datePublished\":\"2023-12-15T09:14:18+00:00\",\"dateModified\":\"2025-05-16T13:34:03+00:00\",\"mainEntityOfPage\":{\"@id\":\"https:\/\/tourtravelandmore.com\/es\/los-mercadillos-navidenos-mas-impactantes-de-europa\/\"},\"wordCount\":681,\"commentCount\":0,\"publisher\":{\"@id\":\"https:\/\/tourtravelandmore.com\/es\/#organization\"},\"image\":{\"@id\":\"https:\/\/tourtravelandmore.com\/es\/los-mercadillos-navidenos-mas-impactantes-de-europa\/#primaryimage\"},\"thumbnailUrl\":\"https:\/\/tourtravelandmore.com\/wp-content\/uploads\/2023\/12\/image-8.jpeg\",\"articleSection\":[\"Europe\"],\"inLanguage\":\"es\",\"potentialAction\":[{\"@type\":\"CommentAction\",\"name\":\"Comment\",\"target\":[\"https:\/\/tourtravelandmore.com\/es\/los-mercadillos-navidenos-mas-impactantes-de-europa\/#respond\"]}],\"accessibilityFeature\":[\"tableOfContents\"]},{\"@type\":\"WebPage\",\"@id\":\"https:\/\/tourtravelandmore.com\/es\/los-mercadillos-navidenos-mas-impactantes-de-europa\/\",\"url\":\"https:\/\/tourtravelandmore.com\/es\/los-mercadillos-navidenos-mas-impactantes-de-europa\/\",\"name\":\"Los Mercadillos navide\u00f1os m\u00e1s Impactantes de Europa - Tour Travel & More\",\"isPartOf\":{\"@id\":\"https:\/\/tourtravelandmore.com\/es\/#website\"},\"primaryImageOfPage\":{\"@id\":\"https:\/\/tourtravelandmore.com\/es\/los-mercadillos-navidenos-mas-impactantes-de-europa\/#primaryimage\"},\"image\":{\"@id\":\"https:\/\/tourtravelandmore.com\/es\/los-mercadillos-navidenos-mas-impactantes-de-europa\/#primaryimage\"},\"thumbnailUrl\":\"https:\/\/tourtravelandmore.com\/wp-content\/uploads\/2023\/12\/image-8.jpeg\",\"datePublished\":\"2023-12-15T09:14:18+00:00\",\"dateModified\":\"2025-05-16T13:34:03+00:00\",\"description\":\"Emb\u00e1rcate en un viaje festivo a trav\u00e9s de Europa y sum\u00e9rgete en la magia de la temporada navide\u00f1a. Desde el encanto medieval de Estrasburgo hasta la elegancia vienesa en Austria, exploramos los mercadillos de Navidad m\u00e1s impactantes que har\u00e1n que tus vacaciones sean inolvidables.\",\"breadcrumb\":{\"@id\":\"https:\/\/tourtravelandmore.com\/es\/los-mercadillos-navidenos-mas-impactantes-de-europa\/#breadcrumb\"},\"inLanguage\":\"es\",\"potentialAction\":[{\"@type\":\"ReadAction\",\"target\":[\"https:\/\/tourtravelandmore.com\/es\/los-mercadillos-navidenos-mas-impactantes-de-europa\/\"]}]},{\"@type\":\"ImageObject\",\"inLanguage\":\"es\",\"@id\":\"https:\/\/tourtravelandmore.com\/es\/los-mercadillos-navidenos-mas-impactantes-de-europa\/#primaryimage\",\"url\":\"https:\/\/tourtravelandmore.com\/wp-content\/uploads\/2023\/12\/image-8.jpeg\",\"contentUrl\":\"https:\/\/tourtravelandmore.com\/wp-content\/uploads\/2023\/12\/image-8.jpeg\",\"width\":1260,\"height\":709},{\"@type\":\"BreadcrumbList\",\"@id\":\"https:\/\/tourtravelandmore.com\/es\/los-mercadillos-navidenos-mas-impactantes-de-europa\/#breadcrumb\",\"itemListElement\":[{\"@type\":\"ListItem\",\"position\":1,\"name\":\"Home\",\"item\":\"https:\/\/tourtravelandmore.com\/es\/\"},{\"@type\":\"ListItem\",\"position\":2,\"name\":\"Los Mercadillos navide\u00f1os m\u00e1s Impactantes de Europa\"}]},{\"@type\":\"WebSite\",\"@id\":\"https:\/\/tourtravelandmore.com\/es\/#website\",\"url\":\"https:\/\/tourtravelandmore.com\/es\/\",\"name\":\"Tour Travel And More\",\"description\":\"Private sightseeing tours and luxury transfers in Spain\",\"publisher\":{\"@id\":\"https:\/\/tourtravelandmore.com\/es\/#organization\"},\"potentialAction\":[{\"@type\":\"SearchAction\",\"target\":{\"@type\":\"EntryPoint\",\"urlTemplate\":\"https:\/\/tourtravelandmore.com\/es\/?s={search_term_string}\"},\"query-input\":{\"@type\":\"PropertyValueSpecification\",\"valueRequired\":true,\"valueName\":\"search_term_string\"}}],\"inLanguage\":\"es\"},{\"@type\":\"Organization\",\"@id\":\"https:\/\/tourtravelandmore.com\/es\/#organization\",\"name\":\"Tour Travel And More\",\"url\":\"https:\/\/tourtravelandmore.com\/es\/\",\"logo\":{\"@type\":\"ImageObject\",\"inLanguage\":\"es\",\"@id\":\"https:\/\/tourtravelandmore.com\/es\/#\/schema\/logo\/image\/\",\"url\":\"https:\/\/tourtravelandmore.com\/wp-content\/uploads\/2022\/12\/cropped-logo-cabecera-new.png\",\"contentUrl\":\"https:\/\/tourtravelandmore.com\/wp-content\/uploads\/2022\/12\/cropped-logo-cabecera-new.png\",\"width\":430,\"height\":61,\"caption\":\"Tour Travel And More\"},\"image\":{\"@id\":\"https:\/\/tourtravelandmore.com\/es\/#\/schema\/logo\/image\/\"},\"sameAs\":[\"https:\/\/www.facebook.com\/tourtravelandmore\/\",\"https:\/\/x.com\/TourTravel_More\"]},{\"@type\":\"Person\",\"@id\":\"https:\/\/tourtravelandmore.com\/es\/#\/schema\/person\/2a1c66d76ae9290a394e8efb4af12e1e\",\"name\":\"Maya Nader Harati\",\"image\":{\"@type\":\"ImageObject\",\"inLanguage\":\"es\",\"@id\":\"https:\/\/tourtravelandmore.com\/es\/#\/schema\/person\/image\/\",\"url\":\"https:\/\/secure.gravatar.com\/avatar\/adc2305883b6f86a616354c0c4516fcd9a333d5f5a0806d9d1ae9b30f898fa1f?s=96&d=mm&r=g\",\"contentUrl\":\"https:\/\/secure.gravatar.com\/avatar\/adc2305883b6f86a616354c0c4516fcd9a333d5f5a0806d9d1ae9b30f898fa1f?s=96&d=mm&r=g\",\"caption\":\"Maya Nader Harati\"},\"description\":\"Cultural Destination Specialist & Travel Chronicler. Maya doesn\u2019t just travel the world; she translates it.\",\"sameAs\":[\"https:\/\/tourtravelandmore.com\/author-profile-maya-nader-harati\/\"]}]}<\/script>\n<!-- \/ Yoast SEO Premium plugin. -->","yoast_head_json":{"title":"Los Mercadillos navide\u00f1os m\u00e1s Impactantes de Europa - Tour Travel & More","description":"Emb\u00e1rcate en un viaje festivo a trav\u00e9s de Europa y sum\u00e9rgete en la magia de la temporada navide\u00f1a. Desde el encanto medieval de Estrasburgo hasta la elegancia vienesa en Austria, exploramos los mercadillos de Navidad m\u00e1s impactantes que har\u00e1n que tus vacaciones sean inolvidables.","robots":{"index":"index","follow":"follow","max-snippet":"max-snippet:-1","max-image-preview":"max-image-preview:large","max-video-preview":"max-video-preview:-1"},"canonical":"https:\/\/tourtravelandmore.com\/es\/los-mercadillos-navidenos-mas-impactantes-de-europa\/","og_locale":"es_ES","og_type":"article","og_title":"Los Mercadillos navide\u00f1os m\u00e1s Impactantes de Europa","og_description":"Emb\u00e1rcate en un viaje festivo a trav\u00e9s de Europa y sum\u00e9rgete en la magia de la temporada navide\u00f1a. Desde el encanto medieval de Estrasburgo hasta la elegancia vienesa en Austria, exploramos los mercadillos de Navidad m\u00e1s impactantes que har\u00e1n que tus vacaciones sean inolvidables.","og_url":"https:\/\/tourtravelandmore.com\/es\/los-mercadillos-navidenos-mas-impactantes-de-europa\/","og_site_name":"Tour Travel And More","article_publisher":"https:\/\/www.facebook.com\/tourtravelandmore\/","article_published_time":"2023-12-15T09:14:18+00:00","article_modified_time":"2025-05-16T13:34:03+00:00","og_image":[{"width":1260,"height":709,"url":"https:\/\/tourtravelandmore.com\/wp-content\/uploads\/2023\/12\/image-8.jpeg","type":"image\/jpeg"}],"author":"Maya Nader Harati","twitter_card":"summary_large_image","twitter_creator":"@TourTravel_More","twitter_site":"@TourTravel_More","twitter_misc":{"Escrito por":"Maya Nader Harati","Tiempo de lectura":"4 minutos"},"schema":{"@context":"https:\/\/schema.org","@graph":[{"@type":"Article","@id":"https:\/\/tourtravelandmore.com\/es\/los-mercadillos-navidenos-mas-impactantes-de-europa\/#article","isPartOf":{"@id":"https:\/\/tourtravelandmore.com\/es\/los-mercadillos-navidenos-mas-impactantes-de-europa\/"},"author":{"name":"Maya Nader Harati","@id":"https:\/\/tourtravelandmore.com\/es\/#\/schema\/person\/2a1c66d76ae9290a394e8efb4af12e1e"},"headline":"Los Mercadillos navide\u00f1os m\u00e1s Impactantes de Europa","datePublished":"2023-12-15T09:14:18+00:00","dateModified":"2025-05-16T13:34:03+00:00","mainEntityOfPage":{"@id":"https:\/\/tourtravelandmore.com\/es\/los-mercadillos-navidenos-mas-impactantes-de-europa\/"},"wordCount":681,"commentCount":0,"publisher":{"@id":"https:\/\/tourtravelandmore.com\/es\/#organization"},"image":{"@id":"https:\/\/tourtravelandmore.com\/es\/los-mercadillos-navidenos-mas-impactantes-de-europa\/#primaryimage"},"thumbnailUrl":"https:\/\/tourtravelandmore.com\/wp-content\/uploads\/2023\/12\/image-8.jpeg","articleSection":["Europe"],"inLanguage":"es","potentialAction":[{"@type":"CommentAction","name":"Comment","target":["https:\/\/tourtravelandmore.com\/es\/los-mercadillos-navidenos-mas-impactantes-de-europa\/#respond"]}],"accessibilityFeature":["tableOfContents"]},{"@type":"WebPage","@id":"https:\/\/tourtravelandmore.com\/es\/los-mercadillos-navidenos-mas-impactantes-de-europa\/","url":"https:\/\/tourtravelandmore.com\/es\/los-mercadillos-navidenos-mas-impactantes-de-europa\/","name":"Los Mercadillos navide\u00f1os m\u00e1s Impactantes de Europa - Tour Travel & More","isPartOf":{"@id":"https:\/\/tourtravelandmore.com\/es\/#website"},"primaryImageOfPage":{"@id":"https:\/\/tourtravelandmore.com\/es\/los-mercadillos-navidenos-mas-impactantes-de-europa\/#primaryimage"},"image":{"@id":"https:\/\/tourtravelandmore.com\/es\/los-mercadillos-navidenos-mas-impactantes-de-europa\/#primaryimage"},"thumbnailUrl":"https:\/\/tourtravelandmore.com\/wp-content\/uploads\/2023\/12\/image-8.jpeg","datePublished":"2023-12-15T09:14:18+00:00","dateModified":"2025-05-16T13:34:03+00:00","description":"Emb\u00e1rcate en un viaje festivo a trav\u00e9s de Europa y sum\u00e9rgete en la magia de la temporada navide\u00f1a. Desde el encanto medieval de Estrasburgo hasta la elegancia vienesa en Austria, exploramos los mercadillos de Navidad m\u00e1s impactantes que har\u00e1n que tus vacaciones sean inolvidables.","breadcrumb":{"@id":"https:\/\/tourtravelandmore.com\/es\/los-mercadillos-navidenos-mas-impactantes-de-europa\/#breadcrumb"},"inLanguage":"es","potentialAction":[{"@type":"ReadAction","target":["https:\/\/tourtravelandmore.com\/es\/los-mercadillos-navidenos-mas-impactantes-de-europa\/"]}]},{"@type":"ImageObject","inLanguage":"es","@id":"https:\/\/tourtravelandmore.com\/es\/los-mercadillos-navidenos-mas-impactantes-de-europa\/#primaryimage","url":"https:\/\/tourtravelandmore.com\/wp-content\/uploads\/2023\/12\/image-8.jpeg","contentUrl":"https:\/\/tourtravelandmore.com\/wp-content\/uploads\/2023\/12\/image-8.jpeg","width":1260,"height":709},{"@type":"BreadcrumbList","@id":"https:\/\/tourtravelandmore.com\/es\/los-mercadillos-navidenos-mas-impactantes-de-europa\/#breadcrumb","itemListElement":[{"@type":"ListItem","position":1,"name":"Home","item":"https:\/\/tourtravelandmore.com\/es\/"},{"@type":"ListItem","position":2,"name":"Los Mercadillos navide\u00f1os m\u00e1s Impactantes de Europa"}]},{"@type":"WebSite","@id":"https:\/\/tourtravelandmore.com\/es\/#website","url":"https:\/\/tourtravelandmore.com\/es\/","name":"Tour Travel And More","description":"Private sightseeing tours and luxury transfers in Spain","publisher":{"@id":"https:\/\/tourtravelandmore.com\/es\/#organization"},"potentialAction":[{"@type":"SearchAction","target":{"@type":"EntryPoint","urlTemplate":"https:\/\/tourtravelandmore.com\/es\/?s={search_term_string}"},"query-input":{"@type":"PropertyValueSpecification","valueRequired":true,"valueName":"search_term_string"}}],"inLanguage":"es"},{"@type":"Organization","@id":"https:\/\/tourtravelandmore.com\/es\/#organization","name":"Tour Travel And More","url":"https:\/\/tourtravelandmore.com\/es\/","logo":{"@type":"ImageObject","inLanguage":"es","@id":"https:\/\/tourtravelandmore.com\/es\/#\/schema\/logo\/image\/","url":"https:\/\/tourtravelandmore.com\/wp-content\/uploads\/2022\/12\/cropped-logo-cabecera-new.png","contentUrl":"https:\/\/tourtravelandmore.com\/wp-content\/uploads\/2022\/12\/cropped-logo-cabecera-new.png","width":430,"height":61,"caption":"Tour Travel And More"},"image":{"@id":"https:\/\/tourtravelandmore.com\/es\/#\/schema\/logo\/image\/"},"sameAs":["https:\/\/www.facebook.com\/tourtravelandmore\/","https:\/\/x.com\/TourTravel_More"]},{"@type":"Person","@id":"https:\/\/tourtravelandmore.com\/es\/#\/schema\/person\/2a1c66d76ae9290a394e8efb4af12e1e","name":"Maya Nader Harati","image":{"@type":"ImageObject","inLanguage":"es","@id":"https:\/\/tourtravelandmore.com\/es\/#\/schema\/person\/image\/","url":"https:\/\/secure.gravatar.com\/avatar\/adc2305883b6f86a616354c0c4516fcd9a333d5f5a0806d9d1ae9b30f898fa1f?s=96&d=mm&r=g","contentUrl":"https:\/\/secure.gravatar.com\/avatar\/adc2305883b6f86a616354c0c4516fcd9a333d5f5a0806d9d1ae9b30f898fa1f?s=96&d=mm&r=g","caption":"Maya Nader Harati"},"description":"Cultural Destination Specialist & Travel Chronicler. Maya doesn\u2019t just travel the world; she translates it.","sameAs":["https:\/\/tourtravelandmore.com\/author-profile-maya-nader-harati\/"]}]}},"_links":{"self":[{"href":"https:\/\/tourtravelandmore.com\/es\/wp-json\/wp\/v2\/posts\/171499","targetHints":{"allow":["GET"]}}],"collection":[{"href":"https:\/\/tourtravelandmore.com\/es\/wp-json\/wp\/v2\/posts"}],"about":[{"href":"https:\/\/tourtravelandmore.com\/es\/wp-json\/wp\/v2\/types\/post"}],"author":[{"embeddable":true,"href":"https:\/\/tourtravelandmore.com\/es\/wp-json\/wp\/v2\/users\/2"}],"replies":[{"embeddable":true,"href":"https:\/\/tourtravelandmore.com\/es\/wp-json\/wp\/v2\/comments?post=171499"}],"version-history":[{"count":1,"href":"https:\/\/tourtravelandmore.com\/es\/wp-json\/wp\/v2\/posts\/171499\/revisions"}],"predecessor-version":[{"id":171500,"href":"https:\/\/tourtravelandmore.com\/es\/wp-json\/wp\/v2\/posts\/171499\/revisions\/171500"}],"wp:featuredmedia":[{"embeddable":true,"href":"https:\/\/tourtravelandmore.com\/es\/wp-json\/wp\/v2\/media\/171496"}],"wp:attachment":[{"href":"https:\/\/tourtravelandmore.com\/es\/wp-json\/wp\/v2\/media?parent=171499"}],"wp:term":[{"taxonomy":"category","embeddable":true,"href":"https:\/\/tourtravelandmore.com\/es\/wp-json\/wp\/v2\/categories?post=171499"},{"taxonomy":"post_tag","embeddable":true,"href":"https:\/\/tourtravelandmore.com\/es\/wp-json\/wp\/v2\/tags?post=171499"}],"curies":[{"name":"wp","href":"https:\/\/api.w.org\/{rel}","templated":true}]}}