{"id":170815,"date":"2023-11-03T09:26:48","date_gmt":"2023-11-03T08:26:48","guid":{"rendered":"https:\/\/tourtravelandmore.com\/?p=170815"},"modified":"2025-05-16T15:35:43","modified_gmt":"2025-05-16T13:35:43","slug":"descubriendo-el-encanto-del-valle-del-arroyo-el-bed-breakfast-en-la-sierra-de-aracena","status":"publish","type":"post","link":"https:\/\/tourtravelandmore.com\/es\/descubriendo-el-encanto-del-valle-del-arroyo-el-bed-breakfast-en-la-sierra-de-aracena\/","title":{"rendered":"Descubriendo el Encanto del Valle del Arroyo: El Bed &#038; Breakfast en la Sierra de Aracena"},"content":{"rendered":"\n<div class=\"wp-block-yoast-seo-table-of-contents yoast-table-of-contents\"><h2>Tabla de contenidos<\/h2><ul><li><a href=\"#h-un-oasis-de-tranquilidad\" data-level=\"2\">Un Oasis de Tranquilidad<\/a><\/li><li><a href=\"#h-el-encanto-de-una-estancia-en-el-valle-del-arroyo\" data-level=\"2\">El Encanto de una Estancia en el Valle del Arroyo<\/a><\/li><li><a href=\"#h-naturaleza-en-estado-puro\" data-level=\"2\">Naturaleza en Estado Puro<\/a><\/li><li><a href=\"#h-un-viaje-en-el-tiempo\" data-level=\"2\">Un Viaje en el Tiempo<\/a><\/li><li><a href=\"#h-actividades-para-todos-los-gustos\" data-level=\"2\">Actividades para Todos los Gustos<\/a><\/li><li><a href=\"#h-un-escape-de-ensue-o\" data-level=\"2\">Un Escape de Ensue\u00f1o<\/a><\/li><\/ul><\/div>\n\n\n\n<p>Bienvenidos a una nueva aventura de Tour Travel &amp; More, la empresa l\u00edder en experiencias de viaje que te lleva a descubrir los destinos m\u00e1s hermosos y exclusivos. Hoy, queremos llevarte a un rinc\u00f3n m\u00e1gico en plena Sierra de Aracena, un lugar donde la naturaleza se une con el confort y la tradici\u00f3n: el Valle del Arroyo Bed &amp; Breakfast. <a href=\"https:\/\/tourtravelandmore.com\/es\/\">\u00a1Mira nuestros tours privados aqu\u00ed!&nbsp;<\/a><\/p>\n\n\n\n<h2 class=\"wp-block-heading\" id=\"h-un-oasis-de-tranquilidad\"><strong>Un Oasis de Tranquilidad<\/strong><\/h2>\n\n\n\n<p>Si lo que buscas es escapar del ajetreo de la vida cotidiana y sumergirte en un entorno de paz y serenidad, el Valle del Arroyo es el destino perfecto para ti. Este encantador bed &amp; breakfast se encuentra en pleno coraz\u00f3n de la Sierra de Aracena, una regi\u00f3n que deslumbra con sus bosques frondosos, r\u00edos cristalinos y un aire fresco que revitaliza el esp\u00edritu.<\/p>\n\n\n\n<p>Ubicado a solo dos horas en coche de Sevilla, el Valle del Arroyo es un oasis de tranquilidad en medio de la naturaleza. La paz que se respira aqu\u00ed es incomparable, y te garantizamos que sentir\u00e1s como el estr\u00e9s y las preocupaciones desaparecen en el momento en que llegues.<\/p>\n\n\n\n<figure class=\"wp-block-image\"><img decoding=\"async\" src=\"https:\/\/lh7-us.googleusercontent.com\/8EbKn1HIATM_fkRftyiUVKsW_dRLBTGorFw9y6C8v3g4OgboHyoTIj_5upqCQkBFhLxbi9fVyeSRbeVskWyhmR5pmPDPlDNUmmGOPdMDcCQL0-x65eTmFo_BfAooO95A3gZYqOm6wXYrLPcdzsozCcs\" alt=\"\"\/><\/figure>\n\n\n\n<h2 class=\"wp-block-heading\" id=\"h-el-encanto-de-una-estancia-en-el-valle-del-arroyo\"><strong>El Encanto de una Estancia en el Valle del Arroyo<\/strong><\/h2>\n\n\n\n<p>El Valle del Arroyo Bed &amp; Breakfast es mucho m\u00e1s que un simple lugar para alojarse; es una experiencia completa que combina lujo, comodidad y la hospitalidad andaluza en su m\u00e1xima expresi\u00f3n. Las habitaciones son amplias y acogedoras, con detalles r\u00fasticos que te transportar\u00e1n a un mundo de encanto y calma. Desde tu ventana, podr\u00e1s disfrutar de impresionantes vistas de los alrededores, donde los colores de la naturaleza se despliegan en todo su esplendor.<\/p>\n\n\n\n<p>Cada ma\u00f1ana, te despertar\u00e1s con el aroma del desayuno reci\u00e9n preparado, que incluye productos locales frescos y deliciosos. El personal del Valle del Arroyo se esmera en asegurarse de que tu estancia sea inolvidable, y est\u00e1n dispuestos a atender cualquier necesidad que tengas, desde recomendaciones de senderismo hasta la organizaci\u00f3n de actividades locales.<\/p>\n\n\n\n<h2 class=\"wp-block-heading\" id=\"h-naturaleza-en-estado-puro\"><strong>Naturaleza en Estado Puro<\/strong><\/h2>\n\n\n\n<p>La Sierra de Aracena es un para\u00edso natural que te espera para explorar. Los alrededores del Valle del Arroyo ofrecen una gran variedad de rutas de senderismo que te permitir\u00e1n descubrir la belleza de la regi\u00f3n. Puedes caminar por bosques de casta\u00f1os centenarios, cruzar puentes sobre r\u00edos de aguas cristalinas y maravillarte con la fauna y flora aut\u00f3ctonas.<\/p>\n\n\n\n<p>Uno de los destinos m\u00e1s impresionantes de la zona es el Parque Natural Sierra de Aracena y Picos de Aroche, donde podr\u00e1s admirar la biodiversidad de la regi\u00f3n y disfrutar de vistas panor\u00e1micas que quitan el aliento. Adem\u00e1s, si eres un amante de la gastronom\u00eda, no puedes dejar de probar los productos locales, como el jam\u00f3n ib\u00e9rico de bellota y los quesos artesanales que son una delicia para el paladar.<\/p>\n\n\n\n<figure class=\"wp-block-image\"><img decoding=\"async\" src=\"https:\/\/lh7-us.googleusercontent.com\/mstGPYO2nDxePkheyz0_fVuS8R7LzXVTjPKUJxV-0d_0IEYYgPXnnT8PD0AA72apIPiXLbxcC9BblgEvUyBvrB15HxhIXyrP6BC3ACka00McCFv7jP13rIYW_fym--GqlH0l0lr0cr3NmJkIkM3Onf8\" alt=\"\"\/><\/figure>\n\n\n\n<h2 class=\"wp-block-heading\" id=\"h-un-viaje-en-el-tiempo\"><strong>Un Viaje en el Tiempo<\/strong><\/h2>\n\n\n\n<p>El Valle del Arroyo es mucho m\u00e1s que un retiro en la naturaleza; es tambi\u00e9n un viaje en el tiempo. La regi\u00f3n de la Sierra de Aracena es rica en historia y cultura, y en cada rinc\u00f3n encontrar\u00e1s vestigios de un pasado fascinante. Puedes visitar encantadores pueblos blancos que parecen detenidos en el tiempo, con calles empedradas y casas de arquitectura tradicional.<\/p>\n\n\n\n<p>Uno de los lugares m\u00e1s emblem\u00e1ticos es el Castillo de Aracena, una fortaleza medieval que se alza majestuosamente sobre el pueblo. Desde sus murallas, podr\u00e1s disfrutar de unas vistas espectaculares de la Sierra y sumergirte en la historia de la regi\u00f3n.<\/p>\n\n\n\n<h2 class=\"wp-block-heading\" id=\"h-actividades-para-todos-los-gustos\"><strong>Actividades para Todos los Gustos<\/strong><\/h2>\n\n\n\n<p>En el Valle del Arroyo, la diversi\u00f3n y la relajaci\u00f3n est\u00e1n aseguradas. Si eres un apasionado de la naturaleza, puedes participar en emocionantes rutas de senderismo, observaci\u00f3n de aves o paseos a caballo. Para aquellos que buscan una experiencia m\u00e1s relajada, puedes disfrutar de d\u00edas de lectura junto a la piscina o de un masaje en el spa del bed &amp; breakfast.<\/p>\n\n\n\n<p>Para los amantes de la gastronom\u00eda, la regi\u00f3n ofrece la oportunidad de degustar platos tradicionales andaluces en restaurantes locales. Y no puedes olvidar probar el famoso jam\u00f3n ib\u00e9rico de la zona, una delicia que se deshace en el paladar.<\/p>\n\n\n\n<figure class=\"wp-block-image\"><img decoding=\"async\" src=\"https:\/\/lh7-us.googleusercontent.com\/4aLK-YqKnOKJytCWGKL0z2Lse03v7KwgK2kIzBqLn-s-JMNaVoFrOO3ZOmUuRvtozu2mR9DtGHt6EAnodM2Ku5hSRNf2BrQ5NDmLTnByj4rzbMQ2zPCX9jM8FVHREfPMaiqlPSnpRy2X_SzXE5wFk14\" alt=\"\"\/><\/figure>\n\n\n\n<h2 class=\"wp-block-heading\" id=\"h-un-escape-de-ensue-o\"><strong>Un Escape de Ensue\u00f1o<\/strong><\/h2>\n\n\n\n<p>El Valle del Arroyo Bed &amp; Breakfast es el lugar ideal para desconectar, recargar energ\u00edas y reconectar con la naturaleza. Ya sea que busques aventuras al aire libre o un retiro rom\u00e1ntico, este rinc\u00f3n de la Sierra de Aracena tiene todo lo que necesitas para vivir una experiencia \u00fanica.<\/p>\n\n\n\n<p>En Tour Travel &amp; More, nos enorgullece ofrecerte experiencias de viaje excepcionales, y el Valle del Arroyo es un destino que cumple con creces nuestras expectativas. Te invitamos a explorar este m\u00e1gico rinc\u00f3n de Espa\u00f1a y a dejarte llevar por la belleza de la Sierra de Aracena. \u00a1No te arrepentir\u00e1s!<\/p>\n\n\n\n<p>As\u00ed que, \u00bfqu\u00e9 est\u00e1s esperando? Reserva tu escapada al Valle del Arroyo Bed &amp; Breakfast hoy mismo y prep\u00e1rate para una aventura inolvidable en un para\u00edso natural que te robar\u00e1 el coraz\u00f3n. \u00a1Te esperamos en la Sierra de Aracena!<\/p>\n","protected":false},"excerpt":{"rendered":"<p>Experimenta la serenidad de la Sierra de Aracena en el Valle del Arroyo Bed &#038; Breakfast. \u00a1Reserva hoy y descubre la combinaci\u00f3n perfecta de lujo y naturaleza!<\/p>\n","protected":false},"author":2,"featured_media":170814,"comment_status":"open","ping_status":"open","sticky":false,"template":"","format":"standard","meta":{"_acf_changed":false,"footnotes":""},"categories":[2294,2349,2903,3909],"tags":[],"class_list":["post-170815","post","type-post","status-publish","format-standard","has-post-thumbnail","hentry","category-espana-2","category-europa","category-europe-es","category-spain-es"],"acf":[],"yoast_head":"<!-- This site is optimized with the Yoast SEO Premium plugin v25.3.1 (Yoast SEO v25.3.1) - https:\/\/yoast.com\/wordpress\/plugins\/seo\/ -->\n<title>Descubriendo el Encanto del Valle del Arroyo: El Bed &amp; Breakfast en la Sierra de Aracena - Tour Travel and More<\/title>\n<meta name=\"description\" content=\"Sum\u00e9rgete en la tranquilidad de la Sierra de Aracena con el Valle del Arroyo Bed &amp; Breakfast. Descubre un oasis de naturaleza y comodidad en este rinc\u00f3n m\u00e1gico de Andaluc\u00eda.\" \/>\n<meta name=\"robots\" content=\"index, follow, max-snippet:-1, max-image-preview:large, max-video-preview:-1\" \/>\n<link rel=\"canonical\" href=\"https:\/\/tourtravelandmore.com\/es\/descubriendo-el-encanto-del-valle-del-arroyo-el-bed-breakfast-en-la-sierra-de-aracena\/\" \/>\n<meta property=\"og:locale\" content=\"es_ES\" \/>\n<meta property=\"og:type\" content=\"article\" \/>\n<meta property=\"og:title\" content=\"Descubriendo el Encanto del Valle del Arroyo: El Bed &amp; Breakfast en la Sierra de Aracena\" \/>\n<meta property=\"og:description\" content=\"Sum\u00e9rgete en la tranquilidad de la Sierra de Aracena con el Valle del Arroyo Bed &amp; Breakfast. Descubre un oasis de naturaleza y comodidad en este rinc\u00f3n m\u00e1gico de Andaluc\u00eda.\" \/>\n<meta property=\"og:url\" content=\"https:\/\/tourtravelandmore.com\/es\/descubriendo-el-encanto-del-valle-del-arroyo-el-bed-breakfast-en-la-sierra-de-aracena\/\" \/>\n<meta property=\"og:site_name\" content=\"Tour Travel And More\" \/>\n<meta property=\"article:publisher\" content=\"https:\/\/www.facebook.com\/tourtravelandmore\/\" \/>\n<meta property=\"article:published_time\" content=\"2023-11-03T08:26:48+00:00\" \/>\n<meta property=\"article:modified_time\" content=\"2025-05-16T13:35:43+00:00\" \/>\n<meta property=\"og:image\" content=\"https:\/\/tourtravelandmore.com\/wp-content\/uploads\/2023\/11\/image.jpeg\" \/>\n\t<meta property=\"og:image:width\" content=\"800\" \/>\n\t<meta property=\"og:image:height\" content=\"533\" \/>\n\t<meta property=\"og:image:type\" content=\"image\/jpeg\" \/>\n<meta name=\"author\" content=\"Maya Nader Harati\" \/>\n<meta name=\"twitter:card\" content=\"summary_large_image\" \/>\n<meta name=\"twitter:creator\" content=\"@TourTravel_More\" \/>\n<meta name=\"twitter:site\" content=\"@TourTravel_More\" \/>\n<meta name=\"twitter:label1\" content=\"Escrito por\" \/>\n\t<meta name=\"twitter:data1\" content=\"Maya Nader Harati\" \/>\n\t<meta name=\"twitter:label2\" content=\"Tiempo de lectura\" \/>\n\t<meta name=\"twitter:data2\" content=\"5 minutos\" \/>\n<script type=\"application\/ld+json\" class=\"yoast-schema-graph\">{\"@context\":\"https:\/\/schema.org\",\"@graph\":[{\"@type\":\"Article\",\"@id\":\"https:\/\/tourtravelandmore.com\/es\/descubriendo-el-encanto-del-valle-del-arroyo-el-bed-breakfast-en-la-sierra-de-aracena\/#article\",\"isPartOf\":{\"@id\":\"https:\/\/tourtravelandmore.com\/es\/descubriendo-el-encanto-del-valle-del-arroyo-el-bed-breakfast-en-la-sierra-de-aracena\/\"},\"author\":{\"name\":\"Maya Nader Harati\",\"@id\":\"https:\/\/tourtravelandmore.com\/es\/#\/schema\/person\/2a1c66d76ae9290a394e8efb4af12e1e\"},\"headline\":\"Descubriendo el Encanto del Valle del Arroyo: El Bed &#038; Breakfast en la Sierra de Aracena\",\"datePublished\":\"2023-11-03T08:26:48+00:00\",\"dateModified\":\"2025-05-16T13:35:43+00:00\",\"mainEntityOfPage\":{\"@id\":\"https:\/\/tourtravelandmore.com\/es\/descubriendo-el-encanto-del-valle-del-arroyo-el-bed-breakfast-en-la-sierra-de-aracena\/\"},\"wordCount\":926,\"commentCount\":0,\"publisher\":{\"@id\":\"https:\/\/tourtravelandmore.com\/es\/#organization\"},\"image\":{\"@id\":\"https:\/\/tourtravelandmore.com\/es\/descubriendo-el-encanto-del-valle-del-arroyo-el-bed-breakfast-en-la-sierra-de-aracena\/#primaryimage\"},\"thumbnailUrl\":\"https:\/\/tourtravelandmore.com\/wp-content\/uploads\/2023\/11\/image.jpeg\",\"articleSection\":[\"Espa\u00f1a\",\"Europa\",\"Europe\",\"Spain\"],\"inLanguage\":\"es\",\"potentialAction\":[{\"@type\":\"CommentAction\",\"name\":\"Comment\",\"target\":[\"https:\/\/tourtravelandmore.com\/es\/descubriendo-el-encanto-del-valle-del-arroyo-el-bed-breakfast-en-la-sierra-de-aracena\/#respond\"]}],\"accessibilityFeature\":[\"tableOfContents\"]},{\"@type\":\"WebPage\",\"@id\":\"https:\/\/tourtravelandmore.com\/es\/descubriendo-el-encanto-del-valle-del-arroyo-el-bed-breakfast-en-la-sierra-de-aracena\/\",\"url\":\"https:\/\/tourtravelandmore.com\/es\/descubriendo-el-encanto-del-valle-del-arroyo-el-bed-breakfast-en-la-sierra-de-aracena\/\",\"name\":\"Descubriendo el Encanto del Valle del Arroyo: El Bed & Breakfast en la Sierra de Aracena - Tour Travel and More\",\"isPartOf\":{\"@id\":\"https:\/\/tourtravelandmore.com\/es\/#website\"},\"primaryImageOfPage\":{\"@id\":\"https:\/\/tourtravelandmore.com\/es\/descubriendo-el-encanto-del-valle-del-arroyo-el-bed-breakfast-en-la-sierra-de-aracena\/#primaryimage\"},\"image\":{\"@id\":\"https:\/\/tourtravelandmore.com\/es\/descubriendo-el-encanto-del-valle-del-arroyo-el-bed-breakfast-en-la-sierra-de-aracena\/#primaryimage\"},\"thumbnailUrl\":\"https:\/\/tourtravelandmore.com\/wp-content\/uploads\/2023\/11\/image.jpeg\",\"datePublished\":\"2023-11-03T08:26:48+00:00\",\"dateModified\":\"2025-05-16T13:35:43+00:00\",\"description\":\"Sum\u00e9rgete en la tranquilidad de la Sierra de Aracena con el Valle del Arroyo Bed & Breakfast. Descubre un oasis de naturaleza y comodidad en este rinc\u00f3n m\u00e1gico de Andaluc\u00eda.\",\"breadcrumb\":{\"@id\":\"https:\/\/tourtravelandmore.com\/es\/descubriendo-el-encanto-del-valle-del-arroyo-el-bed-breakfast-en-la-sierra-de-aracena\/#breadcrumb\"},\"inLanguage\":\"es\",\"potentialAction\":[{\"@type\":\"ReadAction\",\"target\":[\"https:\/\/tourtravelandmore.com\/es\/descubriendo-el-encanto-del-valle-del-arroyo-el-bed-breakfast-en-la-sierra-de-aracena\/\"]}]},{\"@type\":\"ImageObject\",\"inLanguage\":\"es\",\"@id\":\"https:\/\/tourtravelandmore.com\/es\/descubriendo-el-encanto-del-valle-del-arroyo-el-bed-breakfast-en-la-sierra-de-aracena\/#primaryimage\",\"url\":\"https:\/\/tourtravelandmore.com\/wp-content\/uploads\/2023\/11\/image.jpeg\",\"contentUrl\":\"https:\/\/tourtravelandmore.com\/wp-content\/uploads\/2023\/11\/image.jpeg\",\"width\":800,\"height\":533},{\"@type\":\"BreadcrumbList\",\"@id\":\"https:\/\/tourtravelandmore.com\/es\/descubriendo-el-encanto-del-valle-del-arroyo-el-bed-breakfast-en-la-sierra-de-aracena\/#breadcrumb\",\"itemListElement\":[{\"@type\":\"ListItem\",\"position\":1,\"name\":\"Home\",\"item\":\"https:\/\/tourtravelandmore.com\/es\/\"},{\"@type\":\"ListItem\",\"position\":2,\"name\":\"Descubriendo el Encanto del Valle del Arroyo: El Bed &#038; Breakfast en la Sierra de Aracena\"}]},{\"@type\":\"WebSite\",\"@id\":\"https:\/\/tourtravelandmore.com\/es\/#website\",\"url\":\"https:\/\/tourtravelandmore.com\/es\/\",\"name\":\"Tour Travel And More\",\"description\":\"Private sightseeing tours and luxury transfers in Spain\",\"publisher\":{\"@id\":\"https:\/\/tourtravelandmore.com\/es\/#organization\"},\"potentialAction\":[{\"@type\":\"SearchAction\",\"target\":{\"@type\":\"EntryPoint\",\"urlTemplate\":\"https:\/\/tourtravelandmore.com\/es\/?s={search_term_string}\"},\"query-input\":{\"@type\":\"PropertyValueSpecification\",\"valueRequired\":true,\"valueName\":\"search_term_string\"}}],\"inLanguage\":\"es\"},{\"@type\":\"Organization\",\"@id\":\"https:\/\/tourtravelandmore.com\/es\/#organization\",\"name\":\"Tour Travel And More\",\"url\":\"https:\/\/tourtravelandmore.com\/es\/\",\"logo\":{\"@type\":\"ImageObject\",\"inLanguage\":\"es\",\"@id\":\"https:\/\/tourtravelandmore.com\/es\/#\/schema\/logo\/image\/\",\"url\":\"https:\/\/tourtravelandmore.com\/wp-content\/uploads\/2022\/12\/cropped-logo-cabecera-new.png\",\"contentUrl\":\"https:\/\/tourtravelandmore.com\/wp-content\/uploads\/2022\/12\/cropped-logo-cabecera-new.png\",\"width\":430,\"height\":61,\"caption\":\"Tour Travel And More\"},\"image\":{\"@id\":\"https:\/\/tourtravelandmore.com\/es\/#\/schema\/logo\/image\/\"},\"sameAs\":[\"https:\/\/www.facebook.com\/tourtravelandmore\/\",\"https:\/\/x.com\/TourTravel_More\"]},{\"@type\":\"Person\",\"@id\":\"https:\/\/tourtravelandmore.com\/es\/#\/schema\/person\/2a1c66d76ae9290a394e8efb4af12e1e\",\"name\":\"Maya Nader Harati\",\"image\":{\"@type\":\"ImageObject\",\"inLanguage\":\"es\",\"@id\":\"https:\/\/tourtravelandmore.com\/es\/#\/schema\/person\/image\/\",\"url\":\"https:\/\/secure.gravatar.com\/avatar\/adc2305883b6f86a616354c0c4516fcd9a333d5f5a0806d9d1ae9b30f898fa1f?s=96&d=mm&r=g\",\"contentUrl\":\"https:\/\/secure.gravatar.com\/avatar\/adc2305883b6f86a616354c0c4516fcd9a333d5f5a0806d9d1ae9b30f898fa1f?s=96&d=mm&r=g\",\"caption\":\"Maya Nader Harati\"},\"description\":\"Cultural Destination Specialist & Travel Chronicler. Maya doesn\u2019t just travel the world; she translates it.\",\"sameAs\":[\"https:\/\/tourtravelandmore.com\/author-profile-maya-nader-harati\/\"]}]}<\/script>\n<!-- \/ Yoast SEO Premium plugin. -->","yoast_head_json":{"title":"Descubriendo el Encanto del Valle del Arroyo: El Bed & Breakfast en la Sierra de Aracena - Tour Travel and More","description":"Sum\u00e9rgete en la tranquilidad de la Sierra de Aracena con el Valle del Arroyo Bed & Breakfast. Descubre un oasis de naturaleza y comodidad en este rinc\u00f3n m\u00e1gico de Andaluc\u00eda.","robots":{"index":"index","follow":"follow","max-snippet":"max-snippet:-1","max-image-preview":"max-image-preview:large","max-video-preview":"max-video-preview:-1"},"canonical":"https:\/\/tourtravelandmore.com\/es\/descubriendo-el-encanto-del-valle-del-arroyo-el-bed-breakfast-en-la-sierra-de-aracena\/","og_locale":"es_ES","og_type":"article","og_title":"Descubriendo el Encanto del Valle del Arroyo: El Bed & Breakfast en la Sierra de Aracena","og_description":"Sum\u00e9rgete en la tranquilidad de la Sierra de Aracena con el Valle del Arroyo Bed & Breakfast. Descubre un oasis de naturaleza y comodidad en este rinc\u00f3n m\u00e1gico de Andaluc\u00eda.","og_url":"https:\/\/tourtravelandmore.com\/es\/descubriendo-el-encanto-del-valle-del-arroyo-el-bed-breakfast-en-la-sierra-de-aracena\/","og_site_name":"Tour Travel And More","article_publisher":"https:\/\/www.facebook.com\/tourtravelandmore\/","article_published_time":"2023-11-03T08:26:48+00:00","article_modified_time":"2025-05-16T13:35:43+00:00","og_image":[{"width":800,"height":533,"url":"https:\/\/tourtravelandmore.com\/wp-content\/uploads\/2023\/11\/image.jpeg","type":"image\/jpeg"}],"author":"Maya Nader Harati","twitter_card":"summary_large_image","twitter_creator":"@TourTravel_More","twitter_site":"@TourTravel_More","twitter_misc":{"Escrito por":"Maya Nader Harati","Tiempo de lectura":"5 minutos"},"schema":{"@context":"https:\/\/schema.org","@graph":[{"@type":"Article","@id":"https:\/\/tourtravelandmore.com\/es\/descubriendo-el-encanto-del-valle-del-arroyo-el-bed-breakfast-en-la-sierra-de-aracena\/#article","isPartOf":{"@id":"https:\/\/tourtravelandmore.com\/es\/descubriendo-el-encanto-del-valle-del-arroyo-el-bed-breakfast-en-la-sierra-de-aracena\/"},"author":{"name":"Maya Nader Harati","@id":"https:\/\/tourtravelandmore.com\/es\/#\/schema\/person\/2a1c66d76ae9290a394e8efb4af12e1e"},"headline":"Descubriendo el Encanto del Valle del Arroyo: El Bed &#038; Breakfast en la Sierra de Aracena","datePublished":"2023-11-03T08:26:48+00:00","dateModified":"2025-05-16T13:35:43+00:00","mainEntityOfPage":{"@id":"https:\/\/tourtravelandmore.com\/es\/descubriendo-el-encanto-del-valle-del-arroyo-el-bed-breakfast-en-la-sierra-de-aracena\/"},"wordCount":926,"commentCount":0,"publisher":{"@id":"https:\/\/tourtravelandmore.com\/es\/#organization"},"image":{"@id":"https:\/\/tourtravelandmore.com\/es\/descubriendo-el-encanto-del-valle-del-arroyo-el-bed-breakfast-en-la-sierra-de-aracena\/#primaryimage"},"thumbnailUrl":"https:\/\/tourtravelandmore.com\/wp-content\/uploads\/2023\/11\/image.jpeg","articleSection":["Espa\u00f1a","Europa","Europe","Spain"],"inLanguage":"es","potentialAction":[{"@type":"CommentAction","name":"Comment","target":["https:\/\/tourtravelandmore.com\/es\/descubriendo-el-encanto-del-valle-del-arroyo-el-bed-breakfast-en-la-sierra-de-aracena\/#respond"]}],"accessibilityFeature":["tableOfContents"]},{"@type":"WebPage","@id":"https:\/\/tourtravelandmore.com\/es\/descubriendo-el-encanto-del-valle-del-arroyo-el-bed-breakfast-en-la-sierra-de-aracena\/","url":"https:\/\/tourtravelandmore.com\/es\/descubriendo-el-encanto-del-valle-del-arroyo-el-bed-breakfast-en-la-sierra-de-aracena\/","name":"Descubriendo el Encanto del Valle del Arroyo: El Bed & Breakfast en la Sierra de Aracena - Tour Travel and More","isPartOf":{"@id":"https:\/\/tourtravelandmore.com\/es\/#website"},"primaryImageOfPage":{"@id":"https:\/\/tourtravelandmore.com\/es\/descubriendo-el-encanto-del-valle-del-arroyo-el-bed-breakfast-en-la-sierra-de-aracena\/#primaryimage"},"image":{"@id":"https:\/\/tourtravelandmore.com\/es\/descubriendo-el-encanto-del-valle-del-arroyo-el-bed-breakfast-en-la-sierra-de-aracena\/#primaryimage"},"thumbnailUrl":"https:\/\/tourtravelandmore.com\/wp-content\/uploads\/2023\/11\/image.jpeg","datePublished":"2023-11-03T08:26:48+00:00","dateModified":"2025-05-16T13:35:43+00:00","description":"Sum\u00e9rgete en la tranquilidad de la Sierra de Aracena con el Valle del Arroyo Bed & Breakfast. Descubre un oasis de naturaleza y comodidad en este rinc\u00f3n m\u00e1gico de Andaluc\u00eda.","breadcrumb":{"@id":"https:\/\/tourtravelandmore.com\/es\/descubriendo-el-encanto-del-valle-del-arroyo-el-bed-breakfast-en-la-sierra-de-aracena\/#breadcrumb"},"inLanguage":"es","potentialAction":[{"@type":"ReadAction","target":["https:\/\/tourtravelandmore.com\/es\/descubriendo-el-encanto-del-valle-del-arroyo-el-bed-breakfast-en-la-sierra-de-aracena\/"]}]},{"@type":"ImageObject","inLanguage":"es","@id":"https:\/\/tourtravelandmore.com\/es\/descubriendo-el-encanto-del-valle-del-arroyo-el-bed-breakfast-en-la-sierra-de-aracena\/#primaryimage","url":"https:\/\/tourtravelandmore.com\/wp-content\/uploads\/2023\/11\/image.jpeg","contentUrl":"https:\/\/tourtravelandmore.com\/wp-content\/uploads\/2023\/11\/image.jpeg","width":800,"height":533},{"@type":"BreadcrumbList","@id":"https:\/\/tourtravelandmore.com\/es\/descubriendo-el-encanto-del-valle-del-arroyo-el-bed-breakfast-en-la-sierra-de-aracena\/#breadcrumb","itemListElement":[{"@type":"ListItem","position":1,"name":"Home","item":"https:\/\/tourtravelandmore.com\/es\/"},{"@type":"ListItem","position":2,"name":"Descubriendo el Encanto del Valle del Arroyo: El Bed &#038; Breakfast en la Sierra de Aracena"}]},{"@type":"WebSite","@id":"https:\/\/tourtravelandmore.com\/es\/#website","url":"https:\/\/tourtravelandmore.com\/es\/","name":"Tour Travel And More","description":"Private sightseeing tours and luxury transfers in Spain","publisher":{"@id":"https:\/\/tourtravelandmore.com\/es\/#organization"},"potentialAction":[{"@type":"SearchAction","target":{"@type":"EntryPoint","urlTemplate":"https:\/\/tourtravelandmore.com\/es\/?s={search_term_string}"},"query-input":{"@type":"PropertyValueSpecification","valueRequired":true,"valueName":"search_term_string"}}],"inLanguage":"es"},{"@type":"Organization","@id":"https:\/\/tourtravelandmore.com\/es\/#organization","name":"Tour Travel And More","url":"https:\/\/tourtravelandmore.com\/es\/","logo":{"@type":"ImageObject","inLanguage":"es","@id":"https:\/\/tourtravelandmore.com\/es\/#\/schema\/logo\/image\/","url":"https:\/\/tourtravelandmore.com\/wp-content\/uploads\/2022\/12\/cropped-logo-cabecera-new.png","contentUrl":"https:\/\/tourtravelandmore.com\/wp-content\/uploads\/2022\/12\/cropped-logo-cabecera-new.png","width":430,"height":61,"caption":"Tour Travel And More"},"image":{"@id":"https:\/\/tourtravelandmore.com\/es\/#\/schema\/logo\/image\/"},"sameAs":["https:\/\/www.facebook.com\/tourtravelandmore\/","https:\/\/x.com\/TourTravel_More"]},{"@type":"Person","@id":"https:\/\/tourtravelandmore.com\/es\/#\/schema\/person\/2a1c66d76ae9290a394e8efb4af12e1e","name":"Maya Nader Harati","image":{"@type":"ImageObject","inLanguage":"es","@id":"https:\/\/tourtravelandmore.com\/es\/#\/schema\/person\/image\/","url":"https:\/\/secure.gravatar.com\/avatar\/adc2305883b6f86a616354c0c4516fcd9a333d5f5a0806d9d1ae9b30f898fa1f?s=96&d=mm&r=g","contentUrl":"https:\/\/secure.gravatar.com\/avatar\/adc2305883b6f86a616354c0c4516fcd9a333d5f5a0806d9d1ae9b30f898fa1f?s=96&d=mm&r=g","caption":"Maya Nader Harati"},"description":"Cultural Destination Specialist & Travel Chronicler. Maya doesn\u2019t just travel the world; she translates it.","sameAs":["https:\/\/tourtravelandmore.com\/author-profile-maya-nader-harati\/"]}]}},"_links":{"self":[{"href":"https:\/\/tourtravelandmore.com\/es\/wp-json\/wp\/v2\/posts\/170815","targetHints":{"allow":["GET"]}}],"collection":[{"href":"https:\/\/tourtravelandmore.com\/es\/wp-json\/wp\/v2\/posts"}],"about":[{"href":"https:\/\/tourtravelandmore.com\/es\/wp-json\/wp\/v2\/types\/post"}],"author":[{"embeddable":true,"href":"https:\/\/tourtravelandmore.com\/es\/wp-json\/wp\/v2\/users\/2"}],"replies":[{"embeddable":true,"href":"https:\/\/tourtravelandmore.com\/es\/wp-json\/wp\/v2\/comments?post=170815"}],"version-history":[{"count":1,"href":"https:\/\/tourtravelandmore.com\/es\/wp-json\/wp\/v2\/posts\/170815\/revisions"}],"predecessor-version":[{"id":183307,"href":"https:\/\/tourtravelandmore.com\/es\/wp-json\/wp\/v2\/posts\/170815\/revisions\/183307"}],"wp:featuredmedia":[{"embeddable":true,"href":"https:\/\/tourtravelandmore.com\/es\/wp-json\/wp\/v2\/media\/170814"}],"wp:attachment":[{"href":"https:\/\/tourtravelandmore.com\/es\/wp-json\/wp\/v2\/media?parent=170815"}],"wp:term":[{"taxonomy":"category","embeddable":true,"href":"https:\/\/tourtravelandmore.com\/es\/wp-json\/wp\/v2\/categories?post=170815"},{"taxonomy":"post_tag","embeddable":true,"href":"https:\/\/tourtravelandmore.com\/es\/wp-json\/wp\/v2\/tags?post=170815"}],"curies":[{"name":"wp","href":"https:\/\/api.w.org\/{rel}","templated":true}]}}