{"id":170184,"date":"2023-09-29T11:09:15","date_gmt":"2023-09-29T09:09:15","guid":{"rendered":"https:\/\/tourtravelandmore.com\/?p=170184"},"modified":"2025-05-16T15:36:57","modified_gmt":"2025-05-16T13:36:57","slug":"la-merce-2023-barcelona","status":"publish","type":"post","link":"https:\/\/tourtravelandmore.com\/es\/la-merce-2023-barcelona\/","title":{"rendered":"La Merc\u00e8 2023: Barcelona"},"content":{"rendered":"\n<div class=\"wp-block-yoast-seo-table-of-contents yoast-table-of-contents\"><h2>Tabla de contenidos<\/h2><ul><li><a href=\"#h-descubre-la-merc-un-festival-de-barcelona-como-ning-n-otro\" data-level=\"2\">Descubre La Merc\u00e8: Un Festival de Barcelona Como Ning\u00fan Otro<\/a><\/li><li><a href=\"#h-inauguraci-n-el-espect-culo-de-luces\" data-level=\"2\">Inauguraci\u00f3n: El Espect\u00e1culo de Luces<\/a><\/li><li><a href=\"#h-desfile-de-gigantes-y-cabezudos\" data-level=\"2\">Desfile de Gigantes y Cabezudos<\/a><\/li><li><a href=\"#h-m-sica-en-todas-partes\" data-level=\"2\">M\u00fasica en Todas Partes<\/a><\/li><li><a href=\"#h-correfoc-la-fiesta-de-los-diablos\" data-level=\"2\">Correfoc: La Fiesta de los Diablos<\/a><\/li><li><a href=\"#h-piromusical-fuegos-artificiales-sincronizados-con-m-sica\" data-level=\"2\">Piromusical: Fuegos Artificiales Sincronizados con M\u00fasica<\/a><\/li><li><a href=\"#h-exposiciones-de-arte-y-cultura\" data-level=\"2\">Exposiciones de Arte y Cultura<\/a><\/li><li><a href=\"#h-gastronom-a-catalana\" data-level=\"2\">Gastronom\u00eda Catalana<\/a><\/li><li><a href=\"#h-la-merc-2023-una-celebraci-n-inolvidable\" data-level=\"2\">La Merc\u00e8 2023, una Celebraci\u00f3n Inolvidable<\/a><\/li><\/ul><\/div>\n\n\n\n<p>Barcelona, la joya de Espa\u00f1a, es una ciudad que no necesita presentaci\u00f3n. Sus calles emanan historia, cultura y una energ\u00eda vibrante que atrae a visitantes de todo el mundo. Pero si est\u00e1s planeando tu visita a esta hermosa ciudad en el oto\u00f1o de 2023, prep\u00e1rate para una experiencia que te dejar\u00e1 sin aliento: \u00a1La Merc\u00e8 2023! \u00a1Mira nuestros tours privados aqu\u00ed!&nbsp;<\/p>\n\n\n\n<h2 class=\"wp-block-heading\" id=\"h-descubre-la-merc-un-festival-de-barcelona-como-ning-n-otro\"><strong>Descubre La Merc\u00e8: Un Festival de Barcelona Como Ning\u00fan Otro<\/strong><\/h2>\n\n\n\n<p>La Merc\u00e8 es la fiesta mayor de Barcelona, y es m\u00e1s que un simple festival; es una expresi\u00f3n de la rica herencia cultural de la ciudad y su esp\u00edritu festivo. Este a\u00f1o, La Merc\u00e8 2023 promete ser m\u00e1s emocionante y espectacular que nunca. \u00bfQu\u00e9 puedes esperar? \u00a1Perm\u00edtenos llevarte a un recorrido por todas las actividades imperdibles que este festival tiene para ofrecer!<\/p>\n\n\n\n<h2 class=\"wp-block-heading\" id=\"h-inauguraci-n-el-espect-culo-de-luces\"><strong>Inauguraci\u00f3n: El Espect\u00e1culo de Luces<\/strong><\/h2>\n\n\n\n<p>El festival se inicia con un espect\u00e1culo de luces deslumbrante que ilumina el cielo nocturno de Barcelona. Las fachadas de los edificios m\u00e1s ic\u00f3nicos se convierten en lienzos vivientes mientras los fuegos artificiales pintan el firmamento con colores deslumbrantes. Este evento de apertura es una experiencia que no querr\u00e1s perderte.<\/p>\n\n\n\n<figure class=\"wp-block-image\"><img decoding=\"async\" src=\"https:\/\/lh3.googleusercontent.com\/jJbcajyrT9oyDBGitTiRj9Gn5TXFNS9v3QrLe_7kJY2QWTg1wXryrwjYM1WvXBzTI0vJmE8F46FZG1YdLPexVCsU0EDNWTJJdQhgNo_PlQLqofkbvKYBvW3onefim_1yhaZpy3ekmj3yXws843Hvc2o\" alt=\"\"\/><\/figure>\n\n\n\n<h2 class=\"wp-block-heading\" id=\"h-desfile-de-gigantes-y-cabezudos\"><strong>Desfile de Gigantes y Cabezudos<\/strong><\/h2>\n\n\n\n<p>Una de las tradiciones m\u00e1s queridas de La Merc\u00e8 es el desfile de gigantes y cabezudos. Estas enormes figuras, cuidadosamente confeccionadas, cobran vida en las calles de Barcelona. Bailan, interact\u00faan con la multitud y a\u00f1aden una dosis extra de diversi\u00f3n a la celebraci\u00f3n. \u00a1Aseg\u00farate de tener tu c\u00e1mara lista para capturar estos momentos \u00fanicos!<\/p>\n\n\n\n<h2 class=\"wp-block-heading\" id=\"h-m-sica-en-todas-partes\"><strong>M\u00fasica en Todas Partes<\/strong><\/h2>\n\n\n\n<p>La m\u00fasica es el coraz\u00f3n de La Merc\u00e8. Durante todo el festival, las calles de Barcelona est\u00e1n llenas de actuaciones musicales en vivo que abarcan todos los g\u00e9neros imaginables. Desde conciertos de rock en el Parc de la Ciutadella hasta actuaciones de m\u00fasica tradicional catalana en el Barrio G\u00f3tico, la m\u00fasica te rodear\u00e1 en cada esquina.<\/p>\n\n\n\n<figure class=\"wp-block-image\"><img decoding=\"async\" src=\"https:\/\/lh5.googleusercontent.com\/2SxJtAzvMvNM3vMRbBcyrcp9RD6edeXKIFVbAmJJA2IXf2gBQ64Ar0XIbsDs7-U_BxLtsZnDfVhxqKyqKQ0ettWBoZoj5djc1TO6qS5NMIyjYc_b2hBtwHXSD9FVFWZqyvpBtV9QRuw-j30lTrhb11I\" alt=\"\"\/><\/figure>\n\n\n\n<h2 class=\"wp-block-heading\" id=\"h-correfoc-la-fiesta-de-los-diablos\"><strong>Correfoc: La Fiesta de los Diablos<\/strong><\/h2>\n\n\n\n<p>El Correfoc es una de las experiencias m\u00e1s intensas de La Merc\u00e8. En este evento, grupos de diablos desfilan por las calles con antorchas y fuegos artificiales, creando una atm\u00f3sfera m\u00e1gica y un poco infernal. No es para los d\u00e9biles de coraz\u00f3n, pero sin duda es una experiencia que te dejar\u00e1 con recuerdos inolvidables.<\/p>\n\n\n\n<h2 class=\"wp-block-heading\" id=\"h-piromusical-fuegos-artificiales-sincronizados-con-m-sica\"><strong>Piromusical: Fuegos Artificiales Sincronizados con M\u00fasica<\/strong><\/h2>\n\n\n\n<p>Si te gustan los fuegos artificiales, te quedar\u00e1s sin aliento con el espect\u00e1culo piromusical de La Merc\u00e8. Este evento combina la m\u00fasica en vivo con fuegos artificiales sincronizados, creando una sinfon\u00eda de luz y sonido que ilumina el cielo nocturno de Barcelona. Es un final espectacular para una jornada llena de emociones.<\/p>\n\n\n\n<figure class=\"wp-block-image\"><img decoding=\"async\" src=\"https:\/\/lh3.googleusercontent.com\/zOLcJE_S-Zj2B8wspwIBwu_NPQfBy-vsoY5VObJAwpCV43NCf7_rn8jGOInL-VM3wjwqNfsGzbO4R7ZREOn1TSieOqhwEkI7NYDaDI4DTg49GvEvlciHZhCwJCvzqsJ2Bf5ZSWUhfKxyhQtuvdLAVh8\" alt=\"\"\/><\/figure>\n\n\n\n<h2 class=\"wp-block-heading\" id=\"h-exposiciones-de-arte-y-cultura\"><strong>Exposiciones de Arte y Cultura<\/strong><\/h2>\n\n\n\n<p>Adem\u00e1s de la m\u00fasica y las festividades callejeras, La Merc\u00e8 tambi\u00e9n ofrece una abundancia de oportunidades para sumergirse en la cultura catalana. Los museos y galer\u00edas de arte de Barcelona suelen tener exposiciones especiales durante el festival, lo que te permite explorar la riqueza art\u00edstica de la ciudad.<\/p>\n\n\n\n<h2 class=\"wp-block-heading\" id=\"h-gastronom-a-catalana\"><strong>Gastronom\u00eda Catalana<\/strong><\/h2>\n\n\n\n<p>No puedes visitar Barcelona sin probar su deliciosa gastronom\u00eda. Durante La Merc\u00e8, los restaurantes y bares de la ciudad ofrecen men\u00fas especiales y degustaciones de platos tradicionales catalanes. No te pierdas la oportunidad de probar la paella, el pan con tomate o las tapas mientras disfrutas de la animada atm\u00f3sfera del festival.<\/p>\n\n\n\n<figure class=\"wp-block-image\"><img decoding=\"async\" src=\"https:\/\/lh6.googleusercontent.com\/KEOwlZQiH4nlB3cqrw5vPxR7gN-6s894hhTqzB-mNQwrRzv1G-9iFLoYWJTsdtevIhutufwW6lJJ2_OIQ3UeExxiqhjfY5-7X3eIWvrZxbe92-DGQEBspmsIWss43Ge0c3qk8a7xOVcMBHIiTvXKt7o\" alt=\"\"\/><\/figure>\n\n\n\n<h2 class=\"wp-block-heading\" id=\"h-la-merc-2023-una-celebraci-n-inolvidable\"><strong>La Merc\u00e8 2023, una Celebraci\u00f3n Inolvidable<\/strong><\/h2>\n\n\n\n<p>En resumen, La Merc\u00e8 2023 es una celebraci\u00f3n que combina la emoci\u00f3n de un festival con la riqueza cultural de Barcelona. Desde los desfiles coloridos hasta los espect\u00e1culos de m\u00fasica en vivo y los impresionantes fuegos artificiales, este festival tiene algo para todos.<\/p>\n\n\n\n<p>As\u00ed que, si est\u00e1s planeando un viaje a Barcelona en el oto\u00f1o de 2023, aseg\u00farate de incluir La Merc\u00e8 en tu itinerario. Prep\u00e1rate para sumergirte en la cultura catalana, deleitarte con su gastronom\u00eda y vivir momentos inolvidables en las calles de esta ciudad incre\u00edble.<\/p>\n\n\n\n<p>\u00a1No querr\u00e1s perderte La Merc\u00e8 2023, una fiesta que realmente define el esp\u00edritu festivo de Barcelona! Ven y \u00fanete a la diversi\u00f3n mientras celebramos la herencia cultural y la alegr\u00eda de esta ciudad fascinante. \u00a1Te esperamos con los brazos abiertos!<\/p>\n","protected":false},"excerpt":{"rendered":"<p>La Merc\u00e8 2023: Un vibrante festival en Barcelona con desfiles, m\u00fasica en vivo, fuegos artificiales y una inmersi\u00f3n en la cultura catalana. \u00a1\u00danete a la celebraci\u00f3n!<\/p>\n","protected":false},"author":2,"featured_media":170183,"comment_status":"open","ping_status":"open","sticky":false,"template":"","format":"standard","meta":{"_acf_changed":false,"footnotes":""},"categories":[114,2294,2349,2903,3909],"tags":[],"class_list":["post-170184","post","type-post","status-publish","format-standard","has-post-thumbnail","hentry","category-barcelona-es","category-espana-2","category-europa","category-europe-es","category-spain-es"],"acf":[],"yoast_head":"<!-- This site is optimized with the Yoast SEO Premium plugin v25.3.1 (Yoast SEO v25.3.1) - https:\/\/yoast.com\/wordpress\/plugins\/seo\/ -->\n<title>La Merc\u00e8 2023: Barcelona | Tour Travel &amp; More<\/title>\n<meta name=\"description\" content=\"Descubre todas las actividades emocionantes que La Merc\u00e8 2023 tiene para ofrecer en Barcelona. Un recorrido por los desfiles, la m\u00fasica en vivo, los fuegos artificiales y la rica cultura catalana. \u00a1\u00danete a nosotros para una celebraci\u00f3n inolvidable!\" \/>\n<meta name=\"robots\" content=\"index, follow, max-snippet:-1, max-image-preview:large, max-video-preview:-1\" \/>\n<link rel=\"canonical\" href=\"https:\/\/tourtravelandmore.com\/es\/la-merce-2023-barcelona\/\" \/>\n<meta property=\"og:locale\" content=\"es_ES\" \/>\n<meta property=\"og:type\" content=\"article\" \/>\n<meta property=\"og:title\" content=\"La Merc\u00e8 2023: Barcelona\" \/>\n<meta property=\"og:description\" content=\"Descubre todas las actividades emocionantes que La Merc\u00e8 2023 tiene para ofrecer en Barcelona. Un recorrido por los desfiles, la m\u00fasica en vivo, los fuegos artificiales y la rica cultura catalana. \u00a1\u00danete a nosotros para una celebraci\u00f3n inolvidable!\" \/>\n<meta property=\"og:url\" content=\"https:\/\/tourtravelandmore.com\/es\/la-merce-2023-barcelona\/\" \/>\n<meta property=\"og:site_name\" content=\"Tour Travel And More\" \/>\n<meta property=\"article:publisher\" content=\"https:\/\/www.facebook.com\/tourtravelandmore\/\" \/>\n<meta property=\"article:published_time\" content=\"2023-09-29T09:09:15+00:00\" \/>\n<meta property=\"article:modified_time\" content=\"2025-05-16T13:36:57+00:00\" \/>\n<meta property=\"og:image\" content=\"https:\/\/tourtravelandmore.com\/wp-content\/uploads\/2023\/09\/image-14.jpeg\" \/>\n\t<meta property=\"og:image:width\" content=\"1277\" \/>\n\t<meta property=\"og:image:height\" content=\"842\" \/>\n\t<meta property=\"og:image:type\" content=\"image\/jpeg\" \/>\n<meta name=\"author\" content=\"Maya Nader Harati\" \/>\n<meta name=\"twitter:card\" content=\"summary_large_image\" \/>\n<meta name=\"twitter:creator\" content=\"@TourTravel_More\" \/>\n<meta name=\"twitter:site\" content=\"@TourTravel_More\" \/>\n<meta name=\"twitter:label1\" content=\"Escrito por\" \/>\n\t<meta name=\"twitter:data1\" content=\"Maya Nader Harati\" \/>\n\t<meta name=\"twitter:label2\" content=\"Tiempo de lectura\" \/>\n\t<meta name=\"twitter:data2\" content=\"4 minutos\" \/>\n<script type=\"application\/ld+json\" class=\"yoast-schema-graph\">{\"@context\":\"https:\/\/schema.org\",\"@graph\":[{\"@type\":\"Article\",\"@id\":\"https:\/\/tourtravelandmore.com\/es\/la-merce-2023-barcelona\/#article\",\"isPartOf\":{\"@id\":\"https:\/\/tourtravelandmore.com\/es\/la-merce-2023-barcelona\/\"},\"author\":{\"name\":\"Maya Nader Harati\",\"@id\":\"https:\/\/tourtravelandmore.com\/es\/#\/schema\/person\/2a1c66d76ae9290a394e8efb4af12e1e\"},\"headline\":\"La Merc\u00e8 2023: Barcelona\",\"datePublished\":\"2023-09-29T09:09:15+00:00\",\"dateModified\":\"2025-05-16T13:36:57+00:00\",\"mainEntityOfPage\":{\"@id\":\"https:\/\/tourtravelandmore.com\/es\/la-merce-2023-barcelona\/\"},\"wordCount\":788,\"commentCount\":0,\"publisher\":{\"@id\":\"https:\/\/tourtravelandmore.com\/es\/#organization\"},\"image\":{\"@id\":\"https:\/\/tourtravelandmore.com\/es\/la-merce-2023-barcelona\/#primaryimage\"},\"thumbnailUrl\":\"https:\/\/tourtravelandmore.com\/wp-content\/uploads\/2023\/09\/image-14.jpeg\",\"articleSection\":[\"Barcelona\",\"Espa\u00f1a\",\"Europa\",\"Europe\",\"Spain\"],\"inLanguage\":\"es\",\"potentialAction\":[{\"@type\":\"CommentAction\",\"name\":\"Comment\",\"target\":[\"https:\/\/tourtravelandmore.com\/es\/la-merce-2023-barcelona\/#respond\"]}],\"accessibilityFeature\":[\"tableOfContents\"]},{\"@type\":\"WebPage\",\"@id\":\"https:\/\/tourtravelandmore.com\/es\/la-merce-2023-barcelona\/\",\"url\":\"https:\/\/tourtravelandmore.com\/es\/la-merce-2023-barcelona\/\",\"name\":\"La Merc\u00e8 2023: Barcelona | Tour Travel & More\",\"isPartOf\":{\"@id\":\"https:\/\/tourtravelandmore.com\/es\/#website\"},\"primaryImageOfPage\":{\"@id\":\"https:\/\/tourtravelandmore.com\/es\/la-merce-2023-barcelona\/#primaryimage\"},\"image\":{\"@id\":\"https:\/\/tourtravelandmore.com\/es\/la-merce-2023-barcelona\/#primaryimage\"},\"thumbnailUrl\":\"https:\/\/tourtravelandmore.com\/wp-content\/uploads\/2023\/09\/image-14.jpeg\",\"datePublished\":\"2023-09-29T09:09:15+00:00\",\"dateModified\":\"2025-05-16T13:36:57+00:00\",\"description\":\"Descubre todas las actividades emocionantes que La Merc\u00e8 2023 tiene para ofrecer en Barcelona. Un recorrido por los desfiles, la m\u00fasica en vivo, los fuegos artificiales y la rica cultura catalana. \u00a1\u00danete a nosotros para una celebraci\u00f3n inolvidable!\",\"breadcrumb\":{\"@id\":\"https:\/\/tourtravelandmore.com\/es\/la-merce-2023-barcelona\/#breadcrumb\"},\"inLanguage\":\"es\",\"potentialAction\":[{\"@type\":\"ReadAction\",\"target\":[\"https:\/\/tourtravelandmore.com\/es\/la-merce-2023-barcelona\/\"]}]},{\"@type\":\"ImageObject\",\"inLanguage\":\"es\",\"@id\":\"https:\/\/tourtravelandmore.com\/es\/la-merce-2023-barcelona\/#primaryimage\",\"url\":\"https:\/\/tourtravelandmore.com\/wp-content\/uploads\/2023\/09\/image-14.jpeg\",\"contentUrl\":\"https:\/\/tourtravelandmore.com\/wp-content\/uploads\/2023\/09\/image-14.jpeg\",\"width\":1277,\"height\":842},{\"@type\":\"BreadcrumbList\",\"@id\":\"https:\/\/tourtravelandmore.com\/es\/la-merce-2023-barcelona\/#breadcrumb\",\"itemListElement\":[{\"@type\":\"ListItem\",\"position\":1,\"name\":\"Home\",\"item\":\"https:\/\/tourtravelandmore.com\/es\/\"},{\"@type\":\"ListItem\",\"position\":2,\"name\":\"La Merc\u00e8 2023: Barcelona\"}]},{\"@type\":\"WebSite\",\"@id\":\"https:\/\/tourtravelandmore.com\/es\/#website\",\"url\":\"https:\/\/tourtravelandmore.com\/es\/\",\"name\":\"Tour Travel And More\",\"description\":\"Private sightseeing tours and luxury transfers in Spain\",\"publisher\":{\"@id\":\"https:\/\/tourtravelandmore.com\/es\/#organization\"},\"potentialAction\":[{\"@type\":\"SearchAction\",\"target\":{\"@type\":\"EntryPoint\",\"urlTemplate\":\"https:\/\/tourtravelandmore.com\/es\/?s={search_term_string}\"},\"query-input\":{\"@type\":\"PropertyValueSpecification\",\"valueRequired\":true,\"valueName\":\"search_term_string\"}}],\"inLanguage\":\"es\"},{\"@type\":\"Organization\",\"@id\":\"https:\/\/tourtravelandmore.com\/es\/#organization\",\"name\":\"Tour Travel And More\",\"url\":\"https:\/\/tourtravelandmore.com\/es\/\",\"logo\":{\"@type\":\"ImageObject\",\"inLanguage\":\"es\",\"@id\":\"https:\/\/tourtravelandmore.com\/es\/#\/schema\/logo\/image\/\",\"url\":\"https:\/\/tourtravelandmore.com\/wp-content\/uploads\/2022\/12\/cropped-logo-cabecera-new.png\",\"contentUrl\":\"https:\/\/tourtravelandmore.com\/wp-content\/uploads\/2022\/12\/cropped-logo-cabecera-new.png\",\"width\":430,\"height\":61,\"caption\":\"Tour Travel And More\"},\"image\":{\"@id\":\"https:\/\/tourtravelandmore.com\/es\/#\/schema\/logo\/image\/\"},\"sameAs\":[\"https:\/\/www.facebook.com\/tourtravelandmore\/\",\"https:\/\/x.com\/TourTravel_More\"]},{\"@type\":\"Person\",\"@id\":\"https:\/\/tourtravelandmore.com\/es\/#\/schema\/person\/2a1c66d76ae9290a394e8efb4af12e1e\",\"name\":\"Maya Nader Harati\",\"image\":{\"@type\":\"ImageObject\",\"inLanguage\":\"es\",\"@id\":\"https:\/\/tourtravelandmore.com\/es\/#\/schema\/person\/image\/\",\"url\":\"https:\/\/secure.gravatar.com\/avatar\/adc2305883b6f86a616354c0c4516fcd9a333d5f5a0806d9d1ae9b30f898fa1f?s=96&d=mm&r=g\",\"contentUrl\":\"https:\/\/secure.gravatar.com\/avatar\/adc2305883b6f86a616354c0c4516fcd9a333d5f5a0806d9d1ae9b30f898fa1f?s=96&d=mm&r=g\",\"caption\":\"Maya Nader Harati\"},\"description\":\"Cultural Destination Specialist & Travel Chronicler. Maya doesn\u2019t just travel the world; she translates it.\",\"sameAs\":[\"https:\/\/tourtravelandmore.com\/author-profile-maya-nader-harati\/\"]}]}<\/script>\n<!-- \/ Yoast SEO Premium plugin. -->","yoast_head_json":{"title":"La Merc\u00e8 2023: Barcelona | Tour Travel & More","description":"Descubre todas las actividades emocionantes que La Merc\u00e8 2023 tiene para ofrecer en Barcelona. Un recorrido por los desfiles, la m\u00fasica en vivo, los fuegos artificiales y la rica cultura catalana. \u00a1\u00danete a nosotros para una celebraci\u00f3n inolvidable!","robots":{"index":"index","follow":"follow","max-snippet":"max-snippet:-1","max-image-preview":"max-image-preview:large","max-video-preview":"max-video-preview:-1"},"canonical":"https:\/\/tourtravelandmore.com\/es\/la-merce-2023-barcelona\/","og_locale":"es_ES","og_type":"article","og_title":"La Merc\u00e8 2023: Barcelona","og_description":"Descubre todas las actividades emocionantes que La Merc\u00e8 2023 tiene para ofrecer en Barcelona. Un recorrido por los desfiles, la m\u00fasica en vivo, los fuegos artificiales y la rica cultura catalana. \u00a1\u00danete a nosotros para una celebraci\u00f3n inolvidable!","og_url":"https:\/\/tourtravelandmore.com\/es\/la-merce-2023-barcelona\/","og_site_name":"Tour Travel And More","article_publisher":"https:\/\/www.facebook.com\/tourtravelandmore\/","article_published_time":"2023-09-29T09:09:15+00:00","article_modified_time":"2025-05-16T13:36:57+00:00","og_image":[{"width":1277,"height":842,"url":"https:\/\/tourtravelandmore.com\/wp-content\/uploads\/2023\/09\/image-14.jpeg","type":"image\/jpeg"}],"author":"Maya Nader Harati","twitter_card":"summary_large_image","twitter_creator":"@TourTravel_More","twitter_site":"@TourTravel_More","twitter_misc":{"Escrito por":"Maya Nader Harati","Tiempo de lectura":"4 minutos"},"schema":{"@context":"https:\/\/schema.org","@graph":[{"@type":"Article","@id":"https:\/\/tourtravelandmore.com\/es\/la-merce-2023-barcelona\/#article","isPartOf":{"@id":"https:\/\/tourtravelandmore.com\/es\/la-merce-2023-barcelona\/"},"author":{"name":"Maya Nader Harati","@id":"https:\/\/tourtravelandmore.com\/es\/#\/schema\/person\/2a1c66d76ae9290a394e8efb4af12e1e"},"headline":"La Merc\u00e8 2023: Barcelona","datePublished":"2023-09-29T09:09:15+00:00","dateModified":"2025-05-16T13:36:57+00:00","mainEntityOfPage":{"@id":"https:\/\/tourtravelandmore.com\/es\/la-merce-2023-barcelona\/"},"wordCount":788,"commentCount":0,"publisher":{"@id":"https:\/\/tourtravelandmore.com\/es\/#organization"},"image":{"@id":"https:\/\/tourtravelandmore.com\/es\/la-merce-2023-barcelona\/#primaryimage"},"thumbnailUrl":"https:\/\/tourtravelandmore.com\/wp-content\/uploads\/2023\/09\/image-14.jpeg","articleSection":["Barcelona","Espa\u00f1a","Europa","Europe","Spain"],"inLanguage":"es","potentialAction":[{"@type":"CommentAction","name":"Comment","target":["https:\/\/tourtravelandmore.com\/es\/la-merce-2023-barcelona\/#respond"]}],"accessibilityFeature":["tableOfContents"]},{"@type":"WebPage","@id":"https:\/\/tourtravelandmore.com\/es\/la-merce-2023-barcelona\/","url":"https:\/\/tourtravelandmore.com\/es\/la-merce-2023-barcelona\/","name":"La Merc\u00e8 2023: Barcelona | Tour Travel & More","isPartOf":{"@id":"https:\/\/tourtravelandmore.com\/es\/#website"},"primaryImageOfPage":{"@id":"https:\/\/tourtravelandmore.com\/es\/la-merce-2023-barcelona\/#primaryimage"},"image":{"@id":"https:\/\/tourtravelandmore.com\/es\/la-merce-2023-barcelona\/#primaryimage"},"thumbnailUrl":"https:\/\/tourtravelandmore.com\/wp-content\/uploads\/2023\/09\/image-14.jpeg","datePublished":"2023-09-29T09:09:15+00:00","dateModified":"2025-05-16T13:36:57+00:00","description":"Descubre todas las actividades emocionantes que La Merc\u00e8 2023 tiene para ofrecer en Barcelona. Un recorrido por los desfiles, la m\u00fasica en vivo, los fuegos artificiales y la rica cultura catalana. \u00a1\u00danete a nosotros para una celebraci\u00f3n inolvidable!","breadcrumb":{"@id":"https:\/\/tourtravelandmore.com\/es\/la-merce-2023-barcelona\/#breadcrumb"},"inLanguage":"es","potentialAction":[{"@type":"ReadAction","target":["https:\/\/tourtravelandmore.com\/es\/la-merce-2023-barcelona\/"]}]},{"@type":"ImageObject","inLanguage":"es","@id":"https:\/\/tourtravelandmore.com\/es\/la-merce-2023-barcelona\/#primaryimage","url":"https:\/\/tourtravelandmore.com\/wp-content\/uploads\/2023\/09\/image-14.jpeg","contentUrl":"https:\/\/tourtravelandmore.com\/wp-content\/uploads\/2023\/09\/image-14.jpeg","width":1277,"height":842},{"@type":"BreadcrumbList","@id":"https:\/\/tourtravelandmore.com\/es\/la-merce-2023-barcelona\/#breadcrumb","itemListElement":[{"@type":"ListItem","position":1,"name":"Home","item":"https:\/\/tourtravelandmore.com\/es\/"},{"@type":"ListItem","position":2,"name":"La Merc\u00e8 2023: Barcelona"}]},{"@type":"WebSite","@id":"https:\/\/tourtravelandmore.com\/es\/#website","url":"https:\/\/tourtravelandmore.com\/es\/","name":"Tour Travel And More","description":"Private sightseeing tours and luxury transfers in Spain","publisher":{"@id":"https:\/\/tourtravelandmore.com\/es\/#organization"},"potentialAction":[{"@type":"SearchAction","target":{"@type":"EntryPoint","urlTemplate":"https:\/\/tourtravelandmore.com\/es\/?s={search_term_string}"},"query-input":{"@type":"PropertyValueSpecification","valueRequired":true,"valueName":"search_term_string"}}],"inLanguage":"es"},{"@type":"Organization","@id":"https:\/\/tourtravelandmore.com\/es\/#organization","name":"Tour Travel And More","url":"https:\/\/tourtravelandmore.com\/es\/","logo":{"@type":"ImageObject","inLanguage":"es","@id":"https:\/\/tourtravelandmore.com\/es\/#\/schema\/logo\/image\/","url":"https:\/\/tourtravelandmore.com\/wp-content\/uploads\/2022\/12\/cropped-logo-cabecera-new.png","contentUrl":"https:\/\/tourtravelandmore.com\/wp-content\/uploads\/2022\/12\/cropped-logo-cabecera-new.png","width":430,"height":61,"caption":"Tour Travel And More"},"image":{"@id":"https:\/\/tourtravelandmore.com\/es\/#\/schema\/logo\/image\/"},"sameAs":["https:\/\/www.facebook.com\/tourtravelandmore\/","https:\/\/x.com\/TourTravel_More"]},{"@type":"Person","@id":"https:\/\/tourtravelandmore.com\/es\/#\/schema\/person\/2a1c66d76ae9290a394e8efb4af12e1e","name":"Maya Nader Harati","image":{"@type":"ImageObject","inLanguage":"es","@id":"https:\/\/tourtravelandmore.com\/es\/#\/schema\/person\/image\/","url":"https:\/\/secure.gravatar.com\/avatar\/adc2305883b6f86a616354c0c4516fcd9a333d5f5a0806d9d1ae9b30f898fa1f?s=96&d=mm&r=g","contentUrl":"https:\/\/secure.gravatar.com\/avatar\/adc2305883b6f86a616354c0c4516fcd9a333d5f5a0806d9d1ae9b30f898fa1f?s=96&d=mm&r=g","caption":"Maya Nader Harati"},"description":"Cultural Destination Specialist & Travel Chronicler. Maya doesn\u2019t just travel the world; she translates it.","sameAs":["https:\/\/tourtravelandmore.com\/author-profile-maya-nader-harati\/"]}]}},"_links":{"self":[{"href":"https:\/\/tourtravelandmore.com\/es\/wp-json\/wp\/v2\/posts\/170184","targetHints":{"allow":["GET"]}}],"collection":[{"href":"https:\/\/tourtravelandmore.com\/es\/wp-json\/wp\/v2\/posts"}],"about":[{"href":"https:\/\/tourtravelandmore.com\/es\/wp-json\/wp\/v2\/types\/post"}],"author":[{"embeddable":true,"href":"https:\/\/tourtravelandmore.com\/es\/wp-json\/wp\/v2\/users\/2"}],"replies":[{"embeddable":true,"href":"https:\/\/tourtravelandmore.com\/es\/wp-json\/wp\/v2\/comments?post=170184"}],"version-history":[{"count":1,"href":"https:\/\/tourtravelandmore.com\/es\/wp-json\/wp\/v2\/posts\/170184\/revisions"}],"predecessor-version":[{"id":183346,"href":"https:\/\/tourtravelandmore.com\/es\/wp-json\/wp\/v2\/posts\/170184\/revisions\/183346"}],"wp:featuredmedia":[{"embeddable":true,"href":"https:\/\/tourtravelandmore.com\/es\/wp-json\/wp\/v2\/media\/170183"}],"wp:attachment":[{"href":"https:\/\/tourtravelandmore.com\/es\/wp-json\/wp\/v2\/media?parent=170184"}],"wp:term":[{"taxonomy":"category","embeddable":true,"href":"https:\/\/tourtravelandmore.com\/es\/wp-json\/wp\/v2\/categories?post=170184"},{"taxonomy":"post_tag","embeddable":true,"href":"https:\/\/tourtravelandmore.com\/es\/wp-json\/wp\/v2\/tags?post=170184"}],"curies":[{"name":"wp","href":"https:\/\/api.w.org\/{rel}","templated":true}]}}