{"id":170098,"date":"2023-09-18T14:11:21","date_gmt":"2023-09-18T12:11:21","guid":{"rendered":"https:\/\/tourtravelandmore.com\/?p=170098"},"modified":"2025-05-16T15:38:09","modified_gmt":"2025-05-16T13:38:09","slug":"descubre-la-europa-creativa-las-ciudades-mas-artisticas","status":"publish","type":"post","link":"https:\/\/tourtravelandmore.com\/es\/descubre-la-europa-creativa-las-ciudades-mas-artisticas\/","title":{"rendered":"Descubre la Europa Creativa: Las Ciudades M\u00e1s Art\u00edsticas"},"content":{"rendered":"\n<div class=\"wp-block-yoast-seo-table-of-contents yoast-table-of-contents\"><h2>Tabla de contenidos<\/h2><ul><li><a href=\"#h-par-s-francia-la-ciudad-de-la-luz-y-el-arte\" data-level=\"2\">Par\u00eds, Francia: La Ciudad de la Luz y el Arte<\/a><\/li><li><a href=\"#h-florencia-italia-el-renacimiento-en-su-m-xima-expresi-n\" data-level=\"2\">Florencia, Italia: El Renacimiento en su M\u00e1xima Expresi\u00f3n<\/a><\/li><li><a href=\"#h-msterdam-pa-ses-bajos-un-mundo-de-colores-y-creatividad\" data-level=\"2\">\u00c1msterdam, Pa\u00edses Bajos: Un Mundo de Colores y Creatividad<\/a><\/li><li><a href=\"#h-viena-austria-donde-la-m-sica-y-el-arte-se-entrelazan\" data-level=\"2\">Viena, Austria: Donde la M\u00fasica y el Arte se Entrelazan<\/a><\/li><li><a href=\"#h-barcelona-espa-a-el-sue-o-de-gaud-y-el-modernismo\" data-level=\"2\">Barcelona, Espa\u00f1a: El Sue\u00f1o de Gaud\u00ed y el Modernismo<\/a><\/li><li><a href=\"#h-praga-rep-blica-checa-un-cuadro-vivo-de-la-historia\" data-level=\"2\">Praga, Rep\u00fablica Checa: Un Cuadro Vivo de la Historia<\/a><\/li><\/ul><\/div>\n\n\n\n<p>Europa, un continente con una rica historia cultural y una tradici\u00f3n de fomentar el arte en todas sus formas, es un para\u00edso para los amantes de la creatividad y la expresi\u00f3n art\u00edstica. Desde las majestuosas obras maestras de la pintura renacentista hasta las vanguardias m\u00e1s modernas, Europa ofrece un viaje art\u00edstico que es tan variado como emocionante. Hoy, en Tour Travel &amp; More, te llevaremos a un recorrido por algunas de las ciudades m\u00e1s art\u00edsticas de Europa, donde la belleza, la historia y la creatividad convergen para deleitar tus sentidos. <a href=\"https:\/\/tourtravelandmore.com\/es\/\">\u00a1Mira nuestros tours privados aqu\u00ed!&nbsp;<\/a><\/p>\n\n\n\n<h2 class=\"wp-block-heading\" id=\"h-par-s-francia-la-ciudad-de-la-luz-y-el-arte\"><strong>Par\u00eds, Francia: La Ciudad de la Luz y el Arte<\/strong><\/h2>\n\n\n\n<p>Comencemos nuestro viaje art\u00edstico en la Ciudad de la Luz, Par\u00eds. Aqu\u00ed, el arte se fusiona con la vida cotidiana de una manera que no se encuentra en ning\u00fan otro lugar. El Louvre, el Museo de Orsay y el Centro Pompidou albergan algunas de las obras m\u00e1s famosas del mundo, incluyendo la Mona Lisa y &#8220;La Noche Estrellada&#8221; de Vincent van Gogh. Puedes pasear por los jardines de Montmartre, donde artistas como Picasso y Dali encontraron inspiraci\u00f3n, o simplemente disfrutar de la arquitectura impresionante mientras recorres las calles adoquinadas.<\/p>\n\n\n\n<h2 class=\"wp-block-heading\" id=\"h-florencia-italia-el-renacimiento-en-su-m-xima-expresi-n\"><strong>Florencia, Italia: El Renacimiento en su M\u00e1xima Expresi\u00f3n<\/strong><\/h2>\n\n\n\n<p>Si eres un apasionado del Renacimiento, Florencia es tu destino ideal. Aqu\u00ed, el genio de artistas como Leonardo da Vinci, Miguel \u00c1ngel y Rafael dej\u00f3 una huella imborrable. La Galer\u00eda Uffizi es un tesoro de invaluables obras maestras renacentistas, mientras que la catedral de Florencia, con su ic\u00f3nica c\u00fapula dise\u00f1ada por Brunelleschi, es una maravilla arquitect\u00f3nica que no puedes perderte.<\/p>\n\n\n\n<figure class=\"wp-block-image\"><img decoding=\"async\" src=\"https:\/\/lh6.googleusercontent.com\/yXsSlsVzDqQx-XpJHQAQZriMh1-JhoKsGETiLY2dmj9a907uaAukQJvlnkXiwNZwSS8cQfOvKhBZvuCBagbIVJ8wrCg5xlx3enCJnYrkOwXMbIJnoBHNBCNXcS85LbbrW3mBIInn44-RPRJ4Vdi5lWg\" alt=\"\"\/><\/figure>\n\n\n\n<h2 class=\"wp-block-heading\" id=\"h-msterdam-pa-ses-bajos-un-mundo-de-colores-y-creatividad\"><strong>\u00c1msterdam, Pa\u00edses Bajos: Un Mundo de Colores y Creatividad<\/strong><\/h2>\n\n\n\n<p>\u00c1msterdam es conocida por su vibrante vida art\u00edstica y cultural. El Museo Van Gogh es una ventana al mundo del famoso pintor postimpresionista, mientras que el Rijksmuseum alberga algunas de las pinturas m\u00e1s ic\u00f3nicas de la historia del arte, incluyendo &#8220;La Ronda de Noche&#8221; de Rembrandt. Adem\u00e1s, no puedes dejar de explorar los canales de la ciudad, que han inspirado a artistas durante siglos.<\/p>\n\n\n\n<h2 class=\"wp-block-heading\" id=\"h-viena-austria-donde-la-m-sica-y-el-arte-se-entrelazan\"><strong>Viena, Austria: Donde la M\u00fasica y el Arte se Entrelazan<\/strong><\/h2>\n\n\n\n<p>Viena es una ciudad donde la m\u00fasica y el arte caminan de la mano. Aqu\u00ed, grandes compositores como Mozart, Beethoven y Strauss dieron vida a sus obras maestras. El Museo de Arte Moderno Belvedere y el Museo de Historia del Arte albergan colecciones impresionantes que abarcan desde el arte contempor\u00e1neo hasta las antig\u00fcedades cl\u00e1sicas. Adem\u00e1s, no puedes dejar de asistir a una \u00f3pera o un concierto en esta ciudad donde la m\u00fasica cl\u00e1sica sigue siendo una parte vital de su identidad.<\/p>\n\n\n\n<figure class=\"wp-block-image\"><img decoding=\"async\" src=\"https:\/\/lh4.googleusercontent.com\/YKtTp4G_0eWnrQlKp01GJAUteTIDRLBsD9DSKq7lRk6Zcwle-mdXXHnfxuPtlkrjqRi8UqlWbxiiO2H_xF0j0cEhTMDiv36e4MAi_JNbYZe-bGl48vjugQ66zFnNjflf4V1yHG-gfPzIPMhEbvBnJzo\" alt=\"\"\/><\/figure>\n\n\n\n<h2 class=\"wp-block-heading\" id=\"h-barcelona-espa-a-el-sue-o-de-gaud-y-el-modernismo\"><strong>Barcelona, Espa\u00f1a: El Sue\u00f1o de Gaud\u00ed y el Modernismo<\/strong><\/h2>\n\n\n\n<p>Barcelona es un crisol de creatividad modernista que se manifiesta en la arquitectura \u00fanica de Antoni Gaud\u00ed. La Sagrada Familia, el Parque G\u00fcell y la Casa Batll\u00f3 son solo algunas de las obras maestras que puedes admirar aqu\u00ed. Adem\u00e1s, la ciudad cuenta con una vibrante escena art\u00edstica contempor\u00e1nea, con galer\u00edas y espacios de arte que muestran el talento de artistas locales e internacionales.<\/p>\n\n\n\n<figure class=\"wp-block-image\"><img decoding=\"async\" src=\"https:\/\/lh5.googleusercontent.com\/C7diHFTowgegRjH6DuDoEQo-e5gAiVkoBVKeJpdwHIfP1OFH1LKsxu_i8kN4F5zYj7J7ansmjtfkiMwB1Q5WSWnhPJMIIHjn9MEXpkbOFS178yd7B9BL241PeoqL5TQHsN2yyadpMhPjZfTmLZf8FJA\" alt=\"\"\/><\/figure>\n\n\n\n<h2 class=\"wp-block-heading\" id=\"h-praga-rep-blica-checa-un-cuadro-vivo-de-la-historia\"><strong>Praga, Rep\u00fablica Checa: Un Cuadro Vivo de la Historia<\/strong><\/h2>\n\n\n\n<p>Praga, la Ciudad Dorada, es una obra de arte en s\u00ed misma. Sus calles adoquinadas y su arquitectura medieval te transportar\u00e1n a otra \u00e9poca. El Castillo de Praga, el Puente de Carlos y la Iglesia de San Nicol\u00e1s son solo algunos de los tesoros que esta ciudad tiene para ofrecer. Adem\u00e1s, la escena art\u00edstica contempor\u00e1nea de Praga est\u00e1 en constante evoluci\u00f3n, con galer\u00edas y espacios de arte emergentes que te sorprender\u00e1n.<\/p>\n\n\n\n<p>Europa es un continente que respira arte en cada rinc\u00f3n, y estas ciudades son solo una muestra de la riqueza creativa que encontrar\u00e1s aqu\u00ed. En Tour Travel &amp; More, estamos comprometidos en brindarte experiencias de viaje que te sumerjan en la belleza y la cultura de Europa. Si eres un amante del arte y la creatividad, no puedes perderte la oportunidad de explorar estas ciudades. Ven con nosotros y descubre la Europa m\u00e1s art\u00edstica que jam\u00e1s hayas imaginado. \u00a1Te esperamos para un viaje inolvidable!<\/p>\n","protected":false},"excerpt":{"rendered":"<p>Explora las ciudades m\u00e1s art\u00edsticas de Europa con Tour Travel &#038; More. Sum\u00e9rgete en la creatividad de Par\u00eds, Florencia, \u00c1msterdam, Viena, Barcelona y Praga, donde la belleza, la historia y el arte se fusionan en experiencias inolvidables. \u00a1\u00danete a nosotros para un viaje inolvidable!<\/p>\n","protected":false},"author":2,"featured_media":170097,"comment_status":"open","ping_status":"open","sticky":false,"template":"","format":"standard","meta":{"_acf_changed":false,"footnotes":""},"categories":[2349,2903],"tags":[],"class_list":["post-170098","post","type-post","status-publish","format-standard","has-post-thumbnail","hentry","category-europa","category-europe-es"],"acf":[],"yoast_head":"<!-- This site is optimized with the Yoast SEO Premium plugin v25.3.1 (Yoast SEO v25.3.1) - https:\/\/yoast.com\/wordpress\/plugins\/seo\/ -->\n<title>Descubre la Europa Creativa: Las Ciudades M\u00e1s Art\u00edsticas | Tour Travel &amp; More<\/title>\n<meta name=\"description\" content=\"Sum\u00e9rgete en un viaje art\u00edstico por las ciudades m\u00e1s emblem\u00e1ticas de Europa. Desde Par\u00eds hasta Praga, descubre la riqueza cultural y creativa que estas ciudades tienen para ofrecer. Tour Travel &amp; More te gu\u00eda en esta aventura \u00fanica.\" \/>\n<meta name=\"robots\" content=\"index, follow, max-snippet:-1, max-image-preview:large, max-video-preview:-1\" \/>\n<link rel=\"canonical\" href=\"https:\/\/tourtravelandmore.com\/es\/descubre-la-europa-creativa-las-ciudades-mas-artisticas\/\" \/>\n<meta property=\"og:locale\" content=\"es_ES\" \/>\n<meta property=\"og:type\" content=\"article\" \/>\n<meta property=\"og:title\" content=\"Descubre la Europa Creativa: Las Ciudades M\u00e1s Art\u00edsticas\" \/>\n<meta property=\"og:description\" content=\"Sum\u00e9rgete en un viaje art\u00edstico por las ciudades m\u00e1s emblem\u00e1ticas de Europa. Desde Par\u00eds hasta Praga, descubre la riqueza cultural y creativa que estas ciudades tienen para ofrecer. Tour Travel &amp; More te gu\u00eda en esta aventura \u00fanica.\" \/>\n<meta property=\"og:url\" content=\"https:\/\/tourtravelandmore.com\/es\/descubre-la-europa-creativa-las-ciudades-mas-artisticas\/\" \/>\n<meta property=\"og:site_name\" content=\"Tour Travel And More\" \/>\n<meta property=\"article:publisher\" content=\"https:\/\/www.facebook.com\/tourtravelandmore\/\" \/>\n<meta property=\"article:published_time\" content=\"2023-09-18T12:11:21+00:00\" \/>\n<meta property=\"article:modified_time\" content=\"2025-05-16T13:38:09+00:00\" \/>\n<meta property=\"og:image\" content=\"https:\/\/tourtravelandmore.com\/wp-content\/uploads\/2023\/09\/image-8.jpeg\" \/>\n\t<meta property=\"og:image:width\" content=\"1600\" \/>\n\t<meta property=\"og:image:height\" content=\"1066\" \/>\n\t<meta property=\"og:image:type\" content=\"image\/jpeg\" \/>\n<meta name=\"author\" content=\"Maya Nader Harati\" \/>\n<meta name=\"twitter:card\" content=\"summary_large_image\" \/>\n<meta name=\"twitter:creator\" content=\"@TourTravel_More\" \/>\n<meta name=\"twitter:site\" content=\"@TourTravel_More\" \/>\n<meta name=\"twitter:label1\" content=\"Escrito por\" \/>\n\t<meta name=\"twitter:data1\" content=\"Maya Nader Harati\" \/>\n\t<meta name=\"twitter:label2\" content=\"Tiempo de lectura\" \/>\n\t<meta name=\"twitter:data2\" content=\"4 minutos\" \/>\n<script type=\"application\/ld+json\" class=\"yoast-schema-graph\">{\"@context\":\"https:\/\/schema.org\",\"@graph\":[{\"@type\":\"Article\",\"@id\":\"https:\/\/tourtravelandmore.com\/es\/descubre-la-europa-creativa-las-ciudades-mas-artisticas\/#article\",\"isPartOf\":{\"@id\":\"https:\/\/tourtravelandmore.com\/es\/descubre-la-europa-creativa-las-ciudades-mas-artisticas\/\"},\"author\":{\"name\":\"Maya Nader Harati\",\"@id\":\"https:\/\/tourtravelandmore.com\/es\/#\/schema\/person\/2a1c66d76ae9290a394e8efb4af12e1e\"},\"headline\":\"Descubre la Europa Creativa: Las Ciudades M\u00e1s Art\u00edsticas\",\"datePublished\":\"2023-09-18T12:11:21+00:00\",\"dateModified\":\"2025-05-16T13:38:09+00:00\",\"mainEntityOfPage\":{\"@id\":\"https:\/\/tourtravelandmore.com\/es\/descubre-la-europa-creativa-las-ciudades-mas-artisticas\/\"},\"wordCount\":794,\"commentCount\":0,\"publisher\":{\"@id\":\"https:\/\/tourtravelandmore.com\/es\/#organization\"},\"image\":{\"@id\":\"https:\/\/tourtravelandmore.com\/es\/descubre-la-europa-creativa-las-ciudades-mas-artisticas\/#primaryimage\"},\"thumbnailUrl\":\"https:\/\/tourtravelandmore.com\/wp-content\/uploads\/2023\/09\/image-8.jpeg\",\"articleSection\":[\"Europa\",\"Europe\"],\"inLanguage\":\"es\",\"potentialAction\":[{\"@type\":\"CommentAction\",\"name\":\"Comment\",\"target\":[\"https:\/\/tourtravelandmore.com\/es\/descubre-la-europa-creativa-las-ciudades-mas-artisticas\/#respond\"]}],\"accessibilityFeature\":[\"tableOfContents\"]},{\"@type\":\"WebPage\",\"@id\":\"https:\/\/tourtravelandmore.com\/es\/descubre-la-europa-creativa-las-ciudades-mas-artisticas\/\",\"url\":\"https:\/\/tourtravelandmore.com\/es\/descubre-la-europa-creativa-las-ciudades-mas-artisticas\/\",\"name\":\"Descubre la Europa Creativa: Las Ciudades M\u00e1s Art\u00edsticas | Tour Travel & More\",\"isPartOf\":{\"@id\":\"https:\/\/tourtravelandmore.com\/es\/#website\"},\"primaryImageOfPage\":{\"@id\":\"https:\/\/tourtravelandmore.com\/es\/descubre-la-europa-creativa-las-ciudades-mas-artisticas\/#primaryimage\"},\"image\":{\"@id\":\"https:\/\/tourtravelandmore.com\/es\/descubre-la-europa-creativa-las-ciudades-mas-artisticas\/#primaryimage\"},\"thumbnailUrl\":\"https:\/\/tourtravelandmore.com\/wp-content\/uploads\/2023\/09\/image-8.jpeg\",\"datePublished\":\"2023-09-18T12:11:21+00:00\",\"dateModified\":\"2025-05-16T13:38:09+00:00\",\"description\":\"Sum\u00e9rgete en un viaje art\u00edstico por las ciudades m\u00e1s emblem\u00e1ticas de Europa. Desde Par\u00eds hasta Praga, descubre la riqueza cultural y creativa que estas ciudades tienen para ofrecer. Tour Travel & More te gu\u00eda en esta aventura \u00fanica.\",\"breadcrumb\":{\"@id\":\"https:\/\/tourtravelandmore.com\/es\/descubre-la-europa-creativa-las-ciudades-mas-artisticas\/#breadcrumb\"},\"inLanguage\":\"es\",\"potentialAction\":[{\"@type\":\"ReadAction\",\"target\":[\"https:\/\/tourtravelandmore.com\/es\/descubre-la-europa-creativa-las-ciudades-mas-artisticas\/\"]}]},{\"@type\":\"ImageObject\",\"inLanguage\":\"es\",\"@id\":\"https:\/\/tourtravelandmore.com\/es\/descubre-la-europa-creativa-las-ciudades-mas-artisticas\/#primaryimage\",\"url\":\"https:\/\/tourtravelandmore.com\/wp-content\/uploads\/2023\/09\/image-8.jpeg\",\"contentUrl\":\"https:\/\/tourtravelandmore.com\/wp-content\/uploads\/2023\/09\/image-8.jpeg\",\"width\":1600,\"height\":1066},{\"@type\":\"BreadcrumbList\",\"@id\":\"https:\/\/tourtravelandmore.com\/es\/descubre-la-europa-creativa-las-ciudades-mas-artisticas\/#breadcrumb\",\"itemListElement\":[{\"@type\":\"ListItem\",\"position\":1,\"name\":\"Home\",\"item\":\"https:\/\/tourtravelandmore.com\/es\/\"},{\"@type\":\"ListItem\",\"position\":2,\"name\":\"Descubre la Europa Creativa: Las Ciudades M\u00e1s Art\u00edsticas\"}]},{\"@type\":\"WebSite\",\"@id\":\"https:\/\/tourtravelandmore.com\/es\/#website\",\"url\":\"https:\/\/tourtravelandmore.com\/es\/\",\"name\":\"Tour Travel And More\",\"description\":\"Private sightseeing tours and luxury transfers in Spain\",\"publisher\":{\"@id\":\"https:\/\/tourtravelandmore.com\/es\/#organization\"},\"potentialAction\":[{\"@type\":\"SearchAction\",\"target\":{\"@type\":\"EntryPoint\",\"urlTemplate\":\"https:\/\/tourtravelandmore.com\/es\/?s={search_term_string}\"},\"query-input\":{\"@type\":\"PropertyValueSpecification\",\"valueRequired\":true,\"valueName\":\"search_term_string\"}}],\"inLanguage\":\"es\"},{\"@type\":\"Organization\",\"@id\":\"https:\/\/tourtravelandmore.com\/es\/#organization\",\"name\":\"Tour Travel And More\",\"url\":\"https:\/\/tourtravelandmore.com\/es\/\",\"logo\":{\"@type\":\"ImageObject\",\"inLanguage\":\"es\",\"@id\":\"https:\/\/tourtravelandmore.com\/es\/#\/schema\/logo\/image\/\",\"url\":\"https:\/\/tourtravelandmore.com\/wp-content\/uploads\/2022\/12\/cropped-logo-cabecera-new.png\",\"contentUrl\":\"https:\/\/tourtravelandmore.com\/wp-content\/uploads\/2022\/12\/cropped-logo-cabecera-new.png\",\"width\":430,\"height\":61,\"caption\":\"Tour Travel And More\"},\"image\":{\"@id\":\"https:\/\/tourtravelandmore.com\/es\/#\/schema\/logo\/image\/\"},\"sameAs\":[\"https:\/\/www.facebook.com\/tourtravelandmore\/\",\"https:\/\/x.com\/TourTravel_More\"]},{\"@type\":\"Person\",\"@id\":\"https:\/\/tourtravelandmore.com\/es\/#\/schema\/person\/2a1c66d76ae9290a394e8efb4af12e1e\",\"name\":\"Maya Nader Harati\",\"image\":{\"@type\":\"ImageObject\",\"inLanguage\":\"es\",\"@id\":\"https:\/\/tourtravelandmore.com\/es\/#\/schema\/person\/image\/\",\"url\":\"https:\/\/secure.gravatar.com\/avatar\/adc2305883b6f86a616354c0c4516fcd9a333d5f5a0806d9d1ae9b30f898fa1f?s=96&d=mm&r=g\",\"contentUrl\":\"https:\/\/secure.gravatar.com\/avatar\/adc2305883b6f86a616354c0c4516fcd9a333d5f5a0806d9d1ae9b30f898fa1f?s=96&d=mm&r=g\",\"caption\":\"Maya Nader Harati\"},\"description\":\"Cultural Destination Specialist & Travel Chronicler. Maya doesn\u2019t just travel the world; she translates it.\",\"sameAs\":[\"https:\/\/tourtravelandmore.com\/author-profile-maya-nader-harati\/\"]}]}<\/script>\n<!-- \/ Yoast SEO Premium plugin. -->","yoast_head_json":{"title":"Descubre la Europa Creativa: Las Ciudades M\u00e1s Art\u00edsticas | Tour Travel & More","description":"Sum\u00e9rgete en un viaje art\u00edstico por las ciudades m\u00e1s emblem\u00e1ticas de Europa. Desde Par\u00eds hasta Praga, descubre la riqueza cultural y creativa que estas ciudades tienen para ofrecer. Tour Travel & More te gu\u00eda en esta aventura \u00fanica.","robots":{"index":"index","follow":"follow","max-snippet":"max-snippet:-1","max-image-preview":"max-image-preview:large","max-video-preview":"max-video-preview:-1"},"canonical":"https:\/\/tourtravelandmore.com\/es\/descubre-la-europa-creativa-las-ciudades-mas-artisticas\/","og_locale":"es_ES","og_type":"article","og_title":"Descubre la Europa Creativa: Las Ciudades M\u00e1s Art\u00edsticas","og_description":"Sum\u00e9rgete en un viaje art\u00edstico por las ciudades m\u00e1s emblem\u00e1ticas de Europa. Desde Par\u00eds hasta Praga, descubre la riqueza cultural y creativa que estas ciudades tienen para ofrecer. Tour Travel & More te gu\u00eda en esta aventura \u00fanica.","og_url":"https:\/\/tourtravelandmore.com\/es\/descubre-la-europa-creativa-las-ciudades-mas-artisticas\/","og_site_name":"Tour Travel And More","article_publisher":"https:\/\/www.facebook.com\/tourtravelandmore\/","article_published_time":"2023-09-18T12:11:21+00:00","article_modified_time":"2025-05-16T13:38:09+00:00","og_image":[{"width":1600,"height":1066,"url":"https:\/\/tourtravelandmore.com\/wp-content\/uploads\/2023\/09\/image-8.jpeg","type":"image\/jpeg"}],"author":"Maya Nader Harati","twitter_card":"summary_large_image","twitter_creator":"@TourTravel_More","twitter_site":"@TourTravel_More","twitter_misc":{"Escrito por":"Maya Nader Harati","Tiempo de lectura":"4 minutos"},"schema":{"@context":"https:\/\/schema.org","@graph":[{"@type":"Article","@id":"https:\/\/tourtravelandmore.com\/es\/descubre-la-europa-creativa-las-ciudades-mas-artisticas\/#article","isPartOf":{"@id":"https:\/\/tourtravelandmore.com\/es\/descubre-la-europa-creativa-las-ciudades-mas-artisticas\/"},"author":{"name":"Maya Nader Harati","@id":"https:\/\/tourtravelandmore.com\/es\/#\/schema\/person\/2a1c66d76ae9290a394e8efb4af12e1e"},"headline":"Descubre la Europa Creativa: Las Ciudades M\u00e1s Art\u00edsticas","datePublished":"2023-09-18T12:11:21+00:00","dateModified":"2025-05-16T13:38:09+00:00","mainEntityOfPage":{"@id":"https:\/\/tourtravelandmore.com\/es\/descubre-la-europa-creativa-las-ciudades-mas-artisticas\/"},"wordCount":794,"commentCount":0,"publisher":{"@id":"https:\/\/tourtravelandmore.com\/es\/#organization"},"image":{"@id":"https:\/\/tourtravelandmore.com\/es\/descubre-la-europa-creativa-las-ciudades-mas-artisticas\/#primaryimage"},"thumbnailUrl":"https:\/\/tourtravelandmore.com\/wp-content\/uploads\/2023\/09\/image-8.jpeg","articleSection":["Europa","Europe"],"inLanguage":"es","potentialAction":[{"@type":"CommentAction","name":"Comment","target":["https:\/\/tourtravelandmore.com\/es\/descubre-la-europa-creativa-las-ciudades-mas-artisticas\/#respond"]}],"accessibilityFeature":["tableOfContents"]},{"@type":"WebPage","@id":"https:\/\/tourtravelandmore.com\/es\/descubre-la-europa-creativa-las-ciudades-mas-artisticas\/","url":"https:\/\/tourtravelandmore.com\/es\/descubre-la-europa-creativa-las-ciudades-mas-artisticas\/","name":"Descubre la Europa Creativa: Las Ciudades M\u00e1s Art\u00edsticas | Tour Travel & More","isPartOf":{"@id":"https:\/\/tourtravelandmore.com\/es\/#website"},"primaryImageOfPage":{"@id":"https:\/\/tourtravelandmore.com\/es\/descubre-la-europa-creativa-las-ciudades-mas-artisticas\/#primaryimage"},"image":{"@id":"https:\/\/tourtravelandmore.com\/es\/descubre-la-europa-creativa-las-ciudades-mas-artisticas\/#primaryimage"},"thumbnailUrl":"https:\/\/tourtravelandmore.com\/wp-content\/uploads\/2023\/09\/image-8.jpeg","datePublished":"2023-09-18T12:11:21+00:00","dateModified":"2025-05-16T13:38:09+00:00","description":"Sum\u00e9rgete en un viaje art\u00edstico por las ciudades m\u00e1s emblem\u00e1ticas de Europa. Desde Par\u00eds hasta Praga, descubre la riqueza cultural y creativa que estas ciudades tienen para ofrecer. Tour Travel & More te gu\u00eda en esta aventura \u00fanica.","breadcrumb":{"@id":"https:\/\/tourtravelandmore.com\/es\/descubre-la-europa-creativa-las-ciudades-mas-artisticas\/#breadcrumb"},"inLanguage":"es","potentialAction":[{"@type":"ReadAction","target":["https:\/\/tourtravelandmore.com\/es\/descubre-la-europa-creativa-las-ciudades-mas-artisticas\/"]}]},{"@type":"ImageObject","inLanguage":"es","@id":"https:\/\/tourtravelandmore.com\/es\/descubre-la-europa-creativa-las-ciudades-mas-artisticas\/#primaryimage","url":"https:\/\/tourtravelandmore.com\/wp-content\/uploads\/2023\/09\/image-8.jpeg","contentUrl":"https:\/\/tourtravelandmore.com\/wp-content\/uploads\/2023\/09\/image-8.jpeg","width":1600,"height":1066},{"@type":"BreadcrumbList","@id":"https:\/\/tourtravelandmore.com\/es\/descubre-la-europa-creativa-las-ciudades-mas-artisticas\/#breadcrumb","itemListElement":[{"@type":"ListItem","position":1,"name":"Home","item":"https:\/\/tourtravelandmore.com\/es\/"},{"@type":"ListItem","position":2,"name":"Descubre la Europa Creativa: Las Ciudades M\u00e1s Art\u00edsticas"}]},{"@type":"WebSite","@id":"https:\/\/tourtravelandmore.com\/es\/#website","url":"https:\/\/tourtravelandmore.com\/es\/","name":"Tour Travel And More","description":"Private sightseeing tours and luxury transfers in Spain","publisher":{"@id":"https:\/\/tourtravelandmore.com\/es\/#organization"},"potentialAction":[{"@type":"SearchAction","target":{"@type":"EntryPoint","urlTemplate":"https:\/\/tourtravelandmore.com\/es\/?s={search_term_string}"},"query-input":{"@type":"PropertyValueSpecification","valueRequired":true,"valueName":"search_term_string"}}],"inLanguage":"es"},{"@type":"Organization","@id":"https:\/\/tourtravelandmore.com\/es\/#organization","name":"Tour Travel And More","url":"https:\/\/tourtravelandmore.com\/es\/","logo":{"@type":"ImageObject","inLanguage":"es","@id":"https:\/\/tourtravelandmore.com\/es\/#\/schema\/logo\/image\/","url":"https:\/\/tourtravelandmore.com\/wp-content\/uploads\/2022\/12\/cropped-logo-cabecera-new.png","contentUrl":"https:\/\/tourtravelandmore.com\/wp-content\/uploads\/2022\/12\/cropped-logo-cabecera-new.png","width":430,"height":61,"caption":"Tour Travel And More"},"image":{"@id":"https:\/\/tourtravelandmore.com\/es\/#\/schema\/logo\/image\/"},"sameAs":["https:\/\/www.facebook.com\/tourtravelandmore\/","https:\/\/x.com\/TourTravel_More"]},{"@type":"Person","@id":"https:\/\/tourtravelandmore.com\/es\/#\/schema\/person\/2a1c66d76ae9290a394e8efb4af12e1e","name":"Maya Nader Harati","image":{"@type":"ImageObject","inLanguage":"es","@id":"https:\/\/tourtravelandmore.com\/es\/#\/schema\/person\/image\/","url":"https:\/\/secure.gravatar.com\/avatar\/adc2305883b6f86a616354c0c4516fcd9a333d5f5a0806d9d1ae9b30f898fa1f?s=96&d=mm&r=g","contentUrl":"https:\/\/secure.gravatar.com\/avatar\/adc2305883b6f86a616354c0c4516fcd9a333d5f5a0806d9d1ae9b30f898fa1f?s=96&d=mm&r=g","caption":"Maya Nader Harati"},"description":"Cultural Destination Specialist & Travel Chronicler. Maya doesn\u2019t just travel the world; she translates it.","sameAs":["https:\/\/tourtravelandmore.com\/author-profile-maya-nader-harati\/"]}]}},"_links":{"self":[{"href":"https:\/\/tourtravelandmore.com\/es\/wp-json\/wp\/v2\/posts\/170098","targetHints":{"allow":["GET"]}}],"collection":[{"href":"https:\/\/tourtravelandmore.com\/es\/wp-json\/wp\/v2\/posts"}],"about":[{"href":"https:\/\/tourtravelandmore.com\/es\/wp-json\/wp\/v2\/types\/post"}],"author":[{"embeddable":true,"href":"https:\/\/tourtravelandmore.com\/es\/wp-json\/wp\/v2\/users\/2"}],"replies":[{"embeddable":true,"href":"https:\/\/tourtravelandmore.com\/es\/wp-json\/wp\/v2\/comments?post=170098"}],"version-history":[{"count":1,"href":"https:\/\/tourtravelandmore.com\/es\/wp-json\/wp\/v2\/posts\/170098\/revisions"}],"predecessor-version":[{"id":183364,"href":"https:\/\/tourtravelandmore.com\/es\/wp-json\/wp\/v2\/posts\/170098\/revisions\/183364"}],"wp:featuredmedia":[{"embeddable":true,"href":"https:\/\/tourtravelandmore.com\/es\/wp-json\/wp\/v2\/media\/170097"}],"wp:attachment":[{"href":"https:\/\/tourtravelandmore.com\/es\/wp-json\/wp\/v2\/media?parent=170098"}],"wp:term":[{"taxonomy":"category","embeddable":true,"href":"https:\/\/tourtravelandmore.com\/es\/wp-json\/wp\/v2\/categories?post=170098"},{"taxonomy":"post_tag","embeddable":true,"href":"https:\/\/tourtravelandmore.com\/es\/wp-json\/wp\/v2\/tags?post=170098"}],"curies":[{"name":"wp","href":"https:\/\/api.w.org\/{rel}","templated":true}]}}