{"id":151947,"date":"2023-02-04T04:53:44","date_gmt":"2023-02-04T03:53:44","guid":{"rendered":"https:\/\/tourtravelandmore.com\/?p=151947"},"modified":"2025-05-16T15:51:28","modified_gmt":"2025-05-16T13:51:28","slug":"planes-de-invierno-todo-lo-que-queremos-hacer-comer-beber-y-comprar","status":"publish","type":"post","link":"https:\/\/tourtravelandmore.com\/es\/planes-de-invierno-todo-lo-que-queremos-hacer-comer-beber-y-comprar\/","title":{"rendered":"<strong>Planes de invierno: todo lo que queremos hacer, comer, beber y comprar.<\/strong>"},"content":{"rendered":"\n<div class=\"wp-block-yoast-seo-table-of-contents yoast-table-of-contents\"><h2>Tabla de contenidos<\/h2><ul><li><a href=\"#h-60-balconies-como-en-casa-pero-en-madrid\" data-level=\"2\">60 BALCONIES: \u00a1COMO EN CASA, PERO EN MADRID!<\/a><\/li><li><a href=\"#h-a-o-sorolla\" data-level=\"2\">A\u00d1O SOROLLA<\/a><\/li><li><a href=\"#h-cosm-ticos-en-sinton-a-con-el-planeta\" data-level=\"2\">COSM\u00c9TICOS EN SINTON\u00cdA CON EL PLANETA<\/a><\/li><li><a href=\"#h-amor-por-los-mocasines-personalizados\" data-level=\"2\">\u00a1AMOR POR LOS MOCASINES PERSONALIZADOS!<\/a><\/li><li><a href=\"#h-ambientes-inspiradores\" data-level=\"2\">AMBIENTES INSPIRADORES<\/a><\/li><li><a href=\"#h-un-retiro-para-volver-a-conectar-con-las-azores\" data-level=\"2\">UN RETIRO PARA VOLVER A CONECTAR CON LAS AZORES<\/a><\/li><li><a href=\"#h-la-nueva-colecci-n-awaveawake\" data-level=\"2\">LA NUEVA COLECCI\u00d3N AWAVEAWAKE<\/a><\/li><\/ul><\/div>\n\n\n\n<p>El invierno ya est\u00e1 aqu\u00ed, vamos a darle la bienvenida con todos estos apetitosos planes.<\/p>\n\n\n\n<p>El fr\u00edo ya est\u00e1 aqu\u00ed y para combatir esos d\u00edas grises, aqu\u00ed tienes algunos planes de invierno para recibirte con la mejor cara. Porque no hay nada mejor que regalarse algo bonito. Nuevas prendas para tu armario, caprichos que probar y, por supuesto, cuidar de tu bienestar&#8230;.<\/p>\n\n\n\n<h2 class=\"wp-block-heading\" id=\"h-60-balconies-como-en-casa-pero-en-madrid\"><strong>60 BALCONIES: \u00a1COMO EN CASA, PERO EN MADRID!<\/strong><\/h2>\n\n\n\n<p>Con m\u00e1s de diez a\u00f1os de experiencia, 60 Balconies es una de las referencias de alojamiento tur\u00edstico en la capital y acaba de incorporar su tercer edificio. La marca dispone de 57 pisos tur\u00edsticos en los distritos de Atocha, Justicia y Cedaceros.<\/p>\n\n\n\n<p>En todos sus alojamientos, el confort se funde con un interiorismo y una arquitectura representativos del<\/p>\n\n\n\n<p>arquitectura de la que es responsable Studio 3 1 1.<\/p>\n\n\n\n<p>Su carrera comenz\u00f3 en 2010 con 60 Balconies Art, a la que sigui\u00f3 60 Balconies Design en 2014. Su \u00faltimo proyecto est\u00e1 situado en la calle Cedaceros 6 y toma su nombre de 60 Balcones.<\/p>\n\n\n\n<p>Icono, los iconos m\u00e1s importantes de la ciudad, entre los que se encuentra el edificio.<\/p>\n\n\n\n<p>En la planta baja de 60 Balconies Iconic se encuentra el restaurante Ticui del grupo mexicano Puntarena, que tambi\u00e9n se ha trasladado a la s\u00e9ptima planta donde, adem\u00e1s de la piscina, tambi\u00e9n hay un bar donde disfrutar de los mejores c\u00f3cteles al estilo mexicano.<\/p>\n\n\n\n<figure class=\"wp-block-image\"><img decoding=\"async\" src=\"https:\/\/lh3.googleusercontent.com\/cBrkPU0ZvEosusM32AtqUkqfRXqfRd4d6wI5wQ1cIfd5vhqrK3XP7y-iJxP8GY7etQ_VdkNDmWw1P5oIKcCcMoXhwPOK2zyczSwgkIni5nEcOLyZvyRAfCrE794xNbWXmsIr0xvzovTJ-fd0IGCMiSQ\" alt=\"\"\/><\/figure>\n\n\n\n<h2 class=\"wp-block-heading\" id=\"h-a-o-sorolla\"><strong>A\u00d1O SOROLLA<\/strong><\/h2>\n\n\n\n<p>El 12 de enero, coincidiendo con el inicio del A\u00f1o Sorolla -en 2023 se cumplen 100 a\u00f1os de la muerte de Sorolla y 160 de su nacimiento-, se publicar\u00e1 C\u00f3mo cambiar tu vida con Sorolla, una obra \u00fanica en la que C\u00e9sar Su\u00e1rez combina biograf\u00eda, ensayo y ficci\u00f3n para ofrecer una audaz visi\u00f3n de Joaqu\u00edn Sorolla y su \u00e9poca. Un recorrido por escenas de la vida del artista que responde a preguntas como: \u00bfDe d\u00f3nde surgi\u00f3 su talento? \u00bfC\u00f3mo se form\u00f3 su car\u00e1cter? \u00bfC\u00f3mo era la Espa\u00f1a que vio y plasm\u00f3 en sus cuadros? \u00bfC\u00f3mo consigui\u00f3 mantener el amor por su mujer desde su juventud?<\/p>\n\n\n\n<p><strong><img fetchpriority=\"high\" decoding=\"async\" src=\"https:\/\/lh3.googleusercontent.com\/fTIRvpvTTRSsP8KjfGHUczPIGYeWNkOJhkDszGyEYAw3iLscY8_u1usvjj3cuhb6VL8znvdbd1bLn8bNUG20per-Jo0Auxh-52EohR2rEUWkGgTUDHKW6ygbp7fjISVW1CH_b30-6xlewDEeQG3Bl2E\" width=\"602\" height=\"803\"><\/strong><\/p>\n\n\n\n<h2 class=\"wp-block-heading\" id=\"h-cosm-ticos-en-sinton-a-con-el-planeta\"><strong>COSM\u00c9TICOS EN SINTON\u00cdA CON EL PLANETA<\/strong><\/h2>\n\n\n\n<p>Rowse, la empresa de cosm\u00e9ticos fundada por Nuria Val -fot\u00f3grafa, viajera incansable y colaboradora de Cond\u00e9 Nast Traveler- y Gabriela Salord -experta en marketing cosm\u00e9tico- es un homenaje a la naturaleza.<\/p>\n\n\n\n<p>&#8220;Creemos que el respeto por nuestro planeta y por todas las personas que lo habitan exige un proceso continuo de mejora. Por ello, nuestra vocaci\u00f3n ecol\u00f3gica est\u00e1 sujeta a constantes cambios y reajustes para consolidarnos como la opci\u00f3n de belleza m\u00e1s \u00e9tica y consciente. Nuestro objetivo es minimizar nuestro impacto en el medio ambiente&#8221;, explican los creadores de Rowse, acompa\u00f1ados por la farmac\u00e9utica Lamia El Kadiri, para hacer realidad sus ambiciones.<\/p>\n\n\n\n<p>Todos los ingredientes proceden directamente de la naturaleza y se procesan lo menos posible. Son ecol\u00f3gicos, veganos y libres de crueldad.<\/p>\n\n\n\n<h2 class=\"wp-block-heading\" id=\"h-amor-por-los-mocasines-personalizados\"><strong><\/strong><strong>\u00a1AMOR POR LOS MOCASINES PERSONALIZADOS!<\/strong><\/h2>\n\n\n\n<p>C\u00f3modos, elegantes, fabricados en Espa\u00f1a y personalizados. Los mocasines Sumissura est\u00e1n fabricados con piel italiana y espa\u00f1ola de alta calidad. Pueden personalizarse f\u00e1cilmente seg\u00fan las necesidades estil\u00edsticas del cliente utilizando el dise\u00f1ador 3D en l\u00ednea de la marca.<\/p>\n\n\n\n<p>Tras el gran \u00e9xito de su colecci\u00f3n textil personalizada, Sumissura se aventur\u00f3 en el mundo del calzado y nos enamoramos de sus mocasines. C\u00f3modos, elegantes, fabricados en Espa\u00f1a y \u00a1para todos los gustos! Los mocasines pueden personalizarse f\u00e1cilmente seg\u00fan las necesidades estil\u00edsticas del cliente, gracias al dise\u00f1ador 3D en l\u00ednea de la marca.<\/p>\n\n\n\n<p>Adem\u00e1s de mocasines, puedes dise\u00f1ar tus propios zapatos oxford e incluso botas, \u00a1y cada pieza puede ser de un material diferente!<\/p>\n\n\n\n<h2 class=\"wp-block-heading\" id=\"h-ambientes-inspiradores\"><strong>AMBIENTES INSPIRADORES<\/strong><\/h2>\n\n\n\n<p>Veluto es una concept shop de San Sebasti\u00e1n centrada en el mundo del interiorismo y la decoraci\u00f3n. El dise\u00f1ador I\u00f1igo Iriarte crea atm\u00f3sferas donde el tiempo parece detenerse y donde las ideas del pasado se proyectan hacia el futuro.<\/p>\n\n\n\n<p>Cocinas ad hoc para cada proyecto, muebles con car\u00e1cter, espacios que conviven entre el pasado y el futuro, una perfumer\u00eda de nicho&#8230; Veluto es eclecticismo en la distinci\u00f3n, donde la sencillez y el lujo, lo cotidiano y lo exclusivo se combinan armoniosamente para facilitar la creaci\u00f3n de espacios \u00fanicos y singulares.<\/p>\n\n\n\n<figure class=\"wp-block-image\"><img decoding=\"async\" src=\"https:\/\/lh6.googleusercontent.com\/PJjO2vKCYUOBOuTx7KLDneKcEeP9oHpugktYAaLruF0ONmtZ8kNpmWSyppXYMwdvAYwDxNYQtLEI4P4waifmxYKHdr2DNclaNZf09KqBh0tnvjgSOivca_Ei9OWKZ6EyOizjlSHw-i6M4H8HQpECDGw\" alt=\"\"\/><\/figure>\n\n\n\n<h2 class=\"wp-block-heading\" id=\"h-un-retiro-para-volver-a-conectar-con-las-azores\"><strong>UN RETIRO PARA VOLVER A CONECTAR CON LAS AZORES<\/strong><\/h2>\n\n\n\n<p>Los amantes del mundo del bienestar encontrar\u00e1n el retiro perfecto en Lava Homes, un complejo de 14 lujosas casas de piedra volc\u00e1nica en la tranquila isla de Pico, que ha preparado su primera edici\u00f3n de programas semanales dedicados al cuidado absoluto del esp\u00edritu de enero a mayo de 2023.<\/p>\n\n\n\n<p>Las estaciones de bienestar de Lava Homes van de la meditaci\u00f3n a los viajes cham\u00e1nicos, del yoga a la osteopat\u00eda, de la gyrokinesis al tai chi, de la curaci\u00f3n por el sonido al Ayurveda, de los paseos por la naturaleza a la chocolaterapia&#8230;. en resumen, 15 programas diferentes de cinco d\u00edas creados especialmente para la ocasi\u00f3n con profesionales que estar\u00e1n siempre en comuni\u00f3n con una isla donde reina el silencio.<\/p>\n\n\n\n<h2 class=\"wp-block-heading\" id=\"h-la-nueva-colecci-n-awaveawake\"><strong>LA NUEVA COLECCI\u00d3N AWAVEAWAKE<\/strong><\/h2>\n\n\n\n<p>AWAVEAWAKE no es s\u00f3lo un homenaje a la naturaleza, sino una declaraci\u00f3n de amor gritada a los cuatro vientos. Fundada en 2012 por la directora creativa Jaclyn Hodes, la marca ha abierto la puerta a la moda de lujo te\u00f1ida con plantas.&nbsp;<\/p>\n\n\n\n<p>Se produce \u00edntegramente en Bali y utiliza plantas tropicales locales para crear colores suaves y c\u00e1lidos. Las formas se inspiran en el minimalismo, l\u00edneas relajadas y fluidas que nos alejan de la rigidez y tejidos ligeros y frescos que nos transportan directamente a la isla de Indonesia en eterna primavera. Un soplo de aire fresco transformado en moda.&nbsp;<\/p>\n","protected":false},"excerpt":{"rendered":"<p>El fr\u00edo ya est\u00e1 aqu\u00ed y para combatir esos d\u00edas grises, aqu\u00ed tienes algunos planes de invierno para recibirte con la mejor cara. Porque no hay nada mejor que regalarse algo bonito. Nuevas prendas para tu armario, caprichos que probar y, por supuesto, cuidar de tu bienestar&#8230;.<\/p>\n","protected":false},"author":2,"featured_media":151946,"comment_status":"open","ping_status":"open","sticky":false,"template":"","format":"standard","meta":{"_acf_changed":false,"footnotes":""},"categories":[2294,2349,2903,3907,2375,3909],"tags":[],"class_list":["post-151947","post","type-post","status-publish","format-standard","has-post-thumbnail","hentry","category-espana-2","category-europa","category-europe-es","category-madrid-es-2","category-madrid-es","category-spain-es"],"acf":[],"yoast_head":"<!-- This site is optimized with the Yoast SEO Premium plugin v25.3.1 (Yoast SEO v25.3.1) - https:\/\/yoast.com\/wordpress\/plugins\/seo\/ -->\n<title>Planes de invierno: todo lo que queremos hacer, comer, beber y comprar. - Tourtravel &amp;more<\/title>\n<meta name=\"description\" content=\"\u226b El invierno ya est\u00e1 aqu\u00ed, vamos a darle la bienvenida con todos estos apetitosos planes.\u226b\" \/>\n<meta name=\"robots\" content=\"index, follow, max-snippet:-1, max-image-preview:large, max-video-preview:-1\" \/>\n<link rel=\"canonical\" href=\"https:\/\/tourtravelandmore.com\/es\/planes-de-invierno-todo-lo-que-queremos-hacer-comer-beber-y-comprar\/\" \/>\n<meta property=\"og:locale\" content=\"es_ES\" \/>\n<meta property=\"og:type\" content=\"article\" \/>\n<meta property=\"og:title\" content=\"Planes de invierno: todo lo que queremos hacer, comer, beber y comprar.\" \/>\n<meta property=\"og:description\" content=\"\u226b El invierno ya est\u00e1 aqu\u00ed, vamos a darle la bienvenida con todos estos apetitosos planes.\u226b\" \/>\n<meta property=\"og:url\" content=\"https:\/\/tourtravelandmore.com\/es\/planes-de-invierno-todo-lo-que-queremos-hacer-comer-beber-y-comprar\/\" \/>\n<meta property=\"og:site_name\" content=\"Tour Travel And More\" \/>\n<meta property=\"article:publisher\" content=\"https:\/\/www.facebook.com\/tourtravelandmore\/\" \/>\n<meta property=\"article:published_time\" content=\"2023-02-04T03:53:44+00:00\" \/>\n<meta property=\"article:modified_time\" content=\"2025-05-16T13:51:28+00:00\" \/>\n<meta property=\"og:image\" content=\"https:\/\/tourtravelandmore.com\/wp-content\/uploads\/2023\/02\/image.png\" \/>\n\t<meta property=\"og:image:width\" content=\"1600\" \/>\n\t<meta property=\"og:image:height\" content=\"1067\" \/>\n\t<meta property=\"og:image:type\" content=\"image\/png\" \/>\n<meta name=\"author\" content=\"Maya Nader Harati\" \/>\n<meta name=\"twitter:card\" content=\"summary_large_image\" \/>\n<meta name=\"twitter:creator\" content=\"@TourTravel_More\" \/>\n<meta name=\"twitter:site\" content=\"@TourTravel_More\" \/>\n<meta name=\"twitter:label1\" content=\"Escrito por\" \/>\n\t<meta name=\"twitter:data1\" content=\"Maya Nader Harati\" \/>\n\t<meta name=\"twitter:label2\" content=\"Tiempo de lectura\" \/>\n\t<meta name=\"twitter:data2\" content=\"5 minutos\" \/>\n<script type=\"application\/ld+json\" class=\"yoast-schema-graph\">{\"@context\":\"https:\/\/schema.org\",\"@graph\":[{\"@type\":\"Article\",\"@id\":\"https:\/\/tourtravelandmore.com\/es\/planes-de-invierno-todo-lo-que-queremos-hacer-comer-beber-y-comprar\/#article\",\"isPartOf\":{\"@id\":\"https:\/\/tourtravelandmore.com\/es\/planes-de-invierno-todo-lo-que-queremos-hacer-comer-beber-y-comprar\/\"},\"author\":{\"name\":\"Maya Nader Harati\",\"@id\":\"https:\/\/tourtravelandmore.com\/es\/#\/schema\/person\/2a1c66d76ae9290a394e8efb4af12e1e\"},\"headline\":\"Planes de invierno: todo lo que queremos hacer, comer, beber y comprar.\",\"datePublished\":\"2023-02-04T03:53:44+00:00\",\"dateModified\":\"2025-05-16T13:51:28+00:00\",\"mainEntityOfPage\":{\"@id\":\"https:\/\/tourtravelandmore.com\/es\/planes-de-invierno-todo-lo-que-queremos-hacer-comer-beber-y-comprar\/\"},\"wordCount\":1030,\"commentCount\":0,\"publisher\":{\"@id\":\"https:\/\/tourtravelandmore.com\/es\/#organization\"},\"image\":{\"@id\":\"https:\/\/tourtravelandmore.com\/es\/planes-de-invierno-todo-lo-que-queremos-hacer-comer-beber-y-comprar\/#primaryimage\"},\"thumbnailUrl\":\"https:\/\/tourtravelandmore.com\/wp-content\/uploads\/2023\/02\/image.png\",\"articleSection\":[\"Espa\u00f1a\",\"Europa\",\"Europe\",\"Madrid\",\"Madrid\",\"Spain\"],\"inLanguage\":\"es\",\"potentialAction\":[{\"@type\":\"CommentAction\",\"name\":\"Comment\",\"target\":[\"https:\/\/tourtravelandmore.com\/es\/planes-de-invierno-todo-lo-que-queremos-hacer-comer-beber-y-comprar\/#respond\"]}],\"accessibilityFeature\":[\"tableOfContents\"]},{\"@type\":\"WebPage\",\"@id\":\"https:\/\/tourtravelandmore.com\/es\/planes-de-invierno-todo-lo-que-queremos-hacer-comer-beber-y-comprar\/\",\"url\":\"https:\/\/tourtravelandmore.com\/es\/planes-de-invierno-todo-lo-que-queremos-hacer-comer-beber-y-comprar\/\",\"name\":\"Planes de invierno: todo lo que queremos hacer, comer, beber y comprar. - Tourtravel &more\",\"isPartOf\":{\"@id\":\"https:\/\/tourtravelandmore.com\/es\/#website\"},\"primaryImageOfPage\":{\"@id\":\"https:\/\/tourtravelandmore.com\/es\/planes-de-invierno-todo-lo-que-queremos-hacer-comer-beber-y-comprar\/#primaryimage\"},\"image\":{\"@id\":\"https:\/\/tourtravelandmore.com\/es\/planes-de-invierno-todo-lo-que-queremos-hacer-comer-beber-y-comprar\/#primaryimage\"},\"thumbnailUrl\":\"https:\/\/tourtravelandmore.com\/wp-content\/uploads\/2023\/02\/image.png\",\"datePublished\":\"2023-02-04T03:53:44+00:00\",\"dateModified\":\"2025-05-16T13:51:28+00:00\",\"description\":\"\u226b El invierno ya est\u00e1 aqu\u00ed, vamos a darle la bienvenida con todos estos apetitosos planes.\u226b\",\"breadcrumb\":{\"@id\":\"https:\/\/tourtravelandmore.com\/es\/planes-de-invierno-todo-lo-que-queremos-hacer-comer-beber-y-comprar\/#breadcrumb\"},\"inLanguage\":\"es\",\"potentialAction\":[{\"@type\":\"ReadAction\",\"target\":[\"https:\/\/tourtravelandmore.com\/es\/planes-de-invierno-todo-lo-que-queremos-hacer-comer-beber-y-comprar\/\"]}]},{\"@type\":\"ImageObject\",\"inLanguage\":\"es\",\"@id\":\"https:\/\/tourtravelandmore.com\/es\/planes-de-invierno-todo-lo-que-queremos-hacer-comer-beber-y-comprar\/#primaryimage\",\"url\":\"https:\/\/tourtravelandmore.com\/wp-content\/uploads\/2023\/02\/image.png\",\"contentUrl\":\"https:\/\/tourtravelandmore.com\/wp-content\/uploads\/2023\/02\/image.png\",\"width\":1600,\"height\":1067},{\"@type\":\"BreadcrumbList\",\"@id\":\"https:\/\/tourtravelandmore.com\/es\/planes-de-invierno-todo-lo-que-queremos-hacer-comer-beber-y-comprar\/#breadcrumb\",\"itemListElement\":[{\"@type\":\"ListItem\",\"position\":1,\"name\":\"Home\",\"item\":\"https:\/\/tourtravelandmore.com\/es\/\"},{\"@type\":\"ListItem\",\"position\":2,\"name\":\"Planes de invierno: todo lo que queremos hacer, comer, beber y comprar.\"}]},{\"@type\":\"WebSite\",\"@id\":\"https:\/\/tourtravelandmore.com\/es\/#website\",\"url\":\"https:\/\/tourtravelandmore.com\/es\/\",\"name\":\"Tour Travel And More\",\"description\":\"Private sightseeing tours and luxury transfers in Spain\",\"publisher\":{\"@id\":\"https:\/\/tourtravelandmore.com\/es\/#organization\"},\"potentialAction\":[{\"@type\":\"SearchAction\",\"target\":{\"@type\":\"EntryPoint\",\"urlTemplate\":\"https:\/\/tourtravelandmore.com\/es\/?s={search_term_string}\"},\"query-input\":{\"@type\":\"PropertyValueSpecification\",\"valueRequired\":true,\"valueName\":\"search_term_string\"}}],\"inLanguage\":\"es\"},{\"@type\":\"Organization\",\"@id\":\"https:\/\/tourtravelandmore.com\/es\/#organization\",\"name\":\"Tour Travel And More\",\"url\":\"https:\/\/tourtravelandmore.com\/es\/\",\"logo\":{\"@type\":\"ImageObject\",\"inLanguage\":\"es\",\"@id\":\"https:\/\/tourtravelandmore.com\/es\/#\/schema\/logo\/image\/\",\"url\":\"https:\/\/tourtravelandmore.com\/wp-content\/uploads\/2022\/12\/cropped-logo-cabecera-new.png\",\"contentUrl\":\"https:\/\/tourtravelandmore.com\/wp-content\/uploads\/2022\/12\/cropped-logo-cabecera-new.png\",\"width\":430,\"height\":61,\"caption\":\"Tour Travel And More\"},\"image\":{\"@id\":\"https:\/\/tourtravelandmore.com\/es\/#\/schema\/logo\/image\/\"},\"sameAs\":[\"https:\/\/www.facebook.com\/tourtravelandmore\/\",\"https:\/\/x.com\/TourTravel_More\"]},{\"@type\":\"Person\",\"@id\":\"https:\/\/tourtravelandmore.com\/es\/#\/schema\/person\/2a1c66d76ae9290a394e8efb4af12e1e\",\"name\":\"Maya Nader Harati\",\"image\":{\"@type\":\"ImageObject\",\"inLanguage\":\"es\",\"@id\":\"https:\/\/tourtravelandmore.com\/es\/#\/schema\/person\/image\/\",\"url\":\"https:\/\/secure.gravatar.com\/avatar\/adc2305883b6f86a616354c0c4516fcd9a333d5f5a0806d9d1ae9b30f898fa1f?s=96&d=mm&r=g\",\"contentUrl\":\"https:\/\/secure.gravatar.com\/avatar\/adc2305883b6f86a616354c0c4516fcd9a333d5f5a0806d9d1ae9b30f898fa1f?s=96&d=mm&r=g\",\"caption\":\"Maya Nader Harati\"},\"description\":\"Cultural Destination Specialist & Travel Chronicler. Maya doesn\u2019t just travel the world; she translates it.\",\"sameAs\":[\"https:\/\/tourtravelandmore.com\/author-profile-maya-nader-harati\/\"]}]}<\/script>\n<!-- \/ Yoast SEO Premium plugin. -->","yoast_head_json":{"title":"Planes de invierno: todo lo que queremos hacer, comer, beber y comprar. - Tourtravel &more","description":"\u226b El invierno ya est\u00e1 aqu\u00ed, vamos a darle la bienvenida con todos estos apetitosos planes.\u226b","robots":{"index":"index","follow":"follow","max-snippet":"max-snippet:-1","max-image-preview":"max-image-preview:large","max-video-preview":"max-video-preview:-1"},"canonical":"https:\/\/tourtravelandmore.com\/es\/planes-de-invierno-todo-lo-que-queremos-hacer-comer-beber-y-comprar\/","og_locale":"es_ES","og_type":"article","og_title":"Planes de invierno: todo lo que queremos hacer, comer, beber y comprar.","og_description":"\u226b El invierno ya est\u00e1 aqu\u00ed, vamos a darle la bienvenida con todos estos apetitosos planes.\u226b","og_url":"https:\/\/tourtravelandmore.com\/es\/planes-de-invierno-todo-lo-que-queremos-hacer-comer-beber-y-comprar\/","og_site_name":"Tour Travel And More","article_publisher":"https:\/\/www.facebook.com\/tourtravelandmore\/","article_published_time":"2023-02-04T03:53:44+00:00","article_modified_time":"2025-05-16T13:51:28+00:00","og_image":[{"width":1600,"height":1067,"url":"https:\/\/tourtravelandmore.com\/wp-content\/uploads\/2023\/02\/image.png","type":"image\/png"}],"author":"Maya Nader Harati","twitter_card":"summary_large_image","twitter_creator":"@TourTravel_More","twitter_site":"@TourTravel_More","twitter_misc":{"Escrito por":"Maya Nader Harati","Tiempo de lectura":"5 minutos"},"schema":{"@context":"https:\/\/schema.org","@graph":[{"@type":"Article","@id":"https:\/\/tourtravelandmore.com\/es\/planes-de-invierno-todo-lo-que-queremos-hacer-comer-beber-y-comprar\/#article","isPartOf":{"@id":"https:\/\/tourtravelandmore.com\/es\/planes-de-invierno-todo-lo-que-queremos-hacer-comer-beber-y-comprar\/"},"author":{"name":"Maya Nader Harati","@id":"https:\/\/tourtravelandmore.com\/es\/#\/schema\/person\/2a1c66d76ae9290a394e8efb4af12e1e"},"headline":"Planes de invierno: todo lo que queremos hacer, comer, beber y comprar.","datePublished":"2023-02-04T03:53:44+00:00","dateModified":"2025-05-16T13:51:28+00:00","mainEntityOfPage":{"@id":"https:\/\/tourtravelandmore.com\/es\/planes-de-invierno-todo-lo-que-queremos-hacer-comer-beber-y-comprar\/"},"wordCount":1030,"commentCount":0,"publisher":{"@id":"https:\/\/tourtravelandmore.com\/es\/#organization"},"image":{"@id":"https:\/\/tourtravelandmore.com\/es\/planes-de-invierno-todo-lo-que-queremos-hacer-comer-beber-y-comprar\/#primaryimage"},"thumbnailUrl":"https:\/\/tourtravelandmore.com\/wp-content\/uploads\/2023\/02\/image.png","articleSection":["Espa\u00f1a","Europa","Europe","Madrid","Madrid","Spain"],"inLanguage":"es","potentialAction":[{"@type":"CommentAction","name":"Comment","target":["https:\/\/tourtravelandmore.com\/es\/planes-de-invierno-todo-lo-que-queremos-hacer-comer-beber-y-comprar\/#respond"]}],"accessibilityFeature":["tableOfContents"]},{"@type":"WebPage","@id":"https:\/\/tourtravelandmore.com\/es\/planes-de-invierno-todo-lo-que-queremos-hacer-comer-beber-y-comprar\/","url":"https:\/\/tourtravelandmore.com\/es\/planes-de-invierno-todo-lo-que-queremos-hacer-comer-beber-y-comprar\/","name":"Planes de invierno: todo lo que queremos hacer, comer, beber y comprar. - Tourtravel &more","isPartOf":{"@id":"https:\/\/tourtravelandmore.com\/es\/#website"},"primaryImageOfPage":{"@id":"https:\/\/tourtravelandmore.com\/es\/planes-de-invierno-todo-lo-que-queremos-hacer-comer-beber-y-comprar\/#primaryimage"},"image":{"@id":"https:\/\/tourtravelandmore.com\/es\/planes-de-invierno-todo-lo-que-queremos-hacer-comer-beber-y-comprar\/#primaryimage"},"thumbnailUrl":"https:\/\/tourtravelandmore.com\/wp-content\/uploads\/2023\/02\/image.png","datePublished":"2023-02-04T03:53:44+00:00","dateModified":"2025-05-16T13:51:28+00:00","description":"\u226b El invierno ya est\u00e1 aqu\u00ed, vamos a darle la bienvenida con todos estos apetitosos planes.\u226b","breadcrumb":{"@id":"https:\/\/tourtravelandmore.com\/es\/planes-de-invierno-todo-lo-que-queremos-hacer-comer-beber-y-comprar\/#breadcrumb"},"inLanguage":"es","potentialAction":[{"@type":"ReadAction","target":["https:\/\/tourtravelandmore.com\/es\/planes-de-invierno-todo-lo-que-queremos-hacer-comer-beber-y-comprar\/"]}]},{"@type":"ImageObject","inLanguage":"es","@id":"https:\/\/tourtravelandmore.com\/es\/planes-de-invierno-todo-lo-que-queremos-hacer-comer-beber-y-comprar\/#primaryimage","url":"https:\/\/tourtravelandmore.com\/wp-content\/uploads\/2023\/02\/image.png","contentUrl":"https:\/\/tourtravelandmore.com\/wp-content\/uploads\/2023\/02\/image.png","width":1600,"height":1067},{"@type":"BreadcrumbList","@id":"https:\/\/tourtravelandmore.com\/es\/planes-de-invierno-todo-lo-que-queremos-hacer-comer-beber-y-comprar\/#breadcrumb","itemListElement":[{"@type":"ListItem","position":1,"name":"Home","item":"https:\/\/tourtravelandmore.com\/es\/"},{"@type":"ListItem","position":2,"name":"Planes de invierno: todo lo que queremos hacer, comer, beber y comprar."}]},{"@type":"WebSite","@id":"https:\/\/tourtravelandmore.com\/es\/#website","url":"https:\/\/tourtravelandmore.com\/es\/","name":"Tour Travel And More","description":"Private sightseeing tours and luxury transfers in Spain","publisher":{"@id":"https:\/\/tourtravelandmore.com\/es\/#organization"},"potentialAction":[{"@type":"SearchAction","target":{"@type":"EntryPoint","urlTemplate":"https:\/\/tourtravelandmore.com\/es\/?s={search_term_string}"},"query-input":{"@type":"PropertyValueSpecification","valueRequired":true,"valueName":"search_term_string"}}],"inLanguage":"es"},{"@type":"Organization","@id":"https:\/\/tourtravelandmore.com\/es\/#organization","name":"Tour Travel And More","url":"https:\/\/tourtravelandmore.com\/es\/","logo":{"@type":"ImageObject","inLanguage":"es","@id":"https:\/\/tourtravelandmore.com\/es\/#\/schema\/logo\/image\/","url":"https:\/\/tourtravelandmore.com\/wp-content\/uploads\/2022\/12\/cropped-logo-cabecera-new.png","contentUrl":"https:\/\/tourtravelandmore.com\/wp-content\/uploads\/2022\/12\/cropped-logo-cabecera-new.png","width":430,"height":61,"caption":"Tour Travel And More"},"image":{"@id":"https:\/\/tourtravelandmore.com\/es\/#\/schema\/logo\/image\/"},"sameAs":["https:\/\/www.facebook.com\/tourtravelandmore\/","https:\/\/x.com\/TourTravel_More"]},{"@type":"Person","@id":"https:\/\/tourtravelandmore.com\/es\/#\/schema\/person\/2a1c66d76ae9290a394e8efb4af12e1e","name":"Maya Nader Harati","image":{"@type":"ImageObject","inLanguage":"es","@id":"https:\/\/tourtravelandmore.com\/es\/#\/schema\/person\/image\/","url":"https:\/\/secure.gravatar.com\/avatar\/adc2305883b6f86a616354c0c4516fcd9a333d5f5a0806d9d1ae9b30f898fa1f?s=96&d=mm&r=g","contentUrl":"https:\/\/secure.gravatar.com\/avatar\/adc2305883b6f86a616354c0c4516fcd9a333d5f5a0806d9d1ae9b30f898fa1f?s=96&d=mm&r=g","caption":"Maya Nader Harati"},"description":"Cultural Destination Specialist & Travel Chronicler. Maya doesn\u2019t just travel the world; she translates it.","sameAs":["https:\/\/tourtravelandmore.com\/author-profile-maya-nader-harati\/"]}]}},"_links":{"self":[{"href":"https:\/\/tourtravelandmore.com\/es\/wp-json\/wp\/v2\/posts\/151947","targetHints":{"allow":["GET"]}}],"collection":[{"href":"https:\/\/tourtravelandmore.com\/es\/wp-json\/wp\/v2\/posts"}],"about":[{"href":"https:\/\/tourtravelandmore.com\/es\/wp-json\/wp\/v2\/types\/post"}],"author":[{"embeddable":true,"href":"https:\/\/tourtravelandmore.com\/es\/wp-json\/wp\/v2\/users\/2"}],"replies":[{"embeddable":true,"href":"https:\/\/tourtravelandmore.com\/es\/wp-json\/wp\/v2\/comments?post=151947"}],"version-history":[{"count":1,"href":"https:\/\/tourtravelandmore.com\/es\/wp-json\/wp\/v2\/posts\/151947\/revisions"}],"predecessor-version":[{"id":183622,"href":"https:\/\/tourtravelandmore.com\/es\/wp-json\/wp\/v2\/posts\/151947\/revisions\/183622"}],"wp:featuredmedia":[{"embeddable":true,"href":"https:\/\/tourtravelandmore.com\/es\/wp-json\/wp\/v2\/media\/151946"}],"wp:attachment":[{"href":"https:\/\/tourtravelandmore.com\/es\/wp-json\/wp\/v2\/media?parent=151947"}],"wp:term":[{"taxonomy":"category","embeddable":true,"href":"https:\/\/tourtravelandmore.com\/es\/wp-json\/wp\/v2\/categories?post=151947"},{"taxonomy":"post_tag","embeddable":true,"href":"https:\/\/tourtravelandmore.com\/es\/wp-json\/wp\/v2\/tags?post=151947"}],"curies":[{"name":"wp","href":"https:\/\/api.w.org\/{rel}","templated":true}]}}