{"id":146089,"date":"2022-12-03T03:46:09","date_gmt":"2022-12-03T02:46:09","guid":{"rendered":"https:\/\/tourtravelandmore.com\/?p=146089"},"modified":"2025-05-16T15:55:38","modified_gmt":"2025-05-16T13:55:38","slug":"selva-negra-y-su-navidad-perfecta","status":"publish","type":"post","link":"https:\/\/tourtravelandmore.com\/es\/selva-negra-y-su-navidad-perfecta\/","title":{"rendered":"<strong>Selva Negra y su Navidad perfecta<\/strong>"},"content":{"rendered":"\n<div class=\"wp-block-yoast-seo-table-of-contents yoast-table-of-contents\"><h2>Tabla de contenidos<\/h2><ul><li><a href=\"#h-el-calendario-de-adviento-m-s-grande-del-mundo\" data-level=\"2\">EL CALENDARIO DE ADVIENTO M\u00c1S GRANDE DEL MUNDO<\/a><\/li><li><a href=\"#h-24-d-as-m-gicos\" data-level=\"2\">24 D\u00cdAS M\u00c1GICOS<\/a><\/li><li><a href=\"#h-gengenbach-y-su-historia\" data-level=\"2\">GENGENBACH Y SU HISTORIA<\/a><\/li><\/ul><\/div>\n\n\n\n<p>El aroma de la canela y el vino caliente se cuela por las fachadas de madera de las casitas, convirti\u00e9ndose en la postal navide\u00f1a perfecta. Pero Gengenbach tiene preparada otra sorpresa: el mayor calendario de Adviento del mundo.<a href=\"https:\/\/tourtravelandmore.com\/es\/the-netherlands\/\"> \u00a1Tambi\u00e9n puedes ver nuestros tours privados por Holanda aqu\u00ed!<\/a><\/p>\n\n\n\n<p>Gengenbach es una encantadora villa con un precioso casco antiguo, situada en medio del paisaje de cuento de la Selva Negra. \u201cCualquiera que entre en el casco hist\u00f3rico, pensar\u00e1 que ha llegado a un museo al aire libre, o a un plat\u00f3 de cine: se ven casas de entramado de madera hasta donde alcanza la vista; se siente la atm\u00f3sfera de un peque\u00f1o pueblo acogedor, con un aire casi mediterr\u00e1neo en su vida callejera, combinado con ecos cosmopolitas. Torres, puertas, calles estrechas y plazas pintorescas, todo en perfecta armon\u00eda\u201d.<\/p>\n\n\n\n<h2 class=\"wp-block-heading\" id=\"h-el-calendario-de-adviento-m-s-grande-del-mundo\"><strong>EL CALENDARIO DE ADVIENTO M\u00c1S GRANDE DEL MUNDO<\/strong><\/h2>\n\n\n\n<p>Nos lo cuentan desde la propia Gengenbach, famosa en el mundo entero por poseer el calendario de Adviento m\u00e1s grande del mundo. El mismo est\u00e1 situado en el Ayuntamiento, cuyas 24 ventanas van preparando a los vecinos -y a los muchos visitantes- para la llegada de la Navidad.&nbsp;<\/p>\n\n\n\n<p>Lo hacen descubriendo cada d\u00eda una de las creaciones que artistas de todo el mundo preparan para el evento. \u201cEl espect\u00e1culo diario comienza con m\u00fasica, y luego, el escenario frente al Calendario de Adviento se llena de magia con ni\u00f1os bailando y representando un cuento relacionado con la imagen que se mostrar\u00e1 ese d\u00eda. Al final de la funci\u00f3n, se abre la ventana y brilla su luz\u201d, explican desde el departamento de Turismo del lugar.<\/p>\n\n\n\n<figure class=\"wp-block-image\"><img decoding=\"async\" src=\"https:\/\/lh4.googleusercontent.com\/yu1BRk-3rlZkaC3vAHnU9r2l_gabAwm2iISDNraxTDERUarnlPxk8zYH2S7vt4PWFheiH2-cEmj8yRN4t8UA3OfF_WGviB-zpo_tajiVs9hIKz0V8SrsU0R2_jvhopmRc_sY3jJvX0jOfED42XltpVPDW_ia9Khu3ybi1YVSOGCOnq2V-Pr2gpI-37Oy0g\" alt=\"\"\/><\/figure>\n\n\n\n<p>Este 2022 se expondr\u00e1n de nuevo las 12 conmovedoras ilustraciones de Antoine de Saint-Exup\u00e9ry para su famoso cuento El Principito. Otras doce pertenecen a la artista Valeria Docampo, que reinterpreta la historia.&nbsp;<\/p>\n\n\n\n<p>Esta repetici\u00f3n se debe a la devastaci\u00f3n causada por la pandemia, que hizo imposible presentar el calendario de Adviento y su artista como los organizadores hubieran deseado durante los dos \u00faltimos a\u00f1os.<\/p>\n\n\n\n<h2 class=\"wp-block-heading\" id=\"h-24-d-as-m-gicos\"><strong>24 D\u00cdAS M\u00c1GICOS<\/strong><\/h2>\n\n\n\n<p>&#8220;Empezamos con el calendario de adviento hace m\u00e1s de 20 a\u00f1os. Todo comenz\u00f3 cuando la comunidad local (incluyendo comerciantes, asociaciones, etc.) sugiri\u00f3 crear un cambio en la rutina de invierno en Gengenbach. En comparaci\u00f3n con el verano, el pueblo estaba siempre vac\u00edo en invierno. Fue entonces cuando surgi\u00f3 la idea de crear un gran calendario navide\u00f1o, y por suerte nuestro ayuntamiento tiene exactamente el n\u00famero adecuado de 24 ventanas&#8221;, explican las autoridades de Gengenbach.&nbsp;<\/p>\n\n\n\n<figure class=\"wp-block-image\"><img decoding=\"async\" src=\"https:\/\/lh3.googleusercontent.com\/3QiQZbz9sYXvtojLduX4WNXd3nYQsUA7seMem2oB1m_DL6pD-gYfXZyCwEDCinkmgv3q4yaBVST2zVfzPjc1Gqey5_PGlgi3rXn3y7DlkwrcJLqXu32D6txXZw8TyxOOsi76e2ZxMJaqXIBtWUecwQziCm5hV3yno0O1k3FynFMoPkSd0m3tE0Ovy4RRcw\" alt=\"\"\/><\/figure>\n\n\n\n<p>&#8220;Desde el d\u00eda en que naci\u00f3 el calendario hasta ahora, han cambiado muchas cosas en torno al invierno y especialmente al Adviento en Gengenbach. Nadie habr\u00eda so\u00f1ado hace m\u00e1s de 20 a\u00f1os que Gengenbach estar\u00eda un d\u00eda en el Libro Guinness de los R\u00e9cords con el mayor calendario de Adviento del mundo, pero as\u00ed fue&#8221;.&nbsp;<\/p>\n\n\n\n<p>Hoy, los d\u00edas previos a la Navidad son absolutamente m\u00e1gicos en el pueblo, que se ilumina por completo para la ocasi\u00f3n -aunque el calendario estar\u00e1 expuesto hasta el 6 de enero-. Tambi\u00e9n hay un acogedor mercado navide\u00f1o, situado en la plaza del ayuntamiento, donde hay m\u00fasica diaria de bandas locales y regionales. &#8220;Es m\u00e1gico. Brilla y se puede oler el aroma de la Navidad, la canela, las almendras, el vino caliente en el aire&#8230;. El esp\u00edritu de la temporada est\u00e1 en el aire, y trae alegr\u00eda y calidez al coraz\u00f3n.<\/p>\n\n\n\n<figure class=\"wp-block-image\"><img decoding=\"async\" src=\"https:\/\/lh5.googleusercontent.com\/2FNh4MMWlmg5WyiWM881r3zjp0B396NS21xXnOFgHmYzRyBUDVmEsa_VwetikGsTtNVKxX67u2wPDUXwNn1B2JCzBjfh5alpxJy32ppT-Mp911ikGpqmBbKjSCpg5UiKfDK1XigAN2nrlJX_hot7kvPF-0ZI8-twc-nOk5MRfTUKdXGW9qMhXYbi37kg9A\" alt=\"\"\/><\/figure>\n\n\n\n<p>Gengenbach tambi\u00e9n ofrece un rico programa cultural y festivo con una variedad de museos, deliciosos vinos y una gastronom\u00eda irresistible. &#8220;Situado en el verdadero valle de la Selva Negra, Gengenbach ofrece excelentes granjas tradicionales y un paisaje \u00fanico. Es el lugar perfecto para la vida activa, la respiraci\u00f3n profunda y la relajaci\u00f3n&#8221;, concluye la villa navide\u00f1a ideal.<\/p>\n\n\n\n<h2 class=\"wp-block-heading\" id=\"h-gengenbach-y-su-historia\"><strong>GENGENBACH Y SU HISTORIA<\/strong><\/h2>\n\n\n\n<p>Aunque m\u00e1s que pueblo se puede decir que es una peque\u00f1a ciudad tan bonita que ha sido escenograf\u00eda en escenas de pel\u00edculas como Charlie y la f\u00e1brica de chocolate. Gengenbach concentra todo el encanto y belleza de las ciudades t\u00edpicas del sur alem\u00e1n, y si por casualidad visitaras antes la vecina regi\u00f3n francesa de Alsacia, seguro que encontrar\u00e1s rasgos en com\u00fan. Gengenbach es un pueblo perfecto de casas de fachadas entramadas, fuentes, y muchas flores en verano, adem\u00e1s de pintorescas iglesias y edificaciones hist\u00f3ricas que conforman una postal a escala real.<\/p>\n\n\n\n<figure class=\"wp-block-image\"><img decoding=\"async\" src=\"https:\/\/lh6.googleusercontent.com\/F5HAU5qQePHyxM5HunkaRPALjX4RVvsTR1QSopZbbTQmiJCf2Cx7fHi21wYlB_QXn8nH39QOZag7ZplvcKLhWJifBzllCocFJVfh2tzF7XvP1CPwvIXJhBN8BijMR-l5TKAKy2xw1OTF2voBNJuYEnetwWzSZICgf4-w3fw1worgUedjqbeqTc3aqT5Dhg\" alt=\"\"\/><\/figure>\n\n\n\n<p>Gengenbach est\u00e1 situado en el sur de Alemania, en el distrito de Ortenau, en el estado de Baden-W\u00fcrttemberg. Pero para m\u00e1s detalles, dar\u00e9 por ejemplo las distancias a las ciudades famosas cercanas en Francia, Alemania o Suiza, ya que esta es una regi\u00f3n fronteriza. Por ejemplo, de Friburgo a Breisgau, una de las principales ciudades del sur de la Selva Negra, hay 75 km (unos 50 minutos). Y desde Baden-Baden (la principal ciudad tur\u00edstica de la Selva Negra) hay unos 50 kil\u00f3metros (40 minutos). Desde Estrasburgo, en Francia, s\u00f3lo hay 37 kil\u00f3metros (y 37 minutos), y desde Basilea, en Suiza, hay unos 132 kil\u00f3metros (una hora y media). Stuttgart es la ciudad importante m\u00e1s cercana a Alemania y est\u00e1 a unos 150 kil\u00f3metros.<\/p>\n","protected":false},"excerpt":{"rendered":"<p>El aroma de la canela y el vino caliente se cuela por las fachadas de madera de las casitas, convirti\u00e9ndose en la postal navide\u00f1a perfecta. Pero Gengenbach tiene preparada otra sorpresa: el mayor calendario de Adviento del mundo.<\/p>\n","protected":false},"author":2,"featured_media":146086,"comment_status":"open","ping_status":"open","sticky":false,"template":"","format":"standard","meta":{"_acf_changed":false,"footnotes":""},"categories":[2356,2349,2903,4226],"tags":[],"class_list":["post-146089","post","type-post","status-publish","format-standard","has-post-thumbnail","hentry","category-germany-es","category-europa","category-europe-es","category-germany-europe-es"],"acf":[],"yoast_head":"<!-- This site is optimized with the Yoast SEO Premium plugin v25.3.1 (Yoast SEO v25.3.1) - https:\/\/yoast.com\/wordpress\/plugins\/seo\/ -->\n<title>Selva Negra y su navidad perfecta - Tourtravel &amp;more<\/title>\n<meta name=\"description\" content=\"\u226b Gengenbach tiene preparada otra sorpresa: el mayor calendario de Adviento del mundo \u226b\" \/>\n<meta name=\"robots\" content=\"index, follow, max-snippet:-1, max-image-preview:large, max-video-preview:-1\" \/>\n<link rel=\"canonical\" href=\"https:\/\/tourtravelandmore.com\/es\/selva-negra-y-su-navidad-perfecta\/\" \/>\n<meta property=\"og:locale\" content=\"es_ES\" \/>\n<meta property=\"og:type\" content=\"article\" \/>\n<meta property=\"og:title\" content=\"Selva Negra y su Navidad perfecta\" \/>\n<meta property=\"og:description\" content=\"\u226b Gengenbach tiene preparada otra sorpresa: el mayor calendario de Adviento del mundo \u226b\" \/>\n<meta property=\"og:url\" content=\"https:\/\/tourtravelandmore.com\/es\/selva-negra-y-su-navidad-perfecta\/\" \/>\n<meta property=\"og:site_name\" content=\"Tour Travel And More\" \/>\n<meta property=\"article:publisher\" content=\"https:\/\/www.facebook.com\/tourtravelandmore\/\" \/>\n<meta property=\"article:published_time\" content=\"2022-12-03T02:46:09+00:00\" \/>\n<meta property=\"article:modified_time\" content=\"2025-05-16T13:55:38+00:00\" \/>\n<meta property=\"og:image\" content=\"https:\/\/tourtravelandmore.com\/wp-content\/uploads\/2022\/12\/image-6.jpeg\" \/>\n\t<meta property=\"og:image:width\" content=\"1280\" \/>\n\t<meta property=\"og:image:height\" content=\"904\" \/>\n\t<meta property=\"og:image:type\" content=\"image\/jpeg\" \/>\n<meta name=\"author\" content=\"Maya Nader Harati\" \/>\n<meta name=\"twitter:card\" content=\"summary_large_image\" \/>\n<meta name=\"twitter:creator\" content=\"@TourTravel_More\" \/>\n<meta name=\"twitter:site\" content=\"@TourTravel_More\" \/>\n<meta name=\"twitter:label1\" content=\"Escrito por\" \/>\n\t<meta name=\"twitter:data1\" content=\"Maya Nader Harati\" \/>\n\t<meta name=\"twitter:label2\" content=\"Tiempo de lectura\" \/>\n\t<meta name=\"twitter:data2\" content=\"5 minutos\" \/>\n<script type=\"application\/ld+json\" class=\"yoast-schema-graph\">{\"@context\":\"https:\/\/schema.org\",\"@graph\":[{\"@type\":\"Article\",\"@id\":\"https:\/\/tourtravelandmore.com\/es\/selva-negra-y-su-navidad-perfecta\/#article\",\"isPartOf\":{\"@id\":\"https:\/\/tourtravelandmore.com\/es\/selva-negra-y-su-navidad-perfecta\/\"},\"author\":{\"name\":\"Maya Nader Harati\",\"@id\":\"https:\/\/tourtravelandmore.com\/es\/#\/schema\/person\/2a1c66d76ae9290a394e8efb4af12e1e\"},\"headline\":\"Selva Negra y su Navidad perfecta\",\"datePublished\":\"2022-12-03T02:46:09+00:00\",\"dateModified\":\"2025-05-16T13:55:38+00:00\",\"mainEntityOfPage\":{\"@id\":\"https:\/\/tourtravelandmore.com\/es\/selva-negra-y-su-navidad-perfecta\/\"},\"wordCount\":916,\"commentCount\":0,\"publisher\":{\"@id\":\"https:\/\/tourtravelandmore.com\/es\/#organization\"},\"image\":{\"@id\":\"https:\/\/tourtravelandmore.com\/es\/selva-negra-y-su-navidad-perfecta\/#primaryimage\"},\"thumbnailUrl\":\"https:\/\/tourtravelandmore.com\/wp-content\/uploads\/2022\/12\/image-6.jpeg\",\"articleSection\":[\"Alemania\",\"Europa\",\"Europe\",\"Germany\"],\"inLanguage\":\"es\",\"potentialAction\":[{\"@type\":\"CommentAction\",\"name\":\"Comment\",\"target\":[\"https:\/\/tourtravelandmore.com\/es\/selva-negra-y-su-navidad-perfecta\/#respond\"]}],\"accessibilityFeature\":[\"tableOfContents\"]},{\"@type\":\"WebPage\",\"@id\":\"https:\/\/tourtravelandmore.com\/es\/selva-negra-y-su-navidad-perfecta\/\",\"url\":\"https:\/\/tourtravelandmore.com\/es\/selva-negra-y-su-navidad-perfecta\/\",\"name\":\"Selva Negra y su navidad perfecta - Tourtravel &more\",\"isPartOf\":{\"@id\":\"https:\/\/tourtravelandmore.com\/es\/#website\"},\"primaryImageOfPage\":{\"@id\":\"https:\/\/tourtravelandmore.com\/es\/selva-negra-y-su-navidad-perfecta\/#primaryimage\"},\"image\":{\"@id\":\"https:\/\/tourtravelandmore.com\/es\/selva-negra-y-su-navidad-perfecta\/#primaryimage\"},\"thumbnailUrl\":\"https:\/\/tourtravelandmore.com\/wp-content\/uploads\/2022\/12\/image-6.jpeg\",\"datePublished\":\"2022-12-03T02:46:09+00:00\",\"dateModified\":\"2025-05-16T13:55:38+00:00\",\"description\":\"\u226b Gengenbach tiene preparada otra sorpresa: el mayor calendario de Adviento del mundo \u226b\",\"breadcrumb\":{\"@id\":\"https:\/\/tourtravelandmore.com\/es\/selva-negra-y-su-navidad-perfecta\/#breadcrumb\"},\"inLanguage\":\"es\",\"potentialAction\":[{\"@type\":\"ReadAction\",\"target\":[\"https:\/\/tourtravelandmore.com\/es\/selva-negra-y-su-navidad-perfecta\/\"]}]},{\"@type\":\"ImageObject\",\"inLanguage\":\"es\",\"@id\":\"https:\/\/tourtravelandmore.com\/es\/selva-negra-y-su-navidad-perfecta\/#primaryimage\",\"url\":\"https:\/\/tourtravelandmore.com\/wp-content\/uploads\/2022\/12\/image-6.jpeg\",\"contentUrl\":\"https:\/\/tourtravelandmore.com\/wp-content\/uploads\/2022\/12\/image-6.jpeg\",\"width\":1280,\"height\":904},{\"@type\":\"BreadcrumbList\",\"@id\":\"https:\/\/tourtravelandmore.com\/es\/selva-negra-y-su-navidad-perfecta\/#breadcrumb\",\"itemListElement\":[{\"@type\":\"ListItem\",\"position\":1,\"name\":\"Home\",\"item\":\"https:\/\/tourtravelandmore.com\/es\/\"},{\"@type\":\"ListItem\",\"position\":2,\"name\":\"Selva Negra y su Navidad perfecta\"}]},{\"@type\":\"WebSite\",\"@id\":\"https:\/\/tourtravelandmore.com\/es\/#website\",\"url\":\"https:\/\/tourtravelandmore.com\/es\/\",\"name\":\"Tour Travel And More\",\"description\":\"Private sightseeing tours and luxury transfers in Spain\",\"publisher\":{\"@id\":\"https:\/\/tourtravelandmore.com\/es\/#organization\"},\"potentialAction\":[{\"@type\":\"SearchAction\",\"target\":{\"@type\":\"EntryPoint\",\"urlTemplate\":\"https:\/\/tourtravelandmore.com\/es\/?s={search_term_string}\"},\"query-input\":{\"@type\":\"PropertyValueSpecification\",\"valueRequired\":true,\"valueName\":\"search_term_string\"}}],\"inLanguage\":\"es\"},{\"@type\":\"Organization\",\"@id\":\"https:\/\/tourtravelandmore.com\/es\/#organization\",\"name\":\"Tour Travel And More\",\"url\":\"https:\/\/tourtravelandmore.com\/es\/\",\"logo\":{\"@type\":\"ImageObject\",\"inLanguage\":\"es\",\"@id\":\"https:\/\/tourtravelandmore.com\/es\/#\/schema\/logo\/image\/\",\"url\":\"https:\/\/tourtravelandmore.com\/wp-content\/uploads\/2022\/12\/cropped-logo-cabecera-new.png\",\"contentUrl\":\"https:\/\/tourtravelandmore.com\/wp-content\/uploads\/2022\/12\/cropped-logo-cabecera-new.png\",\"width\":430,\"height\":61,\"caption\":\"Tour Travel And More\"},\"image\":{\"@id\":\"https:\/\/tourtravelandmore.com\/es\/#\/schema\/logo\/image\/\"},\"sameAs\":[\"https:\/\/www.facebook.com\/tourtravelandmore\/\",\"https:\/\/x.com\/TourTravel_More\"]},{\"@type\":\"Person\",\"@id\":\"https:\/\/tourtravelandmore.com\/es\/#\/schema\/person\/2a1c66d76ae9290a394e8efb4af12e1e\",\"name\":\"Maya Nader Harati\",\"image\":{\"@type\":\"ImageObject\",\"inLanguage\":\"es\",\"@id\":\"https:\/\/tourtravelandmore.com\/es\/#\/schema\/person\/image\/\",\"url\":\"https:\/\/secure.gravatar.com\/avatar\/adc2305883b6f86a616354c0c4516fcd9a333d5f5a0806d9d1ae9b30f898fa1f?s=96&d=mm&r=g\",\"contentUrl\":\"https:\/\/secure.gravatar.com\/avatar\/adc2305883b6f86a616354c0c4516fcd9a333d5f5a0806d9d1ae9b30f898fa1f?s=96&d=mm&r=g\",\"caption\":\"Maya Nader Harati\"},\"description\":\"Cultural Destination Specialist & Travel Chronicler. Maya doesn\u2019t just travel the world; she translates it.\",\"sameAs\":[\"https:\/\/tourtravelandmore.com\/author-profile-maya-nader-harati\/\"]}]}<\/script>\n<!-- \/ Yoast SEO Premium plugin. -->","yoast_head_json":{"title":"Selva Negra y su navidad perfecta - Tourtravel &more","description":"\u226b Gengenbach tiene preparada otra sorpresa: el mayor calendario de Adviento del mundo \u226b","robots":{"index":"index","follow":"follow","max-snippet":"max-snippet:-1","max-image-preview":"max-image-preview:large","max-video-preview":"max-video-preview:-1"},"canonical":"https:\/\/tourtravelandmore.com\/es\/selva-negra-y-su-navidad-perfecta\/","og_locale":"es_ES","og_type":"article","og_title":"Selva Negra y su Navidad perfecta","og_description":"\u226b Gengenbach tiene preparada otra sorpresa: el mayor calendario de Adviento del mundo \u226b","og_url":"https:\/\/tourtravelandmore.com\/es\/selva-negra-y-su-navidad-perfecta\/","og_site_name":"Tour Travel And More","article_publisher":"https:\/\/www.facebook.com\/tourtravelandmore\/","article_published_time":"2022-12-03T02:46:09+00:00","article_modified_time":"2025-05-16T13:55:38+00:00","og_image":[{"width":1280,"height":904,"url":"https:\/\/tourtravelandmore.com\/wp-content\/uploads\/2022\/12\/image-6.jpeg","type":"image\/jpeg"}],"author":"Maya Nader Harati","twitter_card":"summary_large_image","twitter_creator":"@TourTravel_More","twitter_site":"@TourTravel_More","twitter_misc":{"Escrito por":"Maya Nader Harati","Tiempo de lectura":"5 minutos"},"schema":{"@context":"https:\/\/schema.org","@graph":[{"@type":"Article","@id":"https:\/\/tourtravelandmore.com\/es\/selva-negra-y-su-navidad-perfecta\/#article","isPartOf":{"@id":"https:\/\/tourtravelandmore.com\/es\/selva-negra-y-su-navidad-perfecta\/"},"author":{"name":"Maya Nader Harati","@id":"https:\/\/tourtravelandmore.com\/es\/#\/schema\/person\/2a1c66d76ae9290a394e8efb4af12e1e"},"headline":"Selva Negra y su Navidad perfecta","datePublished":"2022-12-03T02:46:09+00:00","dateModified":"2025-05-16T13:55:38+00:00","mainEntityOfPage":{"@id":"https:\/\/tourtravelandmore.com\/es\/selva-negra-y-su-navidad-perfecta\/"},"wordCount":916,"commentCount":0,"publisher":{"@id":"https:\/\/tourtravelandmore.com\/es\/#organization"},"image":{"@id":"https:\/\/tourtravelandmore.com\/es\/selva-negra-y-su-navidad-perfecta\/#primaryimage"},"thumbnailUrl":"https:\/\/tourtravelandmore.com\/wp-content\/uploads\/2022\/12\/image-6.jpeg","articleSection":["Alemania","Europa","Europe","Germany"],"inLanguage":"es","potentialAction":[{"@type":"CommentAction","name":"Comment","target":["https:\/\/tourtravelandmore.com\/es\/selva-negra-y-su-navidad-perfecta\/#respond"]}],"accessibilityFeature":["tableOfContents"]},{"@type":"WebPage","@id":"https:\/\/tourtravelandmore.com\/es\/selva-negra-y-su-navidad-perfecta\/","url":"https:\/\/tourtravelandmore.com\/es\/selva-negra-y-su-navidad-perfecta\/","name":"Selva Negra y su navidad perfecta - Tourtravel &more","isPartOf":{"@id":"https:\/\/tourtravelandmore.com\/es\/#website"},"primaryImageOfPage":{"@id":"https:\/\/tourtravelandmore.com\/es\/selva-negra-y-su-navidad-perfecta\/#primaryimage"},"image":{"@id":"https:\/\/tourtravelandmore.com\/es\/selva-negra-y-su-navidad-perfecta\/#primaryimage"},"thumbnailUrl":"https:\/\/tourtravelandmore.com\/wp-content\/uploads\/2022\/12\/image-6.jpeg","datePublished":"2022-12-03T02:46:09+00:00","dateModified":"2025-05-16T13:55:38+00:00","description":"\u226b Gengenbach tiene preparada otra sorpresa: el mayor calendario de Adviento del mundo \u226b","breadcrumb":{"@id":"https:\/\/tourtravelandmore.com\/es\/selva-negra-y-su-navidad-perfecta\/#breadcrumb"},"inLanguage":"es","potentialAction":[{"@type":"ReadAction","target":["https:\/\/tourtravelandmore.com\/es\/selva-negra-y-su-navidad-perfecta\/"]}]},{"@type":"ImageObject","inLanguage":"es","@id":"https:\/\/tourtravelandmore.com\/es\/selva-negra-y-su-navidad-perfecta\/#primaryimage","url":"https:\/\/tourtravelandmore.com\/wp-content\/uploads\/2022\/12\/image-6.jpeg","contentUrl":"https:\/\/tourtravelandmore.com\/wp-content\/uploads\/2022\/12\/image-6.jpeg","width":1280,"height":904},{"@type":"BreadcrumbList","@id":"https:\/\/tourtravelandmore.com\/es\/selva-negra-y-su-navidad-perfecta\/#breadcrumb","itemListElement":[{"@type":"ListItem","position":1,"name":"Home","item":"https:\/\/tourtravelandmore.com\/es\/"},{"@type":"ListItem","position":2,"name":"Selva Negra y su Navidad perfecta"}]},{"@type":"WebSite","@id":"https:\/\/tourtravelandmore.com\/es\/#website","url":"https:\/\/tourtravelandmore.com\/es\/","name":"Tour Travel And More","description":"Private sightseeing tours and luxury transfers in Spain","publisher":{"@id":"https:\/\/tourtravelandmore.com\/es\/#organization"},"potentialAction":[{"@type":"SearchAction","target":{"@type":"EntryPoint","urlTemplate":"https:\/\/tourtravelandmore.com\/es\/?s={search_term_string}"},"query-input":{"@type":"PropertyValueSpecification","valueRequired":true,"valueName":"search_term_string"}}],"inLanguage":"es"},{"@type":"Organization","@id":"https:\/\/tourtravelandmore.com\/es\/#organization","name":"Tour Travel And More","url":"https:\/\/tourtravelandmore.com\/es\/","logo":{"@type":"ImageObject","inLanguage":"es","@id":"https:\/\/tourtravelandmore.com\/es\/#\/schema\/logo\/image\/","url":"https:\/\/tourtravelandmore.com\/wp-content\/uploads\/2022\/12\/cropped-logo-cabecera-new.png","contentUrl":"https:\/\/tourtravelandmore.com\/wp-content\/uploads\/2022\/12\/cropped-logo-cabecera-new.png","width":430,"height":61,"caption":"Tour Travel And More"},"image":{"@id":"https:\/\/tourtravelandmore.com\/es\/#\/schema\/logo\/image\/"},"sameAs":["https:\/\/www.facebook.com\/tourtravelandmore\/","https:\/\/x.com\/TourTravel_More"]},{"@type":"Person","@id":"https:\/\/tourtravelandmore.com\/es\/#\/schema\/person\/2a1c66d76ae9290a394e8efb4af12e1e","name":"Maya Nader Harati","image":{"@type":"ImageObject","inLanguage":"es","@id":"https:\/\/tourtravelandmore.com\/es\/#\/schema\/person\/image\/","url":"https:\/\/secure.gravatar.com\/avatar\/adc2305883b6f86a616354c0c4516fcd9a333d5f5a0806d9d1ae9b30f898fa1f?s=96&d=mm&r=g","contentUrl":"https:\/\/secure.gravatar.com\/avatar\/adc2305883b6f86a616354c0c4516fcd9a333d5f5a0806d9d1ae9b30f898fa1f?s=96&d=mm&r=g","caption":"Maya Nader Harati"},"description":"Cultural Destination Specialist & Travel Chronicler. Maya doesn\u2019t just travel the world; she translates it.","sameAs":["https:\/\/tourtravelandmore.com\/author-profile-maya-nader-harati\/"]}]}},"_links":{"self":[{"href":"https:\/\/tourtravelandmore.com\/es\/wp-json\/wp\/v2\/posts\/146089","targetHints":{"allow":["GET"]}}],"collection":[{"href":"https:\/\/tourtravelandmore.com\/es\/wp-json\/wp\/v2\/posts"}],"about":[{"href":"https:\/\/tourtravelandmore.com\/es\/wp-json\/wp\/v2\/types\/post"}],"author":[{"embeddable":true,"href":"https:\/\/tourtravelandmore.com\/es\/wp-json\/wp\/v2\/users\/2"}],"replies":[{"embeddable":true,"href":"https:\/\/tourtravelandmore.com\/es\/wp-json\/wp\/v2\/comments?post=146089"}],"version-history":[{"count":1,"href":"https:\/\/tourtravelandmore.com\/es\/wp-json\/wp\/v2\/posts\/146089\/revisions"}],"predecessor-version":[{"id":183685,"href":"https:\/\/tourtravelandmore.com\/es\/wp-json\/wp\/v2\/posts\/146089\/revisions\/183685"}],"wp:featuredmedia":[{"embeddable":true,"href":"https:\/\/tourtravelandmore.com\/es\/wp-json\/wp\/v2\/media\/146086"}],"wp:attachment":[{"href":"https:\/\/tourtravelandmore.com\/es\/wp-json\/wp\/v2\/media?parent=146089"}],"wp:term":[{"taxonomy":"category","embeddable":true,"href":"https:\/\/tourtravelandmore.com\/es\/wp-json\/wp\/v2\/categories?post=146089"},{"taxonomy":"post_tag","embeddable":true,"href":"https:\/\/tourtravelandmore.com\/es\/wp-json\/wp\/v2\/tags?post=146089"}],"curies":[{"name":"wp","href":"https:\/\/api.w.org\/{rel}","templated":true}]}}