{"id":137663,"date":"2022-09-20T00:49:35","date_gmt":"2022-09-19T22:49:35","guid":{"rendered":"https:\/\/tourtravelandmore.com\/?p=137663"},"modified":"2025-05-16T15:58:19","modified_gmt":"2025-05-16T13:58:19","slug":"una-base-submarina-de-la-ii-guerra-mundial-en-burdeos-acogera-el-centro-de-arte-digital-mas-grande-del-mundo","status":"publish","type":"post","link":"https:\/\/tourtravelandmore.com\/es\/una-base-submarina-de-la-ii-guerra-mundial-en-burdeos-acogera-el-centro-de-arte-digital-mas-grande-del-mundo\/","title":{"rendered":"<strong>Una base submarina de la II Guerra Mundial en Burdeos acoger\u00e1 el centro de arte digital m\u00e1s grande del mundo<\/strong>"},"content":{"rendered":"\n<div class=\"wp-block-yoast-seo-table-of-contents yoast-table-of-contents\"><h2>Tabla de contenidos<\/h2><ul><li><a href=\"#h-hablemos-un-poco-sobre-la-historia-de-esta-base-submarina-en-la-ciudad-de-burdeos\" data-level=\"2\">Hablemos un poco sobre la historia de esta base submarina en la ciudad de Burdeos:<\/a><\/li><li><a href=\"#h-actualmente-la-base-submarina-convertida-en-una-sala-de-exposiciones\" data-level=\"2\">Actualmente la base submarina convertida en una sala de exposiciones:<\/a><\/li><li><a href=\"#h-exposici-n-realizada-entre-mayo-del-2021-y-enero-del-2022\" data-level=\"2\">Exposici\u00f3n realizada entre mayo del 2021 y enero del 2022:&nbsp;<\/a><\/li><\/ul><\/div>\n\n\n\n<p>Esta antigua base submarina, ubicada en el barrio de Bassins \u00e1 Flots, <a href=\"https:\/\/tourtravelandmore.com\/es\/ciudad\/francia\/burdeos-es\/\"><strong>en la ciudad de Burdeos, en Francia<\/strong><\/a><strong>,<\/strong> se ha escogido <strong>para funcionar como un centro de arte<\/strong>. Espacio que se ha preparado para exposiciones multimedia relacionadas tanto al arte hist\u00f3rico como al contempor\u00e1neo.<\/p>\n\n\n\n<p>Estamos hablando del <strong>arte en combinaci\u00f3n con la tecnolog\u00eda digital<\/strong> o arte inmersivo. Este tipo de arte ha tenido tanto \u00e9xito en otras ciudades del mundo que cada vez se utilizan m\u00e1s espacios para este fin.&nbsp;<\/p>\n\n\n\n<p><strong>En el arte inmersivo<\/strong> las paredes, el suelo y el mobiliario pasan a convertirse en los lienzos, donde las obras se van a construir, a proyectar, d\u00e1ndoles vida mediante el sonido y el movimiento; al igual que los espectadores, que tambi\u00e9n pasan a ser parte de las obras a trav\u00e9s del sentir. Es una buena manera de compartir en familia, y muy did\u00e1ctica.<\/p>\n\n\n\n<p>Los Estanques de Luces o Les Bassins de Lumi\u00eares rompen con los esquemas convencionales, y los <strong>artistas juegan con luces, m\u00fasica <\/strong>y, sobre todo, se aprovecha la proyecci\u00f3n a nivel de los estanques de agua. De esta manera se crea toda una atm\u00f3sfera surrealista, permitiendo que los visitantes, al caminar por el muelle y las pasarelas, se integren a la misma.&nbsp;<\/p>\n\n\n\n<p>El recinto ha creado otras \u00e1reas tales como El Cubo o Le Cube, que es un espacio de 220 m\u00b2 por 8m de altura, dedicado a <strong>exposiciones de los artistas contempor\u00e1neos;<\/strong> y donde se incluye m\u00fasica y diferentes artes de tipo digital. Igualmente, localizamos otra \u00e1rea de 155 m\u00b2, llamada Cisterne, destinada para explicar y ahondar en la relaci\u00f3n entre las obras originales, c\u00f3mo se elaboraron y los museos de donde provienen.<\/p>\n\n\n\n<p>Tambi\u00e9n encontramos Les Grands N\u00e9nuphars, para la proyecci\u00f3n en el agua de las diferentes im\u00e1genes; al igual que Le Mus\u00e9e, dedicado a la educaci\u00f3n sobre la historia de esta antigua base de la 2da Guerra Mundial. Por supuesto, no puede faltar un espacio que proporcione los elementos que se necesitan para este arte inmersivo. <strong>Las exposiciones se presentan diariamente <\/strong>y en forma continua.&nbsp;<\/p>\n\n\n\n<h2 class=\"wp-block-heading\" id=\"h-hablemos-un-poco-sobre-la-historia-de-esta-base-submarina-en-la-ciudad-de-burdeos\"><strong>Hablemos un poco sobre la historia de esta base submarina en la ciudad de Burdeos<\/strong><strong>:<\/strong><\/h2>\n\n\n\n<p>En 1941, en plena II Guerra Mundial, los alemanes construyen en Burdeos, a nivel del r\u00edo Garona, <strong>un b\u00fanker de 42.000 m\u00b2 a base de hormig\u00f3n y acero<\/strong>; con la finalidad de servir como una base submarina para el resguardo de los mismos. Obra que fue iniciada en el mes de septiembre de este mismo a\u00f1o y finalizada un poco antes de 1943; pasando a ser la base de 15 submarinos U-Boot.&nbsp;<\/p>\n\n\n\n<p>Dicen que en esta construcci\u00f3n <strong>participaron unos 6500 trabajadores;<\/strong> entre italianos, alemanes, franceses y espa\u00f1oles, algunos contratados y otros posiblemente obligados. Posteriormente y gracias a los bombardeos se perdi\u00f3 una buena cantidad de ese metraje, y al finalizar la Guerra fue abandonado. Espacio que hoy d\u00eda se aprovecha para las exposiciones inmersivas ya mencionadas.&nbsp;<\/p>\n\n\n\n<p>Este lugar<strong> posee 4 estanques, adem\u00e1s de un edificio anexo<\/strong> y principal, que se supone fue utilizado para el albergue de algunos barcos minadores y de suministros. Cada silo se encuentra separado de otro por un muro de 1 m de espesor; tambi\u00e9n, cada 25 m se observa una abertura en el muro, para que se conecten los distintos atraques. De lo dem\u00e1s se observan tanto salas como pasillos y almacenes abandonados.<\/p>\n\n\n\n<p>Para la d\u00e9cada de los 60 este espacio comenzaba a llamar la atenci\u00f3n de la industria del cine. Sin embargo, entre 1993 y 1997 se convirti\u00f3 en un lugar dedicado a embarcaciones y yates recreativos. El espacio<strong> actual comenz\u00f3 la reforma en el 2018<\/strong>, bajo la organizaci\u00f3n privada de Culturespaces, la cual se encarga de gestionar museos, monumentos y centros de arte.&nbsp;<\/p>\n\n\n\n<p>Se le conoce por espacios similares como Le Atelier des Lumi\u00e9res en Par\u00eds y a nivel de Provenza Les Carri\u00e9res des Lumi\u00e9res, en el extremo sureste del pa\u00eds franc\u00e9s. De los 42.000 m\u00b2 originales, en la actualidad se utilizan para todas estas exposiciones, espect\u00e1culos esc\u00e9nicos y algunos eventos nocturnos <strong>solo 12.000 de ellos<\/strong>, para Les Bassins de Lumi\u00eares.&nbsp;<\/p>\n\n\n\n<h2 class=\"wp-block-heading\" id=\"h-actualmente-la-base-submarina-convertida-en-una-sala-de-exposiciones\"><strong>Actualmente la base submarina convertida en una sala de exposiciones:<\/strong><\/h2>\n\n\n\n<p>En esta monumental y robusta estructura, despu\u00e9s de 80 a\u00f1os, se han <strong>sustituido aquellos 15 submarinos por exposiciones de arte digital inmersivas,<\/strong> que parece ser la m\u00e1s grande del mundo hasta ahora, y que se va renovando anualmente en Les Bassins de Lumi\u00e8res; causando muchas sensaciones en el p\u00fablico y que cada vez gustan m\u00e1s.&nbsp;<\/p>\n\n\n\n<p>Las proyecciones se realizan sobre lonas de 15 m de altura a nivel de las paredes y tambi\u00e9n sobre los estanques, los cuales tienen un ancho de 22 m, una longitud de 110 m y 12 m de profundidad; y donde se est\u00e1n desarrollando los diferentes ciclos de las exposiciones. Dichas proyecciones se adaptan perfectamente al gran espacio existente y son compartidas por los visitantes, al caminar por las pasarelas.&nbsp;<\/p>\n\n\n\n<p><strong>En el 2019 fue la inauguraci\u00f3n<\/strong> de este primer evento, con una duraci\u00f3n larga para los grandes maestros del arte, y otra de duraci\u00f3n menor para la exhibici\u00f3n de los artistas modernos y contempor\u00e1neos.&nbsp;<\/p>\n\n\n\n<p>Entonces, para la de <strong>duraci\u00f3n larga se apost\u00f3 por el conocido Gustav Klimt<\/strong> con de Oro y Colores, incluyendo el famoso Beso y el Retrato de Adele Bloch-Bauer. Todo un espect\u00e1culo, abarcando 360\u00ba en los muros del b\u00fanker.&nbsp;<\/p>\n\n\n\n<figure class=\"wp-block-image\"><img decoding=\"async\" src=\"https:\/\/lh3.googleusercontent.com\/Iz6sAeKiHnC7kntl7KGEcSDnU9ka7xFxyXul49mH391ErpitwCsgpLkNBTeWII66BzFuwnBuQ-kRUYhH9mhxungRucMCQfnlniNL8KrGC_0A7Y4xLTuFGMaCbRyhj4pU4IEr_XuEHvxuKPApZQqtY9qlCd5PduFz0UW9p0FaAUSzi-eS4BqS9lVQ15W745fWsncv\" alt=\"\"\/><\/figure>\n\n\n\n<p>Seguidamente, para la <strong>duraci\u00f3n menor se expuso a Paul Klee<\/strong> con Pintar la M\u00fasica; presentando en una ciudad una \u00f3pera y un gran concierto entre peces, bajo el mar. \u00a1\u00a1Todo un espect\u00e1culo!!<\/p>\n\n\n\n<h2 class=\"wp-block-heading\" id=\"h-exposici-n-realizada-entre-mayo-del-2021-y-enero-del-2022\"><strong>Exposici\u00f3n realizada entre mayo del 2021 y enero del 2022:&nbsp;<\/strong><\/h2>\n\n\n\n<p>Entre el 19 de mayo del 2021 y el 2 de enero del 2022 <strong>se ha realizado como exposici\u00f3n de larga duraci\u00f3n<\/strong> \u201cMonet, Renoir, Chagall\u2026 Voyages en M\u00e9diterran\u00e9e\u201d, la cual ofreci\u00f3 un gran viaje del impresionismo, siendo su protagonismo a lo moderno; una creaci\u00f3n de arte a las orillas del Mediterr\u00e1neo, con m\u00e1s de 500 obras que deslumbraron las cuencas con luces y colores, para poder expresar la sensibilidad del artista.<\/p>\n\n\n\n<p>Las obras de Monet, Chagall, Renoir, Pissarro, Derain, Signac, Dufy, Vlaminck, entre otros fueron proyectadas <strong>cada una durante un tiempo de 45 minutos<\/strong>. Todo fue creado por Renato Gatto, Gianfranco Iannuzzi y Massimiliano Siccardi y bajo la producci\u00f3n de la empresa francesa Culturespaces, pionera en exposiciones digitales inmersivas; siendo Les Bassins de Lumi\u00eares su proyecto de mayor extensi\u00f3n.&nbsp;<\/p>\n\n\n\n<figure class=\"wp-block-image\"><img decoding=\"async\" src=\"https:\/\/lh6.googleusercontent.com\/M5eVyOo7q7xkwJj3tkDI0kLuSeE55KAbT5pugZaHOAYKHQcDLDYF5GYz92n5os4jlUYm0VPjI2KKoaV1tGuWrAmwguvDQv3sXHenLmPhQJ35pynD2cg8JfagSdW7GEi52H7zWc3MhMF63wxYIYHhRQvOUvEMU1Zf-u45EKx-w5F8viK_AD2w9iL9_ql2_rKMg57R\" alt=\"\"\/><\/figure>\n\n\n\n<p>En relaci\u00f3n a la exposici\u00f3n de <strong>duraci\u00f3n corta, la cual abarca 10 minutos<\/strong>, se pudo disfrutar de \u201cYves Klein con su infinity blue\u201d. Otra propuesta tambi\u00e9n con la misma influencia mediterr\u00e1nea, ya que este artista siempre tiene como inspiraci\u00f3n el mar, debido a su lugar de nacimiento en Niza.&nbsp;<\/p>\n\n\n\n<p>Esta corta exposici\u00f3n <strong>recorre el International Klein Blue<\/strong>, o Azul IKB. La direcci\u00f3n de esta puesta en escena fue de Cutback Live, empresa de video y escenograf\u00eda francesa y, por supuesto, la producci\u00f3n de Culturespaces Digital.&nbsp;<\/p>\n","protected":false},"excerpt":{"rendered":"<p>Una antigua base submarina ubicada en el barrio de Bassins \u00e1 Flots en Burdeos, Francia, funciona hoy d\u00eda como un centro de arte para exposiciones multimedia relacionadas con el arte hist\u00f3rico y contempor\u00e1neo.<\/p>\n","protected":false},"author":2,"featured_media":137662,"comment_status":"open","ping_status":"open","sticky":false,"template":"","format":"standard","meta":{"_acf_changed":false,"footnotes":""},"categories":[4192,2349,2903,2355],"tags":[],"class_list":["post-137663","post","type-post","status-publish","format-standard","has-post-thumbnail","hentry","category-burdeos","category-europa","category-europe-es","category-france-es"],"acf":[],"yoast_head":"<!-- This site is optimized with the Yoast SEO Premium plugin v25.3.1 (Yoast SEO v25.3.1) - https:\/\/yoast.com\/wordpress\/plugins\/seo\/ -->\n<title>Una base submarina de la II Guerra Mundial en Burdeos acoger\u00e1 el centro de arte digital m\u00e1s grande del mundo \u2013 Tour Travel &amp; More<\/title>\n<meta name=\"description\" content=\"\ud83e\udd47 Si eres amante del arte o simplemente quieres disfrutar un paseo a nivel de exposiciones digitales inmersivas, este es el lugar perfecto \ud83e\udd47\" \/>\n<meta name=\"robots\" content=\"index, follow, max-snippet:-1, max-image-preview:large, max-video-preview:-1\" \/>\n<link rel=\"canonical\" href=\"https:\/\/tourtravelandmore.com\/es\/una-base-submarina-de-la-ii-guerra-mundial-en-burdeos-acogera-el-centro-de-arte-digital-mas-grande-del-mundo\/\" \/>\n<meta property=\"og:locale\" content=\"es_ES\" \/>\n<meta property=\"og:type\" content=\"article\" \/>\n<meta property=\"og:title\" content=\"Una base submarina de la II Guerra Mundial en Burdeos acoger\u00e1 el centro de arte digital m\u00e1s grande del mundo\" \/>\n<meta property=\"og:description\" content=\"\ud83e\udd47 Si eres amante del arte o simplemente quieres disfrutar un paseo a nivel de exposiciones digitales inmersivas, este es el lugar perfecto \ud83e\udd47\" \/>\n<meta property=\"og:url\" content=\"https:\/\/tourtravelandmore.com\/es\/una-base-submarina-de-la-ii-guerra-mundial-en-burdeos-acogera-el-centro-de-arte-digital-mas-grande-del-mundo\/\" \/>\n<meta property=\"og:site_name\" content=\"Tour Travel And More\" \/>\n<meta property=\"article:publisher\" content=\"https:\/\/www.facebook.com\/tourtravelandmore\/\" \/>\n<meta property=\"article:published_time\" content=\"2022-09-19T22:49:35+00:00\" \/>\n<meta property=\"article:modified_time\" content=\"2025-05-16T13:58:19+00:00\" \/>\n<meta property=\"og:image\" content=\"https:\/\/tourtravelandmore.com\/wp-content\/uploads\/2022\/09\/image-7.png\" \/>\n\t<meta property=\"og:image:width\" content=\"1024\" \/>\n\t<meta property=\"og:image:height\" content=\"683\" \/>\n\t<meta property=\"og:image:type\" content=\"image\/png\" \/>\n<meta name=\"author\" content=\"Maya Nader Harati\" \/>\n<meta name=\"twitter:card\" content=\"summary_large_image\" \/>\n<meta name=\"twitter:creator\" content=\"@TourTravel_More\" \/>\n<meta name=\"twitter:site\" content=\"@TourTravel_More\" \/>\n<meta name=\"twitter:label1\" content=\"Escrito por\" \/>\n\t<meta name=\"twitter:data1\" content=\"Maya Nader Harati\" \/>\n\t<meta name=\"twitter:label2\" content=\"Tiempo de lectura\" \/>\n\t<meta name=\"twitter:data2\" content=\"6 minutos\" \/>\n<script type=\"application\/ld+json\" class=\"yoast-schema-graph\">{\"@context\":\"https:\/\/schema.org\",\"@graph\":[{\"@type\":\"Article\",\"@id\":\"https:\/\/tourtravelandmore.com\/es\/una-base-submarina-de-la-ii-guerra-mundial-en-burdeos-acogera-el-centro-de-arte-digital-mas-grande-del-mundo\/#article\",\"isPartOf\":{\"@id\":\"https:\/\/tourtravelandmore.com\/es\/una-base-submarina-de-la-ii-guerra-mundial-en-burdeos-acogera-el-centro-de-arte-digital-mas-grande-del-mundo\/\"},\"author\":{\"name\":\"Maya Nader Harati\",\"@id\":\"https:\/\/tourtravelandmore.com\/es\/#\/schema\/person\/2a1c66d76ae9290a394e8efb4af12e1e\"},\"headline\":\"Una base submarina de la II Guerra Mundial en Burdeos acoger\u00e1 el centro de arte digital m\u00e1s grande del mundo\",\"datePublished\":\"2022-09-19T22:49:35+00:00\",\"dateModified\":\"2025-05-16T13:58:19+00:00\",\"mainEntityOfPage\":{\"@id\":\"https:\/\/tourtravelandmore.com\/es\/una-base-submarina-de-la-ii-guerra-mundial-en-burdeos-acogera-el-centro-de-arte-digital-mas-grande-del-mundo\/\"},\"wordCount\":1261,\"commentCount\":0,\"publisher\":{\"@id\":\"https:\/\/tourtravelandmore.com\/es\/#organization\"},\"image\":{\"@id\":\"https:\/\/tourtravelandmore.com\/es\/una-base-submarina-de-la-ii-guerra-mundial-en-burdeos-acogera-el-centro-de-arte-digital-mas-grande-del-mundo\/#primaryimage\"},\"thumbnailUrl\":\"https:\/\/tourtravelandmore.com\/wp-content\/uploads\/2022\/09\/image-7.png\",\"articleSection\":[\"Burdeos\",\"Europa\",\"Europe\",\"Francia\"],\"inLanguage\":\"es\",\"potentialAction\":[{\"@type\":\"CommentAction\",\"name\":\"Comment\",\"target\":[\"https:\/\/tourtravelandmore.com\/es\/una-base-submarina-de-la-ii-guerra-mundial-en-burdeos-acogera-el-centro-de-arte-digital-mas-grande-del-mundo\/#respond\"]}],\"accessibilityFeature\":[\"tableOfContents\"]},{\"@type\":\"WebPage\",\"@id\":\"https:\/\/tourtravelandmore.com\/es\/una-base-submarina-de-la-ii-guerra-mundial-en-burdeos-acogera-el-centro-de-arte-digital-mas-grande-del-mundo\/\",\"url\":\"https:\/\/tourtravelandmore.com\/es\/una-base-submarina-de-la-ii-guerra-mundial-en-burdeos-acogera-el-centro-de-arte-digital-mas-grande-del-mundo\/\",\"name\":\"Una base submarina de la II Guerra Mundial en Burdeos acoger\u00e1 el centro de arte digital m\u00e1s grande del mundo \u2013 Tour Travel & More\",\"isPartOf\":{\"@id\":\"https:\/\/tourtravelandmore.com\/es\/#website\"},\"primaryImageOfPage\":{\"@id\":\"https:\/\/tourtravelandmore.com\/es\/una-base-submarina-de-la-ii-guerra-mundial-en-burdeos-acogera-el-centro-de-arte-digital-mas-grande-del-mundo\/#primaryimage\"},\"image\":{\"@id\":\"https:\/\/tourtravelandmore.com\/es\/una-base-submarina-de-la-ii-guerra-mundial-en-burdeos-acogera-el-centro-de-arte-digital-mas-grande-del-mundo\/#primaryimage\"},\"thumbnailUrl\":\"https:\/\/tourtravelandmore.com\/wp-content\/uploads\/2022\/09\/image-7.png\",\"datePublished\":\"2022-09-19T22:49:35+00:00\",\"dateModified\":\"2025-05-16T13:58:19+00:00\",\"description\":\"\ud83e\udd47 Si eres amante del arte o simplemente quieres disfrutar un paseo a nivel de exposiciones digitales inmersivas, este es el lugar perfecto \ud83e\udd47\",\"breadcrumb\":{\"@id\":\"https:\/\/tourtravelandmore.com\/es\/una-base-submarina-de-la-ii-guerra-mundial-en-burdeos-acogera-el-centro-de-arte-digital-mas-grande-del-mundo\/#breadcrumb\"},\"inLanguage\":\"es\",\"potentialAction\":[{\"@type\":\"ReadAction\",\"target\":[\"https:\/\/tourtravelandmore.com\/es\/una-base-submarina-de-la-ii-guerra-mundial-en-burdeos-acogera-el-centro-de-arte-digital-mas-grande-del-mundo\/\"]}]},{\"@type\":\"ImageObject\",\"inLanguage\":\"es\",\"@id\":\"https:\/\/tourtravelandmore.com\/es\/una-base-submarina-de-la-ii-guerra-mundial-en-burdeos-acogera-el-centro-de-arte-digital-mas-grande-del-mundo\/#primaryimage\",\"url\":\"https:\/\/tourtravelandmore.com\/wp-content\/uploads\/2022\/09\/image-7.png\",\"contentUrl\":\"https:\/\/tourtravelandmore.com\/wp-content\/uploads\/2022\/09\/image-7.png\",\"width\":1024,\"height\":683},{\"@type\":\"BreadcrumbList\",\"@id\":\"https:\/\/tourtravelandmore.com\/es\/una-base-submarina-de-la-ii-guerra-mundial-en-burdeos-acogera-el-centro-de-arte-digital-mas-grande-del-mundo\/#breadcrumb\",\"itemListElement\":[{\"@type\":\"ListItem\",\"position\":1,\"name\":\"Home\",\"item\":\"https:\/\/tourtravelandmore.com\/es\/\"},{\"@type\":\"ListItem\",\"position\":2,\"name\":\"Una base submarina de la II Guerra Mundial en Burdeos acoger\u00e1 el centro de arte digital m\u00e1s grande del mundo\"}]},{\"@type\":\"WebSite\",\"@id\":\"https:\/\/tourtravelandmore.com\/es\/#website\",\"url\":\"https:\/\/tourtravelandmore.com\/es\/\",\"name\":\"Tour Travel And More\",\"description\":\"Private sightseeing tours and luxury transfers in Spain\",\"publisher\":{\"@id\":\"https:\/\/tourtravelandmore.com\/es\/#organization\"},\"potentialAction\":[{\"@type\":\"SearchAction\",\"target\":{\"@type\":\"EntryPoint\",\"urlTemplate\":\"https:\/\/tourtravelandmore.com\/es\/?s={search_term_string}\"},\"query-input\":{\"@type\":\"PropertyValueSpecification\",\"valueRequired\":true,\"valueName\":\"search_term_string\"}}],\"inLanguage\":\"es\"},{\"@type\":\"Organization\",\"@id\":\"https:\/\/tourtravelandmore.com\/es\/#organization\",\"name\":\"Tour Travel And More\",\"url\":\"https:\/\/tourtravelandmore.com\/es\/\",\"logo\":{\"@type\":\"ImageObject\",\"inLanguage\":\"es\",\"@id\":\"https:\/\/tourtravelandmore.com\/es\/#\/schema\/logo\/image\/\",\"url\":\"https:\/\/tourtravelandmore.com\/wp-content\/uploads\/2022\/12\/cropped-logo-cabecera-new.png\",\"contentUrl\":\"https:\/\/tourtravelandmore.com\/wp-content\/uploads\/2022\/12\/cropped-logo-cabecera-new.png\",\"width\":430,\"height\":61,\"caption\":\"Tour Travel And More\"},\"image\":{\"@id\":\"https:\/\/tourtravelandmore.com\/es\/#\/schema\/logo\/image\/\"},\"sameAs\":[\"https:\/\/www.facebook.com\/tourtravelandmore\/\",\"https:\/\/x.com\/TourTravel_More\"]},{\"@type\":\"Person\",\"@id\":\"https:\/\/tourtravelandmore.com\/es\/#\/schema\/person\/2a1c66d76ae9290a394e8efb4af12e1e\",\"name\":\"Maya Nader Harati\",\"image\":{\"@type\":\"ImageObject\",\"inLanguage\":\"es\",\"@id\":\"https:\/\/tourtravelandmore.com\/es\/#\/schema\/person\/image\/\",\"url\":\"https:\/\/secure.gravatar.com\/avatar\/adc2305883b6f86a616354c0c4516fcd9a333d5f5a0806d9d1ae9b30f898fa1f?s=96&d=mm&r=g\",\"contentUrl\":\"https:\/\/secure.gravatar.com\/avatar\/adc2305883b6f86a616354c0c4516fcd9a333d5f5a0806d9d1ae9b30f898fa1f?s=96&d=mm&r=g\",\"caption\":\"Maya Nader Harati\"},\"description\":\"Cultural Destination Specialist & Travel Chronicler. Maya doesn\u2019t just travel the world; she translates it.\",\"sameAs\":[\"https:\/\/tourtravelandmore.com\/author-profile-maya-nader-harati\/\"]}]}<\/script>\n<!-- \/ Yoast SEO Premium plugin. -->","yoast_head_json":{"title":"Una base submarina de la II Guerra Mundial en Burdeos acoger\u00e1 el centro de arte digital m\u00e1s grande del mundo \u2013 Tour Travel & More","description":"\ud83e\udd47 Si eres amante del arte o simplemente quieres disfrutar un paseo a nivel de exposiciones digitales inmersivas, este es el lugar perfecto \ud83e\udd47","robots":{"index":"index","follow":"follow","max-snippet":"max-snippet:-1","max-image-preview":"max-image-preview:large","max-video-preview":"max-video-preview:-1"},"canonical":"https:\/\/tourtravelandmore.com\/es\/una-base-submarina-de-la-ii-guerra-mundial-en-burdeos-acogera-el-centro-de-arte-digital-mas-grande-del-mundo\/","og_locale":"es_ES","og_type":"article","og_title":"Una base submarina de la II Guerra Mundial en Burdeos acoger\u00e1 el centro de arte digital m\u00e1s grande del mundo","og_description":"\ud83e\udd47 Si eres amante del arte o simplemente quieres disfrutar un paseo a nivel de exposiciones digitales inmersivas, este es el lugar perfecto \ud83e\udd47","og_url":"https:\/\/tourtravelandmore.com\/es\/una-base-submarina-de-la-ii-guerra-mundial-en-burdeos-acogera-el-centro-de-arte-digital-mas-grande-del-mundo\/","og_site_name":"Tour Travel And More","article_publisher":"https:\/\/www.facebook.com\/tourtravelandmore\/","article_published_time":"2022-09-19T22:49:35+00:00","article_modified_time":"2025-05-16T13:58:19+00:00","og_image":[{"width":1024,"height":683,"url":"https:\/\/tourtravelandmore.com\/wp-content\/uploads\/2022\/09\/image-7.png","type":"image\/png"}],"author":"Maya Nader Harati","twitter_card":"summary_large_image","twitter_creator":"@TourTravel_More","twitter_site":"@TourTravel_More","twitter_misc":{"Escrito por":"Maya Nader Harati","Tiempo de lectura":"6 minutos"},"schema":{"@context":"https:\/\/schema.org","@graph":[{"@type":"Article","@id":"https:\/\/tourtravelandmore.com\/es\/una-base-submarina-de-la-ii-guerra-mundial-en-burdeos-acogera-el-centro-de-arte-digital-mas-grande-del-mundo\/#article","isPartOf":{"@id":"https:\/\/tourtravelandmore.com\/es\/una-base-submarina-de-la-ii-guerra-mundial-en-burdeos-acogera-el-centro-de-arte-digital-mas-grande-del-mundo\/"},"author":{"name":"Maya Nader Harati","@id":"https:\/\/tourtravelandmore.com\/es\/#\/schema\/person\/2a1c66d76ae9290a394e8efb4af12e1e"},"headline":"Una base submarina de la II Guerra Mundial en Burdeos acoger\u00e1 el centro de arte digital m\u00e1s grande del mundo","datePublished":"2022-09-19T22:49:35+00:00","dateModified":"2025-05-16T13:58:19+00:00","mainEntityOfPage":{"@id":"https:\/\/tourtravelandmore.com\/es\/una-base-submarina-de-la-ii-guerra-mundial-en-burdeos-acogera-el-centro-de-arte-digital-mas-grande-del-mundo\/"},"wordCount":1261,"commentCount":0,"publisher":{"@id":"https:\/\/tourtravelandmore.com\/es\/#organization"},"image":{"@id":"https:\/\/tourtravelandmore.com\/es\/una-base-submarina-de-la-ii-guerra-mundial-en-burdeos-acogera-el-centro-de-arte-digital-mas-grande-del-mundo\/#primaryimage"},"thumbnailUrl":"https:\/\/tourtravelandmore.com\/wp-content\/uploads\/2022\/09\/image-7.png","articleSection":["Burdeos","Europa","Europe","Francia"],"inLanguage":"es","potentialAction":[{"@type":"CommentAction","name":"Comment","target":["https:\/\/tourtravelandmore.com\/es\/una-base-submarina-de-la-ii-guerra-mundial-en-burdeos-acogera-el-centro-de-arte-digital-mas-grande-del-mundo\/#respond"]}],"accessibilityFeature":["tableOfContents"]},{"@type":"WebPage","@id":"https:\/\/tourtravelandmore.com\/es\/una-base-submarina-de-la-ii-guerra-mundial-en-burdeos-acogera-el-centro-de-arte-digital-mas-grande-del-mundo\/","url":"https:\/\/tourtravelandmore.com\/es\/una-base-submarina-de-la-ii-guerra-mundial-en-burdeos-acogera-el-centro-de-arte-digital-mas-grande-del-mundo\/","name":"Una base submarina de la II Guerra Mundial en Burdeos acoger\u00e1 el centro de arte digital m\u00e1s grande del mundo \u2013 Tour Travel & More","isPartOf":{"@id":"https:\/\/tourtravelandmore.com\/es\/#website"},"primaryImageOfPage":{"@id":"https:\/\/tourtravelandmore.com\/es\/una-base-submarina-de-la-ii-guerra-mundial-en-burdeos-acogera-el-centro-de-arte-digital-mas-grande-del-mundo\/#primaryimage"},"image":{"@id":"https:\/\/tourtravelandmore.com\/es\/una-base-submarina-de-la-ii-guerra-mundial-en-burdeos-acogera-el-centro-de-arte-digital-mas-grande-del-mundo\/#primaryimage"},"thumbnailUrl":"https:\/\/tourtravelandmore.com\/wp-content\/uploads\/2022\/09\/image-7.png","datePublished":"2022-09-19T22:49:35+00:00","dateModified":"2025-05-16T13:58:19+00:00","description":"\ud83e\udd47 Si eres amante del arte o simplemente quieres disfrutar un paseo a nivel de exposiciones digitales inmersivas, este es el lugar perfecto \ud83e\udd47","breadcrumb":{"@id":"https:\/\/tourtravelandmore.com\/es\/una-base-submarina-de-la-ii-guerra-mundial-en-burdeos-acogera-el-centro-de-arte-digital-mas-grande-del-mundo\/#breadcrumb"},"inLanguage":"es","potentialAction":[{"@type":"ReadAction","target":["https:\/\/tourtravelandmore.com\/es\/una-base-submarina-de-la-ii-guerra-mundial-en-burdeos-acogera-el-centro-de-arte-digital-mas-grande-del-mundo\/"]}]},{"@type":"ImageObject","inLanguage":"es","@id":"https:\/\/tourtravelandmore.com\/es\/una-base-submarina-de-la-ii-guerra-mundial-en-burdeos-acogera-el-centro-de-arte-digital-mas-grande-del-mundo\/#primaryimage","url":"https:\/\/tourtravelandmore.com\/wp-content\/uploads\/2022\/09\/image-7.png","contentUrl":"https:\/\/tourtravelandmore.com\/wp-content\/uploads\/2022\/09\/image-7.png","width":1024,"height":683},{"@type":"BreadcrumbList","@id":"https:\/\/tourtravelandmore.com\/es\/una-base-submarina-de-la-ii-guerra-mundial-en-burdeos-acogera-el-centro-de-arte-digital-mas-grande-del-mundo\/#breadcrumb","itemListElement":[{"@type":"ListItem","position":1,"name":"Home","item":"https:\/\/tourtravelandmore.com\/es\/"},{"@type":"ListItem","position":2,"name":"Una base submarina de la II Guerra Mundial en Burdeos acoger\u00e1 el centro de arte digital m\u00e1s grande del mundo"}]},{"@type":"WebSite","@id":"https:\/\/tourtravelandmore.com\/es\/#website","url":"https:\/\/tourtravelandmore.com\/es\/","name":"Tour Travel And More","description":"Private sightseeing tours and luxury transfers in Spain","publisher":{"@id":"https:\/\/tourtravelandmore.com\/es\/#organization"},"potentialAction":[{"@type":"SearchAction","target":{"@type":"EntryPoint","urlTemplate":"https:\/\/tourtravelandmore.com\/es\/?s={search_term_string}"},"query-input":{"@type":"PropertyValueSpecification","valueRequired":true,"valueName":"search_term_string"}}],"inLanguage":"es"},{"@type":"Organization","@id":"https:\/\/tourtravelandmore.com\/es\/#organization","name":"Tour Travel And More","url":"https:\/\/tourtravelandmore.com\/es\/","logo":{"@type":"ImageObject","inLanguage":"es","@id":"https:\/\/tourtravelandmore.com\/es\/#\/schema\/logo\/image\/","url":"https:\/\/tourtravelandmore.com\/wp-content\/uploads\/2022\/12\/cropped-logo-cabecera-new.png","contentUrl":"https:\/\/tourtravelandmore.com\/wp-content\/uploads\/2022\/12\/cropped-logo-cabecera-new.png","width":430,"height":61,"caption":"Tour Travel And More"},"image":{"@id":"https:\/\/tourtravelandmore.com\/es\/#\/schema\/logo\/image\/"},"sameAs":["https:\/\/www.facebook.com\/tourtravelandmore\/","https:\/\/x.com\/TourTravel_More"]},{"@type":"Person","@id":"https:\/\/tourtravelandmore.com\/es\/#\/schema\/person\/2a1c66d76ae9290a394e8efb4af12e1e","name":"Maya Nader Harati","image":{"@type":"ImageObject","inLanguage":"es","@id":"https:\/\/tourtravelandmore.com\/es\/#\/schema\/person\/image\/","url":"https:\/\/secure.gravatar.com\/avatar\/adc2305883b6f86a616354c0c4516fcd9a333d5f5a0806d9d1ae9b30f898fa1f?s=96&d=mm&r=g","contentUrl":"https:\/\/secure.gravatar.com\/avatar\/adc2305883b6f86a616354c0c4516fcd9a333d5f5a0806d9d1ae9b30f898fa1f?s=96&d=mm&r=g","caption":"Maya Nader Harati"},"description":"Cultural Destination Specialist & Travel Chronicler. Maya doesn\u2019t just travel the world; she translates it.","sameAs":["https:\/\/tourtravelandmore.com\/author-profile-maya-nader-harati\/"]}]}},"_links":{"self":[{"href":"https:\/\/tourtravelandmore.com\/es\/wp-json\/wp\/v2\/posts\/137663","targetHints":{"allow":["GET"]}}],"collection":[{"href":"https:\/\/tourtravelandmore.com\/es\/wp-json\/wp\/v2\/posts"}],"about":[{"href":"https:\/\/tourtravelandmore.com\/es\/wp-json\/wp\/v2\/types\/post"}],"author":[{"embeddable":true,"href":"https:\/\/tourtravelandmore.com\/es\/wp-json\/wp\/v2\/users\/2"}],"replies":[{"embeddable":true,"href":"https:\/\/tourtravelandmore.com\/es\/wp-json\/wp\/v2\/comments?post=137663"}],"version-history":[{"count":1,"href":"https:\/\/tourtravelandmore.com\/es\/wp-json\/wp\/v2\/posts\/137663\/revisions"}],"predecessor-version":[{"id":183761,"href":"https:\/\/tourtravelandmore.com\/es\/wp-json\/wp\/v2\/posts\/137663\/revisions\/183761"}],"wp:featuredmedia":[{"embeddable":true,"href":"https:\/\/tourtravelandmore.com\/es\/wp-json\/wp\/v2\/media\/137662"}],"wp:attachment":[{"href":"https:\/\/tourtravelandmore.com\/es\/wp-json\/wp\/v2\/media?parent=137663"}],"wp:term":[{"taxonomy":"category","embeddable":true,"href":"https:\/\/tourtravelandmore.com\/es\/wp-json\/wp\/v2\/categories?post=137663"},{"taxonomy":"post_tag","embeddable":true,"href":"https:\/\/tourtravelandmore.com\/es\/wp-json\/wp\/v2\/tags?post=137663"}],"curies":[{"name":"wp","href":"https:\/\/api.w.org\/{rel}","templated":true}]}}