{"id":137446,"date":"2022-09-17T08:03:50","date_gmt":"2022-09-17T06:03:50","guid":{"rendered":"https:\/\/tourtravelandmore.com\/?p=137446"},"modified":"2025-05-16T16:00:44","modified_gmt":"2025-05-16T14:00:44","slug":"gucci-garden-la-magia-del-caos-llega-a-florencia","status":"publish","type":"post","link":"https:\/\/tourtravelandmore.com\/es\/gucci-garden-la-magia-del-caos-llega-a-florencia\/","title":{"rendered":"<strong>Gucci Garden: la magia del caos llega a Florencia<\/strong>"},"content":{"rendered":"\n<div class=\"wp-block-yoast-seo-table-of-contents yoast-table-of-contents\"><h2>Tabla de contenidos<\/h2><ul><li><a href=\"#h-hablemos-un-poco-de-los-comienzos-de-gucci-hasta-la-actualidad\" data-level=\"2\">Hablemos un poco de los comienzos de Gucci hasta la actualidad:<\/a><\/li><li><a href=\"#h-la-tienda-de-gucci-garden-una-boutique-nica-en-su-estilo\" data-level=\"2\">La Tienda de Gucci Garden, una boutique \u00fanica en su estilo:\u00a0<\/a><ul><li><a href=\"#h-en-la-planta-baja-o-entrada-de-la-tienda\" data-level=\"3\">En la planta baja o entrada de la tienda:<\/a><\/li><li><a href=\"#h-en-los-pisos-superiores\" data-level=\"3\">En los pisos superiores:<\/a><\/li><\/ul><\/li><li><a href=\"#h-por-qu-se-dice-que-el-gucci-garden-es-un-jard-n-de-diferentes-arquetipos\" data-level=\"2\">\u00bfPor qu\u00e9 se dice que el Gucci Garden es un jard\u00edn de diferentes arquetipos?<\/a><\/li><li><a href=\"#h-novedades-para-el-2022\" data-level=\"2\">Novedades para el 2022:<\/a><\/li><\/ul><\/div>\n\n\n\n<p>Para los fans de la moda y de las mejores marcas de ropa a nivel mundial es necesario buscar con detenimiento a los m\u00e1s famosos, que quiz\u00e1s tengan un <strong>estilo \u00fanico, diferente, que las piezas sean exclusivas <\/strong>e irrepetibles, de firmas bien establecidas. Es decir, tiendas conocidas de ropa donde tambi\u00e9n se puede destacar la arquitectura y el arte en la presentaci\u00f3n de dichas prendas.<\/p>\n\n\n\n<p>Entre ellas tenemos la marca muy conocida de Gucci, la cual siempre se ha destacado por su elegancia, sofisticaci\u00f3n y que, en sus comienzos, en 1920, tuvo altos y bajos, pero que ha sabido<strong> <\/strong>mantenerse en el mercado durante 102 a\u00f1os; con su estilo de ropa y complementos. Ha pasado por varios personajes hasta llegar a su <strong>actual director creativo, llamado Alessandro Michele.<\/strong><\/p>\n\n\n\n<p>Este personaje ha marcado un particular estilo de la marca Gucci, <strong>revolucionando la moda y los est\u00e1ndares tradicionales<\/strong>; rompiendo los moldes que se hab\u00edan mantenido hasta su llegada. Su primera colecci\u00f3n fue lanzada en el 2015, con un estilo retro, apoder\u00e1ndose a partir de ese momento <a href=\"https:\/\/tourtravelandmore.com\/es\/ciudad\/italia-es\/florencia-es\/\"><strong>del Palazzo della Mercanzia en Florencia<\/strong><\/a>; un palacio hist\u00f3rico, a nivel de la Piazza della Signoria.<\/p>\n\n\n\n<p><strong>A partir de ese momento nace Gucci Garden<\/strong>, un espacio diferente, muy ecl\u00e9ctico y creativo, que hoy d\u00eda caracteriza a esta casa, con sus diferentes habitaciones, exposiciones y objetos que han fascinado a muchos en la moda.<\/p>\n\n\n\n<h2 class=\"wp-block-heading\" id=\"h-hablemos-un-poco-de-los-comienzos-de-gucci-hasta-la-actualidad\"><strong>Hablemos un poco de los comienzos de Gucci hasta la actualidad<\/strong><strong>:<\/strong><\/h2>\n\n\n\n<p>Guccio Gucci, un joven florentino, en 1920 abre una tienda en Florencia con el nombre de Gucci, donde se <strong>comercializaban art\u00edculos de cuero<\/strong> que eran confeccionados en forma artesanal; tales como bolsos, cinturones y zapatos, pero con materias primas de alta calidad. Llamando la atenci\u00f3n de las personas que ten\u00edan alto poder adquisitivo de la \u00e9poca.&nbsp;<\/p>\n\n\n\n<p>Luego, con el tiempo Gucci comenz\u00f3 a expandirse en Italia, abriendo nuevas tiendas en Roma y Mil\u00e1n, gracias a la iniciativa de sus hijos, cuando crecieron y se hicieron adultos. El \u00e9xito fue tanto que, a pesar de la 2da Guerra Mundial, decidieron expandirse ahora a nivel internacional, <strong>abriendo una sucursal en la ciudad de Nueva York.<\/strong><\/p>\n\n\n\n<p>Entonces, en la d\u00e9cada de los 60 la marca ya comenzaba a ser conocida entre los personajes de renombre y las celebridades, sobre todo a nivel de Hollywood. Pero en los 80 hubo un resbal\u00f3n importante de tipo familiar, bajando el prestigio de la marca. El cual dur\u00f3 hasta poco antes de la muerte del \u00faltimo hijo de Gucci,<strong> el cual hab\u00eda vendido la firma a Tom Ford.&nbsp;<\/strong><\/p>\n\n\n\n<p>Este personaje recuper\u00f3 el prestigio que siempre hab\u00eda tenido dicha firma con sus nuevos dise\u00f1os, inspirados en los 70 sobre el estilo de Nueva York y que fue todo un \u00e9xito entre el jet set. Pero los directivos esta vez no solo se centraron en los dise\u00f1os nuevos, sino tambi\u00e9n en adquirir otras firmas, tales como McQueen y YSL; <strong>creando as\u00ed un conglomerado.&nbsp;<\/strong><\/p>\n\n\n\n<p>Posteriormente, Tom Ford dej\u00f3 la firma en el 2004. Quedando la principal dise\u00f1adora, Giannini Frida, al frente y realizando un nuevo cambio: sustituy\u00f3 el color negro (que era tradicional en Tom Ford) <strong>por otros colores y estampados;<\/strong> qued\u00e1ndose hasta la actualidad como lo representativo de dicha marca. Giannini estuvo al frente hasta el 2014, dejando la marca en manos del nuevo y actual director creativo, Alessandro Michele. Su due\u00f1o actual es Francois-Henri Pinault.<\/p>\n\n\n\n<h2 class=\"wp-block-heading\" id=\"h-la-tienda-de-gucci-garden-una-boutique-nica-en-su-estilo\"><strong>La Tienda de Gucci Garden, una boutique \u00fanica en su estilo:&nbsp;<\/strong><\/h2>\n\n\n\n<p>Ya mencionamos que la tienda se encuentra localizada a nivel de la Piazza della Signoria, en el Palazzo della Mercanzia. Una <strong>boutique con un decorado muy original<\/strong>, con pilares de piedras, muebles antiguos y muchos detalles particulares como mesas y muebles de madera, vitrinas de vidrio, cuadros, entre otros. El nombre de Gucci Garden se eligi\u00f3 por 2 razones.<\/p>\n\n\n\n<p>Una por la ya conocida est\u00e9tica que domina la casa, con muchas referencias de la naturaleza. Y la otra raz\u00f3n por su sentido metaf\u00f3rico, con un jard\u00edn de flora y fauna real. Alessandro Michele<strong> ha concebido un espacio diferente<\/strong> en una tienda donde se vende, adem\u00e1s de la ropa, objetos particulares; una Galer\u00eda para exposici\u00f3n de sus art\u00edculos en general, adem\u00e1s de un restaurante llamado Gucci la Oster\u00eda.&nbsp;<\/p>\n\n\n\n<h3 class=\"wp-block-heading\" id=\"h-en-la-planta-baja-o-entrada-de-la-tienda\"><strong><em>En la planta baja o entrada de la tienda:<\/em><\/strong><\/h3>\n\n\n\n<p>En este nivel se localiza la <strong>boutique con los modelos exclusivos<\/strong> que no se consiguen en ninguna otra tienda Gucci; tales como bolsos, zapatos elaborados en materiales especiales, as\u00ed como abrigos de brocado, faldas, bombers de seda, todo con el sello Gucci Garden Gothic. Igualmente, hay una serie de piezas de la colecci\u00f3n Gucci D\u00e9cor.<\/p>\n\n\n\n<p>Adem\u00e1s, hay revistas, al igual que publicaciones innovadoras y, por supuesto, una colecci\u00f3n de libros con obras actuales y algunos tomos antiguos. Todos provenientes de la <strong>antigua librer\u00eda de Roma<\/strong> llamada Cascianelli.&nbsp;<\/p>\n\n\n\n<h3 class=\"wp-block-heading\" id=\"h-en-los-pisos-superiores\"><strong><em>En los pisos superiores:<\/em><\/strong><\/h3>\n\n\n\n<p>El 2do y 3er piso est\u00e1n destinados a la Gucci Galler\u00eda, en donde a los visitantes se les acompa\u00f1a por los pasillos con los sonidos de las suaves aves y de las ramas. Este recorrido <strong>se encuentra dividido en varias salas<\/strong> con nombres bien particulares; entre ellos el de Guccification, Cosmorama (dedicada a bolsos y maletas para equipaje), Paraphernalia, De Rerum Natura y Ephemera.&nbsp;<\/p>\n\n\n\n<figure class=\"wp-block-image\"><img decoding=\"async\" src=\"https:\/\/lh6.googleusercontent.com\/s53U-QSps4ftVwrrwl4GsL3n8AGiXXL9gDpSRZoY2oxr2tXqICXTWH0KKfOg9JCLRNDe_SdYejAbR_7ML9MJP3IvPEgTo9Y0L_96IW_JXLpVeDQYrr6El8cwmyQS9fdWPjeSCHuyffTug1JqK2WBZLn4WI4IlR6p_o8OJhq2rGq6queJrhIIB5Qwygpv_9cGnq0K5w\" alt=\"\"\/><\/figure>\n\n\n\n<p><em>Sala de Guccification, en Gucci Garden<\/em><\/p>\n\n\n\n<p>Tambi\u00e9n se<strong> localiza un auditorio peque\u00f1o de cine, <\/strong>el cual se encuentra tapizado en terciopelo rojo. Tambi\u00e9n se localizan diferentes piezas al estilo vintage con otros de tipo contempor\u00e1neo; todo fusion\u00e1ndose en el mismo ambiente. Todos estos productos de la firma no solo se venden ac\u00e1 en Florencia, sino tambi\u00e9n en forma virtual, gracias al Tour Virtual de Gucci Garden.&nbsp;<\/p>\n\n\n\n<p>Se puede recorrer toda la casa, con acceso ilimitado por cada uno de los niveles, pasillos, escaleras, con sus sonidos. No hay una ruta determinada, simplemente el visitante comienza y termina por donde m\u00e1s le interesa, <strong>con esta nueva herramienta de tecnolog\u00eda<\/strong>.&nbsp;<\/p>\n\n\n\n<p>Por \u00faltimo, <strong>el Gucci Osteria, a cargo del chef<\/strong> <strong>Massimo Bottura,<\/strong> cuenta con 3 Estrellas Michelin; para ofrecer a los clientes tanto los platos ic\u00f3nicos italianos como la posibilidad de degustar muchas reinterpretaciones de los platillos cl\u00e1sicos.<\/p>\n\n\n\n<h2 class=\"wp-block-heading\" id=\"h-por-qu-se-dice-que-el-gucci-garden-es-un-jard-n-de-diferentes-arquetipos\"><strong>\u00bfPor qu\u00e9 se dice que el Gucci Garden es un jard\u00edn de diferentes arquetipos?<\/strong><\/h2>\n\n\n\n<p>En el 2020 se cumpli\u00f3 el centenario de la firma de Gucci, y en Florencia se celebr\u00f3 con Gucci Garden Archetypes. Es decir, este es <strong>un espacio multisensorial y envolvente<\/strong> donde se exploran los 6 \u00faltimos a\u00f1os de las campa\u00f1as de Alessandro; las cuales han sido \u00fanicas en su propuesta; mostrando diferentes temas, como acostumbra su director creativo.&nbsp;<\/p>\n\n\n\n<p>Estamos hablando de sentimientos y sensaciones en unos escenarios que contienen arquetipos muy variados y que van desde <strong>arte, m\u00fasica y mundos fabulosos;<\/strong> donde no hay l\u00edmite entre los tiempos pasado, presente y futuro o entre la mitolog\u00eda y la historia, ya que siempre est\u00e1n juntos en el mismo ambiente.&nbsp;<\/p>\n\n\n\n<p>Para ello se habilit\u00f3 <strong>una sala de control con una variedad de pantallas<\/strong>, unas 30 aproximadamente, en donde los visitantes podr\u00e1n conocer las campa\u00f1as que se van a presentar en las pr\u00f3ximas habitaciones. Por ejemplo, se alternan im\u00e1genes de Tokio, Berl\u00edn o Los \u00c1ngeles, con paisajes intergal\u00e1cticos o jardines encantados.&nbsp;<\/p>\n\n\n\n<p>Igualmente, se pueden observar constructores de arcas junto a bailarines, \u00e1ngeles y extraterrestres, estrellas de pop, sonrisas irreverentes, caballos esperando en lavaderos de coches, j\u00f3venes en rebeli\u00f3n y mucho m\u00e1s. <strong>Realmente es todo un mundo paralelo<\/strong>, un caleidoscopio de arte, m\u00fasica y viajes a trav\u00e9s de las distintas campa\u00f1as de Gucci.<\/p>\n\n\n\n<h2 class=\"wp-block-heading\" id=\"h-novedades-para-el-2022\"><strong>Novedades para el 2022:<\/strong><\/h2>\n\n\n\n<p>La firma siempre est\u00e1 en constante renovaci\u00f3n, y esta vez apertura una propuesta gastron\u00f3mica; igualmente al estilo multi sensorial de Gucci Garden ac\u00e1 en Florencia, en la Piazza della Signoria, <strong>llamado Giardino 25<\/strong>. En italiano <em>Giordano<\/em> significa Jard\u00edn y el n\u00famero 25 porque es el de preferencia de este director creativo, Alessandro Michele.<\/p>\n\n\n\n<p>El restaurante, cafeter\u00eda y bar de c\u00f3cteles fue <strong>inaugurado el d\u00eda de los enamorados<\/strong> de este 2022. Antes de su apertura la casona era una florer\u00eda; y, como podemos observar, el lugar sigue manteniendo la conexi\u00f3n que tiene Gucci con las flores, los jardines, la naturaleza y sus aromas; manteniendo los contrastes armoniosos, como acostumbra Gucci Garden.&nbsp;<\/p>\n\n\n\n<figure class=\"wp-block-image\"><img decoding=\"async\" src=\"https:\/\/lh5.googleusercontent.com\/lLkkY27a1phohN96t-O-1e4o2Mq4fFXrLPRdhnkPDc7nQU3t3O9nzBuzb5Jpo9-kisuy5bRwzTW52gnHrHuLzi40EdJNy5D9iVpTENcsNEmdD6jEfCesOx9cnz2U8l0OqyjRrE1VovTy9pZ2mxm58-VgU6sKGpB6lIBf43FseC0s8fdkrzmwkmjB_ct9cvdeQ6de4Q\" alt=\"\"\/><\/figure>\n","protected":false},"excerpt":{"rendered":"<p>Gucci siempre se ha destacado por su elegancia y sofisticaci\u00f3n, teniendo sus comienzos en 1920. Ha sabido mantenerse en el mercado por 102 a\u00f1os; pasando por varios directores hasta llegar al actual: Alessandro Michele.<\/p>\n","protected":false},"author":2,"featured_media":137445,"comment_status":"open","ping_status":"open","sticky":false,"template":"","format":"standard","meta":{"_acf_changed":false,"footnotes":""},"categories":[2349,2903,2391,2388,2358],"tags":[],"class_list":["post-137446","post","type-post","status-publish","format-standard","has-post-thumbnail","hentry","category-europa","category-europe-es","category-florence-es","category-florencia","category-italy"],"acf":[],"yoast_head":"<!-- This site is optimized with the Yoast SEO Premium plugin v25.3.1 (Yoast SEO v25.3.1) - https:\/\/yoast.com\/wordpress\/plugins\/seo\/ -->\n<title>Gucci Garden: la magia del caos llega a Florencia \u2013 TourTravel &amp; More<\/title>\n<meta name=\"description\" content=\"\u2713Si te gusta la moda y estilos completamente innovadores, te invitamos a que visites las tiendas Gucci, tanto f\u00edsica como virtual. \u2713\" \/>\n<meta name=\"robots\" content=\"index, follow, max-snippet:-1, max-image-preview:large, max-video-preview:-1\" \/>\n<link rel=\"canonical\" href=\"https:\/\/tourtravelandmore.com\/es\/gucci-garden-la-magia-del-caos-llega-a-florencia\/\" \/>\n<meta property=\"og:locale\" content=\"es_ES\" \/>\n<meta property=\"og:type\" content=\"article\" \/>\n<meta property=\"og:title\" content=\"Gucci Garden: la magia del caos llega a Florencia\" \/>\n<meta property=\"og:description\" content=\"\u2713Si te gusta la moda y estilos completamente innovadores, te invitamos a que visites las tiendas Gucci, tanto f\u00edsica como virtual. \u2713\" \/>\n<meta property=\"og:url\" content=\"https:\/\/tourtravelandmore.com\/es\/gucci-garden-la-magia-del-caos-llega-a-florencia\/\" \/>\n<meta property=\"og:site_name\" content=\"Tour Travel And More\" \/>\n<meta property=\"article:publisher\" content=\"https:\/\/www.facebook.com\/tourtravelandmore\/\" \/>\n<meta property=\"article:published_time\" content=\"2022-09-17T06:03:50+00:00\" \/>\n<meta property=\"article:modified_time\" content=\"2025-05-16T14:00:44+00:00\" \/>\n<meta property=\"og:image\" content=\"https:\/\/tourtravelandmore.com\/wp-content\/uploads\/2022\/09\/image-1.png\" \/>\n\t<meta property=\"og:image:width\" content=\"1024\" \/>\n\t<meta property=\"og:image:height\" content=\"600\" \/>\n\t<meta property=\"og:image:type\" content=\"image\/png\" \/>\n<meta name=\"author\" content=\"Maya Nader Harati\" \/>\n<meta name=\"twitter:card\" content=\"summary_large_image\" \/>\n<meta name=\"twitter:creator\" content=\"@TourTravel_More\" \/>\n<meta name=\"twitter:site\" content=\"@TourTravel_More\" \/>\n<meta name=\"twitter:label1\" content=\"Escrito por\" \/>\n\t<meta name=\"twitter:data1\" content=\"Maya Nader Harati\" \/>\n\t<meta name=\"twitter:label2\" content=\"Tiempo de lectura\" \/>\n\t<meta name=\"twitter:data2\" content=\"7 minutos\" \/>\n<script type=\"application\/ld+json\" class=\"yoast-schema-graph\">{\"@context\":\"https:\/\/schema.org\",\"@graph\":[{\"@type\":\"Article\",\"@id\":\"https:\/\/tourtravelandmore.com\/es\/gucci-garden-la-magia-del-caos-llega-a-florencia\/#article\",\"isPartOf\":{\"@id\":\"https:\/\/tourtravelandmore.com\/es\/gucci-garden-la-magia-del-caos-llega-a-florencia\/\"},\"author\":{\"name\":\"Maya Nader Harati\",\"@id\":\"https:\/\/tourtravelandmore.com\/es\/#\/schema\/person\/2a1c66d76ae9290a394e8efb4af12e1e\"},\"headline\":\"Gucci Garden: la magia del caos llega a Florencia\",\"datePublished\":\"2022-09-17T06:03:50+00:00\",\"dateModified\":\"2025-05-16T14:00:44+00:00\",\"mainEntityOfPage\":{\"@id\":\"https:\/\/tourtravelandmore.com\/es\/gucci-garden-la-magia-del-caos-llega-a-florencia\/\"},\"wordCount\":1482,\"commentCount\":0,\"publisher\":{\"@id\":\"https:\/\/tourtravelandmore.com\/es\/#organization\"},\"image\":{\"@id\":\"https:\/\/tourtravelandmore.com\/es\/gucci-garden-la-magia-del-caos-llega-a-florencia\/#primaryimage\"},\"thumbnailUrl\":\"https:\/\/tourtravelandmore.com\/wp-content\/uploads\/2022\/09\/image-1.png\",\"articleSection\":[\"Europa\",\"Europe\",\"Florence\",\"Florencia\",\"Italia\"],\"inLanguage\":\"es\",\"potentialAction\":[{\"@type\":\"CommentAction\",\"name\":\"Comment\",\"target\":[\"https:\/\/tourtravelandmore.com\/es\/gucci-garden-la-magia-del-caos-llega-a-florencia\/#respond\"]}],\"accessibilityFeature\":[\"tableOfContents\"]},{\"@type\":\"WebPage\",\"@id\":\"https:\/\/tourtravelandmore.com\/es\/gucci-garden-la-magia-del-caos-llega-a-florencia\/\",\"url\":\"https:\/\/tourtravelandmore.com\/es\/gucci-garden-la-magia-del-caos-llega-a-florencia\/\",\"name\":\"Gucci Garden: la magia del caos llega a Florencia \u2013 TourTravel & More\",\"isPartOf\":{\"@id\":\"https:\/\/tourtravelandmore.com\/es\/#website\"},\"primaryImageOfPage\":{\"@id\":\"https:\/\/tourtravelandmore.com\/es\/gucci-garden-la-magia-del-caos-llega-a-florencia\/#primaryimage\"},\"image\":{\"@id\":\"https:\/\/tourtravelandmore.com\/es\/gucci-garden-la-magia-del-caos-llega-a-florencia\/#primaryimage\"},\"thumbnailUrl\":\"https:\/\/tourtravelandmore.com\/wp-content\/uploads\/2022\/09\/image-1.png\",\"datePublished\":\"2022-09-17T06:03:50+00:00\",\"dateModified\":\"2025-05-16T14:00:44+00:00\",\"description\":\"\u2713Si te gusta la moda y estilos completamente innovadores, te invitamos a que visites las tiendas Gucci, tanto f\u00edsica como virtual. \u2713\",\"breadcrumb\":{\"@id\":\"https:\/\/tourtravelandmore.com\/es\/gucci-garden-la-magia-del-caos-llega-a-florencia\/#breadcrumb\"},\"inLanguage\":\"es\",\"potentialAction\":[{\"@type\":\"ReadAction\",\"target\":[\"https:\/\/tourtravelandmore.com\/es\/gucci-garden-la-magia-del-caos-llega-a-florencia\/\"]}]},{\"@type\":\"ImageObject\",\"inLanguage\":\"es\",\"@id\":\"https:\/\/tourtravelandmore.com\/es\/gucci-garden-la-magia-del-caos-llega-a-florencia\/#primaryimage\",\"url\":\"https:\/\/tourtravelandmore.com\/wp-content\/uploads\/2022\/09\/image-1.png\",\"contentUrl\":\"https:\/\/tourtravelandmore.com\/wp-content\/uploads\/2022\/09\/image-1.png\",\"width\":1024,\"height\":600},{\"@type\":\"BreadcrumbList\",\"@id\":\"https:\/\/tourtravelandmore.com\/es\/gucci-garden-la-magia-del-caos-llega-a-florencia\/#breadcrumb\",\"itemListElement\":[{\"@type\":\"ListItem\",\"position\":1,\"name\":\"Home\",\"item\":\"https:\/\/tourtravelandmore.com\/es\/\"},{\"@type\":\"ListItem\",\"position\":2,\"name\":\"Gucci Garden: la magia del caos llega a Florencia\"}]},{\"@type\":\"WebSite\",\"@id\":\"https:\/\/tourtravelandmore.com\/es\/#website\",\"url\":\"https:\/\/tourtravelandmore.com\/es\/\",\"name\":\"Tour Travel And More\",\"description\":\"Private sightseeing tours and luxury transfers in Spain\",\"publisher\":{\"@id\":\"https:\/\/tourtravelandmore.com\/es\/#organization\"},\"potentialAction\":[{\"@type\":\"SearchAction\",\"target\":{\"@type\":\"EntryPoint\",\"urlTemplate\":\"https:\/\/tourtravelandmore.com\/es\/?s={search_term_string}\"},\"query-input\":{\"@type\":\"PropertyValueSpecification\",\"valueRequired\":true,\"valueName\":\"search_term_string\"}}],\"inLanguage\":\"es\"},{\"@type\":\"Organization\",\"@id\":\"https:\/\/tourtravelandmore.com\/es\/#organization\",\"name\":\"Tour Travel And More\",\"url\":\"https:\/\/tourtravelandmore.com\/es\/\",\"logo\":{\"@type\":\"ImageObject\",\"inLanguage\":\"es\",\"@id\":\"https:\/\/tourtravelandmore.com\/es\/#\/schema\/logo\/image\/\",\"url\":\"https:\/\/tourtravelandmore.com\/wp-content\/uploads\/2022\/12\/cropped-logo-cabecera-new.png\",\"contentUrl\":\"https:\/\/tourtravelandmore.com\/wp-content\/uploads\/2022\/12\/cropped-logo-cabecera-new.png\",\"width\":430,\"height\":61,\"caption\":\"Tour Travel And More\"},\"image\":{\"@id\":\"https:\/\/tourtravelandmore.com\/es\/#\/schema\/logo\/image\/\"},\"sameAs\":[\"https:\/\/www.facebook.com\/tourtravelandmore\/\",\"https:\/\/x.com\/TourTravel_More\"]},{\"@type\":\"Person\",\"@id\":\"https:\/\/tourtravelandmore.com\/es\/#\/schema\/person\/2a1c66d76ae9290a394e8efb4af12e1e\",\"name\":\"Maya Nader Harati\",\"image\":{\"@type\":\"ImageObject\",\"inLanguage\":\"es\",\"@id\":\"https:\/\/tourtravelandmore.com\/es\/#\/schema\/person\/image\/\",\"url\":\"https:\/\/secure.gravatar.com\/avatar\/adc2305883b6f86a616354c0c4516fcd9a333d5f5a0806d9d1ae9b30f898fa1f?s=96&d=mm&r=g\",\"contentUrl\":\"https:\/\/secure.gravatar.com\/avatar\/adc2305883b6f86a616354c0c4516fcd9a333d5f5a0806d9d1ae9b30f898fa1f?s=96&d=mm&r=g\",\"caption\":\"Maya Nader Harati\"},\"description\":\"Cultural Destination Specialist & Travel Chronicler. Maya doesn\u2019t just travel the world; she translates it.\",\"sameAs\":[\"https:\/\/tourtravelandmore.com\/author-profile-maya-nader-harati\/\"]}]}<\/script>\n<!-- \/ Yoast SEO Premium plugin. -->","yoast_head_json":{"title":"Gucci Garden: la magia del caos llega a Florencia \u2013 TourTravel & More","description":"\u2713Si te gusta la moda y estilos completamente innovadores, te invitamos a que visites las tiendas Gucci, tanto f\u00edsica como virtual. \u2713","robots":{"index":"index","follow":"follow","max-snippet":"max-snippet:-1","max-image-preview":"max-image-preview:large","max-video-preview":"max-video-preview:-1"},"canonical":"https:\/\/tourtravelandmore.com\/es\/gucci-garden-la-magia-del-caos-llega-a-florencia\/","og_locale":"es_ES","og_type":"article","og_title":"Gucci Garden: la magia del caos llega a Florencia","og_description":"\u2713Si te gusta la moda y estilos completamente innovadores, te invitamos a que visites las tiendas Gucci, tanto f\u00edsica como virtual. \u2713","og_url":"https:\/\/tourtravelandmore.com\/es\/gucci-garden-la-magia-del-caos-llega-a-florencia\/","og_site_name":"Tour Travel And More","article_publisher":"https:\/\/www.facebook.com\/tourtravelandmore\/","article_published_time":"2022-09-17T06:03:50+00:00","article_modified_time":"2025-05-16T14:00:44+00:00","og_image":[{"width":1024,"height":600,"url":"https:\/\/tourtravelandmore.com\/wp-content\/uploads\/2022\/09\/image-1.png","type":"image\/png"}],"author":"Maya Nader Harati","twitter_card":"summary_large_image","twitter_creator":"@TourTravel_More","twitter_site":"@TourTravel_More","twitter_misc":{"Escrito por":"Maya Nader Harati","Tiempo de lectura":"7 minutos"},"schema":{"@context":"https:\/\/schema.org","@graph":[{"@type":"Article","@id":"https:\/\/tourtravelandmore.com\/es\/gucci-garden-la-magia-del-caos-llega-a-florencia\/#article","isPartOf":{"@id":"https:\/\/tourtravelandmore.com\/es\/gucci-garden-la-magia-del-caos-llega-a-florencia\/"},"author":{"name":"Maya Nader Harati","@id":"https:\/\/tourtravelandmore.com\/es\/#\/schema\/person\/2a1c66d76ae9290a394e8efb4af12e1e"},"headline":"Gucci Garden: la magia del caos llega a Florencia","datePublished":"2022-09-17T06:03:50+00:00","dateModified":"2025-05-16T14:00:44+00:00","mainEntityOfPage":{"@id":"https:\/\/tourtravelandmore.com\/es\/gucci-garden-la-magia-del-caos-llega-a-florencia\/"},"wordCount":1482,"commentCount":0,"publisher":{"@id":"https:\/\/tourtravelandmore.com\/es\/#organization"},"image":{"@id":"https:\/\/tourtravelandmore.com\/es\/gucci-garden-la-magia-del-caos-llega-a-florencia\/#primaryimage"},"thumbnailUrl":"https:\/\/tourtravelandmore.com\/wp-content\/uploads\/2022\/09\/image-1.png","articleSection":["Europa","Europe","Florence","Florencia","Italia"],"inLanguage":"es","potentialAction":[{"@type":"CommentAction","name":"Comment","target":["https:\/\/tourtravelandmore.com\/es\/gucci-garden-la-magia-del-caos-llega-a-florencia\/#respond"]}],"accessibilityFeature":["tableOfContents"]},{"@type":"WebPage","@id":"https:\/\/tourtravelandmore.com\/es\/gucci-garden-la-magia-del-caos-llega-a-florencia\/","url":"https:\/\/tourtravelandmore.com\/es\/gucci-garden-la-magia-del-caos-llega-a-florencia\/","name":"Gucci Garden: la magia del caos llega a Florencia \u2013 TourTravel & More","isPartOf":{"@id":"https:\/\/tourtravelandmore.com\/es\/#website"},"primaryImageOfPage":{"@id":"https:\/\/tourtravelandmore.com\/es\/gucci-garden-la-magia-del-caos-llega-a-florencia\/#primaryimage"},"image":{"@id":"https:\/\/tourtravelandmore.com\/es\/gucci-garden-la-magia-del-caos-llega-a-florencia\/#primaryimage"},"thumbnailUrl":"https:\/\/tourtravelandmore.com\/wp-content\/uploads\/2022\/09\/image-1.png","datePublished":"2022-09-17T06:03:50+00:00","dateModified":"2025-05-16T14:00:44+00:00","description":"\u2713Si te gusta la moda y estilos completamente innovadores, te invitamos a que visites las tiendas Gucci, tanto f\u00edsica como virtual. \u2713","breadcrumb":{"@id":"https:\/\/tourtravelandmore.com\/es\/gucci-garden-la-magia-del-caos-llega-a-florencia\/#breadcrumb"},"inLanguage":"es","potentialAction":[{"@type":"ReadAction","target":["https:\/\/tourtravelandmore.com\/es\/gucci-garden-la-magia-del-caos-llega-a-florencia\/"]}]},{"@type":"ImageObject","inLanguage":"es","@id":"https:\/\/tourtravelandmore.com\/es\/gucci-garden-la-magia-del-caos-llega-a-florencia\/#primaryimage","url":"https:\/\/tourtravelandmore.com\/wp-content\/uploads\/2022\/09\/image-1.png","contentUrl":"https:\/\/tourtravelandmore.com\/wp-content\/uploads\/2022\/09\/image-1.png","width":1024,"height":600},{"@type":"BreadcrumbList","@id":"https:\/\/tourtravelandmore.com\/es\/gucci-garden-la-magia-del-caos-llega-a-florencia\/#breadcrumb","itemListElement":[{"@type":"ListItem","position":1,"name":"Home","item":"https:\/\/tourtravelandmore.com\/es\/"},{"@type":"ListItem","position":2,"name":"Gucci Garden: la magia del caos llega a Florencia"}]},{"@type":"WebSite","@id":"https:\/\/tourtravelandmore.com\/es\/#website","url":"https:\/\/tourtravelandmore.com\/es\/","name":"Tour Travel And More","description":"Private sightseeing tours and luxury transfers in Spain","publisher":{"@id":"https:\/\/tourtravelandmore.com\/es\/#organization"},"potentialAction":[{"@type":"SearchAction","target":{"@type":"EntryPoint","urlTemplate":"https:\/\/tourtravelandmore.com\/es\/?s={search_term_string}"},"query-input":{"@type":"PropertyValueSpecification","valueRequired":true,"valueName":"search_term_string"}}],"inLanguage":"es"},{"@type":"Organization","@id":"https:\/\/tourtravelandmore.com\/es\/#organization","name":"Tour Travel And More","url":"https:\/\/tourtravelandmore.com\/es\/","logo":{"@type":"ImageObject","inLanguage":"es","@id":"https:\/\/tourtravelandmore.com\/es\/#\/schema\/logo\/image\/","url":"https:\/\/tourtravelandmore.com\/wp-content\/uploads\/2022\/12\/cropped-logo-cabecera-new.png","contentUrl":"https:\/\/tourtravelandmore.com\/wp-content\/uploads\/2022\/12\/cropped-logo-cabecera-new.png","width":430,"height":61,"caption":"Tour Travel And More"},"image":{"@id":"https:\/\/tourtravelandmore.com\/es\/#\/schema\/logo\/image\/"},"sameAs":["https:\/\/www.facebook.com\/tourtravelandmore\/","https:\/\/x.com\/TourTravel_More"]},{"@type":"Person","@id":"https:\/\/tourtravelandmore.com\/es\/#\/schema\/person\/2a1c66d76ae9290a394e8efb4af12e1e","name":"Maya Nader Harati","image":{"@type":"ImageObject","inLanguage":"es","@id":"https:\/\/tourtravelandmore.com\/es\/#\/schema\/person\/image\/","url":"https:\/\/secure.gravatar.com\/avatar\/adc2305883b6f86a616354c0c4516fcd9a333d5f5a0806d9d1ae9b30f898fa1f?s=96&d=mm&r=g","contentUrl":"https:\/\/secure.gravatar.com\/avatar\/adc2305883b6f86a616354c0c4516fcd9a333d5f5a0806d9d1ae9b30f898fa1f?s=96&d=mm&r=g","caption":"Maya Nader Harati"},"description":"Cultural Destination Specialist & Travel Chronicler. Maya doesn\u2019t just travel the world; she translates it.","sameAs":["https:\/\/tourtravelandmore.com\/author-profile-maya-nader-harati\/"]}]}},"_links":{"self":[{"href":"https:\/\/tourtravelandmore.com\/es\/wp-json\/wp\/v2\/posts\/137446","targetHints":{"allow":["GET"]}}],"collection":[{"href":"https:\/\/tourtravelandmore.com\/es\/wp-json\/wp\/v2\/posts"}],"about":[{"href":"https:\/\/tourtravelandmore.com\/es\/wp-json\/wp\/v2\/types\/post"}],"author":[{"embeddable":true,"href":"https:\/\/tourtravelandmore.com\/es\/wp-json\/wp\/v2\/users\/2"}],"replies":[{"embeddable":true,"href":"https:\/\/tourtravelandmore.com\/es\/wp-json\/wp\/v2\/comments?post=137446"}],"version-history":[{"count":1,"href":"https:\/\/tourtravelandmore.com\/es\/wp-json\/wp\/v2\/posts\/137446\/revisions"}],"predecessor-version":[{"id":183779,"href":"https:\/\/tourtravelandmore.com\/es\/wp-json\/wp\/v2\/posts\/137446\/revisions\/183779"}],"wp:featuredmedia":[{"embeddable":true,"href":"https:\/\/tourtravelandmore.com\/es\/wp-json\/wp\/v2\/media\/137445"}],"wp:attachment":[{"href":"https:\/\/tourtravelandmore.com\/es\/wp-json\/wp\/v2\/media?parent=137446"}],"wp:term":[{"taxonomy":"category","embeddable":true,"href":"https:\/\/tourtravelandmore.com\/es\/wp-json\/wp\/v2\/categories?post=137446"},{"taxonomy":"post_tag","embeddable":true,"href":"https:\/\/tourtravelandmore.com\/es\/wp-json\/wp\/v2\/tags?post=137446"}],"curies":[{"name":"wp","href":"https:\/\/api.w.org\/{rel}","templated":true}]}}