{"id":127018,"date":"2022-05-27T09:24:15","date_gmt":"2022-05-27T07:24:15","guid":{"rendered":"https:\/\/tourtravelandmore.com\/?p=127018"},"modified":"2025-05-16T16:05:40","modified_gmt":"2025-05-16T14:05:40","slug":"la-alberca-el-pueblo-mas-bonito-de-salamanca","status":"publish","type":"post","link":"https:\/\/tourtravelandmore.com\/es\/la-alberca-el-pueblo-mas-bonito-de-salamanca\/","title":{"rendered":"<strong>La Alberca, el pueblo m\u00e1s bonito de Salamanca<\/strong>"},"content":{"rendered":"\n<div class=\"wp-block-yoast-seo-table-of-contents yoast-table-of-contents\"><h2>Tabla de contenidos<\/h2><ul><li><a href=\"#h-comenzando-el-recorrido-por-las-t-picas-calles-de-la-alberca\" data-level=\"2\">Comenzando el recorrido por las t\u00edpicas calles de La Alberca:<\/a><\/li><li><a href=\"#h-qu-podemos-conocer-en-el-centro-hist-rico-del-pueblo-de-la-alberca\" data-level=\"2\">\u00bfQu\u00e9 podemos conocer en el centro hist\u00f3rico del pueblo de La Alberca:<\/a><ul><li><a href=\"#h-la-plaza-mayor-de-la-alberca\" data-level=\"3\">La Plaza Mayor de La Alberca:<\/a><\/li><li><a href=\"#h-al-lado-de-la-plaza-se-ubica-la-iglesia-de-nuestra-se-ora-de-la-asunci-n\" data-level=\"3\">Al lado de la plaza se ubica la Iglesia de Nuestra Se\u00f1ora de la Asunci\u00f3n:<\/a><\/li><\/ul><\/li><li><a href=\"#h-qu-podemos-conocer-en-los-alrededores-del-pueblo-de-la-alberca\" data-level=\"2\">\u00bfQu\u00e9 podemos conocer en los alrededores del pueblo de La Alberca:<\/a><\/li><\/ul><\/div>\n\n\n\n<p>La Alberca es una localidad y municipio de Espa\u00f1a, <a href=\"https:\/\/tourtravelandmore.com\/es\/ciudad\/espana-es\/salamanca-es\/\"><strong>dentro de la provincia de Salamanca<\/strong><\/a>, la cual pertenece a la comunidad aut\u00f3noma de Castilla y Le\u00f3n, al norte de la pen\u00ednsula ib\u00e9rica. Adem\u00e1s, est\u00e1 integrada en la comarca Sierra de Francia. El municipio no solo abarca La Alberca, <strong>con un poco m\u00e1s de 1000 habitantes<\/strong>, sino tambi\u00e9n la zona de Las Batuecas y Prado de Carreras.&nbsp;<\/p>\n\n\n\n<p>Es el 1er pueblo que se declar\u00f3, en 1949, Monumento Hist\u00f3rico Art\u00edstico, ya que pareciera como si el tiempo se ha detenido en esta zona. Adem\u00e1s, su origen se remonta <strong>a la etapa de la prehistoria<\/strong>, dejando sus huellas en las pinturas rupestres de los valles que rodean tanto La Alberca como Las Batuecas. Se recomienda que cuando se le visite se tenga el tiempo suficiente para conocer todo lo que ofrece.<\/p>\n\n\n\n<p>Puede dejar su coche en la zona para aparcar, en toda la entrada del pueblo, y posteriormente comenzar a caminar por las calles de este hermoso pueblo hasta que llegue a la oficina de turismo, que se localiza en los alrededores de la Plaza Mayor. <strong>Ah\u00ed le pueden facilitar un mapa<\/strong> o ayudarle a organizar la ruta de su recorrido por el pueblo y sus alrededores.<\/p>\n\n\n\n<h2 class=\"wp-block-heading\" id=\"h-comenzando-el-recorrido-por-las-t-picas-calles-de-la-alberca\"><strong>Comenzando el recorrido por las t\u00edpicas calles de La Alberca:<\/strong><\/h2>\n\n\n\n<p>Mientras que comenzamos la caminata, lo primero que se observan son sus <strong>calles empedradas y adoquinadas <\/strong>con bloques de forma rectangular, adem\u00e1s de sus hermosas casas con entramados geom\u00e9tricos de madera y sus balcones repletos de flores de todos los colores; mostrando su arquitectura t\u00edpica y bien popular de la zona.&nbsp;<\/p>\n\n\n\n<p>Igualmente, vamos a ver dinteles robustos, los cuales est\u00e1n cincelados con la <strong>fecha de construcci\u00f3n de esas casas;<\/strong> o tambi\u00e9n el escudo y anagramas de tipo religiosos, muchos con antig\u00fcedad de hace varios siglos. Tambi\u00e9n los paseos nocturnos son muy agradables; ya que la iluminaci\u00f3n adecuada resalta m\u00e1s el paisaje.&nbsp;<\/p>\n\n\n\n<h2 class=\"wp-block-heading\" id=\"h-qu-podemos-conocer-en-el-centro-hist-rico-del-pueblo-de-la-alberca\"><strong>\u00bfQu\u00e9 podemos conocer en el centro hist\u00f3rico del pueblo de La Alberca:<\/strong><\/h2>\n\n\n\n<h3 class=\"wp-block-heading\" id=\"h-la-plaza-mayor-de-la-alberca\"><strong>La Plaza Mayor de La Alberca:<\/strong><\/h3>\n\n\n\n<p>Llegar a la Plaza Mayor de La Alberca es muy sencillo. Es el coraz\u00f3n del pueblo o zona <strong>donde se concentran varios lugares importantes<\/strong> a su alrededor. Por ejemplo, se localiza el Ayuntamiento, edificaci\u00f3n que en tiempos pasados funcionaba como una c\u00e1rcel. Igualmente, encontramos la Casa Ducal, una casa del siglo XV que perteneci\u00f3 a los Duques de Alba, y que en la actualidad funciona como el Teatro Municipal.<\/p>\n\n\n\n<p>Esta familia era una de las m\u00e1s poderosas de Europa en su \u00e9poca y adquirieron esta Casa de Alba gracias al rey Juan II, que la cedi\u00f3 a esta dinast\u00eda de la nobleza. Por eso su escudo es tan visible; dejando la huella de su paso por esta villa de Salamanca. <strong>La Plaza posee un crucero del siglo XVIII<\/strong>, con una base de granito donde se representa la Pasi\u00f3n de Cristo.<\/p>\n\n\n\n<figure class=\"wp-block-image\"><img decoding=\"async\" src=\"https:\/\/lh4.googleusercontent.com\/ed7A3jll7j2h__QS3mNENeCiM0EFIPczmQ13NmmdZpIkJIG6IPMSGtD7QIt4laT8iF2tUovbQUe4aOPtQ4d79aSvu9cHF7fe2_4t4ThnyaeWxujpFD4Dia3GTvOBgfQJjYtWa6TWSdfoGUloMg\" alt=\"\"\/><\/figure>\n\n\n\n<h3 class=\"wp-block-heading\" id=\"h-al-lado-de-la-plaza-se-ubica-la-iglesia-de-nuestra-se-ora-de-la-asunci-n\"><strong>Al lado de la plaza se ubica la Iglesia de Nuestra Se\u00f1ora de la Asunci\u00f3n<\/strong><strong>:<\/strong><\/h3>\n\n\n\n<p>Esta iglesia del siglo XVIII y estilo neocl\u00e1sico <strong>fue levantada sobre un templo anterior<\/strong>, por eso se pueden observar algunos detalles de tipo barroco. Externamente presenta cierta sobriedad, pero en su interior consta de 3 naves cubiertas con b\u00f3veda de arista, adem\u00e1s de una capilla hacia el lado lateral. Adem\u00e1s, encontramos un p\u00falpito del siglo m\u00e1s o menos XVI, elaborado en granito policromado.<\/p>\n\n\n\n<p><strong>Junto a esta Iglesia se localiza la Hornacina de las \u00c1nimas:<\/strong><\/p>\n\n\n\n<p>Hacia un lado de la capilla de la Virgen del Rosario, en la iglesia de la Asunci\u00f3n, se localiza un muro que internamente tiene el Osario, pero externamente se aprecia la famosa hornacina, 2 huecos y <strong>en cada uno se alberga 1 calavera<\/strong>; junto a una placa con la salmodia inscrita y un candil encendido.&nbsp;<\/p>\n\n\n\n<p>La finalidad es que un viernes de cada mes <strong>las mujeres realizan un recorrido orando<\/strong> por las almas de los muertos, y este lugar indica el final de ese recorrido. Tradici\u00f3n que se mantiene desde el siglo XVI. Adem\u00e1s, en noviembre, cuando se celebra el d\u00eda de los muertos, la famosa Moza de las \u00e1nimas alcanza su mayor protagonismo.<\/p>\n\n\n\n<h2 class=\"wp-block-heading\" id=\"h-qu-podemos-conocer-en-los-alrededores-del-pueblo-de-la-alberca\"><strong>\u00bfQu\u00e9 podemos conocer en los alrededores del pueblo de La Alberca:<\/strong><\/h2>\n\n\n\n<p>Adem\u00e1s de la Iglesia de la Asunci\u00f3n, la Alberca <strong>tiene otras ermitas peque\u00f1as<\/strong>, localizadas en las salidas de este pueblo. Tienen un gran valor tanto arquitect\u00f3nico como de tipo art\u00edstico. Por ejemplo, est\u00e1 la ermita de San Blas, reconstruida hacia el siglo XIX, exactamente en 1813, v\u00eda la carretera hacia Batuecas; y la de San Marcos, que, aunque solo se observan sus ruinas, est\u00e1 rodeada de belleza natural.&nbsp;<\/p>\n\n\n\n<p>Tambi\u00e9n, en las afueras de la Alberca, se localiza la ermita de <strong>Nuestra Se\u00f1ora de Majadas Viejas,<\/strong> que se caracteriza por la imagen de la virgen de la \u00e9poca medieval. Se ha demostrado que antes de la llegada de los romanos ya hab\u00eda una poblaci\u00f3n de la \u00e9poca de los visigodos, y los materiales de sus construcciones fueron reutilizados para el levantamiento de esta ermita.<\/p>\n\n\n\n<p><strong>A nivel de la Sierra de Francia<\/strong> se localiza, a 1723 m de altura, el Santuario de la Virgen de la Pe\u00f1a, con una ubicaci\u00f3n que favorece las vistas panor\u00e1micas de la Sierra de B\u00e9jar y de todos los pueblos que la componen. Es una expedici\u00f3n interesante para realizar, a pesar de su carretera sinuosa. Aparte de este santuario tambi\u00e9n se ubican 3 miradores. Tales como el Mirador del Balc\u00f3n del Fraile, el de Santo Domingo y el del Balc\u00f3n de Santiago.<\/p>\n\n\n\n<p>Igualmente, esta Sierra es famosa por leyendas y momentos de la historia que se han transmitido a trav\u00e9s de las generaciones; incluyendo murallas, fortalezas y <strong>explotaciones<\/strong> <strong>de las minas romanas,<\/strong> como por ejemplo en Las M\u00e9dulas; cubiertas hoy d\u00eda por la vegetaci\u00f3n.&nbsp;<\/p>\n\n\n\n<p>Esta Sierra tambi\u00e9n alberga <strong>el Valle de las Batuecas<\/strong>, declarado en el 2000 Bien de Inter\u00e9s Cultural. Entonces, se puede hacer senderismo caminando por este valle y ah\u00ed vamos a encontrar la Cascada del Chorro, a la cual te puedes acercar para ver pinturas rupestres del neol\u00edtico, tales como el Canchal de las Cabras Pintadas y el del Zarzal\u00f3n.<\/p>\n\n\n\n<figure class=\"wp-block-image\"><img decoding=\"async\" src=\"https:\/\/lh5.googleusercontent.com\/R9AcWPqSRMkq41YczYwNyEXzFZtnhuFuYgwzJ5tq7ph6NzxpFZw7a5oPSxV-JNMM-D47M9q4SGBPpSIAi-3G8neJkx95VFm51oIbTuhneZJ-Bl7I0zzTZaeu03932NIBJ8GlENSfb5M_QP5stA\" alt=\"\"\/><\/figure>\n\n\n\n<p>Esta ruta comienza, por supuesto,<strong> en la caseta del Parque Nacional<\/strong> de Caba\u00f1eros de las Becerras, con buenas indicaciones del recorrido a realizar, hasta llegar a la Cascada del Chorro.&nbsp;<\/p>\n","protected":false},"excerpt":{"rendered":"<p>El pueblo de La Alberca se localiza dentro de la provincia de Salamanca. Con una poblaci\u00f3n de un poco m\u00e1s de 1000 habitantes, su arquitectura parece casi intacta, como si no hubiese pasado el tiempo. Declarado Monumento Hist\u00f3rico Art\u00edstico en 1949. <\/p>\n","protected":false},"author":2,"featured_media":127017,"comment_status":"open","ping_status":"open","sticky":false,"template":"","format":"standard","meta":{"_acf_changed":false,"footnotes":""},"categories":[4121,2294,2349,2903,4135,3909],"tags":[],"class_list":["post-127018","post","type-post","status-publish","format-standard","has-post-thumbnail","hentry","category-bruselas","category-espana-2","category-europa","category-europe-es","category-salamanca-espana-2","category-spain-es"],"acf":[],"yoast_head":"<!-- This site is optimized with the Yoast SEO Premium plugin v25.3.1 (Yoast SEO v25.3.1) - https:\/\/yoast.com\/wordpress\/plugins\/seo\/ -->\n<title>La Alberca, el pueblo m\u00e1s bonito de Salamanca - Tourtravel &amp;more<\/title>\n<meta name=\"description\" content=\"\u2713 La Pen\u00ednsula ib\u00e9rica posee pueblos muy hermosos, y La Alberca es uno de ellos. \u00a1\u00a1\u00a1T\u00f3mate unas merecidas vacaciones de fin de semana y ven a visitarlo!!! \u2713\" \/>\n<meta name=\"robots\" content=\"index, follow, max-snippet:-1, max-image-preview:large, max-video-preview:-1\" \/>\n<link rel=\"canonical\" href=\"https:\/\/tourtravelandmore.com\/es\/la-alberca-el-pueblo-mas-bonito-de-salamanca\/\" \/>\n<meta property=\"og:locale\" content=\"es_ES\" \/>\n<meta property=\"og:type\" content=\"article\" \/>\n<meta property=\"og:title\" content=\"La Alberca, el pueblo m\u00e1s bonito de Salamanca\" \/>\n<meta property=\"og:description\" content=\"\u2713 La Pen\u00ednsula ib\u00e9rica posee pueblos muy hermosos, y La Alberca es uno de ellos. \u00a1\u00a1\u00a1T\u00f3mate unas merecidas vacaciones de fin de semana y ven a visitarlo!!! \u2713\" \/>\n<meta property=\"og:url\" content=\"https:\/\/tourtravelandmore.com\/es\/la-alberca-el-pueblo-mas-bonito-de-salamanca\/\" \/>\n<meta property=\"og:site_name\" content=\"Tour Travel And More\" \/>\n<meta property=\"article:publisher\" content=\"https:\/\/www.facebook.com\/tourtravelandmore\/\" \/>\n<meta property=\"article:published_time\" content=\"2022-05-27T07:24:15+00:00\" \/>\n<meta property=\"article:modified_time\" content=\"2025-05-16T14:05:40+00:00\" \/>\n<meta property=\"og:image\" content=\"https:\/\/tourtravelandmore.com\/wp-content\/uploads\/2022\/05\/image-12-1024x684.png\" \/>\n\t<meta property=\"og:image:width\" content=\"1024\" \/>\n\t<meta property=\"og:image:height\" content=\"684\" \/>\n\t<meta property=\"og:image:type\" content=\"image\/png\" \/>\n<meta name=\"author\" content=\"Maya Nader Harati\" \/>\n<meta name=\"twitter:card\" content=\"summary_large_image\" \/>\n<meta name=\"twitter:creator\" content=\"@TourTravel_More\" \/>\n<meta name=\"twitter:site\" content=\"@TourTravel_More\" \/>\n<meta name=\"twitter:label1\" content=\"Escrito por\" \/>\n\t<meta name=\"twitter:data1\" content=\"Maya Nader Harati\" \/>\n\t<meta name=\"twitter:label2\" content=\"Tiempo de lectura\" \/>\n\t<meta name=\"twitter:data2\" content=\"6 minutos\" \/>\n<script type=\"application\/ld+json\" class=\"yoast-schema-graph\">{\"@context\":\"https:\/\/schema.org\",\"@graph\":[{\"@type\":\"Article\",\"@id\":\"https:\/\/tourtravelandmore.com\/es\/la-alberca-el-pueblo-mas-bonito-de-salamanca\/#article\",\"isPartOf\":{\"@id\":\"https:\/\/tourtravelandmore.com\/es\/la-alberca-el-pueblo-mas-bonito-de-salamanca\/\"},\"author\":{\"name\":\"Maya Nader Harati\",\"@id\":\"https:\/\/tourtravelandmore.com\/es\/#\/schema\/person\/2a1c66d76ae9290a394e8efb4af12e1e\"},\"headline\":\"La Alberca, el pueblo m\u00e1s bonito de Salamanca\",\"datePublished\":\"2022-05-27T07:24:15+00:00\",\"dateModified\":\"2025-05-16T14:05:40+00:00\",\"mainEntityOfPage\":{\"@id\":\"https:\/\/tourtravelandmore.com\/es\/la-alberca-el-pueblo-mas-bonito-de-salamanca\/\"},\"wordCount\":1169,\"commentCount\":0,\"publisher\":{\"@id\":\"https:\/\/tourtravelandmore.com\/es\/#organization\"},\"image\":{\"@id\":\"https:\/\/tourtravelandmore.com\/es\/la-alberca-el-pueblo-mas-bonito-de-salamanca\/#primaryimage\"},\"thumbnailUrl\":\"https:\/\/tourtravelandmore.com\/wp-content\/uploads\/2022\/05\/image-12.png\",\"articleSection\":[\"Bruselas\",\"Espa\u00f1a\",\"Europa\",\"Europe\",\"Salamanca\",\"Spain\"],\"inLanguage\":\"es\",\"potentialAction\":[{\"@type\":\"CommentAction\",\"name\":\"Comment\",\"target\":[\"https:\/\/tourtravelandmore.com\/es\/la-alberca-el-pueblo-mas-bonito-de-salamanca\/#respond\"]}],\"accessibilityFeature\":[\"tableOfContents\"]},{\"@type\":\"WebPage\",\"@id\":\"https:\/\/tourtravelandmore.com\/es\/la-alberca-el-pueblo-mas-bonito-de-salamanca\/\",\"url\":\"https:\/\/tourtravelandmore.com\/es\/la-alberca-el-pueblo-mas-bonito-de-salamanca\/\",\"name\":\"La Alberca, el pueblo m\u00e1s bonito de Salamanca - Tourtravel &more\",\"isPartOf\":{\"@id\":\"https:\/\/tourtravelandmore.com\/es\/#website\"},\"primaryImageOfPage\":{\"@id\":\"https:\/\/tourtravelandmore.com\/es\/la-alberca-el-pueblo-mas-bonito-de-salamanca\/#primaryimage\"},\"image\":{\"@id\":\"https:\/\/tourtravelandmore.com\/es\/la-alberca-el-pueblo-mas-bonito-de-salamanca\/#primaryimage\"},\"thumbnailUrl\":\"https:\/\/tourtravelandmore.com\/wp-content\/uploads\/2022\/05\/image-12.png\",\"datePublished\":\"2022-05-27T07:24:15+00:00\",\"dateModified\":\"2025-05-16T14:05:40+00:00\",\"description\":\"\u2713 La Pen\u00ednsula ib\u00e9rica posee pueblos muy hermosos, y La Alberca es uno de ellos. \u00a1\u00a1\u00a1T\u00f3mate unas merecidas vacaciones de fin de semana y ven a visitarlo!!! \u2713\",\"breadcrumb\":{\"@id\":\"https:\/\/tourtravelandmore.com\/es\/la-alberca-el-pueblo-mas-bonito-de-salamanca\/#breadcrumb\"},\"inLanguage\":\"es\",\"potentialAction\":[{\"@type\":\"ReadAction\",\"target\":[\"https:\/\/tourtravelandmore.com\/es\/la-alberca-el-pueblo-mas-bonito-de-salamanca\/\"]}]},{\"@type\":\"ImageObject\",\"inLanguage\":\"es\",\"@id\":\"https:\/\/tourtravelandmore.com\/es\/la-alberca-el-pueblo-mas-bonito-de-salamanca\/#primaryimage\",\"url\":\"https:\/\/tourtravelandmore.com\/wp-content\/uploads\/2022\/05\/image-12.png\",\"contentUrl\":\"https:\/\/tourtravelandmore.com\/wp-content\/uploads\/2022\/05\/image-12.png\",\"width\":1280,\"height\":855},{\"@type\":\"BreadcrumbList\",\"@id\":\"https:\/\/tourtravelandmore.com\/es\/la-alberca-el-pueblo-mas-bonito-de-salamanca\/#breadcrumb\",\"itemListElement\":[{\"@type\":\"ListItem\",\"position\":1,\"name\":\"Home\",\"item\":\"https:\/\/tourtravelandmore.com\/es\/\"},{\"@type\":\"ListItem\",\"position\":2,\"name\":\"La Alberca, el pueblo m\u00e1s bonito de Salamanca\"}]},{\"@type\":\"WebSite\",\"@id\":\"https:\/\/tourtravelandmore.com\/es\/#website\",\"url\":\"https:\/\/tourtravelandmore.com\/es\/\",\"name\":\"Tour Travel And More\",\"description\":\"Private sightseeing tours and luxury transfers in Spain\",\"publisher\":{\"@id\":\"https:\/\/tourtravelandmore.com\/es\/#organization\"},\"potentialAction\":[{\"@type\":\"SearchAction\",\"target\":{\"@type\":\"EntryPoint\",\"urlTemplate\":\"https:\/\/tourtravelandmore.com\/es\/?s={search_term_string}\"},\"query-input\":{\"@type\":\"PropertyValueSpecification\",\"valueRequired\":true,\"valueName\":\"search_term_string\"}}],\"inLanguage\":\"es\"},{\"@type\":\"Organization\",\"@id\":\"https:\/\/tourtravelandmore.com\/es\/#organization\",\"name\":\"Tour Travel And More\",\"url\":\"https:\/\/tourtravelandmore.com\/es\/\",\"logo\":{\"@type\":\"ImageObject\",\"inLanguage\":\"es\",\"@id\":\"https:\/\/tourtravelandmore.com\/es\/#\/schema\/logo\/image\/\",\"url\":\"https:\/\/tourtravelandmore.com\/wp-content\/uploads\/2022\/12\/cropped-logo-cabecera-new.png\",\"contentUrl\":\"https:\/\/tourtravelandmore.com\/wp-content\/uploads\/2022\/12\/cropped-logo-cabecera-new.png\",\"width\":430,\"height\":61,\"caption\":\"Tour Travel And More\"},\"image\":{\"@id\":\"https:\/\/tourtravelandmore.com\/es\/#\/schema\/logo\/image\/\"},\"sameAs\":[\"https:\/\/www.facebook.com\/tourtravelandmore\/\",\"https:\/\/x.com\/TourTravel_More\"]},{\"@type\":\"Person\",\"@id\":\"https:\/\/tourtravelandmore.com\/es\/#\/schema\/person\/2a1c66d76ae9290a394e8efb4af12e1e\",\"name\":\"Maya Nader Harati\",\"image\":{\"@type\":\"ImageObject\",\"inLanguage\":\"es\",\"@id\":\"https:\/\/tourtravelandmore.com\/es\/#\/schema\/person\/image\/\",\"url\":\"https:\/\/secure.gravatar.com\/avatar\/adc2305883b6f86a616354c0c4516fcd9a333d5f5a0806d9d1ae9b30f898fa1f?s=96&d=mm&r=g\",\"contentUrl\":\"https:\/\/secure.gravatar.com\/avatar\/adc2305883b6f86a616354c0c4516fcd9a333d5f5a0806d9d1ae9b30f898fa1f?s=96&d=mm&r=g\",\"caption\":\"Maya Nader Harati\"},\"description\":\"Cultural Destination Specialist & Travel Chronicler. Maya doesn\u2019t just travel the world; she translates it.\",\"sameAs\":[\"https:\/\/tourtravelandmore.com\/author-profile-maya-nader-harati\/\"]}]}<\/script>\n<!-- \/ Yoast SEO Premium plugin. -->","yoast_head_json":{"title":"La Alberca, el pueblo m\u00e1s bonito de Salamanca - Tourtravel &more","description":"\u2713 La Pen\u00ednsula ib\u00e9rica posee pueblos muy hermosos, y La Alberca es uno de ellos. \u00a1\u00a1\u00a1T\u00f3mate unas merecidas vacaciones de fin de semana y ven a visitarlo!!! \u2713","robots":{"index":"index","follow":"follow","max-snippet":"max-snippet:-1","max-image-preview":"max-image-preview:large","max-video-preview":"max-video-preview:-1"},"canonical":"https:\/\/tourtravelandmore.com\/es\/la-alberca-el-pueblo-mas-bonito-de-salamanca\/","og_locale":"es_ES","og_type":"article","og_title":"La Alberca, el pueblo m\u00e1s bonito de Salamanca","og_description":"\u2713 La Pen\u00ednsula ib\u00e9rica posee pueblos muy hermosos, y La Alberca es uno de ellos. \u00a1\u00a1\u00a1T\u00f3mate unas merecidas vacaciones de fin de semana y ven a visitarlo!!! \u2713","og_url":"https:\/\/tourtravelandmore.com\/es\/la-alberca-el-pueblo-mas-bonito-de-salamanca\/","og_site_name":"Tour Travel And More","article_publisher":"https:\/\/www.facebook.com\/tourtravelandmore\/","article_published_time":"2022-05-27T07:24:15+00:00","article_modified_time":"2025-05-16T14:05:40+00:00","og_image":[{"width":1024,"height":684,"url":"https:\/\/tourtravelandmore.com\/wp-content\/uploads\/2022\/05\/image-12-1024x684.png","type":"image\/png"}],"author":"Maya Nader Harati","twitter_card":"summary_large_image","twitter_creator":"@TourTravel_More","twitter_site":"@TourTravel_More","twitter_misc":{"Escrito por":"Maya Nader Harati","Tiempo de lectura":"6 minutos"},"schema":{"@context":"https:\/\/schema.org","@graph":[{"@type":"Article","@id":"https:\/\/tourtravelandmore.com\/es\/la-alberca-el-pueblo-mas-bonito-de-salamanca\/#article","isPartOf":{"@id":"https:\/\/tourtravelandmore.com\/es\/la-alberca-el-pueblo-mas-bonito-de-salamanca\/"},"author":{"name":"Maya Nader Harati","@id":"https:\/\/tourtravelandmore.com\/es\/#\/schema\/person\/2a1c66d76ae9290a394e8efb4af12e1e"},"headline":"La Alberca, el pueblo m\u00e1s bonito de Salamanca","datePublished":"2022-05-27T07:24:15+00:00","dateModified":"2025-05-16T14:05:40+00:00","mainEntityOfPage":{"@id":"https:\/\/tourtravelandmore.com\/es\/la-alberca-el-pueblo-mas-bonito-de-salamanca\/"},"wordCount":1169,"commentCount":0,"publisher":{"@id":"https:\/\/tourtravelandmore.com\/es\/#organization"},"image":{"@id":"https:\/\/tourtravelandmore.com\/es\/la-alberca-el-pueblo-mas-bonito-de-salamanca\/#primaryimage"},"thumbnailUrl":"https:\/\/tourtravelandmore.com\/wp-content\/uploads\/2022\/05\/image-12.png","articleSection":["Bruselas","Espa\u00f1a","Europa","Europe","Salamanca","Spain"],"inLanguage":"es","potentialAction":[{"@type":"CommentAction","name":"Comment","target":["https:\/\/tourtravelandmore.com\/es\/la-alberca-el-pueblo-mas-bonito-de-salamanca\/#respond"]}],"accessibilityFeature":["tableOfContents"]},{"@type":"WebPage","@id":"https:\/\/tourtravelandmore.com\/es\/la-alberca-el-pueblo-mas-bonito-de-salamanca\/","url":"https:\/\/tourtravelandmore.com\/es\/la-alberca-el-pueblo-mas-bonito-de-salamanca\/","name":"La Alberca, el pueblo m\u00e1s bonito de Salamanca - Tourtravel &more","isPartOf":{"@id":"https:\/\/tourtravelandmore.com\/es\/#website"},"primaryImageOfPage":{"@id":"https:\/\/tourtravelandmore.com\/es\/la-alberca-el-pueblo-mas-bonito-de-salamanca\/#primaryimage"},"image":{"@id":"https:\/\/tourtravelandmore.com\/es\/la-alberca-el-pueblo-mas-bonito-de-salamanca\/#primaryimage"},"thumbnailUrl":"https:\/\/tourtravelandmore.com\/wp-content\/uploads\/2022\/05\/image-12.png","datePublished":"2022-05-27T07:24:15+00:00","dateModified":"2025-05-16T14:05:40+00:00","description":"\u2713 La Pen\u00ednsula ib\u00e9rica posee pueblos muy hermosos, y La Alberca es uno de ellos. \u00a1\u00a1\u00a1T\u00f3mate unas merecidas vacaciones de fin de semana y ven a visitarlo!!! \u2713","breadcrumb":{"@id":"https:\/\/tourtravelandmore.com\/es\/la-alberca-el-pueblo-mas-bonito-de-salamanca\/#breadcrumb"},"inLanguage":"es","potentialAction":[{"@type":"ReadAction","target":["https:\/\/tourtravelandmore.com\/es\/la-alberca-el-pueblo-mas-bonito-de-salamanca\/"]}]},{"@type":"ImageObject","inLanguage":"es","@id":"https:\/\/tourtravelandmore.com\/es\/la-alberca-el-pueblo-mas-bonito-de-salamanca\/#primaryimage","url":"https:\/\/tourtravelandmore.com\/wp-content\/uploads\/2022\/05\/image-12.png","contentUrl":"https:\/\/tourtravelandmore.com\/wp-content\/uploads\/2022\/05\/image-12.png","width":1280,"height":855},{"@type":"BreadcrumbList","@id":"https:\/\/tourtravelandmore.com\/es\/la-alberca-el-pueblo-mas-bonito-de-salamanca\/#breadcrumb","itemListElement":[{"@type":"ListItem","position":1,"name":"Home","item":"https:\/\/tourtravelandmore.com\/es\/"},{"@type":"ListItem","position":2,"name":"La Alberca, el pueblo m\u00e1s bonito de Salamanca"}]},{"@type":"WebSite","@id":"https:\/\/tourtravelandmore.com\/es\/#website","url":"https:\/\/tourtravelandmore.com\/es\/","name":"Tour Travel And More","description":"Private sightseeing tours and luxury transfers in Spain","publisher":{"@id":"https:\/\/tourtravelandmore.com\/es\/#organization"},"potentialAction":[{"@type":"SearchAction","target":{"@type":"EntryPoint","urlTemplate":"https:\/\/tourtravelandmore.com\/es\/?s={search_term_string}"},"query-input":{"@type":"PropertyValueSpecification","valueRequired":true,"valueName":"search_term_string"}}],"inLanguage":"es"},{"@type":"Organization","@id":"https:\/\/tourtravelandmore.com\/es\/#organization","name":"Tour Travel And More","url":"https:\/\/tourtravelandmore.com\/es\/","logo":{"@type":"ImageObject","inLanguage":"es","@id":"https:\/\/tourtravelandmore.com\/es\/#\/schema\/logo\/image\/","url":"https:\/\/tourtravelandmore.com\/wp-content\/uploads\/2022\/12\/cropped-logo-cabecera-new.png","contentUrl":"https:\/\/tourtravelandmore.com\/wp-content\/uploads\/2022\/12\/cropped-logo-cabecera-new.png","width":430,"height":61,"caption":"Tour Travel And More"},"image":{"@id":"https:\/\/tourtravelandmore.com\/es\/#\/schema\/logo\/image\/"},"sameAs":["https:\/\/www.facebook.com\/tourtravelandmore\/","https:\/\/x.com\/TourTravel_More"]},{"@type":"Person","@id":"https:\/\/tourtravelandmore.com\/es\/#\/schema\/person\/2a1c66d76ae9290a394e8efb4af12e1e","name":"Maya Nader Harati","image":{"@type":"ImageObject","inLanguage":"es","@id":"https:\/\/tourtravelandmore.com\/es\/#\/schema\/person\/image\/","url":"https:\/\/secure.gravatar.com\/avatar\/adc2305883b6f86a616354c0c4516fcd9a333d5f5a0806d9d1ae9b30f898fa1f?s=96&d=mm&r=g","contentUrl":"https:\/\/secure.gravatar.com\/avatar\/adc2305883b6f86a616354c0c4516fcd9a333d5f5a0806d9d1ae9b30f898fa1f?s=96&d=mm&r=g","caption":"Maya Nader Harati"},"description":"Cultural Destination Specialist & Travel Chronicler. Maya doesn\u2019t just travel the world; she translates it.","sameAs":["https:\/\/tourtravelandmore.com\/author-profile-maya-nader-harati\/"]}]}},"_links":{"self":[{"href":"https:\/\/tourtravelandmore.com\/es\/wp-json\/wp\/v2\/posts\/127018","targetHints":{"allow":["GET"]}}],"collection":[{"href":"https:\/\/tourtravelandmore.com\/es\/wp-json\/wp\/v2\/posts"}],"about":[{"href":"https:\/\/tourtravelandmore.com\/es\/wp-json\/wp\/v2\/types\/post"}],"author":[{"embeddable":true,"href":"https:\/\/tourtravelandmore.com\/es\/wp-json\/wp\/v2\/users\/2"}],"replies":[{"embeddable":true,"href":"https:\/\/tourtravelandmore.com\/es\/wp-json\/wp\/v2\/comments?post=127018"}],"version-history":[{"count":1,"href":"https:\/\/tourtravelandmore.com\/es\/wp-json\/wp\/v2\/posts\/127018\/revisions"}],"predecessor-version":[{"id":183852,"href":"https:\/\/tourtravelandmore.com\/es\/wp-json\/wp\/v2\/posts\/127018\/revisions\/183852"}],"wp:featuredmedia":[{"embeddable":true,"href":"https:\/\/tourtravelandmore.com\/es\/wp-json\/wp\/v2\/media\/127017"}],"wp:attachment":[{"href":"https:\/\/tourtravelandmore.com\/es\/wp-json\/wp\/v2\/media?parent=127018"}],"wp:term":[{"taxonomy":"category","embeddable":true,"href":"https:\/\/tourtravelandmore.com\/es\/wp-json\/wp\/v2\/categories?post=127018"},{"taxonomy":"post_tag","embeddable":true,"href":"https:\/\/tourtravelandmore.com\/es\/wp-json\/wp\/v2\/tags?post=127018"}],"curies":[{"name":"wp","href":"https:\/\/api.w.org\/{rel}","templated":true}]}}