{"id":124239,"date":"2022-04-22T10:42:14","date_gmt":"2022-04-22T08:42:14","guid":{"rendered":"https:\/\/tourtravelandmore.com\/?p=124239"},"modified":"2025-05-16T16:13:45","modified_gmt":"2025-05-16T14:13:45","slug":"ruta-de-gaudi-por-espana","status":"publish","type":"post","link":"https:\/\/tourtravelandmore.com\/es\/ruta-de-gaudi-por-espana\/","title":{"rendered":"<strong>Ruta de Gaud\u00ed por Espa\u00f1a<\/strong>"},"content":{"rendered":"\n<div class=\"wp-block-yoast-seo-table-of-contents yoast-table-of-contents\"><h2>Tabla de contenidos<\/h2><ul><li><a href=\"#h-un-poco-de-historia-sobre-antonio-gaud\" data-level=\"2\">Un poco de historia sobre Antonio Gaud\u00ed<\/a><\/li><li><a href=\"#h-el-primer-encargo-de-gaud-la-casa-vicens\" data-level=\"2\">El Primer encargo de Gaud\u00ed: La Casa Vicens<\/a><\/li><li><a href=\"#h-algunas-de-las-obras-de-gaud-dentro-de-barcelona-capital-de-catalu-a\" data-level=\"2\">Algunas de las obras de Gaud\u00ed dentro de Barcelona, capital de Catalu\u00f1a<\/a><\/li><li><a href=\"#h-algunas-de-las-obras-de-gaud-fuera-de-barcelona\" data-level=\"2\">Algunas de las obras de Gaud\u00ed fuera de Barcelona<\/a><\/li><\/ul><\/div>\n\n\n\n<p>Catalu\u00f1a es una de las comunidades aut\u00f3nomas de la pen\u00ednsula ib\u00e9rica, localizada hacia el noreste de Espa\u00f1a. Adem\u00e1s, <strong>se encuentra conformada por las provincias de<\/strong> Gerona, Tarragona, L\u00e9rida y Barcelona, siendo esta \u00faltima tambi\u00e9n su capital. <a href=\"https:\/\/tourtravelandmore.com\/es\/ciudad\/espana-es\/barcelona-es\/\"><strong>Barcelona siempre quiso estar a la cabeza del modernismo<\/strong><\/a>, y este desarrollo tambi\u00e9n salpic\u00f3 a otros puntos de esta provincia, como son Matar\u00f3 y Vic.&nbsp;<\/p>\n\n\n\n<p>Todo gracias al arquitecto Gaud\u00ed, el cual ha dejado un <strong>legado del modernismo, un patrimonio <\/strong>entre los siglos XIX y el XX en Barcelona y en otros lugares de Espa\u00f1a. Entre ellos en Cantabria, en la Provincia de Le\u00f3n y Palma de Mallorca. La genialidad de este arquitecto ha quedado plasmada en 12 obras espectaculares en Barcelona capital.&nbsp;<\/p>\n\n\n\n<p>Realmente vale la pena visitarlas todas, pero en este art\u00edculo solo <strong>vamos a describir algunas de ellas;<\/strong> sobre todo porque han tenido mucha relevancia en el p\u00fablico que las visita y en la calidad de sus buenos comentarios.<\/p>\n\n\n\n<h2 class=\"wp-block-heading\" id=\"h-un-poco-de-historia-sobre-antonio-gaud\"><strong>Un poco de historia sobre Antonio Gaud\u00ed<\/strong><\/h2>\n\n\n\n<p>Anton\u00ed Gaud\u00ed nace en Barcelona en 1852 y muere en 1926. Estudi\u00f3 arquitectura en 2 escuelas y se grad\u00faa en 1878 en la Escuela T\u00e9cnica Superior de Arquitectura de Barcelona. A partir de este momento <strong>se encarga de varios trabajos<\/strong>, tales como las farolas de la plaza real, as\u00ed como de los quioscos Girossi, el mobiliario para la capilla pante\u00f3n del palacio de Sobrellano, la vitrina para la Guanter\u00eda Esteban Comella, entre otros.<\/p>\n\n\n\n<p>Para 1879 y 1882 se encarga del mobiliario de la Farmacia Gilbert, posteriormente de las obras de la Congregaci\u00f3n de Jes\u00fas-Mar\u00eda tanto de Barcelona como de Tarragona. Seguidamente toma el 1er trabajo de construcci\u00f3n de una vivienda, la<strong> Casa Vicens en 1883, junto a la obra del Templo de la Sagrada Familia<\/strong>, que hab\u00eda sido iniciada en 1882 con el proyecto de Lozano y Francisco de Paula.&nbsp;<\/p>\n\n\n\n<p>A partir de este momento emple\u00f3 el resto de su vida en continuar este proyecto, siendo su obra magna y un resumen de todo lo aprendido. En este mismo tiempo tambi\u00e9n tom\u00f3 otros proyectos, como una villa anexa al palacio de Sobrellano en <strong>C\u00e1ntabra llamada El Capricho, entre 1883 y 1885;<\/strong> con el estilo parecido al de la Casa de Vicens, por lo del revestimiento cer\u00e1mico.<\/p>\n\n\n\n<p>Igualmente, su amigo Eusebi G\u00fcel le pidi\u00f3 la construcci\u00f3n de los <strong>Pabellones G\u00fcel entre 1884 y 1887. <\/strong>Gaud\u00ed en esa etapa de su carrera se caracterizaba porque las l\u00edneas rectas dominaban sobre las curvas, con influencias orientales, b\u00e1sicamente mud\u00e9jar bizantino y persa. Hab\u00eda aprendido este arte de las obras de Jones Owen.<\/p>\n\n\n\n<h2 class=\"wp-block-heading\" id=\"h-el-primer-encargo-de-gaud-la-casa-vicens\"><strong>El Primer encargo de Gaud\u00ed: La Casa Vicens<\/strong><\/h2>\n\n\n\n<p>El catal\u00e1n Manuel Vicens en 1883 encarga al joven Antonio Gaud\u00ed para la <strong>construcci\u00f3n de su residencia familiar de verano.<\/strong> De esta manera, esta edificaci\u00f3n de 4 pisos comienza a darle la forma en Barcelona a la arquitectura del modernismo, plasmadas tanto en el exterior como en el interior de la misma. Su inauguraci\u00f3n se realiz\u00f3 5 a\u00f1os despu\u00e9s.<\/p>\n\n\n\n<p>Su inspiraci\u00f3n y estilo que utiliz\u00f3 para la <strong>construcci\u00f3n de la casa fue el neomud\u00e9jar<\/strong>. Su principal fachada se encuentra recubierta por la cer\u00e1mica de color verde y blanco en combinaci\u00f3n con el material de ladrillo y el hierro; obteniendo as\u00ed incre\u00edbles resultados que marcaron su carrera.<\/p>\n\n\n\n<p>Posee tambi\u00e9n un jard\u00edn con cascada, adem\u00e1s de las originales chimeneas y torres que traen <strong>el recuerdo de la arquitectura Alhambra<\/strong>. Igualmente, en esta parte superior se observa un mirador. En el interior de la casa se destacan los techos de madera policromada, al estilo \u00e1rabe. En el 2005 la casa fue declarada Patrimonio de la Humanidad.<\/p>\n\n\n\n<h2 class=\"wp-block-heading\" id=\"h-algunas-de-las-obras-de-gaud-dentro-de-barcelona-capital-de-catalu-a\"><strong>Algunas de las obras de Gaud\u00ed dentro de Barcelona, capital de Catalu\u00f1a<\/strong><\/h2>\n\n\n\n<ul class=\"wp-block-list\"><li><strong>La Bas\u00edlica de la Sagrada Familia:<\/strong> su elaboraci\u00f3n comienza en 1882 pero qued\u00f3 inconclusa cuando muere el arquitecto Gaud\u00ed en 1926. <strong>Estamos hablando de una catedral de estilo g\u00f3tico. <\/strong>En el 2021, el 8 del mes de diciembre, se le ha agregado la Estrella de Mar\u00eda; pero todav\u00eda falta terminar toda la propuesta original.&nbsp;<\/li><\/ul>\n\n\n\n<p>Algunos de los <strong>puntos que nadie puede pasar por alto<\/strong> est\u00e1n en la fachada del Nacimiento, la de la Pasi\u00f3n y de la Gloria; adem\u00e1s, en la parte frontal de la fachada se localizan los portales de la Fe, la Caridad y de la Esperanza. Otras de las fachadas son la cripta, el \u00e1bside, las torres, entre otros.<\/p>\n\n\n\n<ul class=\"wp-block-list\"><li><strong>El incre\u00edble Parque G\u00fcell, en Barcelona<\/strong><strong>:<\/strong> estamos hablando de un poco m\u00e1s de 17 hect\u00e1reas, una superficie que alberga un espacio verde con gran diversidad de especies, <strong>construido entre 1900 y 1914<\/strong>, a nivel de la ladera sur del monte Carmelo; junto a la Sierra de Collserola. Fue Eusebi G\u00fcell, empresario y amigo de Gaud\u00ed, qui\u00e9n lo contrat\u00f3 para la construcci\u00f3n de dicho parque.<\/li><\/ul>\n\n\n\n<p>Es un escenario en donde se mezclan los<strong> jardines con diferentes formas de arquitectura sobredimensionadas,<\/strong> espectaculares colores y en donde ambas se fusionan, mostrando la etapa naturalista del arquitecto. El parque fue abierto al p\u00fablico en 1926 para el disfrute de todos.<\/p>\n\n\n\n<ul class=\"wp-block-list\"><li><strong>Las Residencias Batll\u00f3 y Mil\u00e1<\/strong><strong>:<\/strong> en las Casas Batll\u00f6 se destacan sus balcones y ventanas con formas diferentes y muy llamativas. Construidas entre 1904 y 1906, en donde se observan la <strong>ausencia de l\u00edneas rectas, con muros ondulados<\/strong>, adem\u00e1s de m\u00e1scaras de estilo veneciano, muchos azulejos y formas bien peculiares.<\/li><\/ul>\n\n\n\n<figure class=\"wp-block-image\"><img decoding=\"async\" src=\"https:\/\/lh3.googleusercontent.com\/rVajXLuylLlgsw5TuYHNIVYGfy8GNh2V9LQDD6QdxKRSc3a-TZYhs1XRC2NEJ5mfCJixn8nV2wOkqLaY50mGK2hs5qJc7q_ZTFBLaBIrNocYWMoIRRKbEbjyigAEEWDV5uEzW4Va\" alt=\"\"\/><\/figure>\n\n\n\n<p>La Casa Mil\u00e1, con una fachada diferente y porosa, adem\u00e1s del aspecto <strong>parecido a un panal de abejas;<\/strong> llamada tambi\u00e9n La Pedrera. Nombre que fue impuesto en la \u00e9poca por su controvertida forma, no entendida para el momento. Tambi\u00e9n se destaca por las chimeneas de la azotea.&nbsp;<\/p>\n\n\n\n<ul class=\"wp-block-list\"><li><strong>Algunas huellas dejadas en el Municipio de Matar\u00f3 y en el de VIC: <\/strong>en el municipio de Matar\u00f3 de la provincia de Barcelona, Gaud\u00ed tambi\u00e9n dej\u00f3 a su paso la <strong>famosa Cooperativa Obrera Mataronenca<\/strong>.<\/li><\/ul>\n\n\n\n<p>Una especie de f\u00e1brica en la que al d\u00eda de hoy solo quedan los sanitarios, la sala de blanqueo con sus t\u00edpicos arcos catenarios realizados en madera y un trozo del palo, donde se sujetaba la bandera. Igualmente, Gaud\u00ed tambi\u00e9n realiz\u00f3 <strong>los dibujos del Casino, de los edificios y la urbanizaci\u00f3n de los obreros.<\/strong>&nbsp;<\/p>\n\n\n\n<p>En el municipio de VIC, el cual solo queda a unos 70 Km de la ciudad de Barcelona, Gaud\u00ed tambi\u00e9n realiza un peque\u00f1o <strong>proyecto sobre unas farolas,<\/strong> para conmemorar el centenario del nacimiento del fil\u00f3sofo Balmes.&nbsp;<\/p>\n\n\n\n<p>Pero su estad\u00eda en VIC fue muy corta, solo de 3 semanas, para tomar un descanso debido a la depresi\u00f3n nerviosa causada por <strong>la cr\u00edtica de las personas en relaci\u00f3n a su estilo<\/strong> en la arquitectura. Por lo que tom\u00f3 la decisi\u00f3n de alejarse un poco del trabajo en 1910. En 1924 se decidi\u00f3 eliminarlas y solo quedan algunas fotograf\u00edas como recuerdo.<\/p>\n\n\n\n<h2 class=\"wp-block-heading\" id=\"h-algunas-de-las-obras-de-gaud-fuera-de-barcelona\"><strong>Algunas de las obras de Gaud\u00ed fuera de Barcelona<\/strong><\/h2>\n\n\n\n<ul class=\"wp-block-list\"><li><strong>La Casa de Botines en la Provincia de Le\u00f3n<\/strong><strong>:<\/strong> en esta provincia tambi\u00e9n encontramos algunas joyas de la arquitectura de Gaud\u00ed. En su capital, Le\u00f3n, se localiza esta edificaci\u00f3n, <strong>construida entre 1891 y 1894<\/strong>, con una combinaci\u00f3n entre el neog\u00f3tico y el estilo moderno de manera fant\u00e1stica. Adem\u00e1s, en la parte interna de la Casa de Botines encontraremos el famoso Museo de Gaud\u00ed.<\/li><li><strong>En la Provincia de Le\u00f3n, el palacio Episcopal de Astorga<\/strong><strong>:<\/strong> proyecto que le fue asignado para la elaboraci\u00f3n de<strong> la residencia del Obispo entre 1888 y 1898<\/strong>. Es un arte neog\u00f3tico combinado con modernismo; aunque a la distancia parece como si fuese un templo de la \u00e9poca medieval. Dentro del palacio funciona el Museo sobre el Camino de Santiago.<\/li><li><strong>El Capricho de Comillas en C\u00e1ntabra<\/strong><strong>:<\/strong> llamado tambi\u00e9n la Villa Quijano o el Capricho de Gaud\u00ed. Una hermosa Villa residencial construida entre 1883 y 1885, en la cual se pueden observar unas construcciones que se ha inspirado en diferentes estilos, tales como <strong>el isl\u00e1mico, espa\u00f1ol, el persa, de la India y de Jap\u00f3n<\/strong>.<\/li><\/ul>\n\n\n\n<figure class=\"wp-block-image\"><img decoding=\"async\" src=\"https:\/\/lh5.googleusercontent.com\/gCDFKqFJ27pQUEbchO0UipwWY2qwGv1y4_QIW2gr5GddmC-w0IVLtQSFYMU5QRmS4527lqaXNz18iNqL-UKq2D2hdFpUuE00t9rWaKs-tZ7iXC3YmoT3aRDPsVBNmbr-vh6NiYZl\" alt=\"\"\/><\/figure>\n\n\n\n<ul class=\"wp-block-list\"><li><strong>La Catedral de Palma de Mallorca<\/strong><strong>:<\/strong> entre 1903 y 1904 se le pidi\u00f3 a Gaud\u00ed la <strong>rehabilitaci\u00f3n de manera parcial<\/strong> del interior de la Catedral; la cual hab\u00eda sido construida en la Edad Media. Este encargo provino del obispo Pere Campins.&nbsp;<\/li><\/ul>\n\n\n\n<p>El resultado fue un espectacular baldoquino a nivel del altar mayor. Formado por una <strong>inmensa corona de forma heptagonal,<\/strong> y en su v\u00e9rtice fue colocada la escultura de Jes\u00fas en la cruz y a sus pies las im\u00e1genes de la Virgen y de San Juan. De esta manera el arquitecto catal\u00e1n deja su huella art\u00edstica.<\/p>\n","protected":false},"excerpt":{"rendered":"<p>El arquitecto catal\u00e1n Antonio Gaud\u00ed dej\u00f3 un gran legado en el modernismo entre los siglos XIX y XX en la pen\u00ednsula ib\u00e9rica. Tanto en Barcelona como en otras partes de Espa\u00f1a, tales como en Cantabria, en la provincia de Le\u00f3n y en Palma de Mallorca.<\/p>\n","protected":false},"author":2,"featured_media":124238,"comment_status":"open","ping_status":"open","sticky":false,"template":"","format":"standard","meta":{"_acf_changed":false,"footnotes":""},"categories":[114,2294,2349,2903,3909],"tags":[],"class_list":["post-124239","post","type-post","status-publish","format-standard","has-post-thumbnail","hentry","category-barcelona-es","category-espana-2","category-europa","category-europe-es","category-spain-es"],"acf":[],"yoast_head":"<!-- This site is optimized with the Yoast SEO Premium plugin v25.3.1 (Yoast SEO v25.3.1) - https:\/\/yoast.com\/wordpress\/plugins\/seo\/ -->\n<title>Ruta de Gaud\u00ed por Espa\u00f1a - Tourtravel&amp;more<\/title>\n<meta name=\"description\" content=\"\u2714 Si todav\u00eda no conoces las obras espectaculares del arquitecto Antonio Gaud\u00ed en Espa\u00f1a, te recomendamos que las visites; son verdaderas obras de arte \u2714\" \/>\n<meta name=\"robots\" content=\"index, follow, max-snippet:-1, max-image-preview:large, max-video-preview:-1\" \/>\n<link rel=\"canonical\" href=\"https:\/\/tourtravelandmore.com\/es\/ruta-de-gaudi-por-espana\/\" \/>\n<meta property=\"og:locale\" content=\"es_ES\" \/>\n<meta property=\"og:type\" content=\"article\" \/>\n<meta property=\"og:title\" content=\"Ruta de Gaud\u00ed por Espa\u00f1a\" \/>\n<meta property=\"og:description\" content=\"\u2714 Si todav\u00eda no conoces las obras espectaculares del arquitecto Antonio Gaud\u00ed en Espa\u00f1a, te recomendamos que las visites; son verdaderas obras de arte \u2714\" \/>\n<meta property=\"og:url\" content=\"https:\/\/tourtravelandmore.com\/es\/ruta-de-gaudi-por-espana\/\" \/>\n<meta property=\"og:site_name\" content=\"Tour Travel And More\" \/>\n<meta property=\"article:publisher\" content=\"https:\/\/www.facebook.com\/tourtravelandmore\/\" \/>\n<meta property=\"article:published_time\" content=\"2022-04-22T08:42:14+00:00\" \/>\n<meta property=\"article:modified_time\" content=\"2025-05-16T14:13:45+00:00\" \/>\n<meta property=\"og:image\" content=\"https:\/\/tourtravelandmore.com\/wp-content\/uploads\/2022\/04\/image-11-1024x688.png\" \/>\n\t<meta property=\"og:image:width\" content=\"1024\" \/>\n\t<meta property=\"og:image:height\" content=\"688\" \/>\n\t<meta property=\"og:image:type\" content=\"image\/png\" \/>\n<meta name=\"author\" content=\"Maya Nader Harati\" \/>\n<meta name=\"twitter:card\" content=\"summary_large_image\" \/>\n<meta name=\"twitter:creator\" content=\"@TourTravel_More\" \/>\n<meta name=\"twitter:site\" content=\"@TourTravel_More\" \/>\n<meta name=\"twitter:label1\" content=\"Escrito por\" \/>\n\t<meta name=\"twitter:data1\" content=\"Maya Nader Harati\" \/>\n\t<meta name=\"twitter:label2\" content=\"Tiempo de lectura\" \/>\n\t<meta name=\"twitter:data2\" content=\"8 minutos\" \/>\n<script type=\"application\/ld+json\" class=\"yoast-schema-graph\">{\"@context\":\"https:\/\/schema.org\",\"@graph\":[{\"@type\":\"Article\",\"@id\":\"https:\/\/tourtravelandmore.com\/es\/ruta-de-gaudi-por-espana\/#article\",\"isPartOf\":{\"@id\":\"https:\/\/tourtravelandmore.com\/es\/ruta-de-gaudi-por-espana\/\"},\"author\":{\"name\":\"Maya Nader Harati\",\"@id\":\"https:\/\/tourtravelandmore.com\/es\/#\/schema\/person\/2a1c66d76ae9290a394e8efb4af12e1e\"},\"headline\":\"Ruta de Gaud\u00ed por Espa\u00f1a\",\"datePublished\":\"2022-04-22T08:42:14+00:00\",\"dateModified\":\"2025-05-16T14:13:45+00:00\",\"mainEntityOfPage\":{\"@id\":\"https:\/\/tourtravelandmore.com\/es\/ruta-de-gaudi-por-espana\/\"},\"wordCount\":1509,\"commentCount\":0,\"publisher\":{\"@id\":\"https:\/\/tourtravelandmore.com\/es\/#organization\"},\"image\":{\"@id\":\"https:\/\/tourtravelandmore.com\/es\/ruta-de-gaudi-por-espana\/#primaryimage\"},\"thumbnailUrl\":\"https:\/\/tourtravelandmore.com\/wp-content\/uploads\/2022\/04\/image-11.png\",\"articleSection\":[\"Barcelona\",\"Espa\u00f1a\",\"Europa\",\"Europe\",\"Spain\"],\"inLanguage\":\"es\",\"potentialAction\":[{\"@type\":\"CommentAction\",\"name\":\"Comment\",\"target\":[\"https:\/\/tourtravelandmore.com\/es\/ruta-de-gaudi-por-espana\/#respond\"]}],\"accessibilityFeature\":[\"tableOfContents\"]},{\"@type\":\"WebPage\",\"@id\":\"https:\/\/tourtravelandmore.com\/es\/ruta-de-gaudi-por-espana\/\",\"url\":\"https:\/\/tourtravelandmore.com\/es\/ruta-de-gaudi-por-espana\/\",\"name\":\"Ruta de Gaud\u00ed por Espa\u00f1a - Tourtravel&more\",\"isPartOf\":{\"@id\":\"https:\/\/tourtravelandmore.com\/es\/#website\"},\"primaryImageOfPage\":{\"@id\":\"https:\/\/tourtravelandmore.com\/es\/ruta-de-gaudi-por-espana\/#primaryimage\"},\"image\":{\"@id\":\"https:\/\/tourtravelandmore.com\/es\/ruta-de-gaudi-por-espana\/#primaryimage\"},\"thumbnailUrl\":\"https:\/\/tourtravelandmore.com\/wp-content\/uploads\/2022\/04\/image-11.png\",\"datePublished\":\"2022-04-22T08:42:14+00:00\",\"dateModified\":\"2025-05-16T14:13:45+00:00\",\"description\":\"\u2714 Si todav\u00eda no conoces las obras espectaculares del arquitecto Antonio Gaud\u00ed en Espa\u00f1a, te recomendamos que las visites; son verdaderas obras de arte \u2714\",\"breadcrumb\":{\"@id\":\"https:\/\/tourtravelandmore.com\/es\/ruta-de-gaudi-por-espana\/#breadcrumb\"},\"inLanguage\":\"es\",\"potentialAction\":[{\"@type\":\"ReadAction\",\"target\":[\"https:\/\/tourtravelandmore.com\/es\/ruta-de-gaudi-por-espana\/\"]}]},{\"@type\":\"ImageObject\",\"inLanguage\":\"es\",\"@id\":\"https:\/\/tourtravelandmore.com\/es\/ruta-de-gaudi-por-espana\/#primaryimage\",\"url\":\"https:\/\/tourtravelandmore.com\/wp-content\/uploads\/2022\/04\/image-11.png\",\"contentUrl\":\"https:\/\/tourtravelandmore.com\/wp-content\/uploads\/2022\/04\/image-11.png\",\"width\":1400,\"height\":940},{\"@type\":\"BreadcrumbList\",\"@id\":\"https:\/\/tourtravelandmore.com\/es\/ruta-de-gaudi-por-espana\/#breadcrumb\",\"itemListElement\":[{\"@type\":\"ListItem\",\"position\":1,\"name\":\"Home\",\"item\":\"https:\/\/tourtravelandmore.com\/es\/\"},{\"@type\":\"ListItem\",\"position\":2,\"name\":\"Ruta de Gaud\u00ed por Espa\u00f1a\"}]},{\"@type\":\"WebSite\",\"@id\":\"https:\/\/tourtravelandmore.com\/es\/#website\",\"url\":\"https:\/\/tourtravelandmore.com\/es\/\",\"name\":\"Tour Travel And More\",\"description\":\"Private sightseeing tours and luxury transfers in Spain\",\"publisher\":{\"@id\":\"https:\/\/tourtravelandmore.com\/es\/#organization\"},\"potentialAction\":[{\"@type\":\"SearchAction\",\"target\":{\"@type\":\"EntryPoint\",\"urlTemplate\":\"https:\/\/tourtravelandmore.com\/es\/?s={search_term_string}\"},\"query-input\":{\"@type\":\"PropertyValueSpecification\",\"valueRequired\":true,\"valueName\":\"search_term_string\"}}],\"inLanguage\":\"es\"},{\"@type\":\"Organization\",\"@id\":\"https:\/\/tourtravelandmore.com\/es\/#organization\",\"name\":\"Tour Travel And More\",\"url\":\"https:\/\/tourtravelandmore.com\/es\/\",\"logo\":{\"@type\":\"ImageObject\",\"inLanguage\":\"es\",\"@id\":\"https:\/\/tourtravelandmore.com\/es\/#\/schema\/logo\/image\/\",\"url\":\"https:\/\/tourtravelandmore.com\/wp-content\/uploads\/2022\/12\/cropped-logo-cabecera-new.png\",\"contentUrl\":\"https:\/\/tourtravelandmore.com\/wp-content\/uploads\/2022\/12\/cropped-logo-cabecera-new.png\",\"width\":430,\"height\":61,\"caption\":\"Tour Travel And More\"},\"image\":{\"@id\":\"https:\/\/tourtravelandmore.com\/es\/#\/schema\/logo\/image\/\"},\"sameAs\":[\"https:\/\/www.facebook.com\/tourtravelandmore\/\",\"https:\/\/x.com\/TourTravel_More\"]},{\"@type\":\"Person\",\"@id\":\"https:\/\/tourtravelandmore.com\/es\/#\/schema\/person\/2a1c66d76ae9290a394e8efb4af12e1e\",\"name\":\"Maya Nader Harati\",\"image\":{\"@type\":\"ImageObject\",\"inLanguage\":\"es\",\"@id\":\"https:\/\/tourtravelandmore.com\/es\/#\/schema\/person\/image\/\",\"url\":\"https:\/\/secure.gravatar.com\/avatar\/adc2305883b6f86a616354c0c4516fcd9a333d5f5a0806d9d1ae9b30f898fa1f?s=96&d=mm&r=g\",\"contentUrl\":\"https:\/\/secure.gravatar.com\/avatar\/adc2305883b6f86a616354c0c4516fcd9a333d5f5a0806d9d1ae9b30f898fa1f?s=96&d=mm&r=g\",\"caption\":\"Maya Nader Harati\"},\"description\":\"Cultural Destination Specialist & Travel Chronicler. Maya doesn\u2019t just travel the world; she translates it.\",\"sameAs\":[\"https:\/\/tourtravelandmore.com\/author-profile-maya-nader-harati\/\"]}]}<\/script>\n<!-- \/ Yoast SEO Premium plugin. -->","yoast_head_json":{"title":"Ruta de Gaud\u00ed por Espa\u00f1a - Tourtravel&more","description":"\u2714 Si todav\u00eda no conoces las obras espectaculares del arquitecto Antonio Gaud\u00ed en Espa\u00f1a, te recomendamos que las visites; son verdaderas obras de arte \u2714","robots":{"index":"index","follow":"follow","max-snippet":"max-snippet:-1","max-image-preview":"max-image-preview:large","max-video-preview":"max-video-preview:-1"},"canonical":"https:\/\/tourtravelandmore.com\/es\/ruta-de-gaudi-por-espana\/","og_locale":"es_ES","og_type":"article","og_title":"Ruta de Gaud\u00ed por Espa\u00f1a","og_description":"\u2714 Si todav\u00eda no conoces las obras espectaculares del arquitecto Antonio Gaud\u00ed en Espa\u00f1a, te recomendamos que las visites; son verdaderas obras de arte \u2714","og_url":"https:\/\/tourtravelandmore.com\/es\/ruta-de-gaudi-por-espana\/","og_site_name":"Tour Travel And More","article_publisher":"https:\/\/www.facebook.com\/tourtravelandmore\/","article_published_time":"2022-04-22T08:42:14+00:00","article_modified_time":"2025-05-16T14:13:45+00:00","og_image":[{"width":1024,"height":688,"url":"https:\/\/tourtravelandmore.com\/wp-content\/uploads\/2022\/04\/image-11-1024x688.png","type":"image\/png"}],"author":"Maya Nader Harati","twitter_card":"summary_large_image","twitter_creator":"@TourTravel_More","twitter_site":"@TourTravel_More","twitter_misc":{"Escrito por":"Maya Nader Harati","Tiempo de lectura":"8 minutos"},"schema":{"@context":"https:\/\/schema.org","@graph":[{"@type":"Article","@id":"https:\/\/tourtravelandmore.com\/es\/ruta-de-gaudi-por-espana\/#article","isPartOf":{"@id":"https:\/\/tourtravelandmore.com\/es\/ruta-de-gaudi-por-espana\/"},"author":{"name":"Maya Nader Harati","@id":"https:\/\/tourtravelandmore.com\/es\/#\/schema\/person\/2a1c66d76ae9290a394e8efb4af12e1e"},"headline":"Ruta de Gaud\u00ed por Espa\u00f1a","datePublished":"2022-04-22T08:42:14+00:00","dateModified":"2025-05-16T14:13:45+00:00","mainEntityOfPage":{"@id":"https:\/\/tourtravelandmore.com\/es\/ruta-de-gaudi-por-espana\/"},"wordCount":1509,"commentCount":0,"publisher":{"@id":"https:\/\/tourtravelandmore.com\/es\/#organization"},"image":{"@id":"https:\/\/tourtravelandmore.com\/es\/ruta-de-gaudi-por-espana\/#primaryimage"},"thumbnailUrl":"https:\/\/tourtravelandmore.com\/wp-content\/uploads\/2022\/04\/image-11.png","articleSection":["Barcelona","Espa\u00f1a","Europa","Europe","Spain"],"inLanguage":"es","potentialAction":[{"@type":"CommentAction","name":"Comment","target":["https:\/\/tourtravelandmore.com\/es\/ruta-de-gaudi-por-espana\/#respond"]}],"accessibilityFeature":["tableOfContents"]},{"@type":"WebPage","@id":"https:\/\/tourtravelandmore.com\/es\/ruta-de-gaudi-por-espana\/","url":"https:\/\/tourtravelandmore.com\/es\/ruta-de-gaudi-por-espana\/","name":"Ruta de Gaud\u00ed por Espa\u00f1a - Tourtravel&more","isPartOf":{"@id":"https:\/\/tourtravelandmore.com\/es\/#website"},"primaryImageOfPage":{"@id":"https:\/\/tourtravelandmore.com\/es\/ruta-de-gaudi-por-espana\/#primaryimage"},"image":{"@id":"https:\/\/tourtravelandmore.com\/es\/ruta-de-gaudi-por-espana\/#primaryimage"},"thumbnailUrl":"https:\/\/tourtravelandmore.com\/wp-content\/uploads\/2022\/04\/image-11.png","datePublished":"2022-04-22T08:42:14+00:00","dateModified":"2025-05-16T14:13:45+00:00","description":"\u2714 Si todav\u00eda no conoces las obras espectaculares del arquitecto Antonio Gaud\u00ed en Espa\u00f1a, te recomendamos que las visites; son verdaderas obras de arte \u2714","breadcrumb":{"@id":"https:\/\/tourtravelandmore.com\/es\/ruta-de-gaudi-por-espana\/#breadcrumb"},"inLanguage":"es","potentialAction":[{"@type":"ReadAction","target":["https:\/\/tourtravelandmore.com\/es\/ruta-de-gaudi-por-espana\/"]}]},{"@type":"ImageObject","inLanguage":"es","@id":"https:\/\/tourtravelandmore.com\/es\/ruta-de-gaudi-por-espana\/#primaryimage","url":"https:\/\/tourtravelandmore.com\/wp-content\/uploads\/2022\/04\/image-11.png","contentUrl":"https:\/\/tourtravelandmore.com\/wp-content\/uploads\/2022\/04\/image-11.png","width":1400,"height":940},{"@type":"BreadcrumbList","@id":"https:\/\/tourtravelandmore.com\/es\/ruta-de-gaudi-por-espana\/#breadcrumb","itemListElement":[{"@type":"ListItem","position":1,"name":"Home","item":"https:\/\/tourtravelandmore.com\/es\/"},{"@type":"ListItem","position":2,"name":"Ruta de Gaud\u00ed por Espa\u00f1a"}]},{"@type":"WebSite","@id":"https:\/\/tourtravelandmore.com\/es\/#website","url":"https:\/\/tourtravelandmore.com\/es\/","name":"Tour Travel And More","description":"Private sightseeing tours and luxury transfers in Spain","publisher":{"@id":"https:\/\/tourtravelandmore.com\/es\/#organization"},"potentialAction":[{"@type":"SearchAction","target":{"@type":"EntryPoint","urlTemplate":"https:\/\/tourtravelandmore.com\/es\/?s={search_term_string}"},"query-input":{"@type":"PropertyValueSpecification","valueRequired":true,"valueName":"search_term_string"}}],"inLanguage":"es"},{"@type":"Organization","@id":"https:\/\/tourtravelandmore.com\/es\/#organization","name":"Tour Travel And More","url":"https:\/\/tourtravelandmore.com\/es\/","logo":{"@type":"ImageObject","inLanguage":"es","@id":"https:\/\/tourtravelandmore.com\/es\/#\/schema\/logo\/image\/","url":"https:\/\/tourtravelandmore.com\/wp-content\/uploads\/2022\/12\/cropped-logo-cabecera-new.png","contentUrl":"https:\/\/tourtravelandmore.com\/wp-content\/uploads\/2022\/12\/cropped-logo-cabecera-new.png","width":430,"height":61,"caption":"Tour Travel And More"},"image":{"@id":"https:\/\/tourtravelandmore.com\/es\/#\/schema\/logo\/image\/"},"sameAs":["https:\/\/www.facebook.com\/tourtravelandmore\/","https:\/\/x.com\/TourTravel_More"]},{"@type":"Person","@id":"https:\/\/tourtravelandmore.com\/es\/#\/schema\/person\/2a1c66d76ae9290a394e8efb4af12e1e","name":"Maya Nader Harati","image":{"@type":"ImageObject","inLanguage":"es","@id":"https:\/\/tourtravelandmore.com\/es\/#\/schema\/person\/image\/","url":"https:\/\/secure.gravatar.com\/avatar\/adc2305883b6f86a616354c0c4516fcd9a333d5f5a0806d9d1ae9b30f898fa1f?s=96&d=mm&r=g","contentUrl":"https:\/\/secure.gravatar.com\/avatar\/adc2305883b6f86a616354c0c4516fcd9a333d5f5a0806d9d1ae9b30f898fa1f?s=96&d=mm&r=g","caption":"Maya Nader Harati"},"description":"Cultural Destination Specialist & Travel Chronicler. Maya doesn\u2019t just travel the world; she translates it.","sameAs":["https:\/\/tourtravelandmore.com\/author-profile-maya-nader-harati\/"]}]}},"_links":{"self":[{"href":"https:\/\/tourtravelandmore.com\/es\/wp-json\/wp\/v2\/posts\/124239","targetHints":{"allow":["GET"]}}],"collection":[{"href":"https:\/\/tourtravelandmore.com\/es\/wp-json\/wp\/v2\/posts"}],"about":[{"href":"https:\/\/tourtravelandmore.com\/es\/wp-json\/wp\/v2\/types\/post"}],"author":[{"embeddable":true,"href":"https:\/\/tourtravelandmore.com\/es\/wp-json\/wp\/v2\/users\/2"}],"replies":[{"embeddable":true,"href":"https:\/\/tourtravelandmore.com\/es\/wp-json\/wp\/v2\/comments?post=124239"}],"version-history":[{"count":1,"href":"https:\/\/tourtravelandmore.com\/es\/wp-json\/wp\/v2\/posts\/124239\/revisions"}],"predecessor-version":[{"id":183891,"href":"https:\/\/tourtravelandmore.com\/es\/wp-json\/wp\/v2\/posts\/124239\/revisions\/183891"}],"wp:featuredmedia":[{"embeddable":true,"href":"https:\/\/tourtravelandmore.com\/es\/wp-json\/wp\/v2\/media\/124238"}],"wp:attachment":[{"href":"https:\/\/tourtravelandmore.com\/es\/wp-json\/wp\/v2\/media?parent=124239"}],"wp:term":[{"taxonomy":"category","embeddable":true,"href":"https:\/\/tourtravelandmore.com\/es\/wp-json\/wp\/v2\/categories?post=124239"},{"taxonomy":"post_tag","embeddable":true,"href":"https:\/\/tourtravelandmore.com\/es\/wp-json\/wp\/v2\/tags?post=124239"}],"curies":[{"name":"wp","href":"https:\/\/api.w.org\/{rel}","templated":true}]}}