{"id":124227,"date":"2022-04-22T10:25:12","date_gmt":"2022-04-22T08:25:12","guid":{"rendered":"https:\/\/tourtravelandmore.com\/?p=124227"},"modified":"2025-05-16T16:13:51","modified_gmt":"2025-05-16T14:13:51","slug":"nueva-guia-de-paris-este-2022","status":"publish","type":"post","link":"https:\/\/tourtravelandmore.com\/es\/nueva-guia-de-paris-este-2022\/","title":{"rendered":"<strong>Nueva Gu\u00eda de Par\u00eds este 2022<\/strong>"},"content":{"rendered":"\n<div class=\"wp-block-yoast-seo-table-of-contents yoast-table-of-contents\"><h2>Tabla de contenidos<\/h2><ul><li><a href=\"#h-aspectos-a-considerar-si-vas-a-pasar-tus-vacaciones-en-par-s\" data-level=\"2\">Aspectos a considerar si vas a pasar tus vacaciones en Par\u00eds:<\/a><\/li><li><a href=\"#h-los-mejores-lugares-para-conocer-en-par-s-seg-n-la-ubicaci-n-de-su-distrito-i-iv-v-y-vii\" data-level=\"2\">Los mejores lugares para conocer en Par\u00eds seg\u00fan la ubicaci\u00f3n de su Distrito: I, IV, V y VII<\/a><\/li><li><a href=\"#h-los-mejores-lugares-para-conocer-en-par-s-seg-n-la-ubicaci-n-de-su-distrito-viii-ix-xiv-y-xviii\" data-level=\"2\">Los mejores lugares para conocer en Par\u00eds seg\u00fan la ubicaci\u00f3n de su Distrito: VIII, IX, XIV y XVIII<\/a><\/li><\/ul><\/div>\n\n\n\n<p>Par\u00eds, capital de Francia, conocida tambi\u00e9n con el nombre de la Ciudad de las Luces, ya que fue la 1.\u00aa ciudad que ilumin\u00f3 sus calles. Otros la llaman la Ciudad del Amor. Es una de las ciudades m\u00e1s visitadas de Europa, la cual posee <strong>unos 20 distritos en su distribuci\u00f3n urbana<\/strong>.&nbsp;<\/p>\n\n\n\n<p>Evidentemente, no se pueden conocer todos ellos en un par de d\u00edas. <a href=\"https:\/\/tourtravelandmore.com\/es\/ciudad\/francia\/paris-es\/\"><strong>Se necesita de tiempo y un buen tour por toda la ciudad,<\/strong><\/a> porque abarca <strong>un gran n\u00famero de lugares interesantes para visitar<\/strong>, sin contar los que se localizan en las afueras de esta capital, tales como el Disney, palacios (por ejemplo, el de Versalles), castillos, jardines, entre otros.<\/p>\n\n\n\n<p>Par\u00eds cuenta con una gastronom\u00eda de alta calidad, infinidad de museos, bas\u00edlicas, lugares perfectos para ir de tiendas, o si lo prefiere puede escoger un parque y animarse a realizar un picnic o tambi\u00e9n se puede navegar en la noche por el r\u00edo Sena. Realmente tiene tanto para disfrutar que <strong>se necesitan de varios viajes para conocerla<\/strong>.&nbsp;<\/p>\n\n\n\n<h2 class=\"wp-block-heading\" id=\"h-aspectos-a-considerar-si-vas-a-pasar-tus-vacaciones-en-par-s\"><strong>Aspectos a considerar si vas a pasar tus vacaciones en Par\u00eds:<\/strong><\/h2>\n\n\n\n<ul class=\"wp-block-list\"><li><strong>Por ejemplo, en la primavera<\/strong> el clima es muy agradable, se pueden realizar caminatas, los parques est\u00e1n llenos de flores, los costos del pasaje de avi\u00f3n son m\u00e1s baratos y los alojamientos tienen mayor disponibilidad.<\/li><\/ul>\n\n\n\n<p><strong>Algunas actividades interesantes<\/strong> que se realizan en esa temporada son: observar el florecimiento de los cerezos <a href=\"\/es?p=20843\"><strong>rodeando a la catedral de Notre-Dame<\/strong><\/a><strong>.<\/strong> Tambi\u00e9n el evento de la verticale de la torre Eiffel; es decir, el que suba a mayor velocidad sus 1665 escalones.&nbsp;<\/p>\n\n\n\n<p>En abril se celebra el Marat\u00f3n de Par\u00eds y entre finales de este mes y el inicio de mayo la Feria, donde conocer\u00e1s los productos de la vida cotidiana. Igualmente, se puede ingresar de manera gratuita a mediados de mayo a los museos en La nuit des Mus\u00e9es.&nbsp;<\/p>\n\n\n\n<ul class=\"wp-block-list\"><li><strong>En la \u00e9poca de verano<\/strong> hay mayor n\u00famero de personas, muchas colas para entrar a las atracciones tur\u00edsticas, aunque se ampl\u00edan los horarios. Los jardines se llenan con actividades de picnic, adem\u00e1s, el pasaje de avi\u00f3n aumenta su precio y es recomendable realizar la reserva del alojamiento con cierta anticipaci\u00f3n.&nbsp;<\/li><\/ul>\n\n\n\n<p>Entre las <strong>actividades t\u00edpicas de la temporada se encuentran<\/strong> las funciones al aire libre de cine a nivel del parque de La Villete, igualmente la celebraci\u00f3n del D\u00eda de la Bastilla; en junio se pueden divertir en la Feria del Trono, un parque de atracciones. Asimismo, entre junio y julio se puede asistir al festival de Jazz y tambi\u00e9n est\u00e1n las rebajas de verano de hasta un 80% entre julio y el mes de agosto.&nbsp;<\/p>\n\n\n\n<ul class=\"wp-block-list\"><li><strong>En la \u00e9poca de<\/strong> <strong>oto\u00f1o<\/strong><strong> <\/strong>hay menor cantidad de turistas que en la \u00e9poca anterior, y por tanto el pasaje de avi\u00f3n es m\u00e1s econ\u00f3mico. Igualmente, el alojamiento se puede reservar con pocas semanas de antelaci\u00f3n.&nbsp;<\/li><\/ul>\n\n\n\n<p><strong>Entre las actividades t\u00edpicas de la temporada<\/strong> tenemos el primer d\u00eda de octubre el famoso Festival de Oto\u00f1o, el 1er s\u00e1bado de octubre est\u00e1n los conciertos de la Nuit Blanche o Noche Blanca, igualmente en la 2da semana del mes de octubre la Fiesta de la Vendimia de Montmartre; y si est\u00e1 con su pareja nada mejor que un bello crucero por el r\u00edo Siena.&nbsp;<\/p>\n\n\n\n<ul class=\"wp-block-list\"><li><strong>En \u00e9poca de invierno<\/strong> la temperatura baja y oscila entre 1 y 5 grados cent\u00edgrados, por tanto, son pocas las personas que vienen en esta temporada, lo cual quiere decir que los precios del avi\u00f3n tambi\u00e9n bajan. Pero los alojamientos no son tan econ\u00f3micos, a excepci\u00f3n del Fin de A\u00f1o.&nbsp;<\/li><\/ul>\n\n\n\n<p><strong>Entre las actividades de la temporada<\/strong> tenemos en el Gran Palais, patinar sobre el hielo, se pueden visitar los mercados navide\u00f1os en diciembre de la Torre Eiffel, Montmartre, en los Campos Eliseos y en La D\u00e9fense. Tambi\u00e9n el 31 del mes la celebraci\u00f3n en el Arco de Triunfo del final del a\u00f1o. Asimismo, hasta principios de enero el festival de Merveilleux y al final de enero la Semana de la Moda de Par\u00eds.<\/p>\n\n\n\n<figure class=\"wp-block-image\"><img decoding=\"async\" src=\"https:\/\/lh6.googleusercontent.com\/clfLGAq4_TebereOZsMjbYnRpOW9ka422_3AYnWMHr1OrJMLJja9NlvtvmEmV6StB3W7HRcssW8ZK88zfO4I0lC2U6dyI3e_h2E7YnqgOgKUOGDDE4p9r1lawc2tSh4v9hxW_wZm\" alt=\"\"\/><\/figure>\n\n\n\n<h2 class=\"wp-block-heading\" id=\"h-los-mejores-lugares-para-conocer-en-par-s-seg-n-la-ubicaci-n-de-su-distrito-i-iv-v-y-vii\"><strong>Los mejores lugares para conocer en Par\u00eds seg\u00fan la ubicaci\u00f3n de su Distrito: I, IV, V y VII<\/strong><\/h2>\n\n\n\n<ul class=\"wp-block-list\"><li><strong>El Distrito I, denominado tambi\u00e9n Louvre<\/strong> o El arrondissement 1 posee la mayor cantidad de atracciones de tipo tur\u00edsticas; adem\u00e1s, abarca tambi\u00e9n una partecita de la \u00cfle de la Cit\u00e9. En esta zona encontramos el Museo de Orangerie, tambi\u00e9n el Teatro del Ch\u00e1telet, el Palacio de las Tuller\u00edas, el Arco de Triunfo del Carrusel, el Jard\u00edn de las Tuller\u00edas, el Palacio Real, La Conciergerie, la Sainte Chapelle y, por supuesto, el Museo del Louvre.<\/li><\/ul>\n\n\n\n<p><strong>Este \u00faltimo es el museo m\u00e1s importante de Francia<\/strong>, el cual alberga unas 300.000 obras, compuesto por muchas salas en cada ala del recinto. <a href=\"\/es?p=20838\"><strong>Se recomienda dedicarle por lo menos 1 d\u00eda completo,<\/strong><\/a><strong> <\/strong>debido a lo extenso del lugar. Se exponen diferentes clases de pintura, esculturas antiguas tales como romanas, griegas, egipcias, entre otras.&nbsp;<\/p>\n\n\n\n<ul class=\"wp-block-list\"><li><strong>En el Distrito IV Le Marais<\/strong>: se le conoce como el barrio gay de Par\u00eds. En esta localidad encontramos el Cementerio del P\u00e9re-Lachaise, el Museo Nacional de Arte Moderno llamado Centre Georges Pompidou, la Iglesia de San Pablo-San Luis, la Plaza de la Bastilla, el Hotel de Ville y la Catedral de Notre-Dame.<\/li><\/ul>\n\n\n\n<p>Dicha catedral <strong>fue construida entre 1163 y 1250<\/strong> por iniciativa del obispo Maurice de Sully. Durante los siguientes siglos se modificaron, rehabilitaron y completaron diferentes zonas de la catedral, sobre todo en el siglo XIX, por lo de la Revoluci\u00f3n Francesa. En el 2019 sufri\u00f3 un incendio que da\u00f1\u00f3 el tejado del recinto.<\/p>\n\n\n\n<ul class=\"wp-block-list\"><li><strong>En el Distrito V, llamado Panth\u00e9on: <\/strong>es el distrito m\u00e1s antiguo y famoso porque se localiza en esta zona el Barrio Latino, visitado por muchos j\u00f3venes debido a los buenos precios de los restaurantes, discotecas y bares. Adem\u00e1s, en esta zona se localiza la Universidad de La Sorbona, el Jard\u00edn des Plantes y El Pante\u00f3n de Par\u00eds.<strong> <\/strong>Este Pante\u00f3n se construy\u00f3 entre 1764 y 1790.<\/li><\/ul>\n\n\n\n<p><strong>La finalidad era dedic\u00e1rselo a las memorias<\/strong> de mujeres y hombres que desde la Revoluci\u00f3n han influido en la historia de Francia. Para 1791 la Revoluci\u00f3n lo independiza de toda influencia de tipo religiosa y pasa a ser Pante\u00f3n Nacional. Pero luego, seg\u00fan cada gobierno pasa a ser una edificaci\u00f3n religiosa y luego patri\u00f3tica, hasta que en 1885 pas\u00f3 a ser el descanso de Voltaire, Marie Curie, Rousseau, entre otros.<\/p>\n\n\n\n<ul class=\"wp-block-list\"><li><strong>En el Distrito VII o arrondissement du Palais-Bourbon: <\/strong>este distrito viene siendo el resultado de la expansi\u00f3n de la ciudad a principios del siglo XIX; hoy en d\u00eda se ubican los barrios prestigiosos, c\u00e9ntricos y pr\u00f3speros. Podemos localizar en esta zona el Museo de Orsay, los Campos de marte, Los Inv\u00e1lidos, la Iglesia de la Medalla Milagrosa, el Museo Quai Branly, el del Ej\u00e9rcito, el de Rodin y <strong>La Torre Eiffel, una estructura de 300 m de altura<\/strong> que se supon\u00eda ser\u00eda temporal, solo para la Exposici\u00f3n Universal en 1889. Pero se qued\u00f3 y ha sido utilizada para experimentos sobre la resistencia del aire, para observaciones meteorol\u00f3gicas y como antena de radio. Ha quedado como el s\u00edmbolo representativo de Par\u00eds.<\/li><\/ul>\n\n\n\n<h2 class=\"wp-block-heading\" id=\"h-los-mejores-lugares-para-conocer-en-par-s-seg-n-la-ubicaci-n-de-su-distrito-viii-ix-xiv-y-xviii\"><strong>Los mejores lugares para conocer en Par\u00eds seg\u00fan la ubicaci\u00f3n de su Distrito: VIII, IX, XIV y XVIII<\/strong><\/h2>\n\n\n\n<ul class=\"wp-block-list\"><li><strong>En el Distrito VIII, llamado arrondissement de l\u2019 \u00c9lys\u00e9e<\/strong>: es un distrito importante, ya que se localizan los centros de negocios y, por tanto, es el lugar donde laboran los residentes de Par\u00eds. Se ubican monumentos arquitect\u00f3nicos tales como la Plaza de la Concordia, los Campos El\u00edseos, la residencia del Presidente del pa\u00eds, el Palacio del El\u00edseo y, por supuesto, el Arco de Triunfo.<\/li><\/ul>\n\n\n\n<p>Este es un monumento que en <strong>1806 Napole\u00f3n mand\u00f3 a construir<\/strong> para honrar al Gran Ej\u00e9rcito, y que lleva los nombres de estos ilustres, adem\u00e1s de la tumba del famoso Soldado Desconocido. El Arco tiene muchas historias de diferentes momentos, tales como en 1840 el paso de los restos de Napole\u00f3n Bonaparte, en 1919 el desfile militar de la 1era Guerra Mundial, as\u00ed como en 1944 la de la 2da Guerra Mundial.&nbsp;<\/p>\n\n\n\n<figure class=\"wp-block-image\"><img decoding=\"async\" src=\"https:\/\/lh6.googleusercontent.com\/G8UMc447lQtVUtdKLfzDGhZRUTxEvIWGk3XzJX55BjtNsSrZ487x8Zi-YUUXLopk8XWIsvkcoZt17LQxO3NgtaqTF_SUh65tXKUkYt924U2lU14Zsru2x41fhD03cvEwPLbpHfzu\" alt=\"\"\/><\/figure>\n\n\n\n<ul class=\"wp-block-list\"><li><strong>En el Distrito IX llamado tambi\u00e9n arrondissement de l\u2019Op\u00e9ra<\/strong>: est\u00e1 localizado en pleno centro de Par\u00eds, donde se encuentran los famosos centros comerciales, tiendas de marcas exclusivas tales como Galeries Lafayette y Printemps. Pero tambi\u00e9n se ubican edificaciones como la Opera Garnier, la Plaza Pigalle, el Olympia Hall, Mus\u00e9e Gustave Moreau y el Museo Gr\u00e9vin.<\/li><\/ul>\n\n\n\n<p><strong>Este \u00faltimo es el museo de cera<\/strong> de la capital francesa, con una gran extensi\u00f3n dividida en varias estancias, donde se exponen m\u00e1s de 500 figuras de personajes importantes no solo de Francia sino a nivel mundial; tanto en las esferas pol\u00edtica, como cantantes, deportistas y actores. El edificio tambi\u00e9n cuenta con un teatro y un mirador.<\/p>\n\n\n\n<ul class=\"wp-block-list\"><li><strong>En el Distrito XIVo llamado tambi\u00e9n arrondissement de l\u2019Observatoire: <\/strong>es decir, Distrito del Observatorio, un lugar tranquilo pero alejado del centro de la ciudad y del bullicio; sobre todo en Montparsse, que es una zona de residencias. Entre los monumentos a visitar tenemos el Observatorio de Pari\u2019s, el Parque Montsouris, la Plaza Denfer-Rochereau, centros hospitalarios y Las Catacumbas.<\/li><\/ul>\n\n\n\n<p>Estas famosas Catacumbas<strong> datan<\/strong> <strong>de la \u00e9poca de los romanos<\/strong>, una serie de t\u00faneles subterr\u00e1neos que eran las minas de la piedra caliza utilizadas por esta poblaci\u00f3n. Hoy en d\u00eda es uno de los cementerios de Par\u00eds, ya que, a finales del siglo XVIII, la ciudad ten\u00eda muchos problemas con la salubridad, y se decidi\u00f3 hacer el traslado de unos 6.000.000 de restos de personas a estos subterr\u00e1neos.<\/p>\n\n\n\n<ul class=\"wp-block-list\"><li><strong>En el Distrito XVIII llamado tambi\u00e9n arrondissement des Buttes-Montmartre<\/strong>: se conoce como el barrio bohemio, donde se observan a los diferentes artistas trabajando. Tambi\u00e9n en este distrito se localiza el famoso Cabaret Music-Hall, el Moulin Rouge, la Place du Tertre, El Muro de los Te Amo y la Bas\u00edlica del Sagrado Coraz\u00f3n.&nbsp;<\/li><\/ul>\n\n\n\n<p><strong>Esta bas\u00edlica tiene un estilo rom\u00e1nico-bizantino.<\/strong> La construcci\u00f3n comenz\u00f3 en 1875 y se complet\u00f3 en 1914, y se localiza a nivel de la colina de Montmartre. Fue inspirada en la edificaci\u00f3n de la Iglesia de San Marcos de Venecia. Aunque en 1914 estaba lista para la consagraci\u00f3n, se tuvo que posponer para 1919 debido a la 1era Guerra Mundial.<\/p>\n","protected":false},"excerpt":{"rendered":"<p>Par\u00eds, capital de Francia, conocida tambi\u00e9n como la Ciudad de las Luces, pues fue la primera ciudad en iluminar sus calles. Est\u00e1 conformada por 20 distritos, en donde se localizan museos, palacios, castillos, monumentos, jardines, entre otros. <\/p>\n","protected":false},"author":2,"featured_media":124226,"comment_status":"open","ping_status":"open","sticky":false,"template":"","format":"standard","meta":{"_acf_changed":false,"footnotes":""},"categories":[2349,2903,2355,2364],"tags":[],"class_list":["post-124227","post","type-post","status-publish","format-standard","has-post-thumbnail","hentry","category-europa","category-europe-es","category-france-es","category-paris-es"],"acf":[],"yoast_head":"<!-- This site is optimized with the Yoast SEO Premium plugin v25.3.1 (Yoast SEO v25.3.1) - https:\/\/yoast.com\/wordpress\/plugins\/seo\/ -->\n<title>Nueva Gu\u00eda de Par\u00eds este 2022 - Tourtravel&amp;more<\/title>\n<meta name=\"description\" content=\"\u2714 Par\u00eds, ciudad para disfrutar de las mejores vacaciones de su vida. Llena de hermosos museos, palacios, castillos, moda y todo lo que se pueda imaginar \u2714\" \/>\n<meta name=\"robots\" content=\"index, follow, max-snippet:-1, max-image-preview:large, max-video-preview:-1\" \/>\n<link rel=\"canonical\" href=\"https:\/\/tourtravelandmore.com\/es\/nueva-guia-de-paris-este-2022\/\" \/>\n<meta property=\"og:locale\" content=\"es_ES\" \/>\n<meta property=\"og:type\" content=\"article\" \/>\n<meta property=\"og:title\" content=\"Nueva Gu\u00eda de Par\u00eds este 2022\" \/>\n<meta property=\"og:description\" content=\"\u2714 Par\u00eds, ciudad para disfrutar de las mejores vacaciones de su vida. Llena de hermosos museos, palacios, castillos, moda y todo lo que se pueda imaginar \u2714\" \/>\n<meta property=\"og:url\" content=\"https:\/\/tourtravelandmore.com\/es\/nueva-guia-de-paris-este-2022\/\" \/>\n<meta property=\"og:site_name\" content=\"Tour Travel And More\" \/>\n<meta property=\"article:publisher\" content=\"https:\/\/www.facebook.com\/tourtravelandmore\/\" \/>\n<meta property=\"article:published_time\" content=\"2022-04-22T08:25:12+00:00\" \/>\n<meta property=\"article:modified_time\" content=\"2025-05-16T14:13:51+00:00\" \/>\n<meta property=\"og:image\" content=\"https:\/\/tourtravelandmore.com\/wp-content\/uploads\/2022\/04\/image-9.png\" \/>\n\t<meta property=\"og:image:width\" content=\"1400\" \/>\n\t<meta property=\"og:image:height\" content=\"896\" \/>\n\t<meta property=\"og:image:type\" content=\"image\/png\" \/>\n<meta name=\"author\" content=\"Maya Nader Harati\" \/>\n<meta name=\"twitter:card\" content=\"summary_large_image\" \/>\n<meta name=\"twitter:creator\" content=\"@TourTravel_More\" \/>\n<meta name=\"twitter:site\" content=\"@TourTravel_More\" \/>\n<meta name=\"twitter:label1\" content=\"Escrito por\" \/>\n\t<meta name=\"twitter:data1\" content=\"Maya Nader Harati\" \/>\n\t<meta name=\"twitter:label2\" content=\"Tiempo de lectura\" \/>\n\t<meta name=\"twitter:data2\" content=\"9 minutos\" \/>\n<script type=\"application\/ld+json\" class=\"yoast-schema-graph\">{\"@context\":\"https:\/\/schema.org\",\"@graph\":[{\"@type\":\"Article\",\"@id\":\"https:\/\/tourtravelandmore.com\/es\/nueva-guia-de-paris-este-2022\/#article\",\"isPartOf\":{\"@id\":\"https:\/\/tourtravelandmore.com\/es\/nueva-guia-de-paris-este-2022\/\"},\"author\":{\"name\":\"Maya Nader Harati\",\"@id\":\"https:\/\/tourtravelandmore.com\/es\/#\/schema\/person\/2a1c66d76ae9290a394e8efb4af12e1e\"},\"headline\":\"Nueva Gu\u00eda de Par\u00eds este 2022\",\"datePublished\":\"2022-04-22T08:25:12+00:00\",\"dateModified\":\"2025-05-16T14:13:51+00:00\",\"mainEntityOfPage\":{\"@id\":\"https:\/\/tourtravelandmore.com\/es\/nueva-guia-de-paris-este-2022\/\"},\"wordCount\":1852,\"commentCount\":0,\"publisher\":{\"@id\":\"https:\/\/tourtravelandmore.com\/es\/#organization\"},\"image\":{\"@id\":\"https:\/\/tourtravelandmore.com\/es\/nueva-guia-de-paris-este-2022\/#primaryimage\"},\"thumbnailUrl\":\"https:\/\/tourtravelandmore.com\/wp-content\/uploads\/2022\/04\/image-9.png\",\"articleSection\":[\"Europa\",\"Europe\",\"Francia\",\"Paris\"],\"inLanguage\":\"es\",\"potentialAction\":[{\"@type\":\"CommentAction\",\"name\":\"Comment\",\"target\":[\"https:\/\/tourtravelandmore.com\/es\/nueva-guia-de-paris-este-2022\/#respond\"]}],\"accessibilityFeature\":[\"tableOfContents\"]},{\"@type\":\"WebPage\",\"@id\":\"https:\/\/tourtravelandmore.com\/es\/nueva-guia-de-paris-este-2022\/\",\"url\":\"https:\/\/tourtravelandmore.com\/es\/nueva-guia-de-paris-este-2022\/\",\"name\":\"Nueva Gu\u00eda de Par\u00eds este 2022 - Tourtravel&more\",\"isPartOf\":{\"@id\":\"https:\/\/tourtravelandmore.com\/es\/#website\"},\"primaryImageOfPage\":{\"@id\":\"https:\/\/tourtravelandmore.com\/es\/nueva-guia-de-paris-este-2022\/#primaryimage\"},\"image\":{\"@id\":\"https:\/\/tourtravelandmore.com\/es\/nueva-guia-de-paris-este-2022\/#primaryimage\"},\"thumbnailUrl\":\"https:\/\/tourtravelandmore.com\/wp-content\/uploads\/2022\/04\/image-9.png\",\"datePublished\":\"2022-04-22T08:25:12+00:00\",\"dateModified\":\"2025-05-16T14:13:51+00:00\",\"description\":\"\u2714 Par\u00eds, ciudad para disfrutar de las mejores vacaciones de su vida. Llena de hermosos museos, palacios, castillos, moda y todo lo que se pueda imaginar \u2714\",\"breadcrumb\":{\"@id\":\"https:\/\/tourtravelandmore.com\/es\/nueva-guia-de-paris-este-2022\/#breadcrumb\"},\"inLanguage\":\"es\",\"potentialAction\":[{\"@type\":\"ReadAction\",\"target\":[\"https:\/\/tourtravelandmore.com\/es\/nueva-guia-de-paris-este-2022\/\"]}]},{\"@type\":\"ImageObject\",\"inLanguage\":\"es\",\"@id\":\"https:\/\/tourtravelandmore.com\/es\/nueva-guia-de-paris-este-2022\/#primaryimage\",\"url\":\"https:\/\/tourtravelandmore.com\/wp-content\/uploads\/2022\/04\/image-9.png\",\"contentUrl\":\"https:\/\/tourtravelandmore.com\/wp-content\/uploads\/2022\/04\/image-9.png\",\"width\":1400,\"height\":896},{\"@type\":\"BreadcrumbList\",\"@id\":\"https:\/\/tourtravelandmore.com\/es\/nueva-guia-de-paris-este-2022\/#breadcrumb\",\"itemListElement\":[{\"@type\":\"ListItem\",\"position\":1,\"name\":\"Home\",\"item\":\"https:\/\/tourtravelandmore.com\/es\/\"},{\"@type\":\"ListItem\",\"position\":2,\"name\":\"Nueva Gu\u00eda de Par\u00eds este 2022\"}]},{\"@type\":\"WebSite\",\"@id\":\"https:\/\/tourtravelandmore.com\/es\/#website\",\"url\":\"https:\/\/tourtravelandmore.com\/es\/\",\"name\":\"Tour Travel And More\",\"description\":\"Private sightseeing tours and luxury transfers in Spain\",\"publisher\":{\"@id\":\"https:\/\/tourtravelandmore.com\/es\/#organization\"},\"potentialAction\":[{\"@type\":\"SearchAction\",\"target\":{\"@type\":\"EntryPoint\",\"urlTemplate\":\"https:\/\/tourtravelandmore.com\/es\/?s={search_term_string}\"},\"query-input\":{\"@type\":\"PropertyValueSpecification\",\"valueRequired\":true,\"valueName\":\"search_term_string\"}}],\"inLanguage\":\"es\"},{\"@type\":\"Organization\",\"@id\":\"https:\/\/tourtravelandmore.com\/es\/#organization\",\"name\":\"Tour Travel And More\",\"url\":\"https:\/\/tourtravelandmore.com\/es\/\",\"logo\":{\"@type\":\"ImageObject\",\"inLanguage\":\"es\",\"@id\":\"https:\/\/tourtravelandmore.com\/es\/#\/schema\/logo\/image\/\",\"url\":\"https:\/\/tourtravelandmore.com\/wp-content\/uploads\/2022\/12\/cropped-logo-cabecera-new.png\",\"contentUrl\":\"https:\/\/tourtravelandmore.com\/wp-content\/uploads\/2022\/12\/cropped-logo-cabecera-new.png\",\"width\":430,\"height\":61,\"caption\":\"Tour Travel And More\"},\"image\":{\"@id\":\"https:\/\/tourtravelandmore.com\/es\/#\/schema\/logo\/image\/\"},\"sameAs\":[\"https:\/\/www.facebook.com\/tourtravelandmore\/\",\"https:\/\/x.com\/TourTravel_More\"]},{\"@type\":\"Person\",\"@id\":\"https:\/\/tourtravelandmore.com\/es\/#\/schema\/person\/2a1c66d76ae9290a394e8efb4af12e1e\",\"name\":\"Maya Nader Harati\",\"image\":{\"@type\":\"ImageObject\",\"inLanguage\":\"es\",\"@id\":\"https:\/\/tourtravelandmore.com\/es\/#\/schema\/person\/image\/\",\"url\":\"https:\/\/secure.gravatar.com\/avatar\/adc2305883b6f86a616354c0c4516fcd9a333d5f5a0806d9d1ae9b30f898fa1f?s=96&d=mm&r=g\",\"contentUrl\":\"https:\/\/secure.gravatar.com\/avatar\/adc2305883b6f86a616354c0c4516fcd9a333d5f5a0806d9d1ae9b30f898fa1f?s=96&d=mm&r=g\",\"caption\":\"Maya Nader Harati\"},\"description\":\"Cultural Destination Specialist & Travel Chronicler. Maya doesn\u2019t just travel the world; she translates it.\",\"sameAs\":[\"https:\/\/tourtravelandmore.com\/author-profile-maya-nader-harati\/\"]}]}<\/script>\n<!-- \/ Yoast SEO Premium plugin. -->","yoast_head_json":{"title":"Nueva Gu\u00eda de Par\u00eds este 2022 - Tourtravel&more","description":"\u2714 Par\u00eds, ciudad para disfrutar de las mejores vacaciones de su vida. Llena de hermosos museos, palacios, castillos, moda y todo lo que se pueda imaginar \u2714","robots":{"index":"index","follow":"follow","max-snippet":"max-snippet:-1","max-image-preview":"max-image-preview:large","max-video-preview":"max-video-preview:-1"},"canonical":"https:\/\/tourtravelandmore.com\/es\/nueva-guia-de-paris-este-2022\/","og_locale":"es_ES","og_type":"article","og_title":"Nueva Gu\u00eda de Par\u00eds este 2022","og_description":"\u2714 Par\u00eds, ciudad para disfrutar de las mejores vacaciones de su vida. Llena de hermosos museos, palacios, castillos, moda y todo lo que se pueda imaginar \u2714","og_url":"https:\/\/tourtravelandmore.com\/es\/nueva-guia-de-paris-este-2022\/","og_site_name":"Tour Travel And More","article_publisher":"https:\/\/www.facebook.com\/tourtravelandmore\/","article_published_time":"2022-04-22T08:25:12+00:00","article_modified_time":"2025-05-16T14:13:51+00:00","og_image":[{"width":1400,"height":896,"url":"https:\/\/tourtravelandmore.com\/wp-content\/uploads\/2022\/04\/image-9.png","type":"image\/png"}],"author":"Maya Nader Harati","twitter_card":"summary_large_image","twitter_creator":"@TourTravel_More","twitter_site":"@TourTravel_More","twitter_misc":{"Escrito por":"Maya Nader Harati","Tiempo de lectura":"9 minutos"},"schema":{"@context":"https:\/\/schema.org","@graph":[{"@type":"Article","@id":"https:\/\/tourtravelandmore.com\/es\/nueva-guia-de-paris-este-2022\/#article","isPartOf":{"@id":"https:\/\/tourtravelandmore.com\/es\/nueva-guia-de-paris-este-2022\/"},"author":{"name":"Maya Nader Harati","@id":"https:\/\/tourtravelandmore.com\/es\/#\/schema\/person\/2a1c66d76ae9290a394e8efb4af12e1e"},"headline":"Nueva Gu\u00eda de Par\u00eds este 2022","datePublished":"2022-04-22T08:25:12+00:00","dateModified":"2025-05-16T14:13:51+00:00","mainEntityOfPage":{"@id":"https:\/\/tourtravelandmore.com\/es\/nueva-guia-de-paris-este-2022\/"},"wordCount":1852,"commentCount":0,"publisher":{"@id":"https:\/\/tourtravelandmore.com\/es\/#organization"},"image":{"@id":"https:\/\/tourtravelandmore.com\/es\/nueva-guia-de-paris-este-2022\/#primaryimage"},"thumbnailUrl":"https:\/\/tourtravelandmore.com\/wp-content\/uploads\/2022\/04\/image-9.png","articleSection":["Europa","Europe","Francia","Paris"],"inLanguage":"es","potentialAction":[{"@type":"CommentAction","name":"Comment","target":["https:\/\/tourtravelandmore.com\/es\/nueva-guia-de-paris-este-2022\/#respond"]}],"accessibilityFeature":["tableOfContents"]},{"@type":"WebPage","@id":"https:\/\/tourtravelandmore.com\/es\/nueva-guia-de-paris-este-2022\/","url":"https:\/\/tourtravelandmore.com\/es\/nueva-guia-de-paris-este-2022\/","name":"Nueva Gu\u00eda de Par\u00eds este 2022 - Tourtravel&more","isPartOf":{"@id":"https:\/\/tourtravelandmore.com\/es\/#website"},"primaryImageOfPage":{"@id":"https:\/\/tourtravelandmore.com\/es\/nueva-guia-de-paris-este-2022\/#primaryimage"},"image":{"@id":"https:\/\/tourtravelandmore.com\/es\/nueva-guia-de-paris-este-2022\/#primaryimage"},"thumbnailUrl":"https:\/\/tourtravelandmore.com\/wp-content\/uploads\/2022\/04\/image-9.png","datePublished":"2022-04-22T08:25:12+00:00","dateModified":"2025-05-16T14:13:51+00:00","description":"\u2714 Par\u00eds, ciudad para disfrutar de las mejores vacaciones de su vida. Llena de hermosos museos, palacios, castillos, moda y todo lo que se pueda imaginar \u2714","breadcrumb":{"@id":"https:\/\/tourtravelandmore.com\/es\/nueva-guia-de-paris-este-2022\/#breadcrumb"},"inLanguage":"es","potentialAction":[{"@type":"ReadAction","target":["https:\/\/tourtravelandmore.com\/es\/nueva-guia-de-paris-este-2022\/"]}]},{"@type":"ImageObject","inLanguage":"es","@id":"https:\/\/tourtravelandmore.com\/es\/nueva-guia-de-paris-este-2022\/#primaryimage","url":"https:\/\/tourtravelandmore.com\/wp-content\/uploads\/2022\/04\/image-9.png","contentUrl":"https:\/\/tourtravelandmore.com\/wp-content\/uploads\/2022\/04\/image-9.png","width":1400,"height":896},{"@type":"BreadcrumbList","@id":"https:\/\/tourtravelandmore.com\/es\/nueva-guia-de-paris-este-2022\/#breadcrumb","itemListElement":[{"@type":"ListItem","position":1,"name":"Home","item":"https:\/\/tourtravelandmore.com\/es\/"},{"@type":"ListItem","position":2,"name":"Nueva Gu\u00eda de Par\u00eds este 2022"}]},{"@type":"WebSite","@id":"https:\/\/tourtravelandmore.com\/es\/#website","url":"https:\/\/tourtravelandmore.com\/es\/","name":"Tour Travel And More","description":"Private sightseeing tours and luxury transfers in Spain","publisher":{"@id":"https:\/\/tourtravelandmore.com\/es\/#organization"},"potentialAction":[{"@type":"SearchAction","target":{"@type":"EntryPoint","urlTemplate":"https:\/\/tourtravelandmore.com\/es\/?s={search_term_string}"},"query-input":{"@type":"PropertyValueSpecification","valueRequired":true,"valueName":"search_term_string"}}],"inLanguage":"es"},{"@type":"Organization","@id":"https:\/\/tourtravelandmore.com\/es\/#organization","name":"Tour Travel And More","url":"https:\/\/tourtravelandmore.com\/es\/","logo":{"@type":"ImageObject","inLanguage":"es","@id":"https:\/\/tourtravelandmore.com\/es\/#\/schema\/logo\/image\/","url":"https:\/\/tourtravelandmore.com\/wp-content\/uploads\/2022\/12\/cropped-logo-cabecera-new.png","contentUrl":"https:\/\/tourtravelandmore.com\/wp-content\/uploads\/2022\/12\/cropped-logo-cabecera-new.png","width":430,"height":61,"caption":"Tour Travel And More"},"image":{"@id":"https:\/\/tourtravelandmore.com\/es\/#\/schema\/logo\/image\/"},"sameAs":["https:\/\/www.facebook.com\/tourtravelandmore\/","https:\/\/x.com\/TourTravel_More"]},{"@type":"Person","@id":"https:\/\/tourtravelandmore.com\/es\/#\/schema\/person\/2a1c66d76ae9290a394e8efb4af12e1e","name":"Maya Nader Harati","image":{"@type":"ImageObject","inLanguage":"es","@id":"https:\/\/tourtravelandmore.com\/es\/#\/schema\/person\/image\/","url":"https:\/\/secure.gravatar.com\/avatar\/adc2305883b6f86a616354c0c4516fcd9a333d5f5a0806d9d1ae9b30f898fa1f?s=96&d=mm&r=g","contentUrl":"https:\/\/secure.gravatar.com\/avatar\/adc2305883b6f86a616354c0c4516fcd9a333d5f5a0806d9d1ae9b30f898fa1f?s=96&d=mm&r=g","caption":"Maya Nader Harati"},"description":"Cultural Destination Specialist & Travel Chronicler. Maya doesn\u2019t just travel the world; she translates it.","sameAs":["https:\/\/tourtravelandmore.com\/author-profile-maya-nader-harati\/"]}]}},"_links":{"self":[{"href":"https:\/\/tourtravelandmore.com\/es\/wp-json\/wp\/v2\/posts\/124227","targetHints":{"allow":["GET"]}}],"collection":[{"href":"https:\/\/tourtravelandmore.com\/es\/wp-json\/wp\/v2\/posts"}],"about":[{"href":"https:\/\/tourtravelandmore.com\/es\/wp-json\/wp\/v2\/types\/post"}],"author":[{"embeddable":true,"href":"https:\/\/tourtravelandmore.com\/es\/wp-json\/wp\/v2\/users\/2"}],"replies":[{"embeddable":true,"href":"https:\/\/tourtravelandmore.com\/es\/wp-json\/wp\/v2\/comments?post=124227"}],"version-history":[{"count":1,"href":"https:\/\/tourtravelandmore.com\/es\/wp-json\/wp\/v2\/posts\/124227\/revisions"}],"predecessor-version":[{"id":183897,"href":"https:\/\/tourtravelandmore.com\/es\/wp-json\/wp\/v2\/posts\/124227\/revisions\/183897"}],"wp:featuredmedia":[{"embeddable":true,"href":"https:\/\/tourtravelandmore.com\/es\/wp-json\/wp\/v2\/media\/124226"}],"wp:attachment":[{"href":"https:\/\/tourtravelandmore.com\/es\/wp-json\/wp\/v2\/media?parent=124227"}],"wp:term":[{"taxonomy":"category","embeddable":true,"href":"https:\/\/tourtravelandmore.com\/es\/wp-json\/wp\/v2\/categories?post=124227"},{"taxonomy":"post_tag","embeddable":true,"href":"https:\/\/tourtravelandmore.com\/es\/wp-json\/wp\/v2\/tags?post=124227"}],"curies":[{"name":"wp","href":"https:\/\/api.w.org\/{rel}","templated":true}]}}