{"id":120016,"date":"2022-02-25T09:40:17","date_gmt":"2022-02-25T08:40:17","guid":{"rendered":"https:\/\/tourtravelandmore.com\/?p=120016"},"modified":"2025-05-16T16:21:42","modified_gmt":"2025-05-16T14:21:42","slug":"5-planes-para-sonar-con-fuerteventura","status":"publish","type":"post","link":"https:\/\/tourtravelandmore.com\/es\/5-planes-para-sonar-con-fuerteventura\/","title":{"rendered":"<strong>5 planes para so\u00f1ar con Fuerteventura<\/strong>"},"content":{"rendered":"\n<div class=\"wp-block-yoast-seo-table-of-contents yoast-table-of-contents\"><h2>Tabla de contenidos<\/h2><ul><li><a href=\"#h-historia-sobre-la-isla-de-fuerteventura\" data-level=\"2\">Historia sobre la isla de Fuerteventura<\/a><\/li><li><a href=\"#h-qu-ofrece-la-isla-de-fuerteventura-seg-n-su-geograf-a\" data-level=\"2\">\u00bfQu\u00e9 ofrece la isla de Fuerteventura seg\u00fan su geograf\u00eda?<\/a><\/li><li><a href=\"#h-5-planes-en-la-isla-de-fuerteventura\" data-level=\"2\">5 planes en la isla de Fuerteventura<\/a><\/li><\/ul><\/div>\n\n\n\n<p>Fuerteventura <a href=\"https:\/\/tourtravelandmore.com\/es\/ciudad\/espana-es\/fuerteventura-es\/\"><strong>es la isla m\u00e1s antigua del archipi\u00e9lago canario y la 2da en extensi\u00f3n<\/strong><\/a>, tras Tenerife. Posee una superficie de un poco m\u00e1s de 1600 Km cuadrados, siendo tambi\u00e9n la <strong>isla m\u00e1s \u00e1rida y erosionada de dicho archipi\u00e9lago<\/strong>; adem\u00e1s, se localiza a unos 100 km de \u00c1frica, en pleno oc\u00e9ano Mediterr\u00e1neo.<\/p>\n\n\n\n<p>Al noroeste de Fuerteventura se localiza la Isla de Lobos, un islote peque\u00f1o que forma parte de su territorio. En Fuerteventura tambi\u00e9n encontramos zonas que han sido cubiertas de lava en \u00e9pocas anteriores por la actividad volc\u00e1nica. Posee unos 100 km de hermosos <strong>acantilados y playas de cristalinas aguas<\/strong>, las cuales mantienen una temperatura c\u00e1lida durante todo el a\u00f1o, favoreciendo as\u00ed el turismo&nbsp;<\/p>\n\n\n\n<h2 class=\"wp-block-heading\" id=\"h-historia-sobre-la-isla-de-fuerteventura\"><strong>Historia sobre la isla de Fuerteventura<\/strong><\/h2>\n\n\n\n<p>Se dice que hacia el a\u00f1o 1000 a.C llegaron los primeros pueblos para habitar la isla, poblaci\u00f3n que se dedicaban a la agricultura, ganader\u00eda, pesca y al pastoreo. <strong>Se les llam\u00f3 los \u201cmajos\u201d<\/strong>, palabra que proven\u00eda de los pobladores de las tribus de los bereberes, del norte del pa\u00eds africano; refiri\u00e9ndose al calzado que utilizaban, de piel de cabra.&nbsp;<\/p>\n\n\n\n<p>Para ese entonces la isla era llamada Herbania y estaba separada por un muro y 2 reinos, uno al <strong>norte llamado Maxorata y el otro hacia el sur, Jand\u00eda<\/strong>. Luego la isla tuvo una fuerte ocupaci\u00f3n de pobladores de las otras islas canarias. Seguidamente, en 1402 comienza un cambio, mediante las expediciones y disputas de unos normandos, para obtener este territorio; entrando por el Puerto de la Pe\u00f1a.<\/p>\n\n\n\n<p>Pero luego se pelearon y, sin obtener el apoyo del rey de Castilla, no pudieron defender la isla y en 1405 pas\u00f3 a formar parte de este reino. Con el tiempo aument\u00f3 la poblaci\u00f3n en sana paz y se asentaron sobre todo <strong>en Betancuria y en el Valle de la Vega<\/strong>. Seguidamente hubo ataques de piratas y de los b\u00e1rbaros, y se decidi\u00f3 levantar puntos de defensa en toda la isla.<\/p>\n\n\n\n<p>Posteriormente la poblaci\u00f3n tuvo que emigrar a las otras islas canarias y a Am\u00e9rica, debido a <strong>sequ\u00edas y una gran escasez de los alimentos<\/strong>. Es a partir del siglo XX que la isla comienza un nuevo cambio, tratando la tierra de la erosi\u00f3n, para poder cultivar todo tipo de alimentos.&nbsp;<\/p>\n\n\n\n<p>Tambi\u00e9n tuvo un empuj\u00f3n comercial <strong>mediante el intercambio econ\u00f3mico y cultural<\/strong>. Se crea el puerto mercantil y el de su capital, Puerto de Cabras. A partir de los 70 comienza su mayor crecimiento, con una afluencia de turismo bastante fuerte. En la actualidad su capital es Puerto del Rosario.&nbsp;<\/p>\n\n\n\n<h2 class=\"wp-block-heading\" id=\"h-qu-ofrece-la-isla-de-fuerteventura-seg-n-su-geograf-a\"><strong>\u00bfQu\u00e9 ofrece la isla de Fuerteventura seg\u00fan su geograf\u00eda?<\/strong><\/h2>\n\n\n\n<p>Fuerteventura se caracteriza por ser una <strong>isla de varios contrastes<\/strong>, entre sus \u00e1reas volc\u00e1nicas, sus playas y las diferentes zonas de los cultivos que se localizan a todo lo largo y ancho del territorio. Sus costas poseen grandes extensiones de arena blanca y fina, adem\u00e1s de zonas que sirven para el descanso del turista.<\/p>\n\n\n\n<p>Las playas que m\u00e1s se conocen son en la zona de Costa Calma, el Morro Jable, Punta de Jand\u00eda y Sotavento. Adem\u00e1s, en algunas playas se pueden <strong>practicar deportes acu\u00e1ticos <\/strong>como el buceo, el surf, windsurf, entre otros. Tambi\u00e9n, en la parte interna de la isla hay muchas actividades para el turismo y la distracci\u00f3n de sus visitantes, a nivel de senderismo, monta\u00f1a, gastronom\u00eda, safari, paseos en buggy y mucho m\u00e1s.&nbsp;<\/p>\n\n\n\n<p><strong>El Monte de Tindaya<\/strong> tambi\u00e9n es muy visitado, ya que es el lugar de adoraci\u00f3n y sagrado de los \u201cmajos\u201d, que se localiza a una altitud de 700 m. El punto m\u00e1s alto de Fuerteventura, a unos 807 m, es el Pico de la Zarza.<\/p>\n\n\n\n<h2 class=\"wp-block-heading\" id=\"h-5-planes-en-la-isla-de-fuerteventura\"><strong>5 planes en la isla de Fuerteventura<\/strong><\/h2>\n\n\n\n<ul class=\"wp-block-list\"><li>Paseo a la Oliva, al Parque Rural de Betancuria y las dunas de Corralejo:<\/li><li>LA OLIVA: forma parte de la provincia de Las Palmas y se encuentra ubicada en la <strong>zona norte de Fuerteventura<\/strong>, de mucha atracci\u00f3n para el turista y donde se puede conocer tanto La Casa de Arte de Man\u00e9 como la de los Coroneles. Asimismo, cuenta con el Parque Natural Isla de Lobos, la monta\u00f1a de Tindaya, lugar sagrado de los Majos.<\/li><\/ul>\n\n\n\n<p>Tambi\u00e9n en esta zona se ubica el Mirador de Morro Velosa, las playas del Cotillo y el Parque Natural de Dunas de Corralejo. Adem\u00e1s, La Oliva es la zona que posee <strong>mayor n\u00famero de cafeter\u00edas, restaurantes<\/strong>, pasteler\u00edas y helader\u00edas de la isla de Fuerteventura.<\/p>\n\n\n\n<ul class=\"wp-block-list\"><li>El Municipio de Betancuria: vamos ahora hacia la <strong>costa oeste de la isla,<\/strong> que pertenece tambi\u00e9n a la Provincia de Las Palmas y que en un pasado fue la capital de Fuerteventura.&nbsp;<\/li><\/ul>\n\n\n\n<p>Hay varios <strong>lugares que se deben conocer en esta localidad<\/strong>, tales como el Museo Arqueol\u00f3gico de Betancuria, el Convento de Buenaventura, la Iglesia de Santa Mar\u00eda, la Ermita de la Virgen de la Pe\u00f1a y, por supuesto, el casco antiguo de Betancuria.<\/p>\n\n\n\n<ul class=\"wp-block-list\"><li>La zona de Corralejo: situado tambi\u00e9n al norte de Fuerteventura, antiguamente era un pueblo pesquero. Posee muchas playas, tales como El Bajo Negro, Playa M\u00e9dano, Playa El Viejo, Playa del Burro, de arena blanca y agua cristalina, un interesante volc\u00e1n, la Monta\u00f1a Roja y el famoso <strong>Parque Natural de Dunas o desierto peque\u00f1o<\/strong>.&nbsp;<\/li><\/ul>\n\n\n\n<figure class=\"wp-block-image\"><img decoding=\"async\" src=\"https:\/\/lh6.googleusercontent.com\/_Kb4_AP1o2QXh2BuzddPFyksCs0MWX3LH7p4c3BPtWeA4xI-SWJGkzddk4dhLSCbZngtwBs2zSZw0Z1X_rQfjkAoe1rQC98zO19HJSq62f87gFvc6QDpNF88httE-5s6AujDBPGk\" alt=\"\"\/><\/figure>\n\n\n\n<ul class=\"wp-block-list\"><li>Disfrutar de actividades de tipo acu\u00e1ticas<strong>: <\/strong>la opci\u00f3n que m\u00e1s se recomienda es ir hacia la zona sur de la isla. Fuerteventura tiene la ventaja de tener diversidad entre sus playas. Por ejemplo, para <strong>actividades de snorkel se recomienda <\/strong>el Parque Natural de Jand\u00eda, con todo el equipo acorde para tal actividad; disfrutando de toda la fauna y flora marina, y adem\u00e1s se puede llegar en Kayak.<\/li><\/ul>\n\n\n\n<p>Otro lugar para disfrutar del snorkel es en la isla de Lobos, hacia el norte, con sus aguas transparentes y de color turquesa, todo un espect\u00e1culo. La <strong>actividad de kayak tambi\u00e9n se puede realizar<\/strong> en el sur de la isla, pero desde el pueblo de La Lajita, remando hasta el pueblo de El Puertito.<\/p>\n\n\n\n<p>Si te gusta el Windsurf, no pierdas la oportunidad en Matas Bay. Hacia el norte de Fuerteventura tambi\u00e9n se realizan <strong>actividades de windsurf, buceo y de surf;<\/strong> estamos hablando de Corralejo.&nbsp;<\/p>\n\n\n\n<ul class=\"wp-block-list\"><li>Paseo por la costa de Fuerteventura para Senderismo<strong>: <\/strong>las actividades al aire libre y a la vez poder disfrutar y <strong>conectarse con la naturaleza <\/strong>es algo que a todos nos gusta. Algunas de estas actividades son, por ejemplo, hacia las Cuevas de Ajuy, el Volc\u00e1n Calder\u00f3n Hondo y la Ruta Barranco de las Pe\u00f1itas. Igualmente, no se pueden olvidar de la Caldera de Gair\u00eda, el Pico de la Zarza, la Playa de Cofete y El Card\u00f3n-El Tunquito.<\/li><\/ul>\n\n\n\n<figure class=\"wp-block-image\"><img decoding=\"async\" src=\"https:\/\/lh3.googleusercontent.com\/hb85MKjgqsvrl7dq8OC0i7K-sfcouzXB9zJG5nb92mKq5nQ1pwCKA8pcelE-RZRa1plS1l3v1mZrkQcWEFRI0y8v9jn0if7YIRqmuY-a45ZHEsMR7_U6Y21pW-l_Q7wPD1cHrDqC\" alt=\"\"\/><\/figure>\n\n\n\n<ul class=\"wp-block-list\"><li>Paseo para conducir en Buggy por el desierto y las tierras volc\u00e1nicas: Este paseo se realizar\u00e1 por la zona norte de la isla, pero lo interesante de esta actividad es que <strong>t\u00fa mismo lo vas a conducir<\/strong>. Una experiencia interesante para ver m\u00e1s de cerca toda la flora y fauna t\u00edpica de la zona, sus diferentes vistas, adem\u00e1s de la sensaci\u00f3n de manejar sobre la arena del desierto y las tierras de volcanes.<\/li><li>Paseo para conocer los productos tradicionales de la gastronom\u00eda de la isla: por supuesto que no debe faltar la degustaci\u00f3n de los productos t\u00edpicos de la isla, tales <strong>como el zumo de cactus,<\/strong> que se elabora a partir de lo que llaman el tuno indio, un tipo de fruta del cactus que contiene mucho jugo y vitaminas. Inclusive con esta fruta tambi\u00e9n se elaboran salsas y mermeladas.<\/li><\/ul>\n\n\n\n<p>Se puede visitar la finca donde se produce este producto. Igualmente, <strong>no te puedes perder el queso majorero<\/strong>, que se elabora a partir de la leche de cabra y otros ingredientes, visitando una quesera llamada La Gambuesa, donde se pueden degustar; famosa por haber ganado la distinci\u00f3n del World Cheese Award gracias a su t\u00e9cnica tradicional y buen gusto.<\/p>\n","protected":false},"excerpt":{"rendered":"<p>Fuerteventura es la isla m\u00e1s antigua y \u00e1rida del archipi\u00e9lago canario. Sin embargo, posee muchas actividades de gran inter\u00e9s para los turistas. Gracias a sus espectaculares playas de aguas cristalinas se pueden disfrutar de muchos deportes acu\u00e1ticos, senderismo y m\u00e1s.<\/p>\n","protected":false},"author":2,"featured_media":120015,"comment_status":"open","ping_status":"open","sticky":false,"template":"","format":"standard","meta":{"_acf_changed":false,"footnotes":""},"categories":[4087,2294,2349,2903,3909],"tags":[],"class_list":["post-120016","post","type-post","status-publish","format-standard","has-post-thumbnail","hentry","category-canarias-espana-2","category-espana-2","category-europa","category-europe-es","category-spain-es"],"acf":[],"yoast_head":"<!-- This site is optimized with the Yoast SEO Premium plugin v25.3.1 (Yoast SEO v25.3.1) - https:\/\/yoast.com\/wordpress\/plugins\/seo\/ -->\n<title>5 planes para so\u00f1ar con Fuerteventura \u2013 Tour Travel &amp; More<\/title>\n<meta name=\"description\" content=\"\u21e8 Fuerteventura, isla canaria que te ofrece planificar todos los sue\u00f1os en unas merecidas vacaciones; ideal para practicar diferentes actividades. \u21e8\" \/>\n<meta name=\"robots\" content=\"index, follow, max-snippet:-1, max-image-preview:large, max-video-preview:-1\" \/>\n<link rel=\"canonical\" href=\"https:\/\/tourtravelandmore.com\/es\/5-planes-para-sonar-con-fuerteventura\/\" \/>\n<meta property=\"og:locale\" content=\"es_ES\" \/>\n<meta property=\"og:type\" content=\"article\" \/>\n<meta property=\"og:title\" content=\"5 planes para so\u00f1ar con Fuerteventura\" \/>\n<meta property=\"og:description\" content=\"\u21e8 Fuerteventura, isla canaria que te ofrece planificar todos los sue\u00f1os en unas merecidas vacaciones; ideal para practicar diferentes actividades. \u21e8\" \/>\n<meta property=\"og:url\" content=\"https:\/\/tourtravelandmore.com\/es\/5-planes-para-sonar-con-fuerteventura\/\" \/>\n<meta property=\"og:site_name\" content=\"Tour Travel And More\" \/>\n<meta property=\"article:publisher\" content=\"https:\/\/www.facebook.com\/tourtravelandmore\/\" \/>\n<meta property=\"article:published_time\" content=\"2022-02-25T08:40:17+00:00\" \/>\n<meta property=\"article:modified_time\" content=\"2025-05-16T14:21:42+00:00\" \/>\n<meta property=\"og:image\" content=\"https:\/\/tourtravelandmore.com\/wp-content\/uploads\/2022\/02\/image-10.jpeg\" \/>\n\t<meta property=\"og:image:width\" content=\"918\" \/>\n\t<meta property=\"og:image:height\" content=\"612\" \/>\n\t<meta property=\"og:image:type\" content=\"image\/jpeg\" \/>\n<meta name=\"author\" content=\"Maya Nader Harati\" \/>\n<meta name=\"twitter:card\" content=\"summary_large_image\" \/>\n<meta name=\"twitter:creator\" content=\"@TourTravel_More\" \/>\n<meta name=\"twitter:site\" content=\"@TourTravel_More\" \/>\n<meta name=\"twitter:label1\" content=\"Escrito por\" \/>\n\t<meta name=\"twitter:data1\" content=\"Maya Nader Harati\" \/>\n\t<meta name=\"twitter:label2\" content=\"Tiempo de lectura\" \/>\n\t<meta name=\"twitter:data2\" content=\"7 minutos\" \/>\n<script type=\"application\/ld+json\" class=\"yoast-schema-graph\">{\"@context\":\"https:\/\/schema.org\",\"@graph\":[{\"@type\":\"Article\",\"@id\":\"https:\/\/tourtravelandmore.com\/es\/5-planes-para-sonar-con-fuerteventura\/#article\",\"isPartOf\":{\"@id\":\"https:\/\/tourtravelandmore.com\/es\/5-planes-para-sonar-con-fuerteventura\/\"},\"author\":{\"name\":\"Maya Nader Harati\",\"@id\":\"https:\/\/tourtravelandmore.com\/es\/#\/schema\/person\/2a1c66d76ae9290a394e8efb4af12e1e\"},\"headline\":\"5 planes para so\u00f1ar con Fuerteventura\",\"datePublished\":\"2022-02-25T08:40:17+00:00\",\"dateModified\":\"2025-05-16T14:21:42+00:00\",\"mainEntityOfPage\":{\"@id\":\"https:\/\/tourtravelandmore.com\/es\/5-planes-para-sonar-con-fuerteventura\/\"},\"wordCount\":1397,\"commentCount\":0,\"publisher\":{\"@id\":\"https:\/\/tourtravelandmore.com\/es\/#organization\"},\"image\":{\"@id\":\"https:\/\/tourtravelandmore.com\/es\/5-planes-para-sonar-con-fuerteventura\/#primaryimage\"},\"thumbnailUrl\":\"https:\/\/tourtravelandmore.com\/wp-content\/uploads\/2022\/02\/image-10.jpeg\",\"articleSection\":[\"Canarias\",\"Espa\u00f1a\",\"Europa\",\"Europe\",\"Spain\"],\"inLanguage\":\"es\",\"potentialAction\":[{\"@type\":\"CommentAction\",\"name\":\"Comment\",\"target\":[\"https:\/\/tourtravelandmore.com\/es\/5-planes-para-sonar-con-fuerteventura\/#respond\"]}],\"accessibilityFeature\":[\"tableOfContents\"]},{\"@type\":\"WebPage\",\"@id\":\"https:\/\/tourtravelandmore.com\/es\/5-planes-para-sonar-con-fuerteventura\/\",\"url\":\"https:\/\/tourtravelandmore.com\/es\/5-planes-para-sonar-con-fuerteventura\/\",\"name\":\"5 planes para so\u00f1ar con Fuerteventura \u2013 Tour Travel & More\",\"isPartOf\":{\"@id\":\"https:\/\/tourtravelandmore.com\/es\/#website\"},\"primaryImageOfPage\":{\"@id\":\"https:\/\/tourtravelandmore.com\/es\/5-planes-para-sonar-con-fuerteventura\/#primaryimage\"},\"image\":{\"@id\":\"https:\/\/tourtravelandmore.com\/es\/5-planes-para-sonar-con-fuerteventura\/#primaryimage\"},\"thumbnailUrl\":\"https:\/\/tourtravelandmore.com\/wp-content\/uploads\/2022\/02\/image-10.jpeg\",\"datePublished\":\"2022-02-25T08:40:17+00:00\",\"dateModified\":\"2025-05-16T14:21:42+00:00\",\"description\":\"\u21e8 Fuerteventura, isla canaria que te ofrece planificar todos los sue\u00f1os en unas merecidas vacaciones; ideal para practicar diferentes actividades. \u21e8\",\"breadcrumb\":{\"@id\":\"https:\/\/tourtravelandmore.com\/es\/5-planes-para-sonar-con-fuerteventura\/#breadcrumb\"},\"inLanguage\":\"es\",\"potentialAction\":[{\"@type\":\"ReadAction\",\"target\":[\"https:\/\/tourtravelandmore.com\/es\/5-planes-para-sonar-con-fuerteventura\/\"]}]},{\"@type\":\"ImageObject\",\"inLanguage\":\"es\",\"@id\":\"https:\/\/tourtravelandmore.com\/es\/5-planes-para-sonar-con-fuerteventura\/#primaryimage\",\"url\":\"https:\/\/tourtravelandmore.com\/wp-content\/uploads\/2022\/02\/image-10.jpeg\",\"contentUrl\":\"https:\/\/tourtravelandmore.com\/wp-content\/uploads\/2022\/02\/image-10.jpeg\",\"width\":918,\"height\":612},{\"@type\":\"BreadcrumbList\",\"@id\":\"https:\/\/tourtravelandmore.com\/es\/5-planes-para-sonar-con-fuerteventura\/#breadcrumb\",\"itemListElement\":[{\"@type\":\"ListItem\",\"position\":1,\"name\":\"Home\",\"item\":\"https:\/\/tourtravelandmore.com\/es\/\"},{\"@type\":\"ListItem\",\"position\":2,\"name\":\"5 planes para so\u00f1ar con Fuerteventura\"}]},{\"@type\":\"WebSite\",\"@id\":\"https:\/\/tourtravelandmore.com\/es\/#website\",\"url\":\"https:\/\/tourtravelandmore.com\/es\/\",\"name\":\"Tour Travel And More\",\"description\":\"Private sightseeing tours and luxury transfers in Spain\",\"publisher\":{\"@id\":\"https:\/\/tourtravelandmore.com\/es\/#organization\"},\"potentialAction\":[{\"@type\":\"SearchAction\",\"target\":{\"@type\":\"EntryPoint\",\"urlTemplate\":\"https:\/\/tourtravelandmore.com\/es\/?s={search_term_string}\"},\"query-input\":{\"@type\":\"PropertyValueSpecification\",\"valueRequired\":true,\"valueName\":\"search_term_string\"}}],\"inLanguage\":\"es\"},{\"@type\":\"Organization\",\"@id\":\"https:\/\/tourtravelandmore.com\/es\/#organization\",\"name\":\"Tour Travel And More\",\"url\":\"https:\/\/tourtravelandmore.com\/es\/\",\"logo\":{\"@type\":\"ImageObject\",\"inLanguage\":\"es\",\"@id\":\"https:\/\/tourtravelandmore.com\/es\/#\/schema\/logo\/image\/\",\"url\":\"https:\/\/tourtravelandmore.com\/wp-content\/uploads\/2022\/12\/cropped-logo-cabecera-new.png\",\"contentUrl\":\"https:\/\/tourtravelandmore.com\/wp-content\/uploads\/2022\/12\/cropped-logo-cabecera-new.png\",\"width\":430,\"height\":61,\"caption\":\"Tour Travel And More\"},\"image\":{\"@id\":\"https:\/\/tourtravelandmore.com\/es\/#\/schema\/logo\/image\/\"},\"sameAs\":[\"https:\/\/www.facebook.com\/tourtravelandmore\/\",\"https:\/\/x.com\/TourTravel_More\"]},{\"@type\":\"Person\",\"@id\":\"https:\/\/tourtravelandmore.com\/es\/#\/schema\/person\/2a1c66d76ae9290a394e8efb4af12e1e\",\"name\":\"Maya Nader Harati\",\"image\":{\"@type\":\"ImageObject\",\"inLanguage\":\"es\",\"@id\":\"https:\/\/tourtravelandmore.com\/es\/#\/schema\/person\/image\/\",\"url\":\"https:\/\/secure.gravatar.com\/avatar\/adc2305883b6f86a616354c0c4516fcd9a333d5f5a0806d9d1ae9b30f898fa1f?s=96&d=mm&r=g\",\"contentUrl\":\"https:\/\/secure.gravatar.com\/avatar\/adc2305883b6f86a616354c0c4516fcd9a333d5f5a0806d9d1ae9b30f898fa1f?s=96&d=mm&r=g\",\"caption\":\"Maya Nader Harati\"},\"description\":\"Cultural Destination Specialist & Travel Chronicler. Maya doesn\u2019t just travel the world; she translates it.\",\"sameAs\":[\"https:\/\/tourtravelandmore.com\/author-profile-maya-nader-harati\/\"]}]}<\/script>\n<!-- \/ Yoast SEO Premium plugin. -->","yoast_head_json":{"title":"5 planes para so\u00f1ar con Fuerteventura \u2013 Tour Travel & More","description":"\u21e8 Fuerteventura, isla canaria que te ofrece planificar todos los sue\u00f1os en unas merecidas vacaciones; ideal para practicar diferentes actividades. \u21e8","robots":{"index":"index","follow":"follow","max-snippet":"max-snippet:-1","max-image-preview":"max-image-preview:large","max-video-preview":"max-video-preview:-1"},"canonical":"https:\/\/tourtravelandmore.com\/es\/5-planes-para-sonar-con-fuerteventura\/","og_locale":"es_ES","og_type":"article","og_title":"5 planes para so\u00f1ar con Fuerteventura","og_description":"\u21e8 Fuerteventura, isla canaria que te ofrece planificar todos los sue\u00f1os en unas merecidas vacaciones; ideal para practicar diferentes actividades. \u21e8","og_url":"https:\/\/tourtravelandmore.com\/es\/5-planes-para-sonar-con-fuerteventura\/","og_site_name":"Tour Travel And More","article_publisher":"https:\/\/www.facebook.com\/tourtravelandmore\/","article_published_time":"2022-02-25T08:40:17+00:00","article_modified_time":"2025-05-16T14:21:42+00:00","og_image":[{"width":918,"height":612,"url":"https:\/\/tourtravelandmore.com\/wp-content\/uploads\/2022\/02\/image-10.jpeg","type":"image\/jpeg"}],"author":"Maya Nader Harati","twitter_card":"summary_large_image","twitter_creator":"@TourTravel_More","twitter_site":"@TourTravel_More","twitter_misc":{"Escrito por":"Maya Nader Harati","Tiempo de lectura":"7 minutos"},"schema":{"@context":"https:\/\/schema.org","@graph":[{"@type":"Article","@id":"https:\/\/tourtravelandmore.com\/es\/5-planes-para-sonar-con-fuerteventura\/#article","isPartOf":{"@id":"https:\/\/tourtravelandmore.com\/es\/5-planes-para-sonar-con-fuerteventura\/"},"author":{"name":"Maya Nader Harati","@id":"https:\/\/tourtravelandmore.com\/es\/#\/schema\/person\/2a1c66d76ae9290a394e8efb4af12e1e"},"headline":"5 planes para so\u00f1ar con Fuerteventura","datePublished":"2022-02-25T08:40:17+00:00","dateModified":"2025-05-16T14:21:42+00:00","mainEntityOfPage":{"@id":"https:\/\/tourtravelandmore.com\/es\/5-planes-para-sonar-con-fuerteventura\/"},"wordCount":1397,"commentCount":0,"publisher":{"@id":"https:\/\/tourtravelandmore.com\/es\/#organization"},"image":{"@id":"https:\/\/tourtravelandmore.com\/es\/5-planes-para-sonar-con-fuerteventura\/#primaryimage"},"thumbnailUrl":"https:\/\/tourtravelandmore.com\/wp-content\/uploads\/2022\/02\/image-10.jpeg","articleSection":["Canarias","Espa\u00f1a","Europa","Europe","Spain"],"inLanguage":"es","potentialAction":[{"@type":"CommentAction","name":"Comment","target":["https:\/\/tourtravelandmore.com\/es\/5-planes-para-sonar-con-fuerteventura\/#respond"]}],"accessibilityFeature":["tableOfContents"]},{"@type":"WebPage","@id":"https:\/\/tourtravelandmore.com\/es\/5-planes-para-sonar-con-fuerteventura\/","url":"https:\/\/tourtravelandmore.com\/es\/5-planes-para-sonar-con-fuerteventura\/","name":"5 planes para so\u00f1ar con Fuerteventura \u2013 Tour Travel & More","isPartOf":{"@id":"https:\/\/tourtravelandmore.com\/es\/#website"},"primaryImageOfPage":{"@id":"https:\/\/tourtravelandmore.com\/es\/5-planes-para-sonar-con-fuerteventura\/#primaryimage"},"image":{"@id":"https:\/\/tourtravelandmore.com\/es\/5-planes-para-sonar-con-fuerteventura\/#primaryimage"},"thumbnailUrl":"https:\/\/tourtravelandmore.com\/wp-content\/uploads\/2022\/02\/image-10.jpeg","datePublished":"2022-02-25T08:40:17+00:00","dateModified":"2025-05-16T14:21:42+00:00","description":"\u21e8 Fuerteventura, isla canaria que te ofrece planificar todos los sue\u00f1os en unas merecidas vacaciones; ideal para practicar diferentes actividades. \u21e8","breadcrumb":{"@id":"https:\/\/tourtravelandmore.com\/es\/5-planes-para-sonar-con-fuerteventura\/#breadcrumb"},"inLanguage":"es","potentialAction":[{"@type":"ReadAction","target":["https:\/\/tourtravelandmore.com\/es\/5-planes-para-sonar-con-fuerteventura\/"]}]},{"@type":"ImageObject","inLanguage":"es","@id":"https:\/\/tourtravelandmore.com\/es\/5-planes-para-sonar-con-fuerteventura\/#primaryimage","url":"https:\/\/tourtravelandmore.com\/wp-content\/uploads\/2022\/02\/image-10.jpeg","contentUrl":"https:\/\/tourtravelandmore.com\/wp-content\/uploads\/2022\/02\/image-10.jpeg","width":918,"height":612},{"@type":"BreadcrumbList","@id":"https:\/\/tourtravelandmore.com\/es\/5-planes-para-sonar-con-fuerteventura\/#breadcrumb","itemListElement":[{"@type":"ListItem","position":1,"name":"Home","item":"https:\/\/tourtravelandmore.com\/es\/"},{"@type":"ListItem","position":2,"name":"5 planes para so\u00f1ar con Fuerteventura"}]},{"@type":"WebSite","@id":"https:\/\/tourtravelandmore.com\/es\/#website","url":"https:\/\/tourtravelandmore.com\/es\/","name":"Tour Travel And More","description":"Private sightseeing tours and luxury transfers in Spain","publisher":{"@id":"https:\/\/tourtravelandmore.com\/es\/#organization"},"potentialAction":[{"@type":"SearchAction","target":{"@type":"EntryPoint","urlTemplate":"https:\/\/tourtravelandmore.com\/es\/?s={search_term_string}"},"query-input":{"@type":"PropertyValueSpecification","valueRequired":true,"valueName":"search_term_string"}}],"inLanguage":"es"},{"@type":"Organization","@id":"https:\/\/tourtravelandmore.com\/es\/#organization","name":"Tour Travel And More","url":"https:\/\/tourtravelandmore.com\/es\/","logo":{"@type":"ImageObject","inLanguage":"es","@id":"https:\/\/tourtravelandmore.com\/es\/#\/schema\/logo\/image\/","url":"https:\/\/tourtravelandmore.com\/wp-content\/uploads\/2022\/12\/cropped-logo-cabecera-new.png","contentUrl":"https:\/\/tourtravelandmore.com\/wp-content\/uploads\/2022\/12\/cropped-logo-cabecera-new.png","width":430,"height":61,"caption":"Tour Travel And More"},"image":{"@id":"https:\/\/tourtravelandmore.com\/es\/#\/schema\/logo\/image\/"},"sameAs":["https:\/\/www.facebook.com\/tourtravelandmore\/","https:\/\/x.com\/TourTravel_More"]},{"@type":"Person","@id":"https:\/\/tourtravelandmore.com\/es\/#\/schema\/person\/2a1c66d76ae9290a394e8efb4af12e1e","name":"Maya Nader Harati","image":{"@type":"ImageObject","inLanguage":"es","@id":"https:\/\/tourtravelandmore.com\/es\/#\/schema\/person\/image\/","url":"https:\/\/secure.gravatar.com\/avatar\/adc2305883b6f86a616354c0c4516fcd9a333d5f5a0806d9d1ae9b30f898fa1f?s=96&d=mm&r=g","contentUrl":"https:\/\/secure.gravatar.com\/avatar\/adc2305883b6f86a616354c0c4516fcd9a333d5f5a0806d9d1ae9b30f898fa1f?s=96&d=mm&r=g","caption":"Maya Nader Harati"},"description":"Cultural Destination Specialist & Travel Chronicler. Maya doesn\u2019t just travel the world; she translates it.","sameAs":["https:\/\/tourtravelandmore.com\/author-profile-maya-nader-harati\/"]}]}},"_links":{"self":[{"href":"https:\/\/tourtravelandmore.com\/es\/wp-json\/wp\/v2\/posts\/120016","targetHints":{"allow":["GET"]}}],"collection":[{"href":"https:\/\/tourtravelandmore.com\/es\/wp-json\/wp\/v2\/posts"}],"about":[{"href":"https:\/\/tourtravelandmore.com\/es\/wp-json\/wp\/v2\/types\/post"}],"author":[{"embeddable":true,"href":"https:\/\/tourtravelandmore.com\/es\/wp-json\/wp\/v2\/users\/2"}],"replies":[{"embeddable":true,"href":"https:\/\/tourtravelandmore.com\/es\/wp-json\/wp\/v2\/comments?post=120016"}],"version-history":[{"count":1,"href":"https:\/\/tourtravelandmore.com\/es\/wp-json\/wp\/v2\/posts\/120016\/revisions"}],"predecessor-version":[{"id":183962,"href":"https:\/\/tourtravelandmore.com\/es\/wp-json\/wp\/v2\/posts\/120016\/revisions\/183962"}],"wp:featuredmedia":[{"embeddable":true,"href":"https:\/\/tourtravelandmore.com\/es\/wp-json\/wp\/v2\/media\/120015"}],"wp:attachment":[{"href":"https:\/\/tourtravelandmore.com\/es\/wp-json\/wp\/v2\/media?parent=120016"}],"wp:term":[{"taxonomy":"category","embeddable":true,"href":"https:\/\/tourtravelandmore.com\/es\/wp-json\/wp\/v2\/categories?post=120016"},{"taxonomy":"post_tag","embeddable":true,"href":"https:\/\/tourtravelandmore.com\/es\/wp-json\/wp\/v2\/tags?post=120016"}],"curies":[{"name":"wp","href":"https:\/\/api.w.org\/{rel}","templated":true}]}}