{"id":119532,"date":"2022-02-18T08:32:01","date_gmt":"2022-02-18T07:32:01","guid":{"rendered":"https:\/\/tourtravelandmore.com\/?p=119532"},"modified":"2025-05-16T16:21:59","modified_gmt":"2025-05-16T14:21:59","slug":"estrada-nacional-2-la-ruta-66-portuguesa","status":"publish","type":"post","link":"https:\/\/tourtravelandmore.com\/es\/estrada-nacional-2-la-ruta-66-portuguesa\/","title":{"rendered":"<strong>Estrada Nacional 2, la ruta 66 portuguesa<\/strong>"},"content":{"rendered":"\n<div class=\"wp-block-yoast-seo-table-of-contents yoast-table-of-contents\"><h2>Tabla de contenidos<\/h2><ul><li><a href=\"#h-la-historia-de-la-estrada-nacional-2-la-ruta-66-portuguesa\" data-level=\"2\">La Historia de la Estrada Nacional 2, la ruta 66 portuguesa:<\/a><\/li><li><a href=\"#h-recorrido-a-partir-de-chaves-pasando-por-la-vila-pouca-de-aguiar-y-vidago\" data-level=\"2\">Recorrido a partir de Chaves, pasando por la Vila Pouca de Aguiar y Vidago:<\/a><\/li><li><a href=\"#h-recorrido-desde-el-peso-da-r-gua-y-por-el-distrito-de-viseu\" data-level=\"2\">Recorrido desde el Peso da R\u00e9gua y por el Distrito de Viseu:<\/a><\/li><li><a href=\"#h-en-el-distrito-de-vora-municipio-de-mora\" data-level=\"2\">En el Distrito de \u00c9vora, municipio de Mora:<\/a><\/li><li><a href=\"#h-en-el-distrito-de-co-mbra-la-sierra-de-lousa\" data-level=\"2\">En el Distrito de Co\u00edmbra, la Sierra de Lousa:\u00a0<\/a><\/li><li><a href=\"#h-en-el-distrito-de-faro\" data-level=\"2\">En el Distrito de Faro:\u00a0<\/a><\/li><\/ul><\/div>\n\n\n\n<p>Es una ruta que recorre Portugal desde el norte hasta el sur, es decir, de extremo a extremo, atravesando un poco m\u00e1s de <strong>739 Km, comenzando en Chaves y terminando en el Faro<\/strong>; de alguna manera divide al pa\u00eds entre oeste y este. Es un recorrido que se puede realizar tanto en moto como en coche, con la idea de <a href=\"https:\/\/tourtravelandmore.com\/es\/ciudad\/portugal-es\/\"><strong>fomentar el turismo del interior de Portugal<\/strong><\/a>; conociendo municipios, pueblos, aldeas, r\u00edos, entre otros.<\/p>\n\n\n\n<p>Una alternativa para el turismo que fue inspirada en la ruta 66 de los EE.UU, pero menos larga, y de esta manera poder conocer y <strong>promover todas las regiones del pa\u00eds<\/strong>. Para ello se eligi\u00f3 la v\u00eda Nacional 2, una carretera en forma serpenteante, con tramos rectos y que se conoce como EN2. Esta, junto a la estadounidense y a la Ruta 40 de Argentina, son las 3 carreteras en el mundo que tienen este mismo estilo.<\/p>\n\n\n\n<h2 class=\"wp-block-heading\" id=\"h-la-historia-de-la-estrada-nacional-2-la-ruta-66-portuguesa\"><strong>La Historia de la Estrada Nacional 2, la ruta 66 portuguesa:<\/strong><\/h2>\n\n\n\n<p>Como ya se mencion\u00f3, esta carretera N2 cruza a Portugal desde el norte a nivel de Chaves hasta el sur, terminando en el Faro. Desde 1945 es la carretera nacional de Portugal, siendo la m\u00e1s larga de Europa. Esta surge de la uni\u00f3n de otras que ya exist\u00edan, de <strong>segmentos que eran las v\u00edas de los romanos <\/strong>atravesando Lusitania, y de otras que se construyeron en las posteriores d\u00e9cadas.&nbsp;<\/p>\n\n\n\n<p>Con el paso del tiempo se convirti\u00f3 en la <strong>principal comunicaci\u00f3n hacia el interior<\/strong> del pa\u00eds por tierra. En este recorrido se pasa por 4 cadenas de monta\u00f1as, como por ejemplo la de Montemuro y Lousa, 11 r\u00edos, entre ellos el Tajo y el Duero, 11 distritos, unos 35 municipios, 11 ciudades, paisajes espectaculares y mucho m\u00e1s.&nbsp;<\/p>\n\n\n\n<p>Por tanto, es un viaje perfecto y una oportunidad para conocer ciertas zonas de Portugal, a nivel del interior, que el turismo le daba poca importancia, como los bellos paisajes, aldeas, pueblos, gastronom\u00eda, amabilidad de su gente, entre otros; y es que usualmente los programas tur\u00edsticos se <strong>centran b\u00e1sicamente en Oporto y Lisboa<\/strong>. A continuaci\u00f3n, explicaremos algunos de estos lugares, siguiendo el orden de norte a sur de la ruta EN2 y de algunos desv\u00edos de gran inter\u00e9s.<\/p>\n\n\n\n<h2 class=\"wp-block-heading\" id=\"h-recorrido-a-partir-de-chaves-pasando-por-la-vila-pouca-de-aguiar-y-vidago\"><strong>Recorrido a partir de Chaves, pasando por la Vila Pouca de Aguiar y Vidago:<\/strong><\/h2>\n\n\n\n<ul class=\"wp-block-list\"><li>La ciudad de Chaves, al norte de Portugal: se localiza a 10 km de la frontera con Espa\u00f1a y es el punto de arranque de la ruta EN2. Esta ciudad es famosa por el puente de Trajano, que en la \u00e9poca de los romanos serv\u00eda para la comunicaci\u00f3n entre Braga y Astorga; y por las aguas termales, tambi\u00e9n de la misma \u00e9poca. Localizadas a nivel de Tras-os-Montes, <strong>son aguas medicinales e hipertermales<\/strong>.<\/li><\/ul>\n\n\n\n<p>Adem\u00e1s, contienen muchos minerales y elementos como s\u00edlice, sodio, fl\u00faor, bicarbonato e hidr\u00f3geno. Por ser de temperatura alta, estimulan funciones fisiol\u00f3gicas, metab\u00f3licas, <strong>antiinflamatorias y combaten el dolor<\/strong>; haciendo efecto sobre las funciones articulares.<\/p>\n\n\n\n<ul class=\"wp-block-list\"><li>En el Municipio de la Villa Pouca de Aguiar: esta villa portuguesa con 3500 habitantes aproximadamente est\u00e1 ubicada en la regi\u00f3n de Tras-os-Montes y pertenece al distrito de Vila Real. Aqu\u00ed vamos a encontrar <strong>el Castillo de Pe\u00f1a Aguiar <\/strong>si<strong> <\/strong>nos desviamos unos 3 Km de la carretera N2.&nbsp;<\/li><\/ul>\n\n\n\n<p>El castillo se localiza en lo alto de la sierra del Alv\u00e1o, hacia el lado este. Aunque <strong>solo quedan sus ruinas,<\/strong> se puede subir gracias a unas escaleras y plataformas que han instalado, de esta manera podr\u00e1s obtener buena vista de toda la zona.<\/p>\n\n\n\n<ul class=\"wp-block-list\"><li>En la ciudad de Vidago, las Piedras Saladas: esta ciudad <strong>se localiza a solo 1 hora de la 2da ciudad <\/strong>de mayor poblaci\u00f3n de Portugal, Oporto. Hablamos de la villa termal de las piedras saladas, un enorme parque que contiene el balneario, una edificaci\u00f3n antigua de un casino de 1910, espacios de paseos y originales bungal\u00f3s para el alojamiento. Interesante experiencia.<\/li><\/ul>\n\n\n\n<figure class=\"wp-block-image\"><img decoding=\"async\" src=\"https:\/\/lh6.googleusercontent.com\/frqLRN5MhYt_s45H2Cyv3g7cTeDnAB8V23KmvM9Zt9L6-s_f2fJngSILxPXyTjzdp8aReYIurl3MK0r3-spJZLldKfymgKHj7dGPME_kLpfuXQE6WhoD-3ofJdrnB_9wHDqsbAX5\" alt=\"\"\/><\/figure>\n\n\n\n<h2 class=\"wp-block-heading\" id=\"h-recorrido-desde-el-peso-da-r-gua-y-por-el-distrito-de-viseu\"><strong>Recorrido desde el Peso da R\u00e9gua y por el Distrito de Viseu:<\/strong><\/h2>\n\n\n\n<ul class=\"wp-block-list\"><li>Pasando por el Peso da R\u00e9gua nos encontramos con los famosos Vi\u00f1edos del Duero: un poco m\u00e1s de <strong>100 Km de haber comenzado la ruta N2<\/strong> nos conseguimos con la ciudad Peso da R\u00e9gua, localizada en la parte occidental del norte del pa\u00eds, y a orillas del r\u00edo Duero; que, aunque es poco transitada, hay un museo donde explican todo sobre el vino y el r\u00edo.<\/li><\/ul>\n\n\n\n<p>La historia cuenta que, durante el siglo XIII, la ciudad distribu\u00eda el vino Oporto. Los alrededores de esta ciudad<strong> est\u00e1n llenos de hermosos vi\u00f1edos<\/strong>, con lindos miradores para tomar las mejores fotos. Tambi\u00e9n si lo prefieres se puede conocer estos vi\u00f1edos en barco, por el r\u00edo Duero.&nbsp;<\/p>\n\n\n\n<ul class=\"wp-block-list\"><li>En el Distrito de Viseu, la ciudad de Lamego: desde el Peso da R\u00e9gua y cruzando el r\u00edo Duero se localiza la antigua ciudad de Lamego, lugar donde se convocaron las primeras Cortes, <strong>como la del rey Alfonso Henriques, en el pa\u00eds<\/strong>. La ciudad tiene varios puntos de inter\u00e9s, tales como el Santuario de Nuestra Se\u00f1ora de los Remedios, famoso por la cantidad de escaleras que contiene.<\/li><\/ul>\n\n\n\n<p>Tambi\u00e9n se puede conocer con el coche, bien sea desde abajo o desde arriba. Otro punto es <strong>el Castillo de Lamego, de la \u00e9poca medieval<\/strong>, rodeado de casas de piedra; y para llegar a \u00e9l se sube por la estrecha Rua da Olaria. Del castillo solo queda una torre y la muralla.<\/p>\n\n\n\n<ul class=\"wp-block-list\"><li>Tambi\u00e9n en el Distrito de Viseu, la ciudad de Santa Comba Dao: es una localidad peque\u00f1a, pero <strong>tiene varios lugares para recrearse,<\/strong> como sus playas, paseo en caballo, conocer ciertos monumentos, miradores, as\u00ed como catedrales e iglesias, el puente romano y, si es d\u00eda mi\u00e9rcoles, se aprovecha la feria de la semana; es decir, su mercado de venta de productos locales, tales como pescado, carne, frutas y dulces.&nbsp;<\/li><\/ul>\n\n\n\n<h2 class=\"wp-block-heading\" id=\"h-en-el-distrito-de-vora-municipio-de-mora\"><strong>En el Distrito de \u00c9vora, municipio de Mora:<\/strong><\/h2>\n\n\n\n<ul class=\"wp-block-list\"><li>Brotas en la regi\u00f3n de Alentejo<strong>:<\/strong> este es un peque\u00f1o pueblo donde se pueden observar <strong>casas pintadas de blanco con azul<\/strong>, diferentes al resto de los otros pueblos de Alentejo, que por lo general son blanco con amarillo. Se recorre r\u00e1pidamente porque todo se resume en una calle de piedras que te lleva hacia la plaza, donde se ubica la iglesia del siglo XV llamada el Santuario de Nuestra Se\u00f1ora de Brotas.&nbsp;<\/li><\/ul>\n\n\n\n<p>Su estilo actual <strong>es una mezcla de varios estilos,<\/strong> debido a las diferentes reconstrucciones que se le han realizado durante el transcurso del tiempo.<\/p>\n\n\n\n<ul class=\"wp-block-list\"><li>Montemor-o-Novo, tambi\u00e9n en la regi\u00f3n de Alentejo: a unos 30 Km aproximadamente y al oeste de \u00c9vora se localiza la ciudad de Montemor-o-Novo, que tambi\u00e9n funciona como municipio en la regi\u00f3n de Alentejo. Ac\u00e1 se puede conocer el <strong>castillo antiguo, la Gruta do Escoural,<\/strong> con interesante arte rupestre de la \u00e9poca del Paleol\u00edtico, entre otros lugares m\u00e1s.<\/li><\/ul>\n\n\n\n<figure class=\"wp-block-image\"><img decoding=\"async\" src=\"https:\/\/lh3.googleusercontent.com\/5XwI3r98HtGB_2hxaQqXNbOwOrZ-svdu_3p4c9WoRpnJTjKPZ56DgQz1q2TrNCgNQdlSFGOn4NsPAKMZRQIKhJUXHFzD5Gc22p7ZdUMe71teZvzjcvgEgl4--3elpZZwCpQjvf0a\" alt=\"\"\/><\/figure>\n\n\n\n<ul class=\"wp-block-list\"><li>Aljustrel en el Distrito de Beja, regi\u00f3n de Alentejo: pueblo conocido y famoso por sus minas, su ermita en la colina y los molinos. Se localiza al Suroeste de la ciudad de Beja, a unos 34 km de distancia. Antiguamente se llamaba Vipasca y fue un <strong>centro de miner\u00eda que explotaban los romanos<\/strong>, extrayendo oro, cobre y plata.&nbsp;<\/li><\/ul>\n\n\n\n<p>Entre el siglo XIX y XX fueron encontradas <strong>tablas de bronce que datan de la \u00e9poca<\/strong> del emperador Adriano del siglo II, con las anotaciones sobre las medidas y la ley que regulaba el sector de la miner\u00eda.&nbsp;<\/p>\n\n\n\n<h2 class=\"wp-block-heading\" id=\"h-en-el-distrito-de-co-mbra-la-sierra-de-lousa\"><strong>En el Distrito de Co\u00edmbra, la Sierra de Lousa:&nbsp;<\/strong><\/h2>\n\n\n\n<ul class=\"wp-block-list\"><li>Las aldeas o pueblos de esquisto: est\u00e1n localizadas entre Co\u00edmbra y Oporto, hacia el lado Este de Portugal y cerca de la frontera con Espa\u00f1a. Casitas rurales, que se han <strong>construido con esquisto o xisto, que es un material<\/strong> parecido a la piedra de pizarra y t\u00edpico de la zona.&nbsp;<\/li><\/ul>\n\n\n\n<p>Son 27 aldeas, y las que quedan m\u00e1s <strong>cercanas a la ruta son Chiqueiro, Talasnal y Casal Novo.<\/strong> Tambi\u00e9n se puede disfrutar del castillo de Arouce del 1080, el cual ha sobrevivido a las guerras de los cristianos y musulmanes.<\/p>\n\n\n\n<h2 class=\"wp-block-heading\" id=\"h-en-el-distrito-de-faro\"><strong>En el Distrito de Faro:&nbsp;<\/strong><\/h2>\n\n\n\n<ul class=\"wp-block-list\"><li>En la regi\u00f3n de Algarve, S\u00e3o Br\u00e1s de Alportel: esta es una villa portuguesa que posee unos 10.000 habitantes, y es uno de los 5 municipios que tiene una fregues\u00eda. Sus calles est\u00e1n llenas de hermosos \u00e1rboles y flores con aceras romanas. Adem\u00e1s, puedes visitar<strong> el jard\u00edn da Verbena, su iglesia y el Museu<\/strong> do Traje S\u00e3o Br\u00e1s de Alportel.&nbsp;<\/li><li>Algarve y su capital Faro: llegando al Faro se <strong>culminan los 739 Km de la ruta <\/strong>Estrada Nacional 2, la ruta 66 de Portugal. Es una ciudad algo grande, con aeropuerto y era la ciudad antigua romana llamada Romano Ossonoba; con un centro hist\u00f3rico interesante y calles de piedras, adem\u00e1s de playas, plazas, los pantanos de R\u00eda Formosa o la zona al lado de la marina.&nbsp;<\/li><\/ul>\n","protected":false},"excerpt":{"rendered":"<p>La Estrada Nacional 2, ruta 66 portuguesa, es una ruta para viajar por carretera y conocer muchos lugares del interior de Portugal. Son 739 Km que atraviesan al pa\u00eds desde el extremo norte, comenzando en Chaves, hasta llegar a Faro en el extremo sur.<\/p>\n","protected":false},"author":2,"featured_media":119531,"comment_status":"open","ping_status":"open","sticky":false,"template":"","format":"standard","meta":{"_acf_changed":false,"footnotes":""},"categories":[2349,2903,2361],"tags":[],"class_list":["post-119532","post","type-post","status-publish","format-standard","has-post-thumbnail","hentry","category-europa","category-europe-es","category-portugal-es"],"acf":[],"yoast_head":"<!-- This site is optimized with the Yoast SEO Premium plugin v25.3.1 (Yoast SEO v25.3.1) - https:\/\/yoast.com\/wordpress\/plugins\/seo\/ -->\n<title>Estrada Nacional 2, la ruta 66 portuguesa \u2013 Tour Travel &amp; More<\/title>\n<meta name=\"description\" content=\"\u2714Si todav\u00eda no conoces las zonas del interior de Portugal, lo puedes hacer en coche utilizando la ruta Estrada Nacional 2, ruta 66 del pa\u00eds \u2714\" \/>\n<meta name=\"robots\" content=\"index, follow, max-snippet:-1, max-image-preview:large, max-video-preview:-1\" \/>\n<link rel=\"canonical\" href=\"https:\/\/tourtravelandmore.com\/es\/estrada-nacional-2-la-ruta-66-portuguesa\/\" \/>\n<meta property=\"og:locale\" content=\"es_ES\" \/>\n<meta property=\"og:type\" content=\"article\" \/>\n<meta property=\"og:title\" content=\"Estrada Nacional 2, la ruta 66 portuguesa\" \/>\n<meta property=\"og:description\" content=\"\u2714Si todav\u00eda no conoces las zonas del interior de Portugal, lo puedes hacer en coche utilizando la ruta Estrada Nacional 2, ruta 66 del pa\u00eds \u2714\" \/>\n<meta property=\"og:url\" content=\"https:\/\/tourtravelandmore.com\/es\/estrada-nacional-2-la-ruta-66-portuguesa\/\" \/>\n<meta property=\"og:site_name\" content=\"Tour Travel And More\" \/>\n<meta property=\"article:publisher\" content=\"https:\/\/www.facebook.com\/tourtravelandmore\/\" \/>\n<meta property=\"article:published_time\" content=\"2022-02-18T07:32:01+00:00\" \/>\n<meta property=\"article:modified_time\" content=\"2025-05-16T14:21:59+00:00\" \/>\n<meta property=\"og:image\" content=\"https:\/\/tourtravelandmore.com\/wp-content\/uploads\/2022\/02\/image-4.jpeg\" \/>\n\t<meta property=\"og:image:width\" content=\"918\" \/>\n\t<meta property=\"og:image:height\" content=\"516\" \/>\n\t<meta property=\"og:image:type\" content=\"image\/jpeg\" \/>\n<meta name=\"author\" content=\"Maya Nader Harati\" \/>\n<meta name=\"twitter:card\" content=\"summary_large_image\" \/>\n<meta name=\"twitter:creator\" content=\"@TourTravel_More\" \/>\n<meta name=\"twitter:site\" content=\"@TourTravel_More\" \/>\n<meta name=\"twitter:label1\" content=\"Escrito por\" \/>\n\t<meta name=\"twitter:data1\" content=\"Maya Nader Harati\" \/>\n\t<meta name=\"twitter:label2\" content=\"Tiempo de lectura\" \/>\n\t<meta name=\"twitter:data2\" content=\"8 minutos\" \/>\n<script type=\"application\/ld+json\" class=\"yoast-schema-graph\">{\"@context\":\"https:\/\/schema.org\",\"@graph\":[{\"@type\":\"Article\",\"@id\":\"https:\/\/tourtravelandmore.com\/es\/estrada-nacional-2-la-ruta-66-portuguesa\/#article\",\"isPartOf\":{\"@id\":\"https:\/\/tourtravelandmore.com\/es\/estrada-nacional-2-la-ruta-66-portuguesa\/\"},\"author\":{\"name\":\"Maya Nader Harati\",\"@id\":\"https:\/\/tourtravelandmore.com\/es\/#\/schema\/person\/2a1c66d76ae9290a394e8efb4af12e1e\"},\"headline\":\"Estrada Nacional 2, la ruta 66 portuguesa\",\"datePublished\":\"2022-02-18T07:32:01+00:00\",\"dateModified\":\"2025-05-16T14:21:59+00:00\",\"mainEntityOfPage\":{\"@id\":\"https:\/\/tourtravelandmore.com\/es\/estrada-nacional-2-la-ruta-66-portuguesa\/\"},\"wordCount\":1585,\"commentCount\":0,\"publisher\":{\"@id\":\"https:\/\/tourtravelandmore.com\/es\/#organization\"},\"image\":{\"@id\":\"https:\/\/tourtravelandmore.com\/es\/estrada-nacional-2-la-ruta-66-portuguesa\/#primaryimage\"},\"thumbnailUrl\":\"https:\/\/tourtravelandmore.com\/wp-content\/uploads\/2022\/02\/image-4.jpeg\",\"articleSection\":[\"Europa\",\"Europe\",\"Portugal\"],\"inLanguage\":\"es\",\"potentialAction\":[{\"@type\":\"CommentAction\",\"name\":\"Comment\",\"target\":[\"https:\/\/tourtravelandmore.com\/es\/estrada-nacional-2-la-ruta-66-portuguesa\/#respond\"]}],\"accessibilityFeature\":[\"tableOfContents\"]},{\"@type\":\"WebPage\",\"@id\":\"https:\/\/tourtravelandmore.com\/es\/estrada-nacional-2-la-ruta-66-portuguesa\/\",\"url\":\"https:\/\/tourtravelandmore.com\/es\/estrada-nacional-2-la-ruta-66-portuguesa\/\",\"name\":\"Estrada Nacional 2, la ruta 66 portuguesa \u2013 Tour Travel & More\",\"isPartOf\":{\"@id\":\"https:\/\/tourtravelandmore.com\/es\/#website\"},\"primaryImageOfPage\":{\"@id\":\"https:\/\/tourtravelandmore.com\/es\/estrada-nacional-2-la-ruta-66-portuguesa\/#primaryimage\"},\"image\":{\"@id\":\"https:\/\/tourtravelandmore.com\/es\/estrada-nacional-2-la-ruta-66-portuguesa\/#primaryimage\"},\"thumbnailUrl\":\"https:\/\/tourtravelandmore.com\/wp-content\/uploads\/2022\/02\/image-4.jpeg\",\"datePublished\":\"2022-02-18T07:32:01+00:00\",\"dateModified\":\"2025-05-16T14:21:59+00:00\",\"description\":\"\u2714Si todav\u00eda no conoces las zonas del interior de Portugal, lo puedes hacer en coche utilizando la ruta Estrada Nacional 2, ruta 66 del pa\u00eds \u2714\",\"breadcrumb\":{\"@id\":\"https:\/\/tourtravelandmore.com\/es\/estrada-nacional-2-la-ruta-66-portuguesa\/#breadcrumb\"},\"inLanguage\":\"es\",\"potentialAction\":[{\"@type\":\"ReadAction\",\"target\":[\"https:\/\/tourtravelandmore.com\/es\/estrada-nacional-2-la-ruta-66-portuguesa\/\"]}]},{\"@type\":\"ImageObject\",\"inLanguage\":\"es\",\"@id\":\"https:\/\/tourtravelandmore.com\/es\/estrada-nacional-2-la-ruta-66-portuguesa\/#primaryimage\",\"url\":\"https:\/\/tourtravelandmore.com\/wp-content\/uploads\/2022\/02\/image-4.jpeg\",\"contentUrl\":\"https:\/\/tourtravelandmore.com\/wp-content\/uploads\/2022\/02\/image-4.jpeg\",\"width\":918,\"height\":516},{\"@type\":\"BreadcrumbList\",\"@id\":\"https:\/\/tourtravelandmore.com\/es\/estrada-nacional-2-la-ruta-66-portuguesa\/#breadcrumb\",\"itemListElement\":[{\"@type\":\"ListItem\",\"position\":1,\"name\":\"Home\",\"item\":\"https:\/\/tourtravelandmore.com\/es\/\"},{\"@type\":\"ListItem\",\"position\":2,\"name\":\"Estrada Nacional 2, la ruta 66 portuguesa\"}]},{\"@type\":\"WebSite\",\"@id\":\"https:\/\/tourtravelandmore.com\/es\/#website\",\"url\":\"https:\/\/tourtravelandmore.com\/es\/\",\"name\":\"Tour Travel And More\",\"description\":\"Private sightseeing tours and luxury transfers in Spain\",\"publisher\":{\"@id\":\"https:\/\/tourtravelandmore.com\/es\/#organization\"},\"potentialAction\":[{\"@type\":\"SearchAction\",\"target\":{\"@type\":\"EntryPoint\",\"urlTemplate\":\"https:\/\/tourtravelandmore.com\/es\/?s={search_term_string}\"},\"query-input\":{\"@type\":\"PropertyValueSpecification\",\"valueRequired\":true,\"valueName\":\"search_term_string\"}}],\"inLanguage\":\"es\"},{\"@type\":\"Organization\",\"@id\":\"https:\/\/tourtravelandmore.com\/es\/#organization\",\"name\":\"Tour Travel And More\",\"url\":\"https:\/\/tourtravelandmore.com\/es\/\",\"logo\":{\"@type\":\"ImageObject\",\"inLanguage\":\"es\",\"@id\":\"https:\/\/tourtravelandmore.com\/es\/#\/schema\/logo\/image\/\",\"url\":\"https:\/\/tourtravelandmore.com\/wp-content\/uploads\/2022\/12\/cropped-logo-cabecera-new.png\",\"contentUrl\":\"https:\/\/tourtravelandmore.com\/wp-content\/uploads\/2022\/12\/cropped-logo-cabecera-new.png\",\"width\":430,\"height\":61,\"caption\":\"Tour Travel And More\"},\"image\":{\"@id\":\"https:\/\/tourtravelandmore.com\/es\/#\/schema\/logo\/image\/\"},\"sameAs\":[\"https:\/\/www.facebook.com\/tourtravelandmore\/\",\"https:\/\/x.com\/TourTravel_More\"]},{\"@type\":\"Person\",\"@id\":\"https:\/\/tourtravelandmore.com\/es\/#\/schema\/person\/2a1c66d76ae9290a394e8efb4af12e1e\",\"name\":\"Maya Nader Harati\",\"image\":{\"@type\":\"ImageObject\",\"inLanguage\":\"es\",\"@id\":\"https:\/\/tourtravelandmore.com\/es\/#\/schema\/person\/image\/\",\"url\":\"https:\/\/secure.gravatar.com\/avatar\/adc2305883b6f86a616354c0c4516fcd9a333d5f5a0806d9d1ae9b30f898fa1f?s=96&d=mm&r=g\",\"contentUrl\":\"https:\/\/secure.gravatar.com\/avatar\/adc2305883b6f86a616354c0c4516fcd9a333d5f5a0806d9d1ae9b30f898fa1f?s=96&d=mm&r=g\",\"caption\":\"Maya Nader Harati\"},\"description\":\"Cultural Destination Specialist & Travel Chronicler. Maya doesn\u2019t just travel the world; she translates it.\",\"sameAs\":[\"https:\/\/tourtravelandmore.com\/author-profile-maya-nader-harati\/\"]}]}<\/script>\n<!-- \/ Yoast SEO Premium plugin. -->","yoast_head_json":{"title":"Estrada Nacional 2, la ruta 66 portuguesa \u2013 Tour Travel & More","description":"\u2714Si todav\u00eda no conoces las zonas del interior de Portugal, lo puedes hacer en coche utilizando la ruta Estrada Nacional 2, ruta 66 del pa\u00eds \u2714","robots":{"index":"index","follow":"follow","max-snippet":"max-snippet:-1","max-image-preview":"max-image-preview:large","max-video-preview":"max-video-preview:-1"},"canonical":"https:\/\/tourtravelandmore.com\/es\/estrada-nacional-2-la-ruta-66-portuguesa\/","og_locale":"es_ES","og_type":"article","og_title":"Estrada Nacional 2, la ruta 66 portuguesa","og_description":"\u2714Si todav\u00eda no conoces las zonas del interior de Portugal, lo puedes hacer en coche utilizando la ruta Estrada Nacional 2, ruta 66 del pa\u00eds \u2714","og_url":"https:\/\/tourtravelandmore.com\/es\/estrada-nacional-2-la-ruta-66-portuguesa\/","og_site_name":"Tour Travel And More","article_publisher":"https:\/\/www.facebook.com\/tourtravelandmore\/","article_published_time":"2022-02-18T07:32:01+00:00","article_modified_time":"2025-05-16T14:21:59+00:00","og_image":[{"width":918,"height":516,"url":"https:\/\/tourtravelandmore.com\/wp-content\/uploads\/2022\/02\/image-4.jpeg","type":"image\/jpeg"}],"author":"Maya Nader Harati","twitter_card":"summary_large_image","twitter_creator":"@TourTravel_More","twitter_site":"@TourTravel_More","twitter_misc":{"Escrito por":"Maya Nader Harati","Tiempo de lectura":"8 minutos"},"schema":{"@context":"https:\/\/schema.org","@graph":[{"@type":"Article","@id":"https:\/\/tourtravelandmore.com\/es\/estrada-nacional-2-la-ruta-66-portuguesa\/#article","isPartOf":{"@id":"https:\/\/tourtravelandmore.com\/es\/estrada-nacional-2-la-ruta-66-portuguesa\/"},"author":{"name":"Maya Nader Harati","@id":"https:\/\/tourtravelandmore.com\/es\/#\/schema\/person\/2a1c66d76ae9290a394e8efb4af12e1e"},"headline":"Estrada Nacional 2, la ruta 66 portuguesa","datePublished":"2022-02-18T07:32:01+00:00","dateModified":"2025-05-16T14:21:59+00:00","mainEntityOfPage":{"@id":"https:\/\/tourtravelandmore.com\/es\/estrada-nacional-2-la-ruta-66-portuguesa\/"},"wordCount":1585,"commentCount":0,"publisher":{"@id":"https:\/\/tourtravelandmore.com\/es\/#organization"},"image":{"@id":"https:\/\/tourtravelandmore.com\/es\/estrada-nacional-2-la-ruta-66-portuguesa\/#primaryimage"},"thumbnailUrl":"https:\/\/tourtravelandmore.com\/wp-content\/uploads\/2022\/02\/image-4.jpeg","articleSection":["Europa","Europe","Portugal"],"inLanguage":"es","potentialAction":[{"@type":"CommentAction","name":"Comment","target":["https:\/\/tourtravelandmore.com\/es\/estrada-nacional-2-la-ruta-66-portuguesa\/#respond"]}],"accessibilityFeature":["tableOfContents"]},{"@type":"WebPage","@id":"https:\/\/tourtravelandmore.com\/es\/estrada-nacional-2-la-ruta-66-portuguesa\/","url":"https:\/\/tourtravelandmore.com\/es\/estrada-nacional-2-la-ruta-66-portuguesa\/","name":"Estrada Nacional 2, la ruta 66 portuguesa \u2013 Tour Travel & More","isPartOf":{"@id":"https:\/\/tourtravelandmore.com\/es\/#website"},"primaryImageOfPage":{"@id":"https:\/\/tourtravelandmore.com\/es\/estrada-nacional-2-la-ruta-66-portuguesa\/#primaryimage"},"image":{"@id":"https:\/\/tourtravelandmore.com\/es\/estrada-nacional-2-la-ruta-66-portuguesa\/#primaryimage"},"thumbnailUrl":"https:\/\/tourtravelandmore.com\/wp-content\/uploads\/2022\/02\/image-4.jpeg","datePublished":"2022-02-18T07:32:01+00:00","dateModified":"2025-05-16T14:21:59+00:00","description":"\u2714Si todav\u00eda no conoces las zonas del interior de Portugal, lo puedes hacer en coche utilizando la ruta Estrada Nacional 2, ruta 66 del pa\u00eds \u2714","breadcrumb":{"@id":"https:\/\/tourtravelandmore.com\/es\/estrada-nacional-2-la-ruta-66-portuguesa\/#breadcrumb"},"inLanguage":"es","potentialAction":[{"@type":"ReadAction","target":["https:\/\/tourtravelandmore.com\/es\/estrada-nacional-2-la-ruta-66-portuguesa\/"]}]},{"@type":"ImageObject","inLanguage":"es","@id":"https:\/\/tourtravelandmore.com\/es\/estrada-nacional-2-la-ruta-66-portuguesa\/#primaryimage","url":"https:\/\/tourtravelandmore.com\/wp-content\/uploads\/2022\/02\/image-4.jpeg","contentUrl":"https:\/\/tourtravelandmore.com\/wp-content\/uploads\/2022\/02\/image-4.jpeg","width":918,"height":516},{"@type":"BreadcrumbList","@id":"https:\/\/tourtravelandmore.com\/es\/estrada-nacional-2-la-ruta-66-portuguesa\/#breadcrumb","itemListElement":[{"@type":"ListItem","position":1,"name":"Home","item":"https:\/\/tourtravelandmore.com\/es\/"},{"@type":"ListItem","position":2,"name":"Estrada Nacional 2, la ruta 66 portuguesa"}]},{"@type":"WebSite","@id":"https:\/\/tourtravelandmore.com\/es\/#website","url":"https:\/\/tourtravelandmore.com\/es\/","name":"Tour Travel And More","description":"Private sightseeing tours and luxury transfers in Spain","publisher":{"@id":"https:\/\/tourtravelandmore.com\/es\/#organization"},"potentialAction":[{"@type":"SearchAction","target":{"@type":"EntryPoint","urlTemplate":"https:\/\/tourtravelandmore.com\/es\/?s={search_term_string}"},"query-input":{"@type":"PropertyValueSpecification","valueRequired":true,"valueName":"search_term_string"}}],"inLanguage":"es"},{"@type":"Organization","@id":"https:\/\/tourtravelandmore.com\/es\/#organization","name":"Tour Travel And More","url":"https:\/\/tourtravelandmore.com\/es\/","logo":{"@type":"ImageObject","inLanguage":"es","@id":"https:\/\/tourtravelandmore.com\/es\/#\/schema\/logo\/image\/","url":"https:\/\/tourtravelandmore.com\/wp-content\/uploads\/2022\/12\/cropped-logo-cabecera-new.png","contentUrl":"https:\/\/tourtravelandmore.com\/wp-content\/uploads\/2022\/12\/cropped-logo-cabecera-new.png","width":430,"height":61,"caption":"Tour Travel And More"},"image":{"@id":"https:\/\/tourtravelandmore.com\/es\/#\/schema\/logo\/image\/"},"sameAs":["https:\/\/www.facebook.com\/tourtravelandmore\/","https:\/\/x.com\/TourTravel_More"]},{"@type":"Person","@id":"https:\/\/tourtravelandmore.com\/es\/#\/schema\/person\/2a1c66d76ae9290a394e8efb4af12e1e","name":"Maya Nader Harati","image":{"@type":"ImageObject","inLanguage":"es","@id":"https:\/\/tourtravelandmore.com\/es\/#\/schema\/person\/image\/","url":"https:\/\/secure.gravatar.com\/avatar\/adc2305883b6f86a616354c0c4516fcd9a333d5f5a0806d9d1ae9b30f898fa1f?s=96&d=mm&r=g","contentUrl":"https:\/\/secure.gravatar.com\/avatar\/adc2305883b6f86a616354c0c4516fcd9a333d5f5a0806d9d1ae9b30f898fa1f?s=96&d=mm&r=g","caption":"Maya Nader Harati"},"description":"Cultural Destination Specialist & Travel Chronicler. Maya doesn\u2019t just travel the world; she translates it.","sameAs":["https:\/\/tourtravelandmore.com\/author-profile-maya-nader-harati\/"]}]}},"_links":{"self":[{"href":"https:\/\/tourtravelandmore.com\/es\/wp-json\/wp\/v2\/posts\/119532","targetHints":{"allow":["GET"]}}],"collection":[{"href":"https:\/\/tourtravelandmore.com\/es\/wp-json\/wp\/v2\/posts"}],"about":[{"href":"https:\/\/tourtravelandmore.com\/es\/wp-json\/wp\/v2\/types\/post"}],"author":[{"embeddable":true,"href":"https:\/\/tourtravelandmore.com\/es\/wp-json\/wp\/v2\/users\/2"}],"replies":[{"embeddable":true,"href":"https:\/\/tourtravelandmore.com\/es\/wp-json\/wp\/v2\/comments?post=119532"}],"version-history":[{"count":1,"href":"https:\/\/tourtravelandmore.com\/es\/wp-json\/wp\/v2\/posts\/119532\/revisions"}],"predecessor-version":[{"id":183979,"href":"https:\/\/tourtravelandmore.com\/es\/wp-json\/wp\/v2\/posts\/119532\/revisions\/183979"}],"wp:featuredmedia":[{"embeddable":true,"href":"https:\/\/tourtravelandmore.com\/es\/wp-json\/wp\/v2\/media\/119531"}],"wp:attachment":[{"href":"https:\/\/tourtravelandmore.com\/es\/wp-json\/wp\/v2\/media?parent=119532"}],"wp:term":[{"taxonomy":"category","embeddable":true,"href":"https:\/\/tourtravelandmore.com\/es\/wp-json\/wp\/v2\/categories?post=119532"},{"taxonomy":"post_tag","embeddable":true,"href":"https:\/\/tourtravelandmore.com\/es\/wp-json\/wp\/v2\/tags?post=119532"}],"curies":[{"name":"wp","href":"https:\/\/api.w.org\/{rel}","templated":true}]}}