{"id":111063,"date":"2021-09-15T16:48:53","date_gmt":"2021-09-15T14:48:53","guid":{"rendered":"https:\/\/tourtravelandmore.com\/?p=111063"},"modified":"2021-09-20T12:37:08","modified_gmt":"2021-09-20T10:37:08","slug":"las-10-plazas-mas-grandes-de-europa","status":"publish","type":"post","link":"https:\/\/tourtravelandmore.com\/es\/las-10-plazas-mas-grandes-de-europa\/","title":{"rendered":"Las 10 plazas m\u00e1s grandes de Europa"},"content":{"rendered":"\n<div class=\"wp-block-yoast-seo-table-of-contents yoast-table-of-contents\"><h2>Tabla de contenidos<\/h2><ul><li><a href=\"#h-las-10-plazas-m-s-grandes-de-europa\" data-level=\"2\">Las 10 plazas m\u00e1s grandes de Europa<\/a><ul><li><a href=\"#h-la-plaza-del-desfile-de-varsovia\" data-level=\"3\">La Plaza del desfile de Varsovia<\/a><\/li><li><a href=\"#h-la-plaza-kuibyshev-en-samara\" data-level=\"3\">La Plaza Kuibyshev en Samara<\/a><\/li><li><a href=\"#h-la-plaza-carlo-di-borbone-en-caserta\" data-level=\"3\">La Plaza Carlo di Borbone en Caserta<\/a><\/li><li><a href=\"#h-la-plaza-de-la-universidad-de-mosc\" data-level=\"3\">La Plaza de la Universidad de Mosc\u00fa<\/a><\/li><li><a href=\"#h-plaza-des-quinconces\" data-level=\"3\">Plaza des Quinconces<\/a><\/li><li><a href=\"#h-la-plaza-de-la-libertad-en-kharkiv\" data-level=\"3\">La Plaza de la Libertad en Kharkiv<\/a><\/li><li><a href=\"#h-parker-s-piece-en-cambridge\" data-level=\"3\">Parker\u00b4s Piece en Cambridge<\/a><\/li><li><a href=\"#h-plaza-unirii-en-bucarest\" data-level=\"3\">Plaza Unirii en Bucarest<\/a><\/li><li><a href=\"#h-prato-della-valle-en-padua\" data-level=\"3\">Prato della Valle en Padua<\/a><\/li><li><a href=\"#h-plaza-de-la-concordia-en-par-s\" data-level=\"3\">Plaza de la Concordia en Par\u00eds<\/a><\/li><\/ul><\/li><\/ul><\/div>\n\n\n\n<p>La preeminencia europea ha sido el objetivo principal por el cual las grandes potencias de la historia occidental han construido maravillosas y exclusivas plazas. Y entre las plazas m\u00e1s hermosas y significativas de Europa est\u00e1n la plaza San Pedro en el Vaticano, <a href=\"https:\/\/tourtravelandmore.com\/es\/ciudad\/rusia-es\/moscu-es\/\"><strong>la plaza roja en Mosc\u00fa,<\/strong><\/a> la plaza de la Se\u00f1or\u00eda de Florencia y otras. Hoy detallaremos las 10 plazas m\u00e1s grandes de Europa, que nos deslumbran con sus formas, elementos art\u00edsticos y patrimonio cultural.<\/p>\n\n\n\n<p>Las plazas son claramente valiosos y reveladores espacios p\u00fablicos donde se percibe y observa f\u00e1cilmente la influencia hist\u00f3rica, cultural, art\u00edstica, productiva, gastron\u00f3mica y otros elementos que nos revelan una cultura. Porque en una hermosa y valiosa plaza <strong>se exhiben las tradiciones, el ambiente social<\/strong> y las circunstancias espec\u00edficas que identifican a los ciudadanos de un pueblo, una ciudad, un pa\u00eds, junto a su peculiar forma de ver y vivir la vida.<\/p>\n\n\n\n<h2 class=\"wp-block-heading\" id=\"h-las-10-plazas-m-s-grandes-de-europa\"><strong>Las 10 plazas m\u00e1s grandes de Europa<\/strong><\/h2>\n\n\n\n<p>Las 10 plazas m\u00e1s grandes de Europa que revelaremos para ti tienen su propia e imponente magia que las envuelve. Adem\u00e1s, son testigos silentes de un pasado de dominaci\u00f3n, opulencia y cambios impactantes; tambi\u00e9n de un presente que las admira, cuida y restaura. Y otro detalle que nos impresiona de estas 10 plazas europeas es <strong>el gran tama\u00f1o que exhiben;<\/strong> propio de un pasado majestuoso. Ahora, visualiza desde ya tu pr\u00f3xima parada tur\u00edstica.<\/p>\n\n\n\n<h3 class=\"wp-block-heading\" id=\"h-la-plaza-del-desfile-de-varsovia\"><strong>La Plaza del desfile de Varsovia<\/strong><\/h3>\n\n\n\n<figure class=\"wp-block-image size-large\"><img fetchpriority=\"high\" decoding=\"async\" width=\"1024\" height=\"683\" src=\"https:\/\/tourtravelandmore.com\/wp-content\/uploads\/2021\/09\/Warsaws-Parade-Square-1024x683.jpg\" alt=\"\" class=\"wp-image-111346\" srcset=\"https:\/\/tourtravelandmore.com\/wp-content\/uploads\/2021\/09\/Warsaws-Parade-Square-1024x683.jpg 1024w, https:\/\/tourtravelandmore.com\/wp-content\/uploads\/2021\/09\/Warsaws-Parade-Square-300x200.jpg 300w, https:\/\/tourtravelandmore.com\/wp-content\/uploads\/2021\/09\/Warsaws-Parade-Square-768x512.jpg 768w, https:\/\/tourtravelandmore.com\/wp-content\/uploads\/2021\/09\/Warsaws-Parade-Square-680x453.jpg 680w, https:\/\/tourtravelandmore.com\/wp-content\/uploads\/2021\/09\/Warsaws-Parade-Square-595x397.jpg 595w, https:\/\/tourtravelandmore.com\/wp-content\/uploads\/2021\/09\/Warsaws-Parade-Square.jpg 1080w\" sizes=\"(max-width: 1024px) 100vw, 1024px\" \/><\/figure>\n\n\n\n<p>En Polonia se ubica la bella Plaza del Desfile de Varsovia, la plaza m\u00e1s grande de Europa, con 240.000m2 de extensi\u00f3n. Esta hermosa obra arquitect\u00f3nica <strong>fue construida en los a\u00f1os 50 durante la era comunista.<\/strong> Debe su nombre a los constantes desfiles militares que se realizaban en aquella \u00e9poca. Hoy la plaza es un lugar sumamente concurrido por su gran importancia hist\u00f3rica, y porque alberga al famoso edificio del Palacio de la Cultura y la Ciencia.&nbsp;<\/p>\n\n\n\n<h3 class=\"wp-block-heading\" id=\"h-la-plaza-kuibyshev-en-samara\"><strong>La Plaza Kuibyshev en Samara<\/strong><\/h3>\n\n\n\n<figure class=\"wp-block-image size-large\"><img decoding=\"async\" width=\"1024\" height=\"683\" src=\"https:\/\/tourtravelandmore.com\/wp-content\/uploads\/2021\/09\/Kuibyshev-Square-in-Samara-1024x683.jpg\" alt=\"\" class=\"wp-image-111322\" srcset=\"https:\/\/tourtravelandmore.com\/wp-content\/uploads\/2021\/09\/Kuibyshev-Square-in-Samara-1024x683.jpg 1024w, https:\/\/tourtravelandmore.com\/wp-content\/uploads\/2021\/09\/Kuibyshev-Square-in-Samara-300x200.jpg 300w, https:\/\/tourtravelandmore.com\/wp-content\/uploads\/2021\/09\/Kuibyshev-Square-in-Samara-768x512.jpg 768w, https:\/\/tourtravelandmore.com\/wp-content\/uploads\/2021\/09\/Kuibyshev-Square-in-Samara-680x453.jpg 680w, https:\/\/tourtravelandmore.com\/wp-content\/uploads\/2021\/09\/Kuibyshev-Square-in-Samara-595x397.jpg 595w, https:\/\/tourtravelandmore.com\/wp-content\/uploads\/2021\/09\/Kuibyshev-Square-in-Samara.jpg 1080w\" sizes=\"(max-width: 1024px) 100vw, 1024px\" \/><\/figure>\n\n\n\n<p>Rusia presume de ser el pa\u00eds occidental con la mayor cantidad de plazas sorprendentes; la m\u00e1s conocida es la famosa Plaza Roja de Mosc\u00fa. Ahora bien, la segunda plaza m\u00e1s grande de toda Europa tambi\u00e9n est\u00e1 ubicada en Rusia; es la extraordinaria e impactante Plaza Kuibyshev en Samara. Sus 174.000m2 de extensi\u00f3n <strong>ofrecen en invierno una espectacular vista<\/strong> a sus visitantes cuando la recubre la nieve ligera.&nbsp;<\/p>\n\n\n\n<h3 class=\"wp-block-heading\" id=\"h-la-plaza-carlo-di-borbone-en-caserta\"><strong>La Plaza Carlo di Borbone en Caserta<\/strong><\/h3>\n\n\n\n<figure class=\"wp-block-image size-large\"><img decoding=\"async\" width=\"1024\" height=\"683\" src=\"https:\/\/tourtravelandmore.com\/wp-content\/uploads\/2021\/09\/Kuibyshev-Square-in-Samara-1-1024x683.jpg\" alt=\"\" class=\"wp-image-111319\" srcset=\"https:\/\/tourtravelandmore.com\/wp-content\/uploads\/2021\/09\/Kuibyshev-Square-in-Samara-1-1024x683.jpg 1024w, https:\/\/tourtravelandmore.com\/wp-content\/uploads\/2021\/09\/Kuibyshev-Square-in-Samara-1-300x200.jpg 300w, https:\/\/tourtravelandmore.com\/wp-content\/uploads\/2021\/09\/Kuibyshev-Square-in-Samara-1-768x512.jpg 768w, https:\/\/tourtravelandmore.com\/wp-content\/uploads\/2021\/09\/Kuibyshev-Square-in-Samara-1-680x453.jpg 680w, https:\/\/tourtravelandmore.com\/wp-content\/uploads\/2021\/09\/Kuibyshev-Square-in-Samara-1-595x397.jpg 595w, https:\/\/tourtravelandmore.com\/wp-content\/uploads\/2021\/09\/Kuibyshev-Square-in-Samara-1.jpg 1080w\" sizes=\"(max-width: 1024px) 100vw, 1024px\" \/><\/figure>\n\n\n\n<p>Italia no se queda atr\u00e1s al hablar de plazas hermosas en Europa, ya que han sido construidas por arquitectos prodigiosos. Adem\u00e1s, si mencionamos las grandes plazas tenemos que incluir a la Plaza Carlo di Borbone; una preciosa joya hist\u00f3rica construida en el siglo XVIII y que cuenta con 130.000m2 de extensi\u00f3n. Y, siguiendo el sendero de esta gran plaza, <strong>llegas al Palacio Real de Caserta<\/strong>, dise\u00f1ado por el habilidoso Luigi Vanvitelli; all\u00ed recorre sus fastuosas habitaciones.<\/p>\n\n\n\n<h3 class=\"wp-block-heading\" id=\"h-la-plaza-de-la-universidad-de-mosc\"><strong>La Plaza de la Universidad de Mosc\u00fa<\/strong><\/h3>\n\n\n\n<figure class=\"wp-block-image size-large\"><img loading=\"lazy\" decoding=\"async\" width=\"1024\" height=\"683\" src=\"https:\/\/tourtravelandmore.com\/wp-content\/uploads\/2021\/09\/Moscow-University-Square-1024x683.jpg\" alt=\"\" class=\"wp-image-111328\" srcset=\"https:\/\/tourtravelandmore.com\/wp-content\/uploads\/2021\/09\/Moscow-University-Square-1024x683.jpg 1024w, https:\/\/tourtravelandmore.com\/wp-content\/uploads\/2021\/09\/Moscow-University-Square-300x200.jpg 300w, https:\/\/tourtravelandmore.com\/wp-content\/uploads\/2021\/09\/Moscow-University-Square-768x512.jpg 768w, https:\/\/tourtravelandmore.com\/wp-content\/uploads\/2021\/09\/Moscow-University-Square-680x453.jpg 680w, https:\/\/tourtravelandmore.com\/wp-content\/uploads\/2021\/09\/Moscow-University-Square-595x397.jpg 595w, https:\/\/tourtravelandmore.com\/wp-content\/uploads\/2021\/09\/Moscow-University-Square.jpg 1080w\" sizes=\"(max-width: 1024px) 100vw, 1024px\" \/><\/figure>\n\n\n\n<p>Aunque la Plaza de la Universidad Estatal de Mosc\u00fa no es tan conocida ni visitada como la Plaza Roja, es un destino tur\u00edstico importante que debes conocer si visitas el Kremlin. Esta sorprendente e impresionante plaza es un lugar al aire libre que abarca 130.000m2 de extensi\u00f3n. Y eso no es todo, la Plaza de la Universidad Estatal de Mosc\u00fa <strong>posee un valor est\u00e9tico tan grande,<\/strong> que debe admirarse con suficiente tiempo y paciencia.<\/p>\n\n\n\n<h3 class=\"wp-block-heading\" id=\"h-plaza-des-quinconces\"><strong>Plaza des Quinconces<\/strong><\/h3>\n\n\n\n<figure class=\"wp-block-image size-large\"><img loading=\"lazy\" decoding=\"async\" width=\"1024\" height=\"683\" src=\"https:\/\/tourtravelandmore.com\/wp-content\/uploads\/2021\/09\/Quinconces-Square-1024x683.jpg\" alt=\"\" class=\"wp-image-111340\" srcset=\"https:\/\/tourtravelandmore.com\/wp-content\/uploads\/2021\/09\/Quinconces-Square-1024x683.jpg 1024w, https:\/\/tourtravelandmore.com\/wp-content\/uploads\/2021\/09\/Quinconces-Square-300x200.jpg 300w, https:\/\/tourtravelandmore.com\/wp-content\/uploads\/2021\/09\/Quinconces-Square-768x512.jpg 768w, https:\/\/tourtravelandmore.com\/wp-content\/uploads\/2021\/09\/Quinconces-Square-680x453.jpg 680w, https:\/\/tourtravelandmore.com\/wp-content\/uploads\/2021\/09\/Quinconces-Square-595x397.jpg 595w, https:\/\/tourtravelandmore.com\/wp-content\/uploads\/2021\/09\/Quinconces-Square.jpg 1080w\" sizes=\"(max-width: 1024px) 100vw, 1024px\" \/><\/figure>\n\n\n\n<p>Ubicada en Burdeos, ciudad portuaria perteneciente al popularmente conocido pa\u00eds del amor, la Plaza des Quinconces es una de las m\u00e1s grandes de Europa y <strong>la m\u00e1s impresionante de toda Francia. <\/strong>Esta elegante plaza se extiende por 126.000m2 y est\u00e1 adornada con diversas fuentes, varias esculturas y algunos \u00e1rboles. Algo que sobresale en esta importante plaza francesa es su asombroso obelisco, conocido como la columna de Dumilatre y Rich.<\/p>\n\n\n\n<h3 class=\"wp-block-heading\" id=\"h-la-plaza-de-la-libertad-en-kharkiv\"><strong>La Plaza de la Libertad en Kharkiv<\/strong><\/h3>\n\n\n\n<figure class=\"wp-block-image size-large\"><img loading=\"lazy\" decoding=\"async\" width=\"1024\" height=\"683\" src=\"https:\/\/tourtravelandmore.com\/wp-content\/uploads\/2021\/09\/Freedom-Square-in-Kharkiv-1024x683.jpg\" alt=\"\" class=\"wp-image-111316\" srcset=\"https:\/\/tourtravelandmore.com\/wp-content\/uploads\/2021\/09\/Freedom-Square-in-Kharkiv-1024x683.jpg 1024w, https:\/\/tourtravelandmore.com\/wp-content\/uploads\/2021\/09\/Freedom-Square-in-Kharkiv-300x200.jpg 300w, https:\/\/tourtravelandmore.com\/wp-content\/uploads\/2021\/09\/Freedom-Square-in-Kharkiv-768x512.jpg 768w, https:\/\/tourtravelandmore.com\/wp-content\/uploads\/2021\/09\/Freedom-Square-in-Kharkiv-680x453.jpg 680w, https:\/\/tourtravelandmore.com\/wp-content\/uploads\/2021\/09\/Freedom-Square-in-Kharkiv-595x397.jpg 595w, https:\/\/tourtravelandmore.com\/wp-content\/uploads\/2021\/09\/Freedom-Square-in-Kharkiv.jpg 1080w\" sizes=\"(max-width: 1024px) 100vw, 1024px\" \/><\/figure>\n\n\n\n<p>En Kharkiv, la segunda ciudad m\u00e1s grande de Ucrania, se encuentra la Plaza de la Libertad; con sus 119.000m2 de recorrido <strong>es la plaza m\u00e1s grande del pa\u00eds.<\/strong> Su nombre antiguo era Plaza Dzerzinsky, en honor al fundador de la polic\u00eda secreta sovi\u00e9tica. Despu\u00e9s de que Ucrania se independizo de la Uni\u00f3n Sovi\u00e9tica el nombre fue cambiado al de <em>Plaza de la Libertad<\/em>. Este hermoso monumento brilla al m\u00e1ximo de su esplendor al ser iluminada todas las noches.<\/p>\n\n\n\n<h3 class=\"wp-block-heading\" id=\"h-parker-s-piece-en-cambridge\"><strong>Parker\u00b4s Piece en Cambridge<\/strong><\/h3>\n\n\n\n<figure class=\"wp-block-image size-large\"><img loading=\"lazy\" decoding=\"async\" width=\"1024\" height=\"683\" src=\"https:\/\/tourtravelandmore.com\/wp-content\/uploads\/2021\/09\/Parkers-Piece-in-Cambridge-1024x683.jpg\" alt=\"\" class=\"wp-image-111331\" srcset=\"https:\/\/tourtravelandmore.com\/wp-content\/uploads\/2021\/09\/Parkers-Piece-in-Cambridge-1024x683.jpg 1024w, https:\/\/tourtravelandmore.com\/wp-content\/uploads\/2021\/09\/Parkers-Piece-in-Cambridge-300x200.jpg 300w, https:\/\/tourtravelandmore.com\/wp-content\/uploads\/2021\/09\/Parkers-Piece-in-Cambridge-768x512.jpg 768w, https:\/\/tourtravelandmore.com\/wp-content\/uploads\/2021\/09\/Parkers-Piece-in-Cambridge-680x453.jpg 680w, https:\/\/tourtravelandmore.com\/wp-content\/uploads\/2021\/09\/Parkers-Piece-in-Cambridge-595x397.jpg 595w, https:\/\/tourtravelandmore.com\/wp-content\/uploads\/2021\/09\/Parkers-Piece-in-Cambridge.jpg 1080w\" sizes=\"(max-width: 1024px) 100vw, 1024px\" \/><\/figure>\n\n\n\n<p>Es otra de las plazas m\u00e1s grandiosas de Europa y la m\u00e1s grande del Reino Unido. Este lugar es un espacio creado para <strong>ofrecer al visitante el disfrute del deporte<\/strong> junto al acercamiento con la naturaleza. Los grandes espacios verdes invitan a disfrutar sanamente la vida y propician la armon\u00eda del cuerpo y del esp\u00edritu. Adem\u00e1s de su lado fresco y natural, Parker\u00b4s Piece tiene su pasado real y opulento; ya que en el a\u00f1o 1838 la reina Victoria fue coronada all\u00ed.<\/p>\n\n\n\n<h3 class=\"wp-block-heading\" id=\"h-plaza-unirii-en-bucarest\"><strong>Plaza Unirii en Bucarest<\/strong><\/h3>\n\n\n\n<figure class=\"wp-block-image size-large\"><img loading=\"lazy\" decoding=\"async\" width=\"1024\" height=\"683\" src=\"https:\/\/tourtravelandmore.com\/wp-content\/uploads\/2021\/09\/Unirii-Square-in-Bucharest-1024x683.jpg\" alt=\"\" class=\"wp-image-111343\" srcset=\"https:\/\/tourtravelandmore.com\/wp-content\/uploads\/2021\/09\/Unirii-Square-in-Bucharest-1024x683.jpg 1024w, https:\/\/tourtravelandmore.com\/wp-content\/uploads\/2021\/09\/Unirii-Square-in-Bucharest-300x200.jpg 300w, https:\/\/tourtravelandmore.com\/wp-content\/uploads\/2021\/09\/Unirii-Square-in-Bucharest-768x512.jpg 768w, https:\/\/tourtravelandmore.com\/wp-content\/uploads\/2021\/09\/Unirii-Square-in-Bucharest-680x453.jpg 680w, https:\/\/tourtravelandmore.com\/wp-content\/uploads\/2021\/09\/Unirii-Square-in-Bucharest-595x397.jpg 595w, https:\/\/tourtravelandmore.com\/wp-content\/uploads\/2021\/09\/Unirii-Square-in-Bucharest.jpg 1080w\" sizes=\"(max-width: 1024px) 100vw, 1024px\" \/><\/figure>\n\n\n\n<p>Antes conocida como la Plaza Nacional, es una de las plazas m\u00e1s grandes de la hermosa Rumania. Esta plaza se extiende por 97.000m2 y entre sus espacios <strong>exhibe jardines frondosos y extensos.<\/strong> Adem\u00e1s, siguiendo el sendero verde y lineal de la plaza, te acercas a edificaciones impresionantes y de mucha relevancia, como el famoso Palacio del Parlamento. Por eso, si visitas Rumania y est\u00e1s cerca de Bucarest, esc\u00e1pate un rato a la Plaza Unirii.<\/p>\n\n\n\n<h3 class=\"wp-block-heading\" id=\"h-prato-della-valle-en-padua\"><strong>Prato della Valle en Padua<\/strong><\/h3>\n\n\n\n<figure class=\"wp-block-image size-large\"><img loading=\"lazy\" decoding=\"async\" width=\"1024\" height=\"683\" src=\"https:\/\/tourtravelandmore.com\/wp-content\/uploads\/2021\/09\/Prato-della-Valle-en-Padua-1024x683.jpg\" alt=\"\" class=\"wp-image-111337\" srcset=\"https:\/\/tourtravelandmore.com\/wp-content\/uploads\/2021\/09\/Prato-della-Valle-en-Padua-1024x683.jpg 1024w, https:\/\/tourtravelandmore.com\/wp-content\/uploads\/2021\/09\/Prato-della-Valle-en-Padua-300x200.jpg 300w, https:\/\/tourtravelandmore.com\/wp-content\/uploads\/2021\/09\/Prato-della-Valle-en-Padua-768x512.jpg 768w, https:\/\/tourtravelandmore.com\/wp-content\/uploads\/2021\/09\/Prato-della-Valle-en-Padua-680x453.jpg 680w, https:\/\/tourtravelandmore.com\/wp-content\/uploads\/2021\/09\/Prato-della-Valle-en-Padua-595x397.jpg 595w, https:\/\/tourtravelandmore.com\/wp-content\/uploads\/2021\/09\/Prato-della-Valle-en-Padua.jpg 1080w\" sizes=\"(max-width: 1024px) 100vw, 1024px\" \/><\/figure>\n\n\n\n<p>En Padua, una de las ciudades m\u00e1s antiguas de Italia, se encuentra ubicada Prato della Valle; la segunda plaza m\u00e1s grande de la naci\u00f3n y una de las m\u00e1s grandes de Europa. Esta plaza, con forma el\u00edptica, se extiende por 90.000m2 y <strong>posee un peque\u00f1o canal circular de agua.<\/strong> En su centro se ubica una coqueta isla con vegetaci\u00f3n frondosa y verde, junto a m\u00e1s de 78 figuras muy hermosas y elegantes.<\/p>\n\n\n\n<h3 class=\"wp-block-heading\" id=\"h-plaza-de-la-concordia-en-par-s\"><strong>Plaza de la Concordia en Par\u00eds<\/strong><\/h3>\n\n\n\n<figure class=\"wp-block-image size-large\"><img loading=\"lazy\" decoding=\"async\" width=\"1024\" height=\"683\" src=\"https:\/\/tourtravelandmore.com\/wp-content\/uploads\/2021\/09\/lace-de-la-Concorde-in-Paris-1024x683.jpg\" alt=\"\" class=\"wp-image-111325\" srcset=\"https:\/\/tourtravelandmore.com\/wp-content\/uploads\/2021\/09\/lace-de-la-Concorde-in-Paris-1024x683.jpg 1024w, https:\/\/tourtravelandmore.com\/wp-content\/uploads\/2021\/09\/lace-de-la-Concorde-in-Paris-300x200.jpg 300w, https:\/\/tourtravelandmore.com\/wp-content\/uploads\/2021\/09\/lace-de-la-Concorde-in-Paris-768x512.jpg 768w, https:\/\/tourtravelandmore.com\/wp-content\/uploads\/2021\/09\/lace-de-la-Concorde-in-Paris-680x453.jpg 680w, https:\/\/tourtravelandmore.com\/wp-content\/uploads\/2021\/09\/lace-de-la-Concorde-in-Paris-595x397.jpg 595w, https:\/\/tourtravelandmore.com\/wp-content\/uploads\/2021\/09\/lace-de-la-Concorde-in-Paris.jpg 1080w\" sizes=\"(max-width: 1024px) 100vw, 1024px\" \/><\/figure>\n\n\n\n<p>Una de las plazas m\u00e1s grandes y populares de Europa y tambi\u00e9n una zona que guarda 300 a\u00f1os de sucesos hist\u00f3ricos. Sus 86.400m2 fueron testigos de <strong>m\u00e1s de 1.200 ejecuciones durante la \u00e9poca de la revoluci\u00f3n francesa; <\/strong>entre ellas la de Mar\u00eda Antonieta, Luis XVI y Robespierre. Incluso, la plaza ostenta el grandioso obelisco de Luxor, un lugar representativo de los 3000 a\u00f1os de historia francesa. As\u00ed que, si viajas a la ciudad del amor, cuida no perder la cabeza.<\/p>\n","protected":false},"excerpt":{"rendered":"<p>Europa ostenta maravillosas y exclusivas plazas. Hoy detallaremos las 10 plazas m\u00e1s grandes de Europa, que nos deslumbran con sus formas, elementos art\u00edsticos y patrimonio cultural de cada pa\u00eds donde se encuentran.<\/p>\n","protected":false},"author":2,"featured_media":111062,"comment_status":"open","ping_status":"open","sticky":false,"template":"","format":"standard","meta":{"_acf_changed":false,"footnotes":""},"categories":[2903],"tags":[],"class_list":["post-111063","post","type-post","status-publish","format-standard","has-post-thumbnail","hentry","category-europe-es"],"acf":[],"yoast_head":"<!-- This site is optimized with the Yoast SEO Premium plugin v25.3.1 (Yoast SEO v25.3.1) - https:\/\/yoast.com\/wordpress\/plugins\/seo\/ -->\n<title>Las 10 plazas m\u00e1s grandes de Europa - Tourtravel &amp; more<\/title>\n<meta name=\"description\" content=\"\u2705 Las plazas son valiosos espacios p\u00fablicos donde se perciben los aspectos m\u00e1s importantes de una cultura. Conoce las 10 plazas m\u00e1s grandes de Europa \u2705\" \/>\n<meta name=\"robots\" content=\"index, follow, max-snippet:-1, max-image-preview:large, max-video-preview:-1\" \/>\n<link rel=\"canonical\" href=\"https:\/\/tourtravelandmore.com\/es\/las-10-plazas-mas-grandes-de-europa\/\" \/>\n<meta property=\"og:locale\" content=\"es_ES\" \/>\n<meta property=\"og:type\" content=\"article\" \/>\n<meta property=\"og:title\" content=\"Las 10 plazas m\u00e1s grandes de Europa\" \/>\n<meta property=\"og:description\" content=\"\u2705 Las plazas son valiosos espacios p\u00fablicos donde se perciben los aspectos m\u00e1s importantes de una cultura. Conoce las 10 plazas m\u00e1s grandes de Europa \u2705\" \/>\n<meta property=\"og:url\" content=\"https:\/\/tourtravelandmore.com\/es\/las-10-plazas-mas-grandes-de-europa\/\" \/>\n<meta property=\"og:site_name\" content=\"Tour Travel And More\" \/>\n<meta property=\"article:publisher\" content=\"https:\/\/www.facebook.com\/tourtravelandmore\/\" \/>\n<meta property=\"article:published_time\" content=\"2021-09-15T14:48:53+00:00\" \/>\n<meta property=\"article:modified_time\" content=\"2021-09-20T10:37:08+00:00\" \/>\n<meta property=\"og:image\" content=\"https:\/\/tourtravelandmore.com\/wp-content\/uploads\/2021\/09\/Untitled-design-3-1.jpg\" \/>\n\t<meta property=\"og:image:width\" content=\"1400\" \/>\n\t<meta property=\"og:image:height\" content=\"900\" \/>\n\t<meta property=\"og:image:type\" content=\"image\/jpeg\" \/>\n<meta name=\"author\" content=\"Maya Nader Harati\" \/>\n<meta name=\"twitter:card\" content=\"summary_large_image\" \/>\n<meta name=\"twitter:creator\" content=\"@TourTravel_More\" \/>\n<meta name=\"twitter:site\" content=\"@TourTravel_More\" \/>\n<meta name=\"twitter:label1\" content=\"Escrito por\" \/>\n\t<meta name=\"twitter:data1\" content=\"Maya Nader Harati\" \/>\n\t<meta name=\"twitter:label2\" content=\"Tiempo de lectura\" \/>\n\t<meta name=\"twitter:data2\" content=\"6 minutos\" \/>\n<script type=\"application\/ld+json\" class=\"yoast-schema-graph\">{\"@context\":\"https:\/\/schema.org\",\"@graph\":[{\"@type\":\"Article\",\"@id\":\"https:\/\/tourtravelandmore.com\/es\/las-10-plazas-mas-grandes-de-europa\/#article\",\"isPartOf\":{\"@id\":\"https:\/\/tourtravelandmore.com\/es\/las-10-plazas-mas-grandes-de-europa\/\"},\"author\":{\"name\":\"Maya Nader Harati\",\"@id\":\"https:\/\/tourtravelandmore.com\/es\/#\/schema\/person\/2a1c66d76ae9290a394e8efb4af12e1e\"},\"headline\":\"Las 10 plazas m\u00e1s grandes de Europa\",\"datePublished\":\"2021-09-15T14:48:53+00:00\",\"dateModified\":\"2021-09-20T10:37:08+00:00\",\"mainEntityOfPage\":{\"@id\":\"https:\/\/tourtravelandmore.com\/es\/las-10-plazas-mas-grandes-de-europa\/\"},\"wordCount\":1174,\"commentCount\":0,\"publisher\":{\"@id\":\"https:\/\/tourtravelandmore.com\/es\/#organization\"},\"image\":{\"@id\":\"https:\/\/tourtravelandmore.com\/es\/las-10-plazas-mas-grandes-de-europa\/#primaryimage\"},\"thumbnailUrl\":\"https:\/\/tourtravelandmore.com\/wp-content\/uploads\/2021\/09\/Untitled-design-3-1.jpg\",\"articleSection\":[\"Europe\"],\"inLanguage\":\"es\",\"potentialAction\":[{\"@type\":\"CommentAction\",\"name\":\"Comment\",\"target\":[\"https:\/\/tourtravelandmore.com\/es\/las-10-plazas-mas-grandes-de-europa\/#respond\"]}],\"accessibilityFeature\":[\"tableOfContents\"]},{\"@type\":\"WebPage\",\"@id\":\"https:\/\/tourtravelandmore.com\/es\/las-10-plazas-mas-grandes-de-europa\/\",\"url\":\"https:\/\/tourtravelandmore.com\/es\/las-10-plazas-mas-grandes-de-europa\/\",\"name\":\"Las 10 plazas m\u00e1s grandes de Europa - Tourtravel & more\",\"isPartOf\":{\"@id\":\"https:\/\/tourtravelandmore.com\/es\/#website\"},\"primaryImageOfPage\":{\"@id\":\"https:\/\/tourtravelandmore.com\/es\/las-10-plazas-mas-grandes-de-europa\/#primaryimage\"},\"image\":{\"@id\":\"https:\/\/tourtravelandmore.com\/es\/las-10-plazas-mas-grandes-de-europa\/#primaryimage\"},\"thumbnailUrl\":\"https:\/\/tourtravelandmore.com\/wp-content\/uploads\/2021\/09\/Untitled-design-3-1.jpg\",\"datePublished\":\"2021-09-15T14:48:53+00:00\",\"dateModified\":\"2021-09-20T10:37:08+00:00\",\"description\":\"\u2705 Las plazas son valiosos espacios p\u00fablicos donde se perciben los aspectos m\u00e1s importantes de una cultura. Conoce las 10 plazas m\u00e1s grandes de Europa \u2705\",\"breadcrumb\":{\"@id\":\"https:\/\/tourtravelandmore.com\/es\/las-10-plazas-mas-grandes-de-europa\/#breadcrumb\"},\"inLanguage\":\"es\",\"potentialAction\":[{\"@type\":\"ReadAction\",\"target\":[\"https:\/\/tourtravelandmore.com\/es\/las-10-plazas-mas-grandes-de-europa\/\"]}]},{\"@type\":\"ImageObject\",\"inLanguage\":\"es\",\"@id\":\"https:\/\/tourtravelandmore.com\/es\/las-10-plazas-mas-grandes-de-europa\/#primaryimage\",\"url\":\"https:\/\/tourtravelandmore.com\/wp-content\/uploads\/2021\/09\/Untitled-design-3-1.jpg\",\"contentUrl\":\"https:\/\/tourtravelandmore.com\/wp-content\/uploads\/2021\/09\/Untitled-design-3-1.jpg\",\"width\":1400,\"height\":900},{\"@type\":\"BreadcrumbList\",\"@id\":\"https:\/\/tourtravelandmore.com\/es\/las-10-plazas-mas-grandes-de-europa\/#breadcrumb\",\"itemListElement\":[{\"@type\":\"ListItem\",\"position\":1,\"name\":\"Home\",\"item\":\"https:\/\/tourtravelandmore.com\/es\/\"},{\"@type\":\"ListItem\",\"position\":2,\"name\":\"Las 10 plazas m\u00e1s grandes de Europa\"}]},{\"@type\":\"WebSite\",\"@id\":\"https:\/\/tourtravelandmore.com\/es\/#website\",\"url\":\"https:\/\/tourtravelandmore.com\/es\/\",\"name\":\"Tour Travel And More\",\"description\":\"Private sightseeing tours and luxury transfers in Spain\",\"publisher\":{\"@id\":\"https:\/\/tourtravelandmore.com\/es\/#organization\"},\"potentialAction\":[{\"@type\":\"SearchAction\",\"target\":{\"@type\":\"EntryPoint\",\"urlTemplate\":\"https:\/\/tourtravelandmore.com\/es\/?s={search_term_string}\"},\"query-input\":{\"@type\":\"PropertyValueSpecification\",\"valueRequired\":true,\"valueName\":\"search_term_string\"}}],\"inLanguage\":\"es\"},{\"@type\":\"Organization\",\"@id\":\"https:\/\/tourtravelandmore.com\/es\/#organization\",\"name\":\"Tour Travel And More\",\"url\":\"https:\/\/tourtravelandmore.com\/es\/\",\"logo\":{\"@type\":\"ImageObject\",\"inLanguage\":\"es\",\"@id\":\"https:\/\/tourtravelandmore.com\/es\/#\/schema\/logo\/image\/\",\"url\":\"https:\/\/tourtravelandmore.com\/wp-content\/uploads\/2022\/12\/cropped-logo-cabecera-new.png\",\"contentUrl\":\"https:\/\/tourtravelandmore.com\/wp-content\/uploads\/2022\/12\/cropped-logo-cabecera-new.png\",\"width\":430,\"height\":61,\"caption\":\"Tour Travel And More\"},\"image\":{\"@id\":\"https:\/\/tourtravelandmore.com\/es\/#\/schema\/logo\/image\/\"},\"sameAs\":[\"https:\/\/www.facebook.com\/tourtravelandmore\/\",\"https:\/\/x.com\/TourTravel_More\"]},{\"@type\":\"Person\",\"@id\":\"https:\/\/tourtravelandmore.com\/es\/#\/schema\/person\/2a1c66d76ae9290a394e8efb4af12e1e\",\"name\":\"Maya Nader Harati\",\"image\":{\"@type\":\"ImageObject\",\"inLanguage\":\"es\",\"@id\":\"https:\/\/tourtravelandmore.com\/es\/#\/schema\/person\/image\/\",\"url\":\"https:\/\/secure.gravatar.com\/avatar\/adc2305883b6f86a616354c0c4516fcd9a333d5f5a0806d9d1ae9b30f898fa1f?s=96&d=mm&r=g\",\"contentUrl\":\"https:\/\/secure.gravatar.com\/avatar\/adc2305883b6f86a616354c0c4516fcd9a333d5f5a0806d9d1ae9b30f898fa1f?s=96&d=mm&r=g\",\"caption\":\"Maya Nader Harati\"},\"description\":\"Cultural Destination Specialist & Travel Chronicler. Maya doesn\u2019t just travel the world; she translates it.\",\"sameAs\":[\"https:\/\/tourtravelandmore.com\/author-profile-maya-nader-harati\/\"]}]}<\/script>\n<!-- \/ Yoast SEO Premium plugin. -->","yoast_head_json":{"title":"Las 10 plazas m\u00e1s grandes de Europa - Tourtravel & more","description":"\u2705 Las plazas son valiosos espacios p\u00fablicos donde se perciben los aspectos m\u00e1s importantes de una cultura. Conoce las 10 plazas m\u00e1s grandes de Europa \u2705","robots":{"index":"index","follow":"follow","max-snippet":"max-snippet:-1","max-image-preview":"max-image-preview:large","max-video-preview":"max-video-preview:-1"},"canonical":"https:\/\/tourtravelandmore.com\/es\/las-10-plazas-mas-grandes-de-europa\/","og_locale":"es_ES","og_type":"article","og_title":"Las 10 plazas m\u00e1s grandes de Europa","og_description":"\u2705 Las plazas son valiosos espacios p\u00fablicos donde se perciben los aspectos m\u00e1s importantes de una cultura. Conoce las 10 plazas m\u00e1s grandes de Europa \u2705","og_url":"https:\/\/tourtravelandmore.com\/es\/las-10-plazas-mas-grandes-de-europa\/","og_site_name":"Tour Travel And More","article_publisher":"https:\/\/www.facebook.com\/tourtravelandmore\/","article_published_time":"2021-09-15T14:48:53+00:00","article_modified_time":"2021-09-20T10:37:08+00:00","og_image":[{"width":1400,"height":900,"url":"https:\/\/tourtravelandmore.com\/wp-content\/uploads\/2021\/09\/Untitled-design-3-1.jpg","type":"image\/jpeg"}],"author":"Maya Nader Harati","twitter_card":"summary_large_image","twitter_creator":"@TourTravel_More","twitter_site":"@TourTravel_More","twitter_misc":{"Escrito por":"Maya Nader Harati","Tiempo de lectura":"6 minutos"},"schema":{"@context":"https:\/\/schema.org","@graph":[{"@type":"Article","@id":"https:\/\/tourtravelandmore.com\/es\/las-10-plazas-mas-grandes-de-europa\/#article","isPartOf":{"@id":"https:\/\/tourtravelandmore.com\/es\/las-10-plazas-mas-grandes-de-europa\/"},"author":{"name":"Maya Nader Harati","@id":"https:\/\/tourtravelandmore.com\/es\/#\/schema\/person\/2a1c66d76ae9290a394e8efb4af12e1e"},"headline":"Las 10 plazas m\u00e1s grandes de Europa","datePublished":"2021-09-15T14:48:53+00:00","dateModified":"2021-09-20T10:37:08+00:00","mainEntityOfPage":{"@id":"https:\/\/tourtravelandmore.com\/es\/las-10-plazas-mas-grandes-de-europa\/"},"wordCount":1174,"commentCount":0,"publisher":{"@id":"https:\/\/tourtravelandmore.com\/es\/#organization"},"image":{"@id":"https:\/\/tourtravelandmore.com\/es\/las-10-plazas-mas-grandes-de-europa\/#primaryimage"},"thumbnailUrl":"https:\/\/tourtravelandmore.com\/wp-content\/uploads\/2021\/09\/Untitled-design-3-1.jpg","articleSection":["Europe"],"inLanguage":"es","potentialAction":[{"@type":"CommentAction","name":"Comment","target":["https:\/\/tourtravelandmore.com\/es\/las-10-plazas-mas-grandes-de-europa\/#respond"]}],"accessibilityFeature":["tableOfContents"]},{"@type":"WebPage","@id":"https:\/\/tourtravelandmore.com\/es\/las-10-plazas-mas-grandes-de-europa\/","url":"https:\/\/tourtravelandmore.com\/es\/las-10-plazas-mas-grandes-de-europa\/","name":"Las 10 plazas m\u00e1s grandes de Europa - Tourtravel & more","isPartOf":{"@id":"https:\/\/tourtravelandmore.com\/es\/#website"},"primaryImageOfPage":{"@id":"https:\/\/tourtravelandmore.com\/es\/las-10-plazas-mas-grandes-de-europa\/#primaryimage"},"image":{"@id":"https:\/\/tourtravelandmore.com\/es\/las-10-plazas-mas-grandes-de-europa\/#primaryimage"},"thumbnailUrl":"https:\/\/tourtravelandmore.com\/wp-content\/uploads\/2021\/09\/Untitled-design-3-1.jpg","datePublished":"2021-09-15T14:48:53+00:00","dateModified":"2021-09-20T10:37:08+00:00","description":"\u2705 Las plazas son valiosos espacios p\u00fablicos donde se perciben los aspectos m\u00e1s importantes de una cultura. Conoce las 10 plazas m\u00e1s grandes de Europa \u2705","breadcrumb":{"@id":"https:\/\/tourtravelandmore.com\/es\/las-10-plazas-mas-grandes-de-europa\/#breadcrumb"},"inLanguage":"es","potentialAction":[{"@type":"ReadAction","target":["https:\/\/tourtravelandmore.com\/es\/las-10-plazas-mas-grandes-de-europa\/"]}]},{"@type":"ImageObject","inLanguage":"es","@id":"https:\/\/tourtravelandmore.com\/es\/las-10-plazas-mas-grandes-de-europa\/#primaryimage","url":"https:\/\/tourtravelandmore.com\/wp-content\/uploads\/2021\/09\/Untitled-design-3-1.jpg","contentUrl":"https:\/\/tourtravelandmore.com\/wp-content\/uploads\/2021\/09\/Untitled-design-3-1.jpg","width":1400,"height":900},{"@type":"BreadcrumbList","@id":"https:\/\/tourtravelandmore.com\/es\/las-10-plazas-mas-grandes-de-europa\/#breadcrumb","itemListElement":[{"@type":"ListItem","position":1,"name":"Home","item":"https:\/\/tourtravelandmore.com\/es\/"},{"@type":"ListItem","position":2,"name":"Las 10 plazas m\u00e1s grandes de Europa"}]},{"@type":"WebSite","@id":"https:\/\/tourtravelandmore.com\/es\/#website","url":"https:\/\/tourtravelandmore.com\/es\/","name":"Tour Travel And More","description":"Private sightseeing tours and luxury transfers in Spain","publisher":{"@id":"https:\/\/tourtravelandmore.com\/es\/#organization"},"potentialAction":[{"@type":"SearchAction","target":{"@type":"EntryPoint","urlTemplate":"https:\/\/tourtravelandmore.com\/es\/?s={search_term_string}"},"query-input":{"@type":"PropertyValueSpecification","valueRequired":true,"valueName":"search_term_string"}}],"inLanguage":"es"},{"@type":"Organization","@id":"https:\/\/tourtravelandmore.com\/es\/#organization","name":"Tour Travel And More","url":"https:\/\/tourtravelandmore.com\/es\/","logo":{"@type":"ImageObject","inLanguage":"es","@id":"https:\/\/tourtravelandmore.com\/es\/#\/schema\/logo\/image\/","url":"https:\/\/tourtravelandmore.com\/wp-content\/uploads\/2022\/12\/cropped-logo-cabecera-new.png","contentUrl":"https:\/\/tourtravelandmore.com\/wp-content\/uploads\/2022\/12\/cropped-logo-cabecera-new.png","width":430,"height":61,"caption":"Tour Travel And More"},"image":{"@id":"https:\/\/tourtravelandmore.com\/es\/#\/schema\/logo\/image\/"},"sameAs":["https:\/\/www.facebook.com\/tourtravelandmore\/","https:\/\/x.com\/TourTravel_More"]},{"@type":"Person","@id":"https:\/\/tourtravelandmore.com\/es\/#\/schema\/person\/2a1c66d76ae9290a394e8efb4af12e1e","name":"Maya Nader Harati","image":{"@type":"ImageObject","inLanguage":"es","@id":"https:\/\/tourtravelandmore.com\/es\/#\/schema\/person\/image\/","url":"https:\/\/secure.gravatar.com\/avatar\/adc2305883b6f86a616354c0c4516fcd9a333d5f5a0806d9d1ae9b30f898fa1f?s=96&d=mm&r=g","contentUrl":"https:\/\/secure.gravatar.com\/avatar\/adc2305883b6f86a616354c0c4516fcd9a333d5f5a0806d9d1ae9b30f898fa1f?s=96&d=mm&r=g","caption":"Maya Nader Harati"},"description":"Cultural Destination Specialist & Travel Chronicler. Maya doesn\u2019t just travel the world; she translates it.","sameAs":["https:\/\/tourtravelandmore.com\/author-profile-maya-nader-harati\/"]}]}},"_links":{"self":[{"href":"https:\/\/tourtravelandmore.com\/es\/wp-json\/wp\/v2\/posts\/111063","targetHints":{"allow":["GET"]}}],"collection":[{"href":"https:\/\/tourtravelandmore.com\/es\/wp-json\/wp\/v2\/posts"}],"about":[{"href":"https:\/\/tourtravelandmore.com\/es\/wp-json\/wp\/v2\/types\/post"}],"author":[{"embeddable":true,"href":"https:\/\/tourtravelandmore.com\/es\/wp-json\/wp\/v2\/users\/2"}],"replies":[{"embeddable":true,"href":"https:\/\/tourtravelandmore.com\/es\/wp-json\/wp\/v2\/comments?post=111063"}],"version-history":[{"count":0,"href":"https:\/\/tourtravelandmore.com\/es\/wp-json\/wp\/v2\/posts\/111063\/revisions"}],"wp:featuredmedia":[{"embeddable":true,"href":"https:\/\/tourtravelandmore.com\/es\/wp-json\/wp\/v2\/media\/111062"}],"wp:attachment":[{"href":"https:\/\/tourtravelandmore.com\/es\/wp-json\/wp\/v2\/media?parent=111063"}],"wp:term":[{"taxonomy":"category","embeddable":true,"href":"https:\/\/tourtravelandmore.com\/es\/wp-json\/wp\/v2\/categories?post=111063"},{"taxonomy":"post_tag","embeddable":true,"href":"https:\/\/tourtravelandmore.com\/es\/wp-json\/wp\/v2\/tags?post=111063"}],"curies":[{"name":"wp","href":"https:\/\/api.w.org\/{rel}","templated":true}]}}